{"id":345306,"date":"2014-09-09T00:00:00","date_gmt":"2014-09-09T04:00:00","guid":{"rendered":"https:\/\/casadecampoliving.com\/anuncian-proximos-exaltados-del-salon-de-la-fama-del-baseball-latino\/"},"modified":"2022-10-21T18:58:32","modified_gmt":"2022-10-21T22:58:32","slug":"anuncian-proximos-exaltados-del-salon-de-la-fama-del-baseball-latino","status":"publish","type":"post","link":"https:\/\/casadecampoliving.com\/es\/anuncian-proximos-exaltados-del-salon-de-la-fama-del-baseball-latino\/","title":{"rendered":"Anuncian pr\u00f3ximos exaltados del Sal\u00f3n de la Fama del B\u00e9isbol Latino"},"content":{"rendered":"<div class=\"wp-block-image\">\n<figure class=\"aligncenter is-resized\"><img loading=\"lazy\" decoding=\"async\" src=\"https:\/\/i0.wp.com\/casadecampoliving.com\/wp-content\/uploads\/2022\/10\/baseball_hall_fame.jpg?resize=650%2C433&amp;ssl=1\" alt=\"baseball_hall_fame\" class=\"wp-image-97068\" height=\"433\" width=\"650\"\/><\/figure>\n<\/div>\n\n\n<p>El pasado viernes 5 de Septiembre, El Sal\u00f3n de la Fama del B\u00e9isbol Latino anunci\u00f3 las pr\u00f3ximas luminarias de la Clase 2015 que ser\u00e1n exaltadas en febrero en el anfiteatro Altos de Chav\u00f3n.<\/p>\n\n\n\n<!--more-->\n\n\n\n<p>En el famoso Studio 42 de la Major League Network&nbsp;en Nueva York, Tony Fern\u00e1ndez, una luminaria de la Clase 2013 del Sal\u00f3n de la Fama del Baseball Latino y Manny Acta, Analista Deportivo y actualmente el Gerente General del equipo dominicano de baseball, Tigres del Licey, \u00a1anunciaron con mucho orgullo y entusiasmo a los miembros de la Clase del 2015! Los 10 futuros miembros del Sal\u00f3n de la Fama del B\u00e9isbol Latino ser\u00e1n inducidos oficialmente en la ceremonia de exaltaci\u00f3n programada para el s\u00e1bado 7 de febrero del 2015, en el Anfiteatro Altos de Altos de Chav\u00f3n.<\/p>\n\n\n\n<h3 class=\"wp-block-heading\">Sal\u00f3n de la Fama del B\u00e9isbol Latino: Clase 2015<\/h3>\n\n\n\n<p><strong>Contempor\u00e1neos: <\/strong><\/p>\n\n\n\n<p>Ozzie Guill\u00e9n (Venezolano)<\/p>\n\n\n\n<p>Roberto Kelly (Paname\u00f1o)<\/p>\n\n\n\n<p>Nomar Garc\u00edaparra (Mexicano)<\/p>\n\n\n\n<p>Carlos Delgado (Puertorrique\u00f1o)<\/p>\n\n\n\n<p>Luis Gonz\u00e1lez (Cubano)<\/p>\n\n\n\n<p>Pedro Mart\u00ednez (Dominicano)<\/p>\n\n\n\n<p><strong>Veteranos:<\/strong><\/p>\n\n\n\n<p>Luis Saint Claire (Dominicano)<\/p>\n\n\n\n<p>Jos\u00e9 Carrao Bracho (Venezolano)<\/p>\n\n\n\n<p>Francisco Estrada (Mexicano)<\/p>\n\n\n\n<p>Pedro Cepeda (Puertorrique\u00f1o)<\/p>\n\n\n\n<p>Las futuras luminarias, Carlos Delgado, Luis Gonz\u00e1lez y Roberto Kelly estuvieron presentes en el Studio 42 para el grandioso anunci\u00f3, mientras que Pedro Mart\u00ednez, Nomar Garciaparra y Ozzie Guill\u00e9n fueron entrevistados online.<\/p>\n\n\n\n<p>\u00a1Anote&nbsp;la fecha! No olvide que el 7 de febrero, \u00a1el Sal\u00f3n de la Fama del B\u00e9isbol Latino inducir\u00e1 estas luminarias del B\u00e9isbol latino en la ceremonia del anfiteatro Altos de Chav\u00f3n!<\/p>\n","protected":false},"excerpt":{"rendered":"<p>El pasado viernes 5 de Septiembre, El Sal\u00f3n de la Fama del B\u00e9isbol Latino anunci\u00f3 las pr\u00f3ximas luminarias de la Clase 2015 que ser\u00e1n exaltadas en febrero en el anfiteatro Altos de Chav\u00f3n.<\/p>\n","protected":false},"author":22010,"featured_media":274397,"comment_status":"closed","ping_status":"closed","sticky":false,"template":"","format":"standard","meta":{"newspack_ads_suppress_ads":false,"newspack_popups_has_disabled_popups":false,"newspack_sponsor_sponsorship_scope":"","newspack_sponsor_native_byline_display":"inherit","newspack_sponsor_native_category_display":"inherit","newspack_sponsor_underwriter_style":"inherit","newspack_sponsor_underwriter_placement":"inherit","_newspack_byline_active":false,"_newspack_byline":"","newspack_hide_updated_date":false,"newspack_show_updated_date":false,"newspack_content_restriction_is_exempt":false,"newspack_featured_image_position":"","newspack_post_subtitle":"","newspack_article_summary_title":"Overview:","newspack_article_summary":"","_jetpack_memberships_contains_paid_content":false,"footnotes":"","jetpack_publicize_message":"","jetpack_publicize_feature_enabled":true,"jetpack_social_post_already_shared":false,"jetpack_social_options":{"image_generator_settings":{"template":"highway","default_image_id":0,"font":"","enabled":false},"version":2},"_wpas_customize_per_network":false},"categories":[26819,26823,26936,26951,2525,14631,2522,14625,14627,2521,26822,2526],"tags":[15387,3583],"newspack_spnsrs_tax":[],"class_list":["post-345306","post","type-post","status-publish","format-standard","has-post-thumbnail","hentry","category-altos-de-chavon-es","category-arte-y-cultura","category-casa-de-campo-living-es","category-ccl-presenta","category-golf-deportes-es","category-estilo-de-vida","category-eventos-es","category-noticias-locales","category-proximamente","category-republica-dominicana-2","category-resort-casa-de-campo","category-titulares-es","tag-altos-de-chavon-es","tag-grandes-ligas","entry"],"yoast_head":"<!-- This site is optimized with the Yoast SEO plugin v27.5 - https:\/\/yoast.com\/product\/yoast-seo-wordpress\/ -->\n<title>Anuncian pr\u00f3ximos exaltados del Sal\u00f3n de la Fama del B\u00e9isbol Latino | Casa de Campo Living<\/title>\n<meta name=\"description\" content=\"El pasado viernes 5 de Septiembre, El Sal\u00f3n de la Fama del B\u00e9isbol Latino anunci\u00f3 las pr\u00f3ximas luminarias de la Clase 2015 que ser\u00e1n exaltadas en febrero\" \/>\n<meta name=\"robots\" content=\"index, follow, max-snippet:-1, max-image-preview:large, max-video-preview:-1\" \/>\n<link rel=\"canonical\" href=\"https:\/\/casadecampoliving.com\/es\/anuncian-proximos-exaltados-del-salon-de-la-fama-del-baseball-latino\/\" \/>\n<meta property=\"og:locale\" content=\"es_ES\" \/>\n<meta property=\"og:type\" content=\"article\" \/>\n<meta property=\"og:title\" content=\"Anuncian pr\u00f3ximos exaltados del Sal\u00f3n de la Fama del B\u00e9isbol Latino | Casa de Campo Living\" \/>\n<meta property=\"og:description\" content=\"El pasado viernes 5 de Septiembre, El Sal\u00f3n de la Fama del B\u00e9isbol Latino anunci\u00f3 las pr\u00f3ximas luminarias de la Clase 2015 que ser\u00e1n exaltadas en febrero\" \/>\n<meta property=\"og:url\" content=\"https:\/\/casadecampoliving.com\/es\/anuncian-proximos-exaltados-del-salon-de-la-fama-del-baseball-latino\/\" \/>\n<meta property=\"og:site_name\" content=\"Casa de Campo Living\" \/>\n<meta property=\"article:publisher\" content=\"https:\/\/www.facebook.com\/casadecampoliving\" \/>\n<meta property=\"article:published_time\" content=\"2014-09-09T04:00:00+00:00\" \/>\n<meta property=\"article:modified_time\" content=\"2022-10-21T22:58:32+00:00\" \/>\n<meta property=\"og:image\" content=\"https:\/\/i0.wp.com\/casadecampoliving.com\/wp-content\/uploads\/2022\/10\/baseball_hall_fame-1.jpg?fit=960%2C640&ssl=1\" \/>\n\t<meta property=\"og:image:width\" content=\"960\" \/>\n\t<meta property=\"og:image:height\" content=\"640\" \/>\n\t<meta property=\"og:image:type\" content=\"image\/jpeg\" \/>\n<meta name=\"author\" content=\"Maria Isabel B\u00e1ez\" \/>\n<meta name=\"twitter:card\" content=\"summary_large_image\" \/>\n<meta name=\"twitter:creator\" content=\"@cdcliving\" \/>\n<meta name=\"twitter:site\" content=\"@cdcliving\" \/>\n<meta name=\"twitter:label1\" content=\"Escrito por\" \/>\n\t<meta name=\"twitter:data1\" content=\"Maria Isabel B\u00e1ez\" \/>\n\t<meta name=\"twitter:label2\" content=\"Tiempo de lectura\" \/>\n\t<meta name=\"twitter:data2\" content=\"1 minuto\" \/>\n<script type=\"application\/ld+json\" class=\"yoast-schema-graph\">{\"@context\":\"https:\\\/\\\/schema.org\",\"@graph\":[{\"@type\":\"Article\",\"@id\":\"https:\\\/\\\/casadecampoliving.com\\\/es\\\/anuncian-proximos-exaltados-del-salon-de-la-fama-del-baseball-latino\\\/#article\",\"isPartOf\":{\"@id\":\"https:\\\/\\\/casadecampoliving.com\\\/es\\\/anuncian-proximos-exaltados-del-salon-de-la-fama-del-baseball-latino\\\/\"},\"author\":{\"name\":\"Maria Isabel B\u00e1ez\",\"@id\":\"https:\\\/\\\/casadecampoliving.com\\\/es\\\/#\\\/schema\\\/person\\\/8fc218930d06cbe215cf6c4fc64caa11\"},\"headline\":\"Anuncian pr\u00f3ximos exaltados del Sal\u00f3n de la Fama del B\u00e9isbol Latino\",\"datePublished\":\"2014-09-09T04:00:00+00:00\",\"dateModified\":\"2022-10-21T22:58:32+00:00\",\"mainEntityOfPage\":{\"@id\":\"https:\\\/\\\/casadecampoliving.com\\\/es\\\/anuncian-proximos-exaltados-del-salon-de-la-fama-del-baseball-latino\\\/\"},\"wordCount\":273,\"publisher\":{\"@id\":\"https:\\\/\\\/casadecampoliving.com\\\/es\\\/#organization\"},\"image\":{\"@id\":\"https:\\\/\\\/casadecampoliving.com\\\/es\\\/anuncian-proximos-exaltados-del-salon-de-la-fama-del-baseball-latino\\\/#primaryimage\"},\"thumbnailUrl\":\"https:\\\/\\\/i0.wp.com\\\/casadecampoliving.com\\\/wp-content\\\/uploads\\\/2022\\\/10\\\/baseball_hall_fame-1.jpg?fit=960%2C640&ssl=1\",\"keywords\":[\"Altos de Chavon\",\"grandes ligas\"],\"articleSection\":[\"Altos de Chavon @es\",\"Arte y cultura\",\"Casa de Campo Living @es\",\"CCL presenta\",\"Deportes\",\"Estilo de Vida\",\"Eventos\",\"Noticias Locales\",\"Proximamente\",\"Rep\u00fablica Dominicana @es\",\"Resort Casa de Campo\",\"Titulares\"],\"inLanguage\":\"es\"},{\"@type\":\"WebPage\",\"@id\":\"https:\\\/\\\/casadecampoliving.com\\\/es\\\/anuncian-proximos-exaltados-del-salon-de-la-fama-del-baseball-latino\\\/\",\"url\":\"https:\\\/\\\/casadecampoliving.com\\\/es\\\/anuncian-proximos-exaltados-del-salon-de-la-fama-del-baseball-latino\\\/\",\"name\":\"Anuncian pr\u00f3ximos exaltados del Sal\u00f3n de la Fama del B\u00e9isbol Latino | Casa de Campo Living\",\"isPartOf\":{\"@id\":\"https:\\\/\\\/casadecampoliving.com\\\/es\\\/#website\"},\"primaryImageOfPage\":{\"@id\":\"https:\\\/\\\/casadecampoliving.com\\\/es\\\/anuncian-proximos-exaltados-del-salon-de-la-fama-del-baseball-latino\\\/#primaryimage\"},\"image\":{\"@id\":\"https:\\\/\\\/casadecampoliving.com\\\/es\\\/anuncian-proximos-exaltados-del-salon-de-la-fama-del-baseball-latino\\\/#primaryimage\"},\"thumbnailUrl\":\"https:\\\/\\\/i0.wp.com\\\/casadecampoliving.com\\\/wp-content\\\/uploads\\\/2022\\\/10\\\/baseball_hall_fame-1.jpg?fit=960%2C640&ssl=1\",\"datePublished\":\"2014-09-09T04:00:00+00:00\",\"dateModified\":\"2022-10-21T22:58:32+00:00\",\"description\":\"El pasado viernes 5 de Septiembre, El Sal\u00f3n de la Fama del B\u00e9isbol Latino anunci\u00f3 las pr\u00f3ximas luminarias de la Clase 2015 que ser\u00e1n exaltadas en febrero\",\"breadcrumb\":{\"@id\":\"https:\\\/\\\/casadecampoliving.com\\\/es\\\/anuncian-proximos-exaltados-del-salon-de-la-fama-del-baseball-latino\\\/#breadcrumb\"},\"inLanguage\":\"es\",\"potentialAction\":[{\"@type\":\"ReadAction\",\"target\":[\"https:\\\/\\\/casadecampoliving.com\\\/es\\\/anuncian-proximos-exaltados-del-salon-de-la-fama-del-baseball-latino\\\/\"]}]},{\"@type\":\"ImageObject\",\"inLanguage\":\"es\",\"@id\":\"https:\\\/\\\/casadecampoliving.com\\\/es\\\/anuncian-proximos-exaltados-del-salon-de-la-fama-del-baseball-latino\\\/#primaryimage\",\"url\":\"https:\\\/\\\/i0.wp.com\\\/casadecampoliving.com\\\/wp-content\\\/uploads\\\/2022\\\/10\\\/baseball_hall_fame-1.jpg?fit=960%2C640&ssl=1\",\"contentUrl\":\"https:\\\/\\\/i0.wp.com\\\/casadecampoliving.com\\\/wp-content\\\/uploads\\\/2022\\\/10\\\/baseball_hall_fame-1.jpg?fit=960%2C640&ssl=1\",\"width\":960,\"height\":640},{\"@type\":\"BreadcrumbList\",\"@id\":\"https:\\\/\\\/casadecampoliving.com\\\/es\\\/anuncian-proximos-exaltados-del-salon-de-la-fama-del-baseball-latino\\\/#breadcrumb\",\"itemListElement\":[{\"@type\":\"ListItem\",\"position\":1,\"name\":\"Home\",\"item\":\"https:\\\/\\\/casadecampoliving.com\\\/es\\\/\"},{\"@type\":\"ListItem\",\"position\":2,\"name\":\"Anuncian pr\u00f3ximos exaltados del Sal\u00f3n de la Fama del B\u00e9isbol Latino\"}]},{\"@type\":\"WebSite\",\"@id\":\"https:\\\/\\\/casadecampoliving.com\\\/es\\\/#website\",\"url\":\"https:\\\/\\\/casadecampoliving.com\\\/es\\\/\",\"name\":\"Casa de Campo Living\",\"description\":\"Resort community news and resources.\",\"publisher\":{\"@id\":\"https:\\\/\\\/casadecampoliving.com\\\/es\\\/#organization\"},\"potentialAction\":[{\"@type\":\"SearchAction\",\"target\":{\"@type\":\"EntryPoint\",\"urlTemplate\":\"https:\\\/\\\/casadecampoliving.com\\\/es\\\/?s={search_term_string}\"},\"query-input\":{\"@type\":\"PropertyValueSpecification\",\"valueRequired\":true,\"valueName\":\"search_term_string\"}}],\"inLanguage\":\"es\"},{\"@type\":\"Organization\",\"@id\":\"https:\\\/\\\/casadecampoliving.com\\\/es\\\/#organization\",\"name\":\"Casa de Campo Living\",\"url\":\"https:\\\/\\\/casadecampoliving.com\\\/es\\\/\",\"logo\":{\"@type\":\"ImageObject\",\"inLanguage\":\"es\",\"@id\":\"https:\\\/\\\/casadecampoliving.com\\\/es\\\/#\\\/schema\\\/logo\\\/image\\\/\",\"url\":\"https:\\\/\\\/i0.wp.com\\\/casadecampoliving.com\\\/wp-content\\\/uploads\\\/2022\\\/07\\\/CDCLivingLogo_V1-white-sized.png?fit=800%2C214&ssl=1\",\"contentUrl\":\"https:\\\/\\\/i0.wp.com\\\/casadecampoliving.com\\\/wp-content\\\/uploads\\\/2022\\\/07\\\/CDCLivingLogo_V1-white-sized.png?fit=800%2C214&ssl=1\",\"width\":800,\"height\":214,\"caption\":\"Casa de Campo Living\"},\"image\":{\"@id\":\"https:\\\/\\\/casadecampoliving.com\\\/es\\\/#\\\/schema\\\/logo\\\/image\\\/\"},\"sameAs\":[\"https:\\\/\\\/www.facebook.com\\\/casadecampoliving\",\"https:\\\/\\\/x.com\\\/cdcliving\"]},{\"@type\":\"Person\",\"@id\":\"https:\\\/\\\/casadecampoliving.com\\\/es\\\/#\\\/schema\\\/person\\\/8fc218930d06cbe215cf6c4fc64caa11\",\"name\":\"Maria Isabel B\u00e1ez\",\"image\":{\"@type\":\"ImageObject\",\"inLanguage\":\"es\",\"@id\":\"https:\\\/\\\/secure.gravatar.com\\\/avatar\\\/d6e25af8826ab9ae04e6fcc864034c13600a3a03fc45e4bd8fe7ab8c4d289c2a?s=96&d=mm&r=g\",\"url\":\"https:\\\/\\\/secure.gravatar.com\\\/avatar\\\/d6e25af8826ab9ae04e6fcc864034c13600a3a03fc45e4bd8fe7ab8c4d289c2a?s=96&d=mm&r=g\",\"contentUrl\":\"https:\\\/\\\/secure.gravatar.com\\\/avatar\\\/d6e25af8826ab9ae04e6fcc864034c13600a3a03fc45e4bd8fe7ab8c4d289c2a?s=96&d=mm&r=g\",\"caption\":\"Maria Isabel B\u00e1ez\"},\"url\":\"https:\\\/\\\/casadecampoliving.com\\\/es\\\/author\\\/mbaez\\\/\"}]}<\/script>\n<!-- \/ Yoast SEO plugin. -->","yoast_head_json":{"title":"Anuncian pr\u00f3ximos exaltados del Sal\u00f3n de la Fama del B\u00e9isbol Latino | Casa de Campo Living","description":"El pasado viernes 5 de Septiembre, El Sal\u00f3n de la Fama del B\u00e9isbol Latino anunci\u00f3 las pr\u00f3ximas luminarias de la Clase 2015 que ser\u00e1n exaltadas en febrero","robots":{"index":"index","follow":"follow","max-snippet":"max-snippet:-1","max-image-preview":"max-image-preview:large","max-video-preview":"max-video-preview:-1"},"canonical":"https:\/\/casadecampoliving.com\/es\/anuncian-proximos-exaltados-del-salon-de-la-fama-del-baseball-latino\/","og_locale":"es_ES","og_type":"article","og_title":"Anuncian pr\u00f3ximos exaltados del Sal\u00f3n de la Fama del B\u00e9isbol Latino | Casa de Campo Living","og_description":"El pasado viernes 5 de Septiembre, El Sal\u00f3n de la Fama del B\u00e9isbol Latino anunci\u00f3 las pr\u00f3ximas luminarias de la Clase 2015 que ser\u00e1n exaltadas en febrero","og_url":"https:\/\/casadecampoliving.com\/es\/anuncian-proximos-exaltados-del-salon-de-la-fama-del-baseball-latino\/","og_site_name":"Casa de Campo Living","article_publisher":"https:\/\/www.facebook.com\/casadecampoliving","article_published_time":"2014-09-09T04:00:00+00:00","article_modified_time":"2022-10-21T22:58:32+00:00","og_image":[{"width":960,"height":640,"url":"https:\/\/i0.wp.com\/casadecampoliving.com\/wp-content\/uploads\/2022\/10\/baseball_hall_fame-1.jpg?fit=960%2C640&ssl=1","type":"image\/jpeg"}],"author":"Maria Isabel B\u00e1ez","twitter_card":"summary_large_image","twitter_creator":"@cdcliving","twitter_site":"@cdcliving","twitter_misc":{"Escrito por":"Maria Isabel B\u00e1ez","Tiempo de lectura":"1 minuto"},"schema":{"@context":"https:\/\/schema.org","@graph":[{"@type":"Article","@id":"https:\/\/casadecampoliving.com\/es\/anuncian-proximos-exaltados-del-salon-de-la-fama-del-baseball-latino\/#article","isPartOf":{"@id":"https:\/\/casadecampoliving.com\/es\/anuncian-proximos-exaltados-del-salon-de-la-fama-del-baseball-latino\/"},"author":{"name":"Maria Isabel B\u00e1ez","@id":"https:\/\/casadecampoliving.com\/es\/#\/schema\/person\/8fc218930d06cbe215cf6c4fc64caa11"},"headline":"Anuncian pr\u00f3ximos exaltados del Sal\u00f3n de la Fama del B\u00e9isbol Latino","datePublished":"2014-09-09T04:00:00+00:00","dateModified":"2022-10-21T22:58:32+00:00","mainEntityOfPage":{"@id":"https:\/\/casadecampoliving.com\/es\/anuncian-proximos-exaltados-del-salon-de-la-fama-del-baseball-latino\/"},"wordCount":273,"publisher":{"@id":"https:\/\/casadecampoliving.com\/es\/#organization"},"image":{"@id":"https:\/\/casadecampoliving.com\/es\/anuncian-proximos-exaltados-del-salon-de-la-fama-del-baseball-latino\/#primaryimage"},"thumbnailUrl":"https:\/\/i0.wp.com\/casadecampoliving.com\/wp-content\/uploads\/2022\/10\/baseball_hall_fame-1.jpg?fit=960%2C640&ssl=1","keywords":["Altos de Chavon","grandes ligas"],"articleSection":["Altos de Chavon @es","Arte y cultura","Casa de Campo Living @es","CCL presenta","Deportes","Estilo de Vida","Eventos","Noticias Locales","Proximamente","Rep\u00fablica Dominicana @es","Resort Casa de Campo","Titulares"],"inLanguage":"es"},{"@type":"WebPage","@id":"https:\/\/casadecampoliving.com\/es\/anuncian-proximos-exaltados-del-salon-de-la-fama-del-baseball-latino\/","url":"https:\/\/casadecampoliving.com\/es\/anuncian-proximos-exaltados-del-salon-de-la-fama-del-baseball-latino\/","name":"Anuncian pr\u00f3ximos exaltados del Sal\u00f3n de la Fama del B\u00e9isbol Latino | Casa de Campo Living","isPartOf":{"@id":"https:\/\/casadecampoliving.com\/es\/#website"},"primaryImageOfPage":{"@id":"https:\/\/casadecampoliving.com\/es\/anuncian-proximos-exaltados-del-salon-de-la-fama-del-baseball-latino\/#primaryimage"},"image":{"@id":"https:\/\/casadecampoliving.com\/es\/anuncian-proximos-exaltados-del-salon-de-la-fama-del-baseball-latino\/#primaryimage"},"thumbnailUrl":"https:\/\/i0.wp.com\/casadecampoliving.com\/wp-content\/uploads\/2022\/10\/baseball_hall_fame-1.jpg?fit=960%2C640&ssl=1","datePublished":"2014-09-09T04:00:00+00:00","dateModified":"2022-10-21T22:58:32+00:00","description":"El pasado viernes 5 de Septiembre, El Sal\u00f3n de la Fama del B\u00e9isbol Latino anunci\u00f3 las pr\u00f3ximas luminarias de la Clase 2015 que ser\u00e1n exaltadas en febrero","breadcrumb":{"@id":"https:\/\/casadecampoliving.com\/es\/anuncian-proximos-exaltados-del-salon-de-la-fama-del-baseball-latino\/#breadcrumb"},"inLanguage":"es","potentialAction":[{"@type":"ReadAction","target":["https:\/\/casadecampoliving.com\/es\/anuncian-proximos-exaltados-del-salon-de-la-fama-del-baseball-latino\/"]}]},{"@type":"ImageObject","inLanguage":"es","@id":"https:\/\/casadecampoliving.com\/es\/anuncian-proximos-exaltados-del-salon-de-la-fama-del-baseball-latino\/#primaryimage","url":"https:\/\/i0.wp.com\/casadecampoliving.com\/wp-content\/uploads\/2022\/10\/baseball_hall_fame-1.jpg?fit=960%2C640&ssl=1","contentUrl":"https:\/\/i0.wp.com\/casadecampoliving.com\/wp-content\/uploads\/2022\/10\/baseball_hall_fame-1.jpg?fit=960%2C640&ssl=1","width":960,"height":640},{"@type":"BreadcrumbList","@id":"https:\/\/casadecampoliving.com\/es\/anuncian-proximos-exaltados-del-salon-de-la-fama-del-baseball-latino\/#breadcrumb","itemListElement":[{"@type":"ListItem","position":1,"name":"Home","item":"https:\/\/casadecampoliving.com\/es\/"},{"@type":"ListItem","position":2,"name":"Anuncian pr\u00f3ximos exaltados del Sal\u00f3n de la Fama del B\u00e9isbol Latino"}]},{"@type":"WebSite","@id":"https:\/\/casadecampoliving.com\/es\/#website","url":"https:\/\/casadecampoliving.com\/es\/","name":"Casa de Campo Living","description":"Resort community news and resources.","publisher":{"@id":"https:\/\/casadecampoliving.com\/es\/#organization"},"potentialAction":[{"@type":"SearchAction","target":{"@type":"EntryPoint","urlTemplate":"https:\/\/casadecampoliving.com\/es\/?s={search_term_string}"},"query-input":{"@type":"PropertyValueSpecification","valueRequired":true,"valueName":"search_term_string"}}],"inLanguage":"es"},{"@type":"Organization","@id":"https:\/\/casadecampoliving.com\/es\/#organization","name":"Casa de Campo Living","url":"https:\/\/casadecampoliving.com\/es\/","logo":{"@type":"ImageObject","inLanguage":"es","@id":"https:\/\/casadecampoliving.com\/es\/#\/schema\/logo\/image\/","url":"https:\/\/i0.wp.com\/casadecampoliving.com\/wp-content\/uploads\/2022\/07\/CDCLivingLogo_V1-white-sized.png?fit=800%2C214&ssl=1","contentUrl":"https:\/\/i0.wp.com\/casadecampoliving.com\/wp-content\/uploads\/2022\/07\/CDCLivingLogo_V1-white-sized.png?fit=800%2C214&ssl=1","width":800,"height":214,"caption":"Casa de Campo Living"},"image":{"@id":"https:\/\/casadecampoliving.com\/es\/#\/schema\/logo\/image\/"},"sameAs":["https:\/\/www.facebook.com\/casadecampoliving","https:\/\/x.com\/cdcliving"]},{"@type":"Person","@id":"https:\/\/casadecampoliving.com\/es\/#\/schema\/person\/8fc218930d06cbe215cf6c4fc64caa11","name":"Maria Isabel B\u00e1ez","image":{"@type":"ImageObject","inLanguage":"es","@id":"https:\/\/secure.gravatar.com\/avatar\/d6e25af8826ab9ae04e6fcc864034c13600a3a03fc45e4bd8fe7ab8c4d289c2a?s=96&d=mm&r=g","url":"https:\/\/secure.gravatar.com\/avatar\/d6e25af8826ab9ae04e6fcc864034c13600a3a03fc45e4bd8fe7ab8c4d289c2a?s=96&d=mm&r=g","contentUrl":"https:\/\/secure.gravatar.com\/avatar\/d6e25af8826ab9ae04e6fcc864034c13600a3a03fc45e4bd8fe7ab8c4d289c2a?s=96&d=mm&r=g","caption":"Maria Isabel B\u00e1ez"},"url":"https:\/\/casadecampoliving.com\/es\/author\/mbaez\/"}]}},"parsely":{"version":"1.1.0","canonical_url":"https:\/\/casadecampoliving.com\/es\/anuncian-proximos-exaltados-del-salon-de-la-fama-del-baseball-latino\/","smart_links":{"inbound":0,"outbound":0},"traffic_boost_suggestions_count":0,"meta":{"@context":"https:\/\/schema.org","@type":"NewsArticle","headline":"Anuncian pr\u00f3ximos exaltados del Sal\u00f3n de la Fama del B\u00e9isbol Latino","url":"http:\/\/casadecampoliving.com\/es\/anuncian-proximos-exaltados-del-salon-de-la-fama-del-baseball-latino\/","mainEntityOfPage":{"@type":"WebPage","@id":"http:\/\/casadecampoliving.com\/es\/anuncian-proximos-exaltados-del-salon-de-la-fama-del-baseball-latino\/"},"thumbnailUrl":"https:\/\/i0.wp.com\/casadecampoliving.com\/wp-content\/uploads\/2022\/10\/baseball_hall_fame-1.jpg?resize=150%2C150&ssl=1","image":{"@type":"ImageObject","url":"https:\/\/i0.wp.com\/casadecampoliving.com\/wp-content\/uploads\/2022\/10\/baseball_hall_fame-1.jpg?fit=960%2C640&ssl=1"},"articleSection":"Altos de Chavon @es","author":[{"@type":"Person","name":"Maria Isabel B\u00e1ez"}],"creator":["Maria Isabel B\u00e1ez"],"publisher":{"@type":"Organization","name":"Casa de Campo Living","logo":"https:\/\/casadecampoliving.com\/wp-content\/uploads\/2022\/07\/CDCLivingLogo_V1-white-sized.png"},"keywords":["altos de chavon","grandes ligas"],"dateCreated":"2014-09-09T04:00:00Z","datePublished":"2014-09-09T04:00:00Z","dateModified":"2022-10-21T22:58:32Z"},"rendered":"<script type=\"application\/ld+json\" class=\"wp-parsely-metadata\">{\"@context\":\"https:\\\/\\\/schema.org\",\"@type\":\"NewsArticle\",\"headline\":\"Anuncian pr\\u00f3ximos exaltados del Sal\\u00f3n de la Fama del B\\u00e9isbol Latino\",\"url\":\"http:\\\/\\\/casadecampoliving.com\\\/es\\\/anuncian-proximos-exaltados-del-salon-de-la-fama-del-baseball-latino\\\/\",\"mainEntityOfPage\":{\"@type\":\"WebPage\",\"@id\":\"http:\\\/\\\/casadecampoliving.com\\\/es\\\/anuncian-proximos-exaltados-del-salon-de-la-fama-del-baseball-latino\\\/\"},\"thumbnailUrl\":\"https:\\\/\\\/i0.wp.com\\\/casadecampoliving.com\\\/wp-content\\\/uploads\\\/2022\\\/10\\\/baseball_hall_fame-1.jpg?resize=150%2C150&ssl=1\",\"image\":{\"@type\":\"ImageObject\",\"url\":\"https:\\\/\\\/i0.wp.com\\\/casadecampoliving.com\\\/wp-content\\\/uploads\\\/2022\\\/10\\\/baseball_hall_fame-1.jpg?fit=960%2C640&ssl=1\"},\"articleSection\":\"Altos de Chavon @es\",\"author\":[{\"@type\":\"Person\",\"name\":\"Maria Isabel B\\u00e1ez\"}],\"creator\":[\"Maria Isabel B\\u00e1ez\"],\"publisher\":{\"@type\":\"Organization\",\"name\":\"Casa de Campo Living\",\"logo\":\"https:\\\/\\\/casadecampoliving.com\\\/wp-content\\\/uploads\\\/2022\\\/07\\\/CDCLivingLogo_V1-white-sized.png\"},\"keywords\":[\"altos de chavon\",\"grandes ligas\"],\"dateCreated\":\"2014-09-09T04:00:00Z\",\"datePublished\":\"2014-09-09T04:00:00Z\",\"dateModified\":\"2022-10-21T22:58:32Z\"}<\/script>","tracker_url":"https:\/\/cdn.parsely.com\/keys\/casadecampoliving.com\/p.js"},"jetpack_publicize_connections":[],"jetpack_featured_media_url":"https:\/\/i0.wp.com\/casadecampoliving.com\/wp-content\/uploads\/2022\/10\/baseball_hall_fame-1.jpg?fit=960%2C640&ssl=1","jetpack-related-posts":[{"id":433460,"url":"https:\/\/casadecampoliving.com\/es\/no-se-pierdan-el-increible-tributo-a-frank-sinatra-para-celebrar-el-40-aniversario-del-anfiteatro-altos-de-chavon\/","url_meta":{"origin":345306,"position":0},"title":"No se pierdan el incre\u00edble tributo a Frank Sinatra para celebrar el 40 aniversario del\u00a0Anfiteatro Altos de Chav\u00f3n","author":"Casa de Campo Living","date":"20 Oct, 2022","format":false,"excerpt":"Siendo uno de los escenarios m\u00e1s emblem\u00e1ticos del pa\u00eds, Casa de Campo Resort\u00ae & Villas celebra las cuatro d\u00e9cadas de aniversario de Altos de Chav\u00f3n con un tributo al gran Frank Sinatra, protagonizado por artistas invitados y una big band tal cual la que acompa\u00f1\u00f3 al artista hace 40 a\u00f1os\u2026","rel":"","context":"En \u00abUncategorized @es\u00bb","block_context":{"text":"Uncategorized @es","link":"https:\/\/casadecampoliving.com\/es\/category\/uncategorized-es\/"},"img":{"alt_text":"","src":"https:\/\/i0.wp.com\/casadecampoliving.com\/wp-content\/uploads\/2022\/10\/Tributo-Frank-Sinatra-Foto-Principal-Amaury-Sanchez-Danilo-Ginebra-Andres-Pichardo-y-Jose-Gabriel-Perez-.jpg?fit=1200%2C873&ssl=1&resize=350%2C200","width":350,"height":200,"srcset":"https:\/\/i0.wp.com\/casadecampoliving.com\/wp-content\/uploads\/2022\/10\/Tributo-Frank-Sinatra-Foto-Principal-Amaury-Sanchez-Danilo-Ginebra-Andres-Pichardo-y-Jose-Gabriel-Perez-.jpg?fit=1200%2C873&ssl=1&resize=350%2C200 1x, https:\/\/i0.wp.com\/casadecampoliving.com\/wp-content\/uploads\/2022\/10\/Tributo-Frank-Sinatra-Foto-Principal-Amaury-Sanchez-Danilo-Ginebra-Andres-Pichardo-y-Jose-Gabriel-Perez-.jpg?fit=1200%2C873&ssl=1&resize=525%2C300 1.5x, https:\/\/i0.wp.com\/casadecampoliving.com\/wp-content\/uploads\/2022\/10\/Tributo-Frank-Sinatra-Foto-Principal-Amaury-Sanchez-Danilo-Ginebra-Andres-Pichardo-y-Jose-Gabriel-Perez-.jpg?fit=1200%2C873&ssl=1&resize=700%2C400 2x, https:\/\/i0.wp.com\/casadecampoliving.com\/wp-content\/uploads\/2022\/10\/Tributo-Frank-Sinatra-Foto-Principal-Amaury-Sanchez-Danilo-Ginebra-Andres-Pichardo-y-Jose-Gabriel-Perez-.jpg?fit=1200%2C873&ssl=1&resize=1050%2C600 3x"},"classes":[]},{"id":338378,"url":"https:\/\/casadecampoliving.com\/es\/las-luminarias-del-salon-de-la-fama-del-beisbol-latino-han-llegado-a-casa-de-campo\/","url_meta":{"origin":345306,"position":1},"title":"Las luminarias del Sal\u00f3n de la Fama del B\u00e9isbol Latino han llegado a Casa de Campo!","author":"","date":"10 Feb, 2012","format":false,"excerpt":"Anoche, Casa de Campo dio la bienvenida a unos invitados muy especiales \u2013 las Luminarias del Sal\u00f3n de la Fama del B\u00e9isbol Latino, quienes se estar\u00e1n hospedando en Casa de Campo, La Romana este fin de semana para la tercera edici\u00f3n de las exaltaciones al Sal\u00f3n de la Fama del\u2026","rel":"","context":"En \u00abAltos de Chavon @es\u00bb","block_context":{"text":"Altos de Chavon @es","link":"https:\/\/casadecampoliving.com\/category\/altos-de-chavon-es\/"},"img":{"alt_text":"bernie williams andres garralaga dennis martinez","src":"https:\/\/i0.wp.com\/casadecampoliving.com\/wp-content\/uploads\/2022\/10\/bernie_williams_Andres_Garralaga_Dennis-Martinez-1.jpg?fit=650%2C379&ssl=1&resize=350%2C200","width":350,"height":200,"srcset":"https:\/\/i0.wp.com\/casadecampoliving.com\/wp-content\/uploads\/2022\/10\/bernie_williams_Andres_Garralaga_Dennis-Martinez-1.jpg?fit=650%2C379&ssl=1&resize=350%2C200 1x, https:\/\/i0.wp.com\/casadecampoliving.com\/wp-content\/uploads\/2022\/10\/bernie_williams_Andres_Garralaga_Dennis-Martinez-1.jpg?fit=650%2C379&ssl=1&resize=525%2C300 1.5x"},"classes":[]},{"id":340622,"url":"https:\/\/casadecampoliving.com\/es\/honrando-a-los-inmortales-en-la-iv-exaltacion-al-salon-de-la-fama-del-beisbol-latino\/","url_meta":{"origin":345306,"position":2},"title":"Honrando a los inmortales en la IV Exaltaci\u00f3n al Sal\u00f3n de la Fama del B\u00e9isbol Latino","author":"","date":"11 Feb, 2013","format":false,"excerpt":"Desde el jueves 7 al s\u00e1bado 9 de febrero de 2013, Casa de Campo fue honrado con la presencia de algunas grandes estrellas del b\u00e9isbol latino que se dieron cita en Casa de Campo para celebrar la Gran Ceremonia de Exaltaci\u00f3n en la noche del s\u00e1bado en el anfiteatro de\u2026","rel":"","context":"En \u00abAltos de Chavon @es\u00bb","block_context":{"text":"Altos de Chavon @es","link":"https:\/\/casadecampoliving.com\/category\/altos-de-chavon-es\/"},"img":{"alt_text":"tony olivo rennie stennet","src":"https:\/\/i0.wp.com\/casadecampoliving.com\/wp-content\/uploads\/2022\/10\/tony_olivo_rennie_stennet-1.jpg?fit=620%2C362&ssl=1&resize=350%2C200","width":350,"height":200,"srcset":"https:\/\/i0.wp.com\/casadecampoliving.com\/wp-content\/uploads\/2022\/10\/tony_olivo_rennie_stennet-1.jpg?fit=620%2C362&ssl=1&resize=350%2C200 1x, https:\/\/i0.wp.com\/casadecampoliving.com\/wp-content\/uploads\/2022\/10\/tony_olivo_rennie_stennet-1.jpg?fit=620%2C362&ssl=1&resize=525%2C300 1.5x"},"classes":[]},{"id":345336,"url":"https:\/\/casadecampoliving.com\/es\/el-salon-de-la-fama-del-beisbol-latino-abre-una-exhibicion-de-fotos-en-nueva-york\/","url_meta":{"origin":345306,"position":3},"title":"El Sal\u00f3n de la Fama del B\u00e9isbol Latino abre una exhibici\u00f3n de fotos en Nueva York","author":"Daniela Medina","date":"13 Sep, 2014","format":false,"excerpt":"El viernes 5 de septiembre, el Sal\u00f3n de la Fama del B\u00e9isbol Latino anunci\u00f3 las nuevas luminarias de la Clase 2015 quienes ser\u00e1n exaltados en el mes de febrero en el anfiteatro Altos de Chav\u00f3n. \u00a1Pero eso no fue todo! Porque al d\u00eda siguiente, el Sal\u00f3n de la Fama Latino\u2026","rel":"","context":"En \u00abCasa de Campo Living @es\u00bb","block_context":{"text":"Casa de Campo Living @es","link":"https:\/\/casadecampoliving.com\/category\/casa-de-campo-living-es\/"},"img":{"alt_text":"","src":"https:\/\/i0.wp.com\/casadecampoliving.com\/wp-content\/uploads\/2022\/10\/Salon-de-la-Fama-del-Beisbol-Latino-2-1.jpg?fit=650%2C446&ssl=1&resize=350%2C200","width":350,"height":200,"srcset":"https:\/\/i0.wp.com\/casadecampoliving.com\/wp-content\/uploads\/2022\/10\/Salon-de-la-Fama-del-Beisbol-Latino-2-1.jpg?fit=650%2C446&ssl=1&resize=350%2C200 1x, https:\/\/i0.wp.com\/casadecampoliving.com\/wp-content\/uploads\/2022\/10\/Salon-de-la-Fama-del-Beisbol-Latino-2-1.jpg?fit=650%2C446&ssl=1&resize=525%2C300 1.5x"},"classes":[]},{"id":346554,"url":"https:\/\/casadecampoliving.com\/es\/pedro-martinez-vendra-casa-de-campo-para-el-sfbl\/","url_meta":{"origin":345306,"position":4},"title":"Pedro Mart\u00ednez vendr\u00e1 a Casa de Campo para el SFBL","author":"Perkin Agramonte","date":"17 Ene, 2015","format":false,"excerpt":"El Sal\u00f3n de la Fama del B\u00e9isbol Latino (SFBL) recientemente dio a conocer las actividades enmarcadas dentro de la Sexta Semana de Exaltaci\u00f3n, correspondiente a la Clase 2015 que se estar\u00e1n realizando desde el 5 al 8 de febrero, en Santo Domingo, Casa de Campo y la ciudad de La\u2026","rel":"","context":"En \u00abCasa de Campo Living @es\u00bb","block_context":{"text":"Casa de Campo Living @es","link":"https:\/\/casadecampoliving.com\/category\/casa-de-campo-living-es\/"},"img":{"alt_text":"","src":"https:\/\/i0.wp.com\/casadecampoliving.com\/wp-content\/uploads\/2022\/10\/Pedro-Martinez-1.jpg?fit=1024%2C680&ssl=1&resize=350%2C200","width":350,"height":200,"srcset":"https:\/\/i0.wp.com\/casadecampoliving.com\/wp-content\/uploads\/2022\/10\/Pedro-Martinez-1.jpg?fit=1024%2C680&ssl=1&resize=350%2C200 1x, https:\/\/i0.wp.com\/casadecampoliving.com\/wp-content\/uploads\/2022\/10\/Pedro-Martinez-1.jpg?fit=1024%2C680&ssl=1&resize=525%2C300 1.5x, https:\/\/i0.wp.com\/casadecampoliving.com\/wp-content\/uploads\/2022\/10\/Pedro-Martinez-1.jpg?fit=1024%2C680&ssl=1&resize=700%2C400 2x"},"classes":[]},{"id":346687,"url":"https:\/\/casadecampoliving.com\/es\/6ta-semana-de-exaltacion-salon-de-la-fama\/","url_meta":{"origin":345306,"position":5},"title":"\u00a16ta Semana de Exaltaci\u00f3n del Sal\u00f3n de la Fama del B\u00e9isbol Latino inici\u00f3 en Santo Domingo!","author":"Perkin Agramonte","date":"6 Feb, 2015","format":false,"excerpt":"La Sexta Semana de Exaltaci\u00f3n anual del Sal\u00f3n de la Fama del B\u00e9isbol Latino empez\u00f3 ayer jueves 5 de diciembre con un c\u00f3ctel de bienvenida celebrado en el Hotel El Embajador en Santo Domingo. El evento reuni\u00f3 a las grandes estrellas del Sal\u00f3n de la Fama del B\u00e9isbol Latino de\u2026","rel":"","context":"En \u00abAltos de Chavon @es\u00bb","block_context":{"text":"Altos de Chavon @es","link":"https:\/\/casadecampoliving.com\/category\/altos-de-chavon-es\/"},"img":{"alt_text":"","src":"https:\/\/i0.wp.com\/casadecampoliving.com\/wp-content\/uploads\/2022\/10\/Felipe-Alou-1.jpg?fit=650%2C529&ssl=1&resize=350%2C200","width":350,"height":200,"srcset":"https:\/\/i0.wp.com\/casadecampoliving.com\/wp-content\/uploads\/2022\/10\/Felipe-Alou-1.jpg?fit=650%2C529&ssl=1&resize=350%2C200 1x, https:\/\/i0.wp.com\/casadecampoliving.com\/wp-content\/uploads\/2022\/10\/Felipe-Alou-1.jpg?fit=650%2C529&ssl=1&resize=525%2C300 1.5x"},"classes":[]}],"jetpack_sharing_enabled":true,"_links":{"self":[{"href":"https:\/\/casadecampoliving.com\/es\/wp-json\/wp\/v2\/posts\/345306","targetHints":{"allow":["GET"]}}],"collection":[{"href":"https:\/\/casadecampoliving.com\/es\/wp-json\/wp\/v2\/posts"}],"about":[{"href":"https:\/\/casadecampoliving.com\/es\/wp-json\/wp\/v2\/types\/post"}],"author":[{"embeddable":true,"href":"https:\/\/casadecampoliving.com\/es\/wp-json\/wp\/v2\/users\/22010"}],"replies":[{"embeddable":true,"href":"https:\/\/casadecampoliving.com\/es\/wp-json\/wp\/v2\/comments?post=345306"}],"version-history":[{"count":1,"href":"https:\/\/casadecampoliving.com\/es\/wp-json\/wp\/v2\/posts\/345306\/revisions"}],"predecessor-version":[{"id":345307,"href":"https:\/\/casadecampoliving.com\/es\/wp-json\/wp\/v2\/posts\/345306\/revisions\/345307"}],"wp:featuredmedia":[{"embeddable":true,"href":"https:\/\/casadecampoliving.com\/es\/wp-json\/wp\/v2\/media\/274397"}],"wp:attachment":[{"href":"https:\/\/casadecampoliving.com\/es\/wp-json\/wp\/v2\/media?parent=345306"}],"wp:term":[{"taxonomy":"category","embeddable":true,"href":"https:\/\/casadecampoliving.com\/es\/wp-json\/wp\/v2\/categories?post=345306"},{"taxonomy":"post_tag","embeddable":true,"href":"https:\/\/casadecampoliving.com\/es\/wp-json\/wp\/v2\/tags?post=345306"},{"taxonomy":"newspack_spnsrs_tax","embeddable":true,"href":"https:\/\/casadecampoliving.com\/es\/wp-json\/wp\/v2\/newspack_spnsrs_tax?post=345306"}],"curies":[{"name":"wp","href":"https:\/\/api.w.org\/{rel}","templated":true}]}}