{"id":345289,"date":"2014-09-09T00:00:00","date_gmt":"2014-09-09T04:00:00","guid":{"rendered":"https:\/\/casadecampoliving.com\/orange-dona-utiles-escolares-fundacion-mir\/"},"modified":"2022-10-21T18:57:59","modified_gmt":"2022-10-21T22:57:59","slug":"orange-dona-utiles-escolares-fundacion-mir","status":"publish","type":"post","link":"https:\/\/casadecampoliving.com\/es\/orange-dona-utiles-escolares-fundacion-mir\/","title":{"rendered":"ORANGE dona \u00fatiles escolares a Fundaci\u00f3n MIR"},"content":{"rendered":"<div class=\"wp-block-image\">\n<figure class=\"aligncenter is-resized\"><img loading=\"lazy\" decoding=\"async\" src=\"https:\/\/i0.wp.com\/casadecampoliving.com\/wp-content\/uploads\/2022\/10\/orange_fundacion_MIR.jpg?resize=650%2C385&amp;ssl=1\" alt=\"Orange Fundacion MIR\" class=\"wp-image-96983\" height=\"385\" width=\"650\"\/><\/figure>\n<\/div>\n\n\n<p>El pasado jueves 4 de septiembre, la Fundaci\u00f3n MIR recibi\u00f3 una donaci\u00f3n de \u00fatiles escolares de la Fundaci\u00f3n ORANGE en su escuela para ni\u00f1os, en Campo Nueva Esperanza.<\/p>\n\n\n\n<!--more-->\n\n\n<div class=\"wp-block-image\">\n<figure class=\"alignright is-resized\"><img loading=\"lazy\" decoding=\"async\" src=\"https:\/\/i0.wp.com\/casadecampoliving.com\/wp-content\/uploads\/2022\/10\/fundacion_mir_sofia_idarmis-300x225-2.jpg?resize=300%2C225&amp;ssl=1\" alt=\"fundacion_mir_sofia_idarmis\" class=\"wp-image-96919\" height=\"225\" width=\"300\"\/><\/figure>\n<\/div>\n\n\n<p>Campo Nueva Esperanza estall\u00f3 en agradecimiento de parte de todos los ni\u00f1os de Fundaci\u00f3n MIR mientras recib\u00edan las donaciones que fueron entregadas por nuestras damas de Casa de Campo; Olga Fanjul, Idarmis de Vel\u00e1zquez y Sof\u00eda Renedo.<\/p>\n\n\n\n<p>Este bondadoso grupo de mujeres no solo entregaron los \u00fatiles a todos los ni\u00f1os que asistieron, pero tambi\u00e9n les dedicaron tiempo a los ni\u00f1os durante un recorrido por las instalaciones.<\/p>\n\n\n\n<p><em><strong>\u201cGracias a la Fundaci\u00f3n Orange por la donaci\u00f3n de \u00fatiles escolares, gracias por apoyar esta noble causa; nuestros ni\u00f1os son la causa principal que nos mueven hacer nuestro trabajo lo mejor posible.\u201d<\/strong>&nbsp;<\/em>Dijo Fundaci\u00f3n MIR<\/p>\n\n\n<div class=\"wp-block-image\">\n<figure class=\"aligncenter is-resized\"><img loading=\"lazy\" decoding=\"async\" src=\"https:\/\/i0.wp.com\/casadecampoliving.com\/wp-content\/uploads\/2022\/10\/orange_donates_supplies.jpg?resize=650%2C488&amp;ssl=1\" alt=\"orange_donates_supplies\" class=\"wp-image-96920\" height=\"488\" width=\"650\"\/><\/figure>\n<\/div>\n\n\n<p class=\"has-text-align-center\"><strong>Idarmis, Sofia y Olga entregando los \u00fatiles escolares<\/strong><a href=\"https:\/\/casadecampoliving.com\/wp-content\/uploads\/2022\/10\/orange_donates_supplies.jpg\"><br>\n<\/a><\/p>\n","protected":false},"excerpt":{"rendered":"<p>El pasado jueves 4 de septiembre, la Fundaci\u00f3n MIR recibi\u00f3 una donaci\u00f3n de \u00fatiles escolares de la Fundaci\u00f3n ORANGE en su escuela para ni\u00f1os, en Campo Nueva Esperanza.<\/p>\n","protected":false},"author":22010,"featured_media":274215,"comment_status":"closed","ping_status":"closed","sticky":false,"template":"","format":"standard","meta":{"newspack_ads_suppress_ads":false,"newspack_popups_has_disabled_popups":false,"newspack_sponsor_sponsorship_scope":"","newspack_sponsor_native_byline_display":"inherit","newspack_sponsor_native_category_display":"inherit","newspack_sponsor_underwriter_style":"inherit","newspack_sponsor_underwriter_placement":"inherit","_newspack_byline_active":false,"_newspack_byline":"","newspack_hide_updated_date":false,"newspack_show_updated_date":false,"newspack_content_restriction_is_exempt":false,"newspack_featured_image_position":"","newspack_post_subtitle":"","newspack_article_summary_title":"Overview:","newspack_article_summary":"","_jetpack_memberships_contains_paid_content":false,"footnotes":"","jetpack_publicize_message":"","jetpack_publicize_feature_enabled":true,"jetpack_social_post_already_shared":false,"jetpack_social_options":{"image_generator_settings":{"template":"highway","default_image_id":0,"font":"","enabled":false},"version":2},"_wpas_customize_per_network":false},"categories":[26936,26951,2524,14631,2515,2514,2506,14625,2521],"tags":[9439,24715,2071,2532],"newspack_spnsrs_tax":[],"class_list":["post-345289","post","type-post","status-publish","format-standard","has-post-thumbnail","hentry","category-casa-de-campo-living-es","category-ccl-presenta","category-destacados","category-estilo-de-vida","category-fundacion-mir-es","category-fundaciones-es","category-mas-alla-de-casa-es","category-noticias-locales","category-republica-dominicana-2","tag-campo-nueva-esperanza-es","tag-fundacion-mir-es","tag-orange","tag-voluntarios","entry"],"yoast_head":"<!-- This site is optimized with the Yoast SEO plugin v27.4 - https:\/\/yoast.com\/product\/yoast-seo-wordpress\/ -->\n<title>ORANGE dona \u00fatiles escolares a Fundaci\u00f3n MIR | Casa de Campo Living<\/title>\n<meta name=\"description\" content=\"El pasado jueves 4 de septiembre, la Fundaci\u00f3n MIR recibi\u00f3 una donaci\u00f3n de \u00fatiles escolares de la Fundaci\u00f3n ORANGE en su escuela para ni\u00f1os, en Campo\" \/>\n<meta name=\"robots\" content=\"index, follow, max-snippet:-1, max-image-preview:large, max-video-preview:-1\" \/>\n<link rel=\"canonical\" href=\"https:\/\/casadecampoliving.com\/es\/orange-dona-utiles-escolares-fundacion-mir\/\" \/>\n<meta property=\"og:locale\" content=\"es_ES\" \/>\n<meta property=\"og:type\" content=\"article\" \/>\n<meta property=\"og:title\" content=\"ORANGE dona \u00fatiles escolares a Fundaci\u00f3n MIR | Casa de Campo Living\" \/>\n<meta property=\"og:description\" content=\"El pasado jueves 4 de septiembre, la Fundaci\u00f3n MIR recibi\u00f3 una donaci\u00f3n de \u00fatiles escolares de la Fundaci\u00f3n ORANGE en su escuela para ni\u00f1os, en Campo\" \/>\n<meta property=\"og:url\" content=\"https:\/\/casadecampoliving.com\/es\/orange-dona-utiles-escolares-fundacion-mir\/\" \/>\n<meta property=\"og:site_name\" content=\"Casa de Campo Living\" \/>\n<meta property=\"article:publisher\" content=\"https:\/\/www.facebook.com\/casadecampoliving\" \/>\n<meta property=\"article:published_time\" content=\"2014-09-09T04:00:00+00:00\" \/>\n<meta property=\"article:modified_time\" content=\"2022-10-21T22:57:59+00:00\" \/>\n<meta property=\"og:image\" content=\"https:\/\/i0.wp.com\/casadecampoliving.com\/wp-content\/uploads\/2022\/10\/orange_fundacion_mir.jpg?fit=850%2C504&ssl=1\" \/>\n\t<meta property=\"og:image:width\" content=\"850\" \/>\n\t<meta property=\"og:image:height\" content=\"504\" \/>\n\t<meta property=\"og:image:type\" content=\"image\/jpeg\" \/>\n<meta name=\"author\" content=\"Maria Isabel B\u00e1ez\" \/>\n<meta name=\"twitter:card\" content=\"summary_large_image\" \/>\n<meta name=\"twitter:creator\" content=\"@cdcliving\" \/>\n<meta name=\"twitter:site\" content=\"@cdcliving\" \/>\n<meta name=\"twitter:label1\" content=\"Escrito por\" \/>\n\t<meta name=\"twitter:data1\" content=\"Maria Isabel B\u00e1ez\" \/>\n\t<meta name=\"twitter:label2\" content=\"Tiempo de lectura\" \/>\n\t<meta name=\"twitter:data2\" content=\"1 minuto\" \/>\n<script type=\"application\/ld+json\" class=\"yoast-schema-graph\">{\"@context\":\"https:\\\/\\\/schema.org\",\"@graph\":[{\"@type\":\"Article\",\"@id\":\"https:\\\/\\\/casadecampoliving.com\\\/es\\\/orange-dona-utiles-escolares-fundacion-mir\\\/#article\",\"isPartOf\":{\"@id\":\"https:\\\/\\\/casadecampoliving.com\\\/es\\\/orange-dona-utiles-escolares-fundacion-mir\\\/\"},\"author\":{\"name\":\"Maria Isabel B\u00e1ez\",\"@id\":\"https:\\\/\\\/casadecampoliving.com\\\/es\\\/#\\\/schema\\\/person\\\/8fc218930d06cbe215cf6c4fc64caa11\"},\"headline\":\"ORANGE dona \u00fatiles escolares a Fundaci\u00f3n MIR\",\"datePublished\":\"2014-09-09T04:00:00+00:00\",\"dateModified\":\"2022-10-21T22:57:59+00:00\",\"mainEntityOfPage\":{\"@id\":\"https:\\\/\\\/casadecampoliving.com\\\/es\\\/orange-dona-utiles-escolares-fundacion-mir\\\/\"},\"wordCount\":162,\"publisher\":{\"@id\":\"https:\\\/\\\/casadecampoliving.com\\\/es\\\/#organization\"},\"image\":{\"@id\":\"https:\\\/\\\/casadecampoliving.com\\\/es\\\/orange-dona-utiles-escolares-fundacion-mir\\\/#primaryimage\"},\"thumbnailUrl\":\"https:\\\/\\\/i0.wp.com\\\/casadecampoliving.com\\\/wp-content\\\/uploads\\\/2022\\\/10\\\/orange_fundacion_mir.jpg?fit=850%2C504&ssl=1\",\"keywords\":[\"campo nueva esperanza @es\",\"Fundacion MIR\",\"orange\",\"voluntarios\"],\"articleSection\":[\"Casa de Campo Living @es\",\"CCL presenta\",\"Destacados\",\"Estilo de Vida\",\"Fundaci\u00f3n MIR @es\",\"Fundaciones\",\"M\u00e1s all\u00e1 de Casa\",\"Noticias Locales\",\"Rep\u00fablica Dominicana @es\"],\"inLanguage\":\"es\"},{\"@type\":\"WebPage\",\"@id\":\"https:\\\/\\\/casadecampoliving.com\\\/es\\\/orange-dona-utiles-escolares-fundacion-mir\\\/\",\"url\":\"https:\\\/\\\/casadecampoliving.com\\\/es\\\/orange-dona-utiles-escolares-fundacion-mir\\\/\",\"name\":\"ORANGE dona \u00fatiles escolares a Fundaci\u00f3n MIR | Casa de Campo Living\",\"isPartOf\":{\"@id\":\"https:\\\/\\\/casadecampoliving.com\\\/es\\\/#website\"},\"primaryImageOfPage\":{\"@id\":\"https:\\\/\\\/casadecampoliving.com\\\/es\\\/orange-dona-utiles-escolares-fundacion-mir\\\/#primaryimage\"},\"image\":{\"@id\":\"https:\\\/\\\/casadecampoliving.com\\\/es\\\/orange-dona-utiles-escolares-fundacion-mir\\\/#primaryimage\"},\"thumbnailUrl\":\"https:\\\/\\\/i0.wp.com\\\/casadecampoliving.com\\\/wp-content\\\/uploads\\\/2022\\\/10\\\/orange_fundacion_mir.jpg?fit=850%2C504&ssl=1\",\"datePublished\":\"2014-09-09T04:00:00+00:00\",\"dateModified\":\"2022-10-21T22:57:59+00:00\",\"description\":\"El pasado jueves 4 de septiembre, la Fundaci\u00f3n MIR recibi\u00f3 una donaci\u00f3n de \u00fatiles escolares de la Fundaci\u00f3n ORANGE en su escuela para ni\u00f1os, en Campo\",\"breadcrumb\":{\"@id\":\"https:\\\/\\\/casadecampoliving.com\\\/es\\\/orange-dona-utiles-escolares-fundacion-mir\\\/#breadcrumb\"},\"inLanguage\":\"es\",\"potentialAction\":[{\"@type\":\"ReadAction\",\"target\":[\"https:\\\/\\\/casadecampoliving.com\\\/es\\\/orange-dona-utiles-escolares-fundacion-mir\\\/\"]}]},{\"@type\":\"ImageObject\",\"inLanguage\":\"es\",\"@id\":\"https:\\\/\\\/casadecampoliving.com\\\/es\\\/orange-dona-utiles-escolares-fundacion-mir\\\/#primaryimage\",\"url\":\"https:\\\/\\\/i0.wp.com\\\/casadecampoliving.com\\\/wp-content\\\/uploads\\\/2022\\\/10\\\/orange_fundacion_mir.jpg?fit=850%2C504&ssl=1\",\"contentUrl\":\"https:\\\/\\\/i0.wp.com\\\/casadecampoliving.com\\\/wp-content\\\/uploads\\\/2022\\\/10\\\/orange_fundacion_mir.jpg?fit=850%2C504&ssl=1\",\"width\":850,\"height\":504,\"caption\":\"Orange Fundacion MIR\"},{\"@type\":\"BreadcrumbList\",\"@id\":\"https:\\\/\\\/casadecampoliving.com\\\/es\\\/orange-dona-utiles-escolares-fundacion-mir\\\/#breadcrumb\",\"itemListElement\":[{\"@type\":\"ListItem\",\"position\":1,\"name\":\"Home\",\"item\":\"https:\\\/\\\/casadecampoliving.com\\\/es\\\/\"},{\"@type\":\"ListItem\",\"position\":2,\"name\":\"ORANGE dona \u00fatiles escolares a Fundaci\u00f3n MIR\"}]},{\"@type\":\"WebSite\",\"@id\":\"https:\\\/\\\/casadecampoliving.com\\\/es\\\/#website\",\"url\":\"https:\\\/\\\/casadecampoliving.com\\\/es\\\/\",\"name\":\"Casa de Campo Living\",\"description\":\"Resort community news and resources.\",\"publisher\":{\"@id\":\"https:\\\/\\\/casadecampoliving.com\\\/es\\\/#organization\"},\"potentialAction\":[{\"@type\":\"SearchAction\",\"target\":{\"@type\":\"EntryPoint\",\"urlTemplate\":\"https:\\\/\\\/casadecampoliving.com\\\/es\\\/?s={search_term_string}\"},\"query-input\":{\"@type\":\"PropertyValueSpecification\",\"valueRequired\":true,\"valueName\":\"search_term_string\"}}],\"inLanguage\":\"es\"},{\"@type\":\"Organization\",\"@id\":\"https:\\\/\\\/casadecampoliving.com\\\/es\\\/#organization\",\"name\":\"Casa de Campo Living\",\"url\":\"https:\\\/\\\/casadecampoliving.com\\\/es\\\/\",\"logo\":{\"@type\":\"ImageObject\",\"inLanguage\":\"es\",\"@id\":\"https:\\\/\\\/casadecampoliving.com\\\/es\\\/#\\\/schema\\\/logo\\\/image\\\/\",\"url\":\"https:\\\/\\\/i0.wp.com\\\/casadecampoliving.com\\\/wp-content\\\/uploads\\\/2022\\\/07\\\/CDCLivingLogo_V1-white-sized.png?fit=800%2C214&ssl=1\",\"contentUrl\":\"https:\\\/\\\/i0.wp.com\\\/casadecampoliving.com\\\/wp-content\\\/uploads\\\/2022\\\/07\\\/CDCLivingLogo_V1-white-sized.png?fit=800%2C214&ssl=1\",\"width\":800,\"height\":214,\"caption\":\"Casa de Campo Living\"},\"image\":{\"@id\":\"https:\\\/\\\/casadecampoliving.com\\\/es\\\/#\\\/schema\\\/logo\\\/image\\\/\"},\"sameAs\":[\"https:\\\/\\\/www.facebook.com\\\/casadecampoliving\",\"https:\\\/\\\/x.com\\\/cdcliving\"]},{\"@type\":\"Person\",\"@id\":\"https:\\\/\\\/casadecampoliving.com\\\/es\\\/#\\\/schema\\\/person\\\/8fc218930d06cbe215cf6c4fc64caa11\",\"name\":\"Maria Isabel B\u00e1ez\",\"image\":{\"@type\":\"ImageObject\",\"inLanguage\":\"es\",\"@id\":\"https:\\\/\\\/secure.gravatar.com\\\/avatar\\\/d6e25af8826ab9ae04e6fcc864034c13600a3a03fc45e4bd8fe7ab8c4d289c2a?s=96&d=mm&r=g\",\"url\":\"https:\\\/\\\/secure.gravatar.com\\\/avatar\\\/d6e25af8826ab9ae04e6fcc864034c13600a3a03fc45e4bd8fe7ab8c4d289c2a?s=96&d=mm&r=g\",\"contentUrl\":\"https:\\\/\\\/secure.gravatar.com\\\/avatar\\\/d6e25af8826ab9ae04e6fcc864034c13600a3a03fc45e4bd8fe7ab8c4d289c2a?s=96&d=mm&r=g\",\"caption\":\"Maria Isabel B\u00e1ez\"},\"url\":\"https:\\\/\\\/casadecampoliving.com\\\/es\\\/author\\\/mbaez\\\/\"}]}<\/script>\n<!-- \/ Yoast SEO plugin. -->","yoast_head_json":{"title":"ORANGE dona \u00fatiles escolares a Fundaci\u00f3n MIR | Casa de Campo Living","description":"El pasado jueves 4 de septiembre, la Fundaci\u00f3n MIR recibi\u00f3 una donaci\u00f3n de \u00fatiles escolares de la Fundaci\u00f3n ORANGE en su escuela para ni\u00f1os, en Campo","robots":{"index":"index","follow":"follow","max-snippet":"max-snippet:-1","max-image-preview":"max-image-preview:large","max-video-preview":"max-video-preview:-1"},"canonical":"https:\/\/casadecampoliving.com\/es\/orange-dona-utiles-escolares-fundacion-mir\/","og_locale":"es_ES","og_type":"article","og_title":"ORANGE dona \u00fatiles escolares a Fundaci\u00f3n MIR | Casa de Campo Living","og_description":"El pasado jueves 4 de septiembre, la Fundaci\u00f3n MIR recibi\u00f3 una donaci\u00f3n de \u00fatiles escolares de la Fundaci\u00f3n ORANGE en su escuela para ni\u00f1os, en Campo","og_url":"https:\/\/casadecampoliving.com\/es\/orange-dona-utiles-escolares-fundacion-mir\/","og_site_name":"Casa de Campo Living","article_publisher":"https:\/\/www.facebook.com\/casadecampoliving","article_published_time":"2014-09-09T04:00:00+00:00","article_modified_time":"2022-10-21T22:57:59+00:00","og_image":[{"width":850,"height":504,"url":"https:\/\/i0.wp.com\/casadecampoliving.com\/wp-content\/uploads\/2022\/10\/orange_fundacion_mir.jpg?fit=850%2C504&ssl=1","type":"image\/jpeg"}],"author":"Maria Isabel B\u00e1ez","twitter_card":"summary_large_image","twitter_creator":"@cdcliving","twitter_site":"@cdcliving","twitter_misc":{"Escrito por":"Maria Isabel B\u00e1ez","Tiempo de lectura":"1 minuto"},"schema":{"@context":"https:\/\/schema.org","@graph":[{"@type":"Article","@id":"https:\/\/casadecampoliving.com\/es\/orange-dona-utiles-escolares-fundacion-mir\/#article","isPartOf":{"@id":"https:\/\/casadecampoliving.com\/es\/orange-dona-utiles-escolares-fundacion-mir\/"},"author":{"name":"Maria Isabel B\u00e1ez","@id":"https:\/\/casadecampoliving.com\/es\/#\/schema\/person\/8fc218930d06cbe215cf6c4fc64caa11"},"headline":"ORANGE dona \u00fatiles escolares a Fundaci\u00f3n MIR","datePublished":"2014-09-09T04:00:00+00:00","dateModified":"2022-10-21T22:57:59+00:00","mainEntityOfPage":{"@id":"https:\/\/casadecampoliving.com\/es\/orange-dona-utiles-escolares-fundacion-mir\/"},"wordCount":162,"publisher":{"@id":"https:\/\/casadecampoliving.com\/es\/#organization"},"image":{"@id":"https:\/\/casadecampoliving.com\/es\/orange-dona-utiles-escolares-fundacion-mir\/#primaryimage"},"thumbnailUrl":"https:\/\/i0.wp.com\/casadecampoliving.com\/wp-content\/uploads\/2022\/10\/orange_fundacion_mir.jpg?fit=850%2C504&ssl=1","keywords":["campo nueva esperanza @es","Fundacion MIR","orange","voluntarios"],"articleSection":["Casa de Campo Living @es","CCL presenta","Destacados","Estilo de Vida","Fundaci\u00f3n MIR @es","Fundaciones","M\u00e1s all\u00e1 de Casa","Noticias Locales","Rep\u00fablica Dominicana @es"],"inLanguage":"es"},{"@type":"WebPage","@id":"https:\/\/casadecampoliving.com\/es\/orange-dona-utiles-escolares-fundacion-mir\/","url":"https:\/\/casadecampoliving.com\/es\/orange-dona-utiles-escolares-fundacion-mir\/","name":"ORANGE dona \u00fatiles escolares a Fundaci\u00f3n MIR | Casa de Campo Living","isPartOf":{"@id":"https:\/\/casadecampoliving.com\/es\/#website"},"primaryImageOfPage":{"@id":"https:\/\/casadecampoliving.com\/es\/orange-dona-utiles-escolares-fundacion-mir\/#primaryimage"},"image":{"@id":"https:\/\/casadecampoliving.com\/es\/orange-dona-utiles-escolares-fundacion-mir\/#primaryimage"},"thumbnailUrl":"https:\/\/i0.wp.com\/casadecampoliving.com\/wp-content\/uploads\/2022\/10\/orange_fundacion_mir.jpg?fit=850%2C504&ssl=1","datePublished":"2014-09-09T04:00:00+00:00","dateModified":"2022-10-21T22:57:59+00:00","description":"El pasado jueves 4 de septiembre, la Fundaci\u00f3n MIR recibi\u00f3 una donaci\u00f3n de \u00fatiles escolares de la Fundaci\u00f3n ORANGE en su escuela para ni\u00f1os, en Campo","breadcrumb":{"@id":"https:\/\/casadecampoliving.com\/es\/orange-dona-utiles-escolares-fundacion-mir\/#breadcrumb"},"inLanguage":"es","potentialAction":[{"@type":"ReadAction","target":["https:\/\/casadecampoliving.com\/es\/orange-dona-utiles-escolares-fundacion-mir\/"]}]},{"@type":"ImageObject","inLanguage":"es","@id":"https:\/\/casadecampoliving.com\/es\/orange-dona-utiles-escolares-fundacion-mir\/#primaryimage","url":"https:\/\/i0.wp.com\/casadecampoliving.com\/wp-content\/uploads\/2022\/10\/orange_fundacion_mir.jpg?fit=850%2C504&ssl=1","contentUrl":"https:\/\/i0.wp.com\/casadecampoliving.com\/wp-content\/uploads\/2022\/10\/orange_fundacion_mir.jpg?fit=850%2C504&ssl=1","width":850,"height":504,"caption":"Orange Fundacion MIR"},{"@type":"BreadcrumbList","@id":"https:\/\/casadecampoliving.com\/es\/orange-dona-utiles-escolares-fundacion-mir\/#breadcrumb","itemListElement":[{"@type":"ListItem","position":1,"name":"Home","item":"https:\/\/casadecampoliving.com\/es\/"},{"@type":"ListItem","position":2,"name":"ORANGE dona \u00fatiles escolares a Fundaci\u00f3n MIR"}]},{"@type":"WebSite","@id":"https:\/\/casadecampoliving.com\/es\/#website","url":"https:\/\/casadecampoliving.com\/es\/","name":"Casa de Campo Living","description":"Resort community news and resources.","publisher":{"@id":"https:\/\/casadecampoliving.com\/es\/#organization"},"potentialAction":[{"@type":"SearchAction","target":{"@type":"EntryPoint","urlTemplate":"https:\/\/casadecampoliving.com\/es\/?s={search_term_string}"},"query-input":{"@type":"PropertyValueSpecification","valueRequired":true,"valueName":"search_term_string"}}],"inLanguage":"es"},{"@type":"Organization","@id":"https:\/\/casadecampoliving.com\/es\/#organization","name":"Casa de Campo Living","url":"https:\/\/casadecampoliving.com\/es\/","logo":{"@type":"ImageObject","inLanguage":"es","@id":"https:\/\/casadecampoliving.com\/es\/#\/schema\/logo\/image\/","url":"https:\/\/i0.wp.com\/casadecampoliving.com\/wp-content\/uploads\/2022\/07\/CDCLivingLogo_V1-white-sized.png?fit=800%2C214&ssl=1","contentUrl":"https:\/\/i0.wp.com\/casadecampoliving.com\/wp-content\/uploads\/2022\/07\/CDCLivingLogo_V1-white-sized.png?fit=800%2C214&ssl=1","width":800,"height":214,"caption":"Casa de Campo Living"},"image":{"@id":"https:\/\/casadecampoliving.com\/es\/#\/schema\/logo\/image\/"},"sameAs":["https:\/\/www.facebook.com\/casadecampoliving","https:\/\/x.com\/cdcliving"]},{"@type":"Person","@id":"https:\/\/casadecampoliving.com\/es\/#\/schema\/person\/8fc218930d06cbe215cf6c4fc64caa11","name":"Maria Isabel B\u00e1ez","image":{"@type":"ImageObject","inLanguage":"es","@id":"https:\/\/secure.gravatar.com\/avatar\/d6e25af8826ab9ae04e6fcc864034c13600a3a03fc45e4bd8fe7ab8c4d289c2a?s=96&d=mm&r=g","url":"https:\/\/secure.gravatar.com\/avatar\/d6e25af8826ab9ae04e6fcc864034c13600a3a03fc45e4bd8fe7ab8c4d289c2a?s=96&d=mm&r=g","contentUrl":"https:\/\/secure.gravatar.com\/avatar\/d6e25af8826ab9ae04e6fcc864034c13600a3a03fc45e4bd8fe7ab8c4d289c2a?s=96&d=mm&r=g","caption":"Maria Isabel B\u00e1ez"},"url":"https:\/\/casadecampoliving.com\/es\/author\/mbaez\/"}]}},"parsely":{"version":"1.1.0","canonical_url":"https:\/\/casadecampoliving.com\/es\/orange-dona-utiles-escolares-fundacion-mir\/","smart_links":{"inbound":0,"outbound":0},"traffic_boost_suggestions_count":0,"meta":{"@context":"https:\/\/schema.org","@type":"NewsArticle","headline":"ORANGE dona \u00fatiles escolares a Fundaci\u00f3n MIR","url":"http:\/\/casadecampoliving.com\/es\/orange-dona-utiles-escolares-fundacion-mir\/","mainEntityOfPage":{"@type":"WebPage","@id":"http:\/\/casadecampoliving.com\/es\/orange-dona-utiles-escolares-fundacion-mir\/"},"thumbnailUrl":"https:\/\/i0.wp.com\/casadecampoliving.com\/wp-content\/uploads\/2022\/10\/orange_fundacion_mir.jpg?resize=150%2C150&ssl=1","image":{"@type":"ImageObject","url":"https:\/\/i0.wp.com\/casadecampoliving.com\/wp-content\/uploads\/2022\/10\/orange_fundacion_mir.jpg?fit=850%2C504&ssl=1"},"articleSection":"CCL presenta","author":[{"@type":"Person","name":"Maria Isabel B\u00e1ez"}],"creator":["Maria Isabel B\u00e1ez"],"publisher":{"@type":"Organization","name":"Casa de Campo Living","logo":"https:\/\/casadecampoliving.com\/wp-content\/uploads\/2022\/07\/CDCLivingLogo_V1-white-sized.png"},"keywords":["campo nueva esperanza @es","fundacion mir","orange","voluntarios"],"dateCreated":"2014-09-09T04:00:00Z","datePublished":"2014-09-09T04:00:00Z","dateModified":"2022-10-21T22:57:59Z"},"rendered":"<script type=\"application\/ld+json\" class=\"wp-parsely-metadata\">{\"@context\":\"https:\\\/\\\/schema.org\",\"@type\":\"NewsArticle\",\"headline\":\"ORANGE dona \\u00fatiles escolares a Fundaci\\u00f3n MIR\",\"url\":\"http:\\\/\\\/casadecampoliving.com\\\/es\\\/orange-dona-utiles-escolares-fundacion-mir\\\/\",\"mainEntityOfPage\":{\"@type\":\"WebPage\",\"@id\":\"http:\\\/\\\/casadecampoliving.com\\\/es\\\/orange-dona-utiles-escolares-fundacion-mir\\\/\"},\"thumbnailUrl\":\"https:\\\/\\\/i0.wp.com\\\/casadecampoliving.com\\\/wp-content\\\/uploads\\\/2022\\\/10\\\/orange_fundacion_mir.jpg?resize=150%2C150&ssl=1\",\"image\":{\"@type\":\"ImageObject\",\"url\":\"https:\\\/\\\/i0.wp.com\\\/casadecampoliving.com\\\/wp-content\\\/uploads\\\/2022\\\/10\\\/orange_fundacion_mir.jpg?fit=850%2C504&ssl=1\"},\"articleSection\":\"CCL presenta\",\"author\":[{\"@type\":\"Person\",\"name\":\"Maria Isabel B\\u00e1ez\"}],\"creator\":[\"Maria Isabel B\\u00e1ez\"],\"publisher\":{\"@type\":\"Organization\",\"name\":\"Casa de Campo Living\",\"logo\":\"https:\\\/\\\/casadecampoliving.com\\\/wp-content\\\/uploads\\\/2022\\\/07\\\/CDCLivingLogo_V1-white-sized.png\"},\"keywords\":[\"campo nueva esperanza @es\",\"fundacion mir\",\"orange\",\"voluntarios\"],\"dateCreated\":\"2014-09-09T04:00:00Z\",\"datePublished\":\"2014-09-09T04:00:00Z\",\"dateModified\":\"2022-10-21T22:57:59Z\"}<\/script>","tracker_url":"https:\/\/cdn.parsely.com\/keys\/casadecampoliving.com\/p.js"},"jetpack_publicize_connections":[],"jetpack_featured_media_url":"https:\/\/i0.wp.com\/casadecampoliving.com\/wp-content\/uploads\/2022\/10\/orange_fundacion_mir.jpg?fit=850%2C504&ssl=1","jetpack-related-posts":[{"id":324194,"url":"https:\/\/casadecampoliving.com\/orange-donates-school-supplies-fundacion-mir\/","url_meta":{"origin":345289,"position":0},"title":"ORANGE donates school supplies to Fundaci\u00f3n MIR","author":"Maria Isabel B\u00e1ez","date":"9 Sep, 2014","format":false,"excerpt":"Last\u00a0Thursday the 4th of September, the Fundaci\u00f3n MIR received a donation of \u00a0school supplies from the ORANGE foundation at their boys school, the Campo Nueva Esperanza. Campo Nueva Esperanza was bursting with gratitude from all the children of the Fundaci\u00f3n MIR as they recieved the donations\u00a0which were handed out by\u2026","rel":"","context":"En \u00abBeyond Casa\u00bb","block_context":{"text":"Beyond Casa","link":"https:\/\/casadecampoliving.com\/category\/beyond-casa\/"},"img":{"alt_text":"Orange Fundacion MIR","src":"https:\/\/i0.wp.com\/casadecampoliving.com\/wp-content\/uploads\/2022\/10\/orange_fundacion_mir.jpg?fit=850%2C504&ssl=1&resize=350%2C200","width":350,"height":200,"srcset":"https:\/\/i0.wp.com\/casadecampoliving.com\/wp-content\/uploads\/2022\/10\/orange_fundacion_mir.jpg?fit=850%2C504&ssl=1&resize=350%2C200 1x, https:\/\/i0.wp.com\/casadecampoliving.com\/wp-content\/uploads\/2022\/10\/orange_fundacion_mir.jpg?fit=850%2C504&ssl=1&resize=525%2C300 1.5x, https:\/\/i0.wp.com\/casadecampoliving.com\/wp-content\/uploads\/2022\/10\/orange_fundacion_mir.jpg?fit=850%2C504&ssl=1&resize=700%2C400 2x"},"classes":[]},{"id":337690,"url":"https:\/\/casadecampoliving.com\/es\/la-fundacion-mir-celebra-la-nueva-escuela-de-mecanica-de-mir-esperanza\/","url_meta":{"origin":345289,"position":1},"title":"La Fundaci\u00f3n MIR celebra la nueva Escuela de Mec\u00e1nica de MIR Esperanza","author":"","date":"7 May, 2011","format":false,"excerpt":"El pasado jueves 28 de abril, la Fundacion MIR inaugur\u00f3 la Escuela de Mec\u00e1nica del Polit\u00e9cnico para ni\u00f1os, MIR Esperanza.\u00a0 La nueva Escuelda de Mec\u00e1nica de MIR fue construida y equipada por la Fundacion MIR, Autopista de Coral, Odebrecht y Obras Publicas. The Fundacion MIR est\u00e1 especialmente agradecida con Odebrecht,\u2026","rel":"","context":"En \u00abRep\u00fablica Dominicana @es\u00bb","block_context":{"text":"Rep\u00fablica Dominicana @es","link":"https:\/\/casadecampoliving.com\/es\/category\/republica-dominicana-2\/"},"img":{"alt_text":"","src":"https:\/\/i0.wp.com\/casadecampoliving.com\/wp-content\/uploads\/2022\/10\/fundacionMIR_casadecampo-3.jpg?fit=565%2C225&ssl=1&resize=350%2C200","width":350,"height":200,"srcset":"https:\/\/i0.wp.com\/casadecampoliving.com\/wp-content\/uploads\/2022\/10\/fundacionMIR_casadecampo-3.jpg?fit=565%2C225&ssl=1&resize=350%2C200 1x, https:\/\/i0.wp.com\/casadecampoliving.com\/wp-content\/uploads\/2022\/10\/fundacionMIR_casadecampo-3.jpg?fit=565%2C225&ssl=1&resize=525%2C300 1.5x"},"classes":[]},{"id":347998,"url":"https:\/\/casadecampoliving.com\/es\/fundacion-mir-graduo-142-alumnos\/","url_meta":{"origin":345289,"position":2},"title":"La Fundaci\u00f3n MIR gradu\u00f3 142 alumnos de sus escuelas","author":"Felix Guerrero","date":"6 Ago, 2015","format":false,"excerpt":"La Fundaci\u00f3n MIR celebr\u00f3 la graduaci\u00f3n de 142 alumnos de sus escuelas Polit\u00e9cnico MIR y Polit\u00e9cnico MIR Esperanza, durante una ceremonia en la cual participaron cientos de familiares y amigos de los graduandos. El acto estuvo encabezado por Lian Fanjul de Azqueta, Fundadora y Presidenta de MIR, junto a su\u2026","rel":"","context":"En \u00abM\u00e1s all\u00e1 de Casa\u00bb","block_context":{"text":"M\u00e1s all\u00e1 de Casa","link":"https:\/\/casadecampoliving.com\/es\/category\/mas-alla-de-casa-es\/"},"img":{"alt_text":"Fundaci\u00f3n MIR Graduation","src":"https:\/\/i0.wp.com\/casadecampoliving.com\/wp-content\/uploads\/2022\/10\/Fundacion-MIR-Graduation-1.jpg?fit=650%2C400&ssl=1&resize=350%2C200","width":350,"height":200,"srcset":"https:\/\/i0.wp.com\/casadecampoliving.com\/wp-content\/uploads\/2022\/10\/Fundacion-MIR-Graduation-1.jpg?fit=650%2C400&ssl=1&resize=350%2C200 1x, https:\/\/i0.wp.com\/casadecampoliving.com\/wp-content\/uploads\/2022\/10\/Fundacion-MIR-Graduation-1.jpg?fit=650%2C400&ssl=1&resize=525%2C300 1.5x"},"classes":[]},{"id":345197,"url":"https:\/\/casadecampoliving.com\/es\/el-futuro-empieza-hoy-fundacion-mir-gradua-127\/","url_meta":{"origin":345289,"position":3},"title":"\u00abEl futuro empieza hoy\u00bb, Fundaci\u00f3n MIR grad\u00faa 127","author":"Perkin Agramonte","date":"27 Ago, 2014","format":false,"excerpt":"El pasado viernes 22 de agosto, 127 estudiantes de la Fundaci\u00f3n MIR experimentaron uno de los momentos m\u00e1s gratificantes de sus vidas, una ocasi\u00f3n que no solo celebr\u00f3 su graduaci\u00f3n, sino que tambi\u00e9n los comprometen a seguir trabajando duro para as\u00ed asegurar tanto su propio bienestar, como el de su\u2026","rel":"","context":"En \u00abCasa de Campo Living @es\u00bb","block_context":{"text":"Casa de Campo Living @es","link":"https:\/\/casadecampoliving.com\/category\/casa-de-campo-living-es\/"},"img":{"alt_text":"Fundaci\u00f3n MIR graduation","src":"https:\/\/i0.wp.com\/casadecampoliving.com\/wp-content\/uploads\/2022\/10\/DSC_00731-1.jpg?fit=800%2C533&ssl=1&resize=350%2C200","width":350,"height":200,"srcset":"https:\/\/i0.wp.com\/casadecampoliving.com\/wp-content\/uploads\/2022\/10\/DSC_00731-1.jpg?fit=800%2C533&ssl=1&resize=350%2C200 1x, https:\/\/i0.wp.com\/casadecampoliving.com\/wp-content\/uploads\/2022\/10\/DSC_00731-1.jpg?fit=800%2C533&ssl=1&resize=525%2C300 1.5x, https:\/\/i0.wp.com\/casadecampoliving.com\/wp-content\/uploads\/2022\/10\/DSC_00731-1.jpg?fit=800%2C533&ssl=1&resize=700%2C400 2x"},"classes":[]},{"id":330301,"url":"https:\/\/casadecampoliving.com\/toros-del-este-visit-the-students-of-fundacion-mir-campo-nueva-esperanza\/","url_meta":{"origin":345289,"position":4},"title":"Toros del Este Visit the students of Fundaci\u00f3n MIR Campo Nueva Esperanza","author":"Casa de Campo Living","date":"29 Oct, 2018","format":false,"excerpt":"Are you a Baseball fan? Well, if you are a Dominican we are pretty sure you are\u2026 and if you\u2019re not its pretty difficult to be in the Dominican Republic at this time of year and not get swept up in the excitement of baseball! On Monday, October 22nd, a\u2026","rel":"","context":"En \u00abBeyond Casa\u00bb","block_context":{"text":"Beyond Casa","link":"https:\/\/casadecampoliving.com\/category\/beyond-casa\/"},"img":{"alt_text":"IMG_8793","src":"https:\/\/i0.wp.com\/casadecampoliving.com\/wp-content\/uploads\/2022\/10\/IMG_8793.jpg?resize=350%2C200","width":350,"height":200,"srcset":"https:\/\/i0.wp.com\/casadecampoliving.com\/wp-content\/uploads\/2022\/10\/IMG_8793.jpg?resize=350%2C200 1x, https:\/\/i0.wp.com\/casadecampoliving.com\/wp-content\/uploads\/2022\/10\/IMG_8793.jpg?resize=525%2C300 1.5x, https:\/\/i0.wp.com\/casadecampoliving.com\/wp-content\/uploads\/2022\/10\/IMG_8793.jpg?resize=700%2C400 2x"},"classes":[]},{"id":318737,"url":"https:\/\/casadecampoliving.com\/es\/learning-to-save-at-the-fundacion-mirs-boys-school\/","url_meta":{"origin":345289,"position":5},"title":"Learning to save at the Fundacion MIR&#8217;s boys school","author":"Rebecca Silvestri","date":"24 Abr, 2010","format":false,"excerpt":"Last Tuesday the 13th of April the Campo Nueva Esperanza, the Fundacion MIR\u2019s boy\u2019s school in La Romana received a very special visit from the Asociacion\u00a0Romana de Ahorros y Prestamos (the La Romana\u00a0association\u00a0of savings and loans). \u00a0 Lic. Jose Melo and Lic.Ibelka Gil from the Asociacion Romana de Ahorros y\u2026","rel":"","context":"En \u00abBeyond Casa\u00bb","block_context":{"text":"Beyond Casa","link":"https:\/\/casadecampoliving.com\/category\/beyond-casa\/"},"img":{"alt_text":"","src":"https:\/\/i0.wp.com\/casadecampoliving.com\/wp-content\/uploads\/2022\/10\/fundacion-MIR-Campo-Nueva-Esperanza-casa-de-campo-living-1.jpg?fit=575%2C386&ssl=1&resize=350%2C200","width":350,"height":200,"srcset":"https:\/\/i0.wp.com\/casadecampoliving.com\/wp-content\/uploads\/2022\/10\/fundacion-MIR-Campo-Nueva-Esperanza-casa-de-campo-living-1.jpg?fit=575%2C386&ssl=1&resize=350%2C200 1x, https:\/\/i0.wp.com\/casadecampoliving.com\/wp-content\/uploads\/2022\/10\/fundacion-MIR-Campo-Nueva-Esperanza-casa-de-campo-living-1.jpg?fit=575%2C386&ssl=1&resize=525%2C300 1.5x"},"classes":[]}],"jetpack_sharing_enabled":true,"_links":{"self":[{"href":"https:\/\/casadecampoliving.com\/es\/wp-json\/wp\/v2\/posts\/345289","targetHints":{"allow":["GET"]}}],"collection":[{"href":"https:\/\/casadecampoliving.com\/es\/wp-json\/wp\/v2\/posts"}],"about":[{"href":"https:\/\/casadecampoliving.com\/es\/wp-json\/wp\/v2\/types\/post"}],"author":[{"embeddable":true,"href":"https:\/\/casadecampoliving.com\/es\/wp-json\/wp\/v2\/users\/22010"}],"replies":[{"embeddable":true,"href":"https:\/\/casadecampoliving.com\/es\/wp-json\/wp\/v2\/comments?post=345289"}],"version-history":[{"count":1,"href":"https:\/\/casadecampoliving.com\/es\/wp-json\/wp\/v2\/posts\/345289\/revisions"}],"predecessor-version":[{"id":345290,"href":"https:\/\/casadecampoliving.com\/es\/wp-json\/wp\/v2\/posts\/345289\/revisions\/345290"}],"wp:featuredmedia":[{"embeddable":true,"href":"https:\/\/casadecampoliving.com\/es\/wp-json\/wp\/v2\/media\/274215"}],"wp:attachment":[{"href":"https:\/\/casadecampoliving.com\/es\/wp-json\/wp\/v2\/media?parent=345289"}],"wp:term":[{"taxonomy":"category","embeddable":true,"href":"https:\/\/casadecampoliving.com\/es\/wp-json\/wp\/v2\/categories?post=345289"},{"taxonomy":"post_tag","embeddable":true,"href":"https:\/\/casadecampoliving.com\/es\/wp-json\/wp\/v2\/tags?post=345289"},{"taxonomy":"newspack_spnsrs_tax","embeddable":true,"href":"https:\/\/casadecampoliving.com\/es\/wp-json\/wp\/v2\/newspack_spnsrs_tax?post=345289"}],"curies":[{"name":"wp","href":"https:\/\/api.w.org\/{rel}","templated":true}]}}