{"id":345259,"date":"2014-09-07T00:00:00","date_gmt":"2014-09-07T04:00:00","guid":{"rendered":"https:\/\/casadecampoliving.com\/look-love-magical-casa-de-campo-wedding\/"},"modified":"2022-10-21T18:56:46","modified_gmt":"2022-10-21T22:56:46","slug":"look-love-magical-casa-de-campo-wedding","status":"publish","type":"post","link":"https:\/\/casadecampoliving.com\/es\/look-love-magical-casa-de-campo-wedding\/","title":{"rendered":"La mirada del amor y una m\u00e1gica boda en Casa de Campo"},"content":{"rendered":"<div class=\"wp-block-image\">\n<figure class=\"aligncenter is-resized\"><img loading=\"lazy\" decoding=\"async\" src=\"https:\/\/i0.wp.com\/casadecampoliving.com\/wp-content\/uploads\/2022\/10\/ND7_1006.jpg?resize=650%2C433&amp;ssl=1\" alt=\"Amy casa de campo wedding\" class=\"wp-image-96864\" height=\"433\" width=\"650\"\/><\/figure>\n<\/div>\n\n\n<p>Para Amy y Wilson, fue el momento en que pudieron verse por primera vez el d\u00eda de su boda en Casa de Campo, \u00a1que hizo que todo fuese perfecto! \u00bfY qu\u00e9 mejor lugar para celebrar una uni\u00f3n rom\u00e1ntica que la Iglesia St. Stanislaus en Altos de Chav\u00f3n? Aqu\u00ed le traemos la inolvidable celebraci\u00f3n de bodas de Amy y Wilson.<\/p>\n\n\n\n<!--more-->\n\n\n<div class=\"wp-block-image\">\n<figure class=\"alignright is-resized\"><img loading=\"lazy\" decoding=\"async\" src=\"https:\/\/i0.wp.com\/casadecampoliving.com\/wp-content\/uploads\/2022\/10\/ND8_7331.jpg?resize=300%2C449&amp;ssl=1\" alt=\"Amy casa de campo wedding\" class=\"wp-image-96870\" height=\"449\" width=\"300\"\/><\/figure>\n<\/div>\n\n\n<p>Despu\u00e9s de haber visitado Casa de Campo y Altos de Chav\u00f3n muchas veces, para Amy y Wilson parec\u00eda que no hab\u00eda otro lugar en el planeta tierra que fuese lo suficientemente especial para un ocasi\u00f3n tan memorable. \u00bfQui\u00e9n podr\u00eda culparlos? Celebrar la boda perfecta fue un sue\u00f1o hecho realidad para esta feliz pareja, y claro, Casa de Campo est\u00e1 muy feliz de haber sido escogido como el escenario para esta m\u00e1gica boda.<\/p>\n\n\n\n<p>Acompa\u00f1ados por m\u00e1s de 80 invitados de todas partes del mundo, quienes vinieron a presenciar su amor y desearles lo mejor, la ceremonia de bodas ocurri\u00f3 en las piedras de Altos de Chav\u00f3n y despu\u00e9s de la cual, hubo una glamurosa recepci\u00f3n de bodas en Vista Mar 14.<\/p>\n\n\n\n<p><span style=\"font-size: 13px;\">No hay mejor manera de contar esta hermosa historia que a trav\u00e9s de los ojos de la novia, Amy:<\/span><\/p>\n\n\n<div class=\"wp-block-image\">\n<figure class=\"aligncenter is-resized\"><img loading=\"lazy\" decoding=\"async\" src=\"https:\/\/i0.wp.com\/casadecampoliving.com\/wp-content\/uploads\/2022\/10\/ND8_6854.jpg?resize=650%2C434&amp;ssl=1\" alt=\"Amy casa de campo wedding\" class=\"wp-image-96866\" height=\"434\" width=\"650\"\/><\/figure>\n<\/div>\n\n<div class=\"wp-block-image\">\n<figure class=\"alignright is-resized\"><img loading=\"lazy\" decoding=\"async\" src=\"https:\/\/i0.wp.com\/casadecampoliving.com\/wp-content\/uploads\/2022\/10\/ND8_7274.jpg?resize=300%2C449&amp;ssl=1\" alt=\"Amy casa de campo wedding\" class=\"wp-image-96869\" height=\"449\" width=\"300\"\/><\/figure>\n<\/div>\n\n\n<p><strong>@cdcliving:\u00bfC\u00f3mo se sinti\u00f3 la organizaci\u00f3n de tu boda?<\/strong><\/p>\n\n\n\n<p>Organizar la boda estuvo libre de stress. Mis suegros, Dilcia y Bill Gambrel, \u00a1colaboraron con&nbsp;Tres Eventos para planear una magn\u00edfica, perfecta y glamurosa boda! Fue m\u00e1s bella de lo que alguna vez pudimos haber so\u00f1ado y ellos se hicieron cargo de cada detalle.<\/p>\n\n\n\n<p><b>@cdcliving:<\/b><b>\u00bfCual fue el momento m\u00e1s emocionante de tu boda?<\/b><\/p>\n\n\n\n<p>El momento m\u00e1s emocionante fue nuestra mirada cuando nos vimos por primera vez en ese d\u00eda. Nunca nos olvidaremos de nuestras miradas. Est\u00e1bamos tan felices y emocionados de casarnos. Nuestro Fot\u00f3grafo, \u00a1Giovanni Cavallaro captur\u00f3 ese bello momento perfectamente!<\/p>\n\n\n\n<p><b>@cdcliving:<\/b><b>\u00bfCuando y por que decidieron casarse en Altos de Chav\u00f3n?<\/b><\/p>\n\n\n\n<p>Los padres de Wilson viven en Casa de Campo y siempre nos ha encantado Altos de Chav\u00f3n. Nos comprometimos en Tracadero cuando cumpl\u00ed los 30 a\u00f1os (el a\u00f1o antes de la boda) y sab\u00edamos que quer\u00edamos casarnos y celebrar nuestro amor en la Rep\u00fablica Dominicana as\u00ed que fue una opci\u00f3n natural.<\/p>\n\n\n<div class=\"wp-block-image\">\n<figure class=\"aligncenter is-resized\"><img loading=\"lazy\" decoding=\"async\" src=\"https:\/\/i0.wp.com\/casadecampoliving.com\/wp-content\/uploads\/2022\/10\/ND7_1016.jpg?resize=650%2C433&amp;ssl=1\" alt=\"Amy casa de campo wedding\" class=\"wp-image-96865\" height=\"433\" width=\"650\"\/><\/figure>\n<\/div>\n\n<div class=\"wp-block-image\">\n<figure class=\"alignright is-resized\"><img loading=\"lazy\" decoding=\"async\" src=\"https:\/\/i0.wp.com\/casadecampoliving.com\/wp-content\/uploads\/2022\/10\/ND8_7527.jpg?resize=300%2C449&amp;ssl=1\" alt=\"Amy casa de campo wedding\" class=\"wp-image-96871\" height=\"449\" width=\"300\"\/><\/figure>\n<\/div>\n\n\n<p><strong>@cdcliving:<\/strong>&nbsp;<strong>Si pudieran hacer algo diferente, \u00bfqu\u00e9 har\u00edan?&nbsp;<\/strong><\/p>\n\n\n\n<p>No hubi\u00e9semos hecho nada diferente, \u00a1excepto agregarle m\u00e1s horas al d\u00eda para nunca dejar de celebrar!<\/p>\n\n\n\n<p><strong>@cdcliving:<\/strong>&nbsp;<strong>\u00bfD\u00f3nde tom\u00f3 lugar su recepci\u00f3n de bodas?<\/strong><\/p>\n\n\n\n<p>La recepci\u00f3n tom\u00f3 lugar en Vista Mar 14.<\/p>\n\n\n\n<p><strong>@cdcliving:<\/strong>&nbsp;<strong>Cuentanos sobre tu vestido<\/strong><\/p>\n\n\n\n<p>Mi vestido fue dise\u00f1ado por Mikaella. Fue el primer vestido que me prob\u00e9. Ten\u00eda un color perla y la falda en capas. Us\u00e9 las perlas de mi abuela como mi \u201calgo viejo\u201d.<\/p>\n\n\n\n<p><strong>@cdcliving:<\/strong>&nbsp;<strong>\u00bfCual fue el tema de su boda?<\/strong><\/p>\n\n\n\n<p>No hubo tema. Nuestros colores de preferencia fueron marfil, dorado y rosa. Quisimos algo simple, pero glamuroso.<\/p>\n\n\n<div class=\"wp-block-image\">\n<figure class=\"aligncenter is-resized\"><img loading=\"lazy\" decoding=\"async\" src=\"https:\/\/i0.wp.com\/casadecampoliving.com\/wp-content\/uploads\/2022\/10\/ND8_7228.jpg?resize=650%2C434&amp;ssl=1\" alt=\"ND8_7228\" class=\"wp-image-96872\" height=\"434\" width=\"650\"\/><\/figure>\n<\/div>\n\n\n<p><strong>@cdcliving:<\/strong>&nbsp;<strong>\u00bfCual fue el momento m\u00e1s especial?<\/strong><\/p>\n\n\n\n<p>\u00a1Fueron tantos los momentos especiales! Nuestra cena de ensayo, la boda, la recepci\u00f3n, y pasar el d\u00eda siguiente en la playa Minitas con nuestros amigos y familiares fue maravilloso. \u00a1Nos sentimos amados por todos y sentimos tanta alegr\u00eda de ver a nuestros seres queridos &nbsp;divertirse!<\/p>\n\n\n\n<p><strong>@cdcliving:<\/strong>&nbsp;<strong>\u00bfCuantos invitados asistieron? \u00bfDe d\u00f3nde ven\u00edan dichos invitados?<\/strong><\/p>\n\n\n\n<p>Tuvimos alrededor de 80 invitados a nuestra boda de todas partes del mundo incluyendo de Estados Unidos, China y Jordania. \u00a1Les agradecemos tanto a todos los que viajaron para celebrar con nosotros!<\/p>\n\n\n\n<blockquote><h3>Boda de&nbsp;Amy &amp; Wilson&nbsp;en Casa de Campo<\/h3><figure><img decoding=\"async\" loading=\"lazy\" class=\"aligncenter wp-image-96863\" src=\"https:\/\/i0.wp.com\/casadecampoliving.com\/wp-content\/uploads\/2022\/10\/Group-Shot.jpg?resize=620%2C465&amp;ssl=1\" alt=\"Amy casa de campo wedding\" width=\"620\" height=\"465\"><\/figure><p><br>\n<strong>Planificaci\u00f3n de Bodas<\/strong>: Tres Eventos, Casa de Campo<\/p><p><strong>Decorador y decoraciones<\/strong>:&nbsp;Tres Eventos<\/p><p><strong>Fotograf\u00eda<\/strong>:&nbsp;Giovanni Cavallaro<\/p><p><strong>Vestido<\/strong>:&nbsp;Mi vestido fue dise\u00f1ado por Mikaella<\/p><p><strong>Lugares<\/strong>:<\/p><ul>\n<li>Ceremonia de la boda \u2013&nbsp;St. Stanislaus church, Altos de Chav\u00f3n<\/li>\n<li>Recepci\u00f3n&nbsp;\u2013 Vista Mar 14<\/li>\n<\/ul><\/blockquote>\n","protected":false},"excerpt":{"rendered":"<p>Para Amy y Wilson, fue el momento en que pudieron verse por primera vez el d\u00eda de su boda en Casa de Campo, \u00a1que hizo que todo fuese perfecto! \u00bfY qu\u00e9 mejor lugar para celebrar una uni\u00f3n rom\u00e1ntica que la Iglesia St. Stanislaus en Altos de Chav\u00f3n? Aqu\u00ed le traemos la inolvidable celebraci\u00f3n de bodas [&hellip;]<\/p>\n","protected":false},"author":22010,"featured_media":274051,"comment_status":"closed","ping_status":"closed","sticky":false,"template":"","format":"standard","meta":{"newspack_ads_suppress_ads":false,"newspack_popups_has_disabled_popups":false,"newspack_sponsor_sponsorship_scope":"","newspack_sponsor_native_byline_display":"inherit","newspack_sponsor_native_category_display":"inherit","newspack_sponsor_underwriter_style":"inherit","newspack_sponsor_underwriter_placement":"inherit","_newspack_byline_active":false,"_newspack_byline":"","newspack_content_restriction_is_exempt":false,"newspack_featured_image_position":"","newspack_post_subtitle":"","newspack_article_summary_title":"Overview:","newspack_article_summary":"","newspack_hide_updated_date":false,"newspack_show_updated_date":false,"_jetpack_memberships_contains_paid_content":false,"footnotes":"","jetpack_publicize_message":"","jetpack_publicize_feature_enabled":true,"jetpack_social_post_already_shared":false,"jetpack_social_options":{"image_generator_settings":{"template":"highway","default_image_id":0,"font":"","enabled":false},"version":2},"_wpas_customize_per_network":false},"categories":[26819,7161,26936,26951,2509,14631,2522,14625,14627,2521,26822,2526],"tags":[15387,2538,23815,13827,2561],"newspack_spnsrs_tax":[],"class_list":["post-345259","post","type-post","status-publish","format-standard","has-post-thumbnail","hentry","category-altos-de-chavon-es","category-bodas","category-casa-de-campo-living-es","category-ccl-presenta","category-ccl-presenta-es","category-estilo-de-vida","category-eventos-es","category-noticias-locales","category-proximamente","category-republica-dominicana-2","category-resort-casa-de-campo","category-titulares-es","tag-altos-de-chavon-es","tag-boda","tag-casa-de-campo-es-17","tag-casa-de-campo-living","tag-resort-casa-de-campo","entry"],"yoast_head":"<!-- This site is optimized with the Yoast SEO plugin v27.3 - https:\/\/yoast.com\/product\/yoast-seo-wordpress\/ -->\n<title>La mirada del amor y una m\u00e1gica boda en Casa de Campo | Casa de Campo Living<\/title>\n<meta name=\"description\" content=\"Para Amy y Wilson, fue el momento en que pudieron verse por primera vez el d\u00eda de su boda en Casa de Campo, \u00a1que hizo que todo fuese perfecto! \u00bfY qu\u00e9\" \/>\n<meta name=\"robots\" content=\"index, follow, max-snippet:-1, max-image-preview:large, max-video-preview:-1\" \/>\n<link rel=\"canonical\" href=\"https:\/\/casadecampoliving.com\/es\/look-love-magical-casa-de-campo-wedding\/\" \/>\n<meta property=\"og:locale\" content=\"es_ES\" \/>\n<meta property=\"og:type\" content=\"article\" \/>\n<meta property=\"og:title\" content=\"La mirada del amor y una m\u00e1gica boda en Casa de Campo | Casa de Campo Living\" \/>\n<meta property=\"og:description\" content=\"Para Amy y Wilson, fue el momento en que pudieron verse por primera vez el d\u00eda de su boda en Casa de Campo, \u00a1que hizo que todo fuese perfecto! \u00bfY qu\u00e9\" \/>\n<meta property=\"og:url\" content=\"https:\/\/casadecampoliving.com\/es\/look-love-magical-casa-de-campo-wedding\/\" \/>\n<meta property=\"og:site_name\" content=\"Casa de Campo Living\" \/>\n<meta property=\"article:publisher\" content=\"https:\/\/www.facebook.com\/casadecampoliving\" \/>\n<meta property=\"article:published_time\" content=\"2014-09-07T04:00:00+00:00\" \/>\n<meta property=\"article:modified_time\" content=\"2022-10-21T22:56:46+00:00\" \/>\n<meta property=\"og:image\" content=\"https:\/\/i0.wp.com\/casadecampoliving.com\/wp-content\/uploads\/2022\/10\/ND7_1006-1.jpg?fit=800%2C533&ssl=1\" \/>\n\t<meta property=\"og:image:width\" content=\"800\" \/>\n\t<meta property=\"og:image:height\" content=\"533\" \/>\n\t<meta property=\"og:image:type\" content=\"image\/jpeg\" \/>\n<meta name=\"author\" content=\"Maria Isabel B\u00e1ez\" \/>\n<meta name=\"twitter:card\" content=\"summary_large_image\" \/>\n<meta name=\"twitter:creator\" content=\"@cdcliving\" \/>\n<meta name=\"twitter:site\" content=\"@cdcliving\" \/>\n<meta name=\"twitter:label1\" content=\"Escrito por\" \/>\n\t<meta name=\"twitter:data1\" content=\"Maria Isabel B\u00e1ez\" \/>\n\t<meta name=\"twitter:label2\" content=\"Tiempo de lectura\" \/>\n\t<meta name=\"twitter:data2\" content=\"3 minutos\" \/>\n<script type=\"application\/ld+json\" class=\"yoast-schema-graph\">{\"@context\":\"https:\\\/\\\/schema.org\",\"@graph\":[{\"@type\":\"Article\",\"@id\":\"https:\\\/\\\/casadecampoliving.com\\\/es\\\/look-love-magical-casa-de-campo-wedding\\\/#article\",\"isPartOf\":{\"@id\":\"https:\\\/\\\/casadecampoliving.com\\\/es\\\/look-love-magical-casa-de-campo-wedding\\\/\"},\"author\":{\"name\":\"Maria Isabel B\u00e1ez\",\"@id\":\"https:\\\/\\\/casadecampoliving.com\\\/es\\\/#\\\/schema\\\/person\\\/8fc218930d06cbe215cf6c4fc64caa11\"},\"headline\":\"La mirada del amor y una m\u00e1gica boda en Casa de Campo\",\"datePublished\":\"2014-09-07T04:00:00+00:00\",\"dateModified\":\"2022-10-21T22:56:46+00:00\",\"mainEntityOfPage\":{\"@id\":\"https:\\\/\\\/casadecampoliving.com\\\/es\\\/look-love-magical-casa-de-campo-wedding\\\/\"},\"wordCount\":684,\"publisher\":{\"@id\":\"https:\\\/\\\/casadecampoliving.com\\\/es\\\/#organization\"},\"image\":{\"@id\":\"https:\\\/\\\/casadecampoliving.com\\\/es\\\/look-love-magical-casa-de-campo-wedding\\\/#primaryimage\"},\"thumbnailUrl\":\"https:\\\/\\\/i0.wp.com\\\/casadecampoliving.com\\\/wp-content\\\/uploads\\\/2022\\\/10\\\/ND7_1006-1.jpg?fit=800%2C533&ssl=1\",\"keywords\":[\"Altos de Chavon\",\"boda\",\"Casa de Campo\",\"Casa de Campo Living\",\"resort casa de campo\"],\"articleSection\":[\"Altos de Chavon @es\",\"bodas\",\"Casa de Campo Living @es\",\"CCL presenta\",\"CCL presenta\",\"Estilo de Vida\",\"Eventos\",\"Noticias Locales\",\"Proximamente\",\"Rep\u00fablica Dominicana @es\",\"Resort Casa de Campo\",\"Titulares\"],\"inLanguage\":\"es\"},{\"@type\":\"WebPage\",\"@id\":\"https:\\\/\\\/casadecampoliving.com\\\/es\\\/look-love-magical-casa-de-campo-wedding\\\/\",\"url\":\"https:\\\/\\\/casadecampoliving.com\\\/es\\\/look-love-magical-casa-de-campo-wedding\\\/\",\"name\":\"La mirada del amor y una m\u00e1gica boda en Casa de Campo | Casa de Campo Living\",\"isPartOf\":{\"@id\":\"https:\\\/\\\/casadecampoliving.com\\\/es\\\/#website\"},\"primaryImageOfPage\":{\"@id\":\"https:\\\/\\\/casadecampoliving.com\\\/es\\\/look-love-magical-casa-de-campo-wedding\\\/#primaryimage\"},\"image\":{\"@id\":\"https:\\\/\\\/casadecampoliving.com\\\/es\\\/look-love-magical-casa-de-campo-wedding\\\/#primaryimage\"},\"thumbnailUrl\":\"https:\\\/\\\/i0.wp.com\\\/casadecampoliving.com\\\/wp-content\\\/uploads\\\/2022\\\/10\\\/ND7_1006-1.jpg?fit=800%2C533&ssl=1\",\"datePublished\":\"2014-09-07T04:00:00+00:00\",\"dateModified\":\"2022-10-21T22:56:46+00:00\",\"description\":\"Para Amy y Wilson, fue el momento en que pudieron verse por primera vez el d\u00eda de su boda en Casa de Campo, \u00a1que hizo que todo fuese perfecto! \u00bfY qu\u00e9\",\"breadcrumb\":{\"@id\":\"https:\\\/\\\/casadecampoliving.com\\\/es\\\/look-love-magical-casa-de-campo-wedding\\\/#breadcrumb\"},\"inLanguage\":\"es\",\"potentialAction\":[{\"@type\":\"ReadAction\",\"target\":[\"https:\\\/\\\/casadecampoliving.com\\\/es\\\/look-love-magical-casa-de-campo-wedding\\\/\"]}]},{\"@type\":\"ImageObject\",\"inLanguage\":\"es\",\"@id\":\"https:\\\/\\\/casadecampoliving.com\\\/es\\\/look-love-magical-casa-de-campo-wedding\\\/#primaryimage\",\"url\":\"https:\\\/\\\/i0.wp.com\\\/casadecampoliving.com\\\/wp-content\\\/uploads\\\/2022\\\/10\\\/ND7_1006-1.jpg?fit=800%2C533&ssl=1\",\"contentUrl\":\"https:\\\/\\\/i0.wp.com\\\/casadecampoliving.com\\\/wp-content\\\/uploads\\\/2022\\\/10\\\/ND7_1006-1.jpg?fit=800%2C533&ssl=1\",\"width\":800,\"height\":533,\"caption\":\"Amy casa de campo wedding\"},{\"@type\":\"BreadcrumbList\",\"@id\":\"https:\\\/\\\/casadecampoliving.com\\\/es\\\/look-love-magical-casa-de-campo-wedding\\\/#breadcrumb\",\"itemListElement\":[{\"@type\":\"ListItem\",\"position\":1,\"name\":\"Home\",\"item\":\"https:\\\/\\\/casadecampoliving.com\\\/es\\\/\"},{\"@type\":\"ListItem\",\"position\":2,\"name\":\"La mirada del amor y una m\u00e1gica boda en Casa de Campo\"}]},{\"@type\":\"WebSite\",\"@id\":\"https:\\\/\\\/casadecampoliving.com\\\/es\\\/#website\",\"url\":\"https:\\\/\\\/casadecampoliving.com\\\/es\\\/\",\"name\":\"Casa de Campo Living\",\"description\":\"Resort community news and resources.\",\"publisher\":{\"@id\":\"https:\\\/\\\/casadecampoliving.com\\\/es\\\/#organization\"},\"potentialAction\":[{\"@type\":\"SearchAction\",\"target\":{\"@type\":\"EntryPoint\",\"urlTemplate\":\"https:\\\/\\\/casadecampoliving.com\\\/es\\\/?s={search_term_string}\"},\"query-input\":{\"@type\":\"PropertyValueSpecification\",\"valueRequired\":true,\"valueName\":\"search_term_string\"}}],\"inLanguage\":\"es\"},{\"@type\":\"Organization\",\"@id\":\"https:\\\/\\\/casadecampoliving.com\\\/es\\\/#organization\",\"name\":\"Casa de Campo Living\",\"url\":\"https:\\\/\\\/casadecampoliving.com\\\/es\\\/\",\"logo\":{\"@type\":\"ImageObject\",\"inLanguage\":\"es\",\"@id\":\"https:\\\/\\\/casadecampoliving.com\\\/es\\\/#\\\/schema\\\/logo\\\/image\\\/\",\"url\":\"https:\\\/\\\/i0.wp.com\\\/casadecampoliving.com\\\/wp-content\\\/uploads\\\/2022\\\/07\\\/CDCLivingLogo_V1-white-sized.png?fit=800%2C214&ssl=1\",\"contentUrl\":\"https:\\\/\\\/i0.wp.com\\\/casadecampoliving.com\\\/wp-content\\\/uploads\\\/2022\\\/07\\\/CDCLivingLogo_V1-white-sized.png?fit=800%2C214&ssl=1\",\"width\":800,\"height\":214,\"caption\":\"Casa de Campo Living\"},\"image\":{\"@id\":\"https:\\\/\\\/casadecampoliving.com\\\/es\\\/#\\\/schema\\\/logo\\\/image\\\/\"},\"sameAs\":[\"https:\\\/\\\/www.facebook.com\\\/casadecampoliving\",\"https:\\\/\\\/x.com\\\/cdcliving\"]},{\"@type\":\"Person\",\"@id\":\"https:\\\/\\\/casadecampoliving.com\\\/es\\\/#\\\/schema\\\/person\\\/8fc218930d06cbe215cf6c4fc64caa11\",\"name\":\"Maria Isabel B\u00e1ez\",\"image\":{\"@type\":\"ImageObject\",\"inLanguage\":\"es\",\"@id\":\"https:\\\/\\\/secure.gravatar.com\\\/avatar\\\/d6e25af8826ab9ae04e6fcc864034c13600a3a03fc45e4bd8fe7ab8c4d289c2a?s=96&d=mm&r=g\",\"url\":\"https:\\\/\\\/secure.gravatar.com\\\/avatar\\\/d6e25af8826ab9ae04e6fcc864034c13600a3a03fc45e4bd8fe7ab8c4d289c2a?s=96&d=mm&r=g\",\"contentUrl\":\"https:\\\/\\\/secure.gravatar.com\\\/avatar\\\/d6e25af8826ab9ae04e6fcc864034c13600a3a03fc45e4bd8fe7ab8c4d289c2a?s=96&d=mm&r=g\",\"caption\":\"Maria Isabel B\u00e1ez\"},\"url\":\"https:\\\/\\\/casadecampoliving.com\\\/es\\\/author\\\/mbaez\\\/\"}]}<\/script>\n<!-- \/ Yoast SEO plugin. -->","yoast_head_json":{"title":"La mirada del amor y una m\u00e1gica boda en Casa de Campo | Casa de Campo Living","description":"Para Amy y Wilson, fue el momento en que pudieron verse por primera vez el d\u00eda de su boda en Casa de Campo, \u00a1que hizo que todo fuese perfecto! \u00bfY qu\u00e9","robots":{"index":"index","follow":"follow","max-snippet":"max-snippet:-1","max-image-preview":"max-image-preview:large","max-video-preview":"max-video-preview:-1"},"canonical":"https:\/\/casadecampoliving.com\/es\/look-love-magical-casa-de-campo-wedding\/","og_locale":"es_ES","og_type":"article","og_title":"La mirada del amor y una m\u00e1gica boda en Casa de Campo | Casa de Campo Living","og_description":"Para Amy y Wilson, fue el momento en que pudieron verse por primera vez el d\u00eda de su boda en Casa de Campo, \u00a1que hizo que todo fuese perfecto! \u00bfY qu\u00e9","og_url":"https:\/\/casadecampoliving.com\/es\/look-love-magical-casa-de-campo-wedding\/","og_site_name":"Casa de Campo Living","article_publisher":"https:\/\/www.facebook.com\/casadecampoliving","article_published_time":"2014-09-07T04:00:00+00:00","article_modified_time":"2022-10-21T22:56:46+00:00","og_image":[{"width":800,"height":533,"url":"https:\/\/i0.wp.com\/casadecampoliving.com\/wp-content\/uploads\/2022\/10\/ND7_1006-1.jpg?fit=800%2C533&ssl=1","type":"image\/jpeg"}],"author":"Maria Isabel B\u00e1ez","twitter_card":"summary_large_image","twitter_creator":"@cdcliving","twitter_site":"@cdcliving","twitter_misc":{"Escrito por":"Maria Isabel B\u00e1ez","Tiempo de lectura":"3 minutos"},"schema":{"@context":"https:\/\/schema.org","@graph":[{"@type":"Article","@id":"https:\/\/casadecampoliving.com\/es\/look-love-magical-casa-de-campo-wedding\/#article","isPartOf":{"@id":"https:\/\/casadecampoliving.com\/es\/look-love-magical-casa-de-campo-wedding\/"},"author":{"name":"Maria Isabel B\u00e1ez","@id":"https:\/\/casadecampoliving.com\/es\/#\/schema\/person\/8fc218930d06cbe215cf6c4fc64caa11"},"headline":"La mirada del amor y una m\u00e1gica boda en Casa de Campo","datePublished":"2014-09-07T04:00:00+00:00","dateModified":"2022-10-21T22:56:46+00:00","mainEntityOfPage":{"@id":"https:\/\/casadecampoliving.com\/es\/look-love-magical-casa-de-campo-wedding\/"},"wordCount":684,"publisher":{"@id":"https:\/\/casadecampoliving.com\/es\/#organization"},"image":{"@id":"https:\/\/casadecampoliving.com\/es\/look-love-magical-casa-de-campo-wedding\/#primaryimage"},"thumbnailUrl":"https:\/\/i0.wp.com\/casadecampoliving.com\/wp-content\/uploads\/2022\/10\/ND7_1006-1.jpg?fit=800%2C533&ssl=1","keywords":["Altos de Chavon","boda","Casa de Campo","Casa de Campo Living","resort casa de campo"],"articleSection":["Altos de Chavon @es","bodas","Casa de Campo Living @es","CCL presenta","CCL presenta","Estilo de Vida","Eventos","Noticias Locales","Proximamente","Rep\u00fablica Dominicana @es","Resort Casa de Campo","Titulares"],"inLanguage":"es"},{"@type":"WebPage","@id":"https:\/\/casadecampoliving.com\/es\/look-love-magical-casa-de-campo-wedding\/","url":"https:\/\/casadecampoliving.com\/es\/look-love-magical-casa-de-campo-wedding\/","name":"La mirada del amor y una m\u00e1gica boda en Casa de Campo | Casa de Campo Living","isPartOf":{"@id":"https:\/\/casadecampoliving.com\/es\/#website"},"primaryImageOfPage":{"@id":"https:\/\/casadecampoliving.com\/es\/look-love-magical-casa-de-campo-wedding\/#primaryimage"},"image":{"@id":"https:\/\/casadecampoliving.com\/es\/look-love-magical-casa-de-campo-wedding\/#primaryimage"},"thumbnailUrl":"https:\/\/i0.wp.com\/casadecampoliving.com\/wp-content\/uploads\/2022\/10\/ND7_1006-1.jpg?fit=800%2C533&ssl=1","datePublished":"2014-09-07T04:00:00+00:00","dateModified":"2022-10-21T22:56:46+00:00","description":"Para Amy y Wilson, fue el momento en que pudieron verse por primera vez el d\u00eda de su boda en Casa de Campo, \u00a1que hizo que todo fuese perfecto! \u00bfY qu\u00e9","breadcrumb":{"@id":"https:\/\/casadecampoliving.com\/es\/look-love-magical-casa-de-campo-wedding\/#breadcrumb"},"inLanguage":"es","potentialAction":[{"@type":"ReadAction","target":["https:\/\/casadecampoliving.com\/es\/look-love-magical-casa-de-campo-wedding\/"]}]},{"@type":"ImageObject","inLanguage":"es","@id":"https:\/\/casadecampoliving.com\/es\/look-love-magical-casa-de-campo-wedding\/#primaryimage","url":"https:\/\/i0.wp.com\/casadecampoliving.com\/wp-content\/uploads\/2022\/10\/ND7_1006-1.jpg?fit=800%2C533&ssl=1","contentUrl":"https:\/\/i0.wp.com\/casadecampoliving.com\/wp-content\/uploads\/2022\/10\/ND7_1006-1.jpg?fit=800%2C533&ssl=1","width":800,"height":533,"caption":"Amy casa de campo wedding"},{"@type":"BreadcrumbList","@id":"https:\/\/casadecampoliving.com\/es\/look-love-magical-casa-de-campo-wedding\/#breadcrumb","itemListElement":[{"@type":"ListItem","position":1,"name":"Home","item":"https:\/\/casadecampoliving.com\/es\/"},{"@type":"ListItem","position":2,"name":"La mirada del amor y una m\u00e1gica boda en Casa de Campo"}]},{"@type":"WebSite","@id":"https:\/\/casadecampoliving.com\/es\/#website","url":"https:\/\/casadecampoliving.com\/es\/","name":"Casa de Campo Living","description":"Resort community news and resources.","publisher":{"@id":"https:\/\/casadecampoliving.com\/es\/#organization"},"potentialAction":[{"@type":"SearchAction","target":{"@type":"EntryPoint","urlTemplate":"https:\/\/casadecampoliving.com\/es\/?s={search_term_string}"},"query-input":{"@type":"PropertyValueSpecification","valueRequired":true,"valueName":"search_term_string"}}],"inLanguage":"es"},{"@type":"Organization","@id":"https:\/\/casadecampoliving.com\/es\/#organization","name":"Casa de Campo Living","url":"https:\/\/casadecampoliving.com\/es\/","logo":{"@type":"ImageObject","inLanguage":"es","@id":"https:\/\/casadecampoliving.com\/es\/#\/schema\/logo\/image\/","url":"https:\/\/i0.wp.com\/casadecampoliving.com\/wp-content\/uploads\/2022\/07\/CDCLivingLogo_V1-white-sized.png?fit=800%2C214&ssl=1","contentUrl":"https:\/\/i0.wp.com\/casadecampoliving.com\/wp-content\/uploads\/2022\/07\/CDCLivingLogo_V1-white-sized.png?fit=800%2C214&ssl=1","width":800,"height":214,"caption":"Casa de Campo Living"},"image":{"@id":"https:\/\/casadecampoliving.com\/es\/#\/schema\/logo\/image\/"},"sameAs":["https:\/\/www.facebook.com\/casadecampoliving","https:\/\/x.com\/cdcliving"]},{"@type":"Person","@id":"https:\/\/casadecampoliving.com\/es\/#\/schema\/person\/8fc218930d06cbe215cf6c4fc64caa11","name":"Maria Isabel B\u00e1ez","image":{"@type":"ImageObject","inLanguage":"es","@id":"https:\/\/secure.gravatar.com\/avatar\/d6e25af8826ab9ae04e6fcc864034c13600a3a03fc45e4bd8fe7ab8c4d289c2a?s=96&d=mm&r=g","url":"https:\/\/secure.gravatar.com\/avatar\/d6e25af8826ab9ae04e6fcc864034c13600a3a03fc45e4bd8fe7ab8c4d289c2a?s=96&d=mm&r=g","contentUrl":"https:\/\/secure.gravatar.com\/avatar\/d6e25af8826ab9ae04e6fcc864034c13600a3a03fc45e4bd8fe7ab8c4d289c2a?s=96&d=mm&r=g","caption":"Maria Isabel B\u00e1ez"},"url":"https:\/\/casadecampoliving.com\/es\/author\/mbaez\/"}]}},"parsely":{"version":"1.1.0","canonical_url":"https:\/\/casadecampoliving.com\/es\/look-love-magical-casa-de-campo-wedding\/","smart_links":{"inbound":0,"outbound":0},"traffic_boost_suggestions_count":0,"meta":{"@context":"https:\/\/schema.org","@type":"NewsArticle","headline":"La mirada del amor y una m\u00e1gica boda en Casa de Campo","url":"http:\/\/casadecampoliving.com\/es\/look-love-magical-casa-de-campo-wedding\/","mainEntityOfPage":{"@type":"WebPage","@id":"http:\/\/casadecampoliving.com\/es\/look-love-magical-casa-de-campo-wedding\/"},"thumbnailUrl":"https:\/\/i0.wp.com\/casadecampoliving.com\/wp-content\/uploads\/2022\/10\/ND7_1006-1.jpg?resize=150%2C150&ssl=1","image":{"@type":"ImageObject","url":"https:\/\/i0.wp.com\/casadecampoliving.com\/wp-content\/uploads\/2022\/10\/ND7_1006-1.jpg?fit=800%2C533&ssl=1"},"articleSection":"Altos de Chavon @es","author":[{"@type":"Person","name":"Maria Isabel B\u00e1ez"}],"creator":["Maria Isabel B\u00e1ez"],"publisher":{"@type":"Organization","name":"Casa de Campo Living","logo":"https:\/\/casadecampoliving.com\/wp-content\/uploads\/2022\/07\/CDCLivingLogo_V1-white-sized.png"},"keywords":["altos de chavon","boda","casa de campo","casa de campo living","resort casa de campo"],"dateCreated":"2014-09-07T04:00:00Z","datePublished":"2014-09-07T04:00:00Z","dateModified":"2022-10-21T22:56:46Z"},"rendered":"<script type=\"application\/ld+json\" class=\"wp-parsely-metadata\">{\"@context\":\"https:\\\/\\\/schema.org\",\"@type\":\"NewsArticle\",\"headline\":\"La mirada del amor y una m\\u00e1gica boda en Casa de Campo\",\"url\":\"http:\\\/\\\/casadecampoliving.com\\\/es\\\/look-love-magical-casa-de-campo-wedding\\\/\",\"mainEntityOfPage\":{\"@type\":\"WebPage\",\"@id\":\"http:\\\/\\\/casadecampoliving.com\\\/es\\\/look-love-magical-casa-de-campo-wedding\\\/\"},\"thumbnailUrl\":\"https:\\\/\\\/i0.wp.com\\\/casadecampoliving.com\\\/wp-content\\\/uploads\\\/2022\\\/10\\\/ND7_1006-1.jpg?resize=150%2C150&ssl=1\",\"image\":{\"@type\":\"ImageObject\",\"url\":\"https:\\\/\\\/i0.wp.com\\\/casadecampoliving.com\\\/wp-content\\\/uploads\\\/2022\\\/10\\\/ND7_1006-1.jpg?fit=800%2C533&ssl=1\"},\"articleSection\":\"Altos de Chavon @es\",\"author\":[{\"@type\":\"Person\",\"name\":\"Maria Isabel B\\u00e1ez\"}],\"creator\":[\"Maria Isabel B\\u00e1ez\"],\"publisher\":{\"@type\":\"Organization\",\"name\":\"Casa de Campo Living\",\"logo\":\"https:\\\/\\\/casadecampoliving.com\\\/wp-content\\\/uploads\\\/2022\\\/07\\\/CDCLivingLogo_V1-white-sized.png\"},\"keywords\":[\"altos de chavon\",\"boda\",\"casa de campo\",\"casa de campo living\",\"resort casa de campo\"],\"dateCreated\":\"2014-09-07T04:00:00Z\",\"datePublished\":\"2014-09-07T04:00:00Z\",\"dateModified\":\"2022-10-21T22:56:46Z\"}<\/script>","tracker_url":"https:\/\/cdn.parsely.com\/keys\/casadecampoliving.com\/p.js"},"jetpack_publicize_connections":[],"jetpack_featured_media_url":"https:\/\/i0.wp.com\/casadecampoliving.com\/wp-content\/uploads\/2022\/10\/ND7_1006-1.jpg?fit=800%2C533&ssl=1","jetpack-related-posts":[{"id":433460,"url":"https:\/\/casadecampoliving.com\/es\/no-se-pierdan-el-increible-tributo-a-frank-sinatra-para-celebrar-el-40-aniversario-del-anfiteatro-altos-de-chavon\/","url_meta":{"origin":345259,"position":0},"title":"No se pierdan el incre\u00edble tributo a Frank Sinatra para celebrar el 40 aniversario del\u00a0Anfiteatro Altos de Chav\u00f3n","author":"Casa de Campo Living","date":"20 Oct, 2022","format":false,"excerpt":"Siendo uno de los escenarios m\u00e1s emblem\u00e1ticos del pa\u00eds, Casa de Campo Resort\u00ae & Villas celebra las cuatro d\u00e9cadas de aniversario de Altos de Chav\u00f3n con un tributo al gran Frank Sinatra, protagonizado por artistas invitados y una big band tal cual la que acompa\u00f1\u00f3 al artista hace 40 a\u00f1os\u2026","rel":"","context":"En \u00abUncategorized @es\u00bb","block_context":{"text":"Uncategorized @es","link":"https:\/\/casadecampoliving.com\/es\/category\/uncategorized-es\/"},"img":{"alt_text":"","src":"https:\/\/i0.wp.com\/casadecampoliving.com\/wp-content\/uploads\/2022\/10\/Tributo-Frank-Sinatra-Foto-Principal-Amaury-Sanchez-Danilo-Ginebra-Andres-Pichardo-y-Jose-Gabriel-Perez-.jpg?fit=1200%2C873&ssl=1&resize=350%2C200","width":350,"height":200,"srcset":"https:\/\/i0.wp.com\/casadecampoliving.com\/wp-content\/uploads\/2022\/10\/Tributo-Frank-Sinatra-Foto-Principal-Amaury-Sanchez-Danilo-Ginebra-Andres-Pichardo-y-Jose-Gabriel-Perez-.jpg?fit=1200%2C873&ssl=1&resize=350%2C200 1x, https:\/\/i0.wp.com\/casadecampoliving.com\/wp-content\/uploads\/2022\/10\/Tributo-Frank-Sinatra-Foto-Principal-Amaury-Sanchez-Danilo-Ginebra-Andres-Pichardo-y-Jose-Gabriel-Perez-.jpg?fit=1200%2C873&ssl=1&resize=525%2C300 1.5x, https:\/\/i0.wp.com\/casadecampoliving.com\/wp-content\/uploads\/2022\/10\/Tributo-Frank-Sinatra-Foto-Principal-Amaury-Sanchez-Danilo-Ginebra-Andres-Pichardo-y-Jose-Gabriel-Perez-.jpg?fit=1200%2C873&ssl=1&resize=700%2C400 2x, https:\/\/i0.wp.com\/casadecampoliving.com\/wp-content\/uploads\/2022\/10\/Tributo-Frank-Sinatra-Foto-Principal-Amaury-Sanchez-Danilo-Ginebra-Andres-Pichardo-y-Jose-Gabriel-Perez-.jpg?fit=1200%2C873&ssl=1&resize=1050%2C600 3x"},"classes":[]},{"id":354155,"url":"https:\/\/casadecampoliving.com\/es\/casa-de-campo-resort-villas-selected-as-best-destination-for-a-weekday-wedding\/","url_meta":{"origin":345259,"position":1},"title":"Casa de Campo Resort &#038; Villas seleccionado como el mejor destino para una boda entre semana","author":"Casa de Campo Living","date":"18 Sep, 2021","format":false,"excerpt":"A medida que las restricciones comienzan a disminuir, m\u00e1s parejas se sienten lo suficientemente seguras como para finalmente fijar una fecha para la boda. Con un poco de creatividad, han encontrado formas de reelaborar su celebraci\u00f3n para que sea a la vez segura Y sentimental. Gracias a los consejos y\u2026","rel":"","context":"En \u00abAltos de Chavon @es\u00bb","block_context":{"text":"Altos de Chavon @es","link":"https:\/\/casadecampoliving.com\/category\/altos-de-chavon-es\/"},"img":{"alt_text":"","src":"https:\/\/i0.wp.com\/casadecampoliving.com\/wp-content\/uploads\/2022\/10\/175921986_1779485568875973_1051926526322409172_n-e1632151077100-1.jpg?fit=1000%2C768&ssl=1&resize=350%2C200","width":350,"height":200,"srcset":"https:\/\/i0.wp.com\/casadecampoliving.com\/wp-content\/uploads\/2022\/10\/175921986_1779485568875973_1051926526322409172_n-e1632151077100-1.jpg?fit=1000%2C768&ssl=1&resize=350%2C200 1x, https:\/\/i0.wp.com\/casadecampoliving.com\/wp-content\/uploads\/2022\/10\/175921986_1779485568875973_1051926526322409172_n-e1632151077100-1.jpg?fit=1000%2C768&ssl=1&resize=525%2C300 1.5x, https:\/\/i0.wp.com\/casadecampoliving.com\/wp-content\/uploads\/2022\/10\/175921986_1779485568875973_1051926526322409172_n-e1632151077100-1.jpg?fit=1000%2C768&ssl=1&resize=700%2C400 2x"},"classes":[]},{"id":345898,"url":"https:\/\/casadecampoliving.com\/es\/marc-anthony-planea-una-boda-en-casa-de-campo\/","url_meta":{"origin":345259,"position":2},"title":"Marc Anthony planea una boda en Casa de Campo","author":"Perkin Agramonte","date":"5 Nov, 2014","format":false,"excerpt":"\u00bfEscuch\u00f3 la noticia de \u00faltimo minuto? De acuerdo a la agencia de noticias, EFE, Marc Anthony contraer\u00e1 nupcias aqu\u00ed en Casa de Campo la pr\u00f3xima semana. Es as\u00ed, el famoso salsero, y uno de los due\u00f1os de villa m\u00e1s famosos de Casa de Campo est\u00e1 planeando su boda en Casa\u2026","rel":"","context":"En \u00abAltos de Chavon @es\u00bb","block_context":{"text":"Altos de Chavon @es","link":"https:\/\/casadecampoliving.com\/category\/altos-de-chavon-es\/"},"img":{"alt_text":"marc anthony Altos de Chavon","src":"https:\/\/i0.wp.com\/casadecampoliving.com\/wp-content\/uploads\/2022\/10\/marc_anthony_altos_de_chavon-1.png?fit=582%2C322&ssl=1&resize=350%2C200","width":350,"height":200,"srcset":"https:\/\/i0.wp.com\/casadecampoliving.com\/wp-content\/uploads\/2022\/10\/marc_anthony_altos_de_chavon-1.png?fit=582%2C322&ssl=1&resize=350%2C200 1x, https:\/\/i0.wp.com\/casadecampoliving.com\/wp-content\/uploads\/2022\/10\/marc_anthony_altos_de_chavon-1.png?fit=582%2C322&ssl=1&resize=525%2C300 1.5x"},"classes":[]},{"id":342795,"url":"https:\/\/casadecampoliving.com\/es\/una-boda-espectacular-en-casa-de-campo\/","url_meta":{"origin":345259,"position":3},"title":"Boda Casa de Campo&#8230; un momento inolvidable","author":"Lenny Castillo","date":"3 Sep, 2013","format":false,"excerpt":"Otra boda hermosa en Casa de Campo esta vez celebrada en la parroquia de San Estanislao. El deseo de\u00a0Tim Lewis hijo, y Cristina Boggiano de celebrar una boda elegante y moderna, fue hecho realidad en Casa de Campo! Al momento de elegir el lugar perfecto e ideal para celebrar su\u2026","rel":"","context":"En \u00abAltos de Chavon @es\u00bb","block_context":{"text":"Altos de Chavon @es","link":"https:\/\/casadecampoliving.com\/category\/altos-de-chavon-es\/"},"img":{"alt_text":"Casa de Campo wedding in Altos de Chav\u00f3n","src":"https:\/\/i0.wp.com\/casadecampoliving.com\/wp-content\/uploads\/2022\/10\/casa_de_campo_wedding4-3.jpg?fit=650%2C419&ssl=1&resize=350%2C200","width":350,"height":200,"srcset":"https:\/\/i0.wp.com\/casadecampoliving.com\/wp-content\/uploads\/2022\/10\/casa_de_campo_wedding4-3.jpg?fit=650%2C419&ssl=1&resize=350%2C200 1x, https:\/\/i0.wp.com\/casadecampoliving.com\/wp-content\/uploads\/2022\/10\/casa_de_campo_wedding4-3.jpg?fit=650%2C419&ssl=1&resize=525%2C300 1.5x"},"classes":[]},{"id":342932,"url":"https:\/\/casadecampoliving.com\/es\/una-boda-al-estilo-casa-campo-en-altos-de-chavon\/","url_meta":{"origin":345259,"position":4},"title":"Una boda al estilo Casa Campo en Altos de Chav\u00f3n","author":"Lenny Castillo","date":"29 Sep, 2013","format":false,"excerpt":"Otra boda\u00a0maravillosa\u00a0en esta\u00a0ocasi\u00f3n de\u00a0Marco Antonio Carrasco de la Cruz y Hay Aymed Salinas Laos; la joven pareja vino con su bebe desde el Per\u00fa a decir... \"Acepto'' en una tradicional ceremonia de boda. Los adoquines pintorescos de Altos de Chav\u00f3n, fueron el contraste perfecto para el sue\u00f1o deseado de la\u2026","rel":"","context":"En \u00abAltos de Chavon @es\u00bb","block_context":{"text":"Altos de Chavon @es","link":"https:\/\/casadecampoliving.com\/category\/altos-de-chavon-es\/"},"img":{"alt_text":"","src":"https:\/\/i0.wp.com\/casadecampoliving.com\/wp-content\/uploads\/2022\/10\/casa_de_campo_wedding8-1.jpg?fit=650%2C410&ssl=1&resize=350%2C200","width":350,"height":200,"srcset":"https:\/\/i0.wp.com\/casadecampoliving.com\/wp-content\/uploads\/2022\/10\/casa_de_campo_wedding8-1.jpg?fit=650%2C410&ssl=1&resize=350%2C200 1x, https:\/\/i0.wp.com\/casadecampoliving.com\/wp-content\/uploads\/2022\/10\/casa_de_campo_wedding8-1.jpg?fit=650%2C410&ssl=1&resize=525%2C300 1.5x"},"classes":[]},{"id":338428,"url":"https:\/\/casadecampoliving.com\/es\/una-boda-de-ensueno-para-la-hermosa-novia-linda-tlustos-en-altos-de-chavon\/","url_meta":{"origin":345259,"position":5},"title":"Una boda de ensue\u00f1o para la hermosa novia Linda Tlustos en Altos de Chav\u00f3n","author":"","date":"10 Mar, 2012","format":false,"excerpt":"En diciembre de 2011, Linda Rosalyn Tlustos y su ahora esposo, C\u00e9sar Enrique P\u00e9rez, celebraron una boda de ensue\u00f1o en la hermosa Iglesia de Altos de Chav\u00f3n, una ocasi\u00f3n que compartieron con m\u00e1s de 100 familiares y amigos. Linda y su esposo son de Venezuela y ambos eligieron Casa de\u2026","rel":"","context":"En \u00abAltos de Chavon @es\u00bb","block_context":{"text":"Altos de Chavon @es","link":"https:\/\/casadecampoliving.com\/category\/altos-de-chavon-es\/"},"img":{"alt_text":"wedding altos de chavon","src":"https:\/\/i0.wp.com\/casadecampoliving.com\/wp-content\/uploads\/2022\/10\/wedding_altos_de_chavon1-4.jpg?fit=650%2C496&ssl=1&resize=350%2C200","width":350,"height":200,"srcset":"https:\/\/i0.wp.com\/casadecampoliving.com\/wp-content\/uploads\/2022\/10\/wedding_altos_de_chavon1-4.jpg?fit=650%2C496&ssl=1&resize=350%2C200 1x, https:\/\/i0.wp.com\/casadecampoliving.com\/wp-content\/uploads\/2022\/10\/wedding_altos_de_chavon1-4.jpg?fit=650%2C496&ssl=1&resize=525%2C300 1.5x"},"classes":[]}],"jetpack_sharing_enabled":true,"_links":{"self":[{"href":"https:\/\/casadecampoliving.com\/es\/wp-json\/wp\/v2\/posts\/345259","targetHints":{"allow":["GET"]}}],"collection":[{"href":"https:\/\/casadecampoliving.com\/es\/wp-json\/wp\/v2\/posts"}],"about":[{"href":"https:\/\/casadecampoliving.com\/es\/wp-json\/wp\/v2\/types\/post"}],"author":[{"embeddable":true,"href":"https:\/\/casadecampoliving.com\/es\/wp-json\/wp\/v2\/users\/22010"}],"replies":[{"embeddable":true,"href":"https:\/\/casadecampoliving.com\/es\/wp-json\/wp\/v2\/comments?post=345259"}],"version-history":[{"count":1,"href":"https:\/\/casadecampoliving.com\/es\/wp-json\/wp\/v2\/posts\/345259\/revisions"}],"predecessor-version":[{"id":345260,"href":"https:\/\/casadecampoliving.com\/es\/wp-json\/wp\/v2\/posts\/345259\/revisions\/345260"}],"wp:featuredmedia":[{"embeddable":true,"href":"https:\/\/casadecampoliving.com\/es\/wp-json\/wp\/v2\/media\/274051"}],"wp:attachment":[{"href":"https:\/\/casadecampoliving.com\/es\/wp-json\/wp\/v2\/media?parent=345259"}],"wp:term":[{"taxonomy":"category","embeddable":true,"href":"https:\/\/casadecampoliving.com\/es\/wp-json\/wp\/v2\/categories?post=345259"},{"taxonomy":"post_tag","embeddable":true,"href":"https:\/\/casadecampoliving.com\/es\/wp-json\/wp\/v2\/tags?post=345259"},{"taxonomy":"newspack_spnsrs_tax","embeddable":true,"href":"https:\/\/casadecampoliving.com\/es\/wp-json\/wp\/v2\/newspack_spnsrs_tax?post=345259"}],"curies":[{"name":"wp","href":"https:\/\/api.w.org\/{rel}","templated":true}]}}