{"id":345229,"date":"2014-09-01T00:00:00","date_gmt":"2014-09-01T04:00:00","guid":{"rendered":"https:\/\/casadecampoliving.com\/cafedelaleche-2\/"},"modified":"2022-10-21T18:55:06","modified_gmt":"2022-10-21T22:55:06","slug":"cafedelaleche-2","status":"publish","type":"post","link":"https:\/\/casadecampoliving.com\/es\/cafedelaleche-2\/","title":{"rendered":"Gladys Qui\u00f1ones: anfitriona del pr\u00f3ximo Caf\u00e9 de la Leche"},"content":{"rendered":"<div class=\"wp-block-image\">\n<figure class=\"aligncenter is-resized\"><img loading=\"lazy\" decoding=\"async\" src=\"https:\/\/i0.wp.com\/casadecampoliving.com\/wp-content\/uploads\/2022\/10\/gladys_quinones.jpg?resize=650%2C542&amp;ssl=1\" alt=\"Gladys Quinones\" class=\"wp-image-96544\" height=\"542\" width=\"650\"\/><\/figure>\n<\/div>\n\n\n<p>Fundadora y Presidenta de Eventos y Catering, organizar\u00e1 el pr\u00f3ximo Caf\u00e9 de la Leche en La Enoteca en una tarde para ponerse al d\u00eda entre amigas y reunir leche y cereal para el Hogar del Ni\u00f1o.<\/p>\n\n\n\n<!--more-->\n\n\n<div class=\"wp-block-image\">\n<figure class=\"alignright is-resized\"><img loading=\"lazy\" decoding=\"async\" src=\"https:\/\/i0.wp.com\/casadecampoliving.com\/wp-content\/uploads\/2022\/10\/Cafe-de-la-Leche-Septiembre-2014-01-232x300-2.jpg?resize=232%2C300&amp;ssl=1\" alt=\"Cafe de la Leche Septiembre 2014-01\" class=\"wp-image-96597\" height=\"300\" width=\"232\"\/><\/figure>\n<\/div>\n\n\n<p>Para Gladys, esta causa es muy importante y significa mucho m\u00e1s de lo que algunos piensan.<strong><em>\u201cConsidero que es una responsabilidad de todos los propietarios de Casa de Campo de aportar un grano de arena a este tipo de proyectos, nosotros que la vida nos ha dado tanto, debemos compartir lo que tenemos y el Caf\u00e9 de la Leche es una oportunidad no s\u00f3lo para compartir una hermosa tarde sino para recordar que estamos pensando y construyendo el futuro de los ni\u00f1os de nuestra comunidad.\u201d<\/em><\/strong><\/p>\n\n\n\n<p>Gladys, coment\u00f3 que en esta versi\u00f3n del Caf\u00e9 de la Leche, podemos esperar&nbsp;<em><strong>\u201cun encuentro entre amigas, donde todas podr\u00e1n disfrutar escuchando de las vacaciones de las dem\u00e1s, y tambi\u00e9n degustando bocadillos y bebidas especiales en un ambiente acogedor y marino \u00a1y una sorpresa que como el nombre lo dice se las dejo de tarea!<\/strong><strong>\u201c<\/strong><strong>&nbsp;<\/strong><\/em>\u00a1Qu\u00e9 misterioso!\u00a1Bueno, parece que tendremos que esperar y ver de que se trata!<\/p>\n\n\n\n<p>La reuni\u00f3n est\u00e1 siendo patrocinada por Eventos y Catering, la compa\u00f1\u00eda de catering y planificaci\u00f3n de eventos de Gladys, al igual que Punto y Corcho \u2013 tambi\u00e9n conocido como La Enoteca, el bar de vinos en la Marina Casa de Campo.<\/p>\n\n\n\n<blockquote class=\"wp-block-quote is-layout-flow wp-block-quote-is-layout-flow\"><p><strong>Caf\u00e9 de la Leche<\/strong><\/p><p><strong>Fecha:&nbsp;<\/strong>Viernes 12 de&nbsp;Septiembre, 5pm \u2013 7pm<\/p><p><strong>Lugar:<\/strong>&nbsp;La Enoteca, Marina Casa de Campo<\/p><p><strong>Contribuci\u00f3n:<\/strong>&nbsp;Leche, formula, cereales o RD$750<\/p><p><strong>Contacto:<\/strong>&nbsp;809-523-8901,&nbsp;info@pbo.org.do<\/p><p><strong>\u00a1Recuerden!<\/strong>\u00a1Entren a&nbsp;<a href=\"www.TODO.fm\">www.TODO.fm<\/a>&nbsp;para un calendario completo de los eventos y actividades!<\/p><\/blockquote>\n\n\n\n<p>\u00a1Definitivamente este ser\u00e1 un emocionante Caf\u00e9 de la Leche!<\/p>\n\n\n\n<p><em><strong>\u201cEsperamos el apoyo de todas nuestras amigas, bendiciones a todas\u2026\u201d <\/strong><\/em>expres\u00f3 Gladys &nbsp;a Casa de Campo Living.<\/p>\n\n\n\n<p>[Foto por Bryan de la Cruz.]<\/p>\n\n\n\n<blockquote><p style=\"text-align: left;\"><strong><a href=\"https:\/\/casadecampoliving.com\/cafe-de-la-leche\/\">Sobre el&nbsp;Caf\u00e9 de la Leche<\/a><\/strong><\/p><figure><img decoding=\"async\" loading=\"lazy\" class=\"aligncenter  wp-image-77794\" src=\"https:\/\/i0.wp.com\/casadecampoliving.com\/wp-content\/uploads\/2022\/10\/cafe_de_la_leche_xiomara_matos.jpg?resize=585%2C339&amp;ssl=1\" alt=\"Caf\u00e9 de la Leche Xiomara Matos\" width=\"585\" height=\"339\"><\/figure><p style=\"text-align: center;\"><\/p><p style=\"text-align: left;\">El Caf\u00e9 de la Leche es un evento de caridad mensual, un poco parecido a una tarde de te o cafe, creado para las se\u00f1oras de Casa de Campo (aunque los hombres son invitados ocasionalmente) y usualmente cae el primer viernes del mes, organizado por una miembra de la comunidad Casa de Campo en su villa o a veces en un restaurante o negocio.<\/p><p><strong><em>\u00a1C<a href=\"https:\/\/casadecampoliving.com\/cafe-de-la-leche\/\">lick aqu\u00ed para m\u00e1s&nbsp;informaci\u00f3n&nbsp;y para ver FOTOS de los eventos previos de Caf\u00e9 de la Leche!<\/a><\/em><\/strong><\/p><\/blockquote>\n","protected":false},"excerpt":{"rendered":"<p>Fundadora y Presidenta de Eventos y Catering, organizar\u00e1 el pr\u00f3ximo Caf\u00e9 de la Leche en La Enoteca en una tarde para ponerse al d\u00eda entre amigas y reunir leche y cereal para el Hogar del Ni\u00f1o.<\/p>\n","protected":false},"author":22010,"featured_media":273919,"comment_status":"closed","ping_status":"closed","sticky":false,"template":"","format":"standard","meta":{"newspack_ads_suppress_ads":false,"newspack_popups_has_disabled_popups":false,"newspack_sponsor_sponsorship_scope":"","newspack_sponsor_native_byline_display":"inherit","newspack_sponsor_native_category_display":"inherit","newspack_sponsor_underwriter_style":"inherit","newspack_sponsor_underwriter_placement":"inherit","_newspack_byline_active":false,"_newspack_byline":"","newspack_hide_updated_date":false,"newspack_show_updated_date":false,"newspack_content_restriction_is_exempt":false,"newspack_featured_image_position":"","newspack_post_subtitle":"","newspack_article_summary_title":"Overview:","newspack_article_summary":"","_jetpack_memberships_contains_paid_content":false,"footnotes":"","jetpack_publicize_message":"","jetpack_publicize_feature_enabled":true,"jetpack_social_post_already_shared":false,"jetpack_social_options":{"image_generator_settings":{"template":"highway","default_image_id":0,"font":"","enabled":false},"version":2},"_wpas_customize_per_network":false},"categories":[2524,2522,2515,2514,14625,14627,26822],"tags":[23755,23815,5571,3573],"newspack_spnsrs_tax":[],"class_list":["post-345229","post","type-post","status-publish","format-standard","has-post-thumbnail","hentry","category-destacados","category-eventos-es","category-fundacion-mir-es","category-fundaciones-es","category-noticias-locales","category-proximamente","category-resort-casa-de-campo","tag-cafe-de-la-leche-es-5","tag-casa-de-campo-es-17","tag-gladys-quinones","tag-marina-casa-de-campo-es","entry"],"yoast_head":"<!-- This site is optimized with the Yoast SEO plugin v27.4 - https:\/\/yoast.com\/product\/yoast-seo-wordpress\/ -->\n<title>Gladys Qui\u00f1ones: anfitriona del pr\u00f3ximo Caf\u00e9 de la Leche | Casa de Campo Living<\/title>\n<meta name=\"description\" content=\"Fundadora y Presidenta de Eventos y Catering, organizar\u00e1 el pr\u00f3ximo Caf\u00e9 de la Leche en La Enoteca en una tarde para ponerse al d\u00eda entre amigas y reunir\" \/>\n<meta name=\"robots\" content=\"index, follow, max-snippet:-1, max-image-preview:large, max-video-preview:-1\" \/>\n<link rel=\"canonical\" href=\"https:\/\/casadecampoliving.com\/es\/cafedelaleche-2\/\" \/>\n<meta property=\"og:locale\" content=\"es_ES\" \/>\n<meta property=\"og:type\" content=\"article\" \/>\n<meta property=\"og:title\" content=\"Gladys Qui\u00f1ones: anfitriona del pr\u00f3ximo Caf\u00e9 de la Leche | Casa de Campo Living\" \/>\n<meta property=\"og:description\" content=\"Fundadora y Presidenta de Eventos y Catering, organizar\u00e1 el pr\u00f3ximo Caf\u00e9 de la Leche en La Enoteca en una tarde para ponerse al d\u00eda entre amigas y reunir\" \/>\n<meta property=\"og:url\" content=\"https:\/\/casadecampoliving.com\/es\/cafedelaleche-2\/\" \/>\n<meta property=\"og:site_name\" content=\"Casa de Campo Living\" \/>\n<meta property=\"article:publisher\" content=\"https:\/\/www.facebook.com\/casadecampoliving\" \/>\n<meta property=\"article:published_time\" content=\"2014-09-01T04:00:00+00:00\" \/>\n<meta property=\"article:modified_time\" content=\"2022-10-21T22:55:06+00:00\" \/>\n<meta property=\"og:image\" content=\"https:\/\/i0.wp.com\/casadecampoliving.com\/wp-content\/uploads\/2022\/10\/gladys_quinones-1.jpg?fit=650%2C392&ssl=1\" \/>\n\t<meta property=\"og:image:width\" content=\"650\" \/>\n\t<meta property=\"og:image:height\" content=\"392\" \/>\n\t<meta property=\"og:image:type\" content=\"image\/jpeg\" \/>\n<meta name=\"author\" content=\"Maria Isabel B\u00e1ez\" \/>\n<meta name=\"twitter:card\" content=\"summary_large_image\" \/>\n<meta name=\"twitter:creator\" content=\"@cdcliving\" \/>\n<meta name=\"twitter:site\" content=\"@cdcliving\" \/>\n<meta name=\"twitter:label1\" content=\"Escrito por\" \/>\n\t<meta name=\"twitter:data1\" content=\"Maria Isabel B\u00e1ez\" \/>\n\t<meta name=\"twitter:label2\" content=\"Tiempo de lectura\" \/>\n\t<meta name=\"twitter:data2\" content=\"2 minutos\" \/>\n<script type=\"application\/ld+json\" class=\"yoast-schema-graph\">{\"@context\":\"https:\\\/\\\/schema.org\",\"@graph\":[{\"@type\":\"Article\",\"@id\":\"https:\\\/\\\/casadecampoliving.com\\\/es\\\/cafedelaleche-2\\\/#article\",\"isPartOf\":{\"@id\":\"https:\\\/\\\/casadecampoliving.com\\\/es\\\/cafedelaleche-2\\\/\"},\"author\":{\"name\":\"Maria Isabel B\u00e1ez\",\"@id\":\"https:\\\/\\\/casadecampoliving.com\\\/es\\\/#\\\/schema\\\/person\\\/8fc218930d06cbe215cf6c4fc64caa11\"},\"headline\":\"Gladys Qui\u00f1ones: anfitriona del pr\u00f3ximo Caf\u00e9 de la Leche\",\"datePublished\":\"2014-09-01T04:00:00+00:00\",\"dateModified\":\"2022-10-21T22:55:06+00:00\",\"mainEntityOfPage\":{\"@id\":\"https:\\\/\\\/casadecampoliving.com\\\/es\\\/cafedelaleche-2\\\/\"},\"wordCount\":438,\"publisher\":{\"@id\":\"https:\\\/\\\/casadecampoliving.com\\\/es\\\/#organization\"},\"image\":{\"@id\":\"https:\\\/\\\/casadecampoliving.com\\\/es\\\/cafedelaleche-2\\\/#primaryimage\"},\"thumbnailUrl\":\"https:\\\/\\\/i0.wp.com\\\/casadecampoliving.com\\\/wp-content\\\/uploads\\\/2022\\\/10\\\/gladys_quinones-1.jpg?fit=650%2C392&ssl=1\",\"keywords\":[\"cafe de la leche\",\"Casa de Campo\",\"gladys quinones\",\"Marina Casa de Campo @es\"],\"articleSection\":[\"Destacados\",\"Eventos\",\"Fundaci\u00f3n MIR @es\",\"Fundaciones\",\"Noticias Locales\",\"Proximamente\",\"Resort Casa de Campo\"],\"inLanguage\":\"es\"},{\"@type\":\"WebPage\",\"@id\":\"https:\\\/\\\/casadecampoliving.com\\\/es\\\/cafedelaleche-2\\\/\",\"url\":\"https:\\\/\\\/casadecampoliving.com\\\/es\\\/cafedelaleche-2\\\/\",\"name\":\"Gladys Qui\u00f1ones: anfitriona del pr\u00f3ximo Caf\u00e9 de la Leche | Casa de Campo Living\",\"isPartOf\":{\"@id\":\"https:\\\/\\\/casadecampoliving.com\\\/es\\\/#website\"},\"primaryImageOfPage\":{\"@id\":\"https:\\\/\\\/casadecampoliving.com\\\/es\\\/cafedelaleche-2\\\/#primaryimage\"},\"image\":{\"@id\":\"https:\\\/\\\/casadecampoliving.com\\\/es\\\/cafedelaleche-2\\\/#primaryimage\"},\"thumbnailUrl\":\"https:\\\/\\\/i0.wp.com\\\/casadecampoliving.com\\\/wp-content\\\/uploads\\\/2022\\\/10\\\/gladys_quinones-1.jpg?fit=650%2C392&ssl=1\",\"datePublished\":\"2014-09-01T04:00:00+00:00\",\"dateModified\":\"2022-10-21T22:55:06+00:00\",\"description\":\"Fundadora y Presidenta de Eventos y Catering, organizar\u00e1 el pr\u00f3ximo Caf\u00e9 de la Leche en La Enoteca en una tarde para ponerse al d\u00eda entre amigas y reunir\",\"breadcrumb\":{\"@id\":\"https:\\\/\\\/casadecampoliving.com\\\/es\\\/cafedelaleche-2\\\/#breadcrumb\"},\"inLanguage\":\"es\",\"potentialAction\":[{\"@type\":\"ReadAction\",\"target\":[\"https:\\\/\\\/casadecampoliving.com\\\/es\\\/cafedelaleche-2\\\/\"]}]},{\"@type\":\"ImageObject\",\"inLanguage\":\"es\",\"@id\":\"https:\\\/\\\/casadecampoliving.com\\\/es\\\/cafedelaleche-2\\\/#primaryimage\",\"url\":\"https:\\\/\\\/i0.wp.com\\\/casadecampoliving.com\\\/wp-content\\\/uploads\\\/2022\\\/10\\\/gladys_quinones-1.jpg?fit=650%2C392&ssl=1\",\"contentUrl\":\"https:\\\/\\\/i0.wp.com\\\/casadecampoliving.com\\\/wp-content\\\/uploads\\\/2022\\\/10\\\/gladys_quinones-1.jpg?fit=650%2C392&ssl=1\",\"width\":650,\"height\":392,\"caption\":\"Gladys Quinones\"},{\"@type\":\"BreadcrumbList\",\"@id\":\"https:\\\/\\\/casadecampoliving.com\\\/es\\\/cafedelaleche-2\\\/#breadcrumb\",\"itemListElement\":[{\"@type\":\"ListItem\",\"position\":1,\"name\":\"Home\",\"item\":\"https:\\\/\\\/casadecampoliving.com\\\/es\\\/\"},{\"@type\":\"ListItem\",\"position\":2,\"name\":\"Gladys Qui\u00f1ones: anfitriona del pr\u00f3ximo Caf\u00e9 de la Leche\"}]},{\"@type\":\"WebSite\",\"@id\":\"https:\\\/\\\/casadecampoliving.com\\\/es\\\/#website\",\"url\":\"https:\\\/\\\/casadecampoliving.com\\\/es\\\/\",\"name\":\"Casa de Campo Living\",\"description\":\"Resort community news and resources.\",\"publisher\":{\"@id\":\"https:\\\/\\\/casadecampoliving.com\\\/es\\\/#organization\"},\"potentialAction\":[{\"@type\":\"SearchAction\",\"target\":{\"@type\":\"EntryPoint\",\"urlTemplate\":\"https:\\\/\\\/casadecampoliving.com\\\/es\\\/?s={search_term_string}\"},\"query-input\":{\"@type\":\"PropertyValueSpecification\",\"valueRequired\":true,\"valueName\":\"search_term_string\"}}],\"inLanguage\":\"es\"},{\"@type\":\"Organization\",\"@id\":\"https:\\\/\\\/casadecampoliving.com\\\/es\\\/#organization\",\"name\":\"Casa de Campo Living\",\"url\":\"https:\\\/\\\/casadecampoliving.com\\\/es\\\/\",\"logo\":{\"@type\":\"ImageObject\",\"inLanguage\":\"es\",\"@id\":\"https:\\\/\\\/casadecampoliving.com\\\/es\\\/#\\\/schema\\\/logo\\\/image\\\/\",\"url\":\"https:\\\/\\\/i0.wp.com\\\/casadecampoliving.com\\\/wp-content\\\/uploads\\\/2022\\\/07\\\/CDCLivingLogo_V1-white-sized.png?fit=800%2C214&ssl=1\",\"contentUrl\":\"https:\\\/\\\/i0.wp.com\\\/casadecampoliving.com\\\/wp-content\\\/uploads\\\/2022\\\/07\\\/CDCLivingLogo_V1-white-sized.png?fit=800%2C214&ssl=1\",\"width\":800,\"height\":214,\"caption\":\"Casa de Campo Living\"},\"image\":{\"@id\":\"https:\\\/\\\/casadecampoliving.com\\\/es\\\/#\\\/schema\\\/logo\\\/image\\\/\"},\"sameAs\":[\"https:\\\/\\\/www.facebook.com\\\/casadecampoliving\",\"https:\\\/\\\/x.com\\\/cdcliving\"]},{\"@type\":\"Person\",\"@id\":\"https:\\\/\\\/casadecampoliving.com\\\/es\\\/#\\\/schema\\\/person\\\/8fc218930d06cbe215cf6c4fc64caa11\",\"name\":\"Maria Isabel B\u00e1ez\",\"image\":{\"@type\":\"ImageObject\",\"inLanguage\":\"es\",\"@id\":\"https:\\\/\\\/secure.gravatar.com\\\/avatar\\\/d6e25af8826ab9ae04e6fcc864034c13600a3a03fc45e4bd8fe7ab8c4d289c2a?s=96&d=mm&r=g\",\"url\":\"https:\\\/\\\/secure.gravatar.com\\\/avatar\\\/d6e25af8826ab9ae04e6fcc864034c13600a3a03fc45e4bd8fe7ab8c4d289c2a?s=96&d=mm&r=g\",\"contentUrl\":\"https:\\\/\\\/secure.gravatar.com\\\/avatar\\\/d6e25af8826ab9ae04e6fcc864034c13600a3a03fc45e4bd8fe7ab8c4d289c2a?s=96&d=mm&r=g\",\"caption\":\"Maria Isabel B\u00e1ez\"},\"url\":\"https:\\\/\\\/casadecampoliving.com\\\/es\\\/author\\\/mbaez\\\/\"}]}<\/script>\n<!-- \/ Yoast SEO plugin. -->","yoast_head_json":{"title":"Gladys Qui\u00f1ones: anfitriona del pr\u00f3ximo Caf\u00e9 de la Leche | Casa de Campo Living","description":"Fundadora y Presidenta de Eventos y Catering, organizar\u00e1 el pr\u00f3ximo Caf\u00e9 de la Leche en La Enoteca en una tarde para ponerse al d\u00eda entre amigas y reunir","robots":{"index":"index","follow":"follow","max-snippet":"max-snippet:-1","max-image-preview":"max-image-preview:large","max-video-preview":"max-video-preview:-1"},"canonical":"https:\/\/casadecampoliving.com\/es\/cafedelaleche-2\/","og_locale":"es_ES","og_type":"article","og_title":"Gladys Qui\u00f1ones: anfitriona del pr\u00f3ximo Caf\u00e9 de la Leche | Casa de Campo Living","og_description":"Fundadora y Presidenta de Eventos y Catering, organizar\u00e1 el pr\u00f3ximo Caf\u00e9 de la Leche en La Enoteca en una tarde para ponerse al d\u00eda entre amigas y reunir","og_url":"https:\/\/casadecampoliving.com\/es\/cafedelaleche-2\/","og_site_name":"Casa de Campo Living","article_publisher":"https:\/\/www.facebook.com\/casadecampoliving","article_published_time":"2014-09-01T04:00:00+00:00","article_modified_time":"2022-10-21T22:55:06+00:00","og_image":[{"width":650,"height":392,"url":"https:\/\/i0.wp.com\/casadecampoliving.com\/wp-content\/uploads\/2022\/10\/gladys_quinones-1.jpg?fit=650%2C392&ssl=1","type":"image\/jpeg"}],"author":"Maria Isabel B\u00e1ez","twitter_card":"summary_large_image","twitter_creator":"@cdcliving","twitter_site":"@cdcliving","twitter_misc":{"Escrito por":"Maria Isabel B\u00e1ez","Tiempo de lectura":"2 minutos"},"schema":{"@context":"https:\/\/schema.org","@graph":[{"@type":"Article","@id":"https:\/\/casadecampoliving.com\/es\/cafedelaleche-2\/#article","isPartOf":{"@id":"https:\/\/casadecampoliving.com\/es\/cafedelaleche-2\/"},"author":{"name":"Maria Isabel B\u00e1ez","@id":"https:\/\/casadecampoliving.com\/es\/#\/schema\/person\/8fc218930d06cbe215cf6c4fc64caa11"},"headline":"Gladys Qui\u00f1ones: anfitriona del pr\u00f3ximo Caf\u00e9 de la Leche","datePublished":"2014-09-01T04:00:00+00:00","dateModified":"2022-10-21T22:55:06+00:00","mainEntityOfPage":{"@id":"https:\/\/casadecampoliving.com\/es\/cafedelaleche-2\/"},"wordCount":438,"publisher":{"@id":"https:\/\/casadecampoliving.com\/es\/#organization"},"image":{"@id":"https:\/\/casadecampoliving.com\/es\/cafedelaleche-2\/#primaryimage"},"thumbnailUrl":"https:\/\/i0.wp.com\/casadecampoliving.com\/wp-content\/uploads\/2022\/10\/gladys_quinones-1.jpg?fit=650%2C392&ssl=1","keywords":["cafe de la leche","Casa de Campo","gladys quinones","Marina Casa de Campo @es"],"articleSection":["Destacados","Eventos","Fundaci\u00f3n MIR @es","Fundaciones","Noticias Locales","Proximamente","Resort Casa de Campo"],"inLanguage":"es"},{"@type":"WebPage","@id":"https:\/\/casadecampoliving.com\/es\/cafedelaleche-2\/","url":"https:\/\/casadecampoliving.com\/es\/cafedelaleche-2\/","name":"Gladys Qui\u00f1ones: anfitriona del pr\u00f3ximo Caf\u00e9 de la Leche | Casa de Campo Living","isPartOf":{"@id":"https:\/\/casadecampoliving.com\/es\/#website"},"primaryImageOfPage":{"@id":"https:\/\/casadecampoliving.com\/es\/cafedelaleche-2\/#primaryimage"},"image":{"@id":"https:\/\/casadecampoliving.com\/es\/cafedelaleche-2\/#primaryimage"},"thumbnailUrl":"https:\/\/i0.wp.com\/casadecampoliving.com\/wp-content\/uploads\/2022\/10\/gladys_quinones-1.jpg?fit=650%2C392&ssl=1","datePublished":"2014-09-01T04:00:00+00:00","dateModified":"2022-10-21T22:55:06+00:00","description":"Fundadora y Presidenta de Eventos y Catering, organizar\u00e1 el pr\u00f3ximo Caf\u00e9 de la Leche en La Enoteca en una tarde para ponerse al d\u00eda entre amigas y reunir","breadcrumb":{"@id":"https:\/\/casadecampoliving.com\/es\/cafedelaleche-2\/#breadcrumb"},"inLanguage":"es","potentialAction":[{"@type":"ReadAction","target":["https:\/\/casadecampoliving.com\/es\/cafedelaleche-2\/"]}]},{"@type":"ImageObject","inLanguage":"es","@id":"https:\/\/casadecampoliving.com\/es\/cafedelaleche-2\/#primaryimage","url":"https:\/\/i0.wp.com\/casadecampoliving.com\/wp-content\/uploads\/2022\/10\/gladys_quinones-1.jpg?fit=650%2C392&ssl=1","contentUrl":"https:\/\/i0.wp.com\/casadecampoliving.com\/wp-content\/uploads\/2022\/10\/gladys_quinones-1.jpg?fit=650%2C392&ssl=1","width":650,"height":392,"caption":"Gladys Quinones"},{"@type":"BreadcrumbList","@id":"https:\/\/casadecampoliving.com\/es\/cafedelaleche-2\/#breadcrumb","itemListElement":[{"@type":"ListItem","position":1,"name":"Home","item":"https:\/\/casadecampoliving.com\/es\/"},{"@type":"ListItem","position":2,"name":"Gladys Qui\u00f1ones: anfitriona del pr\u00f3ximo Caf\u00e9 de la Leche"}]},{"@type":"WebSite","@id":"https:\/\/casadecampoliving.com\/es\/#website","url":"https:\/\/casadecampoliving.com\/es\/","name":"Casa de Campo Living","description":"Resort community news and resources.","publisher":{"@id":"https:\/\/casadecampoliving.com\/es\/#organization"},"potentialAction":[{"@type":"SearchAction","target":{"@type":"EntryPoint","urlTemplate":"https:\/\/casadecampoliving.com\/es\/?s={search_term_string}"},"query-input":{"@type":"PropertyValueSpecification","valueRequired":true,"valueName":"search_term_string"}}],"inLanguage":"es"},{"@type":"Organization","@id":"https:\/\/casadecampoliving.com\/es\/#organization","name":"Casa de Campo Living","url":"https:\/\/casadecampoliving.com\/es\/","logo":{"@type":"ImageObject","inLanguage":"es","@id":"https:\/\/casadecampoliving.com\/es\/#\/schema\/logo\/image\/","url":"https:\/\/i0.wp.com\/casadecampoliving.com\/wp-content\/uploads\/2022\/07\/CDCLivingLogo_V1-white-sized.png?fit=800%2C214&ssl=1","contentUrl":"https:\/\/i0.wp.com\/casadecampoliving.com\/wp-content\/uploads\/2022\/07\/CDCLivingLogo_V1-white-sized.png?fit=800%2C214&ssl=1","width":800,"height":214,"caption":"Casa de Campo Living"},"image":{"@id":"https:\/\/casadecampoliving.com\/es\/#\/schema\/logo\/image\/"},"sameAs":["https:\/\/www.facebook.com\/casadecampoliving","https:\/\/x.com\/cdcliving"]},{"@type":"Person","@id":"https:\/\/casadecampoliving.com\/es\/#\/schema\/person\/8fc218930d06cbe215cf6c4fc64caa11","name":"Maria Isabel B\u00e1ez","image":{"@type":"ImageObject","inLanguage":"es","@id":"https:\/\/secure.gravatar.com\/avatar\/d6e25af8826ab9ae04e6fcc864034c13600a3a03fc45e4bd8fe7ab8c4d289c2a?s=96&d=mm&r=g","url":"https:\/\/secure.gravatar.com\/avatar\/d6e25af8826ab9ae04e6fcc864034c13600a3a03fc45e4bd8fe7ab8c4d289c2a?s=96&d=mm&r=g","contentUrl":"https:\/\/secure.gravatar.com\/avatar\/d6e25af8826ab9ae04e6fcc864034c13600a3a03fc45e4bd8fe7ab8c4d289c2a?s=96&d=mm&r=g","caption":"Maria Isabel B\u00e1ez"},"url":"https:\/\/casadecampoliving.com\/es\/author\/mbaez\/"}]}},"parsely":{"version":"1.1.0","canonical_url":"https:\/\/casadecampoliving.com\/es\/cafedelaleche-2\/","smart_links":{"inbound":0,"outbound":0},"traffic_boost_suggestions_count":0,"meta":{"@context":"https:\/\/schema.org","@type":"NewsArticle","headline":"Gladys Qui\u00f1ones: anfitriona del pr\u00f3ximo Caf\u00e9 de la Leche","url":"http:\/\/casadecampoliving.com\/es\/cafedelaleche-2\/","mainEntityOfPage":{"@type":"WebPage","@id":"http:\/\/casadecampoliving.com\/es\/cafedelaleche-2\/"},"thumbnailUrl":"https:\/\/i0.wp.com\/casadecampoliving.com\/wp-content\/uploads\/2022\/10\/gladys_quinones-1.jpg?resize=150%2C150&ssl=1","image":{"@type":"ImageObject","url":"https:\/\/i0.wp.com\/casadecampoliving.com\/wp-content\/uploads\/2022\/10\/gladys_quinones-1.jpg?fit=650%2C392&ssl=1"},"articleSection":"Destacados","author":[{"@type":"Person","name":"Maria Isabel B\u00e1ez"}],"creator":["Maria Isabel B\u00e1ez"],"publisher":{"@type":"Organization","name":"Casa de Campo Living","logo":"https:\/\/casadecampoliving.com\/wp-content\/uploads\/2022\/07\/CDCLivingLogo_V1-white-sized.png"},"keywords":["cafe de la leche","casa de campo","gladys quinones","marina casa de campo @es"],"dateCreated":"2014-09-01T04:00:00Z","datePublished":"2014-09-01T04:00:00Z","dateModified":"2022-10-21T22:55:06Z"},"rendered":"<script type=\"application\/ld+json\" class=\"wp-parsely-metadata\">{\"@context\":\"https:\\\/\\\/schema.org\",\"@type\":\"NewsArticle\",\"headline\":\"Gladys Qui\\u00f1ones: anfitriona del pr\\u00f3ximo Caf\\u00e9 de la Leche\",\"url\":\"http:\\\/\\\/casadecampoliving.com\\\/es\\\/cafedelaleche-2\\\/\",\"mainEntityOfPage\":{\"@type\":\"WebPage\",\"@id\":\"http:\\\/\\\/casadecampoliving.com\\\/es\\\/cafedelaleche-2\\\/\"},\"thumbnailUrl\":\"https:\\\/\\\/i0.wp.com\\\/casadecampoliving.com\\\/wp-content\\\/uploads\\\/2022\\\/10\\\/gladys_quinones-1.jpg?resize=150%2C150&ssl=1\",\"image\":{\"@type\":\"ImageObject\",\"url\":\"https:\\\/\\\/i0.wp.com\\\/casadecampoliving.com\\\/wp-content\\\/uploads\\\/2022\\\/10\\\/gladys_quinones-1.jpg?fit=650%2C392&ssl=1\"},\"articleSection\":\"Destacados\",\"author\":[{\"@type\":\"Person\",\"name\":\"Maria Isabel B\\u00e1ez\"}],\"creator\":[\"Maria Isabel B\\u00e1ez\"],\"publisher\":{\"@type\":\"Organization\",\"name\":\"Casa de Campo Living\",\"logo\":\"https:\\\/\\\/casadecampoliving.com\\\/wp-content\\\/uploads\\\/2022\\\/07\\\/CDCLivingLogo_V1-white-sized.png\"},\"keywords\":[\"cafe de la leche\",\"casa de campo\",\"gladys quinones\",\"marina casa de campo @es\"],\"dateCreated\":\"2014-09-01T04:00:00Z\",\"datePublished\":\"2014-09-01T04:00:00Z\",\"dateModified\":\"2022-10-21T22:55:06Z\"}<\/script>","tracker_url":"https:\/\/cdn.parsely.com\/keys\/casadecampoliving.com\/p.js"},"jetpack_publicize_connections":[],"jetpack_featured_media_url":"https:\/\/i0.wp.com\/casadecampoliving.com\/wp-content\/uploads\/2022\/10\/gladys_quinones-1.jpg?fit=650%2C392&ssl=1","jetpack-related-posts":[{"id":324159,"url":"https:\/\/casadecampoliving.com\/gladys-quinones-hostess-next-cafe-de-la-leche\/","url_meta":{"origin":345229,"position":0},"title":"Gladys Qui\u00f1ones, hostess of next Caf\u00e9 de la Leche","author":"Rebecca Silvestri","date":"1 Sep, 2014","format":false,"excerpt":"Gladys Qui\u00f1ones, Founder and President of Eventos y Catering, will host the next Caf\u00e9 de la Leche at La Enoteca for an afternoon of catching up and collecting milk and cereal for the Hogar del Ni\u00f1o.\u00a0 For Gladys, this is a very important cause and it means a lot more\u2026","rel":"","context":"En \u00abCasa de Campo Resort\u00bb","block_context":{"text":"Casa de Campo Resort","link":"https:\/\/casadecampoliving.com\/category\/casa-de-campo-resort\/"},"img":{"alt_text":"Gladys Quinones","src":"https:\/\/i0.wp.com\/casadecampoliving.com\/wp-content\/uploads\/2022\/10\/gladys_quinones-1.jpg?fit=650%2C392&ssl=1&resize=350%2C200","width":350,"height":200,"srcset":"https:\/\/i0.wp.com\/casadecampoliving.com\/wp-content\/uploads\/2022\/10\/gladys_quinones-1.jpg?fit=650%2C392&ssl=1&resize=350%2C200 1x, https:\/\/i0.wp.com\/casadecampoliving.com\/wp-content\/uploads\/2022\/10\/gladys_quinones-1.jpg?fit=650%2C392&ssl=1&resize=525%2C300 1.5x"},"classes":[]},{"id":345346,"url":"https:\/\/casadecampoliving.com\/es\/un-cafe-de-la-leche-maritimo\/","url_meta":{"origin":345229,"position":1},"title":"Un Caf\u00e9 de la Leche mar\u00edtimo","author":"Maria Isabel B\u00e1ez","date":"15 Sep, 2014","format":false,"excerpt":"\u00a1Sol, mar y sangr\u00eda en el Caf\u00e9 de la Leche en la Marina Casa de Campo! El pasado viernes 12 de septiembre fue una hermosa tarde para celebrar en nombre de una buena causa, ya que las damas de Casa de Campo se reunieron en un Caf\u00e9 de la Leche\u2026","rel":"","context":"En \u00abCasa de Campo Living @es\u00bb","block_context":{"text":"Casa de Campo Living @es","link":"https:\/\/casadecampoliving.com\/category\/casa-de-campo-living-es\/"},"img":{"alt_text":"","src":"https:\/\/i0.wp.com\/casadecampoliving.com\/wp-content\/uploads\/2022\/10\/DSC_0003-L-1.jpg?fit=800%2C534&ssl=1&resize=350%2C200","width":350,"height":200,"srcset":"https:\/\/i0.wp.com\/casadecampoliving.com\/wp-content\/uploads\/2022\/10\/DSC_0003-L-1.jpg?fit=800%2C534&ssl=1&resize=350%2C200 1x, https:\/\/i0.wp.com\/casadecampoliving.com\/wp-content\/uploads\/2022\/10\/DSC_0003-L-1.jpg?fit=800%2C534&ssl=1&resize=525%2C300 1.5x, https:\/\/i0.wp.com\/casadecampoliving.com\/wp-content\/uploads\/2022\/10\/DSC_0003-L-1.jpg?fit=800%2C534&ssl=1&resize=700%2C400 2x"},"classes":[]},{"id":348157,"url":"https:\/\/casadecampoliving.com\/es\/cafe-de-la-leche-en-los-altos\/","url_meta":{"origin":345229,"position":2},"title":"Pr\u00f3ximo Caf\u00e9 de la Leche en Los Altos","author":"Perkin Agramonte","date":"1 Sep, 2015","format":false,"excerpt":"El a\u00f1o pasado la edici\u00f3n de septiembre del Caf\u00e9 de la Leche fue celebrado en La Enoteca con Gladys Qui\u00f1ones como co-anfitriona (clic aqu\u00ed para seguir leyendo)\u2026 y este a\u00f1o nos\u00a0trasladamos desde La Marina hasta el \u00e1rea de Altos de Chav\u00f3n, con el pr\u00f3ximo Caf\u00e9 de la Leche celebr\u00e1ndose en\u2026","rel":"","context":"En \u00abAltos de Chavon @es\u00bb","block_context":{"text":"Altos de Chavon @es","link":"https:\/\/casadecampoliving.com\/category\/altos-de-chavon-es\/"},"img":{"alt_text":"","src":"https:\/\/i0.wp.com\/casadecampoliving.com\/wp-content\/uploads\/2022\/10\/Los_Altos-1.jpg?fit=800%2C521&ssl=1&resize=350%2C200","width":350,"height":200,"srcset":"https:\/\/i0.wp.com\/casadecampoliving.com\/wp-content\/uploads\/2022\/10\/Los_Altos-1.jpg?fit=800%2C521&ssl=1&resize=350%2C200 1x, https:\/\/i0.wp.com\/casadecampoliving.com\/wp-content\/uploads\/2022\/10\/Los_Altos-1.jpg?fit=800%2C521&ssl=1&resize=525%2C300 1.5x, https:\/\/i0.wp.com\/casadecampoliving.com\/wp-content\/uploads\/2022\/10\/Los_Altos-1.jpg?fit=800%2C521&ssl=1&resize=700%2C400 2x"},"classes":[]},{"id":324250,"url":"https:\/\/casadecampoliving.com\/maritime-cafe-de-la-leche\/","url_meta":{"origin":345229,"position":3},"title":"A maritime Caf\u00e9 de la Leche","author":"Rebecca Silvestri","date":"15 Sep, 2014","format":false,"excerpt":"Sun, sea and sangria at the Caf\u00e9 de la Leche in the Marina Casa de Campo! Last Friday September 12th was a fine afternoon to celebrate in the name of a good cause, as the ladies of Casa de Campo came together for the Caf\u00e9 de la Leche at the\u2026","rel":"","context":"En \u00abCasa de Campo Living\u00bb","block_context":{"text":"Casa de Campo Living","link":"https:\/\/casadecampoliving.com\/category\/casa-de-campo-living\/"},"img":{"alt_text":"","src":"https:\/\/i0.wp.com\/casadecampoliving.com\/wp-content\/uploads\/2022\/10\/DSC_0003-L-1.jpg?fit=800%2C534&ssl=1&resize=350%2C200","width":350,"height":200,"srcset":"https:\/\/i0.wp.com\/casadecampoliving.com\/wp-content\/uploads\/2022\/10\/DSC_0003-L-1.jpg?fit=800%2C534&ssl=1&resize=350%2C200 1x, https:\/\/i0.wp.com\/casadecampoliving.com\/wp-content\/uploads\/2022\/10\/DSC_0003-L-1.jpg?fit=800%2C534&ssl=1&resize=525%2C300 1.5x, https:\/\/i0.wp.com\/casadecampoliving.com\/wp-content\/uploads\/2022\/10\/DSC_0003-L-1.jpg?fit=800%2C534&ssl=1&resize=700%2C400 2x"},"classes":[]},{"id":343155,"url":"https:\/\/casadecampoliving.com\/es\/otro-evento-de-cafe-de-la-leche-el-1ro-de-noviembre\/","url_meta":{"origin":345229,"position":4},"title":"\u00a1Otro evento de Caf\u00e9 de la Leche! el 1ro de noviembre","author":"Lenny Castillo","date":"27 Oct, 2013","format":false,"excerpt":"\u00a1Otro evento de Caf\u00e9 de la Leche! Despu\u00e9s de haber sido celebrado cada mes por m\u00e1s de 12 a\u00f1os, ahora podemos decir que la mayor parte de nuestra comunidad de Casa de Campo est\u00e1 familiarizado con este fabuloso acontecimiento de caridad \u2013 por cual estamos encantados de anunciar el pr\u00f3ximo\u2026","rel":"","context":"En \u00abCasa de Campo Living @es\u00bb","block_context":{"text":"Casa de Campo Living @es","link":"https:\/\/casadecampoliving.com\/category\/casa-de-campo-living-es\/"},"img":{"alt_text":"Cafe de la Leche","src":"https:\/\/i0.wp.com\/casadecampoliving.com\/wp-content\/uploads\/2022\/10\/cafe-de-la-leche-3.jpg?fit=1200%2C518&ssl=1&resize=350%2C200","width":350,"height":200,"srcset":"https:\/\/i0.wp.com\/casadecampoliving.com\/wp-content\/uploads\/2022\/10\/cafe-de-la-leche-3.jpg?fit=1200%2C518&ssl=1&resize=350%2C200 1x, https:\/\/i0.wp.com\/casadecampoliving.com\/wp-content\/uploads\/2022\/10\/cafe-de-la-leche-3.jpg?fit=1200%2C518&ssl=1&resize=525%2C300 1.5x, https:\/\/i0.wp.com\/casadecampoliving.com\/wp-content\/uploads\/2022\/10\/cafe-de-la-leche-3.jpg?fit=1200%2C518&ssl=1&resize=700%2C400 2x, https:\/\/i0.wp.com\/casadecampoliving.com\/wp-content\/uploads\/2022\/10\/cafe-de-la-leche-3.jpg?fit=1200%2C518&ssl=1&resize=1050%2C600 3x"},"classes":[]},{"id":346663,"url":"https:\/\/casadecampoliving.com\/es\/proximo-cafe-de-la-leche-en-il-limoncello\/","url_meta":{"origin":345229,"position":5},"title":"\u00a1Pr\u00f3ximo Caf\u00e9 de la Leche en Il Limoncello!","author":"Perkin Agramonte","date":"3 Feb, 2015","format":false,"excerpt":"Buenas\u00a0noticia para los filantr\u00f3picos, Caf\u00e9 de la Leche, y para los amantes de la pizza de la comunidad Casa de Campo \u2026 el pr\u00f3ximo Caf\u00e9 de la Leche est\u00e1 programado para llevarse a cabo en el restaurante Il Limoncello en La Marina Casa de Campo. Aunque, no podemos prometer que\u2026","rel":"","context":"En \u00abCasa de Campo Living @es\u00bb","block_context":{"text":"Casa de Campo Living @es","link":"https:\/\/casadecampoliving.com\/category\/casa-de-campo-living-es\/"},"img":{"alt_text":"pizza limoncello","src":"https:\/\/i0.wp.com\/casadecampoliving.com\/wp-content\/uploads\/2022\/10\/pizza_limoncello-1.jpg?fit=650%2C434&ssl=1&resize=350%2C200","width":350,"height":200,"srcset":"https:\/\/i0.wp.com\/casadecampoliving.com\/wp-content\/uploads\/2022\/10\/pizza_limoncello-1.jpg?fit=650%2C434&ssl=1&resize=350%2C200 1x, https:\/\/i0.wp.com\/casadecampoliving.com\/wp-content\/uploads\/2022\/10\/pizza_limoncello-1.jpg?fit=650%2C434&ssl=1&resize=525%2C300 1.5x"},"classes":[]}],"jetpack_sharing_enabled":true,"_links":{"self":[{"href":"https:\/\/casadecampoliving.com\/es\/wp-json\/wp\/v2\/posts\/345229","targetHints":{"allow":["GET"]}}],"collection":[{"href":"https:\/\/casadecampoliving.com\/es\/wp-json\/wp\/v2\/posts"}],"about":[{"href":"https:\/\/casadecampoliving.com\/es\/wp-json\/wp\/v2\/types\/post"}],"author":[{"embeddable":true,"href":"https:\/\/casadecampoliving.com\/es\/wp-json\/wp\/v2\/users\/22010"}],"replies":[{"embeddable":true,"href":"https:\/\/casadecampoliving.com\/es\/wp-json\/wp\/v2\/comments?post=345229"}],"version-history":[{"count":1,"href":"https:\/\/casadecampoliving.com\/es\/wp-json\/wp\/v2\/posts\/345229\/revisions"}],"predecessor-version":[{"id":345230,"href":"https:\/\/casadecampoliving.com\/es\/wp-json\/wp\/v2\/posts\/345229\/revisions\/345230"}],"wp:featuredmedia":[{"embeddable":true,"href":"https:\/\/casadecampoliving.com\/es\/wp-json\/wp\/v2\/media\/273919"}],"wp:attachment":[{"href":"https:\/\/casadecampoliving.com\/es\/wp-json\/wp\/v2\/media?parent=345229"}],"wp:term":[{"taxonomy":"category","embeddable":true,"href":"https:\/\/casadecampoliving.com\/es\/wp-json\/wp\/v2\/categories?post=345229"},{"taxonomy":"post_tag","embeddable":true,"href":"https:\/\/casadecampoliving.com\/es\/wp-json\/wp\/v2\/tags?post=345229"},{"taxonomy":"newspack_spnsrs_tax","embeddable":true,"href":"https:\/\/casadecampoliving.com\/es\/wp-json\/wp\/v2\/newspack_spnsrs_tax?post=345229"}],"curies":[{"name":"wp","href":"https:\/\/api.w.org\/{rel}","templated":true}]}}