{"id":345129,"date":"2014-08-18T00:00:00","date_gmt":"2014-08-18T04:00:00","guid":{"rendered":"https:\/\/casadecampoliving.com\/los-hermanos-rosario-en-concierto-26-de-agosto-en-altos-de-chavon\/"},"modified":"2022-10-21T18:50:50","modified_gmt":"2022-10-21T22:50:50","slug":"los-hermanos-rosario-en-concierto-26-de-agosto-en-altos-de-chavon","status":"publish","type":"post","link":"https:\/\/casadecampoliving.com\/es\/los-hermanos-rosario-en-concierto-26-de-agosto-en-altos-de-chavon\/","title":{"rendered":"Los Hermanos Rosario en concierto &#8211; 26 de agosto en Altos de Chav\u00f3n"},"content":{"rendered":"<div class=\"wp-block-image\">\n<figure class=\"aligncenter is-resized\"><img loading=\"lazy\" decoding=\"async\" src=\"https:\/\/i0.wp.com\/casadecampoliving.com\/wp-content\/uploads\/2022\/10\/los-hermanos-rosario-2.jpg?resize=650%2C485&amp;ssl=1\" alt=\"los hermanos rosario 2\" class=\"wp-image-95629\" height=\"485\" width=\"650\"\/><\/figure>\n<\/div>\n\n\n<p>\u00bfEst\u00e1 listo para bailar al ritmo de un buen Merengue? \u00a1Bueno, si su respuesta fue \u201cs\u00ed\u201d mant\u00e9ngase en sinton\u00eda, por que el martes, 26 de agosto, empiezan los buenos tiempos en Altos de Chav\u00f3n con una \u201cFiesta de Merengue\u201d con Los Hermanos Rosario!<\/p>\n\n\n\n<!--more-->\n\n\n\n<p>\u00a1Con los Hermanos Rosario, usted est\u00e1 cordialmente invitado a bailar toda la noche al ritmo del merengue de este grupo legendario del Merengue! Este concierto es patrocinado por el Ministerio de Turismo de la Rep\u00fablica Dominicana, Casa de Campo y el&nbsp;M&amp;C Market Place.<\/p>\n\n\n\n<p>Los Hermanos Rosario son una banda de Merengue emblem\u00e1tica de la Rep\u00fablica Dominicana, que cantan en varios lugares en ocasiones especiales en la Rep\u00fablica Dominicana y el mundo, incluyendo numerosas ocasiones aqu\u00ed en Casa de Campo.<\/p>\n\n\n\n<p>Dentro de los grupos de Merengue de la Rep\u00fablica Dominicana, Los Hermanos Rosario son una de las bandas m\u00e1s populares; con 36 a\u00f1os de experiencia gan\u00e1ndose el afecto del p\u00fablico, tanto nacional como internacional.<\/p>\n\n\n\n<blockquote><h3>\u201cFiesta de Merengue!\u201d con los Hermanos Rosario<\/h3><p><strong>Fecha:<\/strong>&nbsp;martes 26 de agosto, 9pm<\/p><p><strong>Lugar:<\/strong> Plaza Chav\u00f3n, Altos de Chav\u00f3n<\/p><p><strong>Costo: <\/strong>Funci\u00f3n de Cortes\u00eda<\/p><p><strong>Contactos:&nbsp;<\/strong><\/p><p>Facebook: altosdechavonevents<\/p><p>Twitter: @eventschavon<\/p><\/blockquote>\n\n\n\n<blockquote class=\"wp-block-quote is-layout-flow wp-block-quote-is-layout-flow\"><p><strong>Sobre Los Hermanos Rosario<\/strong><\/p><p>Los Hermanos Rosario, es un grupo musical de Merengue, originalmente consistiendo en hermanos. Pepe, Rafa y Luis.<\/p><p>La orquesta se convirti\u00f3 en Los Hermanos Rosario el 1 de Mayo 1978, D\u00eda del Trabajo.&nbsp;En ese momento, los 7 hermanos debutaron con las autoridades municipales en una ceremonia en la ciudad llamada Salva Le\u00f3n de Hig\u00fcey, una ciudad en el borde de la parte oriental de la Rep\u00fablica Dominicana.<\/p><p>Poco despu\u00e9s, Los Hermanos Rosario iniciaron una b\u00fasqueda de \u00e9xito art\u00edstico. Ellos desarrollaron sus actividades inicialmente en su pueblo natal y en algunas ciudades en el este del pa\u00eds. Un comienzo importante para los hermanos fue ser contratados por un maestro&nbsp;Chiquit\u00edn Payan Hotel Romana para avivar actividades en Casa de Campo.<\/p><\/blockquote>\n","protected":false},"excerpt":{"rendered":"<p>\u00bfEst\u00e1 listo para bailar al ritmo de un buen Merengue? \u00a1Bueno, si su respuesta fue \u201cs\u00ed\u201d mant\u00e9ngase en sinton\u00eda, por que el martes, 26 de agosto, empiezan los buenos tiempos en Altos de Chav\u00f3n con una \u201cFiesta de Merengue\u201d con Los Hermanos Rosario!<\/p>\n","protected":false},"author":23245,"featured_media":272655,"comment_status":"closed","ping_status":"closed","sticky":false,"template":"","format":"standard","meta":{"newspack_ads_suppress_ads":false,"newspack_popups_has_disabled_popups":false,"newspack_sponsor_sponsorship_scope":"","newspack_sponsor_native_byline_display":"inherit","newspack_sponsor_native_category_display":"inherit","newspack_sponsor_underwriter_style":"inherit","newspack_sponsor_underwriter_placement":"inherit","_newspack_byline_active":false,"_newspack_byline":"","newspack_hide_updated_date":false,"newspack_show_updated_date":false,"newspack_content_restriction_is_exempt":false,"newspack_featured_image_position":"","newspack_post_subtitle":"","newspack_article_summary_title":"Overview:","newspack_article_summary":"","_jetpack_memberships_contains_paid_content":false,"footnotes":"","jetpack_publicize_message":"","jetpack_publicize_feature_enabled":true,"jetpack_social_post_already_shared":false,"jetpack_social_options":{"image_generator_settings":{"template":"highway","default_image_id":0,"font":"","enabled":false},"version":2},"_wpas_customize_per_network":false},"categories":[26819,26936,26951,2513,2518,2524,14631,2522,14625,14627,2521],"tags":[3926,10043,3981,2963,5631],"newspack_spnsrs_tax":[],"class_list":["post-345129","post","type-post","status-publish","format-standard","has-post-thumbnail","hentry","category-altos-de-chavon-es","category-casa-de-campo-living-es","category-ccl-presenta","category-celebridades-es","category-conciertos-es","category-destacados","category-estilo-de-vida","category-eventos-es","category-noticias-locales","category-proximamente","category-republica-dominicana-2","tag-altos-de-chavones","tag-casa-de-campo-livinges","tag-casa-de-campoes","tag-concierto","tag-los-hermanos-rosario","entry"],"yoast_head":"<!-- This site is optimized with the Yoast SEO plugin v27.4 - https:\/\/yoast.com\/product\/yoast-seo-wordpress\/ -->\n<title>Los Hermanos Rosario en concierto - 26 de agosto en Altos de Chav\u00f3n | Casa de Campo Living<\/title>\n<meta name=\"description\" content=\"\u00bfEst\u00e1 listo para bailar al ritmo de un buen Merengue? \u00a1Bueno, si su respuesta fue \u201cs\u00ed\u201d mant\u00e9ngase en sinton\u00eda, por que el martes, 26 de agosto, empiezan\" \/>\n<meta name=\"robots\" content=\"index, follow, max-snippet:-1, max-image-preview:large, max-video-preview:-1\" \/>\n<link rel=\"canonical\" href=\"https:\/\/casadecampoliving.com\/es\/los-hermanos-rosario-en-concierto-26-de-agosto-en-altos-de-chavon\/\" \/>\n<meta property=\"og:locale\" content=\"es_ES\" \/>\n<meta property=\"og:type\" content=\"article\" \/>\n<meta property=\"og:title\" content=\"Los Hermanos Rosario en concierto - 26 de agosto en Altos de Chav\u00f3n | Casa de Campo Living\" \/>\n<meta property=\"og:description\" content=\"\u00bfEst\u00e1 listo para bailar al ritmo de un buen Merengue? \u00a1Bueno, si su respuesta fue \u201cs\u00ed\u201d mant\u00e9ngase en sinton\u00eda, por que el martes, 26 de agosto, empiezan\" \/>\n<meta property=\"og:url\" content=\"https:\/\/casadecampoliving.com\/es\/los-hermanos-rosario-en-concierto-26-de-agosto-en-altos-de-chavon\/\" \/>\n<meta property=\"og:site_name\" content=\"Casa de Campo Living\" \/>\n<meta property=\"article:publisher\" content=\"https:\/\/www.facebook.com\/casadecampoliving\" \/>\n<meta property=\"article:published_time\" content=\"2014-08-18T04:00:00+00:00\" \/>\n<meta property=\"article:modified_time\" content=\"2022-10-21T22:50:50+00:00\" \/>\n<meta property=\"og:image\" content=\"https:\/\/i0.wp.com\/casadecampoliving.com\/wp-content\/uploads\/2022\/10\/los-hermanos-rosario-2-1.jpg?fit=650%2C485&ssl=1\" \/>\n\t<meta property=\"og:image:width\" content=\"650\" \/>\n\t<meta property=\"og:image:height\" content=\"485\" \/>\n\t<meta property=\"og:image:type\" content=\"image\/jpeg\" \/>\n<meta name=\"author\" content=\"Daniela Medina\" \/>\n<meta name=\"twitter:card\" content=\"summary_large_image\" \/>\n<meta name=\"twitter:creator\" content=\"@cdcliving\" \/>\n<meta name=\"twitter:site\" content=\"@cdcliving\" \/>\n<meta name=\"twitter:label1\" content=\"Escrito por\" \/>\n\t<meta name=\"twitter:data1\" content=\"Daniela Medina\" \/>\n\t<meta name=\"twitter:label2\" content=\"Tiempo de lectura\" \/>\n\t<meta name=\"twitter:data2\" content=\"2 minutos\" \/>\n<script type=\"application\/ld+json\" class=\"yoast-schema-graph\">{\"@context\":\"https:\\\/\\\/schema.org\",\"@graph\":[{\"@type\":\"Article\",\"@id\":\"https:\\\/\\\/casadecampoliving.com\\\/es\\\/los-hermanos-rosario-en-concierto-26-de-agosto-en-altos-de-chavon\\\/#article\",\"isPartOf\":{\"@id\":\"https:\\\/\\\/casadecampoliving.com\\\/es\\\/los-hermanos-rosario-en-concierto-26-de-agosto-en-altos-de-chavon\\\/\"},\"author\":{\"name\":\"Daniela Medina\",\"@id\":\"https:\\\/\\\/casadecampoliving.com\\\/es\\\/#\\\/schema\\\/person\\\/20e49d1b22266dc2b8f020b38201bd4e\"},\"headline\":\"Los Hermanos Rosario en concierto &#8211; 26 de agosto en Altos de Chav\u00f3n\",\"datePublished\":\"2014-08-18T04:00:00+00:00\",\"dateModified\":\"2022-10-21T22:50:50+00:00\",\"mainEntityOfPage\":{\"@id\":\"https:\\\/\\\/casadecampoliving.com\\\/es\\\/los-hermanos-rosario-en-concierto-26-de-agosto-en-altos-de-chavon\\\/\"},\"wordCount\":348,\"publisher\":{\"@id\":\"https:\\\/\\\/casadecampoliving.com\\\/es\\\/#organization\"},\"image\":{\"@id\":\"https:\\\/\\\/casadecampoliving.com\\\/es\\\/los-hermanos-rosario-en-concierto-26-de-agosto-en-altos-de-chavon\\\/#primaryimage\"},\"thumbnailUrl\":\"https:\\\/\\\/i0.wp.com\\\/casadecampoliving.com\\\/wp-content\\\/uploads\\\/2022\\\/10\\\/los-hermanos-rosario-2-1.jpg?fit=650%2C485&ssl=1\",\"keywords\":[\"altos de chavon@es\",\"casa de campo living@es\",\"casa de campo@es\",\"concierto\",\"los hermanos rosario\"],\"articleSection\":[\"Altos de Chavon @es\",\"Casa de Campo Living @es\",\"CCL presenta\",\"Celebridades\",\"Conciertos\",\"Destacados\",\"Estilo de Vida\",\"Eventos\",\"Noticias Locales\",\"Proximamente\",\"Rep\u00fablica Dominicana @es\"],\"inLanguage\":\"es\"},{\"@type\":\"WebPage\",\"@id\":\"https:\\\/\\\/casadecampoliving.com\\\/es\\\/los-hermanos-rosario-en-concierto-26-de-agosto-en-altos-de-chavon\\\/\",\"url\":\"https:\\\/\\\/casadecampoliving.com\\\/es\\\/los-hermanos-rosario-en-concierto-26-de-agosto-en-altos-de-chavon\\\/\",\"name\":\"Los Hermanos Rosario en concierto - 26 de agosto en Altos de Chav\u00f3n | Casa de Campo Living\",\"isPartOf\":{\"@id\":\"https:\\\/\\\/casadecampoliving.com\\\/es\\\/#website\"},\"primaryImageOfPage\":{\"@id\":\"https:\\\/\\\/casadecampoliving.com\\\/es\\\/los-hermanos-rosario-en-concierto-26-de-agosto-en-altos-de-chavon\\\/#primaryimage\"},\"image\":{\"@id\":\"https:\\\/\\\/casadecampoliving.com\\\/es\\\/los-hermanos-rosario-en-concierto-26-de-agosto-en-altos-de-chavon\\\/#primaryimage\"},\"thumbnailUrl\":\"https:\\\/\\\/i0.wp.com\\\/casadecampoliving.com\\\/wp-content\\\/uploads\\\/2022\\\/10\\\/los-hermanos-rosario-2-1.jpg?fit=650%2C485&ssl=1\",\"datePublished\":\"2014-08-18T04:00:00+00:00\",\"dateModified\":\"2022-10-21T22:50:50+00:00\",\"description\":\"\u00bfEst\u00e1 listo para bailar al ritmo de un buen Merengue? \u00a1Bueno, si su respuesta fue \u201cs\u00ed\u201d mant\u00e9ngase en sinton\u00eda, por que el martes, 26 de agosto, empiezan\",\"breadcrumb\":{\"@id\":\"https:\\\/\\\/casadecampoliving.com\\\/es\\\/los-hermanos-rosario-en-concierto-26-de-agosto-en-altos-de-chavon\\\/#breadcrumb\"},\"inLanguage\":\"es\",\"potentialAction\":[{\"@type\":\"ReadAction\",\"target\":[\"https:\\\/\\\/casadecampoliving.com\\\/es\\\/los-hermanos-rosario-en-concierto-26-de-agosto-en-altos-de-chavon\\\/\"]}]},{\"@type\":\"ImageObject\",\"inLanguage\":\"es\",\"@id\":\"https:\\\/\\\/casadecampoliving.com\\\/es\\\/los-hermanos-rosario-en-concierto-26-de-agosto-en-altos-de-chavon\\\/#primaryimage\",\"url\":\"https:\\\/\\\/i0.wp.com\\\/casadecampoliving.com\\\/wp-content\\\/uploads\\\/2022\\\/10\\\/los-hermanos-rosario-2-1.jpg?fit=650%2C485&ssl=1\",\"contentUrl\":\"https:\\\/\\\/i0.wp.com\\\/casadecampoliving.com\\\/wp-content\\\/uploads\\\/2022\\\/10\\\/los-hermanos-rosario-2-1.jpg?fit=650%2C485&ssl=1\",\"width\":650,\"height\":485},{\"@type\":\"BreadcrumbList\",\"@id\":\"https:\\\/\\\/casadecampoliving.com\\\/es\\\/los-hermanos-rosario-en-concierto-26-de-agosto-en-altos-de-chavon\\\/#breadcrumb\",\"itemListElement\":[{\"@type\":\"ListItem\",\"position\":1,\"name\":\"Home\",\"item\":\"https:\\\/\\\/casadecampoliving.com\\\/es\\\/\"},{\"@type\":\"ListItem\",\"position\":2,\"name\":\"Los Hermanos Rosario en concierto &#8211; 26 de agosto en Altos de Chav\u00f3n\"}]},{\"@type\":\"WebSite\",\"@id\":\"https:\\\/\\\/casadecampoliving.com\\\/es\\\/#website\",\"url\":\"https:\\\/\\\/casadecampoliving.com\\\/es\\\/\",\"name\":\"Casa de Campo Living\",\"description\":\"Resort community news and resources.\",\"publisher\":{\"@id\":\"https:\\\/\\\/casadecampoliving.com\\\/es\\\/#organization\"},\"potentialAction\":[{\"@type\":\"SearchAction\",\"target\":{\"@type\":\"EntryPoint\",\"urlTemplate\":\"https:\\\/\\\/casadecampoliving.com\\\/es\\\/?s={search_term_string}\"},\"query-input\":{\"@type\":\"PropertyValueSpecification\",\"valueRequired\":true,\"valueName\":\"search_term_string\"}}],\"inLanguage\":\"es\"},{\"@type\":\"Organization\",\"@id\":\"https:\\\/\\\/casadecampoliving.com\\\/es\\\/#organization\",\"name\":\"Casa de Campo Living\",\"url\":\"https:\\\/\\\/casadecampoliving.com\\\/es\\\/\",\"logo\":{\"@type\":\"ImageObject\",\"inLanguage\":\"es\",\"@id\":\"https:\\\/\\\/casadecampoliving.com\\\/es\\\/#\\\/schema\\\/logo\\\/image\\\/\",\"url\":\"https:\\\/\\\/i0.wp.com\\\/casadecampoliving.com\\\/wp-content\\\/uploads\\\/2022\\\/07\\\/CDCLivingLogo_V1-white-sized.png?fit=800%2C214&ssl=1\",\"contentUrl\":\"https:\\\/\\\/i0.wp.com\\\/casadecampoliving.com\\\/wp-content\\\/uploads\\\/2022\\\/07\\\/CDCLivingLogo_V1-white-sized.png?fit=800%2C214&ssl=1\",\"width\":800,\"height\":214,\"caption\":\"Casa de Campo Living\"},\"image\":{\"@id\":\"https:\\\/\\\/casadecampoliving.com\\\/es\\\/#\\\/schema\\\/logo\\\/image\\\/\"},\"sameAs\":[\"https:\\\/\\\/www.facebook.com\\\/casadecampoliving\",\"https:\\\/\\\/x.com\\\/cdcliving\"]},{\"@type\":\"Person\",\"@id\":\"https:\\\/\\\/casadecampoliving.com\\\/es\\\/#\\\/schema\\\/person\\\/20e49d1b22266dc2b8f020b38201bd4e\",\"name\":\"Daniela Medina\",\"image\":{\"@type\":\"ImageObject\",\"inLanguage\":\"es\",\"@id\":\"https:\\\/\\\/secure.gravatar.com\\\/avatar\\\/65aa8415724474307d634c8364a0bd8ee551c4f0f01f2ffcc53e5a9856cb7369?s=96&d=mm&r=g\",\"url\":\"https:\\\/\\\/secure.gravatar.com\\\/avatar\\\/65aa8415724474307d634c8364a0bd8ee551c4f0f01f2ffcc53e5a9856cb7369?s=96&d=mm&r=g\",\"contentUrl\":\"https:\\\/\\\/secure.gravatar.com\\\/avatar\\\/65aa8415724474307d634c8364a0bd8ee551c4f0f01f2ffcc53e5a9856cb7369?s=96&d=mm&r=g\",\"caption\":\"Daniela Medina\"},\"url\":\"https:\\\/\\\/casadecampoliving.com\\\/es\\\/author\\\/dmedina\\\/\"}]}<\/script>\n<!-- \/ Yoast SEO plugin. -->","yoast_head_json":{"title":"Los Hermanos Rosario en concierto - 26 de agosto en Altos de Chav\u00f3n | Casa de Campo Living","description":"\u00bfEst\u00e1 listo para bailar al ritmo de un buen Merengue? \u00a1Bueno, si su respuesta fue \u201cs\u00ed\u201d mant\u00e9ngase en sinton\u00eda, por que el martes, 26 de agosto, empiezan","robots":{"index":"index","follow":"follow","max-snippet":"max-snippet:-1","max-image-preview":"max-image-preview:large","max-video-preview":"max-video-preview:-1"},"canonical":"https:\/\/casadecampoliving.com\/es\/los-hermanos-rosario-en-concierto-26-de-agosto-en-altos-de-chavon\/","og_locale":"es_ES","og_type":"article","og_title":"Los Hermanos Rosario en concierto - 26 de agosto en Altos de Chav\u00f3n | Casa de Campo Living","og_description":"\u00bfEst\u00e1 listo para bailar al ritmo de un buen Merengue? \u00a1Bueno, si su respuesta fue \u201cs\u00ed\u201d mant\u00e9ngase en sinton\u00eda, por que el martes, 26 de agosto, empiezan","og_url":"https:\/\/casadecampoliving.com\/es\/los-hermanos-rosario-en-concierto-26-de-agosto-en-altos-de-chavon\/","og_site_name":"Casa de Campo Living","article_publisher":"https:\/\/www.facebook.com\/casadecampoliving","article_published_time":"2014-08-18T04:00:00+00:00","article_modified_time":"2022-10-21T22:50:50+00:00","og_image":[{"width":650,"height":485,"url":"https:\/\/i0.wp.com\/casadecampoliving.com\/wp-content\/uploads\/2022\/10\/los-hermanos-rosario-2-1.jpg?fit=650%2C485&ssl=1","type":"image\/jpeg"}],"author":"Daniela Medina","twitter_card":"summary_large_image","twitter_creator":"@cdcliving","twitter_site":"@cdcliving","twitter_misc":{"Escrito por":"Daniela Medina","Tiempo de lectura":"2 minutos"},"schema":{"@context":"https:\/\/schema.org","@graph":[{"@type":"Article","@id":"https:\/\/casadecampoliving.com\/es\/los-hermanos-rosario-en-concierto-26-de-agosto-en-altos-de-chavon\/#article","isPartOf":{"@id":"https:\/\/casadecampoliving.com\/es\/los-hermanos-rosario-en-concierto-26-de-agosto-en-altos-de-chavon\/"},"author":{"name":"Daniela Medina","@id":"https:\/\/casadecampoliving.com\/es\/#\/schema\/person\/20e49d1b22266dc2b8f020b38201bd4e"},"headline":"Los Hermanos Rosario en concierto &#8211; 26 de agosto en Altos de Chav\u00f3n","datePublished":"2014-08-18T04:00:00+00:00","dateModified":"2022-10-21T22:50:50+00:00","mainEntityOfPage":{"@id":"https:\/\/casadecampoliving.com\/es\/los-hermanos-rosario-en-concierto-26-de-agosto-en-altos-de-chavon\/"},"wordCount":348,"publisher":{"@id":"https:\/\/casadecampoliving.com\/es\/#organization"},"image":{"@id":"https:\/\/casadecampoliving.com\/es\/los-hermanos-rosario-en-concierto-26-de-agosto-en-altos-de-chavon\/#primaryimage"},"thumbnailUrl":"https:\/\/i0.wp.com\/casadecampoliving.com\/wp-content\/uploads\/2022\/10\/los-hermanos-rosario-2-1.jpg?fit=650%2C485&ssl=1","keywords":["altos de chavon@es","casa de campo living@es","casa de campo@es","concierto","los hermanos rosario"],"articleSection":["Altos de Chavon @es","Casa de Campo Living @es","CCL presenta","Celebridades","Conciertos","Destacados","Estilo de Vida","Eventos","Noticias Locales","Proximamente","Rep\u00fablica Dominicana @es"],"inLanguage":"es"},{"@type":"WebPage","@id":"https:\/\/casadecampoliving.com\/es\/los-hermanos-rosario-en-concierto-26-de-agosto-en-altos-de-chavon\/","url":"https:\/\/casadecampoliving.com\/es\/los-hermanos-rosario-en-concierto-26-de-agosto-en-altos-de-chavon\/","name":"Los Hermanos Rosario en concierto - 26 de agosto en Altos de Chav\u00f3n | Casa de Campo Living","isPartOf":{"@id":"https:\/\/casadecampoliving.com\/es\/#website"},"primaryImageOfPage":{"@id":"https:\/\/casadecampoliving.com\/es\/los-hermanos-rosario-en-concierto-26-de-agosto-en-altos-de-chavon\/#primaryimage"},"image":{"@id":"https:\/\/casadecampoliving.com\/es\/los-hermanos-rosario-en-concierto-26-de-agosto-en-altos-de-chavon\/#primaryimage"},"thumbnailUrl":"https:\/\/i0.wp.com\/casadecampoliving.com\/wp-content\/uploads\/2022\/10\/los-hermanos-rosario-2-1.jpg?fit=650%2C485&ssl=1","datePublished":"2014-08-18T04:00:00+00:00","dateModified":"2022-10-21T22:50:50+00:00","description":"\u00bfEst\u00e1 listo para bailar al ritmo de un buen Merengue? \u00a1Bueno, si su respuesta fue \u201cs\u00ed\u201d mant\u00e9ngase en sinton\u00eda, por que el martes, 26 de agosto, empiezan","breadcrumb":{"@id":"https:\/\/casadecampoliving.com\/es\/los-hermanos-rosario-en-concierto-26-de-agosto-en-altos-de-chavon\/#breadcrumb"},"inLanguage":"es","potentialAction":[{"@type":"ReadAction","target":["https:\/\/casadecampoliving.com\/es\/los-hermanos-rosario-en-concierto-26-de-agosto-en-altos-de-chavon\/"]}]},{"@type":"ImageObject","inLanguage":"es","@id":"https:\/\/casadecampoliving.com\/es\/los-hermanos-rosario-en-concierto-26-de-agosto-en-altos-de-chavon\/#primaryimage","url":"https:\/\/i0.wp.com\/casadecampoliving.com\/wp-content\/uploads\/2022\/10\/los-hermanos-rosario-2-1.jpg?fit=650%2C485&ssl=1","contentUrl":"https:\/\/i0.wp.com\/casadecampoliving.com\/wp-content\/uploads\/2022\/10\/los-hermanos-rosario-2-1.jpg?fit=650%2C485&ssl=1","width":650,"height":485},{"@type":"BreadcrumbList","@id":"https:\/\/casadecampoliving.com\/es\/los-hermanos-rosario-en-concierto-26-de-agosto-en-altos-de-chavon\/#breadcrumb","itemListElement":[{"@type":"ListItem","position":1,"name":"Home","item":"https:\/\/casadecampoliving.com\/es\/"},{"@type":"ListItem","position":2,"name":"Los Hermanos Rosario en concierto &#8211; 26 de agosto en Altos de Chav\u00f3n"}]},{"@type":"WebSite","@id":"https:\/\/casadecampoliving.com\/es\/#website","url":"https:\/\/casadecampoliving.com\/es\/","name":"Casa de Campo Living","description":"Resort community news and resources.","publisher":{"@id":"https:\/\/casadecampoliving.com\/es\/#organization"},"potentialAction":[{"@type":"SearchAction","target":{"@type":"EntryPoint","urlTemplate":"https:\/\/casadecampoliving.com\/es\/?s={search_term_string}"},"query-input":{"@type":"PropertyValueSpecification","valueRequired":true,"valueName":"search_term_string"}}],"inLanguage":"es"},{"@type":"Organization","@id":"https:\/\/casadecampoliving.com\/es\/#organization","name":"Casa de Campo Living","url":"https:\/\/casadecampoliving.com\/es\/","logo":{"@type":"ImageObject","inLanguage":"es","@id":"https:\/\/casadecampoliving.com\/es\/#\/schema\/logo\/image\/","url":"https:\/\/i0.wp.com\/casadecampoliving.com\/wp-content\/uploads\/2022\/07\/CDCLivingLogo_V1-white-sized.png?fit=800%2C214&ssl=1","contentUrl":"https:\/\/i0.wp.com\/casadecampoliving.com\/wp-content\/uploads\/2022\/07\/CDCLivingLogo_V1-white-sized.png?fit=800%2C214&ssl=1","width":800,"height":214,"caption":"Casa de Campo Living"},"image":{"@id":"https:\/\/casadecampoliving.com\/es\/#\/schema\/logo\/image\/"},"sameAs":["https:\/\/www.facebook.com\/casadecampoliving","https:\/\/x.com\/cdcliving"]},{"@type":"Person","@id":"https:\/\/casadecampoliving.com\/es\/#\/schema\/person\/20e49d1b22266dc2b8f020b38201bd4e","name":"Daniela Medina","image":{"@type":"ImageObject","inLanguage":"es","@id":"https:\/\/secure.gravatar.com\/avatar\/65aa8415724474307d634c8364a0bd8ee551c4f0f01f2ffcc53e5a9856cb7369?s=96&d=mm&r=g","url":"https:\/\/secure.gravatar.com\/avatar\/65aa8415724474307d634c8364a0bd8ee551c4f0f01f2ffcc53e5a9856cb7369?s=96&d=mm&r=g","contentUrl":"https:\/\/secure.gravatar.com\/avatar\/65aa8415724474307d634c8364a0bd8ee551c4f0f01f2ffcc53e5a9856cb7369?s=96&d=mm&r=g","caption":"Daniela Medina"},"url":"https:\/\/casadecampoliving.com\/es\/author\/dmedina\/"}]}},"parsely":{"version":"1.1.0","canonical_url":"https:\/\/casadecampoliving.com\/es\/los-hermanos-rosario-en-concierto-26-de-agosto-en-altos-de-chavon\/","smart_links":{"inbound":0,"outbound":0},"traffic_boost_suggestions_count":0,"meta":{"@context":"https:\/\/schema.org","@type":"NewsArticle","headline":"Los Hermanos Rosario en concierto &#8211; 26 de agosto en Altos de Chav\u00f3n","url":"http:\/\/casadecampoliving.com\/es\/los-hermanos-rosario-en-concierto-26-de-agosto-en-altos-de-chavon\/","mainEntityOfPage":{"@type":"WebPage","@id":"http:\/\/casadecampoliving.com\/es\/los-hermanos-rosario-en-concierto-26-de-agosto-en-altos-de-chavon\/"},"thumbnailUrl":"https:\/\/i0.wp.com\/casadecampoliving.com\/wp-content\/uploads\/2022\/10\/los-hermanos-rosario-2-1.jpg?resize=150%2C150&ssl=1","image":{"@type":"ImageObject","url":"https:\/\/i0.wp.com\/casadecampoliving.com\/wp-content\/uploads\/2022\/10\/los-hermanos-rosario-2-1.jpg?fit=650%2C485&ssl=1"},"articleSection":"Altos de Chavon @es","author":[{"@type":"Person","name":"Daniela Medina"}],"creator":["Daniela Medina"],"publisher":{"@type":"Organization","name":"Casa de Campo Living","logo":"https:\/\/casadecampoliving.com\/wp-content\/uploads\/2022\/07\/CDCLivingLogo_V1-white-sized.png"},"keywords":["altos de chavon@es","casa de campo living@es","casa de campo@es","concierto","los hermanos rosario"],"dateCreated":"2014-08-18T04:00:00Z","datePublished":"2014-08-18T04:00:00Z","dateModified":"2022-10-21T22:50:50Z"},"rendered":"<script type=\"application\/ld+json\" class=\"wp-parsely-metadata\">{\"@context\":\"https:\\\/\\\/schema.org\",\"@type\":\"NewsArticle\",\"headline\":\"Los Hermanos Rosario en concierto &#8211; 26 de agosto en Altos de Chav\\u00f3n\",\"url\":\"http:\\\/\\\/casadecampoliving.com\\\/es\\\/los-hermanos-rosario-en-concierto-26-de-agosto-en-altos-de-chavon\\\/\",\"mainEntityOfPage\":{\"@type\":\"WebPage\",\"@id\":\"http:\\\/\\\/casadecampoliving.com\\\/es\\\/los-hermanos-rosario-en-concierto-26-de-agosto-en-altos-de-chavon\\\/\"},\"thumbnailUrl\":\"https:\\\/\\\/i0.wp.com\\\/casadecampoliving.com\\\/wp-content\\\/uploads\\\/2022\\\/10\\\/los-hermanos-rosario-2-1.jpg?resize=150%2C150&ssl=1\",\"image\":{\"@type\":\"ImageObject\",\"url\":\"https:\\\/\\\/i0.wp.com\\\/casadecampoliving.com\\\/wp-content\\\/uploads\\\/2022\\\/10\\\/los-hermanos-rosario-2-1.jpg?fit=650%2C485&ssl=1\"},\"articleSection\":\"Altos de Chavon @es\",\"author\":[{\"@type\":\"Person\",\"name\":\"Daniela Medina\"}],\"creator\":[\"Daniela Medina\"],\"publisher\":{\"@type\":\"Organization\",\"name\":\"Casa de Campo Living\",\"logo\":\"https:\\\/\\\/casadecampoliving.com\\\/wp-content\\\/uploads\\\/2022\\\/07\\\/CDCLivingLogo_V1-white-sized.png\"},\"keywords\":[\"altos de chavon@es\",\"casa de campo living@es\",\"casa de campo@es\",\"concierto\",\"los hermanos rosario\"],\"dateCreated\":\"2014-08-18T04:00:00Z\",\"datePublished\":\"2014-08-18T04:00:00Z\",\"dateModified\":\"2022-10-21T22:50:50Z\"}<\/script>","tracker_url":"https:\/\/cdn.parsely.com\/keys\/casadecampoliving.com\/p.js"},"jetpack_publicize_connections":[],"jetpack_featured_media_url":"https:\/\/i0.wp.com\/casadecampoliving.com\/wp-content\/uploads\/2022\/10\/los-hermanos-rosario-2-1.jpg?fit=650%2C485&ssl=1","jetpack-related-posts":[{"id":433460,"url":"https:\/\/casadecampoliving.com\/es\/no-se-pierdan-el-increible-tributo-a-frank-sinatra-para-celebrar-el-40-aniversario-del-anfiteatro-altos-de-chavon\/","url_meta":{"origin":345129,"position":0},"title":"No se pierdan el incre\u00edble tributo a Frank Sinatra para celebrar el 40 aniversario del\u00a0Anfiteatro Altos de Chav\u00f3n","author":"Casa de Campo Living","date":"20 Oct, 2022","format":false,"excerpt":"Siendo uno de los escenarios m\u00e1s emblem\u00e1ticos del pa\u00eds, Casa de Campo Resort\u00ae & Villas celebra las cuatro d\u00e9cadas de aniversario de Altos de Chav\u00f3n con un tributo al gran Frank Sinatra, protagonizado por artistas invitados y una big band tal cual la que acompa\u00f1\u00f3 al artista hace 40 a\u00f1os\u2026","rel":"","context":"En \u00abUncategorized @es\u00bb","block_context":{"text":"Uncategorized @es","link":"https:\/\/casadecampoliving.com\/es\/category\/uncategorized-es\/"},"img":{"alt_text":"","src":"https:\/\/i0.wp.com\/casadecampoliving.com\/wp-content\/uploads\/2022\/10\/Tributo-Frank-Sinatra-Foto-Principal-Amaury-Sanchez-Danilo-Ginebra-Andres-Pichardo-y-Jose-Gabriel-Perez-.jpg?fit=1200%2C873&ssl=1&resize=350%2C200","width":350,"height":200,"srcset":"https:\/\/i0.wp.com\/casadecampoliving.com\/wp-content\/uploads\/2022\/10\/Tributo-Frank-Sinatra-Foto-Principal-Amaury-Sanchez-Danilo-Ginebra-Andres-Pichardo-y-Jose-Gabriel-Perez-.jpg?fit=1200%2C873&ssl=1&resize=350%2C200 1x, https:\/\/i0.wp.com\/casadecampoliving.com\/wp-content\/uploads\/2022\/10\/Tributo-Frank-Sinatra-Foto-Principal-Amaury-Sanchez-Danilo-Ginebra-Andres-Pichardo-y-Jose-Gabriel-Perez-.jpg?fit=1200%2C873&ssl=1&resize=525%2C300 1.5x, https:\/\/i0.wp.com\/casadecampoliving.com\/wp-content\/uploads\/2022\/10\/Tributo-Frank-Sinatra-Foto-Principal-Amaury-Sanchez-Danilo-Ginebra-Andres-Pichardo-y-Jose-Gabriel-Perez-.jpg?fit=1200%2C873&ssl=1&resize=700%2C400 2x, https:\/\/i0.wp.com\/casadecampoliving.com\/wp-content\/uploads\/2022\/10\/Tributo-Frank-Sinatra-Foto-Principal-Amaury-Sanchez-Danilo-Ginebra-Andres-Pichardo-y-Jose-Gabriel-Perez-.jpg?fit=1200%2C873&ssl=1&resize=1050%2C600 3x"},"classes":[]},{"id":352340,"url":"https:\/\/casadecampoliving.com\/es\/baila-toda-la-noche-con-los-hermanos-rosario\/","url_meta":{"origin":345129,"position":1},"title":"\u00a1Baile toda la noche con Los Hermanos Rosario!","author":"Marlenys Guzm\u00e1n Casta\u00f1os","date":"25 Dic, 2017","format":false,"excerpt":"\u00a1Esta temporada la fiesta nunca se detiene! El 26 de diciembre, Altos de Chav\u00f3n vibrar\u00e1 con los sonidos del merengue\u2026 \u00a1Los Hermanos Rosario estar\u00e1n aqu\u00ed y nos tendr\u00e1n a todos bailando toda la noche! Como parte del programa navide\u00f1o, Altos de Chav\u00f3n y Casa de Campo han organizado una fiesta\u2026","rel":"","context":"En \u00abAltos de Chavon @es\u00bb","block_context":{"text":"Altos de Chavon @es","link":"https:\/\/casadecampoliving.com\/category\/altos-de-chavon-es\/"},"img":{"alt_text":"","src":"https:\/\/i0.wp.com\/casadecampoliving.com\/wp-content\/uploads\/2022\/10\/DSC_0102-e1514237394177.jpg?fit=1000%2C667&ssl=1&resize=350%2C200","width":350,"height":200,"srcset":"https:\/\/i0.wp.com\/casadecampoliving.com\/wp-content\/uploads\/2022\/10\/DSC_0102-e1514237394177.jpg?fit=1000%2C667&ssl=1&resize=350%2C200 1x, https:\/\/i0.wp.com\/casadecampoliving.com\/wp-content\/uploads\/2022\/10\/DSC_0102-e1514237394177.jpg?fit=1000%2C667&ssl=1&resize=525%2C300 1.5x, https:\/\/i0.wp.com\/casadecampoliving.com\/wp-content\/uploads\/2022\/10\/DSC_0102-e1514237394177.jpg?fit=1000%2C667&ssl=1&resize=700%2C400 2x"},"classes":[]},{"id":345245,"url":"https:\/\/casadecampoliving.com\/es\/festejando-con-los-hermanos-rosario-en-chavon\/","url_meta":{"origin":345129,"position":2},"title":"Festejando con los Hermanos Rosario en Chav\u00f3n","author":"Daniela Medina","date":"4 Sep, 2014","format":false,"excerpt":"Si hay algo que aman los dominicanos - \u00a1es bailar! \u00a1As\u00ed que el martes, 26 de Agosto, cuando los Hermanos Rosario tocaron en concierto en las piedras de Altos de Chav\u00f3n, la gran comunidad de\u00a0Casa de Campo y La Romana saltaba, o mejor dicho bailaba, con alegr\u00eda! Aunque fue abierto\u2026","rel":"","context":"En \u00abAltos de Chavon @es\u00bb","block_context":{"text":"Altos de Chavon @es","link":"https:\/\/casadecampoliving.com\/category\/altos-de-chavon-es\/"},"img":{"alt_text":"Hermanos Rosario Concert","src":"https:\/\/i0.wp.com\/casadecampoliving.com\/wp-content\/uploads\/2022\/10\/i-5RwrXXR-XL-1.jpg?fit=800%2C534&ssl=1&resize=350%2C200","width":350,"height":200,"srcset":"https:\/\/i0.wp.com\/casadecampoliving.com\/wp-content\/uploads\/2022\/10\/i-5RwrXXR-XL-1.jpg?fit=800%2C534&ssl=1&resize=350%2C200 1x, https:\/\/i0.wp.com\/casadecampoliving.com\/wp-content\/uploads\/2022\/10\/i-5RwrXXR-XL-1.jpg?fit=800%2C534&ssl=1&resize=525%2C300 1.5x, https:\/\/i0.wp.com\/casadecampoliving.com\/wp-content\/uploads\/2022\/10\/i-5RwrXXR-XL-1.jpg?fit=800%2C534&ssl=1&resize=700%2C400 2x"},"classes":[]},{"id":503010,"url":"https:\/\/casadecampoliving.com\/es\/unete-a-la-celebracion-concierto-de-wilfrido-vargas-este-sabado-en-altos-de-chavon\/","url_meta":{"origin":345129,"position":3},"title":"\u00a1\u00danete a la celebraci\u00f3n! \u00a1Concierto de Wilfrido Vargas ESTE s\u00e1bado en Altos de Chav\u00f3n!","author":"Casa de Campo Living","date":"2 Nov, 2022","format":false,"excerpt":"\u00bfEst\u00e1s listo para bailar un merengue realmente bueno? Bueno, si su respuesta es \u201cs\u00ed\u201d, entonces esperamos que pueda despejar sus agendas para este s\u00e1bado 5 de noviembre, los buenos tiempos comienzan en Altos de Chav\u00f3n con una \u201cfiesta del merengue\u201d con un concierto de Wilfrido Vargas celebrando la fiesta del\u2026","rel":"","context":"En \u00abConciertos\u00bb","block_context":{"text":"Conciertos","link":"https:\/\/casadecampoliving.com\/es\/category\/conciertos-es\/"},"img":{"alt_text":"","src":"https:\/\/i0.wp.com\/casadecampoliving.com\/wp-content\/uploads\/2022\/11\/Wilfrido-Vargas-Plaza-Chavon-scaled-e1667425437934.jpg?fit=1200%2C800&ssl=1&resize=350%2C200","width":350,"height":200,"srcset":"https:\/\/i0.wp.com\/casadecampoliving.com\/wp-content\/uploads\/2022\/11\/Wilfrido-Vargas-Plaza-Chavon-scaled-e1667425437934.jpg?fit=1200%2C800&ssl=1&resize=350%2C200 1x, https:\/\/i0.wp.com\/casadecampoliving.com\/wp-content\/uploads\/2022\/11\/Wilfrido-Vargas-Plaza-Chavon-scaled-e1667425437934.jpg?fit=1200%2C800&ssl=1&resize=525%2C300 1.5x, https:\/\/i0.wp.com\/casadecampoliving.com\/wp-content\/uploads\/2022\/11\/Wilfrido-Vargas-Plaza-Chavon-scaled-e1667425437934.jpg?fit=1200%2C800&ssl=1&resize=700%2C400 2x, https:\/\/i0.wp.com\/casadecampoliving.com\/wp-content\/uploads\/2022\/11\/Wilfrido-Vargas-Plaza-Chavon-scaled-e1667425437934.jpg?fit=1200%2C800&ssl=1&resize=1050%2C600 3x"},"classes":[]},{"id":350154,"url":"https:\/\/casadecampoliving.com\/es\/itinerario-genesis-nightclub-julio-8\/","url_meta":{"origin":345129,"position":4},"title":"Fiestas de fin de semana en Genesis Nightclub (8 &#8211; 10 de Julio)","author":"Felix Guerrero","date":"8 Jul, 2016","format":false,"excerpt":"\u00a1ES VIERNES! Ya sabe que la fiesta es en Genesis Nightclub\u00a0todo el fin\u00a0de semana. \u00a1No se pierda el itinerario de los DJ\u2019s y eventos de este fin de semana, \u00a1en el que el evento principal ser\u00e1 el concierto de To\u00f1o Rosario la noche del s\u00e1bado!\u00a0\u00bfEst\u00e1 listo para bailar toda la\u2026","rel":"","context":"En \u00abAltos de Chavon @es\u00bb","block_context":{"text":"Altos de Chavon @es","link":"https:\/\/casadecampoliving.com\/category\/altos-de-chavon-es\/"},"img":{"alt_text":"Featured Image Genesis Nightclub events schedule July 8th","src":"https:\/\/i0.wp.com\/casadecampoliving.com\/wp-content\/uploads\/2022\/10\/Featured-Image-Genesis-Nightclub-events-schedule-July-8th.jpg?fit=1000%2C600&ssl=1&resize=350%2C200","width":350,"height":200,"srcset":"https:\/\/i0.wp.com\/casadecampoliving.com\/wp-content\/uploads\/2022\/10\/Featured-Image-Genesis-Nightclub-events-schedule-July-8th.jpg?fit=1000%2C600&ssl=1&resize=350%2C200 1x, https:\/\/i0.wp.com\/casadecampoliving.com\/wp-content\/uploads\/2022\/10\/Featured-Image-Genesis-Nightclub-events-schedule-July-8th.jpg?fit=1000%2C600&ssl=1&resize=525%2C300 1.5x, https:\/\/i0.wp.com\/casadecampoliving.com\/wp-content\/uploads\/2022\/10\/Featured-Image-Genesis-Nightclub-events-schedule-July-8th.jpg?fit=1000%2C600&ssl=1&resize=700%2C400 2x"},"classes":[]},{"id":324090,"url":"https:\/\/casadecampoliving.com\/merengue-party-los-hermanos-rosario-orchestra-ago-26-altos-de-chavon\/","url_meta":{"origin":345129,"position":5},"title":"Los Hermanos Rosario in concert &#8211; Aug. 26th at Altos de Chav\u00f3n","author":"Perkin Agramonte","date":"18 Ago, 2014","format":false,"excerpt":"Are you ready to dance to some really good Merengue? Well, if your answer is \u201cyes\u201d stay tuned, because on Tuesday the 26th of August, the good times begin in Altos de Chav\u00f3n with a \u201cMerengue party\u201d featuring a concert with Los Hermanos Rosario! With Los Hermanos Rosario, you are\u2026","rel":"","context":"En \u00abAltos de Chavon\u00bb","block_context":{"text":"Altos de Chavon","link":"https:\/\/casadecampoliving.com\/category\/altos-de-chavon\/"},"img":{"alt_text":"","src":"https:\/\/i0.wp.com\/casadecampoliving.com\/wp-content\/uploads\/2022\/10\/los-hermanos-rosario-2-1.jpg?fit=650%2C485&ssl=1&resize=350%2C200","width":350,"height":200,"srcset":"https:\/\/i0.wp.com\/casadecampoliving.com\/wp-content\/uploads\/2022\/10\/los-hermanos-rosario-2-1.jpg?fit=650%2C485&ssl=1&resize=350%2C200 1x, https:\/\/i0.wp.com\/casadecampoliving.com\/wp-content\/uploads\/2022\/10\/los-hermanos-rosario-2-1.jpg?fit=650%2C485&ssl=1&resize=525%2C300 1.5x"},"classes":[]}],"jetpack_sharing_enabled":true,"_links":{"self":[{"href":"https:\/\/casadecampoliving.com\/es\/wp-json\/wp\/v2\/posts\/345129","targetHints":{"allow":["GET"]}}],"collection":[{"href":"https:\/\/casadecampoliving.com\/es\/wp-json\/wp\/v2\/posts"}],"about":[{"href":"https:\/\/casadecampoliving.com\/es\/wp-json\/wp\/v2\/types\/post"}],"author":[{"embeddable":true,"href":"https:\/\/casadecampoliving.com\/es\/wp-json\/wp\/v2\/users\/23245"}],"replies":[{"embeddable":true,"href":"https:\/\/casadecampoliving.com\/es\/wp-json\/wp\/v2\/comments?post=345129"}],"version-history":[{"count":1,"href":"https:\/\/casadecampoliving.com\/es\/wp-json\/wp\/v2\/posts\/345129\/revisions"}],"predecessor-version":[{"id":345130,"href":"https:\/\/casadecampoliving.com\/es\/wp-json\/wp\/v2\/posts\/345129\/revisions\/345130"}],"wp:featuredmedia":[{"embeddable":true,"href":"https:\/\/casadecampoliving.com\/es\/wp-json\/wp\/v2\/media\/272655"}],"wp:attachment":[{"href":"https:\/\/casadecampoliving.com\/es\/wp-json\/wp\/v2\/media?parent=345129"}],"wp:term":[{"taxonomy":"category","embeddable":true,"href":"https:\/\/casadecampoliving.com\/es\/wp-json\/wp\/v2\/categories?post=345129"},{"taxonomy":"post_tag","embeddable":true,"href":"https:\/\/casadecampoliving.com\/es\/wp-json\/wp\/v2\/tags?post=345129"},{"taxonomy":"newspack_spnsrs_tax","embeddable":true,"href":"https:\/\/casadecampoliving.com\/es\/wp-json\/wp\/v2\/newspack_spnsrs_tax?post=345129"}],"curies":[{"name":"wp","href":"https:\/\/api.w.org\/{rel}","templated":true}]}}