{"id":345089,"date":"2014-08-10T00:00:00","date_gmt":"2014-08-10T04:00:00","guid":{"rendered":"https:\/\/casadecampoliving.com\/un-concierto-notable-para-abrir-la-aldea-cultural-santa-rosa-de-lima\/"},"modified":"2022-11-10T10:36:37","modified_gmt":"2022-11-10T14:36:37","slug":"un-concierto-notable-para-abrir-la-aldea-cultural-santa-rosa-de-lima","status":"publish","type":"post","link":"https:\/\/casadecampoliving.com\/es\/un-concierto-notable-para-abrir-la-aldea-cultural-santa-rosa-de-lima\/","title":{"rendered":"Un concierto notable para abrir la Aldea Cultural Santa Rosa de Lima"},"content":{"rendered":"<img data-recalc-dims=\"1\" loading=\"lazy\" decoding=\"async\" class=\"aligncenter wp-image-95308\" src=\"https:\/\/i0.wp.com\/casadecampoliving.com\/wp-content\/uploads\/2022\/10\/Concierto-Aldea-Cultural-1.jpg?resize=650%2C488&#038;ssl=1\" alt=\"Concierto Aldea Cultural 1\" width=\"650\" height=\"488\" \/>El mi\u00e9rcoles, 30 de julio, La Romana celebr\u00f3 la apertura del nuevo centro cultural, Aldea Cultural Santa Rosa de Lima.<!--more-->\n\nLa inauguraci\u00f3n oficial tomo lugar a las 11am del mi\u00e9rcoles, y esa misma tarde las comunidades de La Romana y Casa de Campo fueron invitados a unirse a la celebraci\u00f3n con un magn\u00edfico concierto de apertura, \u00a1el primero de muchos conciertos que vendr\u00e1n!\n\nLa gran celebraci\u00f3n a cargo del Ministerio Dominicano de la Cultura dio inicio con el Coro Koribe y continuo con un acto m\u00e1gico hecho por el Ballet Folcl\u00f3rico\u00a0\u00abRen\u00e9 Carrasco\u00bb de La Romana, dirigido por Celeste Cruz.\n<p style=\"text-align: center;\"><strong>Coro Koribe\u00a0<\/strong><\/p>\n<img data-recalc-dims=\"1\" loading=\"lazy\" decoding=\"async\" class=\"aligncenter wp-image-95316\" src=\"https:\/\/i0.wp.com\/casadecampoliving.com\/wp-content\/uploads\/2022\/10\/Concierto-Aldea-Cultural.jpg?resize=650%2C488&#038;ssl=1\" alt=\"Concierto Aldea Cultural\" width=\"650\" height=\"488\" \/>\n\nLa majestuosa tarde termin\u00f3 con una funci\u00f3n despampanante presentada por el \u00abEnsamble de percusi\u00f3n del Teatro Orquestal Dominicano\u00bb. Este grupo, una orquesta de percusi\u00f3n, estuvo compuesto enteramente por j\u00f3venes con discapacidades, necesidades especiales, y el espect\u00e1culo result\u00f3 incre\u00edble.\n\n<a href=\"https:\/\/casadecampoliving.com\/es\/aldea-cultural-santa-rosa-de-lima-esperanza-que-nace-de-la-desesperacion\/\">Haga clic aqu\u00ed para leer m\u00e1s acerca de la Aldea Cultural Santa Rosa<\/a> y nuestra cobertura de la inauguraci\u00f3n dirigida por el Ministro Dominicano de la Cultura, Jose Antonio Rodriguez.\n<p style=\"text-align: center;\"><strong>Ballet Folkl\u00f3rico \u00abRen\u00e9 Carrasco\u00bb of La Romana<\/strong><\/p>\n<img data-recalc-dims=\"1\" loading=\"lazy\" decoding=\"async\" class=\"aligncenter wp-image-95310\" src=\"https:\/\/i0.wp.com\/casadecampoliving.com\/wp-content\/uploads\/2022\/10\/Concierto-Aldea-Cultural-3.jpg?resize=650%2C432&#038;ssl=1\" alt=\"Concierto Aldea Cultural 3\" width=\"650\" height=\"432\" \/>\n\nActualmente est\u00e1n en exhibici\u00f3n en las salas de la Aldea Cultural Santa Rosa de Lima dos notables exposiciones: \u00abLa Romana, historia de un pueblo\u00bb, comisariada por Ana Mar\u00eda Conde, y \u00abExpresiones de reclusi\u00f3n\u00bb, una exposici\u00f3n de fotograf\u00eda de Alfredo Esteban representando la desolada realidad de la ex La Fortaleza. Ambas exposiciones, son tan impactantes, que tiene que ir a ver, y ambas est\u00e1n disponibles hasta el 30 Octubre.\n<p style=\"text-align: center;\"><strong>\u00abEnsamble de percusi\u00f3n del Teatro Orquestal Dominicano\u00bb<\/strong><\/p>\n<img data-recalc-dims=\"1\" loading=\"lazy\" decoding=\"async\" class=\"aligncenter wp-image-95314\" src=\"https:\/\/i0.wp.com\/casadecampoliving.com\/wp-content\/uploads\/2022\/10\/Concierto-Aldea-Cultural-8.jpg?resize=650%2C430&#038;ssl=1\" alt=\"Concierto Aldea Cultural 8\" width=\"650\" height=\"430\" \/>\n\n<a href=\"https:\/\/casadecampoliving.com\/es\/el-crecimiento-del-turismo-en-la-romana-descrito-por-luisa-maria-ortiz\/\" target=\"_blank\" rel=\"noopener\">Haga clic aqu\u00ed para leer sobre \u00abEl crecimiento del turismo en La Romana\u00bb<\/a>, un art\u00edculo de Mar\u00eda Luisa Ortiz, directora provincial de La Romana para el Ministerio de Cultura.\n\nLa siguiente colecci\u00f3n de fotos fueron tomadas durante el concierto inaugural de la Aldea Cultural Santa Rosa de Lima:\u00a0<span style=\"font-weight: 600; color: #444444;\">\n<figure class=\"wp-block-gallery has-nested-images columns-default is-cropped wp-block-gallery-1 is-layout-flex wp-block-gallery-is-layout-flex\">\n<figure class=\"wp-block-image size-large\"><img data-recalc-dims=\"1\" loading=\"lazy\" decoding=\"async\" width=\"1024\" height=\"768\" data-id=\"491675\" src=\"https:\/\/i0.wp.com\/casadecampoliving.com\/wp-content\/uploads\/2022\/10\/concierto-aldea-cultural-1-2.jpg?resize=1024%2C768&#038;ssl=1\" alt=\"\" class=\"wp-image-491675\" srcset=\"https:\/\/i0.wp.com\/casadecampoliving.com\/wp-content\/uploads\/2022\/10\/concierto-aldea-cultural-1-2.jpg?w=1024&amp;ssl=1 1024w, https:\/\/i0.wp.com\/casadecampoliving.com\/wp-content\/uploads\/2022\/10\/concierto-aldea-cultural-1-2.jpg?resize=300%2C225&amp;ssl=1 300w, https:\/\/i0.wp.com\/casadecampoliving.com\/wp-content\/uploads\/2022\/10\/concierto-aldea-cultural-1-2.jpg?resize=768%2C576&amp;ssl=1 768w, https:\/\/i0.wp.com\/casadecampoliving.com\/wp-content\/uploads\/2022\/10\/concierto-aldea-cultural-1-2.jpg?resize=800%2C600&amp;ssl=1 800w, https:\/\/i0.wp.com\/casadecampoliving.com\/wp-content\/uploads\/2022\/10\/concierto-aldea-cultural-1-2.jpg?resize=400%2C300&amp;ssl=1 400w, https:\/\/i0.wp.com\/casadecampoliving.com\/wp-content\/uploads\/2022\/10\/concierto-aldea-cultural-1-2.jpg?resize=200%2C150&amp;ssl=1 200w, https:\/\/i0.wp.com\/casadecampoliving.com\/wp-content\/uploads\/2022\/10\/concierto-aldea-cultural-1-2.jpg?resize=706%2C530&amp;ssl=1 706w, https:\/\/i0.wp.com\/casadecampoliving.com\/wp-content\/uploads\/2022\/10\/concierto-aldea-cultural-1-2.jpg?resize=150%2C113&amp;ssl=1 150w, https:\/\/i0.wp.com\/casadecampoliving.com\/wp-content\/uploads\/2022\/10\/concierto-aldea-cultural-1-2.jpg?w=370&amp;ssl=1 370w\" sizes=\"auto, (max-width: 1000px) 100vw, 1000px\" \/><\/figure>\n\n\n\n<figure class=\"wp-block-image size-large\"><img data-recalc-dims=\"1\" loading=\"lazy\" decoding=\"async\" width=\"1024\" height=\"643\" data-id=\"491681\" src=\"https:\/\/i0.wp.com\/casadecampoliving.com\/wp-content\/uploads\/2022\/10\/concierto-aldea-cultural-2-1.jpg?resize=1024%2C643&#038;ssl=1\" alt=\"\" class=\"wp-image-491681\" srcset=\"https:\/\/i0.wp.com\/casadecampoliving.com\/wp-content\/uploads\/2022\/10\/concierto-aldea-cultural-2-1.jpg?w=1024&amp;ssl=1 1024w, https:\/\/i0.wp.com\/casadecampoliving.com\/wp-content\/uploads\/2022\/10\/concierto-aldea-cultural-2-1.jpg?resize=300%2C188&amp;ssl=1 300w, https:\/\/i0.wp.com\/casadecampoliving.com\/wp-content\/uploads\/2022\/10\/concierto-aldea-cultural-2-1.jpg?resize=768%2C482&amp;ssl=1 768w, https:\/\/i0.wp.com\/casadecampoliving.com\/wp-content\/uploads\/2022\/10\/concierto-aldea-cultural-2-1.jpg?resize=400%2C251&amp;ssl=1 400w, https:\/\/i0.wp.com\/casadecampoliving.com\/wp-content\/uploads\/2022\/10\/concierto-aldea-cultural-2-1.jpg?resize=706%2C443&amp;ssl=1 706w, https:\/\/i0.wp.com\/casadecampoliving.com\/wp-content\/uploads\/2022\/10\/concierto-aldea-cultural-2-1.jpg?resize=150%2C94&amp;ssl=1 150w, https:\/\/i0.wp.com\/casadecampoliving.com\/wp-content\/uploads\/2022\/10\/concierto-aldea-cultural-2-1.jpg?w=370&amp;ssl=1 370w\" sizes=\"auto, (max-width: 1000px) 100vw, 1000px\" \/><\/figure>\n\n\n\n<figure class=\"wp-block-image size-large\"><img data-recalc-dims=\"1\" loading=\"lazy\" decoding=\"async\" width=\"1024\" height=\"681\" data-id=\"491687\" src=\"https:\/\/i0.wp.com\/casadecampoliving.com\/wp-content\/uploads\/2022\/10\/concierto-aldea-cultural-3-2.jpg?resize=1024%2C681&#038;ssl=1\" alt=\"\" class=\"wp-image-491687\" srcset=\"https:\/\/i0.wp.com\/casadecampoliving.com\/wp-content\/uploads\/2022\/10\/concierto-aldea-cultural-3-2.jpg?w=1024&amp;ssl=1 1024w, https:\/\/i0.wp.com\/casadecampoliving.com\/wp-content\/uploads\/2022\/10\/concierto-aldea-cultural-3-2.jpg?resize=300%2C200&amp;ssl=1 300w, https:\/\/i0.wp.com\/casadecampoliving.com\/wp-content\/uploads\/2022\/10\/concierto-aldea-cultural-3-2.jpg?resize=768%2C511&amp;ssl=1 768w, https:\/\/i0.wp.com\/casadecampoliving.com\/wp-content\/uploads\/2022\/10\/concierto-aldea-cultural-3-2.jpg?resize=400%2C266&amp;ssl=1 400w, https:\/\/i0.wp.com\/casadecampoliving.com\/wp-content\/uploads\/2022\/10\/concierto-aldea-cultural-3-2.jpg?resize=706%2C470&amp;ssl=1 706w, https:\/\/i0.wp.com\/casadecampoliving.com\/wp-content\/uploads\/2022\/10\/concierto-aldea-cultural-3-2.jpg?resize=150%2C100&amp;ssl=1 150w, https:\/\/i0.wp.com\/casadecampoliving.com\/wp-content\/uploads\/2022\/10\/concierto-aldea-cultural-3-2.jpg?w=370&amp;ssl=1 370w\" sizes=\"auto, (max-width: 1000px) 100vw, 1000px\" \/><\/figure>\n\n\n\n<figure class=\"wp-block-image size-large\"><img data-recalc-dims=\"1\" loading=\"lazy\" decoding=\"async\" width=\"1024\" height=\"768\" data-id=\"491694\" src=\"https:\/\/i0.wp.com\/casadecampoliving.com\/wp-content\/uploads\/2022\/10\/concierto-aldea-cultural-4-1.jpg?resize=1024%2C768&#038;ssl=1\" alt=\"\" class=\"wp-image-491694\" srcset=\"https:\/\/i0.wp.com\/casadecampoliving.com\/wp-content\/uploads\/2022\/10\/concierto-aldea-cultural-4-1.jpg?w=1024&amp;ssl=1 1024w, https:\/\/i0.wp.com\/casadecampoliving.com\/wp-content\/uploads\/2022\/10\/concierto-aldea-cultural-4-1.jpg?resize=300%2C225&amp;ssl=1 300w, https:\/\/i0.wp.com\/casadecampoliving.com\/wp-content\/uploads\/2022\/10\/concierto-aldea-cultural-4-1.jpg?resize=768%2C576&amp;ssl=1 768w, https:\/\/i0.wp.com\/casadecampoliving.com\/wp-content\/uploads\/2022\/10\/concierto-aldea-cultural-4-1.jpg?resize=800%2C600&amp;ssl=1 800w, https:\/\/i0.wp.com\/casadecampoliving.com\/wp-content\/uploads\/2022\/10\/concierto-aldea-cultural-4-1.jpg?resize=400%2C300&amp;ssl=1 400w, https:\/\/i0.wp.com\/casadecampoliving.com\/wp-content\/uploads\/2022\/10\/concierto-aldea-cultural-4-1.jpg?resize=200%2C150&amp;ssl=1 200w, https:\/\/i0.wp.com\/casadecampoliving.com\/wp-content\/uploads\/2022\/10\/concierto-aldea-cultural-4-1.jpg?resize=706%2C530&amp;ssl=1 706w, https:\/\/i0.wp.com\/casadecampoliving.com\/wp-content\/uploads\/2022\/10\/concierto-aldea-cultural-4-1.jpg?resize=150%2C113&amp;ssl=1 150w, https:\/\/i0.wp.com\/casadecampoliving.com\/wp-content\/uploads\/2022\/10\/concierto-aldea-cultural-4-1.jpg?w=370&amp;ssl=1 370w\" sizes=\"auto, (max-width: 1000px) 100vw, 1000px\" \/><\/figure>\n\n\n\n<figure class=\"wp-block-image size-large\"><img data-recalc-dims=\"1\" loading=\"lazy\" decoding=\"async\" width=\"957\" height=\"768\" data-id=\"491701\" src=\"https:\/\/i0.wp.com\/casadecampoliving.com\/wp-content\/uploads\/2022\/10\/concierto-aldea-cultural-5-1.jpg?resize=957%2C768&#038;ssl=1\" alt=\"\" class=\"wp-image-491701\" srcset=\"https:\/\/i0.wp.com\/casadecampoliving.com\/wp-content\/uploads\/2022\/10\/concierto-aldea-cultural-5-1.jpg?w=957&amp;ssl=1 957w, https:\/\/i0.wp.com\/casadecampoliving.com\/wp-content\/uploads\/2022\/10\/concierto-aldea-cultural-5-1.jpg?resize=300%2C241&amp;ssl=1 300w, https:\/\/i0.wp.com\/casadecampoliving.com\/wp-content\/uploads\/2022\/10\/concierto-aldea-cultural-5-1.jpg?resize=768%2C616&amp;ssl=1 768w, https:\/\/i0.wp.com\/casadecampoliving.com\/wp-content\/uploads\/2022\/10\/concierto-aldea-cultural-5-1.jpg?resize=400%2C321&amp;ssl=1 400w, https:\/\/i0.wp.com\/casadecampoliving.com\/wp-content\/uploads\/2022\/10\/concierto-aldea-cultural-5-1.jpg?resize=706%2C567&amp;ssl=1 706w, https:\/\/i0.wp.com\/casadecampoliving.com\/wp-content\/uploads\/2022\/10\/concierto-aldea-cultural-5-1.jpg?resize=150%2C120&amp;ssl=1 150w, https:\/\/i0.wp.com\/casadecampoliving.com\/wp-content\/uploads\/2022\/10\/concierto-aldea-cultural-5-1.jpg?w=370&amp;ssl=1 370w\" sizes=\"auto, (max-width: 957px) 100vw, 957px\" \/><\/figure>\n\n\n\n<figure class=\"wp-block-image size-large\"><img data-recalc-dims=\"1\" loading=\"lazy\" decoding=\"async\" width=\"981\" height=\"768\" data-id=\"491707\" src=\"https:\/\/i0.wp.com\/casadecampoliving.com\/wp-content\/uploads\/2022\/10\/concierto-aldea-cultural-6-1.jpg?resize=981%2C768&#038;ssl=1\" alt=\"\" class=\"wp-image-491707\" srcset=\"https:\/\/i0.wp.com\/casadecampoliving.com\/wp-content\/uploads\/2022\/10\/concierto-aldea-cultural-6-1.jpg?w=981&amp;ssl=1 981w, https:\/\/i0.wp.com\/casadecampoliving.com\/wp-content\/uploads\/2022\/10\/concierto-aldea-cultural-6-1.jpg?resize=300%2C235&amp;ssl=1 300w, https:\/\/i0.wp.com\/casadecampoliving.com\/wp-content\/uploads\/2022\/10\/concierto-aldea-cultural-6-1.jpg?resize=768%2C601&amp;ssl=1 768w, https:\/\/i0.wp.com\/casadecampoliving.com\/wp-content\/uploads\/2022\/10\/concierto-aldea-cultural-6-1.jpg?resize=400%2C313&amp;ssl=1 400w, https:\/\/i0.wp.com\/casadecampoliving.com\/wp-content\/uploads\/2022\/10\/concierto-aldea-cultural-6-1.jpg?resize=706%2C553&amp;ssl=1 706w, https:\/\/i0.wp.com\/casadecampoliving.com\/wp-content\/uploads\/2022\/10\/concierto-aldea-cultural-6-1.jpg?resize=150%2C117&amp;ssl=1 150w, https:\/\/i0.wp.com\/casadecampoliving.com\/wp-content\/uploads\/2022\/10\/concierto-aldea-cultural-6-1.jpg?w=370&amp;ssl=1 370w\" sizes=\"auto, (max-width: 981px) 100vw, 981px\" \/><\/figure>\n\n\n\n<figure class=\"wp-block-image size-large\"><img data-recalc-dims=\"1\" loading=\"lazy\" decoding=\"async\" width=\"1024\" height=\"677\" data-id=\"491712\" src=\"https:\/\/i0.wp.com\/casadecampoliving.com\/wp-content\/uploads\/2022\/10\/concierto-aldea-cultural-8-2.jpg?resize=1024%2C677&#038;ssl=1\" alt=\"\" class=\"wp-image-491712\" srcset=\"https:\/\/i0.wp.com\/casadecampoliving.com\/wp-content\/uploads\/2022\/10\/concierto-aldea-cultural-8-2.jpg?w=1024&amp;ssl=1 1024w, https:\/\/i0.wp.com\/casadecampoliving.com\/wp-content\/uploads\/2022\/10\/concierto-aldea-cultural-8-2.jpg?resize=300%2C198&amp;ssl=1 300w, https:\/\/i0.wp.com\/casadecampoliving.com\/wp-content\/uploads\/2022\/10\/concierto-aldea-cultural-8-2.jpg?resize=768%2C508&amp;ssl=1 768w, https:\/\/i0.wp.com\/casadecampoliving.com\/wp-content\/uploads\/2022\/10\/concierto-aldea-cultural-8-2.jpg?resize=400%2C264&amp;ssl=1 400w, https:\/\/i0.wp.com\/casadecampoliving.com\/wp-content\/uploads\/2022\/10\/concierto-aldea-cultural-8-2.jpg?resize=706%2C467&amp;ssl=1 706w, https:\/\/i0.wp.com\/casadecampoliving.com\/wp-content\/uploads\/2022\/10\/concierto-aldea-cultural-8-2.jpg?resize=150%2C99&amp;ssl=1 150w, https:\/\/i0.wp.com\/casadecampoliving.com\/wp-content\/uploads\/2022\/10\/concierto-aldea-cultural-8-2.jpg?w=370&amp;ssl=1 370w\" sizes=\"auto, (max-width: 1000px) 100vw, 1000px\" \/><\/figure>\n\n\n\n<figure class=\"wp-block-image size-large\"><img data-recalc-dims=\"1\" loading=\"lazy\" decoding=\"async\" width=\"1024\" height=\"768\" data-id=\"491719\" src=\"https:\/\/i0.wp.com\/casadecampoliving.com\/wp-content\/uploads\/2022\/10\/concierto-aldea-cultural-9-1.jpg?resize=1024%2C768&#038;ssl=1\" alt=\"\" class=\"wp-image-491719\" srcset=\"https:\/\/i0.wp.com\/casadecampoliving.com\/wp-content\/uploads\/2022\/10\/concierto-aldea-cultural-9-1.jpg?w=1024&amp;ssl=1 1024w, https:\/\/i0.wp.com\/casadecampoliving.com\/wp-content\/uploads\/2022\/10\/concierto-aldea-cultural-9-1.jpg?resize=300%2C225&amp;ssl=1 300w, https:\/\/i0.wp.com\/casadecampoliving.com\/wp-content\/uploads\/2022\/10\/concierto-aldea-cultural-9-1.jpg?resize=768%2C576&amp;ssl=1 768w, https:\/\/i0.wp.com\/casadecampoliving.com\/wp-content\/uploads\/2022\/10\/concierto-aldea-cultural-9-1.jpg?resize=800%2C600&amp;ssl=1 800w, https:\/\/i0.wp.com\/casadecampoliving.com\/wp-content\/uploads\/2022\/10\/concierto-aldea-cultural-9-1.jpg?resize=400%2C300&amp;ssl=1 400w, https:\/\/i0.wp.com\/casadecampoliving.com\/wp-content\/uploads\/2022\/10\/concierto-aldea-cultural-9-1.jpg?resize=200%2C150&amp;ssl=1 200w, https:\/\/i0.wp.com\/casadecampoliving.com\/wp-content\/uploads\/2022\/10\/concierto-aldea-cultural-9-1.jpg?resize=706%2C530&amp;ssl=1 706w, https:\/\/i0.wp.com\/casadecampoliving.com\/wp-content\/uploads\/2022\/10\/concierto-aldea-cultural-9-1.jpg?resize=150%2C113&amp;ssl=1 150w, https:\/\/i0.wp.com\/casadecampoliving.com\/wp-content\/uploads\/2022\/10\/concierto-aldea-cultural-9-1.jpg?w=370&amp;ssl=1 370w\" sizes=\"auto, (max-width: 1000px) 100vw, 1000px\" \/><\/figure>\n\n\n\n<figure class=\"wp-block-image size-large\"><img data-recalc-dims=\"1\" loading=\"lazy\" decoding=\"async\" width=\"1024\" height=\"768\" data-id=\"491725\" src=\"https:\/\/i0.wp.com\/casadecampoliving.com\/wp-content\/uploads\/2022\/10\/concierto-aldea-cultural-10.jpg?resize=1024%2C768&#038;ssl=1\" alt=\"\" class=\"wp-image-491725\" srcset=\"https:\/\/i0.wp.com\/casadecampoliving.com\/wp-content\/uploads\/2022\/10\/concierto-aldea-cultural-10.jpg?w=1024&amp;ssl=1 1024w, https:\/\/i0.wp.com\/casadecampoliving.com\/wp-content\/uploads\/2022\/10\/concierto-aldea-cultural-10.jpg?resize=300%2C225&amp;ssl=1 300w, https:\/\/i0.wp.com\/casadecampoliving.com\/wp-content\/uploads\/2022\/10\/concierto-aldea-cultural-10.jpg?resize=768%2C576&amp;ssl=1 768w, https:\/\/i0.wp.com\/casadecampoliving.com\/wp-content\/uploads\/2022\/10\/concierto-aldea-cultural-10.jpg?resize=800%2C600&amp;ssl=1 800w, https:\/\/i0.wp.com\/casadecampoliving.com\/wp-content\/uploads\/2022\/10\/concierto-aldea-cultural-10.jpg?resize=400%2C300&amp;ssl=1 400w, https:\/\/i0.wp.com\/casadecampoliving.com\/wp-content\/uploads\/2022\/10\/concierto-aldea-cultural-10.jpg?resize=200%2C150&amp;ssl=1 200w, https:\/\/i0.wp.com\/casadecampoliving.com\/wp-content\/uploads\/2022\/10\/concierto-aldea-cultural-10.jpg?resize=706%2C530&amp;ssl=1 706w, https:\/\/i0.wp.com\/casadecampoliving.com\/wp-content\/uploads\/2022\/10\/concierto-aldea-cultural-10.jpg?resize=150%2C113&amp;ssl=1 150w, https:\/\/i0.wp.com\/casadecampoliving.com\/wp-content\/uploads\/2022\/10\/concierto-aldea-cultural-10.jpg?w=370&amp;ssl=1 370w\" sizes=\"auto, (max-width: 1000px) 100vw, 1000px\" \/><\/figure>\n\n\n\n<figure class=\"wp-block-image size-large\"><img data-recalc-dims=\"1\" loading=\"lazy\" decoding=\"async\" width=\"1024\" height=\"583\" data-id=\"491731\" src=\"https:\/\/i0.wp.com\/casadecampoliving.com\/wp-content\/uploads\/2022\/10\/concierto-aldea-cultural7-1.jpg?resize=1024%2C583&#038;ssl=1\" alt=\"\" class=\"wp-image-491731\" srcset=\"https:\/\/i0.wp.com\/casadecampoliving.com\/wp-content\/uploads\/2022\/10\/concierto-aldea-cultural7-1.jpg?w=1024&amp;ssl=1 1024w, https:\/\/i0.wp.com\/casadecampoliving.com\/wp-content\/uploads\/2022\/10\/concierto-aldea-cultural7-1.jpg?resize=300%2C171&amp;ssl=1 300w, https:\/\/i0.wp.com\/casadecampoliving.com\/wp-content\/uploads\/2022\/10\/concierto-aldea-cultural7-1.jpg?resize=768%2C437&amp;ssl=1 768w, https:\/\/i0.wp.com\/casadecampoliving.com\/wp-content\/uploads\/2022\/10\/concierto-aldea-cultural7-1.jpg?resize=400%2C228&amp;ssl=1 400w, https:\/\/i0.wp.com\/casadecampoliving.com\/wp-content\/uploads\/2022\/10\/concierto-aldea-cultural7-1.jpg?resize=706%2C402&amp;ssl=1 706w, https:\/\/i0.wp.com\/casadecampoliving.com\/wp-content\/uploads\/2022\/10\/concierto-aldea-cultural7-1.jpg?resize=150%2C85&amp;ssl=1 150w, https:\/\/i0.wp.com\/casadecampoliving.com\/wp-content\/uploads\/2022\/10\/concierto-aldea-cultural7-1.jpg?w=370&amp;ssl=1 370w\" sizes=\"auto, (max-width: 1000px) 100vw, 1000px\" \/><\/figure>\n<\/figure>\n<\/span>","protected":false},"excerpt":{"rendered":"<p>El mi\u00e9rcoles, 30 de julio, La Romana celebr\u00f3 la apertura del nuevo centro cultural, Aldea Cultural Santa Rosa de Lima.<\/p>\n","protected":false},"author":23245,"featured_media":271806,"comment_status":"closed","ping_status":"closed","sticky":false,"template":"","format":"standard","meta":{"newspack_ads_suppress_ads":false,"newspack_popups_has_disabled_popups":false,"newspack_sponsor_sponsorship_scope":"","newspack_sponsor_native_byline_display":"inherit","newspack_sponsor_native_category_display":"inherit","newspack_sponsor_underwriter_style":"inherit","newspack_sponsor_underwriter_placement":"inherit","_newspack_byline_active":false,"_newspack_byline":"","newspack_hide_updated_date":false,"newspack_show_updated_date":false,"newspack_content_restriction_is_exempt":false,"newspack_featured_image_position":"","newspack_post_subtitle":"","newspack_article_summary_title":"Overview:","newspack_article_summary":"","_jetpack_memberships_contains_paid_content":false,"footnotes":"","jetpack_publicize_message":"","jetpack_publicize_feature_enabled":true,"jetpack_social_post_already_shared":false,"jetpack_social_options":{"image_generator_settings":{"template":"highway","default_image_id":0,"font":"","enabled":false},"version":2},"_wpas_customize_per_network":false},"categories":[26823,2506,26936,26951,2521,2522,2507,2524,14631,14625,14627],"tags":[9906,2536,3334,10053,18932,14777],"newspack_spnsrs_tax":[],"class_list":["post-345089","post","type-post","status-publish","format-standard","has-post-thumbnail","hentry","category-arte-y-cultura","category-mas-alla-de-casa-es","category-casa-de-campo-living-es","category-ccl-presenta","category-republica-dominicana-2","category-eventos-es","category-la-romana-es","category-destacados","category-estilo-de-vida","category-noticias-locales","category-proximamente","tag-aldea-cultural-santa-rosa-de-lima","tag-arte","tag-cultura","tag-cultura-dominicana","tag-la-romana-es-4","tag-republica-dominicana-es-18","entry"],"yoast_head":"<!-- This site is optimized with the Yoast SEO plugin v27.4 - https:\/\/yoast.com\/product\/yoast-seo-wordpress\/ -->\n<title>Un concierto notable para abrir la Aldea Cultural Santa Rosa de Lima | Casa de Campo Living<\/title>\n<meta name=\"description\" content=\"El mi\u00e9rcoles, 30 de julio, La Romana celebr\u00f3 la apertura del nuevo centro cultural, Aldea Cultural Santa Rosa de Lima. La inauguraci\u00f3n oficial tomo lugar\" \/>\n<meta name=\"robots\" content=\"index, follow, max-snippet:-1, max-image-preview:large, max-video-preview:-1\" \/>\n<link rel=\"canonical\" href=\"https:\/\/casadecampoliving.com\/es\/un-concierto-notable-para-abrir-la-aldea-cultural-santa-rosa-de-lima\/\" \/>\n<meta property=\"og:locale\" content=\"es_ES\" \/>\n<meta property=\"og:type\" content=\"article\" \/>\n<meta property=\"og:title\" content=\"Un concierto notable para abrir la Aldea Cultural Santa Rosa de Lima | Casa de Campo Living\" \/>\n<meta property=\"og:description\" content=\"El mi\u00e9rcoles, 30 de julio, La Romana celebr\u00f3 la apertura del nuevo centro cultural, Aldea Cultural Santa Rosa de Lima. La inauguraci\u00f3n oficial tomo lugar\" \/>\n<meta property=\"og:url\" content=\"https:\/\/casadecampoliving.com\/es\/un-concierto-notable-para-abrir-la-aldea-cultural-santa-rosa-de-lima\/\" \/>\n<meta property=\"og:site_name\" content=\"Casa de Campo Living\" \/>\n<meta property=\"article:publisher\" content=\"https:\/\/www.facebook.com\/casadecampoliving\" \/>\n<meta property=\"article:published_time\" content=\"2014-08-10T04:00:00+00:00\" \/>\n<meta property=\"article:modified_time\" content=\"2022-11-10T14:36:37+00:00\" \/>\n<meta property=\"og:image\" content=\"https:\/\/i0.wp.com\/casadecampoliving.com\/wp-content\/uploads\/2022\/10\/Concierto-Aldea-Cultural-1-1.jpg?fit=1024%2C768&ssl=1\" \/>\n\t<meta property=\"og:image:width\" content=\"1024\" \/>\n\t<meta property=\"og:image:height\" content=\"768\" \/>\n\t<meta property=\"og:image:type\" content=\"image\/jpeg\" \/>\n<meta name=\"author\" content=\"Daniela Medina\" \/>\n<meta name=\"twitter:card\" content=\"summary_large_image\" \/>\n<meta name=\"twitter:creator\" content=\"@cdcliving\" \/>\n<meta name=\"twitter:site\" content=\"@cdcliving\" \/>\n<meta name=\"twitter:label1\" content=\"Escrito por\" \/>\n\t<meta name=\"twitter:data1\" content=\"Daniela Medina\" \/>\n\t<meta name=\"twitter:label2\" content=\"Tiempo de lectura\" \/>\n\t<meta name=\"twitter:data2\" content=\"2 minutos\" \/>\n<script type=\"application\/ld+json\" class=\"yoast-schema-graph\">{\"@context\":\"https:\\\/\\\/schema.org\",\"@graph\":[{\"@type\":\"Article\",\"@id\":\"https:\\\/\\\/casadecampoliving.com\\\/es\\\/un-concierto-notable-para-abrir-la-aldea-cultural-santa-rosa-de-lima\\\/#article\",\"isPartOf\":{\"@id\":\"https:\\\/\\\/casadecampoliving.com\\\/es\\\/un-concierto-notable-para-abrir-la-aldea-cultural-santa-rosa-de-lima\\\/\"},\"author\":{\"name\":\"Daniela Medina\",\"@id\":\"https:\\\/\\\/casadecampoliving.com\\\/es\\\/#\\\/schema\\\/person\\\/20e49d1b22266dc2b8f020b38201bd4e\"},\"headline\":\"Un concierto notable para abrir la Aldea Cultural Santa Rosa de Lima\",\"datePublished\":\"2014-08-10T04:00:00+00:00\",\"dateModified\":\"2022-11-10T14:36:37+00:00\",\"mainEntityOfPage\":{\"@id\":\"https:\\\/\\\/casadecampoliving.com\\\/es\\\/un-concierto-notable-para-abrir-la-aldea-cultural-santa-rosa-de-lima\\\/\"},\"wordCount\":339,\"publisher\":{\"@id\":\"https:\\\/\\\/casadecampoliving.com\\\/es\\\/#organization\"},\"image\":{\"@id\":\"https:\\\/\\\/casadecampoliving.com\\\/es\\\/un-concierto-notable-para-abrir-la-aldea-cultural-santa-rosa-de-lima\\\/#primaryimage\"},\"thumbnailUrl\":\"https:\\\/\\\/i0.wp.com\\\/casadecampoliving.com\\\/wp-content\\\/uploads\\\/2022\\\/10\\\/Concierto-Aldea-Cultural-1-1.jpg?fit=1024%2C768&ssl=1\",\"keywords\":[\"Aldea Cultural Santa Rosa de Lima\",\"arte\",\"cultura\",\"cultura dominicana\",\"La Romana\",\"Republica Dominicana\"],\"articleSection\":[\"Arte y cultura\",\"M\u00e1s all\u00e1 de Casa\",\"Casa de Campo Living @es\",\"CCL presenta\",\"Rep\u00fablica Dominicana @es\",\"Eventos\",\"La Romana @es\",\"Destacados\",\"Estilo de Vida\",\"Noticias Locales\",\"Proximamente\"],\"inLanguage\":\"es\"},{\"@type\":\"WebPage\",\"@id\":\"https:\\\/\\\/casadecampoliving.com\\\/es\\\/un-concierto-notable-para-abrir-la-aldea-cultural-santa-rosa-de-lima\\\/\",\"url\":\"https:\\\/\\\/casadecampoliving.com\\\/es\\\/un-concierto-notable-para-abrir-la-aldea-cultural-santa-rosa-de-lima\\\/\",\"name\":\"Un concierto notable para abrir la Aldea Cultural Santa Rosa de Lima | Casa de Campo Living\",\"isPartOf\":{\"@id\":\"https:\\\/\\\/casadecampoliving.com\\\/es\\\/#website\"},\"primaryImageOfPage\":{\"@id\":\"https:\\\/\\\/casadecampoliving.com\\\/es\\\/un-concierto-notable-para-abrir-la-aldea-cultural-santa-rosa-de-lima\\\/#primaryimage\"},\"image\":{\"@id\":\"https:\\\/\\\/casadecampoliving.com\\\/es\\\/un-concierto-notable-para-abrir-la-aldea-cultural-santa-rosa-de-lima\\\/#primaryimage\"},\"thumbnailUrl\":\"https:\\\/\\\/i0.wp.com\\\/casadecampoliving.com\\\/wp-content\\\/uploads\\\/2022\\\/10\\\/Concierto-Aldea-Cultural-1-1.jpg?fit=1024%2C768&ssl=1\",\"datePublished\":\"2014-08-10T04:00:00+00:00\",\"dateModified\":\"2022-11-10T14:36:37+00:00\",\"description\":\"El mi\u00e9rcoles, 30 de julio, La Romana celebr\u00f3 la apertura del nuevo centro cultural, Aldea Cultural Santa Rosa de Lima. La inauguraci\u00f3n oficial tomo lugar\",\"breadcrumb\":{\"@id\":\"https:\\\/\\\/casadecampoliving.com\\\/es\\\/un-concierto-notable-para-abrir-la-aldea-cultural-santa-rosa-de-lima\\\/#breadcrumb\"},\"inLanguage\":\"es\",\"potentialAction\":[{\"@type\":\"ReadAction\",\"target\":[\"https:\\\/\\\/casadecampoliving.com\\\/es\\\/un-concierto-notable-para-abrir-la-aldea-cultural-santa-rosa-de-lima\\\/\"]}]},{\"@type\":\"ImageObject\",\"inLanguage\":\"es\",\"@id\":\"https:\\\/\\\/casadecampoliving.com\\\/es\\\/un-concierto-notable-para-abrir-la-aldea-cultural-santa-rosa-de-lima\\\/#primaryimage\",\"url\":\"https:\\\/\\\/i0.wp.com\\\/casadecampoliving.com\\\/wp-content\\\/uploads\\\/2022\\\/10\\\/Concierto-Aldea-Cultural-1-1.jpg?fit=1024%2C768&ssl=1\",\"contentUrl\":\"https:\\\/\\\/i0.wp.com\\\/casadecampoliving.com\\\/wp-content\\\/uploads\\\/2022\\\/10\\\/Concierto-Aldea-Cultural-1-1.jpg?fit=1024%2C768&ssl=1\",\"width\":1024,\"height\":768},{\"@type\":\"BreadcrumbList\",\"@id\":\"https:\\\/\\\/casadecampoliving.com\\\/es\\\/un-concierto-notable-para-abrir-la-aldea-cultural-santa-rosa-de-lima\\\/#breadcrumb\",\"itemListElement\":[{\"@type\":\"ListItem\",\"position\":1,\"name\":\"Home\",\"item\":\"https:\\\/\\\/casadecampoliving.com\\\/es\\\/\"},{\"@type\":\"ListItem\",\"position\":2,\"name\":\"Un concierto notable para abrir la Aldea Cultural Santa Rosa de Lima\"}]},{\"@type\":\"WebSite\",\"@id\":\"https:\\\/\\\/casadecampoliving.com\\\/es\\\/#website\",\"url\":\"https:\\\/\\\/casadecampoliving.com\\\/es\\\/\",\"name\":\"Casa de Campo Living\",\"description\":\"Resort community news and resources.\",\"publisher\":{\"@id\":\"https:\\\/\\\/casadecampoliving.com\\\/es\\\/#organization\"},\"potentialAction\":[{\"@type\":\"SearchAction\",\"target\":{\"@type\":\"EntryPoint\",\"urlTemplate\":\"https:\\\/\\\/casadecampoliving.com\\\/es\\\/?s={search_term_string}\"},\"query-input\":{\"@type\":\"PropertyValueSpecification\",\"valueRequired\":true,\"valueName\":\"search_term_string\"}}],\"inLanguage\":\"es\"},{\"@type\":\"Organization\",\"@id\":\"https:\\\/\\\/casadecampoliving.com\\\/es\\\/#organization\",\"name\":\"Casa de Campo Living\",\"url\":\"https:\\\/\\\/casadecampoliving.com\\\/es\\\/\",\"logo\":{\"@type\":\"ImageObject\",\"inLanguage\":\"es\",\"@id\":\"https:\\\/\\\/casadecampoliving.com\\\/es\\\/#\\\/schema\\\/logo\\\/image\\\/\",\"url\":\"https:\\\/\\\/i0.wp.com\\\/casadecampoliving.com\\\/wp-content\\\/uploads\\\/2022\\\/07\\\/CDCLivingLogo_V1-white-sized.png?fit=800%2C214&ssl=1\",\"contentUrl\":\"https:\\\/\\\/i0.wp.com\\\/casadecampoliving.com\\\/wp-content\\\/uploads\\\/2022\\\/07\\\/CDCLivingLogo_V1-white-sized.png?fit=800%2C214&ssl=1\",\"width\":800,\"height\":214,\"caption\":\"Casa de Campo Living\"},\"image\":{\"@id\":\"https:\\\/\\\/casadecampoliving.com\\\/es\\\/#\\\/schema\\\/logo\\\/image\\\/\"},\"sameAs\":[\"https:\\\/\\\/www.facebook.com\\\/casadecampoliving\",\"https:\\\/\\\/x.com\\\/cdcliving\"]},{\"@type\":\"Person\",\"@id\":\"https:\\\/\\\/casadecampoliving.com\\\/es\\\/#\\\/schema\\\/person\\\/20e49d1b22266dc2b8f020b38201bd4e\",\"name\":\"Daniela Medina\",\"image\":{\"@type\":\"ImageObject\",\"inLanguage\":\"es\",\"@id\":\"https:\\\/\\\/secure.gravatar.com\\\/avatar\\\/65aa8415724474307d634c8364a0bd8ee551c4f0f01f2ffcc53e5a9856cb7369?s=96&d=mm&r=g\",\"url\":\"https:\\\/\\\/secure.gravatar.com\\\/avatar\\\/65aa8415724474307d634c8364a0bd8ee551c4f0f01f2ffcc53e5a9856cb7369?s=96&d=mm&r=g\",\"contentUrl\":\"https:\\\/\\\/secure.gravatar.com\\\/avatar\\\/65aa8415724474307d634c8364a0bd8ee551c4f0f01f2ffcc53e5a9856cb7369?s=96&d=mm&r=g\",\"caption\":\"Daniela Medina\"},\"url\":\"https:\\\/\\\/casadecampoliving.com\\\/es\\\/author\\\/dmedina\\\/\"}]}<\/script>\n<!-- \/ Yoast SEO plugin. -->","yoast_head_json":{"title":"Un concierto notable para abrir la Aldea Cultural Santa Rosa de Lima | Casa de Campo Living","description":"El mi\u00e9rcoles, 30 de julio, La Romana celebr\u00f3 la apertura del nuevo centro cultural, Aldea Cultural Santa Rosa de Lima. La inauguraci\u00f3n oficial tomo lugar","robots":{"index":"index","follow":"follow","max-snippet":"max-snippet:-1","max-image-preview":"max-image-preview:large","max-video-preview":"max-video-preview:-1"},"canonical":"https:\/\/casadecampoliving.com\/es\/un-concierto-notable-para-abrir-la-aldea-cultural-santa-rosa-de-lima\/","og_locale":"es_ES","og_type":"article","og_title":"Un concierto notable para abrir la Aldea Cultural Santa Rosa de Lima | Casa de Campo Living","og_description":"El mi\u00e9rcoles, 30 de julio, La Romana celebr\u00f3 la apertura del nuevo centro cultural, Aldea Cultural Santa Rosa de Lima. La inauguraci\u00f3n oficial tomo lugar","og_url":"https:\/\/casadecampoliving.com\/es\/un-concierto-notable-para-abrir-la-aldea-cultural-santa-rosa-de-lima\/","og_site_name":"Casa de Campo Living","article_publisher":"https:\/\/www.facebook.com\/casadecampoliving","article_published_time":"2014-08-10T04:00:00+00:00","article_modified_time":"2022-11-10T14:36:37+00:00","og_image":[{"width":1024,"height":768,"url":"https:\/\/i0.wp.com\/casadecampoliving.com\/wp-content\/uploads\/2022\/10\/Concierto-Aldea-Cultural-1-1.jpg?fit=1024%2C768&ssl=1","type":"image\/jpeg"}],"author":"Daniela Medina","twitter_card":"summary_large_image","twitter_creator":"@cdcliving","twitter_site":"@cdcliving","twitter_misc":{"Escrito por":"Daniela Medina","Tiempo de lectura":"2 minutos"},"schema":{"@context":"https:\/\/schema.org","@graph":[{"@type":"Article","@id":"https:\/\/casadecampoliving.com\/es\/un-concierto-notable-para-abrir-la-aldea-cultural-santa-rosa-de-lima\/#article","isPartOf":{"@id":"https:\/\/casadecampoliving.com\/es\/un-concierto-notable-para-abrir-la-aldea-cultural-santa-rosa-de-lima\/"},"author":{"name":"Daniela Medina","@id":"https:\/\/casadecampoliving.com\/es\/#\/schema\/person\/20e49d1b22266dc2b8f020b38201bd4e"},"headline":"Un concierto notable para abrir la Aldea Cultural Santa Rosa de Lima","datePublished":"2014-08-10T04:00:00+00:00","dateModified":"2022-11-10T14:36:37+00:00","mainEntityOfPage":{"@id":"https:\/\/casadecampoliving.com\/es\/un-concierto-notable-para-abrir-la-aldea-cultural-santa-rosa-de-lima\/"},"wordCount":339,"publisher":{"@id":"https:\/\/casadecampoliving.com\/es\/#organization"},"image":{"@id":"https:\/\/casadecampoliving.com\/es\/un-concierto-notable-para-abrir-la-aldea-cultural-santa-rosa-de-lima\/#primaryimage"},"thumbnailUrl":"https:\/\/i0.wp.com\/casadecampoliving.com\/wp-content\/uploads\/2022\/10\/Concierto-Aldea-Cultural-1-1.jpg?fit=1024%2C768&ssl=1","keywords":["Aldea Cultural Santa Rosa de Lima","arte","cultura","cultura dominicana","La Romana","Republica Dominicana"],"articleSection":["Arte y cultura","M\u00e1s all\u00e1 de Casa","Casa de Campo Living @es","CCL presenta","Rep\u00fablica Dominicana @es","Eventos","La Romana @es","Destacados","Estilo de Vida","Noticias Locales","Proximamente"],"inLanguage":"es"},{"@type":"WebPage","@id":"https:\/\/casadecampoliving.com\/es\/un-concierto-notable-para-abrir-la-aldea-cultural-santa-rosa-de-lima\/","url":"https:\/\/casadecampoliving.com\/es\/un-concierto-notable-para-abrir-la-aldea-cultural-santa-rosa-de-lima\/","name":"Un concierto notable para abrir la Aldea Cultural Santa Rosa de Lima | Casa de Campo Living","isPartOf":{"@id":"https:\/\/casadecampoliving.com\/es\/#website"},"primaryImageOfPage":{"@id":"https:\/\/casadecampoliving.com\/es\/un-concierto-notable-para-abrir-la-aldea-cultural-santa-rosa-de-lima\/#primaryimage"},"image":{"@id":"https:\/\/casadecampoliving.com\/es\/un-concierto-notable-para-abrir-la-aldea-cultural-santa-rosa-de-lima\/#primaryimage"},"thumbnailUrl":"https:\/\/i0.wp.com\/casadecampoliving.com\/wp-content\/uploads\/2022\/10\/Concierto-Aldea-Cultural-1-1.jpg?fit=1024%2C768&ssl=1","datePublished":"2014-08-10T04:00:00+00:00","dateModified":"2022-11-10T14:36:37+00:00","description":"El mi\u00e9rcoles, 30 de julio, La Romana celebr\u00f3 la apertura del nuevo centro cultural, Aldea Cultural Santa Rosa de Lima. La inauguraci\u00f3n oficial tomo lugar","breadcrumb":{"@id":"https:\/\/casadecampoliving.com\/es\/un-concierto-notable-para-abrir-la-aldea-cultural-santa-rosa-de-lima\/#breadcrumb"},"inLanguage":"es","potentialAction":[{"@type":"ReadAction","target":["https:\/\/casadecampoliving.com\/es\/un-concierto-notable-para-abrir-la-aldea-cultural-santa-rosa-de-lima\/"]}]},{"@type":"ImageObject","inLanguage":"es","@id":"https:\/\/casadecampoliving.com\/es\/un-concierto-notable-para-abrir-la-aldea-cultural-santa-rosa-de-lima\/#primaryimage","url":"https:\/\/i0.wp.com\/casadecampoliving.com\/wp-content\/uploads\/2022\/10\/Concierto-Aldea-Cultural-1-1.jpg?fit=1024%2C768&ssl=1","contentUrl":"https:\/\/i0.wp.com\/casadecampoliving.com\/wp-content\/uploads\/2022\/10\/Concierto-Aldea-Cultural-1-1.jpg?fit=1024%2C768&ssl=1","width":1024,"height":768},{"@type":"BreadcrumbList","@id":"https:\/\/casadecampoliving.com\/es\/un-concierto-notable-para-abrir-la-aldea-cultural-santa-rosa-de-lima\/#breadcrumb","itemListElement":[{"@type":"ListItem","position":1,"name":"Home","item":"https:\/\/casadecampoliving.com\/es\/"},{"@type":"ListItem","position":2,"name":"Un concierto notable para abrir la Aldea Cultural Santa Rosa de Lima"}]},{"@type":"WebSite","@id":"https:\/\/casadecampoliving.com\/es\/#website","url":"https:\/\/casadecampoliving.com\/es\/","name":"Casa de Campo Living","description":"Resort community news and resources.","publisher":{"@id":"https:\/\/casadecampoliving.com\/es\/#organization"},"potentialAction":[{"@type":"SearchAction","target":{"@type":"EntryPoint","urlTemplate":"https:\/\/casadecampoliving.com\/es\/?s={search_term_string}"},"query-input":{"@type":"PropertyValueSpecification","valueRequired":true,"valueName":"search_term_string"}}],"inLanguage":"es"},{"@type":"Organization","@id":"https:\/\/casadecampoliving.com\/es\/#organization","name":"Casa de Campo Living","url":"https:\/\/casadecampoliving.com\/es\/","logo":{"@type":"ImageObject","inLanguage":"es","@id":"https:\/\/casadecampoliving.com\/es\/#\/schema\/logo\/image\/","url":"https:\/\/i0.wp.com\/casadecampoliving.com\/wp-content\/uploads\/2022\/07\/CDCLivingLogo_V1-white-sized.png?fit=800%2C214&ssl=1","contentUrl":"https:\/\/i0.wp.com\/casadecampoliving.com\/wp-content\/uploads\/2022\/07\/CDCLivingLogo_V1-white-sized.png?fit=800%2C214&ssl=1","width":800,"height":214,"caption":"Casa de Campo Living"},"image":{"@id":"https:\/\/casadecampoliving.com\/es\/#\/schema\/logo\/image\/"},"sameAs":["https:\/\/www.facebook.com\/casadecampoliving","https:\/\/x.com\/cdcliving"]},{"@type":"Person","@id":"https:\/\/casadecampoliving.com\/es\/#\/schema\/person\/20e49d1b22266dc2b8f020b38201bd4e","name":"Daniela Medina","image":{"@type":"ImageObject","inLanguage":"es","@id":"https:\/\/secure.gravatar.com\/avatar\/65aa8415724474307d634c8364a0bd8ee551c4f0f01f2ffcc53e5a9856cb7369?s=96&d=mm&r=g","url":"https:\/\/secure.gravatar.com\/avatar\/65aa8415724474307d634c8364a0bd8ee551c4f0f01f2ffcc53e5a9856cb7369?s=96&d=mm&r=g","contentUrl":"https:\/\/secure.gravatar.com\/avatar\/65aa8415724474307d634c8364a0bd8ee551c4f0f01f2ffcc53e5a9856cb7369?s=96&d=mm&r=g","caption":"Daniela Medina"},"url":"https:\/\/casadecampoliving.com\/es\/author\/dmedina\/"}]}},"parsely":{"version":"1.1.0","canonical_url":"https:\/\/casadecampoliving.com\/es\/un-concierto-notable-para-abrir-la-aldea-cultural-santa-rosa-de-lima\/","smart_links":{"inbound":0,"outbound":0},"traffic_boost_suggestions_count":0,"meta":{"@context":"https:\/\/schema.org","@type":"NewsArticle","headline":"Un concierto notable para abrir la Aldea Cultural Santa Rosa de Lima","url":"http:\/\/casadecampoliving.com\/es\/un-concierto-notable-para-abrir-la-aldea-cultural-santa-rosa-de-lima\/","mainEntityOfPage":{"@type":"WebPage","@id":"http:\/\/casadecampoliving.com\/es\/un-concierto-notable-para-abrir-la-aldea-cultural-santa-rosa-de-lima\/"},"thumbnailUrl":"https:\/\/i0.wp.com\/casadecampoliving.com\/wp-content\/uploads\/2022\/10\/Concierto-Aldea-Cultural-1-1.jpg?resize=150%2C150&ssl=1","image":{"@type":"ImageObject","url":"https:\/\/i0.wp.com\/casadecampoliving.com\/wp-content\/uploads\/2022\/10\/Concierto-Aldea-Cultural-1-1.jpg?fit=1024%2C768&ssl=1"},"articleSection":"Arte y cultura","author":[{"@type":"Person","name":"Daniela Medina"}],"creator":["Daniela Medina"],"publisher":{"@type":"Organization","name":"Casa de Campo Living","logo":"https:\/\/casadecampoliving.com\/wp-content\/uploads\/2022\/07\/CDCLivingLogo_V1-white-sized.png"},"keywords":["aldea cultural santa rosa de lima","arte","cultura","cultura dominicana","la romana","republica dominicana"],"dateCreated":"2014-08-10T04:00:00Z","datePublished":"2014-08-10T04:00:00Z","dateModified":"2022-11-10T14:36:37Z"},"rendered":"<script type=\"application\/ld+json\" class=\"wp-parsely-metadata\">{\"@context\":\"https:\\\/\\\/schema.org\",\"@type\":\"NewsArticle\",\"headline\":\"Un concierto notable para abrir la Aldea Cultural Santa Rosa de Lima\",\"url\":\"http:\\\/\\\/casadecampoliving.com\\\/es\\\/un-concierto-notable-para-abrir-la-aldea-cultural-santa-rosa-de-lima\\\/\",\"mainEntityOfPage\":{\"@type\":\"WebPage\",\"@id\":\"http:\\\/\\\/casadecampoliving.com\\\/es\\\/un-concierto-notable-para-abrir-la-aldea-cultural-santa-rosa-de-lima\\\/\"},\"thumbnailUrl\":\"https:\\\/\\\/i0.wp.com\\\/casadecampoliving.com\\\/wp-content\\\/uploads\\\/2022\\\/10\\\/Concierto-Aldea-Cultural-1-1.jpg?resize=150%2C150&ssl=1\",\"image\":{\"@type\":\"ImageObject\",\"url\":\"https:\\\/\\\/i0.wp.com\\\/casadecampoliving.com\\\/wp-content\\\/uploads\\\/2022\\\/10\\\/Concierto-Aldea-Cultural-1-1.jpg?fit=1024%2C768&ssl=1\"},\"articleSection\":\"Arte y cultura\",\"author\":[{\"@type\":\"Person\",\"name\":\"Daniela Medina\"}],\"creator\":[\"Daniela Medina\"],\"publisher\":{\"@type\":\"Organization\",\"name\":\"Casa de Campo Living\",\"logo\":\"https:\\\/\\\/casadecampoliving.com\\\/wp-content\\\/uploads\\\/2022\\\/07\\\/CDCLivingLogo_V1-white-sized.png\"},\"keywords\":[\"aldea cultural santa rosa de lima\",\"arte\",\"cultura\",\"cultura dominicana\",\"la romana\",\"republica dominicana\"],\"dateCreated\":\"2014-08-10T04:00:00Z\",\"datePublished\":\"2014-08-10T04:00:00Z\",\"dateModified\":\"2022-11-10T14:36:37Z\"}<\/script>","tracker_url":"https:\/\/cdn.parsely.com\/keys\/casadecampoliving.com\/p.js"},"jetpack_publicize_connections":[],"jetpack_featured_media_url":"https:\/\/i0.wp.com\/casadecampoliving.com\/wp-content\/uploads\/2022\/10\/Concierto-Aldea-Cultural-1-1.jpg?fit=1024%2C768&ssl=1","jetpack-related-posts":[{"id":344982,"url":"https:\/\/casadecampoliving.com\/es\/aldea-cultural-santa-rosa-de-lima-2\/","url_meta":{"origin":345089,"position":0},"title":"Concierto Inaugural de la Aldea Cultural Santa Rosa de Lima","author":"Daniela Medina","date":"28 Jul, 2014","format":false,"excerpt":"La semana pasada les trajimos la emocionante\u00a0noticia de la inminente apertura\u00a0de la Aldea Cultural Santa Rosa de Lima, una nueva aldea cultural en el coraz\u00f3n de La Romana. Hoy les traemos noticias del concierto y exhibici\u00f3n de apertura, a los cuales todos estan cordialmente invitados a compartir en esta celebracion!\u2026","rel":"","context":"En \u00abArte y cultura\u00bb","block_context":{"text":"Arte y cultura","link":"https:\/\/casadecampoliving.com\/category\/arte-y-cultura\/"},"img":{"alt_text":"Aldea Cultural Santa Rosa de Lima","src":"https:\/\/i0.wp.com\/casadecampoliving.com\/wp-content\/uploads\/2022\/10\/Aldea_Cultural_Santa_Rosa_de_Lima-1.jpg?fit=1200%2C444&ssl=1&resize=350%2C200","width":350,"height":200,"srcset":"https:\/\/i0.wp.com\/casadecampoliving.com\/wp-content\/uploads\/2022\/10\/Aldea_Cultural_Santa_Rosa_de_Lima-1.jpg?fit=1200%2C444&ssl=1&resize=350%2C200 1x, https:\/\/i0.wp.com\/casadecampoliving.com\/wp-content\/uploads\/2022\/10\/Aldea_Cultural_Santa_Rosa_de_Lima-1.jpg?fit=1200%2C444&ssl=1&resize=525%2C300 1.5x, https:\/\/i0.wp.com\/casadecampoliving.com\/wp-content\/uploads\/2022\/10\/Aldea_Cultural_Santa_Rosa_de_Lima-1.jpg?fit=1200%2C444&ssl=1&resize=700%2C400 2x, https:\/\/i0.wp.com\/casadecampoliving.com\/wp-content\/uploads\/2022\/10\/Aldea_Cultural_Santa_Rosa_de_Lima-1.jpg?fit=1200%2C444&ssl=1&resize=1050%2C600 3x"},"classes":[]},{"id":344966,"url":"https:\/\/casadecampoliving.com\/es\/aldea-cultural-santa-rosa-de-lima-se-abrira\/","url_meta":{"origin":345089,"position":1},"title":"Apertura de la Aldea Cultural Santa Rosa de Lima","author":"Katherine Calca\u00f1o","date":"25 Jul, 2014","format":false,"excerpt":"En Febrero del 2013, se dieron los primeros pasos\u00a0para transformar la vieja prisi\u00f3n \u201cLa Fortaleza\u201d a orillas del r\u00edo Salao en La Romana, en la Aldea Cultural Santa Rosa de Lima. Hoy, finalmente este sue\u00f1o se est\u00e1 convirtiendo en realidad. La Aldea Cultural Santa Rosa de Lima sera oficialmente inaugurada\u2026","rel":"","context":"En \u00abArte y cultura\u00bb","block_context":{"text":"Arte y cultura","link":"https:\/\/casadecampoliving.com\/category\/arte-y-cultura\/"},"img":{"alt_text":"aldea cultural sant rosa de lima","src":"https:\/\/i0.wp.com\/casadecampoliving.com\/wp-content\/uploads\/2022\/10\/aldea_cultural_santa_rosa_lima_la_romana-1.jpg?fit=650%2C335&ssl=1&resize=350%2C200","width":350,"height":200,"srcset":"https:\/\/i0.wp.com\/casadecampoliving.com\/wp-content\/uploads\/2022\/10\/aldea_cultural_santa_rosa_lima_la_romana-1.jpg?fit=650%2C335&ssl=1&resize=350%2C200 1x, https:\/\/i0.wp.com\/casadecampoliving.com\/wp-content\/uploads\/2022\/10\/aldea_cultural_santa_rosa_lima_la_romana-1.jpg?fit=650%2C335&ssl=1&resize=525%2C300 1.5x"},"classes":[]},{"id":345604,"url":"https:\/\/casadecampoliving.com\/es\/bailar-la-fiesta-de-baile-y-musica-folclorica-de-la-aldea-cultural-santa-rosa-de-lima\/","url_meta":{"origin":345089,"position":2},"title":"\u00a1A BAILAR! \u00a1La fiesta de baile y m\u00fasica folcl\u00f3rica de la Aldea Cultural Santa Rosa de Lima!","author":"Daniela Medina","date":"10 Oct, 2014","format":false,"excerpt":"La Aldea Cultural Santa Rosa de Lima les invita cordialmente y con mucho entusiasmo a la gran fiesta de apertura de la \u201cEscuela de Danzas y M\u00fasica Folcl\u00f3rica Dominicana\u201d dirigida por la Maestra Celeste Cruz, este s\u00e1bado 11 de Octubre a las 4:30 pm en la Aldea Cultural Santa Rosa\u2026","rel":"","context":"En \u00abArte y cultura\u00bb","block_context":{"text":"Arte y cultura","link":"https:\/\/casadecampoliving.com\/category\/arte-y-cultura\/"},"img":{"alt_text":"","src":"https:\/\/i0.wp.com\/casadecampoliving.com\/wp-content\/uploads\/2022\/10\/aldea-cultural-santa-rosa-de-lima-1.jpg?fit=800%2C534&ssl=1&resize=350%2C200","width":350,"height":200,"srcset":"https:\/\/i0.wp.com\/casadecampoliving.com\/wp-content\/uploads\/2022\/10\/aldea-cultural-santa-rosa-de-lima-1.jpg?fit=800%2C534&ssl=1&resize=350%2C200 1x, https:\/\/i0.wp.com\/casadecampoliving.com\/wp-content\/uploads\/2022\/10\/aldea-cultural-santa-rosa-de-lima-1.jpg?fit=800%2C534&ssl=1&resize=525%2C300 1.5x, https:\/\/i0.wp.com\/casadecampoliving.com\/wp-content\/uploads\/2022\/10\/aldea-cultural-santa-rosa-de-lima-1.jpg?fit=800%2C534&ssl=1&resize=700%2C400 2x"},"classes":[]},{"id":345221,"url":"https:\/\/casadecampoliving.com\/es\/la-romana-celebra-sus-fiestas-patronales\/","url_meta":{"origin":345089,"position":3},"title":"\u00a1La Romana celebra sus Fiestas Patronales!","author":"Perkin Agramonte","date":"29 Ago, 2014","format":false,"excerpt":"La Romana tambi\u00e9n conocida como \u201cLa Flor del Este\u201d, \u00a0siempre se caracteriza por ser una ciudad muy activa, de gente amistosa y hospitalarias, \u00a0pero sobre todo La Romana es muy religiosa y cultural, por eso cada a\u00f1o del 22 al 30 de agosto, esta ciudad\u00a0celebra las fiestas patronales en honor\u2026","rel":"","context":"En \u00abCasa de Campo Living @es\u00bb","block_context":{"text":"Casa de Campo Living @es","link":"https:\/\/casadecampoliving.com\/category\/casa-de-campo-living-es\/"},"img":{"alt_text":"","src":"https:\/\/i0.wp.com\/casadecampoliving.com\/wp-content\/uploads\/2022\/10\/La-Romana-3-1.jpg?fit=1024%2C683&ssl=1&resize=350%2C200","width":350,"height":200,"srcset":"https:\/\/i0.wp.com\/casadecampoliving.com\/wp-content\/uploads\/2022\/10\/La-Romana-3-1.jpg?fit=1024%2C683&ssl=1&resize=350%2C200 1x, https:\/\/i0.wp.com\/casadecampoliving.com\/wp-content\/uploads\/2022\/10\/La-Romana-3-1.jpg?fit=1024%2C683&ssl=1&resize=525%2C300 1.5x, https:\/\/i0.wp.com\/casadecampoliving.com\/wp-content\/uploads\/2022\/10\/La-Romana-3-1.jpg?fit=1024%2C683&ssl=1&resize=700%2C400 2x"},"classes":[]},{"id":324065,"url":"https:\/\/casadecampoliving.com\/remarkable-concert-open-aldea-cultural-santa-rosa-de-lima\/","url_meta":{"origin":345089,"position":4},"title":"A remarkable concert to open the Aldea Cultural Santa Rosa de Lima","author":"Perkin Agramonte","date":"10 Ago, 2014","format":false,"excerpt":"On Wednesday 30th of July, La Romana celebrated the opening of the new cultural center, Aldea Cultural Santa Rosa de Lima. The official inauguration took place at 11am of the Wednesday morning, and that same evening the Casa de Campo and La Romana communities were invited to join the celebration\u2026","rel":"","context":"En \u00abArt and Culture\u00bb","block_context":{"text":"Art and Culture","link":"https:\/\/casadecampoliving.com\/category\/art-and-culture\/"},"img":{"alt_text":"","src":"https:\/\/i0.wp.com\/casadecampoliving.com\/wp-content\/uploads\/2022\/10\/Concierto-Aldea-Cultural-1-1.jpg?fit=1024%2C768&ssl=1&resize=350%2C200","width":350,"height":200,"srcset":"https:\/\/i0.wp.com\/casadecampoliving.com\/wp-content\/uploads\/2022\/10\/Concierto-Aldea-Cultural-1-1.jpg?fit=1024%2C768&ssl=1&resize=350%2C200 1x, https:\/\/i0.wp.com\/casadecampoliving.com\/wp-content\/uploads\/2022\/10\/Concierto-Aldea-Cultural-1-1.jpg?fit=1024%2C768&ssl=1&resize=525%2C300 1.5x, https:\/\/i0.wp.com\/casadecampoliving.com\/wp-content\/uploads\/2022\/10\/Concierto-Aldea-Cultural-1-1.jpg?fit=1024%2C768&ssl=1&resize=700%2C400 2x"},"classes":[]},{"id":345187,"url":"https:\/\/casadecampoliving.com\/es\/fiestas-patronales-santa-rosa-de-lima\/","url_meta":{"origin":345089,"position":5},"title":"Fiestas Patronales en la Aldea Cultural Santa Rosa de Lima","author":"Maria Isabel B\u00e1ez","date":"26 Ago, 2014","format":false,"excerpt":"La Aldea Cultural Santa Rosa de Lima en La Romana, ha organizado varios eventos que forman parte de las celebraciones de las Fiestas Patronales, las cuales empezaron el pasado viernes 22 de Agosto. Las \u201cFiestas Patronales\u201d son unas celebraciones anuales que celebran la memoria de un santo determinado de la\u2026","rel":"","context":"En \u00abArte y cultura\u00bb","block_context":{"text":"Arte y cultura","link":"https:\/\/casadecampoliving.com\/category\/arte-y-cultura\/"},"img":{"alt_text":"","src":"https:\/\/i0.wp.com\/casadecampoliving.com\/wp-content\/uploads\/2022\/10\/Aldea-Cultural-1.jpg?fit=800%2C534&ssl=1&resize=350%2C200","width":350,"height":200,"srcset":"https:\/\/i0.wp.com\/casadecampoliving.com\/wp-content\/uploads\/2022\/10\/Aldea-Cultural-1.jpg?fit=800%2C534&ssl=1&resize=350%2C200 1x, https:\/\/i0.wp.com\/casadecampoliving.com\/wp-content\/uploads\/2022\/10\/Aldea-Cultural-1.jpg?fit=800%2C534&ssl=1&resize=525%2C300 1.5x, https:\/\/i0.wp.com\/casadecampoliving.com\/wp-content\/uploads\/2022\/10\/Aldea-Cultural-1.jpg?fit=800%2C534&ssl=1&resize=700%2C400 2x"},"classes":[]}],"jetpack_sharing_enabled":true,"_links":{"self":[{"href":"https:\/\/casadecampoliving.com\/es\/wp-json\/wp\/v2\/posts\/345089","targetHints":{"allow":["GET"]}}],"collection":[{"href":"https:\/\/casadecampoliving.com\/es\/wp-json\/wp\/v2\/posts"}],"about":[{"href":"https:\/\/casadecampoliving.com\/es\/wp-json\/wp\/v2\/types\/post"}],"author":[{"embeddable":true,"href":"https:\/\/casadecampoliving.com\/es\/wp-json\/wp\/v2\/users\/23245"}],"replies":[{"embeddable":true,"href":"https:\/\/casadecampoliving.com\/es\/wp-json\/wp\/v2\/comments?post=345089"}],"version-history":[{"count":2,"href":"https:\/\/casadecampoliving.com\/es\/wp-json\/wp\/v2\/posts\/345089\/revisions"}],"predecessor-version":[{"id":508036,"href":"https:\/\/casadecampoliving.com\/es\/wp-json\/wp\/v2\/posts\/345089\/revisions\/508036"}],"wp:featuredmedia":[{"embeddable":true,"href":"https:\/\/casadecampoliving.com\/es\/wp-json\/wp\/v2\/media\/271806"}],"wp:attachment":[{"href":"https:\/\/casadecampoliving.com\/es\/wp-json\/wp\/v2\/media?parent=345089"}],"wp:term":[{"taxonomy":"category","embeddable":true,"href":"https:\/\/casadecampoliving.com\/es\/wp-json\/wp\/v2\/categories?post=345089"},{"taxonomy":"post_tag","embeddable":true,"href":"https:\/\/casadecampoliving.com\/es\/wp-json\/wp\/v2\/tags?post=345089"},{"taxonomy":"newspack_spnsrs_tax","embeddable":true,"href":"https:\/\/casadecampoliving.com\/es\/wp-json\/wp\/v2\/newspack_spnsrs_tax?post=345089"}],"curies":[{"name":"wp","href":"https:\/\/api.w.org\/{rel}","templated":true}]}}