{"id":345017,"date":"2014-08-01T00:00:00","date_gmt":"2014-08-01T04:00:00","guid":{"rendered":"https:\/\/casadecampoliving.com\/el-porsche-club-llegara-la-marina\/"},"modified":"2022-10-21T18:57:30","modified_gmt":"2022-10-21T22:57:30","slug":"el-porsche-club-llegara-la-marina","status":"publish","type":"post","link":"https:\/\/casadecampoliving.com\/es\/el-porsche-club-llegara-la-marina\/","title":{"rendered":"Porsche Club pr\u00f3ximamente en La Marina"},"content":{"rendered":"<div class=\"wp-block-image\">\n<figure class=\"aligncenter is-resized\"><a href=\"https:\/\/i0.wp.com\/casadecampoliving.com\/wp-content\/uploads\/2022\/10\/Porsche-club1.jpg?ssl=1\"><img loading=\"lazy\" decoding=\"async\" src=\"https:\/\/i0.wp.com\/casadecampoliving.com\/wp-content\/uploads\/2022\/10\/Porsche-club1.jpg?resize=650%2C433&amp;ssl=1\" alt=\"Porsche club 1\" class=\"wp-image-94978\" height=\"433\" width=\"650\"\/><\/a><\/figure>\n<\/div>\n\n\n<p class=\"wp-block-paragraph\">Ma\u00f1ana, s\u00e1bado 2 de agosto, el Porsche Club de la Rep\u00fablica Dominicana llegar\u00e1 a La Marina, Casa de Campo!<\/p>\n\n\n\n<!--more-->\n\n\n\n<p class=\"wp-block-paragraph\">El nuevo due\u00f1o de Pepperoni en la Marina Casa de Campo, Jean Pierre Bassa, contact\u00f3 a Casa de Campo Living para dejarnos saber&nbsp;acerca de esta gran oportunidad de ver estos autos de lujo.<\/p>\n\n\n\n<p class=\"wp-block-paragraph\">Los 35 Porsches y sus due\u00f1os que vendr\u00e1n a Casa de Campo de todas partes de la Rep\u00fablica Dominicana, llegar\u00e1n a la Marina Casa de Campo a las 11:30 y se espera que se quedar\u00e1n ah\u00ed hasta aproximadamente las 3pm. El grupo disfrutar\u00e1 de un almuerzo en Pepperoni.<\/p>\n\n\n\n<p class=\"wp-block-paragraph\">Mientras que en la Marina Casa de Campo, los 35 Porsches estar\u00e1n en exhibici\u00f3n en la parte frontal de la Plaza Portofino, en el lado izquierdo del restaurante Pepperoni. Esto significa que si est\u00e1 interesado en carros de lujo, ma\u00f1ana es un gran dia para ir a la Marina Casa de Campo y echarle un vistazo a estos veh\u00edculos hermosos.<\/p>\n\n\n\n<p class=\"wp-block-paragraph\">El encuentro est\u00e1 organizado por el Dr. Ure\u00f1a presidente del Porsche Club junto a Jean Pierre Bassa, que tambi\u00e9n es miembro del club.<\/p>\n","protected":false},"excerpt":{"rendered":"<p>Ma\u00f1ana, s\u00e1bado 2 de agosto, el Porsche Club de la Rep\u00fablica Dominicana llegar\u00e1 a La Marina, Casa de Campo!<\/p>\n","protected":false},"author":23245,"featured_media":270603,"comment_status":"closed","ping_status":"closed","sticky":false,"template":"","format":"standard","meta":{"newspack_ads_suppress_ads":false,"newspack_popups_has_disabled_popups":false,"newspack_sponsor_sponsorship_scope":"","newspack_sponsor_native_byline_display":"inherit","newspack_sponsor_native_category_display":"inherit","newspack_sponsor_underwriter_style":"inherit","newspack_sponsor_underwriter_placement":"inherit","_newspack_byline_active":false,"_newspack_byline":"","newspack_hide_updated_date":false,"newspack_show_updated_date":false,"newspack_featured_image_position":"","newspack_post_subtitle":"","newspack_article_summary_title":"Overview:","newspack_article_summary":"","_jetpack_memberships_contains_paid_content":false,"footnotes":"","jetpack_publicize_message":"{title}\n\n{excerpt}\n\n{url}","jetpack_publicize_feature_enabled":true,"jetpack_social_post_already_shared":false,"jetpack_social_options":{"image_generator_settings":{"template":"highway","default_image_id":0,"font":"","enabled":false},"version":2},"_wpas_customize_per_network":false},"categories":[26936,2522,26581,14625,14627,2526],"tags":[23815,5718,740,9983],"newspack_spnsrs_tax":[],"class_list":["post-345017","post","type-post","status-publish","format-standard","has-post-thumbnail","hentry","category-casa-de-campo-living-es","category-eventos-es","category-la-marina-casa-de-campo","category-noticias-locales","category-proximamente","category-titulares-es","tag-casa-de-campo-es-17","tag-la-marina","tag-peperoni","tag-porsche-club","entry"],"yoast_head":"<!-- This site is optimized with the Yoast SEO plugin v28.4 - https:\/\/yoast.com\/product\/yoast-seo-wordpress\/ -->\n<title>Porsche Club pr\u00f3ximamente en La Marina | Casa de Campo Living<\/title>\n<meta name=\"description\" content=\"Ma\u00f1ana, s\u00e1bado 2 de agosto, el Porsche Club de la Rep\u00fablica Dominicana llegar\u00e1 a La Marina, Casa de Campo! El nuevo due\u00f1o de Pepperoni en la Marina Casa\" \/>\n<meta name=\"robots\" content=\"index, follow, max-snippet:-1, max-image-preview:large, max-video-preview:-1\" \/>\n<link rel=\"canonical\" href=\"https:\/\/casadecampoliving.com\/es\/el-porsche-club-llegara-la-marina\/\" \/>\n<meta property=\"og:locale\" content=\"es_ES\" \/>\n<meta property=\"og:type\" content=\"article\" \/>\n<meta property=\"og:title\" content=\"Porsche Club pr\u00f3ximamente en La Marina | Casa de Campo Living\" \/>\n<meta property=\"og:description\" content=\"Ma\u00f1ana, s\u00e1bado 2 de agosto, el Porsche Club de la Rep\u00fablica Dominicana llegar\u00e1 a La Marina, Casa de Campo! El nuevo due\u00f1o de Pepperoni en la Marina Casa\" \/>\n<meta property=\"og:url\" content=\"https:\/\/casadecampoliving.com\/es\/el-porsche-club-llegara-la-marina\/\" \/>\n<meta property=\"og:site_name\" content=\"Casa de Campo Living\" \/>\n<meta property=\"article:publisher\" content=\"https:\/\/www.facebook.com\/casadecampoliving\" \/>\n<meta property=\"article:published_time\" content=\"2014-08-01T04:00:00+00:00\" \/>\n<meta property=\"article:modified_time\" content=\"2022-10-21T22:57:30+00:00\" \/>\n<meta property=\"og:image\" content=\"https:\/\/i0.wp.com\/casadecampoliving.com\/wp-content\/uploads\/2022\/10\/Porsche-club1-1.jpg?fit=650%2C433&ssl=1\" \/>\n\t<meta property=\"og:image:width\" content=\"650\" \/>\n\t<meta property=\"og:image:height\" content=\"433\" \/>\n\t<meta property=\"og:image:type\" content=\"image\/jpeg\" \/>\n<meta name=\"author\" content=\"Daniela Medina\" \/>\n<meta name=\"twitter:card\" content=\"summary_large_image\" \/>\n<meta name=\"twitter:creator\" content=\"@cdcliving\" \/>\n<meta name=\"twitter:site\" content=\"@cdcliving\" \/>\n<meta name=\"twitter:label1\" content=\"Escrito por\" \/>\n\t<meta name=\"twitter:data1\" content=\"Daniela Medina\" \/>\n\t<meta name=\"twitter:label2\" content=\"Tiempo de lectura\" \/>\n\t<meta name=\"twitter:data2\" content=\"1 minuto\" \/>\n<script type=\"application\/ld+json\" class=\"yoast-schema-graph\">{\"@context\":\"https:\\\/\\\/schema.org\",\"@graph\":[{\"@type\":\"Article\",\"@id\":\"https:\\\/\\\/casadecampoliving.com\\\/es\\\/el-porsche-club-llegara-la-marina\\\/#article\",\"isPartOf\":{\"@id\":\"https:\\\/\\\/casadecampoliving.com\\\/es\\\/el-porsche-club-llegara-la-marina\\\/\"},\"author\":{\"name\":\"Daniela Medina\",\"@id\":\"https:\\\/\\\/casadecampoliving.com\\\/es\\\/#\\\/schema\\\/person\\\/20e49d1b22266dc2b8f020b38201bd4e\"},\"headline\":\"Porsche Club pr\u00f3ximamente en La Marina\",\"datePublished\":\"2014-08-01T04:00:00+00:00\",\"dateModified\":\"2022-10-21T22:57:30+00:00\",\"mainEntityOfPage\":{\"@id\":\"https:\\\/\\\/casadecampoliving.com\\\/es\\\/el-porsche-club-llegara-la-marina\\\/\"},\"wordCount\":203,\"publisher\":{\"@id\":\"https:\\\/\\\/casadecampoliving.com\\\/es\\\/#organization\"},\"image\":{\"@id\":\"https:\\\/\\\/casadecampoliving.com\\\/es\\\/el-porsche-club-llegara-la-marina\\\/#primaryimage\"},\"thumbnailUrl\":\"https:\\\/\\\/i0.wp.com\\\/casadecampoliving.com\\\/wp-content\\\/uploads\\\/2022\\\/10\\\/Porsche-club1-1.jpg?fit=650%2C433&ssl=1\",\"keywords\":[\"Casa de Campo\",\"la marina\",\"peperoni\",\"Porsche Club\"],\"articleSection\":[\"Casa de Campo Living @es\",\"Eventos\",\"La Marina Casa de Campo\",\"Noticias Locales\",\"Proximamente\",\"Titulares\"],\"inLanguage\":\"es\"},{\"@type\":\"WebPage\",\"@id\":\"https:\\\/\\\/casadecampoliving.com\\\/es\\\/el-porsche-club-llegara-la-marina\\\/\",\"url\":\"https:\\\/\\\/casadecampoliving.com\\\/es\\\/el-porsche-club-llegara-la-marina\\\/\",\"name\":\"Porsche Club pr\u00f3ximamente en La Marina | Casa de Campo Living\",\"isPartOf\":{\"@id\":\"https:\\\/\\\/casadecampoliving.com\\\/es\\\/#website\"},\"primaryImageOfPage\":{\"@id\":\"https:\\\/\\\/casadecampoliving.com\\\/es\\\/el-porsche-club-llegara-la-marina\\\/#primaryimage\"},\"image\":{\"@id\":\"https:\\\/\\\/casadecampoliving.com\\\/es\\\/el-porsche-club-llegara-la-marina\\\/#primaryimage\"},\"thumbnailUrl\":\"https:\\\/\\\/i0.wp.com\\\/casadecampoliving.com\\\/wp-content\\\/uploads\\\/2022\\\/10\\\/Porsche-club1-1.jpg?fit=650%2C433&ssl=1\",\"datePublished\":\"2014-08-01T04:00:00+00:00\",\"dateModified\":\"2022-10-21T22:57:30+00:00\",\"description\":\"Ma\u00f1ana, s\u00e1bado 2 de agosto, el Porsche Club de la Rep\u00fablica Dominicana llegar\u00e1 a La Marina, Casa de Campo! El nuevo due\u00f1o de Pepperoni en la Marina Casa\",\"breadcrumb\":{\"@id\":\"https:\\\/\\\/casadecampoliving.com\\\/es\\\/el-porsche-club-llegara-la-marina\\\/#breadcrumb\"},\"inLanguage\":\"es\",\"potentialAction\":[{\"@type\":\"ReadAction\",\"target\":[\"https:\\\/\\\/casadecampoliving.com\\\/es\\\/el-porsche-club-llegara-la-marina\\\/\"]}]},{\"@type\":\"ImageObject\",\"inLanguage\":\"es\",\"@id\":\"https:\\\/\\\/casadecampoliving.com\\\/es\\\/el-porsche-club-llegara-la-marina\\\/#primaryimage\",\"url\":\"https:\\\/\\\/i0.wp.com\\\/casadecampoliving.com\\\/wp-content\\\/uploads\\\/2022\\\/10\\\/Porsche-club1-1.jpg?fit=650%2C433&ssl=1\",\"contentUrl\":\"https:\\\/\\\/i0.wp.com\\\/casadecampoliving.com\\\/wp-content\\\/uploads\\\/2022\\\/10\\\/Porsche-club1-1.jpg?fit=650%2C433&ssl=1\",\"width\":650,\"height\":433},{\"@type\":\"BreadcrumbList\",\"@id\":\"https:\\\/\\\/casadecampoliving.com\\\/es\\\/el-porsche-club-llegara-la-marina\\\/#breadcrumb\",\"itemListElement\":[{\"@type\":\"ListItem\",\"position\":1,\"name\":\"Home\",\"item\":\"https:\\\/\\\/casadecampoliving.com\\\/es\\\/\"},{\"@type\":\"ListItem\",\"position\":2,\"name\":\"Porsche Club pr\u00f3ximamente en La Marina\"}]},{\"@type\":\"WebSite\",\"@id\":\"https:\\\/\\\/casadecampoliving.com\\\/es\\\/#website\",\"url\":\"https:\\\/\\\/casadecampoliving.com\\\/es\\\/\",\"name\":\"Casa de Campo Living\",\"description\":\"Resort community news and resources.\",\"publisher\":{\"@id\":\"https:\\\/\\\/casadecampoliving.com\\\/es\\\/#organization\"},\"potentialAction\":[{\"@type\":\"SearchAction\",\"target\":{\"@type\":\"EntryPoint\",\"urlTemplate\":\"https:\\\/\\\/casadecampoliving.com\\\/es\\\/?s={search_term_string}\"},\"query-input\":{\"@type\":\"PropertyValueSpecification\",\"valueRequired\":true,\"valueName\":\"search_term_string\"}}],\"inLanguage\":\"es\"},{\"@type\":\"Organization\",\"@id\":\"https:\\\/\\\/casadecampoliving.com\\\/es\\\/#organization\",\"name\":\"Casa de Campo Living\",\"url\":\"https:\\\/\\\/casadecampoliving.com\\\/es\\\/\",\"logo\":{\"@type\":\"ImageObject\",\"inLanguage\":\"es\",\"@id\":\"https:\\\/\\\/casadecampoliving.com\\\/es\\\/#\\\/schema\\\/logo\\\/image\\\/\",\"url\":\"https:\\\/\\\/i0.wp.com\\\/casadecampoliving.com\\\/wp-content\\\/uploads\\\/2022\\\/07\\\/CDCLivingLogo_V1-white-sized.png?fit=800%2C214&ssl=1\",\"contentUrl\":\"https:\\\/\\\/i0.wp.com\\\/casadecampoliving.com\\\/wp-content\\\/uploads\\\/2022\\\/07\\\/CDCLivingLogo_V1-white-sized.png?fit=800%2C214&ssl=1\",\"width\":800,\"height\":214,\"caption\":\"Casa de Campo Living\"},\"image\":{\"@id\":\"https:\\\/\\\/casadecampoliving.com\\\/es\\\/#\\\/schema\\\/logo\\\/image\\\/\"},\"sameAs\":[\"https:\\\/\\\/www.facebook.com\\\/casadecampoliving\",\"https:\\\/\\\/x.com\\\/cdcliving\"]},{\"@type\":\"Person\",\"@id\":\"https:\\\/\\\/casadecampoliving.com\\\/es\\\/#\\\/schema\\\/person\\\/20e49d1b22266dc2b8f020b38201bd4e\",\"name\":\"Daniela Medina\",\"image\":{\"@type\":\"ImageObject\",\"inLanguage\":\"es\",\"@id\":\"https:\\\/\\\/secure.gravatar.com\\\/avatar\\\/65aa8415724474307d634c8364a0bd8ee551c4f0f01f2ffcc53e5a9856cb7369?s=96&d=mm&r=g\",\"url\":\"https:\\\/\\\/secure.gravatar.com\\\/avatar\\\/65aa8415724474307d634c8364a0bd8ee551c4f0f01f2ffcc53e5a9856cb7369?s=96&d=mm&r=g\",\"contentUrl\":\"https:\\\/\\\/secure.gravatar.com\\\/avatar\\\/65aa8415724474307d634c8364a0bd8ee551c4f0f01f2ffcc53e5a9856cb7369?s=96&d=mm&r=g\",\"caption\":\"Daniela Medina\"},\"url\":\"https:\\\/\\\/casadecampoliving.com\\\/es\\\/author\\\/dmedina\\\/\"}]}<\/script>\n<!-- \/ Yoast SEO plugin. -->","yoast_head_json":{"title":"Porsche Club pr\u00f3ximamente en La Marina | Casa de Campo Living","description":"Ma\u00f1ana, s\u00e1bado 2 de agosto, el Porsche Club de la Rep\u00fablica Dominicana llegar\u00e1 a La Marina, Casa de Campo! El nuevo due\u00f1o de Pepperoni en la Marina Casa","robots":{"index":"index","follow":"follow","max-snippet":"max-snippet:-1","max-image-preview":"max-image-preview:large","max-video-preview":"max-video-preview:-1"},"canonical":"https:\/\/casadecampoliving.com\/es\/el-porsche-club-llegara-la-marina\/","og_locale":"es_ES","og_type":"article","og_title":"Porsche Club pr\u00f3ximamente en La Marina | Casa de Campo Living","og_description":"Ma\u00f1ana, s\u00e1bado 2 de agosto, el Porsche Club de la Rep\u00fablica Dominicana llegar\u00e1 a La Marina, Casa de Campo! El nuevo due\u00f1o de Pepperoni en la Marina Casa","og_url":"https:\/\/casadecampoliving.com\/es\/el-porsche-club-llegara-la-marina\/","og_site_name":"Casa de Campo Living","article_publisher":"https:\/\/www.facebook.com\/casadecampoliving","article_published_time":"2014-08-01T04:00:00+00:00","article_modified_time":"2022-10-21T22:57:30+00:00","og_image":[{"width":650,"height":433,"url":"https:\/\/i0.wp.com\/casadecampoliving.com\/wp-content\/uploads\/2022\/10\/Porsche-club1-1.jpg?fit=650%2C433&ssl=1","type":"image\/jpeg"}],"author":"Daniela Medina","twitter_card":"summary_large_image","twitter_creator":"@cdcliving","twitter_site":"@cdcliving","twitter_misc":{"Escrito por":"Daniela Medina","Tiempo de lectura":"1 minuto"},"schema":{"@context":"https:\/\/schema.org","@graph":[{"@type":"Article","@id":"https:\/\/casadecampoliving.com\/es\/el-porsche-club-llegara-la-marina\/#article","isPartOf":{"@id":"https:\/\/casadecampoliving.com\/es\/el-porsche-club-llegara-la-marina\/"},"author":{"name":"Daniela Medina","@id":"https:\/\/casadecampoliving.com\/es\/#\/schema\/person\/20e49d1b22266dc2b8f020b38201bd4e"},"headline":"Porsche Club pr\u00f3ximamente en La Marina","datePublished":"2014-08-01T04:00:00+00:00","dateModified":"2022-10-21T22:57:30+00:00","mainEntityOfPage":{"@id":"https:\/\/casadecampoliving.com\/es\/el-porsche-club-llegara-la-marina\/"},"wordCount":203,"publisher":{"@id":"https:\/\/casadecampoliving.com\/es\/#organization"},"image":{"@id":"https:\/\/casadecampoliving.com\/es\/el-porsche-club-llegara-la-marina\/#primaryimage"},"thumbnailUrl":"https:\/\/i0.wp.com\/casadecampoliving.com\/wp-content\/uploads\/2022\/10\/Porsche-club1-1.jpg?fit=650%2C433&ssl=1","keywords":["Casa de Campo","la marina","peperoni","Porsche Club"],"articleSection":["Casa de Campo Living @es","Eventos","La Marina Casa de Campo","Noticias Locales","Proximamente","Titulares"],"inLanguage":"es"},{"@type":"WebPage","@id":"https:\/\/casadecampoliving.com\/es\/el-porsche-club-llegara-la-marina\/","url":"https:\/\/casadecampoliving.com\/es\/el-porsche-club-llegara-la-marina\/","name":"Porsche Club pr\u00f3ximamente en La Marina | Casa de Campo Living","isPartOf":{"@id":"https:\/\/casadecampoliving.com\/es\/#website"},"primaryImageOfPage":{"@id":"https:\/\/casadecampoliving.com\/es\/el-porsche-club-llegara-la-marina\/#primaryimage"},"image":{"@id":"https:\/\/casadecampoliving.com\/es\/el-porsche-club-llegara-la-marina\/#primaryimage"},"thumbnailUrl":"https:\/\/i0.wp.com\/casadecampoliving.com\/wp-content\/uploads\/2022\/10\/Porsche-club1-1.jpg?fit=650%2C433&ssl=1","datePublished":"2014-08-01T04:00:00+00:00","dateModified":"2022-10-21T22:57:30+00:00","description":"Ma\u00f1ana, s\u00e1bado 2 de agosto, el Porsche Club de la Rep\u00fablica Dominicana llegar\u00e1 a La Marina, Casa de Campo! El nuevo due\u00f1o de Pepperoni en la Marina Casa","breadcrumb":{"@id":"https:\/\/casadecampoliving.com\/es\/el-porsche-club-llegara-la-marina\/#breadcrumb"},"inLanguage":"es","potentialAction":[{"@type":"ReadAction","target":["https:\/\/casadecampoliving.com\/es\/el-porsche-club-llegara-la-marina\/"]}]},{"@type":"ImageObject","inLanguage":"es","@id":"https:\/\/casadecampoliving.com\/es\/el-porsche-club-llegara-la-marina\/#primaryimage","url":"https:\/\/i0.wp.com\/casadecampoliving.com\/wp-content\/uploads\/2022\/10\/Porsche-club1-1.jpg?fit=650%2C433&ssl=1","contentUrl":"https:\/\/i0.wp.com\/casadecampoliving.com\/wp-content\/uploads\/2022\/10\/Porsche-club1-1.jpg?fit=650%2C433&ssl=1","width":650,"height":433},{"@type":"BreadcrumbList","@id":"https:\/\/casadecampoliving.com\/es\/el-porsche-club-llegara-la-marina\/#breadcrumb","itemListElement":[{"@type":"ListItem","position":1,"name":"Home","item":"https:\/\/casadecampoliving.com\/es\/"},{"@type":"ListItem","position":2,"name":"Porsche Club pr\u00f3ximamente en La Marina"}]},{"@type":"WebSite","@id":"https:\/\/casadecampoliving.com\/es\/#website","url":"https:\/\/casadecampoliving.com\/es\/","name":"Casa de Campo Living","description":"Resort community news and resources.","publisher":{"@id":"https:\/\/casadecampoliving.com\/es\/#organization"},"potentialAction":[{"@type":"SearchAction","target":{"@type":"EntryPoint","urlTemplate":"https:\/\/casadecampoliving.com\/es\/?s={search_term_string}"},"query-input":{"@type":"PropertyValueSpecification","valueRequired":true,"valueName":"search_term_string"}}],"inLanguage":"es"},{"@type":"Organization","@id":"https:\/\/casadecampoliving.com\/es\/#organization","name":"Casa de Campo Living","url":"https:\/\/casadecampoliving.com\/es\/","logo":{"@type":"ImageObject","inLanguage":"es","@id":"https:\/\/casadecampoliving.com\/es\/#\/schema\/logo\/image\/","url":"https:\/\/i0.wp.com\/casadecampoliving.com\/wp-content\/uploads\/2022\/07\/CDCLivingLogo_V1-white-sized.png?fit=800%2C214&ssl=1","contentUrl":"https:\/\/i0.wp.com\/casadecampoliving.com\/wp-content\/uploads\/2022\/07\/CDCLivingLogo_V1-white-sized.png?fit=800%2C214&ssl=1","width":800,"height":214,"caption":"Casa de Campo Living"},"image":{"@id":"https:\/\/casadecampoliving.com\/es\/#\/schema\/logo\/image\/"},"sameAs":["https:\/\/www.facebook.com\/casadecampoliving","https:\/\/x.com\/cdcliving"]},{"@type":"Person","@id":"https:\/\/casadecampoliving.com\/es\/#\/schema\/person\/20e49d1b22266dc2b8f020b38201bd4e","name":"Daniela Medina","image":{"@type":"ImageObject","inLanguage":"es","@id":"https:\/\/secure.gravatar.com\/avatar\/65aa8415724474307d634c8364a0bd8ee551c4f0f01f2ffcc53e5a9856cb7369?s=96&d=mm&r=g","url":"https:\/\/secure.gravatar.com\/avatar\/65aa8415724474307d634c8364a0bd8ee551c4f0f01f2ffcc53e5a9856cb7369?s=96&d=mm&r=g","contentUrl":"https:\/\/secure.gravatar.com\/avatar\/65aa8415724474307d634c8364a0bd8ee551c4f0f01f2ffcc53e5a9856cb7369?s=96&d=mm&r=g","caption":"Daniela Medina"},"url":"https:\/\/casadecampoliving.com\/es\/author\/dmedina\/"}]}},"parsely":{"version":"1.1.0","canonical_url":"https:\/\/casadecampoliving.com\/es\/el-porsche-club-llegara-la-marina\/","smart_links":{"inbound":0,"outbound":0},"traffic_boost_suggestions_count":0,"meta":{"@context":"https:\/\/schema.org","@type":"NewsArticle","headline":"Porsche Club pr\u00f3ximamente en La Marina","url":"http:\/\/casadecampoliving.com\/es\/el-porsche-club-llegara-la-marina\/","mainEntityOfPage":{"@type":"WebPage","@id":"http:\/\/casadecampoliving.com\/es\/el-porsche-club-llegara-la-marina\/"},"thumbnailUrl":"https:\/\/i0.wp.com\/casadecampoliving.com\/wp-content\/uploads\/2022\/10\/Porsche-club1-1.jpg?resize=150%2C150&ssl=1","image":{"@type":"ImageObject","url":"https:\/\/i0.wp.com\/casadecampoliving.com\/wp-content\/uploads\/2022\/10\/Porsche-club1-1.jpg?fit=650%2C433&ssl=1"},"articleSection":"Casa de Campo Living @es","author":[{"@type":"Person","name":"Daniela Medina"}],"creator":["Daniela Medina"],"publisher":{"@type":"Organization","name":"Casa de Campo Living","logo":"https:\/\/casadecampoliving.com\/wp-content\/uploads\/2022\/07\/CDCLivingLogo_V1-white-sized.png"},"keywords":["casa de campo","la marina","peperoni","porsche club"],"dateCreated":"2014-08-01T04:00:00Z","datePublished":"2014-08-01T04:00:00Z","dateModified":"2022-10-21T22:57:30Z"},"rendered":"<meta name=\"parsely-title\" content=\"Porsche Club pr\u00f3ximamente en La Marina\" \/>\n<meta name=\"parsely-link\" content=\"http:\/\/casadecampoliving.com\/es\/el-porsche-club-llegara-la-marina\/\" \/>\n<meta name=\"parsely-type\" content=\"post\" \/>\n<meta name=\"parsely-image-url\" content=\"https:\/\/i0.wp.com\/casadecampoliving.com\/wp-content\/uploads\/2022\/10\/Porsche-club1-1.jpg?resize=150%2C150&amp;ssl=1\" \/>\n<meta name=\"parsely-pub-date\" content=\"2014-08-01T04:00:00Z\" \/>\n<meta name=\"parsely-section\" content=\"Casa de Campo Living @es\" \/>\n<meta name=\"parsely-tags\" content=\"casa de campo,la marina,peperoni,porsche club\" \/>\n<meta name=\"parsely-author\" content=\"Daniela Medina\" \/>","tracker_url":"https:\/\/cdn.parsely.com\/keys\/casadecampoliving.com\/p.js"},"jetpack_publicize_connections":[],"jetpack-related-posts":[{"id":345031,"url":"https:\/\/casadecampoliving.com\/es\/el-porsche-club-trae-vida-para-la-marina-casa-de-campo\/","url_meta":{"origin":345017,"position":0},"title":"El Porsche Club trae vida a la Marina Casa de Campo","author":"Daniela Medina","date":"7 Ago, 2014","format":false,"excerpt":"Casa de Campo y el lujo se complementan como el queso y el vino, esto qued\u00f3 evidenciado\u00a0cuando la semana pasada\u00a0La Marina Casa de Campo estuvo llena de Porsches en todas formas, colores y tama\u00f1os, La Marina Casa de Campo nunca se hab\u00eda visto tan adornada. Acudiendo elegantemente a la Marina\u2026","rel":"","context":"En \u00abCasa de Campo Living @es\u00bb","block_context":{"text":"Casa de Campo Living @es","link":"https:\/\/casadecampoliving.com\/category\/casa-de-campo-living-es\/"},"img":{"alt_text":"porsche club marina casa de campo","src":"https:\/\/i0.wp.com\/casadecampoliving.com\/wp-content\/uploads\/2022\/10\/i-GxwxghG-XL-1.jpg?fit=800%2C534&ssl=1&resize=350%2C200","width":350,"height":200,"srcset":"https:\/\/i0.wp.com\/casadecampoliving.com\/wp-content\/uploads\/2022\/10\/i-GxwxghG-XL-1.jpg?fit=800%2C534&ssl=1&resize=350%2C200 1x, https:\/\/i0.wp.com\/casadecampoliving.com\/wp-content\/uploads\/2022\/10\/i-GxwxghG-XL-1.jpg?fit=800%2C534&ssl=1&resize=525%2C300 1.5x, https:\/\/i0.wp.com\/casadecampoliving.com\/wp-content\/uploads\/2022\/10\/i-GxwxghG-XL-1.jpg?fit=800%2C534&ssl=1&resize=700%2C400 2x"},"classes":[]},{"id":324041,"url":"https:\/\/casadecampoliving.com\/porsche-club-coming-la-marina\/","url_meta":{"origin":345017,"position":1},"title":"Porsche Club coming to La Marina","author":"Perkin Agramonte","date":"1 Ago, 2014","format":false,"excerpt":"Tomorrow, Saturday August 2nd, the Dominican Republic\u2019s Porsche Club is coming to the Marina Casa de Campo! New owner of Pepperoni in the Marina Casa de Campo, Jean Pierre Bassa contacted Casa de Campo Living to let us know about this great luxury car viewing opportunity! The 35 Porsches and\u2026","rel":"","context":"En \u00abCasa de Campo Living\u00bb","block_context":{"text":"Casa de Campo Living","link":"https:\/\/casadecampoliving.com\/category\/casa-de-campo-living\/"},"img":{"alt_text":"","src":"https:\/\/i0.wp.com\/casadecampoliving.com\/wp-content\/uploads\/2022\/10\/Porsche-club1-1.jpg?fit=650%2C433&ssl=1&resize=350%2C200","width":350,"height":200,"srcset":"https:\/\/i0.wp.com\/casadecampoliving.com\/wp-content\/uploads\/2022\/10\/Porsche-club1-1.jpg?fit=650%2C433&ssl=1&resize=350%2C200 1x, https:\/\/i0.wp.com\/casadecampoliving.com\/wp-content\/uploads\/2022\/10\/Porsche-club1-1.jpg?fit=650%2C433&ssl=1&resize=525%2C300 1.5x"},"classes":[]},{"id":324060,"url":"https:\/\/casadecampoliving.com\/porsche-club-brings-marina-casa-de-campo-life\/","url_meta":{"origin":345017,"position":2},"title":"Porsche Club brings Marina Casa de Campo to life","author":"Rebecca Silvestri","date":"7 Ago, 2014","format":false,"excerpt":"Luxury and Casa de Campo go together like wine and cheese, so last week when the Marina Casa de Campo filled up with Porsches of all shapes, colors and sizes, the Marina Casa de Campo had never looked better. Elegantly flocking into the Marina Casa de Campo like a bevy\u2026","rel":"","context":"En \u00abDominican Republic\u00bb","block_context":{"text":"Dominican Republic","link":"https:\/\/casadecampoliving.com\/category\/dominican-republic\/"},"img":{"alt_text":"porsche club marina casa de campo","src":"https:\/\/i0.wp.com\/casadecampoliving.com\/wp-content\/uploads\/2022\/10\/i-GxwxghG-XL-1.jpg?fit=800%2C534&ssl=1&resize=350%2C200","width":350,"height":200,"srcset":"https:\/\/i0.wp.com\/casadecampoliving.com\/wp-content\/uploads\/2022\/10\/i-GxwxghG-XL-1.jpg?fit=800%2C534&ssl=1&resize=350%2C200 1x, https:\/\/i0.wp.com\/casadecampoliving.com\/wp-content\/uploads\/2022\/10\/i-GxwxghG-XL-1.jpg?fit=800%2C534&ssl=1&resize=525%2C300 1.5x, https:\/\/i0.wp.com\/casadecampoliving.com\/wp-content\/uploads\/2022\/10\/i-GxwxghG-XL-1.jpg?fit=800%2C534&ssl=1&resize=700%2C400 2x"},"classes":[]},{"id":433460,"url":"https:\/\/casadecampoliving.com\/es\/no-se-pierdan-el-increible-tributo-a-frank-sinatra-para-celebrar-el-40-aniversario-del-anfiteatro-altos-de-chavon\/","url_meta":{"origin":345017,"position":3},"title":"No se pierdan el incre\u00edble tributo a Frank Sinatra para celebrar el 40 aniversario del\u00a0Anfiteatro Altos de Chav\u00f3n","author":"Casa de Campo Living","date":"20 Oct, 2022","format":false,"excerpt":"Siendo uno de los escenarios m\u00e1s emblem\u00e1ticos del pa\u00eds, Casa de Campo Resort\u00ae & Villas celebra las cuatro d\u00e9cadas de aniversario de Altos de Chav\u00f3n con un tributo al gran Frank Sinatra, protagonizado por artistas invitados y una big band tal cual la que acompa\u00f1\u00f3 al artista hace 40 a\u00f1os\u2026","rel":"","context":"En \u00abUncategorized @es\u00bb","block_context":{"text":"Uncategorized @es","link":"https:\/\/casadecampoliving.com\/es\/category\/uncategorized-es\/"},"img":{"alt_text":"","src":"https:\/\/i0.wp.com\/casadecampoliving.com\/wp-content\/uploads\/2022\/10\/Tributo-Frank-Sinatra-Foto-Principal-Amaury-Sanchez-Danilo-Ginebra-Andres-Pichardo-y-Jose-Gabriel-Perez-.jpg?fit=1200%2C873&ssl=1&resize=350%2C200","width":350,"height":200,"srcset":"https:\/\/i0.wp.com\/casadecampoliving.com\/wp-content\/uploads\/2022\/10\/Tributo-Frank-Sinatra-Foto-Principal-Amaury-Sanchez-Danilo-Ginebra-Andres-Pichardo-y-Jose-Gabriel-Perez-.jpg?fit=1200%2C873&ssl=1&resize=350%2C200 1x, https:\/\/i0.wp.com\/casadecampoliving.com\/wp-content\/uploads\/2022\/10\/Tributo-Frank-Sinatra-Foto-Principal-Amaury-Sanchez-Danilo-Ginebra-Andres-Pichardo-y-Jose-Gabriel-Perez-.jpg?fit=1200%2C873&ssl=1&resize=525%2C300 1.5x, https:\/\/i0.wp.com\/casadecampoliving.com\/wp-content\/uploads\/2022\/10\/Tributo-Frank-Sinatra-Foto-Principal-Amaury-Sanchez-Danilo-Ginebra-Andres-Pichardo-y-Jose-Gabriel-Perez-.jpg?fit=1200%2C873&ssl=1&resize=700%2C400 2x, https:\/\/i0.wp.com\/casadecampoliving.com\/wp-content\/uploads\/2022\/10\/Tributo-Frank-Sinatra-Foto-Principal-Amaury-Sanchez-Danilo-Ginebra-Andres-Pichardo-y-Jose-Gabriel-Perez-.jpg?fit=1200%2C873&ssl=1&resize=1050%2C600 3x"},"classes":[]},{"id":338933,"url":"https:\/\/casadecampoliving.com\/es\/una-introduccion-a-la-historia-maritima-de-la-republica-dominicana-en-el-club-de-yates-de-casa-de-campo\/","url_meta":{"origin":345017,"position":4},"title":"Una introducci\u00f3n a la historia mar\u00edtima de la Rep\u00fablica Dominicana en el Club de Yates de Casa de Campo","author":"Rebecca Silvestri","date":"8 May, 2012","format":false,"excerpt":"El pasado s\u00e1bado 28 de abril, el Club de Yates de Casa de Campo\u00a0en la Marina de Casa de Campo ofreci\u00f3 un c\u00f3ctel en honor de Miguel Reyes S\u00e1nchez, quien es el autor de \"Oc\u00e9anos de Tinta y Papel\", una hist\u00f3rica de la\u00a0navegaci\u00f3n\u00a0mundial, incluyendo la historia n\u00e1utica de la Rep\u00fablica\u2026","rel":"","context":"En \u00abEvents and Activities\u00bb","block_context":{"text":"Events and Activities","link":"https:\/\/casadecampoliving.com\/category\/events-and-activities\/"},"img":{"alt_text":"casa de campo yacht club","src":"https:\/\/i0.wp.com\/casadecampoliving.com\/wp-content\/uploads\/2022\/10\/casa_de_campo_yacht_club-3.jpg?fit=650%2C469&ssl=1&resize=350%2C200","width":350,"height":200,"srcset":"https:\/\/i0.wp.com\/casadecampoliving.com\/wp-content\/uploads\/2022\/10\/casa_de_campo_yacht_club-3.jpg?fit=650%2C469&ssl=1&resize=350%2C200 1x, https:\/\/i0.wp.com\/casadecampoliving.com\/wp-content\/uploads\/2022\/10\/casa_de_campo_yacht_club-3.jpg?fit=650%2C469&ssl=1&resize=525%2C300 1.5x"},"classes":[]},{"id":354425,"url":"https:\/\/casadecampoliving.com\/es\/esta-invitado-a-la-primera-edicion-de-la-exhibicion-de-autos-clasicos-de-altos-de-chavon-este-ano-con-porsche\/","url_meta":{"origin":345017,"position":5},"title":"\u00a1NUEVA FECHA! Est\u00e1 invitado a la primera edici\u00f3n de la Exhibici\u00f3n de Autos Cl\u00e1sicos de Altos de Chav\u00f3n, este a\u00f1o con Porsche","author":"Casa de Campo Living","date":"23 Jun, 2022","format":false,"excerpt":"La primera edici\u00f3n de la Exhibici\u00f3n de Autos Cl\u00e1sicos de Altos de Chav\u00f3n se llevar\u00e1 a cabo el pr\u00f3ximo s\u00e1bado 9 y domingo 10 de julio de 2022. Esta ser\u00e1 una exhibici\u00f3n excepcional de autos cl\u00e1sicos que contar\u00e1 con la galardonada marca alemana de autos deportivos Porsche con a\u00f1os de\u2026","rel":"","context":"En \u00abAltos de Chavon @es\u00bb","block_context":{"text":"Altos de Chavon @es","link":"https:\/\/casadecampoliving.com\/category\/altos-de-chavon-es\/"},"img":{"alt_text":"","src":"https:\/\/i0.wp.com\/casadecampoliving.com\/wp-content\/uploads\/2022\/10\/Altos-de-Chavo%CC%81n-Porsche-World-Road-Show4-2.jpg?fit=1000%2C666&ssl=1&resize=350%2C200","width":350,"height":200,"srcset":"https:\/\/i0.wp.com\/casadecampoliving.com\/wp-content\/uploads\/2022\/10\/Altos-de-Chavo%CC%81n-Porsche-World-Road-Show4-2.jpg?fit=1000%2C666&ssl=1&resize=350%2C200 1x, https:\/\/i0.wp.com\/casadecampoliving.com\/wp-content\/uploads\/2022\/10\/Altos-de-Chavo%CC%81n-Porsche-World-Road-Show4-2.jpg?fit=1000%2C666&ssl=1&resize=525%2C300 1.5x, https:\/\/i0.wp.com\/casadecampoliving.com\/wp-content\/uploads\/2022\/10\/Altos-de-Chavo%CC%81n-Porsche-World-Road-Show4-2.jpg?fit=1000%2C666&ssl=1&resize=700%2C400 2x"},"classes":[]}],"jetpack_sharing_enabled":true,"jetpack_featured_media_url":"https:\/\/i0.wp.com\/casadecampoliving.com\/wp-content\/uploads\/2022\/10\/Porsche-club1-1.jpg?fit=650%2C433&ssl=1","_links":{"self":[{"href":"https:\/\/casadecampoliving.com\/es\/wp-json\/wp\/v2\/posts\/345017","targetHints":{"allow":["GET"]}}],"collection":[{"href":"https:\/\/casadecampoliving.com\/es\/wp-json\/wp\/v2\/posts"}],"about":[{"href":"https:\/\/casadecampoliving.com\/es\/wp-json\/wp\/v2\/types\/post"}],"author":[{"embeddable":true,"href":"https:\/\/casadecampoliving.com\/es\/wp-json\/wp\/v2\/users\/23245"}],"replies":[{"embeddable":true,"href":"https:\/\/casadecampoliving.com\/es\/wp-json\/wp\/v2\/comments?post=345017"}],"version-history":[{"count":1,"href":"https:\/\/casadecampoliving.com\/es\/wp-json\/wp\/v2\/posts\/345017\/revisions"}],"predecessor-version":[{"id":345018,"href":"https:\/\/casadecampoliving.com\/es\/wp-json\/wp\/v2\/posts\/345017\/revisions\/345018"}],"wp:featuredmedia":[{"embeddable":true,"href":"https:\/\/casadecampoliving.com\/es\/wp-json\/wp\/v2\/media\/270603"}],"wp:attachment":[{"href":"https:\/\/casadecampoliving.com\/es\/wp-json\/wp\/v2\/media?parent=345017"}],"wp:term":[{"taxonomy":"category","embeddable":true,"href":"https:\/\/casadecampoliving.com\/es\/wp-json\/wp\/v2\/categories?post=345017"},{"taxonomy":"post_tag","embeddable":true,"href":"https:\/\/casadecampoliving.com\/es\/wp-json\/wp\/v2\/tags?post=345017"},{"taxonomy":"newspack_spnsrs_tax","embeddable":true,"href":"https:\/\/casadecampoliving.com\/es\/wp-json\/wp\/v2\/newspack_spnsrs_tax?post=345017"}],"curies":[{"name":"wp","href":"https:\/\/api.w.org\/{rel}","templated":true}]}}