{"id":345007,"date":"2014-08-17T00:00:00","date_gmt":"2014-08-17T04:00:00","guid":{"rendered":"https:\/\/casadecampoliving.com\/construccion-en-marcha-de-nuevos-artistas-en-residencia\/"},"modified":"2022-10-21T18:57:03","modified_gmt":"2022-10-21T22:57:03","slug":"construccion-en-marcha-de-nuevos-artistas-en-residencia","status":"publish","type":"post","link":"https:\/\/casadecampoliving.com\/es\/construccion-en-marcha-de-nuevos-artistas-en-residencia\/","title":{"rendered":"Contin\u00faan los trabajos del nuevo edificio para los artistas en residencia"},"content":{"rendered":"<div class=\"wp-block-image\">\n<figure class=\"aligncenter is-resized\"><img loading=\"lazy\" decoding=\"async\" src=\"https:\/\/i0.wp.com\/casadecampoliving.com\/wp-content\/uploads\/2022\/10\/artists_in_residence_altos_de_chavon1.jpg?resize=650%2C434&amp;ssl=1\" alt=\"Artists In Residence Altos de Chavon\" class=\"wp-image-94815\" height=\"434\" width=\"650\"\/><\/figure>\n<\/div>\n\n\n<p>En marzo de este a\u00f1o disfrutamos la iniciativa de la&nbsp;<a href=\"https:\/\/casadecampoliving.com\/es\/davidoff-art-initiative-sera-la-primera-nueva-construccion-en-altos-de-chavon-en-38-anos-de-historia\/\">primera nueva construcci\u00f3n en Altos de Chav\u00f3n en 38 a\u00f1os de historia<\/a>&nbsp;para los nuevos artistas en residencia. Bueno, hoy estamos orgullosos de anunciar que ya se est\u00e1 trabajando en este nuevo proyecto.<\/p>\n\n\n\n<!--more-->\n\n\n<div class=\"wp-block-image\">\n<figure class=\"alignright is-resized\"><img loading=\"lazy\" decoding=\"async\" src=\"https:\/\/i0.wp.com\/casadecampoliving.com\/wp-content\/uploads\/2022\/10\/artists_in_residence-2.jpg?resize=350%2C426&amp;ssl=1\" alt=\"Artists In Residence\" class=\"wp-image-94824\" height=\"426\" width=\"350\"\/><\/figure>\n<\/div>\n\n\n<p>Este edificio reemplazar\u00e1 la antigua facilidad de residencia de los artistas que se remonta a los 80\u2019s que en realidad fue dise\u00f1ada por el&nbsp;Decano de la Escuela de Estudios de Altos de Chav\u00f3n, Stephen Kaplan. Esperamos con ansias ver para que se utilizar\u00e1 el edificio antiguo.<\/p>\n\n\n\n<p>La nueva&nbsp;residencia para los artistas fue dise\u00f1ada por el arquitecto Adolfo Despradel, director de los planos y el dise\u00f1o de Costasur y cuando est\u00e9 completo tendr\u00e1 5 talleres de luces, ba\u00f1os y un \u00e1rea de lavado disponible, que ser\u00e1n utilizados por los artistas en residencia del&nbsp;Davidoff Art Residency. <a href=\"https:\/\/casadecampoliving.com\/es\/davidoff-art-basel-y-altos-de-chavon\/\">Clic aqu\u00ed para leer m\u00e1s acerca de Davidoff, Art Basel &amp; Altos de Chav\u00f3n.<\/a><\/p>\n\n\n\n<p>De acuerdo con el arquitecto Adolfo Despradel, este proyecto est\u00e1 avanzando de acorde al plan y ser\u00e1 completado en octubre de este a\u00f1o.<\/p>\n\n\n\n<p>The&nbsp;Davidoff Art Residency en Altos de Chav\u00f3n empezar\u00e1 en enero del 2015 con la llegada de los primeros 5 artistas.<\/p>\n\n\n\n<p>The Davidoff Art Residency es parte del Davidoff Art Initiative, que apoya arte contemporaneo y artistas en el Caribe, fortalece organizaciones de arte en la Rep\u00fablica Dominicana, comparte sabidur\u00eda y experiencia del arte contempor\u00e1neo, y promueve participaci\u00f3n cultural entre el Caribe y el resto del mundo. La residencia anual es para artistas emergentes y en la mitad de su carrera de todas partes del mundo.<\/p>\n\n\n\n<p>Durante su tiempo en la Escuela de Arte y Dise\u00f1o Altos de Chav\u00f3n, a los artistas se les otorgar\u00e1 una oportunidad \u00fanica de desarrollar sus pr\u00e1cticas creativas, compartir e intercambiar conocimientos con estudiantes locales, y realizar viajes de investigaci\u00f3n dentro de la Rep\u00fablica Dominicana.<\/p>\n\n\n<div class=\"wp-block-image\">\n<figure class=\"aligncenter is-resized\"><img loading=\"lazy\" decoding=\"async\" src=\"https:\/\/i0.wp.com\/casadecampoliving.com\/wp-content\/uploads\/2022\/10\/artists_in_residence_altos_de_chavon.jpg?resize=650%2C428&amp;ssl=1\" alt=\"Artists In Residence Altos de Chavon\" class=\"wp-image-94814\" height=\"428\" width=\"650\"\/><\/figure>\n<\/div>","protected":false},"excerpt":{"rendered":"<p>En marzo de este a\u00f1o disfrutamos la iniciativa de la&nbsp;primera nueva construcci\u00f3n en Altos de Chav\u00f3n en 38 a\u00f1os de historia&nbsp;para los nuevos artistas en residencia. Bueno, hoy estamos orgullosos de anunciar que ya se est\u00e1 trabajando en este nuevo proyecto.<\/p>\n","protected":false},"author":23245,"featured_media":270123,"comment_status":"closed","ping_status":"closed","sticky":false,"template":"","format":"standard","meta":{"newspack_ads_suppress_ads":false,"newspack_popups_has_disabled_popups":false,"newspack_sponsor_sponsorship_scope":"","newspack_sponsor_native_byline_display":"inherit","newspack_sponsor_native_category_display":"inherit","newspack_sponsor_underwriter_style":"inherit","newspack_sponsor_underwriter_placement":"inherit","_newspack_byline_active":false,"_newspack_byline":"","newspack_hide_updated_date":false,"newspack_show_updated_date":false,"newspack_content_restriction_is_exempt":false,"newspack_featured_image_position":"","newspack_post_subtitle":"","newspack_article_summary_title":"Overview:","newspack_article_summary":"","_jetpack_memberships_contains_paid_content":false,"footnotes":"","jetpack_publicize_message":"","jetpack_publicize_feature_enabled":true,"jetpack_social_post_already_shared":false,"jetpack_social_options":{"image_generator_settings":{"template":"highway","default_image_id":0,"font":"","enabled":false},"version":2},"_wpas_customize_per_network":false},"categories":[26819,26936,2524,14631,2522,14625,14627,2521,6738],"tags":[15387,1497,1929,7915,7914],"newspack_spnsrs_tax":[],"class_list":["post-345007","post","type-post","status-publish","format-standard","has-post-thumbnail","hentry","category-altos-de-chavon-es","category-casa-de-campo-living-es","category-destacados","category-estilo-de-vida","category-eventos-es","category-noticias-locales","category-proximamente","category-republica-dominicana-2","category-todo-magazine-2","tag-altos-de-chavon-es","tag-altos-de-chavon-school-of-art-and-design","tag-artistas-en-residencia","tag-davidoff-art-initiative","tag-davidoff-art-residency","entry"],"yoast_head":"<!-- This site is optimized with the Yoast SEO plugin v27.5 - https:\/\/yoast.com\/product\/yoast-seo-wordpress\/ -->\n<title>Contin\u00faan los trabajos del nuevo edificio para los artistas en residencia | Casa de Campo Living<\/title>\n<meta name=\"description\" content=\"En marzo de este a\u00f1o disfrutamos la iniciativa de la&nbsp;primera nueva construcci\u00f3n en Altos de Chav\u00f3n en 38 a\u00f1os de historia&nbsp;para los nuevos\" \/>\n<meta name=\"robots\" content=\"index, follow, max-snippet:-1, max-image-preview:large, max-video-preview:-1\" \/>\n<link rel=\"canonical\" href=\"https:\/\/casadecampoliving.com\/es\/construccion-en-marcha-de-nuevos-artistas-en-residencia\/\" \/>\n<meta property=\"og:locale\" content=\"es_ES\" \/>\n<meta property=\"og:type\" content=\"article\" \/>\n<meta property=\"og:title\" content=\"Contin\u00faan los trabajos del nuevo edificio para los artistas en residencia | Casa de Campo Living\" \/>\n<meta property=\"og:description\" content=\"En marzo de este a\u00f1o disfrutamos la iniciativa de la&nbsp;primera nueva construcci\u00f3n en Altos de Chav\u00f3n en 38 a\u00f1os de historia&nbsp;para los nuevos\" \/>\n<meta property=\"og:url\" content=\"https:\/\/casadecampoliving.com\/es\/construccion-en-marcha-de-nuevos-artistas-en-residencia\/\" \/>\n<meta property=\"og:site_name\" content=\"Casa de Campo Living\" \/>\n<meta property=\"article:publisher\" content=\"https:\/\/www.facebook.com\/casadecampoliving\" \/>\n<meta property=\"article:published_time\" content=\"2014-08-17T04:00:00+00:00\" \/>\n<meta property=\"article:modified_time\" content=\"2022-10-21T22:57:03+00:00\" \/>\n<meta property=\"og:image\" content=\"https:\/\/i0.wp.com\/casadecampoliving.com\/wp-content\/uploads\/2022\/10\/artists_in_residence_altos_de_chavon1-1.jpg?fit=650%2C434&ssl=1\" \/>\n\t<meta property=\"og:image:width\" content=\"650\" \/>\n\t<meta property=\"og:image:height\" content=\"434\" \/>\n\t<meta property=\"og:image:type\" content=\"image\/jpeg\" \/>\n<meta name=\"author\" content=\"Daniela Medina\" \/>\n<meta name=\"twitter:card\" content=\"summary_large_image\" \/>\n<meta name=\"twitter:creator\" content=\"@cdcliving\" \/>\n<meta name=\"twitter:site\" content=\"@cdcliving\" \/>\n<meta name=\"twitter:label1\" content=\"Escrito por\" \/>\n\t<meta name=\"twitter:data1\" content=\"Daniela Medina\" \/>\n\t<meta name=\"twitter:label2\" content=\"Tiempo de lectura\" \/>\n\t<meta name=\"twitter:data2\" content=\"2 minutos\" \/>\n<script type=\"application\/ld+json\" class=\"yoast-schema-graph\">{\"@context\":\"https:\\\/\\\/schema.org\",\"@graph\":[{\"@type\":\"Article\",\"@id\":\"https:\\\/\\\/casadecampoliving.com\\\/es\\\/construccion-en-marcha-de-nuevos-artistas-en-residencia\\\/#article\",\"isPartOf\":{\"@id\":\"https:\\\/\\\/casadecampoliving.com\\\/es\\\/construccion-en-marcha-de-nuevos-artistas-en-residencia\\\/\"},\"author\":{\"name\":\"Daniela Medina\",\"@id\":\"https:\\\/\\\/casadecampoliving.com\\\/es\\\/#\\\/schema\\\/person\\\/20e49d1b22266dc2b8f020b38201bd4e\"},\"headline\":\"Contin\u00faan los trabajos del nuevo edificio para los artistas en residencia\",\"datePublished\":\"2014-08-17T04:00:00+00:00\",\"dateModified\":\"2022-10-21T22:57:03+00:00\",\"mainEntityOfPage\":{\"@id\":\"https:\\\/\\\/casadecampoliving.com\\\/es\\\/construccion-en-marcha-de-nuevos-artistas-en-residencia\\\/\"},\"wordCount\":344,\"publisher\":{\"@id\":\"https:\\\/\\\/casadecampoliving.com\\\/es\\\/#organization\"},\"image\":{\"@id\":\"https:\\\/\\\/casadecampoliving.com\\\/es\\\/construccion-en-marcha-de-nuevos-artistas-en-residencia\\\/#primaryimage\"},\"thumbnailUrl\":\"https:\\\/\\\/i0.wp.com\\\/casadecampoliving.com\\\/wp-content\\\/uploads\\\/2022\\\/10\\\/artists_in_residence_altos_de_chavon1-1.jpg?fit=650%2C434&ssl=1\",\"keywords\":[\"Altos de Chavon\",\"altos de chavon school of art and design\",\"artistas en residencia\",\"davidoff art initiative\",\"davidoff art residency\"],\"articleSection\":[\"Altos de Chavon @es\",\"Casa de Campo Living @es\",\"Destacados\",\"Estilo de Vida\",\"Eventos\",\"Noticias Locales\",\"Proximamente\",\"Rep\u00fablica Dominicana @es\",\"TODO magazine\"],\"inLanguage\":\"es\"},{\"@type\":\"WebPage\",\"@id\":\"https:\\\/\\\/casadecampoliving.com\\\/es\\\/construccion-en-marcha-de-nuevos-artistas-en-residencia\\\/\",\"url\":\"https:\\\/\\\/casadecampoliving.com\\\/es\\\/construccion-en-marcha-de-nuevos-artistas-en-residencia\\\/\",\"name\":\"Contin\u00faan los trabajos del nuevo edificio para los artistas en residencia | Casa de Campo Living\",\"isPartOf\":{\"@id\":\"https:\\\/\\\/casadecampoliving.com\\\/es\\\/#website\"},\"primaryImageOfPage\":{\"@id\":\"https:\\\/\\\/casadecampoliving.com\\\/es\\\/construccion-en-marcha-de-nuevos-artistas-en-residencia\\\/#primaryimage\"},\"image\":{\"@id\":\"https:\\\/\\\/casadecampoliving.com\\\/es\\\/construccion-en-marcha-de-nuevos-artistas-en-residencia\\\/#primaryimage\"},\"thumbnailUrl\":\"https:\\\/\\\/i0.wp.com\\\/casadecampoliving.com\\\/wp-content\\\/uploads\\\/2022\\\/10\\\/artists_in_residence_altos_de_chavon1-1.jpg?fit=650%2C434&ssl=1\",\"datePublished\":\"2014-08-17T04:00:00+00:00\",\"dateModified\":\"2022-10-21T22:57:03+00:00\",\"description\":\"En marzo de este a\u00f1o disfrutamos la iniciativa de la&nbsp;primera nueva construcci\u00f3n en Altos de Chav\u00f3n en 38 a\u00f1os de historia&nbsp;para los nuevos\",\"breadcrumb\":{\"@id\":\"https:\\\/\\\/casadecampoliving.com\\\/es\\\/construccion-en-marcha-de-nuevos-artistas-en-residencia\\\/#breadcrumb\"},\"inLanguage\":\"es\",\"potentialAction\":[{\"@type\":\"ReadAction\",\"target\":[\"https:\\\/\\\/casadecampoliving.com\\\/es\\\/construccion-en-marcha-de-nuevos-artistas-en-residencia\\\/\"]}]},{\"@type\":\"ImageObject\",\"inLanguage\":\"es\",\"@id\":\"https:\\\/\\\/casadecampoliving.com\\\/es\\\/construccion-en-marcha-de-nuevos-artistas-en-residencia\\\/#primaryimage\",\"url\":\"https:\\\/\\\/i0.wp.com\\\/casadecampoliving.com\\\/wp-content\\\/uploads\\\/2022\\\/10\\\/artists_in_residence_altos_de_chavon1-1.jpg?fit=650%2C434&ssl=1\",\"contentUrl\":\"https:\\\/\\\/i0.wp.com\\\/casadecampoliving.com\\\/wp-content\\\/uploads\\\/2022\\\/10\\\/artists_in_residence_altos_de_chavon1-1.jpg?fit=650%2C434&ssl=1\",\"width\":650,\"height\":434,\"caption\":\"Artists In Residence Altos de Chavon\"},{\"@type\":\"BreadcrumbList\",\"@id\":\"https:\\\/\\\/casadecampoliving.com\\\/es\\\/construccion-en-marcha-de-nuevos-artistas-en-residencia\\\/#breadcrumb\",\"itemListElement\":[{\"@type\":\"ListItem\",\"position\":1,\"name\":\"Home\",\"item\":\"https:\\\/\\\/casadecampoliving.com\\\/es\\\/\"},{\"@type\":\"ListItem\",\"position\":2,\"name\":\"Contin\u00faan los trabajos del nuevo edificio para los artistas en residencia\"}]},{\"@type\":\"WebSite\",\"@id\":\"https:\\\/\\\/casadecampoliving.com\\\/es\\\/#website\",\"url\":\"https:\\\/\\\/casadecampoliving.com\\\/es\\\/\",\"name\":\"Casa de Campo Living\",\"description\":\"Resort community news and resources.\",\"publisher\":{\"@id\":\"https:\\\/\\\/casadecampoliving.com\\\/es\\\/#organization\"},\"potentialAction\":[{\"@type\":\"SearchAction\",\"target\":{\"@type\":\"EntryPoint\",\"urlTemplate\":\"https:\\\/\\\/casadecampoliving.com\\\/es\\\/?s={search_term_string}\"},\"query-input\":{\"@type\":\"PropertyValueSpecification\",\"valueRequired\":true,\"valueName\":\"search_term_string\"}}],\"inLanguage\":\"es\"},{\"@type\":\"Organization\",\"@id\":\"https:\\\/\\\/casadecampoliving.com\\\/es\\\/#organization\",\"name\":\"Casa de Campo Living\",\"url\":\"https:\\\/\\\/casadecampoliving.com\\\/es\\\/\",\"logo\":{\"@type\":\"ImageObject\",\"inLanguage\":\"es\",\"@id\":\"https:\\\/\\\/casadecampoliving.com\\\/es\\\/#\\\/schema\\\/logo\\\/image\\\/\",\"url\":\"https:\\\/\\\/i0.wp.com\\\/casadecampoliving.com\\\/wp-content\\\/uploads\\\/2022\\\/07\\\/CDCLivingLogo_V1-white-sized.png?fit=800%2C214&ssl=1\",\"contentUrl\":\"https:\\\/\\\/i0.wp.com\\\/casadecampoliving.com\\\/wp-content\\\/uploads\\\/2022\\\/07\\\/CDCLivingLogo_V1-white-sized.png?fit=800%2C214&ssl=1\",\"width\":800,\"height\":214,\"caption\":\"Casa de Campo Living\"},\"image\":{\"@id\":\"https:\\\/\\\/casadecampoliving.com\\\/es\\\/#\\\/schema\\\/logo\\\/image\\\/\"},\"sameAs\":[\"https:\\\/\\\/www.facebook.com\\\/casadecampoliving\",\"https:\\\/\\\/x.com\\\/cdcliving\"]},{\"@type\":\"Person\",\"@id\":\"https:\\\/\\\/casadecampoliving.com\\\/es\\\/#\\\/schema\\\/person\\\/20e49d1b22266dc2b8f020b38201bd4e\",\"name\":\"Daniela Medina\",\"image\":{\"@type\":\"ImageObject\",\"inLanguage\":\"es\",\"@id\":\"https:\\\/\\\/secure.gravatar.com\\\/avatar\\\/65aa8415724474307d634c8364a0bd8ee551c4f0f01f2ffcc53e5a9856cb7369?s=96&d=mm&r=g\",\"url\":\"https:\\\/\\\/secure.gravatar.com\\\/avatar\\\/65aa8415724474307d634c8364a0bd8ee551c4f0f01f2ffcc53e5a9856cb7369?s=96&d=mm&r=g\",\"contentUrl\":\"https:\\\/\\\/secure.gravatar.com\\\/avatar\\\/65aa8415724474307d634c8364a0bd8ee551c4f0f01f2ffcc53e5a9856cb7369?s=96&d=mm&r=g\",\"caption\":\"Daniela Medina\"},\"url\":\"https:\\\/\\\/casadecampoliving.com\\\/es\\\/author\\\/dmedina\\\/\"}]}<\/script>\n<!-- \/ Yoast SEO plugin. -->","yoast_head_json":{"title":"Contin\u00faan los trabajos del nuevo edificio para los artistas en residencia | Casa de Campo Living","description":"En marzo de este a\u00f1o disfrutamos la iniciativa de la&nbsp;primera nueva construcci\u00f3n en Altos de Chav\u00f3n en 38 a\u00f1os de historia&nbsp;para los nuevos","robots":{"index":"index","follow":"follow","max-snippet":"max-snippet:-1","max-image-preview":"max-image-preview:large","max-video-preview":"max-video-preview:-1"},"canonical":"https:\/\/casadecampoliving.com\/es\/construccion-en-marcha-de-nuevos-artistas-en-residencia\/","og_locale":"es_ES","og_type":"article","og_title":"Contin\u00faan los trabajos del nuevo edificio para los artistas en residencia | Casa de Campo Living","og_description":"En marzo de este a\u00f1o disfrutamos la iniciativa de la&nbsp;primera nueva construcci\u00f3n en Altos de Chav\u00f3n en 38 a\u00f1os de historia&nbsp;para los nuevos","og_url":"https:\/\/casadecampoliving.com\/es\/construccion-en-marcha-de-nuevos-artistas-en-residencia\/","og_site_name":"Casa de Campo Living","article_publisher":"https:\/\/www.facebook.com\/casadecampoliving","article_published_time":"2014-08-17T04:00:00+00:00","article_modified_time":"2022-10-21T22:57:03+00:00","og_image":[{"width":650,"height":434,"url":"https:\/\/i0.wp.com\/casadecampoliving.com\/wp-content\/uploads\/2022\/10\/artists_in_residence_altos_de_chavon1-1.jpg?fit=650%2C434&ssl=1","type":"image\/jpeg"}],"author":"Daniela Medina","twitter_card":"summary_large_image","twitter_creator":"@cdcliving","twitter_site":"@cdcliving","twitter_misc":{"Escrito por":"Daniela Medina","Tiempo de lectura":"2 minutos"},"schema":{"@context":"https:\/\/schema.org","@graph":[{"@type":"Article","@id":"https:\/\/casadecampoliving.com\/es\/construccion-en-marcha-de-nuevos-artistas-en-residencia\/#article","isPartOf":{"@id":"https:\/\/casadecampoliving.com\/es\/construccion-en-marcha-de-nuevos-artistas-en-residencia\/"},"author":{"name":"Daniela Medina","@id":"https:\/\/casadecampoliving.com\/es\/#\/schema\/person\/20e49d1b22266dc2b8f020b38201bd4e"},"headline":"Contin\u00faan los trabajos del nuevo edificio para los artistas en residencia","datePublished":"2014-08-17T04:00:00+00:00","dateModified":"2022-10-21T22:57:03+00:00","mainEntityOfPage":{"@id":"https:\/\/casadecampoliving.com\/es\/construccion-en-marcha-de-nuevos-artistas-en-residencia\/"},"wordCount":344,"publisher":{"@id":"https:\/\/casadecampoliving.com\/es\/#organization"},"image":{"@id":"https:\/\/casadecampoliving.com\/es\/construccion-en-marcha-de-nuevos-artistas-en-residencia\/#primaryimage"},"thumbnailUrl":"https:\/\/i0.wp.com\/casadecampoliving.com\/wp-content\/uploads\/2022\/10\/artists_in_residence_altos_de_chavon1-1.jpg?fit=650%2C434&ssl=1","keywords":["Altos de Chavon","altos de chavon school of art and design","artistas en residencia","davidoff art initiative","davidoff art residency"],"articleSection":["Altos de Chavon @es","Casa de Campo Living @es","Destacados","Estilo de Vida","Eventos","Noticias Locales","Proximamente","Rep\u00fablica Dominicana @es","TODO magazine"],"inLanguage":"es"},{"@type":"WebPage","@id":"https:\/\/casadecampoliving.com\/es\/construccion-en-marcha-de-nuevos-artistas-en-residencia\/","url":"https:\/\/casadecampoliving.com\/es\/construccion-en-marcha-de-nuevos-artistas-en-residencia\/","name":"Contin\u00faan los trabajos del nuevo edificio para los artistas en residencia | Casa de Campo Living","isPartOf":{"@id":"https:\/\/casadecampoliving.com\/es\/#website"},"primaryImageOfPage":{"@id":"https:\/\/casadecampoliving.com\/es\/construccion-en-marcha-de-nuevos-artistas-en-residencia\/#primaryimage"},"image":{"@id":"https:\/\/casadecampoliving.com\/es\/construccion-en-marcha-de-nuevos-artistas-en-residencia\/#primaryimage"},"thumbnailUrl":"https:\/\/i0.wp.com\/casadecampoliving.com\/wp-content\/uploads\/2022\/10\/artists_in_residence_altos_de_chavon1-1.jpg?fit=650%2C434&ssl=1","datePublished":"2014-08-17T04:00:00+00:00","dateModified":"2022-10-21T22:57:03+00:00","description":"En marzo de este a\u00f1o disfrutamos la iniciativa de la&nbsp;primera nueva construcci\u00f3n en Altos de Chav\u00f3n en 38 a\u00f1os de historia&nbsp;para los nuevos","breadcrumb":{"@id":"https:\/\/casadecampoliving.com\/es\/construccion-en-marcha-de-nuevos-artistas-en-residencia\/#breadcrumb"},"inLanguage":"es","potentialAction":[{"@type":"ReadAction","target":["https:\/\/casadecampoliving.com\/es\/construccion-en-marcha-de-nuevos-artistas-en-residencia\/"]}]},{"@type":"ImageObject","inLanguage":"es","@id":"https:\/\/casadecampoliving.com\/es\/construccion-en-marcha-de-nuevos-artistas-en-residencia\/#primaryimage","url":"https:\/\/i0.wp.com\/casadecampoliving.com\/wp-content\/uploads\/2022\/10\/artists_in_residence_altos_de_chavon1-1.jpg?fit=650%2C434&ssl=1","contentUrl":"https:\/\/i0.wp.com\/casadecampoliving.com\/wp-content\/uploads\/2022\/10\/artists_in_residence_altos_de_chavon1-1.jpg?fit=650%2C434&ssl=1","width":650,"height":434,"caption":"Artists In Residence Altos de Chavon"},{"@type":"BreadcrumbList","@id":"https:\/\/casadecampoliving.com\/es\/construccion-en-marcha-de-nuevos-artistas-en-residencia\/#breadcrumb","itemListElement":[{"@type":"ListItem","position":1,"name":"Home","item":"https:\/\/casadecampoliving.com\/es\/"},{"@type":"ListItem","position":2,"name":"Contin\u00faan los trabajos del nuevo edificio para los artistas en residencia"}]},{"@type":"WebSite","@id":"https:\/\/casadecampoliving.com\/es\/#website","url":"https:\/\/casadecampoliving.com\/es\/","name":"Casa de Campo Living","description":"Resort community news and resources.","publisher":{"@id":"https:\/\/casadecampoliving.com\/es\/#organization"},"potentialAction":[{"@type":"SearchAction","target":{"@type":"EntryPoint","urlTemplate":"https:\/\/casadecampoliving.com\/es\/?s={search_term_string}"},"query-input":{"@type":"PropertyValueSpecification","valueRequired":true,"valueName":"search_term_string"}}],"inLanguage":"es"},{"@type":"Organization","@id":"https:\/\/casadecampoliving.com\/es\/#organization","name":"Casa de Campo Living","url":"https:\/\/casadecampoliving.com\/es\/","logo":{"@type":"ImageObject","inLanguage":"es","@id":"https:\/\/casadecampoliving.com\/es\/#\/schema\/logo\/image\/","url":"https:\/\/i0.wp.com\/casadecampoliving.com\/wp-content\/uploads\/2022\/07\/CDCLivingLogo_V1-white-sized.png?fit=800%2C214&ssl=1","contentUrl":"https:\/\/i0.wp.com\/casadecampoliving.com\/wp-content\/uploads\/2022\/07\/CDCLivingLogo_V1-white-sized.png?fit=800%2C214&ssl=1","width":800,"height":214,"caption":"Casa de Campo Living"},"image":{"@id":"https:\/\/casadecampoliving.com\/es\/#\/schema\/logo\/image\/"},"sameAs":["https:\/\/www.facebook.com\/casadecampoliving","https:\/\/x.com\/cdcliving"]},{"@type":"Person","@id":"https:\/\/casadecampoliving.com\/es\/#\/schema\/person\/20e49d1b22266dc2b8f020b38201bd4e","name":"Daniela Medina","image":{"@type":"ImageObject","inLanguage":"es","@id":"https:\/\/secure.gravatar.com\/avatar\/65aa8415724474307d634c8364a0bd8ee551c4f0f01f2ffcc53e5a9856cb7369?s=96&d=mm&r=g","url":"https:\/\/secure.gravatar.com\/avatar\/65aa8415724474307d634c8364a0bd8ee551c4f0f01f2ffcc53e5a9856cb7369?s=96&d=mm&r=g","contentUrl":"https:\/\/secure.gravatar.com\/avatar\/65aa8415724474307d634c8364a0bd8ee551c4f0f01f2ffcc53e5a9856cb7369?s=96&d=mm&r=g","caption":"Daniela Medina"},"url":"https:\/\/casadecampoliving.com\/es\/author\/dmedina\/"}]}},"parsely":{"version":"1.1.0","canonical_url":"https:\/\/casadecampoliving.com\/es\/construccion-en-marcha-de-nuevos-artistas-en-residencia\/","smart_links":{"inbound":0,"outbound":0},"traffic_boost_suggestions_count":0,"meta":{"@context":"https:\/\/schema.org","@type":"NewsArticle","headline":"Contin\u00faan los trabajos del nuevo edificio para los artistas en residencia","url":"http:\/\/casadecampoliving.com\/es\/construccion-en-marcha-de-nuevos-artistas-en-residencia\/","mainEntityOfPage":{"@type":"WebPage","@id":"http:\/\/casadecampoliving.com\/es\/construccion-en-marcha-de-nuevos-artistas-en-residencia\/"},"thumbnailUrl":"https:\/\/i0.wp.com\/casadecampoliving.com\/wp-content\/uploads\/2022\/10\/artists_in_residence_altos_de_chavon1-1.jpg?resize=150%2C150&ssl=1","image":{"@type":"ImageObject","url":"https:\/\/i0.wp.com\/casadecampoliving.com\/wp-content\/uploads\/2022\/10\/artists_in_residence_altos_de_chavon1-1.jpg?fit=650%2C434&ssl=1"},"articleSection":"Altos de Chavon @es","author":[{"@type":"Person","name":"Daniela Medina"}],"creator":["Daniela Medina"],"publisher":{"@type":"Organization","name":"Casa de Campo Living","logo":"https:\/\/casadecampoliving.com\/wp-content\/uploads\/2022\/07\/CDCLivingLogo_V1-white-sized.png"},"keywords":["altos de chavon","altos de chavon school of art and design","artistas en residencia","davidoff art initiative","davidoff art residency"],"dateCreated":"2014-08-17T04:00:00Z","datePublished":"2014-08-17T04:00:00Z","dateModified":"2022-10-21T22:57:03Z"},"rendered":"<script type=\"application\/ld+json\" class=\"wp-parsely-metadata\">{\"@context\":\"https:\\\/\\\/schema.org\",\"@type\":\"NewsArticle\",\"headline\":\"Contin\\u00faan los trabajos del nuevo edificio para los artistas en residencia\",\"url\":\"http:\\\/\\\/casadecampoliving.com\\\/es\\\/construccion-en-marcha-de-nuevos-artistas-en-residencia\\\/\",\"mainEntityOfPage\":{\"@type\":\"WebPage\",\"@id\":\"http:\\\/\\\/casadecampoliving.com\\\/es\\\/construccion-en-marcha-de-nuevos-artistas-en-residencia\\\/\"},\"thumbnailUrl\":\"https:\\\/\\\/i0.wp.com\\\/casadecampoliving.com\\\/wp-content\\\/uploads\\\/2022\\\/10\\\/artists_in_residence_altos_de_chavon1-1.jpg?resize=150%2C150&ssl=1\",\"image\":{\"@type\":\"ImageObject\",\"url\":\"https:\\\/\\\/i0.wp.com\\\/casadecampoliving.com\\\/wp-content\\\/uploads\\\/2022\\\/10\\\/artists_in_residence_altos_de_chavon1-1.jpg?fit=650%2C434&ssl=1\"},\"articleSection\":\"Altos de Chavon @es\",\"author\":[{\"@type\":\"Person\",\"name\":\"Daniela Medina\"}],\"creator\":[\"Daniela Medina\"],\"publisher\":{\"@type\":\"Organization\",\"name\":\"Casa de Campo Living\",\"logo\":\"https:\\\/\\\/casadecampoliving.com\\\/wp-content\\\/uploads\\\/2022\\\/07\\\/CDCLivingLogo_V1-white-sized.png\"},\"keywords\":[\"altos de chavon\",\"altos de chavon school of art and design\",\"artistas en residencia\",\"davidoff art initiative\",\"davidoff art residency\"],\"dateCreated\":\"2014-08-17T04:00:00Z\",\"datePublished\":\"2014-08-17T04:00:00Z\",\"dateModified\":\"2022-10-21T22:57:03Z\"}<\/script>","tracker_url":"https:\/\/cdn.parsely.com\/keys\/casadecampoliving.com\/p.js"},"jetpack_publicize_connections":[],"jetpack_featured_media_url":"https:\/\/i0.wp.com\/casadecampoliving.com\/wp-content\/uploads\/2022\/10\/artists_in_residence_altos_de_chavon1-1.jpg?fit=650%2C434&ssl=1","jetpack-related-posts":[{"id":351059,"url":"https:\/\/casadecampoliving.com\/es\/conoce-los-nuevos-artistas-de-la-residencia-de-la-iniciativa-de-arte-davidoff-de-este-ano\/","url_meta":{"origin":345007,"position":0},"title":"Conoce a los nuevos artistas de la Residencia de la Iniciativa de Arte Davidoff de este a\u00f1o","author":"Marlenys Guzm\u00e1n Casta\u00f1os","date":"23 Ene, 2017","format":false,"excerpt":"Nastasia Meyrat, Yan Xing y Claire Trotignon ser\u00e1n presentados a la comunidad de Casa de Campo ma\u00f1ana, 24 de enero, como los nuevos artistas en residencia de la Iniciativa de Arte Davidoff 2017. Todos est\u00e1n cordialmente invitados a asistir a la presentaci\u00f3n de estos talentosos artistas\u00a0que tendra lugar en el\u2026","rel":"","context":"En \u00abAltos de Chavon @es\u00bb","block_context":{"text":"Altos de Chavon @es","link":"https:\/\/casadecampoliving.com\/category\/altos-de-chavon-es\/"},"img":{"alt_text":"","src":"https:\/\/i0.wp.com\/casadecampoliving.com\/wp-content\/uploads\/2022\/10\/Altos-de-Chavon_Studios_13-1-scaled.jpg?fit=1200%2C801&ssl=1&resize=350%2C200","width":350,"height":200,"srcset":"https:\/\/i0.wp.com\/casadecampoliving.com\/wp-content\/uploads\/2022\/10\/Altos-de-Chavon_Studios_13-1-scaled.jpg?fit=1200%2C801&ssl=1&resize=350%2C200 1x, https:\/\/i0.wp.com\/casadecampoliving.com\/wp-content\/uploads\/2022\/10\/Altos-de-Chavon_Studios_13-1-scaled.jpg?fit=1200%2C801&ssl=1&resize=525%2C300 1.5x, https:\/\/i0.wp.com\/casadecampoliving.com\/wp-content\/uploads\/2022\/10\/Altos-de-Chavon_Studios_13-1-scaled.jpg?fit=1200%2C801&ssl=1&resize=700%2C400 2x, https:\/\/i0.wp.com\/casadecampoliving.com\/wp-content\/uploads\/2022\/10\/Altos-de-Chavon_Studios_13-1-scaled.jpg?fit=1200%2C801&ssl=1&resize=1050%2C600 3x"},"classes":[]},{"id":433460,"url":"https:\/\/casadecampoliving.com\/es\/no-se-pierdan-el-increible-tributo-a-frank-sinatra-para-celebrar-el-40-aniversario-del-anfiteatro-altos-de-chavon\/","url_meta":{"origin":345007,"position":1},"title":"No se pierdan el incre\u00edble tributo a Frank Sinatra para celebrar el 40 aniversario del\u00a0Anfiteatro Altos de Chav\u00f3n","author":"Casa de Campo Living","date":"20 Oct, 2022","format":false,"excerpt":"Siendo uno de los escenarios m\u00e1s emblem\u00e1ticos del pa\u00eds, Casa de Campo Resort\u00ae & Villas celebra las cuatro d\u00e9cadas de aniversario de Altos de Chav\u00f3n con un tributo al gran Frank Sinatra, protagonizado por artistas invitados y una big band tal cual la que acompa\u00f1\u00f3 al artista hace 40 a\u00f1os\u2026","rel":"","context":"En \u00abUncategorized @es\u00bb","block_context":{"text":"Uncategorized @es","link":"https:\/\/casadecampoliving.com\/es\/category\/uncategorized-es\/"},"img":{"alt_text":"","src":"https:\/\/i0.wp.com\/casadecampoliving.com\/wp-content\/uploads\/2022\/10\/Tributo-Frank-Sinatra-Foto-Principal-Amaury-Sanchez-Danilo-Ginebra-Andres-Pichardo-y-Jose-Gabriel-Perez-.jpg?fit=1200%2C873&ssl=1&resize=350%2C200","width":350,"height":200,"srcset":"https:\/\/i0.wp.com\/casadecampoliving.com\/wp-content\/uploads\/2022\/10\/Tributo-Frank-Sinatra-Foto-Principal-Amaury-Sanchez-Danilo-Ginebra-Andres-Pichardo-y-Jose-Gabriel-Perez-.jpg?fit=1200%2C873&ssl=1&resize=350%2C200 1x, https:\/\/i0.wp.com\/casadecampoliving.com\/wp-content\/uploads\/2022\/10\/Tributo-Frank-Sinatra-Foto-Principal-Amaury-Sanchez-Danilo-Ginebra-Andres-Pichardo-y-Jose-Gabriel-Perez-.jpg?fit=1200%2C873&ssl=1&resize=525%2C300 1.5x, https:\/\/i0.wp.com\/casadecampoliving.com\/wp-content\/uploads\/2022\/10\/Tributo-Frank-Sinatra-Foto-Principal-Amaury-Sanchez-Danilo-Ginebra-Andres-Pichardo-y-Jose-Gabriel-Perez-.jpg?fit=1200%2C873&ssl=1&resize=700%2C400 2x, https:\/\/i0.wp.com\/casadecampoliving.com\/wp-content\/uploads\/2022\/10\/Tributo-Frank-Sinatra-Foto-Principal-Amaury-Sanchez-Danilo-Ginebra-Andres-Pichardo-y-Jose-Gabriel-Perez-.jpg?fit=1200%2C873&ssl=1&resize=1050%2C600 3x"},"classes":[]},{"id":351116,"url":"https:\/\/casadecampoliving.com\/es\/nuevos-artistas-en-residencia-de-la-iniciativa-de-arte-davidoff\/","url_meta":{"origin":345007,"position":2},"title":"Encuentro con los nuevos artistas en residencia de la Iniciativa de Arte Davidoff","author":"Marlenys Guzm\u00e1n Casta\u00f1os","date":"6 Feb, 2017","format":false,"excerpt":"\u00a1Tres nuevos artistas est\u00e1n aqu\u00ed en Casa de Campo! Nastasia Meyrat, Yan Xing y Claire Trotignon fueron presentadas a la comunidad de Casa de Campo el 24 de enero como los nuevos artistas en residencia de la Iniciativa de Arte Davidoff 2017. La presentaci\u00f3n tuvo lugar en los estudios de\u2026","rel":"","context":"En \u00abAltos de Chavon @es\u00bb","block_context":{"text":"Altos de Chavon @es","link":"https:\/\/casadecampoliving.com\/category\/altos-de-chavon-es\/"},"img":{"alt_text":"","src":"https:\/\/i0.wp.com\/casadecampoliving.com\/wp-content\/uploads\/2022\/10\/Davidoff_Presentation_2017-8-1.jpg?fit=1000%2C667&ssl=1&resize=350%2C200","width":350,"height":200,"srcset":"https:\/\/i0.wp.com\/casadecampoliving.com\/wp-content\/uploads\/2022\/10\/Davidoff_Presentation_2017-8-1.jpg?fit=1000%2C667&ssl=1&resize=350%2C200 1x, https:\/\/i0.wp.com\/casadecampoliving.com\/wp-content\/uploads\/2022\/10\/Davidoff_Presentation_2017-8-1.jpg?fit=1000%2C667&ssl=1&resize=525%2C300 1.5x, https:\/\/i0.wp.com\/casadecampoliving.com\/wp-content\/uploads\/2022\/10\/Davidoff_Presentation_2017-8-1.jpg?fit=1000%2C667&ssl=1&resize=700%2C400 2x"},"classes":[]},{"id":349065,"url":"https:\/\/casadecampoliving.com\/es\/conoce-nuevos-artistas-residencia-davidoff-art-initiative\/","url_meta":{"origin":345007,"position":3},"title":"Conoce los nuevos artistas en residencia del Davidoff Art Initiative","author":"Carla Campos","date":"25 Ene, 2016","format":false,"excerpt":"Paolo Chiasera, Louis Henderson y\u00a0Oscar Santillan ser\u00e1n introducidos HOY, 25 de enero, como los nuevos artistas en residencia del Davidoff Art Initiative Residency. Est\u00e1n cordialmente invitados al c\u00f3ctel de introducci\u00f3n, que se llevar\u00e1 a cabo en La Galer\u00eda de Altos de Chav\u00f3n a las\u00a07:00pm. Louis Henderson Es un cineasta cuyo\u2026","rel":"","context":"En \u00abAltos de Chavon @es\u00bb","block_context":{"text":"Altos de Chavon @es","link":"https:\/\/casadecampoliving.com\/category\/altos-de-chavon-es\/"},"img":{"alt_text":"","src":"https:\/\/i0.wp.com\/casadecampoliving.com\/wp-content\/uploads\/2022\/10\/large-2-1.jpg?fit=640%2C444&ssl=1&resize=350%2C200","width":350,"height":200,"srcset":"https:\/\/i0.wp.com\/casadecampoliving.com\/wp-content\/uploads\/2022\/10\/large-2-1.jpg?fit=640%2C444&ssl=1&resize=350%2C200 1x, https:\/\/i0.wp.com\/casadecampoliving.com\/wp-content\/uploads\/2022\/10\/large-2-1.jpg?fit=640%2C444&ssl=1&resize=525%2C300 1.5x"},"classes":[]},{"id":345820,"url":"https:\/\/casadecampoliving.com\/es\/claudio-silvestri-altos-de-chavon-become-leading-center-arts-caribbean\/","url_meta":{"origin":345007,"position":4},"title":"Claudio Silvestri: \u00abAltos de Chav\u00f3n ser\u00e1 un centro l\u00edder de las artes\u00bb","author":"Maria Isabel B\u00e1ez","date":"27 Oct, 2014","format":false,"excerpt":"En enero 2015, Altos de Chav\u00f3n estar\u00e1 recibiendo a artistas internacionales del proyecto de Residencia de Arte Davidoff en Altos de Chav\u00f3n. Con esta iniciativa, perseguido y logrado por Claudio Silvestri, Chairman\u00a0y CEO\u00a0de Premier Resorts & Hotels, cooperando en conjunto con la Fundaci\u00f3n Cultural Altos de Chav\u00f3n, Altos de Chav\u00f3n\u2026","rel":"","context":"En \u00abAltos de Chavon @es\u00bb","block_context":{"text":"Altos de Chavon @es","link":"https:\/\/casadecampoliving.com\/category\/altos-de-chavon-es\/"},"img":{"alt_text":"Hans-Kristian Hoejsgaard, Dominique Bludhorn, Claudio Silvestri","src":"https:\/\/i0.wp.com\/casadecampoliving.com\/wp-content\/uploads\/2022\/10\/Hans-Kristian_Hoejsgaard-Dominique_Bludhorn-Claudio_Silvestri-1.jpg?fit=800%2C534&ssl=1&resize=350%2C200","width":350,"height":200,"srcset":"https:\/\/i0.wp.com\/casadecampoliving.com\/wp-content\/uploads\/2022\/10\/Hans-Kristian_Hoejsgaard-Dominique_Bludhorn-Claudio_Silvestri-1.jpg?fit=800%2C534&ssl=1&resize=350%2C200 1x, https:\/\/i0.wp.com\/casadecampoliving.com\/wp-content\/uploads\/2022\/10\/Hans-Kristian_Hoejsgaard-Dominique_Bludhorn-Claudio_Silvestri-1.jpg?fit=800%2C534&ssl=1&resize=525%2C300 1.5x, https:\/\/i0.wp.com\/casadecampoliving.com\/wp-content\/uploads\/2022\/10\/Hans-Kristian_Hoejsgaard-Dominique_Bludhorn-Claudio_Silvestri-1.jpg?fit=800%2C534&ssl=1&resize=700%2C400 2x"},"classes":[]},{"id":346399,"url":"https:\/\/casadecampoliving.com\/es\/altos-de-chavon-sera-sede-del-2do-davidoff-fin-de-semana-de-arte\/","url_meta":{"origin":345007,"position":5},"title":"Altos de Chav\u00f3n ser\u00e1 sede del 2do Fin de Semana de Arte Davidoff","author":"Rebecca Hughes","date":"27 Dic, 2014","format":false,"excerpt":"Con la colaboraci\u00f3n de la\u00a0Escuela de Dise\u00f1o de Altos de Chav\u00f3n y la Fundaci\u00f3n Cultural Altos de Chav\u00f3n, la Iniciativa de Arte Davidoff acoger\u00e1 el segundo Fin de Semana Anual de Arte Davidoff desde el 13 al 16 de febrero en Altos de Chav\u00f3n en Casa de Campo. En 2012,\u2026","rel":"","context":"En \u00abAltos de Chavon @es\u00bb","block_context":{"text":"Altos de Chavon @es","link":"https:\/\/casadecampoliving.com\/category\/altos-de-chavon-es\/"},"img":{"alt_text":"Altos de Chavon","src":"https:\/\/i0.wp.com\/casadecampoliving.com\/wp-content\/uploads\/2022\/10\/Altos_de_Chavon-1.jpg?fit=565%2C280&ssl=1&resize=350%2C200","width":350,"height":200,"srcset":"https:\/\/i0.wp.com\/casadecampoliving.com\/wp-content\/uploads\/2022\/10\/Altos_de_Chavon-1.jpg?fit=565%2C280&ssl=1&resize=350%2C200 1x, https:\/\/i0.wp.com\/casadecampoliving.com\/wp-content\/uploads\/2022\/10\/Altos_de_Chavon-1.jpg?fit=565%2C280&ssl=1&resize=525%2C300 1.5x"},"classes":[]}],"jetpack_sharing_enabled":true,"_links":{"self":[{"href":"https:\/\/casadecampoliving.com\/es\/wp-json\/wp\/v2\/posts\/345007","targetHints":{"allow":["GET"]}}],"collection":[{"href":"https:\/\/casadecampoliving.com\/es\/wp-json\/wp\/v2\/posts"}],"about":[{"href":"https:\/\/casadecampoliving.com\/es\/wp-json\/wp\/v2\/types\/post"}],"author":[{"embeddable":true,"href":"https:\/\/casadecampoliving.com\/es\/wp-json\/wp\/v2\/users\/23245"}],"replies":[{"embeddable":true,"href":"https:\/\/casadecampoliving.com\/es\/wp-json\/wp\/v2\/comments?post=345007"}],"version-history":[{"count":1,"href":"https:\/\/casadecampoliving.com\/es\/wp-json\/wp\/v2\/posts\/345007\/revisions"}],"predecessor-version":[{"id":345008,"href":"https:\/\/casadecampoliving.com\/es\/wp-json\/wp\/v2\/posts\/345007\/revisions\/345008"}],"wp:featuredmedia":[{"embeddable":true,"href":"https:\/\/casadecampoliving.com\/es\/wp-json\/wp\/v2\/media\/270123"}],"wp:attachment":[{"href":"https:\/\/casadecampoliving.com\/es\/wp-json\/wp\/v2\/media?parent=345007"}],"wp:term":[{"taxonomy":"category","embeddable":true,"href":"https:\/\/casadecampoliving.com\/es\/wp-json\/wp\/v2\/categories?post=345007"},{"taxonomy":"post_tag","embeddable":true,"href":"https:\/\/casadecampoliving.com\/es\/wp-json\/wp\/v2\/tags?post=345007"},{"taxonomy":"newspack_spnsrs_tax","embeddable":true,"href":"https:\/\/casadecampoliving.com\/es\/wp-json\/wp\/v2\/newspack_spnsrs_tax?post=345007"}],"curies":[{"name":"wp","href":"https:\/\/api.w.org\/{rel}","templated":true}]}}