{"id":345005,"date":"2014-07-31T00:00:00","date_gmt":"2014-07-31T04:00:00","guid":{"rendered":"https:\/\/casadecampoliving.com\/ley-orden-llega-al-dye-fore\/"},"modified":"2022-10-21T18:56:59","modified_gmt":"2022-10-21T22:56:59","slug":"ley-orden-llega-al-dye-fore","status":"publish","type":"post","link":"https:\/\/casadecampoliving.com\/es\/ley-orden-llega-al-dye-fore\/","title":{"rendered":"Ley &#038; Orden llega al Dye Fore"},"content":{"rendered":"<div class=\"wp-block-image\">\n<figure class=\"aligncenter is-resized\"><img loading=\"lazy\" decoding=\"async\" src=\"https:\/\/i0.wp.com\/casadecampoliving.com\/wp-content\/uploads\/2022\/10\/10489785_10152640463869273_4851672405542818389_n.jpg?resize=650%2C455&amp;ssl=1\" alt=\"Law_and_Order_golf_tournament\" class=\"wp-image-94909\" height=\"455\" width=\"650\"\/><\/figure>\n<\/div>\n\n\n<p>Este s\u00e1bado, 2 de agosto, se llevar\u00e1 a cabo el&nbsp;3er torneo anual de golf \u201cLey y Orden\u201d organizado por la Polic\u00eda Nacional Dominicana, el cual ser\u00e1 jugada en el campo de golf Dye Fore.<\/p>\n\n\n\n<!--more-->\n\n\n\n<p>Similar al <a href=\"https:\/\/casadecampoliving.com\/es\/armada\/\">Torneo de Golf Armada de Rep\u00fablica Dominicana<\/a>&nbsp;presentado por la Armada Dominicana, tambi\u00e9n jugado en el Dye Fore el mes pasado, el torneo de golf \u201cLey y Orden\u201d es organizado con el proposito de recaudar fondos para la Asociaci\u00f3n de Esposas Oficiales de la Polic\u00eda Nacional que usaran el dinero para comprar \u00fatiles escolares para los hijos de los oficiales.<\/p>\n\n\n<div class=\"wp-block-image\">\n<figure class=\"aligncenter is-resized\"><img loading=\"lazy\" decoding=\"async\" src=\"https:\/\/i0.wp.com\/casadecampoliving.com\/wp-content\/uploads\/2022\/10\/dye_fore_golf_course.jpg?resize=582%2C335&amp;ssl=1\" alt=\"dye fore golf course\" class=\"wp-image-43336\" height=\"335\" width=\"582\"\/><\/figure>\n<\/div>\n\n\n<p class=\"has-text-align-center\"><strong>Campo de golf&nbsp;Dye Fore, Casa de Campo<\/strong><br>\n<\/p>\n\n\n\n<p>M\u00e1s de 100&nbsp;golfistas tomar\u00e1n parte en este torneo que ser\u00e1 jugado en un formato de \u201cScramble en parejas\u201d. Los premios ser\u00e1n repartidos en una serie de categor\u00edas, &nbsp;mientras que el ganador de la mejor puntuaci\u00f3n neta se llevar\u00e1 a casa la Gran Copa Ley y Orden.<\/p>\n","protected":false},"excerpt":{"rendered":"<p>Este s\u00e1bado, 2 de agosto, se llevar\u00e1 a cabo el&nbsp;3er torneo anual de golf \u201cLey y Orden\u201d organizado por la Polic\u00eda Nacional Dominicana, el cual ser\u00e1 jugada en el campo de golf Dye Fore.<\/p>\n","protected":false},"author":23245,"featured_media":270281,"comment_status":"closed","ping_status":"closed","sticky":false,"template":"","format":"standard","meta":{"newspack_ads_suppress_ads":false,"newspack_popups_has_disabled_popups":false,"newspack_sponsor_sponsorship_scope":"","newspack_sponsor_native_byline_display":"inherit","newspack_sponsor_native_category_display":"inherit","newspack_sponsor_underwriter_style":"inherit","newspack_sponsor_underwriter_placement":"inherit","_newspack_byline_active":false,"_newspack_byline":"","newspack_hide_updated_date":false,"newspack_show_updated_date":false,"newspack_content_restriction_is_exempt":false,"newspack_featured_image_position":"","newspack_post_subtitle":"","newspack_article_summary_title":"Overview:","newspack_article_summary":"","_jetpack_memberships_contains_paid_content":false,"footnotes":"","jetpack_publicize_message":"","jetpack_publicize_feature_enabled":true,"jetpack_social_post_already_shared":false,"jetpack_social_options":{"image_generator_settings":{"template":"highway","default_image_id":0,"font":"","enabled":false},"version":2},"_wpas_customize_per_network":false},"categories":[26936,2525,14631,2522,14625,14627,2521],"tags":[178,176,14777],"newspack_spnsrs_tax":[],"class_list":["post-345005","post","type-post","status-publish","format-standard","has-post-thumbnail","hentry","category-casa-de-campo-living-es","category-golf-deportes-es","category-estilo-de-vida","category-eventos-es","category-noticias-locales","category-proximamente","category-republica-dominicana-2","tag-dye-fore","tag-golf","tag-republica-dominicana-es-18","entry"],"yoast_head":"<!-- This site is optimized with the Yoast SEO plugin v27.5 - https:\/\/yoast.com\/product\/yoast-seo-wordpress\/ -->\n<title>Ley &amp; Orden llega al Dye Fore | Casa de Campo Living<\/title>\n<meta name=\"description\" content=\"Este s\u00e1bado, 2 de agosto, se llevar\u00e1 a cabo el&nbsp;3er torneo anual de golf \u201cLey y Orden\u201d organizado por la Polic\u00eda Nacional Dominicana, el cual ser\u00e1\" \/>\n<meta name=\"robots\" content=\"index, follow, max-snippet:-1, max-image-preview:large, max-video-preview:-1\" \/>\n<link rel=\"canonical\" href=\"https:\/\/casadecampoliving.com\/es\/ley-orden-llega-al-dye-fore\/\" \/>\n<meta property=\"og:locale\" content=\"es_ES\" \/>\n<meta property=\"og:type\" content=\"article\" \/>\n<meta property=\"og:title\" content=\"Ley &amp; Orden llega al Dye Fore | Casa de Campo Living\" \/>\n<meta property=\"og:description\" content=\"Este s\u00e1bado, 2 de agosto, se llevar\u00e1 a cabo el&nbsp;3er torneo anual de golf \u201cLey y Orden\u201d organizado por la Polic\u00eda Nacional Dominicana, el cual ser\u00e1\" \/>\n<meta property=\"og:url\" content=\"https:\/\/casadecampoliving.com\/es\/ley-orden-llega-al-dye-fore\/\" \/>\n<meta property=\"og:site_name\" content=\"Casa de Campo Living\" \/>\n<meta property=\"article:publisher\" content=\"https:\/\/www.facebook.com\/casadecampoliving\" \/>\n<meta property=\"article:published_time\" content=\"2014-07-31T04:00:00+00:00\" \/>\n<meta property=\"article:modified_time\" content=\"2022-10-21T22:56:59+00:00\" \/>\n<meta property=\"og:image\" content=\"https:\/\/i0.wp.com\/casadecampoliving.com\/wp-content\/uploads\/2022\/10\/10489785_10152640463869273_4851672405542818389_n-1.jpg?fit=960%2C672&ssl=1\" \/>\n\t<meta property=\"og:image:width\" content=\"960\" \/>\n\t<meta property=\"og:image:height\" content=\"672\" \/>\n\t<meta property=\"og:image:type\" content=\"image\/jpeg\" \/>\n<meta name=\"author\" content=\"Daniela Medina\" \/>\n<meta name=\"twitter:card\" content=\"summary_large_image\" \/>\n<meta name=\"twitter:creator\" content=\"@cdcliving\" \/>\n<meta name=\"twitter:site\" content=\"@cdcliving\" \/>\n<meta name=\"twitter:label1\" content=\"Escrito por\" \/>\n\t<meta name=\"twitter:data1\" content=\"Daniela Medina\" \/>\n\t<meta name=\"twitter:label2\" content=\"Tiempo de lectura\" \/>\n\t<meta name=\"twitter:data2\" content=\"1 minuto\" \/>\n<script type=\"application\/ld+json\" class=\"yoast-schema-graph\">{\"@context\":\"https:\\\/\\\/schema.org\",\"@graph\":[{\"@type\":\"Article\",\"@id\":\"https:\\\/\\\/casadecampoliving.com\\\/es\\\/ley-orden-llega-al-dye-fore\\\/#article\",\"isPartOf\":{\"@id\":\"https:\\\/\\\/casadecampoliving.com\\\/es\\\/ley-orden-llega-al-dye-fore\\\/\"},\"author\":{\"name\":\"Daniela Medina\",\"@id\":\"https:\\\/\\\/casadecampoliving.com\\\/es\\\/#\\\/schema\\\/person\\\/20e49d1b22266dc2b8f020b38201bd4e\"},\"headline\":\"Ley &#038; Orden llega al Dye Fore\",\"datePublished\":\"2014-07-31T04:00:00+00:00\",\"dateModified\":\"2022-10-21T22:56:59+00:00\",\"mainEntityOfPage\":{\"@id\":\"https:\\\/\\\/casadecampoliving.com\\\/es\\\/ley-orden-llega-al-dye-fore\\\/\"},\"wordCount\":172,\"publisher\":{\"@id\":\"https:\\\/\\\/casadecampoliving.com\\\/es\\\/#organization\"},\"image\":{\"@id\":\"https:\\\/\\\/casadecampoliving.com\\\/es\\\/ley-orden-llega-al-dye-fore\\\/#primaryimage\"},\"thumbnailUrl\":\"https:\\\/\\\/i0.wp.com\\\/casadecampoliving.com\\\/wp-content\\\/uploads\\\/2022\\\/10\\\/10489785_10152640463869273_4851672405542818389_n-1.jpg?fit=960%2C672&ssl=1\",\"keywords\":[\"Dye Fore\",\"Golf\",\"Republica Dominicana\"],\"articleSection\":[\"Casa de Campo Living @es\",\"Deportes\",\"Estilo de Vida\",\"Eventos\",\"Noticias Locales\",\"Proximamente\",\"Rep\u00fablica Dominicana @es\"],\"inLanguage\":\"es\"},{\"@type\":\"WebPage\",\"@id\":\"https:\\\/\\\/casadecampoliving.com\\\/es\\\/ley-orden-llega-al-dye-fore\\\/\",\"url\":\"https:\\\/\\\/casadecampoliving.com\\\/es\\\/ley-orden-llega-al-dye-fore\\\/\",\"name\":\"Ley & Orden llega al Dye Fore | Casa de Campo Living\",\"isPartOf\":{\"@id\":\"https:\\\/\\\/casadecampoliving.com\\\/es\\\/#website\"},\"primaryImageOfPage\":{\"@id\":\"https:\\\/\\\/casadecampoliving.com\\\/es\\\/ley-orden-llega-al-dye-fore\\\/#primaryimage\"},\"image\":{\"@id\":\"https:\\\/\\\/casadecampoliving.com\\\/es\\\/ley-orden-llega-al-dye-fore\\\/#primaryimage\"},\"thumbnailUrl\":\"https:\\\/\\\/i0.wp.com\\\/casadecampoliving.com\\\/wp-content\\\/uploads\\\/2022\\\/10\\\/10489785_10152640463869273_4851672405542818389_n-1.jpg?fit=960%2C672&ssl=1\",\"datePublished\":\"2014-07-31T04:00:00+00:00\",\"dateModified\":\"2022-10-21T22:56:59+00:00\",\"description\":\"Este s\u00e1bado, 2 de agosto, se llevar\u00e1 a cabo el&nbsp;3er torneo anual de golf \u201cLey y Orden\u201d organizado por la Polic\u00eda Nacional Dominicana, el cual ser\u00e1\",\"breadcrumb\":{\"@id\":\"https:\\\/\\\/casadecampoliving.com\\\/es\\\/ley-orden-llega-al-dye-fore\\\/#breadcrumb\"},\"inLanguage\":\"es\",\"potentialAction\":[{\"@type\":\"ReadAction\",\"target\":[\"https:\\\/\\\/casadecampoliving.com\\\/es\\\/ley-orden-llega-al-dye-fore\\\/\"]}]},{\"@type\":\"ImageObject\",\"inLanguage\":\"es\",\"@id\":\"https:\\\/\\\/casadecampoliving.com\\\/es\\\/ley-orden-llega-al-dye-fore\\\/#primaryimage\",\"url\":\"https:\\\/\\\/i0.wp.com\\\/casadecampoliving.com\\\/wp-content\\\/uploads\\\/2022\\\/10\\\/10489785_10152640463869273_4851672405542818389_n-1.jpg?fit=960%2C672&ssl=1\",\"contentUrl\":\"https:\\\/\\\/i0.wp.com\\\/casadecampoliving.com\\\/wp-content\\\/uploads\\\/2022\\\/10\\\/10489785_10152640463869273_4851672405542818389_n-1.jpg?fit=960%2C672&ssl=1\",\"width\":960,\"height\":672},{\"@type\":\"BreadcrumbList\",\"@id\":\"https:\\\/\\\/casadecampoliving.com\\\/es\\\/ley-orden-llega-al-dye-fore\\\/#breadcrumb\",\"itemListElement\":[{\"@type\":\"ListItem\",\"position\":1,\"name\":\"Home\",\"item\":\"https:\\\/\\\/casadecampoliving.com\\\/es\\\/\"},{\"@type\":\"ListItem\",\"position\":2,\"name\":\"Ley &#038; Orden llega al Dye Fore\"}]},{\"@type\":\"WebSite\",\"@id\":\"https:\\\/\\\/casadecampoliving.com\\\/es\\\/#website\",\"url\":\"https:\\\/\\\/casadecampoliving.com\\\/es\\\/\",\"name\":\"Casa de Campo Living\",\"description\":\"Resort community news and resources.\",\"publisher\":{\"@id\":\"https:\\\/\\\/casadecampoliving.com\\\/es\\\/#organization\"},\"potentialAction\":[{\"@type\":\"SearchAction\",\"target\":{\"@type\":\"EntryPoint\",\"urlTemplate\":\"https:\\\/\\\/casadecampoliving.com\\\/es\\\/?s={search_term_string}\"},\"query-input\":{\"@type\":\"PropertyValueSpecification\",\"valueRequired\":true,\"valueName\":\"search_term_string\"}}],\"inLanguage\":\"es\"},{\"@type\":\"Organization\",\"@id\":\"https:\\\/\\\/casadecampoliving.com\\\/es\\\/#organization\",\"name\":\"Casa de Campo Living\",\"url\":\"https:\\\/\\\/casadecampoliving.com\\\/es\\\/\",\"logo\":{\"@type\":\"ImageObject\",\"inLanguage\":\"es\",\"@id\":\"https:\\\/\\\/casadecampoliving.com\\\/es\\\/#\\\/schema\\\/logo\\\/image\\\/\",\"url\":\"https:\\\/\\\/i0.wp.com\\\/casadecampoliving.com\\\/wp-content\\\/uploads\\\/2022\\\/07\\\/CDCLivingLogo_V1-white-sized.png?fit=800%2C214&ssl=1\",\"contentUrl\":\"https:\\\/\\\/i0.wp.com\\\/casadecampoliving.com\\\/wp-content\\\/uploads\\\/2022\\\/07\\\/CDCLivingLogo_V1-white-sized.png?fit=800%2C214&ssl=1\",\"width\":800,\"height\":214,\"caption\":\"Casa de Campo Living\"},\"image\":{\"@id\":\"https:\\\/\\\/casadecampoliving.com\\\/es\\\/#\\\/schema\\\/logo\\\/image\\\/\"},\"sameAs\":[\"https:\\\/\\\/www.facebook.com\\\/casadecampoliving\",\"https:\\\/\\\/x.com\\\/cdcliving\"]},{\"@type\":\"Person\",\"@id\":\"https:\\\/\\\/casadecampoliving.com\\\/es\\\/#\\\/schema\\\/person\\\/20e49d1b22266dc2b8f020b38201bd4e\",\"name\":\"Daniela Medina\",\"image\":{\"@type\":\"ImageObject\",\"inLanguage\":\"es\",\"@id\":\"https:\\\/\\\/secure.gravatar.com\\\/avatar\\\/65aa8415724474307d634c8364a0bd8ee551c4f0f01f2ffcc53e5a9856cb7369?s=96&d=mm&r=g\",\"url\":\"https:\\\/\\\/secure.gravatar.com\\\/avatar\\\/65aa8415724474307d634c8364a0bd8ee551c4f0f01f2ffcc53e5a9856cb7369?s=96&d=mm&r=g\",\"contentUrl\":\"https:\\\/\\\/secure.gravatar.com\\\/avatar\\\/65aa8415724474307d634c8364a0bd8ee551c4f0f01f2ffcc53e5a9856cb7369?s=96&d=mm&r=g\",\"caption\":\"Daniela Medina\"},\"url\":\"https:\\\/\\\/casadecampoliving.com\\\/es\\\/author\\\/dmedina\\\/\"}]}<\/script>\n<!-- \/ Yoast SEO plugin. -->","yoast_head_json":{"title":"Ley & Orden llega al Dye Fore | Casa de Campo Living","description":"Este s\u00e1bado, 2 de agosto, se llevar\u00e1 a cabo el&nbsp;3er torneo anual de golf \u201cLey y Orden\u201d organizado por la Polic\u00eda Nacional Dominicana, el cual ser\u00e1","robots":{"index":"index","follow":"follow","max-snippet":"max-snippet:-1","max-image-preview":"max-image-preview:large","max-video-preview":"max-video-preview:-1"},"canonical":"https:\/\/casadecampoliving.com\/es\/ley-orden-llega-al-dye-fore\/","og_locale":"es_ES","og_type":"article","og_title":"Ley & Orden llega al Dye Fore | Casa de Campo Living","og_description":"Este s\u00e1bado, 2 de agosto, se llevar\u00e1 a cabo el&nbsp;3er torneo anual de golf \u201cLey y Orden\u201d organizado por la Polic\u00eda Nacional Dominicana, el cual ser\u00e1","og_url":"https:\/\/casadecampoliving.com\/es\/ley-orden-llega-al-dye-fore\/","og_site_name":"Casa de Campo Living","article_publisher":"https:\/\/www.facebook.com\/casadecampoliving","article_published_time":"2014-07-31T04:00:00+00:00","article_modified_time":"2022-10-21T22:56:59+00:00","og_image":[{"width":960,"height":672,"url":"https:\/\/i0.wp.com\/casadecampoliving.com\/wp-content\/uploads\/2022\/10\/10489785_10152640463869273_4851672405542818389_n-1.jpg?fit=960%2C672&ssl=1","type":"image\/jpeg"}],"author":"Daniela Medina","twitter_card":"summary_large_image","twitter_creator":"@cdcliving","twitter_site":"@cdcliving","twitter_misc":{"Escrito por":"Daniela Medina","Tiempo de lectura":"1 minuto"},"schema":{"@context":"https:\/\/schema.org","@graph":[{"@type":"Article","@id":"https:\/\/casadecampoliving.com\/es\/ley-orden-llega-al-dye-fore\/#article","isPartOf":{"@id":"https:\/\/casadecampoliving.com\/es\/ley-orden-llega-al-dye-fore\/"},"author":{"name":"Daniela Medina","@id":"https:\/\/casadecampoliving.com\/es\/#\/schema\/person\/20e49d1b22266dc2b8f020b38201bd4e"},"headline":"Ley &#038; Orden llega al Dye Fore","datePublished":"2014-07-31T04:00:00+00:00","dateModified":"2022-10-21T22:56:59+00:00","mainEntityOfPage":{"@id":"https:\/\/casadecampoliving.com\/es\/ley-orden-llega-al-dye-fore\/"},"wordCount":172,"publisher":{"@id":"https:\/\/casadecampoliving.com\/es\/#organization"},"image":{"@id":"https:\/\/casadecampoliving.com\/es\/ley-orden-llega-al-dye-fore\/#primaryimage"},"thumbnailUrl":"https:\/\/i0.wp.com\/casadecampoliving.com\/wp-content\/uploads\/2022\/10\/10489785_10152640463869273_4851672405542818389_n-1.jpg?fit=960%2C672&ssl=1","keywords":["Dye Fore","Golf","Republica Dominicana"],"articleSection":["Casa de Campo Living @es","Deportes","Estilo de Vida","Eventos","Noticias Locales","Proximamente","Rep\u00fablica Dominicana @es"],"inLanguage":"es"},{"@type":"WebPage","@id":"https:\/\/casadecampoliving.com\/es\/ley-orden-llega-al-dye-fore\/","url":"https:\/\/casadecampoliving.com\/es\/ley-orden-llega-al-dye-fore\/","name":"Ley & Orden llega al Dye Fore | Casa de Campo Living","isPartOf":{"@id":"https:\/\/casadecampoliving.com\/es\/#website"},"primaryImageOfPage":{"@id":"https:\/\/casadecampoliving.com\/es\/ley-orden-llega-al-dye-fore\/#primaryimage"},"image":{"@id":"https:\/\/casadecampoliving.com\/es\/ley-orden-llega-al-dye-fore\/#primaryimage"},"thumbnailUrl":"https:\/\/i0.wp.com\/casadecampoliving.com\/wp-content\/uploads\/2022\/10\/10489785_10152640463869273_4851672405542818389_n-1.jpg?fit=960%2C672&ssl=1","datePublished":"2014-07-31T04:00:00+00:00","dateModified":"2022-10-21T22:56:59+00:00","description":"Este s\u00e1bado, 2 de agosto, se llevar\u00e1 a cabo el&nbsp;3er torneo anual de golf \u201cLey y Orden\u201d organizado por la Polic\u00eda Nacional Dominicana, el cual ser\u00e1","breadcrumb":{"@id":"https:\/\/casadecampoliving.com\/es\/ley-orden-llega-al-dye-fore\/#breadcrumb"},"inLanguage":"es","potentialAction":[{"@type":"ReadAction","target":["https:\/\/casadecampoliving.com\/es\/ley-orden-llega-al-dye-fore\/"]}]},{"@type":"ImageObject","inLanguage":"es","@id":"https:\/\/casadecampoliving.com\/es\/ley-orden-llega-al-dye-fore\/#primaryimage","url":"https:\/\/i0.wp.com\/casadecampoliving.com\/wp-content\/uploads\/2022\/10\/10489785_10152640463869273_4851672405542818389_n-1.jpg?fit=960%2C672&ssl=1","contentUrl":"https:\/\/i0.wp.com\/casadecampoliving.com\/wp-content\/uploads\/2022\/10\/10489785_10152640463869273_4851672405542818389_n-1.jpg?fit=960%2C672&ssl=1","width":960,"height":672},{"@type":"BreadcrumbList","@id":"https:\/\/casadecampoliving.com\/es\/ley-orden-llega-al-dye-fore\/#breadcrumb","itemListElement":[{"@type":"ListItem","position":1,"name":"Home","item":"https:\/\/casadecampoliving.com\/es\/"},{"@type":"ListItem","position":2,"name":"Ley &#038; Orden llega al Dye Fore"}]},{"@type":"WebSite","@id":"https:\/\/casadecampoliving.com\/es\/#website","url":"https:\/\/casadecampoliving.com\/es\/","name":"Casa de Campo Living","description":"Resort community news and resources.","publisher":{"@id":"https:\/\/casadecampoliving.com\/es\/#organization"},"potentialAction":[{"@type":"SearchAction","target":{"@type":"EntryPoint","urlTemplate":"https:\/\/casadecampoliving.com\/es\/?s={search_term_string}"},"query-input":{"@type":"PropertyValueSpecification","valueRequired":true,"valueName":"search_term_string"}}],"inLanguage":"es"},{"@type":"Organization","@id":"https:\/\/casadecampoliving.com\/es\/#organization","name":"Casa de Campo Living","url":"https:\/\/casadecampoliving.com\/es\/","logo":{"@type":"ImageObject","inLanguage":"es","@id":"https:\/\/casadecampoliving.com\/es\/#\/schema\/logo\/image\/","url":"https:\/\/i0.wp.com\/casadecampoliving.com\/wp-content\/uploads\/2022\/07\/CDCLivingLogo_V1-white-sized.png?fit=800%2C214&ssl=1","contentUrl":"https:\/\/i0.wp.com\/casadecampoliving.com\/wp-content\/uploads\/2022\/07\/CDCLivingLogo_V1-white-sized.png?fit=800%2C214&ssl=1","width":800,"height":214,"caption":"Casa de Campo Living"},"image":{"@id":"https:\/\/casadecampoliving.com\/es\/#\/schema\/logo\/image\/"},"sameAs":["https:\/\/www.facebook.com\/casadecampoliving","https:\/\/x.com\/cdcliving"]},{"@type":"Person","@id":"https:\/\/casadecampoliving.com\/es\/#\/schema\/person\/20e49d1b22266dc2b8f020b38201bd4e","name":"Daniela Medina","image":{"@type":"ImageObject","inLanguage":"es","@id":"https:\/\/secure.gravatar.com\/avatar\/65aa8415724474307d634c8364a0bd8ee551c4f0f01f2ffcc53e5a9856cb7369?s=96&d=mm&r=g","url":"https:\/\/secure.gravatar.com\/avatar\/65aa8415724474307d634c8364a0bd8ee551c4f0f01f2ffcc53e5a9856cb7369?s=96&d=mm&r=g","contentUrl":"https:\/\/secure.gravatar.com\/avatar\/65aa8415724474307d634c8364a0bd8ee551c4f0f01f2ffcc53e5a9856cb7369?s=96&d=mm&r=g","caption":"Daniela Medina"},"url":"https:\/\/casadecampoliving.com\/es\/author\/dmedina\/"}]}},"parsely":{"version":"1.1.0","canonical_url":"https:\/\/casadecampoliving.com\/es\/ley-orden-llega-al-dye-fore\/","smart_links":{"inbound":0,"outbound":0},"traffic_boost_suggestions_count":0,"meta":{"@context":"https:\/\/schema.org","@type":"NewsArticle","headline":"Ley &#038; Orden llega al Dye Fore","url":"http:\/\/casadecampoliving.com\/es\/ley-orden-llega-al-dye-fore\/","mainEntityOfPage":{"@type":"WebPage","@id":"http:\/\/casadecampoliving.com\/es\/ley-orden-llega-al-dye-fore\/"},"thumbnailUrl":"https:\/\/i0.wp.com\/casadecampoliving.com\/wp-content\/uploads\/2022\/10\/10489785_10152640463869273_4851672405542818389_n-1.jpg?resize=150%2C150&ssl=1","image":{"@type":"ImageObject","url":"https:\/\/i0.wp.com\/casadecampoliving.com\/wp-content\/uploads\/2022\/10\/10489785_10152640463869273_4851672405542818389_n-1.jpg?fit=960%2C672&ssl=1"},"articleSection":"Casa de Campo Living @es","author":[{"@type":"Person","name":"Daniela Medina"}],"creator":["Daniela Medina"],"publisher":{"@type":"Organization","name":"Casa de Campo Living","logo":"https:\/\/casadecampoliving.com\/wp-content\/uploads\/2022\/07\/CDCLivingLogo_V1-white-sized.png"},"keywords":["dye fore","golf","republica dominicana"],"dateCreated":"2014-07-31T04:00:00Z","datePublished":"2014-07-31T04:00:00Z","dateModified":"2022-10-21T22:56:59Z"},"rendered":"<script type=\"application\/ld+json\" class=\"wp-parsely-metadata\">{\"@context\":\"https:\\\/\\\/schema.org\",\"@type\":\"NewsArticle\",\"headline\":\"Ley &#038; Orden llega al Dye Fore\",\"url\":\"http:\\\/\\\/casadecampoliving.com\\\/es\\\/ley-orden-llega-al-dye-fore\\\/\",\"mainEntityOfPage\":{\"@type\":\"WebPage\",\"@id\":\"http:\\\/\\\/casadecampoliving.com\\\/es\\\/ley-orden-llega-al-dye-fore\\\/\"},\"thumbnailUrl\":\"https:\\\/\\\/i0.wp.com\\\/casadecampoliving.com\\\/wp-content\\\/uploads\\\/2022\\\/10\\\/10489785_10152640463869273_4851672405542818389_n-1.jpg?resize=150%2C150&ssl=1\",\"image\":{\"@type\":\"ImageObject\",\"url\":\"https:\\\/\\\/i0.wp.com\\\/casadecampoliving.com\\\/wp-content\\\/uploads\\\/2022\\\/10\\\/10489785_10152640463869273_4851672405542818389_n-1.jpg?fit=960%2C672&ssl=1\"},\"articleSection\":\"Casa de Campo Living @es\",\"author\":[{\"@type\":\"Person\",\"name\":\"Daniela Medina\"}],\"creator\":[\"Daniela Medina\"],\"publisher\":{\"@type\":\"Organization\",\"name\":\"Casa de Campo Living\",\"logo\":\"https:\\\/\\\/casadecampoliving.com\\\/wp-content\\\/uploads\\\/2022\\\/07\\\/CDCLivingLogo_V1-white-sized.png\"},\"keywords\":[\"dye fore\",\"golf\",\"republica dominicana\"],\"dateCreated\":\"2014-07-31T04:00:00Z\",\"datePublished\":\"2014-07-31T04:00:00Z\",\"dateModified\":\"2022-10-21T22:56:59Z\"}<\/script>","tracker_url":"https:\/\/cdn.parsely.com\/keys\/casadecampoliving.com\/p.js"},"jetpack_publicize_connections":[],"jetpack_featured_media_url":"https:\/\/i0.wp.com\/casadecampoliving.com\/wp-content\/uploads\/2022\/10\/10489785_10152640463869273_4851672405542818389_n-1.jpg?fit=960%2C672&ssl=1","jetpack-related-posts":[{"id":345139,"url":"https:\/\/casadecampoliving.com\/es\/ley-orden-en-el-dye-fore\/","url_meta":{"origin":345005,"position":0},"title":"Ley &#038; Orden en el Dye Fore","author":"Daniela Medina","date":"20 Ago, 2014","format":false,"excerpt":"A principios de este mes, el s\u00e1bado 2 de agosto, la tercera edici\u00f3n del torneo de golf \"Ley y Orden\", organizado por la Polic\u00eda Nacional Dominicana, se celebr\u00f3 en el prestigioso campo de golf, Dye Fore en Casa de Campo. El torneo fue organizado por la Asociaci\u00f3n de Esposas de\u2026","rel":"","context":"En \u00abCasa de Campo Living @es\u00bb","block_context":{"text":"Casa de Campo Living @es","link":"https:\/\/casadecampoliving.com\/category\/casa-de-campo-living-es\/"},"img":{"alt_text":"","src":"https:\/\/i0.wp.com\/casadecampoliving.com\/wp-content\/uploads\/2022\/10\/Policia-Nacional-golf-tournament-1.jpg?fit=800%2C534&ssl=1&resize=350%2C200","width":350,"height":200,"srcset":"https:\/\/i0.wp.com\/casadecampoliving.com\/wp-content\/uploads\/2022\/10\/Policia-Nacional-golf-tournament-1.jpg?fit=800%2C534&ssl=1&resize=350%2C200 1x, https:\/\/i0.wp.com\/casadecampoliving.com\/wp-content\/uploads\/2022\/10\/Policia-Nacional-golf-tournament-1.jpg?fit=800%2C534&ssl=1&resize=525%2C300 1.5x, https:\/\/i0.wp.com\/casadecampoliving.com\/wp-content\/uploads\/2022\/10\/Policia-Nacional-golf-tournament-1.jpg?fit=800%2C534&ssl=1&resize=700%2C400 2x"},"classes":[]},{"id":344549,"url":"https:\/\/casadecampoliving.com\/es\/iv-torneo-de-golf-170-aniversario-armada-de-republica-dominicana-en-el-dye-fore\/","url_meta":{"origin":345005,"position":1},"title":"IV Torneo de Golf \u00ab170 aniversario\u00bb Armada de Rep\u00fablica Dominicana en el Dye Fore","author":"Perkin Agramonte","date":"9 Jun, 2014","format":false,"excerpt":"Definitivamente, cuando se habla de golf, la opci\u00f3n n\u00famero uno es siempre Casa de Campo, cumbre de \u201cThe Sporting Life\u2026 y aqu\u00ed tienen una evidencia. El s\u00e1bado 21 de junio, la Armada de Rep\u00fablica Dominicana estar\u00e1 en el prestigioso campo de golf Dye Fore en Casa de Campo organizando la\u2026","rel":"","context":"En \u00abCasa de Campo Living @es\u00bb","block_context":{"text":"Casa de Campo Living @es","link":"https:\/\/casadecampoliving.com\/category\/casa-de-campo-living-es\/"},"img":{"alt_text":"Armada Republica Dominicana Golf","src":"https:\/\/i0.wp.com\/casadecampoliving.com\/wp-content\/uploads\/2022\/10\/armada_republica_dominicana_golf-1.jpg?fit=650%2C465&ssl=1&resize=350%2C200","width":350,"height":200,"srcset":"https:\/\/i0.wp.com\/casadecampoliving.com\/wp-content\/uploads\/2022\/10\/armada_republica_dominicana_golf-1.jpg?fit=650%2C465&ssl=1&resize=350%2C200 1x, https:\/\/i0.wp.com\/casadecampoliving.com\/wp-content\/uploads\/2022\/10\/armada_republica_dominicana_golf-1.jpg?fit=650%2C465&ssl=1&resize=525%2C300 1.5x"},"classes":[]},{"id":324037,"url":"https:\/\/casadecampoliving.com\/law-order-coming-dye-fore\/","url_meta":{"origin":345005,"position":2},"title":"Law &#038; Order coming to the Dye Fore","author":"Rebecca Silvestri","date":"31 Jul, 2014","format":false,"excerpt":"This Saturday August the 2nd, the 3rd annual golf tournament \u201cLey y Orden\u201d (Law & Order) hosted by the Dominican National Police (Polic\u00eda Nacional) will be played on the Dye Fore. Similar to the Armada de la Rep\u00fablica Dominicana golf tournament hosted by the Dominican Navy, also played on the\u2026","rel":"","context":"En \u00abDominican Republic\u00bb","block_context":{"text":"Dominican Republic","link":"https:\/\/casadecampoliving.com\/category\/dominican-republic\/"},"img":{"alt_text":"","src":"https:\/\/i0.wp.com\/casadecampoliving.com\/wp-content\/uploads\/2022\/10\/10489785_10152640463869273_4851672405542818389_n-1.jpg?fit=960%2C672&ssl=1&resize=350%2C200","width":350,"height":200,"srcset":"https:\/\/i0.wp.com\/casadecampoliving.com\/wp-content\/uploads\/2022\/10\/10489785_10152640463869273_4851672405542818389_n-1.jpg?fit=960%2C672&ssl=1&resize=350%2C200 1x, https:\/\/i0.wp.com\/casadecampoliving.com\/wp-content\/uploads\/2022\/10\/10489785_10152640463869273_4851672405542818389_n-1.jpg?fit=960%2C672&ssl=1&resize=525%2C300 1.5x, https:\/\/i0.wp.com\/casadecampoliving.com\/wp-content\/uploads\/2022\/10\/10489785_10152640463869273_4851672405542818389_n-1.jpg?fit=960%2C672&ssl=1&resize=700%2C400 2x"},"classes":[]},{"id":344780,"url":"https:\/\/casadecampoliving.com\/es\/armada\/","url_meta":{"origin":345005,"position":3},"title":"4to Torneo de Golf Armada de Rep\u00fablica Dominicana jugado en el Dye Fore","author":"Perkin Agramonte","date":"7 Jul, 2014","format":false,"excerpt":"La cuarta edici\u00f3n del torneo de golf Armada de la Rep\u00fablica Dominicana fue todo un \u00e9xito. El evento fue llevado a cabo el s\u00e1bado 21 de junio en el prestigioso campo de golf, Dye Fore en Casa de Campo y fue organizado por la Asociaci\u00f3n de Esposas de Oficiales, apoyado\u2026","rel":"","context":"En \u00abCasa de Campo Living @es\u00bb","block_context":{"text":"Casa de Campo Living @es","link":"https:\/\/casadecampoliving.com\/category\/casa-de-campo-living-es\/"},"img":{"alt_text":"dye fore casa de campo","src":"https:\/\/i0.wp.com\/casadecampoliving.com\/wp-content\/uploads\/2022\/10\/torneo_de_golf_63-1.jpg?fit=800%2C531&ssl=1&resize=350%2C200","width":350,"height":200,"srcset":"https:\/\/i0.wp.com\/casadecampoliving.com\/wp-content\/uploads\/2022\/10\/torneo_de_golf_63-1.jpg?fit=800%2C531&ssl=1&resize=350%2C200 1x, https:\/\/i0.wp.com\/casadecampoliving.com\/wp-content\/uploads\/2022\/10\/torneo_de_golf_63-1.jpg?fit=800%2C531&ssl=1&resize=525%2C300 1.5x, https:\/\/i0.wp.com\/casadecampoliving.com\/wp-content\/uploads\/2022\/10\/torneo_de_golf_63-1.jpg?fit=800%2C531&ssl=1&resize=700%2C400 2x"},"classes":[]},{"id":347309,"url":"https:\/\/casadecampoliving.com\/es\/campeonatos-nacionales-de-golf-empiezan-en-el-dye-fore\/","url_meta":{"origin":345005,"position":4},"title":"Campeonatos Nacionales de Golf empiezan en el Dye Fore","author":"Perkin Agramonte","date":"30 Abr, 2015","format":false,"excerpt":"A partir de ma\u00f1ana viernes 1\u00ba de mayo hasta el lunes 4 de mayo, se llevar\u00e1 a cabo en el campo de golf Dye Fore, la 48\u00ba edici\u00f3n anual de los\u00a0Campeonatos Nacionales de Golf organizado por la Federaci\u00f3n Dominicana de golf. M\u00e1s de 110 golfistas participar\u00e1n en este torneo que\u2026","rel":"","context":"En \u00abAltos de Chavon @es\u00bb","block_context":{"text":"Altos de Chavon @es","link":"https:\/\/casadecampoliving.com\/category\/altos-de-chavon-es\/"},"img":{"alt_text":"Campo de Golf Dye Fore","src":"https:\/\/i0.wp.com\/casadecampoliving.com\/wp-content\/uploads\/2022\/10\/Foto-1-Campo-de-Golf-Dye-Fore-1.jpg?fit=730%2C360&ssl=1&resize=350%2C200","width":350,"height":200,"srcset":"https:\/\/i0.wp.com\/casadecampoliving.com\/wp-content\/uploads\/2022\/10\/Foto-1-Campo-de-Golf-Dye-Fore-1.jpg?fit=730%2C360&ssl=1&resize=350%2C200 1x, https:\/\/i0.wp.com\/casadecampoliving.com\/wp-content\/uploads\/2022\/10\/Foto-1-Campo-de-Golf-Dye-Fore-1.jpg?fit=730%2C360&ssl=1&resize=525%2C300 1.5x, https:\/\/i0.wp.com\/casadecampoliving.com\/wp-content\/uploads\/2022\/10\/Foto-1-Campo-de-Golf-Dye-Fore-1.jpg?fit=730%2C360&ssl=1&resize=700%2C400 2x"},"classes":[]},{"id":345374,"url":"https:\/\/casadecampoliving.com\/es\/recuerde-el-3er-torneo-de-golf-anual-de-la-romana-bayahibe\/","url_meta":{"origin":345005,"position":5},"title":"\u00a1Recuerde! El 3er Torneo de Golf anual La Romana &#8211; Bayahibe","author":"Daniela Medina","date":"17 Sep, 2014","format":false,"excerpt":"Solo un recordatorio r\u00e1pido para todos los golfistas en el \u00e1rea de La Romana \u2013 Bayahibe, \u00a1el 3er Torneo de Golf La Romana \u2013 Bayahibe viene pronto y les invitamos a participar en este evento el cual ser\u00e1 una oportunidad \u00fanica! Organizado por la Asociaci\u00f3n de Hoteles de La Romana\u2026","rel":"","context":"En \u00abCasa de Campo Living @es\u00bb","block_context":{"text":"Casa de Campo Living @es","link":"https:\/\/casadecampoliving.com\/category\/casa-de-campo-living-es\/"},"img":{"alt_text":"dye fore golf","src":"https:\/\/i0.wp.com\/casadecampoliving.com\/wp-content\/uploads\/2022\/10\/dye_fore_golf-1.jpg?fit=650%2C488&ssl=1&resize=350%2C200","width":350,"height":200,"srcset":"https:\/\/i0.wp.com\/casadecampoliving.com\/wp-content\/uploads\/2022\/10\/dye_fore_golf-1.jpg?fit=650%2C488&ssl=1&resize=350%2C200 1x, https:\/\/i0.wp.com\/casadecampoliving.com\/wp-content\/uploads\/2022\/10\/dye_fore_golf-1.jpg?fit=650%2C488&ssl=1&resize=525%2C300 1.5x"},"classes":[]}],"jetpack_sharing_enabled":true,"_links":{"self":[{"href":"https:\/\/casadecampoliving.com\/es\/wp-json\/wp\/v2\/posts\/345005","targetHints":{"allow":["GET"]}}],"collection":[{"href":"https:\/\/casadecampoliving.com\/es\/wp-json\/wp\/v2\/posts"}],"about":[{"href":"https:\/\/casadecampoliving.com\/es\/wp-json\/wp\/v2\/types\/post"}],"author":[{"embeddable":true,"href":"https:\/\/casadecampoliving.com\/es\/wp-json\/wp\/v2\/users\/23245"}],"replies":[{"embeddable":true,"href":"https:\/\/casadecampoliving.com\/es\/wp-json\/wp\/v2\/comments?post=345005"}],"version-history":[{"count":1,"href":"https:\/\/casadecampoliving.com\/es\/wp-json\/wp\/v2\/posts\/345005\/revisions"}],"predecessor-version":[{"id":345006,"href":"https:\/\/casadecampoliving.com\/es\/wp-json\/wp\/v2\/posts\/345005\/revisions\/345006"}],"wp:featuredmedia":[{"embeddable":true,"href":"https:\/\/casadecampoliving.com\/es\/wp-json\/wp\/v2\/media\/270281"}],"wp:attachment":[{"href":"https:\/\/casadecampoliving.com\/es\/wp-json\/wp\/v2\/media?parent=345005"}],"wp:term":[{"taxonomy":"category","embeddable":true,"href":"https:\/\/casadecampoliving.com\/es\/wp-json\/wp\/v2\/categories?post=345005"},{"taxonomy":"post_tag","embeddable":true,"href":"https:\/\/casadecampoliving.com\/es\/wp-json\/wp\/v2\/tags?post=345005"},{"taxonomy":"newspack_spnsrs_tax","embeddable":true,"href":"https:\/\/casadecampoliving.com\/es\/wp-json\/wp\/v2\/newspack_spnsrs_tax?post=345005"}],"curies":[{"name":"wp","href":"https:\/\/api.w.org\/{rel}","templated":true}]}}