{"id":344982,"date":"2014-07-28T00:00:00","date_gmt":"2014-07-28T04:00:00","guid":{"rendered":"https:\/\/casadecampoliving.com\/aldea-cultural-santa-rosa-de-lima-2\/"},"modified":"2022-10-21T18:55:40","modified_gmt":"2022-10-21T22:55:40","slug":"aldea-cultural-santa-rosa-de-lima-2","status":"publish","type":"post","link":"https:\/\/casadecampoliving.com\/es\/aldea-cultural-santa-rosa-de-lima-2\/","title":{"rendered":"Concierto Inaugural de la Aldea Cultural Santa Rosa de Lima"},"content":{"rendered":"<div class=\"wp-block-image\">\n<figure class=\"aligncenter is-resized\"><img loading=\"lazy\" decoding=\"async\" src=\"https:\/\/i0.wp.com\/casadecampoliving.com\/wp-content\/uploads\/2022\/10\/Aldea_Cultural_Santa_Rosa_de_Lima-1024x379-3.jpg?resize=650%2C241&amp;ssl=1\" alt=\"Aldea Cultural Santa Rosa de Lima\" class=\"wp-image-94593\" height=\"241\" width=\"650\"\/><\/figure>\n<\/div>\n\n\n<p>La semana pasada les trajimos la emocionante&nbsp;noticia de la inminente apertura&nbsp;de la Aldea Cultural Santa Rosa de Lima, una nueva aldea cultural en el coraz\u00f3n de La Romana. Hoy les traemos noticias del concierto y exhibici\u00f3n de apertura, a los cuales todos estan cordialmente invitados a compartir en esta celebracion!<\/p>\n\n\n\n<!--more-->\n\n\n\n<p>Siguiendo la ceremonia de apertura oficial, el concierto de inauguraci\u00f3n, abierto a todo p\u00fablico, tomar\u00e1 lugar desde las 7pm este mi\u00e9rcoles, 30 de julio, donde el coro del Ministerio de Cultura Dominicano llamado, <em><strong>Grupo Koribe<\/strong>&nbsp;<\/em>y el&nbsp;<em><strong>Ballet&nbsp;Folkl\u00f3rico&nbsp;Rene<\/strong>&nbsp;<strong>Carrasco<\/strong><\/em>&nbsp;estar\u00e1n realizando sus actos para el entretenimiento de todos. Aparte del concierto, habr\u00e1 variedades de exhibiciones, tales como la&nbsp;Historia Gr\u00e1fica del Pueblo de La Romana, Fotograf\u00edas de los Graffiti de la C\u00e1rcel de La Romana y una exhibici\u00f3n por los artesanos de La Romana.<\/p>\n\n\n\n<p>Dentro de la Aldea Cultural Santa Rosa de Lima, turistas y visitantes encontraran una celebracion de la cultura dominicana; tiendas y talleres donde talentosos artesanos manufacturan y venden sus productos. Tambi\u00e9n habr\u00e1 un anfiteatro al aire libre para producciones teatrales y musicales, as\u00ed como una escuela, la Casa de la Cultura, siendo reubicada de su localizaci\u00f3n en la intersecci\u00f3n Francisco Richiez y Calle Duarte en La Romana. La Casa de la Cultura le ofrece a los j\u00f3venes del \u00e1rea de La Romana la oportunidad de disfrutar una variedad de metas culturales, tales como la m\u00fasica y el arte.<\/p>\n\n\n\n<p>Jenny Polanco explicaba que <strong><em>\u201clas tiendas&nbsp;ser\u00edan&nbsp;una de las maneras de generar ganancias, para contribuir hacia la&nbsp;autosostenibilidad del proyecto, mientras que tambi\u00e9n se promociona las artesan\u00edas producidas en los talleres de la Aldea Cultural Santa Rosa de Lima\u201d.<\/em><\/strong><\/p>\n\n\n\n<p>Se espera que turistas de toda la Republica Dominicana visiten la nueva aldea cultural una vez abierta, pero ser\u00e1 especialmente popular entre los turistas que llegan en cruceros al puerto de La Romana, quienes podr\u00e1n llegar ah\u00ed desde su barco.<\/p>\n\n\n\n<blockquote class=\"wp-block-quote is-layout-flow wp-block-quote-is-layout-flow\"><p><strong>Aldea Cultural Santa Rosa de Lima \u2013 concierto inagural<\/strong><\/p><p><strong>Fecha:<\/strong>&nbsp;miercoles, 30 de Julio, 7 pm<\/p><p><strong>Lugar:<\/strong>&nbsp;La antigua \u201cFortaleza Santa Rosa de Lima\u201d (en las orillas del R\u00edo Salao,&nbsp;La Romana)<\/p><p><strong>Costo:<\/strong>&nbsp;\u00a1Gratis!<\/p><\/blockquote>\n","protected":false},"excerpt":{"rendered":"<p>La semana pasada les trajimos la emocionante&nbsp;noticia de la inminente apertura&nbsp;de la Aldea Cultural Santa Rosa de Lima, una nueva aldea cultural en el coraz\u00f3n de La Romana. Hoy les traemos noticias del concierto y exhibici\u00f3n de apertura, a los cuales todos estan cordialmente invitados a compartir en esta celebracion!<\/p>\n","protected":false},"author":23245,"featured_media":269101,"comment_status":"closed","ping_status":"closed","sticky":false,"template":"","format":"standard","meta":{"newspack_ads_suppress_ads":false,"newspack_popups_has_disabled_popups":false,"newspack_sponsor_sponsorship_scope":"","newspack_sponsor_native_byline_display":"inherit","newspack_sponsor_native_category_display":"inherit","newspack_sponsor_underwriter_style":"inherit","newspack_sponsor_underwriter_placement":"inherit","_newspack_byline_active":false,"_newspack_byline":"","newspack_hide_updated_date":false,"newspack_show_updated_date":false,"newspack_content_restriction_is_exempt":false,"newspack_featured_image_position":"","newspack_post_subtitle":"","newspack_article_summary_title":"Overview:","newspack_article_summary":"","_jetpack_memberships_contains_paid_content":false,"footnotes":"","jetpack_publicize_message":"","jetpack_publicize_feature_enabled":true,"jetpack_social_post_already_shared":false,"jetpack_social_options":{"image_generator_settings":{"template":"highway","default_image_id":0,"font":"","enabled":false},"version":2},"_wpas_customize_per_network":false},"categories":[26823,26936,14631,2522,2507,2506,14625,14627,2521],"tags":[9918,9906,2536,3334,9917,18932,14777],"newspack_spnsrs_tax":[],"class_list":["post-344982","post","type-post","status-publish","format-standard","has-post-thumbnail","hentry","category-arte-y-cultura","category-casa-de-campo-living-es","category-estilo-de-vida","category-eventos-es","category-la-romana-es","category-mas-alla-de-casa-es","category-noticias-locales","category-proximamente","category-republica-dominicana-2","tag-actividad","tag-aldea-cultural-santa-rosa-de-lima","tag-arte","tag-cultura","tag-evento","tag-la-romana-es-4","tag-republica-dominicana-es-18","entry"],"yoast_head":"<!-- This site is optimized with the Yoast SEO plugin v27.4 - https:\/\/yoast.com\/product\/yoast-seo-wordpress\/ -->\n<title>Concierto Inaugural de la Aldea Cultural Santa Rosa de Lima | Casa de Campo Living<\/title>\n<meta name=\"description\" content=\"La semana pasada les trajimos la emocionante&nbsp;noticia de la inminente apertura&nbsp;de la Aldea Cultural Santa Rosa de Lima, una nueva aldea cultural\" \/>\n<meta name=\"robots\" content=\"index, follow, max-snippet:-1, max-image-preview:large, max-video-preview:-1\" \/>\n<link rel=\"canonical\" href=\"https:\/\/casadecampoliving.com\/es\/aldea-cultural-santa-rosa-de-lima-2\/\" \/>\n<meta property=\"og:locale\" content=\"es_ES\" \/>\n<meta property=\"og:type\" content=\"article\" \/>\n<meta property=\"og:title\" content=\"Concierto Inaugural de la Aldea Cultural Santa Rosa de Lima | Casa de Campo Living\" \/>\n<meta property=\"og:description\" content=\"La semana pasada les trajimos la emocionante&nbsp;noticia de la inminente apertura&nbsp;de la Aldea Cultural Santa Rosa de Lima, una nueva aldea cultural\" \/>\n<meta property=\"og:url\" content=\"https:\/\/casadecampoliving.com\/es\/aldea-cultural-santa-rosa-de-lima-2\/\" \/>\n<meta property=\"og:site_name\" content=\"Casa de Campo Living\" \/>\n<meta property=\"article:publisher\" content=\"https:\/\/www.facebook.com\/casadecampoliving\" \/>\n<meta property=\"article:published_time\" content=\"2014-07-28T04:00:00+00:00\" \/>\n<meta property=\"article:modified_time\" content=\"2022-10-21T22:55:40+00:00\" \/>\n<meta property=\"og:image\" content=\"https:\/\/i0.wp.com\/casadecampoliving.com\/wp-content\/uploads\/2022\/10\/Aldea_Cultural_Santa_Rosa_de_Lima-1.jpg?fit=2364%2C875&ssl=1\" \/>\n\t<meta property=\"og:image:width\" content=\"2364\" \/>\n\t<meta property=\"og:image:height\" content=\"875\" \/>\n\t<meta property=\"og:image:type\" content=\"image\/jpeg\" \/>\n<meta name=\"author\" content=\"Daniela Medina\" \/>\n<meta name=\"twitter:card\" content=\"summary_large_image\" \/>\n<meta name=\"twitter:creator\" content=\"@cdcliving\" \/>\n<meta name=\"twitter:site\" content=\"@cdcliving\" \/>\n<meta name=\"twitter:label1\" content=\"Escrito por\" \/>\n\t<meta name=\"twitter:data1\" content=\"Daniela Medina\" \/>\n\t<meta name=\"twitter:label2\" content=\"Tiempo de lectura\" \/>\n\t<meta name=\"twitter:data2\" content=\"2 minutos\" \/>\n<script type=\"application\/ld+json\" class=\"yoast-schema-graph\">{\"@context\":\"https:\\\/\\\/schema.org\",\"@graph\":[{\"@type\":\"Article\",\"@id\":\"https:\\\/\\\/casadecampoliving.com\\\/es\\\/aldea-cultural-santa-rosa-de-lima-2\\\/#article\",\"isPartOf\":{\"@id\":\"https:\\\/\\\/casadecampoliving.com\\\/es\\\/aldea-cultural-santa-rosa-de-lima-2\\\/\"},\"author\":{\"name\":\"Daniela Medina\",\"@id\":\"https:\\\/\\\/casadecampoliving.com\\\/es\\\/#\\\/schema\\\/person\\\/20e49d1b22266dc2b8f020b38201bd4e\"},\"headline\":\"Concierto Inaugural de la Aldea Cultural Santa Rosa de Lima\",\"datePublished\":\"2014-07-28T04:00:00+00:00\",\"dateModified\":\"2022-10-21T22:55:40+00:00\",\"mainEntityOfPage\":{\"@id\":\"https:\\\/\\\/casadecampoliving.com\\\/es\\\/aldea-cultural-santa-rosa-de-lima-2\\\/\"},\"wordCount\":393,\"publisher\":{\"@id\":\"https:\\\/\\\/casadecampoliving.com\\\/es\\\/#organization\"},\"image\":{\"@id\":\"https:\\\/\\\/casadecampoliving.com\\\/es\\\/aldea-cultural-santa-rosa-de-lima-2\\\/#primaryimage\"},\"thumbnailUrl\":\"https:\\\/\\\/i0.wp.com\\\/casadecampoliving.com\\\/wp-content\\\/uploads\\\/2022\\\/10\\\/Aldea_Cultural_Santa_Rosa_de_Lima-1.jpg?fit=2364%2C875&ssl=1\",\"keywords\":[\"actividad\",\"Aldea Cultural Santa Rosa de Lima\",\"arte\",\"cultura\",\"evento\",\"La Romana\",\"Republica Dominicana\"],\"articleSection\":[\"Arte y cultura\",\"Casa de Campo Living @es\",\"Estilo de Vida\",\"Eventos\",\"La Romana @es\",\"M\u00e1s all\u00e1 de Casa\",\"Noticias Locales\",\"Proximamente\",\"Rep\u00fablica Dominicana @es\"],\"inLanguage\":\"es\"},{\"@type\":\"WebPage\",\"@id\":\"https:\\\/\\\/casadecampoliving.com\\\/es\\\/aldea-cultural-santa-rosa-de-lima-2\\\/\",\"url\":\"https:\\\/\\\/casadecampoliving.com\\\/es\\\/aldea-cultural-santa-rosa-de-lima-2\\\/\",\"name\":\"Concierto Inaugural de la Aldea Cultural Santa Rosa de Lima | Casa de Campo Living\",\"isPartOf\":{\"@id\":\"https:\\\/\\\/casadecampoliving.com\\\/es\\\/#website\"},\"primaryImageOfPage\":{\"@id\":\"https:\\\/\\\/casadecampoliving.com\\\/es\\\/aldea-cultural-santa-rosa-de-lima-2\\\/#primaryimage\"},\"image\":{\"@id\":\"https:\\\/\\\/casadecampoliving.com\\\/es\\\/aldea-cultural-santa-rosa-de-lima-2\\\/#primaryimage\"},\"thumbnailUrl\":\"https:\\\/\\\/i0.wp.com\\\/casadecampoliving.com\\\/wp-content\\\/uploads\\\/2022\\\/10\\\/Aldea_Cultural_Santa_Rosa_de_Lima-1.jpg?fit=2364%2C875&ssl=1\",\"datePublished\":\"2014-07-28T04:00:00+00:00\",\"dateModified\":\"2022-10-21T22:55:40+00:00\",\"description\":\"La semana pasada les trajimos la emocionante&nbsp;noticia de la inminente apertura&nbsp;de la Aldea Cultural Santa Rosa de Lima, una nueva aldea cultural\",\"breadcrumb\":{\"@id\":\"https:\\\/\\\/casadecampoliving.com\\\/es\\\/aldea-cultural-santa-rosa-de-lima-2\\\/#breadcrumb\"},\"inLanguage\":\"es\",\"potentialAction\":[{\"@type\":\"ReadAction\",\"target\":[\"https:\\\/\\\/casadecampoliving.com\\\/es\\\/aldea-cultural-santa-rosa-de-lima-2\\\/\"]}]},{\"@type\":\"ImageObject\",\"inLanguage\":\"es\",\"@id\":\"https:\\\/\\\/casadecampoliving.com\\\/es\\\/aldea-cultural-santa-rosa-de-lima-2\\\/#primaryimage\",\"url\":\"https:\\\/\\\/i0.wp.com\\\/casadecampoliving.com\\\/wp-content\\\/uploads\\\/2022\\\/10\\\/Aldea_Cultural_Santa_Rosa_de_Lima-1.jpg?fit=2364%2C875&ssl=1\",\"contentUrl\":\"https:\\\/\\\/i0.wp.com\\\/casadecampoliving.com\\\/wp-content\\\/uploads\\\/2022\\\/10\\\/Aldea_Cultural_Santa_Rosa_de_Lima-1.jpg?fit=2364%2C875&ssl=1\",\"width\":2364,\"height\":875,\"caption\":\"Aldea Cultural Santa Rosa de Lima\"},{\"@type\":\"BreadcrumbList\",\"@id\":\"https:\\\/\\\/casadecampoliving.com\\\/es\\\/aldea-cultural-santa-rosa-de-lima-2\\\/#breadcrumb\",\"itemListElement\":[{\"@type\":\"ListItem\",\"position\":1,\"name\":\"Home\",\"item\":\"https:\\\/\\\/casadecampoliving.com\\\/es\\\/\"},{\"@type\":\"ListItem\",\"position\":2,\"name\":\"Concierto Inaugural de la Aldea Cultural Santa Rosa de Lima\"}]},{\"@type\":\"WebSite\",\"@id\":\"https:\\\/\\\/casadecampoliving.com\\\/es\\\/#website\",\"url\":\"https:\\\/\\\/casadecampoliving.com\\\/es\\\/\",\"name\":\"Casa de Campo Living\",\"description\":\"Resort community news and resources.\",\"publisher\":{\"@id\":\"https:\\\/\\\/casadecampoliving.com\\\/es\\\/#organization\"},\"potentialAction\":[{\"@type\":\"SearchAction\",\"target\":{\"@type\":\"EntryPoint\",\"urlTemplate\":\"https:\\\/\\\/casadecampoliving.com\\\/es\\\/?s={search_term_string}\"},\"query-input\":{\"@type\":\"PropertyValueSpecification\",\"valueRequired\":true,\"valueName\":\"search_term_string\"}}],\"inLanguage\":\"es\"},{\"@type\":\"Organization\",\"@id\":\"https:\\\/\\\/casadecampoliving.com\\\/es\\\/#organization\",\"name\":\"Casa de Campo Living\",\"url\":\"https:\\\/\\\/casadecampoliving.com\\\/es\\\/\",\"logo\":{\"@type\":\"ImageObject\",\"inLanguage\":\"es\",\"@id\":\"https:\\\/\\\/casadecampoliving.com\\\/es\\\/#\\\/schema\\\/logo\\\/image\\\/\",\"url\":\"https:\\\/\\\/i0.wp.com\\\/casadecampoliving.com\\\/wp-content\\\/uploads\\\/2022\\\/07\\\/CDCLivingLogo_V1-white-sized.png?fit=800%2C214&ssl=1\",\"contentUrl\":\"https:\\\/\\\/i0.wp.com\\\/casadecampoliving.com\\\/wp-content\\\/uploads\\\/2022\\\/07\\\/CDCLivingLogo_V1-white-sized.png?fit=800%2C214&ssl=1\",\"width\":800,\"height\":214,\"caption\":\"Casa de Campo Living\"},\"image\":{\"@id\":\"https:\\\/\\\/casadecampoliving.com\\\/es\\\/#\\\/schema\\\/logo\\\/image\\\/\"},\"sameAs\":[\"https:\\\/\\\/www.facebook.com\\\/casadecampoliving\",\"https:\\\/\\\/x.com\\\/cdcliving\"]},{\"@type\":\"Person\",\"@id\":\"https:\\\/\\\/casadecampoliving.com\\\/es\\\/#\\\/schema\\\/person\\\/20e49d1b22266dc2b8f020b38201bd4e\",\"name\":\"Daniela Medina\",\"image\":{\"@type\":\"ImageObject\",\"inLanguage\":\"es\",\"@id\":\"https:\\\/\\\/secure.gravatar.com\\\/avatar\\\/65aa8415724474307d634c8364a0bd8ee551c4f0f01f2ffcc53e5a9856cb7369?s=96&d=mm&r=g\",\"url\":\"https:\\\/\\\/secure.gravatar.com\\\/avatar\\\/65aa8415724474307d634c8364a0bd8ee551c4f0f01f2ffcc53e5a9856cb7369?s=96&d=mm&r=g\",\"contentUrl\":\"https:\\\/\\\/secure.gravatar.com\\\/avatar\\\/65aa8415724474307d634c8364a0bd8ee551c4f0f01f2ffcc53e5a9856cb7369?s=96&d=mm&r=g\",\"caption\":\"Daniela Medina\"},\"url\":\"https:\\\/\\\/casadecampoliving.com\\\/es\\\/author\\\/dmedina\\\/\"}]}<\/script>\n<!-- \/ Yoast SEO plugin. -->","yoast_head_json":{"title":"Concierto Inaugural de la Aldea Cultural Santa Rosa de Lima | Casa de Campo Living","description":"La semana pasada les trajimos la emocionante&nbsp;noticia de la inminente apertura&nbsp;de la Aldea Cultural Santa Rosa de Lima, una nueva aldea cultural","robots":{"index":"index","follow":"follow","max-snippet":"max-snippet:-1","max-image-preview":"max-image-preview:large","max-video-preview":"max-video-preview:-1"},"canonical":"https:\/\/casadecampoliving.com\/es\/aldea-cultural-santa-rosa-de-lima-2\/","og_locale":"es_ES","og_type":"article","og_title":"Concierto Inaugural de la Aldea Cultural Santa Rosa de Lima | Casa de Campo Living","og_description":"La semana pasada les trajimos la emocionante&nbsp;noticia de la inminente apertura&nbsp;de la Aldea Cultural Santa Rosa de Lima, una nueva aldea cultural","og_url":"https:\/\/casadecampoliving.com\/es\/aldea-cultural-santa-rosa-de-lima-2\/","og_site_name":"Casa de Campo Living","article_publisher":"https:\/\/www.facebook.com\/casadecampoliving","article_published_time":"2014-07-28T04:00:00+00:00","article_modified_time":"2022-10-21T22:55:40+00:00","og_image":[{"width":2364,"height":875,"url":"https:\/\/i0.wp.com\/casadecampoliving.com\/wp-content\/uploads\/2022\/10\/Aldea_Cultural_Santa_Rosa_de_Lima-1.jpg?fit=2364%2C875&ssl=1","type":"image\/jpeg"}],"author":"Daniela Medina","twitter_card":"summary_large_image","twitter_creator":"@cdcliving","twitter_site":"@cdcliving","twitter_misc":{"Escrito por":"Daniela Medina","Tiempo de lectura":"2 minutos"},"schema":{"@context":"https:\/\/schema.org","@graph":[{"@type":"Article","@id":"https:\/\/casadecampoliving.com\/es\/aldea-cultural-santa-rosa-de-lima-2\/#article","isPartOf":{"@id":"https:\/\/casadecampoliving.com\/es\/aldea-cultural-santa-rosa-de-lima-2\/"},"author":{"name":"Daniela Medina","@id":"https:\/\/casadecampoliving.com\/es\/#\/schema\/person\/20e49d1b22266dc2b8f020b38201bd4e"},"headline":"Concierto Inaugural de la Aldea Cultural Santa Rosa de Lima","datePublished":"2014-07-28T04:00:00+00:00","dateModified":"2022-10-21T22:55:40+00:00","mainEntityOfPage":{"@id":"https:\/\/casadecampoliving.com\/es\/aldea-cultural-santa-rosa-de-lima-2\/"},"wordCount":393,"publisher":{"@id":"https:\/\/casadecampoliving.com\/es\/#organization"},"image":{"@id":"https:\/\/casadecampoliving.com\/es\/aldea-cultural-santa-rosa-de-lima-2\/#primaryimage"},"thumbnailUrl":"https:\/\/i0.wp.com\/casadecampoliving.com\/wp-content\/uploads\/2022\/10\/Aldea_Cultural_Santa_Rosa_de_Lima-1.jpg?fit=2364%2C875&ssl=1","keywords":["actividad","Aldea Cultural Santa Rosa de Lima","arte","cultura","evento","La Romana","Republica Dominicana"],"articleSection":["Arte y cultura","Casa de Campo Living @es","Estilo de Vida","Eventos","La Romana @es","M\u00e1s all\u00e1 de Casa","Noticias Locales","Proximamente","Rep\u00fablica Dominicana @es"],"inLanguage":"es"},{"@type":"WebPage","@id":"https:\/\/casadecampoliving.com\/es\/aldea-cultural-santa-rosa-de-lima-2\/","url":"https:\/\/casadecampoliving.com\/es\/aldea-cultural-santa-rosa-de-lima-2\/","name":"Concierto Inaugural de la Aldea Cultural Santa Rosa de Lima | Casa de Campo Living","isPartOf":{"@id":"https:\/\/casadecampoliving.com\/es\/#website"},"primaryImageOfPage":{"@id":"https:\/\/casadecampoliving.com\/es\/aldea-cultural-santa-rosa-de-lima-2\/#primaryimage"},"image":{"@id":"https:\/\/casadecampoliving.com\/es\/aldea-cultural-santa-rosa-de-lima-2\/#primaryimage"},"thumbnailUrl":"https:\/\/i0.wp.com\/casadecampoliving.com\/wp-content\/uploads\/2022\/10\/Aldea_Cultural_Santa_Rosa_de_Lima-1.jpg?fit=2364%2C875&ssl=1","datePublished":"2014-07-28T04:00:00+00:00","dateModified":"2022-10-21T22:55:40+00:00","description":"La semana pasada les trajimos la emocionante&nbsp;noticia de la inminente apertura&nbsp;de la Aldea Cultural Santa Rosa de Lima, una nueva aldea cultural","breadcrumb":{"@id":"https:\/\/casadecampoliving.com\/es\/aldea-cultural-santa-rosa-de-lima-2\/#breadcrumb"},"inLanguage":"es","potentialAction":[{"@type":"ReadAction","target":["https:\/\/casadecampoliving.com\/es\/aldea-cultural-santa-rosa-de-lima-2\/"]}]},{"@type":"ImageObject","inLanguage":"es","@id":"https:\/\/casadecampoliving.com\/es\/aldea-cultural-santa-rosa-de-lima-2\/#primaryimage","url":"https:\/\/i0.wp.com\/casadecampoliving.com\/wp-content\/uploads\/2022\/10\/Aldea_Cultural_Santa_Rosa_de_Lima-1.jpg?fit=2364%2C875&ssl=1","contentUrl":"https:\/\/i0.wp.com\/casadecampoliving.com\/wp-content\/uploads\/2022\/10\/Aldea_Cultural_Santa_Rosa_de_Lima-1.jpg?fit=2364%2C875&ssl=1","width":2364,"height":875,"caption":"Aldea Cultural Santa Rosa de Lima"},{"@type":"BreadcrumbList","@id":"https:\/\/casadecampoliving.com\/es\/aldea-cultural-santa-rosa-de-lima-2\/#breadcrumb","itemListElement":[{"@type":"ListItem","position":1,"name":"Home","item":"https:\/\/casadecampoliving.com\/es\/"},{"@type":"ListItem","position":2,"name":"Concierto Inaugural de la Aldea Cultural Santa Rosa de Lima"}]},{"@type":"WebSite","@id":"https:\/\/casadecampoliving.com\/es\/#website","url":"https:\/\/casadecampoliving.com\/es\/","name":"Casa de Campo Living","description":"Resort community news and resources.","publisher":{"@id":"https:\/\/casadecampoliving.com\/es\/#organization"},"potentialAction":[{"@type":"SearchAction","target":{"@type":"EntryPoint","urlTemplate":"https:\/\/casadecampoliving.com\/es\/?s={search_term_string}"},"query-input":{"@type":"PropertyValueSpecification","valueRequired":true,"valueName":"search_term_string"}}],"inLanguage":"es"},{"@type":"Organization","@id":"https:\/\/casadecampoliving.com\/es\/#organization","name":"Casa de Campo Living","url":"https:\/\/casadecampoliving.com\/es\/","logo":{"@type":"ImageObject","inLanguage":"es","@id":"https:\/\/casadecampoliving.com\/es\/#\/schema\/logo\/image\/","url":"https:\/\/i0.wp.com\/casadecampoliving.com\/wp-content\/uploads\/2022\/07\/CDCLivingLogo_V1-white-sized.png?fit=800%2C214&ssl=1","contentUrl":"https:\/\/i0.wp.com\/casadecampoliving.com\/wp-content\/uploads\/2022\/07\/CDCLivingLogo_V1-white-sized.png?fit=800%2C214&ssl=1","width":800,"height":214,"caption":"Casa de Campo Living"},"image":{"@id":"https:\/\/casadecampoliving.com\/es\/#\/schema\/logo\/image\/"},"sameAs":["https:\/\/www.facebook.com\/casadecampoliving","https:\/\/x.com\/cdcliving"]},{"@type":"Person","@id":"https:\/\/casadecampoliving.com\/es\/#\/schema\/person\/20e49d1b22266dc2b8f020b38201bd4e","name":"Daniela Medina","image":{"@type":"ImageObject","inLanguage":"es","@id":"https:\/\/secure.gravatar.com\/avatar\/65aa8415724474307d634c8364a0bd8ee551c4f0f01f2ffcc53e5a9856cb7369?s=96&d=mm&r=g","url":"https:\/\/secure.gravatar.com\/avatar\/65aa8415724474307d634c8364a0bd8ee551c4f0f01f2ffcc53e5a9856cb7369?s=96&d=mm&r=g","contentUrl":"https:\/\/secure.gravatar.com\/avatar\/65aa8415724474307d634c8364a0bd8ee551c4f0f01f2ffcc53e5a9856cb7369?s=96&d=mm&r=g","caption":"Daniela Medina"},"url":"https:\/\/casadecampoliving.com\/es\/author\/dmedina\/"}]}},"parsely":{"version":"1.1.0","canonical_url":"https:\/\/casadecampoliving.com\/es\/aldea-cultural-santa-rosa-de-lima-2\/","smart_links":{"inbound":0,"outbound":0},"traffic_boost_suggestions_count":0,"meta":{"@context":"https:\/\/schema.org","@type":"NewsArticle","headline":"Concierto Inaugural de la Aldea Cultural Santa Rosa de Lima","url":"http:\/\/casadecampoliving.com\/es\/aldea-cultural-santa-rosa-de-lima-2\/","mainEntityOfPage":{"@type":"WebPage","@id":"http:\/\/casadecampoliving.com\/es\/aldea-cultural-santa-rosa-de-lima-2\/"},"thumbnailUrl":"https:\/\/i0.wp.com\/casadecampoliving.com\/wp-content\/uploads\/2022\/10\/Aldea_Cultural_Santa_Rosa_de_Lima-1.jpg?resize=150%2C150&ssl=1","image":{"@type":"ImageObject","url":"https:\/\/i0.wp.com\/casadecampoliving.com\/wp-content\/uploads\/2022\/10\/Aldea_Cultural_Santa_Rosa_de_Lima-1.jpg?fit=2364%2C875&ssl=1"},"articleSection":"Arte y cultura","author":[{"@type":"Person","name":"Daniela Medina"}],"creator":["Daniela Medina"],"publisher":{"@type":"Organization","name":"Casa de Campo Living","logo":"https:\/\/casadecampoliving.com\/wp-content\/uploads\/2022\/07\/CDCLivingLogo_V1-white-sized.png"},"keywords":["actividad","aldea cultural santa rosa de lima","arte","cultura","evento","la romana","republica dominicana"],"dateCreated":"2014-07-28T04:00:00Z","datePublished":"2014-07-28T04:00:00Z","dateModified":"2022-10-21T22:55:40Z"},"rendered":"<script type=\"application\/ld+json\" class=\"wp-parsely-metadata\">{\"@context\":\"https:\\\/\\\/schema.org\",\"@type\":\"NewsArticle\",\"headline\":\"Concierto Inaugural de la Aldea Cultural Santa Rosa de Lima\",\"url\":\"http:\\\/\\\/casadecampoliving.com\\\/es\\\/aldea-cultural-santa-rosa-de-lima-2\\\/\",\"mainEntityOfPage\":{\"@type\":\"WebPage\",\"@id\":\"http:\\\/\\\/casadecampoliving.com\\\/es\\\/aldea-cultural-santa-rosa-de-lima-2\\\/\"},\"thumbnailUrl\":\"https:\\\/\\\/i0.wp.com\\\/casadecampoliving.com\\\/wp-content\\\/uploads\\\/2022\\\/10\\\/Aldea_Cultural_Santa_Rosa_de_Lima-1.jpg?resize=150%2C150&ssl=1\",\"image\":{\"@type\":\"ImageObject\",\"url\":\"https:\\\/\\\/i0.wp.com\\\/casadecampoliving.com\\\/wp-content\\\/uploads\\\/2022\\\/10\\\/Aldea_Cultural_Santa_Rosa_de_Lima-1.jpg?fit=2364%2C875&ssl=1\"},\"articleSection\":\"Arte y cultura\",\"author\":[{\"@type\":\"Person\",\"name\":\"Daniela Medina\"}],\"creator\":[\"Daniela Medina\"],\"publisher\":{\"@type\":\"Organization\",\"name\":\"Casa de Campo Living\",\"logo\":\"https:\\\/\\\/casadecampoliving.com\\\/wp-content\\\/uploads\\\/2022\\\/07\\\/CDCLivingLogo_V1-white-sized.png\"},\"keywords\":[\"actividad\",\"aldea cultural santa rosa de lima\",\"arte\",\"cultura\",\"evento\",\"la romana\",\"republica dominicana\"],\"dateCreated\":\"2014-07-28T04:00:00Z\",\"datePublished\":\"2014-07-28T04:00:00Z\",\"dateModified\":\"2022-10-21T22:55:40Z\"}<\/script>","tracker_url":"https:\/\/cdn.parsely.com\/keys\/casadecampoliving.com\/p.js"},"jetpack_publicize_connections":[],"jetpack_featured_media_url":"https:\/\/i0.wp.com\/casadecampoliving.com\/wp-content\/uploads\/2022\/10\/Aldea_Cultural_Santa_Rosa_de_Lima-1.jpg?fit=2364%2C875&ssl=1","jetpack-related-posts":[{"id":345089,"url":"https:\/\/casadecampoliving.com\/es\/un-concierto-notable-para-abrir-la-aldea-cultural-santa-rosa-de-lima\/","url_meta":{"origin":344982,"position":0},"title":"Un concierto notable para abrir la Aldea Cultural Santa Rosa de Lima","author":"Daniela Medina","date":"10 Ago, 2014","format":false,"excerpt":"El mi\u00e9rcoles, 30 de julio, La Romana celebr\u00f3 la apertura del nuevo centro cultural, Aldea Cultural Santa Rosa de Lima. La inauguraci\u00f3n oficial tomo lugar a las 11am del mi\u00e9rcoles, y esa misma tarde las comunidades de La Romana y Casa de Campo fueron invitados a unirse a la celebraci\u00f3n\u2026","rel":"","context":"En \u00abArte y cultura\u00bb","block_context":{"text":"Arte y cultura","link":"https:\/\/casadecampoliving.com\/category\/arte-y-cultura\/"},"img":{"alt_text":"","src":"https:\/\/i0.wp.com\/casadecampoliving.com\/wp-content\/uploads\/2022\/10\/Concierto-Aldea-Cultural-1-1.jpg?fit=1024%2C768&ssl=1&resize=350%2C200","width":350,"height":200,"srcset":"https:\/\/i0.wp.com\/casadecampoliving.com\/wp-content\/uploads\/2022\/10\/Concierto-Aldea-Cultural-1-1.jpg?fit=1024%2C768&ssl=1&resize=350%2C200 1x, https:\/\/i0.wp.com\/casadecampoliving.com\/wp-content\/uploads\/2022\/10\/Concierto-Aldea-Cultural-1-1.jpg?fit=1024%2C768&ssl=1&resize=525%2C300 1.5x, https:\/\/i0.wp.com\/casadecampoliving.com\/wp-content\/uploads\/2022\/10\/Concierto-Aldea-Cultural-1-1.jpg?fit=1024%2C768&ssl=1&resize=700%2C400 2x"},"classes":[]},{"id":344966,"url":"https:\/\/casadecampoliving.com\/es\/aldea-cultural-santa-rosa-de-lima-se-abrira\/","url_meta":{"origin":344982,"position":1},"title":"Apertura de la Aldea Cultural Santa Rosa de Lima","author":"Katherine Calca\u00f1o","date":"25 Jul, 2014","format":false,"excerpt":"En Febrero del 2013, se dieron los primeros pasos\u00a0para transformar la vieja prisi\u00f3n \u201cLa Fortaleza\u201d a orillas del r\u00edo Salao en La Romana, en la Aldea Cultural Santa Rosa de Lima. Hoy, finalmente este sue\u00f1o se est\u00e1 convirtiendo en realidad. La Aldea Cultural Santa Rosa de Lima sera oficialmente inaugurada\u2026","rel":"","context":"En \u00abArte y cultura\u00bb","block_context":{"text":"Arte y cultura","link":"https:\/\/casadecampoliving.com\/category\/arte-y-cultura\/"},"img":{"alt_text":"aldea cultural sant rosa de lima","src":"https:\/\/i0.wp.com\/casadecampoliving.com\/wp-content\/uploads\/2022\/10\/aldea_cultural_santa_rosa_lima_la_romana-1.jpg?fit=650%2C335&ssl=1&resize=350%2C200","width":350,"height":200,"srcset":"https:\/\/i0.wp.com\/casadecampoliving.com\/wp-content\/uploads\/2022\/10\/aldea_cultural_santa_rosa_lima_la_romana-1.jpg?fit=650%2C335&ssl=1&resize=350%2C200 1x, https:\/\/i0.wp.com\/casadecampoliving.com\/wp-content\/uploads\/2022\/10\/aldea_cultural_santa_rosa_lima_la_romana-1.jpg?fit=650%2C335&ssl=1&resize=525%2C300 1.5x"},"classes":[]},{"id":345604,"url":"https:\/\/casadecampoliving.com\/es\/bailar-la-fiesta-de-baile-y-musica-folclorica-de-la-aldea-cultural-santa-rosa-de-lima\/","url_meta":{"origin":344982,"position":2},"title":"\u00a1A BAILAR! \u00a1La fiesta de baile y m\u00fasica folcl\u00f3rica de la Aldea Cultural Santa Rosa de Lima!","author":"Daniela Medina","date":"10 Oct, 2014","format":false,"excerpt":"La Aldea Cultural Santa Rosa de Lima les invita cordialmente y con mucho entusiasmo a la gran fiesta de apertura de la \u201cEscuela de Danzas y M\u00fasica Folcl\u00f3rica Dominicana\u201d dirigida por la Maestra Celeste Cruz, este s\u00e1bado 11 de Octubre a las 4:30 pm en la Aldea Cultural Santa Rosa\u2026","rel":"","context":"En \u00abArte y cultura\u00bb","block_context":{"text":"Arte y cultura","link":"https:\/\/casadecampoliving.com\/category\/arte-y-cultura\/"},"img":{"alt_text":"","src":"https:\/\/i0.wp.com\/casadecampoliving.com\/wp-content\/uploads\/2022\/10\/aldea-cultural-santa-rosa-de-lima-1.jpg?fit=800%2C534&ssl=1&resize=350%2C200","width":350,"height":200,"srcset":"https:\/\/i0.wp.com\/casadecampoliving.com\/wp-content\/uploads\/2022\/10\/aldea-cultural-santa-rosa-de-lima-1.jpg?fit=800%2C534&ssl=1&resize=350%2C200 1x, https:\/\/i0.wp.com\/casadecampoliving.com\/wp-content\/uploads\/2022\/10\/aldea-cultural-santa-rosa-de-lima-1.jpg?fit=800%2C534&ssl=1&resize=525%2C300 1.5x, https:\/\/i0.wp.com\/casadecampoliving.com\/wp-content\/uploads\/2022\/10\/aldea-cultural-santa-rosa-de-lima-1.jpg?fit=800%2C534&ssl=1&resize=700%2C400 2x"},"classes":[]},{"id":345344,"url":"https:\/\/casadecampoliving.com\/es\/fotos-de-la-apertura-de-la-aldea-cultural-santa-rosa-de-lima\/","url_meta":{"origin":344982,"position":3},"title":"\u00a1FOTOS de la apertura de la Aldea Cultural Santa Rosa de Lima!","author":"Daniela Medina","date":"17 Sep, 2014","format":false,"excerpt":"\u00bfSab\u00eda que la Aldea Cultural Santa Rosa de Lima ya abri\u00f3 sus puertas? \u00a1Pues, aqu\u00ed le tenemos m\u00e1s fotos de la apertura de la Aldea Cultural Santa Rosa de Lima! El d\u00eda 30 de julio, a la ciudad de La Romana se le dio un nuevo s\u00edmbolo de esperanza. La\u2026","rel":"","context":"En \u00abArte y cultura\u00bb","block_context":{"text":"Arte y cultura","link":"https:\/\/casadecampoliving.com\/category\/arte-y-cultura\/"},"img":{"alt_text":"","src":"https:\/\/i0.wp.com\/casadecampoliving.com\/wp-content\/uploads\/2022\/10\/horizontal-1.jpg?fit=726%2C404&ssl=1&resize=350%2C200","width":350,"height":200,"srcset":"https:\/\/i0.wp.com\/casadecampoliving.com\/wp-content\/uploads\/2022\/10\/horizontal-1.jpg?fit=726%2C404&ssl=1&resize=350%2C200 1x, https:\/\/i0.wp.com\/casadecampoliving.com\/wp-content\/uploads\/2022\/10\/horizontal-1.jpg?fit=726%2C404&ssl=1&resize=525%2C300 1.5x, https:\/\/i0.wp.com\/casadecampoliving.com\/wp-content\/uploads\/2022\/10\/horizontal-1.jpg?fit=726%2C404&ssl=1&resize=700%2C400 2x"},"classes":[]},{"id":347241,"url":"https:\/\/casadecampoliving.com\/es\/ballet-de-israel-en-la-aldea-cultural-santa-rosa-de-lima\/","url_meta":{"origin":344982,"position":4},"title":"Ballet de Israel en la Aldea Cultural Santa Rosa de Lima","author":"Perkin Agramonte","date":"20 Abr, 2015","format":false,"excerpt":"Este domingo 26 de abril de 2015, la Aldea Cultural Santa\u00a0Rosa de Lima continuar\u00e1 con su serie de presentaciones patrocinadas por el Ministerio de Cultura de la Rep\u00fablica Dominicana, y en esta ocasi\u00f3n nos invitan a una funci\u00f3n m\u00e1gica de ballet, donde todo el mundo podr\u00e1 disfrutar de una amplia\u2026","rel":"","context":"En \u00abArte y cultura\u00bb","block_context":{"text":"Arte y cultura","link":"https:\/\/casadecampoliving.com\/category\/arte-y-cultura\/"},"img":{"alt_text":"","src":"https:\/\/i0.wp.com\/casadecampoliving.com\/wp-content\/uploads\/2022\/10\/Untitled-design-5.png?fit=940%2C788&ssl=1&resize=350%2C200","width":350,"height":200,"srcset":"https:\/\/i0.wp.com\/casadecampoliving.com\/wp-content\/uploads\/2022\/10\/Untitled-design-5.png?fit=940%2C788&ssl=1&resize=350%2C200 1x, https:\/\/i0.wp.com\/casadecampoliving.com\/wp-content\/uploads\/2022\/10\/Untitled-design-5.png?fit=940%2C788&ssl=1&resize=525%2C300 1.5x, https:\/\/i0.wp.com\/casadecampoliving.com\/wp-content\/uploads\/2022\/10\/Untitled-design-5.png?fit=940%2C788&ssl=1&resize=700%2C400 2x"},"classes":[]},{"id":345187,"url":"https:\/\/casadecampoliving.com\/es\/fiestas-patronales-santa-rosa-de-lima\/","url_meta":{"origin":344982,"position":5},"title":"Fiestas Patronales en la Aldea Cultural Santa Rosa de Lima","author":"Maria Isabel B\u00e1ez","date":"26 Ago, 2014","format":false,"excerpt":"La Aldea Cultural Santa Rosa de Lima en La Romana, ha organizado varios eventos que forman parte de las celebraciones de las Fiestas Patronales, las cuales empezaron el pasado viernes 22 de Agosto. Las \u201cFiestas Patronales\u201d son unas celebraciones anuales que celebran la memoria de un santo determinado de la\u2026","rel":"","context":"En \u00abArte y cultura\u00bb","block_context":{"text":"Arte y cultura","link":"https:\/\/casadecampoliving.com\/category\/arte-y-cultura\/"},"img":{"alt_text":"","src":"https:\/\/i0.wp.com\/casadecampoliving.com\/wp-content\/uploads\/2022\/10\/Aldea-Cultural-1.jpg?fit=800%2C534&ssl=1&resize=350%2C200","width":350,"height":200,"srcset":"https:\/\/i0.wp.com\/casadecampoliving.com\/wp-content\/uploads\/2022\/10\/Aldea-Cultural-1.jpg?fit=800%2C534&ssl=1&resize=350%2C200 1x, https:\/\/i0.wp.com\/casadecampoliving.com\/wp-content\/uploads\/2022\/10\/Aldea-Cultural-1.jpg?fit=800%2C534&ssl=1&resize=525%2C300 1.5x, https:\/\/i0.wp.com\/casadecampoliving.com\/wp-content\/uploads\/2022\/10\/Aldea-Cultural-1.jpg?fit=800%2C534&ssl=1&resize=700%2C400 2x"},"classes":[]}],"jetpack_sharing_enabled":true,"_links":{"self":[{"href":"https:\/\/casadecampoliving.com\/es\/wp-json\/wp\/v2\/posts\/344982","targetHints":{"allow":["GET"]}}],"collection":[{"href":"https:\/\/casadecampoliving.com\/es\/wp-json\/wp\/v2\/posts"}],"about":[{"href":"https:\/\/casadecampoliving.com\/es\/wp-json\/wp\/v2\/types\/post"}],"author":[{"embeddable":true,"href":"https:\/\/casadecampoliving.com\/es\/wp-json\/wp\/v2\/users\/23245"}],"replies":[{"embeddable":true,"href":"https:\/\/casadecampoliving.com\/es\/wp-json\/wp\/v2\/comments?post=344982"}],"version-history":[{"count":1,"href":"https:\/\/casadecampoliving.com\/es\/wp-json\/wp\/v2\/posts\/344982\/revisions"}],"predecessor-version":[{"id":344983,"href":"https:\/\/casadecampoliving.com\/es\/wp-json\/wp\/v2\/posts\/344982\/revisions\/344983"}],"wp:featuredmedia":[{"embeddable":true,"href":"https:\/\/casadecampoliving.com\/es\/wp-json\/wp\/v2\/media\/269101"}],"wp:attachment":[{"href":"https:\/\/casadecampoliving.com\/es\/wp-json\/wp\/v2\/media?parent=344982"}],"wp:term":[{"taxonomy":"category","embeddable":true,"href":"https:\/\/casadecampoliving.com\/es\/wp-json\/wp\/v2\/categories?post=344982"},{"taxonomy":"post_tag","embeddable":true,"href":"https:\/\/casadecampoliving.com\/es\/wp-json\/wp\/v2\/tags?post=344982"},{"taxonomy":"newspack_spnsrs_tax","embeddable":true,"href":"https:\/\/casadecampoliving.com\/es\/wp-json\/wp\/v2\/newspack_spnsrs_tax?post=344982"}],"curies":[{"name":"wp","href":"https:\/\/api.w.org\/{rel}","templated":true}]}}