{"id":344953,"date":"2014-07-27T00:00:00","date_gmt":"2014-07-27T04:00:00","guid":{"rendered":"https:\/\/casadecampoliving.com\/feliz-dia-del-padre-2\/"},"modified":"2022-10-21T18:54:21","modified_gmt":"2022-10-21T22:54:21","slug":"feliz-dia-del-padre-2","status":"publish","type":"post","link":"https:\/\/casadecampoliving.com\/es\/feliz-dia-del-padre-2\/","title":{"rendered":"\u00a1Feliz D\u00eda del Padre!"},"content":{"rendered":"<div class=\"wp-block-image\">\n<figure class=\"aligncenter is-resized\"><img loading=\"lazy\" decoding=\"async\" src=\"https:\/\/i0.wp.com\/casadecampoliving.com\/wp-content\/uploads\/2022\/10\/Peter_Hughes_Rebecca_Hughes.jpg?resize=650%2C434&amp;ssl=1\" alt=\"Peter Hughes, Rebecca Hughes\" class=\"wp-image-94401\" height=\"434\" width=\"650\"\/><\/figure>\n<\/div>\n\n\n<p>\u00bfQu\u00e9 hace a tu padre especial?&nbsp;El d\u00eda de hoy en honor a todos los padres, traemos tributos de nuestra comunidad para todos esos fant\u00e1sticos padres fant\u00e1sticos.<\/p>\n\n\n\n<p>Entonces\u2026 <strong><strong><strong>\u00bfQu\u00e9 hace a tu padre especial?<\/strong><\/strong><\/strong><strong>&nbsp;<\/strong>Aunque no haya compartido su respuesta a esta interrogante con nosotros; deber\u00eda pensar en esto y expresarselo a su padre. Seguramente le encantar\u00e1 escuchar sus palabras en este d\u00eda especial.<\/p>\n\n\n\n<!--more-->\n\n\n\n<p>Permitame (Rebecca Hughes), empezar. Aunque ya hemos celebrado el D\u00eda del Padre en Inglaterra (s\u00ed soy Inglesa, no Americana), no puedo dejar pasar esta oportunidad sin decirle a mi padre lo especial que es para m\u00ed.<\/p>\n\n\n\n<blockquote><figure><img decoding=\"async\" loading=\"lazy\" class=\"alignright size-medium wp-image-94400\" src=\"https:\/\/i0.wp.com\/casadecampoliving.com\/wp-content\/uploads\/2022\/10\/Peter_Hughes_Rebecca_Hughes-Edited-285x300-2.jpg?resize=285%2C300&amp;ssl=1\" alt=\"Peter Hughes, Rebecca Hughes - Edited\" width=\"285\" height=\"300\"><\/figure><p>\u00a1Mi pap\u00e1 es un poco alocado!<\/p><p>Es amante a la diversi\u00f3n y \u00fanico\u2026 y puede ser un poco gru\u00f1\u00f3n en ocasiones. \u00c9l es muy aut\u00e9ntico y en realidad no le interesa lo que las dem\u00e1s personas piensen. Le encanta el vino tinto y el golf.<\/p><p>Mi padre trabaj\u00f3 duro toda su vida para poder sustentar su familia; Puedo decir que asist\u00ed a una buena escuela, recib\u00ed una fant\u00e1stica educaci\u00f3n y viv\u00ed en un hermosa casa, todo por su trabajo duro, y estoy muy agradecida por eso.<\/p><p>Pero m\u00e1s que todo estoy muy agradecida de mi padre (junto con mi madre) por haber construido una hermosa familia, la cual me siento orgullosa en pertenecer. Nos sacamos de quicio el uno al otro pero juntos somos el `Hughes Clan\u00b4.<\/p><p style=\"padding-left: 30px;\"><strong>Rebecca Hughes<\/strong><br>\nHija de&nbsp;Peter Hughes<br>\n&amp; Editora en SILGON<\/p><\/blockquote>\n\n\n\n<blockquote><figure><img decoding=\"async\" loading=\"lazy\" class=\"alignright size-medium wp-image-93973\" src=\"https:\/\/i0.wp.com\/casadecampoliving.com\/wp-content\/uploads\/2022\/10\/daniel_hernandez_juan_manuel_hernandez-225x300-2.jpeg?resize=225%2C300&amp;ssl=1\" alt=\"Daniel Hernandez Juan Manuel Hernandez\" width=\"225\" height=\"300\"><\/figure><p><strong>@cdcliving:&nbsp;<strong>\u00bfQu\u00e9 hace a tu padre especial?<\/strong><\/strong><\/p><p>Su amor y su pasi\u00f3n a su trabajo. \u00c9l siempre est\u00e1 tan entusiasmado cuando va rumbo al trabajo y su hospitalidad con todos es lo que lo hace tan especial. \u00c9l es siempre tan respetuoso y sabe como manejar todo lo que dice. Asimismo, lo que lo hace tan especial es que siempre hace lo mejor para trabajar en torno a su programaci\u00f3n suele venir a la casa a comer con nosotros a pesar de tener d\u00edas tan estresado.<\/p><p style=\"padding-left: 30px;\"><strong>Juan Manuel Hern\u00e1ndez<\/strong><br>\nHijo de&nbsp;Daniel Hern\u00e1ndez<\/p><p><a href=\"https:\/\/casadecampoliving.com\/es\/daniel-hernandez-un-modelo-apasionado-y-dedicado\/\">Clic aqu\u00ed para ver la entrevista completa con Juan Manuel Hernandez.<\/a><\/p><\/blockquote>\n\n\n\n<blockquote><figure><img decoding=\"async\" loading=\"lazy\" class=\"alignright wp-image-94172\" src=\"https:\/\/i0.wp.com\/casadecampoliving.com\/wp-content\/uploads\/2022\/10\/david_winn_katie_winn-300x300-2-300x300.jpg?resize=270%2C270&amp;ssl=1\" alt=\"David Winn, Katie Winn\" width=\"270\" height=\"270\"><\/figure><p><strong>@cdcliving:&nbsp;<strong>\u00bfQu\u00e9 hace a tu padre especial?<\/strong><\/strong><\/p><p>No puedo se\u00f1alar con exactitud lo que hace a mi padre especial, pero yo amo el hecho de que \u00e9l es un hombre de familia y que su familia significa todo para \u00e9l. Es una gran inspiraci\u00f3n para muchas personas diferentes y es un hombre cari\u00f1oso y carism\u00e1tico.<\/p><p style=\"padding-left: 30px;\"><strong>Katie Winn<\/strong><br>\nHija de&nbsp;David Winn<\/p><p><a href=\"https:\/\/casadecampoliving.com\/es\/katie-david-winn-fashionistas-en-casa-de-campo\/\">Clic aqu\u00ed para ver la entrevista completa con&nbsp;Katie Winn.<\/a><\/p><\/blockquote>\n\n\n\n<blockquote><figure><img decoding=\"async\" loading=\"lazy\" class=\"alignright size-medium wp-image-93115\" src=\"https:\/\/i0.wp.com\/casadecampoliving.com\/wp-content\/uploads\/2022\/10\/Philip_Silvestri_Claudio_Silvestri3-225x300-2.jpg?resize=225%2C300&amp;ssl=1\" alt=\"Philip Silvestri, Claudio Silvestri\" width=\"225\" height=\"300\"><\/figure><p><strong>@cdcliving:&nbsp;<strong><strong>\u00bfQu\u00e9 hace a tu padre especial?<\/strong><\/strong><\/strong><\/p><p>Carisma. Notablemente esto viene de generaci\u00f3n en generaci\u00f3n, lo que significa que mis hijos van a ser incre\u00edblemente encantadores! Hablando en serio, ha sido bastante emocionante ver a mi padre en acci\u00f3n. Su habilidad para conectar con la gente y su entrega incondicional provocando que&nbsp;incluso los extranjeros se sientan bienvenidos es una de las caracter\u00edsticas esenciales que lo hacen \u00fanico y especial. Su visi\u00f3n y persistencia son tambi\u00e9n puntos fuertes, pero su carisma es f\u00e1cilmente lo primero que alguien pudiera notar.<\/p><p style=\"padding-left: 30px;\"><strong>Philip Silvestri<\/strong><br>\nHijo de&nbsp;Claudio Silvestri<br>\nPresident &amp; CEO, SILGON<\/p><p><a href=\"https:\/\/casadecampoliving.com\/es\/claudio-philip-silvestri-2-generaciones-de-visionarios\/\">Clic aqu\u00ed para ver la entrevista completa con&nbsp;Philip Silvestri.<\/a><\/p><\/blockquote>\n\n\n\n<blockquote><figure><a href=\"https:\/\/i0.wp.com\/casadecampoliving-wp.s3-accelerate.amazonaws.com\/2014\/07\/Gabriela_Arriaza_Carlos_Arriaza.jpg?ssl=1\"><img decoding=\"async\" loading=\"lazy\" class=\"alignright size-medium wp-image-94271\" src=\"https:\/\/i0.wp.com\/casadecampoliving.com\/wp-content\/uploads\/2022\/10\/Gabriela_Arriaza_Carlos_Arriaza-254x300-2.jpg?resize=254%2C300&amp;ssl=1\" alt=\"Gabriela Arriaza, Carlos Arriaza\" width=\"254\" height=\"300\"><\/a><\/figure><p><strong>@cdcliving:&nbsp;<strong><strong>\u00bfQu\u00e9 hace a tu padre especial?<\/strong><\/strong><\/strong><\/p><p>Es mi padre. No podr\u00eda haber elegido a alguien de quien pudiera aprender m\u00e1s. \u00c9l me ha ense\u00f1ado que sin importar lo que pase, sin importar que tanto tiempo has pasado sin haber visto a alguien, es poco lo que mantiene a personas afines distanciados el uno del otro. Me ha ense\u00f1ado a ser incondicional y eso en ocasiones puede significar que debas decir algo que en realidad no te gustar\u00eda escuchar. &nbsp;\u00c9l es amable, divertido, apuesto, encantador, inteligente, determinado, un m\u00fasico y poeta, \u00bfqu\u00e9 m\u00e1s se puede pedir en un padre?<\/p><p style=\"padding-left: 30px;\"><strong>Gabriela Arriaza<\/strong><br>\nHija de Carlos Arriaza<\/p><p><a href=\"http:\/\/wp.me\/p1kvEy-ox5\">Clic aqu\u00ed para ver la entrevista completa con&nbsp;Gabriela Arriaza.<\/a><\/p><\/blockquote>\n\n\n\n<blockquote><figure><img decoding=\"async\" loading=\"lazy\" class=\"alignright wp-image-93434\" src=\"https:\/\/i0.wp.com\/casadecampoliving.com\/wp-content\/uploads\/2022\/10\/Pete_Dye-PB_Dye-300x258-2.jpg?resize=270%2C233&amp;ssl=1\" alt=\"Pete Dye PB Dye\" width=\"270\" height=\"233\"><\/figure><p><strong>@cdcliving:&nbsp;<strong><strong><strong>\u00bfQu\u00e9 hace a tu padre especial?<\/strong><\/strong><\/strong><\/strong><\/p><p>Lo hace especial que, desde que empez\u00f3 a construir campos de golf nunca m\u00e1s ha tenido que trabajar. Aprendi\u00f3 a jugar y disfrutar de lo que hace cada d\u00eda.<\/p><p style=\"padding-left: 30px;\"><strong>PB Dye<\/strong><br>\nHijo de&nbsp;Pete Dye, creador del campo de golf Teeth of the Dog<\/p><p><a href=\"https:\/\/casadecampoliving.com\/es\/pb-pete-dye-padre-e-hijo-enfocados-en-el-golf\/\">Clic aqu\u00ed para ver la entrevista completa con&nbsp;PB Dye.<\/a><\/p><\/blockquote>\n","protected":false},"excerpt":{"rendered":"<p>\u00bfQu\u00e9 hace a tu padre especial?&nbsp;El d\u00eda de hoy en honor a todos los padres, traemos tributos de nuestra comunidad para todos esos fant\u00e1sticos padres fant\u00e1sticos. Entonces\u2026 \u00bfQu\u00e9 hace a tu padre especial?&nbsp;Aunque no haya compartido su respuesta a esta interrogante con nosotros; deber\u00eda pensar en esto y expresarselo a su padre. Seguramente le encantar\u00e1 [&hellip;]<\/p>\n","protected":false},"author":1097,"featured_media":268720,"comment_status":"closed","ping_status":"closed","sticky":false,"template":"","format":"standard","meta":{"newspack_ads_suppress_ads":false,"newspack_popups_has_disabled_popups":false,"newspack_sponsor_sponsorship_scope":"","newspack_sponsor_native_byline_display":"inherit","newspack_sponsor_native_category_display":"inherit","newspack_sponsor_underwriter_style":"inherit","newspack_sponsor_underwriter_placement":"inherit","_newspack_byline_active":false,"_newspack_byline":"","newspack_hide_updated_date":false,"newspack_show_updated_date":false,"newspack_content_restriction_is_exempt":false,"newspack_featured_image_position":"","newspack_post_subtitle":"","newspack_article_summary_title":"Overview:","newspack_article_summary":"","_jetpack_memberships_contains_paid_content":false,"footnotes":"","jetpack_publicize_message":"","jetpack_publicize_feature_enabled":true,"jetpack_social_post_already_shared":false,"jetpack_social_options":{"image_generator_settings":{"template":"highway","default_image_id":0,"font":"","enabled":false},"version":2},"_wpas_customize_per_network":false},"categories":[26936,26951,2524,14631,14625,2521,26822,2526],"tags":[24387,7767,9879,6218,6262,6261],"newspack_spnsrs_tax":[],"class_list":["post-344953","post","type-post","status-publish","format-standard","has-post-thumbnail","hentry","category-casa-de-campo-living-es","category-ccl-presenta","category-destacados","category-estilo-de-vida","category-noticias-locales","category-republica-dominicana-2","category-resort-casa-de-campo","category-titulares-es","tag-casa-de-campo-living-es","tag-claudio-silvestri-es","tag-katie-winn-es","tag-pete-dye-es","tag-philip-silvestri-es","tag-rebecca-hughes-es","entry"],"yoast_head":"<!-- This site is optimized with the Yoast SEO plugin v27.5 - https:\/\/yoast.com\/product\/yoast-seo-wordpress\/ -->\n<title>\u00a1Feliz D\u00eda del Padre! | Casa de Campo Living<\/title>\n<meta name=\"description\" content=\"\u00bfQu\u00e9 hace a tu padre especial?&nbsp;El d\u00eda de hoy en honor a todos los padres, traemos tributos de nuestra comunidad para todos esos fant\u00e1sticos padres\" \/>\n<meta name=\"robots\" content=\"index, follow, max-snippet:-1, max-image-preview:large, max-video-preview:-1\" \/>\n<link rel=\"canonical\" href=\"https:\/\/casadecampoliving.com\/es\/feliz-dia-del-padre-2\/\" \/>\n<meta property=\"og:locale\" content=\"es_ES\" \/>\n<meta property=\"og:type\" content=\"article\" \/>\n<meta property=\"og:title\" content=\"\u00a1Feliz D\u00eda del Padre! | Casa de Campo Living\" \/>\n<meta property=\"og:description\" content=\"\u00bfQu\u00e9 hace a tu padre especial?&nbsp;El d\u00eda de hoy en honor a todos los padres, traemos tributos de nuestra comunidad para todos esos fant\u00e1sticos padres\" \/>\n<meta property=\"og:url\" content=\"https:\/\/casadecampoliving.com\/es\/feliz-dia-del-padre-2\/\" \/>\n<meta property=\"og:site_name\" content=\"Casa de Campo Living\" \/>\n<meta property=\"article:publisher\" content=\"https:\/\/www.facebook.com\/casadecampoliving\" \/>\n<meta property=\"article:published_time\" content=\"2014-07-27T04:00:00+00:00\" \/>\n<meta property=\"article:modified_time\" content=\"2022-10-21T22:54:21+00:00\" \/>\n<meta property=\"og:image\" content=\"https:\/\/i0.wp.com\/casadecampoliving.com\/wp-content\/uploads\/2022\/10\/Peter_Hughes_Rebecca_Hughes-1.jpg?fit=800%2C534&ssl=1\" \/>\n\t<meta property=\"og:image:width\" content=\"800\" \/>\n\t<meta property=\"og:image:height\" content=\"534\" \/>\n\t<meta property=\"og:image:type\" content=\"image\/jpeg\" \/>\n<meta name=\"author\" content=\"Perkin Agramonte\" \/>\n<meta name=\"twitter:card\" content=\"summary_large_image\" \/>\n<meta name=\"twitter:creator\" content=\"@cdcliving\" \/>\n<meta name=\"twitter:site\" content=\"@cdcliving\" \/>\n<meta name=\"twitter:label1\" content=\"Escrito por\" \/>\n\t<meta name=\"twitter:data1\" content=\"Perkin Agramonte\" \/>\n\t<meta name=\"twitter:label2\" content=\"Tiempo de lectura\" \/>\n\t<meta name=\"twitter:data2\" content=\"4 minutos\" \/>\n<script type=\"application\/ld+json\" class=\"yoast-schema-graph\">{\"@context\":\"https:\\\/\\\/schema.org\",\"@graph\":[{\"@type\":\"Article\",\"@id\":\"https:\\\/\\\/casadecampoliving.com\\\/es\\\/feliz-dia-del-padre-2\\\/#article\",\"isPartOf\":{\"@id\":\"https:\\\/\\\/casadecampoliving.com\\\/es\\\/feliz-dia-del-padre-2\\\/\"},\"author\":{\"name\":\"Perkin Agramonte\",\"@id\":\"https:\\\/\\\/casadecampoliving.com\\\/es\\\/#\\\/schema\\\/person\\\/c8efa6049510554b7d5fea078d728f72\"},\"headline\":\"\u00a1Feliz D\u00eda del Padre!\",\"datePublished\":\"2014-07-27T04:00:00+00:00\",\"dateModified\":\"2022-10-21T22:54:21+00:00\",\"mainEntityOfPage\":{\"@id\":\"https:\\\/\\\/casadecampoliving.com\\\/es\\\/feliz-dia-del-padre-2\\\/\"},\"wordCount\":759,\"publisher\":{\"@id\":\"https:\\\/\\\/casadecampoliving.com\\\/es\\\/#organization\"},\"image\":{\"@id\":\"https:\\\/\\\/casadecampoliving.com\\\/es\\\/feliz-dia-del-padre-2\\\/#primaryimage\"},\"thumbnailUrl\":\"https:\\\/\\\/i0.wp.com\\\/casadecampoliving.com\\\/wp-content\\\/uploads\\\/2022\\\/10\\\/Peter_Hughes_Rebecca_Hughes-1.jpg?fit=800%2C534&ssl=1\",\"keywords\":[\"Casa de Campo Living\",\"claudio silvestri @es\",\"Katie Winn @es\",\"pete dye @es\",\"philip silvestri @es\",\"rebecca hughes @es\"],\"articleSection\":[\"Casa de Campo Living @es\",\"CCL presenta\",\"Destacados\",\"Estilo de Vida\",\"Noticias Locales\",\"Rep\u00fablica Dominicana @es\",\"Resort Casa de Campo\",\"Titulares\"],\"inLanguage\":\"es\"},{\"@type\":\"WebPage\",\"@id\":\"https:\\\/\\\/casadecampoliving.com\\\/es\\\/feliz-dia-del-padre-2\\\/\",\"url\":\"https:\\\/\\\/casadecampoliving.com\\\/es\\\/feliz-dia-del-padre-2\\\/\",\"name\":\"\u00a1Feliz D\u00eda del Padre! | Casa de Campo Living\",\"isPartOf\":{\"@id\":\"https:\\\/\\\/casadecampoliving.com\\\/es\\\/#website\"},\"primaryImageOfPage\":{\"@id\":\"https:\\\/\\\/casadecampoliving.com\\\/es\\\/feliz-dia-del-padre-2\\\/#primaryimage\"},\"image\":{\"@id\":\"https:\\\/\\\/casadecampoliving.com\\\/es\\\/feliz-dia-del-padre-2\\\/#primaryimage\"},\"thumbnailUrl\":\"https:\\\/\\\/i0.wp.com\\\/casadecampoliving.com\\\/wp-content\\\/uploads\\\/2022\\\/10\\\/Peter_Hughes_Rebecca_Hughes-1.jpg?fit=800%2C534&ssl=1\",\"datePublished\":\"2014-07-27T04:00:00+00:00\",\"dateModified\":\"2022-10-21T22:54:21+00:00\",\"description\":\"\u00bfQu\u00e9 hace a tu padre especial?&nbsp;El d\u00eda de hoy en honor a todos los padres, traemos tributos de nuestra comunidad para todos esos fant\u00e1sticos padres\",\"breadcrumb\":{\"@id\":\"https:\\\/\\\/casadecampoliving.com\\\/es\\\/feliz-dia-del-padre-2\\\/#breadcrumb\"},\"inLanguage\":\"es\",\"potentialAction\":[{\"@type\":\"ReadAction\",\"target\":[\"https:\\\/\\\/casadecampoliving.com\\\/es\\\/feliz-dia-del-padre-2\\\/\"]}]},{\"@type\":\"ImageObject\",\"inLanguage\":\"es\",\"@id\":\"https:\\\/\\\/casadecampoliving.com\\\/es\\\/feliz-dia-del-padre-2\\\/#primaryimage\",\"url\":\"https:\\\/\\\/i0.wp.com\\\/casadecampoliving.com\\\/wp-content\\\/uploads\\\/2022\\\/10\\\/Peter_Hughes_Rebecca_Hughes-1.jpg?fit=800%2C534&ssl=1\",\"contentUrl\":\"https:\\\/\\\/i0.wp.com\\\/casadecampoliving.com\\\/wp-content\\\/uploads\\\/2022\\\/10\\\/Peter_Hughes_Rebecca_Hughes-1.jpg?fit=800%2C534&ssl=1\",\"width\":800,\"height\":534,\"caption\":\"Peter Hughes, Rebecca Hughes\"},{\"@type\":\"BreadcrumbList\",\"@id\":\"https:\\\/\\\/casadecampoliving.com\\\/es\\\/feliz-dia-del-padre-2\\\/#breadcrumb\",\"itemListElement\":[{\"@type\":\"ListItem\",\"position\":1,\"name\":\"Home\",\"item\":\"https:\\\/\\\/casadecampoliving.com\\\/es\\\/\"},{\"@type\":\"ListItem\",\"position\":2,\"name\":\"\u00a1Feliz D\u00eda del Padre!\"}]},{\"@type\":\"WebSite\",\"@id\":\"https:\\\/\\\/casadecampoliving.com\\\/es\\\/#website\",\"url\":\"https:\\\/\\\/casadecampoliving.com\\\/es\\\/\",\"name\":\"Casa de Campo Living\",\"description\":\"Resort community news and resources.\",\"publisher\":{\"@id\":\"https:\\\/\\\/casadecampoliving.com\\\/es\\\/#organization\"},\"potentialAction\":[{\"@type\":\"SearchAction\",\"target\":{\"@type\":\"EntryPoint\",\"urlTemplate\":\"https:\\\/\\\/casadecampoliving.com\\\/es\\\/?s={search_term_string}\"},\"query-input\":{\"@type\":\"PropertyValueSpecification\",\"valueRequired\":true,\"valueName\":\"search_term_string\"}}],\"inLanguage\":\"es\"},{\"@type\":\"Organization\",\"@id\":\"https:\\\/\\\/casadecampoliving.com\\\/es\\\/#organization\",\"name\":\"Casa de Campo Living\",\"url\":\"https:\\\/\\\/casadecampoliving.com\\\/es\\\/\",\"logo\":{\"@type\":\"ImageObject\",\"inLanguage\":\"es\",\"@id\":\"https:\\\/\\\/casadecampoliving.com\\\/es\\\/#\\\/schema\\\/logo\\\/image\\\/\",\"url\":\"https:\\\/\\\/i0.wp.com\\\/casadecampoliving.com\\\/wp-content\\\/uploads\\\/2022\\\/07\\\/CDCLivingLogo_V1-white-sized.png?fit=800%2C214&ssl=1\",\"contentUrl\":\"https:\\\/\\\/i0.wp.com\\\/casadecampoliving.com\\\/wp-content\\\/uploads\\\/2022\\\/07\\\/CDCLivingLogo_V1-white-sized.png?fit=800%2C214&ssl=1\",\"width\":800,\"height\":214,\"caption\":\"Casa de Campo Living\"},\"image\":{\"@id\":\"https:\\\/\\\/casadecampoliving.com\\\/es\\\/#\\\/schema\\\/logo\\\/image\\\/\"},\"sameAs\":[\"https:\\\/\\\/www.facebook.com\\\/casadecampoliving\",\"https:\\\/\\\/x.com\\\/cdcliving\"]},{\"@type\":\"Person\",\"@id\":\"https:\\\/\\\/casadecampoliving.com\\\/es\\\/#\\\/schema\\\/person\\\/c8efa6049510554b7d5fea078d728f72\",\"name\":\"Perkin Agramonte\",\"image\":{\"@type\":\"ImageObject\",\"inLanguage\":\"es\",\"@id\":\"https:\\\/\\\/secure.gravatar.com\\\/avatar\\\/57bfdafcae55fb83dbb79a1585a9eab7f269b7720fb0b64cb9a4e0cd2962fa10?s=96&d=mm&r=g\",\"url\":\"https:\\\/\\\/secure.gravatar.com\\\/avatar\\\/57bfdafcae55fb83dbb79a1585a9eab7f269b7720fb0b64cb9a4e0cd2962fa10?s=96&d=mm&r=g\",\"contentUrl\":\"https:\\\/\\\/secure.gravatar.com\\\/avatar\\\/57bfdafcae55fb83dbb79a1585a9eab7f269b7720fb0b64cb9a4e0cd2962fa10?s=96&d=mm&r=g\",\"caption\":\"Perkin Agramonte\"},\"url\":\"https:\\\/\\\/casadecampoliving.com\\\/es\\\/author\\\/cagramonte\\\/\"}]}<\/script>\n<!-- \/ Yoast SEO plugin. -->","yoast_head_json":{"title":"\u00a1Feliz D\u00eda del Padre! | Casa de Campo Living","description":"\u00bfQu\u00e9 hace a tu padre especial?&nbsp;El d\u00eda de hoy en honor a todos los padres, traemos tributos de nuestra comunidad para todos esos fant\u00e1sticos padres","robots":{"index":"index","follow":"follow","max-snippet":"max-snippet:-1","max-image-preview":"max-image-preview:large","max-video-preview":"max-video-preview:-1"},"canonical":"https:\/\/casadecampoliving.com\/es\/feliz-dia-del-padre-2\/","og_locale":"es_ES","og_type":"article","og_title":"\u00a1Feliz D\u00eda del Padre! | Casa de Campo Living","og_description":"\u00bfQu\u00e9 hace a tu padre especial?&nbsp;El d\u00eda de hoy en honor a todos los padres, traemos tributos de nuestra comunidad para todos esos fant\u00e1sticos padres","og_url":"https:\/\/casadecampoliving.com\/es\/feliz-dia-del-padre-2\/","og_site_name":"Casa de Campo Living","article_publisher":"https:\/\/www.facebook.com\/casadecampoliving","article_published_time":"2014-07-27T04:00:00+00:00","article_modified_time":"2022-10-21T22:54:21+00:00","og_image":[{"width":800,"height":534,"url":"https:\/\/i0.wp.com\/casadecampoliving.com\/wp-content\/uploads\/2022\/10\/Peter_Hughes_Rebecca_Hughes-1.jpg?fit=800%2C534&ssl=1","type":"image\/jpeg"}],"author":"Perkin Agramonte","twitter_card":"summary_large_image","twitter_creator":"@cdcliving","twitter_site":"@cdcliving","twitter_misc":{"Escrito por":"Perkin Agramonte","Tiempo de lectura":"4 minutos"},"schema":{"@context":"https:\/\/schema.org","@graph":[{"@type":"Article","@id":"https:\/\/casadecampoliving.com\/es\/feliz-dia-del-padre-2\/#article","isPartOf":{"@id":"https:\/\/casadecampoliving.com\/es\/feliz-dia-del-padre-2\/"},"author":{"name":"Perkin Agramonte","@id":"https:\/\/casadecampoliving.com\/es\/#\/schema\/person\/c8efa6049510554b7d5fea078d728f72"},"headline":"\u00a1Feliz D\u00eda del Padre!","datePublished":"2014-07-27T04:00:00+00:00","dateModified":"2022-10-21T22:54:21+00:00","mainEntityOfPage":{"@id":"https:\/\/casadecampoliving.com\/es\/feliz-dia-del-padre-2\/"},"wordCount":759,"publisher":{"@id":"https:\/\/casadecampoliving.com\/es\/#organization"},"image":{"@id":"https:\/\/casadecampoliving.com\/es\/feliz-dia-del-padre-2\/#primaryimage"},"thumbnailUrl":"https:\/\/i0.wp.com\/casadecampoliving.com\/wp-content\/uploads\/2022\/10\/Peter_Hughes_Rebecca_Hughes-1.jpg?fit=800%2C534&ssl=1","keywords":["Casa de Campo Living","claudio silvestri @es","Katie Winn @es","pete dye @es","philip silvestri @es","rebecca hughes @es"],"articleSection":["Casa de Campo Living @es","CCL presenta","Destacados","Estilo de Vida","Noticias Locales","Rep\u00fablica Dominicana @es","Resort Casa de Campo","Titulares"],"inLanguage":"es"},{"@type":"WebPage","@id":"https:\/\/casadecampoliving.com\/es\/feliz-dia-del-padre-2\/","url":"https:\/\/casadecampoliving.com\/es\/feliz-dia-del-padre-2\/","name":"\u00a1Feliz D\u00eda del Padre! | Casa de Campo Living","isPartOf":{"@id":"https:\/\/casadecampoliving.com\/es\/#website"},"primaryImageOfPage":{"@id":"https:\/\/casadecampoliving.com\/es\/feliz-dia-del-padre-2\/#primaryimage"},"image":{"@id":"https:\/\/casadecampoliving.com\/es\/feliz-dia-del-padre-2\/#primaryimage"},"thumbnailUrl":"https:\/\/i0.wp.com\/casadecampoliving.com\/wp-content\/uploads\/2022\/10\/Peter_Hughes_Rebecca_Hughes-1.jpg?fit=800%2C534&ssl=1","datePublished":"2014-07-27T04:00:00+00:00","dateModified":"2022-10-21T22:54:21+00:00","description":"\u00bfQu\u00e9 hace a tu padre especial?&nbsp;El d\u00eda de hoy en honor a todos los padres, traemos tributos de nuestra comunidad para todos esos fant\u00e1sticos padres","breadcrumb":{"@id":"https:\/\/casadecampoliving.com\/es\/feliz-dia-del-padre-2\/#breadcrumb"},"inLanguage":"es","potentialAction":[{"@type":"ReadAction","target":["https:\/\/casadecampoliving.com\/es\/feliz-dia-del-padre-2\/"]}]},{"@type":"ImageObject","inLanguage":"es","@id":"https:\/\/casadecampoliving.com\/es\/feliz-dia-del-padre-2\/#primaryimage","url":"https:\/\/i0.wp.com\/casadecampoliving.com\/wp-content\/uploads\/2022\/10\/Peter_Hughes_Rebecca_Hughes-1.jpg?fit=800%2C534&ssl=1","contentUrl":"https:\/\/i0.wp.com\/casadecampoliving.com\/wp-content\/uploads\/2022\/10\/Peter_Hughes_Rebecca_Hughes-1.jpg?fit=800%2C534&ssl=1","width":800,"height":534,"caption":"Peter Hughes, Rebecca Hughes"},{"@type":"BreadcrumbList","@id":"https:\/\/casadecampoliving.com\/es\/feliz-dia-del-padre-2\/#breadcrumb","itemListElement":[{"@type":"ListItem","position":1,"name":"Home","item":"https:\/\/casadecampoliving.com\/es\/"},{"@type":"ListItem","position":2,"name":"\u00a1Feliz D\u00eda del Padre!"}]},{"@type":"WebSite","@id":"https:\/\/casadecampoliving.com\/es\/#website","url":"https:\/\/casadecampoliving.com\/es\/","name":"Casa de Campo Living","description":"Resort community news and resources.","publisher":{"@id":"https:\/\/casadecampoliving.com\/es\/#organization"},"potentialAction":[{"@type":"SearchAction","target":{"@type":"EntryPoint","urlTemplate":"https:\/\/casadecampoliving.com\/es\/?s={search_term_string}"},"query-input":{"@type":"PropertyValueSpecification","valueRequired":true,"valueName":"search_term_string"}}],"inLanguage":"es"},{"@type":"Organization","@id":"https:\/\/casadecampoliving.com\/es\/#organization","name":"Casa de Campo Living","url":"https:\/\/casadecampoliving.com\/es\/","logo":{"@type":"ImageObject","inLanguage":"es","@id":"https:\/\/casadecampoliving.com\/es\/#\/schema\/logo\/image\/","url":"https:\/\/i0.wp.com\/casadecampoliving.com\/wp-content\/uploads\/2022\/07\/CDCLivingLogo_V1-white-sized.png?fit=800%2C214&ssl=1","contentUrl":"https:\/\/i0.wp.com\/casadecampoliving.com\/wp-content\/uploads\/2022\/07\/CDCLivingLogo_V1-white-sized.png?fit=800%2C214&ssl=1","width":800,"height":214,"caption":"Casa de Campo Living"},"image":{"@id":"https:\/\/casadecampoliving.com\/es\/#\/schema\/logo\/image\/"},"sameAs":["https:\/\/www.facebook.com\/casadecampoliving","https:\/\/x.com\/cdcliving"]},{"@type":"Person","@id":"https:\/\/casadecampoliving.com\/es\/#\/schema\/person\/c8efa6049510554b7d5fea078d728f72","name":"Perkin Agramonte","image":{"@type":"ImageObject","inLanguage":"es","@id":"https:\/\/secure.gravatar.com\/avatar\/57bfdafcae55fb83dbb79a1585a9eab7f269b7720fb0b64cb9a4e0cd2962fa10?s=96&d=mm&r=g","url":"https:\/\/secure.gravatar.com\/avatar\/57bfdafcae55fb83dbb79a1585a9eab7f269b7720fb0b64cb9a4e0cd2962fa10?s=96&d=mm&r=g","contentUrl":"https:\/\/secure.gravatar.com\/avatar\/57bfdafcae55fb83dbb79a1585a9eab7f269b7720fb0b64cb9a4e0cd2962fa10?s=96&d=mm&r=g","caption":"Perkin Agramonte"},"url":"https:\/\/casadecampoliving.com\/es\/author\/cagramonte\/"}]}},"parsely":{"version":"1.1.0","canonical_url":"https:\/\/casadecampoliving.com\/es\/feliz-dia-del-padre-2\/","smart_links":{"inbound":0,"outbound":0},"traffic_boost_suggestions_count":0,"meta":{"@context":"https:\/\/schema.org","@type":"NewsArticle","headline":"\u00a1Feliz D\u00eda del Padre!","url":"http:\/\/casadecampoliving.com\/es\/feliz-dia-del-padre-2\/","mainEntityOfPage":{"@type":"WebPage","@id":"http:\/\/casadecampoliving.com\/es\/feliz-dia-del-padre-2\/"},"thumbnailUrl":"https:\/\/i0.wp.com\/casadecampoliving.com\/wp-content\/uploads\/2022\/10\/Peter_Hughes_Rebecca_Hughes-1.jpg?resize=150%2C150&ssl=1","image":{"@type":"ImageObject","url":"https:\/\/i0.wp.com\/casadecampoliving.com\/wp-content\/uploads\/2022\/10\/Peter_Hughes_Rebecca_Hughes-1.jpg?fit=800%2C534&ssl=1"},"articleSection":"CCL presenta","author":[{"@type":"Person","name":"Perkin Agramonte"}],"creator":["Perkin Agramonte"],"publisher":{"@type":"Organization","name":"Casa de Campo Living","logo":"https:\/\/casadecampoliving.com\/wp-content\/uploads\/2022\/07\/CDCLivingLogo_V1-white-sized.png"},"keywords":["casa de campo living","claudio silvestri @es","katie winn @es","pete dye @es","philip silvestri @es","rebecca hughes @es"],"dateCreated":"2014-07-27T04:00:00Z","datePublished":"2014-07-27T04:00:00Z","dateModified":"2022-10-21T22:54:21Z"},"rendered":"<script type=\"application\/ld+json\" class=\"wp-parsely-metadata\">{\"@context\":\"https:\\\/\\\/schema.org\",\"@type\":\"NewsArticle\",\"headline\":\"\\u00a1Feliz D\\u00eda del Padre!\",\"url\":\"http:\\\/\\\/casadecampoliving.com\\\/es\\\/feliz-dia-del-padre-2\\\/\",\"mainEntityOfPage\":{\"@type\":\"WebPage\",\"@id\":\"http:\\\/\\\/casadecampoliving.com\\\/es\\\/feliz-dia-del-padre-2\\\/\"},\"thumbnailUrl\":\"https:\\\/\\\/i0.wp.com\\\/casadecampoliving.com\\\/wp-content\\\/uploads\\\/2022\\\/10\\\/Peter_Hughes_Rebecca_Hughes-1.jpg?resize=150%2C150&ssl=1\",\"image\":{\"@type\":\"ImageObject\",\"url\":\"https:\\\/\\\/i0.wp.com\\\/casadecampoliving.com\\\/wp-content\\\/uploads\\\/2022\\\/10\\\/Peter_Hughes_Rebecca_Hughes-1.jpg?fit=800%2C534&ssl=1\"},\"articleSection\":\"CCL presenta\",\"author\":[{\"@type\":\"Person\",\"name\":\"Perkin Agramonte\"}],\"creator\":[\"Perkin Agramonte\"],\"publisher\":{\"@type\":\"Organization\",\"name\":\"Casa de Campo Living\",\"logo\":\"https:\\\/\\\/casadecampoliving.com\\\/wp-content\\\/uploads\\\/2022\\\/07\\\/CDCLivingLogo_V1-white-sized.png\"},\"keywords\":[\"casa de campo living\",\"claudio silvestri @es\",\"katie winn @es\",\"pete dye @es\",\"philip silvestri @es\",\"rebecca hughes @es\"],\"dateCreated\":\"2014-07-27T04:00:00Z\",\"datePublished\":\"2014-07-27T04:00:00Z\",\"dateModified\":\"2022-10-21T22:54:21Z\"}<\/script>","tracker_url":"https:\/\/cdn.parsely.com\/keys\/casadecampoliving.com\/p.js"},"jetpack_publicize_connections":[],"jetpack_featured_media_url":"https:\/\/i0.wp.com\/casadecampoliving.com\/wp-content\/uploads\/2022\/10\/Peter_Hughes_Rebecca_Hughes-1.jpg?fit=800%2C534&ssl=1","jetpack-related-posts":[{"id":344773,"url":"https:\/\/casadecampoliving.com\/es\/claudio-philip-silvestri-2-generaciones-de-visionarios\/","url_meta":{"origin":344953,"position":0},"title":"Claudio &#038; Philip Silvestri, 2 generaciones de visionarios","author":"Perkin Agramonte","date":"6 Jul, 2014","format":false,"excerpt":"Luego de haber\u00a0dedicado estos \u00faltimos 30 a\u00f1os de su vida a Casa de Campo, Claudio Silvestri ha sido proclamado como parte del equipo de grandes visionarios que se esforzaron y lograron expandir el resort Casa de Campo de la peque\u00f1a \u201ccasa de Campo\u201d que fue en la d\u00e9cada de 1980,\u2026","rel":"","context":"En \u00abCasa de Campo Living @es\u00bb","block_context":{"text":"Casa de Campo Living @es","link":"https:\/\/casadecampoliving.com\/category\/casa-de-campo-living-es\/"},"img":{"alt_text":"Claudio Silvestri, Philip Silvestri","src":"https:\/\/i0.wp.com\/casadecampoliving.com\/wp-content\/uploads\/2022\/10\/Claudio_Silvestri_Philip_Silvestri1-1.jpg?fit=900%2C1200&ssl=1&resize=350%2C200","width":350,"height":200,"srcset":"https:\/\/i0.wp.com\/casadecampoliving.com\/wp-content\/uploads\/2022\/10\/Claudio_Silvestri_Philip_Silvestri1-1.jpg?fit=900%2C1200&ssl=1&resize=350%2C200 1x, https:\/\/i0.wp.com\/casadecampoliving.com\/wp-content\/uploads\/2022\/10\/Claudio_Silvestri_Philip_Silvestri1-1.jpg?fit=900%2C1200&ssl=1&resize=525%2C300 1.5x, https:\/\/i0.wp.com\/casadecampoliving.com\/wp-content\/uploads\/2022\/10\/Claudio_Silvestri_Philip_Silvestri1-1.jpg?fit=900%2C1200&ssl=1&resize=700%2C400 2x"},"classes":[]},{"id":353796,"url":"https:\/\/casadecampoliving.com\/es\/el-regalo-perfecto-del-dia-del-padre-para-nuestros-papas-amantes-de-casa\/","url_meta":{"origin":344953,"position":1},"title":"\u00a1El regalo perfecto del D\u00eda del Padre para nuestros pap\u00e1s amantes de Casa!","author":"Casa de Campo Living","date":"21 Jun, 2020","format":false,"excerpt":"El 21 de junio se celebra el D\u00eda del Padre en varios pa\u00edses del mundo, as\u00ed que para todos esos padres \u00a1FELIZ D\u00cdA DEL PADRE!, esperamos que hayan tenido un d\u00eda maravilloso y tranquilo con sus amigos y familiares! El D\u00eda del Padre es una ocasi\u00f3n especial para agradecer a\u2026","rel":"","context":"En \u00abCasa de Campo Living @es\u00bb","block_context":{"text":"Casa de Campo Living @es","link":"https:\/\/casadecampoliving.com\/category\/casa-de-campo-living-es\/"},"img":{"alt_text":"","src":"https:\/\/i0.wp.com\/casadecampoliving.com\/wp-content\/uploads\/2022\/10\/shutterstock_373736368-1.jpg?fit=1000%2C600&ssl=1&resize=350%2C200","width":350,"height":200,"srcset":"https:\/\/i0.wp.com\/casadecampoliving.com\/wp-content\/uploads\/2022\/10\/shutterstock_373736368-1.jpg?fit=1000%2C600&ssl=1&resize=350%2C200 1x, https:\/\/i0.wp.com\/casadecampoliving.com\/wp-content\/uploads\/2022\/10\/shutterstock_373736368-1.jpg?fit=1000%2C600&ssl=1&resize=525%2C300 1.5x, https:\/\/i0.wp.com\/casadecampoliving.com\/wp-content\/uploads\/2022\/10\/shutterstock_373736368-1.jpg?fit=1000%2C600&ssl=1&resize=700%2C400 2x"},"classes":[]},{"id":344894,"url":"https:\/\/casadecampoliving.com\/es\/daniel-hernandez-un-modelo-apasionado-y-dedicado\/","url_meta":{"origin":344953,"position":2},"title":"Daniel Hernandez, un modelo apasionado y dedicado","author":"Katherine Calca\u00f1o","date":"20 Jul, 2014","format":false,"excerpt":"La mayor\u00eda de nosotros conocemos Daniel Hern\u00e1ndez como el director general del hotel Casa de Campo y el presidente de la Asociaci\u00f3n de Hoteles\u00a0Romana \u2013 Bayahibe. Sin embargo, tambi\u00e9n es un excelente padre. En esta 3\u00aa entrega de nuestra serie art\u00edculos\u00a0padre-hijo en honor al D\u00eda del Padre en la Rep\u00fablica\u2026","rel":"","context":"En \u00abDestacados\u00bb","block_context":{"text":"Destacados","link":"https:\/\/casadecampoliving.com\/es\/category\/destacados\/"},"img":{"alt_text":"","src":"https:\/\/i0.wp.com\/casadecampoliving.com\/wp-content\/uploads\/2022\/10\/daniel_hernandez_juan_manuel_hernandez-Edited.jpeg?fit=1200%2C849&ssl=1&resize=350%2C200","width":350,"height":200,"srcset":"https:\/\/i0.wp.com\/casadecampoliving.com\/wp-content\/uploads\/2022\/10\/daniel_hernandez_juan_manuel_hernandez-Edited.jpeg?fit=1200%2C849&ssl=1&resize=350%2C200 1x, https:\/\/i0.wp.com\/casadecampoliving.com\/wp-content\/uploads\/2022\/10\/daniel_hernandez_juan_manuel_hernandez-Edited.jpeg?fit=1200%2C849&ssl=1&resize=525%2C300 1.5x, https:\/\/i0.wp.com\/casadecampoliving.com\/wp-content\/uploads\/2022\/10\/daniel_hernandez_juan_manuel_hernandez-Edited.jpeg?fit=1200%2C849&ssl=1&resize=700%2C400 2x, https:\/\/i0.wp.com\/casadecampoliving.com\/wp-content\/uploads\/2022\/10\/daniel_hernandez_juan_manuel_hernandez-Edited.jpeg?fit=1200%2C849&ssl=1&resize=1050%2C600 3x"},"classes":[]},{"id":353815,"url":"https:\/\/casadecampoliving.com\/es\/5-formas-de-celebrar-el-dia-del-padre-en-casa-de-campo\/","url_meta":{"origin":344953,"position":3},"title":"\u00a15 formas de celebrar el D\u00eda del Padre en Casa de Campo!","author":"Casa de Campo Living","date":"24 Jul, 2020","format":false,"excerpt":"\u00a1Feliz D\u00eda del Padre Dominicano a todos los incre\u00edbles padres de Casa de Campo! Por supuesto, el D\u00eda del Padre podr\u00eda ser un poco diferente este a\u00f1o, pero tu chico especial (pap\u00e1s, abuelos, suegros, t\u00edos, etc.) a\u00fan merece ser celebrado a lo grande, por eso hemos reunido varias actividades del\u2026","rel":"","context":"En \u00abCasa de Campo Living @es\u00bb","block_context":{"text":"Casa de Campo Living @es","link":"https:\/\/casadecampoliving.com\/category\/casa-de-campo-living-es\/"},"img":{"alt_text":"","src":"https:\/\/i0.wp.com\/casadecampoliving.com\/wp-content\/uploads\/2022\/10\/derek-thomson-M1jCmRxO7cY-unsplash-1.jpg?fit=1000%2C600&ssl=1&resize=350%2C200","width":350,"height":200,"srcset":"https:\/\/i0.wp.com\/casadecampoliving.com\/wp-content\/uploads\/2022\/10\/derek-thomson-M1jCmRxO7cY-unsplash-1.jpg?fit=1000%2C600&ssl=1&resize=350%2C200 1x, https:\/\/i0.wp.com\/casadecampoliving.com\/wp-content\/uploads\/2022\/10\/derek-thomson-M1jCmRxO7cY-unsplash-1.jpg?fit=1000%2C600&ssl=1&resize=525%2C300 1.5x, https:\/\/i0.wp.com\/casadecampoliving.com\/wp-content\/uploads\/2022\/10\/derek-thomson-M1jCmRxO7cY-unsplash-1.jpg?fit=1000%2C600&ssl=1&resize=700%2C400 2x"},"classes":[]},{"id":344988,"url":"https:\/\/casadecampoliving.com\/es\/nelsongarcia\/","url_meta":{"origin":344953,"position":4},"title":"Ser Padre, por Nelson Garc\u00eda","author":"Maria Isabel B\u00e1ez","date":"31 Jul, 2014","format":false,"excerpt":"Al pasar el mes de Julio entero celebrando el D\u00eda del Padre en la Rep\u00fablica Dominicana con una hermosa serie de entrevistas padre-hijo\/hija, hoy es el turno de un padre, Nelson Garc\u00eda para decirnos que significa para el ser pap\u00e1. Nelson Garc\u00eda es el empresario responsable de Events Destination Management,\u2026","rel":"","context":"En \u00abbusinesses\u00bb","block_context":{"text":"businesses","link":"https:\/\/casadecampoliving.com\/es\/category\/businesses\/"},"img":{"alt_text":"","src":"https:\/\/i0.wp.com\/casadecampoliving.com\/wp-content\/uploads\/2022\/10\/Nelson_garcia_and_children-1.jpg?fit=650%2C565&ssl=1&resize=350%2C200","width":350,"height":200,"srcset":"https:\/\/i0.wp.com\/casadecampoliving.com\/wp-content\/uploads\/2022\/10\/Nelson_garcia_and_children-1.jpg?fit=650%2C565&ssl=1&resize=350%2C200 1x, https:\/\/i0.wp.com\/casadecampoliving.com\/wp-content\/uploads\/2022\/10\/Nelson_garcia_and_children-1.jpg?fit=650%2C565&ssl=1&resize=525%2C300 1.5x"},"classes":[]},{"id":520142,"url":"https:\/\/casadecampoliving.com\/es\/unete-a-nosotros-para-un-emocionante-torneo-de-tiro-del-dia-del-padre-2023\/","url_meta":{"origin":344953,"position":5},"title":"\u00a1\u00danete a nosotros para un emocionante Torneo de Tiro del D\u00eda del Padre 2023!","author":"Casa de Campo Living","date":"24 Jul, 2023","format":false,"excerpt":"\u00bfEst\u00e1s listo para celebrar el D\u00eda del Padre de una manera emocionante? \u00a1No busques m\u00e1s! Del 27 al 29 de julio de 2023, Casa de Campo te invita a ti, a tu familia y a tus amigos a participar en su emocionante torneo de tiro deportivo. Prep\u00e1rate para una experiencia\u2026","rel":"","context":"En \u00abCasa de Campo Resort &amp; Villas\u00bb","block_context":{"text":"Casa de Campo Resort &amp; Villas","link":"https:\/\/casadecampoliving.com\/es\/category\/casa-de-campo-resort-villas\/"},"img":{"alt_text":"","src":"https:\/\/i0.wp.com\/casadecampoliving.com\/wp-content\/uploads\/2023\/07\/28_-Sports_-Shooting1-scaled.jpg?fit=1200%2C801&ssl=1&resize=350%2C200","width":350,"height":200,"srcset":"https:\/\/i0.wp.com\/casadecampoliving.com\/wp-content\/uploads\/2023\/07\/28_-Sports_-Shooting1-scaled.jpg?fit=1200%2C801&ssl=1&resize=350%2C200 1x, https:\/\/i0.wp.com\/casadecampoliving.com\/wp-content\/uploads\/2023\/07\/28_-Sports_-Shooting1-scaled.jpg?fit=1200%2C801&ssl=1&resize=525%2C300 1.5x, https:\/\/i0.wp.com\/casadecampoliving.com\/wp-content\/uploads\/2023\/07\/28_-Sports_-Shooting1-scaled.jpg?fit=1200%2C801&ssl=1&resize=700%2C400 2x, https:\/\/i0.wp.com\/casadecampoliving.com\/wp-content\/uploads\/2023\/07\/28_-Sports_-Shooting1-scaled.jpg?fit=1200%2C801&ssl=1&resize=1050%2C600 3x"},"classes":[]}],"jetpack_sharing_enabled":true,"_links":{"self":[{"href":"https:\/\/casadecampoliving.com\/es\/wp-json\/wp\/v2\/posts\/344953","targetHints":{"allow":["GET"]}}],"collection":[{"href":"https:\/\/casadecampoliving.com\/es\/wp-json\/wp\/v2\/posts"}],"about":[{"href":"https:\/\/casadecampoliving.com\/es\/wp-json\/wp\/v2\/types\/post"}],"author":[{"embeddable":true,"href":"https:\/\/casadecampoliving.com\/es\/wp-json\/wp\/v2\/users\/1097"}],"replies":[{"embeddable":true,"href":"https:\/\/casadecampoliving.com\/es\/wp-json\/wp\/v2\/comments?post=344953"}],"version-history":[{"count":1,"href":"https:\/\/casadecampoliving.com\/es\/wp-json\/wp\/v2\/posts\/344953\/revisions"}],"predecessor-version":[{"id":344954,"href":"https:\/\/casadecampoliving.com\/es\/wp-json\/wp\/v2\/posts\/344953\/revisions\/344954"}],"wp:featuredmedia":[{"embeddable":true,"href":"https:\/\/casadecampoliving.com\/es\/wp-json\/wp\/v2\/media\/268720"}],"wp:attachment":[{"href":"https:\/\/casadecampoliving.com\/es\/wp-json\/wp\/v2\/media?parent=344953"}],"wp:term":[{"taxonomy":"category","embeddable":true,"href":"https:\/\/casadecampoliving.com\/es\/wp-json\/wp\/v2\/categories?post=344953"},{"taxonomy":"post_tag","embeddable":true,"href":"https:\/\/casadecampoliving.com\/es\/wp-json\/wp\/v2\/tags?post=344953"},{"taxonomy":"newspack_spnsrs_tax","embeddable":true,"href":"https:\/\/casadecampoliving.com\/es\/wp-json\/wp\/v2\/newspack_spnsrs_tax?post=344953"}],"curies":[{"name":"wp","href":"https:\/\/api.w.org\/{rel}","templated":true}]}}