{"id":344930,"date":"2014-08-30T00:00:00","date_gmt":"2014-08-30T04:00:00","guid":{"rendered":"https:\/\/casadecampoliving.com\/tainos-pueblo-indigeno\/"},"modified":"2022-10-21T18:53:14","modified_gmt":"2022-10-21T22:53:14","slug":"tainos-pueblo-indigeno","status":"publish","type":"post","link":"https:\/\/casadecampoliving.com\/es\/tainos-pueblo-indigeno\/","title":{"rendered":"Los Ta\u00ednos &#8211; el pueblo ind\u00edgeno de la Rep\u00fablica Dominicana"},"content":{"rendered":"<div class=\"wp-block-image\">\n<figure class=\"aligncenter is-resized\"><img loading=\"lazy\" decoding=\"async\" src=\"https:\/\/i0.wp.com\/casadecampoliving.com\/wp-content\/uploads\/2022\/10\/Reconstruction_of_Taino_village_Cuba-e1406125620984.jpg?resize=650%2C488&amp;ssl=1\" alt=\"Reconstruction of Taino village, Cuba\" class=\"wp-image-94291\" height=\"488\" width=\"650\"\/><\/figure>\n<\/div>\n\n\n<p>En el mes de Agosto es cuando celebramos D\u00eda Internacional de los Pueblos Ind\u00edgenas, establecido por las Naciones Unidas \u2013 y como no pudimos anunciarlo en la fecha correcta (9 de Agosto) , les daremos informaci\u00f3nes interesantes sobre los ta\u00ednos, el pueblo nativo de la Rep\u00fablica Dominicana.<\/p>\n\n\n\n<!--more-->\n\n\n<div class=\"wp-block-image\">\n<figure class=\"alignright is-resized\"><img loading=\"lazy\" decoding=\"async\" src=\"https:\/\/i0.wp.com\/casadecampoliving.com\/wp-content\/uploads\/2022\/10\/Taino_Etching-300x267-1.jpg?resize=300%2C267&amp;ssl=1\" alt=\"Ta\u00edno Etching\" class=\"wp-image-94289\" height=\"267\" width=\"300\"\/><\/figure>\n<\/div>\n\n\n<p>Bueno, primero, seamos honestos \u2013 los ta\u00ednos no fueron solo el pueblo ind\u00edgena de la isla de La Espa\u00f1ola, tambi\u00e9n vivieron en Jamaica, Puerto Rico, Cuba, las Bahamas y varias otras islas caribe\u00f1as. \u00bfEst\u00e1 claro eso? Perfecto.<\/p>\n\n\n\n<p>Los ta\u00ednos fueron un pueblo hist\u00f3rico que aport\u00f3 much\u00edsimo de lo que hoy en d\u00eda constituye la cultura dominicana y caribe\u00f1a, incluyendo nombres de cuidades (Hig\u00fcey), lagos (Enriquillo), deliciosas comidas (casabe) y hasta marcas comerciales (galletas de soda Hatuey), su influencia se ve por todos lados en pa\u00edses como el nuestro.<\/p>\n\n\n\n<p>Cuando el lleg\u00f3 a la isla de La Espa\u00f1ola en 1492, Cristobal Col\u00f3n dijo lo siguiente sobre los ta\u00ednos en una carta a la reina Isabela II:<\/p>\n\n\n\n<blockquote><figure><img decoding=\"async\" loading=\"lazy\" class=\"alignright size-thumbnail wp-image-94290\" src=\"https:\/\/i0.wp.com\/casadecampoliving.com\/wp-content\/uploads\/2022\/10\/Christopher_Columbus-150x150-2-150x150.jpg?resize=150%2C150&amp;ssl=1\" alt=\"Christopher Columbus\" width=\"150\" height=\"150\"><\/figure><p>Hicieron intercambios con nosotros y nos dieron todos lo que ten\u00edan con buena fe\u2026 se deleitaban de hacernos felices\u2026 Son muy gentiles, no saben lo que es el mal y no roban ni matan\u2026 Su realeza puede creerlo que en el mundo no hay un mejor pueblo\u2026 Aman a sus vecinos como a si mismos, y tienen el habla mas dulce del mundo, son gentiles y siempre andan ri\u00e9ndose.<\/p><p style=\"text-align: right;\"><strong>\u2013 Cristobal Col\u00f3n<\/strong><\/p><\/blockquote>\n\n\n\n<p class=\"has-text-align-left\">Por eso, hoy d\u00eda acord\u00e9monos de todos los que nos dieron los ta\u00ednos\u2026 \u00bfQuiz\u00e1s al disfrutar de un delicioso casabe con pescado?<\/p>\n","protected":false},"excerpt":{"rendered":"<p>En el mes de Agosto es cuando celebramos D\u00eda Internacional de los Pueblos Ind\u00edgenas, establecido por las Naciones Unidas \u2013 y como no pudimos anunciarlo en la fecha correcta (9 de Agosto) , les daremos informaci\u00f3nes interesantes sobre los ta\u00ednos, el pueblo nativo de la Rep\u00fablica Dominicana.<\/p>\n","protected":false},"author":18093,"featured_media":267936,"comment_status":"closed","ping_status":"closed","sticky":false,"template":"","format":"standard","meta":{"newspack_ads_suppress_ads":false,"newspack_popups_has_disabled_popups":false,"newspack_sponsor_sponsorship_scope":"","newspack_sponsor_native_byline_display":"inherit","newspack_sponsor_native_category_display":"inherit","newspack_sponsor_underwriter_style":"inherit","newspack_sponsor_underwriter_placement":"inherit","_newspack_byline_active":false,"_newspack_byline":"","newspack_hide_updated_date":false,"newspack_show_updated_date":false,"newspack_content_restriction_is_exempt":false,"newspack_featured_image_position":"","newspack_post_subtitle":"","newspack_article_summary_title":"Overview:","newspack_article_summary":"","_jetpack_memberships_contains_paid_content":false,"footnotes":"","jetpack_publicize_message":"","jetpack_publicize_feature_enabled":true,"jetpack_social_post_already_shared":false,"jetpack_social_options":{"image_generator_settings":{"template":"highway","default_image_id":0,"font":"","enabled":false},"version":2},"_wpas_customize_per_network":false},"categories":[2524,14631,14625,2521],"tags":[7629,14777,5371],"newspack_spnsrs_tax":[],"class_list":["post-344930","post","type-post","status-publish","format-standard","has-post-thumbnail","hentry","category-destacados","category-estilo-de-vida","category-noticias-locales","category-republica-dominicana-2","tag-caribe","tag-republica-dominicana-es-18","tag-tainos","entry"],"yoast_head":"<!-- This site is optimized with the Yoast SEO plugin v27.5 - https:\/\/yoast.com\/product\/yoast-seo-wordpress\/ -->\n<title>Los Ta\u00ednos - el pueblo ind\u00edgeno de la Rep\u00fablica Dominicana | Casa de Campo Living<\/title>\n<meta name=\"description\" content=\"En el mes de Agosto es cuando celebramos D\u00eda Internacional de los Pueblos Ind\u00edgenas, establecido por las Naciones Unidas \u2013 y como no pudimos anunciarlo en\" \/>\n<meta name=\"robots\" content=\"index, follow, max-snippet:-1, max-image-preview:large, max-video-preview:-1\" \/>\n<link rel=\"canonical\" href=\"https:\/\/casadecampoliving.com\/es\/tainos-pueblo-indigeno\/\" \/>\n<meta property=\"og:locale\" content=\"es_ES\" \/>\n<meta property=\"og:type\" content=\"article\" \/>\n<meta property=\"og:title\" content=\"Los Ta\u00ednos - el pueblo ind\u00edgeno de la Rep\u00fablica Dominicana | Casa de Campo Living\" \/>\n<meta property=\"og:description\" content=\"En el mes de Agosto es cuando celebramos D\u00eda Internacional de los Pueblos Ind\u00edgenas, establecido por las Naciones Unidas \u2013 y como no pudimos anunciarlo en\" \/>\n<meta property=\"og:url\" content=\"https:\/\/casadecampoliving.com\/es\/tainos-pueblo-indigeno\/\" \/>\n<meta property=\"og:site_name\" content=\"Casa de Campo Living\" \/>\n<meta property=\"article:publisher\" content=\"https:\/\/www.facebook.com\/casadecampoliving\" \/>\n<meta property=\"article:published_time\" content=\"2014-08-30T04:00:00+00:00\" \/>\n<meta property=\"article:modified_time\" content=\"2022-10-21T22:53:14+00:00\" \/>\n<meta property=\"og:image\" content=\"https:\/\/i0.wp.com\/casadecampoliving.com\/wp-content\/uploads\/2022\/10\/Reconstruction_of_Taino_village_Cuba-e1406125620984-1.jpg?fit=650%2C488&ssl=1\" \/>\n\t<meta property=\"og:image:width\" content=\"650\" \/>\n\t<meta property=\"og:image:height\" content=\"488\" \/>\n\t<meta property=\"og:image:type\" content=\"image\/jpeg\" \/>\n<meta name=\"author\" content=\"Emil Mella\" \/>\n<meta name=\"twitter:card\" content=\"summary_large_image\" \/>\n<meta name=\"twitter:creator\" content=\"@cdcliving\" \/>\n<meta name=\"twitter:site\" content=\"@cdcliving\" \/>\n<meta name=\"twitter:label1\" content=\"Escrito por\" \/>\n\t<meta name=\"twitter:data1\" content=\"Emil Mella\" \/>\n\t<meta name=\"twitter:label2\" content=\"Tiempo de lectura\" \/>\n\t<meta name=\"twitter:data2\" content=\"1 minuto\" \/>\n<script type=\"application\/ld+json\" class=\"yoast-schema-graph\">{\"@context\":\"https:\\\/\\\/schema.org\",\"@graph\":[{\"@type\":\"Article\",\"@id\":\"https:\\\/\\\/casadecampoliving.com\\\/es\\\/tainos-pueblo-indigeno\\\/#article\",\"isPartOf\":{\"@id\":\"https:\\\/\\\/casadecampoliving.com\\\/es\\\/tainos-pueblo-indigeno\\\/\"},\"author\":{\"name\":\"Emil Mella\",\"@id\":\"https:\\\/\\\/casadecampoliving.com\\\/es\\\/#\\\/schema\\\/person\\\/d12a5efec1fdc64b900715bce298e45b\"},\"headline\":\"Los Ta\u00ednos &#8211; el pueblo ind\u00edgeno de la Rep\u00fablica Dominicana\",\"datePublished\":\"2014-08-30T04:00:00+00:00\",\"dateModified\":\"2022-10-21T22:53:14+00:00\",\"mainEntityOfPage\":{\"@id\":\"https:\\\/\\\/casadecampoliving.com\\\/es\\\/tainos-pueblo-indigeno\\\/\"},\"wordCount\":290,\"publisher\":{\"@id\":\"https:\\\/\\\/casadecampoliving.com\\\/es\\\/#organization\"},\"image\":{\"@id\":\"https:\\\/\\\/casadecampoliving.com\\\/es\\\/tainos-pueblo-indigeno\\\/#primaryimage\"},\"thumbnailUrl\":\"https:\\\/\\\/i0.wp.com\\\/casadecampoliving.com\\\/wp-content\\\/uploads\\\/2022\\\/10\\\/Reconstruction_of_Taino_village_Cuba-e1406125620984-1.jpg?fit=650%2C488&ssl=1\",\"keywords\":[\"Caribe\",\"Republica Dominicana\",\"tainos\"],\"articleSection\":[\"Destacados\",\"Estilo de Vida\",\"Noticias Locales\",\"Rep\u00fablica Dominicana @es\"],\"inLanguage\":\"es\"},{\"@type\":\"WebPage\",\"@id\":\"https:\\\/\\\/casadecampoliving.com\\\/es\\\/tainos-pueblo-indigeno\\\/\",\"url\":\"https:\\\/\\\/casadecampoliving.com\\\/es\\\/tainos-pueblo-indigeno\\\/\",\"name\":\"Los Ta\u00ednos - el pueblo ind\u00edgeno de la Rep\u00fablica Dominicana | Casa de Campo Living\",\"isPartOf\":{\"@id\":\"https:\\\/\\\/casadecampoliving.com\\\/es\\\/#website\"},\"primaryImageOfPage\":{\"@id\":\"https:\\\/\\\/casadecampoliving.com\\\/es\\\/tainos-pueblo-indigeno\\\/#primaryimage\"},\"image\":{\"@id\":\"https:\\\/\\\/casadecampoliving.com\\\/es\\\/tainos-pueblo-indigeno\\\/#primaryimage\"},\"thumbnailUrl\":\"https:\\\/\\\/i0.wp.com\\\/casadecampoliving.com\\\/wp-content\\\/uploads\\\/2022\\\/10\\\/Reconstruction_of_Taino_village_Cuba-e1406125620984-1.jpg?fit=650%2C488&ssl=1\",\"datePublished\":\"2014-08-30T04:00:00+00:00\",\"dateModified\":\"2022-10-21T22:53:14+00:00\",\"description\":\"En el mes de Agosto es cuando celebramos D\u00eda Internacional de los Pueblos Ind\u00edgenas, establecido por las Naciones Unidas \u2013 y como no pudimos anunciarlo en\",\"breadcrumb\":{\"@id\":\"https:\\\/\\\/casadecampoliving.com\\\/es\\\/tainos-pueblo-indigeno\\\/#breadcrumb\"},\"inLanguage\":\"es\",\"potentialAction\":[{\"@type\":\"ReadAction\",\"target\":[\"https:\\\/\\\/casadecampoliving.com\\\/es\\\/tainos-pueblo-indigeno\\\/\"]}]},{\"@type\":\"ImageObject\",\"inLanguage\":\"es\",\"@id\":\"https:\\\/\\\/casadecampoliving.com\\\/es\\\/tainos-pueblo-indigeno\\\/#primaryimage\",\"url\":\"https:\\\/\\\/i0.wp.com\\\/casadecampoliving.com\\\/wp-content\\\/uploads\\\/2022\\\/10\\\/Reconstruction_of_Taino_village_Cuba-e1406125620984-1.jpg?fit=650%2C488&ssl=1\",\"contentUrl\":\"https:\\\/\\\/i0.wp.com\\\/casadecampoliving.com\\\/wp-content\\\/uploads\\\/2022\\\/10\\\/Reconstruction_of_Taino_village_Cuba-e1406125620984-1.jpg?fit=650%2C488&ssl=1\",\"width\":650,\"height\":488,\"caption\":\"Reconstruction of Taino village, Cuba\"},{\"@type\":\"BreadcrumbList\",\"@id\":\"https:\\\/\\\/casadecampoliving.com\\\/es\\\/tainos-pueblo-indigeno\\\/#breadcrumb\",\"itemListElement\":[{\"@type\":\"ListItem\",\"position\":1,\"name\":\"Home\",\"item\":\"https:\\\/\\\/casadecampoliving.com\\\/es\\\/\"},{\"@type\":\"ListItem\",\"position\":2,\"name\":\"Los Ta\u00ednos &#8211; el pueblo ind\u00edgeno de la Rep\u00fablica Dominicana\"}]},{\"@type\":\"WebSite\",\"@id\":\"https:\\\/\\\/casadecampoliving.com\\\/es\\\/#website\",\"url\":\"https:\\\/\\\/casadecampoliving.com\\\/es\\\/\",\"name\":\"Casa de Campo Living\",\"description\":\"Resort community news and resources.\",\"publisher\":{\"@id\":\"https:\\\/\\\/casadecampoliving.com\\\/es\\\/#organization\"},\"potentialAction\":[{\"@type\":\"SearchAction\",\"target\":{\"@type\":\"EntryPoint\",\"urlTemplate\":\"https:\\\/\\\/casadecampoliving.com\\\/es\\\/?s={search_term_string}\"},\"query-input\":{\"@type\":\"PropertyValueSpecification\",\"valueRequired\":true,\"valueName\":\"search_term_string\"}}],\"inLanguage\":\"es\"},{\"@type\":\"Organization\",\"@id\":\"https:\\\/\\\/casadecampoliving.com\\\/es\\\/#organization\",\"name\":\"Casa de Campo Living\",\"url\":\"https:\\\/\\\/casadecampoliving.com\\\/es\\\/\",\"logo\":{\"@type\":\"ImageObject\",\"inLanguage\":\"es\",\"@id\":\"https:\\\/\\\/casadecampoliving.com\\\/es\\\/#\\\/schema\\\/logo\\\/image\\\/\",\"url\":\"https:\\\/\\\/i0.wp.com\\\/casadecampoliving.com\\\/wp-content\\\/uploads\\\/2022\\\/07\\\/CDCLivingLogo_V1-white-sized.png?fit=800%2C214&ssl=1\",\"contentUrl\":\"https:\\\/\\\/i0.wp.com\\\/casadecampoliving.com\\\/wp-content\\\/uploads\\\/2022\\\/07\\\/CDCLivingLogo_V1-white-sized.png?fit=800%2C214&ssl=1\",\"width\":800,\"height\":214,\"caption\":\"Casa de Campo Living\"},\"image\":{\"@id\":\"https:\\\/\\\/casadecampoliving.com\\\/es\\\/#\\\/schema\\\/logo\\\/image\\\/\"},\"sameAs\":[\"https:\\\/\\\/www.facebook.com\\\/casadecampoliving\",\"https:\\\/\\\/x.com\\\/cdcliving\"]},{\"@type\":\"Person\",\"@id\":\"https:\\\/\\\/casadecampoliving.com\\\/es\\\/#\\\/schema\\\/person\\\/d12a5efec1fdc64b900715bce298e45b\",\"name\":\"Emil Mella\",\"image\":{\"@type\":\"ImageObject\",\"inLanguage\":\"es\",\"@id\":\"https:\\\/\\\/secure.gravatar.com\\\/avatar\\\/4e9e3292f2d31d6433db3b53db07d9803a6b11077575fa898c13ca6b8962c812?s=96&d=mm&r=g\",\"url\":\"https:\\\/\\\/secure.gravatar.com\\\/avatar\\\/4e9e3292f2d31d6433db3b53db07d9803a6b11077575fa898c13ca6b8962c812?s=96&d=mm&r=g\",\"contentUrl\":\"https:\\\/\\\/secure.gravatar.com\\\/avatar\\\/4e9e3292f2d31d6433db3b53db07d9803a6b11077575fa898c13ca6b8962c812?s=96&d=mm&r=g\",\"caption\":\"Emil Mella\"},\"url\":\"https:\\\/\\\/casadecampoliving.com\\\/es\\\/author\\\/emil-mella\\\/\"}]}<\/script>\n<!-- \/ Yoast SEO plugin. -->","yoast_head_json":{"title":"Los Ta\u00ednos - el pueblo ind\u00edgeno de la Rep\u00fablica Dominicana | Casa de Campo Living","description":"En el mes de Agosto es cuando celebramos D\u00eda Internacional de los Pueblos Ind\u00edgenas, establecido por las Naciones Unidas \u2013 y como no pudimos anunciarlo en","robots":{"index":"index","follow":"follow","max-snippet":"max-snippet:-1","max-image-preview":"max-image-preview:large","max-video-preview":"max-video-preview:-1"},"canonical":"https:\/\/casadecampoliving.com\/es\/tainos-pueblo-indigeno\/","og_locale":"es_ES","og_type":"article","og_title":"Los Ta\u00ednos - el pueblo ind\u00edgeno de la Rep\u00fablica Dominicana | Casa de Campo Living","og_description":"En el mes de Agosto es cuando celebramos D\u00eda Internacional de los Pueblos Ind\u00edgenas, establecido por las Naciones Unidas \u2013 y como no pudimos anunciarlo en","og_url":"https:\/\/casadecampoliving.com\/es\/tainos-pueblo-indigeno\/","og_site_name":"Casa de Campo Living","article_publisher":"https:\/\/www.facebook.com\/casadecampoliving","article_published_time":"2014-08-30T04:00:00+00:00","article_modified_time":"2022-10-21T22:53:14+00:00","og_image":[{"width":650,"height":488,"url":"https:\/\/i0.wp.com\/casadecampoliving.com\/wp-content\/uploads\/2022\/10\/Reconstruction_of_Taino_village_Cuba-e1406125620984-1.jpg?fit=650%2C488&ssl=1","type":"image\/jpeg"}],"author":"Emil Mella","twitter_card":"summary_large_image","twitter_creator":"@cdcliving","twitter_site":"@cdcliving","twitter_misc":{"Escrito por":"Emil Mella","Tiempo de lectura":"1 minuto"},"schema":{"@context":"https:\/\/schema.org","@graph":[{"@type":"Article","@id":"https:\/\/casadecampoliving.com\/es\/tainos-pueblo-indigeno\/#article","isPartOf":{"@id":"https:\/\/casadecampoliving.com\/es\/tainos-pueblo-indigeno\/"},"author":{"name":"Emil Mella","@id":"https:\/\/casadecampoliving.com\/es\/#\/schema\/person\/d12a5efec1fdc64b900715bce298e45b"},"headline":"Los Ta\u00ednos &#8211; el pueblo ind\u00edgeno de la Rep\u00fablica Dominicana","datePublished":"2014-08-30T04:00:00+00:00","dateModified":"2022-10-21T22:53:14+00:00","mainEntityOfPage":{"@id":"https:\/\/casadecampoliving.com\/es\/tainos-pueblo-indigeno\/"},"wordCount":290,"publisher":{"@id":"https:\/\/casadecampoliving.com\/es\/#organization"},"image":{"@id":"https:\/\/casadecampoliving.com\/es\/tainos-pueblo-indigeno\/#primaryimage"},"thumbnailUrl":"https:\/\/i0.wp.com\/casadecampoliving.com\/wp-content\/uploads\/2022\/10\/Reconstruction_of_Taino_village_Cuba-e1406125620984-1.jpg?fit=650%2C488&ssl=1","keywords":["Caribe","Republica Dominicana","tainos"],"articleSection":["Destacados","Estilo de Vida","Noticias Locales","Rep\u00fablica Dominicana @es"],"inLanguage":"es"},{"@type":"WebPage","@id":"https:\/\/casadecampoliving.com\/es\/tainos-pueblo-indigeno\/","url":"https:\/\/casadecampoliving.com\/es\/tainos-pueblo-indigeno\/","name":"Los Ta\u00ednos - el pueblo ind\u00edgeno de la Rep\u00fablica Dominicana | Casa de Campo Living","isPartOf":{"@id":"https:\/\/casadecampoliving.com\/es\/#website"},"primaryImageOfPage":{"@id":"https:\/\/casadecampoliving.com\/es\/tainos-pueblo-indigeno\/#primaryimage"},"image":{"@id":"https:\/\/casadecampoliving.com\/es\/tainos-pueblo-indigeno\/#primaryimage"},"thumbnailUrl":"https:\/\/i0.wp.com\/casadecampoliving.com\/wp-content\/uploads\/2022\/10\/Reconstruction_of_Taino_village_Cuba-e1406125620984-1.jpg?fit=650%2C488&ssl=1","datePublished":"2014-08-30T04:00:00+00:00","dateModified":"2022-10-21T22:53:14+00:00","description":"En el mes de Agosto es cuando celebramos D\u00eda Internacional de los Pueblos Ind\u00edgenas, establecido por las Naciones Unidas \u2013 y como no pudimos anunciarlo en","breadcrumb":{"@id":"https:\/\/casadecampoliving.com\/es\/tainos-pueblo-indigeno\/#breadcrumb"},"inLanguage":"es","potentialAction":[{"@type":"ReadAction","target":["https:\/\/casadecampoliving.com\/es\/tainos-pueblo-indigeno\/"]}]},{"@type":"ImageObject","inLanguage":"es","@id":"https:\/\/casadecampoliving.com\/es\/tainos-pueblo-indigeno\/#primaryimage","url":"https:\/\/i0.wp.com\/casadecampoliving.com\/wp-content\/uploads\/2022\/10\/Reconstruction_of_Taino_village_Cuba-e1406125620984-1.jpg?fit=650%2C488&ssl=1","contentUrl":"https:\/\/i0.wp.com\/casadecampoliving.com\/wp-content\/uploads\/2022\/10\/Reconstruction_of_Taino_village_Cuba-e1406125620984-1.jpg?fit=650%2C488&ssl=1","width":650,"height":488,"caption":"Reconstruction of Taino village, Cuba"},{"@type":"BreadcrumbList","@id":"https:\/\/casadecampoliving.com\/es\/tainos-pueblo-indigeno\/#breadcrumb","itemListElement":[{"@type":"ListItem","position":1,"name":"Home","item":"https:\/\/casadecampoliving.com\/es\/"},{"@type":"ListItem","position":2,"name":"Los Ta\u00ednos &#8211; el pueblo ind\u00edgeno de la Rep\u00fablica Dominicana"}]},{"@type":"WebSite","@id":"https:\/\/casadecampoliving.com\/es\/#website","url":"https:\/\/casadecampoliving.com\/es\/","name":"Casa de Campo Living","description":"Resort community news and resources.","publisher":{"@id":"https:\/\/casadecampoliving.com\/es\/#organization"},"potentialAction":[{"@type":"SearchAction","target":{"@type":"EntryPoint","urlTemplate":"https:\/\/casadecampoliving.com\/es\/?s={search_term_string}"},"query-input":{"@type":"PropertyValueSpecification","valueRequired":true,"valueName":"search_term_string"}}],"inLanguage":"es"},{"@type":"Organization","@id":"https:\/\/casadecampoliving.com\/es\/#organization","name":"Casa de Campo Living","url":"https:\/\/casadecampoliving.com\/es\/","logo":{"@type":"ImageObject","inLanguage":"es","@id":"https:\/\/casadecampoliving.com\/es\/#\/schema\/logo\/image\/","url":"https:\/\/i0.wp.com\/casadecampoliving.com\/wp-content\/uploads\/2022\/07\/CDCLivingLogo_V1-white-sized.png?fit=800%2C214&ssl=1","contentUrl":"https:\/\/i0.wp.com\/casadecampoliving.com\/wp-content\/uploads\/2022\/07\/CDCLivingLogo_V1-white-sized.png?fit=800%2C214&ssl=1","width":800,"height":214,"caption":"Casa de Campo Living"},"image":{"@id":"https:\/\/casadecampoliving.com\/es\/#\/schema\/logo\/image\/"},"sameAs":["https:\/\/www.facebook.com\/casadecampoliving","https:\/\/x.com\/cdcliving"]},{"@type":"Person","@id":"https:\/\/casadecampoliving.com\/es\/#\/schema\/person\/d12a5efec1fdc64b900715bce298e45b","name":"Emil Mella","image":{"@type":"ImageObject","inLanguage":"es","@id":"https:\/\/secure.gravatar.com\/avatar\/4e9e3292f2d31d6433db3b53db07d9803a6b11077575fa898c13ca6b8962c812?s=96&d=mm&r=g","url":"https:\/\/secure.gravatar.com\/avatar\/4e9e3292f2d31d6433db3b53db07d9803a6b11077575fa898c13ca6b8962c812?s=96&d=mm&r=g","contentUrl":"https:\/\/secure.gravatar.com\/avatar\/4e9e3292f2d31d6433db3b53db07d9803a6b11077575fa898c13ca6b8962c812?s=96&d=mm&r=g","caption":"Emil Mella"},"url":"https:\/\/casadecampoliving.com\/es\/author\/emil-mella\/"}]}},"parsely":{"version":"1.1.0","canonical_url":"https:\/\/casadecampoliving.com\/es\/tainos-pueblo-indigeno\/","smart_links":{"inbound":0,"outbound":0},"traffic_boost_suggestions_count":0,"meta":{"@context":"https:\/\/schema.org","@type":"NewsArticle","headline":"Los Ta\u00ednos &#8211; el pueblo ind\u00edgeno de la Rep\u00fablica Dominicana","url":"http:\/\/casadecampoliving.com\/es\/tainos-pueblo-indigeno\/","mainEntityOfPage":{"@type":"WebPage","@id":"http:\/\/casadecampoliving.com\/es\/tainos-pueblo-indigeno\/"},"thumbnailUrl":"https:\/\/i0.wp.com\/casadecampoliving.com\/wp-content\/uploads\/2022\/10\/Reconstruction_of_Taino_village_Cuba-e1406125620984-1.jpg?resize=150%2C150&ssl=1","image":{"@type":"ImageObject","url":"https:\/\/i0.wp.com\/casadecampoliving.com\/wp-content\/uploads\/2022\/10\/Reconstruction_of_Taino_village_Cuba-e1406125620984-1.jpg?fit=650%2C488&ssl=1"},"articleSection":"Destacados","author":[{"@type":"Person","name":"Emil Mella"}],"creator":["Emil Mella"],"publisher":{"@type":"Organization","name":"Casa de Campo Living","logo":"https:\/\/casadecampoliving.com\/wp-content\/uploads\/2022\/07\/CDCLivingLogo_V1-white-sized.png"},"keywords":["caribe","republica dominicana","tainos"],"dateCreated":"2014-08-30T04:00:00Z","datePublished":"2014-08-30T04:00:00Z","dateModified":"2022-10-21T22:53:14Z"},"rendered":"<script type=\"application\/ld+json\" class=\"wp-parsely-metadata\">{\"@context\":\"https:\\\/\\\/schema.org\",\"@type\":\"NewsArticle\",\"headline\":\"Los Ta\\u00ednos &#8211; el pueblo ind\\u00edgeno de la Rep\\u00fablica Dominicana\",\"url\":\"http:\\\/\\\/casadecampoliving.com\\\/es\\\/tainos-pueblo-indigeno\\\/\",\"mainEntityOfPage\":{\"@type\":\"WebPage\",\"@id\":\"http:\\\/\\\/casadecampoliving.com\\\/es\\\/tainos-pueblo-indigeno\\\/\"},\"thumbnailUrl\":\"https:\\\/\\\/i0.wp.com\\\/casadecampoliving.com\\\/wp-content\\\/uploads\\\/2022\\\/10\\\/Reconstruction_of_Taino_village_Cuba-e1406125620984-1.jpg?resize=150%2C150&ssl=1\",\"image\":{\"@type\":\"ImageObject\",\"url\":\"https:\\\/\\\/i0.wp.com\\\/casadecampoliving.com\\\/wp-content\\\/uploads\\\/2022\\\/10\\\/Reconstruction_of_Taino_village_Cuba-e1406125620984-1.jpg?fit=650%2C488&ssl=1\"},\"articleSection\":\"Destacados\",\"author\":[{\"@type\":\"Person\",\"name\":\"Emil Mella\"}],\"creator\":[\"Emil Mella\"],\"publisher\":{\"@type\":\"Organization\",\"name\":\"Casa de Campo Living\",\"logo\":\"https:\\\/\\\/casadecampoliving.com\\\/wp-content\\\/uploads\\\/2022\\\/07\\\/CDCLivingLogo_V1-white-sized.png\"},\"keywords\":[\"caribe\",\"republica dominicana\",\"tainos\"],\"dateCreated\":\"2014-08-30T04:00:00Z\",\"datePublished\":\"2014-08-30T04:00:00Z\",\"dateModified\":\"2022-10-21T22:53:14Z\"}<\/script>","tracker_url":"https:\/\/cdn.parsely.com\/keys\/casadecampoliving.com\/p.js"},"jetpack_publicize_connections":[],"jetpack_featured_media_url":"https:\/\/i0.wp.com\/casadecampoliving.com\/wp-content\/uploads\/2022\/10\/Reconstruction_of_Taino_village_Cuba-e1406125620984-1.jpg?fit=650%2C488&ssl=1","jetpack-related-posts":[{"id":352812,"url":"https:\/\/casadecampoliving.com\/es\/dia-internacional-de-los-pueblos-indigenas-del-mundo-9-de-agosto\/","url_meta":{"origin":344930,"position":0},"title":"D\u00eda Internacional de los Pueblos Ind\u00edgenas del Mundo &#8211; 9 de agosto","author":"Nancy Desgue","date":"9 Ago, 2018","format":false,"excerpt":"El D\u00eda Internacional de las Poblaciones Ind\u00edgenas del Mundo se celebra el 9 de agosto de cada a\u00f1o para promover y proteger los derechos de la poblaci\u00f3n ind\u00edgena del mundo. Este evento tambi\u00e9n reconoce los logros y contribuciones que hacen los pueblos ind\u00edgenas para mejorar los problemas mundiales, como la\u2026","rel":"","context":"En \u00abArte y cultura\u00bb","block_context":{"text":"Arte y cultura","link":"https:\/\/casadecampoliving.com\/category\/arte-y-cultura\/"},"img":{"alt_text":"","src":"https:\/\/i0.wp.com\/casadecampoliving.com\/wp-content\/uploads\/2018\/08\/adults-africa-colorful-667200.jpg?resize=350%2C200&ssl=1","width":350,"height":200,"srcset":"https:\/\/i0.wp.com\/casadecampoliving.com\/wp-content\/uploads\/2018\/08\/adults-africa-colorful-667200.jpg?resize=350%2C200&ssl=1 1x, https:\/\/i0.wp.com\/casadecampoliving.com\/wp-content\/uploads\/2018\/08\/adults-africa-colorful-667200.jpg?resize=525%2C300&ssl=1 1.5x, https:\/\/i0.wp.com\/casadecampoliving.com\/wp-content\/uploads\/2018\/08\/adults-africa-colorful-667200.jpg?resize=700%2C400&ssl=1 2x"},"classes":[]},{"id":339907,"url":"https:\/\/casadecampoliving.com\/es\/cemi-de-la-cohoba-por-yanet-castillo-encargada-del-museo-arqueologico-regional-de-altos-de-chavon\/","url_meta":{"origin":344930,"position":1},"title":"\u00abCem\u00ed de la Cohoba\u00bb por Yanet Castillo, Coordinadora de Educaci\u00f3n del Museo Arqueol\u00f3gico Regional de Altos de Chav\u00f3n!","author":"","date":"10 Oct, 2012","format":false,"excerpt":"Al momento de visitar un museo (de cualquier tipo), se ha preguntado alguna vez, cu\u00e1l ser\u00eda la pieza m\u00e1s importante de su colecci\u00f3n? Para el Museo Arqueol\u00f3gico Regional de Altos de Chav\u00f3n, la pieza Cem\u00ed o \u00eddolo ta\u00edno, es hoy por hoy la m\u00e1s importante, representando una de las piezas\u2026","rel":"","context":"En \u00abAltos de Chavon @es\u00bb","block_context":{"text":"Altos de Chavon @es","link":"https:\/\/casadecampoliving.com\/category\/altos-de-chavon-es\/"},"img":{"alt_text":"museo altos de chavon","src":"https:\/\/i0.wp.com\/casadecampoliving.com\/wp-content\/uploads\/2022\/10\/museo_altos_de_chavon-1.jpg?fit=650%2C400&ssl=1&resize=350%2C200","width":350,"height":200,"srcset":"https:\/\/i0.wp.com\/casadecampoliving.com\/wp-content\/uploads\/2022\/10\/museo_altos_de_chavon-1.jpg?fit=650%2C400&ssl=1&resize=350%2C200 1x, https:\/\/i0.wp.com\/casadecampoliving.com\/wp-content\/uploads\/2022\/10\/museo_altos_de_chavon-1.jpg?fit=650%2C400&ssl=1&resize=525%2C300 1.5x"},"classes":[]},{"id":344791,"url":"https:\/\/casadecampoliving.com\/es\/dia-de-la-restauracion\/","url_meta":{"origin":344930,"position":2},"title":"Es el D\u00eda de la Restauraci\u00f3n &#8211; de que consiste","author":"Emil Mella","date":"16 Ago, 2014","format":false,"excerpt":"Hoy, el 16 de agosto, se celebra el D\u00eda de la Restauraci\u00f3n Dominicana, en el cual el pueblo dominicano celebra su victoria sobre las tropas espa\u00f1olas en la Guerra Restauradora. El 16 de agosto es un d\u00eda feriado aqu\u00ed en la Rep\u00fablica Dominicana, establecido para honrar la Guerra de la\u2026","rel":"","context":"En \u00abDestacados\u00bb","block_context":{"text":"Destacados","link":"https:\/\/casadecampoliving.com\/es\/category\/destacados\/"},"img":{"alt_text":"Dominican National Pantheon","src":"https:\/\/i0.wp.com\/casadecampoliving.com\/wp-content\/uploads\/2022\/10\/panteon-e1404849873230-1.jpg?fit=650%2C366&ssl=1&resize=350%2C200","width":350,"height":200,"srcset":"https:\/\/i0.wp.com\/casadecampoliving.com\/wp-content\/uploads\/2022\/10\/panteon-e1404849873230-1.jpg?fit=650%2C366&ssl=1&resize=350%2C200 1x, https:\/\/i0.wp.com\/casadecampoliving.com\/wp-content\/uploads\/2022\/10\/panteon-e1404849873230-1.jpg?fit=650%2C366&ssl=1&resize=525%2C300 1.5x"},"classes":[]},{"id":433460,"url":"https:\/\/casadecampoliving.com\/es\/no-se-pierdan-el-increible-tributo-a-frank-sinatra-para-celebrar-el-40-aniversario-del-anfiteatro-altos-de-chavon\/","url_meta":{"origin":344930,"position":3},"title":"No se pierdan el incre\u00edble tributo a Frank Sinatra para celebrar el 40 aniversario del\u00a0Anfiteatro Altos de Chav\u00f3n","author":"Casa de Campo Living","date":"20 Oct, 2022","format":false,"excerpt":"Siendo uno de los escenarios m\u00e1s emblem\u00e1ticos del pa\u00eds, Casa de Campo Resort\u00ae & Villas celebra las cuatro d\u00e9cadas de aniversario de Altos de Chav\u00f3n con un tributo al gran Frank Sinatra, protagonizado por artistas invitados y una big band tal cual la que acompa\u00f1\u00f3 al artista hace 40 a\u00f1os\u2026","rel":"","context":"En \u00abUncategorized @es\u00bb","block_context":{"text":"Uncategorized @es","link":"https:\/\/casadecampoliving.com\/es\/category\/uncategorized-es\/"},"img":{"alt_text":"","src":"https:\/\/i0.wp.com\/casadecampoliving.com\/wp-content\/uploads\/2022\/10\/Tributo-Frank-Sinatra-Foto-Principal-Amaury-Sanchez-Danilo-Ginebra-Andres-Pichardo-y-Jose-Gabriel-Perez-.jpg?fit=1200%2C873&ssl=1&resize=350%2C200","width":350,"height":200,"srcset":"https:\/\/i0.wp.com\/casadecampoliving.com\/wp-content\/uploads\/2022\/10\/Tributo-Frank-Sinatra-Foto-Principal-Amaury-Sanchez-Danilo-Ginebra-Andres-Pichardo-y-Jose-Gabriel-Perez-.jpg?fit=1200%2C873&ssl=1&resize=350%2C200 1x, https:\/\/i0.wp.com\/casadecampoliving.com\/wp-content\/uploads\/2022\/10\/Tributo-Frank-Sinatra-Foto-Principal-Amaury-Sanchez-Danilo-Ginebra-Andres-Pichardo-y-Jose-Gabriel-Perez-.jpg?fit=1200%2C873&ssl=1&resize=525%2C300 1.5x, https:\/\/i0.wp.com\/casadecampoliving.com\/wp-content\/uploads\/2022\/10\/Tributo-Frank-Sinatra-Foto-Principal-Amaury-Sanchez-Danilo-Ginebra-Andres-Pichardo-y-Jose-Gabriel-Perez-.jpg?fit=1200%2C873&ssl=1&resize=700%2C400 2x, https:\/\/i0.wp.com\/casadecampoliving.com\/wp-content\/uploads\/2022\/10\/Tributo-Frank-Sinatra-Foto-Principal-Amaury-Sanchez-Danilo-Ginebra-Andres-Pichardo-y-Jose-Gabriel-Perez-.jpg?fit=1200%2C873&ssl=1&resize=1050%2C600 3x"},"classes":[]},{"id":346459,"url":"https:\/\/casadecampoliving.com\/es\/parque-nacional-del-este-se-convierte-en-parque-nacional-cotubanama\/","url_meta":{"origin":344930,"position":4},"title":"Parque Nacional del Este se convierte en Parque Nacional Cotubanam\u00e1","author":"Rebecca Hughes","date":"6 Ene, 2015","format":false,"excerpt":"El Parque Nacional del Este, la joya de la La Romana \u2013 Bayahibe s\u00f3lo ha cambiado de nombre, y de ahora en adelante ser\u00e1 conocido como el Parque Nacional Cotubanam\u00e1. El nombre fue cambiado oficialmente a Parque Nacional Cotubanam\u00e1 el 8 de octubre 2014 por el Congreso Nacional Dominicano supervisado\u2026","rel":"","context":"En \u00abCasa de Campo Living @es\u00bb","block_context":{"text":"Casa de Campo Living @es","link":"https:\/\/casadecampoliving.com\/category\/casa-de-campo-living-es\/"},"img":{"alt_text":"Saona Island","src":"https:\/\/i0.wp.com\/casadecampoliving.com\/wp-content\/uploads\/2022\/10\/saona_island1-2.jpg?fit=650%2C499&ssl=1&resize=350%2C200","width":350,"height":200,"srcset":"https:\/\/i0.wp.com\/casadecampoliving.com\/wp-content\/uploads\/2022\/10\/saona_island1-2.jpg?fit=650%2C499&ssl=1&resize=350%2C200 1x, https:\/\/i0.wp.com\/casadecampoliving.com\/wp-content\/uploads\/2022\/10\/saona_island1-2.jpg?fit=650%2C499&ssl=1&resize=525%2C300 1.5x"},"classes":[]},{"id":342597,"url":"https:\/\/casadecampoliving.com\/es\/taller-creativo-en-el-museo-regional-de-arqueologia-de-altos-de-chavon\/","url_meta":{"origin":344930,"position":5},"title":"Taller creativo en el Museo Regional de Arqueolog\u00eda de Altos de Chav\u00f3n","author":"lperdomo","date":"26 Jul, 2013","format":false,"excerpt":"El Museo Regional de Arqueolog\u00eda de Altos de Chav\u00f3n contiene m\u00e1s de 3,000 artefactos precolombinos Ta\u00ednos, haciendolo un gran lugar para aprender sobre la rica herencia ancestral de la Rep\u00fablica Dominicana, especialmente para los peque\u00f1os exploradores quienes pueden aprender en la habitaci\u00f3n especial de descubrimiento del museo. El s\u00e1bado 17\u2026","rel":"","context":"En \u00abAltos de Chavon @es\u00bb","block_context":{"text":"Altos de Chavon @es","link":"https:\/\/casadecampoliving.com\/category\/altos-de-chavon-es\/"},"img":{"alt_text":"children crafts","src":"https:\/\/i0.wp.com\/casadecampoliving.com\/wp-content\/uploads\/2022\/10\/children_crafts-1.jpg?fit=650%2C404&ssl=1&resize=350%2C200","width":350,"height":200,"srcset":"https:\/\/i0.wp.com\/casadecampoliving.com\/wp-content\/uploads\/2022\/10\/children_crafts-1.jpg?fit=650%2C404&ssl=1&resize=350%2C200 1x, https:\/\/i0.wp.com\/casadecampoliving.com\/wp-content\/uploads\/2022\/10\/children_crafts-1.jpg?fit=650%2C404&ssl=1&resize=525%2C300 1.5x"},"classes":[]}],"jetpack_sharing_enabled":true,"_links":{"self":[{"href":"https:\/\/casadecampoliving.com\/es\/wp-json\/wp\/v2\/posts\/344930","targetHints":{"allow":["GET"]}}],"collection":[{"href":"https:\/\/casadecampoliving.com\/es\/wp-json\/wp\/v2\/posts"}],"about":[{"href":"https:\/\/casadecampoliving.com\/es\/wp-json\/wp\/v2\/types\/post"}],"author":[{"embeddable":true,"href":"https:\/\/casadecampoliving.com\/es\/wp-json\/wp\/v2\/users\/18093"}],"replies":[{"embeddable":true,"href":"https:\/\/casadecampoliving.com\/es\/wp-json\/wp\/v2\/comments?post=344930"}],"version-history":[{"count":1,"href":"https:\/\/casadecampoliving.com\/es\/wp-json\/wp\/v2\/posts\/344930\/revisions"}],"predecessor-version":[{"id":344931,"href":"https:\/\/casadecampoliving.com\/es\/wp-json\/wp\/v2\/posts\/344930\/revisions\/344931"}],"wp:featuredmedia":[{"embeddable":true,"href":"https:\/\/casadecampoliving.com\/es\/wp-json\/wp\/v2\/media\/267936"}],"wp:attachment":[{"href":"https:\/\/casadecampoliving.com\/es\/wp-json\/wp\/v2\/media?parent=344930"}],"wp:term":[{"taxonomy":"category","embeddable":true,"href":"https:\/\/casadecampoliving.com\/es\/wp-json\/wp\/v2\/categories?post=344930"},{"taxonomy":"post_tag","embeddable":true,"href":"https:\/\/casadecampoliving.com\/es\/wp-json\/wp\/v2\/tags?post=344930"},{"taxonomy":"newspack_spnsrs_tax","embeddable":true,"href":"https:\/\/casadecampoliving.com\/es\/wp-json\/wp\/v2\/newspack_spnsrs_tax?post=344930"}],"curies":[{"name":"wp","href":"https:\/\/api.w.org\/{rel}","templated":true}]}}