{"id":344861,"date":"2014-07-15T00:00:00","date_gmt":"2014-07-15T04:00:00","guid":{"rendered":"https:\/\/casadecampoliving.com\/la-experta-en-aves-kate-wallace-estara-en-el-campamento-de-verano-explorando-el-pasado\/"},"modified":"2022-10-21T18:50:21","modified_gmt":"2022-10-21T22:50:21","slug":"la-experta-en-aves-kate-wallace-estara-en-el-campamento-de-verano-explorando-el-pasado","status":"publish","type":"post","link":"https:\/\/casadecampoliving.com\/es\/la-experta-en-aves-kate-wallace-estara-en-el-campamento-de-verano-explorando-el-pasado\/","title":{"rendered":"La experta en aves Kate Wallace estar\u00e1 en el Campamento de Verano Explorando el Pasado"},"content":{"rendered":"<div class=\"wp-block-image\">\n<figure class=\"aligncenter is-resized\"><img loading=\"lazy\" decoding=\"async\" src=\"https:\/\/i0.wp.com\/casadecampoliving.com\/wp-content\/uploads\/2022\/10\/broad_billed_tody.jpg?resize=650%2C365&amp;ssl=1\" alt=\"Broad Billed Tody\" class=\"wp-image-87915\" height=\"365\" width=\"650\"\/><\/figure>\n<\/div>\n\n\n<p>Recientemente, realizamos una serie sobre las aves de Casa de Campo (vea debajo), pero, claro est\u00e1 que no sabemos tanto acerca de p\u00e1jaros como la ornit\u00f3loga americana, Kate Wallace, quien va estar compartiendo sus conocimientos al participar esta semana en el campamento de verano \u201cExplorando el Pasado\u201d en el Museo Regional Arqueol\u00f3gico Altos de Chav\u00f3n.<\/p>\n\n\n\n<!--more-->\n\n\n\n<p>Ma\u00f1ana, mi\u00e9rcoles 16 de julio, Kate visitar\u00e1 el Campamento de Verano Altos de Chav\u00f3n, donde guiar\u00e1 a los campistas por los alrededores de Altos de Chav\u00f3n, ayud\u00e1ndolos a identificar todas las aves de la zona.<\/p>\n\n\n\n<p>Durante el campamento de verano del a\u00f1o pasado, Kate en primer lugar ense\u00f1\u00f3 a los ni\u00f1os todo lo relacionado con las aves end\u00e9micas de la Rep\u00fablica Dominicana, luego ayud\u00f3 a los ni\u00f1os a fabricar sus propios binoculares hechos de cart\u00f3n, los ni\u00f1os tambi\u00e9n aprendieron a dibujar aves <a href=\"https:\/\/casadecampoliving.com\/es\/los-ninos-del-campamento-de-verano-del-museo-conocen-las-aves-de-altos-de-chavon\/\">(clic aqu\u00ed para leer m\u00e1s acerca de la visita de Kate Wallace el a\u00f1o pasado).<\/a><\/p>\n\n\n\n<p>Si le gustar\u00eda que su ni\u00f1o forme parte de esta gran experiencia, puede inscribirlos en el campamento de verano Altos de Chav\u00f3n solo por ese d\u00eda, o por lo que resta de la semana (finaliza este viernes 18 de julio), m\u00e1s detalles debajo.<\/p>\n\n\n<div class=\"wp-block-image\">\n<figure class=\"aligncenter is-resized\"><img loading=\"lazy\" decoding=\"async\" src=\"https:\/\/i0.wp.com\/casadecampoliving.com\/wp-content\/uploads\/2022\/10\/kate_wallace_chavon.jpg?resize=650%2C433&amp;ssl=1\" alt=\"kate wallace\" class=\"wp-image-74235\" height=\"433\" width=\"650\"\/><\/figure>\n<\/div>\n\n\n<p class=\"has-text-align-center\"><strong>Kate Wallace y los campistas, creando binoculares de cart\u00f3n<\/strong><br>\n<\/p>\n\n\n\n<p>Kate Wallace es una ornit\u00f3loga americana, quien ha sido residente en la Rep\u00fablica Dominicana por muchos a\u00f1os, vino al pa\u00eds como voluntaria del cuerpo de paz y su afici\u00f3n por las aves la motiv\u00f3 a quedarse en las monta\u00f1as de la Sierra de Bahoruco, ubicadas en el Sur del pa\u00eds, hace 20 a\u00f1os.<\/p>\n\n\n\n<p>Ella ha escrito bastante sobre las aves dominicanas y ha ofrecido charlas sobre ellas en muchos lugares del pa\u00eds. Una de sus m\u00e1s reciente&nbsp;<a href=\"https:\/\/casadecampoliving.com\/es\/2013\/05\/avistamientos-de-aves-aprendiendo-todo-sobre-las-aves-dominicanas-y-caminata-de-observacion-en-bayahibe\/\">charlas se llev\u00f3 a cabo el pasado 9 de mayo en el hotel Dominicus Palace en Bayah\u00edbe<\/a>. &nbsp;Al d\u00eda siguiente Wallace ofreci\u00f3 una&nbsp;<a href=\"https:\/\/casadecampoliving.com\/es\/2013\/05\/avistamientos-de-aves-aprendiendo-todo-sobre-las-aves-dominicanas-y-caminata-de-observacion-en-bayahibe\/\">caminata de observaci\u00f3n de aves en el sendero Guaraguao, en el Parque del Este<\/a>.<\/p>\n\n\n\n<blockquote><p><strong>Campamento de Verano Arqueol\u00f3gico 2014<\/strong><\/p><p><strong>Fecha:<\/strong>&nbsp;Del&nbsp;Lunes 7 al Viernes 18 de Julio, 2014<\/p><p><strong>Horario:<\/strong>&nbsp;9.00 am to 1.00 pm<\/p><p><strong>Edades: <\/strong>5 \u2013 10 a\u00f1os<\/p><p><strong>Precio: <\/strong><\/p><ul>\n<li>RD$6,000 (por el campamento completo)<\/li>\n<li>RD $600 (por d\u00eda)<\/li>\n<\/ul><p><strong>Reservaciones:<\/strong>&nbsp;(809) 523-8554,&nbsp;<a href=\"mailto:museo@altosdechavon.com\">museo@altosdechavon.com<\/a>&nbsp;(cupo limitado)<\/p><\/blockquote>\n\n\n<div class=\"wp-block-image\">\n<figure class=\"alignright is-resized\"><img loading=\"lazy\" decoding=\"async\" src=\"https:\/\/i0.wp.com\/casadecampoliving.com\/wp-content\/uploads\/2022\/10\/vervain_hummingbird-291x300-2.jpg?resize=252%2C364&amp;ssl=1\" alt=\"vervain_hummingbird\" class=\"wp-image-87643\" height=\"364\" width=\"252\"\/><\/figure>\n<\/div>\n\n\n<p>Debajo les traemos nuestra serie completa de las aves en Casa de Campo:<\/p>\n\n\n\n<p><a href=\"https:\/\/casadecampoliving.com\/es\/aves-en-casa-1-el-perico\/\">Haga clic aqu\u00ed para leer la 1era parte: Los Pericos del Teeth of the Dog<\/a><br>\n<a href=\"https:\/\/casadecampoliving.com\/es\/aves-en-casa-de-campo-1-el-pelicano-pardo\/\">Haga clic aqu\u00ed para leer la 2da parte: Los Pel\u00edcanos Pardos<\/a><br>\n<a href=\"https:\/\/casadecampoliving.com\/es\/aves-en-casa-pajaro-carpintero\/\">Haga clic aqu\u00ed para leer la 3ra parte: El P\u00e1jaro Carpintero<\/a><br>\n<a href=\"https:\/\/casadecampoliving.com\/es\/aves-en-casa-4-el-pequeno-madam-saga\/\">Haga clic aqu\u00ed para leer la 4ta parte: Madam Sag\u00e1<\/a><br>\n<a href=\"https:\/\/casadecampoliving.com\/es\/aves-en-casa-4-la-yaboa\/\">Haga clic aqu\u00ed para leer la 5ta parte: La Yaboa<\/a><br>\n<a href=\"https:\/\/casadecampoliving.com\/es\/aves-en-casa-4-playero-turco\/\">Haga clic aqu\u00ed para leer la 6ta parte: Playero Turco<br>\n<\/a><a href=\"https:\/\/casadecampoliving.com\/es\/aves-en-casa-7-el-pajaro-bobo\/\">Haga clic aqu\u00ed para leer la 7ma parte:&nbsp;P\u00e1jaro Bobo<br>\n<\/a><a href=\"https:\/\/casadecampoliving.com\/es\/aves-en-casa-7-el-zumbadorcito\/\">Haga clic aqu\u00ed para leer la 8ma parte:&nbsp;El Zumbadorcito<br>\n<\/a><a href=\"https:\/\/casadecampoliving.com\/es\/aves-en-casa-9-el-barrancoli\/\">Haga clic aqu\u00ed para leer la 9ma parte: Barrancol\u00ed<br>\n<\/a><a href=\"https:\/\/casadecampoliving.com\/es\/aves-en-casa-10-la-elegante-garza-real\/\">Haga clic aqu\u00ed para leer la 10ma parte: La Garza Real<br>\n<\/a><a href=\"https:\/\/casadecampoliving.com\/es\/aves-en-casa-11-el-judio\/\">Haga clic aqu\u00ed para leer la 11va parte: El Jud\u00edo<\/a><\/p>\n","protected":false},"excerpt":{"rendered":"<p>Recientemente, realizamos una serie sobre las aves de Casa de Campo (vea debajo), pero, claro est\u00e1 que no sabemos tanto acerca de p\u00e1jaros como la ornit\u00f3loga americana, Kate Wallace, quien va estar compartiendo sus conocimientos al participar esta semana en el campamento de verano \u201cExplorando el Pasado\u201d en el Museo Regional Arqueol\u00f3gico Altos de Chav\u00f3n.<\/p>\n","protected":false},"author":1097,"featured_media":264179,"comment_status":"closed","ping_status":"closed","sticky":false,"template":"","format":"standard","meta":{"newspack_ads_suppress_ads":false,"newspack_popups_has_disabled_popups":false,"newspack_sponsor_sponsorship_scope":"","newspack_sponsor_native_byline_display":"inherit","newspack_sponsor_native_category_display":"inherit","newspack_sponsor_underwriter_style":"inherit","newspack_sponsor_underwriter_placement":"inherit","_newspack_byline_active":false,"_newspack_byline":"","newspack_hide_updated_date":false,"newspack_show_updated_date":false,"newspack_content_restriction_is_exempt":false,"newspack_featured_image_position":"","newspack_post_subtitle":"","newspack_article_summary_title":"Overview:","newspack_article_summary":"","_jetpack_memberships_contains_paid_content":false,"footnotes":"","jetpack_publicize_message":"","jetpack_publicize_feature_enabled":true,"jetpack_social_post_already_shared":false,"jetpack_social_options":{"image_generator_settings":{"template":"highway","default_image_id":0,"font":"","enabled":false},"version":2},"_wpas_customize_per_network":false},"categories":[26819,26936,26951,14631,9719,14625,2521,26822],"tags":[15387,4538,3626,24387,6371,9785,9021],"newspack_spnsrs_tax":[],"class_list":["post-344861","post","type-post","status-publish","format-standard","has-post-thumbnail","hentry","category-altos-de-chavon-es","category-casa-de-campo-living-es","category-ccl-presenta","category-estilo-de-vida","category-naturaleza-y-fauna","category-noticias-locales","category-republica-dominicana-2","category-resort-casa-de-campo","tag-altos-de-chavon-es","tag-campamento-de-verano","tag-casa-de-campo-es","tag-casa-de-campo-living-es","tag-casa-de-campo-resort-es","tag-explorando-el-pasado","tag-museo-regional-arqueologico-altos-de-chavon-es","entry"],"yoast_head":"<!-- This site is optimized with the Yoast SEO plugin v27.4 - https:\/\/yoast.com\/product\/yoast-seo-wordpress\/ -->\n<title>La experta en aves Kate Wallace estar\u00e1 en el Campamento de Verano Explorando el Pasado | Casa de Campo Living<\/title>\n<meta name=\"description\" content=\"Recientemente, realizamos una serie sobre las aves de Casa de Campo (vea debajo), pero, claro est\u00e1 que no sabemos tanto acerca de p\u00e1jaros como la\" \/>\n<meta name=\"robots\" content=\"index, follow, max-snippet:-1, max-image-preview:large, max-video-preview:-1\" \/>\n<link rel=\"canonical\" href=\"https:\/\/casadecampoliving.com\/es\/la-experta-en-aves-kate-wallace-estara-en-el-campamento-de-verano-explorando-el-pasado\/\" \/>\n<meta property=\"og:locale\" content=\"es_ES\" \/>\n<meta property=\"og:type\" content=\"article\" \/>\n<meta property=\"og:title\" content=\"La experta en aves Kate Wallace estar\u00e1 en el Campamento de Verano Explorando el Pasado | Casa de Campo Living\" \/>\n<meta property=\"og:description\" content=\"Recientemente, realizamos una serie sobre las aves de Casa de Campo (vea debajo), pero, claro est\u00e1 que no sabemos tanto acerca de p\u00e1jaros como la\" \/>\n<meta property=\"og:url\" content=\"https:\/\/casadecampoliving.com\/es\/la-experta-en-aves-kate-wallace-estara-en-el-campamento-de-verano-explorando-el-pasado\/\" \/>\n<meta property=\"og:site_name\" content=\"Casa de Campo Living\" \/>\n<meta property=\"article:publisher\" content=\"https:\/\/www.facebook.com\/casadecampoliving\" \/>\n<meta property=\"article:published_time\" content=\"2014-07-15T04:00:00+00:00\" \/>\n<meta property=\"article:modified_time\" content=\"2022-10-21T22:50:21+00:00\" \/>\n<meta property=\"og:image\" content=\"https:\/\/i0.wp.com\/casadecampoliving.com\/wp-content\/uploads\/2022\/10\/broad_billed_tody-1.jpg?fit=650%2C365&ssl=1\" \/>\n\t<meta property=\"og:image:width\" content=\"650\" \/>\n\t<meta property=\"og:image:height\" content=\"365\" \/>\n\t<meta property=\"og:image:type\" content=\"image\/jpeg\" \/>\n<meta name=\"author\" content=\"Perkin Agramonte\" \/>\n<meta name=\"twitter:card\" content=\"summary_large_image\" \/>\n<meta name=\"twitter:creator\" content=\"@cdcliving\" \/>\n<meta name=\"twitter:site\" content=\"@cdcliving\" \/>\n<meta name=\"twitter:label1\" content=\"Escrito por\" \/>\n\t<meta name=\"twitter:data1\" content=\"Perkin Agramonte\" \/>\n\t<meta name=\"twitter:label2\" content=\"Tiempo de lectura\" \/>\n\t<meta name=\"twitter:data2\" content=\"3 minutos\" \/>\n<script type=\"application\/ld+json\" class=\"yoast-schema-graph\">{\"@context\":\"https:\\\/\\\/schema.org\",\"@graph\":[{\"@type\":\"Article\",\"@id\":\"https:\\\/\\\/casadecampoliving.com\\\/es\\\/la-experta-en-aves-kate-wallace-estara-en-el-campamento-de-verano-explorando-el-pasado\\\/#article\",\"isPartOf\":{\"@id\":\"https:\\\/\\\/casadecampoliving.com\\\/es\\\/la-experta-en-aves-kate-wallace-estara-en-el-campamento-de-verano-explorando-el-pasado\\\/\"},\"author\":{\"name\":\"Perkin Agramonte\",\"@id\":\"https:\\\/\\\/casadecampoliving.com\\\/es\\\/#\\\/schema\\\/person\\\/c8efa6049510554b7d5fea078d728f72\"},\"headline\":\"La experta en aves Kate Wallace estar\u00e1 en el Campamento de Verano Explorando el Pasado\",\"datePublished\":\"2014-07-15T04:00:00+00:00\",\"dateModified\":\"2022-10-21T22:50:21+00:00\",\"mainEntityOfPage\":{\"@id\":\"https:\\\/\\\/casadecampoliving.com\\\/es\\\/la-experta-en-aves-kate-wallace-estara-en-el-campamento-de-verano-explorando-el-pasado\\\/\"},\"wordCount\":548,\"publisher\":{\"@id\":\"https:\\\/\\\/casadecampoliving.com\\\/es\\\/#organization\"},\"image\":{\"@id\":\"https:\\\/\\\/casadecampoliving.com\\\/es\\\/la-experta-en-aves-kate-wallace-estara-en-el-campamento-de-verano-explorando-el-pasado\\\/#primaryimage\"},\"thumbnailUrl\":\"https:\\\/\\\/i0.wp.com\\\/casadecampoliving.com\\\/wp-content\\\/uploads\\\/2022\\\/10\\\/broad_billed_tody-1.jpg?fit=650%2C365&ssl=1\",\"keywords\":[\"Altos de Chavon\",\"campamento de verano\",\"casa de campo @es\",\"Casa de Campo Living\",\"casa de campo resort @es\",\"Explorando el Pasado\",\"Museo Regional Arqueol\u00f3gico Altos de Chav\u00f3n @es\"],\"articleSection\":[\"Altos de Chavon @es\",\"Casa de Campo Living @es\",\"CCL presenta\",\"Estilo de Vida\",\"Naturaleza y Fauna\",\"Noticias Locales\",\"Rep\u00fablica Dominicana @es\",\"Resort Casa de Campo\"],\"inLanguage\":\"es\"},{\"@type\":\"WebPage\",\"@id\":\"https:\\\/\\\/casadecampoliving.com\\\/es\\\/la-experta-en-aves-kate-wallace-estara-en-el-campamento-de-verano-explorando-el-pasado\\\/\",\"url\":\"https:\\\/\\\/casadecampoliving.com\\\/es\\\/la-experta-en-aves-kate-wallace-estara-en-el-campamento-de-verano-explorando-el-pasado\\\/\",\"name\":\"La experta en aves Kate Wallace estar\u00e1 en el Campamento de Verano Explorando el Pasado | Casa de Campo Living\",\"isPartOf\":{\"@id\":\"https:\\\/\\\/casadecampoliving.com\\\/es\\\/#website\"},\"primaryImageOfPage\":{\"@id\":\"https:\\\/\\\/casadecampoliving.com\\\/es\\\/la-experta-en-aves-kate-wallace-estara-en-el-campamento-de-verano-explorando-el-pasado\\\/#primaryimage\"},\"image\":{\"@id\":\"https:\\\/\\\/casadecampoliving.com\\\/es\\\/la-experta-en-aves-kate-wallace-estara-en-el-campamento-de-verano-explorando-el-pasado\\\/#primaryimage\"},\"thumbnailUrl\":\"https:\\\/\\\/i0.wp.com\\\/casadecampoliving.com\\\/wp-content\\\/uploads\\\/2022\\\/10\\\/broad_billed_tody-1.jpg?fit=650%2C365&ssl=1\",\"datePublished\":\"2014-07-15T04:00:00+00:00\",\"dateModified\":\"2022-10-21T22:50:21+00:00\",\"description\":\"Recientemente, realizamos una serie sobre las aves de Casa de Campo (vea debajo), pero, claro est\u00e1 que no sabemos tanto acerca de p\u00e1jaros como la\",\"breadcrumb\":{\"@id\":\"https:\\\/\\\/casadecampoliving.com\\\/es\\\/la-experta-en-aves-kate-wallace-estara-en-el-campamento-de-verano-explorando-el-pasado\\\/#breadcrumb\"},\"inLanguage\":\"es\",\"potentialAction\":[{\"@type\":\"ReadAction\",\"target\":[\"https:\\\/\\\/casadecampoliving.com\\\/es\\\/la-experta-en-aves-kate-wallace-estara-en-el-campamento-de-verano-explorando-el-pasado\\\/\"]}]},{\"@type\":\"ImageObject\",\"inLanguage\":\"es\",\"@id\":\"https:\\\/\\\/casadecampoliving.com\\\/es\\\/la-experta-en-aves-kate-wallace-estara-en-el-campamento-de-verano-explorando-el-pasado\\\/#primaryimage\",\"url\":\"https:\\\/\\\/i0.wp.com\\\/casadecampoliving.com\\\/wp-content\\\/uploads\\\/2022\\\/10\\\/broad_billed_tody-1.jpg?fit=650%2C365&ssl=1\",\"contentUrl\":\"https:\\\/\\\/i0.wp.com\\\/casadecampoliving.com\\\/wp-content\\\/uploads\\\/2022\\\/10\\\/broad_billed_tody-1.jpg?fit=650%2C365&ssl=1\",\"width\":650,\"height\":365,\"caption\":\"Broad Billed Tody\"},{\"@type\":\"BreadcrumbList\",\"@id\":\"https:\\\/\\\/casadecampoliving.com\\\/es\\\/la-experta-en-aves-kate-wallace-estara-en-el-campamento-de-verano-explorando-el-pasado\\\/#breadcrumb\",\"itemListElement\":[{\"@type\":\"ListItem\",\"position\":1,\"name\":\"Home\",\"item\":\"https:\\\/\\\/casadecampoliving.com\\\/es\\\/\"},{\"@type\":\"ListItem\",\"position\":2,\"name\":\"La experta en aves Kate Wallace estar\u00e1 en el Campamento de Verano Explorando el Pasado\"}]},{\"@type\":\"WebSite\",\"@id\":\"https:\\\/\\\/casadecampoliving.com\\\/es\\\/#website\",\"url\":\"https:\\\/\\\/casadecampoliving.com\\\/es\\\/\",\"name\":\"Casa de Campo Living\",\"description\":\"Resort community news and resources.\",\"publisher\":{\"@id\":\"https:\\\/\\\/casadecampoliving.com\\\/es\\\/#organization\"},\"potentialAction\":[{\"@type\":\"SearchAction\",\"target\":{\"@type\":\"EntryPoint\",\"urlTemplate\":\"https:\\\/\\\/casadecampoliving.com\\\/es\\\/?s={search_term_string}\"},\"query-input\":{\"@type\":\"PropertyValueSpecification\",\"valueRequired\":true,\"valueName\":\"search_term_string\"}}],\"inLanguage\":\"es\"},{\"@type\":\"Organization\",\"@id\":\"https:\\\/\\\/casadecampoliving.com\\\/es\\\/#organization\",\"name\":\"Casa de Campo Living\",\"url\":\"https:\\\/\\\/casadecampoliving.com\\\/es\\\/\",\"logo\":{\"@type\":\"ImageObject\",\"inLanguage\":\"es\",\"@id\":\"https:\\\/\\\/casadecampoliving.com\\\/es\\\/#\\\/schema\\\/logo\\\/image\\\/\",\"url\":\"https:\\\/\\\/i0.wp.com\\\/casadecampoliving.com\\\/wp-content\\\/uploads\\\/2022\\\/07\\\/CDCLivingLogo_V1-white-sized.png?fit=800%2C214&ssl=1\",\"contentUrl\":\"https:\\\/\\\/i0.wp.com\\\/casadecampoliving.com\\\/wp-content\\\/uploads\\\/2022\\\/07\\\/CDCLivingLogo_V1-white-sized.png?fit=800%2C214&ssl=1\",\"width\":800,\"height\":214,\"caption\":\"Casa de Campo Living\"},\"image\":{\"@id\":\"https:\\\/\\\/casadecampoliving.com\\\/es\\\/#\\\/schema\\\/logo\\\/image\\\/\"},\"sameAs\":[\"https:\\\/\\\/www.facebook.com\\\/casadecampoliving\",\"https:\\\/\\\/x.com\\\/cdcliving\"]},{\"@type\":\"Person\",\"@id\":\"https:\\\/\\\/casadecampoliving.com\\\/es\\\/#\\\/schema\\\/person\\\/c8efa6049510554b7d5fea078d728f72\",\"name\":\"Perkin Agramonte\",\"image\":{\"@type\":\"ImageObject\",\"inLanguage\":\"es\",\"@id\":\"https:\\\/\\\/secure.gravatar.com\\\/avatar\\\/57bfdafcae55fb83dbb79a1585a9eab7f269b7720fb0b64cb9a4e0cd2962fa10?s=96&d=mm&r=g\",\"url\":\"https:\\\/\\\/secure.gravatar.com\\\/avatar\\\/57bfdafcae55fb83dbb79a1585a9eab7f269b7720fb0b64cb9a4e0cd2962fa10?s=96&d=mm&r=g\",\"contentUrl\":\"https:\\\/\\\/secure.gravatar.com\\\/avatar\\\/57bfdafcae55fb83dbb79a1585a9eab7f269b7720fb0b64cb9a4e0cd2962fa10?s=96&d=mm&r=g\",\"caption\":\"Perkin Agramonte\"},\"url\":\"https:\\\/\\\/casadecampoliving.com\\\/es\\\/author\\\/cagramonte\\\/\"}]}<\/script>\n<!-- \/ Yoast SEO plugin. -->","yoast_head_json":{"title":"La experta en aves Kate Wallace estar\u00e1 en el Campamento de Verano Explorando el Pasado | Casa de Campo Living","description":"Recientemente, realizamos una serie sobre las aves de Casa de Campo (vea debajo), pero, claro est\u00e1 que no sabemos tanto acerca de p\u00e1jaros como la","robots":{"index":"index","follow":"follow","max-snippet":"max-snippet:-1","max-image-preview":"max-image-preview:large","max-video-preview":"max-video-preview:-1"},"canonical":"https:\/\/casadecampoliving.com\/es\/la-experta-en-aves-kate-wallace-estara-en-el-campamento-de-verano-explorando-el-pasado\/","og_locale":"es_ES","og_type":"article","og_title":"La experta en aves Kate Wallace estar\u00e1 en el Campamento de Verano Explorando el Pasado | Casa de Campo Living","og_description":"Recientemente, realizamos una serie sobre las aves de Casa de Campo (vea debajo), pero, claro est\u00e1 que no sabemos tanto acerca de p\u00e1jaros como la","og_url":"https:\/\/casadecampoliving.com\/es\/la-experta-en-aves-kate-wallace-estara-en-el-campamento-de-verano-explorando-el-pasado\/","og_site_name":"Casa de Campo Living","article_publisher":"https:\/\/www.facebook.com\/casadecampoliving","article_published_time":"2014-07-15T04:00:00+00:00","article_modified_time":"2022-10-21T22:50:21+00:00","og_image":[{"width":650,"height":365,"url":"https:\/\/i0.wp.com\/casadecampoliving.com\/wp-content\/uploads\/2022\/10\/broad_billed_tody-1.jpg?fit=650%2C365&ssl=1","type":"image\/jpeg"}],"author":"Perkin Agramonte","twitter_card":"summary_large_image","twitter_creator":"@cdcliving","twitter_site":"@cdcliving","twitter_misc":{"Escrito por":"Perkin Agramonte","Tiempo de lectura":"3 minutos"},"schema":{"@context":"https:\/\/schema.org","@graph":[{"@type":"Article","@id":"https:\/\/casadecampoliving.com\/es\/la-experta-en-aves-kate-wallace-estara-en-el-campamento-de-verano-explorando-el-pasado\/#article","isPartOf":{"@id":"https:\/\/casadecampoliving.com\/es\/la-experta-en-aves-kate-wallace-estara-en-el-campamento-de-verano-explorando-el-pasado\/"},"author":{"name":"Perkin Agramonte","@id":"https:\/\/casadecampoliving.com\/es\/#\/schema\/person\/c8efa6049510554b7d5fea078d728f72"},"headline":"La experta en aves Kate Wallace estar\u00e1 en el Campamento de Verano Explorando el Pasado","datePublished":"2014-07-15T04:00:00+00:00","dateModified":"2022-10-21T22:50:21+00:00","mainEntityOfPage":{"@id":"https:\/\/casadecampoliving.com\/es\/la-experta-en-aves-kate-wallace-estara-en-el-campamento-de-verano-explorando-el-pasado\/"},"wordCount":548,"publisher":{"@id":"https:\/\/casadecampoliving.com\/es\/#organization"},"image":{"@id":"https:\/\/casadecampoliving.com\/es\/la-experta-en-aves-kate-wallace-estara-en-el-campamento-de-verano-explorando-el-pasado\/#primaryimage"},"thumbnailUrl":"https:\/\/i0.wp.com\/casadecampoliving.com\/wp-content\/uploads\/2022\/10\/broad_billed_tody-1.jpg?fit=650%2C365&ssl=1","keywords":["Altos de Chavon","campamento de verano","casa de campo @es","Casa de Campo Living","casa de campo resort @es","Explorando el Pasado","Museo Regional Arqueol\u00f3gico Altos de Chav\u00f3n @es"],"articleSection":["Altos de Chavon @es","Casa de Campo Living @es","CCL presenta","Estilo de Vida","Naturaleza y Fauna","Noticias Locales","Rep\u00fablica Dominicana @es","Resort Casa de Campo"],"inLanguage":"es"},{"@type":"WebPage","@id":"https:\/\/casadecampoliving.com\/es\/la-experta-en-aves-kate-wallace-estara-en-el-campamento-de-verano-explorando-el-pasado\/","url":"https:\/\/casadecampoliving.com\/es\/la-experta-en-aves-kate-wallace-estara-en-el-campamento-de-verano-explorando-el-pasado\/","name":"La experta en aves Kate Wallace estar\u00e1 en el Campamento de Verano Explorando el Pasado | Casa de Campo Living","isPartOf":{"@id":"https:\/\/casadecampoliving.com\/es\/#website"},"primaryImageOfPage":{"@id":"https:\/\/casadecampoliving.com\/es\/la-experta-en-aves-kate-wallace-estara-en-el-campamento-de-verano-explorando-el-pasado\/#primaryimage"},"image":{"@id":"https:\/\/casadecampoliving.com\/es\/la-experta-en-aves-kate-wallace-estara-en-el-campamento-de-verano-explorando-el-pasado\/#primaryimage"},"thumbnailUrl":"https:\/\/i0.wp.com\/casadecampoliving.com\/wp-content\/uploads\/2022\/10\/broad_billed_tody-1.jpg?fit=650%2C365&ssl=1","datePublished":"2014-07-15T04:00:00+00:00","dateModified":"2022-10-21T22:50:21+00:00","description":"Recientemente, realizamos una serie sobre las aves de Casa de Campo (vea debajo), pero, claro est\u00e1 que no sabemos tanto acerca de p\u00e1jaros como la","breadcrumb":{"@id":"https:\/\/casadecampoliving.com\/es\/la-experta-en-aves-kate-wallace-estara-en-el-campamento-de-verano-explorando-el-pasado\/#breadcrumb"},"inLanguage":"es","potentialAction":[{"@type":"ReadAction","target":["https:\/\/casadecampoliving.com\/es\/la-experta-en-aves-kate-wallace-estara-en-el-campamento-de-verano-explorando-el-pasado\/"]}]},{"@type":"ImageObject","inLanguage":"es","@id":"https:\/\/casadecampoliving.com\/es\/la-experta-en-aves-kate-wallace-estara-en-el-campamento-de-verano-explorando-el-pasado\/#primaryimage","url":"https:\/\/i0.wp.com\/casadecampoliving.com\/wp-content\/uploads\/2022\/10\/broad_billed_tody-1.jpg?fit=650%2C365&ssl=1","contentUrl":"https:\/\/i0.wp.com\/casadecampoliving.com\/wp-content\/uploads\/2022\/10\/broad_billed_tody-1.jpg?fit=650%2C365&ssl=1","width":650,"height":365,"caption":"Broad Billed Tody"},{"@type":"BreadcrumbList","@id":"https:\/\/casadecampoliving.com\/es\/la-experta-en-aves-kate-wallace-estara-en-el-campamento-de-verano-explorando-el-pasado\/#breadcrumb","itemListElement":[{"@type":"ListItem","position":1,"name":"Home","item":"https:\/\/casadecampoliving.com\/es\/"},{"@type":"ListItem","position":2,"name":"La experta en aves Kate Wallace estar\u00e1 en el Campamento de Verano Explorando el Pasado"}]},{"@type":"WebSite","@id":"https:\/\/casadecampoliving.com\/es\/#website","url":"https:\/\/casadecampoliving.com\/es\/","name":"Casa de Campo Living","description":"Resort community news and resources.","publisher":{"@id":"https:\/\/casadecampoliving.com\/es\/#organization"},"potentialAction":[{"@type":"SearchAction","target":{"@type":"EntryPoint","urlTemplate":"https:\/\/casadecampoliving.com\/es\/?s={search_term_string}"},"query-input":{"@type":"PropertyValueSpecification","valueRequired":true,"valueName":"search_term_string"}}],"inLanguage":"es"},{"@type":"Organization","@id":"https:\/\/casadecampoliving.com\/es\/#organization","name":"Casa de Campo Living","url":"https:\/\/casadecampoliving.com\/es\/","logo":{"@type":"ImageObject","inLanguage":"es","@id":"https:\/\/casadecampoliving.com\/es\/#\/schema\/logo\/image\/","url":"https:\/\/i0.wp.com\/casadecampoliving.com\/wp-content\/uploads\/2022\/07\/CDCLivingLogo_V1-white-sized.png?fit=800%2C214&ssl=1","contentUrl":"https:\/\/i0.wp.com\/casadecampoliving.com\/wp-content\/uploads\/2022\/07\/CDCLivingLogo_V1-white-sized.png?fit=800%2C214&ssl=1","width":800,"height":214,"caption":"Casa de Campo Living"},"image":{"@id":"https:\/\/casadecampoliving.com\/es\/#\/schema\/logo\/image\/"},"sameAs":["https:\/\/www.facebook.com\/casadecampoliving","https:\/\/x.com\/cdcliving"]},{"@type":"Person","@id":"https:\/\/casadecampoliving.com\/es\/#\/schema\/person\/c8efa6049510554b7d5fea078d728f72","name":"Perkin Agramonte","image":{"@type":"ImageObject","inLanguage":"es","@id":"https:\/\/secure.gravatar.com\/avatar\/57bfdafcae55fb83dbb79a1585a9eab7f269b7720fb0b64cb9a4e0cd2962fa10?s=96&d=mm&r=g","url":"https:\/\/secure.gravatar.com\/avatar\/57bfdafcae55fb83dbb79a1585a9eab7f269b7720fb0b64cb9a4e0cd2962fa10?s=96&d=mm&r=g","contentUrl":"https:\/\/secure.gravatar.com\/avatar\/57bfdafcae55fb83dbb79a1585a9eab7f269b7720fb0b64cb9a4e0cd2962fa10?s=96&d=mm&r=g","caption":"Perkin Agramonte"},"url":"https:\/\/casadecampoliving.com\/es\/author\/cagramonte\/"}]}},"parsely":{"version":"1.1.0","canonical_url":"https:\/\/casadecampoliving.com\/es\/la-experta-en-aves-kate-wallace-estara-en-el-campamento-de-verano-explorando-el-pasado\/","smart_links":{"inbound":0,"outbound":0},"traffic_boost_suggestions_count":0,"meta":{"@context":"https:\/\/schema.org","@type":"NewsArticle","headline":"La experta en aves Kate Wallace estar\u00e1 en el Campamento de Verano Explorando el Pasado","url":"http:\/\/casadecampoliving.com\/es\/la-experta-en-aves-kate-wallace-estara-en-el-campamento-de-verano-explorando-el-pasado\/","mainEntityOfPage":{"@type":"WebPage","@id":"http:\/\/casadecampoliving.com\/es\/la-experta-en-aves-kate-wallace-estara-en-el-campamento-de-verano-explorando-el-pasado\/"},"thumbnailUrl":"https:\/\/i0.wp.com\/casadecampoliving.com\/wp-content\/uploads\/2022\/10\/broad_billed_tody-1.jpg?resize=150%2C150&ssl=1","image":{"@type":"ImageObject","url":"https:\/\/i0.wp.com\/casadecampoliving.com\/wp-content\/uploads\/2022\/10\/broad_billed_tody-1.jpg?fit=650%2C365&ssl=1"},"articleSection":"Altos de Chavon @es","author":[{"@type":"Person","name":"Perkin Agramonte"}],"creator":["Perkin Agramonte"],"publisher":{"@type":"Organization","name":"Casa de Campo Living","logo":"https:\/\/casadecampoliving.com\/wp-content\/uploads\/2022\/07\/CDCLivingLogo_V1-white-sized.png"},"keywords":["altos de chavon","campamento de verano","casa de campo @es","casa de campo living","casa de campo resort @es","explorando el pasado","museo regional arqueol\u00f3gico altos de chav\u00f3n @es"],"dateCreated":"2014-07-15T04:00:00Z","datePublished":"2014-07-15T04:00:00Z","dateModified":"2022-10-21T22:50:21Z"},"rendered":"<script type=\"application\/ld+json\" class=\"wp-parsely-metadata\">{\"@context\":\"https:\\\/\\\/schema.org\",\"@type\":\"NewsArticle\",\"headline\":\"La experta en aves Kate Wallace estar\\u00e1 en el Campamento de Verano Explorando el Pasado\",\"url\":\"http:\\\/\\\/casadecampoliving.com\\\/es\\\/la-experta-en-aves-kate-wallace-estara-en-el-campamento-de-verano-explorando-el-pasado\\\/\",\"mainEntityOfPage\":{\"@type\":\"WebPage\",\"@id\":\"http:\\\/\\\/casadecampoliving.com\\\/es\\\/la-experta-en-aves-kate-wallace-estara-en-el-campamento-de-verano-explorando-el-pasado\\\/\"},\"thumbnailUrl\":\"https:\\\/\\\/i0.wp.com\\\/casadecampoliving.com\\\/wp-content\\\/uploads\\\/2022\\\/10\\\/broad_billed_tody-1.jpg?resize=150%2C150&ssl=1\",\"image\":{\"@type\":\"ImageObject\",\"url\":\"https:\\\/\\\/i0.wp.com\\\/casadecampoliving.com\\\/wp-content\\\/uploads\\\/2022\\\/10\\\/broad_billed_tody-1.jpg?fit=650%2C365&ssl=1\"},\"articleSection\":\"Altos de Chavon @es\",\"author\":[{\"@type\":\"Person\",\"name\":\"Perkin Agramonte\"}],\"creator\":[\"Perkin Agramonte\"],\"publisher\":{\"@type\":\"Organization\",\"name\":\"Casa de Campo Living\",\"logo\":\"https:\\\/\\\/casadecampoliving.com\\\/wp-content\\\/uploads\\\/2022\\\/07\\\/CDCLivingLogo_V1-white-sized.png\"},\"keywords\":[\"altos de chavon\",\"campamento de verano\",\"casa de campo @es\",\"casa de campo living\",\"casa de campo resort @es\",\"explorando el pasado\",\"museo regional arqueol\\u00f3gico altos de chav\\u00f3n @es\"],\"dateCreated\":\"2014-07-15T04:00:00Z\",\"datePublished\":\"2014-07-15T04:00:00Z\",\"dateModified\":\"2022-10-21T22:50:21Z\"}<\/script>","tracker_url":"https:\/\/cdn.parsely.com\/keys\/casadecampoliving.com\/p.js"},"jetpack_publicize_connections":[],"jetpack_featured_media_url":"https:\/\/i0.wp.com\/casadecampoliving.com\/wp-content\/uploads\/2022\/10\/broad_billed_tody-1.jpg?fit=650%2C365&ssl=1","jetpack-related-posts":[{"id":346986,"url":"https:\/\/casadecampoliving.com\/es\/campamento-explorando-el-pasado-en-el-museo-arqueologico-altos-de-chavon\/","url_meta":{"origin":344861,"position":0},"title":"Campamento \u00abExplorando el Pasado\u00bb en el Museo Arqueol\u00f3gico Altos de Chav\u00f3n","author":"Perkin Agramonte","date":"19 Mar, 2015","format":false,"excerpt":"\u00a1Anote la Fecha! El Museo Regional Arqueol\u00f3gico Altos de Chav\u00f3n estar\u00e1 llevando a cabo su Campamento de Verano del lunes 6 al viernes 17 de julio. Al igual que el a\u00f1o pasado el tema es \u201cExplorando el Pasado\u201d, donde los ni\u00f1os aprende sobre la historia a trav\u00e9s del arte, exploraciones\u2026","rel":"","context":"En \u00abAltos de Chavon @es\u00bb","block_context":{"text":"Altos de Chavon @es","link":"https:\/\/casadecampoliving.com\/category\/altos-de-chavon-es\/"},"img":{"alt_text":"Altos de Chavon Regional Museum Archaeology","src":"https:\/\/i0.wp.com\/casadecampoliving.com\/wp-content\/uploads\/2022\/10\/Altos_de_Chavon_Regional_Museum_-Archaeology-1.jpg?fit=980%2C428&ssl=1&resize=350%2C200","width":350,"height":200,"srcset":"https:\/\/i0.wp.com\/casadecampoliving.com\/wp-content\/uploads\/2022\/10\/Altos_de_Chavon_Regional_Museum_-Archaeology-1.jpg?fit=980%2C428&ssl=1&resize=350%2C200 1x, https:\/\/i0.wp.com\/casadecampoliving.com\/wp-content\/uploads\/2022\/10\/Altos_de_Chavon_Regional_Museum_-Archaeology-1.jpg?fit=980%2C428&ssl=1&resize=525%2C300 1.5x, https:\/\/i0.wp.com\/casadecampoliving.com\/wp-content\/uploads\/2022\/10\/Altos_de_Chavon_Regional_Museum_-Archaeology-1.jpg?fit=980%2C428&ssl=1&resize=700%2C400 2x"},"classes":[]},{"id":344523,"url":"https:\/\/casadecampoliving.com\/es\/campamento-de-verano-explorando-el-pasado-en-el-museo-arqueologico-altos-de-chavon\/","url_meta":{"origin":344861,"position":1},"title":"Campamento de Verano \u00abExplorando el Pasado\u00bb en el Museo Arqueol\u00f3gico Altos de Chav\u00f3n","author":"Perkin Agramonte","date":"3 Jun, 2014","format":false,"excerpt":"Este es el momento perfecto para registrar a sus ni\u00f1os en el Campamento de Verano anual, el cual ser\u00e1 organizado por el Museo Regional Arqueol\u00f3gico Altos de Chav\u00f3n, desde el lunes 7 de julio hasta el viernes 18 de julio. El tema de este a\u00f1o es \u201cExplorando el Pasado\u201d, donde\u2026","rel":"","context":"En \u00abAltos de Chavon @es\u00bb","block_context":{"text":"Altos de Chavon @es","link":"https:\/\/casadecampoliving.com\/category\/altos-de-chavon-es\/"},"img":{"alt_text":"","src":"https:\/\/i0.wp.com\/casadecampoliving.com\/wp-content\/uploads\/2022\/10\/Volante-Campamento-0-1.jpg?fit=650%2C430&ssl=1&resize=350%2C200","width":350,"height":200,"srcset":"https:\/\/i0.wp.com\/casadecampoliving.com\/wp-content\/uploads\/2022\/10\/Volante-Campamento-0-1.jpg?fit=650%2C430&ssl=1&resize=350%2C200 1x, https:\/\/i0.wp.com\/casadecampoliving.com\/wp-content\/uploads\/2022\/10\/Volante-Campamento-0-1.jpg?fit=650%2C430&ssl=1&resize=525%2C300 1.5x"},"classes":[]},{"id":344911,"url":"https:\/\/casadecampoliving.com\/es\/campamento-de-verano-explorando-el-pasado\/","url_meta":{"origin":344861,"position":2},"title":"Altos de Chav\u00f3n Campamento de Verano &#8211; Explorando el Pasado","author":"Maria Isabel B\u00e1ez","date":"28 Jul, 2014","format":false,"excerpt":"El tema para el campamento anual de verano del Museo Arqueol\u00f3gico de Altos de Chav\u00f3n, \"Explorando el pasado\", estuvo lleno de actividades interesantes y divertidas para los ni\u00f1os que participaron. Estos ni\u00f1os fueron sumergidos en la cultura Ta\u00edna al igual que los esclavos Africanos que fueron tra\u00eddos por los Espa\u00f1oles;\u2026","rel":"","context":"En \u00abAltos de Chavon @es\u00bb","block_context":{"text":"Altos de Chavon @es","link":"https:\/\/casadecampoliving.com\/category\/altos-de-chavon-es\/"},"img":{"alt_text":"Altos de Chavon museum summer camp","src":"https:\/\/i0.wp.com\/casadecampoliving.com\/wp-content\/uploads\/2022\/10\/altos_de_chavon_museum_summer_camp-1.jpg?fit=650%2C387&ssl=1&resize=350%2C200","width":350,"height":200,"srcset":"https:\/\/i0.wp.com\/casadecampoliving.com\/wp-content\/uploads\/2022\/10\/altos_de_chavon_museum_summer_camp-1.jpg?fit=650%2C387&ssl=1&resize=350%2C200 1x, https:\/\/i0.wp.com\/casadecampoliving.com\/wp-content\/uploads\/2022\/10\/altos_de_chavon_museum_summer_camp-1.jpg?fit=650%2C387&ssl=1&resize=525%2C300 1.5x"},"classes":[]},{"id":344263,"url":"https:\/\/casadecampoliving.com\/es\/campamento-de-verano-en-el-museo-regional-arqueologico-altos-de-chavon\/","url_meta":{"origin":344861,"position":3},"title":"Campamento de Verano en el Museo Regional Arqueol\u00f3gico Altos de Chav\u00f3n","author":"Perkin Agramonte","date":"27 Abr, 2014","format":false,"excerpt":"\u00a1Anote la Fecha! El Museo Regional Arqueol\u00f3gico Altos de Chav\u00f3n estar\u00e1 organizando un Campamento de Verano desde el lunes 6 hasta el viernes 18 de julio, donde los ni\u00f1os aprender\u00e1n sobre la historia a trav\u00e9s de juegos y exploraciones. En este campamento arqueol\u00f3gico, exploratorio y divertido los ni\u00f1os aprender\u00e1n a\u2026","rel":"","context":"En \u00abAltos de Chavon @es\u00bb","block_context":{"text":"Altos de Chavon @es","link":"https:\/\/casadecampoliving.com\/category\/altos-de-chavon-es\/"},"img":{"alt_text":"","src":"https:\/\/i0.wp.com\/casadecampoliving.com\/wp-content\/uploads\/2022\/10\/campamento_verano_arqueologico_chavon-e1398433087895-1.jpg?fit=620%2C465&ssl=1&resize=350%2C200","width":350,"height":200,"srcset":"https:\/\/i0.wp.com\/casadecampoliving.com\/wp-content\/uploads\/2022\/10\/campamento_verano_arqueologico_chavon-e1398433087895-1.jpg?fit=620%2C465&ssl=1&resize=350%2C200 1x, https:\/\/i0.wp.com\/casadecampoliving.com\/wp-content\/uploads\/2022\/10\/campamento_verano_arqueologico_chavon-e1398433087895-1.jpg?fit=620%2C465&ssl=1&resize=525%2C300 1.5x"},"classes":[]},{"id":342208,"url":"https:\/\/casadecampoliving.com\/es\/experta-en-aves-participara-en-el-campamento-de-verano-del-museo-arqueologico-chavon\/","url_meta":{"origin":344861,"position":4},"title":"Experta en aves participar\u00e1 en el campamento de verano del Museo Arqueol\u00f3gico Chav\u00f3n","author":"Mairobi Herrera","date":"6 Jul, 2013","format":false,"excerpt":"\u00bfUsted sabe cu\u00e1les aves vuelan en los alrededores de Altos de Chav\u00f3n y cu\u00e1ntas son? Pues muy pronto lo sabremos, porque la ornit\u00f3loga norteamericana residente en el pa\u00eds, Kate Wallace, formar\u00e1 parte del campamento de verano del Museo Regional Altos de Chav\u00f3n el 16 de julio, en donde ayudar\u00e1 a\u2026","rel":"","context":"En \u00abAltos de Chavon @es\u00bb","block_context":{"text":"Altos de Chavon @es","link":"https:\/\/casadecampoliving.com\/category\/altos-de-chavon-es\/"},"img":{"alt_text":"vultures","src":"https:\/\/i0.wp.com\/casadecampoliving.com\/wp-content\/uploads\/2022\/10\/vultures-1.jpg?fit=650%2C395&ssl=1&resize=350%2C200","width":350,"height":200,"srcset":"https:\/\/i0.wp.com\/casadecampoliving.com\/wp-content\/uploads\/2022\/10\/vultures-1.jpg?fit=650%2C395&ssl=1&resize=350%2C200 1x, https:\/\/i0.wp.com\/casadecampoliving.com\/wp-content\/uploads\/2022\/10\/vultures-1.jpg?fit=650%2C395&ssl=1&resize=525%2C300 1.5x"},"classes":[]},{"id":342478,"url":"https:\/\/casadecampoliving.com\/es\/aves-en-altos-de-chavon\/","url_meta":{"origin":344861,"position":5},"title":"Caminata de observaci\u00f3n de aves en Altos de Chav\u00f3n","author":"Mairobi Herrera","date":"22 Jul, 2013","format":false,"excerpt":"El Museo Arqueol\u00f3gico Regional Altos de Chav\u00f3n incluy\u00f3 esta semana dentro del programa de su campamento de verano \u201cExplorando el Pasado\u201d, un d\u00eda especial dedicado a las aves con la participaci\u00f3n de la reconocida ornit\u00f3loga Kate Wallace. \u00a0A las 6:30 de la ma\u00f1ana Kate realiz\u00f3 una caminata para observar las\u2026","rel":"","context":"En \u00abAltos de Chavon @es\u00bb","block_context":{"text":"Altos de Chavon @es","link":"https:\/\/casadecampoliving.com\/category\/altos-de-chavon-es\/"},"img":{"alt_text":"kate wallace altos de chavon","src":"https:\/\/i0.wp.com\/casadecampoliving.com\/wp-content\/uploads\/2022\/10\/kate_wallace_altos_de_chavon-1.jpg?fit=650%2C488&ssl=1&resize=350%2C200","width":350,"height":200,"srcset":"https:\/\/i0.wp.com\/casadecampoliving.com\/wp-content\/uploads\/2022\/10\/kate_wallace_altos_de_chavon-1.jpg?fit=650%2C488&ssl=1&resize=350%2C200 1x, https:\/\/i0.wp.com\/casadecampoliving.com\/wp-content\/uploads\/2022\/10\/kate_wallace_altos_de_chavon-1.jpg?fit=650%2C488&ssl=1&resize=525%2C300 1.5x"},"classes":[]}],"jetpack_sharing_enabled":true,"_links":{"self":[{"href":"https:\/\/casadecampoliving.com\/es\/wp-json\/wp\/v2\/posts\/344861","targetHints":{"allow":["GET"]}}],"collection":[{"href":"https:\/\/casadecampoliving.com\/es\/wp-json\/wp\/v2\/posts"}],"about":[{"href":"https:\/\/casadecampoliving.com\/es\/wp-json\/wp\/v2\/types\/post"}],"author":[{"embeddable":true,"href":"https:\/\/casadecampoliving.com\/es\/wp-json\/wp\/v2\/users\/1097"}],"replies":[{"embeddable":true,"href":"https:\/\/casadecampoliving.com\/es\/wp-json\/wp\/v2\/comments?post=344861"}],"version-history":[{"count":1,"href":"https:\/\/casadecampoliving.com\/es\/wp-json\/wp\/v2\/posts\/344861\/revisions"}],"predecessor-version":[{"id":344862,"href":"https:\/\/casadecampoliving.com\/es\/wp-json\/wp\/v2\/posts\/344861\/revisions\/344862"}],"wp:featuredmedia":[{"embeddable":true,"href":"https:\/\/casadecampoliving.com\/es\/wp-json\/wp\/v2\/media\/264179"}],"wp:attachment":[{"href":"https:\/\/casadecampoliving.com\/es\/wp-json\/wp\/v2\/media?parent=344861"}],"wp:term":[{"taxonomy":"category","embeddable":true,"href":"https:\/\/casadecampoliving.com\/es\/wp-json\/wp\/v2\/categories?post=344861"},{"taxonomy":"post_tag","embeddable":true,"href":"https:\/\/casadecampoliving.com\/es\/wp-json\/wp\/v2\/tags?post=344861"},{"taxonomy":"newspack_spnsrs_tax","embeddable":true,"href":"https:\/\/casadecampoliving.com\/es\/wp-json\/wp\/v2\/newspack_spnsrs_tax?post=344861"}],"curies":[{"name":"wp","href":"https:\/\/api.w.org\/{rel}","templated":true}]}}