{"id":344857,"date":"2014-07-17T00:00:00","date_gmt":"2014-07-17T04:00:00","guid":{"rendered":"https:\/\/casadecampoliving.com\/hogar-del-nino-sexta-graduacion\/"},"modified":"2022-11-10T10:37:39","modified_gmt":"2022-11-10T14:37:39","slug":"hogar-del-nino-sexta-graduacion","status":"publish","type":"post","link":"https:\/\/casadecampoliving.com\/es\/hogar-del-nino-sexta-graduacion\/","title":{"rendered":"El Hogar Del Ni\u00f1o celebra su sexta graduaci\u00f3n de bachillerato"},"content":{"rendered":"<img data-recalc-dims=\"1\" loading=\"lazy\" decoding=\"async\" class=\"aligncenter wp-image-93674 size-full\" src=\"https:\/\/i0.wp.com\/casadecampoliving.com\/wp-content\/uploads\/2022\/10\/Xiomara_With_Class_of_2014.jpg?resize=650%2C433&#038;ssl=1\" alt=\"Xiomara Men\u00e9ndez With the HDN Class of 2014\" width=\"650\" height=\"433\" \/>\n\nEl maravilloso colegio del Hogar del Ni\u00f1o ha graduado su sexta promoci\u00f3n de bachillerato, una noticia fant\u00e1stica de parte de la organizaci\u00f3n. <!--more-->La ceremonia se dio en el Club de la Costa, el cual pertenece a la Central Romana Corporation, el beneficiario m\u00e1s grande del Hogar del Ni\u00f1o.\n\n<img data-recalc-dims=\"1\" loading=\"lazy\" decoding=\"async\" class=\"alignright size-medium wp-image-93672\" src=\"https:\/\/i0.wp.com\/casadecampoliving.com\/wp-content\/uploads\/2022\/10\/IMG_0664-284x300-2.jpg?resize=284%2C300&#038;ssl=1\" alt=\"Xiomara Men\u00e9ndez Speaking\" width=\"284\" height=\"300\" \/>\n\n<em><strong>\u00abLa Escuela de Hogar del Ni\u00f1o va desde primer grado hasta Bachillerato con profesores altamente calificados y un equipo de profesionales incluyendo psic\u00f3logos y trabajadoras sociales; un moderno laboratorio de c\u00f3mputos y una biblioteca de 20,000 vol\u00famenes,\u00bb<\/strong><\/em> explica la fundaci\u00f3n en\u00a0<a href=\"http:\/\/www.hogardelnino.com\/about-patronato-benefico-oriental\/\" target=\"_blank\" rel=\"noopener\">hogardelni\u00f1o.com<\/a>.\n\nAparte de graduar 24 j\u00f3venes de la escuela, mucho de los cuales han estado con la fundaci\u00f3n desde que eran beb\u00e9s en la \u00abSala de Cuna\u00bb del Hogar, la fundaci\u00f3n ofrece cinco becas en universidades alrededor del pa\u00eds para el mejor (o la mejor) estudiante de la promoci\u00f3n y cuatro otros estudiantes sobresalientes.\n\nDos de los graduados del Hogar del Ni\u00f1o que fueron a la universidad con becas volvieron a trabajar al Hogar del Ni\u00f1o, uno como estudiante y otro como dentista. El Hogar del Ni\u00f1o tiene m\u00e1s de 20 estudiantes becados en la universidad al momento.\u00a0<em><strong>\u00abEste programa es incre\u00edblemente importante para las vidas de estos estudiantes, para sus familias, y para la vida a largo plazo de la Rep\u00fablica Dominicana,\u00bb<\/strong><\/em><strong>\u00a0<\/strong>dijo Phyllis Berney, una due\u00f1a de villa de Casa de Campo que apoya much\u00edsimo la causa y estuvo presente en la ceremonia.\n\nXiomara Men\u00e9ndez, presidenta del Patronato Ben\u00e9fico Oriental, la organizaci\u00f3n que maneja el Hogar del Ni\u00f1o le cont\u00f3 a Casa de Campo Living como ella sent\u00eda que la educaci\u00f3n era el foco mas grande al manejar la fundaci\u00f3n y producir cambio en el futuro. Al verles las caras a todos estos j\u00f3venes, con una educaci\u00f3n y un futuro que nunca pudieran haber recibido sin la fundaci\u00f3n, y pensando en los 147 j\u00f3venes que ya han graduado, \u00a1claro que estamos de acuerdo!\u00a0<span style=\"font-weight: 600; color: #444444;\">\n<figure class=\"wp-block-gallery has-nested-images columns-default is-cropped wp-block-gallery-1 is-layout-flex wp-block-gallery-is-layout-flex\">\n<figure class=\"wp-block-image size-large\"><img data-recalc-dims=\"1\" loading=\"lazy\" decoding=\"async\" width=\"800\" height=\"1200\" data-id=\"481352\" src=\"https:\/\/i0.wp.com\/casadecampoliving.com\/wp-content\/uploads\/2022\/10\/img_0720-2.jpg?resize=800%2C1200&#038;ssl=1\" alt=\"\" class=\"wp-image-481352\" srcset=\"https:\/\/i0.wp.com\/casadecampoliving.com\/wp-content\/uploads\/2022\/10\/img_0720-2.jpg?w=800&amp;ssl=1 800w, https:\/\/i0.wp.com\/casadecampoliving.com\/wp-content\/uploads\/2022\/10\/img_0720-2.jpg?resize=200%2C300&amp;ssl=1 200w, https:\/\/i0.wp.com\/casadecampoliving.com\/wp-content\/uploads\/2022\/10\/img_0720-2.jpg?resize=683%2C1024&amp;ssl=1 683w, https:\/\/i0.wp.com\/casadecampoliving.com\/wp-content\/uploads\/2022\/10\/img_0720-2.jpg?resize=768%2C1152&amp;ssl=1 768w, https:\/\/i0.wp.com\/casadecampoliving.com\/wp-content\/uploads\/2022\/10\/img_0720-2.jpg?resize=400%2C600&amp;ssl=1 400w, https:\/\/i0.wp.com\/casadecampoliving.com\/wp-content\/uploads\/2022\/10\/img_0720-2.jpg?resize=706%2C1059&amp;ssl=1 706w, https:\/\/i0.wp.com\/casadecampoliving.com\/wp-content\/uploads\/2022\/10\/img_0720-2.jpg?resize=150%2C225&amp;ssl=1 150w, https:\/\/i0.wp.com\/casadecampoliving.com\/wp-content\/uploads\/2022\/10\/img_0720-2.jpg?w=370&amp;ssl=1 370w\" sizes=\"auto, (max-width: 800px) 100vw, 800px\" \/><\/figure>\n\n\n\n<figure class=\"wp-block-image size-large\"><img data-recalc-dims=\"1\" loading=\"lazy\" decoding=\"async\" width=\"800\" height=\"533\" data-id=\"481370\" src=\"https:\/\/i0.wp.com\/casadecampoliving.com\/wp-content\/uploads\/2022\/10\/img_0776-8.jpg?resize=800%2C533&#038;ssl=1\" alt=\"\" class=\"wp-image-481370\" srcset=\"https:\/\/i0.wp.com\/casadecampoliving.com\/wp-content\/uploads\/2022\/10\/img_0776-8.jpg?w=800&amp;ssl=1 800w, https:\/\/i0.wp.com\/casadecampoliving.com\/wp-content\/uploads\/2022\/10\/img_0776-8.jpg?resize=300%2C200&amp;ssl=1 300w, https:\/\/i0.wp.com\/casadecampoliving.com\/wp-content\/uploads\/2022\/10\/img_0776-8.jpg?resize=768%2C512&amp;ssl=1 768w, https:\/\/i0.wp.com\/casadecampoliving.com\/wp-content\/uploads\/2022\/10\/img_0776-8.jpg?resize=400%2C267&amp;ssl=1 400w, https:\/\/i0.wp.com\/casadecampoliving.com\/wp-content\/uploads\/2022\/10\/img_0776-8.jpg?resize=706%2C470&amp;ssl=1 706w, https:\/\/i0.wp.com\/casadecampoliving.com\/wp-content\/uploads\/2022\/10\/img_0776-8.jpg?resize=150%2C100&amp;ssl=1 150w, https:\/\/i0.wp.com\/casadecampoliving.com\/wp-content\/uploads\/2022\/10\/img_0776-8.jpg?w=370&amp;ssl=1 370w\" sizes=\"auto, (max-width: 800px) 100vw, 800px\" \/><\/figure>\n\n\n\n<figure class=\"wp-block-image size-large\"><img data-recalc-dims=\"1\" loading=\"lazy\" decoding=\"async\" width=\"800\" height=\"533\" data-id=\"481391\" src=\"https:\/\/i0.wp.com\/casadecampoliving.com\/wp-content\/uploads\/2022\/10\/img_0848.jpg?resize=800%2C533&#038;ssl=1\" alt=\"\" class=\"wp-image-481391\" srcset=\"https:\/\/i0.wp.com\/casadecampoliving.com\/wp-content\/uploads\/2022\/10\/img_0848.jpg?w=800&amp;ssl=1 800w, https:\/\/i0.wp.com\/casadecampoliving.com\/wp-content\/uploads\/2022\/10\/img_0848.jpg?resize=300%2C200&amp;ssl=1 300w, https:\/\/i0.wp.com\/casadecampoliving.com\/wp-content\/uploads\/2022\/10\/img_0848.jpg?resize=768%2C512&amp;ssl=1 768w, https:\/\/i0.wp.com\/casadecampoliving.com\/wp-content\/uploads\/2022\/10\/img_0848.jpg?resize=400%2C267&amp;ssl=1 400w, https:\/\/i0.wp.com\/casadecampoliving.com\/wp-content\/uploads\/2022\/10\/img_0848.jpg?resize=706%2C470&amp;ssl=1 706w, https:\/\/i0.wp.com\/casadecampoliving.com\/wp-content\/uploads\/2022\/10\/img_0848.jpg?resize=150%2C100&amp;ssl=1 150w, https:\/\/i0.wp.com\/casadecampoliving.com\/wp-content\/uploads\/2022\/10\/img_0848.jpg?w=370&amp;ssl=1 370w\" sizes=\"auto, (max-width: 800px) 100vw, 800px\" \/><\/figure>\n\n\n\n<figure class=\"wp-block-image size-large\"><img data-recalc-dims=\"1\" loading=\"lazy\" decoding=\"async\" width=\"800\" height=\"533\" data-id=\"481408\" src=\"https:\/\/i0.wp.com\/casadecampoliving.com\/wp-content\/uploads\/2022\/10\/img_0937-4.jpg?resize=800%2C533&#038;ssl=1\" alt=\"\" class=\"wp-image-481408\" srcset=\"https:\/\/i0.wp.com\/casadecampoliving.com\/wp-content\/uploads\/2022\/10\/img_0937-4.jpg?w=800&amp;ssl=1 800w, https:\/\/i0.wp.com\/casadecampoliving.com\/wp-content\/uploads\/2022\/10\/img_0937-4.jpg?resize=300%2C200&amp;ssl=1 300w, https:\/\/i0.wp.com\/casadecampoliving.com\/wp-content\/uploads\/2022\/10\/img_0937-4.jpg?resize=768%2C512&amp;ssl=1 768w, https:\/\/i0.wp.com\/casadecampoliving.com\/wp-content\/uploads\/2022\/10\/img_0937-4.jpg?resize=400%2C267&amp;ssl=1 400w, https:\/\/i0.wp.com\/casadecampoliving.com\/wp-content\/uploads\/2022\/10\/img_0937-4.jpg?resize=706%2C470&amp;ssl=1 706w, https:\/\/i0.wp.com\/casadecampoliving.com\/wp-content\/uploads\/2022\/10\/img_0937-4.jpg?resize=150%2C100&amp;ssl=1 150w, https:\/\/i0.wp.com\/casadecampoliving.com\/wp-content\/uploads\/2022\/10\/img_0937-4.jpg?w=370&amp;ssl=1 370w\" sizes=\"auto, (max-width: 800px) 100vw, 800px\" \/><\/figure>\n<\/figure>\n<\/span>\n\n<strong>Fotograf\u00eda por Bryan de la Cruz.<\/strong>","protected":false},"excerpt":{"rendered":"<p>El maravilloso colegio del Hogar del Ni\u00f1o ha graduado su sexta promoci\u00f3n de bachillerato, una noticia fant\u00e1stica de parte de la organizaci\u00f3n.<\/p>\n","protected":false},"author":18093,"featured_media":265152,"comment_status":"closed","ping_status":"closed","sticky":false,"template":"","format":"standard","meta":{"newspack_ads_suppress_ads":false,"newspack_popups_has_disabled_popups":false,"newspack_sponsor_sponsorship_scope":"","newspack_sponsor_native_byline_display":"inherit","newspack_sponsor_native_category_display":"inherit","newspack_sponsor_underwriter_style":"inherit","newspack_sponsor_underwriter_placement":"inherit","_newspack_byline_active":false,"_newspack_byline":"","newspack_hide_updated_date":false,"newspack_show_updated_date":false,"newspack_content_restriction_is_exempt":false,"newspack_featured_image_position":"","newspack_post_subtitle":"","newspack_article_summary_title":"Overview:","newspack_article_summary":"","_jetpack_memberships_contains_paid_content":false,"footnotes":"","jetpack_publicize_message":"","jetpack_publicize_feature_enabled":true,"jetpack_social_post_already_shared":false,"jetpack_social_options":{"image_generator_settings":{"template":"highway","default_image_id":0,"font":"","enabled":false},"version":2},"_wpas_customize_per_network":false},"categories":[2526,2516,14625,2514],"tags":[7563,3981,2756,2727,4484,6542,23828],"newspack_spnsrs_tax":[],"class_list":["post-344857","post","type-post","status-publish","format-standard","has-post-thumbnail","hentry","category-titulares-es","category-hogar-del-nino-es","category-noticias-locales","category-fundaciones-es","tag-7563","tag-casa-de-campoes","tag-educacion","tag-fundacion","tag-el-hogar-del-nino","tag-hogar-del-ninoes","tag-patronato-benefico-oriental-es-2","entry"],"yoast_head":"<!-- This site is optimized with the Yoast SEO plugin v27.4 - https:\/\/yoast.com\/product\/yoast-seo-wordpress\/ -->\n<title>El Hogar Del Ni\u00f1o celebra su sexta graduaci\u00f3n de bachillerato | Casa de Campo Living<\/title>\n<meta name=\"description\" content=\"El maravilloso colegio del Hogar del Ni\u00f1o ha graduado su sexta promoci\u00f3n de bachillerato, una noticia fant\u00e1stica de parte de la organizaci\u00f3n. La ceremonia\" \/>\n<meta name=\"robots\" content=\"index, follow, max-snippet:-1, max-image-preview:large, max-video-preview:-1\" \/>\n<link rel=\"canonical\" href=\"https:\/\/casadecampoliving.com\/es\/hogar-del-nino-sexta-graduacion\/\" \/>\n<meta property=\"og:locale\" content=\"es_ES\" \/>\n<meta property=\"og:type\" content=\"article\" \/>\n<meta property=\"og:title\" content=\"El Hogar Del Ni\u00f1o celebra su sexta graduaci\u00f3n de bachillerato | Casa de Campo Living\" \/>\n<meta property=\"og:description\" content=\"El maravilloso colegio del Hogar del Ni\u00f1o ha graduado su sexta promoci\u00f3n de bachillerato, una noticia fant\u00e1stica de parte de la organizaci\u00f3n. La ceremonia\" \/>\n<meta property=\"og:url\" content=\"https:\/\/casadecampoliving.com\/es\/hogar-del-nino-sexta-graduacion\/\" \/>\n<meta property=\"og:site_name\" content=\"Casa de Campo Living\" \/>\n<meta property=\"article:publisher\" content=\"https:\/\/www.facebook.com\/casadecampoliving\" \/>\n<meta property=\"article:published_time\" content=\"2014-07-17T04:00:00+00:00\" \/>\n<meta property=\"article:modified_time\" content=\"2022-11-10T14:37:39+00:00\" \/>\n<meta property=\"og:image\" content=\"https:\/\/i0.wp.com\/casadecampoliving.com\/wp-content\/uploads\/2022\/10\/Xiomara_With_Class_of_2014-1.jpg?fit=650%2C433&ssl=1\" \/>\n\t<meta property=\"og:image:width\" content=\"650\" \/>\n\t<meta property=\"og:image:height\" content=\"433\" \/>\n\t<meta property=\"og:image:type\" content=\"image\/jpeg\" \/>\n<meta name=\"author\" content=\"Emil Mella\" \/>\n<meta name=\"twitter:card\" content=\"summary_large_image\" \/>\n<meta name=\"twitter:creator\" content=\"@cdcliving\" \/>\n<meta name=\"twitter:site\" content=\"@cdcliving\" \/>\n<meta name=\"twitter:label1\" content=\"Escrito por\" \/>\n\t<meta name=\"twitter:data1\" content=\"Emil Mella\" \/>\n\t<meta name=\"twitter:label2\" content=\"Tiempo de lectura\" \/>\n\t<meta name=\"twitter:data2\" content=\"2 minutos\" \/>\n<script type=\"application\/ld+json\" class=\"yoast-schema-graph\">{\"@context\":\"https:\\\/\\\/schema.org\",\"@graph\":[{\"@type\":\"Article\",\"@id\":\"https:\\\/\\\/casadecampoliving.com\\\/es\\\/hogar-del-nino-sexta-graduacion\\\/#article\",\"isPartOf\":{\"@id\":\"https:\\\/\\\/casadecampoliving.com\\\/es\\\/hogar-del-nino-sexta-graduacion\\\/\"},\"author\":{\"name\":\"Emil Mella\",\"@id\":\"https:\\\/\\\/casadecampoliving.com\\\/es\\\/#\\\/schema\\\/person\\\/d12a5efec1fdc64b900715bce298e45b\"},\"headline\":\"El Hogar Del Ni\u00f1o celebra su sexta graduaci\u00f3n de bachillerato\",\"datePublished\":\"2014-07-17T04:00:00+00:00\",\"dateModified\":\"2022-11-10T14:37:39+00:00\",\"mainEntityOfPage\":{\"@id\":\"https:\\\/\\\/casadecampoliving.com\\\/es\\\/hogar-del-nino-sexta-graduacion\\\/\"},\"wordCount\":367,\"publisher\":{\"@id\":\"https:\\\/\\\/casadecampoliving.com\\\/es\\\/#organization\"},\"image\":{\"@id\":\"https:\\\/\\\/casadecampoliving.com\\\/es\\\/hogar-del-nino-sexta-graduacion\\\/#primaryimage\"},\"thumbnailUrl\":\"https:\\\/\\\/i0.wp.com\\\/casadecampoliving.com\\\/wp-content\\\/uploads\\\/2022\\\/10\\\/Xiomara_With_Class_of_2014-1.jpg?fit=650%2C433&ssl=1\",\"keywords\":[\"2014\",\"casa de campo@es\",\"educacion\",\"Fundacion\",\"el hogar del nino\",\"hogar del nino@es\",\"patronato ben\u00e9fico oriental\"],\"articleSection\":[\"Titulares\",\"Hogar del Ni\u00f1o @es\",\"Noticias Locales\",\"Fundaciones\"],\"inLanguage\":\"es\"},{\"@type\":\"WebPage\",\"@id\":\"https:\\\/\\\/casadecampoliving.com\\\/es\\\/hogar-del-nino-sexta-graduacion\\\/\",\"url\":\"https:\\\/\\\/casadecampoliving.com\\\/es\\\/hogar-del-nino-sexta-graduacion\\\/\",\"name\":\"El Hogar Del Ni\u00f1o celebra su sexta graduaci\u00f3n de bachillerato | Casa de Campo Living\",\"isPartOf\":{\"@id\":\"https:\\\/\\\/casadecampoliving.com\\\/es\\\/#website\"},\"primaryImageOfPage\":{\"@id\":\"https:\\\/\\\/casadecampoliving.com\\\/es\\\/hogar-del-nino-sexta-graduacion\\\/#primaryimage\"},\"image\":{\"@id\":\"https:\\\/\\\/casadecampoliving.com\\\/es\\\/hogar-del-nino-sexta-graduacion\\\/#primaryimage\"},\"thumbnailUrl\":\"https:\\\/\\\/i0.wp.com\\\/casadecampoliving.com\\\/wp-content\\\/uploads\\\/2022\\\/10\\\/Xiomara_With_Class_of_2014-1.jpg?fit=650%2C433&ssl=1\",\"datePublished\":\"2014-07-17T04:00:00+00:00\",\"dateModified\":\"2022-11-10T14:37:39+00:00\",\"description\":\"El maravilloso colegio del Hogar del Ni\u00f1o ha graduado su sexta promoci\u00f3n de bachillerato, una noticia fant\u00e1stica de parte de la organizaci\u00f3n. La ceremonia\",\"breadcrumb\":{\"@id\":\"https:\\\/\\\/casadecampoliving.com\\\/es\\\/hogar-del-nino-sexta-graduacion\\\/#breadcrumb\"},\"inLanguage\":\"es\",\"potentialAction\":[{\"@type\":\"ReadAction\",\"target\":[\"https:\\\/\\\/casadecampoliving.com\\\/es\\\/hogar-del-nino-sexta-graduacion\\\/\"]}]},{\"@type\":\"ImageObject\",\"inLanguage\":\"es\",\"@id\":\"https:\\\/\\\/casadecampoliving.com\\\/es\\\/hogar-del-nino-sexta-graduacion\\\/#primaryimage\",\"url\":\"https:\\\/\\\/i0.wp.com\\\/casadecampoliving.com\\\/wp-content\\\/uploads\\\/2022\\\/10\\\/Xiomara_With_Class_of_2014-1.jpg?fit=650%2C433&ssl=1\",\"contentUrl\":\"https:\\\/\\\/i0.wp.com\\\/casadecampoliving.com\\\/wp-content\\\/uploads\\\/2022\\\/10\\\/Xiomara_With_Class_of_2014-1.jpg?fit=650%2C433&ssl=1\",\"width\":650,\"height\":433,\"caption\":\"Xiomara Men\u00e9ndez With the HDN Class of 2014\"},{\"@type\":\"BreadcrumbList\",\"@id\":\"https:\\\/\\\/casadecampoliving.com\\\/es\\\/hogar-del-nino-sexta-graduacion\\\/#breadcrumb\",\"itemListElement\":[{\"@type\":\"ListItem\",\"position\":1,\"name\":\"Home\",\"item\":\"https:\\\/\\\/casadecampoliving.com\\\/es\\\/\"},{\"@type\":\"ListItem\",\"position\":2,\"name\":\"El Hogar Del Ni\u00f1o celebra su sexta graduaci\u00f3n de bachillerato\"}]},{\"@type\":\"WebSite\",\"@id\":\"https:\\\/\\\/casadecampoliving.com\\\/es\\\/#website\",\"url\":\"https:\\\/\\\/casadecampoliving.com\\\/es\\\/\",\"name\":\"Casa de Campo Living\",\"description\":\"Resort community news and resources.\",\"publisher\":{\"@id\":\"https:\\\/\\\/casadecampoliving.com\\\/es\\\/#organization\"},\"potentialAction\":[{\"@type\":\"SearchAction\",\"target\":{\"@type\":\"EntryPoint\",\"urlTemplate\":\"https:\\\/\\\/casadecampoliving.com\\\/es\\\/?s={search_term_string}\"},\"query-input\":{\"@type\":\"PropertyValueSpecification\",\"valueRequired\":true,\"valueName\":\"search_term_string\"}}],\"inLanguage\":\"es\"},{\"@type\":\"Organization\",\"@id\":\"https:\\\/\\\/casadecampoliving.com\\\/es\\\/#organization\",\"name\":\"Casa de Campo Living\",\"url\":\"https:\\\/\\\/casadecampoliving.com\\\/es\\\/\",\"logo\":{\"@type\":\"ImageObject\",\"inLanguage\":\"es\",\"@id\":\"https:\\\/\\\/casadecampoliving.com\\\/es\\\/#\\\/schema\\\/logo\\\/image\\\/\",\"url\":\"https:\\\/\\\/i0.wp.com\\\/casadecampoliving.com\\\/wp-content\\\/uploads\\\/2022\\\/07\\\/CDCLivingLogo_V1-white-sized.png?fit=800%2C214&ssl=1\",\"contentUrl\":\"https:\\\/\\\/i0.wp.com\\\/casadecampoliving.com\\\/wp-content\\\/uploads\\\/2022\\\/07\\\/CDCLivingLogo_V1-white-sized.png?fit=800%2C214&ssl=1\",\"width\":800,\"height\":214,\"caption\":\"Casa de Campo Living\"},\"image\":{\"@id\":\"https:\\\/\\\/casadecampoliving.com\\\/es\\\/#\\\/schema\\\/logo\\\/image\\\/\"},\"sameAs\":[\"https:\\\/\\\/www.facebook.com\\\/casadecampoliving\",\"https:\\\/\\\/x.com\\\/cdcliving\"]},{\"@type\":\"Person\",\"@id\":\"https:\\\/\\\/casadecampoliving.com\\\/es\\\/#\\\/schema\\\/person\\\/d12a5efec1fdc64b900715bce298e45b\",\"name\":\"Emil Mella\",\"image\":{\"@type\":\"ImageObject\",\"inLanguage\":\"es\",\"@id\":\"https:\\\/\\\/secure.gravatar.com\\\/avatar\\\/4e9e3292f2d31d6433db3b53db07d9803a6b11077575fa898c13ca6b8962c812?s=96&d=mm&r=g\",\"url\":\"https:\\\/\\\/secure.gravatar.com\\\/avatar\\\/4e9e3292f2d31d6433db3b53db07d9803a6b11077575fa898c13ca6b8962c812?s=96&d=mm&r=g\",\"contentUrl\":\"https:\\\/\\\/secure.gravatar.com\\\/avatar\\\/4e9e3292f2d31d6433db3b53db07d9803a6b11077575fa898c13ca6b8962c812?s=96&d=mm&r=g\",\"caption\":\"Emil Mella\"},\"url\":\"https:\\\/\\\/casadecampoliving.com\\\/es\\\/author\\\/emil-mella\\\/\"}]}<\/script>\n<!-- \/ Yoast SEO plugin. -->","yoast_head_json":{"title":"El Hogar Del Ni\u00f1o celebra su sexta graduaci\u00f3n de bachillerato | Casa de Campo Living","description":"El maravilloso colegio del Hogar del Ni\u00f1o ha graduado su sexta promoci\u00f3n de bachillerato, una noticia fant\u00e1stica de parte de la organizaci\u00f3n. La ceremonia","robots":{"index":"index","follow":"follow","max-snippet":"max-snippet:-1","max-image-preview":"max-image-preview:large","max-video-preview":"max-video-preview:-1"},"canonical":"https:\/\/casadecampoliving.com\/es\/hogar-del-nino-sexta-graduacion\/","og_locale":"es_ES","og_type":"article","og_title":"El Hogar Del Ni\u00f1o celebra su sexta graduaci\u00f3n de bachillerato | Casa de Campo Living","og_description":"El maravilloso colegio del Hogar del Ni\u00f1o ha graduado su sexta promoci\u00f3n de bachillerato, una noticia fant\u00e1stica de parte de la organizaci\u00f3n. La ceremonia","og_url":"https:\/\/casadecampoliving.com\/es\/hogar-del-nino-sexta-graduacion\/","og_site_name":"Casa de Campo Living","article_publisher":"https:\/\/www.facebook.com\/casadecampoliving","article_published_time":"2014-07-17T04:00:00+00:00","article_modified_time":"2022-11-10T14:37:39+00:00","og_image":[{"width":650,"height":433,"url":"https:\/\/i0.wp.com\/casadecampoliving.com\/wp-content\/uploads\/2022\/10\/Xiomara_With_Class_of_2014-1.jpg?fit=650%2C433&ssl=1","type":"image\/jpeg"}],"author":"Emil Mella","twitter_card":"summary_large_image","twitter_creator":"@cdcliving","twitter_site":"@cdcliving","twitter_misc":{"Escrito por":"Emil Mella","Tiempo de lectura":"2 minutos"},"schema":{"@context":"https:\/\/schema.org","@graph":[{"@type":"Article","@id":"https:\/\/casadecampoliving.com\/es\/hogar-del-nino-sexta-graduacion\/#article","isPartOf":{"@id":"https:\/\/casadecampoliving.com\/es\/hogar-del-nino-sexta-graduacion\/"},"author":{"name":"Emil Mella","@id":"https:\/\/casadecampoliving.com\/es\/#\/schema\/person\/d12a5efec1fdc64b900715bce298e45b"},"headline":"El Hogar Del Ni\u00f1o celebra su sexta graduaci\u00f3n de bachillerato","datePublished":"2014-07-17T04:00:00+00:00","dateModified":"2022-11-10T14:37:39+00:00","mainEntityOfPage":{"@id":"https:\/\/casadecampoliving.com\/es\/hogar-del-nino-sexta-graduacion\/"},"wordCount":367,"publisher":{"@id":"https:\/\/casadecampoliving.com\/es\/#organization"},"image":{"@id":"https:\/\/casadecampoliving.com\/es\/hogar-del-nino-sexta-graduacion\/#primaryimage"},"thumbnailUrl":"https:\/\/i0.wp.com\/casadecampoliving.com\/wp-content\/uploads\/2022\/10\/Xiomara_With_Class_of_2014-1.jpg?fit=650%2C433&ssl=1","keywords":["2014","casa de campo@es","educacion","Fundacion","el hogar del nino","hogar del nino@es","patronato ben\u00e9fico oriental"],"articleSection":["Titulares","Hogar del Ni\u00f1o @es","Noticias Locales","Fundaciones"],"inLanguage":"es"},{"@type":"WebPage","@id":"https:\/\/casadecampoliving.com\/es\/hogar-del-nino-sexta-graduacion\/","url":"https:\/\/casadecampoliving.com\/es\/hogar-del-nino-sexta-graduacion\/","name":"El Hogar Del Ni\u00f1o celebra su sexta graduaci\u00f3n de bachillerato | Casa de Campo Living","isPartOf":{"@id":"https:\/\/casadecampoliving.com\/es\/#website"},"primaryImageOfPage":{"@id":"https:\/\/casadecampoliving.com\/es\/hogar-del-nino-sexta-graduacion\/#primaryimage"},"image":{"@id":"https:\/\/casadecampoliving.com\/es\/hogar-del-nino-sexta-graduacion\/#primaryimage"},"thumbnailUrl":"https:\/\/i0.wp.com\/casadecampoliving.com\/wp-content\/uploads\/2022\/10\/Xiomara_With_Class_of_2014-1.jpg?fit=650%2C433&ssl=1","datePublished":"2014-07-17T04:00:00+00:00","dateModified":"2022-11-10T14:37:39+00:00","description":"El maravilloso colegio del Hogar del Ni\u00f1o ha graduado su sexta promoci\u00f3n de bachillerato, una noticia fant\u00e1stica de parte de la organizaci\u00f3n. La ceremonia","breadcrumb":{"@id":"https:\/\/casadecampoliving.com\/es\/hogar-del-nino-sexta-graduacion\/#breadcrumb"},"inLanguage":"es","potentialAction":[{"@type":"ReadAction","target":["https:\/\/casadecampoliving.com\/es\/hogar-del-nino-sexta-graduacion\/"]}]},{"@type":"ImageObject","inLanguage":"es","@id":"https:\/\/casadecampoliving.com\/es\/hogar-del-nino-sexta-graduacion\/#primaryimage","url":"https:\/\/i0.wp.com\/casadecampoliving.com\/wp-content\/uploads\/2022\/10\/Xiomara_With_Class_of_2014-1.jpg?fit=650%2C433&ssl=1","contentUrl":"https:\/\/i0.wp.com\/casadecampoliving.com\/wp-content\/uploads\/2022\/10\/Xiomara_With_Class_of_2014-1.jpg?fit=650%2C433&ssl=1","width":650,"height":433,"caption":"Xiomara Men\u00e9ndez With the HDN Class of 2014"},{"@type":"BreadcrumbList","@id":"https:\/\/casadecampoliving.com\/es\/hogar-del-nino-sexta-graduacion\/#breadcrumb","itemListElement":[{"@type":"ListItem","position":1,"name":"Home","item":"https:\/\/casadecampoliving.com\/es\/"},{"@type":"ListItem","position":2,"name":"El Hogar Del Ni\u00f1o celebra su sexta graduaci\u00f3n de bachillerato"}]},{"@type":"WebSite","@id":"https:\/\/casadecampoliving.com\/es\/#website","url":"https:\/\/casadecampoliving.com\/es\/","name":"Casa de Campo Living","description":"Resort community news and resources.","publisher":{"@id":"https:\/\/casadecampoliving.com\/es\/#organization"},"potentialAction":[{"@type":"SearchAction","target":{"@type":"EntryPoint","urlTemplate":"https:\/\/casadecampoliving.com\/es\/?s={search_term_string}"},"query-input":{"@type":"PropertyValueSpecification","valueRequired":true,"valueName":"search_term_string"}}],"inLanguage":"es"},{"@type":"Organization","@id":"https:\/\/casadecampoliving.com\/es\/#organization","name":"Casa de Campo Living","url":"https:\/\/casadecampoliving.com\/es\/","logo":{"@type":"ImageObject","inLanguage":"es","@id":"https:\/\/casadecampoliving.com\/es\/#\/schema\/logo\/image\/","url":"https:\/\/i0.wp.com\/casadecampoliving.com\/wp-content\/uploads\/2022\/07\/CDCLivingLogo_V1-white-sized.png?fit=800%2C214&ssl=1","contentUrl":"https:\/\/i0.wp.com\/casadecampoliving.com\/wp-content\/uploads\/2022\/07\/CDCLivingLogo_V1-white-sized.png?fit=800%2C214&ssl=1","width":800,"height":214,"caption":"Casa de Campo Living"},"image":{"@id":"https:\/\/casadecampoliving.com\/es\/#\/schema\/logo\/image\/"},"sameAs":["https:\/\/www.facebook.com\/casadecampoliving","https:\/\/x.com\/cdcliving"]},{"@type":"Person","@id":"https:\/\/casadecampoliving.com\/es\/#\/schema\/person\/d12a5efec1fdc64b900715bce298e45b","name":"Emil Mella","image":{"@type":"ImageObject","inLanguage":"es","@id":"https:\/\/secure.gravatar.com\/avatar\/4e9e3292f2d31d6433db3b53db07d9803a6b11077575fa898c13ca6b8962c812?s=96&d=mm&r=g","url":"https:\/\/secure.gravatar.com\/avatar\/4e9e3292f2d31d6433db3b53db07d9803a6b11077575fa898c13ca6b8962c812?s=96&d=mm&r=g","contentUrl":"https:\/\/secure.gravatar.com\/avatar\/4e9e3292f2d31d6433db3b53db07d9803a6b11077575fa898c13ca6b8962c812?s=96&d=mm&r=g","caption":"Emil Mella"},"url":"https:\/\/casadecampoliving.com\/es\/author\/emil-mella\/"}]}},"parsely":{"version":"1.1.0","canonical_url":"https:\/\/casadecampoliving.com\/es\/hogar-del-nino-sexta-graduacion\/","smart_links":{"inbound":0,"outbound":0},"traffic_boost_suggestions_count":0,"meta":{"@context":"https:\/\/schema.org","@type":"NewsArticle","headline":"El Hogar Del Ni\u00f1o celebra su sexta graduaci\u00f3n de bachillerato","url":"http:\/\/casadecampoliving.com\/es\/hogar-del-nino-sexta-graduacion\/","mainEntityOfPage":{"@type":"WebPage","@id":"http:\/\/casadecampoliving.com\/es\/hogar-del-nino-sexta-graduacion\/"},"thumbnailUrl":"https:\/\/i0.wp.com\/casadecampoliving.com\/wp-content\/uploads\/2022\/10\/Xiomara_With_Class_of_2014-1.jpg?resize=150%2C150&ssl=1","image":{"@type":"ImageObject","url":"https:\/\/i0.wp.com\/casadecampoliving.com\/wp-content\/uploads\/2022\/10\/Xiomara_With_Class_of_2014-1.jpg?fit=650%2C433&ssl=1"},"articleSection":"Titulares","author":[{"@type":"Person","name":"Emil Mella"}],"creator":["Emil Mella"],"publisher":{"@type":"Organization","name":"Casa de Campo Living","logo":"https:\/\/casadecampoliving.com\/wp-content\/uploads\/2022\/07\/CDCLivingLogo_V1-white-sized.png"},"keywords":["2014","casa de campo@es","educacion","fundacion","el hogar del nino","hogar del nino@es","patronato ben\u00e9fico oriental"],"dateCreated":"2014-07-17T04:00:00Z","datePublished":"2014-07-17T04:00:00Z","dateModified":"2022-11-10T14:37:39Z"},"rendered":"<script type=\"application\/ld+json\" class=\"wp-parsely-metadata\">{\"@context\":\"https:\\\/\\\/schema.org\",\"@type\":\"NewsArticle\",\"headline\":\"El Hogar Del Ni\\u00f1o celebra su sexta graduaci\\u00f3n de bachillerato\",\"url\":\"http:\\\/\\\/casadecampoliving.com\\\/es\\\/hogar-del-nino-sexta-graduacion\\\/\",\"mainEntityOfPage\":{\"@type\":\"WebPage\",\"@id\":\"http:\\\/\\\/casadecampoliving.com\\\/es\\\/hogar-del-nino-sexta-graduacion\\\/\"},\"thumbnailUrl\":\"https:\\\/\\\/i0.wp.com\\\/casadecampoliving.com\\\/wp-content\\\/uploads\\\/2022\\\/10\\\/Xiomara_With_Class_of_2014-1.jpg?resize=150%2C150&ssl=1\",\"image\":{\"@type\":\"ImageObject\",\"url\":\"https:\\\/\\\/i0.wp.com\\\/casadecampoliving.com\\\/wp-content\\\/uploads\\\/2022\\\/10\\\/Xiomara_With_Class_of_2014-1.jpg?fit=650%2C433&ssl=1\"},\"articleSection\":\"Titulares\",\"author\":[{\"@type\":\"Person\",\"name\":\"Emil Mella\"}],\"creator\":[\"Emil Mella\"],\"publisher\":{\"@type\":\"Organization\",\"name\":\"Casa de Campo Living\",\"logo\":\"https:\\\/\\\/casadecampoliving.com\\\/wp-content\\\/uploads\\\/2022\\\/07\\\/CDCLivingLogo_V1-white-sized.png\"},\"keywords\":[\"2014\",\"casa de campo@es\",\"educacion\",\"fundacion\",\"el hogar del nino\",\"hogar del nino@es\",\"patronato ben\\u00e9fico oriental\"],\"dateCreated\":\"2014-07-17T04:00:00Z\",\"datePublished\":\"2014-07-17T04:00:00Z\",\"dateModified\":\"2022-11-10T14:37:39Z\"}<\/script>","tracker_url":"https:\/\/cdn.parsely.com\/keys\/casadecampoliving.com\/p.js"},"jetpack_publicize_connections":[],"jetpack_featured_media_url":"https:\/\/i0.wp.com\/casadecampoliving.com\/wp-content\/uploads\/2022\/10\/Xiomara_With_Class_of_2014-1.jpg?fit=650%2C433&ssl=1","jetpack-related-posts":[{"id":353980,"url":"https:\/\/casadecampoliving.com\/es\/la-embajada-de-japon-inaugura-nuevas-aulas-en-la-escuela-hogar-del-nino-en-la-romana\/","url_meta":{"origin":344857,"position":0},"title":"La embajada de Jap\u00f3n inaugura nuevas aulas en la escuela Hogar del Ni\u00f1o en La Romana","author":"Casa de Campo Living","date":"18 Feb, 2021","format":false,"excerpt":"El Patronato Ben\u00e9fico Oriental y la Embajada del Jap\u00f3n en el pa\u00eds dejaron inauguradas cuatro nuevas aulas en la Escuela Hogar del Ni\u00f1o, como parte del proyecto de ampliaci\u00f3n de dicho centro educativo que acoge a m\u00e1s de 1,700 ni\u00f1os y j\u00f3venes, desde sala de infancia hasta la graduaci\u00f3n del\u2026","rel":"","context":"En \u00abArticulos recientes El Semanal\u00bb","block_context":{"text":"Articulos recientes El Semanal","link":"https:\/\/casadecampoliving.com\/es\/category\/articulos-recientes-el-semanal\/"},"img":{"alt_text":"","src":"https:\/\/i0.wp.com\/casadecampoliving.com\/wp-content\/uploads\/2022\/10\/EJ4B1377-1.jpg?fit=1000%2C667&ssl=1&resize=350%2C200","width":350,"height":200,"srcset":"https:\/\/i0.wp.com\/casadecampoliving.com\/wp-content\/uploads\/2022\/10\/EJ4B1377-1.jpg?fit=1000%2C667&ssl=1&resize=350%2C200 1x, https:\/\/i0.wp.com\/casadecampoliving.com\/wp-content\/uploads\/2022\/10\/EJ4B1377-1.jpg?fit=1000%2C667&ssl=1&resize=525%2C300 1.5x, https:\/\/i0.wp.com\/casadecampoliving.com\/wp-content\/uploads\/2022\/10\/EJ4B1377-1.jpg?fit=1000%2C667&ssl=1&resize=700%2C400 2x"},"classes":[]},{"id":339859,"url":"https:\/\/casadecampoliving.com\/es\/hogar-del-nino-celebra-la-4ta-graduacion-de-estudiantes-de-bachillerato\/","url_meta":{"origin":344857,"position":1},"title":"Hogar del Ni\u00f1o celebra la 4ta graduaci\u00f3n de estudiantes de bachillerato!","author":"","date":"3 Oct, 2012","format":false,"excerpt":"El pasado viernes 31 de agosto, el Patronato Ben\u00e9fico Oriental (PBO) felizmente celebr\u00f3 la cuarta ceremonia de graduaci\u00f3n del centro educativo Hogar del Ni\u00f1o en La Romana. A\u00fan contando con la asistencia de Xiomara Men\u00e9ndez, fundadora del Patronato Ben\u00e9fico Oriental, apasionados miembros de la escuela, al igual que varios miembros\u2026","rel":"","context":"En \u00abEventos\u00bb","block_context":{"text":"Eventos","link":"https:\/\/casadecampoliving.com\/es\/category\/eventos-es\/"},"img":{"alt_text":"hogar del nino","src":"https:\/\/i0.wp.com\/casadecampoliving.com\/wp-content\/uploads\/2022\/10\/hogar_del_nino1-17.jpg?fit=650%2C433&ssl=1&resize=350%2C200","width":350,"height":200,"srcset":"https:\/\/i0.wp.com\/casadecampoliving.com\/wp-content\/uploads\/2022\/10\/hogar_del_nino1-17.jpg?fit=650%2C433&ssl=1&resize=350%2C200 1x, https:\/\/i0.wp.com\/casadecampoliving.com\/wp-content\/uploads\/2022\/10\/hogar_del_nino1-17.jpg?fit=650%2C433&ssl=1&resize=525%2C300 1.5x"},"classes":[]},{"id":338352,"url":"https:\/\/casadecampoliving.com\/es\/recaudacion-de-libros-para-la-biblioteca-del-hogar-del-nino-2\/","url_meta":{"origin":344857,"position":2},"title":"Recaudaci\u00f3n de Libros para la Biblioteca del Hogar del Ni\u00f1o","author":"Rebecca Silvestri","date":"8 Mar, 2011","format":false,"excerpt":"La Escuela Hogar del Ni\u00f1o est\u00e1 recaudando libros para su biblioteca con el prop\u00f3sito de a\u00f1adirle 300 libros a su colecci\u00f3n. Sabemos que con su ayuda podemos ayudarles a aportar al desenvolvimiento de sus ni\u00f1os a trav\u00e9s de la lectura. El cuerpo docente del Hogar del Ni\u00f1o consiste de bebes\u2026","rel":"","context":"En \u00abEstilo de Vida\u00bb","block_context":{"text":"Estilo de Vida","link":"https:\/\/casadecampoliving.com\/es\/category\/estilo-de-vida\/"},"img":{"alt_text":"","src":"https:\/\/i0.wp.com\/casadecampoliving.com\/wp-content\/uploads\/2011\/02\/Hogar_del_Ni%C3%B1o_casa_de_campo.jpg?resize=350%2C200&ssl=1","width":350,"height":200},"classes":[]},{"id":337230,"url":"https:\/\/casadecampoliving.com\/es\/celebrando-la-3era-graduacion-de-los-nuevos-41-bachilleres-del-hogar-del-nino-2\/","url_meta":{"origin":344857,"position":3},"title":"Celebrando la 3era Graduaci\u00f3n de los Nuevos 41 Bachilleres del Hogar del Ni\u00f1o!","author":"Rebecca Silvestri","date":"18 Sep, 2011","format":false,"excerpt":"El Patronato Ben\u00e9fico Oriental se enorgullece de haber celebrado el pasado 25 de Agosto, la tercera graduaci\u00f3n de los estudiantes de 4to de bachillerato de la Escuela Hogar del Ni\u00f1o. Muchos due\u00f1os de villas de Casa de Campo estaban presente en la ceremonia en La Romana Esta promoci\u00f3n integrada por\u2026","rel":"","context":"En \u00abDestacados\u00bb","block_context":{"text":"Destacados","link":"https:\/\/casadecampoliving.com\/es\/category\/destacados\/"},"img":{"alt_text":"hogar del ni\u00f1o la romana","src":"https:\/\/i0.wp.com\/casadecampoliving.com\/wp-content\/uploads\/2011\/09\/hogar_del_ni%C3%B1o_la_romana1.jpg?resize=350%2C200&ssl=1","width":350,"height":200,"srcset":"https:\/\/i0.wp.com\/casadecampoliving.com\/wp-content\/uploads\/2011\/09\/hogar_del_ni%C3%B1o_la_romana1.jpg?resize=350%2C200&ssl=1 1x, https:\/\/i0.wp.com\/casadecampoliving.com\/wp-content\/uploads\/2011\/09\/hogar_del_ni%C3%B1o_la_romana1.jpg?resize=525%2C300&ssl=1 1.5x"},"classes":[]},{"id":338079,"url":"https:\/\/casadecampoliving.com\/es\/fin-de-semana-del-hogar-del-nino-visita-al-hogar-del-nino\/","url_meta":{"origin":344857,"position":4},"title":"Fin de Semana del Hogar del Ni\u00f1o: Visita al Hogar del Ni\u00f1o","author":"Jhosmarty Castillo","date":"22 Feb, 2011","format":false,"excerpt":"Una Hermosa ma\u00f1ana amenazada por lluvia, part\u00ed junto a due\u00f1os de Villas en Casa de Campo y algunos hu\u00e9spedes del complejo hacia la Escuela Hogar del Ni\u00f1o que queda en el pueblo de La Romana. All\u00ed tomamos el tour de la escuela dirigido por la voluntaria de la Universidad de\u2026","rel":"","context":"En \u00abHogar del Ni\u00f1o @es\u00bb","block_context":{"text":"Hogar del Ni\u00f1o @es","link":"https:\/\/casadecampoliving.com\/es\/category\/fundaciones-es\/hogar-del-nino-es\/"},"img":{"alt_text":"1","src":"https:\/\/i0.wp.com\/casadecampoliving.com\/wp-content\/uploads\/2022\/10\/1-25.jpg?resize=350%2C200","width":350,"height":200,"srcset":"https:\/\/i0.wp.com\/casadecampoliving.com\/wp-content\/uploads\/2022\/10\/1-25.jpg?resize=350%2C200 1x, https:\/\/i0.wp.com\/casadecampoliving.com\/wp-content\/uploads\/2022\/10\/1-25.jpg?resize=525%2C300 1.5x, https:\/\/i0.wp.com\/casadecampoliving.com\/wp-content\/uploads\/2022\/10\/1-25.jpg?resize=700%2C400 2x"},"classes":[]},{"id":351895,"url":"https:\/\/casadecampoliving.com\/es\/el-hogar-del-nino-celebra-una-emotiva-9a-ceremonia-de-graduacion\/","url_meta":{"origin":344857,"position":5},"title":"El Hogar del Ni\u00f1o celebra una emotiva 9\u00aa ceremonia de graduaci\u00f3n","author":"Marlenys Guzm\u00e1n Casta\u00f1os","date":"24 Ago, 2017","format":false,"excerpt":"El pasado 10 de agosto, la guarder\u00eda infantil y escuela de La Romana, el Hogar del Ni\u00f1o celebr\u00f3 su novena graduaci\u00f3n de bachillerato, momento que no solo recordar\u00e1n los 34 estudiantes graduados, sino tambi\u00e9n sus amigos y familiares que los acompa\u00f1aron durante todo su tiempo escolar. La celebraci\u00f3n tuvo lugar\u2026","rel":"","context":"En \u00abM\u00e1s all\u00e1 de Casa\u00bb","block_context":{"text":"M\u00e1s all\u00e1 de Casa","link":"https:\/\/casadecampoliving.com\/es\/category\/mas-alla-de-casa-es\/"},"img":{"alt_text":"","src":"https:\/\/i0.wp.com\/casadecampoliving.com\/wp-content\/uploads\/2022\/10\/BDC_9186-BY-BDC.jpg?fit=1000%2C667&ssl=1&resize=350%2C200","width":350,"height":200,"srcset":"https:\/\/i0.wp.com\/casadecampoliving.com\/wp-content\/uploads\/2022\/10\/BDC_9186-BY-BDC.jpg?fit=1000%2C667&ssl=1&resize=350%2C200 1x, https:\/\/i0.wp.com\/casadecampoliving.com\/wp-content\/uploads\/2022\/10\/BDC_9186-BY-BDC.jpg?fit=1000%2C667&ssl=1&resize=525%2C300 1.5x, https:\/\/i0.wp.com\/casadecampoliving.com\/wp-content\/uploads\/2022\/10\/BDC_9186-BY-BDC.jpg?fit=1000%2C667&ssl=1&resize=700%2C400 2x"},"classes":[]}],"jetpack_sharing_enabled":true,"_links":{"self":[{"href":"https:\/\/casadecampoliving.com\/es\/wp-json\/wp\/v2\/posts\/344857","targetHints":{"allow":["GET"]}}],"collection":[{"href":"https:\/\/casadecampoliving.com\/es\/wp-json\/wp\/v2\/posts"}],"about":[{"href":"https:\/\/casadecampoliving.com\/es\/wp-json\/wp\/v2\/types\/post"}],"author":[{"embeddable":true,"href":"https:\/\/casadecampoliving.com\/es\/wp-json\/wp\/v2\/users\/18093"}],"replies":[{"embeddable":true,"href":"https:\/\/casadecampoliving.com\/es\/wp-json\/wp\/v2\/comments?post=344857"}],"version-history":[{"count":2,"href":"https:\/\/casadecampoliving.com\/es\/wp-json\/wp\/v2\/posts\/344857\/revisions"}],"predecessor-version":[{"id":508241,"href":"https:\/\/casadecampoliving.com\/es\/wp-json\/wp\/v2\/posts\/344857\/revisions\/508241"}],"wp:featuredmedia":[{"embeddable":true,"href":"https:\/\/casadecampoliving.com\/es\/wp-json\/wp\/v2\/media\/265152"}],"wp:attachment":[{"href":"https:\/\/casadecampoliving.com\/es\/wp-json\/wp\/v2\/media?parent=344857"}],"wp:term":[{"taxonomy":"category","embeddable":true,"href":"https:\/\/casadecampoliving.com\/es\/wp-json\/wp\/v2\/categories?post=344857"},{"taxonomy":"post_tag","embeddable":true,"href":"https:\/\/casadecampoliving.com\/es\/wp-json\/wp\/v2\/tags?post=344857"},{"taxonomy":"newspack_spnsrs_tax","embeddable":true,"href":"https:\/\/casadecampoliving.com\/es\/wp-json\/wp\/v2\/newspack_spnsrs_tax?post=344857"}],"curies":[{"name":"wp","href":"https:\/\/api.w.org\/{rel}","templated":true}]}}