{"id":344855,"date":"2014-07-17T00:00:00","date_gmt":"2014-07-17T04:00:00","guid":{"rendered":"https:\/\/casadecampoliving.com\/cartelera-de-cine-del-17-al-23-de-julio\/"},"modified":"2022-10-21T18:50:06","modified_gmt":"2022-10-21T22:50:06","slug":"cartelera-de-cine-del-17-al-23-de-julio","status":"publish","type":"post","link":"https:\/\/casadecampoliving.com\/es\/cartelera-de-cine-del-17-al-23-de-julio\/","title":{"rendered":"Cartelera de Cine: del 17 al 23 de julio"},"content":{"rendered":"<div class=\"wp-block-image\">\n<figure class=\"aligncenter is-resized\"><a href=\"https:\/\/i0.wp.com\/casadecampoliving.com\/wp-content\/uploads\/2022\/10\/marina_casa_de_campo_cinema-14.jpg?ssl=1\"><img loading=\"lazy\" decoding=\"async\" src=\"https:\/\/i0.wp.com\/casadecampoliving.com\/wp-content\/uploads\/2022\/10\/marina_casa_de_campo_cinema-14.jpg?resize=637%2C345&amp;ssl=1\" alt=\"Marina Casa de Campo cinema\" class=\"wp-image-93798\" height=\"345\" width=\"637\"\/><\/a><\/figure>\n<\/div>\n\n\n<p>Para esta semana el cine de la Marina Casa de Campo nos trae en cartelera 2 pel\u00edculas nuevas:<strong>&nbsp;\u201c<strong><span style=\"color: #3f3f3f;\">El amanecer del planeta de los simios<\/span><\/strong>\u201c<\/strong>&nbsp;y <strong>\u201cAviones: Equipo de Rescate\u201d,<\/strong>&nbsp;mientras todav\u00eda en sala tenemos&nbsp;<strong>\u201cEl Inventor de Juegos\u201d<\/strong>,&nbsp;<strong>\u201cChef\u201d <\/strong>y<strong>&nbsp;\u201cUn Golpe Brillante\u201d<\/strong>.&nbsp;Salvedad:&nbsp;A partir de ahora el cine de la Marina Casa de Campo estar\u00e1 abierto&nbsp;todos los d\u00edas hasta nuevo aviso.<\/p>\n\n\n\n<!--more-->\n\n\n\n<p><strong><span style=\"color: #3f3f3f;\">El amanecer del planeta de los simios<\/span>&nbsp;<\/strong><a href=\"http:\/\/www.youtube.com\/watch?v=3sHMCRaS3ao&amp;feature=kp\" target=\"_blank\" rel=\"noopener\">View trailer<\/a><strong><br>\n<\/strong><em><span style=\"color: #3f3f3f;\">Una creciente naci\u00f3n de simios gen\u00e9ticamente evolucionados, bajo el mando de C\u00e9sar, se ve amenazada por una banda de seres humanos, que ha sobrevivido al devastador virus desatado diez a\u00f1os atr\u00e1s. Alcanzan una fr\u00e1gil paz poco duradera, ya que ambos bandos son llevados al borde de una guerra, que decidir\u00e1 cu\u00e1l ser\u00e1 la especie dominante de la Tierra.<\/span><\/em><\/p>\n\n\n\n<p><strong>Un Golpe Brillante&nbsp;<\/strong><a href=\"http:\/\/www.youtube.com\/watch?v=TjEaZXTWYn0\" target=\"_blank\" rel=\"noopener\">Ver avance<br>\n<\/a><em>Richard Jones es un empresario divorciado que llega a la oficina contando las horas para olvidarse de las preocupaciones y disfrutar de una nueva etapa vital: la jubilaci\u00f3n. Pero se llevar\u00e1 el chasco de su vida al descubrir que la adquisici\u00f3n de la empresa se llev\u00f3 a cabo de forma fraudulenta y que la sociedad est\u00e1 arruinada. No queda ni rastro de los fondos de pensiones de los empleados\u2026 \u00a1y ni siquiera del suyo! Con la ayuda de su ex mujer Kate, Richard decide intentar dar con el turbio empresario que se la ha jugado, Vincent Kruger. De repente, Richard y Kate se ver\u00e1n envueltos en un juego del gato y el rat\u00f3n que les llevar\u00e1 por toda Europa en una aventura llena de intriga, persecuciones alocadas y robos de joyas, durante la que sentir\u00e1n que renace su amor.<\/em><\/p>\n\n\n\n<p><strong>El Inventor de Juegos&nbsp;<\/strong>&nbsp;<a href=\"http:\/\/www.youtube.com\/watch?v=PI0YQSUC7Pw\" target=\"_blank\" rel=\"noopener\">Ver avance<br>\n<\/a><em>Cuenta la historia de la familia Drago, una dinast\u00eda de inventores de juegos de la ciudad de Zyl, la cuna de los juegos de mesa. La familia Drago ha entrado en conflicto con Morodian, el villano que de ni\u00f1o trabajaba mano a mano con Nicholas Drago, pero que creaba juegos oscuros, juegos que nac\u00edan de sus pesadillas y que la gente del pueblo no llegaba a entender. Por este motivo, Morodian es expulsado de Zyl y funda su propia empresa al tiempo que jura vengarse.<\/em><\/p>\n\n\n\n<p><b><span style=\"color: #3f3f3f;\">Aviones: Equipo de rescate<\/span>&nbsp;<\/b><a href=\"http:\/\/www.youtube.com\/watch?v=9XMJ1D7AXYQ&amp;feature=kp\" target=\"_blank\" rel=\"noopener\">View trailer<\/a><b><br>\n<\/b><span style=\"color: #3f3f3f;\">\u2018Aviones: Equipo de rescate\u2019 presenta un estrafalario equipo de aviones de bomberos de \u00e9lite cuya misi\u00f3n es proteger el hist\u00f3rico Parque Nacional de Piston Peak de un violento incendio. Cuando el famoso piloto a\u00e9reo Dusty (voz de Cook) se da cuenta de que su motor est\u00e1 da\u00f1ado y que quiz\u00e1s nunca vuelva a competir, cambia de carrera para dedicarse a la extinci\u00f3n de incendios.<\/span><\/p>\n\n\n\n<p><strong>Chef<\/strong>&nbsp;<a href=\"http:\/\/www.youtube.com\/watch?v=LPi2iQpcaaQ\" target=\"_blank\" rel=\"noopener\">Ver avance<br>\n<\/a><em>El chef estrella Alexandre Vauclair no se entiende con la nueva direcci\u00f3n de la empresa propietaria de su restaurante, que prefiere apostar por la nueva cocina molecular. Vauclair se encuentra desesperado y sin ideas para el nuevo men\u00fa que puntuar\u00e1n los cr\u00edticos gastron\u00f3micos de la Gu\u00eda. Alexandre necesita inspiraci\u00f3n y un nuevo ayudante. Y entonces conoce a Jacky, un aficionado a la alta cocina, autodidacta, obstinado y con mucho, mucho talento.<\/em><\/p>\n\n\n\n<p>Publicamos los nuevos horarios de pel\u00edculas tan pronto como las recibimos \u2013 normalmente los mi\u00e9rcoles por la tarde.<\/p>\n","protected":false},"excerpt":{"rendered":"<p>Para esta semana el cine de la Marina Casa de Campo nos trae en cartelera 2 pel\u00edculas nuevas:&nbsp;\u201cEl amanecer del planeta de los simios\u201c&nbsp;y \u201cAviones: Equipo de Rescate\u201d,&nbsp;mientras todav\u00eda en sala tenemos&nbsp;\u201cEl Inventor de Juegos\u201d,&nbsp;\u201cChef\u201d y&nbsp;\u201cUn Golpe Brillante\u201d.&nbsp;Salvedad:&nbsp;A partir de ahora el cine de la Marina Casa de Campo estar\u00e1 abierto&nbsp;todos los d\u00edas hasta nuevo [&hellip;]<\/p>\n","protected":false},"author":1097,"featured_media":265226,"comment_status":"closed","ping_status":"closed","sticky":false,"template":"","format":"standard","meta":{"newspack_ads_suppress_ads":false,"newspack_popups_has_disabled_popups":false,"newspack_sponsor_sponsorship_scope":"","newspack_sponsor_native_byline_display":"inherit","newspack_sponsor_native_category_display":"inherit","newspack_sponsor_underwriter_style":"inherit","newspack_sponsor_underwriter_placement":"inherit","_newspack_byline_active":false,"_newspack_byline":"","newspack_hide_updated_date":false,"newspack_show_updated_date":false,"newspack_content_restriction_is_exempt":false,"newspack_featured_image_position":"","newspack_post_subtitle":"","newspack_article_summary_title":"Overview:","newspack_article_summary":"","_jetpack_memberships_contains_paid_content":false,"footnotes":"","jetpack_publicize_message":"","jetpack_publicize_feature_enabled":true,"jetpack_social_post_already_shared":false,"jetpack_social_options":{"image_generator_settings":{"template":"highway","default_image_id":0,"font":"","enabled":false},"version":2},"_wpas_customize_per_network":false},"categories":[26823,3126,26581,14625],"tags":[2559,2590,3573],"newspack_spnsrs_tax":[],"class_list":["post-344855","post","type-post","status-publish","format-standard","has-post-thumbnail","hentry","category-arte-y-cultura","category-cine-3","category-la-marina-casa-de-campo","category-noticias-locales","tag-cine","tag-la-marina-casa-de-campo","tag-marina-casa-de-campo-es","entry"],"yoast_head":"<!-- This site is optimized with the Yoast SEO plugin v27.4 - https:\/\/yoast.com\/product\/yoast-seo-wordpress\/ -->\n<title>Cartelera de Cine: del 17 al 23 de julio | Casa de Campo Living<\/title>\n<meta name=\"description\" content=\"Para esta semana el cine de la Marina Casa de Campo nos trae en cartelera 2 pel\u00edculas nuevas:&nbsp;\u201cEl amanecer del planeta de los simios\u201c&nbsp;y\" \/>\n<meta name=\"robots\" content=\"index, follow, max-snippet:-1, max-image-preview:large, max-video-preview:-1\" \/>\n<link rel=\"canonical\" href=\"https:\/\/casadecampoliving.com\/es\/cartelera-de-cine-del-17-al-23-de-julio\/\" \/>\n<meta property=\"og:locale\" content=\"es_ES\" \/>\n<meta property=\"og:type\" content=\"article\" \/>\n<meta property=\"og:title\" content=\"Cartelera de Cine: del 17 al 23 de julio | Casa de Campo Living\" \/>\n<meta property=\"og:description\" content=\"Para esta semana el cine de la Marina Casa de Campo nos trae en cartelera 2 pel\u00edculas nuevas:&nbsp;\u201cEl amanecer del planeta de los simios\u201c&nbsp;y\" \/>\n<meta property=\"og:url\" content=\"https:\/\/casadecampoliving.com\/es\/cartelera-de-cine-del-17-al-23-de-julio\/\" \/>\n<meta property=\"og:site_name\" content=\"Casa de Campo Living\" \/>\n<meta property=\"article:publisher\" content=\"https:\/\/www.facebook.com\/casadecampoliving\" \/>\n<meta property=\"article:published_time\" content=\"2014-07-17T04:00:00+00:00\" \/>\n<meta property=\"article:modified_time\" content=\"2022-10-21T22:50:06+00:00\" \/>\n<meta property=\"og:image\" content=\"https:\/\/i0.wp.com\/casadecampoliving.com\/wp-content\/uploads\/2022\/10\/marina_casa_de_campo_cinema-15.jpg?fit=637%2C345&ssl=1\" \/>\n\t<meta property=\"og:image:width\" content=\"637\" \/>\n\t<meta property=\"og:image:height\" content=\"345\" \/>\n\t<meta property=\"og:image:type\" content=\"image\/jpeg\" \/>\n<meta name=\"author\" content=\"Perkin Agramonte\" \/>\n<meta name=\"twitter:card\" content=\"summary_large_image\" \/>\n<meta name=\"twitter:creator\" content=\"@cdcliving\" \/>\n<meta name=\"twitter:site\" content=\"@cdcliving\" \/>\n<meta name=\"twitter:label1\" content=\"Escrito por\" \/>\n\t<meta name=\"twitter:data1\" content=\"Perkin Agramonte\" \/>\n\t<meta name=\"twitter:label2\" content=\"Tiempo de lectura\" \/>\n\t<meta name=\"twitter:data2\" content=\"3 minutos\" \/>\n<script type=\"application\/ld+json\" class=\"yoast-schema-graph\">{\"@context\":\"https:\\\/\\\/schema.org\",\"@graph\":[{\"@type\":\"Article\",\"@id\":\"https:\\\/\\\/casadecampoliving.com\\\/es\\\/cartelera-de-cine-del-17-al-23-de-julio\\\/#article\",\"isPartOf\":{\"@id\":\"https:\\\/\\\/casadecampoliving.com\\\/es\\\/cartelera-de-cine-del-17-al-23-de-julio\\\/\"},\"author\":{\"name\":\"Perkin Agramonte\",\"@id\":\"https:\\\/\\\/casadecampoliving.com\\\/es\\\/#\\\/schema\\\/person\\\/c8efa6049510554b7d5fea078d728f72\"},\"headline\":\"Cartelera de Cine: del 17 al 23 de julio\",\"datePublished\":\"2014-07-17T04:00:00+00:00\",\"dateModified\":\"2022-10-21T22:50:06+00:00\",\"mainEntityOfPage\":{\"@id\":\"https:\\\/\\\/casadecampoliving.com\\\/es\\\/cartelera-de-cine-del-17-al-23-de-julio\\\/\"},\"wordCount\":581,\"publisher\":{\"@id\":\"https:\\\/\\\/casadecampoliving.com\\\/es\\\/#organization\"},\"image\":{\"@id\":\"https:\\\/\\\/casadecampoliving.com\\\/es\\\/cartelera-de-cine-del-17-al-23-de-julio\\\/#primaryimage\"},\"thumbnailUrl\":\"https:\\\/\\\/i0.wp.com\\\/casadecampoliving.com\\\/wp-content\\\/uploads\\\/2022\\\/10\\\/marina_casa_de_campo_cinema-15.jpg?fit=637%2C345&ssl=1\",\"keywords\":[\"cine\",\"la marina casa de campo\",\"Marina Casa de Campo @es\"],\"articleSection\":[\"Arte y cultura\",\"Cine @es\",\"La Marina Casa de Campo\",\"Noticias Locales\"],\"inLanguage\":\"es\"},{\"@type\":\"WebPage\",\"@id\":\"https:\\\/\\\/casadecampoliving.com\\\/es\\\/cartelera-de-cine-del-17-al-23-de-julio\\\/\",\"url\":\"https:\\\/\\\/casadecampoliving.com\\\/es\\\/cartelera-de-cine-del-17-al-23-de-julio\\\/\",\"name\":\"Cartelera de Cine: del 17 al 23 de julio | Casa de Campo Living\",\"isPartOf\":{\"@id\":\"https:\\\/\\\/casadecampoliving.com\\\/es\\\/#website\"},\"primaryImageOfPage\":{\"@id\":\"https:\\\/\\\/casadecampoliving.com\\\/es\\\/cartelera-de-cine-del-17-al-23-de-julio\\\/#primaryimage\"},\"image\":{\"@id\":\"https:\\\/\\\/casadecampoliving.com\\\/es\\\/cartelera-de-cine-del-17-al-23-de-julio\\\/#primaryimage\"},\"thumbnailUrl\":\"https:\\\/\\\/i0.wp.com\\\/casadecampoliving.com\\\/wp-content\\\/uploads\\\/2022\\\/10\\\/marina_casa_de_campo_cinema-15.jpg?fit=637%2C345&ssl=1\",\"datePublished\":\"2014-07-17T04:00:00+00:00\",\"dateModified\":\"2022-10-21T22:50:06+00:00\",\"description\":\"Para esta semana el cine de la Marina Casa de Campo nos trae en cartelera 2 pel\u00edculas nuevas:&nbsp;\u201cEl amanecer del planeta de los simios\u201c&nbsp;y\",\"breadcrumb\":{\"@id\":\"https:\\\/\\\/casadecampoliving.com\\\/es\\\/cartelera-de-cine-del-17-al-23-de-julio\\\/#breadcrumb\"},\"inLanguage\":\"es\",\"potentialAction\":[{\"@type\":\"ReadAction\",\"target\":[\"https:\\\/\\\/casadecampoliving.com\\\/es\\\/cartelera-de-cine-del-17-al-23-de-julio\\\/\"]}]},{\"@type\":\"ImageObject\",\"inLanguage\":\"es\",\"@id\":\"https:\\\/\\\/casadecampoliving.com\\\/es\\\/cartelera-de-cine-del-17-al-23-de-julio\\\/#primaryimage\",\"url\":\"https:\\\/\\\/i0.wp.com\\\/casadecampoliving.com\\\/wp-content\\\/uploads\\\/2022\\\/10\\\/marina_casa_de_campo_cinema-15.jpg?fit=637%2C345&ssl=1\",\"contentUrl\":\"https:\\\/\\\/i0.wp.com\\\/casadecampoliving.com\\\/wp-content\\\/uploads\\\/2022\\\/10\\\/marina_casa_de_campo_cinema-15.jpg?fit=637%2C345&ssl=1\",\"width\":637,\"height\":345,\"caption\":\"Marina Casa de Campo cinema\"},{\"@type\":\"BreadcrumbList\",\"@id\":\"https:\\\/\\\/casadecampoliving.com\\\/es\\\/cartelera-de-cine-del-17-al-23-de-julio\\\/#breadcrumb\",\"itemListElement\":[{\"@type\":\"ListItem\",\"position\":1,\"name\":\"Home\",\"item\":\"https:\\\/\\\/casadecampoliving.com\\\/es\\\/\"},{\"@type\":\"ListItem\",\"position\":2,\"name\":\"Cartelera de Cine: del 17 al 23 de julio\"}]},{\"@type\":\"WebSite\",\"@id\":\"https:\\\/\\\/casadecampoliving.com\\\/es\\\/#website\",\"url\":\"https:\\\/\\\/casadecampoliving.com\\\/es\\\/\",\"name\":\"Casa de Campo Living\",\"description\":\"Resort community news and resources.\",\"publisher\":{\"@id\":\"https:\\\/\\\/casadecampoliving.com\\\/es\\\/#organization\"},\"potentialAction\":[{\"@type\":\"SearchAction\",\"target\":{\"@type\":\"EntryPoint\",\"urlTemplate\":\"https:\\\/\\\/casadecampoliving.com\\\/es\\\/?s={search_term_string}\"},\"query-input\":{\"@type\":\"PropertyValueSpecification\",\"valueRequired\":true,\"valueName\":\"search_term_string\"}}],\"inLanguage\":\"es\"},{\"@type\":\"Organization\",\"@id\":\"https:\\\/\\\/casadecampoliving.com\\\/es\\\/#organization\",\"name\":\"Casa de Campo Living\",\"url\":\"https:\\\/\\\/casadecampoliving.com\\\/es\\\/\",\"logo\":{\"@type\":\"ImageObject\",\"inLanguage\":\"es\",\"@id\":\"https:\\\/\\\/casadecampoliving.com\\\/es\\\/#\\\/schema\\\/logo\\\/image\\\/\",\"url\":\"https:\\\/\\\/i0.wp.com\\\/casadecampoliving.com\\\/wp-content\\\/uploads\\\/2022\\\/07\\\/CDCLivingLogo_V1-white-sized.png?fit=800%2C214&ssl=1\",\"contentUrl\":\"https:\\\/\\\/i0.wp.com\\\/casadecampoliving.com\\\/wp-content\\\/uploads\\\/2022\\\/07\\\/CDCLivingLogo_V1-white-sized.png?fit=800%2C214&ssl=1\",\"width\":800,\"height\":214,\"caption\":\"Casa de Campo Living\"},\"image\":{\"@id\":\"https:\\\/\\\/casadecampoliving.com\\\/es\\\/#\\\/schema\\\/logo\\\/image\\\/\"},\"sameAs\":[\"https:\\\/\\\/www.facebook.com\\\/casadecampoliving\",\"https:\\\/\\\/x.com\\\/cdcliving\"]},{\"@type\":\"Person\",\"@id\":\"https:\\\/\\\/casadecampoliving.com\\\/es\\\/#\\\/schema\\\/person\\\/c8efa6049510554b7d5fea078d728f72\",\"name\":\"Perkin Agramonte\",\"image\":{\"@type\":\"ImageObject\",\"inLanguage\":\"es\",\"@id\":\"https:\\\/\\\/secure.gravatar.com\\\/avatar\\\/57bfdafcae55fb83dbb79a1585a9eab7f269b7720fb0b64cb9a4e0cd2962fa10?s=96&d=mm&r=g\",\"url\":\"https:\\\/\\\/secure.gravatar.com\\\/avatar\\\/57bfdafcae55fb83dbb79a1585a9eab7f269b7720fb0b64cb9a4e0cd2962fa10?s=96&d=mm&r=g\",\"contentUrl\":\"https:\\\/\\\/secure.gravatar.com\\\/avatar\\\/57bfdafcae55fb83dbb79a1585a9eab7f269b7720fb0b64cb9a4e0cd2962fa10?s=96&d=mm&r=g\",\"caption\":\"Perkin Agramonte\"},\"url\":\"https:\\\/\\\/casadecampoliving.com\\\/es\\\/author\\\/cagramonte\\\/\"}]}<\/script>\n<!-- \/ Yoast SEO plugin. -->","yoast_head_json":{"title":"Cartelera de Cine: del 17 al 23 de julio | Casa de Campo Living","description":"Para esta semana el cine de la Marina Casa de Campo nos trae en cartelera 2 pel\u00edculas nuevas:&nbsp;\u201cEl amanecer del planeta de los simios\u201c&nbsp;y","robots":{"index":"index","follow":"follow","max-snippet":"max-snippet:-1","max-image-preview":"max-image-preview:large","max-video-preview":"max-video-preview:-1"},"canonical":"https:\/\/casadecampoliving.com\/es\/cartelera-de-cine-del-17-al-23-de-julio\/","og_locale":"es_ES","og_type":"article","og_title":"Cartelera de Cine: del 17 al 23 de julio | Casa de Campo Living","og_description":"Para esta semana el cine de la Marina Casa de Campo nos trae en cartelera 2 pel\u00edculas nuevas:&nbsp;\u201cEl amanecer del planeta de los simios\u201c&nbsp;y","og_url":"https:\/\/casadecampoliving.com\/es\/cartelera-de-cine-del-17-al-23-de-julio\/","og_site_name":"Casa de Campo Living","article_publisher":"https:\/\/www.facebook.com\/casadecampoliving","article_published_time":"2014-07-17T04:00:00+00:00","article_modified_time":"2022-10-21T22:50:06+00:00","og_image":[{"width":637,"height":345,"url":"https:\/\/i0.wp.com\/casadecampoliving.com\/wp-content\/uploads\/2022\/10\/marina_casa_de_campo_cinema-15.jpg?fit=637%2C345&ssl=1","type":"image\/jpeg"}],"author":"Perkin Agramonte","twitter_card":"summary_large_image","twitter_creator":"@cdcliving","twitter_site":"@cdcliving","twitter_misc":{"Escrito por":"Perkin Agramonte","Tiempo de lectura":"3 minutos"},"schema":{"@context":"https:\/\/schema.org","@graph":[{"@type":"Article","@id":"https:\/\/casadecampoliving.com\/es\/cartelera-de-cine-del-17-al-23-de-julio\/#article","isPartOf":{"@id":"https:\/\/casadecampoliving.com\/es\/cartelera-de-cine-del-17-al-23-de-julio\/"},"author":{"name":"Perkin Agramonte","@id":"https:\/\/casadecampoliving.com\/es\/#\/schema\/person\/c8efa6049510554b7d5fea078d728f72"},"headline":"Cartelera de Cine: del 17 al 23 de julio","datePublished":"2014-07-17T04:00:00+00:00","dateModified":"2022-10-21T22:50:06+00:00","mainEntityOfPage":{"@id":"https:\/\/casadecampoliving.com\/es\/cartelera-de-cine-del-17-al-23-de-julio\/"},"wordCount":581,"publisher":{"@id":"https:\/\/casadecampoliving.com\/es\/#organization"},"image":{"@id":"https:\/\/casadecampoliving.com\/es\/cartelera-de-cine-del-17-al-23-de-julio\/#primaryimage"},"thumbnailUrl":"https:\/\/i0.wp.com\/casadecampoliving.com\/wp-content\/uploads\/2022\/10\/marina_casa_de_campo_cinema-15.jpg?fit=637%2C345&ssl=1","keywords":["cine","la marina casa de campo","Marina Casa de Campo @es"],"articleSection":["Arte y cultura","Cine @es","La Marina Casa de Campo","Noticias Locales"],"inLanguage":"es"},{"@type":"WebPage","@id":"https:\/\/casadecampoliving.com\/es\/cartelera-de-cine-del-17-al-23-de-julio\/","url":"https:\/\/casadecampoliving.com\/es\/cartelera-de-cine-del-17-al-23-de-julio\/","name":"Cartelera de Cine: del 17 al 23 de julio | Casa de Campo Living","isPartOf":{"@id":"https:\/\/casadecampoliving.com\/es\/#website"},"primaryImageOfPage":{"@id":"https:\/\/casadecampoliving.com\/es\/cartelera-de-cine-del-17-al-23-de-julio\/#primaryimage"},"image":{"@id":"https:\/\/casadecampoliving.com\/es\/cartelera-de-cine-del-17-al-23-de-julio\/#primaryimage"},"thumbnailUrl":"https:\/\/i0.wp.com\/casadecampoliving.com\/wp-content\/uploads\/2022\/10\/marina_casa_de_campo_cinema-15.jpg?fit=637%2C345&ssl=1","datePublished":"2014-07-17T04:00:00+00:00","dateModified":"2022-10-21T22:50:06+00:00","description":"Para esta semana el cine de la Marina Casa de Campo nos trae en cartelera 2 pel\u00edculas nuevas:&nbsp;\u201cEl amanecer del planeta de los simios\u201c&nbsp;y","breadcrumb":{"@id":"https:\/\/casadecampoliving.com\/es\/cartelera-de-cine-del-17-al-23-de-julio\/#breadcrumb"},"inLanguage":"es","potentialAction":[{"@type":"ReadAction","target":["https:\/\/casadecampoliving.com\/es\/cartelera-de-cine-del-17-al-23-de-julio\/"]}]},{"@type":"ImageObject","inLanguage":"es","@id":"https:\/\/casadecampoliving.com\/es\/cartelera-de-cine-del-17-al-23-de-julio\/#primaryimage","url":"https:\/\/i0.wp.com\/casadecampoliving.com\/wp-content\/uploads\/2022\/10\/marina_casa_de_campo_cinema-15.jpg?fit=637%2C345&ssl=1","contentUrl":"https:\/\/i0.wp.com\/casadecampoliving.com\/wp-content\/uploads\/2022\/10\/marina_casa_de_campo_cinema-15.jpg?fit=637%2C345&ssl=1","width":637,"height":345,"caption":"Marina Casa de Campo cinema"},{"@type":"BreadcrumbList","@id":"https:\/\/casadecampoliving.com\/es\/cartelera-de-cine-del-17-al-23-de-julio\/#breadcrumb","itemListElement":[{"@type":"ListItem","position":1,"name":"Home","item":"https:\/\/casadecampoliving.com\/es\/"},{"@type":"ListItem","position":2,"name":"Cartelera de Cine: del 17 al 23 de julio"}]},{"@type":"WebSite","@id":"https:\/\/casadecampoliving.com\/es\/#website","url":"https:\/\/casadecampoliving.com\/es\/","name":"Casa de Campo Living","description":"Resort community news and resources.","publisher":{"@id":"https:\/\/casadecampoliving.com\/es\/#organization"},"potentialAction":[{"@type":"SearchAction","target":{"@type":"EntryPoint","urlTemplate":"https:\/\/casadecampoliving.com\/es\/?s={search_term_string}"},"query-input":{"@type":"PropertyValueSpecification","valueRequired":true,"valueName":"search_term_string"}}],"inLanguage":"es"},{"@type":"Organization","@id":"https:\/\/casadecampoliving.com\/es\/#organization","name":"Casa de Campo Living","url":"https:\/\/casadecampoliving.com\/es\/","logo":{"@type":"ImageObject","inLanguage":"es","@id":"https:\/\/casadecampoliving.com\/es\/#\/schema\/logo\/image\/","url":"https:\/\/i0.wp.com\/casadecampoliving.com\/wp-content\/uploads\/2022\/07\/CDCLivingLogo_V1-white-sized.png?fit=800%2C214&ssl=1","contentUrl":"https:\/\/i0.wp.com\/casadecampoliving.com\/wp-content\/uploads\/2022\/07\/CDCLivingLogo_V1-white-sized.png?fit=800%2C214&ssl=1","width":800,"height":214,"caption":"Casa de Campo Living"},"image":{"@id":"https:\/\/casadecampoliving.com\/es\/#\/schema\/logo\/image\/"},"sameAs":["https:\/\/www.facebook.com\/casadecampoliving","https:\/\/x.com\/cdcliving"]},{"@type":"Person","@id":"https:\/\/casadecampoliving.com\/es\/#\/schema\/person\/c8efa6049510554b7d5fea078d728f72","name":"Perkin Agramonte","image":{"@type":"ImageObject","inLanguage":"es","@id":"https:\/\/secure.gravatar.com\/avatar\/57bfdafcae55fb83dbb79a1585a9eab7f269b7720fb0b64cb9a4e0cd2962fa10?s=96&d=mm&r=g","url":"https:\/\/secure.gravatar.com\/avatar\/57bfdafcae55fb83dbb79a1585a9eab7f269b7720fb0b64cb9a4e0cd2962fa10?s=96&d=mm&r=g","contentUrl":"https:\/\/secure.gravatar.com\/avatar\/57bfdafcae55fb83dbb79a1585a9eab7f269b7720fb0b64cb9a4e0cd2962fa10?s=96&d=mm&r=g","caption":"Perkin Agramonte"},"url":"https:\/\/casadecampoliving.com\/es\/author\/cagramonte\/"}]}},"parsely":{"version":"1.1.0","canonical_url":"https:\/\/casadecampoliving.com\/es\/cartelera-de-cine-del-17-al-23-de-julio\/","smart_links":{"inbound":0,"outbound":0},"traffic_boost_suggestions_count":0,"meta":{"@context":"https:\/\/schema.org","@type":"NewsArticle","headline":"Cartelera de Cine: del 17 al 23 de julio","url":"http:\/\/casadecampoliving.com\/es\/cartelera-de-cine-del-17-al-23-de-julio\/","mainEntityOfPage":{"@type":"WebPage","@id":"http:\/\/casadecampoliving.com\/es\/cartelera-de-cine-del-17-al-23-de-julio\/"},"thumbnailUrl":"https:\/\/i0.wp.com\/casadecampoliving.com\/wp-content\/uploads\/2022\/10\/marina_casa_de_campo_cinema-15.jpg?resize=150%2C150&ssl=1","image":{"@type":"ImageObject","url":"https:\/\/i0.wp.com\/casadecampoliving.com\/wp-content\/uploads\/2022\/10\/marina_casa_de_campo_cinema-15.jpg?fit=637%2C345&ssl=1"},"articleSection":"Arte y cultura","author":[{"@type":"Person","name":"Perkin Agramonte"}],"creator":["Perkin Agramonte"],"publisher":{"@type":"Organization","name":"Casa de Campo Living","logo":"https:\/\/casadecampoliving.com\/wp-content\/uploads\/2022\/07\/CDCLivingLogo_V1-white-sized.png"},"keywords":["cine","la marina casa de campo","marina casa de campo @es"],"dateCreated":"2014-07-17T04:00:00Z","datePublished":"2014-07-17T04:00:00Z","dateModified":"2022-10-21T22:50:06Z"},"rendered":"<script type=\"application\/ld+json\" class=\"wp-parsely-metadata\">{\"@context\":\"https:\\\/\\\/schema.org\",\"@type\":\"NewsArticle\",\"headline\":\"Cartelera de Cine: del 17 al 23 de julio\",\"url\":\"http:\\\/\\\/casadecampoliving.com\\\/es\\\/cartelera-de-cine-del-17-al-23-de-julio\\\/\",\"mainEntityOfPage\":{\"@type\":\"WebPage\",\"@id\":\"http:\\\/\\\/casadecampoliving.com\\\/es\\\/cartelera-de-cine-del-17-al-23-de-julio\\\/\"},\"thumbnailUrl\":\"https:\\\/\\\/i0.wp.com\\\/casadecampoliving.com\\\/wp-content\\\/uploads\\\/2022\\\/10\\\/marina_casa_de_campo_cinema-15.jpg?resize=150%2C150&ssl=1\",\"image\":{\"@type\":\"ImageObject\",\"url\":\"https:\\\/\\\/i0.wp.com\\\/casadecampoliving.com\\\/wp-content\\\/uploads\\\/2022\\\/10\\\/marina_casa_de_campo_cinema-15.jpg?fit=637%2C345&ssl=1\"},\"articleSection\":\"Arte y cultura\",\"author\":[{\"@type\":\"Person\",\"name\":\"Perkin Agramonte\"}],\"creator\":[\"Perkin Agramonte\"],\"publisher\":{\"@type\":\"Organization\",\"name\":\"Casa de Campo Living\",\"logo\":\"https:\\\/\\\/casadecampoliving.com\\\/wp-content\\\/uploads\\\/2022\\\/07\\\/CDCLivingLogo_V1-white-sized.png\"},\"keywords\":[\"cine\",\"la marina casa de campo\",\"marina casa de campo @es\"],\"dateCreated\":\"2014-07-17T04:00:00Z\",\"datePublished\":\"2014-07-17T04:00:00Z\",\"dateModified\":\"2022-10-21T22:50:06Z\"}<\/script>","tracker_url":"https:\/\/cdn.parsely.com\/keys\/casadecampoliving.com\/p.js"},"jetpack_publicize_connections":[],"jetpack_featured_media_url":"https:\/\/i0.wp.com\/casadecampoliving.com\/wp-content\/uploads\/2022\/10\/marina_casa_de_campo_cinema-15.jpg?fit=637%2C345&ssl=1","jetpack-related-posts":[{"id":342657,"url":"https:\/\/casadecampoliving.com\/es\/deadfall-esta-en-el-cine-cartelera-de-cine-la-marina-casa-de-campo-del-8-al-15-de-agosto\/","url_meta":{"origin":344855,"position":0},"title":"\u00a1Deadfall est\u00e1 en el cine! Cartelera de cine La Marina Casa de Campo: del 8 al 15 de agosto","author":"Eliana Alba","date":"8 Ago, 2013","format":false,"excerpt":"EL drama de crimen\u00a0Deadfall, protagonizado por\u00a0Eric Bana ha llegado a la Marina, Casa de Campo. Todav\u00eda en sala se encuentran\u00a0El Llanero Solitario\u00a0y\u00a0Los Pitufos 2. Deadfall\u00a0[view trailer,\u00a0leer cr\u00edtica]\u00a0 \u00a0 \u00a0 \u00a0 \u00a0 \u00a0 \u00a0 \u00a0 \u00a0 \u00a0 \u00a0 \u00a0 \u00a0 \u00a0 \u00a0 \u00a0 \u00a0 \u00a0 \u00a0 \u00a0 \u00a0 \u00a0 \u00a0 \u00a0\u2026","rel":"","context":"En \u00abArte y cultura\u00bb","block_context":{"text":"Arte y cultura","link":"https:\/\/casadecampoliving.com\/category\/arte-y-cultura\/"},"img":{"alt_text":"Movie times casa de campo","src":"https:\/\/i0.wp.com\/casadecampoliving.com\/wp-content\/uploads\/2022\/10\/CDCAMP-feb-8-de-agosto-1.jpg?fit=796%2C347&ssl=1&resize=350%2C200","width":350,"height":200,"srcset":"https:\/\/i0.wp.com\/casadecampoliving.com\/wp-content\/uploads\/2022\/10\/CDCAMP-feb-8-de-agosto-1.jpg?fit=796%2C347&ssl=1&resize=350%2C200 1x, https:\/\/i0.wp.com\/casadecampoliving.com\/wp-content\/uploads\/2022\/10\/CDCAMP-feb-8-de-agosto-1.jpg?fit=796%2C347&ssl=1&resize=525%2C300 1.5x, https:\/\/i0.wp.com\/casadecampoliving.com\/wp-content\/uploads\/2022\/10\/CDCAMP-feb-8-de-agosto-1.jpg?fit=796%2C347&ssl=1&resize=700%2C400 2x"},"classes":[]},{"id":338909,"url":"https:\/\/casadecampoliving.com\/es\/marina-casa-de-campo-cartelera-de-cine-3-9-de-mayo\/","url_meta":{"origin":344855,"position":1},"title":"Marina Casa de Campo Cartelera de Cine: 3 &#8211; 9 de Mayo","author":"Rebecca Silvestri","date":"3 May, 2012","format":false,"excerpt":"Esta semana, el cine de La Marina Casa de Campo nos trae una nuevas pel\u00edcula; \u201c21 Jump Street\u201d. A\u00fan en las salas\u00a0\u201cLos Vengadores\u201d\u00a0y\u00a0\u201cOne Day\u201d. Los vengadores\u00a0[ver trailer,\u00a0leer cr\u00edtica] Cuando un enemigo inesperado amenaza con poner en peligro la seguridad mundial, Nick Fury, Director de la agencia internacional para el mantenimiento\u2026","rel":"","context":"En \u00abArte y cultura\u00bb","block_context":{"text":"Arte y cultura","link":"https:\/\/casadecampoliving.com\/category\/arte-y-cultura\/"},"img":{"alt_text":"marina cine","src":"https:\/\/i0.wp.com\/casadecampoliving.com\/wp-content\/uploads\/2022\/10\/marina_cine-1.jpg?fit=650%2C279&ssl=1&resize=350%2C200","width":350,"height":200,"srcset":"https:\/\/i0.wp.com\/casadecampoliving.com\/wp-content\/uploads\/2022\/10\/marina_cine-1.jpg?fit=650%2C279&ssl=1&resize=350%2C200 1x, https:\/\/i0.wp.com\/casadecampoliving.com\/wp-content\/uploads\/2022\/10\/marina_cine-1.jpg?fit=650%2C279&ssl=1&resize=525%2C300 1.5x"},"classes":[]},{"id":350925,"url":"https:\/\/casadecampoliving.com\/es\/marina-casa-de-campo-cartelera-de-cine-15-21-diciembre\/","url_meta":{"origin":344855,"position":2},"title":"Marina Casa de Campo Cartelera de Cine: 15-21 Diciembre","author":"Marlenys Guzm\u00e1n Casta\u00f1os","date":"16 Dic, 2016","format":false,"excerpt":"Esta semana los nuevos estrenos en la cartelera\u00a0de cine de Marina Casa de Campo incluyen: \u201cRogue One\u201d,\u00a0\u201cEl Abogado del Mal\u201d\u00a0mientras que todav\u00eda se est\u00e1n proyectando\u00a0 \u201cSully\u201d. \u201cRogue One\u201dProyecciones: Lunes \u2013 Viernes\u00a06:30pm, 6:45pm, 9:25pm S\u00e1bado\u00a0\u2013 Domingo\u00a04:15pm, 4:25pm, 6:30, 6:45pm, 9:25pm Sinopsis: La Rebeli\u00f3n hace un movimiento arriesgado para robar los planos\u2026","rel":"","context":"En \u00abCine @es\u00bb","block_context":{"text":"Cine @es","link":"https:\/\/casadecampoliving.com\/es\/category\/cine-3\/"},"img":{"alt_text":"","src":"https:\/\/i0.wp.com\/casadecampoliving.com\/wp-content\/uploads\/2022\/10\/CDCAMP-15-de-Diciembre.jpg?fit=800%2C348&ssl=1&resize=350%2C200","width":350,"height":200,"srcset":"https:\/\/i0.wp.com\/casadecampoliving.com\/wp-content\/uploads\/2022\/10\/CDCAMP-15-de-Diciembre.jpg?fit=800%2C348&ssl=1&resize=350%2C200 1x, https:\/\/i0.wp.com\/casadecampoliving.com\/wp-content\/uploads\/2022\/10\/CDCAMP-15-de-Diciembre.jpg?fit=800%2C348&ssl=1&resize=525%2C300 1.5x, https:\/\/i0.wp.com\/casadecampoliving.com\/wp-content\/uploads\/2022\/10\/CDCAMP-15-de-Diciembre.jpg?fit=800%2C348&ssl=1&resize=700%2C400 2x"},"classes":[]},{"id":338093,"url":"https:\/\/casadecampoliving.com\/es\/cartelera-de-cine-de-la-marina-casa-de-campo-12-18-ene\/","url_meta":{"origin":344855,"position":3},"title":"Cartelera de Cine de La Marina Casa de Campo: 12-18 Ene!","author":"Rebecca Silvestri","date":"12 Ene, 2012","format":false,"excerpt":"Esta semana, el cine de La Marina Casa de Campo nos trae una nueva pel\u00edcula; \u201cNew Year\u2019s Eve.\u201dA\u00fan en las salas, \u201cThe Sitter\u201d y \u201cHappy Feet 2.\u201d New Years Eve\u00a0[ver trailer,\u00a0ver sin\u00f3psis] Entre estas historias estar\u00e1 la de un hombre hospitalizado (De Niro) que vive sus \u00faltimos d\u00edas; un hombre\u2026","rel":"","context":"En \u00abArte y cultura\u00bb","block_context":{"text":"Arte y cultura","link":"https:\/\/casadecampoliving.com\/category\/arte-y-cultura\/"},"img":{"alt_text":"marina casa de campo","src":"https:\/\/i0.wp.com\/casadecampoliving.com\/wp-content\/uploads\/2022\/10\/marina_casa_de_campo3-9.jpg?fit=650%2C277&ssl=1&resize=350%2C200","width":350,"height":200,"srcset":"https:\/\/i0.wp.com\/casadecampoliving.com\/wp-content\/uploads\/2022\/10\/marina_casa_de_campo3-9.jpg?fit=650%2C277&ssl=1&resize=350%2C200 1x, https:\/\/i0.wp.com\/casadecampoliving.com\/wp-content\/uploads\/2022\/10\/marina_casa_de_campo3-9.jpg?fit=650%2C277&ssl=1&resize=525%2C300 1.5x"},"classes":[]},{"id":338390,"url":"https:\/\/casadecampoliving.com\/es\/cartelera-de-cine-16-al-23-feb\/","url_meta":{"origin":344855,"position":4},"title":"Cartelera de Cine: 16 al 23 feb !","author":"","date":"16 Feb, 2012","format":false,"excerpt":"Esta semana, el cine de La Marina Casa de Campo nos trae dos nuevas pel\u00edculas ; \u201cLos descendientes\u201d y\u00a0\u201cHugo\u201d, A\u00fan en las salas, \u201cLa Chica del Drag\u00f3n Tatuado\u201d! Los Descendientes\u00a0[ver trailer,\u00a0\u00a0leer cr\u00edtica] Matt King (George Clooney), casado y padre de dos ni\u00f1as, se ve obligado a reconsiderar su pasado y\u2026","rel":"","context":"En \u00abArte y cultura\u00bb","block_context":{"text":"Arte y cultura","link":"https:\/\/casadecampoliving.com\/category\/arte-y-cultura\/"},"img":{"alt_text":"cine marina casa de campo","src":"https:\/\/i0.wp.com\/casadecampoliving.com\/wp-content\/uploads\/2022\/10\/cine_marina_casa_de_campo3-1.jpg?fit=650%2C275&ssl=1&resize=350%2C200","width":350,"height":200,"srcset":"https:\/\/i0.wp.com\/casadecampoliving.com\/wp-content\/uploads\/2022\/10\/cine_marina_casa_de_campo3-1.jpg?fit=650%2C275&ssl=1&resize=350%2C200 1x, https:\/\/i0.wp.com\/casadecampoliving.com\/wp-content\/uploads\/2022\/10\/cine_marina_casa_de_campo3-1.jpg?fit=650%2C275&ssl=1&resize=525%2C300 1.5x"},"classes":[]},{"id":338450,"url":"https:\/\/casadecampoliving.com\/es\/cartelera-de-cine-de-la-marina-23-de-feb-al-1-de-mar\/","url_meta":{"origin":344855,"position":5},"title":"Cartelera de Cine de La Marina: 23 de feb al 1 de mar!","author":"","date":"23 Feb, 2012","format":false,"excerpt":"Esta semana, el cine de La Marina Casa de Campo nos trae una nueva pel\u00edcula; \u201cEl Caballo de la Batalla\u201d.\u00a0A\u00fan en las salas, \u201cHugo\u201d y \u201cLos Descendientes\u201d! Caballo de la Batalla\u00a0[ver trailer,\u00a0leer sinopsis] Relato de la extraordinaria amistad entre un caballo llamado Joey y un joven muchacho, Albert, encargado de\u2026","rel":"","context":"En \u00abArte y cultura\u00bb","block_context":{"text":"Arte y cultura","link":"https:\/\/casadecampoliving.com\/category\/arte-y-cultura\/"},"img":{"alt_text":"marina casa de campo cine","src":"https:\/\/i0.wp.com\/casadecampoliving.com\/wp-content\/uploads\/2022\/10\/marina_casa_de_campo_cine-5.jpg?fit=650%2C279&ssl=1&resize=350%2C200","width":350,"height":200,"srcset":"https:\/\/i0.wp.com\/casadecampoliving.com\/wp-content\/uploads\/2022\/10\/marina_casa_de_campo_cine-5.jpg?fit=650%2C279&ssl=1&resize=350%2C200 1x, https:\/\/i0.wp.com\/casadecampoliving.com\/wp-content\/uploads\/2022\/10\/marina_casa_de_campo_cine-5.jpg?fit=650%2C279&ssl=1&resize=525%2C300 1.5x"},"classes":[]}],"jetpack_sharing_enabled":true,"_links":{"self":[{"href":"https:\/\/casadecampoliving.com\/es\/wp-json\/wp\/v2\/posts\/344855","targetHints":{"allow":["GET"]}}],"collection":[{"href":"https:\/\/casadecampoliving.com\/es\/wp-json\/wp\/v2\/posts"}],"about":[{"href":"https:\/\/casadecampoliving.com\/es\/wp-json\/wp\/v2\/types\/post"}],"author":[{"embeddable":true,"href":"https:\/\/casadecampoliving.com\/es\/wp-json\/wp\/v2\/users\/1097"}],"replies":[{"embeddable":true,"href":"https:\/\/casadecampoliving.com\/es\/wp-json\/wp\/v2\/comments?post=344855"}],"version-history":[{"count":1,"href":"https:\/\/casadecampoliving.com\/es\/wp-json\/wp\/v2\/posts\/344855\/revisions"}],"predecessor-version":[{"id":344856,"href":"https:\/\/casadecampoliving.com\/es\/wp-json\/wp\/v2\/posts\/344855\/revisions\/344856"}],"wp:featuredmedia":[{"embeddable":true,"href":"https:\/\/casadecampoliving.com\/es\/wp-json\/wp\/v2\/media\/265226"}],"wp:attachment":[{"href":"https:\/\/casadecampoliving.com\/es\/wp-json\/wp\/v2\/media?parent=344855"}],"wp:term":[{"taxonomy":"category","embeddable":true,"href":"https:\/\/casadecampoliving.com\/es\/wp-json\/wp\/v2\/categories?post=344855"},{"taxonomy":"post_tag","embeddable":true,"href":"https:\/\/casadecampoliving.com\/es\/wp-json\/wp\/v2\/tags?post=344855"},{"taxonomy":"newspack_spnsrs_tax","embeddable":true,"href":"https:\/\/casadecampoliving.com\/es\/wp-json\/wp\/v2\/newspack_spnsrs_tax?post=344855"}],"curies":[{"name":"wp","href":"https:\/\/api.w.org\/{rel}","templated":true}]}}