{"id":344851,"date":"2014-07-15T00:00:00","date_gmt":"2014-07-15T04:00:00","guid":{"rendered":"https:\/\/casadecampoliving.com\/charytin-goyco-video-7-vidas\/"},"modified":"2022-10-21T18:50:01","modified_gmt":"2022-10-21T22:50:01","slug":"charytin-goyco-video-7-vidas","status":"publish","type":"post","link":"https:\/\/casadecampoliving.com\/es\/charytin-goyco-video-7-vidas\/","title":{"rendered":"Charyt\u00edn Goyco presenta video de \u00ab7 Vidas\u00bb"},"content":{"rendered":"<div class=\"wp-block-image\">\n<figure class=\"aligncenter is-resized\"><img loading=\"lazy\" decoding=\"async\" src=\"https:\/\/i0.wp.com\/casadecampoliving.com\/wp-content\/uploads\/2022\/10\/charityn_goyco_altos_de_chavon-2.jpg?resize=650%2C434&amp;ssl=1\" alt=\"Charytin Goyco en Altos de Chav\u00f3n\" class=\"wp-image-93650\" height=\"434\" width=\"650\"\/><\/figure>\n<\/div>\n\n\n<p>Charyt\u00edn Goyco ha hecho p\u00fablico el video de \u201c7 Vidas\u201d, \u00a1grabado aqu\u00ed mismo en Altos de Chav\u00f3n!<\/p>\n\n\n\n<p>La canci\u00f3n,&nbsp;muy viva y llena de todos los elementos del pop latino, es el primer sencillo de su nuevo \u00e1lbum \u201c7 Vidas\u201d. El video (debajo), muestra video grabado en el aeropuerto en el Aeropuerto Internacional La Romana \u2013 Casa de Campo y en Altos de Chav\u00f3n, ense\u00f1ando algunos de nuestros sitios favoritos, \u00a1como la vista del Titanic, o el caf\u00e9 Le Boulanger!<\/p>\n\n\n\n<!--more-->\n\n\n\n<p>Charyt\u00edn Goyco es una cantante, actriz y personaje de televisi\u00f3n dominicana con una larga carrera que empez\u00f3 a finales de la d\u00e9cada del 70, cuando ella present\u00f3 su canci\u00f3n&nbsp;<em>Mosquita Muerta,&nbsp;<\/em>que la llev\u00f3 al estrellato internacional. Desde ese entonces, ella ha formado parte y ha sido anfitriona de varios programas de televisi\u00f3n, y hab\u00eda dejado su programa&nbsp;mas reciente, CHARYT\u00cdN, el cual estaba basado en Miami, para crear el \u00e1lbum de \u201c7 Vidas\u201d.<\/p>\n\n\n\n<p>Felicidades a la Charyt\u00edn&nbsp;Goyco por su fant\u00e1stico nuevo video y su pr\u00f3ximo \u00e1lbum (que promete ser igual de bueno), \u00a1esperemos que ella haya disfrutado de Altos de Chav\u00f3n tanto como nosotros!<\/p>\n\n\n\n<p><object id=\"flashObj\" width=\"486\" height=\"412\" classid=\"clsid:D27CDB6E-AE6D-11cf-96B8-444553540000\" codebase=\"http:\/\/download.macromedia.com\/pub\/shockwave\/cabs\/flash\/swflash.cab#version=9,0,47,0\"><param name=\"movie\" value=\"http:\/\/c.brightcove.com\/services\/viewer\/federated_f9?isVid=1\"><param name=\"bgcolor\" value=\"#FFFFFF\"><param name=\"flashVars\" value=\"videoId=3671129549001&amp;playerID=2837115219001&amp;playerKey=AQ~~,AAAAADkiHEU~,HS6HpWMTDfPNIZRlzUWTc4gV_i3ByKmj&amp;domain=embed&amp;dynamicStreaming=true\"><param name=\"base\" value=\"http:\/\/admin.brightcove.com\"><param name=\"seamlesstabbing\" value=\"false\"><param name=\"allowFullScreen\" value=\"true\"><param name=\"swLiveConnect\" value=\"true\"><param name=\"allowScriptAccess\" value=\"always\"><\/object><\/p>\n","protected":false},"excerpt":{"rendered":"<p>Charyt\u00edn Goyco ha hecho p\u00fablico el video de \u201c7 Vidas\u201d, \u00a1grabado aqu\u00ed mismo en Altos de Chav\u00f3n! La canci\u00f3n,&nbsp;muy viva y llena de todos los elementos del pop latino, es el primer sencillo de su nuevo \u00e1lbum \u201c7 Vidas\u201d. El video (debajo), muestra video grabado en el aeropuerto en el Aeropuerto Internacional La Romana \u2013 [&hellip;]<\/p>\n","protected":false},"author":18093,"featured_media":265076,"comment_status":"closed","ping_status":"closed","sticky":false,"template":"","format":"standard","meta":{"newspack_ads_suppress_ads":false,"newspack_popups_has_disabled_popups":false,"newspack_sponsor_sponsorship_scope":"","newspack_sponsor_native_byline_display":"inherit","newspack_sponsor_native_category_display":"inherit","newspack_sponsor_underwriter_style":"inherit","newspack_sponsor_underwriter_placement":"inherit","_newspack_byline_active":false,"_newspack_byline":"","newspack_hide_updated_date":false,"newspack_show_updated_date":false,"newspack_content_restriction_is_exempt":false,"newspack_featured_image_position":"","newspack_post_subtitle":"","newspack_article_summary_title":"Overview:","newspack_article_summary":"","_jetpack_memberships_contains_paid_content":false,"footnotes":"","jetpack_publicize_message":"","jetpack_publicize_feature_enabled":true,"jetpack_social_post_already_shared":false,"jetpack_social_options":{"image_generator_settings":{"template":"highway","default_image_id":0,"font":"","enabled":false},"version":2},"_wpas_customize_per_network":false},"categories":[26819,26823,2513,2524,14631,14625],"tags":[3926,3981,5751,14777,13821],"newspack_spnsrs_tax":[],"class_list":["post-344851","post","type-post","status-publish","format-standard","has-post-thumbnail","hentry","category-altos-de-chavon-es","category-arte-y-cultura","category-celebridades-es","category-destacados","category-estilo-de-vida","category-noticias-locales","tag-altos-de-chavones","tag-casa-de-campoes","tag-musica","tag-republica-dominicana-es-18","tag-video","entry"],"yoast_head":"<!-- This site is optimized with the Yoast SEO plugin v27.4 - https:\/\/yoast.com\/product\/yoast-seo-wordpress\/ -->\n<title>Charyt\u00edn Goyco presenta video de &quot;7 Vidas&quot; | Casa de Campo Living<\/title>\n<meta name=\"description\" content=\"Charyt\u00edn Goyco ha hecho p\u00fablico el video de \u201c7 Vidas\u201d, \u00a1grabado aqu\u00ed mismo en Altos de Chav\u00f3n! La canci\u00f3n,&nbsp;muy viva y llena de todos los elementos\" \/>\n<meta name=\"robots\" content=\"index, follow, max-snippet:-1, max-image-preview:large, max-video-preview:-1\" \/>\n<link rel=\"canonical\" href=\"https:\/\/casadecampoliving.com\/es\/charytin-goyco-video-7-vidas\/\" \/>\n<meta property=\"og:locale\" content=\"es_ES\" \/>\n<meta property=\"og:type\" content=\"article\" \/>\n<meta property=\"og:title\" content=\"Charyt\u00edn Goyco presenta video de &quot;7 Vidas&quot; | Casa de Campo Living\" \/>\n<meta property=\"og:description\" content=\"Charyt\u00edn Goyco ha hecho p\u00fablico el video de \u201c7 Vidas\u201d, \u00a1grabado aqu\u00ed mismo en Altos de Chav\u00f3n! La canci\u00f3n,&nbsp;muy viva y llena de todos los elementos\" \/>\n<meta property=\"og:url\" content=\"https:\/\/casadecampoliving.com\/es\/charytin-goyco-video-7-vidas\/\" \/>\n<meta property=\"og:site_name\" content=\"Casa de Campo Living\" \/>\n<meta property=\"article:publisher\" content=\"https:\/\/www.facebook.com\/casadecampoliving\" \/>\n<meta property=\"article:published_time\" content=\"2014-07-15T04:00:00+00:00\" \/>\n<meta property=\"article:modified_time\" content=\"2022-10-21T22:50:01+00:00\" \/>\n<meta property=\"og:image\" content=\"https:\/\/i0.wp.com\/casadecampoliving.com\/wp-content\/uploads\/2022\/10\/charityn_goyco_altos_de_chavon-3.jpg?fit=650%2C434&ssl=1\" \/>\n\t<meta property=\"og:image:width\" content=\"650\" \/>\n\t<meta property=\"og:image:height\" content=\"434\" \/>\n\t<meta property=\"og:image:type\" content=\"image\/jpeg\" \/>\n<meta name=\"author\" content=\"Emil Mella\" \/>\n<meta name=\"twitter:card\" content=\"summary_large_image\" \/>\n<meta name=\"twitter:creator\" content=\"@cdcliving\" \/>\n<meta name=\"twitter:site\" content=\"@cdcliving\" \/>\n<meta name=\"twitter:label1\" content=\"Escrito por\" \/>\n\t<meta name=\"twitter:data1\" content=\"Emil Mella\" \/>\n\t<meta name=\"twitter:label2\" content=\"Tiempo de lectura\" \/>\n\t<meta name=\"twitter:data2\" content=\"1 minuto\" \/>\n<script type=\"application\/ld+json\" class=\"yoast-schema-graph\">{\"@context\":\"https:\\\/\\\/schema.org\",\"@graph\":[{\"@type\":\"Article\",\"@id\":\"https:\\\/\\\/casadecampoliving.com\\\/es\\\/charytin-goyco-video-7-vidas\\\/#article\",\"isPartOf\":{\"@id\":\"https:\\\/\\\/casadecampoliving.com\\\/es\\\/charytin-goyco-video-7-vidas\\\/\"},\"author\":{\"name\":\"Emil Mella\",\"@id\":\"https:\\\/\\\/casadecampoliving.com\\\/es\\\/#\\\/schema\\\/person\\\/d12a5efec1fdc64b900715bce298e45b\"},\"headline\":\"Charyt\u00edn Goyco presenta video de \u00ab7 Vidas\u00bb\",\"datePublished\":\"2014-07-15T04:00:00+00:00\",\"dateModified\":\"2022-10-21T22:50:01+00:00\",\"mainEntityOfPage\":{\"@id\":\"https:\\\/\\\/casadecampoliving.com\\\/es\\\/charytin-goyco-video-7-vidas\\\/\"},\"wordCount\":210,\"publisher\":{\"@id\":\"https:\\\/\\\/casadecampoliving.com\\\/es\\\/#organization\"},\"image\":{\"@id\":\"https:\\\/\\\/casadecampoliving.com\\\/es\\\/charytin-goyco-video-7-vidas\\\/#primaryimage\"},\"thumbnailUrl\":\"https:\\\/\\\/i0.wp.com\\\/casadecampoliving.com\\\/wp-content\\\/uploads\\\/2022\\\/10\\\/charityn_goyco_altos_de_chavon-3.jpg?fit=650%2C434&ssl=1\",\"keywords\":[\"altos de chavon@es\",\"casa de campo@es\",\"musica\",\"Republica Dominicana\",\"Video\"],\"articleSection\":[\"Altos de Chavon @es\",\"Arte y cultura\",\"Celebridades\",\"Destacados\",\"Estilo de Vida\",\"Noticias Locales\"],\"inLanguage\":\"es\"},{\"@type\":\"WebPage\",\"@id\":\"https:\\\/\\\/casadecampoliving.com\\\/es\\\/charytin-goyco-video-7-vidas\\\/\",\"url\":\"https:\\\/\\\/casadecampoliving.com\\\/es\\\/charytin-goyco-video-7-vidas\\\/\",\"name\":\"Charyt\u00edn Goyco presenta video de \\\"7 Vidas\\\" | Casa de Campo Living\",\"isPartOf\":{\"@id\":\"https:\\\/\\\/casadecampoliving.com\\\/es\\\/#website\"},\"primaryImageOfPage\":{\"@id\":\"https:\\\/\\\/casadecampoliving.com\\\/es\\\/charytin-goyco-video-7-vidas\\\/#primaryimage\"},\"image\":{\"@id\":\"https:\\\/\\\/casadecampoliving.com\\\/es\\\/charytin-goyco-video-7-vidas\\\/#primaryimage\"},\"thumbnailUrl\":\"https:\\\/\\\/i0.wp.com\\\/casadecampoliving.com\\\/wp-content\\\/uploads\\\/2022\\\/10\\\/charityn_goyco_altos_de_chavon-3.jpg?fit=650%2C434&ssl=1\",\"datePublished\":\"2014-07-15T04:00:00+00:00\",\"dateModified\":\"2022-10-21T22:50:01+00:00\",\"description\":\"Charyt\u00edn Goyco ha hecho p\u00fablico el video de \u201c7 Vidas\u201d, \u00a1grabado aqu\u00ed mismo en Altos de Chav\u00f3n! La canci\u00f3n,&nbsp;muy viva y llena de todos los elementos\",\"breadcrumb\":{\"@id\":\"https:\\\/\\\/casadecampoliving.com\\\/es\\\/charytin-goyco-video-7-vidas\\\/#breadcrumb\"},\"inLanguage\":\"es\",\"potentialAction\":[{\"@type\":\"ReadAction\",\"target\":[\"https:\\\/\\\/casadecampoliving.com\\\/es\\\/charytin-goyco-video-7-vidas\\\/\"]}]},{\"@type\":\"ImageObject\",\"inLanguage\":\"es\",\"@id\":\"https:\\\/\\\/casadecampoliving.com\\\/es\\\/charytin-goyco-video-7-vidas\\\/#primaryimage\",\"url\":\"https:\\\/\\\/i0.wp.com\\\/casadecampoliving.com\\\/wp-content\\\/uploads\\\/2022\\\/10\\\/charityn_goyco_altos_de_chavon-3.jpg?fit=650%2C434&ssl=1\",\"contentUrl\":\"https:\\\/\\\/i0.wp.com\\\/casadecampoliving.com\\\/wp-content\\\/uploads\\\/2022\\\/10\\\/charityn_goyco_altos_de_chavon-3.jpg?fit=650%2C434&ssl=1\",\"width\":650,\"height\":434,\"caption\":\"Charytin Goyco en Altos de Chav\u00f3n\"},{\"@type\":\"BreadcrumbList\",\"@id\":\"https:\\\/\\\/casadecampoliving.com\\\/es\\\/charytin-goyco-video-7-vidas\\\/#breadcrumb\",\"itemListElement\":[{\"@type\":\"ListItem\",\"position\":1,\"name\":\"Home\",\"item\":\"https:\\\/\\\/casadecampoliving.com\\\/es\\\/\"},{\"@type\":\"ListItem\",\"position\":2,\"name\":\"Charyt\u00edn Goyco presenta video de &#8220;7 Vidas&#8221;\"}]},{\"@type\":\"WebSite\",\"@id\":\"https:\\\/\\\/casadecampoliving.com\\\/es\\\/#website\",\"url\":\"https:\\\/\\\/casadecampoliving.com\\\/es\\\/\",\"name\":\"Casa de Campo Living\",\"description\":\"Resort community news and resources.\",\"publisher\":{\"@id\":\"https:\\\/\\\/casadecampoliving.com\\\/es\\\/#organization\"},\"potentialAction\":[{\"@type\":\"SearchAction\",\"target\":{\"@type\":\"EntryPoint\",\"urlTemplate\":\"https:\\\/\\\/casadecampoliving.com\\\/es\\\/?s={search_term_string}\"},\"query-input\":{\"@type\":\"PropertyValueSpecification\",\"valueRequired\":true,\"valueName\":\"search_term_string\"}}],\"inLanguage\":\"es\"},{\"@type\":\"Organization\",\"@id\":\"https:\\\/\\\/casadecampoliving.com\\\/es\\\/#organization\",\"name\":\"Casa de Campo Living\",\"url\":\"https:\\\/\\\/casadecampoliving.com\\\/es\\\/\",\"logo\":{\"@type\":\"ImageObject\",\"inLanguage\":\"es\",\"@id\":\"https:\\\/\\\/casadecampoliving.com\\\/es\\\/#\\\/schema\\\/logo\\\/image\\\/\",\"url\":\"https:\\\/\\\/i0.wp.com\\\/casadecampoliving.com\\\/wp-content\\\/uploads\\\/2022\\\/07\\\/CDCLivingLogo_V1-white-sized.png?fit=800%2C214&ssl=1\",\"contentUrl\":\"https:\\\/\\\/i0.wp.com\\\/casadecampoliving.com\\\/wp-content\\\/uploads\\\/2022\\\/07\\\/CDCLivingLogo_V1-white-sized.png?fit=800%2C214&ssl=1\",\"width\":800,\"height\":214,\"caption\":\"Casa de Campo Living\"},\"image\":{\"@id\":\"https:\\\/\\\/casadecampoliving.com\\\/es\\\/#\\\/schema\\\/logo\\\/image\\\/\"},\"sameAs\":[\"https:\\\/\\\/www.facebook.com\\\/casadecampoliving\",\"https:\\\/\\\/x.com\\\/cdcliving\"]},{\"@type\":\"Person\",\"@id\":\"https:\\\/\\\/casadecampoliving.com\\\/es\\\/#\\\/schema\\\/person\\\/d12a5efec1fdc64b900715bce298e45b\",\"name\":\"Emil Mella\",\"image\":{\"@type\":\"ImageObject\",\"inLanguage\":\"es\",\"@id\":\"https:\\\/\\\/secure.gravatar.com\\\/avatar\\\/4e9e3292f2d31d6433db3b53db07d9803a6b11077575fa898c13ca6b8962c812?s=96&d=mm&r=g\",\"url\":\"https:\\\/\\\/secure.gravatar.com\\\/avatar\\\/4e9e3292f2d31d6433db3b53db07d9803a6b11077575fa898c13ca6b8962c812?s=96&d=mm&r=g\",\"contentUrl\":\"https:\\\/\\\/secure.gravatar.com\\\/avatar\\\/4e9e3292f2d31d6433db3b53db07d9803a6b11077575fa898c13ca6b8962c812?s=96&d=mm&r=g\",\"caption\":\"Emil Mella\"},\"url\":\"https:\\\/\\\/casadecampoliving.com\\\/es\\\/author\\\/emil-mella\\\/\"}]}<\/script>\n<!-- \/ Yoast SEO plugin. -->","yoast_head_json":{"title":"Charyt\u00edn Goyco presenta video de \"7 Vidas\" | Casa de Campo Living","description":"Charyt\u00edn Goyco ha hecho p\u00fablico el video de \u201c7 Vidas\u201d, \u00a1grabado aqu\u00ed mismo en Altos de Chav\u00f3n! La canci\u00f3n,&nbsp;muy viva y llena de todos los elementos","robots":{"index":"index","follow":"follow","max-snippet":"max-snippet:-1","max-image-preview":"max-image-preview:large","max-video-preview":"max-video-preview:-1"},"canonical":"https:\/\/casadecampoliving.com\/es\/charytin-goyco-video-7-vidas\/","og_locale":"es_ES","og_type":"article","og_title":"Charyt\u00edn Goyco presenta video de \"7 Vidas\" | Casa de Campo Living","og_description":"Charyt\u00edn Goyco ha hecho p\u00fablico el video de \u201c7 Vidas\u201d, \u00a1grabado aqu\u00ed mismo en Altos de Chav\u00f3n! La canci\u00f3n,&nbsp;muy viva y llena de todos los elementos","og_url":"https:\/\/casadecampoliving.com\/es\/charytin-goyco-video-7-vidas\/","og_site_name":"Casa de Campo Living","article_publisher":"https:\/\/www.facebook.com\/casadecampoliving","article_published_time":"2014-07-15T04:00:00+00:00","article_modified_time":"2022-10-21T22:50:01+00:00","og_image":[{"width":650,"height":434,"url":"https:\/\/i0.wp.com\/casadecampoliving.com\/wp-content\/uploads\/2022\/10\/charityn_goyco_altos_de_chavon-3.jpg?fit=650%2C434&ssl=1","type":"image\/jpeg"}],"author":"Emil Mella","twitter_card":"summary_large_image","twitter_creator":"@cdcliving","twitter_site":"@cdcliving","twitter_misc":{"Escrito por":"Emil Mella","Tiempo de lectura":"1 minuto"},"schema":{"@context":"https:\/\/schema.org","@graph":[{"@type":"Article","@id":"https:\/\/casadecampoliving.com\/es\/charytin-goyco-video-7-vidas\/#article","isPartOf":{"@id":"https:\/\/casadecampoliving.com\/es\/charytin-goyco-video-7-vidas\/"},"author":{"name":"Emil Mella","@id":"https:\/\/casadecampoliving.com\/es\/#\/schema\/person\/d12a5efec1fdc64b900715bce298e45b"},"headline":"Charyt\u00edn Goyco presenta video de \u00ab7 Vidas\u00bb","datePublished":"2014-07-15T04:00:00+00:00","dateModified":"2022-10-21T22:50:01+00:00","mainEntityOfPage":{"@id":"https:\/\/casadecampoliving.com\/es\/charytin-goyco-video-7-vidas\/"},"wordCount":210,"publisher":{"@id":"https:\/\/casadecampoliving.com\/es\/#organization"},"image":{"@id":"https:\/\/casadecampoliving.com\/es\/charytin-goyco-video-7-vidas\/#primaryimage"},"thumbnailUrl":"https:\/\/i0.wp.com\/casadecampoliving.com\/wp-content\/uploads\/2022\/10\/charityn_goyco_altos_de_chavon-3.jpg?fit=650%2C434&ssl=1","keywords":["altos de chavon@es","casa de campo@es","musica","Republica Dominicana","Video"],"articleSection":["Altos de Chavon @es","Arte y cultura","Celebridades","Destacados","Estilo de Vida","Noticias Locales"],"inLanguage":"es"},{"@type":"WebPage","@id":"https:\/\/casadecampoliving.com\/es\/charytin-goyco-video-7-vidas\/","url":"https:\/\/casadecampoliving.com\/es\/charytin-goyco-video-7-vidas\/","name":"Charyt\u00edn Goyco presenta video de \"7 Vidas\" | Casa de Campo Living","isPartOf":{"@id":"https:\/\/casadecampoliving.com\/es\/#website"},"primaryImageOfPage":{"@id":"https:\/\/casadecampoliving.com\/es\/charytin-goyco-video-7-vidas\/#primaryimage"},"image":{"@id":"https:\/\/casadecampoliving.com\/es\/charytin-goyco-video-7-vidas\/#primaryimage"},"thumbnailUrl":"https:\/\/i0.wp.com\/casadecampoliving.com\/wp-content\/uploads\/2022\/10\/charityn_goyco_altos_de_chavon-3.jpg?fit=650%2C434&ssl=1","datePublished":"2014-07-15T04:00:00+00:00","dateModified":"2022-10-21T22:50:01+00:00","description":"Charyt\u00edn Goyco ha hecho p\u00fablico el video de \u201c7 Vidas\u201d, \u00a1grabado aqu\u00ed mismo en Altos de Chav\u00f3n! La canci\u00f3n,&nbsp;muy viva y llena de todos los elementos","breadcrumb":{"@id":"https:\/\/casadecampoliving.com\/es\/charytin-goyco-video-7-vidas\/#breadcrumb"},"inLanguage":"es","potentialAction":[{"@type":"ReadAction","target":["https:\/\/casadecampoliving.com\/es\/charytin-goyco-video-7-vidas\/"]}]},{"@type":"ImageObject","inLanguage":"es","@id":"https:\/\/casadecampoliving.com\/es\/charytin-goyco-video-7-vidas\/#primaryimage","url":"https:\/\/i0.wp.com\/casadecampoliving.com\/wp-content\/uploads\/2022\/10\/charityn_goyco_altos_de_chavon-3.jpg?fit=650%2C434&ssl=1","contentUrl":"https:\/\/i0.wp.com\/casadecampoliving.com\/wp-content\/uploads\/2022\/10\/charityn_goyco_altos_de_chavon-3.jpg?fit=650%2C434&ssl=1","width":650,"height":434,"caption":"Charytin Goyco en Altos de Chav\u00f3n"},{"@type":"BreadcrumbList","@id":"https:\/\/casadecampoliving.com\/es\/charytin-goyco-video-7-vidas\/#breadcrumb","itemListElement":[{"@type":"ListItem","position":1,"name":"Home","item":"https:\/\/casadecampoliving.com\/es\/"},{"@type":"ListItem","position":2,"name":"Charyt\u00edn Goyco presenta video de &#8220;7 Vidas&#8221;"}]},{"@type":"WebSite","@id":"https:\/\/casadecampoliving.com\/es\/#website","url":"https:\/\/casadecampoliving.com\/es\/","name":"Casa de Campo Living","description":"Resort community news and resources.","publisher":{"@id":"https:\/\/casadecampoliving.com\/es\/#organization"},"potentialAction":[{"@type":"SearchAction","target":{"@type":"EntryPoint","urlTemplate":"https:\/\/casadecampoliving.com\/es\/?s={search_term_string}"},"query-input":{"@type":"PropertyValueSpecification","valueRequired":true,"valueName":"search_term_string"}}],"inLanguage":"es"},{"@type":"Organization","@id":"https:\/\/casadecampoliving.com\/es\/#organization","name":"Casa de Campo Living","url":"https:\/\/casadecampoliving.com\/es\/","logo":{"@type":"ImageObject","inLanguage":"es","@id":"https:\/\/casadecampoliving.com\/es\/#\/schema\/logo\/image\/","url":"https:\/\/i0.wp.com\/casadecampoliving.com\/wp-content\/uploads\/2022\/07\/CDCLivingLogo_V1-white-sized.png?fit=800%2C214&ssl=1","contentUrl":"https:\/\/i0.wp.com\/casadecampoliving.com\/wp-content\/uploads\/2022\/07\/CDCLivingLogo_V1-white-sized.png?fit=800%2C214&ssl=1","width":800,"height":214,"caption":"Casa de Campo Living"},"image":{"@id":"https:\/\/casadecampoliving.com\/es\/#\/schema\/logo\/image\/"},"sameAs":["https:\/\/www.facebook.com\/casadecampoliving","https:\/\/x.com\/cdcliving"]},{"@type":"Person","@id":"https:\/\/casadecampoliving.com\/es\/#\/schema\/person\/d12a5efec1fdc64b900715bce298e45b","name":"Emil Mella","image":{"@type":"ImageObject","inLanguage":"es","@id":"https:\/\/secure.gravatar.com\/avatar\/4e9e3292f2d31d6433db3b53db07d9803a6b11077575fa898c13ca6b8962c812?s=96&d=mm&r=g","url":"https:\/\/secure.gravatar.com\/avatar\/4e9e3292f2d31d6433db3b53db07d9803a6b11077575fa898c13ca6b8962c812?s=96&d=mm&r=g","contentUrl":"https:\/\/secure.gravatar.com\/avatar\/4e9e3292f2d31d6433db3b53db07d9803a6b11077575fa898c13ca6b8962c812?s=96&d=mm&r=g","caption":"Emil Mella"},"url":"https:\/\/casadecampoliving.com\/es\/author\/emil-mella\/"}]}},"parsely":{"version":"1.1.0","canonical_url":"https:\/\/casadecampoliving.com\/es\/charytin-goyco-video-7-vidas\/","smart_links":{"inbound":0,"outbound":0},"traffic_boost_suggestions_count":0,"meta":{"@context":"https:\/\/schema.org","@type":"NewsArticle","headline":"Charyt\u00edn Goyco presenta video de \u00ab7 Vidas\u00bb","url":"http:\/\/casadecampoliving.com\/es\/charytin-goyco-video-7-vidas\/","mainEntityOfPage":{"@type":"WebPage","@id":"http:\/\/casadecampoliving.com\/es\/charytin-goyco-video-7-vidas\/"},"thumbnailUrl":"https:\/\/i0.wp.com\/casadecampoliving.com\/wp-content\/uploads\/2022\/10\/charityn_goyco_altos_de_chavon-3.jpg?resize=150%2C150&ssl=1","image":{"@type":"ImageObject","url":"https:\/\/i0.wp.com\/casadecampoliving.com\/wp-content\/uploads\/2022\/10\/charityn_goyco_altos_de_chavon-3.jpg?fit=650%2C434&ssl=1"},"articleSection":"Altos de Chavon @es","author":[{"@type":"Person","name":"Emil Mella"}],"creator":["Emil Mella"],"publisher":{"@type":"Organization","name":"Casa de Campo Living","logo":"https:\/\/casadecampoliving.com\/wp-content\/uploads\/2022\/07\/CDCLivingLogo_V1-white-sized.png"},"keywords":["altos de chavon@es","casa de campo@es","musica","republica dominicana","video"],"dateCreated":"2014-07-15T04:00:00Z","datePublished":"2014-07-15T04:00:00Z","dateModified":"2022-10-21T22:50:01Z"},"rendered":"<script type=\"application\/ld+json\" class=\"wp-parsely-metadata\">{\"@context\":\"https:\\\/\\\/schema.org\",\"@type\":\"NewsArticle\",\"headline\":\"Charyt\\u00edn Goyco presenta video de \\u00ab7 Vidas\\u00bb\",\"url\":\"http:\\\/\\\/casadecampoliving.com\\\/es\\\/charytin-goyco-video-7-vidas\\\/\",\"mainEntityOfPage\":{\"@type\":\"WebPage\",\"@id\":\"http:\\\/\\\/casadecampoliving.com\\\/es\\\/charytin-goyco-video-7-vidas\\\/\"},\"thumbnailUrl\":\"https:\\\/\\\/i0.wp.com\\\/casadecampoliving.com\\\/wp-content\\\/uploads\\\/2022\\\/10\\\/charityn_goyco_altos_de_chavon-3.jpg?resize=150%2C150&ssl=1\",\"image\":{\"@type\":\"ImageObject\",\"url\":\"https:\\\/\\\/i0.wp.com\\\/casadecampoliving.com\\\/wp-content\\\/uploads\\\/2022\\\/10\\\/charityn_goyco_altos_de_chavon-3.jpg?fit=650%2C434&ssl=1\"},\"articleSection\":\"Altos de Chavon @es\",\"author\":[{\"@type\":\"Person\",\"name\":\"Emil Mella\"}],\"creator\":[\"Emil Mella\"],\"publisher\":{\"@type\":\"Organization\",\"name\":\"Casa de Campo Living\",\"logo\":\"https:\\\/\\\/casadecampoliving.com\\\/wp-content\\\/uploads\\\/2022\\\/07\\\/CDCLivingLogo_V1-white-sized.png\"},\"keywords\":[\"altos de chavon@es\",\"casa de campo@es\",\"musica\",\"republica dominicana\",\"video\"],\"dateCreated\":\"2014-07-15T04:00:00Z\",\"datePublished\":\"2014-07-15T04:00:00Z\",\"dateModified\":\"2022-10-21T22:50:01Z\"}<\/script>","tracker_url":"https:\/\/cdn.parsely.com\/keys\/casadecampoliving.com\/p.js"},"jetpack_publicize_connections":[],"jetpack_featured_media_url":"https:\/\/i0.wp.com\/casadecampoliving.com\/wp-content\/uploads\/2022\/10\/charityn_goyco_altos_de_chavon-3.jpg?fit=650%2C434&ssl=1","jetpack-related-posts":[{"id":344731,"url":"https:\/\/casadecampoliving.com\/es\/charytin-goyco-publica-un-fragmento-de-su-video-filmado-en-altos-de-chavon\/","url_meta":{"origin":344851,"position":0},"title":"Charyt\u00edn Goyco publica un fragmento de su video filmado en Altos de Chav\u00f3n","author":"Perkin Agramonte","date":"3 Jul, 2014","format":false,"excerpt":"La cantante, presentadora de televisi\u00f3n y actriz dominicana, Charyt\u00edn Goyco estuvo en Casa de Campo durante la Semana Santa; filmando el video para el primer sencillo de su nuevo alb\u00fam `7 Vidas\u00b4, y nos acaba de dar un peque\u00f1o adelanto. El corto video de 17 segundos, nos ofrece un vistazo\u2026","rel":"","context":"En \u00abAltos de Chavon @es\u00bb","block_context":{"text":"Altos de Chavon @es","link":"https:\/\/casadecampoliving.com\/category\/altos-de-chavon-es\/"},"img":{"alt_text":"Charityn Goyco","src":"https:\/\/i0.wp.com\/casadecampoliving.com\/wp-content\/uploads\/2022\/10\/charityn-goyco-1-1.jpg?fit=664%2C445&ssl=1&resize=350%2C200","width":350,"height":200,"srcset":"https:\/\/i0.wp.com\/casadecampoliving.com\/wp-content\/uploads\/2022\/10\/charityn-goyco-1-1.jpg?fit=664%2C445&ssl=1&resize=350%2C200 1x, https:\/\/i0.wp.com\/casadecampoliving.com\/wp-content\/uploads\/2022\/10\/charityn-goyco-1-1.jpg?fit=664%2C445&ssl=1&resize=525%2C300 1.5x"},"classes":[]},{"id":344336,"url":"https:\/\/casadecampoliving.com\/es\/charytin-goyco-altos-de-chavon\/","url_meta":{"origin":344851,"position":1},"title":"Charyt\u00edn Goyco filma su nuevo sencillo en Altos de Chav\u00f3n","author":"Gerolis Lagrage Zabala","date":"7 May, 2014","format":false,"excerpt":"Charyt\u00edn Goyco, cantante dominicana, presentadora de televisi\u00f3n y actriz, estuvo en Casa de Campo durante Semana Santa filmando el video de su primer sencillo del \u00e1lbum \u201c7 Vidas\u201d. Charyt\u00edn Goyco antes de convertirse en una estrella internacional en los a\u00f1os 1970 con su canci\u00f3n Mosquita Muerta que fue muy popular\u2026","rel":"","context":"En \u00abAltos de Chavon @es\u00bb","block_context":{"text":"Altos de Chavon @es","link":"https:\/\/casadecampoliving.com\/category\/altos-de-chavon-es\/"},"img":{"alt_text":"Charityn Goyco Altos de Chavon","src":"https:\/\/i0.wp.com\/casadecampoliving.com\/wp-content\/uploads\/2022\/10\/charityn_goyco_altos_de_chavon-1.jpg?fit=650%2C434&ssl=1&resize=350%2C200","width":350,"height":200,"srcset":"https:\/\/i0.wp.com\/casadecampoliving.com\/wp-content\/uploads\/2022\/10\/charityn_goyco_altos_de_chavon-1.jpg?fit=650%2C434&ssl=1&resize=350%2C200 1x, https:\/\/i0.wp.com\/casadecampoliving.com\/wp-content\/uploads\/2022\/10\/charityn_goyco_altos_de_chavon-1.jpg?fit=650%2C434&ssl=1&resize=525%2C300 1.5x"},"classes":[]},{"id":323894,"url":"https:\/\/casadecampoliving.com\/charytin-goyco-siete-vidas\/","url_meta":{"origin":344851,"position":2},"title":"Charyt\u00edn Goyco&#8217;s \u00ab7 Vidas\u00bb released","author":"Emil Mella","date":"15 Jul, 2014","format":false,"excerpt":"Charyt\u00edn Goyco\u2019s \u201c7 Vidas\u201d video has been released, with footage filmed right here in Altos de Chav\u00f3n! The song, an upbeat Latin pop number that\u2019s sure to delight, is the first single off her new album, \u201c7 Vidas\u201d. The video, shown below, features footage\u00a0filmed in the La Romana \u2013 Casa\u2026","rel":"","context":"En \u00abAltos de Chavon\u00bb","block_context":{"text":"Altos de Chavon","link":"https:\/\/casadecampoliving.com\/category\/altos-de-chavon\/"},"img":{"alt_text":"Charytin Goyco en Altos de Chav\u00f3n","src":"https:\/\/i0.wp.com\/casadecampoliving.com\/wp-content\/uploads\/2022\/10\/charityn_goyco_altos_de_chavon-3.jpg?fit=650%2C434&ssl=1&resize=350%2C200","width":350,"height":200,"srcset":"https:\/\/i0.wp.com\/casadecampoliving.com\/wp-content\/uploads\/2022\/10\/charityn_goyco_altos_de_chavon-3.jpg?fit=650%2C434&ssl=1&resize=350%2C200 1x, https:\/\/i0.wp.com\/casadecampoliving.com\/wp-content\/uploads\/2022\/10\/charityn_goyco_altos_de_chavon-3.jpg?fit=650%2C434&ssl=1&resize=525%2C300 1.5x"},"classes":[]},{"id":323516,"url":"https:\/\/casadecampoliving.com\/charityn-goyco-altos-de-chavon\/","url_meta":{"origin":344851,"position":3},"title":"Charytin Goyco shoots music video in Altos de Chav\u00f3n","author":"Rebecca Silvestri","date":"7 May, 2014","format":false,"excerpt":"Charyt\u00edn Goyco, a Dominican\u00a0singer, television hostess and\u00a0actress\u00a0was here in Casa de Campo during Semana Santa (Easter Week) filming the video for the first single of her new album \"7 Vidas\". Charyt\u00edn Goyco\u00a0became an international superstar in the late 1970's with her song\u00a0Mosquita Muerta, which reached the top of the charts\u2026","rel":"","context":"En \u00abAltos de Chavon\u00bb","block_context":{"text":"Altos de Chavon","link":"https:\/\/casadecampoliving.com\/category\/altos-de-chavon\/"},"img":{"alt_text":"Charityn Goyco Altos de Chavon","src":"https:\/\/i0.wp.com\/casadecampoliving.com\/wp-content\/uploads\/2022\/10\/charityn_goyco_altos_de_chavon-1.jpg?fit=650%2C434&ssl=1&resize=350%2C200","width":350,"height":200,"srcset":"https:\/\/i0.wp.com\/casadecampoliving.com\/wp-content\/uploads\/2022\/10\/charityn_goyco_altos_de_chavon-1.jpg?fit=650%2C434&ssl=1&resize=350%2C200 1x, https:\/\/i0.wp.com\/casadecampoliving.com\/wp-content\/uploads\/2022\/10\/charityn_goyco_altos_de_chavon-1.jpg?fit=650%2C434&ssl=1&resize=525%2C300 1.5x"},"classes":[]},{"id":323810,"url":"https:\/\/casadecampoliving.com\/charityn-goyco-releases-video-filmed-altos-de-chavon\/","url_meta":{"origin":344851,"position":4},"title":"Charyt\u00edn Goyco releases video filmed in Altos de Chav\u00f3n","author":"Rebecca Silvestri","date":"3 Jul, 2014","format":false,"excerpt":"Charyt\u00edn Goyco, a Dominican\u00a0singer, television hostess and\u00a0actress\u00a0was here in Casa de Campo during Semana Santa (Easter Week) filming the video for the first single of her new album \"7 Vidas\" - and she just released a sneak preview! The short 17 second video gives us a glimpse of the upbeat\u2026","rel":"","context":"En \u00abAltos de Chavon\u00bb","block_context":{"text":"Altos de Chavon","link":"https:\/\/casadecampoliving.com\/category\/altos-de-chavon\/"},"img":{"alt_text":"Charityn Goyco","src":"https:\/\/i0.wp.com\/casadecampoliving.com\/wp-content\/uploads\/2022\/10\/charityn-goyco-1-1.jpg?fit=664%2C445&ssl=1&resize=350%2C200","width":350,"height":200,"srcset":"https:\/\/i0.wp.com\/casadecampoliving.com\/wp-content\/uploads\/2022\/10\/charityn-goyco-1-1.jpg?fit=664%2C445&ssl=1&resize=350%2C200 1x, https:\/\/i0.wp.com\/casadecampoliving.com\/wp-content\/uploads\/2022\/10\/charityn-goyco-1-1.jpg?fit=664%2C445&ssl=1&resize=525%2C300 1.5x"},"classes":[]},{"id":433460,"url":"https:\/\/casadecampoliving.com\/es\/no-se-pierdan-el-increible-tributo-a-frank-sinatra-para-celebrar-el-40-aniversario-del-anfiteatro-altos-de-chavon\/","url_meta":{"origin":344851,"position":5},"title":"No se pierdan el incre\u00edble tributo a Frank Sinatra para celebrar el 40 aniversario del\u00a0Anfiteatro Altos de Chav\u00f3n","author":"Casa de Campo Living","date":"20 Oct, 2022","format":false,"excerpt":"Siendo uno de los escenarios m\u00e1s emblem\u00e1ticos del pa\u00eds, Casa de Campo Resort\u00ae & Villas celebra las cuatro d\u00e9cadas de aniversario de Altos de Chav\u00f3n con un tributo al gran Frank Sinatra, protagonizado por artistas invitados y una big band tal cual la que acompa\u00f1\u00f3 al artista hace 40 a\u00f1os\u2026","rel":"","context":"En \u00abUncategorized @es\u00bb","block_context":{"text":"Uncategorized @es","link":"https:\/\/casadecampoliving.com\/es\/category\/uncategorized-es\/"},"img":{"alt_text":"","src":"https:\/\/i0.wp.com\/casadecampoliving.com\/wp-content\/uploads\/2022\/10\/Tributo-Frank-Sinatra-Foto-Principal-Amaury-Sanchez-Danilo-Ginebra-Andres-Pichardo-y-Jose-Gabriel-Perez-.jpg?fit=1200%2C873&ssl=1&resize=350%2C200","width":350,"height":200,"srcset":"https:\/\/i0.wp.com\/casadecampoliving.com\/wp-content\/uploads\/2022\/10\/Tributo-Frank-Sinatra-Foto-Principal-Amaury-Sanchez-Danilo-Ginebra-Andres-Pichardo-y-Jose-Gabriel-Perez-.jpg?fit=1200%2C873&ssl=1&resize=350%2C200 1x, https:\/\/i0.wp.com\/casadecampoliving.com\/wp-content\/uploads\/2022\/10\/Tributo-Frank-Sinatra-Foto-Principal-Amaury-Sanchez-Danilo-Ginebra-Andres-Pichardo-y-Jose-Gabriel-Perez-.jpg?fit=1200%2C873&ssl=1&resize=525%2C300 1.5x, https:\/\/i0.wp.com\/casadecampoliving.com\/wp-content\/uploads\/2022\/10\/Tributo-Frank-Sinatra-Foto-Principal-Amaury-Sanchez-Danilo-Ginebra-Andres-Pichardo-y-Jose-Gabriel-Perez-.jpg?fit=1200%2C873&ssl=1&resize=700%2C400 2x, https:\/\/i0.wp.com\/casadecampoliving.com\/wp-content\/uploads\/2022\/10\/Tributo-Frank-Sinatra-Foto-Principal-Amaury-Sanchez-Danilo-Ginebra-Andres-Pichardo-y-Jose-Gabriel-Perez-.jpg?fit=1200%2C873&ssl=1&resize=1050%2C600 3x"},"classes":[]}],"jetpack_sharing_enabled":true,"_links":{"self":[{"href":"https:\/\/casadecampoliving.com\/es\/wp-json\/wp\/v2\/posts\/344851","targetHints":{"allow":["GET"]}}],"collection":[{"href":"https:\/\/casadecampoliving.com\/es\/wp-json\/wp\/v2\/posts"}],"about":[{"href":"https:\/\/casadecampoliving.com\/es\/wp-json\/wp\/v2\/types\/post"}],"author":[{"embeddable":true,"href":"https:\/\/casadecampoliving.com\/es\/wp-json\/wp\/v2\/users\/18093"}],"replies":[{"embeddable":true,"href":"https:\/\/casadecampoliving.com\/es\/wp-json\/wp\/v2\/comments?post=344851"}],"version-history":[{"count":1,"href":"https:\/\/casadecampoliving.com\/es\/wp-json\/wp\/v2\/posts\/344851\/revisions"}],"predecessor-version":[{"id":344852,"href":"https:\/\/casadecampoliving.com\/es\/wp-json\/wp\/v2\/posts\/344851\/revisions\/344852"}],"wp:featuredmedia":[{"embeddable":true,"href":"https:\/\/casadecampoliving.com\/es\/wp-json\/wp\/v2\/media\/265076"}],"wp:attachment":[{"href":"https:\/\/casadecampoliving.com\/es\/wp-json\/wp\/v2\/media?parent=344851"}],"wp:term":[{"taxonomy":"category","embeddable":true,"href":"https:\/\/casadecampoliving.com\/es\/wp-json\/wp\/v2\/categories?post=344851"},{"taxonomy":"post_tag","embeddable":true,"href":"https:\/\/casadecampoliving.com\/es\/wp-json\/wp\/v2\/tags?post=344851"},{"taxonomy":"newspack_spnsrs_tax","embeddable":true,"href":"https:\/\/casadecampoliving.com\/es\/wp-json\/wp\/v2\/newspack_spnsrs_tax?post=344851"}],"curies":[{"name":"wp","href":"https:\/\/api.w.org\/{rel}","templated":true}]}}