{"id":344795,"date":"2014-07-09T00:00:00","date_gmt":"2014-07-09T04:00:00","guid":{"rendered":"https:\/\/casadecampoliving.com\/todo-casa-de-campo-celebra-los-40-anos-del-resort-casa-de-campo\/"},"modified":"2022-11-10T10:38:02","modified_gmt":"2022-11-10T14:38:02","slug":"todo-casa-de-campo-celebra-los-40-anos-del-resort-casa-de-campo","status":"publish","type":"post","link":"https:\/\/casadecampoliving.com\/es\/todo-casa-de-campo-celebra-los-40-anos-del-resort-casa-de-campo\/","title":{"rendered":"TODO Casa de Campo celebra los 40 a\u00f1os de Casa"},"content":{"rendered":"<img data-recalc-dims=\"1\" loading=\"lazy\" decoding=\"async\" class=\"aligncenter size-full wp-image-93320\" src=\"https:\/\/i0.wp.com\/casadecampoliving.com\/wp-content\/uploads\/2022\/10\/TODO_Casa_de_Campo.jpg?resize=650%2C433&#038;ssl=1\" alt=\"TODO Casa de Campo\" width=\"650\" height=\"433\" \/>\n\nAcaba de llegar la edici\u00f3n de verano de la revista TODO Casa de Campo, y en esta, nuestra d\u00e9cima edici\u00f3n de la gu\u00eda m\u00e1s completa del Casa de Campo, celebramos con orgullo el 40\u00ba aniversario de nuestro querido resort.\n\n<!--more-->\n\nEste verano, el resort Casa de Campo celebra de manera oficial su 40\u00ba aniversario. Aunque el Teeth of the Dog fue inaugurado oficialmente en 1971, no fue hasta 1974, cuando nuestro querido y reconocido resort abri\u00f3 sus puertas. \u00a1Y cu\u00e1nto ha cambiado desde entonces! Durante las pasadas 4 decadas, Casa de Campo ha venido creciendo y mejorando poco a poco, adem\u00e1s ha obtenido un excelente reconocimiento durante estos 40 a\u00f1os; por eso hemos realizado un reportaje, el cual esperamos que disfruten. (Seguramente les encantar\u00e1n las fotos antiguas por Carol Burke)\n\nTODO Casa de Campo es una herramienta imprescindible para enterarse de TODO lo que tenemos para disfrutar al m\u00e1ximo nuestra estad\u00eda en Casa de Campo, ya sea turista, visitante regular, residente o due\u00f1o de villa. TODO Casa de Campo producida por SILGON (creadores de las revistas CasaLife, Casa de Campo Living e INMORTALES), ofrece a los visitantes y due\u00f1os de villas en Casa de Campo lo mejor de TODO dentro del prestigioso complejo tur\u00edstico Casa de Campo en La Romana.\n\n<img data-recalc-dims=\"1\" loading=\"lazy\" decoding=\"async\" class=\"aligncenter size-full wp-image-93322\" src=\"https:\/\/i0.wp.com\/casadecampoliving.com\/wp-content\/uploads\/2022\/10\/TODO_Casa_de_Campo1.jpg?resize=650%2C505&#038;ssl=1\" alt=\"TODO Casa de Campo\" width=\"650\" height=\"505\" \/>\n\nEn esta y en todas las dem\u00e1s ediciones de\u00a0<strong>TODO Casa de Campo<\/strong>\u00a0encontrar\u00e1; un calendario de eventos, guia de servicios, mapas, costos de las actividades y deportes, al igual que varios art\u00edculos y secciones muy entretenidos y divertidos, tales como:\n<ul>\n\t<li>Aloe Vera,\u00a0la planta milagrosa<\/li>\n\t<li>Limoncello, un \u00e9xito duradero<\/li>\n\t<li>Las tortuguitas beb\u00e9s de Saona<\/li>\n\t<li>Flyboarding en Bayahibe<\/li>\n\t<li>Carmen Parra Mart\u00ednez, ep\u00edtome de la tradici\u00f3n Dominicana<\/li>\n\t<li>5\u00a0art\u00edculos esenciales para la playa<\/li>\n\t<li>Teeth of the Dog, hoyo #17<\/li>\n<\/ul>\nLas siguientes imagenes les dar\u00e1n un peque\u00f1o vistazo de lo que ofrece esta nueva de edici\u00f3n de TODO Casa de Campo:\u00a0<span style=\"font-weight: 600; color: #444444;\">\n<figure class=\"wp-block-gallery has-nested-images columns-default is-cropped wp-block-gallery-1 is-layout-flex wp-block-gallery-is-layout-flex\">\n<figure class=\"wp-block-image size-large\"><img data-recalc-dims=\"1\" loading=\"lazy\" decoding=\"async\" width=\"1127\" height=\"876\" data-id=\"479055\" src=\"https:\/\/i0.wp.com\/casadecampoliving.com\/wp-content\/uploads\/2022\/10\/spread-20-21.jpg?resize=1127%2C876&#038;ssl=1\" alt=\"\" class=\"wp-image-479055\" srcset=\"https:\/\/i0.wp.com\/casadecampoliving.com\/wp-content\/uploads\/2022\/10\/spread-20-21.jpg?w=1127&amp;ssl=1 1127w, https:\/\/i0.wp.com\/casadecampoliving.com\/wp-content\/uploads\/2022\/10\/spread-20-21.jpg?resize=300%2C233&amp;ssl=1 300w, https:\/\/i0.wp.com\/casadecampoliving.com\/wp-content\/uploads\/2022\/10\/spread-20-21.jpg?resize=1024%2C796&amp;ssl=1 1024w, https:\/\/i0.wp.com\/casadecampoliving.com\/wp-content\/uploads\/2022\/10\/spread-20-21.jpg?resize=768%2C597&amp;ssl=1 768w, https:\/\/i0.wp.com\/casadecampoliving.com\/wp-content\/uploads\/2022\/10\/spread-20-21.jpg?resize=400%2C311&amp;ssl=1 400w, https:\/\/i0.wp.com\/casadecampoliving.com\/wp-content\/uploads\/2022\/10\/spread-20-21.jpg?resize=706%2C549&amp;ssl=1 706w, https:\/\/i0.wp.com\/casadecampoliving.com\/wp-content\/uploads\/2022\/10\/spread-20-21.jpg?resize=150%2C117&amp;ssl=1 150w, https:\/\/i0.wp.com\/casadecampoliving.com\/wp-content\/uploads\/2022\/10\/spread-20-21.jpg?w=370&amp;ssl=1 370w\" sizes=\"auto, (max-width: 1000px) 100vw, 1000px\" \/><\/figure>\n\n\n\n<figure class=\"wp-block-image size-large\"><img data-recalc-dims=\"1\" loading=\"lazy\" decoding=\"async\" width=\"1127\" height=\"876\" data-id=\"479070\" src=\"https:\/\/i0.wp.com\/casadecampoliving.com\/wp-content\/uploads\/2022\/10\/spread-50-51.jpg?resize=1127%2C876&#038;ssl=1\" alt=\"\" class=\"wp-image-479070\" srcset=\"https:\/\/i0.wp.com\/casadecampoliving.com\/wp-content\/uploads\/2022\/10\/spread-50-51.jpg?w=1127&amp;ssl=1 1127w, https:\/\/i0.wp.com\/casadecampoliving.com\/wp-content\/uploads\/2022\/10\/spread-50-51.jpg?resize=300%2C233&amp;ssl=1 300w, https:\/\/i0.wp.com\/casadecampoliving.com\/wp-content\/uploads\/2022\/10\/spread-50-51.jpg?resize=1024%2C796&amp;ssl=1 1024w, https:\/\/i0.wp.com\/casadecampoliving.com\/wp-content\/uploads\/2022\/10\/spread-50-51.jpg?resize=768%2C597&amp;ssl=1 768w, https:\/\/i0.wp.com\/casadecampoliving.com\/wp-content\/uploads\/2022\/10\/spread-50-51.jpg?resize=400%2C311&amp;ssl=1 400w, https:\/\/i0.wp.com\/casadecampoliving.com\/wp-content\/uploads\/2022\/10\/spread-50-51.jpg?resize=706%2C549&amp;ssl=1 706w, https:\/\/i0.wp.com\/casadecampoliving.com\/wp-content\/uploads\/2022\/10\/spread-50-51.jpg?resize=150%2C117&amp;ssl=1 150w, https:\/\/i0.wp.com\/casadecampoliving.com\/wp-content\/uploads\/2022\/10\/spread-50-51.jpg?w=370&amp;ssl=1 370w\" sizes=\"auto, (max-width: 1000px) 100vw, 1000px\" \/><\/figure>\n\n\n\n<figure class=\"wp-block-image size-large\"><img data-recalc-dims=\"1\" loading=\"lazy\" decoding=\"async\" width=\"1127\" height=\"876\" data-id=\"479088\" src=\"https:\/\/i0.wp.com\/casadecampoliving.com\/wp-content\/uploads\/2022\/10\/spread-56-57.jpg?resize=1127%2C876&#038;ssl=1\" alt=\"\" class=\"wp-image-479088\" srcset=\"https:\/\/i0.wp.com\/casadecampoliving.com\/wp-content\/uploads\/2022\/10\/spread-56-57.jpg?w=1127&amp;ssl=1 1127w, https:\/\/i0.wp.com\/casadecampoliving.com\/wp-content\/uploads\/2022\/10\/spread-56-57.jpg?resize=300%2C233&amp;ssl=1 300w, https:\/\/i0.wp.com\/casadecampoliving.com\/wp-content\/uploads\/2022\/10\/spread-56-57.jpg?resize=1024%2C796&amp;ssl=1 1024w, https:\/\/i0.wp.com\/casadecampoliving.com\/wp-content\/uploads\/2022\/10\/spread-56-57.jpg?resize=768%2C597&amp;ssl=1 768w, https:\/\/i0.wp.com\/casadecampoliving.com\/wp-content\/uploads\/2022\/10\/spread-56-57.jpg?resize=400%2C311&amp;ssl=1 400w, https:\/\/i0.wp.com\/casadecampoliving.com\/wp-content\/uploads\/2022\/10\/spread-56-57.jpg?resize=706%2C549&amp;ssl=1 706w, https:\/\/i0.wp.com\/casadecampoliving.com\/wp-content\/uploads\/2022\/10\/spread-56-57.jpg?resize=150%2C117&amp;ssl=1 150w, https:\/\/i0.wp.com\/casadecampoliving.com\/wp-content\/uploads\/2022\/10\/spread-56-57.jpg?w=370&amp;ssl=1 370w\" sizes=\"auto, (max-width: 1000px) 100vw, 1000px\" \/><\/figure>\n\n\n\n<figure class=\"wp-block-image size-large\"><img data-recalc-dims=\"1\" loading=\"lazy\" decoding=\"async\" width=\"1127\" height=\"876\" data-id=\"479106\" src=\"https:\/\/i0.wp.com\/casadecampoliving.com\/wp-content\/uploads\/2022\/10\/spread-64-65.jpg?resize=1127%2C876&#038;ssl=1\" alt=\"\" class=\"wp-image-479106\" srcset=\"https:\/\/i0.wp.com\/casadecampoliving.com\/wp-content\/uploads\/2022\/10\/spread-64-65.jpg?w=1127&amp;ssl=1 1127w, https:\/\/i0.wp.com\/casadecampoliving.com\/wp-content\/uploads\/2022\/10\/spread-64-65.jpg?resize=300%2C233&amp;ssl=1 300w, https:\/\/i0.wp.com\/casadecampoliving.com\/wp-content\/uploads\/2022\/10\/spread-64-65.jpg?resize=1024%2C796&amp;ssl=1 1024w, https:\/\/i0.wp.com\/casadecampoliving.com\/wp-content\/uploads\/2022\/10\/spread-64-65.jpg?resize=768%2C597&amp;ssl=1 768w, https:\/\/i0.wp.com\/casadecampoliving.com\/wp-content\/uploads\/2022\/10\/spread-64-65.jpg?resize=400%2C311&amp;ssl=1 400w, https:\/\/i0.wp.com\/casadecampoliving.com\/wp-content\/uploads\/2022\/10\/spread-64-65.jpg?resize=706%2C549&amp;ssl=1 706w, https:\/\/i0.wp.com\/casadecampoliving.com\/wp-content\/uploads\/2022\/10\/spread-64-65.jpg?resize=150%2C117&amp;ssl=1 150w, https:\/\/i0.wp.com\/casadecampoliving.com\/wp-content\/uploads\/2022\/10\/spread-64-65.jpg?w=370&amp;ssl=1 370w\" sizes=\"auto, (max-width: 1000px) 100vw, 1000px\" \/><\/figure>\n\n\n\n<figure class=\"wp-block-image size-large\"><img data-recalc-dims=\"1\" loading=\"lazy\" decoding=\"async\" width=\"1127\" height=\"876\" data-id=\"479121\" src=\"https:\/\/i0.wp.com\/casadecampoliving.com\/wp-content\/uploads\/2022\/10\/spread-80-81.jpg?resize=1127%2C876&#038;ssl=1\" alt=\"\" class=\"wp-image-479121\" srcset=\"https:\/\/i0.wp.com\/casadecampoliving.com\/wp-content\/uploads\/2022\/10\/spread-80-81.jpg?w=1127&amp;ssl=1 1127w, https:\/\/i0.wp.com\/casadecampoliving.com\/wp-content\/uploads\/2022\/10\/spread-80-81.jpg?resize=300%2C233&amp;ssl=1 300w, https:\/\/i0.wp.com\/casadecampoliving.com\/wp-content\/uploads\/2022\/10\/spread-80-81.jpg?resize=1024%2C796&amp;ssl=1 1024w, https:\/\/i0.wp.com\/casadecampoliving.com\/wp-content\/uploads\/2022\/10\/spread-80-81.jpg?resize=768%2C597&amp;ssl=1 768w, https:\/\/i0.wp.com\/casadecampoliving.com\/wp-content\/uploads\/2022\/10\/spread-80-81.jpg?resize=400%2C311&amp;ssl=1 400w, https:\/\/i0.wp.com\/casadecampoliving.com\/wp-content\/uploads\/2022\/10\/spread-80-81.jpg?resize=706%2C549&amp;ssl=1 706w, https:\/\/i0.wp.com\/casadecampoliving.com\/wp-content\/uploads\/2022\/10\/spread-80-81.jpg?resize=150%2C117&amp;ssl=1 150w, https:\/\/i0.wp.com\/casadecampoliving.com\/wp-content\/uploads\/2022\/10\/spread-80-81.jpg?w=370&amp;ssl=1 370w\" sizes=\"auto, (max-width: 1000px) 100vw, 1000px\" \/><\/figure>\n<\/figure>\n<\/span>\n\n<strong>TODO Casa de Campo\u00a0<\/strong>ser\u00e1 entregada muy pronto, como tambi\u00e9n se estar\u00e1 distribuyendo en el resort de Casa de Campo, el hotel de Casa de Campo, La Marina y Altos de Chav\u00f3n.\n\n<strong>\u00bfRecibe usted TODO y CasaLife?<\/strong>\n\nSi usted no ha recibido la edici\u00f3n anterior de\u00a0<strong>TODO Casa de Campo<\/strong>\u00a0en su villa, es posible que no tengamos su contacto actualizado&#8230;\n\n<strong>\u00a1<a href=\"https:\/\/docs.google.com\/a\/silgon.net\/spreadsheet\/viewform?formkey=dFQ4NDYtZ1FKUTMwUFExMzA5TGYzVXc6MQ\">POR FAVOR HAGA CLIC AQU\u00cd Y LLENE ESTE SIMPLE FORMULARIO PARA ASEGURARNOS DE CONTACTARLOS<\/a>!<\/strong>","protected":false},"excerpt":{"rendered":"<p>Acaba de llegar la edici\u00f3n de verano de la revista TODO Casa de Campo, y en esta, nuestra d\u00e9cima edici\u00f3n de la gu\u00eda m\u00e1s completa del Casa de Campo, celebramos con orgullo el 40\u00ba aniversario de nuestro querido resort.<\/p>\n","protected":false},"author":1097,"featured_media":263178,"comment_status":"closed","ping_status":"closed","sticky":false,"template":"","format":"standard","meta":{"newspack_ads_suppress_ads":false,"newspack_popups_has_disabled_popups":false,"newspack_sponsor_sponsorship_scope":"","newspack_sponsor_native_byline_display":"inherit","newspack_sponsor_native_category_display":"inherit","newspack_sponsor_underwriter_style":"inherit","newspack_sponsor_underwriter_placement":"inherit","_newspack_byline_active":false,"_newspack_byline":"","newspack_hide_updated_date":false,"newspack_show_updated_date":false,"newspack_content_restriction_is_exempt":false,"newspack_featured_image_position":"","newspack_post_subtitle":"","newspack_article_summary_title":"Overview:","newspack_article_summary":"","_jetpack_memberships_contains_paid_content":false,"footnotes":"","jetpack_publicize_message":"","jetpack_publicize_feature_enabled":true,"jetpack_social_post_already_shared":false,"jetpack_social_options":{"image_generator_settings":{"template":"highway","default_image_id":0,"font":"","enabled":false},"version":2},"_wpas_customize_per_network":false},"categories":[26936,26824,26951,2521,2524,2526,14631,14625,26822],"tags":[23815,3626,8094,24387,6371,7502,5413],"newspack_spnsrs_tax":[],"class_list":["post-344795","post","type-post","status-publish","format-standard","has-post-thumbnail","hentry","category-casa-de-campo-living-es","category-casa-de-campo-living-magazine","category-ccl-presenta","category-republica-dominicana-2","category-destacados","category-titulares-es","category-estilo-de-vida","category-noticias-locales","category-resort-casa-de-campo","tag-casa-de-campo-es-17","tag-casa-de-campo-es","tag-casa-de-campo-community-es","tag-casa-de-campo-living-es","tag-casa-de-campo-resort-es","tag-silgon-es","tag-todo-casa-de-campo-es","entry"],"yoast_head":"<!-- This site is optimized with the Yoast SEO plugin v27.4 - https:\/\/yoast.com\/product\/yoast-seo-wordpress\/ -->\n<title>TODO Casa de Campo celebra los 40 a\u00f1os de Casa | Casa de Campo Living<\/title>\n<meta name=\"description\" content=\"Acaba de llegar la edici\u00f3n de verano de la revista TODO Casa de Campo, y en esta, nuestra d\u00e9cima edici\u00f3n de la gu\u00eda m\u00e1s completa del Casa de Campo,\" \/>\n<meta name=\"robots\" content=\"index, follow, max-snippet:-1, max-image-preview:large, max-video-preview:-1\" \/>\n<link rel=\"canonical\" href=\"https:\/\/casadecampoliving.com\/es\/todo-casa-de-campo-celebra-los-40-anos-del-resort-casa-de-campo\/\" \/>\n<meta property=\"og:locale\" content=\"es_ES\" \/>\n<meta property=\"og:type\" content=\"article\" \/>\n<meta property=\"og:title\" content=\"TODO Casa de Campo celebra los 40 a\u00f1os de Casa | Casa de Campo Living\" \/>\n<meta property=\"og:description\" content=\"Acaba de llegar la edici\u00f3n de verano de la revista TODO Casa de Campo, y en esta, nuestra d\u00e9cima edici\u00f3n de la gu\u00eda m\u00e1s completa del Casa de Campo,\" \/>\n<meta property=\"og:url\" content=\"https:\/\/casadecampoliving.com\/es\/todo-casa-de-campo-celebra-los-40-anos-del-resort-casa-de-campo\/\" \/>\n<meta property=\"og:site_name\" content=\"Casa de Campo Living\" \/>\n<meta property=\"article:publisher\" content=\"https:\/\/www.facebook.com\/casadecampoliving\" \/>\n<meta property=\"article:published_time\" content=\"2014-07-09T04:00:00+00:00\" \/>\n<meta property=\"article:modified_time\" content=\"2022-11-10T14:38:02+00:00\" \/>\n<meta property=\"og:image\" content=\"https:\/\/i0.wp.com\/casadecampoliving.com\/wp-content\/uploads\/2022\/10\/TODO_Casa_de_Campo-1.jpg?fit=503%2C536&ssl=1\" \/>\n\t<meta property=\"og:image:width\" content=\"503\" \/>\n\t<meta property=\"og:image:height\" content=\"536\" \/>\n\t<meta property=\"og:image:type\" content=\"image\/jpeg\" \/>\n<meta name=\"author\" content=\"Perkin Agramonte\" \/>\n<meta name=\"twitter:card\" content=\"summary_large_image\" \/>\n<meta name=\"twitter:creator\" content=\"@cdcliving\" \/>\n<meta name=\"twitter:site\" content=\"@cdcliving\" \/>\n<meta name=\"twitter:label1\" content=\"Escrito por\" \/>\n\t<meta name=\"twitter:data1\" content=\"Perkin Agramonte\" \/>\n\t<meta name=\"twitter:label2\" content=\"Tiempo de lectura\" \/>\n\t<meta name=\"twitter:data2\" content=\"2 minutos\" \/>\n<script type=\"application\/ld+json\" class=\"yoast-schema-graph\">{\"@context\":\"https:\\\/\\\/schema.org\",\"@graph\":[{\"@type\":\"Article\",\"@id\":\"https:\\\/\\\/casadecampoliving.com\\\/es\\\/todo-casa-de-campo-celebra-los-40-anos-del-resort-casa-de-campo\\\/#article\",\"isPartOf\":{\"@id\":\"https:\\\/\\\/casadecampoliving.com\\\/es\\\/todo-casa-de-campo-celebra-los-40-anos-del-resort-casa-de-campo\\\/\"},\"author\":{\"name\":\"Perkin Agramonte\",\"@id\":\"https:\\\/\\\/casadecampoliving.com\\\/es\\\/#\\\/schema\\\/person\\\/c8efa6049510554b7d5fea078d728f72\"},\"headline\":\"TODO Casa de Campo celebra los 40 a\u00f1os de Casa\",\"datePublished\":\"2014-07-09T04:00:00+00:00\",\"dateModified\":\"2022-11-10T14:38:02+00:00\",\"mainEntityOfPage\":{\"@id\":\"https:\\\/\\\/casadecampoliving.com\\\/es\\\/todo-casa-de-campo-celebra-los-40-anos-del-resort-casa-de-campo\\\/\"},\"wordCount\":412,\"publisher\":{\"@id\":\"https:\\\/\\\/casadecampoliving.com\\\/es\\\/#organization\"},\"image\":{\"@id\":\"https:\\\/\\\/casadecampoliving.com\\\/es\\\/todo-casa-de-campo-celebra-los-40-anos-del-resort-casa-de-campo\\\/#primaryimage\"},\"thumbnailUrl\":\"https:\\\/\\\/i0.wp.com\\\/casadecampoliving.com\\\/wp-content\\\/uploads\\\/2022\\\/10\\\/TODO_Casa_de_Campo-1.jpg?fit=503%2C536&ssl=1\",\"keywords\":[\"Casa de Campo\",\"casa de campo @es\",\"Casa de Campo Community @es\",\"Casa de Campo Living\",\"casa de campo resort @es\",\"SILGON @es\",\"todo casa de campo @es\"],\"articleSection\":[\"Casa de Campo Living @es\",\"Casa de Campo Living magazine\",\"CCL presenta\",\"Rep\u00fablica Dominicana @es\",\"Destacados\",\"Titulares\",\"Estilo de Vida\",\"Noticias Locales\",\"Resort Casa de Campo\"],\"inLanguage\":\"es\"},{\"@type\":\"WebPage\",\"@id\":\"https:\\\/\\\/casadecampoliving.com\\\/es\\\/todo-casa-de-campo-celebra-los-40-anos-del-resort-casa-de-campo\\\/\",\"url\":\"https:\\\/\\\/casadecampoliving.com\\\/es\\\/todo-casa-de-campo-celebra-los-40-anos-del-resort-casa-de-campo\\\/\",\"name\":\"TODO Casa de Campo celebra los 40 a\u00f1os de Casa | Casa de Campo Living\",\"isPartOf\":{\"@id\":\"https:\\\/\\\/casadecampoliving.com\\\/es\\\/#website\"},\"primaryImageOfPage\":{\"@id\":\"https:\\\/\\\/casadecampoliving.com\\\/es\\\/todo-casa-de-campo-celebra-los-40-anos-del-resort-casa-de-campo\\\/#primaryimage\"},\"image\":{\"@id\":\"https:\\\/\\\/casadecampoliving.com\\\/es\\\/todo-casa-de-campo-celebra-los-40-anos-del-resort-casa-de-campo\\\/#primaryimage\"},\"thumbnailUrl\":\"https:\\\/\\\/i0.wp.com\\\/casadecampoliving.com\\\/wp-content\\\/uploads\\\/2022\\\/10\\\/TODO_Casa_de_Campo-1.jpg?fit=503%2C536&ssl=1\",\"datePublished\":\"2014-07-09T04:00:00+00:00\",\"dateModified\":\"2022-11-10T14:38:02+00:00\",\"description\":\"Acaba de llegar la edici\u00f3n de verano de la revista TODO Casa de Campo, y en esta, nuestra d\u00e9cima edici\u00f3n de la gu\u00eda m\u00e1s completa del Casa de Campo,\",\"breadcrumb\":{\"@id\":\"https:\\\/\\\/casadecampoliving.com\\\/es\\\/todo-casa-de-campo-celebra-los-40-anos-del-resort-casa-de-campo\\\/#breadcrumb\"},\"inLanguage\":\"es\",\"potentialAction\":[{\"@type\":\"ReadAction\",\"target\":[\"https:\\\/\\\/casadecampoliving.com\\\/es\\\/todo-casa-de-campo-celebra-los-40-anos-del-resort-casa-de-campo\\\/\"]}]},{\"@type\":\"ImageObject\",\"inLanguage\":\"es\",\"@id\":\"https:\\\/\\\/casadecampoliving.com\\\/es\\\/todo-casa-de-campo-celebra-los-40-anos-del-resort-casa-de-campo\\\/#primaryimage\",\"url\":\"https:\\\/\\\/i0.wp.com\\\/casadecampoliving.com\\\/wp-content\\\/uploads\\\/2022\\\/10\\\/TODO_Casa_de_Campo-1.jpg?fit=503%2C536&ssl=1\",\"contentUrl\":\"https:\\\/\\\/i0.wp.com\\\/casadecampoliving.com\\\/wp-content\\\/uploads\\\/2022\\\/10\\\/TODO_Casa_de_Campo-1.jpg?fit=503%2C536&ssl=1\",\"width\":503,\"height\":536,\"caption\":\"TODO Casa de Campo\"},{\"@type\":\"BreadcrumbList\",\"@id\":\"https:\\\/\\\/casadecampoliving.com\\\/es\\\/todo-casa-de-campo-celebra-los-40-anos-del-resort-casa-de-campo\\\/#breadcrumb\",\"itemListElement\":[{\"@type\":\"ListItem\",\"position\":1,\"name\":\"Home\",\"item\":\"https:\\\/\\\/casadecampoliving.com\\\/es\\\/\"},{\"@type\":\"ListItem\",\"position\":2,\"name\":\"TODO Casa de Campo celebra los 40 a\u00f1os de Casa\"}]},{\"@type\":\"WebSite\",\"@id\":\"https:\\\/\\\/casadecampoliving.com\\\/es\\\/#website\",\"url\":\"https:\\\/\\\/casadecampoliving.com\\\/es\\\/\",\"name\":\"Casa de Campo Living\",\"description\":\"Resort community news and resources.\",\"publisher\":{\"@id\":\"https:\\\/\\\/casadecampoliving.com\\\/es\\\/#organization\"},\"potentialAction\":[{\"@type\":\"SearchAction\",\"target\":{\"@type\":\"EntryPoint\",\"urlTemplate\":\"https:\\\/\\\/casadecampoliving.com\\\/es\\\/?s={search_term_string}\"},\"query-input\":{\"@type\":\"PropertyValueSpecification\",\"valueRequired\":true,\"valueName\":\"search_term_string\"}}],\"inLanguage\":\"es\"},{\"@type\":\"Organization\",\"@id\":\"https:\\\/\\\/casadecampoliving.com\\\/es\\\/#organization\",\"name\":\"Casa de Campo Living\",\"url\":\"https:\\\/\\\/casadecampoliving.com\\\/es\\\/\",\"logo\":{\"@type\":\"ImageObject\",\"inLanguage\":\"es\",\"@id\":\"https:\\\/\\\/casadecampoliving.com\\\/es\\\/#\\\/schema\\\/logo\\\/image\\\/\",\"url\":\"https:\\\/\\\/i0.wp.com\\\/casadecampoliving.com\\\/wp-content\\\/uploads\\\/2022\\\/07\\\/CDCLivingLogo_V1-white-sized.png?fit=800%2C214&ssl=1\",\"contentUrl\":\"https:\\\/\\\/i0.wp.com\\\/casadecampoliving.com\\\/wp-content\\\/uploads\\\/2022\\\/07\\\/CDCLivingLogo_V1-white-sized.png?fit=800%2C214&ssl=1\",\"width\":800,\"height\":214,\"caption\":\"Casa de Campo Living\"},\"image\":{\"@id\":\"https:\\\/\\\/casadecampoliving.com\\\/es\\\/#\\\/schema\\\/logo\\\/image\\\/\"},\"sameAs\":[\"https:\\\/\\\/www.facebook.com\\\/casadecampoliving\",\"https:\\\/\\\/x.com\\\/cdcliving\"]},{\"@type\":\"Person\",\"@id\":\"https:\\\/\\\/casadecampoliving.com\\\/es\\\/#\\\/schema\\\/person\\\/c8efa6049510554b7d5fea078d728f72\",\"name\":\"Perkin Agramonte\",\"image\":{\"@type\":\"ImageObject\",\"inLanguage\":\"es\",\"@id\":\"https:\\\/\\\/secure.gravatar.com\\\/avatar\\\/57bfdafcae55fb83dbb79a1585a9eab7f269b7720fb0b64cb9a4e0cd2962fa10?s=96&d=mm&r=g\",\"url\":\"https:\\\/\\\/secure.gravatar.com\\\/avatar\\\/57bfdafcae55fb83dbb79a1585a9eab7f269b7720fb0b64cb9a4e0cd2962fa10?s=96&d=mm&r=g\",\"contentUrl\":\"https:\\\/\\\/secure.gravatar.com\\\/avatar\\\/57bfdafcae55fb83dbb79a1585a9eab7f269b7720fb0b64cb9a4e0cd2962fa10?s=96&d=mm&r=g\",\"caption\":\"Perkin Agramonte\"},\"url\":\"https:\\\/\\\/casadecampoliving.com\\\/es\\\/author\\\/cagramonte\\\/\"}]}<\/script>\n<!-- \/ Yoast SEO plugin. -->","yoast_head_json":{"title":"TODO Casa de Campo celebra los 40 a\u00f1os de Casa | Casa de Campo Living","description":"Acaba de llegar la edici\u00f3n de verano de la revista TODO Casa de Campo, y en esta, nuestra d\u00e9cima edici\u00f3n de la gu\u00eda m\u00e1s completa del Casa de Campo,","robots":{"index":"index","follow":"follow","max-snippet":"max-snippet:-1","max-image-preview":"max-image-preview:large","max-video-preview":"max-video-preview:-1"},"canonical":"https:\/\/casadecampoliving.com\/es\/todo-casa-de-campo-celebra-los-40-anos-del-resort-casa-de-campo\/","og_locale":"es_ES","og_type":"article","og_title":"TODO Casa de Campo celebra los 40 a\u00f1os de Casa | Casa de Campo Living","og_description":"Acaba de llegar la edici\u00f3n de verano de la revista TODO Casa de Campo, y en esta, nuestra d\u00e9cima edici\u00f3n de la gu\u00eda m\u00e1s completa del Casa de Campo,","og_url":"https:\/\/casadecampoliving.com\/es\/todo-casa-de-campo-celebra-los-40-anos-del-resort-casa-de-campo\/","og_site_name":"Casa de Campo Living","article_publisher":"https:\/\/www.facebook.com\/casadecampoliving","article_published_time":"2014-07-09T04:00:00+00:00","article_modified_time":"2022-11-10T14:38:02+00:00","og_image":[{"width":503,"height":536,"url":"https:\/\/i0.wp.com\/casadecampoliving.com\/wp-content\/uploads\/2022\/10\/TODO_Casa_de_Campo-1.jpg?fit=503%2C536&ssl=1","type":"image\/jpeg"}],"author":"Perkin Agramonte","twitter_card":"summary_large_image","twitter_creator":"@cdcliving","twitter_site":"@cdcliving","twitter_misc":{"Escrito por":"Perkin Agramonte","Tiempo de lectura":"2 minutos"},"schema":{"@context":"https:\/\/schema.org","@graph":[{"@type":"Article","@id":"https:\/\/casadecampoliving.com\/es\/todo-casa-de-campo-celebra-los-40-anos-del-resort-casa-de-campo\/#article","isPartOf":{"@id":"https:\/\/casadecampoliving.com\/es\/todo-casa-de-campo-celebra-los-40-anos-del-resort-casa-de-campo\/"},"author":{"name":"Perkin Agramonte","@id":"https:\/\/casadecampoliving.com\/es\/#\/schema\/person\/c8efa6049510554b7d5fea078d728f72"},"headline":"TODO Casa de Campo celebra los 40 a\u00f1os de Casa","datePublished":"2014-07-09T04:00:00+00:00","dateModified":"2022-11-10T14:38:02+00:00","mainEntityOfPage":{"@id":"https:\/\/casadecampoliving.com\/es\/todo-casa-de-campo-celebra-los-40-anos-del-resort-casa-de-campo\/"},"wordCount":412,"publisher":{"@id":"https:\/\/casadecampoliving.com\/es\/#organization"},"image":{"@id":"https:\/\/casadecampoliving.com\/es\/todo-casa-de-campo-celebra-los-40-anos-del-resort-casa-de-campo\/#primaryimage"},"thumbnailUrl":"https:\/\/i0.wp.com\/casadecampoliving.com\/wp-content\/uploads\/2022\/10\/TODO_Casa_de_Campo-1.jpg?fit=503%2C536&ssl=1","keywords":["Casa de Campo","casa de campo @es","Casa de Campo Community @es","Casa de Campo Living","casa de campo resort @es","SILGON @es","todo casa de campo @es"],"articleSection":["Casa de Campo Living @es","Casa de Campo Living magazine","CCL presenta","Rep\u00fablica Dominicana @es","Destacados","Titulares","Estilo de Vida","Noticias Locales","Resort Casa de Campo"],"inLanguage":"es"},{"@type":"WebPage","@id":"https:\/\/casadecampoliving.com\/es\/todo-casa-de-campo-celebra-los-40-anos-del-resort-casa-de-campo\/","url":"https:\/\/casadecampoliving.com\/es\/todo-casa-de-campo-celebra-los-40-anos-del-resort-casa-de-campo\/","name":"TODO Casa de Campo celebra los 40 a\u00f1os de Casa | Casa de Campo Living","isPartOf":{"@id":"https:\/\/casadecampoliving.com\/es\/#website"},"primaryImageOfPage":{"@id":"https:\/\/casadecampoliving.com\/es\/todo-casa-de-campo-celebra-los-40-anos-del-resort-casa-de-campo\/#primaryimage"},"image":{"@id":"https:\/\/casadecampoliving.com\/es\/todo-casa-de-campo-celebra-los-40-anos-del-resort-casa-de-campo\/#primaryimage"},"thumbnailUrl":"https:\/\/i0.wp.com\/casadecampoliving.com\/wp-content\/uploads\/2022\/10\/TODO_Casa_de_Campo-1.jpg?fit=503%2C536&ssl=1","datePublished":"2014-07-09T04:00:00+00:00","dateModified":"2022-11-10T14:38:02+00:00","description":"Acaba de llegar la edici\u00f3n de verano de la revista TODO Casa de Campo, y en esta, nuestra d\u00e9cima edici\u00f3n de la gu\u00eda m\u00e1s completa del Casa de Campo,","breadcrumb":{"@id":"https:\/\/casadecampoliving.com\/es\/todo-casa-de-campo-celebra-los-40-anos-del-resort-casa-de-campo\/#breadcrumb"},"inLanguage":"es","potentialAction":[{"@type":"ReadAction","target":["https:\/\/casadecampoliving.com\/es\/todo-casa-de-campo-celebra-los-40-anos-del-resort-casa-de-campo\/"]}]},{"@type":"ImageObject","inLanguage":"es","@id":"https:\/\/casadecampoliving.com\/es\/todo-casa-de-campo-celebra-los-40-anos-del-resort-casa-de-campo\/#primaryimage","url":"https:\/\/i0.wp.com\/casadecampoliving.com\/wp-content\/uploads\/2022\/10\/TODO_Casa_de_Campo-1.jpg?fit=503%2C536&ssl=1","contentUrl":"https:\/\/i0.wp.com\/casadecampoliving.com\/wp-content\/uploads\/2022\/10\/TODO_Casa_de_Campo-1.jpg?fit=503%2C536&ssl=1","width":503,"height":536,"caption":"TODO Casa de Campo"},{"@type":"BreadcrumbList","@id":"https:\/\/casadecampoliving.com\/es\/todo-casa-de-campo-celebra-los-40-anos-del-resort-casa-de-campo\/#breadcrumb","itemListElement":[{"@type":"ListItem","position":1,"name":"Home","item":"https:\/\/casadecampoliving.com\/es\/"},{"@type":"ListItem","position":2,"name":"TODO Casa de Campo celebra los 40 a\u00f1os de Casa"}]},{"@type":"WebSite","@id":"https:\/\/casadecampoliving.com\/es\/#website","url":"https:\/\/casadecampoliving.com\/es\/","name":"Casa de Campo Living","description":"Resort community news and resources.","publisher":{"@id":"https:\/\/casadecampoliving.com\/es\/#organization"},"potentialAction":[{"@type":"SearchAction","target":{"@type":"EntryPoint","urlTemplate":"https:\/\/casadecampoliving.com\/es\/?s={search_term_string}"},"query-input":{"@type":"PropertyValueSpecification","valueRequired":true,"valueName":"search_term_string"}}],"inLanguage":"es"},{"@type":"Organization","@id":"https:\/\/casadecampoliving.com\/es\/#organization","name":"Casa de Campo Living","url":"https:\/\/casadecampoliving.com\/es\/","logo":{"@type":"ImageObject","inLanguage":"es","@id":"https:\/\/casadecampoliving.com\/es\/#\/schema\/logo\/image\/","url":"https:\/\/i0.wp.com\/casadecampoliving.com\/wp-content\/uploads\/2022\/07\/CDCLivingLogo_V1-white-sized.png?fit=800%2C214&ssl=1","contentUrl":"https:\/\/i0.wp.com\/casadecampoliving.com\/wp-content\/uploads\/2022\/07\/CDCLivingLogo_V1-white-sized.png?fit=800%2C214&ssl=1","width":800,"height":214,"caption":"Casa de Campo Living"},"image":{"@id":"https:\/\/casadecampoliving.com\/es\/#\/schema\/logo\/image\/"},"sameAs":["https:\/\/www.facebook.com\/casadecampoliving","https:\/\/x.com\/cdcliving"]},{"@type":"Person","@id":"https:\/\/casadecampoliving.com\/es\/#\/schema\/person\/c8efa6049510554b7d5fea078d728f72","name":"Perkin Agramonte","image":{"@type":"ImageObject","inLanguage":"es","@id":"https:\/\/secure.gravatar.com\/avatar\/57bfdafcae55fb83dbb79a1585a9eab7f269b7720fb0b64cb9a4e0cd2962fa10?s=96&d=mm&r=g","url":"https:\/\/secure.gravatar.com\/avatar\/57bfdafcae55fb83dbb79a1585a9eab7f269b7720fb0b64cb9a4e0cd2962fa10?s=96&d=mm&r=g","contentUrl":"https:\/\/secure.gravatar.com\/avatar\/57bfdafcae55fb83dbb79a1585a9eab7f269b7720fb0b64cb9a4e0cd2962fa10?s=96&d=mm&r=g","caption":"Perkin Agramonte"},"url":"https:\/\/casadecampoliving.com\/es\/author\/cagramonte\/"}]}},"parsely":{"version":"1.1.0","canonical_url":"https:\/\/casadecampoliving.com\/es\/todo-casa-de-campo-celebra-los-40-anos-del-resort-casa-de-campo\/","smart_links":{"inbound":0,"outbound":0},"traffic_boost_suggestions_count":0,"meta":{"@context":"https:\/\/schema.org","@type":"NewsArticle","headline":"TODO Casa de Campo celebra los 40 a\u00f1os de Casa","url":"http:\/\/casadecampoliving.com\/es\/todo-casa-de-campo-celebra-los-40-anos-del-resort-casa-de-campo\/","mainEntityOfPage":{"@type":"WebPage","@id":"http:\/\/casadecampoliving.com\/es\/todo-casa-de-campo-celebra-los-40-anos-del-resort-casa-de-campo\/"},"thumbnailUrl":"https:\/\/i0.wp.com\/casadecampoliving.com\/wp-content\/uploads\/2022\/10\/TODO_Casa_de_Campo-1.jpg?resize=150%2C150&ssl=1","image":{"@type":"ImageObject","url":"https:\/\/i0.wp.com\/casadecampoliving.com\/wp-content\/uploads\/2022\/10\/TODO_Casa_de_Campo-1.jpg?fit=503%2C536&ssl=1"},"articleSection":"Casa de Campo Living magazine","author":[{"@type":"Person","name":"Perkin Agramonte"}],"creator":["Perkin Agramonte"],"publisher":{"@type":"Organization","name":"Casa de Campo Living","logo":"https:\/\/casadecampoliving.com\/wp-content\/uploads\/2022\/07\/CDCLivingLogo_V1-white-sized.png"},"keywords":["casa de campo","casa de campo @es","casa de campo community @es","casa de campo living","casa de campo resort @es","silgon @es","todo casa de campo @es"],"dateCreated":"2014-07-09T04:00:00Z","datePublished":"2014-07-09T04:00:00Z","dateModified":"2022-11-10T14:38:02Z"},"rendered":"<script type=\"application\/ld+json\" class=\"wp-parsely-metadata\">{\"@context\":\"https:\\\/\\\/schema.org\",\"@type\":\"NewsArticle\",\"headline\":\"TODO Casa de Campo celebra los 40 a\\u00f1os de Casa\",\"url\":\"http:\\\/\\\/casadecampoliving.com\\\/es\\\/todo-casa-de-campo-celebra-los-40-anos-del-resort-casa-de-campo\\\/\",\"mainEntityOfPage\":{\"@type\":\"WebPage\",\"@id\":\"http:\\\/\\\/casadecampoliving.com\\\/es\\\/todo-casa-de-campo-celebra-los-40-anos-del-resort-casa-de-campo\\\/\"},\"thumbnailUrl\":\"https:\\\/\\\/i0.wp.com\\\/casadecampoliving.com\\\/wp-content\\\/uploads\\\/2022\\\/10\\\/TODO_Casa_de_Campo-1.jpg?resize=150%2C150&ssl=1\",\"image\":{\"@type\":\"ImageObject\",\"url\":\"https:\\\/\\\/i0.wp.com\\\/casadecampoliving.com\\\/wp-content\\\/uploads\\\/2022\\\/10\\\/TODO_Casa_de_Campo-1.jpg?fit=503%2C536&ssl=1\"},\"articleSection\":\"Casa de Campo Living magazine\",\"author\":[{\"@type\":\"Person\",\"name\":\"Perkin Agramonte\"}],\"creator\":[\"Perkin Agramonte\"],\"publisher\":{\"@type\":\"Organization\",\"name\":\"Casa de Campo Living\",\"logo\":\"https:\\\/\\\/casadecampoliving.com\\\/wp-content\\\/uploads\\\/2022\\\/07\\\/CDCLivingLogo_V1-white-sized.png\"},\"keywords\":[\"casa de campo\",\"casa de campo @es\",\"casa de campo community @es\",\"casa de campo living\",\"casa de campo resort @es\",\"silgon @es\",\"todo casa de campo @es\"],\"dateCreated\":\"2014-07-09T04:00:00Z\",\"datePublished\":\"2014-07-09T04:00:00Z\",\"dateModified\":\"2022-11-10T14:38:02Z\"}<\/script>","tracker_url":"https:\/\/cdn.parsely.com\/keys\/casadecampoliving.com\/p.js"},"jetpack_publicize_connections":[],"jetpack_featured_media_url":"https:\/\/i0.wp.com\/casadecampoliving.com\/wp-content\/uploads\/2022\/10\/TODO_Casa_de_Campo-1.jpg?fit=503%2C536&ssl=1","jetpack-related-posts":[{"id":433460,"url":"https:\/\/casadecampoliving.com\/es\/no-se-pierdan-el-increible-tributo-a-frank-sinatra-para-celebrar-el-40-aniversario-del-anfiteatro-altos-de-chavon\/","url_meta":{"origin":344795,"position":0},"title":"No se pierdan el incre\u00edble tributo a Frank Sinatra para celebrar el 40 aniversario del\u00a0Anfiteatro Altos de Chav\u00f3n","author":"Casa de Campo Living","date":"20 Oct, 2022","format":false,"excerpt":"Siendo uno de los escenarios m\u00e1s emblem\u00e1ticos del pa\u00eds, Casa de Campo Resort\u00ae & Villas celebra las cuatro d\u00e9cadas de aniversario de Altos de Chav\u00f3n con un tributo al gran Frank Sinatra, protagonizado por artistas invitados y una big band tal cual la que acompa\u00f1\u00f3 al artista hace 40 a\u00f1os\u2026","rel":"","context":"En \u00abUncategorized @es\u00bb","block_context":{"text":"Uncategorized @es","link":"https:\/\/casadecampoliving.com\/es\/category\/uncategorized-es\/"},"img":{"alt_text":"","src":"https:\/\/i0.wp.com\/casadecampoliving.com\/wp-content\/uploads\/2022\/10\/Tributo-Frank-Sinatra-Foto-Principal-Amaury-Sanchez-Danilo-Ginebra-Andres-Pichardo-y-Jose-Gabriel-Perez-.jpg?fit=1200%2C873&ssl=1&resize=350%2C200","width":350,"height":200,"srcset":"https:\/\/i0.wp.com\/casadecampoliving.com\/wp-content\/uploads\/2022\/10\/Tributo-Frank-Sinatra-Foto-Principal-Amaury-Sanchez-Danilo-Ginebra-Andres-Pichardo-y-Jose-Gabriel-Perez-.jpg?fit=1200%2C873&ssl=1&resize=350%2C200 1x, https:\/\/i0.wp.com\/casadecampoliving.com\/wp-content\/uploads\/2022\/10\/Tributo-Frank-Sinatra-Foto-Principal-Amaury-Sanchez-Danilo-Ginebra-Andres-Pichardo-y-Jose-Gabriel-Perez-.jpg?fit=1200%2C873&ssl=1&resize=525%2C300 1.5x, https:\/\/i0.wp.com\/casadecampoliving.com\/wp-content\/uploads\/2022\/10\/Tributo-Frank-Sinatra-Foto-Principal-Amaury-Sanchez-Danilo-Ginebra-Andres-Pichardo-y-Jose-Gabriel-Perez-.jpg?fit=1200%2C873&ssl=1&resize=700%2C400 2x, https:\/\/i0.wp.com\/casadecampoliving.com\/wp-content\/uploads\/2022\/10\/Tributo-Frank-Sinatra-Foto-Principal-Amaury-Sanchez-Danilo-Ginebra-Andres-Pichardo-y-Jose-Gabriel-Perez-.jpg?fit=1200%2C873&ssl=1&resize=1050%2C600 3x"},"classes":[]},{"id":519450,"url":"https:\/\/casadecampoliving.com\/es\/casa-de-campo-living-celebra-su-edicion-de-verano\/","url_meta":{"origin":344795,"position":1},"title":"Casa de Campo Living celebra su edici\u00f3n de verano","author":"Casa de Campo Living","date":"26 Jun, 2023","format":false,"excerpt":"Casa de Campo Living, en colaboraci\u00f3n con Casa de Campo Resort & Villas, celebr\u00f3 el esperado lanzamiento de su edici\u00f3n de verano con una espectacular fiesta de c\u00f3ctel. El evento tuvo lugar el viernes 23 de junio en la magn\u00edfica piscina principal de Casa de Campo, creando una noche inolvidable\u2026","rel":"","context":"En \u00abCCL presenta\u00bb","block_context":{"text":"CCL presenta","link":"https:\/\/casadecampoliving.com\/es\/category\/casa-de-campo-living-es\/ccl-presenta\/"},"img":{"alt_text":"","src":"https:\/\/i0.wp.com\/casadecampoliving.com\/wp-content\/uploads\/2023\/06\/CCL-Cover-party-35.jpg?fit=1049%2C700&ssl=1&resize=350%2C200","width":350,"height":200,"srcset":"https:\/\/i0.wp.com\/casadecampoliving.com\/wp-content\/uploads\/2023\/06\/CCL-Cover-party-35.jpg?fit=1049%2C700&ssl=1&resize=350%2C200 1x, https:\/\/i0.wp.com\/casadecampoliving.com\/wp-content\/uploads\/2023\/06\/CCL-Cover-party-35.jpg?fit=1049%2C700&ssl=1&resize=525%2C300 1.5x, https:\/\/i0.wp.com\/casadecampoliving.com\/wp-content\/uploads\/2023\/06\/CCL-Cover-party-35.jpg?fit=1049%2C700&ssl=1&resize=700%2C400 2x"},"classes":[]},{"id":345388,"url":"https:\/\/casadecampoliving.com\/es\/la-revista-casalife-acaba-de-hacer-su-entrada-triunfal\/","url_meta":{"origin":344795,"position":2},"title":"\u00a1La revista CasaLife acaba de hacer su entrada triunfal!","author":"Daniela Medina","date":"18 Sep, 2014","format":false,"excerpt":"\u00a1La m\u00e1s reciente edici\u00f3n de la revista CasaLife acaba de hacer su entrada triunfal! El oto\u00f1o ha llegado, esta es la \u00e9poca del a\u00f1o donde el clima se torna un poco m\u00e1s agradable, \u00a0anunciando que la temporada alta de nuestro querido resort se encuentra al doblar de la esquina, lo\u2026","rel":"","context":"En \u00abCasa de Campo Living @es\u00bb","block_context":{"text":"Casa de Campo Living @es","link":"https:\/\/casadecampoliving.com\/category\/casa-de-campo-living-es\/"},"img":{"alt_text":"","src":"https:\/\/i0.wp.com\/casadecampoliving.com\/wp-content\/uploads\/2022\/10\/CasaLife-header.jpg?fit=650%2C397&ssl=1&resize=350%2C200","width":350,"height":200,"srcset":"https:\/\/i0.wp.com\/casadecampoliving.com\/wp-content\/uploads\/2022\/10\/CasaLife-header.jpg?fit=650%2C397&ssl=1&resize=350%2C200 1x, https:\/\/i0.wp.com\/casadecampoliving.com\/wp-content\/uploads\/2022\/10\/CasaLife-header.jpg?fit=650%2C397&ssl=1&resize=525%2C300 1.5x"},"classes":[]},{"id":345338,"url":"https:\/\/casadecampoliving.com\/es\/todo-casa-de-campo-celebra-la-dominicanidad\/","url_meta":{"origin":344795,"position":3},"title":"TODO Casa de Campo celebra la \u00abDominicanidad\u00bb","author":"Daniela Medina","date":"14 Sep, 2014","format":false,"excerpt":"La edici\u00f3n de oto\u00f1o de la revista TODO Casa de Campo acaba de llegar, y en este, nuestro 11\u00aa edici\u00f3n de nuestra gu\u00eda esencial de TODO lo que hay para hacer en Casa de Campo, celebramos con orgullo la \"Dominicanidad\" de nuestra comunidad en Casa de Campo. Este oto\u00f1o, el\u2026","rel":"","context":"En \u00abCasa de Campo Living @es\u00bb","block_context":{"text":"Casa de Campo Living @es","link":"https:\/\/casadecampoliving.com\/category\/casa-de-campo-living-es\/"},"img":{"alt_text":"","src":"https:\/\/i0.wp.com\/casadecampoliving.com\/wp-content\/uploads\/2022\/10\/TODO-cover-11-9-2014-1.jpg?fit=650%2C397&ssl=1&resize=350%2C200","width":350,"height":200,"srcset":"https:\/\/i0.wp.com\/casadecampoliving.com\/wp-content\/uploads\/2022\/10\/TODO-cover-11-9-2014-1.jpg?fit=650%2C397&ssl=1&resize=350%2C200 1x, https:\/\/i0.wp.com\/casadecampoliving.com\/wp-content\/uploads\/2022\/10\/TODO-cover-11-9-2014-1.jpg?fit=650%2C397&ssl=1&resize=525%2C300 1.5x"},"classes":[]},{"id":540699,"url":"https:\/\/casadecampoliving.com\/es\/edicion-primavera-2025-de-casa-de-campo-living-magazine\/","url_meta":{"origin":344795,"position":4},"title":"Presentamos la Edici\u00f3n Primavera 2025 de Casa de Campo Living Magazine","author":"Casa de Campo Living","date":"15 Abr, 2025","format":false,"excerpt":"Casa de Campo Living se enorgullece en presentar su edici\u00f3n Primavera 2025. Esta nueva entrega rinde homenaje al legado del resort mientras destaca la energ\u00eda, creatividad e innovaci\u00f3n que est\u00e1n dando forma a su pr\u00f3ximo cap\u00edtulo. Un Legado en Movimiento En su carta editorial, Philip Silvestri reflexiona sobre la notable\u2026","rel":"","context":"En \u00abCasa de Campo Resort &amp; Villas\u00bb","block_context":{"text":"Casa de Campo Resort &amp; Villas","link":"https:\/\/casadecampoliving.com\/es\/category\/casa-de-campo-resort-villas\/"},"img":{"alt_text":"","src":"https:\/\/i0.wp.com\/casadecampoliving.com\/wp-content\/uploads\/2025\/04\/CDCLiving_V12025.png?fit=1200%2C800&ssl=1&resize=350%2C200","width":350,"height":200,"srcset":"https:\/\/i0.wp.com\/casadecampoliving.com\/wp-content\/uploads\/2025\/04\/CDCLiving_V12025.png?fit=1200%2C800&ssl=1&resize=350%2C200 1x, https:\/\/i0.wp.com\/casadecampoliving.com\/wp-content\/uploads\/2025\/04\/CDCLiving_V12025.png?fit=1200%2C800&ssl=1&resize=525%2C300 1.5x, https:\/\/i0.wp.com\/casadecampoliving.com\/wp-content\/uploads\/2025\/04\/CDCLiving_V12025.png?fit=1200%2C800&ssl=1&resize=700%2C400 2x, https:\/\/i0.wp.com\/casadecampoliving.com\/wp-content\/uploads\/2025\/04\/CDCLiving_V12025.png?fit=1200%2C800&ssl=1&resize=1050%2C600 3x"},"classes":[]},{"id":347808,"url":"https:\/\/casadecampoliving.com\/es\/reabre-el-teeth-of-the-dog\/","url_meta":{"origin":344795,"position":5},"title":"\u00a1Reabre el Teeth of the Dog!","author":"Perkin Agramonte","date":"18 Jul, 2015","format":false,"excerpt":"El campo de golf m\u00e1s famoso de Casa de Campo, el impresionante y desafiante Teeth of the Dog ha finalizado su jornada de mantenimiento de un mes y est\u00e1 listo para alojar los entusiastas del golf de alrededor del mundo. Cada a\u00f1o, los campo de golf de Casa de Campo\u2026","rel":"","context":"En \u00abCasa de Campo Living @es\u00bb","block_context":{"text":"Casa de Campo Living @es","link":"https:\/\/casadecampoliving.com\/category\/casa-de-campo-living-es\/"},"img":{"alt_text":"","src":"https:\/\/i0.wp.com\/casadecampoliving.com\/wp-content\/uploads\/2022\/10\/Teeth-of-the-Dog-3.jpg?fit=800%2C384&ssl=1&resize=350%2C200","width":350,"height":200,"srcset":"https:\/\/i0.wp.com\/casadecampoliving.com\/wp-content\/uploads\/2022\/10\/Teeth-of-the-Dog-3.jpg?fit=800%2C384&ssl=1&resize=350%2C200 1x, https:\/\/i0.wp.com\/casadecampoliving.com\/wp-content\/uploads\/2022\/10\/Teeth-of-the-Dog-3.jpg?fit=800%2C384&ssl=1&resize=525%2C300 1.5x, https:\/\/i0.wp.com\/casadecampoliving.com\/wp-content\/uploads\/2022\/10\/Teeth-of-the-Dog-3.jpg?fit=800%2C384&ssl=1&resize=700%2C400 2x"},"classes":[]}],"jetpack_sharing_enabled":true,"_links":{"self":[{"href":"https:\/\/casadecampoliving.com\/es\/wp-json\/wp\/v2\/posts\/344795","targetHints":{"allow":["GET"]}}],"collection":[{"href":"https:\/\/casadecampoliving.com\/es\/wp-json\/wp\/v2\/posts"}],"about":[{"href":"https:\/\/casadecampoliving.com\/es\/wp-json\/wp\/v2\/types\/post"}],"author":[{"embeddable":true,"href":"https:\/\/casadecampoliving.com\/es\/wp-json\/wp\/v2\/users\/1097"}],"replies":[{"embeddable":true,"href":"https:\/\/casadecampoliving.com\/es\/wp-json\/wp\/v2\/comments?post=344795"}],"version-history":[{"count":2,"href":"https:\/\/casadecampoliving.com\/es\/wp-json\/wp\/v2\/posts\/344795\/revisions"}],"predecessor-version":[{"id":508301,"href":"https:\/\/casadecampoliving.com\/es\/wp-json\/wp\/v2\/posts\/344795\/revisions\/508301"}],"wp:featuredmedia":[{"embeddable":true,"href":"https:\/\/casadecampoliving.com\/es\/wp-json\/wp\/v2\/media\/263178"}],"wp:attachment":[{"href":"https:\/\/casadecampoliving.com\/es\/wp-json\/wp\/v2\/media?parent=344795"}],"wp:term":[{"taxonomy":"category","embeddable":true,"href":"https:\/\/casadecampoliving.com\/es\/wp-json\/wp\/v2\/categories?post=344795"},{"taxonomy":"post_tag","embeddable":true,"href":"https:\/\/casadecampoliving.com\/es\/wp-json\/wp\/v2\/tags?post=344795"},{"taxonomy":"newspack_spnsrs_tax","embeddable":true,"href":"https:\/\/casadecampoliving.com\/es\/wp-json\/wp\/v2\/newspack_spnsrs_tax?post=344795"}],"curies":[{"name":"wp","href":"https:\/\/api.w.org\/{rel}","templated":true}]}}