{"id":344787,"date":"2014-07-08T00:00:00","date_gmt":"2014-07-08T04:00:00","guid":{"rendered":"https:\/\/casadecampoliving.com\/la-romana-recibe-primer-vuelo-insel-air-de-curazao\/"},"modified":"2022-11-10T10:38:05","modified_gmt":"2022-11-10T14:38:05","slug":"la-romana-recibe-primer-vuelo-insel-air-de-curazao","status":"publish","type":"post","link":"https:\/\/casadecampoliving.com\/es\/la-romana-recibe-primer-vuelo-insel-air-de-curazao\/","title":{"rendered":"La Romana recibe primer vuelo InselAir desde Cura\u00e7ao"},"content":{"rendered":"<img data-recalc-dims=\"1\" loading=\"lazy\" decoding=\"async\" class=\"aligncenter size-full wp-image-93237\" src=\"https:\/\/i0.wp.com\/casadecampoliving.com\/wp-content\/uploads\/2022\/10\/Insel_Air_La_Romana_Curacao.jpg?resize=650%2C433&#038;ssl=1\" alt=\"Insel Air La Romana Curacao\" width=\"650\" height=\"433\" \/>En el d\u00eda ayer, lunes 7 julio, el Aeropuerto Internacional Casa de Campo &#8211; La Romana dio una cordial bienvenida al primer vuelo de la aerol\u00ednea InselAir desde Cura\u00e7ao.\n<!--more-->\n\nEste nuevo vuelo fue recibido, no solo con el tradicional saludo de agua <em>(water salute), <\/em>sino tambi\u00e9n con el colorido estilo dominicano, donde se present\u00f3 un agrupaci\u00f3n de Perico Ripiao y bailarines vestidos con trajes folkl\u00f3ricos dominicanos.\n<p style=\"text-align: center;\"><strong>Un colorido recibimiento en el Aeropuerto\u00a0Casa de Campo La Romana<\/strong>\n<img data-recalc-dims=\"1\" loading=\"lazy\" decoding=\"async\" class=\"aligncenter size-full wp-image-93238\" src=\"https:\/\/i0.wp.com\/casadecampoliving.com\/wp-content\/uploads\/2022\/10\/Casa_de_Campo-La_Romana_airport.jpg?resize=650%2C433&#038;ssl=1\" alt=\"Casa de Campo La Romana airport\" width=\"650\" height=\"433\" \/><\/p>\nEn el momento en que el vuelo de la aerol\u00ednea InselAir aterriz\u00f3 por primera vez en el Aeropuerto Internacional Casa de Campo-La Romana fue recibido por una calurosa ronda de aplausos encabezados por el representante de InselAir en la Rep\u00fablica Dominicana Gustavo de Hostos, quien estuvo acompa\u00f1ado de la prensa y por personalidades importantes del Hotel Casa de Campo; Peter Bonell, gerente de marketing y Daniel Hern\u00e1ndez, Gerente General del hotel; as\u00ed como Ana Garc\u00eda, Directora Ejecutiva del Cluster Tur\u00edstico La Romana-Bayahibe.\n<p style=\"text-align: center;\"><strong>Peter Bonell,\u00a0Andr\u00e9s\u00a0Fern\u00e1ndez, Gustavo de Hostos, Daniel Hern\u00e1ndez<\/strong>\n<img data-recalc-dims=\"1\" loading=\"lazy\" decoding=\"async\" class=\"aligncenter size-full wp-image-93232\" src=\"https:\/\/i0.wp.com\/casadecampoliving.com\/wp-content\/uploads\/2022\/10\/peter_bonell_Andres_Fernandez-Gustavos_de_Hostos-Daniel_Hernandez.jpg?resize=650%2C410&#038;ssl=1\" alt=\"Peter Bonel, Andres Fernandez, Gustavos de Hostos, Daniel Hernandez\" width=\"650\" height=\"410\" \/><\/p>\n<strong>\u00abEstamos muy, muy felices de este nuevo vuelo en nuestro aeropuerto y confiamos en que este\u00a0ser\u00e1\u00a0el comienzo de una larga y exitosa relaci\u00f3n, no solamente entre\u00a0InselAir y el aeropuerto de La Romana, sino entre dos ciudades y dos pa\u00edses\u00bb,<\/strong> coment\u00f3 Andr\u00e9s Fern\u00e1ndez, Director Comercial de Aeropuerto &amp; Puerto por el Central Romana, evidentemente, tambi\u00e9n nos complace dar la bienvenida a otro servicio a\u00e9reo al Aeropuerto Casa de Campo &#8211; La Romana.\n\n<img data-recalc-dims=\"1\" loading=\"lazy\" decoding=\"async\" class=\"alignright size-full wp-image-93241\" src=\"https:\/\/i0.wp.com\/casadecampoliving.com\/wp-content\/uploads\/2022\/10\/Gustavo_De_Hostos_Andres_Fernandez_Jurgen_Lippinkhof_Insel_Air.jpg?resize=350%2C418&#038;ssl=1\" alt=\"Gustavo De Hostos, Andres Fernandez, Jurgen Lippinkhof, Insel Air\" width=\"350\" height=\"418\" \/>Entre los pasajeros se encontraban numerosos miembros de la prensa de Cura\u00e7ao, as\u00ed como; Albert Kluyvera, Presidente Ejecutivo de InselAir; el Sr. Edward Heerenveen, vicepresidente de asuntos comerciales, Jurgen Lippinkhof, jefe oficial comercial; Earl W. Balborda, ministro de tr\u00e1fico, transporte y planificaci\u00f3n urbano en Cura\u00e7ao, y el Teniente Coronel (Re) Oscar L. Derby, director general de la junta de aviaci\u00f3n.\n\nAl desmontarse del avi\u00f3n, el grupo de representantes de InselAir y Cura\u00e7ao se unieron a Andr\u00e9s Fern\u00e1ndez y Gustavo De Hostos cada vez con m\u00e1s entusiasmo, para la ceremonia del corte de la cinta, que no s\u00f3lo termin\u00f3 en una ronda de aplausos, sino tambi\u00e9n con una alegr\u00eda conmovedora!\n\nYa en el interior, en la terminal del Aeropuerto Casa de Campo &#8211; La Romana, que por cierto fue construida asemejando un ingenio azucarero, Gustavo De Hostos, actu\u00f3 como Maestro de Ceremonia, moderando los breves discursos de Andr\u00e9s Fern\u00e1ndez, Jurgen Lippinkhof y Earl W. Balborda.\n<span style=\"color: #545454;\">\u00a0<img data-recalc-dims=\"1\" loading=\"lazy\" decoding=\"async\" class=\"aligncenter size-full wp-image-93239\" src=\"https:\/\/i0.wp.com\/casadecampoliving.com\/wp-content\/uploads\/2022\/10\/Insel_Air_La_Romana_Curacao1.jpg?resize=650%2C370&#038;ssl=1\" alt=\"Insel Air, La Romana Curacao\" width=\"650\" height=\"370\" \/><\/span>\n\n<strong>\u00bb \u00bfPor qu\u00e9 La Romana? Con la nueva autopista, Punta Cana est\u00e1 a s\u00f3lo 45 minutos en\u00a0autom\u00f3vil\u00a0al igual que Santo Domingo . Existe un gran potencial aqu\u00ed, hay 4,000\u00a0habitaciones de hotel en La Romana, y si esto no es suficiente hay otras 10,000 en la zona Punta Cana &#8211; Bavaro\u00bb<\/strong>, coment\u00f3 Jurgen Lippinkhof.\n\nPor su parte, expres\u00f3 su satisfacci\u00f3n por ver a Cura\u00e7ao convertirse en un vecino m\u00e1s de los pa\u00edses del Caribe, no s\u00f3lo porque har\u00e1 podr\u00e1 organizar m\u00e1s f\u00e1cil su futuro viaje de vacaciones a La Romana &#8211; Casa de Campo, sino tambi\u00e9n que esto beneficiar\u00e1 a ambas naciones econ\u00f3micamente.<strong>\u00abCreemos que es muy importante que\u00a0Curazao\u00a0sea mejor vecino con las naciones del Caribe. En el pasado era m\u00e1s f\u00e1cil ir a Holanda que venir aqu\u00ed a La Romana.\u00a0La Romana es un excelente destino, y este nuevo vuelo a\u00f1ade un gran valor a ambos Curacao y La Romana,\u00bb<\/strong> dijo.\n\n<img data-recalc-dims=\"1\" loading=\"lazy\" decoding=\"async\" class=\"alignright size-full wp-image-93240\" src=\"https:\/\/i0.wp.com\/casadecampoliving.com\/wp-content\/uploads\/2022\/10\/andres_fernandez_Jurgen_Lippinkhof.jpg?resize=350%2C386&#038;ssl=1\" alt=\"Andres Fernandez Jurgen Lippinkhof\" width=\"350\" height=\"386\" \/>Para finalizar la ceremonia, Andr\u00e9s Fern\u00e1ndez se present\u00f3 con una botella de licor de Blue Cura\u00e7ao, con sabor a la c\u00e1scara seca de la laraha citrus, crecido en la isla de Cura\u00e7ao.\n\nAdem\u00e1s de Cura\u00e7ao ahora s\u00f3lo con un corto viaje de 80-minutos de vuelo, InselAir tambi\u00e9n ofrece conexiones a Bonaire y Aruba Cura\u00e7ao, en el sentido de que no s\u00f3lo podemos esperar para recibir a m\u00e1s visitantes que nunca en estas islas del Caribe, pero para aquellos como nosotros buscando alg\u00fan lugar nuevo e interesante para visitar, ahora tenemos m\u00e1s opciones&#8230; as\u00ed que, \u00bfqu\u00e9 es para ti este verano? Cura\u00e7ao, Bonaire y Aruba? Vuelos de ida y vuelta de m\u00e1s de US$200 &#8211; \u00bfQu\u00e9 est\u00e1s esperando!?\n<h3>Tarifa de vuelo Introductorio!<\/h3>\nCon el objetivo de motivarnos a volar hacia Cura\u00e7ao, desde ahora hasta finales de Septiembre, Insel Air dispone de una fant\u00e1stica tarifa introductoria de s\u00f3lo US$233 \u00a0entre Casa de Campo &#8211; La Romana a Cura\u00e7ao. Mientras tanto los vuelos desde Bonaire est\u00e1n a US$268 y US$296 Aruba.\n\n<span style=\"color: #000000;\">Haga sus reservaciones en:\u00a0\u00a0<a href=\"https:\/\/www.fly-inselair.com\/\" target=\"_blank\" rel=\"noopener\"><span style=\"color: #000000;\">www.fly-inselair.com<\/span><\/a><\/span>\n\nLas siguientes fotos fueron tomadas durante la celebraci\u00f3n del vuelo inaugural entre Curazao y La Romana con InselAir: <span style=\"color: #0c2141;\">\u00a0<span style=\"font-weight: 600; color: #444444;\">\n<figure class=\"wp-block-gallery has-nested-images columns-default is-cropped wp-block-gallery-1 is-layout-flex wp-block-gallery-is-layout-flex\">\n<figure class=\"wp-block-image size-large\"><img data-recalc-dims=\"1\" loading=\"lazy\" decoding=\"async\" width=\"800\" height=\"533\" data-id=\"478809\" src=\"https:\/\/i0.wp.com\/casadecampoliving.com\/wp-content\/uploads\/2022\/10\/img_9311-1.jpg?resize=800%2C533&#038;ssl=1\" alt=\"\" class=\"wp-image-478809\" srcset=\"https:\/\/i0.wp.com\/casadecampoliving.com\/wp-content\/uploads\/2022\/10\/img_9311-1.jpg?w=800&amp;ssl=1 800w, https:\/\/i0.wp.com\/casadecampoliving.com\/wp-content\/uploads\/2022\/10\/img_9311-1.jpg?resize=300%2C200&amp;ssl=1 300w, https:\/\/i0.wp.com\/casadecampoliving.com\/wp-content\/uploads\/2022\/10\/img_9311-1.jpg?resize=768%2C512&amp;ssl=1 768w, https:\/\/i0.wp.com\/casadecampoliving.com\/wp-content\/uploads\/2022\/10\/img_9311-1.jpg?resize=400%2C267&amp;ssl=1 400w, https:\/\/i0.wp.com\/casadecampoliving.com\/wp-content\/uploads\/2022\/10\/img_9311-1.jpg?resize=706%2C470&amp;ssl=1 706w, https:\/\/i0.wp.com\/casadecampoliving.com\/wp-content\/uploads\/2022\/10\/img_9311-1.jpg?resize=150%2C100&amp;ssl=1 150w, https:\/\/i0.wp.com\/casadecampoliving.com\/wp-content\/uploads\/2022\/10\/img_9311-1.jpg?w=370&amp;ssl=1 370w\" sizes=\"auto, (max-width: 800px) 100vw, 800px\" \/><\/figure>\n\n\n\n<figure class=\"wp-block-image size-large\"><img data-recalc-dims=\"1\" loading=\"lazy\" decoding=\"async\" width=\"800\" height=\"533\" data-id=\"478827\" src=\"https:\/\/i0.wp.com\/casadecampoliving.com\/wp-content\/uploads\/2022\/10\/img_9312-3.jpg?resize=800%2C533&#038;ssl=1\" alt=\"\" class=\"wp-image-478827\" srcset=\"https:\/\/i0.wp.com\/casadecampoliving.com\/wp-content\/uploads\/2022\/10\/img_9312-3.jpg?w=800&amp;ssl=1 800w, https:\/\/i0.wp.com\/casadecampoliving.com\/wp-content\/uploads\/2022\/10\/img_9312-3.jpg?resize=300%2C200&amp;ssl=1 300w, https:\/\/i0.wp.com\/casadecampoliving.com\/wp-content\/uploads\/2022\/10\/img_9312-3.jpg?resize=768%2C512&amp;ssl=1 768w, https:\/\/i0.wp.com\/casadecampoliving.com\/wp-content\/uploads\/2022\/10\/img_9312-3.jpg?resize=400%2C267&amp;ssl=1 400w, https:\/\/i0.wp.com\/casadecampoliving.com\/wp-content\/uploads\/2022\/10\/img_9312-3.jpg?resize=706%2C470&amp;ssl=1 706w, https:\/\/i0.wp.com\/casadecampoliving.com\/wp-content\/uploads\/2022\/10\/img_9312-3.jpg?resize=150%2C100&amp;ssl=1 150w, https:\/\/i0.wp.com\/casadecampoliving.com\/wp-content\/uploads\/2022\/10\/img_9312-3.jpg?w=370&amp;ssl=1 370w\" sizes=\"auto, (max-width: 800px) 100vw, 800px\" \/><\/figure>\n\n\n\n<figure class=\"wp-block-image size-large\"><img data-recalc-dims=\"1\" loading=\"lazy\" decoding=\"async\" width=\"800\" height=\"533\" data-id=\"478844\" src=\"https:\/\/i0.wp.com\/casadecampoliving.com\/wp-content\/uploads\/2022\/10\/img_9314-1.jpg?resize=800%2C533&#038;ssl=1\" alt=\"\" class=\"wp-image-478844\" srcset=\"https:\/\/i0.wp.com\/casadecampoliving.com\/wp-content\/uploads\/2022\/10\/img_9314-1.jpg?w=800&amp;ssl=1 800w, https:\/\/i0.wp.com\/casadecampoliving.com\/wp-content\/uploads\/2022\/10\/img_9314-1.jpg?resize=300%2C200&amp;ssl=1 300w, https:\/\/i0.wp.com\/casadecampoliving.com\/wp-content\/uploads\/2022\/10\/img_9314-1.jpg?resize=768%2C512&amp;ssl=1 768w, https:\/\/i0.wp.com\/casadecampoliving.com\/wp-content\/uploads\/2022\/10\/img_9314-1.jpg?resize=400%2C267&amp;ssl=1 400w, https:\/\/i0.wp.com\/casadecampoliving.com\/wp-content\/uploads\/2022\/10\/img_9314-1.jpg?resize=706%2C470&amp;ssl=1 706w, https:\/\/i0.wp.com\/casadecampoliving.com\/wp-content\/uploads\/2022\/10\/img_9314-1.jpg?resize=150%2C100&amp;ssl=1 150w, https:\/\/i0.wp.com\/casadecampoliving.com\/wp-content\/uploads\/2022\/10\/img_9314-1.jpg?w=370&amp;ssl=1 370w\" sizes=\"auto, (max-width: 800px) 100vw, 800px\" \/><\/figure>\n\n\n\n<figure class=\"wp-block-image size-large\"><img data-recalc-dims=\"1\" loading=\"lazy\" decoding=\"async\" width=\"800\" height=\"686\" data-id=\"478860\" src=\"https:\/\/i0.wp.com\/casadecampoliving.com\/wp-content\/uploads\/2022\/10\/img_9315-2.jpg?resize=800%2C686&#038;ssl=1\" alt=\"\" class=\"wp-image-478860\" srcset=\"https:\/\/i0.wp.com\/casadecampoliving.com\/wp-content\/uploads\/2022\/10\/img_9315-2.jpg?w=800&amp;ssl=1 800w, https:\/\/i0.wp.com\/casadecampoliving.com\/wp-content\/uploads\/2022\/10\/img_9315-2.jpg?resize=300%2C257&amp;ssl=1 300w, https:\/\/i0.wp.com\/casadecampoliving.com\/wp-content\/uploads\/2022\/10\/img_9315-2.jpg?resize=768%2C659&amp;ssl=1 768w, https:\/\/i0.wp.com\/casadecampoliving.com\/wp-content\/uploads\/2022\/10\/img_9315-2.jpg?resize=400%2C343&amp;ssl=1 400w, https:\/\/i0.wp.com\/casadecampoliving.com\/wp-content\/uploads\/2022\/10\/img_9315-2.jpg?resize=706%2C605&amp;ssl=1 706w, https:\/\/i0.wp.com\/casadecampoliving.com\/wp-content\/uploads\/2022\/10\/img_9315-2.jpg?resize=150%2C129&amp;ssl=1 150w, https:\/\/i0.wp.com\/casadecampoliving.com\/wp-content\/uploads\/2022\/10\/img_9315-2.jpg?w=370&amp;ssl=1 370w\" sizes=\"auto, (max-width: 800px) 100vw, 800px\" \/><\/figure>\n\n\n\n<figure class=\"wp-block-image size-large\"><img data-recalc-dims=\"1\" loading=\"lazy\" decoding=\"async\" width=\"800\" height=\"456\" data-id=\"478873\" src=\"https:\/\/i0.wp.com\/casadecampoliving.com\/wp-content\/uploads\/2022\/10\/img_9317-1.jpg?resize=800%2C456&#038;ssl=1\" alt=\"\" class=\"wp-image-478873\" srcset=\"https:\/\/i0.wp.com\/casadecampoliving.com\/wp-content\/uploads\/2022\/10\/img_9317-1.jpg?w=800&amp;ssl=1 800w, https:\/\/i0.wp.com\/casadecampoliving.com\/wp-content\/uploads\/2022\/10\/img_9317-1.jpg?resize=300%2C171&amp;ssl=1 300w, https:\/\/i0.wp.com\/casadecampoliving.com\/wp-content\/uploads\/2022\/10\/img_9317-1.jpg?resize=768%2C438&amp;ssl=1 768w, https:\/\/i0.wp.com\/casadecampoliving.com\/wp-content\/uploads\/2022\/10\/img_9317-1.jpg?resize=400%2C228&amp;ssl=1 400w, https:\/\/i0.wp.com\/casadecampoliving.com\/wp-content\/uploads\/2022\/10\/img_9317-1.jpg?resize=706%2C402&amp;ssl=1 706w, https:\/\/i0.wp.com\/casadecampoliving.com\/wp-content\/uploads\/2022\/10\/img_9317-1.jpg?resize=150%2C86&amp;ssl=1 150w, https:\/\/i0.wp.com\/casadecampoliving.com\/wp-content\/uploads\/2022\/10\/img_9317-1.jpg?w=370&amp;ssl=1 370w\" sizes=\"auto, (max-width: 800px) 100vw, 800px\" \/><\/figure>\n\n\n\n<figure class=\"wp-block-image size-large\"><img data-recalc-dims=\"1\" loading=\"lazy\" decoding=\"async\" width=\"800\" height=\"533\" data-id=\"478889\" src=\"https:\/\/i0.wp.com\/casadecampoliving.com\/wp-content\/uploads\/2022\/10\/mg_9326-1.jpg?resize=800%2C533&#038;ssl=1\" alt=\"\" class=\"wp-image-478889\" srcset=\"https:\/\/i0.wp.com\/casadecampoliving.com\/wp-content\/uploads\/2022\/10\/mg_9326-1.jpg?w=800&amp;ssl=1 800w, https:\/\/i0.wp.com\/casadecampoliving.com\/wp-content\/uploads\/2022\/10\/mg_9326-1.jpg?resize=300%2C200&amp;ssl=1 300w, https:\/\/i0.wp.com\/casadecampoliving.com\/wp-content\/uploads\/2022\/10\/mg_9326-1.jpg?resize=768%2C512&amp;ssl=1 768w, https:\/\/i0.wp.com\/casadecampoliving.com\/wp-content\/uploads\/2022\/10\/mg_9326-1.jpg?resize=400%2C267&amp;ssl=1 400w, https:\/\/i0.wp.com\/casadecampoliving.com\/wp-content\/uploads\/2022\/10\/mg_9326-1.jpg?resize=706%2C470&amp;ssl=1 706w, https:\/\/i0.wp.com\/casadecampoliving.com\/wp-content\/uploads\/2022\/10\/mg_9326-1.jpg?resize=150%2C100&amp;ssl=1 150w, https:\/\/i0.wp.com\/casadecampoliving.com\/wp-content\/uploads\/2022\/10\/mg_9326-1.jpg?w=370&amp;ssl=1 370w\" sizes=\"auto, (max-width: 800px) 100vw, 800px\" \/><\/figure>\n\n\n\n<figure class=\"wp-block-image size-large\"><img data-recalc-dims=\"1\" loading=\"lazy\" decoding=\"async\" width=\"800\" height=\"505\" data-id=\"478907\" src=\"https:\/\/i0.wp.com\/casadecampoliving.com\/wp-content\/uploads\/2022\/10\/mg_9334.jpg?resize=800%2C505&#038;ssl=1\" alt=\"\" class=\"wp-image-478907\" srcset=\"https:\/\/i0.wp.com\/casadecampoliving.com\/wp-content\/uploads\/2022\/10\/mg_9334.jpg?w=800&amp;ssl=1 800w, https:\/\/i0.wp.com\/casadecampoliving.com\/wp-content\/uploads\/2022\/10\/mg_9334.jpg?resize=300%2C189&amp;ssl=1 300w, https:\/\/i0.wp.com\/casadecampoliving.com\/wp-content\/uploads\/2022\/10\/mg_9334.jpg?resize=768%2C485&amp;ssl=1 768w, https:\/\/i0.wp.com\/casadecampoliving.com\/wp-content\/uploads\/2022\/10\/mg_9334.jpg?resize=400%2C253&amp;ssl=1 400w, https:\/\/i0.wp.com\/casadecampoliving.com\/wp-content\/uploads\/2022\/10\/mg_9334.jpg?resize=706%2C446&amp;ssl=1 706w, https:\/\/i0.wp.com\/casadecampoliving.com\/wp-content\/uploads\/2022\/10\/mg_9334.jpg?resize=150%2C95&amp;ssl=1 150w, https:\/\/i0.wp.com\/casadecampoliving.com\/wp-content\/uploads\/2022\/10\/mg_9334.jpg?w=370&amp;ssl=1 370w\" sizes=\"auto, (max-width: 800px) 100vw, 800px\" \/><\/figure>\n\n\n\n<figure class=\"wp-block-image size-large\"><img data-recalc-dims=\"1\" loading=\"lazy\" decoding=\"async\" width=\"800\" height=\"533\" data-id=\"478923\" src=\"https:\/\/i0.wp.com\/casadecampoliving.com\/wp-content\/uploads\/2022\/10\/mg_9353-1.jpg?resize=800%2C533&#038;ssl=1\" alt=\"\" class=\"wp-image-478923\" srcset=\"https:\/\/i0.wp.com\/casadecampoliving.com\/wp-content\/uploads\/2022\/10\/mg_9353-1.jpg?w=800&amp;ssl=1 800w, https:\/\/i0.wp.com\/casadecampoliving.com\/wp-content\/uploads\/2022\/10\/mg_9353-1.jpg?resize=300%2C200&amp;ssl=1 300w, https:\/\/i0.wp.com\/casadecampoliving.com\/wp-content\/uploads\/2022\/10\/mg_9353-1.jpg?resize=768%2C512&amp;ssl=1 768w, https:\/\/i0.wp.com\/casadecampoliving.com\/wp-content\/uploads\/2022\/10\/mg_9353-1.jpg?resize=400%2C267&amp;ssl=1 400w, https:\/\/i0.wp.com\/casadecampoliving.com\/wp-content\/uploads\/2022\/10\/mg_9353-1.jpg?resize=706%2C470&amp;ssl=1 706w, https:\/\/i0.wp.com\/casadecampoliving.com\/wp-content\/uploads\/2022\/10\/mg_9353-1.jpg?resize=150%2C100&amp;ssl=1 150w, https:\/\/i0.wp.com\/casadecampoliving.com\/wp-content\/uploads\/2022\/10\/mg_9353-1.jpg?w=370&amp;ssl=1 370w\" sizes=\"auto, (max-width: 800px) 100vw, 800px\" \/><\/figure>\n\n\n\n<figure class=\"wp-block-image size-large\"><img data-recalc-dims=\"1\" loading=\"lazy\" decoding=\"async\" width=\"800\" height=\"456\" data-id=\"478941\" src=\"https:\/\/i0.wp.com\/casadecampoliving.com\/wp-content\/uploads\/2022\/10\/mg_9363.jpg?resize=800%2C456&#038;ssl=1\" alt=\"\" class=\"wp-image-478941\" srcset=\"https:\/\/i0.wp.com\/casadecampoliving.com\/wp-content\/uploads\/2022\/10\/mg_9363.jpg?w=800&amp;ssl=1 800w, https:\/\/i0.wp.com\/casadecampoliving.com\/wp-content\/uploads\/2022\/10\/mg_9363.jpg?resize=300%2C171&amp;ssl=1 300w, https:\/\/i0.wp.com\/casadecampoliving.com\/wp-content\/uploads\/2022\/10\/mg_9363.jpg?resize=768%2C438&amp;ssl=1 768w, https:\/\/i0.wp.com\/casadecampoliving.com\/wp-content\/uploads\/2022\/10\/mg_9363.jpg?resize=400%2C228&amp;ssl=1 400w, https:\/\/i0.wp.com\/casadecampoliving.com\/wp-content\/uploads\/2022\/10\/mg_9363.jpg?resize=706%2C402&amp;ssl=1 706w, https:\/\/i0.wp.com\/casadecampoliving.com\/wp-content\/uploads\/2022\/10\/mg_9363.jpg?resize=150%2C86&amp;ssl=1 150w, https:\/\/i0.wp.com\/casadecampoliving.com\/wp-content\/uploads\/2022\/10\/mg_9363.jpg?w=370&amp;ssl=1 370w\" sizes=\"auto, (max-width: 800px) 100vw, 800px\" \/><\/figure>\n\n\n\n<figure class=\"wp-block-image size-large\"><img data-recalc-dims=\"1\" loading=\"lazy\" decoding=\"async\" width=\"800\" height=\"533\" data-id=\"478961\" src=\"https:\/\/i0.wp.com\/casadecampoliving.com\/wp-content\/uploads\/2022\/10\/mg_9369.jpg?resize=800%2C533&#038;ssl=1\" alt=\"\" class=\"wp-image-478961\" srcset=\"https:\/\/i0.wp.com\/casadecampoliving.com\/wp-content\/uploads\/2022\/10\/mg_9369.jpg?w=800&amp;ssl=1 800w, https:\/\/i0.wp.com\/casadecampoliving.com\/wp-content\/uploads\/2022\/10\/mg_9369.jpg?resize=300%2C200&amp;ssl=1 300w, https:\/\/i0.wp.com\/casadecampoliving.com\/wp-content\/uploads\/2022\/10\/mg_9369.jpg?resize=768%2C512&amp;ssl=1 768w, https:\/\/i0.wp.com\/casadecampoliving.com\/wp-content\/uploads\/2022\/10\/mg_9369.jpg?resize=400%2C267&amp;ssl=1 400w, https:\/\/i0.wp.com\/casadecampoliving.com\/wp-content\/uploads\/2022\/10\/mg_9369.jpg?resize=706%2C470&amp;ssl=1 706w, https:\/\/i0.wp.com\/casadecampoliving.com\/wp-content\/uploads\/2022\/10\/mg_9369.jpg?resize=150%2C100&amp;ssl=1 150w, https:\/\/i0.wp.com\/casadecampoliving.com\/wp-content\/uploads\/2022\/10\/mg_9369.jpg?w=370&amp;ssl=1 370w\" sizes=\"auto, (max-width: 800px) 100vw, 800px\" \/><\/figure>\n\n\n\n<figure class=\"wp-block-image size-large\"><img data-recalc-dims=\"1\" loading=\"lazy\" decoding=\"async\" width=\"800\" height=\"533\" data-id=\"478975\" src=\"https:\/\/i0.wp.com\/casadecampoliving.com\/wp-content\/uploads\/2022\/10\/mg_9374.jpg?resize=800%2C533&#038;ssl=1\" alt=\"\" class=\"wp-image-478975\" srcset=\"https:\/\/i0.wp.com\/casadecampoliving.com\/wp-content\/uploads\/2022\/10\/mg_9374.jpg?w=800&amp;ssl=1 800w, https:\/\/i0.wp.com\/casadecampoliving.com\/wp-content\/uploads\/2022\/10\/mg_9374.jpg?resize=300%2C200&amp;ssl=1 300w, https:\/\/i0.wp.com\/casadecampoliving.com\/wp-content\/uploads\/2022\/10\/mg_9374.jpg?resize=768%2C512&amp;ssl=1 768w, https:\/\/i0.wp.com\/casadecampoliving.com\/wp-content\/uploads\/2022\/10\/mg_9374.jpg?resize=400%2C267&amp;ssl=1 400w, https:\/\/i0.wp.com\/casadecampoliving.com\/wp-content\/uploads\/2022\/10\/mg_9374.jpg?resize=706%2C470&amp;ssl=1 706w, https:\/\/i0.wp.com\/casadecampoliving.com\/wp-content\/uploads\/2022\/10\/mg_9374.jpg?resize=150%2C100&amp;ssl=1 150w, https:\/\/i0.wp.com\/casadecampoliving.com\/wp-content\/uploads\/2022\/10\/mg_9374.jpg?w=370&amp;ssl=1 370w\" sizes=\"auto, (max-width: 800px) 100vw, 800px\" \/><\/figure>\n\n\n\n<figure class=\"wp-block-image size-large\"><img data-recalc-dims=\"1\" loading=\"lazy\" decoding=\"async\" width=\"800\" height=\"533\" data-id=\"478990\" src=\"https:\/\/i0.wp.com\/casadecampoliving.com\/wp-content\/uploads\/2022\/10\/mg_9384-1.jpg?resize=800%2C533&#038;ssl=1\" alt=\"\" class=\"wp-image-478990\" srcset=\"https:\/\/i0.wp.com\/casadecampoliving.com\/wp-content\/uploads\/2022\/10\/mg_9384-1.jpg?w=800&amp;ssl=1 800w, https:\/\/i0.wp.com\/casadecampoliving.com\/wp-content\/uploads\/2022\/10\/mg_9384-1.jpg?resize=300%2C200&amp;ssl=1 300w, https:\/\/i0.wp.com\/casadecampoliving.com\/wp-content\/uploads\/2022\/10\/mg_9384-1.jpg?resize=768%2C512&amp;ssl=1 768w, https:\/\/i0.wp.com\/casadecampoliving.com\/wp-content\/uploads\/2022\/10\/mg_9384-1.jpg?resize=400%2C267&amp;ssl=1 400w, https:\/\/i0.wp.com\/casadecampoliving.com\/wp-content\/uploads\/2022\/10\/mg_9384-1.jpg?resize=706%2C470&amp;ssl=1 706w, https:\/\/i0.wp.com\/casadecampoliving.com\/wp-content\/uploads\/2022\/10\/mg_9384-1.jpg?resize=150%2C100&amp;ssl=1 150w, https:\/\/i0.wp.com\/casadecampoliving.com\/wp-content\/uploads\/2022\/10\/mg_9384-1.jpg?w=370&amp;ssl=1 370w\" sizes=\"auto, (max-width: 800px) 100vw, 800px\" \/><\/figure>\n\n\n\n<figure class=\"wp-block-image size-large\"><img data-recalc-dims=\"1\" loading=\"lazy\" decoding=\"async\" width=\"800\" height=\"533\" data-id=\"479008\" src=\"https:\/\/i0.wp.com\/casadecampoliving.com\/wp-content\/uploads\/2022\/10\/mg_9389.jpg?resize=800%2C533&#038;ssl=1\" alt=\"\" class=\"wp-image-479008\" srcset=\"https:\/\/i0.wp.com\/casadecampoliving.com\/wp-content\/uploads\/2022\/10\/mg_9389.jpg?w=800&amp;ssl=1 800w, https:\/\/i0.wp.com\/casadecampoliving.com\/wp-content\/uploads\/2022\/10\/mg_9389.jpg?resize=300%2C200&amp;ssl=1 300w, https:\/\/i0.wp.com\/casadecampoliving.com\/wp-content\/uploads\/2022\/10\/mg_9389.jpg?resize=768%2C512&amp;ssl=1 768w, https:\/\/i0.wp.com\/casadecampoliving.com\/wp-content\/uploads\/2022\/10\/mg_9389.jpg?resize=400%2C267&amp;ssl=1 400w, https:\/\/i0.wp.com\/casadecampoliving.com\/wp-content\/uploads\/2022\/10\/mg_9389.jpg?resize=706%2C470&amp;ssl=1 706w, https:\/\/i0.wp.com\/casadecampoliving.com\/wp-content\/uploads\/2022\/10\/mg_9389.jpg?resize=150%2C100&amp;ssl=1 150w, https:\/\/i0.wp.com\/casadecampoliving.com\/wp-content\/uploads\/2022\/10\/mg_9389.jpg?w=370&amp;ssl=1 370w\" sizes=\"auto, (max-width: 800px) 100vw, 800px\" \/><\/figure>\n\n\n\n<figure class=\"wp-block-image size-large\"><img data-recalc-dims=\"1\" loading=\"lazy\" decoding=\"async\" width=\"800\" height=\"533\" data-id=\"479025\" src=\"https:\/\/i0.wp.com\/casadecampoliving.com\/wp-content\/uploads\/2022\/10\/mg_9421.jpg?resize=800%2C533&#038;ssl=1\" alt=\"\" class=\"wp-image-479025\" srcset=\"https:\/\/i0.wp.com\/casadecampoliving.com\/wp-content\/uploads\/2022\/10\/mg_9421.jpg?w=800&amp;ssl=1 800w, https:\/\/i0.wp.com\/casadecampoliving.com\/wp-content\/uploads\/2022\/10\/mg_9421.jpg?resize=300%2C200&amp;ssl=1 300w, https:\/\/i0.wp.com\/casadecampoliving.com\/wp-content\/uploads\/2022\/10\/mg_9421.jpg?resize=768%2C512&amp;ssl=1 768w, https:\/\/i0.wp.com\/casadecampoliving.com\/wp-content\/uploads\/2022\/10\/mg_9421.jpg?resize=400%2C267&amp;ssl=1 400w, https:\/\/i0.wp.com\/casadecampoliving.com\/wp-content\/uploads\/2022\/10\/mg_9421.jpg?resize=706%2C470&amp;ssl=1 706w, https:\/\/i0.wp.com\/casadecampoliving.com\/wp-content\/uploads\/2022\/10\/mg_9421.jpg?resize=150%2C100&amp;ssl=1 150w, https:\/\/i0.wp.com\/casadecampoliving.com\/wp-content\/uploads\/2022\/10\/mg_9421.jpg?w=370&amp;ssl=1 370w\" sizes=\"auto, (max-width: 800px) 100vw, 800px\" \/><\/figure>\n\n\n\n<figure class=\"wp-block-image size-large\"><img data-recalc-dims=\"1\" loading=\"lazy\" decoding=\"async\" width=\"800\" height=\"883\" data-id=\"479039\" src=\"https:\/\/i0.wp.com\/casadecampoliving.com\/wp-content\/uploads\/2022\/10\/mg_9426.jpg?resize=800%2C883&#038;ssl=1\" alt=\"\" class=\"wp-image-479039\" srcset=\"https:\/\/i0.wp.com\/casadecampoliving.com\/wp-content\/uploads\/2022\/10\/mg_9426.jpg?w=800&amp;ssl=1 800w, https:\/\/i0.wp.com\/casadecampoliving.com\/wp-content\/uploads\/2022\/10\/mg_9426.jpg?resize=272%2C300&amp;ssl=1 272w, https:\/\/i0.wp.com\/casadecampoliving.com\/wp-content\/uploads\/2022\/10\/mg_9426.jpg?resize=768%2C848&amp;ssl=1 768w, https:\/\/i0.wp.com\/casadecampoliving.com\/wp-content\/uploads\/2022\/10\/mg_9426.jpg?resize=400%2C442&amp;ssl=1 400w, https:\/\/i0.wp.com\/casadecampoliving.com\/wp-content\/uploads\/2022\/10\/mg_9426.jpg?resize=706%2C779&amp;ssl=1 706w, https:\/\/i0.wp.com\/casadecampoliving.com\/wp-content\/uploads\/2022\/10\/mg_9426.jpg?resize=150%2C166&amp;ssl=1 150w, https:\/\/i0.wp.com\/casadecampoliving.com\/wp-content\/uploads\/2022\/10\/mg_9426.jpg?w=370&amp;ssl=1 370w\" sizes=\"auto, (max-width: 800px) 100vw, 800px\" \/><\/figure>\n<\/figure>\n<\/span><\/span>\n<blockquote>\n<h3><span style=\"color: #000000;\">La Romana &#8211; Cura\u00e7ao horario de vuelos, cada lunes \u00a0<\/span><\/h3>\n<span style=\"color: #000000;\"><strong>Salida \u00a0 \u00a0 \u00a0 \u00a0 \u00a0 \u00a0<\/strong><strong>\u00a0 \u00a0 \u00a0 \u00a0 \u00a0 \u00a0 \u00a0 \u00a0 \u00a0 \u00a0 \u00a0 \u00a0 \u00a0 \u00a0 \u00a0 \u00a0 \u00a0 \u00a0 \u00a0 \u00a0 \u00a0 \u00a0 \u00a0 \u00a0 \u00a0 \u00a0 \u00a0 Llegada<\/strong><\/span>\n\n<span style=\"color: #000000;\">La Romana (LRM): 13:05 \u00a0 \u00a0 \u00a0 \u00a0 \u00a0 \u00a0 \u00a0 \u00a0 \u00a0 \u00a0 \u00a0 Cura\u00e7ao (CUR): 14:25<\/span>\n\n<span style=\"color: #000000;\">Cura\u00e7ao (CUR): 10:45 \u00a0 \u00a0 \u00a0 \u00a0 \u00a0 \u00a0 \u00a0 \u00a0 \u00a0 \u00a0 \u00a0 \u00a0 \u00a0 \u00a0 La Romana (LRM): 12:05<\/span><\/blockquote>\n<blockquote>\n<h3><span style=\"color: #000000;\">Cura\u00e7ao<\/span><\/h3>\n<h3><span style=\"color: #000000;\"><img data-recalc-dims=\"1\" loading=\"lazy\" decoding=\"async\" class=\"aligncenter wp-image-92870\" src=\"https:\/\/i0.wp.com\/casadecampoliving.com\/wp-content\/uploads\/2022\/10\/Curacao.jpg?resize=620%2C376&#038;ssl=1\" alt=\"Curacao\" width=\"620\" height=\"376\" \/><\/span><\/h3>\n<span style=\"color: #000000;\">Curazao es una isla en el Mar Caribe, frente a las costas venezolanas, que forma parte del Caribe Holand\u00e9s, un pa\u00eds constituyente del Reino de los Pa\u00edses Bajos. Tiene una poblaci\u00f3n de m\u00e1s de 150.000 habitantes en un \u00e1rea de 444 km2 (171 sq mi) y su capital es Willemstad.<\/span>\n\n<span style=\"color: #000000;\">A pesar de que el turismo juega un papel importante en la econom\u00eda en Cura\u00e7ao, es menos dependiente de turismo de otros pa\u00edses del Caribe. La mayor\u00eda de los turistas proceden de la regi\u00f3n oriental de los Estados Unidos, Am\u00e9rica del Sur y los Pa\u00edses Bajos. En la actualidad lidera el turismo de cruceros Caribe en crecimiento con 610.186 pasajeros de cruceros en 2013, un 41,4 % m\u00e1s que el a\u00f1o anterior.<\/span>\n<p style=\"text-align: center;\"><span style=\"color: #000000;\"><strong>\u00a0<strong>\u00a0Ubicaci\u00f3n de Cura\u00e7ao<\/strong><\/strong><\/span>\n<span style=\"color: #000000;\"> <img data-recalc-dims=\"1\" loading=\"lazy\" decoding=\"async\" class=\"aligncenter size-full wp-image-92871\" src=\"https:\/\/i0.wp.com\/casadecampoliving.com\/wp-content\/uploads\/2022\/10\/Curacao.png?resize=351%2C197&#038;ssl=1\" alt=\"Curacao\" width=\"351\" height=\"197\" \/><\/span><\/p>\n<span style=\"color: #000000;\">La plataforma insular de la isla tiene una fuerte ca\u00edda de la conocida como \u00abborde azul.\u00bb buceo los turistas suelen visitar para esta vista.Los arrecifes de coral para hacer snorkel y el buceo puede ser alcanzado sin un barco. La costa sur tiene aguas tranquilas, as\u00ed como muchas peque\u00f1as playas, como Jan Thiel y Cas Abou. La costa de Cura\u00e7ao tiene numerosas bah\u00edas y ensenadas que sirven como popular posiciones de anclaje de embarcaciones.\u00a0<\/span>\n\n<span style=\"color: #000000;\">Fuente:\u00a0<a href=\"http:\/\/en.wikipedia.org\/wiki\/Cura%C3%A7ao\" target=\"_blank\" rel=\"noopener\"><span style=\"color: #000000;\">wikipedia.org<\/span><\/a><\/span><\/blockquote>","protected":false},"excerpt":{"rendered":"<p>En el d\u00eda ayer, lunes 7 julio, el Aeropuerto Internacional Casa de Campo &#8211; La Romana dio una cordial bienvenida al primer vuelo de la aerol\u00ednea InselAir desde Cura\u00e7ao.<\/p>\n","protected":false},"author":18092,"featured_media":262524,"comment_status":"closed","ping_status":"closed","sticky":false,"template":"","format":"standard","meta":{"newspack_ads_suppress_ads":false,"newspack_popups_has_disabled_popups":false,"newspack_sponsor_sponsorship_scope":"","newspack_sponsor_native_byline_display":"inherit","newspack_sponsor_native_category_display":"inherit","newspack_sponsor_underwriter_style":"inherit","newspack_sponsor_underwriter_placement":"inherit","_newspack_byline_active":false,"_newspack_byline":"","newspack_hide_updated_date":false,"newspack_show_updated_date":false,"newspack_content_restriction_is_exempt":false,"newspack_featured_image_position":"","newspack_post_subtitle":"","newspack_article_summary_title":"Overview:","newspack_article_summary":"","_jetpack_memberships_contains_paid_content":false,"footnotes":"","jetpack_publicize_message":"","jetpack_publicize_feature_enabled":true,"jetpack_social_post_already_shared":false,"jetpack_social_options":{"image_generator_settings":{"template":"highway","default_image_id":0,"font":"","enabled":false},"version":2},"_wpas_customize_per_network":false},"categories":[2506,2522,2507,2526,14631,14625,14627],"tags":[2693,2656,23815,18932],"newspack_spnsrs_tax":[],"class_list":["post-344787","post","type-post","status-publish","format-standard","has-post-thumbnail","hentry","category-mas-alla-de-casa-es","category-eventos-es","category-la-romana-es","category-titulares-es","category-estilo-de-vida","category-noticias-locales","category-proximamente","tag-aeropuerto-casa-de-campo-la-romana","tag-aeropuerto-la-romana","tag-casa-de-campo-es-17","tag-la-romana-es-4","entry"],"yoast_head":"<!-- This site is optimized with the Yoast SEO plugin v27.5 - https:\/\/yoast.com\/product\/yoast-seo-wordpress\/ -->\n<title>La Romana recibe primer vuelo InselAir desde Cura\u00e7ao | Casa de Campo Living<\/title>\n<meta name=\"description\" content=\"En el d\u00eda ayer, lunes 7 julio, el Aeropuerto Internacional Casa de Campo - La Romana dio una cordial bienvenida al primer vuelo de la aerol\u00ednea InselAir\" \/>\n<meta name=\"robots\" content=\"index, follow, max-snippet:-1, max-image-preview:large, max-video-preview:-1\" \/>\n<link rel=\"canonical\" href=\"https:\/\/casadecampoliving.com\/es\/la-romana-recibe-primer-vuelo-insel-air-de-curazao\/\" \/>\n<meta property=\"og:locale\" content=\"es_ES\" \/>\n<meta property=\"og:type\" content=\"article\" \/>\n<meta property=\"og:title\" content=\"La Romana recibe primer vuelo InselAir desde Cura\u00e7ao | Casa de Campo Living\" \/>\n<meta property=\"og:description\" content=\"En el d\u00eda ayer, lunes 7 julio, el Aeropuerto Internacional Casa de Campo - La Romana dio una cordial bienvenida al primer vuelo de la aerol\u00ednea InselAir\" \/>\n<meta property=\"og:url\" content=\"https:\/\/casadecampoliving.com\/es\/la-romana-recibe-primer-vuelo-insel-air-de-curazao\/\" \/>\n<meta property=\"og:site_name\" content=\"Casa de Campo Living\" \/>\n<meta property=\"article:publisher\" content=\"https:\/\/www.facebook.com\/casadecampoliving\" \/>\n<meta property=\"article:published_time\" content=\"2014-07-08T04:00:00+00:00\" \/>\n<meta property=\"article:modified_time\" content=\"2022-11-10T14:38:05+00:00\" \/>\n<meta property=\"og:image\" content=\"https:\/\/i0.wp.com\/casadecampoliving.com\/wp-content\/uploads\/2022\/10\/Insel_Air_La_Romana_Curacao-1.jpg?fit=650%2C433&ssl=1\" \/>\n\t<meta property=\"og:image:width\" content=\"650\" \/>\n\t<meta property=\"og:image:height\" content=\"433\" \/>\n\t<meta property=\"og:image:type\" content=\"image\/jpeg\" \/>\n<meta name=\"author\" content=\"Katherine Calca\u00f1o\" \/>\n<meta name=\"twitter:card\" content=\"summary_large_image\" \/>\n<meta name=\"twitter:creator\" content=\"@cdcliving\" \/>\n<meta name=\"twitter:site\" content=\"@cdcliving\" \/>\n<meta name=\"twitter:label1\" content=\"Escrito por\" \/>\n\t<meta name=\"twitter:data1\" content=\"Katherine Calca\u00f1o\" \/>\n\t<meta name=\"twitter:label2\" content=\"Tiempo de lectura\" \/>\n\t<meta name=\"twitter:data2\" content=\"5 minutos\" \/>\n<script type=\"application\/ld+json\" class=\"yoast-schema-graph\">{\"@context\":\"https:\\\/\\\/schema.org\",\"@graph\":[{\"@type\":\"Article\",\"@id\":\"https:\\\/\\\/casadecampoliving.com\\\/es\\\/la-romana-recibe-primer-vuelo-insel-air-de-curazao\\\/#article\",\"isPartOf\":{\"@id\":\"https:\\\/\\\/casadecampoliving.com\\\/es\\\/la-romana-recibe-primer-vuelo-insel-air-de-curazao\\\/\"},\"author\":{\"name\":\"Katherine Calca\u00f1o\",\"@id\":\"https:\\\/\\\/casadecampoliving.com\\\/es\\\/#\\\/schema\\\/person\\\/a6a1583247faa11203aec79a422ddf1c\"},\"headline\":\"La Romana recibe primer vuelo InselAir desde Cura\u00e7ao\",\"datePublished\":\"2014-07-08T04:00:00+00:00\",\"dateModified\":\"2022-11-10T14:38:05+00:00\",\"mainEntityOfPage\":{\"@id\":\"https:\\\/\\\/casadecampoliving.com\\\/es\\\/la-romana-recibe-primer-vuelo-insel-air-de-curazao\\\/\"},\"wordCount\":1063,\"publisher\":{\"@id\":\"https:\\\/\\\/casadecampoliving.com\\\/es\\\/#organization\"},\"image\":{\"@id\":\"https:\\\/\\\/casadecampoliving.com\\\/es\\\/la-romana-recibe-primer-vuelo-insel-air-de-curazao\\\/#primaryimage\"},\"thumbnailUrl\":\"https:\\\/\\\/i0.wp.com\\\/casadecampoliving.com\\\/wp-content\\\/uploads\\\/2022\\\/10\\\/Insel_Air_La_Romana_Curacao-1.jpg?fit=650%2C433&ssl=1\",\"keywords\":[\"aeropuerto casa de campo - la romana\",\"aeropuerto la romana\",\"Casa de Campo\",\"La Romana\"],\"articleSection\":[\"M\u00e1s all\u00e1 de Casa\",\"Eventos\",\"La Romana @es\",\"Titulares\",\"Estilo de Vida\",\"Noticias Locales\",\"Proximamente\"],\"inLanguage\":\"es\"},{\"@type\":\"WebPage\",\"@id\":\"https:\\\/\\\/casadecampoliving.com\\\/es\\\/la-romana-recibe-primer-vuelo-insel-air-de-curazao\\\/\",\"url\":\"https:\\\/\\\/casadecampoliving.com\\\/es\\\/la-romana-recibe-primer-vuelo-insel-air-de-curazao\\\/\",\"name\":\"La Romana recibe primer vuelo InselAir desde Cura\u00e7ao | Casa de Campo Living\",\"isPartOf\":{\"@id\":\"https:\\\/\\\/casadecampoliving.com\\\/es\\\/#website\"},\"primaryImageOfPage\":{\"@id\":\"https:\\\/\\\/casadecampoliving.com\\\/es\\\/la-romana-recibe-primer-vuelo-insel-air-de-curazao\\\/#primaryimage\"},\"image\":{\"@id\":\"https:\\\/\\\/casadecampoliving.com\\\/es\\\/la-romana-recibe-primer-vuelo-insel-air-de-curazao\\\/#primaryimage\"},\"thumbnailUrl\":\"https:\\\/\\\/i0.wp.com\\\/casadecampoliving.com\\\/wp-content\\\/uploads\\\/2022\\\/10\\\/Insel_Air_La_Romana_Curacao-1.jpg?fit=650%2C433&ssl=1\",\"datePublished\":\"2014-07-08T04:00:00+00:00\",\"dateModified\":\"2022-11-10T14:38:05+00:00\",\"description\":\"En el d\u00eda ayer, lunes 7 julio, el Aeropuerto Internacional Casa de Campo - La Romana dio una cordial bienvenida al primer vuelo de la aerol\u00ednea InselAir\",\"breadcrumb\":{\"@id\":\"https:\\\/\\\/casadecampoliving.com\\\/es\\\/la-romana-recibe-primer-vuelo-insel-air-de-curazao\\\/#breadcrumb\"},\"inLanguage\":\"es\",\"potentialAction\":[{\"@type\":\"ReadAction\",\"target\":[\"https:\\\/\\\/casadecampoliving.com\\\/es\\\/la-romana-recibe-primer-vuelo-insel-air-de-curazao\\\/\"]}]},{\"@type\":\"ImageObject\",\"inLanguage\":\"es\",\"@id\":\"https:\\\/\\\/casadecampoliving.com\\\/es\\\/la-romana-recibe-primer-vuelo-insel-air-de-curazao\\\/#primaryimage\",\"url\":\"https:\\\/\\\/i0.wp.com\\\/casadecampoliving.com\\\/wp-content\\\/uploads\\\/2022\\\/10\\\/Insel_Air_La_Romana_Curacao-1.jpg?fit=650%2C433&ssl=1\",\"contentUrl\":\"https:\\\/\\\/i0.wp.com\\\/casadecampoliving.com\\\/wp-content\\\/uploads\\\/2022\\\/10\\\/Insel_Air_La_Romana_Curacao-1.jpg?fit=650%2C433&ssl=1\",\"width\":650,\"height\":433,\"caption\":\"Insel Air La Romana Curacao\"},{\"@type\":\"BreadcrumbList\",\"@id\":\"https:\\\/\\\/casadecampoliving.com\\\/es\\\/la-romana-recibe-primer-vuelo-insel-air-de-curazao\\\/#breadcrumb\",\"itemListElement\":[{\"@type\":\"ListItem\",\"position\":1,\"name\":\"Home\",\"item\":\"https:\\\/\\\/casadecampoliving.com\\\/es\\\/\"},{\"@type\":\"ListItem\",\"position\":2,\"name\":\"La Romana recibe primer vuelo InselAir desde Cura\u00e7ao\"}]},{\"@type\":\"WebSite\",\"@id\":\"https:\\\/\\\/casadecampoliving.com\\\/es\\\/#website\",\"url\":\"https:\\\/\\\/casadecampoliving.com\\\/es\\\/\",\"name\":\"Casa de Campo Living\",\"description\":\"Resort community news and resources.\",\"publisher\":{\"@id\":\"https:\\\/\\\/casadecampoliving.com\\\/es\\\/#organization\"},\"potentialAction\":[{\"@type\":\"SearchAction\",\"target\":{\"@type\":\"EntryPoint\",\"urlTemplate\":\"https:\\\/\\\/casadecampoliving.com\\\/es\\\/?s={search_term_string}\"},\"query-input\":{\"@type\":\"PropertyValueSpecification\",\"valueRequired\":true,\"valueName\":\"search_term_string\"}}],\"inLanguage\":\"es\"},{\"@type\":\"Organization\",\"@id\":\"https:\\\/\\\/casadecampoliving.com\\\/es\\\/#organization\",\"name\":\"Casa de Campo Living\",\"url\":\"https:\\\/\\\/casadecampoliving.com\\\/es\\\/\",\"logo\":{\"@type\":\"ImageObject\",\"inLanguage\":\"es\",\"@id\":\"https:\\\/\\\/casadecampoliving.com\\\/es\\\/#\\\/schema\\\/logo\\\/image\\\/\",\"url\":\"https:\\\/\\\/i0.wp.com\\\/casadecampoliving.com\\\/wp-content\\\/uploads\\\/2022\\\/07\\\/CDCLivingLogo_V1-white-sized.png?fit=800%2C214&ssl=1\",\"contentUrl\":\"https:\\\/\\\/i0.wp.com\\\/casadecampoliving.com\\\/wp-content\\\/uploads\\\/2022\\\/07\\\/CDCLivingLogo_V1-white-sized.png?fit=800%2C214&ssl=1\",\"width\":800,\"height\":214,\"caption\":\"Casa de Campo Living\"},\"image\":{\"@id\":\"https:\\\/\\\/casadecampoliving.com\\\/es\\\/#\\\/schema\\\/logo\\\/image\\\/\"},\"sameAs\":[\"https:\\\/\\\/www.facebook.com\\\/casadecampoliving\",\"https:\\\/\\\/x.com\\\/cdcliving\"]},{\"@type\":\"Person\",\"@id\":\"https:\\\/\\\/casadecampoliving.com\\\/es\\\/#\\\/schema\\\/person\\\/a6a1583247faa11203aec79a422ddf1c\",\"name\":\"Katherine Calca\u00f1o\",\"image\":{\"@type\":\"ImageObject\",\"inLanguage\":\"es\",\"@id\":\"https:\\\/\\\/secure.gravatar.com\\\/avatar\\\/f9df644f4b56460f696e0f255b612e248393a33620a7ed65eb0ab994f2260155?s=96&d=mm&r=g\",\"url\":\"https:\\\/\\\/secure.gravatar.com\\\/avatar\\\/f9df644f4b56460f696e0f255b612e248393a33620a7ed65eb0ab994f2260155?s=96&d=mm&r=g\",\"contentUrl\":\"https:\\\/\\\/secure.gravatar.com\\\/avatar\\\/f9df644f4b56460f696e0f255b612e248393a33620a7ed65eb0ab994f2260155?s=96&d=mm&r=g\",\"caption\":\"Katherine Calca\u00f1o\"},\"url\":\"https:\\\/\\\/casadecampoliving.com\\\/es\\\/author\\\/katherine-calcano\\\/\"}]}<\/script>\n<!-- \/ Yoast SEO plugin. -->","yoast_head_json":{"title":"La Romana recibe primer vuelo InselAir desde Cura\u00e7ao | Casa de Campo Living","description":"En el d\u00eda ayer, lunes 7 julio, el Aeropuerto Internacional Casa de Campo - La Romana dio una cordial bienvenida al primer vuelo de la aerol\u00ednea InselAir","robots":{"index":"index","follow":"follow","max-snippet":"max-snippet:-1","max-image-preview":"max-image-preview:large","max-video-preview":"max-video-preview:-1"},"canonical":"https:\/\/casadecampoliving.com\/es\/la-romana-recibe-primer-vuelo-insel-air-de-curazao\/","og_locale":"es_ES","og_type":"article","og_title":"La Romana recibe primer vuelo InselAir desde Cura\u00e7ao | Casa de Campo Living","og_description":"En el d\u00eda ayer, lunes 7 julio, el Aeropuerto Internacional Casa de Campo - La Romana dio una cordial bienvenida al primer vuelo de la aerol\u00ednea InselAir","og_url":"https:\/\/casadecampoliving.com\/es\/la-romana-recibe-primer-vuelo-insel-air-de-curazao\/","og_site_name":"Casa de Campo Living","article_publisher":"https:\/\/www.facebook.com\/casadecampoliving","article_published_time":"2014-07-08T04:00:00+00:00","article_modified_time":"2022-11-10T14:38:05+00:00","og_image":[{"width":650,"height":433,"url":"https:\/\/i0.wp.com\/casadecampoliving.com\/wp-content\/uploads\/2022\/10\/Insel_Air_La_Romana_Curacao-1.jpg?fit=650%2C433&ssl=1","type":"image\/jpeg"}],"author":"Katherine Calca\u00f1o","twitter_card":"summary_large_image","twitter_creator":"@cdcliving","twitter_site":"@cdcliving","twitter_misc":{"Escrito por":"Katherine Calca\u00f1o","Tiempo de lectura":"5 minutos"},"schema":{"@context":"https:\/\/schema.org","@graph":[{"@type":"Article","@id":"https:\/\/casadecampoliving.com\/es\/la-romana-recibe-primer-vuelo-insel-air-de-curazao\/#article","isPartOf":{"@id":"https:\/\/casadecampoliving.com\/es\/la-romana-recibe-primer-vuelo-insel-air-de-curazao\/"},"author":{"name":"Katherine Calca\u00f1o","@id":"https:\/\/casadecampoliving.com\/es\/#\/schema\/person\/a6a1583247faa11203aec79a422ddf1c"},"headline":"La Romana recibe primer vuelo InselAir desde Cura\u00e7ao","datePublished":"2014-07-08T04:00:00+00:00","dateModified":"2022-11-10T14:38:05+00:00","mainEntityOfPage":{"@id":"https:\/\/casadecampoliving.com\/es\/la-romana-recibe-primer-vuelo-insel-air-de-curazao\/"},"wordCount":1063,"publisher":{"@id":"https:\/\/casadecampoliving.com\/es\/#organization"},"image":{"@id":"https:\/\/casadecampoliving.com\/es\/la-romana-recibe-primer-vuelo-insel-air-de-curazao\/#primaryimage"},"thumbnailUrl":"https:\/\/i0.wp.com\/casadecampoliving.com\/wp-content\/uploads\/2022\/10\/Insel_Air_La_Romana_Curacao-1.jpg?fit=650%2C433&ssl=1","keywords":["aeropuerto casa de campo - la romana","aeropuerto la romana","Casa de Campo","La Romana"],"articleSection":["M\u00e1s all\u00e1 de Casa","Eventos","La Romana @es","Titulares","Estilo de Vida","Noticias Locales","Proximamente"],"inLanguage":"es"},{"@type":"WebPage","@id":"https:\/\/casadecampoliving.com\/es\/la-romana-recibe-primer-vuelo-insel-air-de-curazao\/","url":"https:\/\/casadecampoliving.com\/es\/la-romana-recibe-primer-vuelo-insel-air-de-curazao\/","name":"La Romana recibe primer vuelo InselAir desde Cura\u00e7ao | Casa de Campo Living","isPartOf":{"@id":"https:\/\/casadecampoliving.com\/es\/#website"},"primaryImageOfPage":{"@id":"https:\/\/casadecampoliving.com\/es\/la-romana-recibe-primer-vuelo-insel-air-de-curazao\/#primaryimage"},"image":{"@id":"https:\/\/casadecampoliving.com\/es\/la-romana-recibe-primer-vuelo-insel-air-de-curazao\/#primaryimage"},"thumbnailUrl":"https:\/\/i0.wp.com\/casadecampoliving.com\/wp-content\/uploads\/2022\/10\/Insel_Air_La_Romana_Curacao-1.jpg?fit=650%2C433&ssl=1","datePublished":"2014-07-08T04:00:00+00:00","dateModified":"2022-11-10T14:38:05+00:00","description":"En el d\u00eda ayer, lunes 7 julio, el Aeropuerto Internacional Casa de Campo - La Romana dio una cordial bienvenida al primer vuelo de la aerol\u00ednea InselAir","breadcrumb":{"@id":"https:\/\/casadecampoliving.com\/es\/la-romana-recibe-primer-vuelo-insel-air-de-curazao\/#breadcrumb"},"inLanguage":"es","potentialAction":[{"@type":"ReadAction","target":["https:\/\/casadecampoliving.com\/es\/la-romana-recibe-primer-vuelo-insel-air-de-curazao\/"]}]},{"@type":"ImageObject","inLanguage":"es","@id":"https:\/\/casadecampoliving.com\/es\/la-romana-recibe-primer-vuelo-insel-air-de-curazao\/#primaryimage","url":"https:\/\/i0.wp.com\/casadecampoliving.com\/wp-content\/uploads\/2022\/10\/Insel_Air_La_Romana_Curacao-1.jpg?fit=650%2C433&ssl=1","contentUrl":"https:\/\/i0.wp.com\/casadecampoliving.com\/wp-content\/uploads\/2022\/10\/Insel_Air_La_Romana_Curacao-1.jpg?fit=650%2C433&ssl=1","width":650,"height":433,"caption":"Insel Air La Romana Curacao"},{"@type":"BreadcrumbList","@id":"https:\/\/casadecampoliving.com\/es\/la-romana-recibe-primer-vuelo-insel-air-de-curazao\/#breadcrumb","itemListElement":[{"@type":"ListItem","position":1,"name":"Home","item":"https:\/\/casadecampoliving.com\/es\/"},{"@type":"ListItem","position":2,"name":"La Romana recibe primer vuelo InselAir desde Cura\u00e7ao"}]},{"@type":"WebSite","@id":"https:\/\/casadecampoliving.com\/es\/#website","url":"https:\/\/casadecampoliving.com\/es\/","name":"Casa de Campo Living","description":"Resort community news and resources.","publisher":{"@id":"https:\/\/casadecampoliving.com\/es\/#organization"},"potentialAction":[{"@type":"SearchAction","target":{"@type":"EntryPoint","urlTemplate":"https:\/\/casadecampoliving.com\/es\/?s={search_term_string}"},"query-input":{"@type":"PropertyValueSpecification","valueRequired":true,"valueName":"search_term_string"}}],"inLanguage":"es"},{"@type":"Organization","@id":"https:\/\/casadecampoliving.com\/es\/#organization","name":"Casa de Campo Living","url":"https:\/\/casadecampoliving.com\/es\/","logo":{"@type":"ImageObject","inLanguage":"es","@id":"https:\/\/casadecampoliving.com\/es\/#\/schema\/logo\/image\/","url":"https:\/\/i0.wp.com\/casadecampoliving.com\/wp-content\/uploads\/2022\/07\/CDCLivingLogo_V1-white-sized.png?fit=800%2C214&ssl=1","contentUrl":"https:\/\/i0.wp.com\/casadecampoliving.com\/wp-content\/uploads\/2022\/07\/CDCLivingLogo_V1-white-sized.png?fit=800%2C214&ssl=1","width":800,"height":214,"caption":"Casa de Campo Living"},"image":{"@id":"https:\/\/casadecampoliving.com\/es\/#\/schema\/logo\/image\/"},"sameAs":["https:\/\/www.facebook.com\/casadecampoliving","https:\/\/x.com\/cdcliving"]},{"@type":"Person","@id":"https:\/\/casadecampoliving.com\/es\/#\/schema\/person\/a6a1583247faa11203aec79a422ddf1c","name":"Katherine Calca\u00f1o","image":{"@type":"ImageObject","inLanguage":"es","@id":"https:\/\/secure.gravatar.com\/avatar\/f9df644f4b56460f696e0f255b612e248393a33620a7ed65eb0ab994f2260155?s=96&d=mm&r=g","url":"https:\/\/secure.gravatar.com\/avatar\/f9df644f4b56460f696e0f255b612e248393a33620a7ed65eb0ab994f2260155?s=96&d=mm&r=g","contentUrl":"https:\/\/secure.gravatar.com\/avatar\/f9df644f4b56460f696e0f255b612e248393a33620a7ed65eb0ab994f2260155?s=96&d=mm&r=g","caption":"Katherine Calca\u00f1o"},"url":"https:\/\/casadecampoliving.com\/es\/author\/katherine-calcano\/"}]}},"parsely":{"version":"1.1.0","canonical_url":"https:\/\/casadecampoliving.com\/es\/la-romana-recibe-primer-vuelo-insel-air-de-curazao\/","smart_links":{"inbound":0,"outbound":0},"traffic_boost_suggestions_count":0,"meta":{"@context":"https:\/\/schema.org","@type":"NewsArticle","headline":"La Romana recibe primer vuelo InselAir desde Cura\u00e7ao","url":"http:\/\/casadecampoliving.com\/es\/la-romana-recibe-primer-vuelo-insel-air-de-curazao\/","mainEntityOfPage":{"@type":"WebPage","@id":"http:\/\/casadecampoliving.com\/es\/la-romana-recibe-primer-vuelo-insel-air-de-curazao\/"},"thumbnailUrl":"https:\/\/i0.wp.com\/casadecampoliving.com\/wp-content\/uploads\/2022\/10\/Insel_Air_La_Romana_Curacao-1.jpg?resize=150%2C150&ssl=1","image":{"@type":"ImageObject","url":"https:\/\/i0.wp.com\/casadecampoliving.com\/wp-content\/uploads\/2022\/10\/Insel_Air_La_Romana_Curacao-1.jpg?fit=650%2C433&ssl=1"},"articleSection":"Eventos","author":[{"@type":"Person","name":"Katherine Calca\u00f1o"}],"creator":["Katherine Calca\u00f1o"],"publisher":{"@type":"Organization","name":"Casa de Campo Living","logo":"https:\/\/casadecampoliving.com\/wp-content\/uploads\/2022\/07\/CDCLivingLogo_V1-white-sized.png"},"keywords":["aeropuerto casa de campo - la romana","aeropuerto la romana","casa de campo","la romana"],"dateCreated":"2014-07-08T04:00:00Z","datePublished":"2014-07-08T04:00:00Z","dateModified":"2022-11-10T14:38:05Z"},"rendered":"<script type=\"application\/ld+json\" class=\"wp-parsely-metadata\">{\"@context\":\"https:\\\/\\\/schema.org\",\"@type\":\"NewsArticle\",\"headline\":\"La Romana recibe primer vuelo InselAir desde Cura\\u00e7ao\",\"url\":\"http:\\\/\\\/casadecampoliving.com\\\/es\\\/la-romana-recibe-primer-vuelo-insel-air-de-curazao\\\/\",\"mainEntityOfPage\":{\"@type\":\"WebPage\",\"@id\":\"http:\\\/\\\/casadecampoliving.com\\\/es\\\/la-romana-recibe-primer-vuelo-insel-air-de-curazao\\\/\"},\"thumbnailUrl\":\"https:\\\/\\\/i0.wp.com\\\/casadecampoliving.com\\\/wp-content\\\/uploads\\\/2022\\\/10\\\/Insel_Air_La_Romana_Curacao-1.jpg?resize=150%2C150&ssl=1\",\"image\":{\"@type\":\"ImageObject\",\"url\":\"https:\\\/\\\/i0.wp.com\\\/casadecampoliving.com\\\/wp-content\\\/uploads\\\/2022\\\/10\\\/Insel_Air_La_Romana_Curacao-1.jpg?fit=650%2C433&ssl=1\"},\"articleSection\":\"Eventos\",\"author\":[{\"@type\":\"Person\",\"name\":\"Katherine Calca\\u00f1o\"}],\"creator\":[\"Katherine Calca\\u00f1o\"],\"publisher\":{\"@type\":\"Organization\",\"name\":\"Casa de Campo Living\",\"logo\":\"https:\\\/\\\/casadecampoliving.com\\\/wp-content\\\/uploads\\\/2022\\\/07\\\/CDCLivingLogo_V1-white-sized.png\"},\"keywords\":[\"aeropuerto casa de campo - la romana\",\"aeropuerto la romana\",\"casa de campo\",\"la romana\"],\"dateCreated\":\"2014-07-08T04:00:00Z\",\"datePublished\":\"2014-07-08T04:00:00Z\",\"dateModified\":\"2022-11-10T14:38:05Z\"}<\/script>","tracker_url":"https:\/\/cdn.parsely.com\/keys\/casadecampoliving.com\/p.js"},"jetpack_publicize_connections":[],"jetpack_featured_media_url":"https:\/\/i0.wp.com\/casadecampoliving.com\/wp-content\/uploads\/2022\/10\/Insel_Air_La_Romana_Curacao-1.jpg?fit=650%2C433&ssl=1","jetpack-related-posts":[{"id":344948,"url":"https:\/\/casadecampoliving.com\/es\/vuelos-diarios-la-romana-miami-restablecidos\/","url_meta":{"origin":344787,"position":0},"title":"Vuelos diarios La Romana-Miami ser\u00e1n restablecidos en noviembre","author":"Maria Isabel B\u00e1ez","date":"24 Ago, 2014","format":false,"excerpt":"Los viajes directos de American Eagle entre el aeropuerto internacional Casa de Campo-La Romana y Miami ser\u00e1n restablecidos diariamente en noviembre diciembre. Bueno, algunos de ustedes estar\u00e1n un poco confundidos por la palabra \u201crestablecidos\u201d\u2026 lo que pasa es que las conexiones diarias entre el Aeropuerto Internacional Casa de Campo-La Romana\u2026","rel":"","context":"En \u00abCasa de Campo Living @es\u00bb","block_context":{"text":"Casa de Campo Living @es","link":"https:\/\/casadecampoliving.com\/category\/casa-de-campo-living-es\/"},"img":{"alt_text":"American Eagle","src":"https:\/\/i0.wp.com\/casadecampoliving.com\/wp-content\/uploads\/2014\/08\/american_eagle.jpg?resize=350%2C200&ssl=1","width":350,"height":200,"srcset":"https:\/\/i0.wp.com\/casadecampoliving.com\/wp-content\/uploads\/2014\/08\/american_eagle.jpg?resize=350%2C200&ssl=1 1x, https:\/\/i0.wp.com\/casadecampoliving.com\/wp-content\/uploads\/2014\/08\/american_eagle.jpg?resize=525%2C300&ssl=1 1.5x, https:\/\/i0.wp.com\/casadecampoliving.com\/wp-content\/uploads\/2014\/08\/american_eagle.jpg?resize=700%2C400&ssl=1 2x, https:\/\/i0.wp.com\/casadecampoliving.com\/wp-content\/uploads\/2014\/08\/american_eagle.jpg?resize=1050%2C600&ssl=1 3x, https:\/\/i0.wp.com\/casadecampoliving.com\/wp-content\/uploads\/2014\/08\/american_eagle.jpg?resize=1400%2C800&ssl=1 4x"},"classes":[]},{"id":344866,"url":"https:\/\/casadecampoliving.com\/es\/destinos-posibles-aeropuerto-la-romana-casa-de-campo\/","url_meta":{"origin":344787,"position":1},"title":"Aeropuerto La Romana: \u00bfHacia donde puede viajar?","author":"Emil Mella","date":"8 Sep, 2014","format":false,"excerpt":"El Aeropuerto Internacional La Romana \u2013 Casa de Campo es uno de los aeropuertos m\u00e1s grandes del pa\u00eds, \u00bfpero a donde puedes viajar, exactamente? Ofreciendo vuelos a\u00a0las metr\u00f3polis m\u00e1s grandes del mundo, el Aeropuerto Internacional La Romana \u2013 Casa de Campo es el tercer aeropuerto m\u00e1s grande de la Rep\u00fablica\u2026","rel":"","context":"En \u00abbusinesses\u00bb","block_context":{"text":"businesses","link":"https:\/\/casadecampoliving.com\/es\/category\/businesses\/"},"img":{"alt_text":"La Romana - Casa de Campo airport Boeing 787","src":"https:\/\/i0.wp.com\/casadecampoliving.com\/wp-content\/uploads\/2022\/10\/la_romana_airport_boeing_7871-1.jpg?fit=650%2C432&ssl=1&resize=350%2C200","width":350,"height":200,"srcset":"https:\/\/i0.wp.com\/casadecampoliving.com\/wp-content\/uploads\/2022\/10\/la_romana_airport_boeing_7871-1.jpg?fit=650%2C432&ssl=1&resize=350%2C200 1x, https:\/\/i0.wp.com\/casadecampoliving.com\/wp-content\/uploads\/2022\/10\/la_romana_airport_boeing_7871-1.jpg?fit=650%2C432&ssl=1&resize=525%2C300 1.5x"},"classes":[]},{"id":344739,"url":"https:\/\/casadecampoliving.com\/es\/inselair-anuncia-vuelo-directo-la-romana\/","url_meta":{"origin":344787,"position":2},"title":"InselAir anuncia vuelo directo La Romana &#8211; Curazao","author":"Emil Mella","date":"5 Jul, 2014","format":false,"excerpt":"Aerol\u00ednea curazole\u00f1a InselAir estar\u00e1 volando una segunda ruta directa a la Rep\u00fablica Dominicana, la cual estar\u00e1 llegando a La Romana a partir del lunes, 7 de julio. Aparte de su habitual parada en Punta Cana, InselAir ahora estar\u00e1 ofreciendo un vuelo de 80 minutos sin paradas a La Romana cada\u2026","rel":"","context":"En \u00abEstilo de Vida\u00bb","block_context":{"text":"Estilo de Vida","link":"https:\/\/casadecampoliving.com\/es\/category\/estilo-de-vida\/"},"img":{"alt_text":"Insel Air Aircraft in Aruba","src":"https:\/\/i0.wp.com\/casadecampoliving.com\/wp-content\/uploads\/2022\/10\/insel-air-1-e1404313896357-1.jpg?fit=650%2C433&ssl=1&resize=350%2C200","width":350,"height":200,"srcset":"https:\/\/i0.wp.com\/casadecampoliving.com\/wp-content\/uploads\/2022\/10\/insel-air-1-e1404313896357-1.jpg?fit=650%2C433&ssl=1&resize=350%2C200 1x, https:\/\/i0.wp.com\/casadecampoliving.com\/wp-content\/uploads\/2022\/10\/insel-air-1-e1404313896357-1.jpg?fit=650%2C433&ssl=1&resize=525%2C300 1.5x"},"classes":[]},{"id":343552,"url":"https:\/\/casadecampoliving.com\/es\/primer-vuelo-directo-con-la-aerolinea-seaborne-entre-san-juan-y-la-romana\/","url_meta":{"origin":344787,"position":3},"title":"\u00a1Primer vuelo directo con la aerol\u00ednea Seaborne entre San Juan y La Romana!","author":"Perkin Agramonte","date":"21 Dic, 2013","format":false,"excerpt":"La semana anterior, el Aeropuerto Casa de Campo \u2013 La Romana celebr\u00f3 la llegada del primer vuelo directo desde San Juan, Puerto Rico con la aerol\u00ednea Seaborne. La aerolinea Seaborne, con base en St. Croix, est\u00e1 ofreciendo vuelos con coneccion directa entre Casa de Campo \u2013 La Romana y San\u2026","rel":"","context":"En \u00abEstilo de Vida\u00bb","block_context":{"text":"Estilo de Vida","link":"https:\/\/casadecampoliving.com\/es\/category\/estilo-de-vida\/"},"img":{"alt_text":"","src":"https:\/\/i0.wp.com\/casadecampoliving.com\/wp-content\/uploads\/2022\/10\/philip_silvestri_claudio_silvestri-1.jpg?fit=650%2C422&ssl=1&resize=350%2C200","width":350,"height":200,"srcset":"https:\/\/i0.wp.com\/casadecampoliving.com\/wp-content\/uploads\/2022\/10\/philip_silvestri_claudio_silvestri-1.jpg?fit=650%2C422&ssl=1&resize=350%2C200 1x, https:\/\/i0.wp.com\/casadecampoliving.com\/wp-content\/uploads\/2022\/10\/philip_silvestri_claudio_silvestri-1.jpg?fit=650%2C422&ssl=1&resize=525%2C300 1.5x"},"classes":[]},{"id":542328,"url":"https:\/\/casadecampoliving.com\/es\/la-romana-recibe-primer-vuelo-directo-desde-madrid\/","url_meta":{"origin":344787,"position":4},"title":"La Romana recibe primer vuelo directo desde Madrid","author":"Mairobi Herrera","date":"25 Jun, 2025","format":false,"excerpt":"El Aeropuerto Internacional de La Romana recibi\u00f3 el pasado domingo 22 de junio el primer vuelo directo desde Madrid operado por Iberojet, la aerol\u00ednea del grupo tur\u00edstico espa\u00f1ol \u00c1voris, que opera bajo su reconocida marca Evelop. Con esta nueva operaci\u00f3n, el destino La Romana suma una nueva puerta de acceso\u2026","rel":"","context":"En \u00abAeropuerto Internacional de La Romana, Casa de Campo\u00bb","block_context":{"text":"Aeropuerto Internacional de La Romana, Casa de Campo","link":"https:\/\/casadecampoliving.com\/es\/category\/aeropuerto-internacional-de-la-romana-2\/"},"img":{"alt_text":"","src":"https:\/\/i0.wp.com\/casadecampoliving.com\/wp-content\/uploads\/2025\/06\/IBEROJET-MAD-LRM-JUNIO-22-1-scaled.jpg?fit=1200%2C800&ssl=1&resize=350%2C200","width":350,"height":200,"srcset":"https:\/\/i0.wp.com\/casadecampoliving.com\/wp-content\/uploads\/2025\/06\/IBEROJET-MAD-LRM-JUNIO-22-1-scaled.jpg?fit=1200%2C800&ssl=1&resize=350%2C200 1x, https:\/\/i0.wp.com\/casadecampoliving.com\/wp-content\/uploads\/2025\/06\/IBEROJET-MAD-LRM-JUNIO-22-1-scaled.jpg?fit=1200%2C800&ssl=1&resize=525%2C300 1.5x, https:\/\/i0.wp.com\/casadecampoliving.com\/wp-content\/uploads\/2025\/06\/IBEROJET-MAD-LRM-JUNIO-22-1-scaled.jpg?fit=1200%2C800&ssl=1&resize=700%2C400 2x, https:\/\/i0.wp.com\/casadecampoliving.com\/wp-content\/uploads\/2025\/06\/IBEROJET-MAD-LRM-JUNIO-22-1-scaled.jpg?fit=1200%2C800&ssl=1&resize=1050%2C600 3x"},"classes":[]},{"id":541585,"url":"https:\/\/casadecampoliving.com\/es\/aeropuerto-de-la-romana-recibe-el-primer-vuelo-de-world2fly\/","url_meta":{"origin":344787,"position":5},"title":"Aeropuerto de La Romana recibe el primer vuelo de World2Fly","author":"Mairobi Herrera","date":"9 Jun, 2025","format":false,"excerpt":"El Aeropuerto Internacional de La Romana celebr\u00f3 en la tarde del pasado viernes 6 de junio la llegada del primer vuelo de la aerol\u00ednea World2Fly Portugal, procedente de Lisboa, marcando el inicio oficial de la temporada de verano 2025. La nueva ruta refuerza la conectividad entre Portugal y el destino\u2026","rel":"","context":"En \u00abAeropuerto Internacional de La Romana, Casa de Campo\u00bb","block_context":{"text":"Aeropuerto Internacional de La Romana, Casa de Campo","link":"https:\/\/casadecampoliving.com\/es\/category\/aeropuerto-internacional-de-la-romana-2\/"},"img":{"alt_text":"","src":"https:\/\/i0.wp.com\/casadecampoliving.com\/wp-content\/uploads\/2025\/06\/FN3A1350-Mejorado-NR-scaled.jpg?fit=1200%2C800&ssl=1&resize=350%2C200","width":350,"height":200,"srcset":"https:\/\/i0.wp.com\/casadecampoliving.com\/wp-content\/uploads\/2025\/06\/FN3A1350-Mejorado-NR-scaled.jpg?fit=1200%2C800&ssl=1&resize=350%2C200 1x, https:\/\/i0.wp.com\/casadecampoliving.com\/wp-content\/uploads\/2025\/06\/FN3A1350-Mejorado-NR-scaled.jpg?fit=1200%2C800&ssl=1&resize=525%2C300 1.5x, https:\/\/i0.wp.com\/casadecampoliving.com\/wp-content\/uploads\/2025\/06\/FN3A1350-Mejorado-NR-scaled.jpg?fit=1200%2C800&ssl=1&resize=700%2C400 2x, https:\/\/i0.wp.com\/casadecampoliving.com\/wp-content\/uploads\/2025\/06\/FN3A1350-Mejorado-NR-scaled.jpg?fit=1200%2C800&ssl=1&resize=1050%2C600 3x"},"classes":[]}],"jetpack_sharing_enabled":true,"_links":{"self":[{"href":"https:\/\/casadecampoliving.com\/es\/wp-json\/wp\/v2\/posts\/344787","targetHints":{"allow":["GET"]}}],"collection":[{"href":"https:\/\/casadecampoliving.com\/es\/wp-json\/wp\/v2\/posts"}],"about":[{"href":"https:\/\/casadecampoliving.com\/es\/wp-json\/wp\/v2\/types\/post"}],"author":[{"embeddable":true,"href":"https:\/\/casadecampoliving.com\/es\/wp-json\/wp\/v2\/users\/18092"}],"replies":[{"embeddable":true,"href":"https:\/\/casadecampoliving.com\/es\/wp-json\/wp\/v2\/comments?post=344787"}],"version-history":[{"count":2,"href":"https:\/\/casadecampoliving.com\/es\/wp-json\/wp\/v2\/posts\/344787\/revisions"}],"predecessor-version":[{"id":508309,"href":"https:\/\/casadecampoliving.com\/es\/wp-json\/wp\/v2\/posts\/344787\/revisions\/508309"}],"wp:featuredmedia":[{"embeddable":true,"href":"https:\/\/casadecampoliving.com\/es\/wp-json\/wp\/v2\/media\/262524"}],"wp:attachment":[{"href":"https:\/\/casadecampoliving.com\/es\/wp-json\/wp\/v2\/media?parent=344787"}],"wp:term":[{"taxonomy":"category","embeddable":true,"href":"https:\/\/casadecampoliving.com\/es\/wp-json\/wp\/v2\/categories?post=344787"},{"taxonomy":"post_tag","embeddable":true,"href":"https:\/\/casadecampoliving.com\/es\/wp-json\/wp\/v2\/tags?post=344787"},{"taxonomy":"newspack_spnsrs_tax","embeddable":true,"href":"https:\/\/casadecampoliving.com\/es\/wp-json\/wp\/v2\/newspack_spnsrs_tax?post=344787"}],"curies":[{"name":"wp","href":"https:\/\/api.w.org\/{rel}","templated":true}]}}