{"id":344763,"date":"2014-07-18T00:00:00","date_gmt":"2014-07-18T04:00:00","guid":{"rendered":"https:\/\/casadecampoliving.com\/entrevista-daniel-infante\/"},"modified":"2022-11-10T10:37:34","modified_gmt":"2022-11-10T14:37:34","slug":"entrevista-daniel-infante","status":"publish","type":"post","link":"https:\/\/casadecampoliving.com\/es\/entrevista-daniel-infante\/","title":{"rendered":"Daniel Infante, \u00a1un artista verdaderamente apasionado!"},"content":{"rendered":"<img data-recalc-dims=\"1\" loading=\"lazy\" decoding=\"async\" class=\"aligncenter size-full wp-image-93506\" src=\"https:\/\/i0.wp.com\/casadecampoliving.com\/wp-content\/uploads\/2022\/10\/Daniel_Infante_arte.jpg?resize=650%2C466&#038;ssl=1\" alt=\"Daniel Infante arte\" width=\"650\" height=\"466\" \/>Una de las estrellas de la exposici\u00f3n \u00abAround the Bases\u00bb de la Galer\u00eda Altos de Chav\u00f3n, Daniel Infante es un verdadero artista dominicano, y tenemos una entrevista exclusiva con el.\n\n<!--more-->\n\nLa exhibici\u00f3n \u00abAround the Bases\u00bb en la Galer\u00eda Altos de Chav\u00f3n es una exposici\u00f3n de arte preparada en combinaci\u00f3n por el artista dominicano Daniel Infante y el cubano Wilfredo Torres, dos artistas que, aparte de ser de dos estilos art\u00edsticos sumamente diferentes presentan una incre\u00edble mezcla \u00fanica de arte. Lo que sigue es una entrevista con uno de estos dos maestros, el artista dominicano Daniel Infante, cuyo habilidad de crear paisajes llenos de color con simples movimientos de su pincel pudiera competir con artistas reconocidos internacionalmente, como es el caso de Guillo Perez.\n\n<strong><img data-recalc-dims=\"1\" loading=\"lazy\" decoding=\"async\" class=\"alignright size-full wp-image-93507\" src=\"https:\/\/i0.wp.com\/casadecampoliving.com\/wp-content\/uploads\/2022\/10\/daniel_Infante_artista.jpg?resize=350%2C380&#038;ssl=1\" alt=\"Daniel Infante artista\" width=\"350\" height=\"380\" \/>@cdcliving: Empecemos desde el comienzo, \u00bfc\u00f3mo fue introducido usted al mundo del arte? \u00bfDesde cu\u00e1ndo supo que quer\u00eda ser artista?<\/strong>\n\nEn primer lugar\u00a0los felicito por esta excelente publicaci\u00f3n que es Casa de Campo Living, y les agradezco por su inter\u00e9s en mi arte. Respondiendo tu pregunta, pues, creo que nac\u00ed para el arte, siempre tuve facilidad para las actividades art\u00edsticas, ya de adolescente tuve inter\u00e9s por el dibujo, comenc\u00e9 a pintar y dibujar en casa, me apasionaba la pintura, su olor, mezclar los colores, tambi\u00e9n recuerdo mi primer curso de dibujo en la Escuela de Dise\u00f1o de Altos de Chav\u00f3n, fue en un curso \u00ednterin, de esos que se imparten en las vacaciones de enero, creo que ese momento me di cuenta de que quer\u00eda dedicarme por completo a la pintura, es una pasi\u00f3n que naci\u00f3 en esos d\u00edas y me ha acompa\u00f1ado a partir de ah\u00ed.\n\n<strong>@cdcliving: Sabemos que usted es un egresado de la Escuela de Arte y Dise\u00f1o de Altos de Chav\u00f3n, y tambi\u00e9n en la Escuela Pan-Americana de Arte Moderno en S\u00e3o Paulo, Brazil. \u00bfC\u00f3mo estas instituciones influenciaron su crecimiento art\u00edstico?\u00a0<\/strong>\n\nHan influenciado mucho, primero tuve la fortuna de estudiar en la Escuela de Dise\u00f1o de Altos de Chav\u00f3n, es un lugar donde se vive y se respira el arte, la belleza y el buen gusto de una forma muy intensa, un lugar por donde grandes artistas dominicanos han dejado su huella, en donde nos encontramos todo el tiempo sumidos en un placer de contemplaci\u00f3n est\u00e9tica inigualable. Todo esto enriqueci\u00f3 mi trabajo, le dio magia y misterio. Luego S\u00e3o Paulo, Brasil, donde descubr\u00ed los misterios de la metr\u00f3polis, la vida urbana, el arte contempor\u00e1neo, el color brasile\u00f1o, pienso que ambas experiencias crearon un artista con muchas herramientas y de mucha originalidad.\n\n<a href=\"https:\/\/i0.wp.com\/casadecampoliving.com\/wp-content\/uploads\/2022\/10\/daniel_Infante_artista1.jpg?ssl=1\"><img data-recalc-dims=\"1\" loading=\"lazy\" decoding=\"async\" class=\"size-full wp-image-93509 aligncenter\" src=\"https:\/\/i0.wp.com\/casadecampoliving.com\/wp-content\/uploads\/2022\/10\/daniel_Infante_artista1.jpg?resize=636%2C367&#038;ssl=1\" alt=\"Daniel Infante artista\" width=\"636\" height=\"367\" \/><\/a>\n\n<strong>@cdcliving: Sus obras han sido expuestas en la Rep\u00fablica Dominicana, en Brasil y en Am\u00e9rica Central &#8211; \u00bfcu\u00e1les pa\u00edses le gustan a usted por la acogida que ha recibido su arte?\u00a0<\/strong>\n\nMis obras siempre han tenido buena aceptaci\u00f3n en todos los lugares donde las he llevado. Me siento muy afortunado de poder crear un trabajo que agrada y que despierta el inter\u00e9s del p\u00fablico independientemente del lugar donde se muestre.\n<p style=\"text-align: center;\"><strong>Daniel Infante y Wilfredo Torres posan para una foto con invitados de la exposici\u00f3n<\/strong>\n<img data-recalc-dims=\"1\" loading=\"lazy\" decoding=\"async\" class=\"aligncenter size-full wp-image-92950\" src=\"https:\/\/i0.wp.com\/casadecampoliving.com\/wp-content\/uploads\/2022\/10\/Daniel_Infante_Visitors-e1404412968793.jpg?resize=650%2C433&#038;ssl=1\" alt=\"Daniel Infante &amp; Visitors\" width=\"650\" height=\"433\" \/><\/p>\n<strong>@cdcliving: \u00bfQu\u00e9 le recomendar\u00eda usted a\u00a0j\u00f3venes\u00a0que est\u00e1n considerando entrar al\u00a0mundo del arte?\u00a0<\/strong>\n\nPienso que todo el que quiera emprender el arte solo tiene que trabajar por sus sue\u00f1os, solo trabajando mucho llegamos a algo interesante en materia art\u00edstica.\n\n<strong>@cdcliving: \u00bfCu\u00e1l es su obra favorita de las que se incluyen en \u00abAround the Bases\u00bb? \u00bfSiente usted alguna conexi\u00f3n m\u00e1s fuerte con alguna obra que otra?\u00a0<\/strong>\n\nEn \u00abAround the Bases\u00bb hay una mezcla de estilos y de t\u00e9cnicas. En este momento me siento muy atra\u00eddo por la serie de \u00abCaf\u00e9s\u00bb que se muestra en la exhibici\u00f3n. Crom\u00e1ticamente es un trabajo que se luce mucho en Altos de Chav\u00f3n. Siento que representa lo sublime del lugar. Quien visite la exposici\u00f3n se encontrar\u00e1 con obras de gran calidad art\u00edstica.\n\n<img data-recalc-dims=\"1\" loading=\"lazy\" decoding=\"async\" class=\"aligncenter size-full wp-image-92951\" src=\"https:\/\/i0.wp.com\/casadecampoliving.com\/wp-content\/uploads\/2022\/10\/Cafe-Daniel_Infante-e1404413340260.jpg?resize=650%2C433&#038;ssl=1\" alt=\"&quot;Caf\u00e9&quot; - Daniel Infante\" width=\"650\" height=\"433\" \/>\n\n<strong>@cdcliving: \u00bfC\u00f3mo conoci\u00f3 a Wilfredo Torres, y c\u00f3mo entraron los dos en colaboraci\u00f3n para eventos como este?\u00a0<\/strong>\n\nA Wilfredo Torres lo conoc\u00ed en Altos de Chav\u00f3n, el estaba como Artista en Residencia y adem\u00e1s fue mi profesor en la Escuela de Dise\u00f1o. Siempre hemos tenido una gran relaci\u00f3n, de admiraci\u00f3n y de cari\u00f1o. Nos reencontramos despu\u00e9s que regres\u00e9 de Brasil, yo fui a visitar Altos de Chav\u00f3n y el estaba realizando una exposici\u00f3n en La Galer\u00eda, ah\u00ed planeamos algunos proyectos y los hemos hecho realidad. Ya hemos hecho varias exposiciones juntos. Nos sentimos muy a gusto trabajando juntos.\n\n<strong>@cdcliving: \u00bfQu\u00e9 le inspira a crear sus obras? \u00bfTiene alg\u00fan proceso para conseguir im\u00e1genes o inspiraci\u00f3n?<\/strong>\n\nTengo muchas inspiraciones, me inspira mucho la figura humana y el paisaje ex\u00f3tico, el tr\u00f3pico, la est\u00e9tica y hasta la inteligencia. Por momentos el color salvaje y en otros la forma disonante. La literatura, m\u00fasica y los artistas tambi\u00e9n me alimentan. Las im\u00e1genes las consigo viendo arte pero tambi\u00e9n la realidad me ofrece im\u00e1genes. Mi m\u00e9todo principal es el de comenzar y dejar que la imagen se construya a medida que el trabajo se desarrolla.\u00a0\u00a0<span style=\"font-weight: 600; color: #444444;\">\n<figure class=\"wp-block-gallery has-nested-images columns-default is-cropped wp-block-gallery-1 is-layout-flex wp-block-gallery-is-layout-flex\">\n<figure class=\"wp-block-image size-large\"><img data-recalc-dims=\"1\" loading=\"lazy\" decoding=\"async\" width=\"800\" height=\"367\" data-id=\"480312\" src=\"https:\/\/i0.wp.com\/casadecampoliving.com\/wp-content\/uploads\/2022\/10\/i-25x5pnr-x3.jpg?resize=800%2C367&#038;ssl=1\" alt=\"\" class=\"wp-image-480312\" srcset=\"https:\/\/i0.wp.com\/casadecampoliving.com\/wp-content\/uploads\/2022\/10\/i-25x5pnr-x3.jpg?w=800&amp;ssl=1 800w, https:\/\/i0.wp.com\/casadecampoliving.com\/wp-content\/uploads\/2022\/10\/i-25x5pnr-x3.jpg?resize=300%2C138&amp;ssl=1 300w, https:\/\/i0.wp.com\/casadecampoliving.com\/wp-content\/uploads\/2022\/10\/i-25x5pnr-x3.jpg?resize=768%2C352&amp;ssl=1 768w, https:\/\/i0.wp.com\/casadecampoliving.com\/wp-content\/uploads\/2022\/10\/i-25x5pnr-x3.jpg?resize=400%2C184&amp;ssl=1 400w, https:\/\/i0.wp.com\/casadecampoliving.com\/wp-content\/uploads\/2022\/10\/i-25x5pnr-x3.jpg?resize=706%2C324&amp;ssl=1 706w, https:\/\/i0.wp.com\/casadecampoliving.com\/wp-content\/uploads\/2022\/10\/i-25x5pnr-x3.jpg?resize=150%2C69&amp;ssl=1 150w, https:\/\/i0.wp.com\/casadecampoliving.com\/wp-content\/uploads\/2022\/10\/i-25x5pnr-x3.jpg?w=370&amp;ssl=1 370w\" sizes=\"auto, (max-width: 800px) 100vw, 800px\" \/><\/figure>\n\n\n\n<figure class=\"wp-block-image size-large\"><img data-recalc-dims=\"1\" loading=\"lazy\" decoding=\"async\" width=\"800\" height=\"590\" data-id=\"480330\" src=\"https:\/\/i0.wp.com\/casadecampoliving.com\/wp-content\/uploads\/2022\/10\/i-ckgqdgj-x3.jpg?resize=800%2C590&#038;ssl=1\" alt=\"\" class=\"wp-image-480330\" srcset=\"https:\/\/i0.wp.com\/casadecampoliving.com\/wp-content\/uploads\/2022\/10\/i-ckgqdgj-x3.jpg?w=800&amp;ssl=1 800w, https:\/\/i0.wp.com\/casadecampoliving.com\/wp-content\/uploads\/2022\/10\/i-ckgqdgj-x3.jpg?resize=300%2C221&amp;ssl=1 300w, https:\/\/i0.wp.com\/casadecampoliving.com\/wp-content\/uploads\/2022\/10\/i-ckgqdgj-x3.jpg?resize=768%2C566&amp;ssl=1 768w, https:\/\/i0.wp.com\/casadecampoliving.com\/wp-content\/uploads\/2022\/10\/i-ckgqdgj-x3.jpg?resize=400%2C295&amp;ssl=1 400w, https:\/\/i0.wp.com\/casadecampoliving.com\/wp-content\/uploads\/2022\/10\/i-ckgqdgj-x3.jpg?resize=706%2C521&amp;ssl=1 706w, https:\/\/i0.wp.com\/casadecampoliving.com\/wp-content\/uploads\/2022\/10\/i-ckgqdgj-x3.jpg?resize=150%2C111&amp;ssl=1 150w, https:\/\/i0.wp.com\/casadecampoliving.com\/wp-content\/uploads\/2022\/10\/i-ckgqdgj-x3.jpg?w=370&amp;ssl=1 370w\" sizes=\"auto, (max-width: 800px) 100vw, 800px\" \/><\/figure>\n\n\n\n<figure class=\"wp-block-image size-large\"><img data-recalc-dims=\"1\" loading=\"lazy\" decoding=\"async\" width=\"800\" height=\"646\" data-id=\"480346\" src=\"https:\/\/i0.wp.com\/casadecampoliving.com\/wp-content\/uploads\/2022\/10\/i-gnbggqz-x3.jpg?resize=800%2C646&#038;ssl=1\" alt=\"\" class=\"wp-image-480346\" srcset=\"https:\/\/i0.wp.com\/casadecampoliving.com\/wp-content\/uploads\/2022\/10\/i-gnbggqz-x3.jpg?w=800&amp;ssl=1 800w, https:\/\/i0.wp.com\/casadecampoliving.com\/wp-content\/uploads\/2022\/10\/i-gnbggqz-x3.jpg?resize=300%2C242&amp;ssl=1 300w, https:\/\/i0.wp.com\/casadecampoliving.com\/wp-content\/uploads\/2022\/10\/i-gnbggqz-x3.jpg?resize=768%2C620&amp;ssl=1 768w, https:\/\/i0.wp.com\/casadecampoliving.com\/wp-content\/uploads\/2022\/10\/i-gnbggqz-x3.jpg?resize=400%2C323&amp;ssl=1 400w, https:\/\/i0.wp.com\/casadecampoliving.com\/wp-content\/uploads\/2022\/10\/i-gnbggqz-x3.jpg?resize=706%2C570&amp;ssl=1 706w, https:\/\/i0.wp.com\/casadecampoliving.com\/wp-content\/uploads\/2022\/10\/i-gnbggqz-x3.jpg?resize=150%2C121&amp;ssl=1 150w, https:\/\/i0.wp.com\/casadecampoliving.com\/wp-content\/uploads\/2022\/10\/i-gnbggqz-x3.jpg?w=370&amp;ssl=1 370w\" sizes=\"auto, (max-width: 800px) 100vw, 800px\" \/><\/figure>\n\n\n\n<figure class=\"wp-block-image size-large\"><img data-recalc-dims=\"1\" loading=\"lazy\" decoding=\"async\" width=\"800\" height=\"647\" data-id=\"480361\" src=\"https:\/\/i0.wp.com\/casadecampoliving.com\/wp-content\/uploads\/2022\/10\/i-k9wc3q6-x3.jpg?resize=800%2C647&#038;ssl=1\" alt=\"\" class=\"wp-image-480361\" srcset=\"https:\/\/i0.wp.com\/casadecampoliving.com\/wp-content\/uploads\/2022\/10\/i-k9wc3q6-x3.jpg?w=800&amp;ssl=1 800w, https:\/\/i0.wp.com\/casadecampoliving.com\/wp-content\/uploads\/2022\/10\/i-k9wc3q6-x3.jpg?resize=300%2C243&amp;ssl=1 300w, https:\/\/i0.wp.com\/casadecampoliving.com\/wp-content\/uploads\/2022\/10\/i-k9wc3q6-x3.jpg?resize=768%2C621&amp;ssl=1 768w, https:\/\/i0.wp.com\/casadecampoliving.com\/wp-content\/uploads\/2022\/10\/i-k9wc3q6-x3.jpg?resize=400%2C324&amp;ssl=1 400w, https:\/\/i0.wp.com\/casadecampoliving.com\/wp-content\/uploads\/2022\/10\/i-k9wc3q6-x3.jpg?resize=706%2C571&amp;ssl=1 706w, https:\/\/i0.wp.com\/casadecampoliving.com\/wp-content\/uploads\/2022\/10\/i-k9wc3q6-x3.jpg?resize=150%2C121&amp;ssl=1 150w, https:\/\/i0.wp.com\/casadecampoliving.com\/wp-content\/uploads\/2022\/10\/i-k9wc3q6-x3.jpg?w=370&amp;ssl=1 370w\" sizes=\"auto, (max-width: 800px) 100vw, 800px\" \/><\/figure>\n\n\n\n<figure class=\"wp-block-image size-large\"><img data-recalc-dims=\"1\" loading=\"lazy\" decoding=\"async\" width=\"800\" height=\"574\" data-id=\"480377\" src=\"https:\/\/i0.wp.com\/casadecampoliving.com\/wp-content\/uploads\/2022\/10\/i-wpxfr2h-x3.jpg?resize=800%2C574&#038;ssl=1\" alt=\"\" class=\"wp-image-480377\" srcset=\"https:\/\/i0.wp.com\/casadecampoliving.com\/wp-content\/uploads\/2022\/10\/i-wpxfr2h-x3.jpg?w=800&amp;ssl=1 800w, https:\/\/i0.wp.com\/casadecampoliving.com\/wp-content\/uploads\/2022\/10\/i-wpxfr2h-x3.jpg?resize=300%2C215&amp;ssl=1 300w, https:\/\/i0.wp.com\/casadecampoliving.com\/wp-content\/uploads\/2022\/10\/i-wpxfr2h-x3.jpg?resize=768%2C551&amp;ssl=1 768w, https:\/\/i0.wp.com\/casadecampoliving.com\/wp-content\/uploads\/2022\/10\/i-wpxfr2h-x3.jpg?resize=400%2C287&amp;ssl=1 400w, https:\/\/i0.wp.com\/casadecampoliving.com\/wp-content\/uploads\/2022\/10\/i-wpxfr2h-x3.jpg?resize=706%2C507&amp;ssl=1 706w, https:\/\/i0.wp.com\/casadecampoliving.com\/wp-content\/uploads\/2022\/10\/i-wpxfr2h-x3.jpg?resize=150%2C108&amp;ssl=1 150w, https:\/\/i0.wp.com\/casadecampoliving.com\/wp-content\/uploads\/2022\/10\/i-wpxfr2h-x3.jpg?w=370&amp;ssl=1 370w\" sizes=\"auto, (max-width: 800px) 100vw, 800px\" \/><\/figure>\n<\/figure>\n<\/span>\n<blockquote><strong>Exposici\u00f3n \u00abAround the Bases\u00bb<\/strong>\n\n<strong>\u00bfDonde? <\/strong>Galer\u00eda de Arte\u00a0Altos de Chav\u00f3n\n\n<strong>\u00bfCu\u00e1ndo?<\/strong>\u00a0Hasta el d\u00eda 12 de agosto, de 9:00 a.m. &#8211; 6:00 p.m. (la galer\u00eda no abre los mi\u00e9rcoles)\n\n<strong>Contacto:\u00a0<\/strong>(809) 523 &#8211; 8470<\/blockquote>","protected":false},"excerpt":{"rendered":"<p>Una de las estrellas de la exposici\u00f3n \u00abAround the Bases\u00bb de la Galer\u00eda Altos de Chav\u00f3n, Daniel Infante es un verdadero artista dominicano, y tenemos una entrevista exclusiva con el.<\/p>\n","protected":false},"author":18093,"featured_media":260372,"comment_status":"closed","ping_status":"closed","sticky":false,"template":"","format":"standard","meta":{"newspack_ads_suppress_ads":false,"newspack_popups_has_disabled_popups":false,"newspack_sponsor_sponsorship_scope":"","newspack_sponsor_native_byline_display":"inherit","newspack_sponsor_native_category_display":"inherit","newspack_sponsor_underwriter_style":"inherit","newspack_sponsor_underwriter_placement":"inherit","_newspack_byline_active":false,"_newspack_byline":"","newspack_hide_updated_date":false,"newspack_show_updated_date":false,"newspack_content_restriction_is_exempt":false,"newspack_featured_image_position":"","newspack_post_subtitle":"","newspack_article_summary_title":"Overview:","newspack_article_summary":"","_jetpack_memberships_contains_paid_content":false,"footnotes":"","jetpack_publicize_message":"","jetpack_publicize_feature_enabled":true,"jetpack_social_post_already_shared":false,"jetpack_social_options":{"image_generator_settings":{"template":"highway","default_image_id":0,"font":"","enabled":false},"version":2},"_wpas_customize_per_network":false},"categories":[26819,26823,2524,14625],"tags":[2536,14781,3626,9642,9643,6341,7829],"newspack_spnsrs_tax":[],"class_list":["post-344763","post","type-post","status-publish","format-standard","has-post-thumbnail","hentry","category-altos-de-chavon-es","category-arte-y-cultura","category-destacados","category-noticias-locales","tag-arte","tag-artista-es-6","tag-casa-de-campo-es","tag-obra","tag-obras","tag-pintura","tag-republica-dominicana-es","entry"],"yoast_head":"<!-- This site is optimized with the Yoast SEO plugin v27.5 - https:\/\/yoast.com\/product\/yoast-seo-wordpress\/ -->\n<title>Daniel Infante, \u00a1un artista verdaderamente apasionado! | Casa de Campo Living<\/title>\n<meta name=\"description\" content=\"Una de las estrellas de la exposici\u00f3n &quot;Around the Bases&quot; de la Galer\u00eda Altos de Chav\u00f3n, Daniel Infante es un verdadero artista dominicano, y tenemos una\" \/>\n<meta name=\"robots\" content=\"index, follow, max-snippet:-1, max-image-preview:large, max-video-preview:-1\" \/>\n<link rel=\"canonical\" href=\"https:\/\/casadecampoliving.com\/es\/entrevista-daniel-infante\/\" \/>\n<meta property=\"og:locale\" content=\"es_ES\" \/>\n<meta property=\"og:type\" content=\"article\" \/>\n<meta property=\"og:title\" content=\"Daniel Infante, \u00a1un artista verdaderamente apasionado! | Casa de Campo Living\" \/>\n<meta property=\"og:description\" content=\"Una de las estrellas de la exposici\u00f3n &quot;Around the Bases&quot; de la Galer\u00eda Altos de Chav\u00f3n, Daniel Infante es un verdadero artista dominicano, y tenemos una\" \/>\n<meta property=\"og:url\" content=\"https:\/\/casadecampoliving.com\/es\/entrevista-daniel-infante\/\" \/>\n<meta property=\"og:site_name\" content=\"Casa de Campo Living\" \/>\n<meta property=\"article:publisher\" content=\"https:\/\/www.facebook.com\/casadecampoliving\" \/>\n<meta property=\"article:published_time\" content=\"2014-07-18T04:00:00+00:00\" \/>\n<meta property=\"article:modified_time\" content=\"2022-11-10T14:37:34+00:00\" \/>\n<meta property=\"og:image\" content=\"https:\/\/i0.wp.com\/casadecampoliving.com\/wp-content\/uploads\/2022\/10\/Daniel_Infante_arte-1.jpg?fit=650%2C466&ssl=1\" \/>\n\t<meta property=\"og:image:width\" content=\"650\" \/>\n\t<meta property=\"og:image:height\" content=\"466\" \/>\n\t<meta property=\"og:image:type\" content=\"image\/jpeg\" \/>\n<meta name=\"author\" content=\"Emil Mella\" \/>\n<meta name=\"twitter:card\" content=\"summary_large_image\" \/>\n<meta name=\"twitter:creator\" content=\"@cdcliving\" \/>\n<meta name=\"twitter:site\" content=\"@cdcliving\" \/>\n<meta name=\"twitter:label1\" content=\"Escrito por\" \/>\n\t<meta name=\"twitter:data1\" content=\"Emil Mella\" \/>\n\t<meta name=\"twitter:label2\" content=\"Tiempo de lectura\" \/>\n\t<meta name=\"twitter:data2\" content=\"5 minutos\" \/>\n<script type=\"application\/ld+json\" class=\"yoast-schema-graph\">{\"@context\":\"https:\\\/\\\/schema.org\",\"@graph\":[{\"@type\":\"Article\",\"@id\":\"https:\\\/\\\/casadecampoliving.com\\\/es\\\/entrevista-daniel-infante\\\/#article\",\"isPartOf\":{\"@id\":\"https:\\\/\\\/casadecampoliving.com\\\/es\\\/entrevista-daniel-infante\\\/\"},\"author\":{\"name\":\"Emil Mella\",\"@id\":\"https:\\\/\\\/casadecampoliving.com\\\/es\\\/#\\\/schema\\\/person\\\/d12a5efec1fdc64b900715bce298e45b\"},\"headline\":\"Daniel Infante, \u00a1un artista verdaderamente apasionado!\",\"datePublished\":\"2014-07-18T04:00:00+00:00\",\"dateModified\":\"2022-11-10T14:37:34+00:00\",\"mainEntityOfPage\":{\"@id\":\"https:\\\/\\\/casadecampoliving.com\\\/es\\\/entrevista-daniel-infante\\\/\"},\"wordCount\":951,\"publisher\":{\"@id\":\"https:\\\/\\\/casadecampoliving.com\\\/es\\\/#organization\"},\"image\":{\"@id\":\"https:\\\/\\\/casadecampoliving.com\\\/es\\\/entrevista-daniel-infante\\\/#primaryimage\"},\"thumbnailUrl\":\"https:\\\/\\\/i0.wp.com\\\/casadecampoliving.com\\\/wp-content\\\/uploads\\\/2022\\\/10\\\/Daniel_Infante_arte-1.jpg?fit=650%2C466&ssl=1\",\"keywords\":[\"arte\",\"artista\",\"casa de campo @es\",\"obra\",\"obras\",\"pintura\",\"republica dominicana @.es\"],\"articleSection\":[\"Altos de Chavon @es\",\"Arte y cultura\",\"Destacados\",\"Noticias Locales\"],\"inLanguage\":\"es\"},{\"@type\":\"WebPage\",\"@id\":\"https:\\\/\\\/casadecampoliving.com\\\/es\\\/entrevista-daniel-infante\\\/\",\"url\":\"https:\\\/\\\/casadecampoliving.com\\\/es\\\/entrevista-daniel-infante\\\/\",\"name\":\"Daniel Infante, \u00a1un artista verdaderamente apasionado! | Casa de Campo Living\",\"isPartOf\":{\"@id\":\"https:\\\/\\\/casadecampoliving.com\\\/es\\\/#website\"},\"primaryImageOfPage\":{\"@id\":\"https:\\\/\\\/casadecampoliving.com\\\/es\\\/entrevista-daniel-infante\\\/#primaryimage\"},\"image\":{\"@id\":\"https:\\\/\\\/casadecampoliving.com\\\/es\\\/entrevista-daniel-infante\\\/#primaryimage\"},\"thumbnailUrl\":\"https:\\\/\\\/i0.wp.com\\\/casadecampoliving.com\\\/wp-content\\\/uploads\\\/2022\\\/10\\\/Daniel_Infante_arte-1.jpg?fit=650%2C466&ssl=1\",\"datePublished\":\"2014-07-18T04:00:00+00:00\",\"dateModified\":\"2022-11-10T14:37:34+00:00\",\"description\":\"Una de las estrellas de la exposici\u00f3n \\\"Around the Bases\\\" de la Galer\u00eda Altos de Chav\u00f3n, Daniel Infante es un verdadero artista dominicano, y tenemos una\",\"breadcrumb\":{\"@id\":\"https:\\\/\\\/casadecampoliving.com\\\/es\\\/entrevista-daniel-infante\\\/#breadcrumb\"},\"inLanguage\":\"es\",\"potentialAction\":[{\"@type\":\"ReadAction\",\"target\":[\"https:\\\/\\\/casadecampoliving.com\\\/es\\\/entrevista-daniel-infante\\\/\"]}]},{\"@type\":\"ImageObject\",\"inLanguage\":\"es\",\"@id\":\"https:\\\/\\\/casadecampoliving.com\\\/es\\\/entrevista-daniel-infante\\\/#primaryimage\",\"url\":\"https:\\\/\\\/i0.wp.com\\\/casadecampoliving.com\\\/wp-content\\\/uploads\\\/2022\\\/10\\\/Daniel_Infante_arte-1.jpg?fit=650%2C466&ssl=1\",\"contentUrl\":\"https:\\\/\\\/i0.wp.com\\\/casadecampoliving.com\\\/wp-content\\\/uploads\\\/2022\\\/10\\\/Daniel_Infante_arte-1.jpg?fit=650%2C466&ssl=1\",\"width\":650,\"height\":466,\"caption\":\"Daniel Infante arte\"},{\"@type\":\"BreadcrumbList\",\"@id\":\"https:\\\/\\\/casadecampoliving.com\\\/es\\\/entrevista-daniel-infante\\\/#breadcrumb\",\"itemListElement\":[{\"@type\":\"ListItem\",\"position\":1,\"name\":\"Home\",\"item\":\"https:\\\/\\\/casadecampoliving.com\\\/es\\\/\"},{\"@type\":\"ListItem\",\"position\":2,\"name\":\"Daniel Infante, \u00a1un artista verdaderamente apasionado!\"}]},{\"@type\":\"WebSite\",\"@id\":\"https:\\\/\\\/casadecampoliving.com\\\/es\\\/#website\",\"url\":\"https:\\\/\\\/casadecampoliving.com\\\/es\\\/\",\"name\":\"Casa de Campo Living\",\"description\":\"Resort community news and resources.\",\"publisher\":{\"@id\":\"https:\\\/\\\/casadecampoliving.com\\\/es\\\/#organization\"},\"potentialAction\":[{\"@type\":\"SearchAction\",\"target\":{\"@type\":\"EntryPoint\",\"urlTemplate\":\"https:\\\/\\\/casadecampoliving.com\\\/es\\\/?s={search_term_string}\"},\"query-input\":{\"@type\":\"PropertyValueSpecification\",\"valueRequired\":true,\"valueName\":\"search_term_string\"}}],\"inLanguage\":\"es\"},{\"@type\":\"Organization\",\"@id\":\"https:\\\/\\\/casadecampoliving.com\\\/es\\\/#organization\",\"name\":\"Casa de Campo Living\",\"url\":\"https:\\\/\\\/casadecampoliving.com\\\/es\\\/\",\"logo\":{\"@type\":\"ImageObject\",\"inLanguage\":\"es\",\"@id\":\"https:\\\/\\\/casadecampoliving.com\\\/es\\\/#\\\/schema\\\/logo\\\/image\\\/\",\"url\":\"https:\\\/\\\/i0.wp.com\\\/casadecampoliving.com\\\/wp-content\\\/uploads\\\/2022\\\/07\\\/CDCLivingLogo_V1-white-sized.png?fit=800%2C214&ssl=1\",\"contentUrl\":\"https:\\\/\\\/i0.wp.com\\\/casadecampoliving.com\\\/wp-content\\\/uploads\\\/2022\\\/07\\\/CDCLivingLogo_V1-white-sized.png?fit=800%2C214&ssl=1\",\"width\":800,\"height\":214,\"caption\":\"Casa de Campo Living\"},\"image\":{\"@id\":\"https:\\\/\\\/casadecampoliving.com\\\/es\\\/#\\\/schema\\\/logo\\\/image\\\/\"},\"sameAs\":[\"https:\\\/\\\/www.facebook.com\\\/casadecampoliving\",\"https:\\\/\\\/x.com\\\/cdcliving\"]},{\"@type\":\"Person\",\"@id\":\"https:\\\/\\\/casadecampoliving.com\\\/es\\\/#\\\/schema\\\/person\\\/d12a5efec1fdc64b900715bce298e45b\",\"name\":\"Emil Mella\",\"image\":{\"@type\":\"ImageObject\",\"inLanguage\":\"es\",\"@id\":\"https:\\\/\\\/secure.gravatar.com\\\/avatar\\\/4e9e3292f2d31d6433db3b53db07d9803a6b11077575fa898c13ca6b8962c812?s=96&d=mm&r=g\",\"url\":\"https:\\\/\\\/secure.gravatar.com\\\/avatar\\\/4e9e3292f2d31d6433db3b53db07d9803a6b11077575fa898c13ca6b8962c812?s=96&d=mm&r=g\",\"contentUrl\":\"https:\\\/\\\/secure.gravatar.com\\\/avatar\\\/4e9e3292f2d31d6433db3b53db07d9803a6b11077575fa898c13ca6b8962c812?s=96&d=mm&r=g\",\"caption\":\"Emil Mella\"},\"url\":\"https:\\\/\\\/casadecampoliving.com\\\/es\\\/author\\\/emil-mella\\\/\"}]}<\/script>\n<!-- \/ Yoast SEO plugin. -->","yoast_head_json":{"title":"Daniel Infante, \u00a1un artista verdaderamente apasionado! | Casa de Campo Living","description":"Una de las estrellas de la exposici\u00f3n \"Around the Bases\" de la Galer\u00eda Altos de Chav\u00f3n, Daniel Infante es un verdadero artista dominicano, y tenemos una","robots":{"index":"index","follow":"follow","max-snippet":"max-snippet:-1","max-image-preview":"max-image-preview:large","max-video-preview":"max-video-preview:-1"},"canonical":"https:\/\/casadecampoliving.com\/es\/entrevista-daniel-infante\/","og_locale":"es_ES","og_type":"article","og_title":"Daniel Infante, \u00a1un artista verdaderamente apasionado! | Casa de Campo Living","og_description":"Una de las estrellas de la exposici\u00f3n \"Around the Bases\" de la Galer\u00eda Altos de Chav\u00f3n, Daniel Infante es un verdadero artista dominicano, y tenemos una","og_url":"https:\/\/casadecampoliving.com\/es\/entrevista-daniel-infante\/","og_site_name":"Casa de Campo Living","article_publisher":"https:\/\/www.facebook.com\/casadecampoliving","article_published_time":"2014-07-18T04:00:00+00:00","article_modified_time":"2022-11-10T14:37:34+00:00","og_image":[{"width":650,"height":466,"url":"https:\/\/i0.wp.com\/casadecampoliving.com\/wp-content\/uploads\/2022\/10\/Daniel_Infante_arte-1.jpg?fit=650%2C466&ssl=1","type":"image\/jpeg"}],"author":"Emil Mella","twitter_card":"summary_large_image","twitter_creator":"@cdcliving","twitter_site":"@cdcliving","twitter_misc":{"Escrito por":"Emil Mella","Tiempo de lectura":"5 minutos"},"schema":{"@context":"https:\/\/schema.org","@graph":[{"@type":"Article","@id":"https:\/\/casadecampoliving.com\/es\/entrevista-daniel-infante\/#article","isPartOf":{"@id":"https:\/\/casadecampoliving.com\/es\/entrevista-daniel-infante\/"},"author":{"name":"Emil Mella","@id":"https:\/\/casadecampoliving.com\/es\/#\/schema\/person\/d12a5efec1fdc64b900715bce298e45b"},"headline":"Daniel Infante, \u00a1un artista verdaderamente apasionado!","datePublished":"2014-07-18T04:00:00+00:00","dateModified":"2022-11-10T14:37:34+00:00","mainEntityOfPage":{"@id":"https:\/\/casadecampoliving.com\/es\/entrevista-daniel-infante\/"},"wordCount":951,"publisher":{"@id":"https:\/\/casadecampoliving.com\/es\/#organization"},"image":{"@id":"https:\/\/casadecampoliving.com\/es\/entrevista-daniel-infante\/#primaryimage"},"thumbnailUrl":"https:\/\/i0.wp.com\/casadecampoliving.com\/wp-content\/uploads\/2022\/10\/Daniel_Infante_arte-1.jpg?fit=650%2C466&ssl=1","keywords":["arte","artista","casa de campo @es","obra","obras","pintura","republica dominicana @.es"],"articleSection":["Altos de Chavon @es","Arte y cultura","Destacados","Noticias Locales"],"inLanguage":"es"},{"@type":"WebPage","@id":"https:\/\/casadecampoliving.com\/es\/entrevista-daniel-infante\/","url":"https:\/\/casadecampoliving.com\/es\/entrevista-daniel-infante\/","name":"Daniel Infante, \u00a1un artista verdaderamente apasionado! | Casa de Campo Living","isPartOf":{"@id":"https:\/\/casadecampoliving.com\/es\/#website"},"primaryImageOfPage":{"@id":"https:\/\/casadecampoliving.com\/es\/entrevista-daniel-infante\/#primaryimage"},"image":{"@id":"https:\/\/casadecampoliving.com\/es\/entrevista-daniel-infante\/#primaryimage"},"thumbnailUrl":"https:\/\/i0.wp.com\/casadecampoliving.com\/wp-content\/uploads\/2022\/10\/Daniel_Infante_arte-1.jpg?fit=650%2C466&ssl=1","datePublished":"2014-07-18T04:00:00+00:00","dateModified":"2022-11-10T14:37:34+00:00","description":"Una de las estrellas de la exposici\u00f3n \"Around the Bases\" de la Galer\u00eda Altos de Chav\u00f3n, Daniel Infante es un verdadero artista dominicano, y tenemos una","breadcrumb":{"@id":"https:\/\/casadecampoliving.com\/es\/entrevista-daniel-infante\/#breadcrumb"},"inLanguage":"es","potentialAction":[{"@type":"ReadAction","target":["https:\/\/casadecampoliving.com\/es\/entrevista-daniel-infante\/"]}]},{"@type":"ImageObject","inLanguage":"es","@id":"https:\/\/casadecampoliving.com\/es\/entrevista-daniel-infante\/#primaryimage","url":"https:\/\/i0.wp.com\/casadecampoliving.com\/wp-content\/uploads\/2022\/10\/Daniel_Infante_arte-1.jpg?fit=650%2C466&ssl=1","contentUrl":"https:\/\/i0.wp.com\/casadecampoliving.com\/wp-content\/uploads\/2022\/10\/Daniel_Infante_arte-1.jpg?fit=650%2C466&ssl=1","width":650,"height":466,"caption":"Daniel Infante arte"},{"@type":"BreadcrumbList","@id":"https:\/\/casadecampoliving.com\/es\/entrevista-daniel-infante\/#breadcrumb","itemListElement":[{"@type":"ListItem","position":1,"name":"Home","item":"https:\/\/casadecampoliving.com\/es\/"},{"@type":"ListItem","position":2,"name":"Daniel Infante, \u00a1un artista verdaderamente apasionado!"}]},{"@type":"WebSite","@id":"https:\/\/casadecampoliving.com\/es\/#website","url":"https:\/\/casadecampoliving.com\/es\/","name":"Casa de Campo Living","description":"Resort community news and resources.","publisher":{"@id":"https:\/\/casadecampoliving.com\/es\/#organization"},"potentialAction":[{"@type":"SearchAction","target":{"@type":"EntryPoint","urlTemplate":"https:\/\/casadecampoliving.com\/es\/?s={search_term_string}"},"query-input":{"@type":"PropertyValueSpecification","valueRequired":true,"valueName":"search_term_string"}}],"inLanguage":"es"},{"@type":"Organization","@id":"https:\/\/casadecampoliving.com\/es\/#organization","name":"Casa de Campo Living","url":"https:\/\/casadecampoliving.com\/es\/","logo":{"@type":"ImageObject","inLanguage":"es","@id":"https:\/\/casadecampoliving.com\/es\/#\/schema\/logo\/image\/","url":"https:\/\/i0.wp.com\/casadecampoliving.com\/wp-content\/uploads\/2022\/07\/CDCLivingLogo_V1-white-sized.png?fit=800%2C214&ssl=1","contentUrl":"https:\/\/i0.wp.com\/casadecampoliving.com\/wp-content\/uploads\/2022\/07\/CDCLivingLogo_V1-white-sized.png?fit=800%2C214&ssl=1","width":800,"height":214,"caption":"Casa de Campo Living"},"image":{"@id":"https:\/\/casadecampoliving.com\/es\/#\/schema\/logo\/image\/"},"sameAs":["https:\/\/www.facebook.com\/casadecampoliving","https:\/\/x.com\/cdcliving"]},{"@type":"Person","@id":"https:\/\/casadecampoliving.com\/es\/#\/schema\/person\/d12a5efec1fdc64b900715bce298e45b","name":"Emil Mella","image":{"@type":"ImageObject","inLanguage":"es","@id":"https:\/\/secure.gravatar.com\/avatar\/4e9e3292f2d31d6433db3b53db07d9803a6b11077575fa898c13ca6b8962c812?s=96&d=mm&r=g","url":"https:\/\/secure.gravatar.com\/avatar\/4e9e3292f2d31d6433db3b53db07d9803a6b11077575fa898c13ca6b8962c812?s=96&d=mm&r=g","contentUrl":"https:\/\/secure.gravatar.com\/avatar\/4e9e3292f2d31d6433db3b53db07d9803a6b11077575fa898c13ca6b8962c812?s=96&d=mm&r=g","caption":"Emil Mella"},"url":"https:\/\/casadecampoliving.com\/es\/author\/emil-mella\/"}]}},"parsely":{"version":"1.1.0","canonical_url":"https:\/\/casadecampoliving.com\/es\/entrevista-daniel-infante\/","smart_links":{"inbound":0,"outbound":0},"traffic_boost_suggestions_count":0,"meta":{"@context":"https:\/\/schema.org","@type":"NewsArticle","headline":"Daniel Infante, \u00a1un artista verdaderamente apasionado!","url":"http:\/\/casadecampoliving.com\/es\/entrevista-daniel-infante\/","mainEntityOfPage":{"@type":"WebPage","@id":"http:\/\/casadecampoliving.com\/es\/entrevista-daniel-infante\/"},"thumbnailUrl":"https:\/\/i0.wp.com\/casadecampoliving.com\/wp-content\/uploads\/2022\/10\/Daniel_Infante_arte-1.jpg?resize=150%2C150&ssl=1","image":{"@type":"ImageObject","url":"https:\/\/i0.wp.com\/casadecampoliving.com\/wp-content\/uploads\/2022\/10\/Daniel_Infante_arte-1.jpg?fit=650%2C466&ssl=1"},"articleSection":"Altos de Chavon @es","author":[{"@type":"Person","name":"Emil Mella"}],"creator":["Emil Mella"],"publisher":{"@type":"Organization","name":"Casa de Campo Living","logo":"https:\/\/casadecampoliving.com\/wp-content\/uploads\/2022\/07\/CDCLivingLogo_V1-white-sized.png"},"keywords":["arte","artista","casa de campo @es","obra","obras","pintura","republica dominicana @.es"],"dateCreated":"2014-07-18T04:00:00Z","datePublished":"2014-07-18T04:00:00Z","dateModified":"2022-11-10T14:37:34Z"},"rendered":"<script type=\"application\/ld+json\" class=\"wp-parsely-metadata\">{\"@context\":\"https:\\\/\\\/schema.org\",\"@type\":\"NewsArticle\",\"headline\":\"Daniel Infante, \\u00a1un artista verdaderamente apasionado!\",\"url\":\"http:\\\/\\\/casadecampoliving.com\\\/es\\\/entrevista-daniel-infante\\\/\",\"mainEntityOfPage\":{\"@type\":\"WebPage\",\"@id\":\"http:\\\/\\\/casadecampoliving.com\\\/es\\\/entrevista-daniel-infante\\\/\"},\"thumbnailUrl\":\"https:\\\/\\\/i0.wp.com\\\/casadecampoliving.com\\\/wp-content\\\/uploads\\\/2022\\\/10\\\/Daniel_Infante_arte-1.jpg?resize=150%2C150&ssl=1\",\"image\":{\"@type\":\"ImageObject\",\"url\":\"https:\\\/\\\/i0.wp.com\\\/casadecampoliving.com\\\/wp-content\\\/uploads\\\/2022\\\/10\\\/Daniel_Infante_arte-1.jpg?fit=650%2C466&ssl=1\"},\"articleSection\":\"Altos de Chavon @es\",\"author\":[{\"@type\":\"Person\",\"name\":\"Emil Mella\"}],\"creator\":[\"Emil Mella\"],\"publisher\":{\"@type\":\"Organization\",\"name\":\"Casa de Campo Living\",\"logo\":\"https:\\\/\\\/casadecampoliving.com\\\/wp-content\\\/uploads\\\/2022\\\/07\\\/CDCLivingLogo_V1-white-sized.png\"},\"keywords\":[\"arte\",\"artista\",\"casa de campo @es\",\"obra\",\"obras\",\"pintura\",\"republica dominicana @.es\"],\"dateCreated\":\"2014-07-18T04:00:00Z\",\"datePublished\":\"2014-07-18T04:00:00Z\",\"dateModified\":\"2022-11-10T14:37:34Z\"}<\/script>","tracker_url":"https:\/\/cdn.parsely.com\/keys\/casadecampoliving.com\/p.js"},"jetpack_publicize_connections":[],"jetpack_featured_media_url":"https:\/\/i0.wp.com\/casadecampoliving.com\/wp-content\/uploads\/2022\/10\/Daniel_Infante_arte-1.jpg?fit=650%2C466&ssl=1","jetpack-related-posts":[{"id":344644,"url":"https:\/\/casadecampoliving.com\/es\/around-the-bases-es\/","url_meta":{"origin":344763,"position":0},"title":"\u00a1Exposici\u00f3n de Arte \u00abAround the Bases\u00bb viene a Altos de Chav\u00f3n!","author":"Emil Mella","date":"21 Jun, 2014","format":false,"excerpt":"\u201cAround the Bases\u201d, una exposici\u00f3n de arte centrada alrededor de las obras de\u00a0Daniel Infante y Wilfredo Torres, viene a Casa de Campo \u2013 \u00a1y nosotros tenemos todos los datos! \u00a1Que no se les olvide la fecha! Empezando el viernes 27 de junio y acabando el 12 de agosto, la Galer\u00eda\u2026","rel":"","context":"En \u00abAltos de Chavon @es\u00bb","block_context":{"text":"Altos de Chavon @es","link":"https:\/\/casadecampoliving.com\/category\/altos-de-chavon-es\/"},"img":{"alt_text":"wilfredo torres artwork","src":"https:\/\/i0.wp.com\/casadecampoliving.com\/wp-content\/uploads\/2022\/10\/wilfredo-1.jpg?fit=650%2C366&ssl=1&resize=350%2C200","width":350,"height":200,"srcset":"https:\/\/i0.wp.com\/casadecampoliving.com\/wp-content\/uploads\/2022\/10\/wilfredo-1.jpg?fit=650%2C366&ssl=1&resize=350%2C200 1x, https:\/\/i0.wp.com\/casadecampoliving.com\/wp-content\/uploads\/2022\/10\/wilfredo-1.jpg?fit=650%2C366&ssl=1&resize=525%2C300 1.5x"},"classes":[]},{"id":344721,"url":"https:\/\/casadecampoliving.com\/es\/exposicion-around-bases-abre-en-galeria-altos-de-chavon\/","url_meta":{"origin":344763,"position":1},"title":"Exposici\u00f3n \u00abAround the Bases\u00bb abre en Galer\u00eda Altos de Chav\u00f3n","author":"Emil Mella","date":"2 Jul, 2014","format":false,"excerpt":"La exhibici\u00f3n de \u00a0arte `Around the Bases\u00b4 tuvo su apertura en la Galer\u00eda Altos de Chav\u00f3n, presentando maravillosas obras de arte creadas por Daniel Infante y Wilfredo Torres. Quiz\u00e1s recuerden,que hace un par de semanas, los invitamos a visitar `Around the Bases\u00b4, una exposici\u00f3n de las obras de dos talentosos\u2026","rel":"","context":"En \u00abAltos de Chavon @es\u00bb","block_context":{"text":"Altos de Chavon @es","link":"https:\/\/casadecampoliving.com\/category\/altos-de-chavon-es\/"},"img":{"alt_text":"Around the Bases Exhibit","src":"https:\/\/i0.wp.com\/casadecampoliving.com\/wp-content\/uploads\/2022\/10\/dsc_0019-e1404228294214-1.jpg?fit=650%2C433&ssl=1&resize=350%2C200","width":350,"height":200,"srcset":"https:\/\/i0.wp.com\/casadecampoliving.com\/wp-content\/uploads\/2022\/10\/dsc_0019-e1404228294214-1.jpg?fit=650%2C433&ssl=1&resize=350%2C200 1x, https:\/\/i0.wp.com\/casadecampoliving.com\/wp-content\/uploads\/2022\/10\/dsc_0019-e1404228294214-1.jpg?fit=650%2C433&ssl=1&resize=525%2C300 1.5x"},"classes":[]},{"id":433460,"url":"https:\/\/casadecampoliving.com\/es\/no-se-pierdan-el-increible-tributo-a-frank-sinatra-para-celebrar-el-40-aniversario-del-anfiteatro-altos-de-chavon\/","url_meta":{"origin":344763,"position":2},"title":"No se pierdan el incre\u00edble tributo a Frank Sinatra para celebrar el 40 aniversario del\u00a0Anfiteatro Altos de Chav\u00f3n","author":"Casa de Campo Living","date":"20 Oct, 2022","format":false,"excerpt":"Siendo uno de los escenarios m\u00e1s emblem\u00e1ticos del pa\u00eds, Casa de Campo Resort\u00ae & Villas celebra las cuatro d\u00e9cadas de aniversario de Altos de Chav\u00f3n con un tributo al gran Frank Sinatra, protagonizado por artistas invitados y una big band tal cual la que acompa\u00f1\u00f3 al artista hace 40 a\u00f1os\u2026","rel":"","context":"En \u00abUncategorized @es\u00bb","block_context":{"text":"Uncategorized @es","link":"https:\/\/casadecampoliving.com\/es\/category\/uncategorized-es\/"},"img":{"alt_text":"","src":"https:\/\/i0.wp.com\/casadecampoliving.com\/wp-content\/uploads\/2022\/10\/Tributo-Frank-Sinatra-Foto-Principal-Amaury-Sanchez-Danilo-Ginebra-Andres-Pichardo-y-Jose-Gabriel-Perez-.jpg?fit=1200%2C873&ssl=1&resize=350%2C200","width":350,"height":200,"srcset":"https:\/\/i0.wp.com\/casadecampoliving.com\/wp-content\/uploads\/2022\/10\/Tributo-Frank-Sinatra-Foto-Principal-Amaury-Sanchez-Danilo-Ginebra-Andres-Pichardo-y-Jose-Gabriel-Perez-.jpg?fit=1200%2C873&ssl=1&resize=350%2C200 1x, https:\/\/i0.wp.com\/casadecampoliving.com\/wp-content\/uploads\/2022\/10\/Tributo-Frank-Sinatra-Foto-Principal-Amaury-Sanchez-Danilo-Ginebra-Andres-Pichardo-y-Jose-Gabriel-Perez-.jpg?fit=1200%2C873&ssl=1&resize=525%2C300 1.5x, https:\/\/i0.wp.com\/casadecampoliving.com\/wp-content\/uploads\/2022\/10\/Tributo-Frank-Sinatra-Foto-Principal-Amaury-Sanchez-Danilo-Ginebra-Andres-Pichardo-y-Jose-Gabriel-Perez-.jpg?fit=1200%2C873&ssl=1&resize=700%2C400 2x, https:\/\/i0.wp.com\/casadecampoliving.com\/wp-content\/uploads\/2022\/10\/Tributo-Frank-Sinatra-Foto-Principal-Amaury-Sanchez-Danilo-Ginebra-Andres-Pichardo-y-Jose-Gabriel-Perez-.jpg?fit=1200%2C873&ssl=1&resize=1050%2C600 3x"},"classes":[]},{"id":344807,"url":"https:\/\/casadecampoliving.com\/es\/entrevista-wilfredo-torres\/","url_meta":{"origin":344763,"position":3},"title":"Wilfredo Torres, un verdadero veterano del mundo del arte","author":"Emil Mella","date":"15 Ago, 2014","format":false,"excerpt":"Uno de los dos artistas honrados de la exposici\u00f3n \u201cAround the Bases\u201d en Altos de Chav\u00f3n, el artista cubano Wilfredo Torres representa una historia viva del arte caribe\u00f1o, y aqu\u00ed tenemos una entrevista entrevista con el maestro mismo.\u00a0La exhibici\u00f3n \u201cAround the Bases\u201d en la Galer\u00eda Altos de Chav\u00f3n fue una\u2026","rel":"","context":"En \u00abAltos de Chavon @es\u00bb","block_context":{"text":"Altos de Chavon @es","link":"https:\/\/casadecampoliving.com\/category\/altos-de-chavon-es\/"},"img":{"alt_text":"Wilfred Torres artista","src":"https:\/\/i0.wp.com\/casadecampoliving.com\/wp-content\/uploads\/2022\/10\/Wilfred_Torres_artista-1.jpg?fit=650%2C433&ssl=1&resize=350%2C200","width":350,"height":200,"srcset":"https:\/\/i0.wp.com\/casadecampoliving.com\/wp-content\/uploads\/2022\/10\/Wilfred_Torres_artista-1.jpg?fit=650%2C433&ssl=1&resize=350%2C200 1x, https:\/\/i0.wp.com\/casadecampoliving.com\/wp-content\/uploads\/2022\/10\/Wilfred_Torres_artista-1.jpg?fit=650%2C433&ssl=1&resize=525%2C300 1.5x"},"classes":[]},{"id":346241,"url":"https:\/\/casadecampoliving.com\/es\/un-coctel-artistico-con-claudia-bonetti-hugh-wilson\/","url_meta":{"origin":344763,"position":4},"title":"Un c\u00f3ctel art\u00edstico con Claudia Bonetti &#038; Hugh Wilson","author":"Daniela Medina","date":"12 Dic, 2014","format":false,"excerpt":"Este a\u00f1o, la exposici\u00f3n de Artistas en Residencia de oto\u00f1o ha sido excepcional en todos los sentidos. El s\u00e1bado 6 de diciembre, Claudina Bonetti organiz\u00f3 un elegante c\u00f3ctel de recepci\u00f3n que uni\u00f3 a la comunidad de Casa de Campo, en su amor por el arte. Con su esposo, Hugh Wilson,\u2026","rel":"","context":"En \u00abAltos de Chavon @es\u00bb","block_context":{"text":"Altos de Chavon @es","link":"https:\/\/casadecampoliving.com\/category\/altos-de-chavon-es\/"},"img":{"alt_text":"Hugh Wilson, Claudina Bonetti","src":"https:\/\/i0.wp.com\/casadecampoliving.com\/wp-content\/uploads\/2022\/10\/Hugh_Wilson_Claudina_Bonetti-1.jpg?fit=650%2C521&ssl=1&resize=350%2C200","width":350,"height":200,"srcset":"https:\/\/i0.wp.com\/casadecampoliving.com\/wp-content\/uploads\/2022\/10\/Hugh_Wilson_Claudina_Bonetti-1.jpg?fit=650%2C521&ssl=1&resize=350%2C200 1x, https:\/\/i0.wp.com\/casadecampoliving.com\/wp-content\/uploads\/2022\/10\/Hugh_Wilson_Claudina_Bonetti-1.jpg?fit=650%2C521&ssl=1&resize=525%2C300 1.5x"},"classes":[]},{"id":354409,"url":"https:\/\/casadecampoliving.com\/es\/wao-galeria-en-altos-de-chavon-presenta-la-exhibicion-caida-del-artista-joaquin-basanta\/","url_meta":{"origin":344763,"position":5},"title":"WAO Galer\u00eda en Altos de Chav\u00f3n presenta la exhibici\u00f3n \u201cCa\u00edda\u201d del artista Joaqu\u00edn Basanta","author":"Casa de Campo Living","date":"11 Jun, 2022","format":false,"excerpt":"Dentro de las exhibiciones del 2022, WAO Galer\u00eda Centro Cultural ubicada en Altos de Chav\u00f3n, contin\u00faa presentando al pa\u00eds y al mundo obras y exposiciones de grandes artistas dominicanos e internacionales, adem\u00e1s de brindar la oportunidad a noveles artistas de mostrar sus obras. El pr\u00f3ximo 17 de junio se inaugurar\u00e1\u2026","rel":"","context":"En \u00abAltos de Chavon @es\u00bb","block_context":{"text":"Altos de Chavon @es","link":"https:\/\/casadecampoliving.com\/category\/altos-de-chavon-es\/"},"img":{"alt_text":"","src":"https:\/\/i0.wp.com\/casadecampoliving.com\/wp-content\/uploads\/2022\/10\/IMG_5363.jpg?fit=1000%2C613&ssl=1&resize=350%2C200","width":350,"height":200,"srcset":"https:\/\/i0.wp.com\/casadecampoliving.com\/wp-content\/uploads\/2022\/10\/IMG_5363.jpg?fit=1000%2C613&ssl=1&resize=350%2C200 1x, https:\/\/i0.wp.com\/casadecampoliving.com\/wp-content\/uploads\/2022\/10\/IMG_5363.jpg?fit=1000%2C613&ssl=1&resize=525%2C300 1.5x, https:\/\/i0.wp.com\/casadecampoliving.com\/wp-content\/uploads\/2022\/10\/IMG_5363.jpg?fit=1000%2C613&ssl=1&resize=700%2C400 2x"},"classes":[]}],"jetpack_sharing_enabled":true,"_links":{"self":[{"href":"https:\/\/casadecampoliving.com\/es\/wp-json\/wp\/v2\/posts\/344763","targetHints":{"allow":["GET"]}}],"collection":[{"href":"https:\/\/casadecampoliving.com\/es\/wp-json\/wp\/v2\/posts"}],"about":[{"href":"https:\/\/casadecampoliving.com\/es\/wp-json\/wp\/v2\/types\/post"}],"author":[{"embeddable":true,"href":"https:\/\/casadecampoliving.com\/es\/wp-json\/wp\/v2\/users\/18093"}],"replies":[{"embeddable":true,"href":"https:\/\/casadecampoliving.com\/es\/wp-json\/wp\/v2\/comments?post=344763"}],"version-history":[{"count":2,"href":"https:\/\/casadecampoliving.com\/es\/wp-json\/wp\/v2\/posts\/344763\/revisions"}],"predecessor-version":[{"id":508232,"href":"https:\/\/casadecampoliving.com\/es\/wp-json\/wp\/v2\/posts\/344763\/revisions\/508232"}],"wp:featuredmedia":[{"embeddable":true,"href":"https:\/\/casadecampoliving.com\/es\/wp-json\/wp\/v2\/media\/260372"}],"wp:attachment":[{"href":"https:\/\/casadecampoliving.com\/es\/wp-json\/wp\/v2\/media?parent=344763"}],"wp:term":[{"taxonomy":"category","embeddable":true,"href":"https:\/\/casadecampoliving.com\/es\/wp-json\/wp\/v2\/categories?post=344763"},{"taxonomy":"post_tag","embeddable":true,"href":"https:\/\/casadecampoliving.com\/es\/wp-json\/wp\/v2\/tags?post=344763"},{"taxonomy":"newspack_spnsrs_tax","embeddable":true,"href":"https:\/\/casadecampoliving.com\/es\/wp-json\/wp\/v2\/newspack_spnsrs_tax?post=344763"}],"curies":[{"name":"wp","href":"https:\/\/api.w.org\/{rel}","templated":true}]}}