{"id":344747,"date":"2014-08-16T00:00:00","date_gmt":"2014-08-16T04:00:00","guid":{"rendered":"https:\/\/casadecampoliving.com\/manati-peligro-de-extincion\/"},"modified":"2022-10-21T18:56:02","modified_gmt":"2022-10-21T22:56:02","slug":"manati-peligro-de-extincion","status":"publish","type":"post","link":"https:\/\/casadecampoliving.com\/es\/manati-peligro-de-extincion\/","title":{"rendered":"Manat\u00ed en peligro de extinci\u00f3n"},"content":{"rendered":"<div class=\"wp-block-image\">\n<figure class=\"aligncenter is-resized\"><img loading=\"lazy\" decoding=\"async\" src=\"https:\/\/i0.wp.com\/casadecampoliving.com\/wp-content\/uploads\/2022\/10\/manatee.jpg?resize=650%2C434&amp;ssl=1\" alt=\"Manatee\" class=\"wp-image-92810\" height=\"434\" width=\"650\"\/><\/figure>\n<\/div>\n\n\n<p>Nuestros queridos amigos marinos est\u00e1n en peligro de extinci\u00f3n. \u00bfQu\u00e9 podemos hacer al respecto?<\/p>\n\n\n\n<!--more-->\n\n\n\n<p>El Manat\u00ed Antillano o \u201cvaca marina\u201d <em>(Trichechus manatus)<\/em> ha guardado siempre una estrecha relaci\u00f3n con la cultura del Caribe. Es una especie pac\u00edfica y amigable a la que le gusta pastar en aguas costeras c\u00e1lidas y poco profundas, estuarios y r\u00edos de aguas lentas tropicales, en donde se alimenta de yerbas marinas y donde comparte con delfines y tortugas marinas. son animales mansos y solitarios (Dom\u00ednguez, 2007). Hasta hace un siglo era bastante habitual verlas pastando en grupos en las costas de las Antillas.<\/p>\n\n\n\n<p>Esta especie es el \u00fanico sir\u00e9nido del Caribe y por ende una especie singular, pero desafortunadamente es uno de los animales acu\u00e1ticos en mayor peligro de extinci\u00f3n de todos los mam\u00edferos marinos del Caribe (Ottenwalder, 1995). Se encuentra protegido por la Ley Dominicana desde 1938 y posteriormente se prohibi\u00f3 su comercializaci\u00f3n a trav\u00e9s de la Ley de pesca N\u00ba 5914 de 1962, el Decreto 233-96 ampli\u00f3 las \u00e1reas de protecci\u00f3n y adem\u00e1s est\u00e1 bajo el amparo de Tratados internacionales en el que la Rep\u00fablica Dominicana es firmante. Dado el delicado estado de conservaci\u00f3n de estas poblaciones en peligro de extinci\u00f3n el Manat\u00ed Antillano fue incluido en el Ap\u00e9ndice I de la Convenci\u00f3n sobre Comercio Internacional de Especies Amenazadas de Fauna y Flora Silvestres (CITES) y en el Anexo II de la Convenci\u00f3n de Cartagena.<\/p>\n\n\n\n<p>En las \u00faltimas d\u00e9cadas sus poblaciones han menguado de forma cr\u00edtica, debido a la caza indiscriminada de la que han sido objeto; su lento ciclo reproductivo, las numerosas colisiones con embarcaciones, la contaminaci\u00f3n de los r\u00edos junto la disminuci\u00f3n de sus cauces que han da\u00f1ado tambi\u00e9n sus zonas de pastoreo y dem\u00e1s amenazas antropog\u00e9nicas hacen que estas poblaciones sean muy vulnerables.<\/p>\n\n\n\n<p>En Rep\u00fablica Dominicana uno de los lugares donde se observan alguno de estos ejemplares es en Cano Estero Hondo, Provincia de Puerto Plata en el Parque Nacional del Este, donde cabe recordar el tr\u00e1gico incidente en el 2012 donde un pescador maltrat\u00f3 a una cr\u00eda de manat\u00ed, pero que gracias al esfuerzo conjunto de FUNDEMAR, los Dressel Divers, los Guarda Parques, la Asociaci\u00f3n del Hoteles Romana-Bayahibe, y el Acuario Nacional, pudo ser rescatada y se encuentra hoy bajo el cuidado de profesionales que consiguieron su recuperaci\u00f3n en el mismo Acuario Nacional.<\/p>\n\n\n\n<p>Siendo parte del patrimonio natural com\u00fan de los Dominicanos y del atractivo de sus costas, tambi\u00e9n corresponde a la sociedad Dominicana velar por su conservaci\u00f3n para que sigan siendo parte de su cultura y su biodiversidad, tanto en las presentes como en las futuras generaciones.<\/p>\n\n\n\n<p>Agradecer\u00edamos su colaboraci\u00f3n notificando a Rita Sellares, Directora de CECOMAR de cualquier avistamiento o informaci\u00f3n pertinente sobre esta especie en la zona del tramo Romana-Bayahibe. La participaci\u00f3n activa de los ciudadanos juega un papel realmente importante en la gesti\u00f3n correcta de los recursos y en la herencia que se deje a las generaciones venideras.<\/p>\n","protected":false},"excerpt":{"rendered":"<p>Nuestros queridos amigos marinos est\u00e1n en peligro de extinci\u00f3n. \u00bfQu\u00e9 podemos hacer al respecto?<\/p>\n","protected":false},"author":18093,"featured_media":259868,"comment_status":"closed","ping_status":"closed","sticky":false,"template":"","format":"standard","meta":{"newspack_ads_suppress_ads":false,"newspack_popups_has_disabled_popups":false,"newspack_sponsor_sponsorship_scope":"","newspack_sponsor_native_byline_display":"inherit","newspack_sponsor_native_category_display":"inherit","newspack_sponsor_underwriter_style":"inherit","newspack_sponsor_underwriter_placement":"inherit","_newspack_byline_active":false,"_newspack_byline":"","newspack_hide_updated_date":false,"newspack_show_updated_date":false,"newspack_content_restriction_is_exempt":false,"newspack_featured_image_position":"","newspack_post_subtitle":"","newspack_article_summary_title":"Overview:","newspack_article_summary":"","_jetpack_memberships_contains_paid_content":false,"footnotes":"","jetpack_publicize_message":"","jetpack_publicize_feature_enabled":true,"jetpack_social_post_already_shared":false,"jetpack_social_options":{"image_generator_settings":{"template":"highway","default_image_id":0,"font":"","enabled":false},"version":2},"_wpas_customize_per_network":false},"categories":[2524,14631,2506,14625,2521],"tags":[3626,4756,14777],"newspack_spnsrs_tax":[],"class_list":["post-344747","post","type-post","status-publish","format-standard","has-post-thumbnail","hentry","category-destacados","category-estilo-de-vida","category-mas-alla-de-casa-es","category-noticias-locales","category-republica-dominicana-2","tag-casa-de-campo-es","tag-manati","tag-republica-dominicana-es-18","entry"],"yoast_head":"<!-- This site is optimized with the Yoast SEO plugin v27.4 - https:\/\/yoast.com\/product\/yoast-seo-wordpress\/ -->\n<title>Manat\u00ed en peligro de extinci\u00f3n | Casa de Campo Living<\/title>\n<meta name=\"description\" content=\"Nuestros queridos amigos marinos est\u00e1n en peligro de extinci\u00f3n. \u00bfQu\u00e9 podemos hacer al respecto? El Manat\u00ed Antillano o \u201cvaca marina\u201d (Trichechus manatus)\" \/>\n<meta name=\"robots\" content=\"index, follow, max-snippet:-1, max-image-preview:large, max-video-preview:-1\" \/>\n<link rel=\"canonical\" href=\"https:\/\/casadecampoliving.com\/es\/manati-peligro-de-extincion\/\" \/>\n<meta property=\"og:locale\" content=\"es_ES\" \/>\n<meta property=\"og:type\" content=\"article\" \/>\n<meta property=\"og:title\" content=\"Manat\u00ed en peligro de extinci\u00f3n | Casa de Campo Living\" \/>\n<meta property=\"og:description\" content=\"Nuestros queridos amigos marinos est\u00e1n en peligro de extinci\u00f3n. \u00bfQu\u00e9 podemos hacer al respecto? El Manat\u00ed Antillano o \u201cvaca marina\u201d (Trichechus manatus)\" \/>\n<meta property=\"og:url\" content=\"https:\/\/casadecampoliving.com\/es\/manati-peligro-de-extincion\/\" \/>\n<meta property=\"og:site_name\" content=\"Casa de Campo Living\" \/>\n<meta property=\"article:publisher\" content=\"https:\/\/www.facebook.com\/casadecampoliving\" \/>\n<meta property=\"article:published_time\" content=\"2014-08-16T04:00:00+00:00\" \/>\n<meta property=\"article:modified_time\" content=\"2022-10-21T22:56:02+00:00\" \/>\n<meta property=\"og:image\" content=\"https:\/\/i0.wp.com\/casadecampoliving.com\/wp-content\/uploads\/2022\/10\/manatee-1.jpg?fit=650%2C434&ssl=1\" \/>\n\t<meta property=\"og:image:width\" content=\"650\" \/>\n\t<meta property=\"og:image:height\" content=\"434\" \/>\n\t<meta property=\"og:image:type\" content=\"image\/jpeg\" \/>\n<meta name=\"author\" content=\"Emil Mella\" \/>\n<meta name=\"twitter:card\" content=\"summary_large_image\" \/>\n<meta name=\"twitter:creator\" content=\"@cdcliving\" \/>\n<meta name=\"twitter:site\" content=\"@cdcliving\" \/>\n<meta name=\"twitter:label1\" content=\"Escrito por\" \/>\n\t<meta name=\"twitter:data1\" content=\"Emil Mella\" \/>\n\t<meta name=\"twitter:label2\" content=\"Tiempo de lectura\" \/>\n\t<meta name=\"twitter:data2\" content=\"3 minutos\" \/>\n<script type=\"application\/ld+json\" class=\"yoast-schema-graph\">{\"@context\":\"https:\\\/\\\/schema.org\",\"@graph\":[{\"@type\":\"Article\",\"@id\":\"https:\\\/\\\/casadecampoliving.com\\\/es\\\/manati-peligro-de-extincion\\\/#article\",\"isPartOf\":{\"@id\":\"https:\\\/\\\/casadecampoliving.com\\\/es\\\/manati-peligro-de-extincion\\\/\"},\"author\":{\"name\":\"Emil Mella\",\"@id\":\"https:\\\/\\\/casadecampoliving.com\\\/es\\\/#\\\/schema\\\/person\\\/d12a5efec1fdc64b900715bce298e45b\"},\"headline\":\"Manat\u00ed en peligro de extinci\u00f3n\",\"datePublished\":\"2014-08-16T04:00:00+00:00\",\"dateModified\":\"2022-10-21T22:56:02+00:00\",\"mainEntityOfPage\":{\"@id\":\"https:\\\/\\\/casadecampoliving.com\\\/es\\\/manati-peligro-de-extincion\\\/\"},\"wordCount\":526,\"publisher\":{\"@id\":\"https:\\\/\\\/casadecampoliving.com\\\/es\\\/#organization\"},\"image\":{\"@id\":\"https:\\\/\\\/casadecampoliving.com\\\/es\\\/manati-peligro-de-extincion\\\/#primaryimage\"},\"thumbnailUrl\":\"https:\\\/\\\/i0.wp.com\\\/casadecampoliving.com\\\/wp-content\\\/uploads\\\/2022\\\/10\\\/manatee-1.jpg?fit=650%2C434&ssl=1\",\"keywords\":[\"casa de campo @es\",\"manati\",\"Republica Dominicana\"],\"articleSection\":[\"Destacados\",\"Estilo de Vida\",\"M\u00e1s all\u00e1 de Casa\",\"Noticias Locales\",\"Rep\u00fablica Dominicana @es\"],\"inLanguage\":\"es\"},{\"@type\":\"WebPage\",\"@id\":\"https:\\\/\\\/casadecampoliving.com\\\/es\\\/manati-peligro-de-extincion\\\/\",\"url\":\"https:\\\/\\\/casadecampoliving.com\\\/es\\\/manati-peligro-de-extincion\\\/\",\"name\":\"Manat\u00ed en peligro de extinci\u00f3n | Casa de Campo Living\",\"isPartOf\":{\"@id\":\"https:\\\/\\\/casadecampoliving.com\\\/es\\\/#website\"},\"primaryImageOfPage\":{\"@id\":\"https:\\\/\\\/casadecampoliving.com\\\/es\\\/manati-peligro-de-extincion\\\/#primaryimage\"},\"image\":{\"@id\":\"https:\\\/\\\/casadecampoliving.com\\\/es\\\/manati-peligro-de-extincion\\\/#primaryimage\"},\"thumbnailUrl\":\"https:\\\/\\\/i0.wp.com\\\/casadecampoliving.com\\\/wp-content\\\/uploads\\\/2022\\\/10\\\/manatee-1.jpg?fit=650%2C434&ssl=1\",\"datePublished\":\"2014-08-16T04:00:00+00:00\",\"dateModified\":\"2022-10-21T22:56:02+00:00\",\"description\":\"Nuestros queridos amigos marinos est\u00e1n en peligro de extinci\u00f3n. \u00bfQu\u00e9 podemos hacer al respecto? El Manat\u00ed Antillano o \u201cvaca marina\u201d (Trichechus manatus)\",\"breadcrumb\":{\"@id\":\"https:\\\/\\\/casadecampoliving.com\\\/es\\\/manati-peligro-de-extincion\\\/#breadcrumb\"},\"inLanguage\":\"es\",\"potentialAction\":[{\"@type\":\"ReadAction\",\"target\":[\"https:\\\/\\\/casadecampoliving.com\\\/es\\\/manati-peligro-de-extincion\\\/\"]}]},{\"@type\":\"ImageObject\",\"inLanguage\":\"es\",\"@id\":\"https:\\\/\\\/casadecampoliving.com\\\/es\\\/manati-peligro-de-extincion\\\/#primaryimage\",\"url\":\"https:\\\/\\\/i0.wp.com\\\/casadecampoliving.com\\\/wp-content\\\/uploads\\\/2022\\\/10\\\/manatee-1.jpg?fit=650%2C434&ssl=1\",\"contentUrl\":\"https:\\\/\\\/i0.wp.com\\\/casadecampoliving.com\\\/wp-content\\\/uploads\\\/2022\\\/10\\\/manatee-1.jpg?fit=650%2C434&ssl=1\",\"width\":650,\"height\":434,\"caption\":\"Manatee\"},{\"@type\":\"BreadcrumbList\",\"@id\":\"https:\\\/\\\/casadecampoliving.com\\\/es\\\/manati-peligro-de-extincion\\\/#breadcrumb\",\"itemListElement\":[{\"@type\":\"ListItem\",\"position\":1,\"name\":\"Home\",\"item\":\"https:\\\/\\\/casadecampoliving.com\\\/es\\\/\"},{\"@type\":\"ListItem\",\"position\":2,\"name\":\"Manat\u00ed en peligro de extinci\u00f3n\"}]},{\"@type\":\"WebSite\",\"@id\":\"https:\\\/\\\/casadecampoliving.com\\\/es\\\/#website\",\"url\":\"https:\\\/\\\/casadecampoliving.com\\\/es\\\/\",\"name\":\"Casa de Campo Living\",\"description\":\"Resort community news and resources.\",\"publisher\":{\"@id\":\"https:\\\/\\\/casadecampoliving.com\\\/es\\\/#organization\"},\"potentialAction\":[{\"@type\":\"SearchAction\",\"target\":{\"@type\":\"EntryPoint\",\"urlTemplate\":\"https:\\\/\\\/casadecampoliving.com\\\/es\\\/?s={search_term_string}\"},\"query-input\":{\"@type\":\"PropertyValueSpecification\",\"valueRequired\":true,\"valueName\":\"search_term_string\"}}],\"inLanguage\":\"es\"},{\"@type\":\"Organization\",\"@id\":\"https:\\\/\\\/casadecampoliving.com\\\/es\\\/#organization\",\"name\":\"Casa de Campo Living\",\"url\":\"https:\\\/\\\/casadecampoliving.com\\\/es\\\/\",\"logo\":{\"@type\":\"ImageObject\",\"inLanguage\":\"es\",\"@id\":\"https:\\\/\\\/casadecampoliving.com\\\/es\\\/#\\\/schema\\\/logo\\\/image\\\/\",\"url\":\"https:\\\/\\\/i0.wp.com\\\/casadecampoliving.com\\\/wp-content\\\/uploads\\\/2022\\\/07\\\/CDCLivingLogo_V1-white-sized.png?fit=800%2C214&ssl=1\",\"contentUrl\":\"https:\\\/\\\/i0.wp.com\\\/casadecampoliving.com\\\/wp-content\\\/uploads\\\/2022\\\/07\\\/CDCLivingLogo_V1-white-sized.png?fit=800%2C214&ssl=1\",\"width\":800,\"height\":214,\"caption\":\"Casa de Campo Living\"},\"image\":{\"@id\":\"https:\\\/\\\/casadecampoliving.com\\\/es\\\/#\\\/schema\\\/logo\\\/image\\\/\"},\"sameAs\":[\"https:\\\/\\\/www.facebook.com\\\/casadecampoliving\",\"https:\\\/\\\/x.com\\\/cdcliving\"]},{\"@type\":\"Person\",\"@id\":\"https:\\\/\\\/casadecampoliving.com\\\/es\\\/#\\\/schema\\\/person\\\/d12a5efec1fdc64b900715bce298e45b\",\"name\":\"Emil Mella\",\"image\":{\"@type\":\"ImageObject\",\"inLanguage\":\"es\",\"@id\":\"https:\\\/\\\/secure.gravatar.com\\\/avatar\\\/4e9e3292f2d31d6433db3b53db07d9803a6b11077575fa898c13ca6b8962c812?s=96&d=mm&r=g\",\"url\":\"https:\\\/\\\/secure.gravatar.com\\\/avatar\\\/4e9e3292f2d31d6433db3b53db07d9803a6b11077575fa898c13ca6b8962c812?s=96&d=mm&r=g\",\"contentUrl\":\"https:\\\/\\\/secure.gravatar.com\\\/avatar\\\/4e9e3292f2d31d6433db3b53db07d9803a6b11077575fa898c13ca6b8962c812?s=96&d=mm&r=g\",\"caption\":\"Emil Mella\"},\"url\":\"https:\\\/\\\/casadecampoliving.com\\\/es\\\/author\\\/emil-mella\\\/\"}]}<\/script>\n<!-- \/ Yoast SEO plugin. -->","yoast_head_json":{"title":"Manat\u00ed en peligro de extinci\u00f3n | Casa de Campo Living","description":"Nuestros queridos amigos marinos est\u00e1n en peligro de extinci\u00f3n. \u00bfQu\u00e9 podemos hacer al respecto? El Manat\u00ed Antillano o \u201cvaca marina\u201d (Trichechus manatus)","robots":{"index":"index","follow":"follow","max-snippet":"max-snippet:-1","max-image-preview":"max-image-preview:large","max-video-preview":"max-video-preview:-1"},"canonical":"https:\/\/casadecampoliving.com\/es\/manati-peligro-de-extincion\/","og_locale":"es_ES","og_type":"article","og_title":"Manat\u00ed en peligro de extinci\u00f3n | Casa de Campo Living","og_description":"Nuestros queridos amigos marinos est\u00e1n en peligro de extinci\u00f3n. \u00bfQu\u00e9 podemos hacer al respecto? El Manat\u00ed Antillano o \u201cvaca marina\u201d (Trichechus manatus)","og_url":"https:\/\/casadecampoliving.com\/es\/manati-peligro-de-extincion\/","og_site_name":"Casa de Campo Living","article_publisher":"https:\/\/www.facebook.com\/casadecampoliving","article_published_time":"2014-08-16T04:00:00+00:00","article_modified_time":"2022-10-21T22:56:02+00:00","og_image":[{"width":650,"height":434,"url":"https:\/\/i0.wp.com\/casadecampoliving.com\/wp-content\/uploads\/2022\/10\/manatee-1.jpg?fit=650%2C434&ssl=1","type":"image\/jpeg"}],"author":"Emil Mella","twitter_card":"summary_large_image","twitter_creator":"@cdcliving","twitter_site":"@cdcliving","twitter_misc":{"Escrito por":"Emil Mella","Tiempo de lectura":"3 minutos"},"schema":{"@context":"https:\/\/schema.org","@graph":[{"@type":"Article","@id":"https:\/\/casadecampoliving.com\/es\/manati-peligro-de-extincion\/#article","isPartOf":{"@id":"https:\/\/casadecampoliving.com\/es\/manati-peligro-de-extincion\/"},"author":{"name":"Emil Mella","@id":"https:\/\/casadecampoliving.com\/es\/#\/schema\/person\/d12a5efec1fdc64b900715bce298e45b"},"headline":"Manat\u00ed en peligro de extinci\u00f3n","datePublished":"2014-08-16T04:00:00+00:00","dateModified":"2022-10-21T22:56:02+00:00","mainEntityOfPage":{"@id":"https:\/\/casadecampoliving.com\/es\/manati-peligro-de-extincion\/"},"wordCount":526,"publisher":{"@id":"https:\/\/casadecampoliving.com\/es\/#organization"},"image":{"@id":"https:\/\/casadecampoliving.com\/es\/manati-peligro-de-extincion\/#primaryimage"},"thumbnailUrl":"https:\/\/i0.wp.com\/casadecampoliving.com\/wp-content\/uploads\/2022\/10\/manatee-1.jpg?fit=650%2C434&ssl=1","keywords":["casa de campo @es","manati","Republica Dominicana"],"articleSection":["Destacados","Estilo de Vida","M\u00e1s all\u00e1 de Casa","Noticias Locales","Rep\u00fablica Dominicana @es"],"inLanguage":"es"},{"@type":"WebPage","@id":"https:\/\/casadecampoliving.com\/es\/manati-peligro-de-extincion\/","url":"https:\/\/casadecampoliving.com\/es\/manati-peligro-de-extincion\/","name":"Manat\u00ed en peligro de extinci\u00f3n | Casa de Campo Living","isPartOf":{"@id":"https:\/\/casadecampoliving.com\/es\/#website"},"primaryImageOfPage":{"@id":"https:\/\/casadecampoliving.com\/es\/manati-peligro-de-extincion\/#primaryimage"},"image":{"@id":"https:\/\/casadecampoliving.com\/es\/manati-peligro-de-extincion\/#primaryimage"},"thumbnailUrl":"https:\/\/i0.wp.com\/casadecampoliving.com\/wp-content\/uploads\/2022\/10\/manatee-1.jpg?fit=650%2C434&ssl=1","datePublished":"2014-08-16T04:00:00+00:00","dateModified":"2022-10-21T22:56:02+00:00","description":"Nuestros queridos amigos marinos est\u00e1n en peligro de extinci\u00f3n. \u00bfQu\u00e9 podemos hacer al respecto? El Manat\u00ed Antillano o \u201cvaca marina\u201d (Trichechus manatus)","breadcrumb":{"@id":"https:\/\/casadecampoliving.com\/es\/manati-peligro-de-extincion\/#breadcrumb"},"inLanguage":"es","potentialAction":[{"@type":"ReadAction","target":["https:\/\/casadecampoliving.com\/es\/manati-peligro-de-extincion\/"]}]},{"@type":"ImageObject","inLanguage":"es","@id":"https:\/\/casadecampoliving.com\/es\/manati-peligro-de-extincion\/#primaryimage","url":"https:\/\/i0.wp.com\/casadecampoliving.com\/wp-content\/uploads\/2022\/10\/manatee-1.jpg?fit=650%2C434&ssl=1","contentUrl":"https:\/\/i0.wp.com\/casadecampoliving.com\/wp-content\/uploads\/2022\/10\/manatee-1.jpg?fit=650%2C434&ssl=1","width":650,"height":434,"caption":"Manatee"},{"@type":"BreadcrumbList","@id":"https:\/\/casadecampoliving.com\/es\/manati-peligro-de-extincion\/#breadcrumb","itemListElement":[{"@type":"ListItem","position":1,"name":"Home","item":"https:\/\/casadecampoliving.com\/es\/"},{"@type":"ListItem","position":2,"name":"Manat\u00ed en peligro de extinci\u00f3n"}]},{"@type":"WebSite","@id":"https:\/\/casadecampoliving.com\/es\/#website","url":"https:\/\/casadecampoliving.com\/es\/","name":"Casa de Campo Living","description":"Resort community news and resources.","publisher":{"@id":"https:\/\/casadecampoliving.com\/es\/#organization"},"potentialAction":[{"@type":"SearchAction","target":{"@type":"EntryPoint","urlTemplate":"https:\/\/casadecampoliving.com\/es\/?s={search_term_string}"},"query-input":{"@type":"PropertyValueSpecification","valueRequired":true,"valueName":"search_term_string"}}],"inLanguage":"es"},{"@type":"Organization","@id":"https:\/\/casadecampoliving.com\/es\/#organization","name":"Casa de Campo Living","url":"https:\/\/casadecampoliving.com\/es\/","logo":{"@type":"ImageObject","inLanguage":"es","@id":"https:\/\/casadecampoliving.com\/es\/#\/schema\/logo\/image\/","url":"https:\/\/i0.wp.com\/casadecampoliving.com\/wp-content\/uploads\/2022\/07\/CDCLivingLogo_V1-white-sized.png?fit=800%2C214&ssl=1","contentUrl":"https:\/\/i0.wp.com\/casadecampoliving.com\/wp-content\/uploads\/2022\/07\/CDCLivingLogo_V1-white-sized.png?fit=800%2C214&ssl=1","width":800,"height":214,"caption":"Casa de Campo Living"},"image":{"@id":"https:\/\/casadecampoliving.com\/es\/#\/schema\/logo\/image\/"},"sameAs":["https:\/\/www.facebook.com\/casadecampoliving","https:\/\/x.com\/cdcliving"]},{"@type":"Person","@id":"https:\/\/casadecampoliving.com\/es\/#\/schema\/person\/d12a5efec1fdc64b900715bce298e45b","name":"Emil Mella","image":{"@type":"ImageObject","inLanguage":"es","@id":"https:\/\/secure.gravatar.com\/avatar\/4e9e3292f2d31d6433db3b53db07d9803a6b11077575fa898c13ca6b8962c812?s=96&d=mm&r=g","url":"https:\/\/secure.gravatar.com\/avatar\/4e9e3292f2d31d6433db3b53db07d9803a6b11077575fa898c13ca6b8962c812?s=96&d=mm&r=g","contentUrl":"https:\/\/secure.gravatar.com\/avatar\/4e9e3292f2d31d6433db3b53db07d9803a6b11077575fa898c13ca6b8962c812?s=96&d=mm&r=g","caption":"Emil Mella"},"url":"https:\/\/casadecampoliving.com\/es\/author\/emil-mella\/"}]}},"parsely":{"version":"1.1.0","canonical_url":"https:\/\/casadecampoliving.com\/es\/manati-peligro-de-extincion\/","smart_links":{"inbound":0,"outbound":0},"traffic_boost_suggestions_count":0,"meta":{"@context":"https:\/\/schema.org","@type":"NewsArticle","headline":"Manat\u00ed en peligro de extinci\u00f3n","url":"http:\/\/casadecampoliving.com\/es\/manati-peligro-de-extincion\/","mainEntityOfPage":{"@type":"WebPage","@id":"http:\/\/casadecampoliving.com\/es\/manati-peligro-de-extincion\/"},"thumbnailUrl":"https:\/\/i0.wp.com\/casadecampoliving.com\/wp-content\/uploads\/2022\/10\/manatee-1.jpg?resize=150%2C150&ssl=1","image":{"@type":"ImageObject","url":"https:\/\/i0.wp.com\/casadecampoliving.com\/wp-content\/uploads\/2022\/10\/manatee-1.jpg?fit=650%2C434&ssl=1"},"articleSection":"Destacados","author":[{"@type":"Person","name":"Emil Mella"}],"creator":["Emil Mella"],"publisher":{"@type":"Organization","name":"Casa de Campo Living","logo":"https:\/\/casadecampoliving.com\/wp-content\/uploads\/2022\/07\/CDCLivingLogo_V1-white-sized.png"},"keywords":["casa de campo @es","manati","republica dominicana"],"dateCreated":"2014-08-16T04:00:00Z","datePublished":"2014-08-16T04:00:00Z","dateModified":"2022-10-21T22:56:02Z"},"rendered":"<script type=\"application\/ld+json\" class=\"wp-parsely-metadata\">{\"@context\":\"https:\\\/\\\/schema.org\",\"@type\":\"NewsArticle\",\"headline\":\"Manat\\u00ed en peligro de extinci\\u00f3n\",\"url\":\"http:\\\/\\\/casadecampoliving.com\\\/es\\\/manati-peligro-de-extincion\\\/\",\"mainEntityOfPage\":{\"@type\":\"WebPage\",\"@id\":\"http:\\\/\\\/casadecampoliving.com\\\/es\\\/manati-peligro-de-extincion\\\/\"},\"thumbnailUrl\":\"https:\\\/\\\/i0.wp.com\\\/casadecampoliving.com\\\/wp-content\\\/uploads\\\/2022\\\/10\\\/manatee-1.jpg?resize=150%2C150&ssl=1\",\"image\":{\"@type\":\"ImageObject\",\"url\":\"https:\\\/\\\/i0.wp.com\\\/casadecampoliving.com\\\/wp-content\\\/uploads\\\/2022\\\/10\\\/manatee-1.jpg?fit=650%2C434&ssl=1\"},\"articleSection\":\"Destacados\",\"author\":[{\"@type\":\"Person\",\"name\":\"Emil Mella\"}],\"creator\":[\"Emil Mella\"],\"publisher\":{\"@type\":\"Organization\",\"name\":\"Casa de Campo Living\",\"logo\":\"https:\\\/\\\/casadecampoliving.com\\\/wp-content\\\/uploads\\\/2022\\\/07\\\/CDCLivingLogo_V1-white-sized.png\"},\"keywords\":[\"casa de campo @es\",\"manati\",\"republica dominicana\"],\"dateCreated\":\"2014-08-16T04:00:00Z\",\"datePublished\":\"2014-08-16T04:00:00Z\",\"dateModified\":\"2022-10-21T22:56:02Z\"}<\/script>","tracker_url":"https:\/\/cdn.parsely.com\/keys\/casadecampoliving.com\/p.js"},"jetpack_publicize_connections":[],"jetpack_featured_media_url":"https:\/\/i0.wp.com\/casadecampoliving.com\/wp-content\/uploads\/2022\/10\/manatee-1.jpg?fit=650%2C434&ssl=1","jetpack-related-posts":[{"id":340819,"url":"https:\/\/casadecampoliving.com\/es\/un-manati-fue-hallado-en-la-marina-casa-de-campo\/","url_meta":{"origin":344747,"position":0},"title":"\u00a1Un manat\u00ed fue hallado en la Marina Casa de Campo!","author":"","date":"19 Mar, 2013","format":false,"excerpt":"\u00a1Hace unos d\u00edas un manat\u00ed adulto fue visto en la Marina Casa de Campo! La foto superior de un inmenso manat\u00ed fue contribuida por\u00a0 TOY BOX Luxury Rentals (Rentas de Lujo) quienes recientemente abrieron su tienda en la Marina Casa de Campo. \u00a1Cuando no est\u00e1n tomando fotos fant\u00e1sticas de la\u2026","rel":"","context":"En \u00abLa Marina Casa de Campo\u00bb","block_context":{"text":"La Marina Casa de Campo","link":"https:\/\/casadecampoliving.com\/es\/category\/la-marina-casa-de-campo\/"},"img":{"alt_text":"manatee","src":"https:\/\/i0.wp.com\/casadecampoliving.com\/wp-content\/uploads\/2022\/10\/manatee-3.jpg?fit=650%2C340&ssl=1&resize=350%2C200","width":350,"height":200,"srcset":"https:\/\/i0.wp.com\/casadecampoliving.com\/wp-content\/uploads\/2022\/10\/manatee-3.jpg?fit=650%2C340&ssl=1&resize=350%2C200 1x, https:\/\/i0.wp.com\/casadecampoliving.com\/wp-content\/uploads\/2022\/10\/manatee-3.jpg?fit=650%2C340&ssl=1&resize=525%2C300 1.5x"},"classes":[]},{"id":347640,"url":"https:\/\/casadecampoliving.com\/es\/manaties-cotorras-tortugas\/","url_meta":{"origin":344747,"position":1},"title":"\u00a1Los manat\u00edes, cotorras, y tortugas necesitan su ayuda!","author":"Felix Guerrero","date":"30 Jun, 2015","format":false,"excerpt":"El encanto de Casa de Campo y de La Romana Bayahibe no tan solo atrae a miles de personas al a\u00f1o, si no que tambi\u00e9n es uno de los lugares favoritos de muchas otras especies del mundo animal. Recientemente compartimos 10 asombrosos animales marinos\u00a0que habitan en nuestras costas, y en\u2026","rel":"","context":"En \u00abCasa de Campo Living @es\u00bb","block_context":{"text":"Casa de Campo Living @es","link":"https:\/\/casadecampoliving.com\/category\/casa-de-campo-living-es\/"},"img":{"alt_text":"Fundemar, endangered species","src":"https:\/\/i0.wp.com\/casadecampoliving.com\/wp-content\/uploads\/2022\/10\/Fundemar_Header_2-1.jpg?fit=637%2C343&ssl=1&resize=350%2C200","width":350,"height":200,"srcset":"https:\/\/i0.wp.com\/casadecampoliving.com\/wp-content\/uploads\/2022\/10\/Fundemar_Header_2-1.jpg?fit=637%2C343&ssl=1&resize=350%2C200 1x, https:\/\/i0.wp.com\/casadecampoliving.com\/wp-content\/uploads\/2022\/10\/Fundemar_Header_2-1.jpg?fit=637%2C343&ssl=1&resize=525%2C300 1.5x"},"classes":[]},{"id":354442,"url":"https:\/\/casadecampoliving.com\/es\/wao-galeria-en-altos-de-chavon-presenta-la-exhibicion-bajo-el-mar-caribe-el-manati-antillano\/","url_meta":{"origin":344747,"position":2},"title":"WAO Galer\u00eda en Altos de Chav\u00f3n presenta la exhibici\u00f3n \u201cBajo el Mar Caribe &#8211; El Manat\u00ed Antillano\u201d","author":"Casa de Campo Living","date":"16 Jul, 2022","format":false,"excerpt":"WAO Galer\u00eda & Centro Cultural ubicada en Altos de Chav\u00f3n, inaugurar\u00e1 el pr\u00f3ximo 22 de julio la exposici\u00f3n \u201cBajo el Mar Caribe \u2013 El Manat\u00ed Antillano\u201d en colaboraci\u00f3n con la Fundaci\u00f3n Dominicana de Estudios Marinos (Fundemar). En este recorrido, nos invitan a sumergirnos en la aventura de regreso al mar\u2026","rel":"","context":"En \u00abAltos de Chavon @es\u00bb","block_context":{"text":"Altos de Chavon @es","link":"https:\/\/casadecampoliving.com\/category\/altos-de-chavon-es\/"},"img":{"alt_text":"","src":"https:\/\/i0.wp.com\/casadecampoliving.com\/wp-content\/uploads\/2022\/10\/Galeria-Gallery-galeria-altos-de-chavon-manati-1.jpeg?fit=1080%2C608&ssl=1&resize=350%2C200","width":350,"height":200,"srcset":"https:\/\/i0.wp.com\/casadecampoliving.com\/wp-content\/uploads\/2022\/10\/Galeria-Gallery-galeria-altos-de-chavon-manati-1.jpeg?fit=1080%2C608&ssl=1&resize=350%2C200 1x, https:\/\/i0.wp.com\/casadecampoliving.com\/wp-content\/uploads\/2022\/10\/Galeria-Gallery-galeria-altos-de-chavon-manati-1.jpeg?fit=1080%2C608&ssl=1&resize=525%2C300 1.5x, https:\/\/i0.wp.com\/casadecampoliving.com\/wp-content\/uploads\/2022\/10\/Galeria-Gallery-galeria-altos-de-chavon-manati-1.jpeg?fit=1080%2C608&ssl=1&resize=700%2C400 2x, https:\/\/i0.wp.com\/casadecampoliving.com\/wp-content\/uploads\/2022\/10\/Galeria-Gallery-galeria-altos-de-chavon-manati-1.jpeg?fit=1080%2C608&ssl=1&resize=1050%2C600 3x"},"classes":[]},{"id":341757,"url":"https:\/\/casadecampoliving.com\/es\/es-la-temporada-de-anidamiento-de-tortugas-en-republica-dominicana\/","url_meta":{"origin":344747,"position":3},"title":"\u00a1Es la temporada de anidamiento de tortugas en Rep\u00fablica Dominicana!","author":"Mairobi Herrera","date":"6 Jun, 2013","format":false,"excerpt":"De Marzo a noviembre en la Rep\u00fablica Dominicana es la temporada de anidaci\u00f3n de tortugas, lo que significa que en este momento en muchas playas de la Rep\u00fablica Dominicana, las tortugas carey, las tortugas verdes y tortugas la\u00fad est\u00e1n poniendo sus huevos, \u00a0algunos incluso aqu\u00ed en la Playa Minitas y\u2026","rel":"","context":"En \u00abEstilo de Vida\u00bb","block_context":{"text":"Estilo de Vida","link":"https:\/\/casadecampoliving.com\/es\/category\/estilo-de-vida\/"},"img":{"alt_text":"baby turtle","src":"https:\/\/i0.wp.com\/casadecampoliving.com\/wp-content\/uploads\/2022\/10\/baby_turtle-1.jpg?fit=650%2C414&ssl=1&resize=350%2C200","width":350,"height":200,"srcset":"https:\/\/i0.wp.com\/casadecampoliving.com\/wp-content\/uploads\/2022\/10\/baby_turtle-1.jpg?fit=650%2C414&ssl=1&resize=350%2C200 1x, https:\/\/i0.wp.com\/casadecampoliving.com\/wp-content\/uploads\/2022\/10\/baby_turtle-1.jpg?fit=650%2C414&ssl=1&resize=525%2C300 1.5x"},"classes":[]},{"id":346031,"url":"https:\/\/casadecampoliving.com\/es\/ballenas-orca-divisadas-en-isla-saona\/","url_meta":{"origin":344747,"position":4},"title":"Ballenas orca divisadas en la Isla Saona","author":"Rebecca Hughes","date":"20 Nov, 2014","format":false,"excerpt":"Al principio de esta semana, Alido Luis B\u00e1ez de FUNDEMAR (La Fundaci\u00f3n Dominicana de Estudios Marina) con sede en Bayahibe, divis\u00f3 2 orcas en las aguas de Isla Saona. Adem\u00e1s de ser una de las atracciones tur\u00edsticas m\u00e1s visitadas de La Rep\u00fablica Dominicana, \u00a1la Isla Saona en el Parque Nacional\u2026","rel":"","context":"En \u00abCasa de Campo Living @es\u00bb","block_context":{"text":"Casa de Campo Living @es","link":"https:\/\/casadecampoliving.com\/category\/casa-de-campo-living-es\/"},"img":{"alt_text":"Orca whales Saona Island","src":"https:\/\/i0.wp.com\/casadecampoliving.com\/wp-content\/uploads\/2022\/10\/Orca_whales_Saona_Island.jpg?fit=650%2C410&ssl=1&resize=350%2C200","width":350,"height":200,"srcset":"https:\/\/i0.wp.com\/casadecampoliving.com\/wp-content\/uploads\/2022\/10\/Orca_whales_Saona_Island.jpg?fit=650%2C410&ssl=1&resize=350%2C200 1x, https:\/\/i0.wp.com\/casadecampoliving.com\/wp-content\/uploads\/2022\/10\/Orca_whales_Saona_Island.jpg?fit=650%2C410&ssl=1&resize=525%2C300 1.5x"},"classes":[]},{"id":339317,"url":"https:\/\/casadecampoliving.com\/es\/un-manati-extraviado-fue-hallado-en-el-parque-nacional-del-este\/","url_meta":{"origin":344747,"position":5},"title":"Un manat\u00ed extraviado fue hallado en el Parque Nacional del Este!","author":"","date":"4 Jul, 2012","format":false,"excerpt":"El pasado s\u00e1bado 30 de junio, una cr\u00eda de manat\u00ed de poco m\u00e1s de 1 metro de longitud, fue hallada en Parque Nacional del Este y gracias a la Fundaci\u00f3n\u00a0Dominicana de Estudios Marinos (FUNDEMAR), aqu\u00ed les tenemos la gran historia y las fotos de este adorable manat\u00ed en las c\u00e1lidas\u2026","rel":"","context":"En \u00abEstilo de Vida\u00bb","block_context":{"text":"Estilo de Vida","link":"https:\/\/casadecampoliving.com\/es\/category\/estilo-de-vida\/"},"img":{"alt_text":"Manatee in dominicus beach","src":"https:\/\/i0.wp.com\/casadecampoliving.com\/wp-content\/uploads\/2022\/10\/manati_dominicus-1.jpg?fit=650%2C434&ssl=1&resize=350%2C200","width":350,"height":200,"srcset":"https:\/\/i0.wp.com\/casadecampoliving.com\/wp-content\/uploads\/2022\/10\/manati_dominicus-1.jpg?fit=650%2C434&ssl=1&resize=350%2C200 1x, https:\/\/i0.wp.com\/casadecampoliving.com\/wp-content\/uploads\/2022\/10\/manati_dominicus-1.jpg?fit=650%2C434&ssl=1&resize=525%2C300 1.5x"},"classes":[]}],"jetpack_sharing_enabled":true,"_links":{"self":[{"href":"https:\/\/casadecampoliving.com\/es\/wp-json\/wp\/v2\/posts\/344747","targetHints":{"allow":["GET"]}}],"collection":[{"href":"https:\/\/casadecampoliving.com\/es\/wp-json\/wp\/v2\/posts"}],"about":[{"href":"https:\/\/casadecampoliving.com\/es\/wp-json\/wp\/v2\/types\/post"}],"author":[{"embeddable":true,"href":"https:\/\/casadecampoliving.com\/es\/wp-json\/wp\/v2\/users\/18093"}],"replies":[{"embeddable":true,"href":"https:\/\/casadecampoliving.com\/es\/wp-json\/wp\/v2\/comments?post=344747"}],"version-history":[{"count":1,"href":"https:\/\/casadecampoliving.com\/es\/wp-json\/wp\/v2\/posts\/344747\/revisions"}],"predecessor-version":[{"id":344748,"href":"https:\/\/casadecampoliving.com\/es\/wp-json\/wp\/v2\/posts\/344747\/revisions\/344748"}],"wp:featuredmedia":[{"embeddable":true,"href":"https:\/\/casadecampoliving.com\/es\/wp-json\/wp\/v2\/media\/259868"}],"wp:attachment":[{"href":"https:\/\/casadecampoliving.com\/es\/wp-json\/wp\/v2\/media?parent=344747"}],"wp:term":[{"taxonomy":"category","embeddable":true,"href":"https:\/\/casadecampoliving.com\/es\/wp-json\/wp\/v2\/categories?post=344747"},{"taxonomy":"post_tag","embeddable":true,"href":"https:\/\/casadecampoliving.com\/es\/wp-json\/wp\/v2\/tags?post=344747"},{"taxonomy":"newspack_spnsrs_tax","embeddable":true,"href":"https:\/\/casadecampoliving.com\/es\/wp-json\/wp\/v2\/newspack_spnsrs_tax?post=344747"}],"curies":[{"name":"wp","href":"https:\/\/api.w.org\/{rel}","templated":true}]}}