{"id":344731,"date":"2014-07-03T00:00:00","date_gmt":"2014-07-03T04:00:00","guid":{"rendered":"https:\/\/casadecampoliving.com\/charytin-goyco-publica-un-fragmento-de-su-video-filmado-en-altos-de-chavon\/"},"modified":"2022-11-10T10:38:14","modified_gmt":"2022-11-10T14:38:14","slug":"charytin-goyco-publica-un-fragmento-de-su-video-filmado-en-altos-de-chavon","status":"publish","type":"post","link":"https:\/\/casadecampoliving.com\/es\/charytin-goyco-publica-un-fragmento-de-su-video-filmado-en-altos-de-chavon\/","title":{"rendered":"Charyt\u00edn Goyco publica un fragmento de su video filmado en Altos de Chav\u00f3n"},"content":{"rendered":"<img data-recalc-dims=\"1\" loading=\"lazy\" decoding=\"async\" class=\"aligncenter wp-image-92703\" src=\"https:\/\/i0.wp.com\/casadecampoliving.com\/wp-content\/uploads\/2022\/10\/charityn-goyco-1.jpg?resize=650%2C436&#038;ssl=1\" alt=\"Charityn Goyco\" width=\"650\" height=\"436\" \/>La cantante, presentadora de televisi\u00f3n y actriz dominicana, Charyt\u00edn Goyco estuvo en Casa de Campo durante la Semana Santa; filmando el video para el primer sencillo de su nuevo alb\u00fam `7 Vidas\u00b4, y nos acaba de dar un peque\u00f1o adelanto.\n\n<!--more-->El corto video de 17 segundos, nos ofrece un vistazo del candente ritmo latino de la canci\u00f3n `7 vidas\u00b4 as\u00ed como algunas imagenes de la filmaci\u00f3n en Casa de Campo. Este fragmento nos revela escenas del Aeropuerto Internacional La Romana-Casa de Campo, as\u00ed como en Altos de Chav\u00f3n&#8230; parece ser un video muy divertido. Estamos ansiosos de ver el video completo anunciado a estrenarse pr\u00f3ximamente.\n\nCheque el video usted mismo aqu\u00ed:\n<div id=\"fb-root\"><\/div> <script>(function(d, s, id) { var js, fjs = d.getElementsByTagName(s)[0]; if (d.getElementById(id)) return; js = d.createElement(s); js.id = id; js.src = \"\/\/connect.facebook.net\/en_US\/all.js#xfbml=1\"; fjs.parentNode.insertBefore(js, fjs); }(document, 'script', 'facebook-jssdk'));<\/script>\n<div class=\"fb-post\" data-href=\"https:\/\/www.facebook.com\/photo.php?v=660694574014504\" data-width=\"466\"><div class=\"fb-xfbml-parse-ignore\"><a href=\"https:\/\/www.facebook.com\/photo.php?v=660694574014504\">Post<\/a> by <a href=\"https:\/\/www.facebook.com\/charytinoficial\">Charytin<\/a>.<\/div><\/div>\n\nCharyt\u00edn Goyco antes de convertirse en una estrella internacional en los a\u00f1os 1970 con su canci\u00f3n\u00a0<i>Mosquita Muerta<\/i>\u00a0que fue muy popular en lugares como M\u00e9xico, Venezuela, y Argentina. Desde entonces ha aparecido en pel\u00edculas, telenovelas y programas de televisi\u00f3n, pero contin\u00faa siendo cantante.<\/span>\n\nRecientemente, Goyco tuvo un programa de televisi\u00f3n \u201cCharyt\u00edn\u201d en Mega TV en la ciudad de Miami, no sin dejar atr\u00e1s la creaci\u00f3n de su nuevo \u00e1lbum \u201c7 Vidas\u201d, ella est\u00e1 trabajando con\u00a0<span style=\"color: #252525;\">Rudy P\u00e9rez,\u00a0<\/span>un m\u00fasico cubano-americano, escritor, compositor, productor, ingeniero de sonido y director musical.\n\n<span style=\"color: #252525;\"><img data-recalc-dims=\"1\" loading=\"lazy\" decoding=\"async\" class=\"aligncenter size-full wp-image-89310\" src=\"https:\/\/i0.wp.com\/casadecampoliving.com\/wp-content\/uploads\/2022\/10\/charityn_goyco_altos_de_chavon1.jpg?resize=650%2C434&#038;ssl=1\" alt=\"Charityn Goyco Altos de Chavon\" width=\"650\" height=\"434\" \/><\/span>\n\nCon\u00a0su retorno a la m\u00fasica, fue un honor para Casa de Campo Resort y Altos de Chav\u00f3n, haber sido seleccionados como escenarios de la primera canci\u00f3n de este nuevo \u00e1lbum.\n\nLas escenas del nuevo sencillo fueron rodadas por todas las hermosas locaciones artisticas de Altos de Chav\u00f3n, por el observatorio del Titanic, en el caf\u00e9 r\u00fastico Le Boulanger, as\u00ed como pasear en una pasola<i>.\u00a0<\/i>Una de las escenas fue filmada en el Aeropuerto de Casa de Campo &#8211; La Romana.\n\nSigue la colecci\u00f3n de fotos que tomamos en Altos de Chav\u00f3n, y en el aeropuerto\u00a0de Casa de Campo &#8211; La Romana durante la filmaci\u00f3n de su nuevo sencillo:\u00a0<span style=\"font-weight: 600; color: #444444;\">\n<figure class=\"wp-block-gallery has-nested-images columns-default is-cropped wp-block-gallery-1 is-layout-flex wp-block-gallery-is-layout-flex\">\n<figure class=\"wp-block-image size-large\"><img data-recalc-dims=\"1\" loading=\"lazy\" decoding=\"async\" width=\"800\" height=\"533\" data-id=\"443045\" src=\"https:\/\/i0.wp.com\/casadecampoliving.com\/wp-content\/uploads\/2022\/10\/1-60.jpg?resize=800%2C533&#038;ssl=1\" alt=\"\" class=\"wp-image-443045\" srcset=\"https:\/\/i0.wp.com\/casadecampoliving.com\/wp-content\/uploads\/2022\/10\/1-60.jpg?w=800&amp;ssl=1 800w, https:\/\/i0.wp.com\/casadecampoliving.com\/wp-content\/uploads\/2022\/10\/1-60.jpg?resize=300%2C200&amp;ssl=1 300w, https:\/\/i0.wp.com\/casadecampoliving.com\/wp-content\/uploads\/2022\/10\/1-60.jpg?resize=768%2C512&amp;ssl=1 768w, https:\/\/i0.wp.com\/casadecampoliving.com\/wp-content\/uploads\/2022\/10\/1-60.jpg?resize=400%2C267&amp;ssl=1 400w, https:\/\/i0.wp.com\/casadecampoliving.com\/wp-content\/uploads\/2022\/10\/1-60.jpg?resize=706%2C470&amp;ssl=1 706w, https:\/\/i0.wp.com\/casadecampoliving.com\/wp-content\/uploads\/2022\/10\/1-60.jpg?resize=150%2C100&amp;ssl=1 150w, https:\/\/i0.wp.com\/casadecampoliving.com\/wp-content\/uploads\/2022\/10\/1-60.jpg?w=370&amp;ssl=1 370w\" sizes=\"auto, (max-width: 800px) 100vw, 800px\" \/><\/figure>\n\n\n\n<figure class=\"wp-block-image size-large\"><img data-recalc-dims=\"1\" loading=\"lazy\" decoding=\"async\" width=\"800\" height=\"534\" data-id=\"443065\" src=\"https:\/\/i0.wp.com\/casadecampoliving.com\/wp-content\/uploads\/2022\/10\/10-29.jpg?resize=800%2C534&#038;ssl=1\" alt=\"\" class=\"wp-image-443065\" srcset=\"https:\/\/i0.wp.com\/casadecampoliving.com\/wp-content\/uploads\/2022\/10\/10-29.jpg?w=800&amp;ssl=1 800w, https:\/\/i0.wp.com\/casadecampoliving.com\/wp-content\/uploads\/2022\/10\/10-29.jpg?resize=300%2C200&amp;ssl=1 300w, https:\/\/i0.wp.com\/casadecampoliving.com\/wp-content\/uploads\/2022\/10\/10-29.jpg?resize=768%2C513&amp;ssl=1 768w, https:\/\/i0.wp.com\/casadecampoliving.com\/wp-content\/uploads\/2022\/10\/10-29.jpg?resize=400%2C267&amp;ssl=1 400w, https:\/\/i0.wp.com\/casadecampoliving.com\/wp-content\/uploads\/2022\/10\/10-29.jpg?resize=706%2C471&amp;ssl=1 706w, https:\/\/i0.wp.com\/casadecampoliving.com\/wp-content\/uploads\/2022\/10\/10-29.jpg?resize=150%2C100&amp;ssl=1 150w, https:\/\/i0.wp.com\/casadecampoliving.com\/wp-content\/uploads\/2022\/10\/10-29.jpg?w=370&amp;ssl=1 370w\" sizes=\"auto, (max-width: 800px) 100vw, 800px\" \/><\/figure>\n\n\n\n<figure class=\"wp-block-image size-large\"><img data-recalc-dims=\"1\" loading=\"lazy\" decoding=\"async\" width=\"800\" height=\"534\" data-id=\"443088\" src=\"https:\/\/i0.wp.com\/casadecampoliving.com\/wp-content\/uploads\/2022\/10\/11-29.jpg?resize=800%2C534&#038;ssl=1\" alt=\"\" class=\"wp-image-443088\" srcset=\"https:\/\/i0.wp.com\/casadecampoliving.com\/wp-content\/uploads\/2022\/10\/11-29.jpg?w=800&amp;ssl=1 800w, https:\/\/i0.wp.com\/casadecampoliving.com\/wp-content\/uploads\/2022\/10\/11-29.jpg?resize=300%2C200&amp;ssl=1 300w, https:\/\/i0.wp.com\/casadecampoliving.com\/wp-content\/uploads\/2022\/10\/11-29.jpg?resize=768%2C513&amp;ssl=1 768w, https:\/\/i0.wp.com\/casadecampoliving.com\/wp-content\/uploads\/2022\/10\/11-29.jpg?resize=400%2C267&amp;ssl=1 400w, https:\/\/i0.wp.com\/casadecampoliving.com\/wp-content\/uploads\/2022\/10\/11-29.jpg?resize=706%2C471&amp;ssl=1 706w, https:\/\/i0.wp.com\/casadecampoliving.com\/wp-content\/uploads\/2022\/10\/11-29.jpg?resize=150%2C100&amp;ssl=1 150w, https:\/\/i0.wp.com\/casadecampoliving.com\/wp-content\/uploads\/2022\/10\/11-29.jpg?w=370&amp;ssl=1 370w\" sizes=\"auto, (max-width: 800px) 100vw, 800px\" \/><\/figure>\n\n\n\n<figure class=\"wp-block-image size-large\"><img data-recalc-dims=\"1\" loading=\"lazy\" decoding=\"async\" width=\"800\" height=\"534\" data-id=\"443111\" src=\"https:\/\/i0.wp.com\/casadecampoliving.com\/wp-content\/uploads\/2022\/10\/3-53.jpg?resize=800%2C534&#038;ssl=1\" alt=\"\" class=\"wp-image-443111\" srcset=\"https:\/\/i0.wp.com\/casadecampoliving.com\/wp-content\/uploads\/2022\/10\/3-53.jpg?w=800&amp;ssl=1 800w, https:\/\/i0.wp.com\/casadecampoliving.com\/wp-content\/uploads\/2022\/10\/3-53.jpg?resize=300%2C200&amp;ssl=1 300w, https:\/\/i0.wp.com\/casadecampoliving.com\/wp-content\/uploads\/2022\/10\/3-53.jpg?resize=768%2C513&amp;ssl=1 768w, https:\/\/i0.wp.com\/casadecampoliving.com\/wp-content\/uploads\/2022\/10\/3-53.jpg?resize=400%2C267&amp;ssl=1 400w, https:\/\/i0.wp.com\/casadecampoliving.com\/wp-content\/uploads\/2022\/10\/3-53.jpg?resize=706%2C471&amp;ssl=1 706w, https:\/\/i0.wp.com\/casadecampoliving.com\/wp-content\/uploads\/2022\/10\/3-53.jpg?resize=150%2C100&amp;ssl=1 150w, https:\/\/i0.wp.com\/casadecampoliving.com\/wp-content\/uploads\/2022\/10\/3-53.jpg?w=370&amp;ssl=1 370w\" sizes=\"auto, (max-width: 800px) 100vw, 800px\" \/><\/figure>\n\n\n\n<figure class=\"wp-block-image size-large\"><img data-recalc-dims=\"1\" loading=\"lazy\" decoding=\"async\" width=\"800\" height=\"534\" data-id=\"443127\" src=\"https:\/\/i0.wp.com\/casadecampoliving.com\/wp-content\/uploads\/2022\/10\/4-58.jpg?resize=800%2C534&#038;ssl=1\" alt=\"\" class=\"wp-image-443127\" srcset=\"https:\/\/i0.wp.com\/casadecampoliving.com\/wp-content\/uploads\/2022\/10\/4-58.jpg?w=800&amp;ssl=1 800w, https:\/\/i0.wp.com\/casadecampoliving.com\/wp-content\/uploads\/2022\/10\/4-58.jpg?resize=300%2C200&amp;ssl=1 300w, https:\/\/i0.wp.com\/casadecampoliving.com\/wp-content\/uploads\/2022\/10\/4-58.jpg?resize=768%2C513&amp;ssl=1 768w, https:\/\/i0.wp.com\/casadecampoliving.com\/wp-content\/uploads\/2022\/10\/4-58.jpg?resize=400%2C267&amp;ssl=1 400w, https:\/\/i0.wp.com\/casadecampoliving.com\/wp-content\/uploads\/2022\/10\/4-58.jpg?resize=706%2C471&amp;ssl=1 706w, https:\/\/i0.wp.com\/casadecampoliving.com\/wp-content\/uploads\/2022\/10\/4-58.jpg?resize=150%2C100&amp;ssl=1 150w, https:\/\/i0.wp.com\/casadecampoliving.com\/wp-content\/uploads\/2022\/10\/4-58.jpg?w=370&amp;ssl=1 370w\" sizes=\"auto, (max-width: 800px) 100vw, 800px\" \/><\/figure>\n\n\n\n<figure class=\"wp-block-image size-large\"><img data-recalc-dims=\"1\" loading=\"lazy\" decoding=\"async\" width=\"800\" height=\"534\" data-id=\"443151\" src=\"https:\/\/i0.wp.com\/casadecampoliving.com\/wp-content\/uploads\/2022\/10\/5-57.jpg?resize=800%2C534&#038;ssl=1\" alt=\"\" class=\"wp-image-443151\" srcset=\"https:\/\/i0.wp.com\/casadecampoliving.com\/wp-content\/uploads\/2022\/10\/5-57.jpg?w=800&amp;ssl=1 800w, https:\/\/i0.wp.com\/casadecampoliving.com\/wp-content\/uploads\/2022\/10\/5-57.jpg?resize=300%2C200&amp;ssl=1 300w, https:\/\/i0.wp.com\/casadecampoliving.com\/wp-content\/uploads\/2022\/10\/5-57.jpg?resize=768%2C513&amp;ssl=1 768w, https:\/\/i0.wp.com\/casadecampoliving.com\/wp-content\/uploads\/2022\/10\/5-57.jpg?resize=400%2C267&amp;ssl=1 400w, https:\/\/i0.wp.com\/casadecampoliving.com\/wp-content\/uploads\/2022\/10\/5-57.jpg?resize=706%2C471&amp;ssl=1 706w, https:\/\/i0.wp.com\/casadecampoliving.com\/wp-content\/uploads\/2022\/10\/5-57.jpg?resize=150%2C100&amp;ssl=1 150w, https:\/\/i0.wp.com\/casadecampoliving.com\/wp-content\/uploads\/2022\/10\/5-57.jpg?w=370&amp;ssl=1 370w\" sizes=\"auto, (max-width: 800px) 100vw, 800px\" \/><\/figure>\n\n\n\n<figure class=\"wp-block-image size-large\"><img data-recalc-dims=\"1\" loading=\"lazy\" decoding=\"async\" width=\"800\" height=\"534\" data-id=\"443173\" src=\"https:\/\/i0.wp.com\/casadecampoliving.com\/wp-content\/uploads\/2022\/10\/6-44.jpg?resize=800%2C534&#038;ssl=1\" alt=\"\" class=\"wp-image-443173\" srcset=\"https:\/\/i0.wp.com\/casadecampoliving.com\/wp-content\/uploads\/2022\/10\/6-44.jpg?w=800&amp;ssl=1 800w, https:\/\/i0.wp.com\/casadecampoliving.com\/wp-content\/uploads\/2022\/10\/6-44.jpg?resize=300%2C200&amp;ssl=1 300w, https:\/\/i0.wp.com\/casadecampoliving.com\/wp-content\/uploads\/2022\/10\/6-44.jpg?resize=768%2C513&amp;ssl=1 768w, https:\/\/i0.wp.com\/casadecampoliving.com\/wp-content\/uploads\/2022\/10\/6-44.jpg?resize=400%2C267&amp;ssl=1 400w, https:\/\/i0.wp.com\/casadecampoliving.com\/wp-content\/uploads\/2022\/10\/6-44.jpg?resize=706%2C471&amp;ssl=1 706w, https:\/\/i0.wp.com\/casadecampoliving.com\/wp-content\/uploads\/2022\/10\/6-44.jpg?resize=150%2C100&amp;ssl=1 150w, https:\/\/i0.wp.com\/casadecampoliving.com\/wp-content\/uploads\/2022\/10\/6-44.jpg?w=370&amp;ssl=1 370w\" sizes=\"auto, (max-width: 800px) 100vw, 800px\" \/><\/figure>\n\n\n\n<figure class=\"wp-block-image size-large\"><img data-recalc-dims=\"1\" loading=\"lazy\" decoding=\"async\" width=\"800\" height=\"534\" data-id=\"443196\" src=\"https:\/\/i0.wp.com\/casadecampoliving.com\/wp-content\/uploads\/2022\/10\/7-41.jpg?resize=800%2C534&#038;ssl=1\" alt=\"\" class=\"wp-image-443196\" srcset=\"https:\/\/i0.wp.com\/casadecampoliving.com\/wp-content\/uploads\/2022\/10\/7-41.jpg?w=800&amp;ssl=1 800w, https:\/\/i0.wp.com\/casadecampoliving.com\/wp-content\/uploads\/2022\/10\/7-41.jpg?resize=300%2C200&amp;ssl=1 300w, https:\/\/i0.wp.com\/casadecampoliving.com\/wp-content\/uploads\/2022\/10\/7-41.jpg?resize=768%2C513&amp;ssl=1 768w, https:\/\/i0.wp.com\/casadecampoliving.com\/wp-content\/uploads\/2022\/10\/7-41.jpg?resize=400%2C267&amp;ssl=1 400w, https:\/\/i0.wp.com\/casadecampoliving.com\/wp-content\/uploads\/2022\/10\/7-41.jpg?resize=706%2C471&amp;ssl=1 706w, https:\/\/i0.wp.com\/casadecampoliving.com\/wp-content\/uploads\/2022\/10\/7-41.jpg?resize=150%2C100&amp;ssl=1 150w, https:\/\/i0.wp.com\/casadecampoliving.com\/wp-content\/uploads\/2022\/10\/7-41.jpg?w=370&amp;ssl=1 370w\" sizes=\"auto, (max-width: 800px) 100vw, 800px\" \/><\/figure>\n\n\n\n<figure class=\"wp-block-image size-large\"><img data-recalc-dims=\"1\" loading=\"lazy\" decoding=\"async\" width=\"800\" height=\"534\" data-id=\"443215\" src=\"https:\/\/i0.wp.com\/casadecampoliving.com\/wp-content\/uploads\/2022\/10\/8-41.jpg?resize=800%2C534&#038;ssl=1\" alt=\"\" class=\"wp-image-443215\" srcset=\"https:\/\/i0.wp.com\/casadecampoliving.com\/wp-content\/uploads\/2022\/10\/8-41.jpg?w=800&amp;ssl=1 800w, https:\/\/i0.wp.com\/casadecampoliving.com\/wp-content\/uploads\/2022\/10\/8-41.jpg?resize=300%2C200&amp;ssl=1 300w, https:\/\/i0.wp.com\/casadecampoliving.com\/wp-content\/uploads\/2022\/10\/8-41.jpg?resize=768%2C513&amp;ssl=1 768w, https:\/\/i0.wp.com\/casadecampoliving.com\/wp-content\/uploads\/2022\/10\/8-41.jpg?resize=400%2C267&amp;ssl=1 400w, https:\/\/i0.wp.com\/casadecampoliving.com\/wp-content\/uploads\/2022\/10\/8-41.jpg?resize=706%2C471&amp;ssl=1 706w, https:\/\/i0.wp.com\/casadecampoliving.com\/wp-content\/uploads\/2022\/10\/8-41.jpg?resize=150%2C100&amp;ssl=1 150w, https:\/\/i0.wp.com\/casadecampoliving.com\/wp-content\/uploads\/2022\/10\/8-41.jpg?w=370&amp;ssl=1 370w\" sizes=\"auto, (max-width: 800px) 100vw, 800px\" \/><\/figure>\n\n\n\n<figure class=\"wp-block-image size-large\"><img data-recalc-dims=\"1\" loading=\"lazy\" decoding=\"async\" width=\"800\" height=\"534\" data-id=\"443240\" src=\"https:\/\/i0.wp.com\/casadecampoliving.com\/wp-content\/uploads\/2022\/10\/9-34.jpg?resize=800%2C534&#038;ssl=1\" alt=\"\" class=\"wp-image-443240\" srcset=\"https:\/\/i0.wp.com\/casadecampoliving.com\/wp-content\/uploads\/2022\/10\/9-34.jpg?w=800&amp;ssl=1 800w, https:\/\/i0.wp.com\/casadecampoliving.com\/wp-content\/uploads\/2022\/10\/9-34.jpg?resize=300%2C200&amp;ssl=1 300w, https:\/\/i0.wp.com\/casadecampoliving.com\/wp-content\/uploads\/2022\/10\/9-34.jpg?resize=768%2C513&amp;ssl=1 768w, https:\/\/i0.wp.com\/casadecampoliving.com\/wp-content\/uploads\/2022\/10\/9-34.jpg?resize=400%2C267&amp;ssl=1 400w, https:\/\/i0.wp.com\/casadecampoliving.com\/wp-content\/uploads\/2022\/10\/9-34.jpg?resize=706%2C471&amp;ssl=1 706w, https:\/\/i0.wp.com\/casadecampoliving.com\/wp-content\/uploads\/2022\/10\/9-34.jpg?resize=150%2C100&amp;ssl=1 150w, https:\/\/i0.wp.com\/casadecampoliving.com\/wp-content\/uploads\/2022\/10\/9-34.jpg?w=370&amp;ssl=1 370w\" sizes=\"auto, (max-width: 800px) 100vw, 800px\" \/><\/figure>\n<\/figure>\n<\/span>\n\n<script>\/\/ \n(function(d, s, id) { var js, fjs = d.getElementsByTagName(s)[0]; if (d.getElementById(id)) return; js = d.createElement(s); js.id = id; js.src = \"\/\/connect.facebook.net\/en_US\/all.js#xfbml=1\"; fjs.parentNode.insertBefore(js, fjs); }(document, 'script', 'facebook-jssdk'));\n\/\/ <\/script>","protected":false},"excerpt":{"rendered":"<p>La cantante, presentadora de televisi\u00f3n y actriz dominicana, Charyt\u00edn Goyco estuvo en Casa de Campo durante la Semana Santa; filmando el video para el primer sencillo de su nuevo alb\u00fam `7 Vidas\u00b4, y nos acaba de dar un peque\u00f1o adelanto.<\/p>\n","protected":false},"author":1097,"featured_media":259106,"comment_status":"closed","ping_status":"closed","sticky":false,"template":"","format":"standard","meta":{"newspack_ads_suppress_ads":false,"newspack_popups_has_disabled_popups":false,"newspack_sponsor_sponsorship_scope":"","newspack_sponsor_native_byline_display":"inherit","newspack_sponsor_native_category_display":"inherit","newspack_sponsor_underwriter_style":"inherit","newspack_sponsor_underwriter_placement":"inherit","_newspack_byline_active":false,"_newspack_byline":"","newspack_content_restriction_is_exempt":false,"newspack_featured_image_position":"","newspack_post_subtitle":"","newspack_article_summary_title":"Overview:","newspack_article_summary":"","newspack_hide_updated_date":false,"newspack_show_updated_date":false,"_jetpack_memberships_contains_paid_content":false,"footnotes":"","jetpack_publicize_message":"","jetpack_publicize_feature_enabled":true,"jetpack_social_post_already_shared":false,"jetpack_social_options":{"image_generator_settings":{"template":"highway","default_image_id":0,"font":"","enabled":false},"version":2},"_wpas_customize_per_network":false},"categories":[26819,2506,26936,26951,2513,2521,2524,14631,14625,26822],"tags":[3575,15387,3626,24387,6371],"newspack_spnsrs_tax":[],"class_list":["post-344731","post","type-post","status-publish","format-standard","has-post-thumbnail","hentry","category-altos-de-chavon-es","category-mas-alla-de-casa-es","category-casa-de-campo-living-es","category-ccl-presenta","category-celebridades-es","category-republica-dominicana-2","category-destacados","category-estilo-de-vida","category-noticias-locales","category-resort-casa-de-campo","tag-altos-de-chavon-es-2","tag-altos-de-chavon-es","tag-casa-de-campo-es","tag-casa-de-campo-living-es","tag-casa-de-campo-resort-es","entry"],"yoast_head":"<!-- This site is optimized with the Yoast SEO plugin v27.3 - https:\/\/yoast.com\/product\/yoast-seo-wordpress\/ -->\n<title>Charyt\u00edn Goyco publica un fragmento de su video filmado en Altos de Chav\u00f3n | Casa de Campo Living<\/title>\n<meta name=\"description\" content=\"La cantante, presentadora de televisi\u00f3n y actriz dominicana, Charyt\u00edn Goyco estuvo en Casa de Campo durante la Semana Santa; filmando el video para el\" \/>\n<meta name=\"robots\" content=\"index, follow, max-snippet:-1, max-image-preview:large, max-video-preview:-1\" \/>\n<link rel=\"canonical\" href=\"https:\/\/casadecampoliving.com\/es\/charytin-goyco-publica-un-fragmento-de-su-video-filmado-en-altos-de-chavon\/\" \/>\n<meta property=\"og:locale\" content=\"es_ES\" \/>\n<meta property=\"og:type\" content=\"article\" \/>\n<meta property=\"og:title\" content=\"Charyt\u00edn Goyco publica un fragmento de su video filmado en Altos de Chav\u00f3n | Casa de Campo Living\" \/>\n<meta property=\"og:description\" content=\"La cantante, presentadora de televisi\u00f3n y actriz dominicana, Charyt\u00edn Goyco estuvo en Casa de Campo durante la Semana Santa; filmando el video para el\" \/>\n<meta property=\"og:url\" content=\"https:\/\/casadecampoliving.com\/es\/charytin-goyco-publica-un-fragmento-de-su-video-filmado-en-altos-de-chavon\/\" \/>\n<meta property=\"og:site_name\" content=\"Casa de Campo Living\" \/>\n<meta property=\"article:publisher\" content=\"https:\/\/www.facebook.com\/casadecampoliving\" \/>\n<meta property=\"article:published_time\" content=\"2014-07-03T04:00:00+00:00\" \/>\n<meta property=\"article:modified_time\" content=\"2022-11-10T14:38:14+00:00\" \/>\n<meta property=\"og:image\" content=\"https:\/\/i0.wp.com\/casadecampoliving.com\/wp-content\/uploads\/2022\/10\/charityn-goyco-1-1.jpg?fit=664%2C445&ssl=1\" \/>\n\t<meta property=\"og:image:width\" content=\"664\" \/>\n\t<meta property=\"og:image:height\" content=\"445\" \/>\n\t<meta property=\"og:image:type\" content=\"image\/jpeg\" \/>\n<meta name=\"author\" content=\"Perkin Agramonte\" \/>\n<meta name=\"twitter:card\" content=\"summary_large_image\" \/>\n<meta name=\"twitter:creator\" content=\"@cdcliving\" \/>\n<meta name=\"twitter:site\" content=\"@cdcliving\" \/>\n<meta name=\"twitter:label1\" content=\"Escrito por\" \/>\n\t<meta name=\"twitter:data1\" content=\"Perkin Agramonte\" \/>\n\t<meta name=\"twitter:label2\" content=\"Tiempo de lectura\" \/>\n\t<meta name=\"twitter:data2\" content=\"2 minutos\" \/>\n<script type=\"application\/ld+json\" class=\"yoast-schema-graph\">{\"@context\":\"https:\\\/\\\/schema.org\",\"@graph\":[{\"@type\":\"Article\",\"@id\":\"https:\\\/\\\/casadecampoliving.com\\\/es\\\/charytin-goyco-publica-un-fragmento-de-su-video-filmado-en-altos-de-chavon\\\/#article\",\"isPartOf\":{\"@id\":\"https:\\\/\\\/casadecampoliving.com\\\/es\\\/charytin-goyco-publica-un-fragmento-de-su-video-filmado-en-altos-de-chavon\\\/\"},\"author\":{\"name\":\"Perkin Agramonte\",\"@id\":\"https:\\\/\\\/casadecampoliving.com\\\/es\\\/#\\\/schema\\\/person\\\/c8efa6049510554b7d5fea078d728f72\"},\"headline\":\"Charyt\u00edn Goyco publica un fragmento de su video filmado en Altos de Chav\u00f3n\",\"datePublished\":\"2014-07-03T04:00:00+00:00\",\"dateModified\":\"2022-11-10T14:38:14+00:00\",\"mainEntityOfPage\":{\"@id\":\"https:\\\/\\\/casadecampoliving.com\\\/es\\\/charytin-goyco-publica-un-fragmento-de-su-video-filmado-en-altos-de-chavon\\\/\"},\"wordCount\":353,\"publisher\":{\"@id\":\"https:\\\/\\\/casadecampoliving.com\\\/es\\\/#organization\"},\"image\":{\"@id\":\"https:\\\/\\\/casadecampoliving.com\\\/es\\\/charytin-goyco-publica-un-fragmento-de-su-video-filmado-en-altos-de-chavon\\\/#primaryimage\"},\"thumbnailUrl\":\"https:\\\/\\\/i0.wp.com\\\/casadecampoliving.com\\\/wp-content\\\/uploads\\\/2022\\\/10\\\/charityn-goyco-1-1.jpg?fit=664%2C445&ssl=1\",\"keywords\":[\"Altos de Chavon -es\",\"Altos de Chavon\",\"casa de campo @es\",\"Casa de Campo Living\",\"casa de campo resort @es\"],\"articleSection\":[\"Altos de Chavon @es\",\"M\u00e1s all\u00e1 de Casa\",\"Casa de Campo Living @es\",\"CCL presenta\",\"Celebridades\",\"Rep\u00fablica Dominicana @es\",\"Destacados\",\"Estilo de Vida\",\"Noticias Locales\",\"Resort Casa de Campo\"],\"inLanguage\":\"es\"},{\"@type\":\"WebPage\",\"@id\":\"https:\\\/\\\/casadecampoliving.com\\\/es\\\/charytin-goyco-publica-un-fragmento-de-su-video-filmado-en-altos-de-chavon\\\/\",\"url\":\"https:\\\/\\\/casadecampoliving.com\\\/es\\\/charytin-goyco-publica-un-fragmento-de-su-video-filmado-en-altos-de-chavon\\\/\",\"name\":\"Charyt\u00edn Goyco publica un fragmento de su video filmado en Altos de Chav\u00f3n | Casa de Campo Living\",\"isPartOf\":{\"@id\":\"https:\\\/\\\/casadecampoliving.com\\\/es\\\/#website\"},\"primaryImageOfPage\":{\"@id\":\"https:\\\/\\\/casadecampoliving.com\\\/es\\\/charytin-goyco-publica-un-fragmento-de-su-video-filmado-en-altos-de-chavon\\\/#primaryimage\"},\"image\":{\"@id\":\"https:\\\/\\\/casadecampoliving.com\\\/es\\\/charytin-goyco-publica-un-fragmento-de-su-video-filmado-en-altos-de-chavon\\\/#primaryimage\"},\"thumbnailUrl\":\"https:\\\/\\\/i0.wp.com\\\/casadecampoliving.com\\\/wp-content\\\/uploads\\\/2022\\\/10\\\/charityn-goyco-1-1.jpg?fit=664%2C445&ssl=1\",\"datePublished\":\"2014-07-03T04:00:00+00:00\",\"dateModified\":\"2022-11-10T14:38:14+00:00\",\"description\":\"La cantante, presentadora de televisi\u00f3n y actriz dominicana, Charyt\u00edn Goyco estuvo en Casa de Campo durante la Semana Santa; filmando el video para el\",\"breadcrumb\":{\"@id\":\"https:\\\/\\\/casadecampoliving.com\\\/es\\\/charytin-goyco-publica-un-fragmento-de-su-video-filmado-en-altos-de-chavon\\\/#breadcrumb\"},\"inLanguage\":\"es\",\"potentialAction\":[{\"@type\":\"ReadAction\",\"target\":[\"https:\\\/\\\/casadecampoliving.com\\\/es\\\/charytin-goyco-publica-un-fragmento-de-su-video-filmado-en-altos-de-chavon\\\/\"]}]},{\"@type\":\"ImageObject\",\"inLanguage\":\"es\",\"@id\":\"https:\\\/\\\/casadecampoliving.com\\\/es\\\/charytin-goyco-publica-un-fragmento-de-su-video-filmado-en-altos-de-chavon\\\/#primaryimage\",\"url\":\"https:\\\/\\\/i0.wp.com\\\/casadecampoliving.com\\\/wp-content\\\/uploads\\\/2022\\\/10\\\/charityn-goyco-1-1.jpg?fit=664%2C445&ssl=1\",\"contentUrl\":\"https:\\\/\\\/i0.wp.com\\\/casadecampoliving.com\\\/wp-content\\\/uploads\\\/2022\\\/10\\\/charityn-goyco-1-1.jpg?fit=664%2C445&ssl=1\",\"width\":664,\"height\":445,\"caption\":\"Charityn Goyco\"},{\"@type\":\"BreadcrumbList\",\"@id\":\"https:\\\/\\\/casadecampoliving.com\\\/es\\\/charytin-goyco-publica-un-fragmento-de-su-video-filmado-en-altos-de-chavon\\\/#breadcrumb\",\"itemListElement\":[{\"@type\":\"ListItem\",\"position\":1,\"name\":\"Home\",\"item\":\"https:\\\/\\\/casadecampoliving.com\\\/es\\\/\"},{\"@type\":\"ListItem\",\"position\":2,\"name\":\"Charyt\u00edn Goyco publica un fragmento de su video filmado en Altos de Chav\u00f3n\"}]},{\"@type\":\"WebSite\",\"@id\":\"https:\\\/\\\/casadecampoliving.com\\\/es\\\/#website\",\"url\":\"https:\\\/\\\/casadecampoliving.com\\\/es\\\/\",\"name\":\"Casa de Campo Living\",\"description\":\"Resort community news and resources.\",\"publisher\":{\"@id\":\"https:\\\/\\\/casadecampoliving.com\\\/es\\\/#organization\"},\"potentialAction\":[{\"@type\":\"SearchAction\",\"target\":{\"@type\":\"EntryPoint\",\"urlTemplate\":\"https:\\\/\\\/casadecampoliving.com\\\/es\\\/?s={search_term_string}\"},\"query-input\":{\"@type\":\"PropertyValueSpecification\",\"valueRequired\":true,\"valueName\":\"search_term_string\"}}],\"inLanguage\":\"es\"},{\"@type\":\"Organization\",\"@id\":\"https:\\\/\\\/casadecampoliving.com\\\/es\\\/#organization\",\"name\":\"Casa de Campo Living\",\"url\":\"https:\\\/\\\/casadecampoliving.com\\\/es\\\/\",\"logo\":{\"@type\":\"ImageObject\",\"inLanguage\":\"es\",\"@id\":\"https:\\\/\\\/casadecampoliving.com\\\/es\\\/#\\\/schema\\\/logo\\\/image\\\/\",\"url\":\"https:\\\/\\\/i0.wp.com\\\/casadecampoliving.com\\\/wp-content\\\/uploads\\\/2022\\\/07\\\/CDCLivingLogo_V1-white-sized.png?fit=800%2C214&ssl=1\",\"contentUrl\":\"https:\\\/\\\/i0.wp.com\\\/casadecampoliving.com\\\/wp-content\\\/uploads\\\/2022\\\/07\\\/CDCLivingLogo_V1-white-sized.png?fit=800%2C214&ssl=1\",\"width\":800,\"height\":214,\"caption\":\"Casa de Campo Living\"},\"image\":{\"@id\":\"https:\\\/\\\/casadecampoliving.com\\\/es\\\/#\\\/schema\\\/logo\\\/image\\\/\"},\"sameAs\":[\"https:\\\/\\\/www.facebook.com\\\/casadecampoliving\",\"https:\\\/\\\/x.com\\\/cdcliving\"]},{\"@type\":\"Person\",\"@id\":\"https:\\\/\\\/casadecampoliving.com\\\/es\\\/#\\\/schema\\\/person\\\/c8efa6049510554b7d5fea078d728f72\",\"name\":\"Perkin Agramonte\",\"image\":{\"@type\":\"ImageObject\",\"inLanguage\":\"es\",\"@id\":\"https:\\\/\\\/secure.gravatar.com\\\/avatar\\\/57bfdafcae55fb83dbb79a1585a9eab7f269b7720fb0b64cb9a4e0cd2962fa10?s=96&d=mm&r=g\",\"url\":\"https:\\\/\\\/secure.gravatar.com\\\/avatar\\\/57bfdafcae55fb83dbb79a1585a9eab7f269b7720fb0b64cb9a4e0cd2962fa10?s=96&d=mm&r=g\",\"contentUrl\":\"https:\\\/\\\/secure.gravatar.com\\\/avatar\\\/57bfdafcae55fb83dbb79a1585a9eab7f269b7720fb0b64cb9a4e0cd2962fa10?s=96&d=mm&r=g\",\"caption\":\"Perkin Agramonte\"},\"url\":\"https:\\\/\\\/casadecampoliving.com\\\/es\\\/author\\\/cagramonte\\\/\"}]}<\/script>\n<!-- \/ Yoast SEO plugin. -->","yoast_head_json":{"title":"Charyt\u00edn Goyco publica un fragmento de su video filmado en Altos de Chav\u00f3n | Casa de Campo Living","description":"La cantante, presentadora de televisi\u00f3n y actriz dominicana, Charyt\u00edn Goyco estuvo en Casa de Campo durante la Semana Santa; filmando el video para el","robots":{"index":"index","follow":"follow","max-snippet":"max-snippet:-1","max-image-preview":"max-image-preview:large","max-video-preview":"max-video-preview:-1"},"canonical":"https:\/\/casadecampoliving.com\/es\/charytin-goyco-publica-un-fragmento-de-su-video-filmado-en-altos-de-chavon\/","og_locale":"es_ES","og_type":"article","og_title":"Charyt\u00edn Goyco publica un fragmento de su video filmado en Altos de Chav\u00f3n | Casa de Campo Living","og_description":"La cantante, presentadora de televisi\u00f3n y actriz dominicana, Charyt\u00edn Goyco estuvo en Casa de Campo durante la Semana Santa; filmando el video para el","og_url":"https:\/\/casadecampoliving.com\/es\/charytin-goyco-publica-un-fragmento-de-su-video-filmado-en-altos-de-chavon\/","og_site_name":"Casa de Campo Living","article_publisher":"https:\/\/www.facebook.com\/casadecampoliving","article_published_time":"2014-07-03T04:00:00+00:00","article_modified_time":"2022-11-10T14:38:14+00:00","og_image":[{"width":664,"height":445,"url":"https:\/\/i0.wp.com\/casadecampoliving.com\/wp-content\/uploads\/2022\/10\/charityn-goyco-1-1.jpg?fit=664%2C445&ssl=1","type":"image\/jpeg"}],"author":"Perkin Agramonte","twitter_card":"summary_large_image","twitter_creator":"@cdcliving","twitter_site":"@cdcliving","twitter_misc":{"Escrito por":"Perkin Agramonte","Tiempo de lectura":"2 minutos"},"schema":{"@context":"https:\/\/schema.org","@graph":[{"@type":"Article","@id":"https:\/\/casadecampoliving.com\/es\/charytin-goyco-publica-un-fragmento-de-su-video-filmado-en-altos-de-chavon\/#article","isPartOf":{"@id":"https:\/\/casadecampoliving.com\/es\/charytin-goyco-publica-un-fragmento-de-su-video-filmado-en-altos-de-chavon\/"},"author":{"name":"Perkin Agramonte","@id":"https:\/\/casadecampoliving.com\/es\/#\/schema\/person\/c8efa6049510554b7d5fea078d728f72"},"headline":"Charyt\u00edn Goyco publica un fragmento de su video filmado en Altos de Chav\u00f3n","datePublished":"2014-07-03T04:00:00+00:00","dateModified":"2022-11-10T14:38:14+00:00","mainEntityOfPage":{"@id":"https:\/\/casadecampoliving.com\/es\/charytin-goyco-publica-un-fragmento-de-su-video-filmado-en-altos-de-chavon\/"},"wordCount":353,"publisher":{"@id":"https:\/\/casadecampoliving.com\/es\/#organization"},"image":{"@id":"https:\/\/casadecampoliving.com\/es\/charytin-goyco-publica-un-fragmento-de-su-video-filmado-en-altos-de-chavon\/#primaryimage"},"thumbnailUrl":"https:\/\/i0.wp.com\/casadecampoliving.com\/wp-content\/uploads\/2022\/10\/charityn-goyco-1-1.jpg?fit=664%2C445&ssl=1","keywords":["Altos de Chavon -es","Altos de Chavon","casa de campo @es","Casa de Campo Living","casa de campo resort @es"],"articleSection":["Altos de Chavon @es","M\u00e1s all\u00e1 de Casa","Casa de Campo Living @es","CCL presenta","Celebridades","Rep\u00fablica Dominicana @es","Destacados","Estilo de Vida","Noticias Locales","Resort Casa de Campo"],"inLanguage":"es"},{"@type":"WebPage","@id":"https:\/\/casadecampoliving.com\/es\/charytin-goyco-publica-un-fragmento-de-su-video-filmado-en-altos-de-chavon\/","url":"https:\/\/casadecampoliving.com\/es\/charytin-goyco-publica-un-fragmento-de-su-video-filmado-en-altos-de-chavon\/","name":"Charyt\u00edn Goyco publica un fragmento de su video filmado en Altos de Chav\u00f3n | Casa de Campo Living","isPartOf":{"@id":"https:\/\/casadecampoliving.com\/es\/#website"},"primaryImageOfPage":{"@id":"https:\/\/casadecampoliving.com\/es\/charytin-goyco-publica-un-fragmento-de-su-video-filmado-en-altos-de-chavon\/#primaryimage"},"image":{"@id":"https:\/\/casadecampoliving.com\/es\/charytin-goyco-publica-un-fragmento-de-su-video-filmado-en-altos-de-chavon\/#primaryimage"},"thumbnailUrl":"https:\/\/i0.wp.com\/casadecampoliving.com\/wp-content\/uploads\/2022\/10\/charityn-goyco-1-1.jpg?fit=664%2C445&ssl=1","datePublished":"2014-07-03T04:00:00+00:00","dateModified":"2022-11-10T14:38:14+00:00","description":"La cantante, presentadora de televisi\u00f3n y actriz dominicana, Charyt\u00edn Goyco estuvo en Casa de Campo durante la Semana Santa; filmando el video para el","breadcrumb":{"@id":"https:\/\/casadecampoliving.com\/es\/charytin-goyco-publica-un-fragmento-de-su-video-filmado-en-altos-de-chavon\/#breadcrumb"},"inLanguage":"es","potentialAction":[{"@type":"ReadAction","target":["https:\/\/casadecampoliving.com\/es\/charytin-goyco-publica-un-fragmento-de-su-video-filmado-en-altos-de-chavon\/"]}]},{"@type":"ImageObject","inLanguage":"es","@id":"https:\/\/casadecampoliving.com\/es\/charytin-goyco-publica-un-fragmento-de-su-video-filmado-en-altos-de-chavon\/#primaryimage","url":"https:\/\/i0.wp.com\/casadecampoliving.com\/wp-content\/uploads\/2022\/10\/charityn-goyco-1-1.jpg?fit=664%2C445&ssl=1","contentUrl":"https:\/\/i0.wp.com\/casadecampoliving.com\/wp-content\/uploads\/2022\/10\/charityn-goyco-1-1.jpg?fit=664%2C445&ssl=1","width":664,"height":445,"caption":"Charityn Goyco"},{"@type":"BreadcrumbList","@id":"https:\/\/casadecampoliving.com\/es\/charytin-goyco-publica-un-fragmento-de-su-video-filmado-en-altos-de-chavon\/#breadcrumb","itemListElement":[{"@type":"ListItem","position":1,"name":"Home","item":"https:\/\/casadecampoliving.com\/es\/"},{"@type":"ListItem","position":2,"name":"Charyt\u00edn Goyco publica un fragmento de su video filmado en Altos de Chav\u00f3n"}]},{"@type":"WebSite","@id":"https:\/\/casadecampoliving.com\/es\/#website","url":"https:\/\/casadecampoliving.com\/es\/","name":"Casa de Campo Living","description":"Resort community news and resources.","publisher":{"@id":"https:\/\/casadecampoliving.com\/es\/#organization"},"potentialAction":[{"@type":"SearchAction","target":{"@type":"EntryPoint","urlTemplate":"https:\/\/casadecampoliving.com\/es\/?s={search_term_string}"},"query-input":{"@type":"PropertyValueSpecification","valueRequired":true,"valueName":"search_term_string"}}],"inLanguage":"es"},{"@type":"Organization","@id":"https:\/\/casadecampoliving.com\/es\/#organization","name":"Casa de Campo Living","url":"https:\/\/casadecampoliving.com\/es\/","logo":{"@type":"ImageObject","inLanguage":"es","@id":"https:\/\/casadecampoliving.com\/es\/#\/schema\/logo\/image\/","url":"https:\/\/i0.wp.com\/casadecampoliving.com\/wp-content\/uploads\/2022\/07\/CDCLivingLogo_V1-white-sized.png?fit=800%2C214&ssl=1","contentUrl":"https:\/\/i0.wp.com\/casadecampoliving.com\/wp-content\/uploads\/2022\/07\/CDCLivingLogo_V1-white-sized.png?fit=800%2C214&ssl=1","width":800,"height":214,"caption":"Casa de Campo Living"},"image":{"@id":"https:\/\/casadecampoliving.com\/es\/#\/schema\/logo\/image\/"},"sameAs":["https:\/\/www.facebook.com\/casadecampoliving","https:\/\/x.com\/cdcliving"]},{"@type":"Person","@id":"https:\/\/casadecampoliving.com\/es\/#\/schema\/person\/c8efa6049510554b7d5fea078d728f72","name":"Perkin Agramonte","image":{"@type":"ImageObject","inLanguage":"es","@id":"https:\/\/secure.gravatar.com\/avatar\/57bfdafcae55fb83dbb79a1585a9eab7f269b7720fb0b64cb9a4e0cd2962fa10?s=96&d=mm&r=g","url":"https:\/\/secure.gravatar.com\/avatar\/57bfdafcae55fb83dbb79a1585a9eab7f269b7720fb0b64cb9a4e0cd2962fa10?s=96&d=mm&r=g","contentUrl":"https:\/\/secure.gravatar.com\/avatar\/57bfdafcae55fb83dbb79a1585a9eab7f269b7720fb0b64cb9a4e0cd2962fa10?s=96&d=mm&r=g","caption":"Perkin Agramonte"},"url":"https:\/\/casadecampoliving.com\/es\/author\/cagramonte\/"}]}},"parsely":{"version":"1.1.0","canonical_url":"https:\/\/casadecampoliving.com\/es\/charytin-goyco-publica-un-fragmento-de-su-video-filmado-en-altos-de-chavon\/","smart_links":{"inbound":0,"outbound":0},"traffic_boost_suggestions_count":0,"meta":{"@context":"https:\/\/schema.org","@type":"NewsArticle","headline":"Charyt\u00edn Goyco publica un fragmento de su video filmado en Altos de Chav\u00f3n","url":"http:\/\/casadecampoliving.com\/es\/charytin-goyco-publica-un-fragmento-de-su-video-filmado-en-altos-de-chavon\/","mainEntityOfPage":{"@type":"WebPage","@id":"http:\/\/casadecampoliving.com\/es\/charytin-goyco-publica-un-fragmento-de-su-video-filmado-en-altos-de-chavon\/"},"thumbnailUrl":"https:\/\/i0.wp.com\/casadecampoliving.com\/wp-content\/uploads\/2022\/10\/charityn-goyco-1-1.jpg?resize=150%2C150&ssl=1","image":{"@type":"ImageObject","url":"https:\/\/i0.wp.com\/casadecampoliving.com\/wp-content\/uploads\/2022\/10\/charityn-goyco-1-1.jpg?fit=664%2C445&ssl=1"},"articleSection":"Altos de Chavon @es","author":[{"@type":"Person","name":"Perkin Agramonte"}],"creator":["Perkin Agramonte"],"publisher":{"@type":"Organization","name":"Casa de Campo Living","logo":"https:\/\/casadecampoliving.com\/wp-content\/uploads\/2022\/07\/CDCLivingLogo_V1-white-sized.png"},"keywords":["altos de chavon","casa de campo @es","casa de campo living","casa de campo resort @es"],"dateCreated":"2014-07-03T04:00:00Z","datePublished":"2014-07-03T04:00:00Z","dateModified":"2022-11-10T14:38:14Z"},"rendered":"<script type=\"application\/ld+json\" class=\"wp-parsely-metadata\">{\"@context\":\"https:\\\/\\\/schema.org\",\"@type\":\"NewsArticle\",\"headline\":\"Charyt\\u00edn Goyco publica un fragmento de su video filmado en Altos de Chav\\u00f3n\",\"url\":\"http:\\\/\\\/casadecampoliving.com\\\/es\\\/charytin-goyco-publica-un-fragmento-de-su-video-filmado-en-altos-de-chavon\\\/\",\"mainEntityOfPage\":{\"@type\":\"WebPage\",\"@id\":\"http:\\\/\\\/casadecampoliving.com\\\/es\\\/charytin-goyco-publica-un-fragmento-de-su-video-filmado-en-altos-de-chavon\\\/\"},\"thumbnailUrl\":\"https:\\\/\\\/i0.wp.com\\\/casadecampoliving.com\\\/wp-content\\\/uploads\\\/2022\\\/10\\\/charityn-goyco-1-1.jpg?resize=150%2C150&ssl=1\",\"image\":{\"@type\":\"ImageObject\",\"url\":\"https:\\\/\\\/i0.wp.com\\\/casadecampoliving.com\\\/wp-content\\\/uploads\\\/2022\\\/10\\\/charityn-goyco-1-1.jpg?fit=664%2C445&ssl=1\"},\"articleSection\":\"Altos de Chavon @es\",\"author\":[{\"@type\":\"Person\",\"name\":\"Perkin Agramonte\"}],\"creator\":[\"Perkin Agramonte\"],\"publisher\":{\"@type\":\"Organization\",\"name\":\"Casa de Campo Living\",\"logo\":\"https:\\\/\\\/casadecampoliving.com\\\/wp-content\\\/uploads\\\/2022\\\/07\\\/CDCLivingLogo_V1-white-sized.png\"},\"keywords\":[\"altos de chavon\",\"casa de campo @es\",\"casa de campo living\",\"casa de campo resort @es\"],\"dateCreated\":\"2014-07-03T04:00:00Z\",\"datePublished\":\"2014-07-03T04:00:00Z\",\"dateModified\":\"2022-11-10T14:38:14Z\"}<\/script>","tracker_url":"https:\/\/cdn.parsely.com\/keys\/casadecampoliving.com\/p.js"},"jetpack_publicize_connections":[],"jetpack_featured_media_url":"https:\/\/i0.wp.com\/casadecampoliving.com\/wp-content\/uploads\/2022\/10\/charityn-goyco-1-1.jpg?fit=664%2C445&ssl=1","jetpack-related-posts":[{"id":433460,"url":"https:\/\/casadecampoliving.com\/es\/no-se-pierdan-el-increible-tributo-a-frank-sinatra-para-celebrar-el-40-aniversario-del-anfiteatro-altos-de-chavon\/","url_meta":{"origin":344731,"position":0},"title":"No se pierdan el incre\u00edble tributo a Frank Sinatra para celebrar el 40 aniversario del\u00a0Anfiteatro Altos de Chav\u00f3n","author":"Casa de Campo Living","date":"20 Oct, 2022","format":false,"excerpt":"Siendo uno de los escenarios m\u00e1s emblem\u00e1ticos del pa\u00eds, Casa de Campo Resort\u00ae & Villas celebra las cuatro d\u00e9cadas de aniversario de Altos de Chav\u00f3n con un tributo al gran Frank Sinatra, protagonizado por artistas invitados y una big band tal cual la que acompa\u00f1\u00f3 al artista hace 40 a\u00f1os\u2026","rel":"","context":"En \u00abUncategorized @es\u00bb","block_context":{"text":"Uncategorized @es","link":"https:\/\/casadecampoliving.com\/es\/category\/uncategorized-es\/"},"img":{"alt_text":"","src":"https:\/\/i0.wp.com\/casadecampoliving.com\/wp-content\/uploads\/2022\/10\/Tributo-Frank-Sinatra-Foto-Principal-Amaury-Sanchez-Danilo-Ginebra-Andres-Pichardo-y-Jose-Gabriel-Perez-.jpg?fit=1200%2C873&ssl=1&resize=350%2C200","width":350,"height":200,"srcset":"https:\/\/i0.wp.com\/casadecampoliving.com\/wp-content\/uploads\/2022\/10\/Tributo-Frank-Sinatra-Foto-Principal-Amaury-Sanchez-Danilo-Ginebra-Andres-Pichardo-y-Jose-Gabriel-Perez-.jpg?fit=1200%2C873&ssl=1&resize=350%2C200 1x, https:\/\/i0.wp.com\/casadecampoliving.com\/wp-content\/uploads\/2022\/10\/Tributo-Frank-Sinatra-Foto-Principal-Amaury-Sanchez-Danilo-Ginebra-Andres-Pichardo-y-Jose-Gabriel-Perez-.jpg?fit=1200%2C873&ssl=1&resize=525%2C300 1.5x, https:\/\/i0.wp.com\/casadecampoliving.com\/wp-content\/uploads\/2022\/10\/Tributo-Frank-Sinatra-Foto-Principal-Amaury-Sanchez-Danilo-Ginebra-Andres-Pichardo-y-Jose-Gabriel-Perez-.jpg?fit=1200%2C873&ssl=1&resize=700%2C400 2x, https:\/\/i0.wp.com\/casadecampoliving.com\/wp-content\/uploads\/2022\/10\/Tributo-Frank-Sinatra-Foto-Principal-Amaury-Sanchez-Danilo-Ginebra-Andres-Pichardo-y-Jose-Gabriel-Perez-.jpg?fit=1200%2C873&ssl=1&resize=1050%2C600 3x"},"classes":[]},{"id":344336,"url":"https:\/\/casadecampoliving.com\/es\/charytin-goyco-altos-de-chavon\/","url_meta":{"origin":344731,"position":1},"title":"Charyt\u00edn Goyco filma su nuevo sencillo en Altos de Chav\u00f3n","author":"Gerolis Lagrage Zabala","date":"7 May, 2014","format":false,"excerpt":"Charyt\u00edn Goyco, cantante dominicana, presentadora de televisi\u00f3n y actriz, estuvo en Casa de Campo durante Semana Santa filmando el video de su primer sencillo del \u00e1lbum \u201c7 Vidas\u201d. Charyt\u00edn Goyco antes de convertirse en una estrella internacional en los a\u00f1os 1970 con su canci\u00f3n Mosquita Muerta que fue muy popular\u2026","rel":"","context":"En \u00abAltos de Chavon @es\u00bb","block_context":{"text":"Altos de Chavon @es","link":"https:\/\/casadecampoliving.com\/category\/altos-de-chavon-es\/"},"img":{"alt_text":"Charityn Goyco Altos de Chavon","src":"https:\/\/i0.wp.com\/casadecampoliving.com\/wp-content\/uploads\/2022\/10\/charityn_goyco_altos_de_chavon-1.jpg?fit=650%2C434&ssl=1&resize=350%2C200","width":350,"height":200,"srcset":"https:\/\/i0.wp.com\/casadecampoliving.com\/wp-content\/uploads\/2022\/10\/charityn_goyco_altos_de_chavon-1.jpg?fit=650%2C434&ssl=1&resize=350%2C200 1x, https:\/\/i0.wp.com\/casadecampoliving.com\/wp-content\/uploads\/2022\/10\/charityn_goyco_altos_de_chavon-1.jpg?fit=650%2C434&ssl=1&resize=525%2C300 1.5x"},"classes":[]},{"id":344851,"url":"https:\/\/casadecampoliving.com\/es\/charytin-goyco-video-7-vidas\/","url_meta":{"origin":344731,"position":2},"title":"Charyt\u00edn Goyco presenta video de \u00ab7 Vidas\u00bb","author":"Emil Mella","date":"15 Jul, 2014","format":false,"excerpt":"Charyt\u00edn Goyco ha hecho p\u00fablico el video de \u201c7 Vidas\u201d, \u00a1grabado aqu\u00ed mismo en Altos de Chav\u00f3n! La canci\u00f3n,\u00a0muy viva y llena de todos los elementos del pop latino, es el primer sencillo de su nuevo \u00e1lbum \u201c7 Vidas\u201d. El video (debajo), muestra video grabado en el aeropuerto en el\u2026","rel":"","context":"En \u00abAltos de Chavon @es\u00bb","block_context":{"text":"Altos de Chavon @es","link":"https:\/\/casadecampoliving.com\/category\/altos-de-chavon-es\/"},"img":{"alt_text":"Charytin Goyco en Altos de Chav\u00f3n","src":"https:\/\/i0.wp.com\/casadecampoliving.com\/wp-content\/uploads\/2022\/10\/charityn_goyco_altos_de_chavon-3.jpg?fit=650%2C434&ssl=1&resize=350%2C200","width":350,"height":200,"srcset":"https:\/\/i0.wp.com\/casadecampoliving.com\/wp-content\/uploads\/2022\/10\/charityn_goyco_altos_de_chavon-3.jpg?fit=650%2C434&ssl=1&resize=350%2C200 1x, https:\/\/i0.wp.com\/casadecampoliving.com\/wp-content\/uploads\/2022\/10\/charityn_goyco_altos_de_chavon-3.jpg?fit=650%2C434&ssl=1&resize=525%2C300 1.5x"},"classes":[]},{"id":323516,"url":"https:\/\/casadecampoliving.com\/charityn-goyco-altos-de-chavon\/","url_meta":{"origin":344731,"position":3},"title":"Charytin Goyco shoots music video in Altos de Chav\u00f3n","author":"Rebecca Silvestri","date":"7 May, 2014","format":false,"excerpt":"Charyt\u00edn Goyco, a Dominican\u00a0singer, television hostess and\u00a0actress\u00a0was here in Casa de Campo during Semana Santa (Easter Week) filming the video for the first single of her new album \"7 Vidas\". Charyt\u00edn Goyco\u00a0became an international superstar in the late 1970's with her song\u00a0Mosquita Muerta, which reached the top of the charts\u2026","rel":"","context":"En \u00abAltos de Chavon\u00bb","block_context":{"text":"Altos de Chavon","link":"https:\/\/casadecampoliving.com\/category\/altos-de-chavon\/"},"img":{"alt_text":"Charityn Goyco Altos de Chavon","src":"https:\/\/i0.wp.com\/casadecampoliving.com\/wp-content\/uploads\/2022\/10\/charityn_goyco_altos_de_chavon-1.jpg?fit=650%2C434&ssl=1&resize=350%2C200","width":350,"height":200,"srcset":"https:\/\/i0.wp.com\/casadecampoliving.com\/wp-content\/uploads\/2022\/10\/charityn_goyco_altos_de_chavon-1.jpg?fit=650%2C434&ssl=1&resize=350%2C200 1x, https:\/\/i0.wp.com\/casadecampoliving.com\/wp-content\/uploads\/2022\/10\/charityn_goyco_altos_de_chavon-1.jpg?fit=650%2C434&ssl=1&resize=525%2C300 1.5x"},"classes":[]},{"id":323810,"url":"https:\/\/casadecampoliving.com\/charityn-goyco-releases-video-filmed-altos-de-chavon\/","url_meta":{"origin":344731,"position":4},"title":"Charyt\u00edn Goyco releases video filmed in Altos de Chav\u00f3n","author":"Rebecca Silvestri","date":"3 Jul, 2014","format":false,"excerpt":"Charyt\u00edn Goyco, a Dominican\u00a0singer, television hostess and\u00a0actress\u00a0was here in Casa de Campo during Semana Santa (Easter Week) filming the video for the first single of her new album \"7 Vidas\" - and she just released a sneak preview! The short 17 second video gives us a glimpse of the upbeat\u2026","rel":"","context":"En \u00abAltos de Chavon\u00bb","block_context":{"text":"Altos de Chavon","link":"https:\/\/casadecampoliving.com\/category\/altos-de-chavon\/"},"img":{"alt_text":"Charityn Goyco","src":"https:\/\/i0.wp.com\/casadecampoliving.com\/wp-content\/uploads\/2022\/10\/charityn-goyco-1-1.jpg?fit=664%2C445&ssl=1&resize=350%2C200","width":350,"height":200,"srcset":"https:\/\/i0.wp.com\/casadecampoliving.com\/wp-content\/uploads\/2022\/10\/charityn-goyco-1-1.jpg?fit=664%2C445&ssl=1&resize=350%2C200 1x, https:\/\/i0.wp.com\/casadecampoliving.com\/wp-content\/uploads\/2022\/10\/charityn-goyco-1-1.jpg?fit=664%2C445&ssl=1&resize=525%2C300 1.5x"},"classes":[]},{"id":323894,"url":"https:\/\/casadecampoliving.com\/charytin-goyco-siete-vidas\/","url_meta":{"origin":344731,"position":5},"title":"Charyt\u00edn Goyco&#8217;s \u00ab7 Vidas\u00bb released","author":"Emil Mella","date":"15 Jul, 2014","format":false,"excerpt":"Charyt\u00edn Goyco\u2019s \u201c7 Vidas\u201d video has been released, with footage filmed right here in Altos de Chav\u00f3n! The song, an upbeat Latin pop number that\u2019s sure to delight, is the first single off her new album, \u201c7 Vidas\u201d. The video, shown below, features footage\u00a0filmed in the La Romana \u2013 Casa\u2026","rel":"","context":"En \u00abAltos de Chavon\u00bb","block_context":{"text":"Altos de Chavon","link":"https:\/\/casadecampoliving.com\/category\/altos-de-chavon\/"},"img":{"alt_text":"Charytin Goyco en Altos de Chav\u00f3n","src":"https:\/\/i0.wp.com\/casadecampoliving.com\/wp-content\/uploads\/2022\/10\/charityn_goyco_altos_de_chavon-3.jpg?fit=650%2C434&ssl=1&resize=350%2C200","width":350,"height":200,"srcset":"https:\/\/i0.wp.com\/casadecampoliving.com\/wp-content\/uploads\/2022\/10\/charityn_goyco_altos_de_chavon-3.jpg?fit=650%2C434&ssl=1&resize=350%2C200 1x, https:\/\/i0.wp.com\/casadecampoliving.com\/wp-content\/uploads\/2022\/10\/charityn_goyco_altos_de_chavon-3.jpg?fit=650%2C434&ssl=1&resize=525%2C300 1.5x"},"classes":[]}],"jetpack_sharing_enabled":true,"_links":{"self":[{"href":"https:\/\/casadecampoliving.com\/es\/wp-json\/wp\/v2\/posts\/344731","targetHints":{"allow":["GET"]}}],"collection":[{"href":"https:\/\/casadecampoliving.com\/es\/wp-json\/wp\/v2\/posts"}],"about":[{"href":"https:\/\/casadecampoliving.com\/es\/wp-json\/wp\/v2\/types\/post"}],"author":[{"embeddable":true,"href":"https:\/\/casadecampoliving.com\/es\/wp-json\/wp\/v2\/users\/1097"}],"replies":[{"embeddable":true,"href":"https:\/\/casadecampoliving.com\/es\/wp-json\/wp\/v2\/comments?post=344731"}],"version-history":[{"count":2,"href":"https:\/\/casadecampoliving.com\/es\/wp-json\/wp\/v2\/posts\/344731\/revisions"}],"predecessor-version":[{"id":508329,"href":"https:\/\/casadecampoliving.com\/es\/wp-json\/wp\/v2\/posts\/344731\/revisions\/508329"}],"wp:featuredmedia":[{"embeddable":true,"href":"https:\/\/casadecampoliving.com\/es\/wp-json\/wp\/v2\/media\/259106"}],"wp:attachment":[{"href":"https:\/\/casadecampoliving.com\/es\/wp-json\/wp\/v2\/media?parent=344731"}],"wp:term":[{"taxonomy":"category","embeddable":true,"href":"https:\/\/casadecampoliving.com\/es\/wp-json\/wp\/v2\/categories?post=344731"},{"taxonomy":"post_tag","embeddable":true,"href":"https:\/\/casadecampoliving.com\/es\/wp-json\/wp\/v2\/tags?post=344731"},{"taxonomy":"newspack_spnsrs_tax","embeddable":true,"href":"https:\/\/casadecampoliving.com\/es\/wp-json\/wp\/v2\/newspack_spnsrs_tax?post=344731"}],"curies":[{"name":"wp","href":"https:\/\/api.w.org\/{rel}","templated":true}]}}