{"id":344690,"date":"2014-06-29T00:00:00","date_gmt":"2014-06-29T04:00:00","guid":{"rendered":"https:\/\/casadecampoliving.com\/intercambio-golf-y-turismo-republica-dominicana\/"},"modified":"2022-10-21T18:53:32","modified_gmt":"2022-10-21T22:53:32","slug":"intercambio-golf-y-turismo-republica-dominicana","status":"publish","type":"post","link":"https:\/\/casadecampoliving.com\/es\/intercambio-golf-y-turismo-republica-dominicana\/","title":{"rendered":"\u00abIntercambio de Golf y Turismo de la Rep\u00fablica Dominicana\u00bb viene a Casa!"},"content":{"rendered":"<div class=\"wp-block-image\">\n<figure class=\"aligncenter is-resized\"><a href=\"https:\/\/i0.wp.com\/casadecampoliving.com\/wp-content\/uploads\/2022\/10\/teeth-of-the-dog-e1403813758731.jpg?ssl=1\"><img loading=\"lazy\" decoding=\"async\" src=\"https:\/\/i0.wp.com\/casadecampoliving.com\/wp-content\/uploads\/2022\/10\/teeth-of-the-dog-e1403813758731.jpg?resize=650%2C321&amp;ssl=1\" alt=\"Teeth of the Dog\" class=\"wp-image-92348\" height=\"321\" width=\"650\"\/><\/a><\/figure>\n<\/div>\n\n\n<p>Este septiembre, \u00a1una feria internacional del golf vendr\u00e1 a Punta Casa y Casa de \u00bfEstar\u00e1s ah\u00ed?<\/p>\n\n\n\n<!--more-->\n\n\n\n<p>Esto no es una sorpresa para ninguno de nosotros aqu\u00ed en Casa, todo conocemos bien lo que es \u201cThe Sporting Life\u201d, pero desde el primer d\u00eda hasta el sexto de septiembre, el primer \u201cIntercambio de Golf y Turismo de la Rep\u00fablica Dominicana\u201d se presentar\u00e1 en Casa de Campo y en Punta Cana, con la intenci\u00f3n de incrementar el turismo para el pa\u00eds como una destinaci\u00f3n mundial para el golf. Ya Casa de Campo y Punta Cana tienen campos de golf maravillosos, \u00a1esta feria solo podr\u00e1 beneficiar el golf dominicano!<\/p>\n\n\n\n<p>Entre las personas y organizaciones que estar\u00e1n presentes est\u00e1n el Dr. Peter Walton, el presidente de la Asociaci\u00f3n Internacional de Operadores de Tures de Golf (AIOTG), los Consultantes de Mercado TARGET y representantes del Ministerio Dominicano de Turismo, la Comisi\u00f3n Nacional de Golf, y la Federaci\u00f3n Dominicana de Golf.<\/p>\n\n\n\n<p>La AIOTG eligi\u00f3 a la Rep\u00fablica Dominicana como el \u201cMejor Destino de Golf de Caribe y Latinoam\u00e9rica\u201d por dos a\u00f1os de corrido, en el 2012 y el 2013 y Punta Cana fue incluido en la lista de la revista Travelers\u2019 Choice de los mejores destinos de golf en el Caribe.<\/p>\n\n\n\n<p>El pa\u00eds ha estado recibiendo m\u00e1s reconocimiento como un destino de golf alrededor del mundo, y aqu\u00ed en Casa, \u00a1no nos estaremos perdiendo de ello! Entusiastas de golf y ejecutivos de empresas del mundo de golf debieran de venir para el Intercambio de Golf y Turismo de la Rep\u00fablica Dominicana, \u00a1desde el primero hasta el sexto de septiembre!<\/p>\n","protected":false},"excerpt":{"rendered":"<p>Este septiembre, \u00a1una feria internacional del golf vendr\u00e1 a Punta Casa y Casa de \u00bfEstar\u00e1s ah\u00ed?<\/p>\n","protected":false},"author":18093,"featured_media":256463,"comment_status":"closed","ping_status":"closed","sticky":false,"template":"","format":"standard","meta":{"newspack_ads_suppress_ads":false,"newspack_popups_has_disabled_popups":false,"newspack_sponsor_sponsorship_scope":"","newspack_sponsor_native_byline_display":"inherit","newspack_sponsor_native_category_display":"inherit","newspack_sponsor_underwriter_style":"inherit","newspack_sponsor_underwriter_placement":"inherit","_newspack_byline_active":false,"_newspack_byline":"","newspack_hide_updated_date":false,"newspack_show_updated_date":false,"newspack_content_restriction_is_exempt":false,"newspack_featured_image_position":"","newspack_post_subtitle":"","newspack_article_summary_title":"Overview:","newspack_article_summary":"","_jetpack_memberships_contains_paid_content":false,"footnotes":"","jetpack_publicize_message":"","jetpack_publicize_feature_enabled":true,"jetpack_social_post_already_shared":false,"jetpack_social_options":{"image_generator_settings":{"template":"highway","default_image_id":0,"font":"","enabled":false},"version":2},"_wpas_customize_per_network":false},"categories":[2525,2524,2522,14625,14627],"tags":[3626,176,14777,8670],"newspack_spnsrs_tax":[],"class_list":["post-344690","post","type-post","status-publish","format-standard","has-post-thumbnail","hentry","category-golf-deportes-es","category-destacados","category-eventos-es","category-noticias-locales","category-proximamente","tag-casa-de-campo-es","tag-golf","tag-republica-dominicana-es-18","tag-turismo","entry"],"yoast_head":"<!-- This site is optimized with the Yoast SEO plugin v27.4 - https:\/\/yoast.com\/product\/yoast-seo-wordpress\/ -->\n<title>&quot;Intercambio de Golf y Turismo de la Rep\u00fablica Dominicana&quot; viene a Casa! | Casa de Campo Living<\/title>\n<meta name=\"description\" content=\"Este septiembre, \u00a1una feria internacional del golf vendr\u00e1 a Punta Casa y Casa de \u00bfEstar\u00e1s ah\u00ed? Esto no es una sorpresa para ninguno de nosotros aqu\u00ed en\" \/>\n<meta name=\"robots\" content=\"index, follow, max-snippet:-1, max-image-preview:large, max-video-preview:-1\" \/>\n<link rel=\"canonical\" href=\"https:\/\/casadecampoliving.com\/es\/intercambio-golf-y-turismo-republica-dominicana\/\" \/>\n<meta property=\"og:locale\" content=\"es_ES\" \/>\n<meta property=\"og:type\" content=\"article\" \/>\n<meta property=\"og:title\" content=\"&quot;Intercambio de Golf y Turismo de la Rep\u00fablica Dominicana&quot; viene a Casa! | Casa de Campo Living\" \/>\n<meta property=\"og:description\" content=\"Este septiembre, \u00a1una feria internacional del golf vendr\u00e1 a Punta Casa y Casa de \u00bfEstar\u00e1s ah\u00ed? Esto no es una sorpresa para ninguno de nosotros aqu\u00ed en\" \/>\n<meta property=\"og:url\" content=\"https:\/\/casadecampoliving.com\/es\/intercambio-golf-y-turismo-republica-dominicana\/\" \/>\n<meta property=\"og:site_name\" content=\"Casa de Campo Living\" \/>\n<meta property=\"article:publisher\" content=\"https:\/\/www.facebook.com\/casadecampoliving\" \/>\n<meta property=\"article:published_time\" content=\"2014-06-29T04:00:00+00:00\" \/>\n<meta property=\"article:modified_time\" content=\"2022-10-21T22:53:32+00:00\" \/>\n<meta property=\"og:image\" content=\"https:\/\/i0.wp.com\/casadecampoliving.com\/wp-content\/uploads\/2022\/10\/teeth-of-the-dog-e1403813758731-1.jpg?fit=650%2C321&ssl=1\" \/>\n\t<meta property=\"og:image:width\" content=\"650\" \/>\n\t<meta property=\"og:image:height\" content=\"321\" \/>\n\t<meta property=\"og:image:type\" content=\"image\/jpeg\" \/>\n<meta name=\"author\" content=\"Emil Mella\" \/>\n<meta name=\"twitter:card\" content=\"summary_large_image\" \/>\n<meta name=\"twitter:creator\" content=\"@cdcliving\" \/>\n<meta name=\"twitter:site\" content=\"@cdcliving\" \/>\n<meta name=\"twitter:label1\" content=\"Escrito por\" \/>\n\t<meta name=\"twitter:data1\" content=\"Emil Mella\" \/>\n\t<meta name=\"twitter:label2\" content=\"Tiempo de lectura\" \/>\n\t<meta name=\"twitter:data2\" content=\"1 minuto\" \/>\n<script type=\"application\/ld+json\" class=\"yoast-schema-graph\">{\"@context\":\"https:\\\/\\\/schema.org\",\"@graph\":[{\"@type\":\"Article\",\"@id\":\"https:\\\/\\\/casadecampoliving.com\\\/es\\\/intercambio-golf-y-turismo-republica-dominicana\\\/#article\",\"isPartOf\":{\"@id\":\"https:\\\/\\\/casadecampoliving.com\\\/es\\\/intercambio-golf-y-turismo-republica-dominicana\\\/\"},\"author\":{\"name\":\"Emil Mella\",\"@id\":\"https:\\\/\\\/casadecampoliving.com\\\/es\\\/#\\\/schema\\\/person\\\/d12a5efec1fdc64b900715bce298e45b\"},\"headline\":\"\u00abIntercambio de Golf y Turismo de la Rep\u00fablica Dominicana\u00bb viene a Casa!\",\"datePublished\":\"2014-06-29T04:00:00+00:00\",\"dateModified\":\"2022-10-21T22:53:32+00:00\",\"mainEntityOfPage\":{\"@id\":\"https:\\\/\\\/casadecampoliving.com\\\/es\\\/intercambio-golf-y-turismo-republica-dominicana\\\/\"},\"wordCount\":290,\"publisher\":{\"@id\":\"https:\\\/\\\/casadecampoliving.com\\\/es\\\/#organization\"},\"image\":{\"@id\":\"https:\\\/\\\/casadecampoliving.com\\\/es\\\/intercambio-golf-y-turismo-republica-dominicana\\\/#primaryimage\"},\"thumbnailUrl\":\"https:\\\/\\\/i0.wp.com\\\/casadecampoliving.com\\\/wp-content\\\/uploads\\\/2022\\\/10\\\/teeth-of-the-dog-e1403813758731-1.jpg?fit=650%2C321&ssl=1\",\"keywords\":[\"casa de campo @es\",\"Golf\",\"Republica Dominicana\",\"turismo\"],\"articleSection\":[\"Deportes\",\"Destacados\",\"Eventos\",\"Noticias Locales\",\"Proximamente\"],\"inLanguage\":\"es\"},{\"@type\":\"WebPage\",\"@id\":\"https:\\\/\\\/casadecampoliving.com\\\/es\\\/intercambio-golf-y-turismo-republica-dominicana\\\/\",\"url\":\"https:\\\/\\\/casadecampoliving.com\\\/es\\\/intercambio-golf-y-turismo-republica-dominicana\\\/\",\"name\":\"\\\"Intercambio de Golf y Turismo de la Rep\u00fablica Dominicana\\\" viene a Casa! | Casa de Campo Living\",\"isPartOf\":{\"@id\":\"https:\\\/\\\/casadecampoliving.com\\\/es\\\/#website\"},\"primaryImageOfPage\":{\"@id\":\"https:\\\/\\\/casadecampoliving.com\\\/es\\\/intercambio-golf-y-turismo-republica-dominicana\\\/#primaryimage\"},\"image\":{\"@id\":\"https:\\\/\\\/casadecampoliving.com\\\/es\\\/intercambio-golf-y-turismo-republica-dominicana\\\/#primaryimage\"},\"thumbnailUrl\":\"https:\\\/\\\/i0.wp.com\\\/casadecampoliving.com\\\/wp-content\\\/uploads\\\/2022\\\/10\\\/teeth-of-the-dog-e1403813758731-1.jpg?fit=650%2C321&ssl=1\",\"datePublished\":\"2014-06-29T04:00:00+00:00\",\"dateModified\":\"2022-10-21T22:53:32+00:00\",\"description\":\"Este septiembre, \u00a1una feria internacional del golf vendr\u00e1 a Punta Casa y Casa de \u00bfEstar\u00e1s ah\u00ed? Esto no es una sorpresa para ninguno de nosotros aqu\u00ed en\",\"breadcrumb\":{\"@id\":\"https:\\\/\\\/casadecampoliving.com\\\/es\\\/intercambio-golf-y-turismo-republica-dominicana\\\/#breadcrumb\"},\"inLanguage\":\"es\",\"potentialAction\":[{\"@type\":\"ReadAction\",\"target\":[\"https:\\\/\\\/casadecampoliving.com\\\/es\\\/intercambio-golf-y-turismo-republica-dominicana\\\/\"]}]},{\"@type\":\"ImageObject\",\"inLanguage\":\"es\",\"@id\":\"https:\\\/\\\/casadecampoliving.com\\\/es\\\/intercambio-golf-y-turismo-republica-dominicana\\\/#primaryimage\",\"url\":\"https:\\\/\\\/i0.wp.com\\\/casadecampoliving.com\\\/wp-content\\\/uploads\\\/2022\\\/10\\\/teeth-of-the-dog-e1403813758731-1.jpg?fit=650%2C321&ssl=1\",\"contentUrl\":\"https:\\\/\\\/i0.wp.com\\\/casadecampoliving.com\\\/wp-content\\\/uploads\\\/2022\\\/10\\\/teeth-of-the-dog-e1403813758731-1.jpg?fit=650%2C321&ssl=1\",\"width\":650,\"height\":321,\"caption\":\"Teeth of the Dog\"},{\"@type\":\"BreadcrumbList\",\"@id\":\"https:\\\/\\\/casadecampoliving.com\\\/es\\\/intercambio-golf-y-turismo-republica-dominicana\\\/#breadcrumb\",\"itemListElement\":[{\"@type\":\"ListItem\",\"position\":1,\"name\":\"Home\",\"item\":\"https:\\\/\\\/casadecampoliving.com\\\/es\\\/\"},{\"@type\":\"ListItem\",\"position\":2,\"name\":\"&#8220;Intercambio de Golf y Turismo de la Rep\u00fablica Dominicana&#8221; viene a Casa!\"}]},{\"@type\":\"WebSite\",\"@id\":\"https:\\\/\\\/casadecampoliving.com\\\/es\\\/#website\",\"url\":\"https:\\\/\\\/casadecampoliving.com\\\/es\\\/\",\"name\":\"Casa de Campo Living\",\"description\":\"Resort community news and resources.\",\"publisher\":{\"@id\":\"https:\\\/\\\/casadecampoliving.com\\\/es\\\/#organization\"},\"potentialAction\":[{\"@type\":\"SearchAction\",\"target\":{\"@type\":\"EntryPoint\",\"urlTemplate\":\"https:\\\/\\\/casadecampoliving.com\\\/es\\\/?s={search_term_string}\"},\"query-input\":{\"@type\":\"PropertyValueSpecification\",\"valueRequired\":true,\"valueName\":\"search_term_string\"}}],\"inLanguage\":\"es\"},{\"@type\":\"Organization\",\"@id\":\"https:\\\/\\\/casadecampoliving.com\\\/es\\\/#organization\",\"name\":\"Casa de Campo Living\",\"url\":\"https:\\\/\\\/casadecampoliving.com\\\/es\\\/\",\"logo\":{\"@type\":\"ImageObject\",\"inLanguage\":\"es\",\"@id\":\"https:\\\/\\\/casadecampoliving.com\\\/es\\\/#\\\/schema\\\/logo\\\/image\\\/\",\"url\":\"https:\\\/\\\/i0.wp.com\\\/casadecampoliving.com\\\/wp-content\\\/uploads\\\/2022\\\/07\\\/CDCLivingLogo_V1-white-sized.png?fit=800%2C214&ssl=1\",\"contentUrl\":\"https:\\\/\\\/i0.wp.com\\\/casadecampoliving.com\\\/wp-content\\\/uploads\\\/2022\\\/07\\\/CDCLivingLogo_V1-white-sized.png?fit=800%2C214&ssl=1\",\"width\":800,\"height\":214,\"caption\":\"Casa de Campo Living\"},\"image\":{\"@id\":\"https:\\\/\\\/casadecampoliving.com\\\/es\\\/#\\\/schema\\\/logo\\\/image\\\/\"},\"sameAs\":[\"https:\\\/\\\/www.facebook.com\\\/casadecampoliving\",\"https:\\\/\\\/x.com\\\/cdcliving\"]},{\"@type\":\"Person\",\"@id\":\"https:\\\/\\\/casadecampoliving.com\\\/es\\\/#\\\/schema\\\/person\\\/d12a5efec1fdc64b900715bce298e45b\",\"name\":\"Emil Mella\",\"image\":{\"@type\":\"ImageObject\",\"inLanguage\":\"es\",\"@id\":\"https:\\\/\\\/secure.gravatar.com\\\/avatar\\\/4e9e3292f2d31d6433db3b53db07d9803a6b11077575fa898c13ca6b8962c812?s=96&d=mm&r=g\",\"url\":\"https:\\\/\\\/secure.gravatar.com\\\/avatar\\\/4e9e3292f2d31d6433db3b53db07d9803a6b11077575fa898c13ca6b8962c812?s=96&d=mm&r=g\",\"contentUrl\":\"https:\\\/\\\/secure.gravatar.com\\\/avatar\\\/4e9e3292f2d31d6433db3b53db07d9803a6b11077575fa898c13ca6b8962c812?s=96&d=mm&r=g\",\"caption\":\"Emil Mella\"},\"url\":\"https:\\\/\\\/casadecampoliving.com\\\/es\\\/author\\\/emil-mella\\\/\"}]}<\/script>\n<!-- \/ Yoast SEO plugin. -->","yoast_head_json":{"title":"\"Intercambio de Golf y Turismo de la Rep\u00fablica Dominicana\" viene a Casa! | Casa de Campo Living","description":"Este septiembre, \u00a1una feria internacional del golf vendr\u00e1 a Punta Casa y Casa de \u00bfEstar\u00e1s ah\u00ed? Esto no es una sorpresa para ninguno de nosotros aqu\u00ed en","robots":{"index":"index","follow":"follow","max-snippet":"max-snippet:-1","max-image-preview":"max-image-preview:large","max-video-preview":"max-video-preview:-1"},"canonical":"https:\/\/casadecampoliving.com\/es\/intercambio-golf-y-turismo-republica-dominicana\/","og_locale":"es_ES","og_type":"article","og_title":"\"Intercambio de Golf y Turismo de la Rep\u00fablica Dominicana\" viene a Casa! | Casa de Campo Living","og_description":"Este septiembre, \u00a1una feria internacional del golf vendr\u00e1 a Punta Casa y Casa de \u00bfEstar\u00e1s ah\u00ed? Esto no es una sorpresa para ninguno de nosotros aqu\u00ed en","og_url":"https:\/\/casadecampoliving.com\/es\/intercambio-golf-y-turismo-republica-dominicana\/","og_site_name":"Casa de Campo Living","article_publisher":"https:\/\/www.facebook.com\/casadecampoliving","article_published_time":"2014-06-29T04:00:00+00:00","article_modified_time":"2022-10-21T22:53:32+00:00","og_image":[{"width":650,"height":321,"url":"https:\/\/i0.wp.com\/casadecampoliving.com\/wp-content\/uploads\/2022\/10\/teeth-of-the-dog-e1403813758731-1.jpg?fit=650%2C321&ssl=1","type":"image\/jpeg"}],"author":"Emil Mella","twitter_card":"summary_large_image","twitter_creator":"@cdcliving","twitter_site":"@cdcliving","twitter_misc":{"Escrito por":"Emil Mella","Tiempo de lectura":"1 minuto"},"schema":{"@context":"https:\/\/schema.org","@graph":[{"@type":"Article","@id":"https:\/\/casadecampoliving.com\/es\/intercambio-golf-y-turismo-republica-dominicana\/#article","isPartOf":{"@id":"https:\/\/casadecampoliving.com\/es\/intercambio-golf-y-turismo-republica-dominicana\/"},"author":{"name":"Emil Mella","@id":"https:\/\/casadecampoliving.com\/es\/#\/schema\/person\/d12a5efec1fdc64b900715bce298e45b"},"headline":"\u00abIntercambio de Golf y Turismo de la Rep\u00fablica Dominicana\u00bb viene a Casa!","datePublished":"2014-06-29T04:00:00+00:00","dateModified":"2022-10-21T22:53:32+00:00","mainEntityOfPage":{"@id":"https:\/\/casadecampoliving.com\/es\/intercambio-golf-y-turismo-republica-dominicana\/"},"wordCount":290,"publisher":{"@id":"https:\/\/casadecampoliving.com\/es\/#organization"},"image":{"@id":"https:\/\/casadecampoliving.com\/es\/intercambio-golf-y-turismo-republica-dominicana\/#primaryimage"},"thumbnailUrl":"https:\/\/i0.wp.com\/casadecampoliving.com\/wp-content\/uploads\/2022\/10\/teeth-of-the-dog-e1403813758731-1.jpg?fit=650%2C321&ssl=1","keywords":["casa de campo @es","Golf","Republica Dominicana","turismo"],"articleSection":["Deportes","Destacados","Eventos","Noticias Locales","Proximamente"],"inLanguage":"es"},{"@type":"WebPage","@id":"https:\/\/casadecampoliving.com\/es\/intercambio-golf-y-turismo-republica-dominicana\/","url":"https:\/\/casadecampoliving.com\/es\/intercambio-golf-y-turismo-republica-dominicana\/","name":"\"Intercambio de Golf y Turismo de la Rep\u00fablica Dominicana\" viene a Casa! | Casa de Campo Living","isPartOf":{"@id":"https:\/\/casadecampoliving.com\/es\/#website"},"primaryImageOfPage":{"@id":"https:\/\/casadecampoliving.com\/es\/intercambio-golf-y-turismo-republica-dominicana\/#primaryimage"},"image":{"@id":"https:\/\/casadecampoliving.com\/es\/intercambio-golf-y-turismo-republica-dominicana\/#primaryimage"},"thumbnailUrl":"https:\/\/i0.wp.com\/casadecampoliving.com\/wp-content\/uploads\/2022\/10\/teeth-of-the-dog-e1403813758731-1.jpg?fit=650%2C321&ssl=1","datePublished":"2014-06-29T04:00:00+00:00","dateModified":"2022-10-21T22:53:32+00:00","description":"Este septiembre, \u00a1una feria internacional del golf vendr\u00e1 a Punta Casa y Casa de \u00bfEstar\u00e1s ah\u00ed? Esto no es una sorpresa para ninguno de nosotros aqu\u00ed en","breadcrumb":{"@id":"https:\/\/casadecampoliving.com\/es\/intercambio-golf-y-turismo-republica-dominicana\/#breadcrumb"},"inLanguage":"es","potentialAction":[{"@type":"ReadAction","target":["https:\/\/casadecampoliving.com\/es\/intercambio-golf-y-turismo-republica-dominicana\/"]}]},{"@type":"ImageObject","inLanguage":"es","@id":"https:\/\/casadecampoliving.com\/es\/intercambio-golf-y-turismo-republica-dominicana\/#primaryimage","url":"https:\/\/i0.wp.com\/casadecampoliving.com\/wp-content\/uploads\/2022\/10\/teeth-of-the-dog-e1403813758731-1.jpg?fit=650%2C321&ssl=1","contentUrl":"https:\/\/i0.wp.com\/casadecampoliving.com\/wp-content\/uploads\/2022\/10\/teeth-of-the-dog-e1403813758731-1.jpg?fit=650%2C321&ssl=1","width":650,"height":321,"caption":"Teeth of the Dog"},{"@type":"BreadcrumbList","@id":"https:\/\/casadecampoliving.com\/es\/intercambio-golf-y-turismo-republica-dominicana\/#breadcrumb","itemListElement":[{"@type":"ListItem","position":1,"name":"Home","item":"https:\/\/casadecampoliving.com\/es\/"},{"@type":"ListItem","position":2,"name":"&#8220;Intercambio de Golf y Turismo de la Rep\u00fablica Dominicana&#8221; viene a Casa!"}]},{"@type":"WebSite","@id":"https:\/\/casadecampoliving.com\/es\/#website","url":"https:\/\/casadecampoliving.com\/es\/","name":"Casa de Campo Living","description":"Resort community news and resources.","publisher":{"@id":"https:\/\/casadecampoliving.com\/es\/#organization"},"potentialAction":[{"@type":"SearchAction","target":{"@type":"EntryPoint","urlTemplate":"https:\/\/casadecampoliving.com\/es\/?s={search_term_string}"},"query-input":{"@type":"PropertyValueSpecification","valueRequired":true,"valueName":"search_term_string"}}],"inLanguage":"es"},{"@type":"Organization","@id":"https:\/\/casadecampoliving.com\/es\/#organization","name":"Casa de Campo Living","url":"https:\/\/casadecampoliving.com\/es\/","logo":{"@type":"ImageObject","inLanguage":"es","@id":"https:\/\/casadecampoliving.com\/es\/#\/schema\/logo\/image\/","url":"https:\/\/i0.wp.com\/casadecampoliving.com\/wp-content\/uploads\/2022\/07\/CDCLivingLogo_V1-white-sized.png?fit=800%2C214&ssl=1","contentUrl":"https:\/\/i0.wp.com\/casadecampoliving.com\/wp-content\/uploads\/2022\/07\/CDCLivingLogo_V1-white-sized.png?fit=800%2C214&ssl=1","width":800,"height":214,"caption":"Casa de Campo Living"},"image":{"@id":"https:\/\/casadecampoliving.com\/es\/#\/schema\/logo\/image\/"},"sameAs":["https:\/\/www.facebook.com\/casadecampoliving","https:\/\/x.com\/cdcliving"]},{"@type":"Person","@id":"https:\/\/casadecampoliving.com\/es\/#\/schema\/person\/d12a5efec1fdc64b900715bce298e45b","name":"Emil Mella","image":{"@type":"ImageObject","inLanguage":"es","@id":"https:\/\/secure.gravatar.com\/avatar\/4e9e3292f2d31d6433db3b53db07d9803a6b11077575fa898c13ca6b8962c812?s=96&d=mm&r=g","url":"https:\/\/secure.gravatar.com\/avatar\/4e9e3292f2d31d6433db3b53db07d9803a6b11077575fa898c13ca6b8962c812?s=96&d=mm&r=g","contentUrl":"https:\/\/secure.gravatar.com\/avatar\/4e9e3292f2d31d6433db3b53db07d9803a6b11077575fa898c13ca6b8962c812?s=96&d=mm&r=g","caption":"Emil Mella"},"url":"https:\/\/casadecampoliving.com\/es\/author\/emil-mella\/"}]}},"parsely":{"version":"1.1.0","canonical_url":"https:\/\/casadecampoliving.com\/es\/intercambio-golf-y-turismo-republica-dominicana\/","smart_links":{"inbound":0,"outbound":0},"traffic_boost_suggestions_count":0,"meta":{"@context":"https:\/\/schema.org","@type":"NewsArticle","headline":"\u00abIntercambio de Golf y Turismo de la Rep\u00fablica Dominicana\u00bb viene a Casa!","url":"http:\/\/casadecampoliving.com\/es\/intercambio-golf-y-turismo-republica-dominicana\/","mainEntityOfPage":{"@type":"WebPage","@id":"http:\/\/casadecampoliving.com\/es\/intercambio-golf-y-turismo-republica-dominicana\/"},"thumbnailUrl":"https:\/\/i0.wp.com\/casadecampoliving.com\/wp-content\/uploads\/2022\/10\/teeth-of-the-dog-e1403813758731-1.jpg?resize=150%2C150&ssl=1","image":{"@type":"ImageObject","url":"https:\/\/i0.wp.com\/casadecampoliving.com\/wp-content\/uploads\/2022\/10\/teeth-of-the-dog-e1403813758731-1.jpg?fit=650%2C321&ssl=1"},"articleSection":"Deportes","author":[{"@type":"Person","name":"Emil Mella"}],"creator":["Emil Mella"],"publisher":{"@type":"Organization","name":"Casa de Campo Living","logo":"https:\/\/casadecampoliving.com\/wp-content\/uploads\/2022\/07\/CDCLivingLogo_V1-white-sized.png"},"keywords":["casa de campo @es","golf","republica dominicana","turismo"],"dateCreated":"2014-06-29T04:00:00Z","datePublished":"2014-06-29T04:00:00Z","dateModified":"2022-10-21T22:53:32Z"},"rendered":"<script type=\"application\/ld+json\" class=\"wp-parsely-metadata\">{\"@context\":\"https:\\\/\\\/schema.org\",\"@type\":\"NewsArticle\",\"headline\":\"\\u00abIntercambio de Golf y Turismo de la Rep\\u00fablica Dominicana\\u00bb viene a Casa!\",\"url\":\"http:\\\/\\\/casadecampoliving.com\\\/es\\\/intercambio-golf-y-turismo-republica-dominicana\\\/\",\"mainEntityOfPage\":{\"@type\":\"WebPage\",\"@id\":\"http:\\\/\\\/casadecampoliving.com\\\/es\\\/intercambio-golf-y-turismo-republica-dominicana\\\/\"},\"thumbnailUrl\":\"https:\\\/\\\/i0.wp.com\\\/casadecampoliving.com\\\/wp-content\\\/uploads\\\/2022\\\/10\\\/teeth-of-the-dog-e1403813758731-1.jpg?resize=150%2C150&ssl=1\",\"image\":{\"@type\":\"ImageObject\",\"url\":\"https:\\\/\\\/i0.wp.com\\\/casadecampoliving.com\\\/wp-content\\\/uploads\\\/2022\\\/10\\\/teeth-of-the-dog-e1403813758731-1.jpg?fit=650%2C321&ssl=1\"},\"articleSection\":\"Deportes\",\"author\":[{\"@type\":\"Person\",\"name\":\"Emil Mella\"}],\"creator\":[\"Emil Mella\"],\"publisher\":{\"@type\":\"Organization\",\"name\":\"Casa de Campo Living\",\"logo\":\"https:\\\/\\\/casadecampoliving.com\\\/wp-content\\\/uploads\\\/2022\\\/07\\\/CDCLivingLogo_V1-white-sized.png\"},\"keywords\":[\"casa de campo @es\",\"golf\",\"republica dominicana\",\"turismo\"],\"dateCreated\":\"2014-06-29T04:00:00Z\",\"datePublished\":\"2014-06-29T04:00:00Z\",\"dateModified\":\"2022-10-21T22:53:32Z\"}<\/script>","tracker_url":"https:\/\/cdn.parsely.com\/keys\/casadecampoliving.com\/p.js"},"jetpack_publicize_connections":[],"jetpack_featured_media_url":"https:\/\/i0.wp.com\/casadecampoliving.com\/wp-content\/uploads\/2022\/10\/teeth-of-the-dog-e1403813758731-1.jpg?fit=650%2C321&ssl=1","jetpack-related-posts":[{"id":433460,"url":"https:\/\/casadecampoliving.com\/es\/no-se-pierdan-el-increible-tributo-a-frank-sinatra-para-celebrar-el-40-aniversario-del-anfiteatro-altos-de-chavon\/","url_meta":{"origin":344690,"position":0},"title":"No se pierdan el incre\u00edble tributo a Frank Sinatra para celebrar el 40 aniversario del\u00a0Anfiteatro Altos de Chav\u00f3n","author":"Casa de Campo Living","date":"20 Oct, 2022","format":false,"excerpt":"Siendo uno de los escenarios m\u00e1s emblem\u00e1ticos del pa\u00eds, Casa de Campo Resort\u00ae & Villas celebra las cuatro d\u00e9cadas de aniversario de Altos de Chav\u00f3n con un tributo al gran Frank Sinatra, protagonizado por artistas invitados y una big band tal cual la que acompa\u00f1\u00f3 al artista hace 40 a\u00f1os\u2026","rel":"","context":"En \u00abUncategorized @es\u00bb","block_context":{"text":"Uncategorized @es","link":"https:\/\/casadecampoliving.com\/es\/category\/uncategorized-es\/"},"img":{"alt_text":"","src":"https:\/\/i0.wp.com\/casadecampoliving.com\/wp-content\/uploads\/2022\/10\/Tributo-Frank-Sinatra-Foto-Principal-Amaury-Sanchez-Danilo-Ginebra-Andres-Pichardo-y-Jose-Gabriel-Perez-.jpg?fit=1200%2C873&ssl=1&resize=350%2C200","width":350,"height":200,"srcset":"https:\/\/i0.wp.com\/casadecampoliving.com\/wp-content\/uploads\/2022\/10\/Tributo-Frank-Sinatra-Foto-Principal-Amaury-Sanchez-Danilo-Ginebra-Andres-Pichardo-y-Jose-Gabriel-Perez-.jpg?fit=1200%2C873&ssl=1&resize=350%2C200 1x, https:\/\/i0.wp.com\/casadecampoliving.com\/wp-content\/uploads\/2022\/10\/Tributo-Frank-Sinatra-Foto-Principal-Amaury-Sanchez-Danilo-Ginebra-Andres-Pichardo-y-Jose-Gabriel-Perez-.jpg?fit=1200%2C873&ssl=1&resize=525%2C300 1.5x, https:\/\/i0.wp.com\/casadecampoliving.com\/wp-content\/uploads\/2022\/10\/Tributo-Frank-Sinatra-Foto-Principal-Amaury-Sanchez-Danilo-Ginebra-Andres-Pichardo-y-Jose-Gabriel-Perez-.jpg?fit=1200%2C873&ssl=1&resize=700%2C400 2x, https:\/\/i0.wp.com\/casadecampoliving.com\/wp-content\/uploads\/2022\/10\/Tributo-Frank-Sinatra-Foto-Principal-Amaury-Sanchez-Danilo-Ginebra-Andres-Pichardo-y-Jose-Gabriel-Perez-.jpg?fit=1200%2C873&ssl=1&resize=1050%2C600 3x"},"classes":[]},{"id":345253,"url":"https:\/\/casadecampoliving.com\/es\/un-brindis-de-un-billon-de-dolares-al-dominican-golf-travel-exchange\/","url_meta":{"origin":344690,"position":1},"title":"Un brindis de un bill\u00f3n de dolares al Dominican Golf Travel Exchange","author":"Daniela Medina","date":"5 Sep, 2014","format":false,"excerpt":"El lunes 1ro de septiembre, Casa de Campo jug\u00f3 el papel de primer anfitri\u00f3n para el Dominican Golf Travel Exchange. El primer Dominican Golf Travel Exchange uni\u00f3 a operadores tur\u00edsticos, miembros de la prensa y profesionales de golf de todas partes del mundo, as\u00ed como a los representativos de 25\u2026","rel":"","context":"En \u00abCasa de Campo Living @es\u00bb","block_context":{"text":"Casa de Campo Living @es","link":"https:\/\/casadecampoliving.com\/category\/casa-de-campo-living-es\/"},"img":{"alt_text":"","src":"https:\/\/i0.wp.com\/casadecampoliving.com\/wp-content\/uploads\/2022\/10\/Golf-Travel-Exchange-2-1-scaled.jpg?fit=1200%2C800&ssl=1&resize=350%2C200","width":350,"height":200,"srcset":"https:\/\/i0.wp.com\/casadecampoliving.com\/wp-content\/uploads\/2022\/10\/Golf-Travel-Exchange-2-1-scaled.jpg?fit=1200%2C800&ssl=1&resize=350%2C200 1x, https:\/\/i0.wp.com\/casadecampoliving.com\/wp-content\/uploads\/2022\/10\/Golf-Travel-Exchange-2-1-scaled.jpg?fit=1200%2C800&ssl=1&resize=525%2C300 1.5x, https:\/\/i0.wp.com\/casadecampoliving.com\/wp-content\/uploads\/2022\/10\/Golf-Travel-Exchange-2-1-scaled.jpg?fit=1200%2C800&ssl=1&resize=700%2C400 2x, https:\/\/i0.wp.com\/casadecampoliving.com\/wp-content\/uploads\/2022\/10\/Golf-Travel-Exchange-2-1-scaled.jpg?fit=1200%2C800&ssl=1&resize=1050%2C600 3x"},"classes":[]},{"id":345219,"url":"https:\/\/casadecampoliving.com\/es\/golf-travel-exchange-en-casa-de-campo\/","url_meta":{"origin":344690,"position":2},"title":"Golf Travel Exchange en Casa de Campo","author":"Daniela Medina","date":"30 Ago, 2014","format":false,"excerpt":"\u00a1\u00c9sta semana! Del lunes 1 de septiembre hasta el s\u00e1bado 6, 2014, el primer Golf Travel Exchange\u00a0tomar\u00e1 lugar en la Rep\u00fablica Dominicana, aqu\u00ed en Casa de Campo, al igual que\u00a0en Punta Cana. Con la meta de promocionar a la Rep\u00fablica Dominicana como el mejor destino de golf en el Caribe,\u2026","rel":"","context":"En \u00abCasa de Campo Living @es\u00bb","block_context":{"text":"Casa de Campo Living @es","link":"https:\/\/casadecampoliving.com\/category\/casa-de-campo-living-es\/"},"img":{"alt_text":"Teeth of the Dog, Casa de Campo","src":"https:\/\/i0.wp.com\/casadecampoliving.com\/wp-content\/uploads\/2022\/10\/Teeth_of_the_Dog_Casa_de_Campo-1.png?fit=611%2C479&ssl=1&resize=350%2C200","width":350,"height":200,"srcset":"https:\/\/i0.wp.com\/casadecampoliving.com\/wp-content\/uploads\/2022\/10\/Teeth_of_the_Dog_Casa_de_Campo-1.png?fit=611%2C479&ssl=1&resize=350%2C200 1x, https:\/\/i0.wp.com\/casadecampoliving.com\/wp-content\/uploads\/2022\/10\/Teeth_of_the_Dog_Casa_de_Campo-1.png?fit=611%2C479&ssl=1&resize=525%2C300 1.5x"},"classes":[]},{"id":348180,"url":"https:\/\/casadecampoliving.com\/es\/dr-golf-exchange-este-fin-de-semana-en-casa-de-campo\/","url_meta":{"origin":344690,"position":3},"title":"DR Golf Exchange este fin de semana en Casa de Campo\u00a0","author":"Rebecca Silvestri","date":"4 Sep, 2015","format":false,"excerpt":"El segundo DR Golf Exchange anual se estar\u00e1\u00a0llevando a cabo del 5 al 10 de septiembre, y la apertura de las actividades tendr\u00e1 lugar en\u00a0Casa de Campo este fin de semana. El Golf Travel Exchange Dominicano, une operadores tur\u00edsticos, la prensa y profesionales de golf de todo el mundo, as\u00ed\u2026","rel":"","context":"En \u00abDeportes\u00bb","block_context":{"text":"Deportes","link":"https:\/\/casadecampoliving.com\/es\/category\/golf-deportes-es\/"},"img":{"alt_text":"DR Golf Exchange","src":"https:\/\/i0.wp.com\/casadecampoliving.com\/wp-content\/uploads\/2022\/10\/DR-Golf-Exchange-1.jpg?fit=650%2C400&ssl=1&resize=350%2C200","width":350,"height":200,"srcset":"https:\/\/i0.wp.com\/casadecampoliving.com\/wp-content\/uploads\/2022\/10\/DR-Golf-Exchange-1.jpg?fit=650%2C400&ssl=1&resize=350%2C200 1x, https:\/\/i0.wp.com\/casadecampoliving.com\/wp-content\/uploads\/2022\/10\/DR-Golf-Exchange-1.jpg?fit=650%2C400&ssl=1&resize=525%2C300 1.5x"},"classes":[]},{"id":353991,"url":"https:\/\/casadecampoliving.com\/es\/casa-de-campo-resort-villas-ha-sido-nominado-en-dos-categorias-por-world-golf-awards-2021\/","url_meta":{"origin":344690,"position":4},"title":"Casa de Campo Resort &#038; Villas ha sido nominado en DOS categor\u00edas por World Golf Awards 2021","author":"Casa de Campo Living","date":"5 Mar, 2021","format":false,"excerpt":"\u00a1Maravillosas noticias! Casa de Campo Resort & Villas ha sido nominado en DOS categor\u00edas en los World Golf Awards (WGA) de este a\u00f1o, \u00a1y USTED puede votar ahora para ayudar a coronar a Casa de Campo como un ganador! Este a\u00f1o el prestigioso Teeth of the Dog fue nominado en\u2026","rel":"","context":"En \u00abCasa de Campo Living @es\u00bb","block_context":{"text":"Casa de Campo Living @es","link":"https:\/\/casadecampoliving.com\/category\/casa-de-campo-living-es\/"},"img":{"alt_text":"","src":"https:\/\/i0.wp.com\/casadecampoliving.com\/wp-content\/uploads\/2022\/10\/Coast-Teeth-of-the-Dog-holes-78-2.jpg?fit=1000%2C601&ssl=1&resize=350%2C200","width":350,"height":200,"srcset":"https:\/\/i0.wp.com\/casadecampoliving.com\/wp-content\/uploads\/2022\/10\/Coast-Teeth-of-the-Dog-holes-78-2.jpg?fit=1000%2C601&ssl=1&resize=350%2C200 1x, https:\/\/i0.wp.com\/casadecampoliving.com\/wp-content\/uploads\/2022\/10\/Coast-Teeth-of-the-Dog-holes-78-2.jpg?fit=1000%2C601&ssl=1&resize=525%2C300 1.5x, https:\/\/i0.wp.com\/casadecampoliving.com\/wp-content\/uploads\/2022\/10\/Coast-Teeth-of-the-Dog-holes-78-2.jpg?fit=1000%2C601&ssl=1&resize=700%2C400 2x"},"classes":[]},{"id":353603,"url":"https:\/\/casadecampoliving.com\/es\/casa-de-campo-recibio-dos-importantes-distinciones-en-los-world-golf-awards\/","url_meta":{"origin":344690,"position":5},"title":"Casa de Campo recibi\u00f3 dos importantes distinciones en los World Golf Awards","author":"Casa de Campo Resort","date":"14 Nov, 2019","format":false,"excerpt":"Casa de Campo Resort & Villas fue reconocido con dos importantes premios en la prestigiosa gala de los World Golf Awards (WGA), que re\u00fane a los mejores campos y resorts de todo el mundo y se celebr\u00f3 en St. Regis Saadiyat Island, Abu Dhabi. El prestigioso Teeth of the Dog\u2026","rel":"","context":"En \u00abCasa de Campo Resort\u00bb","block_context":{"text":"Casa de Campo Resort","link":"https:\/\/casadecampoliving.com\/category\/casa-de-campo-resort\/"},"img":{"alt_text":"","src":"https:\/\/i0.wp.com\/casadecampoliving.com\/wp-content\/uploads\/2022\/10\/7575856TeethofTheDogOverallc.jpg?fit=1200%2C673&ssl=1&resize=350%2C200","width":350,"height":200,"srcset":"https:\/\/i0.wp.com\/casadecampoliving.com\/wp-content\/uploads\/2022\/10\/7575856TeethofTheDogOverallc.jpg?fit=1200%2C673&ssl=1&resize=350%2C200 1x, https:\/\/i0.wp.com\/casadecampoliving.com\/wp-content\/uploads\/2022\/10\/7575856TeethofTheDogOverallc.jpg?fit=1200%2C673&ssl=1&resize=525%2C300 1.5x, https:\/\/i0.wp.com\/casadecampoliving.com\/wp-content\/uploads\/2022\/10\/7575856TeethofTheDogOverallc.jpg?fit=1200%2C673&ssl=1&resize=700%2C400 2x, https:\/\/i0.wp.com\/casadecampoliving.com\/wp-content\/uploads\/2022\/10\/7575856TeethofTheDogOverallc.jpg?fit=1200%2C673&ssl=1&resize=1050%2C600 3x"},"classes":[]}],"jetpack_sharing_enabled":true,"_links":{"self":[{"href":"https:\/\/casadecampoliving.com\/es\/wp-json\/wp\/v2\/posts\/344690","targetHints":{"allow":["GET"]}}],"collection":[{"href":"https:\/\/casadecampoliving.com\/es\/wp-json\/wp\/v2\/posts"}],"about":[{"href":"https:\/\/casadecampoliving.com\/es\/wp-json\/wp\/v2\/types\/post"}],"author":[{"embeddable":true,"href":"https:\/\/casadecampoliving.com\/es\/wp-json\/wp\/v2\/users\/18093"}],"replies":[{"embeddable":true,"href":"https:\/\/casadecampoliving.com\/es\/wp-json\/wp\/v2\/comments?post=344690"}],"version-history":[{"count":1,"href":"https:\/\/casadecampoliving.com\/es\/wp-json\/wp\/v2\/posts\/344690\/revisions"}],"predecessor-version":[{"id":344691,"href":"https:\/\/casadecampoliving.com\/es\/wp-json\/wp\/v2\/posts\/344690\/revisions\/344691"}],"wp:featuredmedia":[{"embeddable":true,"href":"https:\/\/casadecampoliving.com\/es\/wp-json\/wp\/v2\/media\/256463"}],"wp:attachment":[{"href":"https:\/\/casadecampoliving.com\/es\/wp-json\/wp\/v2\/media?parent=344690"}],"wp:term":[{"taxonomy":"category","embeddable":true,"href":"https:\/\/casadecampoliving.com\/es\/wp-json\/wp\/v2\/categories?post=344690"},{"taxonomy":"post_tag","embeddable":true,"href":"https:\/\/casadecampoliving.com\/es\/wp-json\/wp\/v2\/tags?post=344690"},{"taxonomy":"newspack_spnsrs_tax","embeddable":true,"href":"https:\/\/casadecampoliving.com\/es\/wp-json\/wp\/v2\/newspack_spnsrs_tax?post=344690"}],"curies":[{"name":"wp","href":"https:\/\/api.w.org\/{rel}","templated":true}]}}