{"id":344626,"date":"2014-06-19T00:00:00","date_gmt":"2014-06-19T04:00:00","guid":{"rendered":"https:\/\/casadecampoliving.com\/cartelera-de-cine-del-19-al-25-de-junio\/"},"modified":"2022-10-21T18:51:19","modified_gmt":"2022-10-21T22:51:19","slug":"cartelera-de-cine-del-19-al-25-de-junio","status":"publish","type":"post","link":"https:\/\/casadecampoliving.com\/es\/cartelera-de-cine-del-19-al-25-de-junio\/","title":{"rendered":"Cartelera de Cine: del 19 al 25 de junio"},"content":{"rendered":"<div class=\"wp-block-image\">\n<figure class=\"aligncenter is-resized\"><img loading=\"lazy\" decoding=\"async\" src=\"https:\/\/i0.wp.com\/casadecampoliving.com\/wp-content\/uploads\/2022\/10\/CDCAMP_19_DE_JUNIO.jpg?resize=650%2C280&amp;ssl=1\" alt=\"CDCAMP_19_DE_JUNIO\" class=\"wp-image-91879\" height=\"280\" width=\"650\"\/><\/figure>\n<\/div>\n\n\n<p>Para esta semana el cine de la Marina Casa de Campo nos trae en cartelera 1 pel\u00edcula nueva: <strong style=\"color: #000000;\">\u201cMalditos Vecinos\u201d<\/strong><strong>,<\/strong>&nbsp;mientras todav\u00eda en sala tenemos&nbsp;<strong style=\"color: #000000;\">\u201cBajo La Misma Estrella\u201d&nbsp;<\/strong><span style=\"color: #000000;\">y&nbsp;<\/span><strong><strong>\u201cC\u00f3mo&nbsp;Entrenar a Tu Drag\u00f3n 2\u201d<\/strong><\/strong>.&nbsp;Salvedad:&nbsp;A partir de ahora el cine de la Marina Casa de Campo estar\u00e1 abierto&nbsp;todos los d\u00edas hasta nuevo aviso.<\/p>\n\n\n\n<!--more-->\n\n\n\n<p><b>Malditos Vecinos<\/b><strong>&nbsp;<\/strong><a href=\"https:\/\/www.youtube.com\/watch?v=4vtDhbf6hFg\" target=\"_blank\" rel=\"noopener\">Ver avance<\/a><br>\n<span style=\"color: #3f3f3f;\">Aparentemente, Mac Radner (Seth Rogen) y su esposa Kelly (Rose Byrne) han hecho realidad el sue\u00f1o americano: acaban de tener una ni\u00f1a adorable y se han comprado una preciosa casa en las afueras. La pareja de treinta\u00f1eros est\u00e1 convencida de que ha adquirido el aplomo necesario para la vida de adultos, pero estos ex juerguistas van a enfrentarse a un reto inesperado.<\/span><\/p>\n\n\n\n<p><strong>Bajo La Misma Estrella<\/strong>&nbsp;<a href=\"https:\/\/www.youtube.com\/watch?v=YBCbvtptOLY\" target=\"_blank\" rel=\"noopener\">Ver avance<\/a><br>\n<em>Aunque el milagro m\u00e9dico de la reducci\u00f3n de sus tumores le ha comprado unos a\u00f1os m\u00e1s, Hazel nunca ha sido m\u00e1s que una paciente terminal; su cap\u00edtulo final est\u00e1 inscrito en su diagn\u00f3stico. Pero cuando un apuesto giro de acontecimientos llamado Augustus Waters aparece s\u00fabitamente en el Grupo de Apoyo para Ni\u00f1os con C\u00e1ncer, la historia de Hazel est\u00e1 a punto de ser completamente reescrita.<\/em><\/p>\n\n\n\n<p><strong>C\u00f3mo Entrenar a Tu&nbsp;Drag\u00f3n&nbsp;2<\/strong>&nbsp;<a href=\"https:\/\/www.youtube.com\/watch?v=kxGkbv_HLZ0\" target=\"_blank\" rel=\"noopener\">Ver avance<\/a><br>\n<em>Historia ubicada a\u00f1os despu\u00e9s de la original donde Astrid,&nbsp;Snotlout&nbsp;y el resto de la pandilla se desaf\u00edan entre s\u00ed a las carreras de&nbsp;dragones, nuevo deporte favorito en la isla. En una de sus nuevas aventuras a trav\u00e9s de los cielos, los chicos descubrir\u00e1n una cueva de hielo secreta que es el hogar de cientos de nuevos dragones salvajes y un misterioso jinete de dragones. All\u00ed, los amigos se encontrar\u00e1n de lleno con una batalla para preservar la paz.<\/em><\/p>\n\n\n\n<p>Publicamos los nuevos horarios de pel\u00edculas tan pronto como las recibimos \u2013 normalmente los mi\u00e9rcoles por la tarde.<\/p>\n","protected":false},"excerpt":{"rendered":"<p>Para esta semana el cine de la Marina Casa de Campo nos trae en cartelera 1 pel\u00edcula nueva: \u201cMalditos Vecinos\u201d,&nbsp;mientras todav\u00eda en sala tenemos&nbsp;\u201cBajo La Misma Estrella\u201d&nbsp;y&nbsp;\u201cC\u00f3mo&nbsp;Entrenar a Tu Drag\u00f3n 2\u201d.&nbsp;Salvedad:&nbsp;A partir de ahora el cine de la Marina Casa de Campo estar\u00e1 abierto&nbsp;todos los d\u00edas hasta nuevo aviso.<\/p>\n","protected":false},"author":1097,"featured_media":252385,"comment_status":"closed","ping_status":"closed","sticky":false,"template":"","format":"standard","meta":{"newspack_ads_suppress_ads":false,"newspack_popups_has_disabled_popups":false,"newspack_sponsor_sponsorship_scope":"","newspack_sponsor_native_byline_display":"inherit","newspack_sponsor_native_category_display":"inherit","newspack_sponsor_underwriter_style":"inherit","newspack_sponsor_underwriter_placement":"inherit","_newspack_byline_active":false,"_newspack_byline":"","newspack_hide_updated_date":false,"newspack_show_updated_date":false,"newspack_content_restriction_is_exempt":false,"newspack_featured_image_position":"","newspack_post_subtitle":"","newspack_article_summary_title":"Overview:","newspack_article_summary":"","_jetpack_memberships_contains_paid_content":false,"footnotes":"","jetpack_publicize_message":"","jetpack_publicize_feature_enabled":true,"jetpack_social_post_already_shared":false,"jetpack_social_options":{"image_generator_settings":{"template":"highway","default_image_id":0,"font":"","enabled":false},"version":2},"_wpas_customize_per_network":false},"categories":[26823,26936,26951,3126,14631,26581,14625,2521,26822],"tags":[2780,3626,24387,2559,3663,8803],"newspack_spnsrs_tax":[],"class_list":["post-344626","post","type-post","status-publish","format-standard","has-post-thumbnail","hentry","category-arte-y-cultura","category-casa-de-campo-living-es","category-ccl-presenta","category-cine-3","category-estilo-de-vida","category-la-marina-casa-de-campo","category-noticias-locales","category-republica-dominicana-2","category-resort-casa-de-campo","tag-cartelera","tag-casa-de-campo-es","tag-casa-de-campo-living-es","tag-cine","tag-la-marina-casa-de-campo-es-2","tag-pelicula-nueva","entry"],"yoast_head":"<!-- This site is optimized with the Yoast SEO plugin v27.5 - https:\/\/yoast.com\/product\/yoast-seo-wordpress\/ -->\n<title>Cartelera de Cine: del 19 al 25 de junio | Casa de Campo Living<\/title>\n<meta name=\"description\" content=\"Para esta semana el cine de la Marina Casa de Campo nos trae en cartelera 1 pel\u00edcula nueva: \u201cMalditos Vecinos\u201d,&nbsp;mientras todav\u00eda en sala\" \/>\n<meta name=\"robots\" content=\"index, follow, max-snippet:-1, max-image-preview:large, max-video-preview:-1\" \/>\n<link rel=\"canonical\" href=\"https:\/\/casadecampoliving.com\/es\/cartelera-de-cine-del-19-al-25-de-junio\/\" \/>\n<meta property=\"og:locale\" content=\"es_ES\" \/>\n<meta property=\"og:type\" content=\"article\" \/>\n<meta property=\"og:title\" content=\"Cartelera de Cine: del 19 al 25 de junio | Casa de Campo Living\" \/>\n<meta property=\"og:description\" content=\"Para esta semana el cine de la Marina Casa de Campo nos trae en cartelera 1 pel\u00edcula nueva: \u201cMalditos Vecinos\u201d,&nbsp;mientras todav\u00eda en sala\" \/>\n<meta property=\"og:url\" content=\"https:\/\/casadecampoliving.com\/es\/cartelera-de-cine-del-19-al-25-de-junio\/\" \/>\n<meta property=\"og:site_name\" content=\"Casa de Campo Living\" \/>\n<meta property=\"article:publisher\" content=\"https:\/\/www.facebook.com\/casadecampoliving\" \/>\n<meta property=\"article:published_time\" content=\"2014-06-19T04:00:00+00:00\" \/>\n<meta property=\"article:modified_time\" content=\"2022-10-21T22:51:19+00:00\" \/>\n<meta property=\"og:image\" content=\"https:\/\/i0.wp.com\/casadecampoliving.com\/wp-content\/uploads\/2022\/10\/CDCAMP_19_DE_JUNIO-1.jpg?fit=650%2C280&ssl=1\" \/>\n\t<meta property=\"og:image:width\" content=\"650\" \/>\n\t<meta property=\"og:image:height\" content=\"280\" \/>\n\t<meta property=\"og:image:type\" content=\"image\/jpeg\" \/>\n<meta name=\"author\" content=\"Perkin Agramonte\" \/>\n<meta name=\"twitter:card\" content=\"summary_large_image\" \/>\n<meta name=\"twitter:creator\" content=\"@cdcliving\" \/>\n<meta name=\"twitter:site\" content=\"@cdcliving\" \/>\n<meta name=\"twitter:label1\" content=\"Escrito por\" \/>\n\t<meta name=\"twitter:data1\" content=\"Perkin Agramonte\" \/>\n\t<meta name=\"twitter:label2\" content=\"Tiempo de lectura\" \/>\n\t<meta name=\"twitter:data2\" content=\"2 minutos\" \/>\n<script type=\"application\/ld+json\" class=\"yoast-schema-graph\">{\"@context\":\"https:\\\/\\\/schema.org\",\"@graph\":[{\"@type\":\"Article\",\"@id\":\"https:\\\/\\\/casadecampoliving.com\\\/es\\\/cartelera-de-cine-del-19-al-25-de-junio\\\/#article\",\"isPartOf\":{\"@id\":\"https:\\\/\\\/casadecampoliving.com\\\/es\\\/cartelera-de-cine-del-19-al-25-de-junio\\\/\"},\"author\":{\"name\":\"Perkin Agramonte\",\"@id\":\"https:\\\/\\\/casadecampoliving.com\\\/es\\\/#\\\/schema\\\/person\\\/c8efa6049510554b7d5fea078d728f72\"},\"headline\":\"Cartelera de Cine: del 19 al 25 de junio\",\"datePublished\":\"2014-06-19T04:00:00+00:00\",\"dateModified\":\"2022-10-21T22:51:19+00:00\",\"mainEntityOfPage\":{\"@id\":\"https:\\\/\\\/casadecampoliving.com\\\/es\\\/cartelera-de-cine-del-19-al-25-de-junio\\\/\"},\"wordCount\":347,\"publisher\":{\"@id\":\"https:\\\/\\\/casadecampoliving.com\\\/es\\\/#organization\"},\"image\":{\"@id\":\"https:\\\/\\\/casadecampoliving.com\\\/es\\\/cartelera-de-cine-del-19-al-25-de-junio\\\/#primaryimage\"},\"thumbnailUrl\":\"https:\\\/\\\/i0.wp.com\\\/casadecampoliving.com\\\/wp-content\\\/uploads\\\/2022\\\/10\\\/CDCAMP_19_DE_JUNIO-1.jpg?fit=650%2C280&ssl=1\",\"keywords\":[\"cartelera\",\"casa de campo @es\",\"Casa de Campo Living\",\"cine\",\"la marina casa de campo @es\",\"pelicula nueva\"],\"articleSection\":[\"Arte y cultura\",\"Casa de Campo Living @es\",\"CCL presenta\",\"Cine @es\",\"Estilo de Vida\",\"La Marina Casa de Campo\",\"Noticias Locales\",\"Rep\u00fablica Dominicana @es\",\"Resort Casa de Campo\"],\"inLanguage\":\"es\"},{\"@type\":\"WebPage\",\"@id\":\"https:\\\/\\\/casadecampoliving.com\\\/es\\\/cartelera-de-cine-del-19-al-25-de-junio\\\/\",\"url\":\"https:\\\/\\\/casadecampoliving.com\\\/es\\\/cartelera-de-cine-del-19-al-25-de-junio\\\/\",\"name\":\"Cartelera de Cine: del 19 al 25 de junio | Casa de Campo Living\",\"isPartOf\":{\"@id\":\"https:\\\/\\\/casadecampoliving.com\\\/es\\\/#website\"},\"primaryImageOfPage\":{\"@id\":\"https:\\\/\\\/casadecampoliving.com\\\/es\\\/cartelera-de-cine-del-19-al-25-de-junio\\\/#primaryimage\"},\"image\":{\"@id\":\"https:\\\/\\\/casadecampoliving.com\\\/es\\\/cartelera-de-cine-del-19-al-25-de-junio\\\/#primaryimage\"},\"thumbnailUrl\":\"https:\\\/\\\/i0.wp.com\\\/casadecampoliving.com\\\/wp-content\\\/uploads\\\/2022\\\/10\\\/CDCAMP_19_DE_JUNIO-1.jpg?fit=650%2C280&ssl=1\",\"datePublished\":\"2014-06-19T04:00:00+00:00\",\"dateModified\":\"2022-10-21T22:51:19+00:00\",\"description\":\"Para esta semana el cine de la Marina Casa de Campo nos trae en cartelera 1 pel\u00edcula nueva: \u201cMalditos Vecinos\u201d,&nbsp;mientras todav\u00eda en sala\",\"breadcrumb\":{\"@id\":\"https:\\\/\\\/casadecampoliving.com\\\/es\\\/cartelera-de-cine-del-19-al-25-de-junio\\\/#breadcrumb\"},\"inLanguage\":\"es\",\"potentialAction\":[{\"@type\":\"ReadAction\",\"target\":[\"https:\\\/\\\/casadecampoliving.com\\\/es\\\/cartelera-de-cine-del-19-al-25-de-junio\\\/\"]}]},{\"@type\":\"ImageObject\",\"inLanguage\":\"es\",\"@id\":\"https:\\\/\\\/casadecampoliving.com\\\/es\\\/cartelera-de-cine-del-19-al-25-de-junio\\\/#primaryimage\",\"url\":\"https:\\\/\\\/i0.wp.com\\\/casadecampoliving.com\\\/wp-content\\\/uploads\\\/2022\\\/10\\\/CDCAMP_19_DE_JUNIO-1.jpg?fit=650%2C280&ssl=1\",\"contentUrl\":\"https:\\\/\\\/i0.wp.com\\\/casadecampoliving.com\\\/wp-content\\\/uploads\\\/2022\\\/10\\\/CDCAMP_19_DE_JUNIO-1.jpg?fit=650%2C280&ssl=1\",\"width\":650,\"height\":280},{\"@type\":\"BreadcrumbList\",\"@id\":\"https:\\\/\\\/casadecampoliving.com\\\/es\\\/cartelera-de-cine-del-19-al-25-de-junio\\\/#breadcrumb\",\"itemListElement\":[{\"@type\":\"ListItem\",\"position\":1,\"name\":\"Home\",\"item\":\"https:\\\/\\\/casadecampoliving.com\\\/es\\\/\"},{\"@type\":\"ListItem\",\"position\":2,\"name\":\"Cartelera de Cine: del 19 al 25 de junio\"}]},{\"@type\":\"WebSite\",\"@id\":\"https:\\\/\\\/casadecampoliving.com\\\/es\\\/#website\",\"url\":\"https:\\\/\\\/casadecampoliving.com\\\/es\\\/\",\"name\":\"Casa de Campo Living\",\"description\":\"Resort community news and resources.\",\"publisher\":{\"@id\":\"https:\\\/\\\/casadecampoliving.com\\\/es\\\/#organization\"},\"potentialAction\":[{\"@type\":\"SearchAction\",\"target\":{\"@type\":\"EntryPoint\",\"urlTemplate\":\"https:\\\/\\\/casadecampoliving.com\\\/es\\\/?s={search_term_string}\"},\"query-input\":{\"@type\":\"PropertyValueSpecification\",\"valueRequired\":true,\"valueName\":\"search_term_string\"}}],\"inLanguage\":\"es\"},{\"@type\":\"Organization\",\"@id\":\"https:\\\/\\\/casadecampoliving.com\\\/es\\\/#organization\",\"name\":\"Casa de Campo Living\",\"url\":\"https:\\\/\\\/casadecampoliving.com\\\/es\\\/\",\"logo\":{\"@type\":\"ImageObject\",\"inLanguage\":\"es\",\"@id\":\"https:\\\/\\\/casadecampoliving.com\\\/es\\\/#\\\/schema\\\/logo\\\/image\\\/\",\"url\":\"https:\\\/\\\/i0.wp.com\\\/casadecampoliving.com\\\/wp-content\\\/uploads\\\/2022\\\/07\\\/CDCLivingLogo_V1-white-sized.png?fit=800%2C214&ssl=1\",\"contentUrl\":\"https:\\\/\\\/i0.wp.com\\\/casadecampoliving.com\\\/wp-content\\\/uploads\\\/2022\\\/07\\\/CDCLivingLogo_V1-white-sized.png?fit=800%2C214&ssl=1\",\"width\":800,\"height\":214,\"caption\":\"Casa de Campo Living\"},\"image\":{\"@id\":\"https:\\\/\\\/casadecampoliving.com\\\/es\\\/#\\\/schema\\\/logo\\\/image\\\/\"},\"sameAs\":[\"https:\\\/\\\/www.facebook.com\\\/casadecampoliving\",\"https:\\\/\\\/x.com\\\/cdcliving\"]},{\"@type\":\"Person\",\"@id\":\"https:\\\/\\\/casadecampoliving.com\\\/es\\\/#\\\/schema\\\/person\\\/c8efa6049510554b7d5fea078d728f72\",\"name\":\"Perkin Agramonte\",\"image\":{\"@type\":\"ImageObject\",\"inLanguage\":\"es\",\"@id\":\"https:\\\/\\\/secure.gravatar.com\\\/avatar\\\/57bfdafcae55fb83dbb79a1585a9eab7f269b7720fb0b64cb9a4e0cd2962fa10?s=96&d=mm&r=g\",\"url\":\"https:\\\/\\\/secure.gravatar.com\\\/avatar\\\/57bfdafcae55fb83dbb79a1585a9eab7f269b7720fb0b64cb9a4e0cd2962fa10?s=96&d=mm&r=g\",\"contentUrl\":\"https:\\\/\\\/secure.gravatar.com\\\/avatar\\\/57bfdafcae55fb83dbb79a1585a9eab7f269b7720fb0b64cb9a4e0cd2962fa10?s=96&d=mm&r=g\",\"caption\":\"Perkin Agramonte\"},\"url\":\"https:\\\/\\\/casadecampoliving.com\\\/es\\\/author\\\/cagramonte\\\/\"}]}<\/script>\n<!-- \/ Yoast SEO plugin. -->","yoast_head_json":{"title":"Cartelera de Cine: del 19 al 25 de junio | Casa de Campo Living","description":"Para esta semana el cine de la Marina Casa de Campo nos trae en cartelera 1 pel\u00edcula nueva: \u201cMalditos Vecinos\u201d,&nbsp;mientras todav\u00eda en sala","robots":{"index":"index","follow":"follow","max-snippet":"max-snippet:-1","max-image-preview":"max-image-preview:large","max-video-preview":"max-video-preview:-1"},"canonical":"https:\/\/casadecampoliving.com\/es\/cartelera-de-cine-del-19-al-25-de-junio\/","og_locale":"es_ES","og_type":"article","og_title":"Cartelera de Cine: del 19 al 25 de junio | Casa de Campo Living","og_description":"Para esta semana el cine de la Marina Casa de Campo nos trae en cartelera 1 pel\u00edcula nueva: \u201cMalditos Vecinos\u201d,&nbsp;mientras todav\u00eda en sala","og_url":"https:\/\/casadecampoliving.com\/es\/cartelera-de-cine-del-19-al-25-de-junio\/","og_site_name":"Casa de Campo Living","article_publisher":"https:\/\/www.facebook.com\/casadecampoliving","article_published_time":"2014-06-19T04:00:00+00:00","article_modified_time":"2022-10-21T22:51:19+00:00","og_image":[{"width":650,"height":280,"url":"https:\/\/i0.wp.com\/casadecampoliving.com\/wp-content\/uploads\/2022\/10\/CDCAMP_19_DE_JUNIO-1.jpg?fit=650%2C280&ssl=1","type":"image\/jpeg"}],"author":"Perkin Agramonte","twitter_card":"summary_large_image","twitter_creator":"@cdcliving","twitter_site":"@cdcliving","twitter_misc":{"Escrito por":"Perkin Agramonte","Tiempo de lectura":"2 minutos"},"schema":{"@context":"https:\/\/schema.org","@graph":[{"@type":"Article","@id":"https:\/\/casadecampoliving.com\/es\/cartelera-de-cine-del-19-al-25-de-junio\/#article","isPartOf":{"@id":"https:\/\/casadecampoliving.com\/es\/cartelera-de-cine-del-19-al-25-de-junio\/"},"author":{"name":"Perkin Agramonte","@id":"https:\/\/casadecampoliving.com\/es\/#\/schema\/person\/c8efa6049510554b7d5fea078d728f72"},"headline":"Cartelera de Cine: del 19 al 25 de junio","datePublished":"2014-06-19T04:00:00+00:00","dateModified":"2022-10-21T22:51:19+00:00","mainEntityOfPage":{"@id":"https:\/\/casadecampoliving.com\/es\/cartelera-de-cine-del-19-al-25-de-junio\/"},"wordCount":347,"publisher":{"@id":"https:\/\/casadecampoliving.com\/es\/#organization"},"image":{"@id":"https:\/\/casadecampoliving.com\/es\/cartelera-de-cine-del-19-al-25-de-junio\/#primaryimage"},"thumbnailUrl":"https:\/\/i0.wp.com\/casadecampoliving.com\/wp-content\/uploads\/2022\/10\/CDCAMP_19_DE_JUNIO-1.jpg?fit=650%2C280&ssl=1","keywords":["cartelera","casa de campo @es","Casa de Campo Living","cine","la marina casa de campo @es","pelicula nueva"],"articleSection":["Arte y cultura","Casa de Campo Living @es","CCL presenta","Cine @es","Estilo de Vida","La Marina Casa de Campo","Noticias Locales","Rep\u00fablica Dominicana @es","Resort Casa de Campo"],"inLanguage":"es"},{"@type":"WebPage","@id":"https:\/\/casadecampoliving.com\/es\/cartelera-de-cine-del-19-al-25-de-junio\/","url":"https:\/\/casadecampoliving.com\/es\/cartelera-de-cine-del-19-al-25-de-junio\/","name":"Cartelera de Cine: del 19 al 25 de junio | Casa de Campo Living","isPartOf":{"@id":"https:\/\/casadecampoliving.com\/es\/#website"},"primaryImageOfPage":{"@id":"https:\/\/casadecampoliving.com\/es\/cartelera-de-cine-del-19-al-25-de-junio\/#primaryimage"},"image":{"@id":"https:\/\/casadecampoliving.com\/es\/cartelera-de-cine-del-19-al-25-de-junio\/#primaryimage"},"thumbnailUrl":"https:\/\/i0.wp.com\/casadecampoliving.com\/wp-content\/uploads\/2022\/10\/CDCAMP_19_DE_JUNIO-1.jpg?fit=650%2C280&ssl=1","datePublished":"2014-06-19T04:00:00+00:00","dateModified":"2022-10-21T22:51:19+00:00","description":"Para esta semana el cine de la Marina Casa de Campo nos trae en cartelera 1 pel\u00edcula nueva: \u201cMalditos Vecinos\u201d,&nbsp;mientras todav\u00eda en sala","breadcrumb":{"@id":"https:\/\/casadecampoliving.com\/es\/cartelera-de-cine-del-19-al-25-de-junio\/#breadcrumb"},"inLanguage":"es","potentialAction":[{"@type":"ReadAction","target":["https:\/\/casadecampoliving.com\/es\/cartelera-de-cine-del-19-al-25-de-junio\/"]}]},{"@type":"ImageObject","inLanguage":"es","@id":"https:\/\/casadecampoliving.com\/es\/cartelera-de-cine-del-19-al-25-de-junio\/#primaryimage","url":"https:\/\/i0.wp.com\/casadecampoliving.com\/wp-content\/uploads\/2022\/10\/CDCAMP_19_DE_JUNIO-1.jpg?fit=650%2C280&ssl=1","contentUrl":"https:\/\/i0.wp.com\/casadecampoliving.com\/wp-content\/uploads\/2022\/10\/CDCAMP_19_DE_JUNIO-1.jpg?fit=650%2C280&ssl=1","width":650,"height":280},{"@type":"BreadcrumbList","@id":"https:\/\/casadecampoliving.com\/es\/cartelera-de-cine-del-19-al-25-de-junio\/#breadcrumb","itemListElement":[{"@type":"ListItem","position":1,"name":"Home","item":"https:\/\/casadecampoliving.com\/es\/"},{"@type":"ListItem","position":2,"name":"Cartelera de Cine: del 19 al 25 de junio"}]},{"@type":"WebSite","@id":"https:\/\/casadecampoliving.com\/es\/#website","url":"https:\/\/casadecampoliving.com\/es\/","name":"Casa de Campo Living","description":"Resort community news and resources.","publisher":{"@id":"https:\/\/casadecampoliving.com\/es\/#organization"},"potentialAction":[{"@type":"SearchAction","target":{"@type":"EntryPoint","urlTemplate":"https:\/\/casadecampoliving.com\/es\/?s={search_term_string}"},"query-input":{"@type":"PropertyValueSpecification","valueRequired":true,"valueName":"search_term_string"}}],"inLanguage":"es"},{"@type":"Organization","@id":"https:\/\/casadecampoliving.com\/es\/#organization","name":"Casa de Campo Living","url":"https:\/\/casadecampoliving.com\/es\/","logo":{"@type":"ImageObject","inLanguage":"es","@id":"https:\/\/casadecampoliving.com\/es\/#\/schema\/logo\/image\/","url":"https:\/\/i0.wp.com\/casadecampoliving.com\/wp-content\/uploads\/2022\/07\/CDCLivingLogo_V1-white-sized.png?fit=800%2C214&ssl=1","contentUrl":"https:\/\/i0.wp.com\/casadecampoliving.com\/wp-content\/uploads\/2022\/07\/CDCLivingLogo_V1-white-sized.png?fit=800%2C214&ssl=1","width":800,"height":214,"caption":"Casa de Campo Living"},"image":{"@id":"https:\/\/casadecampoliving.com\/es\/#\/schema\/logo\/image\/"},"sameAs":["https:\/\/www.facebook.com\/casadecampoliving","https:\/\/x.com\/cdcliving"]},{"@type":"Person","@id":"https:\/\/casadecampoliving.com\/es\/#\/schema\/person\/c8efa6049510554b7d5fea078d728f72","name":"Perkin Agramonte","image":{"@type":"ImageObject","inLanguage":"es","@id":"https:\/\/secure.gravatar.com\/avatar\/57bfdafcae55fb83dbb79a1585a9eab7f269b7720fb0b64cb9a4e0cd2962fa10?s=96&d=mm&r=g","url":"https:\/\/secure.gravatar.com\/avatar\/57bfdafcae55fb83dbb79a1585a9eab7f269b7720fb0b64cb9a4e0cd2962fa10?s=96&d=mm&r=g","contentUrl":"https:\/\/secure.gravatar.com\/avatar\/57bfdafcae55fb83dbb79a1585a9eab7f269b7720fb0b64cb9a4e0cd2962fa10?s=96&d=mm&r=g","caption":"Perkin Agramonte"},"url":"https:\/\/casadecampoliving.com\/es\/author\/cagramonte\/"}]}},"parsely":{"version":"1.1.0","canonical_url":"https:\/\/casadecampoliving.com\/es\/cartelera-de-cine-del-19-al-25-de-junio\/","smart_links":{"inbound":0,"outbound":0},"traffic_boost_suggestions_count":0,"meta":{"@context":"https:\/\/schema.org","@type":"NewsArticle","headline":"Cartelera de Cine: del 19 al 25 de junio","url":"http:\/\/casadecampoliving.com\/es\/cartelera-de-cine-del-19-al-25-de-junio\/","mainEntityOfPage":{"@type":"WebPage","@id":"http:\/\/casadecampoliving.com\/es\/cartelera-de-cine-del-19-al-25-de-junio\/"},"thumbnailUrl":"https:\/\/i0.wp.com\/casadecampoliving.com\/wp-content\/uploads\/2022\/10\/CDCAMP_19_DE_JUNIO-1.jpg?resize=150%2C150&ssl=1","image":{"@type":"ImageObject","url":"https:\/\/i0.wp.com\/casadecampoliving.com\/wp-content\/uploads\/2022\/10\/CDCAMP_19_DE_JUNIO-1.jpg?fit=650%2C280&ssl=1"},"articleSection":"Arte y cultura","author":[{"@type":"Person","name":"Perkin Agramonte"}],"creator":["Perkin Agramonte"],"publisher":{"@type":"Organization","name":"Casa de Campo Living","logo":"https:\/\/casadecampoliving.com\/wp-content\/uploads\/2022\/07\/CDCLivingLogo_V1-white-sized.png"},"keywords":["cartelera","casa de campo @es","casa de campo living","cine","la marina casa de campo @es","pelicula nueva"],"dateCreated":"2014-06-19T04:00:00Z","datePublished":"2014-06-19T04:00:00Z","dateModified":"2022-10-21T22:51:19Z"},"rendered":"<script type=\"application\/ld+json\" class=\"wp-parsely-metadata\">{\"@context\":\"https:\\\/\\\/schema.org\",\"@type\":\"NewsArticle\",\"headline\":\"Cartelera de Cine: del 19 al 25 de junio\",\"url\":\"http:\\\/\\\/casadecampoliving.com\\\/es\\\/cartelera-de-cine-del-19-al-25-de-junio\\\/\",\"mainEntityOfPage\":{\"@type\":\"WebPage\",\"@id\":\"http:\\\/\\\/casadecampoliving.com\\\/es\\\/cartelera-de-cine-del-19-al-25-de-junio\\\/\"},\"thumbnailUrl\":\"https:\\\/\\\/i0.wp.com\\\/casadecampoliving.com\\\/wp-content\\\/uploads\\\/2022\\\/10\\\/CDCAMP_19_DE_JUNIO-1.jpg?resize=150%2C150&ssl=1\",\"image\":{\"@type\":\"ImageObject\",\"url\":\"https:\\\/\\\/i0.wp.com\\\/casadecampoliving.com\\\/wp-content\\\/uploads\\\/2022\\\/10\\\/CDCAMP_19_DE_JUNIO-1.jpg?fit=650%2C280&ssl=1\"},\"articleSection\":\"Arte y cultura\",\"author\":[{\"@type\":\"Person\",\"name\":\"Perkin Agramonte\"}],\"creator\":[\"Perkin Agramonte\"],\"publisher\":{\"@type\":\"Organization\",\"name\":\"Casa de Campo Living\",\"logo\":\"https:\\\/\\\/casadecampoliving.com\\\/wp-content\\\/uploads\\\/2022\\\/07\\\/CDCLivingLogo_V1-white-sized.png\"},\"keywords\":[\"cartelera\",\"casa de campo @es\",\"casa de campo living\",\"cine\",\"la marina casa de campo @es\",\"pelicula nueva\"],\"dateCreated\":\"2014-06-19T04:00:00Z\",\"datePublished\":\"2014-06-19T04:00:00Z\",\"dateModified\":\"2022-10-21T22:51:19Z\"}<\/script>","tracker_url":"https:\/\/cdn.parsely.com\/keys\/casadecampoliving.com\/p.js"},"jetpack_publicize_connections":[],"jetpack_featured_media_url":"https:\/\/i0.wp.com\/casadecampoliving.com\/wp-content\/uploads\/2022\/10\/CDCAMP_19_DE_JUNIO-1.jpg?fit=650%2C280&ssl=1","jetpack-related-posts":[{"id":344664,"url":"https:\/\/casadecampoliving.com\/es\/cartelera-de-cine-del-26-de-junio-al-02-de-julio\/","url_meta":{"origin":344626,"position":0},"title":"Cartelera de Cine: del 26 de junio al 02 de julio","author":"Perkin Agramonte","date":"26 Jun, 2014","format":false,"excerpt":"Para esta semana el cine de la Marina Casa de Campo nos trae en cartelera 2 pel\u00edculas nuevas: \u201cQuiero Ser Fiel\u201d y \u201cEl Gran Hotel Budapest\u201d,\u00a0mientras todav\u00eda en sala tenemos\u00a0\u201cMalditos Vecinos\u201d\u00a0y\u00a0\u201cC\u00f3mo\u00a0Entrenar a Tu Drag\u00f3n 2\u201d.\u00a0Salvedad:\u00a0A partir de ahora el cine de la Marina Casa de Campo estar\u00e1 abierto\u00a0todos los d\u00edas\u2026","rel":"","context":"En \u00abArte y cultura\u00bb","block_context":{"text":"Arte y cultura","link":"https:\/\/casadecampoliving.com\/category\/arte-y-cultura\/"},"img":{"alt_text":"","src":"https:\/\/i0.wp.com\/casadecampoliving.com\/wp-content\/uploads\/2022\/10\/CDCAMP-26-DE-JUNIO_header-1.jpg?fit=650%2C282&ssl=1&resize=350%2C200","width":350,"height":200,"srcset":"https:\/\/i0.wp.com\/casadecampoliving.com\/wp-content\/uploads\/2022\/10\/CDCAMP-26-DE-JUNIO_header-1.jpg?fit=650%2C282&ssl=1&resize=350%2C200 1x, https:\/\/i0.wp.com\/casadecampoliving.com\/wp-content\/uploads\/2022\/10\/CDCAMP-26-DE-JUNIO_header-1.jpg?fit=650%2C282&ssl=1&resize=525%2C300 1.5x"},"classes":[]},{"id":350034,"url":"https:\/\/casadecampoliving.com\/es\/marina-casa-de-campo-cartelera-de-cine-23-29-de-junio\/","url_meta":{"origin":344626,"position":1},"title":"Marina Casa de Campo cartelera de cine: 23 &#8211; 29 de junio","author":"Felix Guerrero","date":"23 Jun, 2016","format":false,"excerpt":"Para esta semana, el cine de la Marina Casa de Campo nos trae dos\u00a0nuevas pel\u00edculas: \u201cIndependence Day: Resurgence\u201d y\u00a0\u201cEl Conjuro 2\u201d.\u00a0Mientras que en sala todav\u00eda tenemos: \u201cBuscando a Dory\u201d\u00a0y\u00a0\u201cMe Before You\u201d \u201cIndependence Day: Resurgence\u201dProyecciones: Lunes \u2013 Viernes,\u00a07:00pm & 9:30pm S\u00e1bado \u2013 Domingo, 4:25pm,\u00a07:00pm & 9:30pm Sinopsis:\u00a0Dos d\u00e9cadas despu\u00e9s de la\u2026","rel":"","context":"En \u00abCine @es\u00bb","block_context":{"text":"Cine @es","link":"https:\/\/casadecampoliving.com\/es\/category\/cine-3\/"},"img":{"alt_text":"Cartelera 27 de Junio 2016","src":"https:\/\/i0.wp.com\/casadecampoliving.com\/wp-content\/uploads\/2022\/10\/Cartelera-27-de-Junio-2016-1.jpg?fit=800%2C348&ssl=1&resize=350%2C200","width":350,"height":200,"srcset":"https:\/\/i0.wp.com\/casadecampoliving.com\/wp-content\/uploads\/2022\/10\/Cartelera-27-de-Junio-2016-1.jpg?fit=800%2C348&ssl=1&resize=350%2C200 1x, https:\/\/i0.wp.com\/casadecampoliving.com\/wp-content\/uploads\/2022\/10\/Cartelera-27-de-Junio-2016-1.jpg?fit=800%2C348&ssl=1&resize=525%2C300 1.5x, https:\/\/i0.wp.com\/casadecampoliving.com\/wp-content\/uploads\/2022\/10\/Cartelera-27-de-Junio-2016-1.jpg?fit=800%2C348&ssl=1&resize=700%2C400 2x"},"classes":[]},{"id":349655,"url":"https:\/\/casadecampoliving.com\/es\/marina-casa-de-campo-cartelera-de-cine-21-27-de-abril\/","url_meta":{"origin":344626,"position":2},"title":"Marina Casa de Campo cartelera de cine: 21 &#8211; 27 de abril","author":"Felix Guerrero","date":"21 Abr, 2016","format":false,"excerpt":"Para esta semana, el cine de la Marina Casa de Campo nos trae dos\u00a0nuevas pel\u00edculas: \u201cMiracles From Heaven\u201d y\u00a0\u201cPawn Sacrifice\u201d. Mientras que en sala todav\u00eda tenemos:\u00a0\u201cEl Libro de la Selva\u201d. \u201cEl Libro de la Selva\u201dProyecciones: Lunes \u2013 Domingo,\u00a06:50pm & 9:10pm S\u00e1bado \u2013 Domingo, 4:30pm Sinopsis:\u00a0Un ni\u00f1o hu\u00e9rfano es criado en\u2026","rel":"","context":"En \u00abCine @es\u00bb","block_context":{"text":"Cine @es","link":"https:\/\/casadecampoliving.com\/es\/category\/cine-3\/"},"img":{"alt_text":"Cartelera 21 de Abril 2016","src":"https:\/\/i0.wp.com\/casadecampoliving.com\/wp-content\/uploads\/2022\/10\/Cartelera-21-de-Abril-2016-1.jpg?fit=800%2C347&ssl=1&resize=350%2C200","width":350,"height":200,"srcset":"https:\/\/i0.wp.com\/casadecampoliving.com\/wp-content\/uploads\/2022\/10\/Cartelera-21-de-Abril-2016-1.jpg?fit=800%2C347&ssl=1&resize=350%2C200 1x, https:\/\/i0.wp.com\/casadecampoliving.com\/wp-content\/uploads\/2022\/10\/Cartelera-21-de-Abril-2016-1.jpg?fit=800%2C347&ssl=1&resize=525%2C300 1.5x, https:\/\/i0.wp.com\/casadecampoliving.com\/wp-content\/uploads\/2022\/10\/Cartelera-21-de-Abril-2016-1.jpg?fit=800%2C347&ssl=1&resize=700%2C400 2x"},"classes":[]},{"id":349230,"url":"https:\/\/casadecampoliving.com\/es\/marina-casa-de-campo-cartelera-de-cine-18-24-de-febrero\/","url_meta":{"origin":344626,"position":3},"title":"Marina Casa de Campo cartelera de cine: 18 &#8211; 24 de febrero","author":"Felix Guerrero","date":"18 Feb, 2016","format":false,"excerpt":"Para esta semana, el cine de la Marina Casa de Campo nos trae una\u00a0nueva pel\u00edcula: \u201cZootopia\u201d.\u00a0Mientras todav\u00eda en sala tenemos:\u00a0\u201cDeadpool\u201d y \u201cC\u00f3mo Ser Soltera\u201d. \u201cDeadpool\u201dProyecciones: Lunes \u2013 Viernes, 7:15pm & 9:30pm S\u00e1bado \u2013 Domingo,\u00a04:50pm, 7:15pm & 9:30pm Sinopsis: Un ex operativo de las fuerzas especiales ahora mercenario se somete a\u2026","rel":"","context":"En \u00abArte y cultura\u00bb","block_context":{"text":"Arte y cultura","link":"https:\/\/casadecampoliving.com\/category\/arte-y-cultura\/"},"img":{"alt_text":"Cartelera 18 de Febrero 2016","src":"https:\/\/i0.wp.com\/casadecampoliving.com\/wp-content\/uploads\/2022\/10\/Cartelera-18-de-Febrero-1.jpg?fit=798%2C347&ssl=1&resize=350%2C200","width":350,"height":200,"srcset":"https:\/\/i0.wp.com\/casadecampoliving.com\/wp-content\/uploads\/2022\/10\/Cartelera-18-de-Febrero-1.jpg?fit=798%2C347&ssl=1&resize=350%2C200 1x, https:\/\/i0.wp.com\/casadecampoliving.com\/wp-content\/uploads\/2022\/10\/Cartelera-18-de-Febrero-1.jpg?fit=798%2C347&ssl=1&resize=525%2C300 1.5x, https:\/\/i0.wp.com\/casadecampoliving.com\/wp-content\/uploads\/2022\/10\/Cartelera-18-de-Febrero-1.jpg?fit=798%2C347&ssl=1&resize=700%2C400 2x"},"classes":[]},{"id":350134,"url":"https:\/\/casadecampoliving.com\/es\/marina-casa-de-campo-cartelera-de-cine-7-13-de-julio\/","url_meta":{"origin":344626,"position":4},"title":"Marina Casa de Campo cartelera de cine: 7 &#8211; 13 de Julio","author":"Felix Guerrero","date":"6 Jul, 2016","format":false,"excerpt":"Para esta semana, el cine de la Marina Casa de Campo nos trae dos\u00a0nuevas pel\u00edculas: \u201cWarcraft\u201d y \u201cLa Era del Hielo 5: Choque de Mundos\u201d.\u00a0Mientras que en sala todav\u00eda tenemos:\u00a0\u201cBuscando a Dory\u201d y \u201cTe Amar\u00e9 Eternamente\u201d. \u201cWarcraft\u201cProyecciones: Lunes \u2013 Viernes, 6:55pm & 9:25pm S\u00e1bado \u2013 Domingo,\u00a04:20pm, 6:55pm & 9:25pm Sinopsis:\u00a0Mientras\u00a0una\u2026","rel":"","context":"En \u00abCine @es\u00bb","block_context":{"text":"Cine @es","link":"https:\/\/casadecampoliving.com\/es\/category\/cine-3\/"},"img":{"alt_text":"Cartelera 7 de Julio 2016","src":"https:\/\/i0.wp.com\/casadecampoliving.com\/wp-content\/uploads\/2022\/10\/Cartelera-7-de-Julio-2016-1.jpg?fit=800%2C348&ssl=1&resize=350%2C200","width":350,"height":200,"srcset":"https:\/\/i0.wp.com\/casadecampoliving.com\/wp-content\/uploads\/2022\/10\/Cartelera-7-de-Julio-2016-1.jpg?fit=800%2C348&ssl=1&resize=350%2C200 1x, https:\/\/i0.wp.com\/casadecampoliving.com\/wp-content\/uploads\/2022\/10\/Cartelera-7-de-Julio-2016-1.jpg?fit=800%2C348&ssl=1&resize=525%2C300 1.5x, https:\/\/i0.wp.com\/casadecampoliving.com\/wp-content\/uploads\/2022\/10\/Cartelera-7-de-Julio-2016-1.jpg?fit=800%2C348&ssl=1&resize=700%2C400 2x"},"classes":[]},{"id":349335,"url":"https:\/\/casadecampoliving.com\/es\/marina-casa-de-campo-cartelera-de-cine-3-9-de-marzo\/","url_meta":{"origin":344626,"position":5},"title":"Marina Casa de Campo cartelera de cine: 3 &#8211; 9 de marzo","author":"Felix Guerrero","date":"3 Mar, 2016","format":false,"excerpt":"Para esta semana, el cine de la Marina Casa de Campo nos trae dos\u00a0nuevas pel\u00edculas: \u201c13 Horas\u201d y\u00a0\u201cFreeheld\u201d\u00a0\u201cSecret In Their Eyes\u201d,\u00a0\u201cLa Verdad Duele\u201d y\u00a0\u201cSteve Jobs\u201d.\u00a0Mientras todav\u00eda en sala tenemos:\u00a0\u201cZootopia\u201d. \u201c13 Horas\u201dProyecciones: Lunes \u2013 Viernes, 6:50pm & 9:25pm S\u00e1bado \u2013 Domingo,\u00a04:20pm, 6:50pm & 9:25pm Sinopsis: Cuando el\u00a0embajador estadounidense es asesinado durante\u2026","rel":"","context":"En \u00abArte y cultura\u00bb","block_context":{"text":"Arte y cultura","link":"https:\/\/casadecampoliving.com\/category\/arte-y-cultura\/"},"img":{"alt_text":"Cartelera 3 de Marzo 2016","src":"https:\/\/i0.wp.com\/casadecampoliving.com\/wp-content\/uploads\/2022\/10\/Cartelera-3-de-Marzo-2016.jpg?fit=796%2C347&ssl=1&resize=350%2C200","width":350,"height":200,"srcset":"https:\/\/i0.wp.com\/casadecampoliving.com\/wp-content\/uploads\/2022\/10\/Cartelera-3-de-Marzo-2016.jpg?fit=796%2C347&ssl=1&resize=350%2C200 1x, https:\/\/i0.wp.com\/casadecampoliving.com\/wp-content\/uploads\/2022\/10\/Cartelera-3-de-Marzo-2016.jpg?fit=796%2C347&ssl=1&resize=525%2C300 1.5x, https:\/\/i0.wp.com\/casadecampoliving.com\/wp-content\/uploads\/2022\/10\/Cartelera-3-de-Marzo-2016.jpg?fit=796%2C347&ssl=1&resize=700%2C400 2x"},"classes":[]}],"jetpack_sharing_enabled":true,"_links":{"self":[{"href":"https:\/\/casadecampoliving.com\/es\/wp-json\/wp\/v2\/posts\/344626","targetHints":{"allow":["GET"]}}],"collection":[{"href":"https:\/\/casadecampoliving.com\/es\/wp-json\/wp\/v2\/posts"}],"about":[{"href":"https:\/\/casadecampoliving.com\/es\/wp-json\/wp\/v2\/types\/post"}],"author":[{"embeddable":true,"href":"https:\/\/casadecampoliving.com\/es\/wp-json\/wp\/v2\/users\/1097"}],"replies":[{"embeddable":true,"href":"https:\/\/casadecampoliving.com\/es\/wp-json\/wp\/v2\/comments?post=344626"}],"version-history":[{"count":1,"href":"https:\/\/casadecampoliving.com\/es\/wp-json\/wp\/v2\/posts\/344626\/revisions"}],"predecessor-version":[{"id":344627,"href":"https:\/\/casadecampoliving.com\/es\/wp-json\/wp\/v2\/posts\/344626\/revisions\/344627"}],"wp:featuredmedia":[{"embeddable":true,"href":"https:\/\/casadecampoliving.com\/es\/wp-json\/wp\/v2\/media\/252385"}],"wp:attachment":[{"href":"https:\/\/casadecampoliving.com\/es\/wp-json\/wp\/v2\/media?parent=344626"}],"wp:term":[{"taxonomy":"category","embeddable":true,"href":"https:\/\/casadecampoliving.com\/es\/wp-json\/wp\/v2\/categories?post=344626"},{"taxonomy":"post_tag","embeddable":true,"href":"https:\/\/casadecampoliving.com\/es\/wp-json\/wp\/v2\/tags?post=344626"},{"taxonomy":"newspack_spnsrs_tax","embeddable":true,"href":"https:\/\/casadecampoliving.com\/es\/wp-json\/wp\/v2\/newspack_spnsrs_tax?post=344626"}],"curies":[{"name":"wp","href":"https:\/\/api.w.org\/{rel}","templated":true}]}}