{"id":344620,"date":"2014-06-19T00:00:00","date_gmt":"2014-06-19T04:00:00","guid":{"rendered":"https:\/\/casadecampoliving.com\/hoy-es-corpus-christi\/"},"modified":"2022-10-21T18:50:58","modified_gmt":"2022-10-21T22:50:58","slug":"hoy-es-corpus-christi","status":"publish","type":"post","link":"https:\/\/casadecampoliving.com\/es\/hoy-es-corpus-christi\/","title":{"rendered":"Pan, vino, y el buey &#8211; hoy es Corpus Christi"},"content":{"rendered":"<div class=\"wp-block-image\">\n<figure class=\"aligncenter is-resized\"><img loading=\"lazy\" decoding=\"async\" src=\"https:\/\/i0.wp.com\/casadecampoliving.com\/wp-content\/uploads\/2022\/10\/corpus-christi.jpg?resize=650%2C438&amp;ssl=1\" alt=\"Corpus Christi Celebration in Toledo\" class=\"wp-image-91735\" height=\"438\" width=\"650\"\/><\/figure>\n<\/div>\n\n\n<p class=\"wp-block-paragraph\">Hoy, en pa\u00edses de fe cat\u00f3lica, se celebra el d\u00eda feriado de Corpus Christi. Pero,&nbsp;<span style=\"color: #252525;\">\u00bfde que&nbsp;consiste la celebraci\u00f3n? Ven, te explicaremos.&nbsp;<\/span><\/p>\n\n\n\n<!--more-->\n\n\n\n<p class=\"wp-block-paragraph\">La Rep\u00fablica Dominicana, siendo un pa\u00eds predominantemente cat\u00f3lico, siempre ha celebrado Corpus Christi, y se ha establecido como un d\u00eda feriado nacional, es decir, que en ese d\u00eda oficinas, colegios, y otros \u00e1mbitos de trabajo deben de estar cerrados. Pero,&nbsp;<span style=\"color: #252525;\">\u00bfacaso es solo un d\u00eda para uno irse de fin de semana a una playa a relajarse?<\/span><\/p>\n\n\n\n<p class=\"wp-block-paragraph\">No. Por lo mas tentador que parezca la idea de irse as\u00ed a la playa, hay una rica y hist\u00f3rica tradici\u00f3n detr\u00e1s del d\u00eda feriado del Corpus Christi.<\/p>\n\n\n\n<p class=\"wp-block-paragraph\">Corpus Christi, lo cual significa&nbsp;<em>Cuerpo de Cristo&nbsp;<\/em>en lat\u00edn, celebra la creencia de la fe cat\u00f3lica que establece que, en el pan y el vino de la eucarist\u00eda se encuentra Cristo y su cuerpo presente, el vino representando su sangre, y el pan, su carne. Esto se celebra \u2013 me imagino que lo pudieras adivinar \u2013 por medio de una eucarist\u00eda, celebrada como parte de una misa.<\/p>\n\n\n\n<p class=\"wp-block-paragraph\">The idea of the blood-to-wine and flesh-to-bread representation of Jesus Christ\u2019s body arises from the tale of the Last Supper, in which Jesus is believed to have said the following.<\/p>\n\n\n\n<p class=\"wp-block-paragraph\">La idea de la sangre siendo vino y de la carne siendo pan al representar el cuerpo de Jesucristo proviene de la historia b\u00edblica de La Ultima Cena, dentro de la cual Jes\u00fas dijo lo siguiente:<\/p>\n\n\n\n<blockquote class=\"wp-block-quote is-layout-flow wp-block-quote-is-layout-flow\"><p>Tomen y coman todos de \u00e9l,<br>\nporque esto es mi Cuerpo, que ser\u00e1 entregado por<br>\nustedes.<br>\nTomen y beban todos de \u00e9l,<br>\nporque \u00e9ste es el c\u00e1liz de mi Sangre,<br>\nSangre de la alianza nueva y eterna,<br>\nque ser\u00e1 derramada por ustedes y por muchos<br>\npara el perd\u00f3n de los pecados.<br>\nHagan esto en conmemoraci\u00f3n m\u00eda.<\/p><p style=\"text-align: right;\"><strong>\u2013 Mateo 26: 26-30<\/strong><\/p><\/blockquote>\n\n\n<div class=\"wp-block-image\">\n<figure class=\"aligncenter is-resized\"><img loading=\"lazy\" decoding=\"async\" src=\"https:\/\/i0.wp.com\/casadecampoliving.com\/wp-content\/uploads\/2022\/10\/last-supper.jpg?resize=650%2C433&amp;ssl=1\" alt=\"The Last Supper\" class=\"wp-image-91745\" height=\"433\" width=\"650\"\/><\/figure>\n<\/div>\n\n\n<p class=\"has-text-align-left wp-block-paragraph\">Todo esto se presenta hoy en d\u00eda como una bell\u00edsima celebraci\u00f3n en ciudades&nbsp;alrededor del mundo.<\/p>\n\n\n\n<p class=\"has-text-align-left wp-block-paragraph\">Bueno, me imagino que, habiendo le\u00eddo el titular, puede de que est\u00e9s pregunt\u00e1ndote que tiene que ver un buey con todo esto.<\/p>\n\n\n\n<p class=\"has-text-align-left wp-block-paragraph\">Hay una historia muy conocida que, mientras no es aceptada por la Iglesia Cat\u00f3lica como ver\u00eddica, es sumamente asociada con el Corpus Christi en el folclor dominicano.<\/p>\n\n\n\n<p class=\"has-text-align-left wp-block-paragraph\">The story speaks of an ox, referred to in Spanish as a&nbsp;<em>buey,&nbsp;<\/em>who, upon realizing that his master, a farmer, was going to work on the holy day, purportedly asked if there was any day he<i> would <\/i>be able to rest and proceeded to berate his master for working that day. Accepted by the Church or not, the story finds itself being constantly associated in the general Dominican mentality of Corpus Christi.<\/p>\n\n\n\n<p class=\"has-text-align-left wp-block-paragraph\">La historia cuenta de un buey que, al ver que su maestro lo iba a poner a trabajar en el cultivo, reproch\u00f3 a su amo, pregunt\u00e1ndole que ni ese d\u00eda le permitir\u00eda al buey descansar. Sea aceptada por la Iglesia o no, esta historia se encuentra sumamente vinculada al d\u00eda feriado en la cultura dominicana.<\/p>\n\n\n\n<p class=\"has-text-align-left wp-block-paragraph\">Habiendo ya explicado de lo que consiste este d\u00eda tan especial, aqu\u00ed en Casa de Campo Living les deseamos un feliz d\u00eda de Corpus Christi.<\/p>\n","protected":false},"excerpt":{"rendered":"<p>Hoy, en pa\u00edses de fe cat\u00f3lica, se celebra el d\u00eda feriado de Corpus Christi. Pero,&nbsp;\u00bfde que&nbsp;consiste la celebraci\u00f3n? Ven, te explicaremos.&nbsp;<\/p>\n","protected":false},"author":18093,"featured_media":251875,"comment_status":"closed","ping_status":"closed","sticky":false,"template":"","format":"standard","meta":{"newspack_ads_suppress_ads":false,"newspack_popups_has_disabled_popups":false,"newspack_sponsor_sponsorship_scope":"","newspack_sponsor_native_byline_display":"inherit","newspack_sponsor_native_category_display":"inherit","newspack_sponsor_underwriter_style":"inherit","newspack_sponsor_underwriter_placement":"inherit","_newspack_byline_active":false,"_newspack_byline":"","newspack_hide_updated_date":false,"newspack_show_updated_date":false,"newspack_featured_image_position":"","newspack_post_subtitle":"","newspack_article_summary_title":"Overview:","newspack_article_summary":"","_jetpack_memberships_contains_paid_content":false,"footnotes":"","jetpack_publicize_message":"{title}\n\n{excerpt}\n\n{url}","jetpack_publicize_feature_enabled":true,"jetpack_social_post_already_shared":false,"jetpack_social_options":{"image_generator_settings":{"template":"highway","default_image_id":0,"font":"","enabled":false},"version":2},"_wpas_customize_per_network":false},"categories":[2524,14631,2506,14625,2521],"tags":[23804,4558],"newspack_spnsrs_tax":[],"class_list":["post-344620","post","type-post","status-publish","format-standard","has-post-thumbnail","hentry","category-destacados","category-estilo-de-vida","category-mas-alla-de-casa-es","category-noticias-locales","category-republica-dominicana-2","tag-casa-de-campo-es-16","tag-dia-feriado","entry"],"yoast_head":"<!-- This site is optimized with the Yoast SEO plugin v28.3 - https:\/\/yoast.com\/product\/yoast-seo-wordpress\/ -->\n<title>Pan, vino, y el buey - hoy es Corpus Christi | Casa de Campo Living<\/title>\n<meta name=\"description\" content=\"Hoy, en pa\u00edses de fe cat\u00f3lica, se celebra el d\u00eda feriado de Corpus Christi. Pero,&nbsp;\u00bfde que&nbsp;consiste la celebraci\u00f3n? Ven, te explicaremos.&nbsp;\" \/>\n<meta name=\"robots\" content=\"index, follow, max-snippet:-1, max-image-preview:large, max-video-preview:-1\" \/>\n<link rel=\"canonical\" href=\"https:\/\/casadecampoliving.com\/es\/hoy-es-corpus-christi\/\" \/>\n<meta property=\"og:locale\" content=\"es_ES\" \/>\n<meta property=\"og:type\" content=\"article\" \/>\n<meta property=\"og:title\" content=\"Pan, vino, y el buey - hoy es Corpus Christi | Casa de Campo Living\" \/>\n<meta property=\"og:description\" content=\"Hoy, en pa\u00edses de fe cat\u00f3lica, se celebra el d\u00eda feriado de Corpus Christi. Pero,&nbsp;\u00bfde que&nbsp;consiste la celebraci\u00f3n? Ven, te explicaremos.&nbsp;\" \/>\n<meta property=\"og:url\" content=\"https:\/\/casadecampoliving.com\/es\/hoy-es-corpus-christi\/\" \/>\n<meta property=\"og:site_name\" content=\"Casa de Campo Living\" \/>\n<meta property=\"article:publisher\" content=\"https:\/\/www.facebook.com\/casadecampoliving\" \/>\n<meta property=\"article:published_time\" content=\"2014-06-19T04:00:00+00:00\" \/>\n<meta property=\"article:modified_time\" content=\"2022-10-21T22:50:58+00:00\" \/>\n<meta property=\"og:image\" content=\"https:\/\/i0.wp.com\/casadecampoliving.com\/wp-content\/uploads\/2022\/10\/corpus-christi-1.jpg?fit=894%2C603&ssl=1\" \/>\n\t<meta property=\"og:image:width\" content=\"894\" \/>\n\t<meta property=\"og:image:height\" content=\"603\" \/>\n\t<meta property=\"og:image:type\" content=\"image\/jpeg\" \/>\n<meta name=\"author\" content=\"Emil Mella\" \/>\n<meta name=\"twitter:card\" content=\"summary_large_image\" \/>\n<meta name=\"twitter:creator\" content=\"@cdcliving\" \/>\n<meta name=\"twitter:site\" content=\"@cdcliving\" \/>\n<meta name=\"twitter:label1\" content=\"Escrito por\" \/>\n\t<meta name=\"twitter:data1\" content=\"Emil Mella\" \/>\n\t<meta name=\"twitter:label2\" content=\"Tiempo de lectura\" \/>\n\t<meta name=\"twitter:data2\" content=\"3 minutos\" \/>\n<script type=\"application\/ld+json\" class=\"yoast-schema-graph\">{\"@context\":\"https:\\\/\\\/schema.org\",\"@graph\":[{\"@type\":\"Article\",\"@id\":\"https:\\\/\\\/casadecampoliving.com\\\/es\\\/hoy-es-corpus-christi\\\/#article\",\"isPartOf\":{\"@id\":\"https:\\\/\\\/casadecampoliving.com\\\/es\\\/hoy-es-corpus-christi\\\/\"},\"author\":{\"name\":\"Emil Mella\",\"@id\":\"https:\\\/\\\/casadecampoliving.com\\\/es\\\/#\\\/schema\\\/person\\\/d12a5efec1fdc64b900715bce298e45b\"},\"headline\":\"Pan, vino, y el buey &#8211; hoy es Corpus Christi\",\"datePublished\":\"2014-06-19T04:00:00+00:00\",\"dateModified\":\"2022-10-21T22:50:58+00:00\",\"mainEntityOfPage\":{\"@id\":\"https:\\\/\\\/casadecampoliving.com\\\/es\\\/hoy-es-corpus-christi\\\/\"},\"wordCount\":574,\"publisher\":{\"@id\":\"https:\\\/\\\/casadecampoliving.com\\\/es\\\/#organization\"},\"image\":{\"@id\":\"https:\\\/\\\/casadecampoliving.com\\\/es\\\/hoy-es-corpus-christi\\\/#primaryimage\"},\"thumbnailUrl\":\"https:\\\/\\\/i0.wp.com\\\/casadecampoliving.com\\\/wp-content\\\/uploads\\\/2022\\\/10\\\/corpus-christi-1.jpg?fit=894%2C603&ssl=1\",\"keywords\":[\"casa de campo @es\",\"dia feriado\"],\"articleSection\":[\"Destacados\",\"Estilo de Vida\",\"M\u00e1s all\u00e1 de Casa\",\"Noticias Locales\",\"Rep\u00fablica Dominicana @es\"],\"inLanguage\":\"es\"},{\"@type\":\"WebPage\",\"@id\":\"https:\\\/\\\/casadecampoliving.com\\\/es\\\/hoy-es-corpus-christi\\\/\",\"url\":\"https:\\\/\\\/casadecampoliving.com\\\/es\\\/hoy-es-corpus-christi\\\/\",\"name\":\"Pan, vino, y el buey - hoy es Corpus Christi | Casa de Campo Living\",\"isPartOf\":{\"@id\":\"https:\\\/\\\/casadecampoliving.com\\\/es\\\/#website\"},\"primaryImageOfPage\":{\"@id\":\"https:\\\/\\\/casadecampoliving.com\\\/es\\\/hoy-es-corpus-christi\\\/#primaryimage\"},\"image\":{\"@id\":\"https:\\\/\\\/casadecampoliving.com\\\/es\\\/hoy-es-corpus-christi\\\/#primaryimage\"},\"thumbnailUrl\":\"https:\\\/\\\/i0.wp.com\\\/casadecampoliving.com\\\/wp-content\\\/uploads\\\/2022\\\/10\\\/corpus-christi-1.jpg?fit=894%2C603&ssl=1\",\"datePublished\":\"2014-06-19T04:00:00+00:00\",\"dateModified\":\"2022-10-21T22:50:58+00:00\",\"description\":\"Hoy, en pa\u00edses de fe cat\u00f3lica, se celebra el d\u00eda feriado de Corpus Christi. Pero,&nbsp;\u00bfde que&nbsp;consiste la celebraci\u00f3n? Ven, te explicaremos.&nbsp;\",\"breadcrumb\":{\"@id\":\"https:\\\/\\\/casadecampoliving.com\\\/es\\\/hoy-es-corpus-christi\\\/#breadcrumb\"},\"inLanguage\":\"es\",\"potentialAction\":[{\"@type\":\"ReadAction\",\"target\":[\"https:\\\/\\\/casadecampoliving.com\\\/es\\\/hoy-es-corpus-christi\\\/\"]}]},{\"@type\":\"ImageObject\",\"inLanguage\":\"es\",\"@id\":\"https:\\\/\\\/casadecampoliving.com\\\/es\\\/hoy-es-corpus-christi\\\/#primaryimage\",\"url\":\"https:\\\/\\\/i0.wp.com\\\/casadecampoliving.com\\\/wp-content\\\/uploads\\\/2022\\\/10\\\/corpus-christi-1.jpg?fit=894%2C603&ssl=1\",\"contentUrl\":\"https:\\\/\\\/i0.wp.com\\\/casadecampoliving.com\\\/wp-content\\\/uploads\\\/2022\\\/10\\\/corpus-christi-1.jpg?fit=894%2C603&ssl=1\",\"width\":894,\"height\":603,\"caption\":\"Corpus Christi Celebration in Toledo\"},{\"@type\":\"BreadcrumbList\",\"@id\":\"https:\\\/\\\/casadecampoliving.com\\\/es\\\/hoy-es-corpus-christi\\\/#breadcrumb\",\"itemListElement\":[{\"@type\":\"ListItem\",\"position\":1,\"name\":\"Home\",\"item\":\"https:\\\/\\\/casadecampoliving.com\\\/es\\\/\"},{\"@type\":\"ListItem\",\"position\":2,\"name\":\"Pan, vino, y el buey &#8211; hoy es Corpus Christi\"}]},{\"@type\":\"WebSite\",\"@id\":\"https:\\\/\\\/casadecampoliving.com\\\/es\\\/#website\",\"url\":\"https:\\\/\\\/casadecampoliving.com\\\/es\\\/\",\"name\":\"Casa de Campo Living\",\"description\":\"Resort community news and resources.\",\"publisher\":{\"@id\":\"https:\\\/\\\/casadecampoliving.com\\\/es\\\/#organization\"},\"potentialAction\":[{\"@type\":\"SearchAction\",\"target\":{\"@type\":\"EntryPoint\",\"urlTemplate\":\"https:\\\/\\\/casadecampoliving.com\\\/es\\\/?s={search_term_string}\"},\"query-input\":{\"@type\":\"PropertyValueSpecification\",\"valueRequired\":true,\"valueName\":\"search_term_string\"}}],\"inLanguage\":\"es\"},{\"@type\":\"Organization\",\"@id\":\"https:\\\/\\\/casadecampoliving.com\\\/es\\\/#organization\",\"name\":\"Casa de Campo Living\",\"url\":\"https:\\\/\\\/casadecampoliving.com\\\/es\\\/\",\"logo\":{\"@type\":\"ImageObject\",\"inLanguage\":\"es\",\"@id\":\"https:\\\/\\\/casadecampoliving.com\\\/es\\\/#\\\/schema\\\/logo\\\/image\\\/\",\"url\":\"https:\\\/\\\/i0.wp.com\\\/casadecampoliving.com\\\/wp-content\\\/uploads\\\/2022\\\/07\\\/CDCLivingLogo_V1-white-sized.png?fit=800%2C214&ssl=1\",\"contentUrl\":\"https:\\\/\\\/i0.wp.com\\\/casadecampoliving.com\\\/wp-content\\\/uploads\\\/2022\\\/07\\\/CDCLivingLogo_V1-white-sized.png?fit=800%2C214&ssl=1\",\"width\":800,\"height\":214,\"caption\":\"Casa de Campo Living\"},\"image\":{\"@id\":\"https:\\\/\\\/casadecampoliving.com\\\/es\\\/#\\\/schema\\\/logo\\\/image\\\/\"},\"sameAs\":[\"https:\\\/\\\/www.facebook.com\\\/casadecampoliving\",\"https:\\\/\\\/x.com\\\/cdcliving\"]},{\"@type\":\"Person\",\"@id\":\"https:\\\/\\\/casadecampoliving.com\\\/es\\\/#\\\/schema\\\/person\\\/d12a5efec1fdc64b900715bce298e45b\",\"name\":\"Emil Mella\",\"image\":{\"@type\":\"ImageObject\",\"inLanguage\":\"es\",\"@id\":\"https:\\\/\\\/secure.gravatar.com\\\/avatar\\\/4e9e3292f2d31d6433db3b53db07d9803a6b11077575fa898c13ca6b8962c812?s=96&d=mm&r=g\",\"url\":\"https:\\\/\\\/secure.gravatar.com\\\/avatar\\\/4e9e3292f2d31d6433db3b53db07d9803a6b11077575fa898c13ca6b8962c812?s=96&d=mm&r=g\",\"contentUrl\":\"https:\\\/\\\/secure.gravatar.com\\\/avatar\\\/4e9e3292f2d31d6433db3b53db07d9803a6b11077575fa898c13ca6b8962c812?s=96&d=mm&r=g\",\"caption\":\"Emil Mella\"},\"url\":\"https:\\\/\\\/casadecampoliving.com\\\/es\\\/author\\\/emil-mella\\\/\"}]}<\/script>\n<!-- \/ Yoast SEO plugin. -->","yoast_head_json":{"title":"Pan, vino, y el buey - hoy es Corpus Christi | Casa de Campo Living","description":"Hoy, en pa\u00edses de fe cat\u00f3lica, se celebra el d\u00eda feriado de Corpus Christi. Pero,&nbsp;\u00bfde que&nbsp;consiste la celebraci\u00f3n? Ven, te explicaremos.&nbsp;","robots":{"index":"index","follow":"follow","max-snippet":"max-snippet:-1","max-image-preview":"max-image-preview:large","max-video-preview":"max-video-preview:-1"},"canonical":"https:\/\/casadecampoliving.com\/es\/hoy-es-corpus-christi\/","og_locale":"es_ES","og_type":"article","og_title":"Pan, vino, y el buey - hoy es Corpus Christi | Casa de Campo Living","og_description":"Hoy, en pa\u00edses de fe cat\u00f3lica, se celebra el d\u00eda feriado de Corpus Christi. Pero,&nbsp;\u00bfde que&nbsp;consiste la celebraci\u00f3n? Ven, te explicaremos.&nbsp;","og_url":"https:\/\/casadecampoliving.com\/es\/hoy-es-corpus-christi\/","og_site_name":"Casa de Campo Living","article_publisher":"https:\/\/www.facebook.com\/casadecampoliving","article_published_time":"2014-06-19T04:00:00+00:00","article_modified_time":"2022-10-21T22:50:58+00:00","og_image":[{"width":894,"height":603,"url":"https:\/\/i0.wp.com\/casadecampoliving.com\/wp-content\/uploads\/2022\/10\/corpus-christi-1.jpg?fit=894%2C603&ssl=1","type":"image\/jpeg"}],"author":"Emil Mella","twitter_card":"summary_large_image","twitter_creator":"@cdcliving","twitter_site":"@cdcliving","twitter_misc":{"Escrito por":"Emil Mella","Tiempo de lectura":"3 minutos"},"schema":{"@context":"https:\/\/schema.org","@graph":[{"@type":"Article","@id":"https:\/\/casadecampoliving.com\/es\/hoy-es-corpus-christi\/#article","isPartOf":{"@id":"https:\/\/casadecampoliving.com\/es\/hoy-es-corpus-christi\/"},"author":{"name":"Emil Mella","@id":"https:\/\/casadecampoliving.com\/es\/#\/schema\/person\/d12a5efec1fdc64b900715bce298e45b"},"headline":"Pan, vino, y el buey &#8211; hoy es Corpus Christi","datePublished":"2014-06-19T04:00:00+00:00","dateModified":"2022-10-21T22:50:58+00:00","mainEntityOfPage":{"@id":"https:\/\/casadecampoliving.com\/es\/hoy-es-corpus-christi\/"},"wordCount":574,"publisher":{"@id":"https:\/\/casadecampoliving.com\/es\/#organization"},"image":{"@id":"https:\/\/casadecampoliving.com\/es\/hoy-es-corpus-christi\/#primaryimage"},"thumbnailUrl":"https:\/\/i0.wp.com\/casadecampoliving.com\/wp-content\/uploads\/2022\/10\/corpus-christi-1.jpg?fit=894%2C603&ssl=1","keywords":["casa de campo @es","dia feriado"],"articleSection":["Destacados","Estilo de Vida","M\u00e1s all\u00e1 de Casa","Noticias Locales","Rep\u00fablica Dominicana @es"],"inLanguage":"es"},{"@type":"WebPage","@id":"https:\/\/casadecampoliving.com\/es\/hoy-es-corpus-christi\/","url":"https:\/\/casadecampoliving.com\/es\/hoy-es-corpus-christi\/","name":"Pan, vino, y el buey - hoy es Corpus Christi | Casa de Campo Living","isPartOf":{"@id":"https:\/\/casadecampoliving.com\/es\/#website"},"primaryImageOfPage":{"@id":"https:\/\/casadecampoliving.com\/es\/hoy-es-corpus-christi\/#primaryimage"},"image":{"@id":"https:\/\/casadecampoliving.com\/es\/hoy-es-corpus-christi\/#primaryimage"},"thumbnailUrl":"https:\/\/i0.wp.com\/casadecampoliving.com\/wp-content\/uploads\/2022\/10\/corpus-christi-1.jpg?fit=894%2C603&ssl=1","datePublished":"2014-06-19T04:00:00+00:00","dateModified":"2022-10-21T22:50:58+00:00","description":"Hoy, en pa\u00edses de fe cat\u00f3lica, se celebra el d\u00eda feriado de Corpus Christi. Pero,&nbsp;\u00bfde que&nbsp;consiste la celebraci\u00f3n? Ven, te explicaremos.&nbsp;","breadcrumb":{"@id":"https:\/\/casadecampoliving.com\/es\/hoy-es-corpus-christi\/#breadcrumb"},"inLanguage":"es","potentialAction":[{"@type":"ReadAction","target":["https:\/\/casadecampoliving.com\/es\/hoy-es-corpus-christi\/"]}]},{"@type":"ImageObject","inLanguage":"es","@id":"https:\/\/casadecampoliving.com\/es\/hoy-es-corpus-christi\/#primaryimage","url":"https:\/\/i0.wp.com\/casadecampoliving.com\/wp-content\/uploads\/2022\/10\/corpus-christi-1.jpg?fit=894%2C603&ssl=1","contentUrl":"https:\/\/i0.wp.com\/casadecampoliving.com\/wp-content\/uploads\/2022\/10\/corpus-christi-1.jpg?fit=894%2C603&ssl=1","width":894,"height":603,"caption":"Corpus Christi Celebration in Toledo"},{"@type":"BreadcrumbList","@id":"https:\/\/casadecampoliving.com\/es\/hoy-es-corpus-christi\/#breadcrumb","itemListElement":[{"@type":"ListItem","position":1,"name":"Home","item":"https:\/\/casadecampoliving.com\/es\/"},{"@type":"ListItem","position":2,"name":"Pan, vino, y el buey &#8211; hoy es Corpus Christi"}]},{"@type":"WebSite","@id":"https:\/\/casadecampoliving.com\/es\/#website","url":"https:\/\/casadecampoliving.com\/es\/","name":"Casa de Campo Living","description":"Resort community news and resources.","publisher":{"@id":"https:\/\/casadecampoliving.com\/es\/#organization"},"potentialAction":[{"@type":"SearchAction","target":{"@type":"EntryPoint","urlTemplate":"https:\/\/casadecampoliving.com\/es\/?s={search_term_string}"},"query-input":{"@type":"PropertyValueSpecification","valueRequired":true,"valueName":"search_term_string"}}],"inLanguage":"es"},{"@type":"Organization","@id":"https:\/\/casadecampoliving.com\/es\/#organization","name":"Casa de Campo Living","url":"https:\/\/casadecampoliving.com\/es\/","logo":{"@type":"ImageObject","inLanguage":"es","@id":"https:\/\/casadecampoliving.com\/es\/#\/schema\/logo\/image\/","url":"https:\/\/i0.wp.com\/casadecampoliving.com\/wp-content\/uploads\/2022\/07\/CDCLivingLogo_V1-white-sized.png?fit=800%2C214&ssl=1","contentUrl":"https:\/\/i0.wp.com\/casadecampoliving.com\/wp-content\/uploads\/2022\/07\/CDCLivingLogo_V1-white-sized.png?fit=800%2C214&ssl=1","width":800,"height":214,"caption":"Casa de Campo Living"},"image":{"@id":"https:\/\/casadecampoliving.com\/es\/#\/schema\/logo\/image\/"},"sameAs":["https:\/\/www.facebook.com\/casadecampoliving","https:\/\/x.com\/cdcliving"]},{"@type":"Person","@id":"https:\/\/casadecampoliving.com\/es\/#\/schema\/person\/d12a5efec1fdc64b900715bce298e45b","name":"Emil Mella","image":{"@type":"ImageObject","inLanguage":"es","@id":"https:\/\/secure.gravatar.com\/avatar\/4e9e3292f2d31d6433db3b53db07d9803a6b11077575fa898c13ca6b8962c812?s=96&d=mm&r=g","url":"https:\/\/secure.gravatar.com\/avatar\/4e9e3292f2d31d6433db3b53db07d9803a6b11077575fa898c13ca6b8962c812?s=96&d=mm&r=g","contentUrl":"https:\/\/secure.gravatar.com\/avatar\/4e9e3292f2d31d6433db3b53db07d9803a6b11077575fa898c13ca6b8962c812?s=96&d=mm&r=g","caption":"Emil Mella"},"url":"https:\/\/casadecampoliving.com\/es\/author\/emil-mella\/"}]}},"parsely":{"version":"1.1.0","canonical_url":"https:\/\/casadecampoliving.com\/es\/hoy-es-corpus-christi\/","smart_links":{"inbound":0,"outbound":0},"traffic_boost_suggestions_count":0,"meta":{"@context":"https:\/\/schema.org","@type":"NewsArticle","headline":"Pan, vino, y el buey &#8211; hoy es Corpus Christi","url":"http:\/\/casadecampoliving.com\/es\/hoy-es-corpus-christi\/","mainEntityOfPage":{"@type":"WebPage","@id":"http:\/\/casadecampoliving.com\/es\/hoy-es-corpus-christi\/"},"thumbnailUrl":"https:\/\/i0.wp.com\/casadecampoliving.com\/wp-content\/uploads\/2022\/10\/corpus-christi-1.jpg?resize=150%2C150&ssl=1","image":{"@type":"ImageObject","url":"https:\/\/i0.wp.com\/casadecampoliving.com\/wp-content\/uploads\/2022\/10\/corpus-christi-1.jpg?fit=894%2C603&ssl=1"},"articleSection":"Destacados","author":[{"@type":"Person","name":"Emil Mella"}],"creator":["Emil Mella"],"publisher":{"@type":"Organization","name":"Casa de Campo Living","logo":"https:\/\/casadecampoliving.com\/wp-content\/uploads\/2022\/07\/CDCLivingLogo_V1-white-sized.png"},"keywords":["casa de campo @es","dia feriado"],"dateCreated":"2014-06-19T04:00:00Z","datePublished":"2014-06-19T04:00:00Z","dateModified":"2022-10-21T22:50:58Z"},"rendered":"<meta name=\"parsely-title\" content=\"Pan, vino, y el buey &#8211; hoy es Corpus Christi\" \/>\n<meta name=\"parsely-link\" content=\"http:\/\/casadecampoliving.com\/es\/hoy-es-corpus-christi\/\" \/>\n<meta name=\"parsely-type\" content=\"post\" \/>\n<meta name=\"parsely-image-url\" content=\"https:\/\/i0.wp.com\/casadecampoliving.com\/wp-content\/uploads\/2022\/10\/corpus-christi-1.jpg?resize=150%2C150&amp;ssl=1\" \/>\n<meta name=\"parsely-pub-date\" content=\"2014-06-19T04:00:00Z\" \/>\n<meta name=\"parsely-section\" content=\"Destacados\" \/>\n<meta name=\"parsely-tags\" content=\"casa de campo @es,dia feriado\" \/>\n<meta name=\"parsely-author\" content=\"Emil Mella\" \/>","tracker_url":"https:\/\/cdn.parsely.com\/keys\/casadecampoliving.com\/p.js"},"jetpack_publicize_connections":[],"jetpack-related-posts":[{"id":341673,"url":"https:\/\/casadecampoliving.com\/es\/hoy-se-celebra-el-republica-dominicana-el-dia-de-corpus-christi\/","url_meta":{"origin":344620,"position":0},"title":"\u00a1Hoy se celebra en Rep\u00fablica Dominicana el D\u00eda de Corpus Christi!","author":"Mairobi Herrera","date":"30 May, 2013","format":false,"excerpt":"Hoy jueves 30 de mayo, la Rep\u00fablica Dominicana celebra el d\u00eda de Corpus Christi, una tradici\u00f3n y pr\u00e1ctica religiosa que otros tantos pa\u00edses creyentes de la Iglesia Cat\u00f3lica, tambi\u00e9n conmemoran con muestras de gratitud y amor al Se\u00f1or, mediante la celebraci\u00f3n de la Eucarist\u00eda o Santa Cena instituida por Jesucristo\u2026","rel":"","context":"En \u00abDestacados\u00bb","block_context":{"text":"Destacados","link":"https:\/\/casadecampoliving.com\/es\/category\/destacados\/"},"img":{"alt_text":"corpus cristi","src":"https:\/\/i0.wp.com\/casadecampoliving.com\/wp-content\/uploads\/2022\/10\/corpus_cristi-1.jpg?fit=650%2C433&ssl=1&resize=350%2C200","width":350,"height":200,"srcset":"https:\/\/i0.wp.com\/casadecampoliving.com\/wp-content\/uploads\/2022\/10\/corpus_cristi-1.jpg?fit=650%2C433&ssl=1&resize=350%2C200 1x, https:\/\/i0.wp.com\/casadecampoliving.com\/wp-content\/uploads\/2022\/10\/corpus_cristi-1.jpg?fit=650%2C433&ssl=1&resize=525%2C300 1.5x"},"classes":[]},{"id":339157,"url":"https:\/\/casadecampoliving.com\/es\/la-republica-dominicana-hoy-celebra-el-dia-de-corpus-christi\/","url_meta":{"origin":344620,"position":1},"title":"La Rep\u00fablica Dominicana hoy celebra el d\u00eda de Corpus Christi","author":"","date":"7 Jun, 2012","format":false,"excerpt":"Hoy jueves 7 de junio, la Rep\u00fablica Dominicana celebra el d\u00eda de Corpus Christi, una tradici\u00f3n y pr\u00e1ctica religiosa que otros tantos pa\u00edses creyentes de la Iglesia Cat\u00f3lica, tambi\u00e9n conmemoran con muestras de gratitud y amor al Se\u00f1or, mediante la celebraci\u00f3n de la Eucarist\u00eda o Santa Cena instituida por Jesucristo\u2026","rel":"","context":"En \u00abEstilo de Vida\u00bb","block_context":{"text":"Estilo de Vida","link":"https:\/\/casadecampoliving.com\/es\/category\/estilo-de-vida\/"},"img":{"alt_text":"","src":"https:\/\/i0.wp.com\/casadecampoliving.com\/wp-content\/uploads\/2022\/10\/last_supper1.jpg?fit=800%2C482&ssl=1&resize=350%2C200","width":350,"height":200,"srcset":"https:\/\/i0.wp.com\/casadecampoliving.com\/wp-content\/uploads\/2022\/10\/last_supper1.jpg?fit=800%2C482&ssl=1&resize=350%2C200 1x, https:\/\/i0.wp.com\/casadecampoliving.com\/wp-content\/uploads\/2022\/10\/last_supper1.jpg?fit=800%2C482&ssl=1&resize=525%2C300 1.5x, https:\/\/i0.wp.com\/casadecampoliving.com\/wp-content\/uploads\/2022\/10\/last_supper1.jpg?fit=800%2C482&ssl=1&resize=700%2C400 2x"},"classes":[]},{"id":510456,"url":"https:\/\/casadecampoliving.com\/es\/anuncian-dias-feriados-correspondientes-al-ano-2023-habran-7-fines-de-semana-largos\/","url_meta":{"origin":344620,"position":2},"title":"Anuncian d\u00edas feriados correspondientes al a\u00f1o 2023 &#8211; \u00a1habr\u00e1n 7 fines de semana largos!","author":"Casa de Campo Living","date":"8 Nov, 2022","format":false,"excerpt":"El Ministerio de Trabajo\u00a0anuncia las fechas correspondientes a los d\u00edas feriados durante el a\u00f1o 2023, dando cumplimiento a la\u00a0Ley 139-97, la cual establece el traslado de los d\u00edas feriados.\u00a0 La Ley No. 139-97, de fecha 19 del mes de junio del a\u00f1o 1997, sobre\u00a0traslado para los lunes de los d\u00edas\u2026","rel":"","context":"En \u00abDominican Republic\u00bb","block_context":{"text":"Dominican Republic","link":"https:\/\/casadecampoliving.com\/es\/category\/dominican-republic-2\/"},"img":{"alt_text":"","src":"https:\/\/i0.wp.com\/casadecampoliving.com\/wp-content\/uploads\/2022\/11\/Ministerio-de-trabajo-dias-feriados-2023.jpg?fit=1200%2C675&ssl=1&resize=350%2C200","width":350,"height":200,"srcset":"https:\/\/i0.wp.com\/casadecampoliving.com\/wp-content\/uploads\/2022\/11\/Ministerio-de-trabajo-dias-feriados-2023.jpg?fit=1200%2C675&ssl=1&resize=350%2C200 1x, https:\/\/i0.wp.com\/casadecampoliving.com\/wp-content\/uploads\/2022\/11\/Ministerio-de-trabajo-dias-feriados-2023.jpg?fit=1200%2C675&ssl=1&resize=525%2C300 1.5x, https:\/\/i0.wp.com\/casadecampoliving.com\/wp-content\/uploads\/2022\/11\/Ministerio-de-trabajo-dias-feriados-2023.jpg?fit=1200%2C675&ssl=1&resize=700%2C400 2x, https:\/\/i0.wp.com\/casadecampoliving.com\/wp-content\/uploads\/2022\/11\/Ministerio-de-trabajo-dias-feriados-2023.jpg?fit=1200%2C675&ssl=1&resize=1050%2C600 3x"},"classes":[]},{"id":322343,"url":"https:\/\/casadecampoliving.com\/today-the-dominican-republic-celebrates-corpus-christi-day\/","url_meta":{"origin":344620,"position":3},"title":"Today the Dominican Republic celebrates Corpus Christi Day!","author":"Mairobi Herrera","date":"30 May, 2013","format":false,"excerpt":"\u00a0Today, Thursday May 30th, the Dominican Republic celebrates \u201cCorpus Christi\u201d Day, a feast day based on Catholic traditions and religious beliefs \u2013 also shared among many European and Latin countries. On this day many attend church to commemorate Jesus\u2019 last supper as a way of showing love and gratitude; a\u2026","rel":"","context":"En \u00abDominican Republic\u00bb","block_context":{"text":"Dominican Republic","link":"https:\/\/casadecampoliving.com\/category\/dominican-republic\/"},"img":{"alt_text":"corpus cristi","src":"https:\/\/i0.wp.com\/casadecampoliving.com\/wp-content\/uploads\/2022\/10\/corpus_cristi-1.jpg?fit=650%2C433&ssl=1&resize=350%2C200","width":350,"height":200,"srcset":"https:\/\/i0.wp.com\/casadecampoliving.com\/wp-content\/uploads\/2022\/10\/corpus_cristi-1.jpg?fit=650%2C433&ssl=1&resize=350%2C200 1x, https:\/\/i0.wp.com\/casadecampoliving.com\/wp-content\/uploads\/2022\/10\/corpus_cristi-1.jpg?fit=650%2C433&ssl=1&resize=525%2C300 1.5x"},"classes":[]},{"id":343198,"url":"https:\/\/casadecampoliving.com\/es\/conozca-los-proximos-dias-feriados-de-la-republica-dominicana-en-este-2013-2\/","url_meta":{"origin":344620,"position":4},"title":"D\u00eda de la Constituci\u00f3n Dominicana; motivo de este fin de semana largo","author":"Lenny Castillo","date":"3 Nov, 2013","format":false,"excerpt":"El 6 de noviembre de cada a\u00f1o la Rep\u00fablica Dominicana celebra el \u201cD\u00eda de la Constituci\u00f3n. Este a\u00f1o, el d\u00eda de cierre para este d\u00eda de fiesta nacional, se traslada al lunes 4 de noviembre \u2013 para que todos podamos disfrutar de un buen fin de semana de celebraciones. El\u2026","rel":"","context":"En \u00abDestacados\u00bb","block_context":{"text":"Destacados","link":"https:\/\/casadecampoliving.com\/es\/category\/destacados\/"},"img":{"alt_text":"independencia republica dominicana","src":"https:\/\/i0.wp.com\/casadecampoliving.com\/wp-content\/uploads\/2022\/10\/independencia_republica_dominicana-1.jpg?fit=650%2C374&ssl=1&resize=350%2C200","width":350,"height":200,"srcset":"https:\/\/i0.wp.com\/casadecampoliving.com\/wp-content\/uploads\/2022\/10\/independencia_republica_dominicana-1.jpg?fit=650%2C374&ssl=1&resize=350%2C200 1x, https:\/\/i0.wp.com\/casadecampoliving.com\/wp-content\/uploads\/2022\/10\/independencia_republica_dominicana-1.jpg?fit=650%2C374&ssl=1&resize=525%2C300 1.5x"},"classes":[]},{"id":340508,"url":"https:\/\/casadecampoliving.com\/es\/conozca-los-proximos-dias-feriados-de-la-republica-dominicana-en-este-2013\/","url_meta":{"origin":344620,"position":5},"title":"\u00a1Conozca los pr\u00f3ximos d\u00edas feriados de la Rep\u00fablica Dominicana en este 2013!","author":"","date":"23 Ene, 2013","format":false,"excerpt":"La Rep\u00fablica Dominicana, cada a\u00f1o, a principios de enero, se convierte en una excusa fabulosa para actuar como un calendario y libro extraordinario de fechas de momentos, vivencias, luchas, guerras y protagonistas responsables de guiar nuestro pa\u00eds hacia una naci\u00f3n libre, democr\u00e1tica y soberana. Acomp\u00e1\u00f1enos en este recorrido de la\u2026","rel":"","context":"En \u00abArte y cultura\u00bb","block_context":{"text":"Arte y cultura","link":"https:\/\/casadecampoliving.com\/category\/arte-y-cultura\/"},"img":{"alt_text":"Dominican Holidays","src":"https:\/\/i0.wp.com\/casadecampoliving.com\/wp-content\/uploads\/2022\/10\/dominican_holidays-1.jpg?fit=650%2C452&ssl=1&resize=350%2C200","width":350,"height":200,"srcset":"https:\/\/i0.wp.com\/casadecampoliving.com\/wp-content\/uploads\/2022\/10\/dominican_holidays-1.jpg?fit=650%2C452&ssl=1&resize=350%2C200 1x, https:\/\/i0.wp.com\/casadecampoliving.com\/wp-content\/uploads\/2022\/10\/dominican_holidays-1.jpg?fit=650%2C452&ssl=1&resize=525%2C300 1.5x"},"classes":[]}],"jetpack_sharing_enabled":true,"jetpack_featured_media_url":"https:\/\/i0.wp.com\/casadecampoliving.com\/wp-content\/uploads\/2022\/10\/corpus-christi-1.jpg?fit=894%2C603&ssl=1","_links":{"self":[{"href":"https:\/\/casadecampoliving.com\/es\/wp-json\/wp\/v2\/posts\/344620","targetHints":{"allow":["GET"]}}],"collection":[{"href":"https:\/\/casadecampoliving.com\/es\/wp-json\/wp\/v2\/posts"}],"about":[{"href":"https:\/\/casadecampoliving.com\/es\/wp-json\/wp\/v2\/types\/post"}],"author":[{"embeddable":true,"href":"https:\/\/casadecampoliving.com\/es\/wp-json\/wp\/v2\/users\/18093"}],"replies":[{"embeddable":true,"href":"https:\/\/casadecampoliving.com\/es\/wp-json\/wp\/v2\/comments?post=344620"}],"version-history":[{"count":1,"href":"https:\/\/casadecampoliving.com\/es\/wp-json\/wp\/v2\/posts\/344620\/revisions"}],"predecessor-version":[{"id":344621,"href":"https:\/\/casadecampoliving.com\/es\/wp-json\/wp\/v2\/posts\/344620\/revisions\/344621"}],"wp:featuredmedia":[{"embeddable":true,"href":"https:\/\/casadecampoliving.com\/es\/wp-json\/wp\/v2\/media\/251875"}],"wp:attachment":[{"href":"https:\/\/casadecampoliving.com\/es\/wp-json\/wp\/v2\/media?parent=344620"}],"wp:term":[{"taxonomy":"category","embeddable":true,"href":"https:\/\/casadecampoliving.com\/es\/wp-json\/wp\/v2\/categories?post=344620"},{"taxonomy":"post_tag","embeddable":true,"href":"https:\/\/casadecampoliving.com\/es\/wp-json\/wp\/v2\/tags?post=344620"},{"taxonomy":"newspack_spnsrs_tax","embeddable":true,"href":"https:\/\/casadecampoliving.com\/es\/wp-json\/wp\/v2\/newspack_spnsrs_tax?post=344620"}],"curies":[{"name":"wp","href":"https:\/\/api.w.org\/{rel}","templated":true}]}}