{"id":344547,"date":"2014-06-07T00:00:00","date_gmt":"2014-06-07T04:00:00","guid":{"rendered":"https:\/\/casadecampoliving.com\/lider-en-centro-de-llamadas-abre-en-la-romana\/"},"modified":"2022-10-21T18:57:12","modified_gmt":"2022-10-21T22:57:12","slug":"lider-en-centro-de-llamadas-abre-en-la-romana","status":"publish","type":"post","link":"https:\/\/casadecampoliving.com\/es\/lider-en-centro-de-llamadas-abre-en-la-romana\/","title":{"rendered":"L\u00edder en Centro de Llamadas abre en La Romana"},"content":{"rendered":"<div class=\"wp-block-image\">\n<figure class=\"aligncenter is-resized\"><img loading=\"lazy\" decoding=\"async\" src=\"https:\/\/i0.wp.com\/casadecampoliving.com\/wp-content\/uploads\/2022\/10\/IMG_20140429_150328-1-e1402083846152.jpg?resize=650%2C488&amp;ssl=1\" alt=\"\" class=\"wp-image-91199\" height=\"488\" width=\"650\"\/><\/figure>\n<\/div>\n\n\n<p>\u00a1Lleg\u00f3 algo nuevo a la Romana! Synergies First, el l\u00edder en centro de llamadas, abri\u00f3 en marzo en la Zona Franco justo al lado de Casa de Campo.<\/p>\n\n\n\n<!--more-->\n\n\n<div class=\"wp-block-image\">\n<figure class=\"alignright is-resized\"><img loading=\"lazy\" decoding=\"async\" src=\"https:\/\/i0.wp.com\/casadecampoliving.com\/wp-content\/uploads\/2022\/10\/IMG_20140513_143958-225x300-2.jpg?resize=225%2C300&amp;ssl=1\" alt=\"\" class=\"wp-image-91200\" height=\"300\" width=\"225\"\/><\/figure>\n<\/div>\n\n\n<p><a href=\"https:\/\/i0.wp.com\/casadecampoliving-wp.s3-accelerate.amazonaws.com\/2014\/06\/synergiesfirst.jpg?ssl=1\"> <\/a>Synergies es una compa\u00f1\u00eda basada en Santiago que ofrece outsourcing de procesos de conocimiento y outsourcing de procesos de negocio y que ahora con su nuevo Synergies First en La Romana ha proporcionado una gran cantidad de&nbsp;personas de la comunidad de La Romana con empleos y est\u00e1 buscando emplear a\u00fan m\u00e1s.<\/p>\n\n\n\n<p>Esta compa\u00f1\u00eda que ha estado funcionando en Santiago desde el 2006 y ofrece sus servicios a muchas compa\u00f1\u00edas de las Fortune 500 como a tambi\u00e9n muchas otras empresas de tama\u00f1o medio, quienes conf\u00edan en Synergies debido a su compromiso de entregar excelencia en cada llamada que entra a su establecimiento.<\/p>\n\n\n\n<p>Su visi\u00f3n consiste en no verse como una compa\u00f1\u00eda aparte que simplemente ofrece outsourcing, pero como una extensi\u00f3n de la misi\u00f3n y visi\u00f3n de las compa\u00f1\u00edas con la que trabajan y transmitirle eso a sus clientes, por eso la referencia a la sinergia \u2013 una combinaci\u00f3n perfecta que une las fortalezas de dos compa\u00f1\u00edas para que funcionen como una.<\/p>\n\n\n\n<blockquote class=\"wp-block-quote is-layout-flow wp-block-quote-is-layout-flow\"><p><span style=\"color: #000000;\">\u201cHemos tenido un gran lanzamiento y nuestros proyectos actuales van extremadamente bien. Estamos felices de estar en La Romana y de tambi\u00e9n ser parte de la Zona Franca Romana. La calidad del talento local es un factor primordial para nosotros. \u00a1Synergies First est\u00e1 creciendo fuerte! Abrimos nuestras puertas en abril y ahora en junio hemos aumentado el n\u00famero de empleados con excelentes prospectos para el futuro.\u201d<\/span><\/p><p><strong>\u2014 Andree I. Forment, Gerente de Operaciones en Synergies First La Romana<\/strong><\/p><\/blockquote>\n\n\n\n<p>Cr\u00e9dito de Fotos: Synergies Services<\/p>\n","protected":false},"excerpt":{"rendered":"<p>\u00a1Lleg\u00f3 algo nuevo a la Romana! Synergies First, el l\u00edder en centro de llamadas, abri\u00f3 en marzo en la Zona Franco justo al lado de Casa de Campo.<\/p>\n","protected":false},"author":454,"featured_media":247599,"comment_status":"closed","ping_status":"closed","sticky":false,"template":"","format":"standard","meta":{"newspack_ads_suppress_ads":false,"newspack_popups_has_disabled_popups":false,"newspack_sponsor_sponsorship_scope":"","newspack_sponsor_native_byline_display":"inherit","newspack_sponsor_native_category_display":"inherit","newspack_sponsor_underwriter_style":"inherit","newspack_sponsor_underwriter_placement":"inherit","_newspack_byline_active":false,"_newspack_byline":"","newspack_hide_updated_date":false,"newspack_show_updated_date":false,"newspack_content_restriction_is_exempt":false,"newspack_featured_image_position":"","newspack_post_subtitle":"","newspack_article_summary_title":"Overview:","newspack_article_summary":"","_jetpack_memberships_contains_paid_content":false,"footnotes":"","jetpack_publicize_message":"","jetpack_publicize_feature_enabled":true,"jetpack_social_post_already_shared":false,"jetpack_social_options":{"image_generator_settings":{"template":"highway","default_image_id":0,"font":"","enabled":false},"version":2},"_wpas_customize_per_network":false},"categories":[14631,2507,2506,14625],"tags":[],"newspack_spnsrs_tax":[],"class_list":["post-344547","post","type-post","status-publish","format-standard","has-post-thumbnail","hentry","category-estilo-de-vida","category-la-romana-es","category-mas-alla-de-casa-es","category-noticias-locales","entry"],"yoast_head":"<!-- This site is optimized with the Yoast SEO plugin v27.5 - https:\/\/yoast.com\/product\/yoast-seo-wordpress\/ -->\n<title>L\u00edder en Centro de Llamadas abre en La Romana | Casa de Campo Living<\/title>\n<meta name=\"description\" content=\"\u00a1Lleg\u00f3 algo nuevo a la Romana! Synergies First, el l\u00edder en centro de llamadas, abri\u00f3 en marzo en la Zona Franco justo al lado de Casa de Campo. Synergies\" \/>\n<meta name=\"robots\" content=\"index, follow, max-snippet:-1, max-image-preview:large, max-video-preview:-1\" \/>\n<link rel=\"canonical\" href=\"https:\/\/casadecampoliving.com\/es\/lider-en-centro-de-llamadas-abre-en-la-romana\/\" \/>\n<meta property=\"og:locale\" content=\"es_ES\" \/>\n<meta property=\"og:type\" content=\"article\" \/>\n<meta property=\"og:title\" content=\"L\u00edder en Centro de Llamadas abre en La Romana | Casa de Campo Living\" \/>\n<meta property=\"og:description\" content=\"\u00a1Lleg\u00f3 algo nuevo a la Romana! Synergies First, el l\u00edder en centro de llamadas, abri\u00f3 en marzo en la Zona Franco justo al lado de Casa de Campo. Synergies\" \/>\n<meta property=\"og:url\" content=\"https:\/\/casadecampoliving.com\/es\/lider-en-centro-de-llamadas-abre-en-la-romana\/\" \/>\n<meta property=\"og:site_name\" content=\"Casa de Campo Living\" \/>\n<meta property=\"article:publisher\" content=\"https:\/\/www.facebook.com\/casadecampoliving\" \/>\n<meta property=\"article:published_time\" content=\"2014-06-07T04:00:00+00:00\" \/>\n<meta property=\"article:modified_time\" content=\"2022-10-21T22:57:12+00:00\" \/>\n<meta property=\"og:image\" content=\"https:\/\/i0.wp.com\/casadecampoliving.com\/wp-content\/uploads\/2022\/10\/IMG_20140429_150328-1-e1402083846152-1.jpg?fit=650%2C488&ssl=1\" \/>\n\t<meta property=\"og:image:width\" content=\"650\" \/>\n\t<meta property=\"og:image:height\" content=\"488\" \/>\n\t<meta property=\"og:image:type\" content=\"image\/jpeg\" \/>\n<meta name=\"author\" content=\"Eliana Alba\" \/>\n<meta name=\"twitter:card\" content=\"summary_large_image\" \/>\n<meta name=\"twitter:creator\" content=\"@cdcliving\" \/>\n<meta name=\"twitter:site\" content=\"@cdcliving\" \/>\n<meta name=\"twitter:label1\" content=\"Escrito por\" \/>\n\t<meta name=\"twitter:data1\" content=\"Eliana Alba\" \/>\n\t<meta name=\"twitter:label2\" content=\"Tiempo de lectura\" \/>\n\t<meta name=\"twitter:data2\" content=\"1 minuto\" \/>\n<script type=\"application\/ld+json\" class=\"yoast-schema-graph\">{\"@context\":\"https:\\\/\\\/schema.org\",\"@graph\":[{\"@type\":\"Article\",\"@id\":\"https:\\\/\\\/casadecampoliving.com\\\/es\\\/lider-en-centro-de-llamadas-abre-en-la-romana\\\/#article\",\"isPartOf\":{\"@id\":\"https:\\\/\\\/casadecampoliving.com\\\/es\\\/lider-en-centro-de-llamadas-abre-en-la-romana\\\/\"},\"author\":{\"name\":\"Eliana Alba\",\"@id\":\"https:\\\/\\\/casadecampoliving.com\\\/es\\\/#\\\/schema\\\/person\\\/bd396a8f8ea621ed900f2d4a7407a3a2\"},\"headline\":\"L\u00edder en Centro de Llamadas abre en La Romana\",\"datePublished\":\"2014-06-07T04:00:00+00:00\",\"dateModified\":\"2022-10-21T22:57:12+00:00\",\"mainEntityOfPage\":{\"@id\":\"https:\\\/\\\/casadecampoliving.com\\\/es\\\/lider-en-centro-de-llamadas-abre-en-la-romana\\\/\"},\"wordCount\":299,\"publisher\":{\"@id\":\"https:\\\/\\\/casadecampoliving.com\\\/es\\\/#organization\"},\"image\":{\"@id\":\"https:\\\/\\\/casadecampoliving.com\\\/es\\\/lider-en-centro-de-llamadas-abre-en-la-romana\\\/#primaryimage\"},\"thumbnailUrl\":\"https:\\\/\\\/i0.wp.com\\\/casadecampoliving.com\\\/wp-content\\\/uploads\\\/2022\\\/10\\\/IMG_20140429_150328-1-e1402083846152-1.jpg?fit=650%2C488&ssl=1\",\"articleSection\":[\"Estilo de Vida\",\"La Romana @es\",\"M\u00e1s all\u00e1 de Casa\",\"Noticias Locales\"],\"inLanguage\":\"es\"},{\"@type\":\"WebPage\",\"@id\":\"https:\\\/\\\/casadecampoliving.com\\\/es\\\/lider-en-centro-de-llamadas-abre-en-la-romana\\\/\",\"url\":\"https:\\\/\\\/casadecampoliving.com\\\/es\\\/lider-en-centro-de-llamadas-abre-en-la-romana\\\/\",\"name\":\"L\u00edder en Centro de Llamadas abre en La Romana | Casa de Campo Living\",\"isPartOf\":{\"@id\":\"https:\\\/\\\/casadecampoliving.com\\\/es\\\/#website\"},\"primaryImageOfPage\":{\"@id\":\"https:\\\/\\\/casadecampoliving.com\\\/es\\\/lider-en-centro-de-llamadas-abre-en-la-romana\\\/#primaryimage\"},\"image\":{\"@id\":\"https:\\\/\\\/casadecampoliving.com\\\/es\\\/lider-en-centro-de-llamadas-abre-en-la-romana\\\/#primaryimage\"},\"thumbnailUrl\":\"https:\\\/\\\/i0.wp.com\\\/casadecampoliving.com\\\/wp-content\\\/uploads\\\/2022\\\/10\\\/IMG_20140429_150328-1-e1402083846152-1.jpg?fit=650%2C488&ssl=1\",\"datePublished\":\"2014-06-07T04:00:00+00:00\",\"dateModified\":\"2022-10-21T22:57:12+00:00\",\"description\":\"\u00a1Lleg\u00f3 algo nuevo a la Romana! Synergies First, el l\u00edder en centro de llamadas, abri\u00f3 en marzo en la Zona Franco justo al lado de Casa de Campo. Synergies\",\"breadcrumb\":{\"@id\":\"https:\\\/\\\/casadecampoliving.com\\\/es\\\/lider-en-centro-de-llamadas-abre-en-la-romana\\\/#breadcrumb\"},\"inLanguage\":\"es\",\"potentialAction\":[{\"@type\":\"ReadAction\",\"target\":[\"https:\\\/\\\/casadecampoliving.com\\\/es\\\/lider-en-centro-de-llamadas-abre-en-la-romana\\\/\"]}]},{\"@type\":\"ImageObject\",\"inLanguage\":\"es\",\"@id\":\"https:\\\/\\\/casadecampoliving.com\\\/es\\\/lider-en-centro-de-llamadas-abre-en-la-romana\\\/#primaryimage\",\"url\":\"https:\\\/\\\/i0.wp.com\\\/casadecampoliving.com\\\/wp-content\\\/uploads\\\/2022\\\/10\\\/IMG_20140429_150328-1-e1402083846152-1.jpg?fit=650%2C488&ssl=1\",\"contentUrl\":\"https:\\\/\\\/i0.wp.com\\\/casadecampoliving.com\\\/wp-content\\\/uploads\\\/2022\\\/10\\\/IMG_20140429_150328-1-e1402083846152-1.jpg?fit=650%2C488&ssl=1\",\"width\":650,\"height\":488},{\"@type\":\"BreadcrumbList\",\"@id\":\"https:\\\/\\\/casadecampoliving.com\\\/es\\\/lider-en-centro-de-llamadas-abre-en-la-romana\\\/#breadcrumb\",\"itemListElement\":[{\"@type\":\"ListItem\",\"position\":1,\"name\":\"Home\",\"item\":\"https:\\\/\\\/casadecampoliving.com\\\/es\\\/\"},{\"@type\":\"ListItem\",\"position\":2,\"name\":\"L\u00edder en Centro de Llamadas abre en La Romana\"}]},{\"@type\":\"WebSite\",\"@id\":\"https:\\\/\\\/casadecampoliving.com\\\/es\\\/#website\",\"url\":\"https:\\\/\\\/casadecampoliving.com\\\/es\\\/\",\"name\":\"Casa de Campo Living\",\"description\":\"Resort community news and resources.\",\"publisher\":{\"@id\":\"https:\\\/\\\/casadecampoliving.com\\\/es\\\/#organization\"},\"potentialAction\":[{\"@type\":\"SearchAction\",\"target\":{\"@type\":\"EntryPoint\",\"urlTemplate\":\"https:\\\/\\\/casadecampoliving.com\\\/es\\\/?s={search_term_string}\"},\"query-input\":{\"@type\":\"PropertyValueSpecification\",\"valueRequired\":true,\"valueName\":\"search_term_string\"}}],\"inLanguage\":\"es\"},{\"@type\":\"Organization\",\"@id\":\"https:\\\/\\\/casadecampoliving.com\\\/es\\\/#organization\",\"name\":\"Casa de Campo Living\",\"url\":\"https:\\\/\\\/casadecampoliving.com\\\/es\\\/\",\"logo\":{\"@type\":\"ImageObject\",\"inLanguage\":\"es\",\"@id\":\"https:\\\/\\\/casadecampoliving.com\\\/es\\\/#\\\/schema\\\/logo\\\/image\\\/\",\"url\":\"https:\\\/\\\/i0.wp.com\\\/casadecampoliving.com\\\/wp-content\\\/uploads\\\/2022\\\/07\\\/CDCLivingLogo_V1-white-sized.png?fit=800%2C214&ssl=1\",\"contentUrl\":\"https:\\\/\\\/i0.wp.com\\\/casadecampoliving.com\\\/wp-content\\\/uploads\\\/2022\\\/07\\\/CDCLivingLogo_V1-white-sized.png?fit=800%2C214&ssl=1\",\"width\":800,\"height\":214,\"caption\":\"Casa de Campo Living\"},\"image\":{\"@id\":\"https:\\\/\\\/casadecampoliving.com\\\/es\\\/#\\\/schema\\\/logo\\\/image\\\/\"},\"sameAs\":[\"https:\\\/\\\/www.facebook.com\\\/casadecampoliving\",\"https:\\\/\\\/x.com\\\/cdcliving\"]},{\"@type\":\"Person\",\"@id\":\"https:\\\/\\\/casadecampoliving.com\\\/es\\\/#\\\/schema\\\/person\\\/bd396a8f8ea621ed900f2d4a7407a3a2\",\"name\":\"Eliana Alba\",\"image\":{\"@type\":\"ImageObject\",\"inLanguage\":\"es\",\"@id\":\"https:\\\/\\\/secure.gravatar.com\\\/avatar\\\/9855856e733abb59c5985d70cc9f36d1c83420173446a782077af61c55fb0a9c?s=96&d=mm&r=g\",\"url\":\"https:\\\/\\\/secure.gravatar.com\\\/avatar\\\/9855856e733abb59c5985d70cc9f36d1c83420173446a782077af61c55fb0a9c?s=96&d=mm&r=g\",\"contentUrl\":\"https:\\\/\\\/secure.gravatar.com\\\/avatar\\\/9855856e733abb59c5985d70cc9f36d1c83420173446a782077af61c55fb0a9c?s=96&d=mm&r=g\",\"caption\":\"Eliana Alba\"},\"sameAs\":[\"https:\\\/\\\/casadecampoliving.com\"],\"url\":\"https:\\\/\\\/casadecampoliving.com\\\/es\\\/author\\\/ealba\\\/\"}]}<\/script>\n<!-- \/ Yoast SEO plugin. -->","yoast_head_json":{"title":"L\u00edder en Centro de Llamadas abre en La Romana | Casa de Campo Living","description":"\u00a1Lleg\u00f3 algo nuevo a la Romana! Synergies First, el l\u00edder en centro de llamadas, abri\u00f3 en marzo en la Zona Franco justo al lado de Casa de Campo. Synergies","robots":{"index":"index","follow":"follow","max-snippet":"max-snippet:-1","max-image-preview":"max-image-preview:large","max-video-preview":"max-video-preview:-1"},"canonical":"https:\/\/casadecampoliving.com\/es\/lider-en-centro-de-llamadas-abre-en-la-romana\/","og_locale":"es_ES","og_type":"article","og_title":"L\u00edder en Centro de Llamadas abre en La Romana | Casa de Campo Living","og_description":"\u00a1Lleg\u00f3 algo nuevo a la Romana! Synergies First, el l\u00edder en centro de llamadas, abri\u00f3 en marzo en la Zona Franco justo al lado de Casa de Campo. Synergies","og_url":"https:\/\/casadecampoliving.com\/es\/lider-en-centro-de-llamadas-abre-en-la-romana\/","og_site_name":"Casa de Campo Living","article_publisher":"https:\/\/www.facebook.com\/casadecampoliving","article_published_time":"2014-06-07T04:00:00+00:00","article_modified_time":"2022-10-21T22:57:12+00:00","og_image":[{"width":650,"height":488,"url":"https:\/\/i0.wp.com\/casadecampoliving.com\/wp-content\/uploads\/2022\/10\/IMG_20140429_150328-1-e1402083846152-1.jpg?fit=650%2C488&ssl=1","type":"image\/jpeg"}],"author":"Eliana Alba","twitter_card":"summary_large_image","twitter_creator":"@cdcliving","twitter_site":"@cdcliving","twitter_misc":{"Escrito por":"Eliana Alba","Tiempo de lectura":"1 minuto"},"schema":{"@context":"https:\/\/schema.org","@graph":[{"@type":"Article","@id":"https:\/\/casadecampoliving.com\/es\/lider-en-centro-de-llamadas-abre-en-la-romana\/#article","isPartOf":{"@id":"https:\/\/casadecampoliving.com\/es\/lider-en-centro-de-llamadas-abre-en-la-romana\/"},"author":{"name":"Eliana Alba","@id":"https:\/\/casadecampoliving.com\/es\/#\/schema\/person\/bd396a8f8ea621ed900f2d4a7407a3a2"},"headline":"L\u00edder en Centro de Llamadas abre en La Romana","datePublished":"2014-06-07T04:00:00+00:00","dateModified":"2022-10-21T22:57:12+00:00","mainEntityOfPage":{"@id":"https:\/\/casadecampoliving.com\/es\/lider-en-centro-de-llamadas-abre-en-la-romana\/"},"wordCount":299,"publisher":{"@id":"https:\/\/casadecampoliving.com\/es\/#organization"},"image":{"@id":"https:\/\/casadecampoliving.com\/es\/lider-en-centro-de-llamadas-abre-en-la-romana\/#primaryimage"},"thumbnailUrl":"https:\/\/i0.wp.com\/casadecampoliving.com\/wp-content\/uploads\/2022\/10\/IMG_20140429_150328-1-e1402083846152-1.jpg?fit=650%2C488&ssl=1","articleSection":["Estilo de Vida","La Romana @es","M\u00e1s all\u00e1 de Casa","Noticias Locales"],"inLanguage":"es"},{"@type":"WebPage","@id":"https:\/\/casadecampoliving.com\/es\/lider-en-centro-de-llamadas-abre-en-la-romana\/","url":"https:\/\/casadecampoliving.com\/es\/lider-en-centro-de-llamadas-abre-en-la-romana\/","name":"L\u00edder en Centro de Llamadas abre en La Romana | Casa de Campo Living","isPartOf":{"@id":"https:\/\/casadecampoliving.com\/es\/#website"},"primaryImageOfPage":{"@id":"https:\/\/casadecampoliving.com\/es\/lider-en-centro-de-llamadas-abre-en-la-romana\/#primaryimage"},"image":{"@id":"https:\/\/casadecampoliving.com\/es\/lider-en-centro-de-llamadas-abre-en-la-romana\/#primaryimage"},"thumbnailUrl":"https:\/\/i0.wp.com\/casadecampoliving.com\/wp-content\/uploads\/2022\/10\/IMG_20140429_150328-1-e1402083846152-1.jpg?fit=650%2C488&ssl=1","datePublished":"2014-06-07T04:00:00+00:00","dateModified":"2022-10-21T22:57:12+00:00","description":"\u00a1Lleg\u00f3 algo nuevo a la Romana! Synergies First, el l\u00edder en centro de llamadas, abri\u00f3 en marzo en la Zona Franco justo al lado de Casa de Campo. Synergies","breadcrumb":{"@id":"https:\/\/casadecampoliving.com\/es\/lider-en-centro-de-llamadas-abre-en-la-romana\/#breadcrumb"},"inLanguage":"es","potentialAction":[{"@type":"ReadAction","target":["https:\/\/casadecampoliving.com\/es\/lider-en-centro-de-llamadas-abre-en-la-romana\/"]}]},{"@type":"ImageObject","inLanguage":"es","@id":"https:\/\/casadecampoliving.com\/es\/lider-en-centro-de-llamadas-abre-en-la-romana\/#primaryimage","url":"https:\/\/i0.wp.com\/casadecampoliving.com\/wp-content\/uploads\/2022\/10\/IMG_20140429_150328-1-e1402083846152-1.jpg?fit=650%2C488&ssl=1","contentUrl":"https:\/\/i0.wp.com\/casadecampoliving.com\/wp-content\/uploads\/2022\/10\/IMG_20140429_150328-1-e1402083846152-1.jpg?fit=650%2C488&ssl=1","width":650,"height":488},{"@type":"BreadcrumbList","@id":"https:\/\/casadecampoliving.com\/es\/lider-en-centro-de-llamadas-abre-en-la-romana\/#breadcrumb","itemListElement":[{"@type":"ListItem","position":1,"name":"Home","item":"https:\/\/casadecampoliving.com\/es\/"},{"@type":"ListItem","position":2,"name":"L\u00edder en Centro de Llamadas abre en La Romana"}]},{"@type":"WebSite","@id":"https:\/\/casadecampoliving.com\/es\/#website","url":"https:\/\/casadecampoliving.com\/es\/","name":"Casa de Campo Living","description":"Resort community news and resources.","publisher":{"@id":"https:\/\/casadecampoliving.com\/es\/#organization"},"potentialAction":[{"@type":"SearchAction","target":{"@type":"EntryPoint","urlTemplate":"https:\/\/casadecampoliving.com\/es\/?s={search_term_string}"},"query-input":{"@type":"PropertyValueSpecification","valueRequired":true,"valueName":"search_term_string"}}],"inLanguage":"es"},{"@type":"Organization","@id":"https:\/\/casadecampoliving.com\/es\/#organization","name":"Casa de Campo Living","url":"https:\/\/casadecampoliving.com\/es\/","logo":{"@type":"ImageObject","inLanguage":"es","@id":"https:\/\/casadecampoliving.com\/es\/#\/schema\/logo\/image\/","url":"https:\/\/i0.wp.com\/casadecampoliving.com\/wp-content\/uploads\/2022\/07\/CDCLivingLogo_V1-white-sized.png?fit=800%2C214&ssl=1","contentUrl":"https:\/\/i0.wp.com\/casadecampoliving.com\/wp-content\/uploads\/2022\/07\/CDCLivingLogo_V1-white-sized.png?fit=800%2C214&ssl=1","width":800,"height":214,"caption":"Casa de Campo Living"},"image":{"@id":"https:\/\/casadecampoliving.com\/es\/#\/schema\/logo\/image\/"},"sameAs":["https:\/\/www.facebook.com\/casadecampoliving","https:\/\/x.com\/cdcliving"]},{"@type":"Person","@id":"https:\/\/casadecampoliving.com\/es\/#\/schema\/person\/bd396a8f8ea621ed900f2d4a7407a3a2","name":"Eliana Alba","image":{"@type":"ImageObject","inLanguage":"es","@id":"https:\/\/secure.gravatar.com\/avatar\/9855856e733abb59c5985d70cc9f36d1c83420173446a782077af61c55fb0a9c?s=96&d=mm&r=g","url":"https:\/\/secure.gravatar.com\/avatar\/9855856e733abb59c5985d70cc9f36d1c83420173446a782077af61c55fb0a9c?s=96&d=mm&r=g","contentUrl":"https:\/\/secure.gravatar.com\/avatar\/9855856e733abb59c5985d70cc9f36d1c83420173446a782077af61c55fb0a9c?s=96&d=mm&r=g","caption":"Eliana Alba"},"sameAs":["https:\/\/casadecampoliving.com"],"url":"https:\/\/casadecampoliving.com\/es\/author\/ealba\/"}]}},"parsely":{"version":"1.1.0","canonical_url":"https:\/\/casadecampoliving.com\/es\/lider-en-centro-de-llamadas-abre-en-la-romana\/","smart_links":{"inbound":0,"outbound":0},"traffic_boost_suggestions_count":0,"meta":{"@context":"https:\/\/schema.org","@type":"NewsArticle","headline":"L\u00edder en Centro de Llamadas abre en La Romana","url":"http:\/\/casadecampoliving.com\/es\/lider-en-centro-de-llamadas-abre-en-la-romana\/","mainEntityOfPage":{"@type":"WebPage","@id":"http:\/\/casadecampoliving.com\/es\/lider-en-centro-de-llamadas-abre-en-la-romana\/"},"thumbnailUrl":"https:\/\/i0.wp.com\/casadecampoliving.com\/wp-content\/uploads\/2022\/10\/IMG_20140429_150328-1-e1402083846152-1.jpg?resize=150%2C150&ssl=1","image":{"@type":"ImageObject","url":"https:\/\/i0.wp.com\/casadecampoliving.com\/wp-content\/uploads\/2022\/10\/IMG_20140429_150328-1-e1402083846152-1.jpg?fit=650%2C488&ssl=1"},"articleSection":"Estilo de Vida","author":[{"@type":"Person","name":"Eliana Alba"}],"creator":["Eliana Alba"],"publisher":{"@type":"Organization","name":"Casa de Campo Living","logo":"https:\/\/casadecampoliving.com\/wp-content\/uploads\/2022\/07\/CDCLivingLogo_V1-white-sized.png"},"keywords":[],"dateCreated":"2014-06-07T04:00:00Z","datePublished":"2014-06-07T04:00:00Z","dateModified":"2022-10-21T22:57:12Z"},"rendered":"<script type=\"application\/ld+json\" class=\"wp-parsely-metadata\">{\"@context\":\"https:\\\/\\\/schema.org\",\"@type\":\"NewsArticle\",\"headline\":\"L\\u00edder en Centro de Llamadas abre en La Romana\",\"url\":\"http:\\\/\\\/casadecampoliving.com\\\/es\\\/lider-en-centro-de-llamadas-abre-en-la-romana\\\/\",\"mainEntityOfPage\":{\"@type\":\"WebPage\",\"@id\":\"http:\\\/\\\/casadecampoliving.com\\\/es\\\/lider-en-centro-de-llamadas-abre-en-la-romana\\\/\"},\"thumbnailUrl\":\"https:\\\/\\\/i0.wp.com\\\/casadecampoliving.com\\\/wp-content\\\/uploads\\\/2022\\\/10\\\/IMG_20140429_150328-1-e1402083846152-1.jpg?resize=150%2C150&ssl=1\",\"image\":{\"@type\":\"ImageObject\",\"url\":\"https:\\\/\\\/i0.wp.com\\\/casadecampoliving.com\\\/wp-content\\\/uploads\\\/2022\\\/10\\\/IMG_20140429_150328-1-e1402083846152-1.jpg?fit=650%2C488&ssl=1\"},\"articleSection\":\"Estilo de Vida\",\"author\":[{\"@type\":\"Person\",\"name\":\"Eliana Alba\"}],\"creator\":[\"Eliana Alba\"],\"publisher\":{\"@type\":\"Organization\",\"name\":\"Casa de Campo Living\",\"logo\":\"https:\\\/\\\/casadecampoliving.com\\\/wp-content\\\/uploads\\\/2022\\\/07\\\/CDCLivingLogo_V1-white-sized.png\"},\"keywords\":[],\"dateCreated\":\"2014-06-07T04:00:00Z\",\"datePublished\":\"2014-06-07T04:00:00Z\",\"dateModified\":\"2022-10-21T22:57:12Z\"}<\/script>","tracker_url":"https:\/\/cdn.parsely.com\/keys\/casadecampoliving.com\/p.js"},"jetpack_publicize_connections":[],"jetpack_featured_media_url":"https:\/\/i0.wp.com\/casadecampoliving.com\/wp-content\/uploads\/2022\/10\/IMG_20140429_150328-1-e1402083846152-1.jpg?fit=650%2C488&ssl=1","jetpack-related-posts":[{"id":342422,"url":"https:\/\/casadecampoliving.com\/es\/centro-de-servicio-de-neumaticos-hylsa-abre-en-la-romana\/","url_meta":{"origin":344547,"position":0},"title":"Centro de servicio de neum\u00e1ticos HYLSA abre en La Romana","author":"Mairobi Herrera","date":"1 Ago, 2013","format":false,"excerpt":"HYLSA - el l\u00edder proporcionando neum\u00e1ticos para carros en la Rep\u00fablica Dominicana - abri\u00f3 un nuevo centro de servicio en La Romana el mes pasado con un coctel de inauguraci\u00f3n al cual atendieron muchos conocidos miembros de tanto las comunidades de La Romana como de Casa de Campo. Este nuevo\u2026","rel":"","context":"En \u00abM\u00e1s all\u00e1 de Casa\u00bb","block_context":{"text":"M\u00e1s all\u00e1 de Casa","link":"https:\/\/casadecampoliving.com\/es\/category\/mas-alla-de-casa-es\/"},"img":{"alt_text":"","src":"https:\/\/i0.wp.com\/casadecampoliving.com\/wp-content\/uploads\/2022\/10\/hylsa_automoviles_la_romana-1.jpg?fit=643%2C331&ssl=1&resize=350%2C200","width":350,"height":200,"srcset":"https:\/\/i0.wp.com\/casadecampoliving.com\/wp-content\/uploads\/2022\/10\/hylsa_automoviles_la_romana-1.jpg?fit=643%2C331&ssl=1&resize=350%2C200 1x, https:\/\/i0.wp.com\/casadecampoliving.com\/wp-content\/uploads\/2022\/10\/hylsa_automoviles_la_romana-1.jpg?fit=643%2C331&ssl=1&resize=525%2C300 1.5x"},"classes":[]},{"id":345816,"url":"https:\/\/casadecampoliving.com\/es\/central-romana-construye-edificio-de-oficinas-en-zona-franca\/","url_meta":{"origin":344547,"position":1},"title":"Central Romana construye nueva edificio de oficinas en Zona Franca","author":"Maria Isabel B\u00e1ez","date":"28 Oct, 2014","format":false,"excerpt":"El Central Romana Corporation se complace en abrir un nuevo edificio de oficinas en la Zona Franca que est\u00e1 justo afuera del resort Casa de Campo en La Romana. Este nuevo proyecto consiste de un edificio de dos pisos de oficinas modulares, dise\u00f1adas para compa\u00f1\u00edas de servicios como centros de\u2026","rel":"","context":"En \u00abCasa de Campo Living @es\u00bb","block_context":{"text":"Casa de Campo Living @es","link":"https:\/\/casadecampoliving.com\/category\/casa-de-campo-living-es\/"},"img":{"alt_text":"","src":"https:\/\/i0.wp.com\/casadecampoliving.com\/wp-content\/uploads\/2022\/10\/1.EDIFICIO-ZONA-FRANCARENDERING-1-scaled.jpg?fit=1200%2C912&ssl=1&resize=350%2C200","width":350,"height":200,"srcset":"https:\/\/i0.wp.com\/casadecampoliving.com\/wp-content\/uploads\/2022\/10\/1.EDIFICIO-ZONA-FRANCARENDERING-1-scaled.jpg?fit=1200%2C912&ssl=1&resize=350%2C200 1x, https:\/\/i0.wp.com\/casadecampoliving.com\/wp-content\/uploads\/2022\/10\/1.EDIFICIO-ZONA-FRANCARENDERING-1-scaled.jpg?fit=1200%2C912&ssl=1&resize=525%2C300 1.5x, https:\/\/i0.wp.com\/casadecampoliving.com\/wp-content\/uploads\/2022\/10\/1.EDIFICIO-ZONA-FRANCARENDERING-1-scaled.jpg?fit=1200%2C912&ssl=1&resize=700%2C400 2x, https:\/\/i0.wp.com\/casadecampoliving.com\/wp-content\/uploads\/2022\/10\/1.EDIFICIO-ZONA-FRANCARENDERING-1-scaled.jpg?fit=1200%2C912&ssl=1&resize=1050%2C600 3x"},"classes":[]},{"id":345515,"url":"https:\/\/casadecampoliving.com\/es\/un-eco-del-pasado-las-casas-antiguas-de-la-romana\/","url_meta":{"origin":344547,"position":2},"title":"Un eco del pasado, las casas antiguas de La Romana","author":"Fernando Concepci\u00f3n","date":"21 Nov, 2014","format":false,"excerpt":"Sin lugar a dudas Casa de Campo y el maravilloso paisaje que lo rodea es el tipo de para\u00edso tropical para disfrutar de unas vacaciones de ensue\u00f1o. Sin embargo, para aquellos que gustan descubrir un poco de la historia y cultura en nuestro pa\u00eds, una visita al centro de la\u2026","rel":"","context":"En \u00abCasa de Campo Living @es\u00bb","block_context":{"text":"Casa de Campo Living @es","link":"https:\/\/casadecampoliving.com\/category\/casa-de-campo-living-es\/"},"img":{"alt_text":"","src":"https:\/\/i0.wp.com\/casadecampoliving.com\/wp-content\/uploads\/2022\/10\/old-houses-1.jpg?fit=800%2C534&ssl=1&resize=350%2C200","width":350,"height":200,"srcset":"https:\/\/i0.wp.com\/casadecampoliving.com\/wp-content\/uploads\/2022\/10\/old-houses-1.jpg?fit=800%2C534&ssl=1&resize=350%2C200 1x, https:\/\/i0.wp.com\/casadecampoliving.com\/wp-content\/uploads\/2022\/10\/old-houses-1.jpg?fit=800%2C534&ssl=1&resize=525%2C300 1.5x, https:\/\/i0.wp.com\/casadecampoliving.com\/wp-content\/uploads\/2022\/10\/old-houses-1.jpg?fit=800%2C534&ssl=1&resize=700%2C400 2x"},"classes":[]},{"id":536774,"url":"https:\/\/casadecampoliving.com\/es\/jason-kycek-nombrado-director-de-marketing-de-central-romana\/","url_meta":{"origin":344547,"position":3},"title":"Jason Kycek Nombrado Director de Marketing de Central Romana","author":"Casa de Campo Living","date":"20 Ene, 2025","format":false,"excerpt":"La Corporaci\u00f3n Central Romana nombr\u00f3 a Jason Kycek como nuevo director de marketing para su Divisi\u00f3n de Hospitalidad, Turismo y Bienes Ra\u00edces. Kycek supervisar\u00e1 las estrategias de marca, comunicaci\u00f3n y marketing de la corporaci\u00f3n, y continuar\u00e1 desempe\u00f1\u00e1ndose como vicepresidente senior de Ventas y Marketing en Casa de Campo Resort &\u2026","rel":"","context":"En \u00abCasa de Campo Resort &amp; Villas\u00bb","block_context":{"text":"Casa de Campo Resort &amp; Villas","link":"https:\/\/casadecampoliving.com\/es\/category\/casa-de-campo-resort-villas\/"},"img":{"alt_text":"","src":"https:\/\/i0.wp.com\/casadecampoliving.com\/wp-content\/uploads\/2025\/01\/BDC_4800-scaled.jpg?fit=1200%2C800&ssl=1&resize=350%2C200","width":350,"height":200,"srcset":"https:\/\/i0.wp.com\/casadecampoliving.com\/wp-content\/uploads\/2025\/01\/BDC_4800-scaled.jpg?fit=1200%2C800&ssl=1&resize=350%2C200 1x, https:\/\/i0.wp.com\/casadecampoliving.com\/wp-content\/uploads\/2025\/01\/BDC_4800-scaled.jpg?fit=1200%2C800&ssl=1&resize=525%2C300 1.5x, https:\/\/i0.wp.com\/casadecampoliving.com\/wp-content\/uploads\/2025\/01\/BDC_4800-scaled.jpg?fit=1200%2C800&ssl=1&resize=700%2C400 2x, https:\/\/i0.wp.com\/casadecampoliving.com\/wp-content\/uploads\/2025\/01\/BDC_4800-scaled.jpg?fit=1200%2C800&ssl=1&resize=1050%2C600 3x"},"classes":[]},{"id":320636,"url":"https:\/\/casadecampoliving.com\/cutting-edge-technology-at-central-romanas-new-centro-medico\/","url_meta":{"origin":344547,"position":4},"title":"Cutting edge technology at Central Romana&#8217;s new \u00abCentro M\u00e9dico\u00bb","author":"Rebecca Silvestri","date":"4 Nov, 2011","format":false,"excerpt":"Central Romana's newly completed \"Centro M\u00e9dico\", a 3 story hospital, just 5 minutes from Casa de Campo in La Romana town, although not yet officially inaugurated, on Wednesday the 2nd of November, opened it's doors to welcome the Casa de Campo La Romana community in for a sneak preview of\u2026","rel":"","context":"En \u00abBeyond Casa\u00bb","block_context":{"text":"Beyond Casa","link":"https:\/\/casadecampoliving.com\/category\/beyond-casa\/"},"img":{"alt_text":"","src":"https:\/\/i0.wp.com\/casadecampoliving.com\/wp-content\/uploads\/2022\/10\/central_romana_hospital61.jpg?fit=650%2C354&ssl=1&resize=350%2C200","width":350,"height":200,"srcset":"https:\/\/i0.wp.com\/casadecampoliving.com\/wp-content\/uploads\/2022\/10\/central_romana_hospital61.jpg?fit=650%2C354&ssl=1&resize=350%2C200 1x, https:\/\/i0.wp.com\/casadecampoliving.com\/wp-content\/uploads\/2022\/10\/central_romana_hospital61.jpg?fit=650%2C354&ssl=1&resize=525%2C300 1.5x"},"classes":[]},{"id":349814,"url":"https:\/\/casadecampoliving.com\/es\/dr-open-2016-termina-victoria-para-oneal\/","url_meta":{"origin":344547,"position":5},"title":"\u00a1Termina el DR Open con la victoria de O\u2019Neal y su salto al 6to lugar en la Orden de Merito!","author":"Marlenys Guzm\u00e1n Casta\u00f1os","date":"16 May, 2016","format":false,"excerpt":"Casa de Campo ha sido el centro de toda la emoci\u00f3n del golf gracias a los eventos que se produjeron la semana pasada. Comenzando con el DR Open Qualifier el domingo, seguido por el ProAm el martes y continuando con el primer d\u00eda del DR Open 2016 el cual comenz\u00f3\u2026","rel":"","context":"En \u00abRep\u00fablica Dominicana @es\u00bb","block_context":{"text":"Rep\u00fablica Dominicana @es","link":"https:\/\/casadecampoliving.com\/es\/category\/republica-dominicana-2\/"},"img":{"alt_text":"","src":"https:\/\/i0.wp.com\/casadecampoliving.com\/wp-content\/uploads\/2022\/10\/26410251604_e4de694b94_o-e1463432644837.jpg?fit=1000%2C666&ssl=1&resize=350%2C200","width":350,"height":200,"srcset":"https:\/\/i0.wp.com\/casadecampoliving.com\/wp-content\/uploads\/2022\/10\/26410251604_e4de694b94_o-e1463432644837.jpg?fit=1000%2C666&ssl=1&resize=350%2C200 1x, https:\/\/i0.wp.com\/casadecampoliving.com\/wp-content\/uploads\/2022\/10\/26410251604_e4de694b94_o-e1463432644837.jpg?fit=1000%2C666&ssl=1&resize=525%2C300 1.5x, https:\/\/i0.wp.com\/casadecampoliving.com\/wp-content\/uploads\/2022\/10\/26410251604_e4de694b94_o-e1463432644837.jpg?fit=1000%2C666&ssl=1&resize=700%2C400 2x"},"classes":[]}],"jetpack_sharing_enabled":true,"_links":{"self":[{"href":"https:\/\/casadecampoliving.com\/es\/wp-json\/wp\/v2\/posts\/344547","targetHints":{"allow":["GET"]}}],"collection":[{"href":"https:\/\/casadecampoliving.com\/es\/wp-json\/wp\/v2\/posts"}],"about":[{"href":"https:\/\/casadecampoliving.com\/es\/wp-json\/wp\/v2\/types\/post"}],"author":[{"embeddable":true,"href":"https:\/\/casadecampoliving.com\/es\/wp-json\/wp\/v2\/users\/454"}],"replies":[{"embeddable":true,"href":"https:\/\/casadecampoliving.com\/es\/wp-json\/wp\/v2\/comments?post=344547"}],"version-history":[{"count":1,"href":"https:\/\/casadecampoliving.com\/es\/wp-json\/wp\/v2\/posts\/344547\/revisions"}],"predecessor-version":[{"id":344548,"href":"https:\/\/casadecampoliving.com\/es\/wp-json\/wp\/v2\/posts\/344547\/revisions\/344548"}],"wp:featuredmedia":[{"embeddable":true,"href":"https:\/\/casadecampoliving.com\/es\/wp-json\/wp\/v2\/media\/247599"}],"wp:attachment":[{"href":"https:\/\/casadecampoliving.com\/es\/wp-json\/wp\/v2\/media?parent=344547"}],"wp:term":[{"taxonomy":"category","embeddable":true,"href":"https:\/\/casadecampoliving.com\/es\/wp-json\/wp\/v2\/categories?post=344547"},{"taxonomy":"post_tag","embeddable":true,"href":"https:\/\/casadecampoliving.com\/es\/wp-json\/wp\/v2\/tags?post=344547"},{"taxonomy":"newspack_spnsrs_tax","embeddable":true,"href":"https:\/\/casadecampoliving.com\/es\/wp-json\/wp\/v2\/newspack_spnsrs_tax?post=344547"}],"curies":[{"name":"wp","href":"https:\/\/api.w.org\/{rel}","templated":true}]}}