{"id":344501,"date":"2014-05-29T00:00:00","date_gmt":"2014-05-29T04:00:00","guid":{"rendered":"https:\/\/casadecampoliving.com\/cartelera-de-cine-del-29-de-mayo-al-04-de-junio\/"},"modified":"2022-10-21T18:55:09","modified_gmt":"2022-10-21T22:55:09","slug":"cartelera-de-cine-del-29-de-mayo-al-04-de-junio","status":"publish","type":"post","link":"https:\/\/casadecampoliving.com\/es\/cartelera-de-cine-del-29-de-mayo-al-04-de-junio\/","title":{"rendered":"Cartelera de Cine: del 29 de mayo al 04 de junio"},"content":{"rendered":"<div class=\"wp-block-image\">\n<figure class=\"aligncenter is-resized\"><img loading=\"lazy\" decoding=\"async\" src=\"https:\/\/i0.wp.com\/casadecampoliving.com\/wp-content\/uploads\/2022\/10\/CDCAMP-29-de-mayo_l.jpg?resize=650%2C281&amp;ssl=1\" alt=\"CDCAMP 29 de mayo_l\" class=\"wp-image-90654\" height=\"281\" width=\"650\"\/><\/figure>\n<\/div>\n\n\n<p><span style=\"color: #000000;\">Para esta semana el cine de la Marina Casa de Campo nos trae en cartelera 2 pel\u00edculas nuevas: <strong>\u201cMal\u00e9fica\u201d y&nbsp;<\/strong><strong>\u201cJuntos y Revueltos\u201d,<\/strong>&nbsp;mientras todav\u00eda en sala tenemos&nbsp;<strong>\u201c<\/strong><strong>X-Men: D\u00edas del futuro pasado\u201d<\/strong>&nbsp;.&nbsp;Salvedad:&nbsp;A partir de ahora el cine de La Marina Casa de Campo estar\u00e1 abierto&nbsp;todos los d\u00edas hasta nuevo aviso. <\/span><wp-block data-block=\"core\/more\"><\/wp-block><\/p>\n\n\n\n<p><span style=\"color: #000000;\"><strong>X-Men: D\u00edas del futuro pasado<\/strong>&nbsp;<a href=\"https:\/\/www.youtube.com\/watch?v=qFZpEhAnGQ0\" target=\"_blank\" rel=\"noopener\"><span style=\"color: #000000;\">Ver avance<\/span><\/a><\/span><br>\n<span style=\"color: #000000;\"> <em>La \u00faltima formaci\u00f3n de X-Men disputa una guerra para la supervivencia de la especie en dos periodos de tiempo diferentes. En X-MEN: D\u00cdAS DEL FUTURO PASADO, los personajes originales de la trilog\u00eda \u201cX-Men\u201d unen sus fuerzas con ellos mismos a\u00f1os atr\u00e1s (\u201cX-Men: Primera Generaci\u00f3n\u201d), en una batalla \u00e9pica que deber\u00e1 cambiar el pasado \u2013 para salvar el futuro.<\/em><\/span><\/p>\n\n\n\n<p><span style=\"color: #000000;\"><b>Malefica<\/b><strong>&nbsp;<\/strong><a href=\"https:\/\/www.youtube.com\/watch?v=WJy49PRNwgw\" target=\"_blank\" rel=\"noopener\"><span style=\"color: #000000;\">Ver avance<\/span><\/a><\/span><br>\n<span style=\"color: #000000;\"> Mal\u00e9fica es una bell\u00edsima joven con un coraz\u00f3n puro y unas asombrosas alas negras. Crece en un entorno id\u00edlico, un apacible reino en el bosque, hasta que un d\u00eda un ej\u00e9rcito de invasores humanos amenaza la armon\u00eda del pa\u00eds. Mal\u00e9fica se erige en la temible protectora de su reino, pero al final es objeto de una despiadada traici\u00f3n que endurecer\u00e1 su coraz\u00f3n hasta convertirlo en piedra.<\/span><\/p>\n\n\n\n<p><span style=\"color: #000000;\"><strong>Juntos y Revueltos<\/strong>&nbsp;<a href=\"https:\/\/www.youtube.com\/watch?v=7e-WYLh_weg\" target=\"_blank\" rel=\"noopener\"><span style=\"color: #000000;\">Ver avance<\/span><\/a><a href=\"https:\/\/www.youtube.com\/watch?v=ibypRqp_BGw\" target=\"_blank\" rel=\"noopener\"><span style=\"color: #000000;\"><br>\n<\/span><\/a>Tras una desastrosa cita a ciegas, los padres solteros Lauren (Barrymore) y Jim (Sandler) est\u00e1n de acuerdo en una sola cosa: nunca quieren volver a verse. Pero cuando por separado se inscriben para unas vacaciones en familia con sus hijos, ambos se ver\u00e1n atrapados compartiendo una suite en un lujoso complejo de safari en \u00c1frica durante una semana.<\/span><\/p>\n\n\n\n<p><span style=\"line-height: 1.5em; color: #000000;\">Publicamos los nuevos horarios de pel\u00edculas tan pronto como las recibimos \u2013 normalmente los mi\u00e9rcoles por la tarde.<\/span><\/p>\n","protected":false},"excerpt":{"rendered":"<p>Para esta semana el cine de la Marina Casa de Campo nos trae en cartelera 2 pel\u00edculas nuevas: \u201cMal\u00e9fica\u201d y&nbsp;\u201cJuntos y Revueltos\u201d,&nbsp;mientras todav\u00eda en sala tenemos&nbsp;\u201cX-Men: D\u00edas del futuro pasado\u201d&nbsp;.&nbsp;Salvedad:&nbsp;A partir de ahora el cine de La Marina Casa de Campo estar\u00e1 abierto&nbsp;todos los d\u00edas hasta nuevo aviso. X-Men: D\u00edas del futuro pasado&nbsp;Ver avance La [&hellip;]<\/p>\n","protected":false},"author":1097,"featured_media":245321,"comment_status":"closed","ping_status":"closed","sticky":false,"template":"","format":"standard","meta":{"newspack_ads_suppress_ads":false,"newspack_popups_has_disabled_popups":false,"newspack_sponsor_sponsorship_scope":"","newspack_sponsor_native_byline_display":"inherit","newspack_sponsor_native_category_display":"inherit","newspack_sponsor_underwriter_style":"inherit","newspack_sponsor_underwriter_placement":"inherit","_newspack_byline_active":false,"_newspack_byline":"","newspack_hide_updated_date":false,"newspack_show_updated_date":false,"newspack_content_restriction_is_exempt":false,"newspack_featured_image_position":"","newspack_post_subtitle":"","newspack_article_summary_title":"Overview:","newspack_article_summary":"","_jetpack_memberships_contains_paid_content":false,"footnotes":"","jetpack_publicize_message":"","jetpack_publicize_feature_enabled":true,"jetpack_social_post_already_shared":false,"jetpack_social_options":{"image_generator_settings":{"template":"highway","default_image_id":0,"font":"","enabled":false},"version":2},"_wpas_customize_per_network":false},"categories":[26823,26936,26951,3126,14631,26581,14625,2521,26822],"tags":[3626,24387,6371,3663,7552],"newspack_spnsrs_tax":[],"class_list":["post-344501","post","type-post","status-publish","format-standard","has-post-thumbnail","hentry","category-arte-y-cultura","category-casa-de-campo-living-es","category-ccl-presenta","category-cine-3","category-estilo-de-vida","category-la-marina-casa-de-campo","category-noticias-locales","category-republica-dominicana-2","category-resort-casa-de-campo","tag-casa-de-campo-es","tag-casa-de-campo-living-es","tag-casa-de-campo-resort-es","tag-la-marina-casa-de-campo-es-2","tag-nuevas-peliculas","entry"],"yoast_head":"<!-- This site is optimized with the Yoast SEO plugin v27.4 - https:\/\/yoast.com\/product\/yoast-seo-wordpress\/ -->\n<title>Cartelera de Cine: del 29 de mayo al 04 de junio | Casa de Campo Living<\/title>\n<meta name=\"description\" content=\"Para esta semana el cine de la Marina Casa de Campo nos trae en cartelera 2 pel\u00edculas nuevas: \u201cMal\u00e9fica\u201d y&nbsp;\u201cJuntos y Revueltos\u201d,&nbsp;mientras\" \/>\n<meta name=\"robots\" content=\"index, follow, max-snippet:-1, max-image-preview:large, max-video-preview:-1\" \/>\n<link rel=\"canonical\" href=\"https:\/\/casadecampoliving.com\/es\/cartelera-de-cine-del-29-de-mayo-al-04-de-junio\/\" \/>\n<meta property=\"og:locale\" content=\"es_ES\" \/>\n<meta property=\"og:type\" content=\"article\" \/>\n<meta property=\"og:title\" content=\"Cartelera de Cine: del 29 de mayo al 04 de junio | Casa de Campo Living\" \/>\n<meta property=\"og:description\" content=\"Para esta semana el cine de la Marina Casa de Campo nos trae en cartelera 2 pel\u00edculas nuevas: \u201cMal\u00e9fica\u201d y&nbsp;\u201cJuntos y Revueltos\u201d,&nbsp;mientras\" \/>\n<meta property=\"og:url\" content=\"https:\/\/casadecampoliving.com\/es\/cartelera-de-cine-del-29-de-mayo-al-04-de-junio\/\" \/>\n<meta property=\"og:site_name\" content=\"Casa de Campo Living\" \/>\n<meta property=\"article:publisher\" content=\"https:\/\/www.facebook.com\/casadecampoliving\" \/>\n<meta property=\"article:published_time\" content=\"2014-05-29T04:00:00+00:00\" \/>\n<meta property=\"article:modified_time\" content=\"2022-10-21T22:55:09+00:00\" \/>\n<meta property=\"og:image\" content=\"https:\/\/i0.wp.com\/casadecampoliving.com\/wp-content\/uploads\/2022\/10\/CDCAMP-29-de-mayo_l-1.jpg?fit=800%2C346&ssl=1\" \/>\n\t<meta property=\"og:image:width\" content=\"800\" \/>\n\t<meta property=\"og:image:height\" content=\"346\" \/>\n\t<meta property=\"og:image:type\" content=\"image\/jpeg\" \/>\n<meta name=\"author\" content=\"Perkin Agramonte\" \/>\n<meta name=\"twitter:card\" content=\"summary_large_image\" \/>\n<meta name=\"twitter:creator\" content=\"@cdcliving\" \/>\n<meta name=\"twitter:site\" content=\"@cdcliving\" \/>\n<meta name=\"twitter:label1\" content=\"Escrito por\" \/>\n\t<meta name=\"twitter:data1\" content=\"Perkin Agramonte\" \/>\n\t<meta name=\"twitter:label2\" content=\"Tiempo de lectura\" \/>\n\t<meta name=\"twitter:data2\" content=\"2 minutos\" \/>\n<script type=\"application\/ld+json\" class=\"yoast-schema-graph\">{\"@context\":\"https:\\\/\\\/schema.org\",\"@graph\":[{\"@type\":\"Article\",\"@id\":\"https:\\\/\\\/casadecampoliving.com\\\/es\\\/cartelera-de-cine-del-29-de-mayo-al-04-de-junio\\\/#article\",\"isPartOf\":{\"@id\":\"https:\\\/\\\/casadecampoliving.com\\\/es\\\/cartelera-de-cine-del-29-de-mayo-al-04-de-junio\\\/\"},\"author\":{\"name\":\"Perkin Agramonte\",\"@id\":\"https:\\\/\\\/casadecampoliving.com\\\/es\\\/#\\\/schema\\\/person\\\/c8efa6049510554b7d5fea078d728f72\"},\"headline\":\"Cartelera de Cine: del 29 de mayo al 04 de junio\",\"datePublished\":\"2014-05-29T04:00:00+00:00\",\"dateModified\":\"2022-10-21T22:55:09+00:00\",\"mainEntityOfPage\":{\"@id\":\"https:\\\/\\\/casadecampoliving.com\\\/es\\\/cartelera-de-cine-del-29-de-mayo-al-04-de-junio\\\/\"},\"wordCount\":312,\"publisher\":{\"@id\":\"https:\\\/\\\/casadecampoliving.com\\\/es\\\/#organization\"},\"image\":{\"@id\":\"https:\\\/\\\/casadecampoliving.com\\\/es\\\/cartelera-de-cine-del-29-de-mayo-al-04-de-junio\\\/#primaryimage\"},\"thumbnailUrl\":\"https:\\\/\\\/i0.wp.com\\\/casadecampoliving.com\\\/wp-content\\\/uploads\\\/2022\\\/10\\\/CDCAMP-29-de-mayo_l-1.jpg?fit=800%2C346&ssl=1\",\"keywords\":[\"casa de campo @es\",\"Casa de Campo Living\",\"casa de campo resort @es\",\"la marina casa de campo @es\",\"nuevas peliculas\"],\"articleSection\":[\"Arte y cultura\",\"Casa de Campo Living @es\",\"CCL presenta\",\"Cine @es\",\"Estilo de Vida\",\"La Marina Casa de Campo\",\"Noticias Locales\",\"Rep\u00fablica Dominicana @es\",\"Resort Casa de Campo\"],\"inLanguage\":\"es\"},{\"@type\":\"WebPage\",\"@id\":\"https:\\\/\\\/casadecampoliving.com\\\/es\\\/cartelera-de-cine-del-29-de-mayo-al-04-de-junio\\\/\",\"url\":\"https:\\\/\\\/casadecampoliving.com\\\/es\\\/cartelera-de-cine-del-29-de-mayo-al-04-de-junio\\\/\",\"name\":\"Cartelera de Cine: del 29 de mayo al 04 de junio | Casa de Campo Living\",\"isPartOf\":{\"@id\":\"https:\\\/\\\/casadecampoliving.com\\\/es\\\/#website\"},\"primaryImageOfPage\":{\"@id\":\"https:\\\/\\\/casadecampoliving.com\\\/es\\\/cartelera-de-cine-del-29-de-mayo-al-04-de-junio\\\/#primaryimage\"},\"image\":{\"@id\":\"https:\\\/\\\/casadecampoliving.com\\\/es\\\/cartelera-de-cine-del-29-de-mayo-al-04-de-junio\\\/#primaryimage\"},\"thumbnailUrl\":\"https:\\\/\\\/i0.wp.com\\\/casadecampoliving.com\\\/wp-content\\\/uploads\\\/2022\\\/10\\\/CDCAMP-29-de-mayo_l-1.jpg?fit=800%2C346&ssl=1\",\"datePublished\":\"2014-05-29T04:00:00+00:00\",\"dateModified\":\"2022-10-21T22:55:09+00:00\",\"description\":\"Para esta semana el cine de la Marina Casa de Campo nos trae en cartelera 2 pel\u00edculas nuevas: \u201cMal\u00e9fica\u201d y&nbsp;\u201cJuntos y Revueltos\u201d,&nbsp;mientras\",\"breadcrumb\":{\"@id\":\"https:\\\/\\\/casadecampoliving.com\\\/es\\\/cartelera-de-cine-del-29-de-mayo-al-04-de-junio\\\/#breadcrumb\"},\"inLanguage\":\"es\",\"potentialAction\":[{\"@type\":\"ReadAction\",\"target\":[\"https:\\\/\\\/casadecampoliving.com\\\/es\\\/cartelera-de-cine-del-29-de-mayo-al-04-de-junio\\\/\"]}]},{\"@type\":\"ImageObject\",\"inLanguage\":\"es\",\"@id\":\"https:\\\/\\\/casadecampoliving.com\\\/es\\\/cartelera-de-cine-del-29-de-mayo-al-04-de-junio\\\/#primaryimage\",\"url\":\"https:\\\/\\\/i0.wp.com\\\/casadecampoliving.com\\\/wp-content\\\/uploads\\\/2022\\\/10\\\/CDCAMP-29-de-mayo_l-1.jpg?fit=800%2C346&ssl=1\",\"contentUrl\":\"https:\\\/\\\/i0.wp.com\\\/casadecampoliving.com\\\/wp-content\\\/uploads\\\/2022\\\/10\\\/CDCAMP-29-de-mayo_l-1.jpg?fit=800%2C346&ssl=1\",\"width\":800,\"height\":346},{\"@type\":\"BreadcrumbList\",\"@id\":\"https:\\\/\\\/casadecampoliving.com\\\/es\\\/cartelera-de-cine-del-29-de-mayo-al-04-de-junio\\\/#breadcrumb\",\"itemListElement\":[{\"@type\":\"ListItem\",\"position\":1,\"name\":\"Home\",\"item\":\"https:\\\/\\\/casadecampoliving.com\\\/es\\\/\"},{\"@type\":\"ListItem\",\"position\":2,\"name\":\"Cartelera de Cine: del 29 de mayo al 04 de junio\"}]},{\"@type\":\"WebSite\",\"@id\":\"https:\\\/\\\/casadecampoliving.com\\\/es\\\/#website\",\"url\":\"https:\\\/\\\/casadecampoliving.com\\\/es\\\/\",\"name\":\"Casa de Campo Living\",\"description\":\"Resort community news and resources.\",\"publisher\":{\"@id\":\"https:\\\/\\\/casadecampoliving.com\\\/es\\\/#organization\"},\"potentialAction\":[{\"@type\":\"SearchAction\",\"target\":{\"@type\":\"EntryPoint\",\"urlTemplate\":\"https:\\\/\\\/casadecampoliving.com\\\/es\\\/?s={search_term_string}\"},\"query-input\":{\"@type\":\"PropertyValueSpecification\",\"valueRequired\":true,\"valueName\":\"search_term_string\"}}],\"inLanguage\":\"es\"},{\"@type\":\"Organization\",\"@id\":\"https:\\\/\\\/casadecampoliving.com\\\/es\\\/#organization\",\"name\":\"Casa de Campo Living\",\"url\":\"https:\\\/\\\/casadecampoliving.com\\\/es\\\/\",\"logo\":{\"@type\":\"ImageObject\",\"inLanguage\":\"es\",\"@id\":\"https:\\\/\\\/casadecampoliving.com\\\/es\\\/#\\\/schema\\\/logo\\\/image\\\/\",\"url\":\"https:\\\/\\\/i0.wp.com\\\/casadecampoliving.com\\\/wp-content\\\/uploads\\\/2022\\\/07\\\/CDCLivingLogo_V1-white-sized.png?fit=800%2C214&ssl=1\",\"contentUrl\":\"https:\\\/\\\/i0.wp.com\\\/casadecampoliving.com\\\/wp-content\\\/uploads\\\/2022\\\/07\\\/CDCLivingLogo_V1-white-sized.png?fit=800%2C214&ssl=1\",\"width\":800,\"height\":214,\"caption\":\"Casa de Campo Living\"},\"image\":{\"@id\":\"https:\\\/\\\/casadecampoliving.com\\\/es\\\/#\\\/schema\\\/logo\\\/image\\\/\"},\"sameAs\":[\"https:\\\/\\\/www.facebook.com\\\/casadecampoliving\",\"https:\\\/\\\/x.com\\\/cdcliving\"]},{\"@type\":\"Person\",\"@id\":\"https:\\\/\\\/casadecampoliving.com\\\/es\\\/#\\\/schema\\\/person\\\/c8efa6049510554b7d5fea078d728f72\",\"name\":\"Perkin Agramonte\",\"image\":{\"@type\":\"ImageObject\",\"inLanguage\":\"es\",\"@id\":\"https:\\\/\\\/secure.gravatar.com\\\/avatar\\\/57bfdafcae55fb83dbb79a1585a9eab7f269b7720fb0b64cb9a4e0cd2962fa10?s=96&d=mm&r=g\",\"url\":\"https:\\\/\\\/secure.gravatar.com\\\/avatar\\\/57bfdafcae55fb83dbb79a1585a9eab7f269b7720fb0b64cb9a4e0cd2962fa10?s=96&d=mm&r=g\",\"contentUrl\":\"https:\\\/\\\/secure.gravatar.com\\\/avatar\\\/57bfdafcae55fb83dbb79a1585a9eab7f269b7720fb0b64cb9a4e0cd2962fa10?s=96&d=mm&r=g\",\"caption\":\"Perkin Agramonte\"},\"url\":\"https:\\\/\\\/casadecampoliving.com\\\/es\\\/author\\\/cagramonte\\\/\"}]}<\/script>\n<!-- \/ Yoast SEO plugin. -->","yoast_head_json":{"title":"Cartelera de Cine: del 29 de mayo al 04 de junio | Casa de Campo Living","description":"Para esta semana el cine de la Marina Casa de Campo nos trae en cartelera 2 pel\u00edculas nuevas: \u201cMal\u00e9fica\u201d y&nbsp;\u201cJuntos y Revueltos\u201d,&nbsp;mientras","robots":{"index":"index","follow":"follow","max-snippet":"max-snippet:-1","max-image-preview":"max-image-preview:large","max-video-preview":"max-video-preview:-1"},"canonical":"https:\/\/casadecampoliving.com\/es\/cartelera-de-cine-del-29-de-mayo-al-04-de-junio\/","og_locale":"es_ES","og_type":"article","og_title":"Cartelera de Cine: del 29 de mayo al 04 de junio | Casa de Campo Living","og_description":"Para esta semana el cine de la Marina Casa de Campo nos trae en cartelera 2 pel\u00edculas nuevas: \u201cMal\u00e9fica\u201d y&nbsp;\u201cJuntos y Revueltos\u201d,&nbsp;mientras","og_url":"https:\/\/casadecampoliving.com\/es\/cartelera-de-cine-del-29-de-mayo-al-04-de-junio\/","og_site_name":"Casa de Campo Living","article_publisher":"https:\/\/www.facebook.com\/casadecampoliving","article_published_time":"2014-05-29T04:00:00+00:00","article_modified_time":"2022-10-21T22:55:09+00:00","og_image":[{"width":800,"height":346,"url":"https:\/\/i0.wp.com\/casadecampoliving.com\/wp-content\/uploads\/2022\/10\/CDCAMP-29-de-mayo_l-1.jpg?fit=800%2C346&ssl=1","type":"image\/jpeg"}],"author":"Perkin Agramonte","twitter_card":"summary_large_image","twitter_creator":"@cdcliving","twitter_site":"@cdcliving","twitter_misc":{"Escrito por":"Perkin Agramonte","Tiempo de lectura":"2 minutos"},"schema":{"@context":"https:\/\/schema.org","@graph":[{"@type":"Article","@id":"https:\/\/casadecampoliving.com\/es\/cartelera-de-cine-del-29-de-mayo-al-04-de-junio\/#article","isPartOf":{"@id":"https:\/\/casadecampoliving.com\/es\/cartelera-de-cine-del-29-de-mayo-al-04-de-junio\/"},"author":{"name":"Perkin Agramonte","@id":"https:\/\/casadecampoliving.com\/es\/#\/schema\/person\/c8efa6049510554b7d5fea078d728f72"},"headline":"Cartelera de Cine: del 29 de mayo al 04 de junio","datePublished":"2014-05-29T04:00:00+00:00","dateModified":"2022-10-21T22:55:09+00:00","mainEntityOfPage":{"@id":"https:\/\/casadecampoliving.com\/es\/cartelera-de-cine-del-29-de-mayo-al-04-de-junio\/"},"wordCount":312,"publisher":{"@id":"https:\/\/casadecampoliving.com\/es\/#organization"},"image":{"@id":"https:\/\/casadecampoliving.com\/es\/cartelera-de-cine-del-29-de-mayo-al-04-de-junio\/#primaryimage"},"thumbnailUrl":"https:\/\/i0.wp.com\/casadecampoliving.com\/wp-content\/uploads\/2022\/10\/CDCAMP-29-de-mayo_l-1.jpg?fit=800%2C346&ssl=1","keywords":["casa de campo @es","Casa de Campo Living","casa de campo resort @es","la marina casa de campo @es","nuevas peliculas"],"articleSection":["Arte y cultura","Casa de Campo Living @es","CCL presenta","Cine @es","Estilo de Vida","La Marina Casa de Campo","Noticias Locales","Rep\u00fablica Dominicana @es","Resort Casa de Campo"],"inLanguage":"es"},{"@type":"WebPage","@id":"https:\/\/casadecampoliving.com\/es\/cartelera-de-cine-del-29-de-mayo-al-04-de-junio\/","url":"https:\/\/casadecampoliving.com\/es\/cartelera-de-cine-del-29-de-mayo-al-04-de-junio\/","name":"Cartelera de Cine: del 29 de mayo al 04 de junio | Casa de Campo Living","isPartOf":{"@id":"https:\/\/casadecampoliving.com\/es\/#website"},"primaryImageOfPage":{"@id":"https:\/\/casadecampoliving.com\/es\/cartelera-de-cine-del-29-de-mayo-al-04-de-junio\/#primaryimage"},"image":{"@id":"https:\/\/casadecampoliving.com\/es\/cartelera-de-cine-del-29-de-mayo-al-04-de-junio\/#primaryimage"},"thumbnailUrl":"https:\/\/i0.wp.com\/casadecampoliving.com\/wp-content\/uploads\/2022\/10\/CDCAMP-29-de-mayo_l-1.jpg?fit=800%2C346&ssl=1","datePublished":"2014-05-29T04:00:00+00:00","dateModified":"2022-10-21T22:55:09+00:00","description":"Para esta semana el cine de la Marina Casa de Campo nos trae en cartelera 2 pel\u00edculas nuevas: \u201cMal\u00e9fica\u201d y&nbsp;\u201cJuntos y Revueltos\u201d,&nbsp;mientras","breadcrumb":{"@id":"https:\/\/casadecampoliving.com\/es\/cartelera-de-cine-del-29-de-mayo-al-04-de-junio\/#breadcrumb"},"inLanguage":"es","potentialAction":[{"@type":"ReadAction","target":["https:\/\/casadecampoliving.com\/es\/cartelera-de-cine-del-29-de-mayo-al-04-de-junio\/"]}]},{"@type":"ImageObject","inLanguage":"es","@id":"https:\/\/casadecampoliving.com\/es\/cartelera-de-cine-del-29-de-mayo-al-04-de-junio\/#primaryimage","url":"https:\/\/i0.wp.com\/casadecampoliving.com\/wp-content\/uploads\/2022\/10\/CDCAMP-29-de-mayo_l-1.jpg?fit=800%2C346&ssl=1","contentUrl":"https:\/\/i0.wp.com\/casadecampoliving.com\/wp-content\/uploads\/2022\/10\/CDCAMP-29-de-mayo_l-1.jpg?fit=800%2C346&ssl=1","width":800,"height":346},{"@type":"BreadcrumbList","@id":"https:\/\/casadecampoliving.com\/es\/cartelera-de-cine-del-29-de-mayo-al-04-de-junio\/#breadcrumb","itemListElement":[{"@type":"ListItem","position":1,"name":"Home","item":"https:\/\/casadecampoliving.com\/es\/"},{"@type":"ListItem","position":2,"name":"Cartelera de Cine: del 29 de mayo al 04 de junio"}]},{"@type":"WebSite","@id":"https:\/\/casadecampoliving.com\/es\/#website","url":"https:\/\/casadecampoliving.com\/es\/","name":"Casa de Campo Living","description":"Resort community news and resources.","publisher":{"@id":"https:\/\/casadecampoliving.com\/es\/#organization"},"potentialAction":[{"@type":"SearchAction","target":{"@type":"EntryPoint","urlTemplate":"https:\/\/casadecampoliving.com\/es\/?s={search_term_string}"},"query-input":{"@type":"PropertyValueSpecification","valueRequired":true,"valueName":"search_term_string"}}],"inLanguage":"es"},{"@type":"Organization","@id":"https:\/\/casadecampoliving.com\/es\/#organization","name":"Casa de Campo Living","url":"https:\/\/casadecampoliving.com\/es\/","logo":{"@type":"ImageObject","inLanguage":"es","@id":"https:\/\/casadecampoliving.com\/es\/#\/schema\/logo\/image\/","url":"https:\/\/i0.wp.com\/casadecampoliving.com\/wp-content\/uploads\/2022\/07\/CDCLivingLogo_V1-white-sized.png?fit=800%2C214&ssl=1","contentUrl":"https:\/\/i0.wp.com\/casadecampoliving.com\/wp-content\/uploads\/2022\/07\/CDCLivingLogo_V1-white-sized.png?fit=800%2C214&ssl=1","width":800,"height":214,"caption":"Casa de Campo Living"},"image":{"@id":"https:\/\/casadecampoliving.com\/es\/#\/schema\/logo\/image\/"},"sameAs":["https:\/\/www.facebook.com\/casadecampoliving","https:\/\/x.com\/cdcliving"]},{"@type":"Person","@id":"https:\/\/casadecampoliving.com\/es\/#\/schema\/person\/c8efa6049510554b7d5fea078d728f72","name":"Perkin Agramonte","image":{"@type":"ImageObject","inLanguage":"es","@id":"https:\/\/secure.gravatar.com\/avatar\/57bfdafcae55fb83dbb79a1585a9eab7f269b7720fb0b64cb9a4e0cd2962fa10?s=96&d=mm&r=g","url":"https:\/\/secure.gravatar.com\/avatar\/57bfdafcae55fb83dbb79a1585a9eab7f269b7720fb0b64cb9a4e0cd2962fa10?s=96&d=mm&r=g","contentUrl":"https:\/\/secure.gravatar.com\/avatar\/57bfdafcae55fb83dbb79a1585a9eab7f269b7720fb0b64cb9a4e0cd2962fa10?s=96&d=mm&r=g","caption":"Perkin Agramonte"},"url":"https:\/\/casadecampoliving.com\/es\/author\/cagramonte\/"}]}},"parsely":{"version":"1.1.0","canonical_url":"https:\/\/casadecampoliving.com\/es\/cartelera-de-cine-del-29-de-mayo-al-04-de-junio\/","smart_links":{"inbound":0,"outbound":0},"traffic_boost_suggestions_count":0,"meta":{"@context":"https:\/\/schema.org","@type":"NewsArticle","headline":"Cartelera de Cine: del 29 de mayo al 04 de junio","url":"http:\/\/casadecampoliving.com\/es\/cartelera-de-cine-del-29-de-mayo-al-04-de-junio\/","mainEntityOfPage":{"@type":"WebPage","@id":"http:\/\/casadecampoliving.com\/es\/cartelera-de-cine-del-29-de-mayo-al-04-de-junio\/"},"thumbnailUrl":"https:\/\/i0.wp.com\/casadecampoliving.com\/wp-content\/uploads\/2022\/10\/CDCAMP-29-de-mayo_l-1.jpg?resize=150%2C150&ssl=1","image":{"@type":"ImageObject","url":"https:\/\/i0.wp.com\/casadecampoliving.com\/wp-content\/uploads\/2022\/10\/CDCAMP-29-de-mayo_l-1.jpg?fit=800%2C346&ssl=1"},"articleSection":"Arte y cultura","author":[{"@type":"Person","name":"Perkin Agramonte"}],"creator":["Perkin Agramonte"],"publisher":{"@type":"Organization","name":"Casa de Campo Living","logo":"https:\/\/casadecampoliving.com\/wp-content\/uploads\/2022\/07\/CDCLivingLogo_V1-white-sized.png"},"keywords":["casa de campo @es","casa de campo living","casa de campo resort @es","la marina casa de campo @es","nuevas peliculas"],"dateCreated":"2014-05-29T04:00:00Z","datePublished":"2014-05-29T04:00:00Z","dateModified":"2022-10-21T22:55:09Z"},"rendered":"<script type=\"application\/ld+json\" class=\"wp-parsely-metadata\">{\"@context\":\"https:\\\/\\\/schema.org\",\"@type\":\"NewsArticle\",\"headline\":\"Cartelera de Cine: del 29 de mayo al 04 de junio\",\"url\":\"http:\\\/\\\/casadecampoliving.com\\\/es\\\/cartelera-de-cine-del-29-de-mayo-al-04-de-junio\\\/\",\"mainEntityOfPage\":{\"@type\":\"WebPage\",\"@id\":\"http:\\\/\\\/casadecampoliving.com\\\/es\\\/cartelera-de-cine-del-29-de-mayo-al-04-de-junio\\\/\"},\"thumbnailUrl\":\"https:\\\/\\\/i0.wp.com\\\/casadecampoliving.com\\\/wp-content\\\/uploads\\\/2022\\\/10\\\/CDCAMP-29-de-mayo_l-1.jpg?resize=150%2C150&ssl=1\",\"image\":{\"@type\":\"ImageObject\",\"url\":\"https:\\\/\\\/i0.wp.com\\\/casadecampoliving.com\\\/wp-content\\\/uploads\\\/2022\\\/10\\\/CDCAMP-29-de-mayo_l-1.jpg?fit=800%2C346&ssl=1\"},\"articleSection\":\"Arte y cultura\",\"author\":[{\"@type\":\"Person\",\"name\":\"Perkin Agramonte\"}],\"creator\":[\"Perkin Agramonte\"],\"publisher\":{\"@type\":\"Organization\",\"name\":\"Casa de Campo Living\",\"logo\":\"https:\\\/\\\/casadecampoliving.com\\\/wp-content\\\/uploads\\\/2022\\\/07\\\/CDCLivingLogo_V1-white-sized.png\"},\"keywords\":[\"casa de campo @es\",\"casa de campo living\",\"casa de campo resort @es\",\"la marina casa de campo @es\",\"nuevas peliculas\"],\"dateCreated\":\"2014-05-29T04:00:00Z\",\"datePublished\":\"2014-05-29T04:00:00Z\",\"dateModified\":\"2022-10-21T22:55:09Z\"}<\/script>","tracker_url":"https:\/\/cdn.parsely.com\/keys\/casadecampoliving.com\/p.js"},"jetpack_publicize_connections":[],"jetpack_featured_media_url":"https:\/\/i0.wp.com\/casadecampoliving.com\/wp-content\/uploads\/2022\/10\/CDCAMP-29-de-mayo_l-1.jpg?fit=800%2C346&ssl=1","jetpack-related-posts":[{"id":344411,"url":"https:\/\/casadecampoliving.com\/es\/cartelera-de-cine-del-22-al-28-de-mayo\/","url_meta":{"origin":344501,"position":0},"title":"Cartelera de Cine: del 22 al 28 de mayo","author":"Perkin Agramonte","date":"22 May, 2014","format":false,"excerpt":"Para esta semana el cine de la Marina Casa de Campo nos trae en cartelera 1 pel\u00edcula nueva: \u201cX-Men: D\u00edas del futuro pasado\u201d,\u00a0mientras todav\u00eda en las salas tenemos\u00a0\u201cLa Extra\u00f1a\u201d,\u00a0\u201cGodzilla\u201d\u00a0y\u00a0\u201cRio 2\u201d\u00a0.\u00a0Salvedad:\u00a0A partir de ahora el cine de La Marina Casa de Campo estar\u00e1 abierto\u00a0todos los d\u00edas hasta nuevo aviso. X-Men: D\u00edas\u2026","rel":"","context":"En \u00abArte y cultura\u00bb","block_context":{"text":"Arte y cultura","link":"https:\/\/casadecampoliving.com\/category\/arte-y-cultura\/"},"img":{"alt_text":"","src":"https:\/\/i0.wp.com\/casadecampoliving.com\/wp-content\/uploads\/2022\/10\/CDCAMP-22-de-mayo_ccl-1.jpg?fit=650%2C280&ssl=1&resize=350%2C200","width":350,"height":200,"srcset":"https:\/\/i0.wp.com\/casadecampoliving.com\/wp-content\/uploads\/2022\/10\/CDCAMP-22-de-mayo_ccl-1.jpg?fit=650%2C280&ssl=1&resize=350%2C200 1x, https:\/\/i0.wp.com\/casadecampoliving.com\/wp-content\/uploads\/2022\/10\/CDCAMP-22-de-mayo_ccl-1.jpg?fit=650%2C280&ssl=1&resize=525%2C300 1.5x"},"classes":[]},{"id":349890,"url":"https:\/\/casadecampoliving.com\/es\/marina-casa-de-campo-cartelera-de-cine-26-de-mayo-1ro-de-junio\/","url_meta":{"origin":344501,"position":1},"title":"Marina Casa de Campo cartelera de cine: 26 de mayo &#8211; 1ro de junio","author":"Felix Guerrero","date":"26 May, 2016","format":false,"excerpt":"Para esta semana, el cine de la Marina Casa de Campo nos trae dos\u00a0nuevas pel\u00edculas: \u201cAlicia A Trav\u00e9s del Espejo\u201d y\u00a0\u201cFeliz D\u00eda de la Madre\u201d.\u00a0Mientras que en sala todav\u00eda tenemos:\u00a0\u201cX-Men: Aplocalypse\u201d\u00a0y\u00a0\u201cAngry Birds\u201d. \u201cAlicia A Trav\u00e9s del Espejo\u201dProyecciones: Lunes \u2013 Domingo, 6:55pm & 9:25pm S\u00e1bado \u2013 Domingo, 4:25pm & 9:25pm Sinopsis:\u00a0Alicia\u2026","rel":"","context":"En \u00abCine @es\u00bb","block_context":{"text":"Cine @es","link":"https:\/\/casadecampoliving.com\/es\/category\/cine-3\/"},"img":{"alt_text":"Cartelera 26 de Mayo 2016","src":"https:\/\/i0.wp.com\/casadecampoliving.com\/wp-content\/uploads\/2022\/10\/Cartelera-26-de-Mayo-2016-1.jpg?fit=800%2C348&ssl=1&resize=350%2C200","width":350,"height":200,"srcset":"https:\/\/i0.wp.com\/casadecampoliving.com\/wp-content\/uploads\/2022\/10\/Cartelera-26-de-Mayo-2016-1.jpg?fit=800%2C348&ssl=1&resize=350%2C200 1x, https:\/\/i0.wp.com\/casadecampoliving.com\/wp-content\/uploads\/2022\/10\/Cartelera-26-de-Mayo-2016-1.jpg?fit=800%2C348&ssl=1&resize=525%2C300 1.5x, https:\/\/i0.wp.com\/casadecampoliving.com\/wp-content\/uploads\/2022\/10\/Cartelera-26-de-Mayo-2016-1.jpg?fit=800%2C348&ssl=1&resize=700%2C400 2x"},"classes":[]},{"id":344533,"url":"https:\/\/casadecampoliving.com\/es\/cartelera-de-cine-del-05-al-11-de-junio\/","url_meta":{"origin":344501,"position":2},"title":"Cartelera de Cine: del 05 al 11 de junio","author":"Perkin Agramonte","date":"5 Jun, 2014","format":false,"excerpt":"Para esta semana el cine de la Marina Casa de Campo nos trae en cartelera 1 pel\u00edcula nueva: \u201cAl Filo del Ma\u00f1ana\u201d,\u00a0mientras todav\u00eda en sala tenemos\u00a0\u201cMal\u00e9fica\u201d y\u00a0\u201cJuntos y Revueltos\u201d\u00a0.\u00a0Salvedad:\u00a0A partir de ahora el cine de La Marina Casa de Campo estar\u00e1 abierto\u00a0todos los d\u00edas hasta nuevo aviso. Al Filo del\u2026","rel":"","context":"En \u00abArte y cultura\u00bb","block_context":{"text":"Arte y cultura","link":"https:\/\/casadecampoliving.com\/category\/arte-y-cultura\/"},"img":{"alt_text":"","src":"https:\/\/i0.wp.com\/casadecampoliving.com\/wp-content\/uploads\/2022\/10\/CDCAMP_movie_times-1.jpg?fit=650%2C281&ssl=1&resize=350%2C200","width":350,"height":200,"srcset":"https:\/\/i0.wp.com\/casadecampoliving.com\/wp-content\/uploads\/2022\/10\/CDCAMP_movie_times-1.jpg?fit=650%2C281&ssl=1&resize=350%2C200 1x, https:\/\/i0.wp.com\/casadecampoliving.com\/wp-content\/uploads\/2022\/10\/CDCAMP_movie_times-1.jpg?fit=650%2C281&ssl=1&resize=525%2C300 1.5x"},"classes":[]},{"id":338390,"url":"https:\/\/casadecampoliving.com\/es\/cartelera-de-cine-16-al-23-feb\/","url_meta":{"origin":344501,"position":3},"title":"Cartelera de Cine: 16 al 23 feb !","author":"","date":"16 Feb, 2012","format":false,"excerpt":"Esta semana, el cine de La Marina Casa de Campo nos trae dos nuevas pel\u00edculas ; \u201cLos descendientes\u201d y\u00a0\u201cHugo\u201d, A\u00fan en las salas, \u201cLa Chica del Drag\u00f3n Tatuado\u201d! Los Descendientes\u00a0[ver trailer,\u00a0\u00a0leer cr\u00edtica] Matt King (George Clooney), casado y padre de dos ni\u00f1as, se ve obligado a reconsiderar su pasado y\u2026","rel":"","context":"En \u00abArte y cultura\u00bb","block_context":{"text":"Arte y cultura","link":"https:\/\/casadecampoliving.com\/category\/arte-y-cultura\/"},"img":{"alt_text":"cine marina casa de campo","src":"https:\/\/i0.wp.com\/casadecampoliving.com\/wp-content\/uploads\/2022\/10\/cine_marina_casa_de_campo3-1.jpg?fit=650%2C275&ssl=1&resize=350%2C200","width":350,"height":200,"srcset":"https:\/\/i0.wp.com\/casadecampoliving.com\/wp-content\/uploads\/2022\/10\/cine_marina_casa_de_campo3-1.jpg?fit=650%2C275&ssl=1&resize=350%2C200 1x, https:\/\/i0.wp.com\/casadecampoliving.com\/wp-content\/uploads\/2022\/10\/cine_marina_casa_de_campo3-1.jpg?fit=650%2C275&ssl=1&resize=525%2C300 1.5x"},"classes":[]},{"id":338450,"url":"https:\/\/casadecampoliving.com\/es\/cartelera-de-cine-de-la-marina-23-de-feb-al-1-de-mar\/","url_meta":{"origin":344501,"position":4},"title":"Cartelera de Cine de La Marina: 23 de feb al 1 de mar!","author":"","date":"23 Feb, 2012","format":false,"excerpt":"Esta semana, el cine de La Marina Casa de Campo nos trae una nueva pel\u00edcula; \u201cEl Caballo de la Batalla\u201d.\u00a0A\u00fan en las salas, \u201cHugo\u201d y \u201cLos Descendientes\u201d! Caballo de la Batalla\u00a0[ver trailer,\u00a0leer sinopsis] Relato de la extraordinaria amistad entre un caballo llamado Joey y un joven muchacho, Albert, encargado de\u2026","rel":"","context":"En \u00abArte y cultura\u00bb","block_context":{"text":"Arte y cultura","link":"https:\/\/casadecampoliving.com\/category\/arte-y-cultura\/"},"img":{"alt_text":"marina casa de campo cine","src":"https:\/\/i0.wp.com\/casadecampoliving.com\/wp-content\/uploads\/2022\/10\/marina_casa_de_campo_cine-5.jpg?fit=650%2C279&ssl=1&resize=350%2C200","width":350,"height":200,"srcset":"https:\/\/i0.wp.com\/casadecampoliving.com\/wp-content\/uploads\/2022\/10\/marina_casa_de_campo_cine-5.jpg?fit=650%2C279&ssl=1&resize=350%2C200 1x, https:\/\/i0.wp.com\/casadecampoliving.com\/wp-content\/uploads\/2022\/10\/marina_casa_de_campo_cine-5.jpg?fit=650%2C279&ssl=1&resize=525%2C300 1.5x"},"classes":[]},{"id":351609,"url":"https:\/\/casadecampoliving.com\/es\/marina-casa-de-campo-cartelera-de-cine-15-21-de-junio\/","url_meta":{"origin":344501,"position":5},"title":"Marina Casa de Campo Cartelera de Cine: 15-21 de junio","author":"Heather Lincoln","date":"15 Jun, 2017","format":false,"excerpt":"\u00a1FELIZ DIA FERIADO! Mientras disfruta de este d\u00eda de fiesta nacional con la familia, aqu\u00ed compartimos algunas sugerencias sobre que ver en el cine, \u00a1en caso de que se le antoje palomitas y pel\u00edculas! Esta semana el cine de La Marina Casa de Campo agrega dos nuevos estrenos a su\u2026","rel":"","context":"En \u00abCine @es\u00bb","block_context":{"text":"Cine @es","link":"https:\/\/casadecampoliving.com\/es\/category\/cine-3\/"},"img":{"alt_text":"Movie Times","src":"https:\/\/i0.wp.com\/casadecampoliving.com\/wp-content\/uploads\/2022\/10\/CDCAMP-15-Junio-e1497536100726.jpg?fit=800%2C356&ssl=1&resize=350%2C200","width":350,"height":200,"srcset":"https:\/\/i0.wp.com\/casadecampoliving.com\/wp-content\/uploads\/2022\/10\/CDCAMP-15-Junio-e1497536100726.jpg?fit=800%2C356&ssl=1&resize=350%2C200 1x, https:\/\/i0.wp.com\/casadecampoliving.com\/wp-content\/uploads\/2022\/10\/CDCAMP-15-Junio-e1497536100726.jpg?fit=800%2C356&ssl=1&resize=525%2C300 1.5x, https:\/\/i0.wp.com\/casadecampoliving.com\/wp-content\/uploads\/2022\/10\/CDCAMP-15-Junio-e1497536100726.jpg?fit=800%2C356&ssl=1&resize=700%2C400 2x"},"classes":[]}],"jetpack_sharing_enabled":true,"_links":{"self":[{"href":"https:\/\/casadecampoliving.com\/es\/wp-json\/wp\/v2\/posts\/344501","targetHints":{"allow":["GET"]}}],"collection":[{"href":"https:\/\/casadecampoliving.com\/es\/wp-json\/wp\/v2\/posts"}],"about":[{"href":"https:\/\/casadecampoliving.com\/es\/wp-json\/wp\/v2\/types\/post"}],"author":[{"embeddable":true,"href":"https:\/\/casadecampoliving.com\/es\/wp-json\/wp\/v2\/users\/1097"}],"replies":[{"embeddable":true,"href":"https:\/\/casadecampoliving.com\/es\/wp-json\/wp\/v2\/comments?post=344501"}],"version-history":[{"count":1,"href":"https:\/\/casadecampoliving.com\/es\/wp-json\/wp\/v2\/posts\/344501\/revisions"}],"predecessor-version":[{"id":344502,"href":"https:\/\/casadecampoliving.com\/es\/wp-json\/wp\/v2\/posts\/344501\/revisions\/344502"}],"wp:featuredmedia":[{"embeddable":true,"href":"https:\/\/casadecampoliving.com\/es\/wp-json\/wp\/v2\/media\/245321"}],"wp:attachment":[{"href":"https:\/\/casadecampoliving.com\/es\/wp-json\/wp\/v2\/media?parent=344501"}],"wp:term":[{"taxonomy":"category","embeddable":true,"href":"https:\/\/casadecampoliving.com\/es\/wp-json\/wp\/v2\/categories?post=344501"},{"taxonomy":"post_tag","embeddable":true,"href":"https:\/\/casadecampoliving.com\/es\/wp-json\/wp\/v2\/tags?post=344501"},{"taxonomy":"newspack_spnsrs_tax","embeddable":true,"href":"https:\/\/casadecampoliving.com\/es\/wp-json\/wp\/v2\/newspack_spnsrs_tax?post=344501"}],"curies":[{"name":"wp","href":"https:\/\/api.w.org\/{rel}","templated":true}]}}