{"id":344421,"date":"2014-05-21T00:00:00","date_gmt":"2014-05-21T04:00:00","guid":{"rendered":"https:\/\/casadecampoliving.com\/las-fechas-para-duenos-2014-han-sido-anunciadas\/"},"modified":"2022-10-21T18:52:41","modified_gmt":"2022-10-21T22:52:41","slug":"las-fechas-para-duenos-2014-han-sido-anunciadas","status":"publish","type":"post","link":"https:\/\/casadecampoliving.com\/es\/las-fechas-para-duenos-2014-han-sido-anunciadas\/","title":{"rendered":"\u00a1Las fechas de Due\u00f1os 2014 han sido anunciadas!"},"content":{"rendered":"<div class=\"wp-block-image\">\n<figure class=\"aligncenter is-resized\"><a href=\"https:\/\/i0.wp.com\/casadecampoliving.com\/wp-content\/uploads\/2022\/10\/alfonso_paniagua_claudio_silvestri-2.jpg?ssl=1\"><img loading=\"lazy\" decoding=\"async\" src=\"https:\/\/i0.wp.com\/casadecampoliving.com\/wp-content\/uploads\/2022\/10\/alfonso_paniagua_claudio_silvestri-2.jpg?resize=650%2C436&amp;ssl=1\" alt=\"alfonso_paniagua_claudio_silvestri\" class=\"wp-image-90002\" height=\"436\" width=\"650\"\/><\/a><\/figure>\n<\/div>\n\n\n<p>\u00a1Nos entusiasma traerles excelentes noticias! Las fechas de&nbsp;uno de nuestros eventos anuales favoritos han sido anunciadas. La celebraci\u00f3n organizada por Costasur y Casa de Campo para los due\u00f1os de villa, \u201cDue\u00f1os 2014\u201d, tomar\u00e1 lugar del <strong>14 a 15 de noviembre.&nbsp;<\/strong><\/p>\n\n\n\n<!--more-->\n\n\n\n<p>Nos parece que al pasar de los a\u00f1os&nbsp;estas celebraciones solamente se ponen mejores y m\u00e1s emocionantes. As\u00ed que anotenlo en sus calendarios y no olviden guardar la fecha, porque aunque no le podemos ofrecer detalles espec\u00edficos en este momento, les aseguramos que este a\u00f1o el Fin de Semana de Due\u00f1os viene m\u00e1s prometedor que nunca.<\/p>\n\n\n\n<p>Aunque no podemos ofrecerle muchos detalles todav\u00eda, hemos estado en suficientes de estos eventos para poder compartirles un poco de lo que les espera.<\/p>\n\n\n\n<p>Es una tradici\u00f3n marcar el inicio de las celebraciones con la <a title=\"Finalista a Miss Universo y Miss Per\u00fa-Italia vistas en Due\u00f1os 2013 \u201centrega de regalos\u201d\" href=\"https:\/\/casadecampoliving.com\/es\/miss-universo-y-miss-peru-duenos-2013\/\">\u201centrega de regalos\u201d<\/a> el viernes, donde los due\u00f1os reciben sus bolsas de regalo y se les proporciona entretenimiento y refrigerios por el Hotel de Casa de Campo.<\/p>\n\n\n<div class=\"wp-block-image\">\n<figure class=\"aligncenter is-resized\"><img loading=\"lazy\" decoding=\"async\" src=\"https:\/\/i0.wp.com\/casadecampoliving.com\/wp-content\/uploads\/2022\/10\/polo_casa_de_campo-8.jpg?resize=650%2C433&amp;ssl=1\" alt=\"polo_casa_de_campo\" class=\"wp-image-90003\" height=\"433\" width=\"650\"\/><\/figure>\n<\/div>\n\n<div class=\"wp-block-image\">\n<figure class=\"alignright is-resized\"><a href=\"https:\/\/i0.wp.com\/casadecampoliving-wp.s3-accelerate.amazonaws.com\/2014\/05\/duenos-2013-tennis-tournament1.jpg?ssl=1\"><img loading=\"lazy\" decoding=\"async\" src=\"https:\/\/i0.wp.com\/casadecampoliving.com\/wp-content\/uploads\/2022\/10\/duenos-2013-tennis-tournament1-248x300-2.jpg?resize=248%2C300&amp;ssl=1\" alt=\"\" class=\"wp-image-90022\" height=\"300\" width=\"248\"\/><\/a><\/figure>\n<\/div>\n\n\n<p><br>\nSin embargo, es en el s\u00e1bado donde encontrar\u00e1n la verdadera diversi\u00f3n, ya que el d\u00eda acostumbra estar lleno de actividades para toda la familia y para todas las preferencias. Ya que Casa de Campo presume de tantas oportunidades deportivas, el Fin de Semana de Due\u00f1os est\u00e1 usualmente lleno de torneos y competencias como son los torneos de <a title=\"Conoce los ganadores del torneo de tenis Due\u00f1os 2013\" href=\"https:\/\/casadecampoliving.com\/es\/ganadores-torneo-tenis-duenos-2013\/\">tennis<\/a>, <a title=\"Torneo de golf \u201cDue\u00f1os 2013\u2033 realizado en Links y Teeth of the Dog\" href=\"https:\/\/casadecampoliving.com\/es\/torneo-de-golf-duenos-2013-links-teeth-dog\/\">golf<\/a>, <a title=\"Casa de Campo vence La Lopera en el Torneo de Polo en Due\u00f1os 2013\" href=\"https:\/\/casadecampoliving.com\/es\/casa-de-campo-vence-la-lopera-en-el-torneo-de-polo-en-duenos-2013\/\">polo<\/a>,&nbsp;<a title=\"\u00a1Buen tiro! Poniendo en mira el torneo de tiro de Due\u00f1os 2013\" href=\"https:\/\/casadecampoliving.com\/es\/nice-shot-taking-aim-duenos-shooting-tournament\/\">tiro<\/a>&nbsp;y por supuesto el popular y ya tradicional <a title=\"Due\u00f1os 2013: Casathon \u201ctraves\u00eda de la resistencia\u201d\" href=\"https:\/\/casadecampoliving.com\/es\/casathon-travesia-de-la-resistencia-duenos-2013\/\">marat\u00f3n \u201cCasath\u00f3n\u201d<\/a>. Para los atletas menos intensos usualmente tambi\u00e9n se ofrece una relajante clase de yoga en la playa. Luego de tanto ejercicio y emoci\u00f3n todo el mundo necesita una noche relajada y divertida, por lo cual Costasur organiza la <a title=\"La \u00e9pica fiesta de Due\u00f1os 2013 en Playa Minitas\" href=\"https:\/\/casadecampoliving.com\/es\/fiesta-duenos-playa-minitas\/\">anual cena bailable<\/a>&nbsp;para concluir las celebraciones del fin de semana y entregar los premios a los ganadores de los torneos. Esta fiesta, lo cual el a\u00f1o pasado fue llevada a cabo en Playa Minitas, es siempre un gran \u00e9xito y una de las actividades favoritas de todos los due\u00f1os de villa.<\/p>\n\n\n<div class=\"wp-block-image\">\n<figure class=\"aligncenter is-resized\"><a href=\"https:\/\/i0.wp.com\/casadecampoliving.com\/wp-content\/uploads\/2022\/10\/mamma_egi_maccioni-2.jpg?ssl=1\"><img loading=\"lazy\" decoding=\"async\" src=\"https:\/\/i0.wp.com\/casadecampoliving.com\/wp-content\/uploads\/2022\/10\/mamma_egi_maccioni-2.jpg?resize=620%2C323&amp;ssl=1\" alt=\"mamma_egi_maccioni\" class=\"wp-image-90007\" height=\"323\" width=\"620\"\/><\/a><\/figure>\n<\/div>\n\n\n<p>El a\u00f1o pasado a los due\u00f1os de villa se les di\u00f3 por primera vez la oportunidad de tener una <a title=\"Clases de cocina con Mamma Egi \u2013 evento especial para la celebraci\u00f3n de Due\u00f1os\" href=\"https:\/\/casadecampoliving.com\/es\/clases-de-cocina-mamma-egi\/\">clase de cocina con Mamma Egi<\/a>, conocida por su exquisita comida en el Beach Club by Le Cirque. Fue sin duda un privilegio para todos los all\u00ed presente el poder aprender de sus excelentes t\u00e9cnicas culinarias y poder aprender a crear&nbsp;algo al menos parecido a las delicias que hace ella.<\/p>\n\n\n\n<p class=\"has-text-align-center\"><strong>\u00a1Due\u00f1os 2014: 14 y 15 de noviembre! \u00a1No te lo pierdas!<\/strong><\/p>\n\n\n\n<blockquote><p>&nbsp;<a title=\"Una gran celebraci\u00f3n de Due\u00f1os\" href=\"https:\/\/casadecampoliving.com\/es\/una-gran-celebracion-de-duenos\/\"><strong>Una celebraci\u00f3n de Due\u00f1os EPICA<\/strong><\/a><\/p><figure><a href=\"https:\/\/i0.wp.com\/casadecampoliving.com\/wp-content\/uploads\/2022\/10\/casa_de_campo_villa_owners_duenos_beach_party2-2.jpg?ssl=1\"><img decoding=\"async\" loading=\"lazy\" class=\"aligncenter size-full wp-image-90032\" src=\"https:\/\/i0.wp.com\/casadecampoliving.com\/wp-content\/uploads\/2022\/10\/casa_de_campo_villa_owners_duenos_beach_party2-2.jpg?resize=650%2C433&amp;ssl=1\" alt=\"casa_de_campo_villa_owners_due\u00f1os_beach_party2\" width=\"650\" height=\"433\"><\/a><\/figure><p style=\"text-align: center;\"><\/p><p>Nos quitamos el sombrero y felicitamos a Casa de Campo y Costasur por organizar la mejor celebraci\u00f3n de Due\u00f1os de&nbsp;a\u00f1os recientes. La fiesta en la playa fue \u00e9pica.<\/p><p>Para ser m\u00e1s honestos la celebraci\u00f3n entera de Due\u00f1os 2013, para los due\u00f1os de villas de Casa de Campo, el pasado fin de semana el viernes y s\u00e1bado 23 y 24 de noviembre fue sobresaliente.<\/p><p style=\"text-align: left;\"><a title=\"Una gran celebraci\u00f3n de Due\u00f1os\" href=\"https:\/\/casadecampoliving.com\/es\/una-gran-celebracion-de-duenos\/\"><span style=\"color: #0c2141;\">CLIQUEE AQUI PARA VER MAS FOTOS<\/span><\/a><\/p><\/blockquote>\n","protected":false},"excerpt":{"rendered":"<p>\u00a1Nos entusiasma traerles excelentes noticias! Las fechas de&nbsp;uno de nuestros eventos anuales favoritos han sido anunciadas. La celebraci\u00f3n organizada por Costasur y Casa de Campo para los due\u00f1os de villa, \u201cDue\u00f1os 2014\u201d, tomar\u00e1 lugar del 14 a 15 de noviembre.&nbsp;<\/p>\n","protected":false},"author":454,"featured_media":241461,"comment_status":"closed","ping_status":"closed","sticky":false,"template":"","format":"standard","meta":{"newspack_ads_suppress_ads":false,"newspack_popups_has_disabled_popups":false,"newspack_sponsor_sponsorship_scope":"","newspack_sponsor_native_byline_display":"inherit","newspack_sponsor_native_category_display":"inherit","newspack_sponsor_underwriter_style":"inherit","newspack_sponsor_underwriter_placement":"inherit","_newspack_byline_active":false,"_newspack_byline":"","newspack_hide_updated_date":false,"newspack_show_updated_date":false,"newspack_content_restriction_is_exempt":false,"newspack_featured_image_position":"","newspack_post_subtitle":"","newspack_article_summary_title":"Overview:","newspack_article_summary":"","_jetpack_memberships_contains_paid_content":false,"footnotes":"","jetpack_publicize_message":"","jetpack_publicize_feature_enabled":true,"jetpack_social_post_already_shared":false,"jetpack_social_options":{"image_generator_settings":{"template":"highway","default_image_id":0,"font":"","enabled":false},"version":2},"_wpas_customize_per_network":false},"categories":[2519,2524,2522,14625,14627,26822,2526,2498],"tags":[9190],"newspack_spnsrs_tax":[],"class_list":["post-344421","post","type-post","status-publish","format-standard","has-post-thumbnail","hentry","category-costasur-dominicana-es","category-destacados","category-eventos-es","category-noticias-locales","category-proximamente","category-resort-casa-de-campo","category-titulares-es","category-uncategorized-es","tag-duenos-2014-es","entry"],"yoast_head":"<!-- This site is optimized with the Yoast SEO plugin v27.5 - https:\/\/yoast.com\/product\/yoast-seo-wordpress\/ -->\n<title>\u00a1Las fechas de Due\u00f1os 2014 han sido anunciadas! | Casa de Campo Living<\/title>\n<meta name=\"description\" content=\"\u00a1Nos entusiasma traerles excelentes noticias! Las fechas de&nbsp;uno de nuestros eventos anuales favoritos han sido anunciadas. La celebraci\u00f3n organizada\" \/>\n<meta name=\"robots\" content=\"index, follow, max-snippet:-1, max-image-preview:large, max-video-preview:-1\" \/>\n<link rel=\"canonical\" href=\"https:\/\/casadecampoliving.com\/es\/las-fechas-para-duenos-2014-han-sido-anunciadas\/\" \/>\n<meta property=\"og:locale\" content=\"es_ES\" \/>\n<meta property=\"og:type\" content=\"article\" \/>\n<meta property=\"og:title\" content=\"\u00a1Las fechas de Due\u00f1os 2014 han sido anunciadas! | Casa de Campo Living\" \/>\n<meta property=\"og:description\" content=\"\u00a1Nos entusiasma traerles excelentes noticias! Las fechas de&nbsp;uno de nuestros eventos anuales favoritos han sido anunciadas. La celebraci\u00f3n organizada\" \/>\n<meta property=\"og:url\" content=\"https:\/\/casadecampoliving.com\/es\/las-fechas-para-duenos-2014-han-sido-anunciadas\/\" \/>\n<meta property=\"og:site_name\" content=\"Casa de Campo Living\" \/>\n<meta property=\"article:publisher\" content=\"https:\/\/www.facebook.com\/casadecampoliving\" \/>\n<meta property=\"article:published_time\" content=\"2014-05-21T04:00:00+00:00\" \/>\n<meta property=\"article:modified_time\" content=\"2022-10-21T22:52:41+00:00\" \/>\n<meta property=\"og:image\" content=\"https:\/\/i0.wp.com\/casadecampoliving.com\/wp-content\/uploads\/2022\/10\/casa_de_campo_villa_owners_duenos_beach_party2-3.jpg?fit=650%2C433&ssl=1\" \/>\n\t<meta property=\"og:image:width\" content=\"650\" \/>\n\t<meta property=\"og:image:height\" content=\"433\" \/>\n\t<meta property=\"og:image:type\" content=\"image\/jpeg\" \/>\n<meta name=\"author\" content=\"Eliana Alba\" \/>\n<meta name=\"twitter:card\" content=\"summary_large_image\" \/>\n<meta name=\"twitter:creator\" content=\"@cdcliving\" \/>\n<meta name=\"twitter:site\" content=\"@cdcliving\" \/>\n<meta name=\"twitter:label1\" content=\"Escrito por\" \/>\n\t<meta name=\"twitter:data1\" content=\"Eliana Alba\" \/>\n\t<meta name=\"twitter:label2\" content=\"Tiempo de lectura\" \/>\n\t<meta name=\"twitter:data2\" content=\"3 minutos\" \/>\n<script type=\"application\/ld+json\" class=\"yoast-schema-graph\">{\"@context\":\"https:\\\/\\\/schema.org\",\"@graph\":[{\"@type\":\"Article\",\"@id\":\"https:\\\/\\\/casadecampoliving.com\\\/es\\\/las-fechas-para-duenos-2014-han-sido-anunciadas\\\/#article\",\"isPartOf\":{\"@id\":\"https:\\\/\\\/casadecampoliving.com\\\/es\\\/las-fechas-para-duenos-2014-han-sido-anunciadas\\\/\"},\"author\":{\"name\":\"Eliana Alba\",\"@id\":\"https:\\\/\\\/casadecampoliving.com\\\/es\\\/#\\\/schema\\\/person\\\/bd396a8f8ea621ed900f2d4a7407a3a2\"},\"headline\":\"\u00a1Las fechas de Due\u00f1os 2014 han sido anunciadas!\",\"datePublished\":\"2014-05-21T04:00:00+00:00\",\"dateModified\":\"2022-10-21T22:52:41+00:00\",\"mainEntityOfPage\":{\"@id\":\"https:\\\/\\\/casadecampoliving.com\\\/es\\\/las-fechas-para-duenos-2014-han-sido-anunciadas\\\/\"},\"wordCount\":521,\"publisher\":{\"@id\":\"https:\\\/\\\/casadecampoliving.com\\\/es\\\/#organization\"},\"image\":{\"@id\":\"https:\\\/\\\/casadecampoliving.com\\\/es\\\/las-fechas-para-duenos-2014-han-sido-anunciadas\\\/#primaryimage\"},\"thumbnailUrl\":\"https:\\\/\\\/i0.wp.com\\\/casadecampoliving.com\\\/wp-content\\\/uploads\\\/2022\\\/10\\\/casa_de_campo_villa_owners_duenos_beach_party2-3.jpg?fit=650%2C433&ssl=1\",\"keywords\":[\"due\u00f1os 2014 @es\"],\"articleSection\":[\"Costasur Dominicana @es\",\"Destacados\",\"Eventos\",\"Noticias Locales\",\"Proximamente\",\"Resort Casa de Campo\",\"Titulares\",\"Uncategorized @es\"],\"inLanguage\":\"es\"},{\"@type\":\"WebPage\",\"@id\":\"https:\\\/\\\/casadecampoliving.com\\\/es\\\/las-fechas-para-duenos-2014-han-sido-anunciadas\\\/\",\"url\":\"https:\\\/\\\/casadecampoliving.com\\\/es\\\/las-fechas-para-duenos-2014-han-sido-anunciadas\\\/\",\"name\":\"\u00a1Las fechas de Due\u00f1os 2014 han sido anunciadas! | Casa de Campo Living\",\"isPartOf\":{\"@id\":\"https:\\\/\\\/casadecampoliving.com\\\/es\\\/#website\"},\"primaryImageOfPage\":{\"@id\":\"https:\\\/\\\/casadecampoliving.com\\\/es\\\/las-fechas-para-duenos-2014-han-sido-anunciadas\\\/#primaryimage\"},\"image\":{\"@id\":\"https:\\\/\\\/casadecampoliving.com\\\/es\\\/las-fechas-para-duenos-2014-han-sido-anunciadas\\\/#primaryimage\"},\"thumbnailUrl\":\"https:\\\/\\\/i0.wp.com\\\/casadecampoliving.com\\\/wp-content\\\/uploads\\\/2022\\\/10\\\/casa_de_campo_villa_owners_duenos_beach_party2-3.jpg?fit=650%2C433&ssl=1\",\"datePublished\":\"2014-05-21T04:00:00+00:00\",\"dateModified\":\"2022-10-21T22:52:41+00:00\",\"description\":\"\u00a1Nos entusiasma traerles excelentes noticias! Las fechas de&nbsp;uno de nuestros eventos anuales favoritos han sido anunciadas. La celebraci\u00f3n organizada\",\"breadcrumb\":{\"@id\":\"https:\\\/\\\/casadecampoliving.com\\\/es\\\/las-fechas-para-duenos-2014-han-sido-anunciadas\\\/#breadcrumb\"},\"inLanguage\":\"es\",\"potentialAction\":[{\"@type\":\"ReadAction\",\"target\":[\"https:\\\/\\\/casadecampoliving.com\\\/es\\\/las-fechas-para-duenos-2014-han-sido-anunciadas\\\/\"]}]},{\"@type\":\"ImageObject\",\"inLanguage\":\"es\",\"@id\":\"https:\\\/\\\/casadecampoliving.com\\\/es\\\/las-fechas-para-duenos-2014-han-sido-anunciadas\\\/#primaryimage\",\"url\":\"https:\\\/\\\/i0.wp.com\\\/casadecampoliving.com\\\/wp-content\\\/uploads\\\/2022\\\/10\\\/casa_de_campo_villa_owners_duenos_beach_party2-3.jpg?fit=650%2C433&ssl=1\",\"contentUrl\":\"https:\\\/\\\/i0.wp.com\\\/casadecampoliving.com\\\/wp-content\\\/uploads\\\/2022\\\/10\\\/casa_de_campo_villa_owners_duenos_beach_party2-3.jpg?fit=650%2C433&ssl=1\",\"width\":650,\"height\":433},{\"@type\":\"BreadcrumbList\",\"@id\":\"https:\\\/\\\/casadecampoliving.com\\\/es\\\/las-fechas-para-duenos-2014-han-sido-anunciadas\\\/#breadcrumb\",\"itemListElement\":[{\"@type\":\"ListItem\",\"position\":1,\"name\":\"Home\",\"item\":\"https:\\\/\\\/casadecampoliving.com\\\/es\\\/\"},{\"@type\":\"ListItem\",\"position\":2,\"name\":\"\u00a1Las fechas de Due\u00f1os 2014 han sido anunciadas!\"}]},{\"@type\":\"WebSite\",\"@id\":\"https:\\\/\\\/casadecampoliving.com\\\/es\\\/#website\",\"url\":\"https:\\\/\\\/casadecampoliving.com\\\/es\\\/\",\"name\":\"Casa de Campo Living\",\"description\":\"Resort community news and resources.\",\"publisher\":{\"@id\":\"https:\\\/\\\/casadecampoliving.com\\\/es\\\/#organization\"},\"potentialAction\":[{\"@type\":\"SearchAction\",\"target\":{\"@type\":\"EntryPoint\",\"urlTemplate\":\"https:\\\/\\\/casadecampoliving.com\\\/es\\\/?s={search_term_string}\"},\"query-input\":{\"@type\":\"PropertyValueSpecification\",\"valueRequired\":true,\"valueName\":\"search_term_string\"}}],\"inLanguage\":\"es\"},{\"@type\":\"Organization\",\"@id\":\"https:\\\/\\\/casadecampoliving.com\\\/es\\\/#organization\",\"name\":\"Casa de Campo Living\",\"url\":\"https:\\\/\\\/casadecampoliving.com\\\/es\\\/\",\"logo\":{\"@type\":\"ImageObject\",\"inLanguage\":\"es\",\"@id\":\"https:\\\/\\\/casadecampoliving.com\\\/es\\\/#\\\/schema\\\/logo\\\/image\\\/\",\"url\":\"https:\\\/\\\/i0.wp.com\\\/casadecampoliving.com\\\/wp-content\\\/uploads\\\/2022\\\/07\\\/CDCLivingLogo_V1-white-sized.png?fit=800%2C214&ssl=1\",\"contentUrl\":\"https:\\\/\\\/i0.wp.com\\\/casadecampoliving.com\\\/wp-content\\\/uploads\\\/2022\\\/07\\\/CDCLivingLogo_V1-white-sized.png?fit=800%2C214&ssl=1\",\"width\":800,\"height\":214,\"caption\":\"Casa de Campo Living\"},\"image\":{\"@id\":\"https:\\\/\\\/casadecampoliving.com\\\/es\\\/#\\\/schema\\\/logo\\\/image\\\/\"},\"sameAs\":[\"https:\\\/\\\/www.facebook.com\\\/casadecampoliving\",\"https:\\\/\\\/x.com\\\/cdcliving\"]},{\"@type\":\"Person\",\"@id\":\"https:\\\/\\\/casadecampoliving.com\\\/es\\\/#\\\/schema\\\/person\\\/bd396a8f8ea621ed900f2d4a7407a3a2\",\"name\":\"Eliana Alba\",\"image\":{\"@type\":\"ImageObject\",\"inLanguage\":\"es\",\"@id\":\"https:\\\/\\\/secure.gravatar.com\\\/avatar\\\/9855856e733abb59c5985d70cc9f36d1c83420173446a782077af61c55fb0a9c?s=96&d=mm&r=g\",\"url\":\"https:\\\/\\\/secure.gravatar.com\\\/avatar\\\/9855856e733abb59c5985d70cc9f36d1c83420173446a782077af61c55fb0a9c?s=96&d=mm&r=g\",\"contentUrl\":\"https:\\\/\\\/secure.gravatar.com\\\/avatar\\\/9855856e733abb59c5985d70cc9f36d1c83420173446a782077af61c55fb0a9c?s=96&d=mm&r=g\",\"caption\":\"Eliana Alba\"},\"sameAs\":[\"https:\\\/\\\/casadecampoliving.com\"],\"url\":\"https:\\\/\\\/casadecampoliving.com\\\/es\\\/author\\\/ealba\\\/\"}]}<\/script>\n<!-- \/ Yoast SEO plugin. -->","yoast_head_json":{"title":"\u00a1Las fechas de Due\u00f1os 2014 han sido anunciadas! | Casa de Campo Living","description":"\u00a1Nos entusiasma traerles excelentes noticias! Las fechas de&nbsp;uno de nuestros eventos anuales favoritos han sido anunciadas. La celebraci\u00f3n organizada","robots":{"index":"index","follow":"follow","max-snippet":"max-snippet:-1","max-image-preview":"max-image-preview:large","max-video-preview":"max-video-preview:-1"},"canonical":"https:\/\/casadecampoliving.com\/es\/las-fechas-para-duenos-2014-han-sido-anunciadas\/","og_locale":"es_ES","og_type":"article","og_title":"\u00a1Las fechas de Due\u00f1os 2014 han sido anunciadas! | Casa de Campo Living","og_description":"\u00a1Nos entusiasma traerles excelentes noticias! Las fechas de&nbsp;uno de nuestros eventos anuales favoritos han sido anunciadas. La celebraci\u00f3n organizada","og_url":"https:\/\/casadecampoliving.com\/es\/las-fechas-para-duenos-2014-han-sido-anunciadas\/","og_site_name":"Casa de Campo Living","article_publisher":"https:\/\/www.facebook.com\/casadecampoliving","article_published_time":"2014-05-21T04:00:00+00:00","article_modified_time":"2022-10-21T22:52:41+00:00","og_image":[{"width":650,"height":433,"url":"https:\/\/i0.wp.com\/casadecampoliving.com\/wp-content\/uploads\/2022\/10\/casa_de_campo_villa_owners_duenos_beach_party2-3.jpg?fit=650%2C433&ssl=1","type":"image\/jpeg"}],"author":"Eliana Alba","twitter_card":"summary_large_image","twitter_creator":"@cdcliving","twitter_site":"@cdcliving","twitter_misc":{"Escrito por":"Eliana Alba","Tiempo de lectura":"3 minutos"},"schema":{"@context":"https:\/\/schema.org","@graph":[{"@type":"Article","@id":"https:\/\/casadecampoliving.com\/es\/las-fechas-para-duenos-2014-han-sido-anunciadas\/#article","isPartOf":{"@id":"https:\/\/casadecampoliving.com\/es\/las-fechas-para-duenos-2014-han-sido-anunciadas\/"},"author":{"name":"Eliana Alba","@id":"https:\/\/casadecampoliving.com\/es\/#\/schema\/person\/bd396a8f8ea621ed900f2d4a7407a3a2"},"headline":"\u00a1Las fechas de Due\u00f1os 2014 han sido anunciadas!","datePublished":"2014-05-21T04:00:00+00:00","dateModified":"2022-10-21T22:52:41+00:00","mainEntityOfPage":{"@id":"https:\/\/casadecampoliving.com\/es\/las-fechas-para-duenos-2014-han-sido-anunciadas\/"},"wordCount":521,"publisher":{"@id":"https:\/\/casadecampoliving.com\/es\/#organization"},"image":{"@id":"https:\/\/casadecampoliving.com\/es\/las-fechas-para-duenos-2014-han-sido-anunciadas\/#primaryimage"},"thumbnailUrl":"https:\/\/i0.wp.com\/casadecampoliving.com\/wp-content\/uploads\/2022\/10\/casa_de_campo_villa_owners_duenos_beach_party2-3.jpg?fit=650%2C433&ssl=1","keywords":["due\u00f1os 2014 @es"],"articleSection":["Costasur Dominicana @es","Destacados","Eventos","Noticias Locales","Proximamente","Resort Casa de Campo","Titulares","Uncategorized @es"],"inLanguage":"es"},{"@type":"WebPage","@id":"https:\/\/casadecampoliving.com\/es\/las-fechas-para-duenos-2014-han-sido-anunciadas\/","url":"https:\/\/casadecampoliving.com\/es\/las-fechas-para-duenos-2014-han-sido-anunciadas\/","name":"\u00a1Las fechas de Due\u00f1os 2014 han sido anunciadas! | Casa de Campo Living","isPartOf":{"@id":"https:\/\/casadecampoliving.com\/es\/#website"},"primaryImageOfPage":{"@id":"https:\/\/casadecampoliving.com\/es\/las-fechas-para-duenos-2014-han-sido-anunciadas\/#primaryimage"},"image":{"@id":"https:\/\/casadecampoliving.com\/es\/las-fechas-para-duenos-2014-han-sido-anunciadas\/#primaryimage"},"thumbnailUrl":"https:\/\/i0.wp.com\/casadecampoliving.com\/wp-content\/uploads\/2022\/10\/casa_de_campo_villa_owners_duenos_beach_party2-3.jpg?fit=650%2C433&ssl=1","datePublished":"2014-05-21T04:00:00+00:00","dateModified":"2022-10-21T22:52:41+00:00","description":"\u00a1Nos entusiasma traerles excelentes noticias! Las fechas de&nbsp;uno de nuestros eventos anuales favoritos han sido anunciadas. La celebraci\u00f3n organizada","breadcrumb":{"@id":"https:\/\/casadecampoliving.com\/es\/las-fechas-para-duenos-2014-han-sido-anunciadas\/#breadcrumb"},"inLanguage":"es","potentialAction":[{"@type":"ReadAction","target":["https:\/\/casadecampoliving.com\/es\/las-fechas-para-duenos-2014-han-sido-anunciadas\/"]}]},{"@type":"ImageObject","inLanguage":"es","@id":"https:\/\/casadecampoliving.com\/es\/las-fechas-para-duenos-2014-han-sido-anunciadas\/#primaryimage","url":"https:\/\/i0.wp.com\/casadecampoliving.com\/wp-content\/uploads\/2022\/10\/casa_de_campo_villa_owners_duenos_beach_party2-3.jpg?fit=650%2C433&ssl=1","contentUrl":"https:\/\/i0.wp.com\/casadecampoliving.com\/wp-content\/uploads\/2022\/10\/casa_de_campo_villa_owners_duenos_beach_party2-3.jpg?fit=650%2C433&ssl=1","width":650,"height":433},{"@type":"BreadcrumbList","@id":"https:\/\/casadecampoliving.com\/es\/las-fechas-para-duenos-2014-han-sido-anunciadas\/#breadcrumb","itemListElement":[{"@type":"ListItem","position":1,"name":"Home","item":"https:\/\/casadecampoliving.com\/es\/"},{"@type":"ListItem","position":2,"name":"\u00a1Las fechas de Due\u00f1os 2014 han sido anunciadas!"}]},{"@type":"WebSite","@id":"https:\/\/casadecampoliving.com\/es\/#website","url":"https:\/\/casadecampoliving.com\/es\/","name":"Casa de Campo Living","description":"Resort community news and resources.","publisher":{"@id":"https:\/\/casadecampoliving.com\/es\/#organization"},"potentialAction":[{"@type":"SearchAction","target":{"@type":"EntryPoint","urlTemplate":"https:\/\/casadecampoliving.com\/es\/?s={search_term_string}"},"query-input":{"@type":"PropertyValueSpecification","valueRequired":true,"valueName":"search_term_string"}}],"inLanguage":"es"},{"@type":"Organization","@id":"https:\/\/casadecampoliving.com\/es\/#organization","name":"Casa de Campo Living","url":"https:\/\/casadecampoliving.com\/es\/","logo":{"@type":"ImageObject","inLanguage":"es","@id":"https:\/\/casadecampoliving.com\/es\/#\/schema\/logo\/image\/","url":"https:\/\/i0.wp.com\/casadecampoliving.com\/wp-content\/uploads\/2022\/07\/CDCLivingLogo_V1-white-sized.png?fit=800%2C214&ssl=1","contentUrl":"https:\/\/i0.wp.com\/casadecampoliving.com\/wp-content\/uploads\/2022\/07\/CDCLivingLogo_V1-white-sized.png?fit=800%2C214&ssl=1","width":800,"height":214,"caption":"Casa de Campo Living"},"image":{"@id":"https:\/\/casadecampoliving.com\/es\/#\/schema\/logo\/image\/"},"sameAs":["https:\/\/www.facebook.com\/casadecampoliving","https:\/\/x.com\/cdcliving"]},{"@type":"Person","@id":"https:\/\/casadecampoliving.com\/es\/#\/schema\/person\/bd396a8f8ea621ed900f2d4a7407a3a2","name":"Eliana Alba","image":{"@type":"ImageObject","inLanguage":"es","@id":"https:\/\/secure.gravatar.com\/avatar\/9855856e733abb59c5985d70cc9f36d1c83420173446a782077af61c55fb0a9c?s=96&d=mm&r=g","url":"https:\/\/secure.gravatar.com\/avatar\/9855856e733abb59c5985d70cc9f36d1c83420173446a782077af61c55fb0a9c?s=96&d=mm&r=g","contentUrl":"https:\/\/secure.gravatar.com\/avatar\/9855856e733abb59c5985d70cc9f36d1c83420173446a782077af61c55fb0a9c?s=96&d=mm&r=g","caption":"Eliana Alba"},"sameAs":["https:\/\/casadecampoliving.com"],"url":"https:\/\/casadecampoliving.com\/es\/author\/ealba\/"}]}},"parsely":{"version":"1.1.0","canonical_url":"https:\/\/casadecampoliving.com\/es\/las-fechas-para-duenos-2014-han-sido-anunciadas\/","smart_links":{"inbound":0,"outbound":0},"traffic_boost_suggestions_count":0,"meta":{"@context":"https:\/\/schema.org","@type":"NewsArticle","headline":"\u00a1Las fechas de Due\u00f1os 2014 han sido anunciadas!","url":"http:\/\/casadecampoliving.com\/es\/las-fechas-para-duenos-2014-han-sido-anunciadas\/","mainEntityOfPage":{"@type":"WebPage","@id":"http:\/\/casadecampoliving.com\/es\/las-fechas-para-duenos-2014-han-sido-anunciadas\/"},"thumbnailUrl":"https:\/\/i0.wp.com\/casadecampoliving.com\/wp-content\/uploads\/2022\/10\/casa_de_campo_villa_owners_duenos_beach_party2-3.jpg?resize=150%2C150&ssl=1","image":{"@type":"ImageObject","url":"https:\/\/i0.wp.com\/casadecampoliving.com\/wp-content\/uploads\/2022\/10\/casa_de_campo_villa_owners_duenos_beach_party2-3.jpg?fit=650%2C433&ssl=1"},"articleSection":"Costasur Dominicana @es","author":[{"@type":"Person","name":"Eliana Alba"}],"creator":["Eliana Alba"],"publisher":{"@type":"Organization","name":"Casa de Campo Living","logo":"https:\/\/casadecampoliving.com\/wp-content\/uploads\/2022\/07\/CDCLivingLogo_V1-white-sized.png"},"keywords":["due\u00f1os 2014 @es"],"dateCreated":"2014-05-21T04:00:00Z","datePublished":"2014-05-21T04:00:00Z","dateModified":"2022-10-21T22:52:41Z"},"rendered":"<script type=\"application\/ld+json\" class=\"wp-parsely-metadata\">{\"@context\":\"https:\\\/\\\/schema.org\",\"@type\":\"NewsArticle\",\"headline\":\"\\u00a1Las fechas de Due\\u00f1os 2014 han sido anunciadas!\",\"url\":\"http:\\\/\\\/casadecampoliving.com\\\/es\\\/las-fechas-para-duenos-2014-han-sido-anunciadas\\\/\",\"mainEntityOfPage\":{\"@type\":\"WebPage\",\"@id\":\"http:\\\/\\\/casadecampoliving.com\\\/es\\\/las-fechas-para-duenos-2014-han-sido-anunciadas\\\/\"},\"thumbnailUrl\":\"https:\\\/\\\/i0.wp.com\\\/casadecampoliving.com\\\/wp-content\\\/uploads\\\/2022\\\/10\\\/casa_de_campo_villa_owners_duenos_beach_party2-3.jpg?resize=150%2C150&ssl=1\",\"image\":{\"@type\":\"ImageObject\",\"url\":\"https:\\\/\\\/i0.wp.com\\\/casadecampoliving.com\\\/wp-content\\\/uploads\\\/2022\\\/10\\\/casa_de_campo_villa_owners_duenos_beach_party2-3.jpg?fit=650%2C433&ssl=1\"},\"articleSection\":\"Costasur Dominicana @es\",\"author\":[{\"@type\":\"Person\",\"name\":\"Eliana Alba\"}],\"creator\":[\"Eliana Alba\"],\"publisher\":{\"@type\":\"Organization\",\"name\":\"Casa de Campo Living\",\"logo\":\"https:\\\/\\\/casadecampoliving.com\\\/wp-content\\\/uploads\\\/2022\\\/07\\\/CDCLivingLogo_V1-white-sized.png\"},\"keywords\":[\"due\\u00f1os 2014 @es\"],\"dateCreated\":\"2014-05-21T04:00:00Z\",\"datePublished\":\"2014-05-21T04:00:00Z\",\"dateModified\":\"2022-10-21T22:52:41Z\"}<\/script>","tracker_url":"https:\/\/cdn.parsely.com\/keys\/casadecampoliving.com\/p.js"},"jetpack_publicize_connections":[],"jetpack_featured_media_url":"https:\/\/i0.wp.com\/casadecampoliving.com\/wp-content\/uploads\/2022\/10\/casa_de_campo_villa_owners_duenos_beach_party2-3.jpg?fit=650%2C433&ssl=1","jetpack-related-posts":[{"id":351955,"url":"https:\/\/casadecampoliving.com\/es\/marque-la-fecha-para-el-fin-de-semana-de-duenos-de-este-ano\/","url_meta":{"origin":344421,"position":0},"title":"\u00a1Marque la fecha para el fin de semana de Due\u00f1os de este a\u00f1o!","author":"Marlenys Guzm\u00e1n Casta\u00f1os","date":"8 Sep, 2017","format":false,"excerpt":"\u00a1Estamos emocionados de traerle una excelente noticia despu\u00e9s de todas las preocupaciones del hurac\u00e1n! Las fechas de uno de los eventos anuales favoritos de Casa han sido anunciadas. La celebraci\u00f3n anual de Due\u00f1os en Casa de Campo est\u00e1 a dos meses de distancia. El viernes 17 \u2013 s\u00e1bado 18 de\u2026","rel":"","context":"En \u00abComidas &amp; Bebidas\u00bb","block_context":{"text":"Comidas &amp; Bebidas","link":"https:\/\/casadecampoliving.com\/es\/category\/comidas-bebidas\/"},"img":{"alt_text":"","src":"https:\/\/i0.wp.com\/casadecampoliving.com\/wp-content\/uploads\/2022\/10\/DSC_1333-1.jpg?fit=1000%2C665&ssl=1&resize=350%2C200","width":350,"height":200,"srcset":"https:\/\/i0.wp.com\/casadecampoliving.com\/wp-content\/uploads\/2022\/10\/DSC_1333-1.jpg?fit=1000%2C665&ssl=1&resize=350%2C200 1x, https:\/\/i0.wp.com\/casadecampoliving.com\/wp-content\/uploads\/2022\/10\/DSC_1333-1.jpg?fit=1000%2C665&ssl=1&resize=525%2C300 1.5x, https:\/\/i0.wp.com\/casadecampoliving.com\/wp-content\/uploads\/2022\/10\/DSC_1333-1.jpg?fit=1000%2C665&ssl=1&resize=700%2C400 2x"},"classes":[]},{"id":345223,"url":"https:\/\/casadecampoliving.com\/es\/nueva-fecha-para-duenos-2014\/","url_meta":{"origin":344421,"position":1},"title":"\u00a1Nueva fecha para Due\u00f1os 2014!","author":"Maria Isabel B\u00e1ez","date":"29 Ago, 2014","format":false,"excerpt":"\u00a1Costasur Dominicana y Casa de Campo han anunciado que la fecha de la celebraci\u00f3n de Due\u00f1os 2014 ha sido cambiada! Due\u00f1os 2014 fue planeado originalmente para que fuese celebrado en el fin de semana 14 y 15 de Noviembre \u00a1pero ahora fue confirmado para el Viernes 21 y el S\u00e1bado\u2026","rel":"","context":"En \u00abCostasur Dominicana @es\u00bb","block_context":{"text":"Costasur Dominicana @es","link":"https:\/\/casadecampoliving.com\/es\/category\/costasur-dominicana-es\/"},"img":{"alt_text":"Alfonso Paniagua, Claudio Silvestri","src":"https:\/\/i0.wp.com\/casadecampoliving.com\/wp-content\/uploads\/2022\/10\/alfonso_paniagua_Claudio_silvestri-1.jpg?fit=650%2C436&ssl=1&resize=350%2C200","width":350,"height":200,"srcset":"https:\/\/i0.wp.com\/casadecampoliving.com\/wp-content\/uploads\/2022\/10\/alfonso_paniagua_Claudio_silvestri-1.jpg?fit=650%2C436&ssl=1&resize=350%2C200 1x, https:\/\/i0.wp.com\/casadecampoliving.com\/wp-content\/uploads\/2022\/10\/alfonso_paniagua_Claudio_silvestri-1.jpg?fit=650%2C436&ssl=1&resize=525%2C300 1.5x"},"classes":[]},{"id":342625,"url":"https:\/\/casadecampoliving.com\/es\/costasur-anuncia-las-fechas-de-duenos-2013\/","url_meta":{"origin":344421,"position":2},"title":"\u00a1Costasur anuncia las fechas de Due\u00f1os 2013!","author":"Eliana Alba","date":"31 Jul, 2013","format":false,"excerpt":"\u00a1Hurrah! La fecha de la anual celebraci\u00f3n de \u201cDue\u00f1os\u201d, organizada por Costasur y Casa de Campoo para los due\u00f1os de villa, acaba de ser anunciada\u2026 ser\u00e1 del 22 al 24 de noviembre del 2013. Lamentablemente todav\u00eda no han anunciado m\u00e1s detalles sobre \u201cDue\u00f1os \u201913\u201d \u2013 pero no cabe duda que\u2026","rel":"","context":"En \u00abCostasur Dominicana @es\u00bb","block_context":{"text":"Costasur Dominicana @es","link":"https:\/\/casadecampoliving.com\/es\/category\/costasur-dominicana-es\/"},"img":{"alt_text":"alfonso paniagua claudio silvestri","src":"https:\/\/i0.wp.com\/casadecampoliving.com\/wp-content\/uploads\/2022\/10\/alfonso_paniagua_claudio_silvestri-1.jpg?fit=650%2C436&ssl=1&resize=350%2C200","width":350,"height":200,"srcset":"https:\/\/i0.wp.com\/casadecampoliving.com\/wp-content\/uploads\/2022\/10\/alfonso_paniagua_claudio_silvestri-1.jpg?fit=650%2C436&ssl=1&resize=350%2C200 1x, https:\/\/i0.wp.com\/casadecampoliving.com\/wp-content\/uploads\/2022\/10\/alfonso_paniagua_claudio_silvestri-1.jpg?fit=650%2C436&ssl=1&resize=525%2C300 1.5x"},"classes":[]},{"id":348317,"url":"https:\/\/casadecampoliving.com\/es\/reserve-la-fecha-para-duenos-2015\/","url_meta":{"origin":344421,"position":3},"title":"\u00a1Reserve la fecha para Due\u00f1os 2015!","author":"Felix Guerrero","date":"25 Sep, 2015","format":false,"excerpt":"\u00a1Nos emociona traerles una excelente noticia! Uno de nuestros eventos anuales favoritas ya tiene fecha. La celebraci\u00f3n organizada por Costasur y Casa de Campo para los Due\u00f1os\u00a0de la villa de Casa de Campo, \u201cDue\u00f1os 2015\u201d, se llevar\u00e1 a cabo desde el viernes 30 de octubre al Domingo 1ro de noviembre.\u2026","rel":"","context":"En \u00abCasa de Campo Living @es\u00bb","block_context":{"text":"Casa de Campo Living @es","link":"https:\/\/casadecampoliving.com\/category\/casa-de-campo-living-es\/"},"img":{"alt_text":"","src":"https:\/\/i0.wp.com\/casadecampoliving.com\/wp-content\/uploads\/2022\/10\/Casa_de_Campo_Duenos_2014_shooting-1.jpg?fit=800%2C534&ssl=1&resize=350%2C200","width":350,"height":200,"srcset":"https:\/\/i0.wp.com\/casadecampoliving.com\/wp-content\/uploads\/2022\/10\/Casa_de_Campo_Duenos_2014_shooting-1.jpg?fit=800%2C534&ssl=1&resize=350%2C200 1x, https:\/\/i0.wp.com\/casadecampoliving.com\/wp-content\/uploads\/2022\/10\/Casa_de_Campo_Duenos_2014_shooting-1.jpg?fit=800%2C534&ssl=1&resize=525%2C300 1.5x, https:\/\/i0.wp.com\/casadecampoliving.com\/wp-content\/uploads\/2022\/10\/Casa_de_Campo_Duenos_2014_shooting-1.jpg?fit=800%2C534&ssl=1&resize=700%2C400 2x"},"classes":[]},{"id":339099,"url":"https:\/\/casadecampoliving.com\/es\/costasur-y-casa-de-campo-se-preparan-ya-para-duenos-2012\/","url_meta":{"origin":344421,"position":4},"title":"Costasur y Casa de Campo se preparan ya para \u00abDue\u00f1os 2012\u00bb","author":"","date":"30 May, 2012","format":false,"excerpt":"La celebraci\u00f3n del evento \u201cDue\u00f1os\u201d, realizado para los due\u00f1os de villa por Costasur y Casa de Campo \u2013 ya se est\u00e1 planeando! A\u00fan cuando no hemos recibido muchos detalles todav\u00eda, nos hemos enterado de unos interesantes rumores y hechos que pensamos ustedes disfrutar\u00edan\u2026. FECHA: S\u00e1bado 10 de noviembre El evento\u2026","rel":"","context":"En \u00abNoticias Locales\u00bb","block_context":{"text":"Noticias Locales","link":"https:\/\/casadecampoliving.com\/es\/category\/noticias-locales\/"},"img":{"alt_text":"duenos","src":"https:\/\/i0.wp.com\/casadecampoliving.com\/wp-content\/uploads\/2022\/10\/duenos10-1.jpg?fit=650%2C280&ssl=1&resize=350%2C200","width":350,"height":200,"srcset":"https:\/\/i0.wp.com\/casadecampoliving.com\/wp-content\/uploads\/2022\/10\/duenos10-1.jpg?fit=650%2C280&ssl=1&resize=350%2C200 1x, https:\/\/i0.wp.com\/casadecampoliving.com\/wp-content\/uploads\/2022\/10\/duenos10-1.jpg?fit=650%2C280&ssl=1&resize=525%2C300 1.5x"},"classes":[]},{"id":352840,"url":"https:\/\/casadecampoliving.com\/es\/reserven-la-fecha-para-el-fin-de-semana-de-duenos-2018\/","url_meta":{"origin":344421,"position":5},"title":"\u00a1Reserven la fecha para el fin de semana de Due\u00f1os 2018!","author":"Casa de Campo Living","date":"29 Ago, 2018","format":false,"excerpt":"La celebraci\u00f3n anual para los due\u00f1os de villas de Casa de Campo ya tiene fecha \u00a1y ser\u00e1 el mes que viene! El viernes 28 de octubre y el s\u00e1bado 29, ser\u00e1 un fin de semana lleno\u00a0de diversi\u00f3n \u00a1que usted no querr\u00e1 perderse! Organizado por Costasur y Casa de Campo, la\u2026","rel":"","context":"En \u00abCostasur Dominicana @es\u00bb","block_context":{"text":"Costasur Dominicana @es","link":"https:\/\/casadecampoliving.com\/es\/category\/costasur-dominicana-es\/"},"img":{"alt_text":"","src":"https:\/\/i0.wp.com\/casadecampoliving.com\/wp-content\/uploads\/2022\/10\/EJ4B1029-1.jpg?fit=1000%2C667&ssl=1&resize=350%2C200","width":350,"height":200,"srcset":"https:\/\/i0.wp.com\/casadecampoliving.com\/wp-content\/uploads\/2022\/10\/EJ4B1029-1.jpg?fit=1000%2C667&ssl=1&resize=350%2C200 1x, https:\/\/i0.wp.com\/casadecampoliving.com\/wp-content\/uploads\/2022\/10\/EJ4B1029-1.jpg?fit=1000%2C667&ssl=1&resize=525%2C300 1.5x, https:\/\/i0.wp.com\/casadecampoliving.com\/wp-content\/uploads\/2022\/10\/EJ4B1029-1.jpg?fit=1000%2C667&ssl=1&resize=700%2C400 2x"},"classes":[]}],"jetpack_sharing_enabled":true,"_links":{"self":[{"href":"https:\/\/casadecampoliving.com\/es\/wp-json\/wp\/v2\/posts\/344421","targetHints":{"allow":["GET"]}}],"collection":[{"href":"https:\/\/casadecampoliving.com\/es\/wp-json\/wp\/v2\/posts"}],"about":[{"href":"https:\/\/casadecampoliving.com\/es\/wp-json\/wp\/v2\/types\/post"}],"author":[{"embeddable":true,"href":"https:\/\/casadecampoliving.com\/es\/wp-json\/wp\/v2\/users\/454"}],"replies":[{"embeddable":true,"href":"https:\/\/casadecampoliving.com\/es\/wp-json\/wp\/v2\/comments?post=344421"}],"version-history":[{"count":1,"href":"https:\/\/casadecampoliving.com\/es\/wp-json\/wp\/v2\/posts\/344421\/revisions"}],"predecessor-version":[{"id":344422,"href":"https:\/\/casadecampoliving.com\/es\/wp-json\/wp\/v2\/posts\/344421\/revisions\/344422"}],"wp:featuredmedia":[{"embeddable":true,"href":"https:\/\/casadecampoliving.com\/es\/wp-json\/wp\/v2\/media\/241461"}],"wp:attachment":[{"href":"https:\/\/casadecampoliving.com\/es\/wp-json\/wp\/v2\/media?parent=344421"}],"wp:term":[{"taxonomy":"category","embeddable":true,"href":"https:\/\/casadecampoliving.com\/es\/wp-json\/wp\/v2\/categories?post=344421"},{"taxonomy":"post_tag","embeddable":true,"href":"https:\/\/casadecampoliving.com\/es\/wp-json\/wp\/v2\/tags?post=344421"},{"taxonomy":"newspack_spnsrs_tax","embeddable":true,"href":"https:\/\/casadecampoliving.com\/es\/wp-json\/wp\/v2\/newspack_spnsrs_tax?post=344421"}],"curies":[{"name":"wp","href":"https:\/\/api.w.org\/{rel}","templated":true}]}}