{"id":344382,"date":"2014-05-15T00:00:00","date_gmt":"2014-05-15T04:00:00","guid":{"rendered":"https:\/\/casadecampoliving.com\/cartelera-de-cine-del-15-al-21-de-mayo\/"},"modified":"2022-10-21T18:51:01","modified_gmt":"2022-10-21T22:51:01","slug":"cartelera-de-cine-del-15-al-21-de-mayo","status":"publish","type":"post","link":"https:\/\/casadecampoliving.com\/es\/cartelera-de-cine-del-15-al-21-de-mayo\/","title":{"rendered":"Cartelera de Cine: del 15 al 21 de mayo"},"content":{"rendered":"<div class=\"wp-block-image\">\n<figure class=\"aligncenter is-resized\"><img loading=\"lazy\" decoding=\"async\" src=\"https:\/\/i0.wp.com\/casadecampoliving.com\/wp-content\/uploads\/2022\/10\/CDCAMP_15_de_mayo.jpg?resize=650%2C280&amp;ssl=1\" alt=\"CDCAMP_15_de_mayo\" class=\"wp-image-89700\" height=\"280\" width=\"650\"\/><\/figure>\n<\/div>\n\n\n<p>Para esta semana el cine de la Marina Casa de Campo nos trae en cartelera 2 pel\u00edculas nuevas: <strong>\u201cLa Extra\u00f1a\u201d <\/strong>y<strong> \u201cGodzilla\u201d<\/strong>&nbsp;mientras todav\u00eda en las salas tenemos&nbsp;<strong>\u201cNo Hay Dos Sin Tres\u201d<\/strong>&nbsp;y&nbsp;<strong>\u201cRio 2\u201d<\/strong>&nbsp;.&nbsp;Salvedad:&nbsp;A partir de ahora el cine de La Marina Casa de Campo estar\u00e1 abierto&nbsp;todos los d\u00edas hasta nuevo aviso. <\/p>\n\n\n\n<!--more-->\n\n\n\n<p><strong>La Extra\u00f1a <\/strong><a href=\"https:\/\/www.youtube.com\/watch?v=ZgEWfoPzNzc\" target=\"_blank\" rel=\"noopener\">Ver avance<\/a><\/p>\n\n\n<div class=\"wp-block-image\">\n<figure class=\"alignright is-resized\"><img loading=\"lazy\" decoding=\"async\" src=\"https:\/\/i0.wp.com\/casadecampoliving.com\/wp-content\/uploads\/2022\/10\/la_extrana.jpg?resize=300%2C428&amp;ssl=1\" alt=\"la extrana\" class=\"wp-image-88046\" height=\"428\" width=\"300\"\/><\/figure>\n<\/div>\n\n\n<p>Jean Louis de 36 a\u00f1os, posee una exitosa casa editorial en la ciudad de Santo Domingo. \u00c9l se encuentra traumatizado por el accidente que sufri\u00f3 su ex esposa luego de su divorcio. Cada semana, la visita al lugar donde a\u00fan permanece hospitalizada. Se siente abrumado al ver c\u00f3mo la tecnolog\u00eda va desfasando su empresa editorial.<\/p>\n\n\n\n<p>Buscando despejar un poco su mente, decide pasar un largo fin de semana en una villa familiar en Casa de Campo: un exclusivo complejo tur\u00edstico localizado en la la regi\u00f3n este del pa\u00eds. En la entrada del resort, se topa con una hermosa e intrigante mujer llamada Rosa, a quien hab\u00eda visto anteriormente en restaurante de la capital. Esta es una chica muy encantadora con un largo cabello negro y un distintivo mech\u00f3n blanco.<\/p>\n\n\n\n<p>Jean Louis reconoce a Rosa, pero el equipo de seguridad del complejo se rehusa a dejarla entrar porque no posee identificaci\u00f3n y su nombre no se encuentra registrado en la lista de visitantes. Aprovechando el momento, \u00e9l interviene para permitirle pasar como su invitada.<\/p>\n\n\n\n<p>Este improbable encuentro entre estos dos personajes tan diferentes pondr\u00e1n en escena un apasionado pero muy misterioso romance. La percepci\u00f3n de Jean Louis acerca de Rosa es tan extra\u00f1a y piensa que su historia de vida es tan contradictoria, por lo cual este se no sabr\u00e1 si est\u00e1 viviendo una realidad, un sue\u00f1o o una pesadilla.<\/p>\n\n\n\n<p><a href=\"https:\/\/casadecampoliving.com\/es\/premier-de-la-extrana-en-la-marina-casa-de-campo\/\">Clic aqu\u00ed para ver las fotos de la premier de La Extra\u00f1a en la Marina Casa de Campo.<\/a><\/p>\n\n\n\n<p><strong>Godzilla<\/strong>&nbsp;<a href=\"https:\/\/www.youtube.com\/watch?v=r6PWih8AUBk\" target=\"_blank\" rel=\"noopener\">Ver avance<\/a><a href=\"https:\/\/www.youtube.com\/watch?v=ibypRqp_BGw\" target=\"_blank\" rel=\"noopener\"><br>\n<\/a><span style=\"color: #000000;\"><em>En ella, el monstruo m\u00e1s famoso del mundo se enfrenta a malvadas criaturas que, animadas por la arrogancia cient\u00edfica de la humanidad, amenazan nuestra propia existencia.<\/em><\/span><\/p>\n\n\n\n<p><strong>No Hay Dos Sin Tres<\/strong>&nbsp;<a href=\"https:\/\/www.youtube.com\/watch?v=8iR0qFFz6Rg\" target=\"_blank\" rel=\"noopener\">Ver avance<\/a><br>\n<span style=\"color: #000000;\"><em>Tras descubrir que su novio est\u00e1 casado, Amber (Cameron Diaz) intenta recuperarse y volver a encauzar su vida. Pero cuando conoce accidentalmente a la mujer con la que la estaban enga\u00f1ando (Leslie Mann), se da cuenta de que tienen mucho en com\u00fan y su ac\u00e9rrima enemiga se convierte en su mejor amiga. Cuando descubren que el marido\/novio ten\u00eda un nuevo l\u00edo de faldas con una impresionante mujer (Kate Upton), las tres se unen para planear su venganza sobre el desgraciado que hasta tres veces las ha traicionado.<\/em><\/span><\/p>\n\n\n\n<p><strong>Rio 2&nbsp;<\/strong><a href=\"https:\/\/www.youtube.com\/watch?v=-aDPujQTagg\" target=\"_blank\" rel=\"noopener\">Ver avance<\/a><a href=\"https:\/\/www.youtube.com\/watch?v=-oehmpD2YNQ\" target=\"_blank\" rel=\"noopener\"><br>\n<\/a><em>En \u201cRIO 2\u201d, Blu, Perla y sus tres hijos cambian por un tiempo su hogar en la m\u00e1gica ciudad de Rio de Janeiro por la espesa selva del Amazonas. Blu trata de encajar, la emprende a picotazos con el vengativo Nigel y conoce al adversario m\u00e1s aterrador de todos: su suegro.<\/em><\/p>\n\n\n\n<p><span style=\"line-height: 1.5em;\">Publicamos los nuevos horarios de pel\u00edculas tan pronto como las recibimos \u2013 normalmente los mi\u00e9rcoles por la tarde.<\/span><\/p>\n","protected":false},"excerpt":{"rendered":"<p>Para esta semana el cine de la Marina Casa de Campo nos trae en cartelera 2 pel\u00edculas nuevas: \u201cLa Extra\u00f1a\u201d y \u201cGodzilla\u201d&nbsp;mientras todav\u00eda en las salas tenemos&nbsp;\u201cNo Hay Dos Sin Tres\u201d&nbsp;y&nbsp;\u201cRio 2\u201d&nbsp;.&nbsp;Salvedad:&nbsp;A partir de ahora el cine de La Marina Casa de Campo estar\u00e1 abierto&nbsp;todos los d\u00edas hasta nuevo aviso.<\/p>\n","protected":false},"author":1097,"featured_media":239360,"comment_status":"closed","ping_status":"closed","sticky":false,"template":"","format":"standard","meta":{"newspack_ads_suppress_ads":false,"newspack_popups_has_disabled_popups":false,"newspack_sponsor_sponsorship_scope":"","newspack_sponsor_native_byline_display":"inherit","newspack_sponsor_native_category_display":"inherit","newspack_sponsor_underwriter_style":"inherit","newspack_sponsor_underwriter_placement":"inherit","_newspack_byline_active":false,"_newspack_byline":"","newspack_hide_updated_date":false,"newspack_show_updated_date":false,"newspack_content_restriction_is_exempt":false,"newspack_featured_image_position":"","newspack_post_subtitle":"","newspack_article_summary_title":"Overview:","newspack_article_summary":"","_jetpack_memberships_contains_paid_content":false,"footnotes":"","jetpack_publicize_message":"","jetpack_publicize_feature_enabled":true,"jetpack_social_post_already_shared":false,"jetpack_social_options":{"image_generator_settings":{"template":"highway","default_image_id":0,"font":"","enabled":false},"version":2},"_wpas_customize_per_network":false},"categories":[26823,26936,26951,3126,14631,26581,14625,2521,26822],"tags":[2780,24387,6371,2559,7859,3573],"newspack_spnsrs_tax":[],"class_list":["post-344382","post","type-post","status-publish","format-standard","has-post-thumbnail","hentry","category-arte-y-cultura","category-casa-de-campo-living-es","category-ccl-presenta","category-cine-3","category-estilo-de-vida","category-la-marina-casa-de-campo","category-noticias-locales","category-republica-dominicana-2","category-resort-casa-de-campo","tag-cartelera","tag-casa-de-campo-living-es","tag-casa-de-campo-resort-es","tag-cine","tag-la-extrana","tag-marina-casa-de-campo-es","entry"],"yoast_head":"<!-- This site is optimized with the Yoast SEO plugin v27.4 - https:\/\/yoast.com\/product\/yoast-seo-wordpress\/ -->\n<title>Cartelera de Cine: del 15 al 21 de mayo | Casa de Campo Living<\/title>\n<meta name=\"description\" content=\"Para esta semana el cine de la Marina Casa de Campo nos trae en cartelera 2 pel\u00edculas nuevas: \u201cLa Extra\u00f1a\u201d y \u201cGodzilla\u201d&nbsp;mientras todav\u00eda en las salas\" \/>\n<meta name=\"robots\" content=\"index, follow, max-snippet:-1, max-image-preview:large, max-video-preview:-1\" \/>\n<link rel=\"canonical\" href=\"https:\/\/casadecampoliving.com\/es\/cartelera-de-cine-del-15-al-21-de-mayo\/\" \/>\n<meta property=\"og:locale\" content=\"es_ES\" \/>\n<meta property=\"og:type\" content=\"article\" \/>\n<meta property=\"og:title\" content=\"Cartelera de Cine: del 15 al 21 de mayo | Casa de Campo Living\" \/>\n<meta property=\"og:description\" content=\"Para esta semana el cine de la Marina Casa de Campo nos trae en cartelera 2 pel\u00edculas nuevas: \u201cLa Extra\u00f1a\u201d y \u201cGodzilla\u201d&nbsp;mientras todav\u00eda en las salas\" \/>\n<meta property=\"og:url\" content=\"https:\/\/casadecampoliving.com\/es\/cartelera-de-cine-del-15-al-21-de-mayo\/\" \/>\n<meta property=\"og:site_name\" content=\"Casa de Campo Living\" \/>\n<meta property=\"article:publisher\" content=\"https:\/\/www.facebook.com\/casadecampoliving\" \/>\n<meta property=\"article:published_time\" content=\"2014-05-15T04:00:00+00:00\" \/>\n<meta property=\"article:modified_time\" content=\"2022-10-21T22:51:01+00:00\" \/>\n<meta property=\"og:image\" content=\"https:\/\/i0.wp.com\/casadecampoliving.com\/wp-content\/uploads\/2022\/10\/CDCAMP_15_de_mayo-1.jpg?fit=650%2C280&ssl=1\" \/>\n\t<meta property=\"og:image:width\" content=\"650\" \/>\n\t<meta property=\"og:image:height\" content=\"280\" \/>\n\t<meta property=\"og:image:type\" content=\"image\/jpeg\" \/>\n<meta name=\"author\" content=\"Perkin Agramonte\" \/>\n<meta name=\"twitter:card\" content=\"summary_large_image\" \/>\n<meta name=\"twitter:creator\" content=\"@cdcliving\" \/>\n<meta name=\"twitter:site\" content=\"@cdcliving\" \/>\n<meta name=\"twitter:label1\" content=\"Escrito por\" \/>\n\t<meta name=\"twitter:data1\" content=\"Perkin Agramonte\" \/>\n\t<meta name=\"twitter:label2\" content=\"Tiempo de lectura\" \/>\n\t<meta name=\"twitter:data2\" content=\"3 minutos\" \/>\n<script type=\"application\/ld+json\" class=\"yoast-schema-graph\">{\"@context\":\"https:\\\/\\\/schema.org\",\"@graph\":[{\"@type\":\"Article\",\"@id\":\"https:\\\/\\\/casadecampoliving.com\\\/es\\\/cartelera-de-cine-del-15-al-21-de-mayo\\\/#article\",\"isPartOf\":{\"@id\":\"https:\\\/\\\/casadecampoliving.com\\\/es\\\/cartelera-de-cine-del-15-al-21-de-mayo\\\/\"},\"author\":{\"name\":\"Perkin Agramonte\",\"@id\":\"https:\\\/\\\/casadecampoliving.com\\\/es\\\/#\\\/schema\\\/person\\\/c8efa6049510554b7d5fea078d728f72\"},\"headline\":\"Cartelera de Cine: del 15 al 21 de mayo\",\"datePublished\":\"2014-05-15T04:00:00+00:00\",\"dateModified\":\"2022-10-21T22:51:01+00:00\",\"mainEntityOfPage\":{\"@id\":\"https:\\\/\\\/casadecampoliving.com\\\/es\\\/cartelera-de-cine-del-15-al-21-de-mayo\\\/\"},\"wordCount\":548,\"publisher\":{\"@id\":\"https:\\\/\\\/casadecampoliving.com\\\/es\\\/#organization\"},\"image\":{\"@id\":\"https:\\\/\\\/casadecampoliving.com\\\/es\\\/cartelera-de-cine-del-15-al-21-de-mayo\\\/#primaryimage\"},\"thumbnailUrl\":\"https:\\\/\\\/i0.wp.com\\\/casadecampoliving.com\\\/wp-content\\\/uploads\\\/2022\\\/10\\\/CDCAMP_15_de_mayo-1.jpg?fit=650%2C280&ssl=1\",\"keywords\":[\"cartelera\",\"Casa de Campo Living\",\"casa de campo resort @es\",\"cine\",\"la extrana\",\"Marina Casa de Campo @es\"],\"articleSection\":[\"Arte y cultura\",\"Casa de Campo Living @es\",\"CCL presenta\",\"Cine @es\",\"Estilo de Vida\",\"La Marina Casa de Campo\",\"Noticias Locales\",\"Rep\u00fablica Dominicana @es\",\"Resort Casa de Campo\"],\"inLanguage\":\"es\"},{\"@type\":\"WebPage\",\"@id\":\"https:\\\/\\\/casadecampoliving.com\\\/es\\\/cartelera-de-cine-del-15-al-21-de-mayo\\\/\",\"url\":\"https:\\\/\\\/casadecampoliving.com\\\/es\\\/cartelera-de-cine-del-15-al-21-de-mayo\\\/\",\"name\":\"Cartelera de Cine: del 15 al 21 de mayo | Casa de Campo Living\",\"isPartOf\":{\"@id\":\"https:\\\/\\\/casadecampoliving.com\\\/es\\\/#website\"},\"primaryImageOfPage\":{\"@id\":\"https:\\\/\\\/casadecampoliving.com\\\/es\\\/cartelera-de-cine-del-15-al-21-de-mayo\\\/#primaryimage\"},\"image\":{\"@id\":\"https:\\\/\\\/casadecampoliving.com\\\/es\\\/cartelera-de-cine-del-15-al-21-de-mayo\\\/#primaryimage\"},\"thumbnailUrl\":\"https:\\\/\\\/i0.wp.com\\\/casadecampoliving.com\\\/wp-content\\\/uploads\\\/2022\\\/10\\\/CDCAMP_15_de_mayo-1.jpg?fit=650%2C280&ssl=1\",\"datePublished\":\"2014-05-15T04:00:00+00:00\",\"dateModified\":\"2022-10-21T22:51:01+00:00\",\"description\":\"Para esta semana el cine de la Marina Casa de Campo nos trae en cartelera 2 pel\u00edculas nuevas: \u201cLa Extra\u00f1a\u201d y \u201cGodzilla\u201d&nbsp;mientras todav\u00eda en las salas\",\"breadcrumb\":{\"@id\":\"https:\\\/\\\/casadecampoliving.com\\\/es\\\/cartelera-de-cine-del-15-al-21-de-mayo\\\/#breadcrumb\"},\"inLanguage\":\"es\",\"potentialAction\":[{\"@type\":\"ReadAction\",\"target\":[\"https:\\\/\\\/casadecampoliving.com\\\/es\\\/cartelera-de-cine-del-15-al-21-de-mayo\\\/\"]}]},{\"@type\":\"ImageObject\",\"inLanguage\":\"es\",\"@id\":\"https:\\\/\\\/casadecampoliving.com\\\/es\\\/cartelera-de-cine-del-15-al-21-de-mayo\\\/#primaryimage\",\"url\":\"https:\\\/\\\/i0.wp.com\\\/casadecampoliving.com\\\/wp-content\\\/uploads\\\/2022\\\/10\\\/CDCAMP_15_de_mayo-1.jpg?fit=650%2C280&ssl=1\",\"contentUrl\":\"https:\\\/\\\/i0.wp.com\\\/casadecampoliving.com\\\/wp-content\\\/uploads\\\/2022\\\/10\\\/CDCAMP_15_de_mayo-1.jpg?fit=650%2C280&ssl=1\",\"width\":650,\"height\":280},{\"@type\":\"BreadcrumbList\",\"@id\":\"https:\\\/\\\/casadecampoliving.com\\\/es\\\/cartelera-de-cine-del-15-al-21-de-mayo\\\/#breadcrumb\",\"itemListElement\":[{\"@type\":\"ListItem\",\"position\":1,\"name\":\"Home\",\"item\":\"https:\\\/\\\/casadecampoliving.com\\\/es\\\/\"},{\"@type\":\"ListItem\",\"position\":2,\"name\":\"Cartelera de Cine: del 15 al 21 de mayo\"}]},{\"@type\":\"WebSite\",\"@id\":\"https:\\\/\\\/casadecampoliving.com\\\/es\\\/#website\",\"url\":\"https:\\\/\\\/casadecampoliving.com\\\/es\\\/\",\"name\":\"Casa de Campo Living\",\"description\":\"Resort community news and resources.\",\"publisher\":{\"@id\":\"https:\\\/\\\/casadecampoliving.com\\\/es\\\/#organization\"},\"potentialAction\":[{\"@type\":\"SearchAction\",\"target\":{\"@type\":\"EntryPoint\",\"urlTemplate\":\"https:\\\/\\\/casadecampoliving.com\\\/es\\\/?s={search_term_string}\"},\"query-input\":{\"@type\":\"PropertyValueSpecification\",\"valueRequired\":true,\"valueName\":\"search_term_string\"}}],\"inLanguage\":\"es\"},{\"@type\":\"Organization\",\"@id\":\"https:\\\/\\\/casadecampoliving.com\\\/es\\\/#organization\",\"name\":\"Casa de Campo Living\",\"url\":\"https:\\\/\\\/casadecampoliving.com\\\/es\\\/\",\"logo\":{\"@type\":\"ImageObject\",\"inLanguage\":\"es\",\"@id\":\"https:\\\/\\\/casadecampoliving.com\\\/es\\\/#\\\/schema\\\/logo\\\/image\\\/\",\"url\":\"https:\\\/\\\/i0.wp.com\\\/casadecampoliving.com\\\/wp-content\\\/uploads\\\/2022\\\/07\\\/CDCLivingLogo_V1-white-sized.png?fit=800%2C214&ssl=1\",\"contentUrl\":\"https:\\\/\\\/i0.wp.com\\\/casadecampoliving.com\\\/wp-content\\\/uploads\\\/2022\\\/07\\\/CDCLivingLogo_V1-white-sized.png?fit=800%2C214&ssl=1\",\"width\":800,\"height\":214,\"caption\":\"Casa de Campo Living\"},\"image\":{\"@id\":\"https:\\\/\\\/casadecampoliving.com\\\/es\\\/#\\\/schema\\\/logo\\\/image\\\/\"},\"sameAs\":[\"https:\\\/\\\/www.facebook.com\\\/casadecampoliving\",\"https:\\\/\\\/x.com\\\/cdcliving\"]},{\"@type\":\"Person\",\"@id\":\"https:\\\/\\\/casadecampoliving.com\\\/es\\\/#\\\/schema\\\/person\\\/c8efa6049510554b7d5fea078d728f72\",\"name\":\"Perkin Agramonte\",\"image\":{\"@type\":\"ImageObject\",\"inLanguage\":\"es\",\"@id\":\"https:\\\/\\\/secure.gravatar.com\\\/avatar\\\/57bfdafcae55fb83dbb79a1585a9eab7f269b7720fb0b64cb9a4e0cd2962fa10?s=96&d=mm&r=g\",\"url\":\"https:\\\/\\\/secure.gravatar.com\\\/avatar\\\/57bfdafcae55fb83dbb79a1585a9eab7f269b7720fb0b64cb9a4e0cd2962fa10?s=96&d=mm&r=g\",\"contentUrl\":\"https:\\\/\\\/secure.gravatar.com\\\/avatar\\\/57bfdafcae55fb83dbb79a1585a9eab7f269b7720fb0b64cb9a4e0cd2962fa10?s=96&d=mm&r=g\",\"caption\":\"Perkin Agramonte\"},\"url\":\"https:\\\/\\\/casadecampoliving.com\\\/es\\\/author\\\/cagramonte\\\/\"}]}<\/script>\n<!-- \/ Yoast SEO plugin. -->","yoast_head_json":{"title":"Cartelera de Cine: del 15 al 21 de mayo | Casa de Campo Living","description":"Para esta semana el cine de la Marina Casa de Campo nos trae en cartelera 2 pel\u00edculas nuevas: \u201cLa Extra\u00f1a\u201d y \u201cGodzilla\u201d&nbsp;mientras todav\u00eda en las salas","robots":{"index":"index","follow":"follow","max-snippet":"max-snippet:-1","max-image-preview":"max-image-preview:large","max-video-preview":"max-video-preview:-1"},"canonical":"https:\/\/casadecampoliving.com\/es\/cartelera-de-cine-del-15-al-21-de-mayo\/","og_locale":"es_ES","og_type":"article","og_title":"Cartelera de Cine: del 15 al 21 de mayo | Casa de Campo Living","og_description":"Para esta semana el cine de la Marina Casa de Campo nos trae en cartelera 2 pel\u00edculas nuevas: \u201cLa Extra\u00f1a\u201d y \u201cGodzilla\u201d&nbsp;mientras todav\u00eda en las salas","og_url":"https:\/\/casadecampoliving.com\/es\/cartelera-de-cine-del-15-al-21-de-mayo\/","og_site_name":"Casa de Campo Living","article_publisher":"https:\/\/www.facebook.com\/casadecampoliving","article_published_time":"2014-05-15T04:00:00+00:00","article_modified_time":"2022-10-21T22:51:01+00:00","og_image":[{"width":650,"height":280,"url":"https:\/\/i0.wp.com\/casadecampoliving.com\/wp-content\/uploads\/2022\/10\/CDCAMP_15_de_mayo-1.jpg?fit=650%2C280&ssl=1","type":"image\/jpeg"}],"author":"Perkin Agramonte","twitter_card":"summary_large_image","twitter_creator":"@cdcliving","twitter_site":"@cdcliving","twitter_misc":{"Escrito por":"Perkin Agramonte","Tiempo de lectura":"3 minutos"},"schema":{"@context":"https:\/\/schema.org","@graph":[{"@type":"Article","@id":"https:\/\/casadecampoliving.com\/es\/cartelera-de-cine-del-15-al-21-de-mayo\/#article","isPartOf":{"@id":"https:\/\/casadecampoliving.com\/es\/cartelera-de-cine-del-15-al-21-de-mayo\/"},"author":{"name":"Perkin Agramonte","@id":"https:\/\/casadecampoliving.com\/es\/#\/schema\/person\/c8efa6049510554b7d5fea078d728f72"},"headline":"Cartelera de Cine: del 15 al 21 de mayo","datePublished":"2014-05-15T04:00:00+00:00","dateModified":"2022-10-21T22:51:01+00:00","mainEntityOfPage":{"@id":"https:\/\/casadecampoliving.com\/es\/cartelera-de-cine-del-15-al-21-de-mayo\/"},"wordCount":548,"publisher":{"@id":"https:\/\/casadecampoliving.com\/es\/#organization"},"image":{"@id":"https:\/\/casadecampoliving.com\/es\/cartelera-de-cine-del-15-al-21-de-mayo\/#primaryimage"},"thumbnailUrl":"https:\/\/i0.wp.com\/casadecampoliving.com\/wp-content\/uploads\/2022\/10\/CDCAMP_15_de_mayo-1.jpg?fit=650%2C280&ssl=1","keywords":["cartelera","Casa de Campo Living","casa de campo resort @es","cine","la extrana","Marina Casa de Campo @es"],"articleSection":["Arte y cultura","Casa de Campo Living @es","CCL presenta","Cine @es","Estilo de Vida","La Marina Casa de Campo","Noticias Locales","Rep\u00fablica Dominicana @es","Resort Casa de Campo"],"inLanguage":"es"},{"@type":"WebPage","@id":"https:\/\/casadecampoliving.com\/es\/cartelera-de-cine-del-15-al-21-de-mayo\/","url":"https:\/\/casadecampoliving.com\/es\/cartelera-de-cine-del-15-al-21-de-mayo\/","name":"Cartelera de Cine: del 15 al 21 de mayo | Casa de Campo Living","isPartOf":{"@id":"https:\/\/casadecampoliving.com\/es\/#website"},"primaryImageOfPage":{"@id":"https:\/\/casadecampoliving.com\/es\/cartelera-de-cine-del-15-al-21-de-mayo\/#primaryimage"},"image":{"@id":"https:\/\/casadecampoliving.com\/es\/cartelera-de-cine-del-15-al-21-de-mayo\/#primaryimage"},"thumbnailUrl":"https:\/\/i0.wp.com\/casadecampoliving.com\/wp-content\/uploads\/2022\/10\/CDCAMP_15_de_mayo-1.jpg?fit=650%2C280&ssl=1","datePublished":"2014-05-15T04:00:00+00:00","dateModified":"2022-10-21T22:51:01+00:00","description":"Para esta semana el cine de la Marina Casa de Campo nos trae en cartelera 2 pel\u00edculas nuevas: \u201cLa Extra\u00f1a\u201d y \u201cGodzilla\u201d&nbsp;mientras todav\u00eda en las salas","breadcrumb":{"@id":"https:\/\/casadecampoliving.com\/es\/cartelera-de-cine-del-15-al-21-de-mayo\/#breadcrumb"},"inLanguage":"es","potentialAction":[{"@type":"ReadAction","target":["https:\/\/casadecampoliving.com\/es\/cartelera-de-cine-del-15-al-21-de-mayo\/"]}]},{"@type":"ImageObject","inLanguage":"es","@id":"https:\/\/casadecampoliving.com\/es\/cartelera-de-cine-del-15-al-21-de-mayo\/#primaryimage","url":"https:\/\/i0.wp.com\/casadecampoliving.com\/wp-content\/uploads\/2022\/10\/CDCAMP_15_de_mayo-1.jpg?fit=650%2C280&ssl=1","contentUrl":"https:\/\/i0.wp.com\/casadecampoliving.com\/wp-content\/uploads\/2022\/10\/CDCAMP_15_de_mayo-1.jpg?fit=650%2C280&ssl=1","width":650,"height":280},{"@type":"BreadcrumbList","@id":"https:\/\/casadecampoliving.com\/es\/cartelera-de-cine-del-15-al-21-de-mayo\/#breadcrumb","itemListElement":[{"@type":"ListItem","position":1,"name":"Home","item":"https:\/\/casadecampoliving.com\/es\/"},{"@type":"ListItem","position":2,"name":"Cartelera de Cine: del 15 al 21 de mayo"}]},{"@type":"WebSite","@id":"https:\/\/casadecampoliving.com\/es\/#website","url":"https:\/\/casadecampoliving.com\/es\/","name":"Casa de Campo Living","description":"Resort community news and resources.","publisher":{"@id":"https:\/\/casadecampoliving.com\/es\/#organization"},"potentialAction":[{"@type":"SearchAction","target":{"@type":"EntryPoint","urlTemplate":"https:\/\/casadecampoliving.com\/es\/?s={search_term_string}"},"query-input":{"@type":"PropertyValueSpecification","valueRequired":true,"valueName":"search_term_string"}}],"inLanguage":"es"},{"@type":"Organization","@id":"https:\/\/casadecampoliving.com\/es\/#organization","name":"Casa de Campo Living","url":"https:\/\/casadecampoliving.com\/es\/","logo":{"@type":"ImageObject","inLanguage":"es","@id":"https:\/\/casadecampoliving.com\/es\/#\/schema\/logo\/image\/","url":"https:\/\/i0.wp.com\/casadecampoliving.com\/wp-content\/uploads\/2022\/07\/CDCLivingLogo_V1-white-sized.png?fit=800%2C214&ssl=1","contentUrl":"https:\/\/i0.wp.com\/casadecampoliving.com\/wp-content\/uploads\/2022\/07\/CDCLivingLogo_V1-white-sized.png?fit=800%2C214&ssl=1","width":800,"height":214,"caption":"Casa de Campo Living"},"image":{"@id":"https:\/\/casadecampoliving.com\/es\/#\/schema\/logo\/image\/"},"sameAs":["https:\/\/www.facebook.com\/casadecampoliving","https:\/\/x.com\/cdcliving"]},{"@type":"Person","@id":"https:\/\/casadecampoliving.com\/es\/#\/schema\/person\/c8efa6049510554b7d5fea078d728f72","name":"Perkin Agramonte","image":{"@type":"ImageObject","inLanguage":"es","@id":"https:\/\/secure.gravatar.com\/avatar\/57bfdafcae55fb83dbb79a1585a9eab7f269b7720fb0b64cb9a4e0cd2962fa10?s=96&d=mm&r=g","url":"https:\/\/secure.gravatar.com\/avatar\/57bfdafcae55fb83dbb79a1585a9eab7f269b7720fb0b64cb9a4e0cd2962fa10?s=96&d=mm&r=g","contentUrl":"https:\/\/secure.gravatar.com\/avatar\/57bfdafcae55fb83dbb79a1585a9eab7f269b7720fb0b64cb9a4e0cd2962fa10?s=96&d=mm&r=g","caption":"Perkin Agramonte"},"url":"https:\/\/casadecampoliving.com\/es\/author\/cagramonte\/"}]}},"parsely":{"version":"1.1.0","canonical_url":"https:\/\/casadecampoliving.com\/es\/cartelera-de-cine-del-15-al-21-de-mayo\/","smart_links":{"inbound":0,"outbound":0},"traffic_boost_suggestions_count":0,"meta":{"@context":"https:\/\/schema.org","@type":"NewsArticle","headline":"Cartelera de Cine: del 15 al 21 de mayo","url":"http:\/\/casadecampoliving.com\/es\/cartelera-de-cine-del-15-al-21-de-mayo\/","mainEntityOfPage":{"@type":"WebPage","@id":"http:\/\/casadecampoliving.com\/es\/cartelera-de-cine-del-15-al-21-de-mayo\/"},"thumbnailUrl":"https:\/\/i0.wp.com\/casadecampoliving.com\/wp-content\/uploads\/2022\/10\/CDCAMP_15_de_mayo-1.jpg?resize=150%2C150&ssl=1","image":{"@type":"ImageObject","url":"https:\/\/i0.wp.com\/casadecampoliving.com\/wp-content\/uploads\/2022\/10\/CDCAMP_15_de_mayo-1.jpg?fit=650%2C280&ssl=1"},"articleSection":"Arte y cultura","author":[{"@type":"Person","name":"Perkin Agramonte"}],"creator":["Perkin Agramonte"],"publisher":{"@type":"Organization","name":"Casa de Campo Living","logo":"https:\/\/casadecampoliving.com\/wp-content\/uploads\/2022\/07\/CDCLivingLogo_V1-white-sized.png"},"keywords":["cartelera","casa de campo living","casa de campo resort @es","cine","la extrana","marina casa de campo @es"],"dateCreated":"2014-05-15T04:00:00Z","datePublished":"2014-05-15T04:00:00Z","dateModified":"2022-10-21T22:51:01Z"},"rendered":"<script type=\"application\/ld+json\" class=\"wp-parsely-metadata\">{\"@context\":\"https:\\\/\\\/schema.org\",\"@type\":\"NewsArticle\",\"headline\":\"Cartelera de Cine: del 15 al 21 de mayo\",\"url\":\"http:\\\/\\\/casadecampoliving.com\\\/es\\\/cartelera-de-cine-del-15-al-21-de-mayo\\\/\",\"mainEntityOfPage\":{\"@type\":\"WebPage\",\"@id\":\"http:\\\/\\\/casadecampoliving.com\\\/es\\\/cartelera-de-cine-del-15-al-21-de-mayo\\\/\"},\"thumbnailUrl\":\"https:\\\/\\\/i0.wp.com\\\/casadecampoliving.com\\\/wp-content\\\/uploads\\\/2022\\\/10\\\/CDCAMP_15_de_mayo-1.jpg?resize=150%2C150&ssl=1\",\"image\":{\"@type\":\"ImageObject\",\"url\":\"https:\\\/\\\/i0.wp.com\\\/casadecampoliving.com\\\/wp-content\\\/uploads\\\/2022\\\/10\\\/CDCAMP_15_de_mayo-1.jpg?fit=650%2C280&ssl=1\"},\"articleSection\":\"Arte y cultura\",\"author\":[{\"@type\":\"Person\",\"name\":\"Perkin Agramonte\"}],\"creator\":[\"Perkin Agramonte\"],\"publisher\":{\"@type\":\"Organization\",\"name\":\"Casa de Campo Living\",\"logo\":\"https:\\\/\\\/casadecampoliving.com\\\/wp-content\\\/uploads\\\/2022\\\/07\\\/CDCLivingLogo_V1-white-sized.png\"},\"keywords\":[\"cartelera\",\"casa de campo living\",\"casa de campo resort @es\",\"cine\",\"la extrana\",\"marina casa de campo @es\"],\"dateCreated\":\"2014-05-15T04:00:00Z\",\"datePublished\":\"2014-05-15T04:00:00Z\",\"dateModified\":\"2022-10-21T22:51:01Z\"}<\/script>","tracker_url":"https:\/\/cdn.parsely.com\/keys\/casadecampoliving.com\/p.js"},"jetpack_publicize_connections":[],"jetpack_featured_media_url":"https:\/\/i0.wp.com\/casadecampoliving.com\/wp-content\/uploads\/2022\/10\/CDCAMP_15_de_mayo-1.jpg?fit=650%2C280&ssl=1","jetpack-related-posts":[{"id":344413,"url":"https:\/\/casadecampoliving.com\/es\/su-ultimo-chance-de-ver-la-extrana\/","url_meta":{"origin":344382,"position":0},"title":"Su \u00faltimo chance de ver La Extra\u00f1a","author":"Perkin Agramonte","date":"20 May, 2014","format":false,"excerpt":"La Extra\u00f1a, la primera pel\u00edcula filmada casi exclusivamente en el resort Casa de Campo se encuentra actualmente en cartelera en la Marina Casa de Campo, pero el d\u00eda de hoy (martes) y ma\u00f1ana (mi\u00e9rcoles) esta semana\u00a0ser\u00e1 su \u00faltima oportunidad de ver esta fascinante pel\u00edcula. Debido a que, el cine de\u2026","rel":"","context":"En \u00abCasa de Campo Living @es\u00bb","block_context":{"text":"Casa de Campo Living @es","link":"https:\/\/casadecampoliving.com\/category\/casa-de-campo-living-es\/"},"img":{"alt_text":"frank perozo","src":"https:\/\/i0.wp.com\/casadecampoliving.com\/wp-content\/uploads\/2022\/10\/frank.jpg?fit=960%2C537&ssl=1&resize=350%2C200","width":350,"height":200,"srcset":"https:\/\/i0.wp.com\/casadecampoliving.com\/wp-content\/uploads\/2022\/10\/frank.jpg?fit=960%2C537&ssl=1&resize=350%2C200 1x, https:\/\/i0.wp.com\/casadecampoliving.com\/wp-content\/uploads\/2022\/10\/frank.jpg?fit=960%2C537&ssl=1&resize=525%2C300 1.5x, https:\/\/i0.wp.com\/casadecampoliving.com\/wp-content\/uploads\/2022\/10\/frank.jpg?fit=960%2C537&ssl=1&resize=700%2C400 2x"},"classes":[]},{"id":344411,"url":"https:\/\/casadecampoliving.com\/es\/cartelera-de-cine-del-22-al-28-de-mayo\/","url_meta":{"origin":344382,"position":1},"title":"Cartelera de Cine: del 22 al 28 de mayo","author":"Perkin Agramonte","date":"22 May, 2014","format":false,"excerpt":"Para esta semana el cine de la Marina Casa de Campo nos trae en cartelera 1 pel\u00edcula nueva: \u201cX-Men: D\u00edas del futuro pasado\u201d,\u00a0mientras todav\u00eda en las salas tenemos\u00a0\u201cLa Extra\u00f1a\u201d,\u00a0\u201cGodzilla\u201d\u00a0y\u00a0\u201cRio 2\u201d\u00a0.\u00a0Salvedad:\u00a0A partir de ahora el cine de La Marina Casa de Campo estar\u00e1 abierto\u00a0todos los d\u00edas hasta nuevo aviso. X-Men: D\u00edas\u2026","rel":"","context":"En \u00abArte y cultura\u00bb","block_context":{"text":"Arte y cultura","link":"https:\/\/casadecampoliving.com\/category\/arte-y-cultura\/"},"img":{"alt_text":"","src":"https:\/\/i0.wp.com\/casadecampoliving.com\/wp-content\/uploads\/2022\/10\/CDCAMP-22-de-mayo_ccl-1.jpg?fit=650%2C280&ssl=1&resize=350%2C200","width":350,"height":200,"srcset":"https:\/\/i0.wp.com\/casadecampoliving.com\/wp-content\/uploads\/2022\/10\/CDCAMP-22-de-mayo_ccl-1.jpg?fit=650%2C280&ssl=1&resize=350%2C200 1x, https:\/\/i0.wp.com\/casadecampoliving.com\/wp-content\/uploads\/2022\/10\/CDCAMP-22-de-mayo_ccl-1.jpg?fit=650%2C280&ssl=1&resize=525%2C300 1.5x"},"classes":[]},{"id":344435,"url":"https:\/\/casadecampoliving.com\/es\/frank-perozo\/","url_meta":{"origin":344382,"position":2},"title":"Frank Perozo visto en Lago Grill","author":"Perkin Agramonte","date":"26 May, 2014","format":false,"excerpt":"Al observar a Frank Perozo y Evelyna Rodr\u00edguez, estrellas de la pel\u00edcula La Extra\u00f1a, desayunando en Casa de Campo, espec\u00edficamente en Lago Grill, sentimos como si estuvi\u00e9semos presenciando una escena de La Extra\u00f1a Por supuesto que no lo fue, simplemente vimos a Frank Perozo y Evelyna Rodr\u00edguez disfrutar de un\u2026","rel":"","context":"En \u00abCasa de Campo Living @es\u00bb","block_context":{"text":"Casa de Campo Living @es","link":"https:\/\/casadecampoliving.com\/category\/casa-de-campo-living-es\/"},"img":{"alt_text":"","src":"https:\/\/i0.wp.com\/casadecampoliving.com\/wp-content\/uploads\/2022\/10\/Frank_Perozo_header_2-1.jpg?fit=650%2C434&ssl=1&resize=350%2C200","width":350,"height":200,"srcset":"https:\/\/i0.wp.com\/casadecampoliving.com\/wp-content\/uploads\/2022\/10\/Frank_Perozo_header_2-1.jpg?fit=650%2C434&ssl=1&resize=350%2C200 1x, https:\/\/i0.wp.com\/casadecampoliving.com\/wp-content\/uploads\/2022\/10\/Frank_Perozo_header_2-1.jpg?fit=650%2C434&ssl=1&resize=525%2C300 1.5x"},"classes":[]},{"id":344161,"url":"https:\/\/casadecampoliving.com\/es\/la-extrana-llega-todos-los-cines-del-pais-el-15-de-mayo\/","url_meta":{"origin":344382,"position":3},"title":"La Extra\u00f1a llega a todos los cines del pa\u00eds el 15 de mayo","author":"Perkin Agramonte","date":"9 Abr, 2014","format":false,"excerpt":"\u201cLa Extra\u00f1a\u201d, una pel\u00edcula rodada aqu\u00ed en Casa de Campo durante los meses de noviembre y diciembre del a\u00f1o pasado, ser\u00e1 puesta en cartelera en todos los cines del pa\u00eds a partir del 15 de mayo. Los productores ejecutivos de La Extra\u00f1a son Joan Giacinti y el due\u00f1o de villa\u2026","rel":"","context":"En \u00abAltos de Chavon @es\u00bb","block_context":{"text":"Altos de Chavon @es","link":"https:\/\/casadecampoliving.com\/category\/altos-de-chavon-es\/"},"img":{"alt_text":"Frank Perozo","src":"https:\/\/i0.wp.com\/casadecampoliving.com\/wp-content\/uploads\/2022\/10\/frank_perozo-1.jpg?fit=650%2C433&ssl=1&resize=350%2C200","width":350,"height":200,"srcset":"https:\/\/i0.wp.com\/casadecampoliving.com\/wp-content\/uploads\/2022\/10\/frank_perozo-1.jpg?fit=650%2C433&ssl=1&resize=350%2C200 1x, https:\/\/i0.wp.com\/casadecampoliving.com\/wp-content\/uploads\/2022\/10\/frank_perozo-1.jpg?fit=650%2C433&ssl=1&resize=525%2C300 1.5x"},"classes":[]},{"id":345211,"url":"https:\/\/casadecampoliving.com\/es\/la-pelicula-la-extrana-de-casa-de-campo-estreno-en-puerto-rico\/","url_meta":{"origin":344382,"position":4},"title":"Pel\u00edcula La Extra\u00f1a &#8211; estrena en Puerto Rico","author":"Daniela Medina","date":"28 Ago, 2014","format":false,"excerpt":"\u00a1La Extra\u00f1a, la primera pel\u00edcula en la historia en ser grabada casi en su totalidad dentro del Resort Casa de Campo, ahora se estrena en Puerto Rico! La Extra\u00f1a no solo es una pel\u00edcula excelente, filmada aqu\u00ed en Casa de Campo, sino que tambi\u00e9n cuenta con el legendario Sergio Gobbi,\u2026","rel":"","context":"En \u00abAltos de Chavon @es\u00bb","block_context":{"text":"Altos de Chavon @es","link":"https:\/\/casadecampoliving.com\/category\/altos-de-chavon-es\/"},"img":{"alt_text":"Frank Perozo","src":"https:\/\/i0.wp.com\/casadecampoliving.com\/wp-content\/uploads\/2022\/10\/frank_perozo-1.jpg?fit=650%2C433&ssl=1&resize=350%2C200","width":350,"height":200,"srcset":"https:\/\/i0.wp.com\/casadecampoliving.com\/wp-content\/uploads\/2022\/10\/frank_perozo-1.jpg?fit=650%2C433&ssl=1&resize=350%2C200 1x, https:\/\/i0.wp.com\/casadecampoliving.com\/wp-content\/uploads\/2022\/10\/frank_perozo-1.jpg?fit=650%2C433&ssl=1&resize=525%2C300 1.5x"},"classes":[]},{"id":338756,"url":"https:\/\/casadecampoliving.com\/es\/cartelera-de-cine-12-al-18-de-abril\/","url_meta":{"origin":344382,"position":5},"title":"Cartelera de Cine: 12 al 18 de abril!","author":"Rebecca Silvestri","date":"12 Abr, 2012","format":false,"excerpt":"Esta semana, el cine de La Marina Casa de Campo nos trae dos nuevas pel\u00edculas; \u201cEl invitado\u201d (Safe House) y \u201cTan fuerte, tan cerca\u201d (Extremely loud incredibly close).\u00a0A\u00fan en las salas\u00a0\u201cLos juegos del hambre\u201d (Hunger Games), \u201cThe Lorax\u201d y \u201cJourney 2\u201d! The Lorax\u00a0[ver trailer,\u00a0leer cr\u00edtica] La pel\u00edcula cuenta la historia\u2026","rel":"","context":"En \u00abArte y cultura\u00bb","block_context":{"text":"Arte y cultura","link":"https:\/\/casadecampoliving.com\/category\/arte-y-cultura\/"},"img":{"alt_text":"marina casa de campo cine","src":"https:\/\/i0.wp.com\/casadecampoliving.com\/wp-content\/uploads\/2022\/10\/marina_casa_de_campo_cine-1.jpg?fit=650%2C278&ssl=1&resize=350%2C200","width":350,"height":200,"srcset":"https:\/\/i0.wp.com\/casadecampoliving.com\/wp-content\/uploads\/2022\/10\/marina_casa_de_campo_cine-1.jpg?fit=650%2C278&ssl=1&resize=350%2C200 1x, https:\/\/i0.wp.com\/casadecampoliving.com\/wp-content\/uploads\/2022\/10\/marina_casa_de_campo_cine-1.jpg?fit=650%2C278&ssl=1&resize=525%2C300 1.5x"},"classes":[]}],"jetpack_sharing_enabled":true,"_links":{"self":[{"href":"https:\/\/casadecampoliving.com\/es\/wp-json\/wp\/v2\/posts\/344382","targetHints":{"allow":["GET"]}}],"collection":[{"href":"https:\/\/casadecampoliving.com\/es\/wp-json\/wp\/v2\/posts"}],"about":[{"href":"https:\/\/casadecampoliving.com\/es\/wp-json\/wp\/v2\/types\/post"}],"author":[{"embeddable":true,"href":"https:\/\/casadecampoliving.com\/es\/wp-json\/wp\/v2\/users\/1097"}],"replies":[{"embeddable":true,"href":"https:\/\/casadecampoliving.com\/es\/wp-json\/wp\/v2\/comments?post=344382"}],"version-history":[{"count":1,"href":"https:\/\/casadecampoliving.com\/es\/wp-json\/wp\/v2\/posts\/344382\/revisions"}],"predecessor-version":[{"id":344383,"href":"https:\/\/casadecampoliving.com\/es\/wp-json\/wp\/v2\/posts\/344382\/revisions\/344383"}],"wp:featuredmedia":[{"embeddable":true,"href":"https:\/\/casadecampoliving.com\/es\/wp-json\/wp\/v2\/media\/239360"}],"wp:attachment":[{"href":"https:\/\/casadecampoliving.com\/es\/wp-json\/wp\/v2\/media?parent=344382"}],"wp:term":[{"taxonomy":"category","embeddable":true,"href":"https:\/\/casadecampoliving.com\/es\/wp-json\/wp\/v2\/categories?post=344382"},{"taxonomy":"post_tag","embeddable":true,"href":"https:\/\/casadecampoliving.com\/es\/wp-json\/wp\/v2\/tags?post=344382"},{"taxonomy":"newspack_spnsrs_tax","embeddable":true,"href":"https:\/\/casadecampoliving.com\/es\/wp-json\/wp\/v2\/newspack_spnsrs_tax?post=344382"}],"curies":[{"name":"wp","href":"https:\/\/api.w.org\/{rel}","templated":true}]}}