{"id":344352,"date":"2014-05-13T00:00:00","date_gmt":"2014-05-13T04:00:00","guid":{"rendered":"https:\/\/casadecampoliving.com\/xioma-matos-presenta-las-pailas-un-nuevo-proyecto-en-la-barranca-con-vista-al-mar\/"},"modified":"2022-11-10T10:40:01","modified_gmt":"2022-11-10T14:40:01","slug":"xioma-matos-presenta-las-pailas-un-nuevo-proyecto-en-la-barranca-con-vista-al-mar","status":"publish","type":"post","link":"https:\/\/casadecampoliving.com\/es\/xioma-matos-presenta-las-pailas-un-nuevo-proyecto-en-la-barranca-con-vista-al-mar\/","title":{"rendered":"Xioma Matos presenta Las Pailas, un nuevo proyecto en La Barranca con vista al mar"},"content":{"rendered":"<img data-recalc-dims=\"1\" loading=\"lazy\" decoding=\"async\" class=\"aligncenter size-full wp-image-89395\" src=\"https:\/\/i0.wp.com\/casadecampoliving.com\/wp-content\/uploads\/2022\/10\/Las_pailas_casa_de_campo.jpg?resize=650%2C318&#038;ssl=1\" alt=\"Las Pailas Casa de Campo\" width=\"650\" height=\"318\" \/>La mayor\u00eda de nosotros sabemos que Xiomara Matos es la presidenta del centro educativo y guarder\u00eda Hogar del Ni\u00f1o, en La Romana. Es una s\u00faper mujer, tambi\u00e9n una orgullosa madre de 4 ni\u00f1os y se ha embarcado en un nuevo proyecto &#8216;Las Pailas&#8217;.\n\n<!--more-->\n\nLas Pailas es un nuevo y exclusivo proyecto desarrollado en el coraz\u00f3n de Casa de Campo. Este contiene 5 propiedades, dicho proyecto cuenta con Xiomara Matos como coordinadora de ventas quien trabaja conjuntamente al arquitecto Francisco Feaugas y el ingeniero Guillermo Strofer. Mientras que el paisajismo est\u00e1 de Lowell Whipple y Clara Portela, quienes tambi\u00e9n realizaron el paisaje para el sector Los Altos en Casa de Campo.\n<h3>Historial<\/h3>\n<img data-recalc-dims=\"1\" loading=\"lazy\" decoding=\"async\" class=\"alignright size-full wp-image-89538\" src=\"https:\/\/i0.wp.com\/casadecampoliving.com\/wp-content\/uploads\/2022\/10\/Lowell_Whipple_Xioma_Matos_Las_Pailas.jpg?resize=300%2C351&#038;ssl=1\" alt=\"Lowell Whipple, Xioma Matos, Las Pailas\" width=\"300\" height=\"351\" \/>Todo inici\u00f3 despu\u00e9s del Hurac\u00e1n Georges en 1998, Cuando Xiomara empez\u00f3 a trabajar en el proyecto del sector El Ingenio.\n\nTrabajando en conjunto con el arquitecto Francisco Feaugas y el ingeniero Guillermo Stofer, el \u00fanico papel de Xiomara no era solo vender casa, sino tambi\u00e9n trabajar en la directiva, directamente con los clientes creando la villa de sus sue\u00f1os en Casa de Campo.<strong> \u00abMe toc\u00f3 hacer lo\u00a0m\u00e1s\u00a0divertido. Realmente me gusta hacer eso\u00bb<\/strong>. Expres\u00f3 Xiomara a Casa de Campo Living. El proyecto tuvo tanto \u00e9xito que luego el mismo equipo pas\u00f3 a desarrollar El Batey.\n\n<em><strong>\u00abVendimos a partir de los planos de planta, por lo que podemos hacer todos los ajustes que el cliente decidi\u00f3. Si usted entra a la casa del Ingenio o la del Batey, podr\u00e1 ve que son totalmente diferentes\u00bb<\/strong>,<\/em>\u00a0e<span style=\"font-size: 13px;\">xplic\u00f3 Xiomara. <\/span><em style=\"font-size: 13px;\"><strong>\u00abEs algo m\u00e1gico, planificar algo con el cliente y el arquitecto y verlo convertirse en una realidad, es una experiencia incre\u00edble\u00bb<\/strong>,<\/em><span style=\"font-weight: normal;\">\u00a0agreg\u00f3.\u00a0<\/span>\n<h3>Hoy<\/h3>\nHoy, el equipo ideal Xiomara, Francisco and Guillermo, est\u00e1 de regreso y el proyecto Las Pailas est\u00e1 en marcha. <em><strong>\u00abNos hacemos llamar\u00a0\u00a0el &#8216;Dream team&#8217; porque tenemos una muy buena coinonia al trabajar en equipo, nuestra mayor meta es crear las casas que nuestros clientes siempre han so\u00f1ado.\u00bb<\/strong><\/em>, explic\u00f3 Xiomara.\n<p style=\"text-align: center;\"><strong>Francisco Feaugas, Xioma Matos y Guillermo Strofer<\/strong><a href=\"https:\/\/i0.wp.com\/casadecampoliving.com\/wp-content\/uploads\/2022\/10\/francisco_feaugas_Xioma_Matos_Guillermo_Strofer.jpg?ssl=1\">\n<img data-recalc-dims=\"1\" loading=\"lazy\" decoding=\"async\" class=\"aligncenter wp-image-89669 size-full\" src=\"https:\/\/i0.wp.com\/casadecampoliving.com\/wp-content\/uploads\/2022\/10\/francisco_feaugas_Xioma_Matos_Guillermo_Strofer.jpg?resize=650%2C383&#038;ssl=1\" alt=\"Francisco Feaugas, Xioma Matos and Guillermo Strofer\" width=\"650\" height=\"383\" \/><\/a><\/p>\n<img data-recalc-dims=\"1\" loading=\"lazy\" decoding=\"async\" class=\"alignright wp-image-89539 size-medium\" src=\"https:\/\/i0.wp.com\/casadecampoliving.com\/wp-content\/uploads\/2022\/10\/Francisco_Feaugas-Xioma_Matos-Las_Pailas-222x300-2.jpg?resize=222%2C300&#038;ssl=1\" alt=\"Francisco Feaugas, Xioma Matos, Las Pailas\" width=\"222\" height=\"300\" \/>Francisco y Guillermo ten\u00edan todo listo para empezar a trabajar cuando llamaron a Xiomara, y a pesar de todos sus compromisos, ella no pudo resistir la tentaci\u00f3n de verse envuelta, <strong>\u00abRealmente me siento enamorada de \u00a0la arquitectura y el concepto\u00bb.<\/strong>\n\nY ahora, el proyecto va a toda m\u00e1quina con Xiomara haciendo el control de las ventas, as\u00ed como trabajando desde muy cerca con sus compa\u00f1eros en el dise\u00f1o y proceso de construcci\u00f3n.\n\nSe empez\u00f3 a trabajar en una casa modelo (derecha), y esta ya tiene un adelanto en m\u00e1s del 50%, se estima que estar\u00e1 completa para septiembre de este a\u00f1o. Eso significa que las otras 4 villas ser\u00e1n construidas cuando hayan sido vendidas. <em><strong>\u00abUna vez alguien se haya decidido por la casa, nos juntamos con el arquitecto y el ingeniero y ponemos todo fuera, consideramos todas las opciones que el comprador quiere agregar o cambiar\u00bb<\/strong><\/em>, dijo Xiomara. <em><strong>\u00abEso que lo hace especial, es que puedes personalizarla\u00bb<\/strong><\/em>, agreg\u00f3.\n<h3>El proyecto<\/h3>\nCada una de las villas Las Pailas puede ser\u00a0\u00fanica y \u00a0personalizada junto con lo que el cliente necesita, ellas tendr\u00e1n \u00a0las siguientes cosas en com\u00fan:\n\n<strong>Excelente ubicaci\u00f3n<\/strong>\n\nEn el coraz\u00f3n de Casa de Campo, completamente, Las Pailas se convertir\u00e1 en parte del residencial La barranca, los tres lotes a plazos se encuentran con su carretera privada, mientras que los dos de la vuelta estar\u00e1n en la carretera principal de La Barranca. Todo esta dentro de las posibilidades de caminar dentro de La Terraza del Club de tenis, pero <strong>\u00abno podr\u00e1 ver el tenis porque el paisajismo no estar\u00e1 habilitado, pero s\u00ed para caminar ah\u00ed\u00bb<\/strong>. Otro avance importante \u00e9sta en la locaci\u00f3n es el micro clima,<em><strong> \u00abaqu\u00ed usted tambi\u00e9n tendr\u00e1 una brisa, incluso en las noches. Vivo en Barranca y s\u00e9 que la temperaturas son muy bajas en las villas cerca del agua\u00bb<\/strong><\/em>\n\n<strong>La Vista<\/strong>\n\nLos 5 proyectos tendr\u00e1n vista al mar. Los tres proyectos delanteros son de primera clase con una vista de 180 grados sin obst\u00e1culos del mar, desde la parte trasera de dos lotes <em><strong>\u00abtendr\u00e1n vista al oc\u00e9ano desde e frente de las casas. \u00a0Las casas est\u00e1n \u00a0ubicadas de manera que no se arruine la hermosa vista, no ver\u00e1 la calle o carros, s\u00f3lo podr\u00e1 ver la vegetaci\u00f3n y el oc\u00e9ano\u00bb.\n<\/strong><\/em>\n<p style=\"text-align: center;\"><strong>Maravillosa vista desde Las Pailas en La Barranca, Casa de Campo<\/strong>\n<img data-recalc-dims=\"1\" loading=\"lazy\" decoding=\"async\" class=\"aligncenter size-full wp-image-89540\" src=\"https:\/\/i0.wp.com\/casadecampoliving.com\/wp-content\/uploads\/2022\/10\/ocean-view_Las_Pailas_Casa_de_Campo.jpg?resize=650%2C573&#038;ssl=1\" alt=\"ocean view, Las Pailas Casa de Campo\" width=\"650\" height=\"573\" \/><\/p>\n<strong>Dise\u00f1o moderno y amigo del ecosistema<\/strong>\n\nDise\u00f1ado por Francisco Feaugas, quien tiene m\u00e1s de 20 a\u00f1os de experiencia trabajando en Casa de Campo, las villas de Las Pailas son &#8216;eco-green&#8217;, eso significa <em><strong>\u00absi las personas quieren el dise\u00f1o de paneles solares y el sistema de aire\u00a0acondicionado\u00a0tambi\u00e9n est\u00e1 hecho para\u00a0reducir el consumo de energ\u00eda\u00bb<\/strong><\/em>. Mientras toman los cuidados de incorporar las bellezas del tr\u00f3pico. <em><strong>\u00abA Francisco siempre le ha gustado tener el verde de la naturaleza y el agua incluidos, dentro de la casa tendremos una p\u00e9rgola que entrar\u00e1, pero con un techo, entonces tendr\u00e1 sus plantas dentro de la casa, as\u00ed como una fuente de agua\u00bb.\u00a0<\/strong><\/em>\n\n<span style=\"color: #000000;\"><strong>\u00a1Su\u00e9\u00f1alo, nosotros lo construimos!<\/strong><\/span>\n\nAs\u00ed como el lema del proyecto sugiere, todos los modelos de casas de Las Pailas, pueden personalizarse para adaptarla a las necesidades que el cliente quiere y necesita. Por ejemplo, <em><strong>\u00abrealmente la sala de estar est\u00e1 dise\u00f1ada para que usted pueda hacer lo que realmente quiera. Puede cerrar el \u00e1rea de comedor, a\u00f1adir una terraza a la casa, literalmente cualquier cosa que usted quiera\u00bb.\u00a0<\/strong><\/em>Tambi\u00e9n puede agregar habitaciones, <em>jacuzzis<\/em> en la <em>suite, <\/em>una cocina de servicios y una casa de hu\u00e9sped \u00a0finalizando con las opciones.\n\n<strong>Xioma<\/strong>\n\nAunque parece extra\u00f1o de clasificar Xiomara matos es como la \u00fanica que ofrece en las Villas de Las Pailas. Xiomara es, quiz\u00e1s, el activo m\u00e1s valioso. Adicional a las ventas y el mercado, el papel de Xiomara es complacer al cliente. Muchas personas sue\u00f1an con construir su propia villa, pero en la actualidad puede ser abrumador. <strong>\u00abTe lo hago f\u00e1cil\u00bb<\/strong>, dice Xiomara Matos. Desde que inicia hasta que termina, Xiomara est\u00e1 ah\u00ed, al lado de los clientes gui\u00e1ndoles a trav\u00e9s de las diferentes decisiones y est\u00e1 en el lugar supervisando la construcci\u00f3n. <em><strong>\u00abTengo una oficina en el hotel, as\u00ed que realmente puedo mantener el ojo en \u00e9l\u00bb<\/strong><\/em>, expres\u00f3 Xiomara.\n<h3>Los modelos<\/h3>\nAunque las villas de Las Pailas se pueden personalizar en un sin n\u00famero de maneras, aqu\u00ed hay dos opciones b\u00e1sicas:\n<blockquote><strong>Modelo A<\/strong>\n\n<img data-recalc-dims=\"1\" loading=\"lazy\" decoding=\"async\" class=\"aligncenter size-full wp-image-89404\" src=\"https:\/\/i0.wp.com\/casadecampoliving.com\/wp-content\/uploads\/2022\/10\/Las_pailas_casa_de_campo2.jpg?resize=620%2C336&#038;ssl=1\" alt=\"Las Pailas Casa de Campo\" width=\"620\" height=\"336\" \/>\n<ul>\n\t<li>Tama\u00f1o del lote entre\u00a02,434 m2 a 2, 489 m2, aproximadamente 900 a 1300 m2 de construcci\u00f3n.<\/li>\n\t<li>Parqueo techado para para dos carros<\/li>\n\t<li>4 bedrooms including 2 masters<\/li>\n\t<li>4 habitaciones, incluyendo 2<\/li>\n\t<li>Piscina, cubierta y terraza<\/li>\n\t<li>Ba\u00f1o para invitados en el area de piscina<\/li>\n\t<li>Gran comedor y sala de estar abierta<\/li>\n\t<li>Con vista al mar entre las casas delanteras de Las Palmas<\/li>\n<\/ul>\nDesde US$2.4 million<span style=\"color: #444444;\">\u00a0<\/span><span style=\"font-weight: 600; color: #444444;\">\n<figure class=\"wp-block-gallery has-nested-images columns-default is-cropped wp-block-gallery-1 is-layout-flex wp-block-gallery-is-layout-flex\">\n<figure class=\"wp-block-image size-large\"><img data-recalc-dims=\"1\" loading=\"lazy\" decoding=\"async\" width=\"1000\" height=\"489\" data-id=\"443394\" src=\"https:\/\/i0.wp.com\/casadecampoliving.com\/wp-content\/uploads\/2022\/10\/modeloa_1.jpg?resize=1000%2C489&#038;ssl=1\" alt=\"\" class=\"wp-image-443394\" srcset=\"https:\/\/i0.wp.com\/casadecampoliving.com\/wp-content\/uploads\/2022\/10\/modeloa_1.jpg?w=1000&amp;ssl=1 1000w, https:\/\/i0.wp.com\/casadecampoliving.com\/wp-content\/uploads\/2022\/10\/modeloa_1.jpg?resize=300%2C147&amp;ssl=1 300w, https:\/\/i0.wp.com\/casadecampoliving.com\/wp-content\/uploads\/2022\/10\/modeloa_1.jpg?resize=768%2C376&amp;ssl=1 768w, https:\/\/i0.wp.com\/casadecampoliving.com\/wp-content\/uploads\/2022\/10\/modeloa_1.jpg?resize=400%2C196&amp;ssl=1 400w, https:\/\/i0.wp.com\/casadecampoliving.com\/wp-content\/uploads\/2022\/10\/modeloa_1.jpg?resize=706%2C345&amp;ssl=1 706w, https:\/\/i0.wp.com\/casadecampoliving.com\/wp-content\/uploads\/2022\/10\/modeloa_1.jpg?resize=150%2C73&amp;ssl=1 150w, https:\/\/i0.wp.com\/casadecampoliving.com\/wp-content\/uploads\/2022\/10\/modeloa_1.jpg?w=370&amp;ssl=1 370w\" sizes=\"auto, (max-width: 1000px) 100vw, 1000px\" \/><\/figure>\n\n\n\n<figure class=\"wp-block-image size-large\"><img data-recalc-dims=\"1\" loading=\"lazy\" decoding=\"async\" width=\"1000\" height=\"581\" data-id=\"443415\" src=\"https:\/\/i0.wp.com\/casadecampoliving.com\/wp-content\/uploads\/2022\/10\/modeloa_2.jpg?resize=1000%2C581&#038;ssl=1\" alt=\"\" class=\"wp-image-443415\" srcset=\"https:\/\/i0.wp.com\/casadecampoliving.com\/wp-content\/uploads\/2022\/10\/modeloa_2.jpg?w=1000&amp;ssl=1 1000w, https:\/\/i0.wp.com\/casadecampoliving.com\/wp-content\/uploads\/2022\/10\/modeloa_2.jpg?resize=300%2C174&amp;ssl=1 300w, https:\/\/i0.wp.com\/casadecampoliving.com\/wp-content\/uploads\/2022\/10\/modeloa_2.jpg?resize=768%2C446&amp;ssl=1 768w, https:\/\/i0.wp.com\/casadecampoliving.com\/wp-content\/uploads\/2022\/10\/modeloa_2.jpg?resize=400%2C232&amp;ssl=1 400w, https:\/\/i0.wp.com\/casadecampoliving.com\/wp-content\/uploads\/2022\/10\/modeloa_2.jpg?resize=706%2C410&amp;ssl=1 706w, https:\/\/i0.wp.com\/casadecampoliving.com\/wp-content\/uploads\/2022\/10\/modeloa_2.jpg?resize=150%2C87&amp;ssl=1 150w, https:\/\/i0.wp.com\/casadecampoliving.com\/wp-content\/uploads\/2022\/10\/modeloa_2.jpg?w=370&amp;ssl=1 370w\" sizes=\"auto, (max-width: 1000px) 100vw, 1000px\" \/><\/figure>\n\n\n\n<figure class=\"wp-block-image size-large\"><img data-recalc-dims=\"1\" loading=\"lazy\" decoding=\"async\" width=\"1000\" height=\"219\" data-id=\"443432\" src=\"https:\/\/i0.wp.com\/casadecampoliving.com\/wp-content\/uploads\/2022\/10\/modeloa_3.jpg?resize=1000%2C219&#038;ssl=1\" alt=\"\" class=\"wp-image-443432\" srcset=\"https:\/\/i0.wp.com\/casadecampoliving.com\/wp-content\/uploads\/2022\/10\/modeloa_3.jpg?w=1000&amp;ssl=1 1000w, https:\/\/i0.wp.com\/casadecampoliving.com\/wp-content\/uploads\/2022\/10\/modeloa_3.jpg?resize=300%2C66&amp;ssl=1 300w, https:\/\/i0.wp.com\/casadecampoliving.com\/wp-content\/uploads\/2022\/10\/modeloa_3.jpg?resize=768%2C168&amp;ssl=1 768w, https:\/\/i0.wp.com\/casadecampoliving.com\/wp-content\/uploads\/2022\/10\/modeloa_3.jpg?resize=400%2C88&amp;ssl=1 400w, https:\/\/i0.wp.com\/casadecampoliving.com\/wp-content\/uploads\/2022\/10\/modeloa_3.jpg?resize=706%2C155&amp;ssl=1 706w, https:\/\/i0.wp.com\/casadecampoliving.com\/wp-content\/uploads\/2022\/10\/modeloa_3.jpg?resize=150%2C33&amp;ssl=1 150w, https:\/\/i0.wp.com\/casadecampoliving.com\/wp-content\/uploads\/2022\/10\/modeloa_3.jpg?w=370&amp;ssl=1 370w\" sizes=\"auto, (max-width: 1000px) 100vw, 1000px\" \/><\/figure>\n\n\n\n<figure class=\"wp-block-image size-large\"><img data-recalc-dims=\"1\" loading=\"lazy\" decoding=\"async\" width=\"1000\" height=\"489\" data-id=\"443453\" src=\"https:\/\/i0.wp.com\/casadecampoliving.com\/wp-content\/uploads\/2022\/10\/modeloa_4.jpg?resize=1000%2C489&#038;ssl=1\" alt=\"\" class=\"wp-image-443453\" srcset=\"https:\/\/i0.wp.com\/casadecampoliving.com\/wp-content\/uploads\/2022\/10\/modeloa_4.jpg?w=1000&amp;ssl=1 1000w, https:\/\/i0.wp.com\/casadecampoliving.com\/wp-content\/uploads\/2022\/10\/modeloa_4.jpg?resize=300%2C147&amp;ssl=1 300w, https:\/\/i0.wp.com\/casadecampoliving.com\/wp-content\/uploads\/2022\/10\/modeloa_4.jpg?resize=768%2C376&amp;ssl=1 768w, https:\/\/i0.wp.com\/casadecampoliving.com\/wp-content\/uploads\/2022\/10\/modeloa_4.jpg?resize=400%2C196&amp;ssl=1 400w, https:\/\/i0.wp.com\/casadecampoliving.com\/wp-content\/uploads\/2022\/10\/modeloa_4.jpg?resize=706%2C345&amp;ssl=1 706w, https:\/\/i0.wp.com\/casadecampoliving.com\/wp-content\/uploads\/2022\/10\/modeloa_4.jpg?resize=150%2C73&amp;ssl=1 150w, https:\/\/i0.wp.com\/casadecampoliving.com\/wp-content\/uploads\/2022\/10\/modeloa_4.jpg?w=370&amp;ssl=1 370w\" sizes=\"auto, (max-width: 1000px) 100vw, 1000px\" \/><\/figure>\n\n\n\n<figure class=\"wp-block-image size-large\"><img data-recalc-dims=\"1\" loading=\"lazy\" decoding=\"async\" width=\"1000\" height=\"621\" data-id=\"443470\" src=\"https:\/\/i0.wp.com\/casadecampoliving.com\/wp-content\/uploads\/2022\/10\/modeloa_5.jpg?resize=1000%2C621&#038;ssl=1\" alt=\"\" class=\"wp-image-443470\" srcset=\"https:\/\/i0.wp.com\/casadecampoliving.com\/wp-content\/uploads\/2022\/10\/modeloa_5.jpg?w=1000&amp;ssl=1 1000w, https:\/\/i0.wp.com\/casadecampoliving.com\/wp-content\/uploads\/2022\/10\/modeloa_5.jpg?resize=300%2C186&amp;ssl=1 300w, https:\/\/i0.wp.com\/casadecampoliving.com\/wp-content\/uploads\/2022\/10\/modeloa_5.jpg?resize=768%2C477&amp;ssl=1 768w, https:\/\/i0.wp.com\/casadecampoliving.com\/wp-content\/uploads\/2022\/10\/modeloa_5.jpg?resize=400%2C248&amp;ssl=1 400w, https:\/\/i0.wp.com\/casadecampoliving.com\/wp-content\/uploads\/2022\/10\/modeloa_5.jpg?resize=706%2C438&amp;ssl=1 706w, https:\/\/i0.wp.com\/casadecampoliving.com\/wp-content\/uploads\/2022\/10\/modeloa_5.jpg?resize=150%2C93&amp;ssl=1 150w, https:\/\/i0.wp.com\/casadecampoliving.com\/wp-content\/uploads\/2022\/10\/modeloa_5.jpg?w=370&amp;ssl=1 370w\" sizes=\"auto, (max-width: 1000px) 100vw, 1000px\" \/><\/figure>\n\n\n\n<figure class=\"wp-block-image size-large\"><img data-recalc-dims=\"1\" loading=\"lazy\" decoding=\"async\" width=\"1000\" height=\"621\" data-id=\"443487\" src=\"https:\/\/i0.wp.com\/casadecampoliving.com\/wp-content\/uploads\/2022\/10\/modeloa_6.jpg?resize=1000%2C621&#038;ssl=1\" alt=\"\" class=\"wp-image-443487\" srcset=\"https:\/\/i0.wp.com\/casadecampoliving.com\/wp-content\/uploads\/2022\/10\/modeloa_6.jpg?w=1000&amp;ssl=1 1000w, https:\/\/i0.wp.com\/casadecampoliving.com\/wp-content\/uploads\/2022\/10\/modeloa_6.jpg?resize=300%2C186&amp;ssl=1 300w, https:\/\/i0.wp.com\/casadecampoliving.com\/wp-content\/uploads\/2022\/10\/modeloa_6.jpg?resize=768%2C477&amp;ssl=1 768w, https:\/\/i0.wp.com\/casadecampoliving.com\/wp-content\/uploads\/2022\/10\/modeloa_6.jpg?resize=400%2C248&amp;ssl=1 400w, https:\/\/i0.wp.com\/casadecampoliving.com\/wp-content\/uploads\/2022\/10\/modeloa_6.jpg?resize=706%2C438&amp;ssl=1 706w, https:\/\/i0.wp.com\/casadecampoliving.com\/wp-content\/uploads\/2022\/10\/modeloa_6.jpg?resize=150%2C93&amp;ssl=1 150w, https:\/\/i0.wp.com\/casadecampoliving.com\/wp-content\/uploads\/2022\/10\/modeloa_6.jpg?w=370&amp;ssl=1 370w\" sizes=\"auto, (max-width: 1000px) 100vw, 1000px\" \/><\/figure>\n\n\n\n<figure class=\"wp-block-image size-large\"><img data-recalc-dims=\"1\" loading=\"lazy\" decoding=\"async\" width=\"1000\" height=\"489\" data-id=\"443513\" src=\"https:\/\/i0.wp.com\/casadecampoliving.com\/wp-content\/uploads\/2022\/10\/modeloa_7.jpg?resize=1000%2C489&#038;ssl=1\" alt=\"\" class=\"wp-image-443513\" srcset=\"https:\/\/i0.wp.com\/casadecampoliving.com\/wp-content\/uploads\/2022\/10\/modeloa_7.jpg?w=1000&amp;ssl=1 1000w, https:\/\/i0.wp.com\/casadecampoliving.com\/wp-content\/uploads\/2022\/10\/modeloa_7.jpg?resize=300%2C147&amp;ssl=1 300w, https:\/\/i0.wp.com\/casadecampoliving.com\/wp-content\/uploads\/2022\/10\/modeloa_7.jpg?resize=768%2C376&amp;ssl=1 768w, https:\/\/i0.wp.com\/casadecampoliving.com\/wp-content\/uploads\/2022\/10\/modeloa_7.jpg?resize=400%2C196&amp;ssl=1 400w, https:\/\/i0.wp.com\/casadecampoliving.com\/wp-content\/uploads\/2022\/10\/modeloa_7.jpg?resize=706%2C345&amp;ssl=1 706w, https:\/\/i0.wp.com\/casadecampoliving.com\/wp-content\/uploads\/2022\/10\/modeloa_7.jpg?resize=150%2C73&amp;ssl=1 150w, https:\/\/i0.wp.com\/casadecampoliving.com\/wp-content\/uploads\/2022\/10\/modeloa_7.jpg?w=370&amp;ssl=1 370w\" sizes=\"auto, (max-width: 1000px) 100vw, 1000px\" \/><\/figure>\n<\/figure>\n<\/span>\n\n<strong>Model B<\/strong>\n\n<a href=\"https:\/\/i0.wp.com\/casadecampoliving.com\/wp-content\/uploads\/2022\/10\/Las_pailas_casa_de_campo3.jpg?ssl=1\"><img data-recalc-dims=\"1\" loading=\"lazy\" decoding=\"async\" class=\"aligncenter size-full wp-image-89405\" src=\"https:\/\/i0.wp.com\/casadecampoliving.com\/wp-content\/uploads\/2022\/10\/Las_pailas_casa_de_campo3.jpg?resize=650%2C318&#038;ssl=1\" alt=\"Las Pailas Casa de Campo\" width=\"650\" height=\"318\" \/><\/a>\n<ul>\n\t<li>Tama\u00f1o del lote entre\u00a02,396m2 a 2,435 m2, aproximadamente 900 a 1300 m2\u00a0de construcci\u00f3n<\/li>\n\t<li>Grandes fuentes de agua en el exterior e interior<\/li>\n\t<li>Parqueo techado para dos carros<\/li>\n\t<li>4 habitaciones incluye 2 principales<\/li>\n\t<li>Piscina, cubierta y terraza<\/li>\n\t<li>Ba\u00f1o para hu\u00e9spedes en el \u00e1rea de la piscina<\/li>\n\t<li>Extenso sala de estar y comedor<\/li>\n\t<li>Extenso vestidor<\/li>\n\t<li>Impresionante vista al mar<\/li>\n<\/ul>\n<span style=\"color: #444444;\">Los precios var\u00edan de acuerdo al dise\u00f1o de su elecci\u00f3n.\u00a0<\/span><span style=\"font-weight: 600; color: #444444;\">[nggallery id=1914]<\/span><\/blockquote>\n\u00bfHa so\u00f1ado usted con construir su propia villa en el para\u00edso? \u00a1Entonces Las Pailas es su mejor elecci\u00f3n! Contacte hoy a Xiomara Matos y ella con gusto le guiar\u00e1 en un recorrido.\n<blockquote>\n<h3><img data-recalc-dims=\"1\" loading=\"lazy\" decoding=\"async\" class=\"alignright size-full wp-image-89409\" src=\"https:\/\/i0.wp.com\/casadecampoliving.com\/wp-content\/uploads\/2022\/10\/Las_Pailas.jpg?resize=250%2C196&#038;ssl=1\" alt=\"Las Pailas Casa de Campo\" width=\"250\" height=\"196\" \/>Las Pailas<\/h3>\nUn nuevo, ecol\u00f3gico proyecto con vista al mar en el sector Barranca de Casa de Campo.\n\nXioma Matos,\u00a0especialista en personalizaci\u00f3n de casas\n(809) 855-9009\nlaspailasdr@gmail.com\n\nwww.laspailasdr.com\n\n<strong>\u00bfComo llegar a Las Pailas?<\/strong>\n\n<img data-recalc-dims=\"1\" loading=\"lazy\" decoding=\"async\" class=\"aligncenter size-full wp-image-89673\" src=\"https:\/\/i0.wp.com\/casadecampoliving.com\/wp-content\/uploads\/2022\/10\/Las_Pailas1.jpg?resize=640%2C495&#038;ssl=1\" alt=\"Las Pailas\" width=\"640\" height=\"495\" \/><\/blockquote>","protected":false},"excerpt":{"rendered":"<p>La mayor\u00eda de nosotros sabemos que Xiomara Matos es la presidenta del centro educativo y guarder\u00eda Hogar del Ni\u00f1o, en La Romana. Es una s\u00faper mujer, tambi\u00e9n una orgullosa madre de 4 ni\u00f1os y se ha embarcado en un nuevo proyecto &#8216;Las Pailas&#8217;.<\/p>\n","protected":false},"author":14367,"featured_media":237270,"comment_status":"closed","ping_status":"closed","sticky":false,"template":"","format":"standard","meta":{"newspack_ads_suppress_ads":false,"newspack_popups_has_disabled_popups":false,"newspack_sponsor_sponsorship_scope":"","newspack_sponsor_native_byline_display":"inherit","newspack_sponsor_native_category_display":"inherit","newspack_sponsor_underwriter_style":"inherit","newspack_sponsor_underwriter_placement":"inherit","_newspack_byline_active":false,"_newspack_byline":"","newspack_hide_updated_date":false,"newspack_show_updated_date":false,"newspack_content_restriction_is_exempt":false,"newspack_featured_image_position":"","newspack_post_subtitle":"","newspack_article_summary_title":"Overview:","newspack_article_summary":"","_jetpack_memberships_contains_paid_content":false,"footnotes":"","jetpack_publicize_message":"","jetpack_publicize_feature_enabled":true,"jetpack_social_post_already_shared":false,"jetpack_social_options":{"image_generator_settings":{"template":"highway","default_image_id":0,"font":"","enabled":false},"version":2},"_wpas_customize_per_network":false},"categories":[6192,2505,2526,14631,14625,26822],"tags":[2560,3626,3576,6371,7450],"newspack_spnsrs_tax":[],"class_list":["post-344352","post","type-post","status-publish","format-standard","has-post-thumbnail","hentry","category-businesses","category-bienes-raices-casa-de-campo-es","category-titulares-es","category-estilo-de-vida","category-noticias-locales","category-resort-casa-de-campo","tag-bienes-raices-casa-de-campo","tag-casa-de-campo-es","tag-bienes-raices-casa-de-campo-2","tag-casa-de-campo-resort-es","tag-xiomara-matos","entry"],"yoast_head":"<!-- This site is optimized with the Yoast SEO plugin v27.4 - https:\/\/yoast.com\/product\/yoast-seo-wordpress\/ -->\n<title>Xioma Matos presenta Las Pailas, un nuevo proyecto en La Barranca con vista al mar | Casa de Campo Living<\/title>\n<meta name=\"description\" content=\"La mayor\u00eda de nosotros sabemos que Xiomara Matos es la presidenta del centro educativo y guarder\u00eda Hogar del Ni\u00f1o, en La Romana. Es una s\u00faper mujer,\" \/>\n<meta name=\"robots\" content=\"index, follow, max-snippet:-1, max-image-preview:large, max-video-preview:-1\" \/>\n<link rel=\"canonical\" href=\"https:\/\/casadecampoliving.com\/es\/xioma-matos-presenta-las-pailas-un-nuevo-proyecto-en-la-barranca-con-vista-al-mar\/\" \/>\n<meta property=\"og:locale\" content=\"es_ES\" \/>\n<meta property=\"og:type\" content=\"article\" \/>\n<meta property=\"og:title\" content=\"Xioma Matos presenta Las Pailas, un nuevo proyecto en La Barranca con vista al mar | Casa de Campo Living\" \/>\n<meta property=\"og:description\" content=\"La mayor\u00eda de nosotros sabemos que Xiomara Matos es la presidenta del centro educativo y guarder\u00eda Hogar del Ni\u00f1o, en La Romana. Es una s\u00faper mujer,\" \/>\n<meta property=\"og:url\" content=\"https:\/\/casadecampoliving.com\/es\/xioma-matos-presenta-las-pailas-un-nuevo-proyecto-en-la-barranca-con-vista-al-mar\/\" \/>\n<meta property=\"og:site_name\" content=\"Casa de Campo Living\" \/>\n<meta property=\"article:publisher\" content=\"https:\/\/www.facebook.com\/casadecampoliving\" \/>\n<meta property=\"article:published_time\" content=\"2014-05-13T04:00:00+00:00\" \/>\n<meta property=\"article:modified_time\" content=\"2022-11-10T14:40:01+00:00\" \/>\n<meta property=\"og:image\" content=\"https:\/\/i0.wp.com\/casadecampoliving.com\/wp-content\/uploads\/2022\/10\/Las_pailas_casa_de_campo1.jpg?fit=650%2C427&ssl=1\" \/>\n\t<meta property=\"og:image:width\" content=\"650\" \/>\n\t<meta property=\"og:image:height\" content=\"427\" \/>\n\t<meta property=\"og:image:type\" content=\"image\/jpeg\" \/>\n<meta name=\"author\" content=\"Gerolis Lagrage Zabala\" \/>\n<meta name=\"twitter:card\" content=\"summary_large_image\" \/>\n<meta name=\"twitter:creator\" content=\"@cdcliving\" \/>\n<meta name=\"twitter:site\" content=\"@cdcliving\" \/>\n<meta name=\"twitter:label1\" content=\"Escrito por\" \/>\n\t<meta name=\"twitter:data1\" content=\"Gerolis Lagrage Zabala\" \/>\n\t<meta name=\"twitter:label2\" content=\"Tiempo de lectura\" \/>\n\t<meta name=\"twitter:data2\" content=\"7 minutos\" \/>\n<script type=\"application\/ld+json\" class=\"yoast-schema-graph\">{\"@context\":\"https:\\\/\\\/schema.org\",\"@graph\":[{\"@type\":\"Article\",\"@id\":\"https:\\\/\\\/casadecampoliving.com\\\/es\\\/xioma-matos-presenta-las-pailas-un-nuevo-proyecto-en-la-barranca-con-vista-al-mar\\\/#article\",\"isPartOf\":{\"@id\":\"https:\\\/\\\/casadecampoliving.com\\\/es\\\/xioma-matos-presenta-las-pailas-un-nuevo-proyecto-en-la-barranca-con-vista-al-mar\\\/\"},\"author\":{\"name\":\"Gerolis Lagrage Zabala\",\"@id\":\"https:\\\/\\\/casadecampoliving.com\\\/es\\\/#\\\/schema\\\/person\\\/4bba9cc737050238ac5c98cb286dfc6a\"},\"headline\":\"Xioma Matos presenta Las Pailas, un nuevo proyecto en La Barranca con vista al mar\",\"datePublished\":\"2014-05-13T04:00:00+00:00\",\"dateModified\":\"2022-11-10T14:40:01+00:00\",\"mainEntityOfPage\":{\"@id\":\"https:\\\/\\\/casadecampoliving.com\\\/es\\\/xioma-matos-presenta-las-pailas-un-nuevo-proyecto-en-la-barranca-con-vista-al-mar\\\/\"},\"wordCount\":1323,\"publisher\":{\"@id\":\"https:\\\/\\\/casadecampoliving.com\\\/es\\\/#organization\"},\"image\":{\"@id\":\"https:\\\/\\\/casadecampoliving.com\\\/es\\\/xioma-matos-presenta-las-pailas-un-nuevo-proyecto-en-la-barranca-con-vista-al-mar\\\/#primaryimage\"},\"thumbnailUrl\":\"https:\\\/\\\/i0.wp.com\\\/casadecampoliving.com\\\/wp-content\\\/uploads\\\/2022\\\/10\\\/Las_pailas_casa_de_campo1.jpg?fit=650%2C427&ssl=1\",\"keywords\":[\"bienes raices casa de campo\",\"casa de campo @es\",\"Bienes Raices Casa de Campo @es\",\"casa de campo resort @es\",\"xiomara matos\"],\"articleSection\":[\"businesses\",\"Bienes raices Casa de Campo\",\"Titulares\",\"Estilo de Vida\",\"Noticias Locales\",\"Resort Casa de Campo\"],\"inLanguage\":\"es\"},{\"@type\":\"WebPage\",\"@id\":\"https:\\\/\\\/casadecampoliving.com\\\/es\\\/xioma-matos-presenta-las-pailas-un-nuevo-proyecto-en-la-barranca-con-vista-al-mar\\\/\",\"url\":\"https:\\\/\\\/casadecampoliving.com\\\/es\\\/xioma-matos-presenta-las-pailas-un-nuevo-proyecto-en-la-barranca-con-vista-al-mar\\\/\",\"name\":\"Xioma Matos presenta Las Pailas, un nuevo proyecto en La Barranca con vista al mar | Casa de Campo Living\",\"isPartOf\":{\"@id\":\"https:\\\/\\\/casadecampoliving.com\\\/es\\\/#website\"},\"primaryImageOfPage\":{\"@id\":\"https:\\\/\\\/casadecampoliving.com\\\/es\\\/xioma-matos-presenta-las-pailas-un-nuevo-proyecto-en-la-barranca-con-vista-al-mar\\\/#primaryimage\"},\"image\":{\"@id\":\"https:\\\/\\\/casadecampoliving.com\\\/es\\\/xioma-matos-presenta-las-pailas-un-nuevo-proyecto-en-la-barranca-con-vista-al-mar\\\/#primaryimage\"},\"thumbnailUrl\":\"https:\\\/\\\/i0.wp.com\\\/casadecampoliving.com\\\/wp-content\\\/uploads\\\/2022\\\/10\\\/Las_pailas_casa_de_campo1.jpg?fit=650%2C427&ssl=1\",\"datePublished\":\"2014-05-13T04:00:00+00:00\",\"dateModified\":\"2022-11-10T14:40:01+00:00\",\"description\":\"La mayor\u00eda de nosotros sabemos que Xiomara Matos es la presidenta del centro educativo y guarder\u00eda Hogar del Ni\u00f1o, en La Romana. Es una s\u00faper mujer,\",\"breadcrumb\":{\"@id\":\"https:\\\/\\\/casadecampoliving.com\\\/es\\\/xioma-matos-presenta-las-pailas-un-nuevo-proyecto-en-la-barranca-con-vista-al-mar\\\/#breadcrumb\"},\"inLanguage\":\"es\",\"potentialAction\":[{\"@type\":\"ReadAction\",\"target\":[\"https:\\\/\\\/casadecampoliving.com\\\/es\\\/xioma-matos-presenta-las-pailas-un-nuevo-proyecto-en-la-barranca-con-vista-al-mar\\\/\"]}]},{\"@type\":\"ImageObject\",\"inLanguage\":\"es\",\"@id\":\"https:\\\/\\\/casadecampoliving.com\\\/es\\\/xioma-matos-presenta-las-pailas-un-nuevo-proyecto-en-la-barranca-con-vista-al-mar\\\/#primaryimage\",\"url\":\"https:\\\/\\\/i0.wp.com\\\/casadecampoliving.com\\\/wp-content\\\/uploads\\\/2022\\\/10\\\/Las_pailas_casa_de_campo1.jpg?fit=650%2C427&ssl=1\",\"contentUrl\":\"https:\\\/\\\/i0.wp.com\\\/casadecampoliving.com\\\/wp-content\\\/uploads\\\/2022\\\/10\\\/Las_pailas_casa_de_campo1.jpg?fit=650%2C427&ssl=1\",\"width\":650,\"height\":427},{\"@type\":\"BreadcrumbList\",\"@id\":\"https:\\\/\\\/casadecampoliving.com\\\/es\\\/xioma-matos-presenta-las-pailas-un-nuevo-proyecto-en-la-barranca-con-vista-al-mar\\\/#breadcrumb\",\"itemListElement\":[{\"@type\":\"ListItem\",\"position\":1,\"name\":\"Home\",\"item\":\"https:\\\/\\\/casadecampoliving.com\\\/es\\\/\"},{\"@type\":\"ListItem\",\"position\":2,\"name\":\"Xioma Matos presenta Las Pailas, un nuevo proyecto en La Barranca con vista al mar\"}]},{\"@type\":\"WebSite\",\"@id\":\"https:\\\/\\\/casadecampoliving.com\\\/es\\\/#website\",\"url\":\"https:\\\/\\\/casadecampoliving.com\\\/es\\\/\",\"name\":\"Casa de Campo Living\",\"description\":\"Resort community news and resources.\",\"publisher\":{\"@id\":\"https:\\\/\\\/casadecampoliving.com\\\/es\\\/#organization\"},\"potentialAction\":[{\"@type\":\"SearchAction\",\"target\":{\"@type\":\"EntryPoint\",\"urlTemplate\":\"https:\\\/\\\/casadecampoliving.com\\\/es\\\/?s={search_term_string}\"},\"query-input\":{\"@type\":\"PropertyValueSpecification\",\"valueRequired\":true,\"valueName\":\"search_term_string\"}}],\"inLanguage\":\"es\"},{\"@type\":\"Organization\",\"@id\":\"https:\\\/\\\/casadecampoliving.com\\\/es\\\/#organization\",\"name\":\"Casa de Campo Living\",\"url\":\"https:\\\/\\\/casadecampoliving.com\\\/es\\\/\",\"logo\":{\"@type\":\"ImageObject\",\"inLanguage\":\"es\",\"@id\":\"https:\\\/\\\/casadecampoliving.com\\\/es\\\/#\\\/schema\\\/logo\\\/image\\\/\",\"url\":\"https:\\\/\\\/i0.wp.com\\\/casadecampoliving.com\\\/wp-content\\\/uploads\\\/2022\\\/07\\\/CDCLivingLogo_V1-white-sized.png?fit=800%2C214&ssl=1\",\"contentUrl\":\"https:\\\/\\\/i0.wp.com\\\/casadecampoliving.com\\\/wp-content\\\/uploads\\\/2022\\\/07\\\/CDCLivingLogo_V1-white-sized.png?fit=800%2C214&ssl=1\",\"width\":800,\"height\":214,\"caption\":\"Casa de Campo Living\"},\"image\":{\"@id\":\"https:\\\/\\\/casadecampoliving.com\\\/es\\\/#\\\/schema\\\/logo\\\/image\\\/\"},\"sameAs\":[\"https:\\\/\\\/www.facebook.com\\\/casadecampoliving\",\"https:\\\/\\\/x.com\\\/cdcliving\"]},{\"@type\":\"Person\",\"@id\":\"https:\\\/\\\/casadecampoliving.com\\\/es\\\/#\\\/schema\\\/person\\\/4bba9cc737050238ac5c98cb286dfc6a\",\"name\":\"Gerolis Lagrage Zabala\",\"image\":{\"@type\":\"ImageObject\",\"inLanguage\":\"es\",\"@id\":\"https:\\\/\\\/secure.gravatar.com\\\/avatar\\\/71c76c732fd64527bb19bacd31d65becd311d7060ca65bdb32e1517f34f6f8c7?s=96&d=mm&r=g\",\"url\":\"https:\\\/\\\/secure.gravatar.com\\\/avatar\\\/71c76c732fd64527bb19bacd31d65becd311d7060ca65bdb32e1517f34f6f8c7?s=96&d=mm&r=g\",\"contentUrl\":\"https:\\\/\\\/secure.gravatar.com\\\/avatar\\\/71c76c732fd64527bb19bacd31d65becd311d7060ca65bdb32e1517f34f6f8c7?s=96&d=mm&r=g\",\"caption\":\"Gerolis Lagrage Zabala\"},\"url\":\"https:\\\/\\\/casadecampoliving.com\\\/es\\\/author\\\/gzabala\\\/\"}]}<\/script>\n<!-- \/ Yoast SEO plugin. -->","yoast_head_json":{"title":"Xioma Matos presenta Las Pailas, un nuevo proyecto en La Barranca con vista al mar | Casa de Campo Living","description":"La mayor\u00eda de nosotros sabemos que Xiomara Matos es la presidenta del centro educativo y guarder\u00eda Hogar del Ni\u00f1o, en La Romana. Es una s\u00faper mujer,","robots":{"index":"index","follow":"follow","max-snippet":"max-snippet:-1","max-image-preview":"max-image-preview:large","max-video-preview":"max-video-preview:-1"},"canonical":"https:\/\/casadecampoliving.com\/es\/xioma-matos-presenta-las-pailas-un-nuevo-proyecto-en-la-barranca-con-vista-al-mar\/","og_locale":"es_ES","og_type":"article","og_title":"Xioma Matos presenta Las Pailas, un nuevo proyecto en La Barranca con vista al mar | Casa de Campo Living","og_description":"La mayor\u00eda de nosotros sabemos que Xiomara Matos es la presidenta del centro educativo y guarder\u00eda Hogar del Ni\u00f1o, en La Romana. Es una s\u00faper mujer,","og_url":"https:\/\/casadecampoliving.com\/es\/xioma-matos-presenta-las-pailas-un-nuevo-proyecto-en-la-barranca-con-vista-al-mar\/","og_site_name":"Casa de Campo Living","article_publisher":"https:\/\/www.facebook.com\/casadecampoliving","article_published_time":"2014-05-13T04:00:00+00:00","article_modified_time":"2022-11-10T14:40:01+00:00","og_image":[{"width":650,"height":427,"url":"https:\/\/i0.wp.com\/casadecampoliving.com\/wp-content\/uploads\/2022\/10\/Las_pailas_casa_de_campo1.jpg?fit=650%2C427&ssl=1","type":"image\/jpeg"}],"author":"Gerolis Lagrage Zabala","twitter_card":"summary_large_image","twitter_creator":"@cdcliving","twitter_site":"@cdcliving","twitter_misc":{"Escrito por":"Gerolis Lagrage Zabala","Tiempo de lectura":"7 minutos"},"schema":{"@context":"https:\/\/schema.org","@graph":[{"@type":"Article","@id":"https:\/\/casadecampoliving.com\/es\/xioma-matos-presenta-las-pailas-un-nuevo-proyecto-en-la-barranca-con-vista-al-mar\/#article","isPartOf":{"@id":"https:\/\/casadecampoliving.com\/es\/xioma-matos-presenta-las-pailas-un-nuevo-proyecto-en-la-barranca-con-vista-al-mar\/"},"author":{"name":"Gerolis Lagrage Zabala","@id":"https:\/\/casadecampoliving.com\/es\/#\/schema\/person\/4bba9cc737050238ac5c98cb286dfc6a"},"headline":"Xioma Matos presenta Las Pailas, un nuevo proyecto en La Barranca con vista al mar","datePublished":"2014-05-13T04:00:00+00:00","dateModified":"2022-11-10T14:40:01+00:00","mainEntityOfPage":{"@id":"https:\/\/casadecampoliving.com\/es\/xioma-matos-presenta-las-pailas-un-nuevo-proyecto-en-la-barranca-con-vista-al-mar\/"},"wordCount":1323,"publisher":{"@id":"https:\/\/casadecampoliving.com\/es\/#organization"},"image":{"@id":"https:\/\/casadecampoliving.com\/es\/xioma-matos-presenta-las-pailas-un-nuevo-proyecto-en-la-barranca-con-vista-al-mar\/#primaryimage"},"thumbnailUrl":"https:\/\/i0.wp.com\/casadecampoliving.com\/wp-content\/uploads\/2022\/10\/Las_pailas_casa_de_campo1.jpg?fit=650%2C427&ssl=1","keywords":["bienes raices casa de campo","casa de campo @es","Bienes Raices Casa de Campo @es","casa de campo resort @es","xiomara matos"],"articleSection":["businesses","Bienes raices Casa de Campo","Titulares","Estilo de Vida","Noticias Locales","Resort Casa de Campo"],"inLanguage":"es"},{"@type":"WebPage","@id":"https:\/\/casadecampoliving.com\/es\/xioma-matos-presenta-las-pailas-un-nuevo-proyecto-en-la-barranca-con-vista-al-mar\/","url":"https:\/\/casadecampoliving.com\/es\/xioma-matos-presenta-las-pailas-un-nuevo-proyecto-en-la-barranca-con-vista-al-mar\/","name":"Xioma Matos presenta Las Pailas, un nuevo proyecto en La Barranca con vista al mar | Casa de Campo Living","isPartOf":{"@id":"https:\/\/casadecampoliving.com\/es\/#website"},"primaryImageOfPage":{"@id":"https:\/\/casadecampoliving.com\/es\/xioma-matos-presenta-las-pailas-un-nuevo-proyecto-en-la-barranca-con-vista-al-mar\/#primaryimage"},"image":{"@id":"https:\/\/casadecampoliving.com\/es\/xioma-matos-presenta-las-pailas-un-nuevo-proyecto-en-la-barranca-con-vista-al-mar\/#primaryimage"},"thumbnailUrl":"https:\/\/i0.wp.com\/casadecampoliving.com\/wp-content\/uploads\/2022\/10\/Las_pailas_casa_de_campo1.jpg?fit=650%2C427&ssl=1","datePublished":"2014-05-13T04:00:00+00:00","dateModified":"2022-11-10T14:40:01+00:00","description":"La mayor\u00eda de nosotros sabemos que Xiomara Matos es la presidenta del centro educativo y guarder\u00eda Hogar del Ni\u00f1o, en La Romana. Es una s\u00faper mujer,","breadcrumb":{"@id":"https:\/\/casadecampoliving.com\/es\/xioma-matos-presenta-las-pailas-un-nuevo-proyecto-en-la-barranca-con-vista-al-mar\/#breadcrumb"},"inLanguage":"es","potentialAction":[{"@type":"ReadAction","target":["https:\/\/casadecampoliving.com\/es\/xioma-matos-presenta-las-pailas-un-nuevo-proyecto-en-la-barranca-con-vista-al-mar\/"]}]},{"@type":"ImageObject","inLanguage":"es","@id":"https:\/\/casadecampoliving.com\/es\/xioma-matos-presenta-las-pailas-un-nuevo-proyecto-en-la-barranca-con-vista-al-mar\/#primaryimage","url":"https:\/\/i0.wp.com\/casadecampoliving.com\/wp-content\/uploads\/2022\/10\/Las_pailas_casa_de_campo1.jpg?fit=650%2C427&ssl=1","contentUrl":"https:\/\/i0.wp.com\/casadecampoliving.com\/wp-content\/uploads\/2022\/10\/Las_pailas_casa_de_campo1.jpg?fit=650%2C427&ssl=1","width":650,"height":427},{"@type":"BreadcrumbList","@id":"https:\/\/casadecampoliving.com\/es\/xioma-matos-presenta-las-pailas-un-nuevo-proyecto-en-la-barranca-con-vista-al-mar\/#breadcrumb","itemListElement":[{"@type":"ListItem","position":1,"name":"Home","item":"https:\/\/casadecampoliving.com\/es\/"},{"@type":"ListItem","position":2,"name":"Xioma Matos presenta Las Pailas, un nuevo proyecto en La Barranca con vista al mar"}]},{"@type":"WebSite","@id":"https:\/\/casadecampoliving.com\/es\/#website","url":"https:\/\/casadecampoliving.com\/es\/","name":"Casa de Campo Living","description":"Resort community news and resources.","publisher":{"@id":"https:\/\/casadecampoliving.com\/es\/#organization"},"potentialAction":[{"@type":"SearchAction","target":{"@type":"EntryPoint","urlTemplate":"https:\/\/casadecampoliving.com\/es\/?s={search_term_string}"},"query-input":{"@type":"PropertyValueSpecification","valueRequired":true,"valueName":"search_term_string"}}],"inLanguage":"es"},{"@type":"Organization","@id":"https:\/\/casadecampoliving.com\/es\/#organization","name":"Casa de Campo Living","url":"https:\/\/casadecampoliving.com\/es\/","logo":{"@type":"ImageObject","inLanguage":"es","@id":"https:\/\/casadecampoliving.com\/es\/#\/schema\/logo\/image\/","url":"https:\/\/i0.wp.com\/casadecampoliving.com\/wp-content\/uploads\/2022\/07\/CDCLivingLogo_V1-white-sized.png?fit=800%2C214&ssl=1","contentUrl":"https:\/\/i0.wp.com\/casadecampoliving.com\/wp-content\/uploads\/2022\/07\/CDCLivingLogo_V1-white-sized.png?fit=800%2C214&ssl=1","width":800,"height":214,"caption":"Casa de Campo Living"},"image":{"@id":"https:\/\/casadecampoliving.com\/es\/#\/schema\/logo\/image\/"},"sameAs":["https:\/\/www.facebook.com\/casadecampoliving","https:\/\/x.com\/cdcliving"]},{"@type":"Person","@id":"https:\/\/casadecampoliving.com\/es\/#\/schema\/person\/4bba9cc737050238ac5c98cb286dfc6a","name":"Gerolis Lagrage Zabala","image":{"@type":"ImageObject","inLanguage":"es","@id":"https:\/\/secure.gravatar.com\/avatar\/71c76c732fd64527bb19bacd31d65becd311d7060ca65bdb32e1517f34f6f8c7?s=96&d=mm&r=g","url":"https:\/\/secure.gravatar.com\/avatar\/71c76c732fd64527bb19bacd31d65becd311d7060ca65bdb32e1517f34f6f8c7?s=96&d=mm&r=g","contentUrl":"https:\/\/secure.gravatar.com\/avatar\/71c76c732fd64527bb19bacd31d65becd311d7060ca65bdb32e1517f34f6f8c7?s=96&d=mm&r=g","caption":"Gerolis Lagrage Zabala"},"url":"https:\/\/casadecampoliving.com\/es\/author\/gzabala\/"}]}},"parsely":{"version":"1.1.0","canonical_url":"https:\/\/casadecampoliving.com\/es\/xioma-matos-presenta-las-pailas-un-nuevo-proyecto-en-la-barranca-con-vista-al-mar\/","smart_links":{"inbound":0,"outbound":0},"traffic_boost_suggestions_count":0,"meta":{"@context":"https:\/\/schema.org","@type":"NewsArticle","headline":"Xioma Matos presenta Las Pailas, un nuevo proyecto en La Barranca con vista al mar","url":"http:\/\/casadecampoliving.com\/es\/xioma-matos-presenta-las-pailas-un-nuevo-proyecto-en-la-barranca-con-vista-al-mar\/","mainEntityOfPage":{"@type":"WebPage","@id":"http:\/\/casadecampoliving.com\/es\/xioma-matos-presenta-las-pailas-un-nuevo-proyecto-en-la-barranca-con-vista-al-mar\/"},"thumbnailUrl":"https:\/\/i0.wp.com\/casadecampoliving.com\/wp-content\/uploads\/2022\/10\/Las_pailas_casa_de_campo1.jpg?resize=150%2C150&ssl=1","image":{"@type":"ImageObject","url":"https:\/\/i0.wp.com\/casadecampoliving.com\/wp-content\/uploads\/2022\/10\/Las_pailas_casa_de_campo1.jpg?fit=650%2C427&ssl=1"},"articleSection":"businesses","author":[{"@type":"Person","name":"Gerolis Lagrage Zabala"}],"creator":["Gerolis Lagrage Zabala"],"publisher":{"@type":"Organization","name":"Casa de Campo Living","logo":"https:\/\/casadecampoliving.com\/wp-content\/uploads\/2022\/07\/CDCLivingLogo_V1-white-sized.png"},"keywords":["bienes raices casa de campo","casa de campo @es","bienes raices casa de campo @es","casa de campo resort @es","xiomara matos"],"dateCreated":"2014-05-13T04:00:00Z","datePublished":"2014-05-13T04:00:00Z","dateModified":"2022-11-10T14:40:01Z"},"rendered":"<script type=\"application\/ld+json\" class=\"wp-parsely-metadata\">{\"@context\":\"https:\\\/\\\/schema.org\",\"@type\":\"NewsArticle\",\"headline\":\"Xioma Matos presenta Las Pailas, un nuevo proyecto en La Barranca con vista al mar\",\"url\":\"http:\\\/\\\/casadecampoliving.com\\\/es\\\/xioma-matos-presenta-las-pailas-un-nuevo-proyecto-en-la-barranca-con-vista-al-mar\\\/\",\"mainEntityOfPage\":{\"@type\":\"WebPage\",\"@id\":\"http:\\\/\\\/casadecampoliving.com\\\/es\\\/xioma-matos-presenta-las-pailas-un-nuevo-proyecto-en-la-barranca-con-vista-al-mar\\\/\"},\"thumbnailUrl\":\"https:\\\/\\\/i0.wp.com\\\/casadecampoliving.com\\\/wp-content\\\/uploads\\\/2022\\\/10\\\/Las_pailas_casa_de_campo1.jpg?resize=150%2C150&ssl=1\",\"image\":{\"@type\":\"ImageObject\",\"url\":\"https:\\\/\\\/i0.wp.com\\\/casadecampoliving.com\\\/wp-content\\\/uploads\\\/2022\\\/10\\\/Las_pailas_casa_de_campo1.jpg?fit=650%2C427&ssl=1\"},\"articleSection\":\"businesses\",\"author\":[{\"@type\":\"Person\",\"name\":\"Gerolis Lagrage Zabala\"}],\"creator\":[\"Gerolis Lagrage Zabala\"],\"publisher\":{\"@type\":\"Organization\",\"name\":\"Casa de Campo Living\",\"logo\":\"https:\\\/\\\/casadecampoliving.com\\\/wp-content\\\/uploads\\\/2022\\\/07\\\/CDCLivingLogo_V1-white-sized.png\"},\"keywords\":[\"bienes raices casa de campo\",\"casa de campo @es\",\"bienes raices casa de campo @es\",\"casa de campo resort @es\",\"xiomara matos\"],\"dateCreated\":\"2014-05-13T04:00:00Z\",\"datePublished\":\"2014-05-13T04:00:00Z\",\"dateModified\":\"2022-11-10T14:40:01Z\"}<\/script>","tracker_url":"https:\/\/cdn.parsely.com\/keys\/casadecampoliving.com\/p.js"},"jetpack_publicize_connections":[],"jetpack_featured_media_url":"https:\/\/i0.wp.com\/casadecampoliving.com\/wp-content\/uploads\/2022\/10\/Las_pailas_casa_de_campo1.jpg?fit=650%2C427&ssl=1","jetpack-related-posts":[{"id":323523,"url":"https:\/\/casadecampoliving.com\/xioma-matos-introduces-las-pailas-new-development-la-barranca\/","url_meta":{"origin":344352,"position":0},"title":"Xioma Matos introduces Las Pailas, a new ocean view development in La Barranca","author":"Rebecca Silvestri","date":"13 May, 2014","format":false,"excerpt":"Most of us know Xioma Matos as the president of the Hogar del Ni\u00f1o education and day care center in La Romana. Well did you know that this super woman is also a proud mom of 4 children and has just embarked on a new project - Las Pailas.\u00a0Las Pailas\u2026","rel":"","context":"En \u00abCasa de Campo Real Estate\u00bb","block_context":{"text":"Casa de Campo Real Estate","link":"https:\/\/casadecampoliving.com\/category\/casa-de-campo-real-estate\/"},"img":{"alt_text":"Las Pailas Casa de Campo","src":"https:\/\/i0.wp.com\/casadecampoliving.com\/wp-content\/uploads\/2022\/10\/Las_pailas_casa_de_campo1.jpg?fit=650%2C427&ssl=1&resize=350%2C200","width":350,"height":200,"srcset":"https:\/\/i0.wp.com\/casadecampoliving.com\/wp-content\/uploads\/2022\/10\/Las_pailas_casa_de_campo1.jpg?fit=650%2C427&ssl=1&resize=350%2C200 1x, https:\/\/i0.wp.com\/casadecampoliving.com\/wp-content\/uploads\/2022\/10\/Las_pailas_casa_de_campo1.jpg?fit=650%2C427&ssl=1&resize=525%2C300 1.5x"},"classes":[]},{"id":433460,"url":"https:\/\/casadecampoliving.com\/es\/no-se-pierdan-el-increible-tributo-a-frank-sinatra-para-celebrar-el-40-aniversario-del-anfiteatro-altos-de-chavon\/","url_meta":{"origin":344352,"position":1},"title":"No se pierdan el incre\u00edble tributo a Frank Sinatra para celebrar el 40 aniversario del\u00a0Anfiteatro Altos de Chav\u00f3n","author":"Casa de Campo Living","date":"20 Oct, 2022","format":false,"excerpt":"Siendo uno de los escenarios m\u00e1s emblem\u00e1ticos del pa\u00eds, Casa de Campo Resort\u00ae & Villas celebra las cuatro d\u00e9cadas de aniversario de Altos de Chav\u00f3n con un tributo al gran Frank Sinatra, protagonizado por artistas invitados y una big band tal cual la que acompa\u00f1\u00f3 al artista hace 40 a\u00f1os\u2026","rel":"","context":"En \u00abUncategorized @es\u00bb","block_context":{"text":"Uncategorized @es","link":"https:\/\/casadecampoliving.com\/es\/category\/uncategorized-es\/"},"img":{"alt_text":"","src":"https:\/\/i0.wp.com\/casadecampoliving.com\/wp-content\/uploads\/2022\/10\/Tributo-Frank-Sinatra-Foto-Principal-Amaury-Sanchez-Danilo-Ginebra-Andres-Pichardo-y-Jose-Gabriel-Perez-.jpg?fit=1200%2C873&ssl=1&resize=350%2C200","width":350,"height":200,"srcset":"https:\/\/i0.wp.com\/casadecampoliving.com\/wp-content\/uploads\/2022\/10\/Tributo-Frank-Sinatra-Foto-Principal-Amaury-Sanchez-Danilo-Ginebra-Andres-Pichardo-y-Jose-Gabriel-Perez-.jpg?fit=1200%2C873&ssl=1&resize=350%2C200 1x, https:\/\/i0.wp.com\/casadecampoliving.com\/wp-content\/uploads\/2022\/10\/Tributo-Frank-Sinatra-Foto-Principal-Amaury-Sanchez-Danilo-Ginebra-Andres-Pichardo-y-Jose-Gabriel-Perez-.jpg?fit=1200%2C873&ssl=1&resize=525%2C300 1.5x, https:\/\/i0.wp.com\/casadecampoliving.com\/wp-content\/uploads\/2022\/10\/Tributo-Frank-Sinatra-Foto-Principal-Amaury-Sanchez-Danilo-Ginebra-Andres-Pichardo-y-Jose-Gabriel-Perez-.jpg?fit=1200%2C873&ssl=1&resize=700%2C400 2x, https:\/\/i0.wp.com\/casadecampoliving.com\/wp-content\/uploads\/2022\/10\/Tributo-Frank-Sinatra-Foto-Principal-Amaury-Sanchez-Danilo-Ginebra-Andres-Pichardo-y-Jose-Gabriel-Perez-.jpg?fit=1200%2C873&ssl=1&resize=1050%2C600 3x"},"classes":[]},{"id":344040,"url":"https:\/\/casadecampoliving.com\/es\/david-sheila-gober-organizan-una-fiesta-en-honor-phyllis-berney\/","url_meta":{"origin":344352,"position":2},"title":"David &#038; Sheila Gober organizan una fiesta en honor a Phyllis Berney","author":"Perkin Agramonte","date":"19 Mar, 2014","format":false,"excerpt":"El pasado lunes 10 de marzo, Sheila y David Gober propietarios de villa en Casa de Campo, organizaron una fabulosa fiesta en el Yacht Club Casa de Campo en honor a otra propietaria de villa y dedicada colaboradora a la caridad Phyllis Berney. Phyllis Berney ha sido miembro de la\u2026","rel":"","context":"En \u00abAltos de Chavon @es\u00bb","block_context":{"text":"Altos de Chavon @es","link":"https:\/\/casadecampoliving.com\/category\/altos-de-chavon-es\/"},"img":{"alt_text":"Phyllis Berney Xiomara Matos Xiomara Menendez","src":"https:\/\/i0.wp.com\/casadecampoliving.com\/wp-content\/uploads\/2022\/10\/phyllis_berney_xiomara_matos_xiomara_menendez-1.jpg?fit=650%2C423&ssl=1&resize=350%2C200","width":350,"height":200,"srcset":"https:\/\/i0.wp.com\/casadecampoliving.com\/wp-content\/uploads\/2022\/10\/phyllis_berney_xiomara_matos_xiomara_menendez-1.jpg?fit=650%2C423&ssl=1&resize=350%2C200 1x, https:\/\/i0.wp.com\/casadecampoliving.com\/wp-content\/uploads\/2022\/10\/phyllis_berney_xiomara_matos_xiomara_menendez-1.jpg?fit=650%2C423&ssl=1&resize=525%2C300 1.5x"},"classes":[]},{"id":341441,"url":"https:\/\/casadecampoliving.com\/es\/un-encantador-cafe-de-la-leche-con-claudia-reyes-de-lama\/","url_meta":{"origin":344352,"position":3},"title":"Un encantador Caf\u00e9 de la Leche con Claudia Reyes de Lama","author":"Mairobi Herrera","date":"15 May, 2013","format":false,"excerpt":"El pasado viernes 10 de mayo, a pesar de ser un d\u00eda de lluvia, el sol brill\u00f3 para el Caf\u00e9 de la Leche organizado por Claudia Reyes de Lama en su hermosa villa, ubicada en Las Colinas, Casa de Campo. Despu\u00e9s de haber asistido a muchas reuniones del Caf\u00e9 de\u2026","rel":"","context":"En \u00abRestaurantes\u00bb","block_context":{"text":"Restaurantes","link":"https:\/\/casadecampoliving.com\/es\/category\/restaurantes-es\/"},"img":{"alt_text":"xiomarita matos claudia reyes menendez","src":"https:\/\/i0.wp.com\/casadecampoliving.com\/wp-content\/uploads\/2022\/10\/xiomarita_matos_claudia_reyes_menendez-1.jpg?fit=650%2C436&ssl=1&resize=350%2C200","width":350,"height":200,"srcset":"https:\/\/i0.wp.com\/casadecampoliving.com\/wp-content\/uploads\/2022\/10\/xiomarita_matos_claudia_reyes_menendez-1.jpg?fit=650%2C436&ssl=1&resize=350%2C200 1x, https:\/\/i0.wp.com\/casadecampoliving.com\/wp-content\/uploads\/2022\/10\/xiomarita_matos_claudia_reyes_menendez-1.jpg?fit=650%2C436&ssl=1&resize=525%2C300 1.5x"},"classes":[]},{"id":344847,"url":"https:\/\/casadecampoliving.com\/es\/cafe-de-la-luau-2\/","url_meta":{"origin":344352,"position":4},"title":"\u00a1Caf\u00e9 de la LUAU!","author":"Perkin Agramonte","date":"15 Jul, 2014","format":false,"excerpt":"Bueno, bueno, bueno. \u00bfQuieres saber qu\u00e9 tal estuvo el Caf\u00e9 de la Leche, edici\u00f3n LUAU organizado por Ana Maria (Malele) Strofer? Est\u00e1 demostrado que a las damas de Casa de Campo, nos encantan las fiestas de disfraces, y \u00bfqu\u00e9 mejor que una fiesta hawaiana en estos d\u00edas calurosos de verano?\u2026","rel":"","context":"En \u00abCasa de Campo Living @es\u00bb","block_context":{"text":"Casa de Campo Living @es","link":"https:\/\/casadecampoliving.com\/category\/casa-de-campo-living-es\/"},"img":{"alt_text":"Adriana Feaugas, Malele Strofer","src":"https:\/\/i0.wp.com\/casadecampoliving.com\/wp-content\/uploads\/2022\/10\/Adriana_Feaugas-Malele_Strofer-1.jpg?fit=650%2C431&ssl=1&resize=350%2C200","width":350,"height":200,"srcset":"https:\/\/i0.wp.com\/casadecampoliving.com\/wp-content\/uploads\/2022\/10\/Adriana_Feaugas-Malele_Strofer-1.jpg?fit=650%2C431&ssl=1&resize=350%2C200 1x, https:\/\/i0.wp.com\/casadecampoliving.com\/wp-content\/uploads\/2022\/10\/Adriana_Feaugas-Malele_Strofer-1.jpg?fit=650%2C431&ssl=1&resize=525%2C300 1.5x"},"classes":[]},{"id":344465,"url":"https:\/\/casadecampoliving.com\/es\/estancia-infantil-para-1000-ninos-de-pbo-sera-la-mas-grande-del-pais\/","url_meta":{"origin":344352,"position":5},"title":"Xioma y Xiomara dan el primer picazo de la nueva estancia infantil del PBO","author":"Eliana Alba","date":"23 May, 2014","format":false,"excerpt":"\u00a1Otra historia m\u00e1s de un incre\u00edble equipo de madre e hija! Xioma Matos y Xiomara Menendez, quienes juntas se encargan de las fundaciones Patronato Ben\u00e9fico Oriental y el Hogar del Ni\u00f1o, han recientemente emprendido un nuevo proyecto \u2013 \u00a1una estancia infantil para 1000 ni\u00f1os! El pasado martes, en una ceremonia\u2026","rel":"","context":"En \u00abFundaciones\u00bb","block_context":{"text":"Fundaciones","link":"https:\/\/casadecampoliving.com\/es\/category\/fundaciones-es\/"},"img":{"alt_text":"","src":"https:\/\/i0.wp.com\/casadecampoliving.com\/wp-content\/uploads\/2022\/10\/estancia_infantil_PBO-e1400871552715-1.jpg?fit=640%2C480&ssl=1&resize=350%2C200","width":350,"height":200,"srcset":"https:\/\/i0.wp.com\/casadecampoliving.com\/wp-content\/uploads\/2022\/10\/estancia_infantil_PBO-e1400871552715-1.jpg?fit=640%2C480&ssl=1&resize=350%2C200 1x, https:\/\/i0.wp.com\/casadecampoliving.com\/wp-content\/uploads\/2022\/10\/estancia_infantil_PBO-e1400871552715-1.jpg?fit=640%2C480&ssl=1&resize=525%2C300 1.5x"},"classes":[]}],"jetpack_sharing_enabled":true,"_links":{"self":[{"href":"https:\/\/casadecampoliving.com\/es\/wp-json\/wp\/v2\/posts\/344352","targetHints":{"allow":["GET"]}}],"collection":[{"href":"https:\/\/casadecampoliving.com\/es\/wp-json\/wp\/v2\/posts"}],"about":[{"href":"https:\/\/casadecampoliving.com\/es\/wp-json\/wp\/v2\/types\/post"}],"author":[{"embeddable":true,"href":"https:\/\/casadecampoliving.com\/es\/wp-json\/wp\/v2\/users\/14367"}],"replies":[{"embeddable":true,"href":"https:\/\/casadecampoliving.com\/es\/wp-json\/wp\/v2\/comments?post=344352"}],"version-history":[{"count":2,"href":"https:\/\/casadecampoliving.com\/es\/wp-json\/wp\/v2\/posts\/344352\/revisions"}],"predecessor-version":[{"id":508762,"href":"https:\/\/casadecampoliving.com\/es\/wp-json\/wp\/v2\/posts\/344352\/revisions\/508762"}],"wp:featuredmedia":[{"embeddable":true,"href":"https:\/\/casadecampoliving.com\/es\/wp-json\/wp\/v2\/media\/237270"}],"wp:attachment":[{"href":"https:\/\/casadecampoliving.com\/es\/wp-json\/wp\/v2\/media?parent=344352"}],"wp:term":[{"taxonomy":"category","embeddable":true,"href":"https:\/\/casadecampoliving.com\/es\/wp-json\/wp\/v2\/categories?post=344352"},{"taxonomy":"post_tag","embeddable":true,"href":"https:\/\/casadecampoliving.com\/es\/wp-json\/wp\/v2\/tags?post=344352"},{"taxonomy":"newspack_spnsrs_tax","embeddable":true,"href":"https:\/\/casadecampoliving.com\/es\/wp-json\/wp\/v2\/newspack_spnsrs_tax?post=344352"}],"curies":[{"name":"wp","href":"https:\/\/api.w.org\/{rel}","templated":true}]}}