{"id":344340,"date":"2014-05-08T00:00:00","date_gmt":"2014-05-08T04:00:00","guid":{"rendered":"https:\/\/casadecampoliving.com\/cartelera-de-cine-del-8-al-14-de-mayo\/"},"modified":"2022-10-21T18:49:14","modified_gmt":"2022-10-21T22:49:14","slug":"cartelera-de-cine-del-8-al-14-de-mayo","status":"publish","type":"post","link":"https:\/\/casadecampoliving.com\/es\/cartelera-de-cine-del-8-al-14-de-mayo\/","title":{"rendered":"Cartelera de Cine: del 8 al 14 de mayo"},"content":{"rendered":"<div class=\"wp-block-image\">\n<figure class=\"aligncenter is-resized\"><img loading=\"lazy\" decoding=\"async\" src=\"https:\/\/i0.wp.com\/casadecampoliving.com\/wp-content\/uploads\/2022\/10\/CDCAMP-8-de-mayo_ccl.jpg?resize=650%2C280&amp;ssl=1\" alt=\"CDCAMP 8 de mayo_ccl\" class=\"wp-image-89332\" height=\"280\" width=\"650\"\/><\/figure>\n<\/div>\n\n\n<p>Para esta semana el cine de la Marina Casa de Campo nos trae en cartelera 1 pel\u00edcula nueva: <strong>\u201cNo Hay Dos Sin Tres\u201d<\/strong>&nbsp;mientras todav\u00eda en las salas tenemos&nbsp;<strong>\u201cThe Amazing Spider-Man\u201d<\/strong>,&nbsp;<strong>\u201cDios No Est\u00e1 Muerto\u201d<\/strong>&nbsp;y&nbsp;<strong>\u201cRio 2\u201d<\/strong>&nbsp;.&nbsp;Salvedad:&nbsp;A partir de ahora el cine de La Marina Casa de Campo estar\u00e1 abierto&nbsp;todos los d\u00edas hasta nuevo aviso. <\/p>\n\n\n\n<!--more-->\n\n\n\n<p><strong>No Hay Dos Sin Tres<\/strong>&nbsp;<a href=\"https:\/\/www.youtube.com\/watch?v=8iR0qFFz6Rg\" target=\"_blank\" rel=\"noopener\">Ver avance<\/a><br>\n<em><span style=\"color: #3f3f3f;\">Tras descubrir que su novio est\u00e1 casado, Amber (Cameron Diaz) intenta recuperarse y volver a encauzar su vida. Pero cuando conoce accidentalmente a la mujer con la que la estaban enga\u00f1ando (Leslie Mann), se da cuenta de que tienen mucho en com\u00fan y su ac\u00e9rrima enemiga se convierte en su mejor amiga. Cuando descubren que el marido\/novio ten\u00eda un nuevo l\u00edo de faldas con una impresionante mujer (Kate Upton), las tres se unen para planear su venganza sobre el desgraciado que hasta tres veces las ha traicionado.<\/span><\/em><\/p>\n\n\n\n<p><b>The Amazing Spider-Man 2<\/b>&nbsp;<a href=\"https:\/\/www.youtube.com\/watch?v=l5xtPBhqPC4\" target=\"_blank\" rel=\"noopener\">Ver avance<\/a><a href=\"https:\/\/www.youtube.com\/watch?v=ibypRqp_BGw\" target=\"_blank\" rel=\"noopener\"><br>\n<\/a><em><span style=\"color: #000000;\">Siempre hemos sabido que la batalla m\u00e1s importante de Spider-Man ha sido dentro de s\u00ed mismo: la lucha entre las obligaciones ordinarias de Peter y las extraordinarias responsabilidades de Spider-Man. Pero en The Amazing Spider-Man 2, Peter Parker descubre que se avecina un conflicto mayor.<\/span><\/em><\/p>\n\n\n\n<p><strong>Dios No Est\u00e1 Muerto<\/strong>&nbsp;<a href=\"https:\/\/www.youtube.com\/watch?v=CvWBGANEXps\" target=\"_blank\" rel=\"noopener\">Ver avance<\/a><br>\n<em><span style=\"color: #000000;\">Pel\u00edcula \u201ccristiana\u201d sobre un estudiante devoto Josh Wheaton que desde su primer d\u00eda se ve retado por su dogm\u00e1tico profesor de filosof\u00eda, el Sr. Radisson, para probar la existencia de Dios.<\/span><\/em><\/p>\n\n\n\n<p><strong>Rio 2&nbsp;<\/strong><a href=\"https:\/\/www.youtube.com\/watch?v=-aDPujQTagg\" target=\"_blank\" rel=\"noopener\">Ver avance<\/a><a href=\"https:\/\/www.youtube.com\/watch?v=-oehmpD2YNQ\" target=\"_blank\" rel=\"noopener\"><br>\n<\/a><em>En \u201cRIO 2\u201d, Blu, Perla y sus tres hijos cambian por un tiempo su hogar en la m\u00e1gica ciudad de Rio de Janeiro por la espesa selva del Amazonas. Blu trata de encajar, la emprende a picotazos con el vengativo Nigel y conoce al adversario m\u00e1s aterrador de todos: su suegro.<\/em><\/p>\n\n\n\n<p><span style=\"line-height: 1.5em;\">Publicamos los nuevos horarios de pel\u00edculas tan pronto como las recibimos \u2013 normalmente los mi\u00e9rcoles por la tarde.<\/span><\/p>\n","protected":false},"excerpt":{"rendered":"<p>Para esta semana el cine de la Marina Casa de Campo nos trae en cartelera 1 pel\u00edcula nueva: \u201cNo Hay Dos Sin Tres\u201d&nbsp;mientras todav\u00eda en las salas tenemos&nbsp;\u201cThe Amazing Spider-Man\u201d,&nbsp;\u201cDios No Est\u00e1 Muerto\u201d&nbsp;y&nbsp;\u201cRio 2\u201d&nbsp;.&nbsp;Salvedad:&nbsp;A partir de ahora el cine de La Marina Casa de Campo estar\u00e1 abierto&nbsp;todos los d\u00edas hasta nuevo aviso.<\/p>\n","protected":false},"author":1097,"featured_media":236842,"comment_status":"closed","ping_status":"closed","sticky":false,"template":"","format":"standard","meta":{"newspack_ads_suppress_ads":false,"newspack_popups_has_disabled_popups":false,"newspack_sponsor_sponsorship_scope":"","newspack_sponsor_native_byline_display":"inherit","newspack_sponsor_native_category_display":"inherit","newspack_sponsor_underwriter_style":"inherit","newspack_sponsor_underwriter_placement":"inherit","_newspack_byline_active":false,"_newspack_byline":"","newspack_hide_updated_date":false,"newspack_show_updated_date":false,"newspack_content_restriction_is_exempt":false,"newspack_featured_image_position":"","newspack_post_subtitle":"","newspack_article_summary_title":"Overview:","newspack_article_summary":"","_jetpack_memberships_contains_paid_content":false,"footnotes":"","jetpack_publicize_message":"","jetpack_publicize_feature_enabled":true,"jetpack_social_post_already_shared":false,"jetpack_social_options":{"image_generator_settings":{"template":"highway","default_image_id":0,"font":"","enabled":false},"version":2},"_wpas_customize_per_network":false},"categories":[26823,26936,26951,3126,14631,26581,14625,2521,26822],"tags":[24387,6371,3573,8803],"newspack_spnsrs_tax":[],"class_list":["post-344340","post","type-post","status-publish","format-standard","has-post-thumbnail","hentry","category-arte-y-cultura","category-casa-de-campo-living-es","category-ccl-presenta","category-cine-3","category-estilo-de-vida","category-la-marina-casa-de-campo","category-noticias-locales","category-republica-dominicana-2","category-resort-casa-de-campo","tag-casa-de-campo-living-es","tag-casa-de-campo-resort-es","tag-marina-casa-de-campo-es","tag-pelicula-nueva","entry"],"yoast_head":"<!-- This site is optimized with the Yoast SEO plugin v27.5 - https:\/\/yoast.com\/product\/yoast-seo-wordpress\/ -->\n<title>Cartelera de Cine: del 8 al 14 de mayo | Casa de Campo Living<\/title>\n<meta name=\"description\" content=\"Para esta semana el cine de la Marina Casa de Campo nos trae en cartelera 1 pel\u00edcula nueva: \u201cNo Hay Dos Sin Tres\u201d&nbsp;mientras todav\u00eda en las salas\" \/>\n<meta name=\"robots\" content=\"index, follow, max-snippet:-1, max-image-preview:large, max-video-preview:-1\" \/>\n<link rel=\"canonical\" href=\"https:\/\/casadecampoliving.com\/es\/cartelera-de-cine-del-8-al-14-de-mayo\/\" \/>\n<meta property=\"og:locale\" content=\"es_ES\" \/>\n<meta property=\"og:type\" content=\"article\" \/>\n<meta property=\"og:title\" content=\"Cartelera de Cine: del 8 al 14 de mayo | Casa de Campo Living\" \/>\n<meta property=\"og:description\" content=\"Para esta semana el cine de la Marina Casa de Campo nos trae en cartelera 1 pel\u00edcula nueva: \u201cNo Hay Dos Sin Tres\u201d&nbsp;mientras todav\u00eda en las salas\" \/>\n<meta property=\"og:url\" content=\"https:\/\/casadecampoliving.com\/es\/cartelera-de-cine-del-8-al-14-de-mayo\/\" \/>\n<meta property=\"og:site_name\" content=\"Casa de Campo Living\" \/>\n<meta property=\"article:publisher\" content=\"https:\/\/www.facebook.com\/casadecampoliving\" \/>\n<meta property=\"article:published_time\" content=\"2014-05-08T04:00:00+00:00\" \/>\n<meta property=\"article:modified_time\" content=\"2022-10-21T22:49:14+00:00\" \/>\n<meta property=\"og:image\" content=\"https:\/\/i0.wp.com\/casadecampoliving.com\/wp-content\/uploads\/2022\/10\/CDCAMP-8-de-mayo_ccl-1.jpg?fit=650%2C280&ssl=1\" \/>\n\t<meta property=\"og:image:width\" content=\"650\" \/>\n\t<meta property=\"og:image:height\" content=\"280\" \/>\n\t<meta property=\"og:image:type\" content=\"image\/jpeg\" \/>\n<meta name=\"author\" content=\"Perkin Agramonte\" \/>\n<meta name=\"twitter:card\" content=\"summary_large_image\" \/>\n<meta name=\"twitter:creator\" content=\"@cdcliving\" \/>\n<meta name=\"twitter:site\" content=\"@cdcliving\" \/>\n<meta name=\"twitter:label1\" content=\"Escrito por\" \/>\n\t<meta name=\"twitter:data1\" content=\"Perkin Agramonte\" \/>\n\t<meta name=\"twitter:label2\" content=\"Tiempo de lectura\" \/>\n\t<meta name=\"twitter:data2\" content=\"2 minutos\" \/>\n<script type=\"application\/ld+json\" class=\"yoast-schema-graph\">{\"@context\":\"https:\\\/\\\/schema.org\",\"@graph\":[{\"@type\":\"Article\",\"@id\":\"https:\\\/\\\/casadecampoliving.com\\\/es\\\/cartelera-de-cine-del-8-al-14-de-mayo\\\/#article\",\"isPartOf\":{\"@id\":\"https:\\\/\\\/casadecampoliving.com\\\/es\\\/cartelera-de-cine-del-8-al-14-de-mayo\\\/\"},\"author\":{\"name\":\"Perkin Agramonte\",\"@id\":\"https:\\\/\\\/casadecampoliving.com\\\/es\\\/#\\\/schema\\\/person\\\/c8efa6049510554b7d5fea078d728f72\"},\"headline\":\"Cartelera de Cine: del 8 al 14 de mayo\",\"datePublished\":\"2014-05-08T04:00:00+00:00\",\"dateModified\":\"2022-10-21T22:49:14+00:00\",\"mainEntityOfPage\":{\"@id\":\"https:\\\/\\\/casadecampoliving.com\\\/es\\\/cartelera-de-cine-del-8-al-14-de-mayo\\\/\"},\"wordCount\":346,\"publisher\":{\"@id\":\"https:\\\/\\\/casadecampoliving.com\\\/es\\\/#organization\"},\"image\":{\"@id\":\"https:\\\/\\\/casadecampoliving.com\\\/es\\\/cartelera-de-cine-del-8-al-14-de-mayo\\\/#primaryimage\"},\"thumbnailUrl\":\"https:\\\/\\\/i0.wp.com\\\/casadecampoliving.com\\\/wp-content\\\/uploads\\\/2022\\\/10\\\/CDCAMP-8-de-mayo_ccl-1.jpg?fit=650%2C280&ssl=1\",\"keywords\":[\"Casa de Campo Living\",\"casa de campo resort @es\",\"Marina Casa de Campo @es\",\"pelicula nueva\"],\"articleSection\":[\"Arte y cultura\",\"Casa de Campo Living @es\",\"CCL presenta\",\"Cine @es\",\"Estilo de Vida\",\"La Marina Casa de Campo\",\"Noticias Locales\",\"Rep\u00fablica Dominicana @es\",\"Resort Casa de Campo\"],\"inLanguage\":\"es\"},{\"@type\":\"WebPage\",\"@id\":\"https:\\\/\\\/casadecampoliving.com\\\/es\\\/cartelera-de-cine-del-8-al-14-de-mayo\\\/\",\"url\":\"https:\\\/\\\/casadecampoliving.com\\\/es\\\/cartelera-de-cine-del-8-al-14-de-mayo\\\/\",\"name\":\"Cartelera de Cine: del 8 al 14 de mayo | Casa de Campo Living\",\"isPartOf\":{\"@id\":\"https:\\\/\\\/casadecampoliving.com\\\/es\\\/#website\"},\"primaryImageOfPage\":{\"@id\":\"https:\\\/\\\/casadecampoliving.com\\\/es\\\/cartelera-de-cine-del-8-al-14-de-mayo\\\/#primaryimage\"},\"image\":{\"@id\":\"https:\\\/\\\/casadecampoliving.com\\\/es\\\/cartelera-de-cine-del-8-al-14-de-mayo\\\/#primaryimage\"},\"thumbnailUrl\":\"https:\\\/\\\/i0.wp.com\\\/casadecampoliving.com\\\/wp-content\\\/uploads\\\/2022\\\/10\\\/CDCAMP-8-de-mayo_ccl-1.jpg?fit=650%2C280&ssl=1\",\"datePublished\":\"2014-05-08T04:00:00+00:00\",\"dateModified\":\"2022-10-21T22:49:14+00:00\",\"description\":\"Para esta semana el cine de la Marina Casa de Campo nos trae en cartelera 1 pel\u00edcula nueva: \u201cNo Hay Dos Sin Tres\u201d&nbsp;mientras todav\u00eda en las salas\",\"breadcrumb\":{\"@id\":\"https:\\\/\\\/casadecampoliving.com\\\/es\\\/cartelera-de-cine-del-8-al-14-de-mayo\\\/#breadcrumb\"},\"inLanguage\":\"es\",\"potentialAction\":[{\"@type\":\"ReadAction\",\"target\":[\"https:\\\/\\\/casadecampoliving.com\\\/es\\\/cartelera-de-cine-del-8-al-14-de-mayo\\\/\"]}]},{\"@type\":\"ImageObject\",\"inLanguage\":\"es\",\"@id\":\"https:\\\/\\\/casadecampoliving.com\\\/es\\\/cartelera-de-cine-del-8-al-14-de-mayo\\\/#primaryimage\",\"url\":\"https:\\\/\\\/i0.wp.com\\\/casadecampoliving.com\\\/wp-content\\\/uploads\\\/2022\\\/10\\\/CDCAMP-8-de-mayo_ccl-1.jpg?fit=650%2C280&ssl=1\",\"contentUrl\":\"https:\\\/\\\/i0.wp.com\\\/casadecampoliving.com\\\/wp-content\\\/uploads\\\/2022\\\/10\\\/CDCAMP-8-de-mayo_ccl-1.jpg?fit=650%2C280&ssl=1\",\"width\":650,\"height\":280},{\"@type\":\"BreadcrumbList\",\"@id\":\"https:\\\/\\\/casadecampoliving.com\\\/es\\\/cartelera-de-cine-del-8-al-14-de-mayo\\\/#breadcrumb\",\"itemListElement\":[{\"@type\":\"ListItem\",\"position\":1,\"name\":\"Home\",\"item\":\"https:\\\/\\\/casadecampoliving.com\\\/es\\\/\"},{\"@type\":\"ListItem\",\"position\":2,\"name\":\"Cartelera de Cine: del 8 al 14 de mayo\"}]},{\"@type\":\"WebSite\",\"@id\":\"https:\\\/\\\/casadecampoliving.com\\\/es\\\/#website\",\"url\":\"https:\\\/\\\/casadecampoliving.com\\\/es\\\/\",\"name\":\"Casa de Campo Living\",\"description\":\"Resort community news and resources.\",\"publisher\":{\"@id\":\"https:\\\/\\\/casadecampoliving.com\\\/es\\\/#organization\"},\"potentialAction\":[{\"@type\":\"SearchAction\",\"target\":{\"@type\":\"EntryPoint\",\"urlTemplate\":\"https:\\\/\\\/casadecampoliving.com\\\/es\\\/?s={search_term_string}\"},\"query-input\":{\"@type\":\"PropertyValueSpecification\",\"valueRequired\":true,\"valueName\":\"search_term_string\"}}],\"inLanguage\":\"es\"},{\"@type\":\"Organization\",\"@id\":\"https:\\\/\\\/casadecampoliving.com\\\/es\\\/#organization\",\"name\":\"Casa de Campo Living\",\"url\":\"https:\\\/\\\/casadecampoliving.com\\\/es\\\/\",\"logo\":{\"@type\":\"ImageObject\",\"inLanguage\":\"es\",\"@id\":\"https:\\\/\\\/casadecampoliving.com\\\/es\\\/#\\\/schema\\\/logo\\\/image\\\/\",\"url\":\"https:\\\/\\\/i0.wp.com\\\/casadecampoliving.com\\\/wp-content\\\/uploads\\\/2022\\\/07\\\/CDCLivingLogo_V1-white-sized.png?fit=800%2C214&ssl=1\",\"contentUrl\":\"https:\\\/\\\/i0.wp.com\\\/casadecampoliving.com\\\/wp-content\\\/uploads\\\/2022\\\/07\\\/CDCLivingLogo_V1-white-sized.png?fit=800%2C214&ssl=1\",\"width\":800,\"height\":214,\"caption\":\"Casa de Campo Living\"},\"image\":{\"@id\":\"https:\\\/\\\/casadecampoliving.com\\\/es\\\/#\\\/schema\\\/logo\\\/image\\\/\"},\"sameAs\":[\"https:\\\/\\\/www.facebook.com\\\/casadecampoliving\",\"https:\\\/\\\/x.com\\\/cdcliving\"]},{\"@type\":\"Person\",\"@id\":\"https:\\\/\\\/casadecampoliving.com\\\/es\\\/#\\\/schema\\\/person\\\/c8efa6049510554b7d5fea078d728f72\",\"name\":\"Perkin Agramonte\",\"image\":{\"@type\":\"ImageObject\",\"inLanguage\":\"es\",\"@id\":\"https:\\\/\\\/secure.gravatar.com\\\/avatar\\\/57bfdafcae55fb83dbb79a1585a9eab7f269b7720fb0b64cb9a4e0cd2962fa10?s=96&d=mm&r=g\",\"url\":\"https:\\\/\\\/secure.gravatar.com\\\/avatar\\\/57bfdafcae55fb83dbb79a1585a9eab7f269b7720fb0b64cb9a4e0cd2962fa10?s=96&d=mm&r=g\",\"contentUrl\":\"https:\\\/\\\/secure.gravatar.com\\\/avatar\\\/57bfdafcae55fb83dbb79a1585a9eab7f269b7720fb0b64cb9a4e0cd2962fa10?s=96&d=mm&r=g\",\"caption\":\"Perkin Agramonte\"},\"url\":\"https:\\\/\\\/casadecampoliving.com\\\/es\\\/author\\\/cagramonte\\\/\"}]}<\/script>\n<!-- \/ Yoast SEO plugin. -->","yoast_head_json":{"title":"Cartelera de Cine: del 8 al 14 de mayo | Casa de Campo Living","description":"Para esta semana el cine de la Marina Casa de Campo nos trae en cartelera 1 pel\u00edcula nueva: \u201cNo Hay Dos Sin Tres\u201d&nbsp;mientras todav\u00eda en las salas","robots":{"index":"index","follow":"follow","max-snippet":"max-snippet:-1","max-image-preview":"max-image-preview:large","max-video-preview":"max-video-preview:-1"},"canonical":"https:\/\/casadecampoliving.com\/es\/cartelera-de-cine-del-8-al-14-de-mayo\/","og_locale":"es_ES","og_type":"article","og_title":"Cartelera de Cine: del 8 al 14 de mayo | Casa de Campo Living","og_description":"Para esta semana el cine de la Marina Casa de Campo nos trae en cartelera 1 pel\u00edcula nueva: \u201cNo Hay Dos Sin Tres\u201d&nbsp;mientras todav\u00eda en las salas","og_url":"https:\/\/casadecampoliving.com\/es\/cartelera-de-cine-del-8-al-14-de-mayo\/","og_site_name":"Casa de Campo Living","article_publisher":"https:\/\/www.facebook.com\/casadecampoliving","article_published_time":"2014-05-08T04:00:00+00:00","article_modified_time":"2022-10-21T22:49:14+00:00","og_image":[{"width":650,"height":280,"url":"https:\/\/i0.wp.com\/casadecampoliving.com\/wp-content\/uploads\/2022\/10\/CDCAMP-8-de-mayo_ccl-1.jpg?fit=650%2C280&ssl=1","type":"image\/jpeg"}],"author":"Perkin Agramonte","twitter_card":"summary_large_image","twitter_creator":"@cdcliving","twitter_site":"@cdcliving","twitter_misc":{"Escrito por":"Perkin Agramonte","Tiempo de lectura":"2 minutos"},"schema":{"@context":"https:\/\/schema.org","@graph":[{"@type":"Article","@id":"https:\/\/casadecampoliving.com\/es\/cartelera-de-cine-del-8-al-14-de-mayo\/#article","isPartOf":{"@id":"https:\/\/casadecampoliving.com\/es\/cartelera-de-cine-del-8-al-14-de-mayo\/"},"author":{"name":"Perkin Agramonte","@id":"https:\/\/casadecampoliving.com\/es\/#\/schema\/person\/c8efa6049510554b7d5fea078d728f72"},"headline":"Cartelera de Cine: del 8 al 14 de mayo","datePublished":"2014-05-08T04:00:00+00:00","dateModified":"2022-10-21T22:49:14+00:00","mainEntityOfPage":{"@id":"https:\/\/casadecampoliving.com\/es\/cartelera-de-cine-del-8-al-14-de-mayo\/"},"wordCount":346,"publisher":{"@id":"https:\/\/casadecampoliving.com\/es\/#organization"},"image":{"@id":"https:\/\/casadecampoliving.com\/es\/cartelera-de-cine-del-8-al-14-de-mayo\/#primaryimage"},"thumbnailUrl":"https:\/\/i0.wp.com\/casadecampoliving.com\/wp-content\/uploads\/2022\/10\/CDCAMP-8-de-mayo_ccl-1.jpg?fit=650%2C280&ssl=1","keywords":["Casa de Campo Living","casa de campo resort @es","Marina Casa de Campo @es","pelicula nueva"],"articleSection":["Arte y cultura","Casa de Campo Living @es","CCL presenta","Cine @es","Estilo de Vida","La Marina Casa de Campo","Noticias Locales","Rep\u00fablica Dominicana @es","Resort Casa de Campo"],"inLanguage":"es"},{"@type":"WebPage","@id":"https:\/\/casadecampoliving.com\/es\/cartelera-de-cine-del-8-al-14-de-mayo\/","url":"https:\/\/casadecampoliving.com\/es\/cartelera-de-cine-del-8-al-14-de-mayo\/","name":"Cartelera de Cine: del 8 al 14 de mayo | Casa de Campo Living","isPartOf":{"@id":"https:\/\/casadecampoliving.com\/es\/#website"},"primaryImageOfPage":{"@id":"https:\/\/casadecampoliving.com\/es\/cartelera-de-cine-del-8-al-14-de-mayo\/#primaryimage"},"image":{"@id":"https:\/\/casadecampoliving.com\/es\/cartelera-de-cine-del-8-al-14-de-mayo\/#primaryimage"},"thumbnailUrl":"https:\/\/i0.wp.com\/casadecampoliving.com\/wp-content\/uploads\/2022\/10\/CDCAMP-8-de-mayo_ccl-1.jpg?fit=650%2C280&ssl=1","datePublished":"2014-05-08T04:00:00+00:00","dateModified":"2022-10-21T22:49:14+00:00","description":"Para esta semana el cine de la Marina Casa de Campo nos trae en cartelera 1 pel\u00edcula nueva: \u201cNo Hay Dos Sin Tres\u201d&nbsp;mientras todav\u00eda en las salas","breadcrumb":{"@id":"https:\/\/casadecampoliving.com\/es\/cartelera-de-cine-del-8-al-14-de-mayo\/#breadcrumb"},"inLanguage":"es","potentialAction":[{"@type":"ReadAction","target":["https:\/\/casadecampoliving.com\/es\/cartelera-de-cine-del-8-al-14-de-mayo\/"]}]},{"@type":"ImageObject","inLanguage":"es","@id":"https:\/\/casadecampoliving.com\/es\/cartelera-de-cine-del-8-al-14-de-mayo\/#primaryimage","url":"https:\/\/i0.wp.com\/casadecampoliving.com\/wp-content\/uploads\/2022\/10\/CDCAMP-8-de-mayo_ccl-1.jpg?fit=650%2C280&ssl=1","contentUrl":"https:\/\/i0.wp.com\/casadecampoliving.com\/wp-content\/uploads\/2022\/10\/CDCAMP-8-de-mayo_ccl-1.jpg?fit=650%2C280&ssl=1","width":650,"height":280},{"@type":"BreadcrumbList","@id":"https:\/\/casadecampoliving.com\/es\/cartelera-de-cine-del-8-al-14-de-mayo\/#breadcrumb","itemListElement":[{"@type":"ListItem","position":1,"name":"Home","item":"https:\/\/casadecampoliving.com\/es\/"},{"@type":"ListItem","position":2,"name":"Cartelera de Cine: del 8 al 14 de mayo"}]},{"@type":"WebSite","@id":"https:\/\/casadecampoliving.com\/es\/#website","url":"https:\/\/casadecampoliving.com\/es\/","name":"Casa de Campo Living","description":"Resort community news and resources.","publisher":{"@id":"https:\/\/casadecampoliving.com\/es\/#organization"},"potentialAction":[{"@type":"SearchAction","target":{"@type":"EntryPoint","urlTemplate":"https:\/\/casadecampoliving.com\/es\/?s={search_term_string}"},"query-input":{"@type":"PropertyValueSpecification","valueRequired":true,"valueName":"search_term_string"}}],"inLanguage":"es"},{"@type":"Organization","@id":"https:\/\/casadecampoliving.com\/es\/#organization","name":"Casa de Campo Living","url":"https:\/\/casadecampoliving.com\/es\/","logo":{"@type":"ImageObject","inLanguage":"es","@id":"https:\/\/casadecampoliving.com\/es\/#\/schema\/logo\/image\/","url":"https:\/\/i0.wp.com\/casadecampoliving.com\/wp-content\/uploads\/2022\/07\/CDCLivingLogo_V1-white-sized.png?fit=800%2C214&ssl=1","contentUrl":"https:\/\/i0.wp.com\/casadecampoliving.com\/wp-content\/uploads\/2022\/07\/CDCLivingLogo_V1-white-sized.png?fit=800%2C214&ssl=1","width":800,"height":214,"caption":"Casa de Campo Living"},"image":{"@id":"https:\/\/casadecampoliving.com\/es\/#\/schema\/logo\/image\/"},"sameAs":["https:\/\/www.facebook.com\/casadecampoliving","https:\/\/x.com\/cdcliving"]},{"@type":"Person","@id":"https:\/\/casadecampoliving.com\/es\/#\/schema\/person\/c8efa6049510554b7d5fea078d728f72","name":"Perkin Agramonte","image":{"@type":"ImageObject","inLanguage":"es","@id":"https:\/\/secure.gravatar.com\/avatar\/57bfdafcae55fb83dbb79a1585a9eab7f269b7720fb0b64cb9a4e0cd2962fa10?s=96&d=mm&r=g","url":"https:\/\/secure.gravatar.com\/avatar\/57bfdafcae55fb83dbb79a1585a9eab7f269b7720fb0b64cb9a4e0cd2962fa10?s=96&d=mm&r=g","contentUrl":"https:\/\/secure.gravatar.com\/avatar\/57bfdafcae55fb83dbb79a1585a9eab7f269b7720fb0b64cb9a4e0cd2962fa10?s=96&d=mm&r=g","caption":"Perkin Agramonte"},"url":"https:\/\/casadecampoliving.com\/es\/author\/cagramonte\/"}]}},"parsely":{"version":"1.1.0","canonical_url":"https:\/\/casadecampoliving.com\/es\/cartelera-de-cine-del-8-al-14-de-mayo\/","smart_links":{"inbound":0,"outbound":0},"traffic_boost_suggestions_count":0,"meta":{"@context":"https:\/\/schema.org","@type":"NewsArticle","headline":"Cartelera de Cine: del 8 al 14 de mayo","url":"http:\/\/casadecampoliving.com\/es\/cartelera-de-cine-del-8-al-14-de-mayo\/","mainEntityOfPage":{"@type":"WebPage","@id":"http:\/\/casadecampoliving.com\/es\/cartelera-de-cine-del-8-al-14-de-mayo\/"},"thumbnailUrl":"https:\/\/i0.wp.com\/casadecampoliving.com\/wp-content\/uploads\/2022\/10\/CDCAMP-8-de-mayo_ccl-1.jpg?resize=150%2C150&ssl=1","image":{"@type":"ImageObject","url":"https:\/\/i0.wp.com\/casadecampoliving.com\/wp-content\/uploads\/2022\/10\/CDCAMP-8-de-mayo_ccl-1.jpg?fit=650%2C280&ssl=1"},"articleSection":"Arte y cultura","author":[{"@type":"Person","name":"Perkin Agramonte"}],"creator":["Perkin Agramonte"],"publisher":{"@type":"Organization","name":"Casa de Campo Living","logo":"https:\/\/casadecampoliving.com\/wp-content\/uploads\/2022\/07\/CDCLivingLogo_V1-white-sized.png"},"keywords":["casa de campo living","casa de campo resort @es","marina casa de campo @es","pelicula nueva"],"dateCreated":"2014-05-08T04:00:00Z","datePublished":"2014-05-08T04:00:00Z","dateModified":"2022-10-21T22:49:14Z"},"rendered":"<script type=\"application\/ld+json\" class=\"wp-parsely-metadata\">{\"@context\":\"https:\\\/\\\/schema.org\",\"@type\":\"NewsArticle\",\"headline\":\"Cartelera de Cine: del 8 al 14 de mayo\",\"url\":\"http:\\\/\\\/casadecampoliving.com\\\/es\\\/cartelera-de-cine-del-8-al-14-de-mayo\\\/\",\"mainEntityOfPage\":{\"@type\":\"WebPage\",\"@id\":\"http:\\\/\\\/casadecampoliving.com\\\/es\\\/cartelera-de-cine-del-8-al-14-de-mayo\\\/\"},\"thumbnailUrl\":\"https:\\\/\\\/i0.wp.com\\\/casadecampoliving.com\\\/wp-content\\\/uploads\\\/2022\\\/10\\\/CDCAMP-8-de-mayo_ccl-1.jpg?resize=150%2C150&ssl=1\",\"image\":{\"@type\":\"ImageObject\",\"url\":\"https:\\\/\\\/i0.wp.com\\\/casadecampoliving.com\\\/wp-content\\\/uploads\\\/2022\\\/10\\\/CDCAMP-8-de-mayo_ccl-1.jpg?fit=650%2C280&ssl=1\"},\"articleSection\":\"Arte y cultura\",\"author\":[{\"@type\":\"Person\",\"name\":\"Perkin Agramonte\"}],\"creator\":[\"Perkin Agramonte\"],\"publisher\":{\"@type\":\"Organization\",\"name\":\"Casa de Campo Living\",\"logo\":\"https:\\\/\\\/casadecampoliving.com\\\/wp-content\\\/uploads\\\/2022\\\/07\\\/CDCLivingLogo_V1-white-sized.png\"},\"keywords\":[\"casa de campo living\",\"casa de campo resort @es\",\"marina casa de campo @es\",\"pelicula nueva\"],\"dateCreated\":\"2014-05-08T04:00:00Z\",\"datePublished\":\"2014-05-08T04:00:00Z\",\"dateModified\":\"2022-10-21T22:49:14Z\"}<\/script>","tracker_url":"https:\/\/cdn.parsely.com\/keys\/casadecampoliving.com\/p.js"},"jetpack_publicize_connections":[],"jetpack_featured_media_url":"https:\/\/i0.wp.com\/casadecampoliving.com\/wp-content\/uploads\/2022\/10\/CDCAMP-8-de-mayo_ccl-1.jpg?fit=650%2C280&ssl=1","jetpack-related-posts":[{"id":352418,"url":"https:\/\/casadecampoliving.com\/es\/marina-casa-de-campo-cartelera-de-peliculas-25-31-de-enero\/","url_meta":{"origin":344340,"position":0},"title":"Marina Casa de Campo Cartelera de pel\u00edculas: 25-31 de Enero","author":"Gallagher Foxworthy","date":"25 Ene, 2018","format":false,"excerpt":"Esta semana, Marina Casa de Campo agrega dos nuevas pel\u00edculas a su cartelera:\u00a0\u201cLos archivos del Pent\u00e1gono\u201d y \u201cTadeo Jones 2\u201d Mientras tanto, sigue proyect\u00e1ndose: \u201cEl pasajero\u201d,\u00a0\u201cTres anuncios por un crimen\u201d y\u00a0\u201cOl\u00e9, el viaje de Ferdinand\u201d.\u00a0 \u201cLos archivos del Pent\u00e1gono\u201dProyecciones: Lunes \u2013 Domingo 6:40pm, 9:10pm Sinopsis:\u00a0 Un encubrimiento que abarc\u00f3 a\u2026","rel":"","context":"En \u00abCine @es\u00bb","block_context":{"text":"Cine @es","link":"https:\/\/casadecampoliving.com\/es\/category\/cine-3\/"},"img":{"alt_text":"","src":"","width":0,"height":0},"classes":[]},{"id":344719,"url":"https:\/\/casadecampoliving.com\/es\/cartelera-de-cine-del-26-de-junio-al-02-de-julio-2\/","url_meta":{"origin":344340,"position":1},"title":"Cartelera de Cine: del 03 al 09 de julio","author":"Perkin Agramonte","date":"3 Jul, 2014","format":false,"excerpt":"Para esta semana el cine de la Marina Casa de Campo nos trae en cartelera 2 pel\u00edculas nuevas: \u201cTransformers- La Era de la Extinci\u00f3n\u201d y \u201cChef\u201d,\u00a0mientras todav\u00eda en sala tenemos\u00a0\u201cC\u00f3mo\u00a0Entrenar a Tu Drag\u00f3n 2\u201d.\u00a0Salvedad:\u00a0A partir de ahora el cine de la Marina Casa de Campo estar\u00e1 abierto\u00a0todos los d\u00edas hasta\u2026","rel":"","context":"En \u00abArte y cultura\u00bb","block_context":{"text":"Arte y cultura","link":"https:\/\/casadecampoliving.com\/category\/arte-y-cultura\/"},"img":{"alt_text":"","src":"https:\/\/i0.wp.com\/casadecampoliving.com\/wp-content\/uploads\/2022\/10\/cartelera_3_de_julio-1.jpg?fit=800%2C346&ssl=1&resize=350%2C200","width":350,"height":200,"srcset":"https:\/\/i0.wp.com\/casadecampoliving.com\/wp-content\/uploads\/2022\/10\/cartelera_3_de_julio-1.jpg?fit=800%2C346&ssl=1&resize=350%2C200 1x, https:\/\/i0.wp.com\/casadecampoliving.com\/wp-content\/uploads\/2022\/10\/cartelera_3_de_julio-1.jpg?fit=800%2C346&ssl=1&resize=525%2C300 1.5x, https:\/\/i0.wp.com\/casadecampoliving.com\/wp-content\/uploads\/2022\/10\/cartelera_3_de_julio-1.jpg?fit=800%2C346&ssl=1&resize=700%2C400 2x"},"classes":[]},{"id":352400,"url":"https:\/\/casadecampoliving.com\/es\/marina-casa-de-campo-cartelera-de-peliculas-18-24-de-enero\/","url_meta":{"origin":344340,"position":2},"title":"Marina Casa de Campo Cartelera de pel\u00edculas: 18-24 de Enero","author":"Marlenys Guzm\u00e1n Casta\u00f1os","date":"18 Ene, 2018","format":false,"excerpt":"Esta semana, Marina Casa de Campo agrega dos nuevas pel\u00edculas a su cartelera:\u00a0\u201cEl pasajero\u201d y \u201cTres anuncios por un crimen\u201d Mientras tanto, sigue proyect\u00e1ndose: \u201cEl Gran Showman\u201d\u00a0y\u00a0\u201cOl\u00e9, el viaje de Ferdinand\u201d.\u00a0 \u201cEl pasajero\u201dProyecciones: Lunes \u2013 Viernes 5:00pm, 7:00pm, 9:15pm S\u00e1bado \u2013 Domingo 4:45pm, 7:00pm, 9:15pm Sinopsis: Un hombre de negocios\u2026","rel":"","context":"En \u00abCine @es\u00bb","block_context":{"text":"Cine @es","link":"https:\/\/casadecampoliving.com\/es\/category\/cine-3\/"},"img":{"alt_text":"","src":"","width":0,"height":0},"classes":[]},{"id":350400,"url":"https:\/\/casadecampoliving.com\/es\/marina-casa-de-campo-cartelera-de-cine-18-24-de-agosto\/","url_meta":{"origin":344340,"position":3},"title":"Marina Casa de Campo cartelera de cine: 18 \u2013 24 de Agosto","author":"Marlenys Guzm\u00e1n Casta\u00f1os","date":"18 Ago, 2016","format":false,"excerpt":"Para esta semana, el cine de la Marina Casa de Campo nos trae tres pel\u00edculas nuevas: \u201cBen-Hur\u201d, \u201cAmigos de Armas\u201d, y\u00a0\u201cInfierno Azul\u201d. Mientras que en las salas todav\u00eda tenemos: \u00a0\u201cLa Vida secreta de tus mascotas\u201d. \u201cBen-Hur\u201dProyecciones: Lunes\u00a0\u2013 Viernes, 6:50pm & 9:30pm S\u00e1bado\u00a0\u2013 Domingo, 4:05pm, 6:50pm & 9:30pm Sinopsis:\u00a0Un pr\u00edncipe, Judah\u2026","rel":"","context":"En \u00abCine @es\u00bb","block_context":{"text":"Cine @es","link":"https:\/\/casadecampoliving.com\/es\/category\/cine-3\/"},"img":{"alt_text":"","src":"https:\/\/i0.wp.com\/casadecampoliving.com\/wp-content\/uploads\/2022\/10\/CDCAMP-18-de-Agosto.jpg?fit=798%2C348&ssl=1&resize=350%2C200","width":350,"height":200,"srcset":"https:\/\/i0.wp.com\/casadecampoliving.com\/wp-content\/uploads\/2022\/10\/CDCAMP-18-de-Agosto.jpg?fit=798%2C348&ssl=1&resize=350%2C200 1x, https:\/\/i0.wp.com\/casadecampoliving.com\/wp-content\/uploads\/2022\/10\/CDCAMP-18-de-Agosto.jpg?fit=798%2C348&ssl=1&resize=525%2C300 1.5x, https:\/\/i0.wp.com\/casadecampoliving.com\/wp-content\/uploads\/2022\/10\/CDCAMP-18-de-Agosto.jpg?fit=798%2C348&ssl=1&resize=700%2C400 2x"},"classes":[]},{"id":345519,"url":"https:\/\/casadecampoliving.com\/es\/codigo-paz-llega-al-cine-de-la-marina-casa-de-campo\/","url_meta":{"origin":344340,"position":4},"title":"C\u00f3digo Paz llega al cine de la Marina Casa de Campo","author":"Perkin Agramonte","date":"3 Oct, 2014","format":false,"excerpt":"\u00bfQu\u00e9 a\u00fan no ha visto la nueva pel\u00edcula de David Maler? Pues esta es su oportunidad porque AHORA se est\u00e1 proyectando en el cine de la Marina Casa de Campo. David Maler es hijo de nuestro querido artista argentino Leopoldo Maler, quien ha sido miembro de la comunidad Casa de\u2026","rel":"","context":"En \u00abCasa de Campo Living @es\u00bb","block_context":{"text":"Casa de Campo Living @es","link":"https:\/\/casadecampoliving.com\/category\/casa-de-campo-living-es\/"},"img":{"alt_text":"","src":"https:\/\/i0.wp.com\/casadecampoliving.com\/wp-content\/uploads\/2022\/10\/Codigo-Paz-e1413291515173.png?fit=350%2C395&ssl=1&resize=350%2C200","width":350,"height":200},"classes":[]},{"id":352429,"url":"https:\/\/casadecampoliving.com\/es\/marina-casa-de-campo-cartelera-de-peliculas-1-8-de-febrero\/","url_meta":{"origin":344340,"position":5},"title":"Marina Casa de Campo Cartelera de pel\u00edculas: 1-8 de Febrero","author":"Gallagher Foxworthy","date":"2 Feb, 2018","format":false,"excerpt":"Esta semana, Marina Casa de Campo agrega dos nuevas pel\u00edculas a su cartelera:\u00a0\u201cMaze Runner 3: La Cura Mortal\u201d y \u201cMolly\u2019s Game\u201d Mientras tanto, sigue proyect\u00e1ndose: \u201cEl pasajero\u201d,\u00a0\u201cLos archivos del Pent\u00e1gono\u201d y\u00a0\u201cTadeo Jones 2\u201d.\u00a0 \u201cMaze Runner 3: La Cura Mortal\u201dProyecciones: Lunes \u2013 Domingo 6:25pm, 9:20pm Sinopsis:\u00a0\u00a0El joven h\u00e9roe Thomas se embarca\u2026","rel":"","context":"En \u00abCine @es\u00bb","block_context":{"text":"Cine @es","link":"https:\/\/casadecampoliving.com\/es\/category\/cine-3\/"},"img":{"alt_text":"","src":"","width":0,"height":0},"classes":[]}],"jetpack_sharing_enabled":true,"_links":{"self":[{"href":"https:\/\/casadecampoliving.com\/es\/wp-json\/wp\/v2\/posts\/344340","targetHints":{"allow":["GET"]}}],"collection":[{"href":"https:\/\/casadecampoliving.com\/es\/wp-json\/wp\/v2\/posts"}],"about":[{"href":"https:\/\/casadecampoliving.com\/es\/wp-json\/wp\/v2\/types\/post"}],"author":[{"embeddable":true,"href":"https:\/\/casadecampoliving.com\/es\/wp-json\/wp\/v2\/users\/1097"}],"replies":[{"embeddable":true,"href":"https:\/\/casadecampoliving.com\/es\/wp-json\/wp\/v2\/comments?post=344340"}],"version-history":[{"count":1,"href":"https:\/\/casadecampoliving.com\/es\/wp-json\/wp\/v2\/posts\/344340\/revisions"}],"predecessor-version":[{"id":344341,"href":"https:\/\/casadecampoliving.com\/es\/wp-json\/wp\/v2\/posts\/344340\/revisions\/344341"}],"wp:featuredmedia":[{"embeddable":true,"href":"https:\/\/casadecampoliving.com\/es\/wp-json\/wp\/v2\/media\/236842"}],"wp:attachment":[{"href":"https:\/\/casadecampoliving.com\/es\/wp-json\/wp\/v2\/media?parent=344340"}],"wp:term":[{"taxonomy":"category","embeddable":true,"href":"https:\/\/casadecampoliving.com\/es\/wp-json\/wp\/v2\/categories?post=344340"},{"taxonomy":"post_tag","embeddable":true,"href":"https:\/\/casadecampoliving.com\/es\/wp-json\/wp\/v2\/tags?post=344340"},{"taxonomy":"newspack_spnsrs_tax","embeddable":true,"href":"https:\/\/casadecampoliving.com\/es\/wp-json\/wp\/v2\/newspack_spnsrs_tax?post=344340"}],"curies":[{"name":"wp","href":"https:\/\/api.w.org\/{rel}","templated":true}]}}