{"id":344267,"date":"2014-04-25T00:00:00","date_gmt":"2014-04-25T04:00:00","guid":{"rendered":"https:\/\/casadecampoliving.com\/el-hogar-del-nino-anuncia-casa-de-campo-corre\/"},"modified":"2022-10-21T18:55:05","modified_gmt":"2022-10-21T22:55:05","slug":"el-hogar-del-nino-anuncia-casa-de-campo-corre","status":"publish","type":"post","link":"https:\/\/casadecampoliving.com\/es\/el-hogar-del-nino-anuncia-casa-de-campo-corre\/","title":{"rendered":"El Hogar del Ni\u00f1o anuncia \u00abCasa de Campo Corre\u00bb"},"content":{"rendered":"<div class=\"wp-block-image\">\n<figure class=\"aligncenter is-resized\"><img loading=\"lazy\" decoding=\"async\" src=\"https:\/\/i0.wp.com\/casadecampoliving.com\/wp-content\/uploads\/2022\/10\/Casa-de-Campo-corre_hogar_del_nino.jpg?resize=650%2C464&amp;ssl=1\" alt=\"Casa de Campo corre Hogar del Nino\" class=\"wp-image-88824\" height=\"464\" width=\"650\"\/><\/figure>\n<\/div>\n\n\n<p>Buenas noticias para los que les gusta correr y que adem\u00e1s forman parte del grupo de personas generosas de Casa de Campo. El Hogar del Ni\u00f1o acaba de anunciar que est\u00e1 planeando su primera \u201ccarrera divertida\u201d \u2013 \u201cCasa de Campo Corre\u201d, programada para el s\u00e1bado 6 de diciembre.<\/p>\n\n\n\n<!--more-->\n\n\n<div class=\"wp-block-image\">\n<figure class=\"alignright is-resized\"><img loading=\"lazy\" decoding=\"async\" src=\"https:\/\/i0.wp.com\/casadecampoliving.com\/wp-content\/uploads\/2022\/10\/Casa-de-Campo-corre_hogar_del_nino1-205x300-2.jpg?resize=205%2C300&amp;ssl=1\" alt=\"Casa de Campo Corre Hogar del Nino\" class=\"wp-image-88825\" height=\"300\" width=\"205\"\/><\/figure>\n<\/div>\n\n\n<p>Esta es su oportunidad de salir de casa, ponerse en forma y apoyar una buena causa, Casa de Campo Corre tiene opciones para todas las edades y habilidades. Habr\u00e1n carreras de 5km, 10km y 21km, as\u00ed que si eres de aquellos que les gustan los retos grandes, esta es la oportunidad de correr tu primer medio marat\u00f3n (21km).<\/p>\n\n\n\n<p>La ruta a\u00fan no ha sido anunciada, pero lo que s\u00ed sabemos es que conducir\u00e1 a los corredores de Casa de Campo a trav\u00e9s del complejo tur\u00edstico, y por supuesto todos los fondos recaudados en este evento ser\u00e1n destinados al Hogar del Ni\u00f1o, el Centro Educativo-Guarder\u00eda m\u00e1s completo de la Rep\u00fablica Dominicana, el cual cuida m\u00e1s 1,500 ni\u00f1os diariamente.<\/p>\n\n\n\n<p>\u00a1Anota la fecha\u2026 y empieza a entrenar!<\/p>\n\n\n\n<blockquote class=\"wp-block-quote is-layout-flow wp-block-quote-is-layout-flow\"><p><strong>Casa de Campo Corre por el Hogar del Ni\u00f1o<\/strong><\/p><p><strong>Fecha:<\/strong> S\u00e1bado 6 de diciembre, 4pm<\/p><p><strong>Lugar:<\/strong> Casa de Campo, La Romana<\/p><p><strong>Contacto:<\/strong> info@pbo.org<\/p><\/blockquote>\n\n\n\n<blockquote><figure><img decoding=\"async\" loading=\"lazy\" class=\"alignright size-full wp-image-42063\" src=\"https:\/\/i0.wp.com\/casadecampoliving.com\/wp-content\/uploads\/2022\/10\/hogar_del_nino.jpg?resize=200%2C105&amp;ssl=1\" alt=\"hogar del nino\" width=\"200\" height=\"105\"><\/figure><p><span style=\"text-decoration: underline;\"><strong>Hogar del Ni\u00f1o<\/strong><\/span> <\/p><p>El Hogar del Ni\u00f1o es un centro educacional y de cuidado para m\u00e1s de 1,500 ni\u00f1os, ubicado en el pueblo de La Romana, justo a las afueras de Casa de Campo. Ni\u00f1os que van desde los pocas semanas de nacidos hasta los 18 a\u00f1os de edad, son cuidados y educados a diario desde las 5:30am las 7pm.<\/p><p>La organizaci\u00f3n tambi\u00e9n provee educaci\u00f3n especial para ni\u00f1os especiales que padecen de ceguera o con limitaciones auditivas, al igual que una escuela vocacional en la que m\u00e1s de 235 estudiantes reciben educaci\u00f3n en las distintas \u00e1reas como: costura, preparaci\u00f3n industrial, mantenimiento e instalaci\u00f3n el\u00e9ctrica; manejo de programas de c\u00f3mputos.<\/p><figure><img decoding=\"async\" loading=\"lazy\" class=\"aligncenter size-full wp-image-45354\" src=\"https:\/\/i0.wp.com\/casadecampoliving.com\/wp-content\/uploads\/2022\/10\/hogar_del_nino_la_romana.jpg?resize=550%2C299&amp;ssl=1\" alt=\"hogar del nino la romana\" width=\"550\" height=\"299\"><\/figure><p><strong><\/strong> <strong><strong>Contactos de Hogar del Ni\u00f1o en:<\/strong><br>\n<strong>Tel:<\/strong>&nbsp;<a href=\"tel:%28809%29%20523-8901\" target=\"_blank\" rel=\"noopener\">(809) 523-8901<\/a>&nbsp;o (809) 556-3181<br>\n<strong>Correo:<\/strong>&nbsp;<a href=\"mailto:info@pbo.org.do\" target=\"_blank\" rel=\"noopener\">info@pbo.org.do<\/a><br>\n<strong><br>\n<\/strong><\/strong><\/p><\/blockquote>\n","protected":false},"excerpt":{"rendered":"<p>Buenas noticias para los que les gusta correr y que adem\u00e1s forman parte del grupo de personas generosas de Casa de Campo. El Hogar del Ni\u00f1o acaba de anunciar que est\u00e1 planeando su primera \u201ccarrera divertida\u201d \u2013 \u201cCasa de Campo Corre\u201d, programada para el s\u00e1bado 6 de diciembre.<\/p>\n","protected":false},"author":1097,"featured_media":233852,"comment_status":"closed","ping_status":"closed","sticky":false,"template":"","format":"standard","meta":{"newspack_ads_suppress_ads":false,"newspack_popups_has_disabled_popups":false,"newspack_sponsor_sponsorship_scope":"","newspack_sponsor_native_byline_display":"inherit","newspack_sponsor_native_category_display":"inherit","newspack_sponsor_underwriter_style":"inherit","newspack_sponsor_underwriter_placement":"inherit","_newspack_byline_active":false,"_newspack_byline":"","newspack_hide_updated_date":false,"newspack_show_updated_date":false,"newspack_content_restriction_is_exempt":false,"newspack_featured_image_position":"","newspack_post_subtitle":"","newspack_article_summary_title":"Overview:","newspack_article_summary":"","_jetpack_memberships_contains_paid_content":false,"footnotes":"","jetpack_publicize_message":"","jetpack_publicize_feature_enabled":true,"jetpack_social_post_already_shared":false,"jetpack_social_options":{"image_generator_settings":{"template":"highway","default_image_id":0,"font":"","enabled":false},"version":2},"_wpas_customize_per_network":false},"categories":[26936,26951,2525,2524,14631,2522,2514,2516,14625,14627,2521,26822],"tags":[8094,9026,13827,6371,14876,18932],"newspack_spnsrs_tax":[],"class_list":["post-344267","post","type-post","status-publish","format-standard","has-post-thumbnail","hentry","category-casa-de-campo-living-es","category-ccl-presenta","category-golf-deportes-es","category-destacados","category-estilo-de-vida","category-eventos-es","category-fundaciones-es","category-hogar-del-nino-es","category-noticias-locales","category-proximamente","category-republica-dominicana-2","category-resort-casa-de-campo","tag-casa-de-campo-community-es","tag-casa-de-campo-corre-es","tag-casa-de-campo-living","tag-casa-de-campo-resort-es","tag-hogar-del-nino-es","tag-la-romana-es-4","entry"],"yoast_head":"<!-- This site is optimized with the Yoast SEO plugin v27.4 - https:\/\/yoast.com\/product\/yoast-seo-wordpress\/ -->\n<title>El Hogar del Ni\u00f1o anuncia &quot;Casa de Campo Corre&quot; | Casa de Campo Living<\/title>\n<meta name=\"description\" content=\"Buenas noticias para los que les gusta correr y que adem\u00e1s forman parte del grupo de personas generosas de Casa de Campo. El Hogar del Ni\u00f1o acaba de\" \/>\n<meta name=\"robots\" content=\"index, follow, max-snippet:-1, max-image-preview:large, max-video-preview:-1\" \/>\n<link rel=\"canonical\" href=\"https:\/\/casadecampoliving.com\/es\/el-hogar-del-nino-anuncia-casa-de-campo-corre\/\" \/>\n<meta property=\"og:locale\" content=\"es_ES\" \/>\n<meta property=\"og:type\" content=\"article\" \/>\n<meta property=\"og:title\" content=\"El Hogar del Ni\u00f1o anuncia &quot;Casa de Campo Corre&quot; | Casa de Campo Living\" \/>\n<meta property=\"og:description\" content=\"Buenas noticias para los que les gusta correr y que adem\u00e1s forman parte del grupo de personas generosas de Casa de Campo. El Hogar del Ni\u00f1o acaba de\" \/>\n<meta property=\"og:url\" content=\"https:\/\/casadecampoliving.com\/es\/el-hogar-del-nino-anuncia-casa-de-campo-corre\/\" \/>\n<meta property=\"og:site_name\" content=\"Casa de Campo Living\" \/>\n<meta property=\"article:publisher\" content=\"https:\/\/www.facebook.com\/casadecampoliving\" \/>\n<meta property=\"article:published_time\" content=\"2014-04-25T04:00:00+00:00\" \/>\n<meta property=\"article:modified_time\" content=\"2022-10-21T22:55:05+00:00\" \/>\n<meta property=\"og:image\" content=\"https:\/\/i0.wp.com\/casadecampoliving.com\/wp-content\/uploads\/2022\/10\/Casa-de-Campo-corre_hogar_del_nino-1.jpg?fit=650%2C464&ssl=1\" \/>\n\t<meta property=\"og:image:width\" content=\"650\" \/>\n\t<meta property=\"og:image:height\" content=\"464\" \/>\n\t<meta property=\"og:image:type\" content=\"image\/jpeg\" \/>\n<meta name=\"author\" content=\"Perkin Agramonte\" \/>\n<meta name=\"twitter:card\" content=\"summary_large_image\" \/>\n<meta name=\"twitter:creator\" content=\"@cdcliving\" \/>\n<meta name=\"twitter:site\" content=\"@cdcliving\" \/>\n<meta name=\"twitter:label1\" content=\"Escrito por\" \/>\n\t<meta name=\"twitter:data1\" content=\"Perkin Agramonte\" \/>\n\t<meta name=\"twitter:label2\" content=\"Tiempo de lectura\" \/>\n\t<meta name=\"twitter:data2\" content=\"2 minutos\" \/>\n<script type=\"application\/ld+json\" class=\"yoast-schema-graph\">{\"@context\":\"https:\\\/\\\/schema.org\",\"@graph\":[{\"@type\":\"Article\",\"@id\":\"https:\\\/\\\/casadecampoliving.com\\\/es\\\/el-hogar-del-nino-anuncia-casa-de-campo-corre\\\/#article\",\"isPartOf\":{\"@id\":\"https:\\\/\\\/casadecampoliving.com\\\/es\\\/el-hogar-del-nino-anuncia-casa-de-campo-corre\\\/\"},\"author\":{\"name\":\"Perkin Agramonte\",\"@id\":\"https:\\\/\\\/casadecampoliving.com\\\/es\\\/#\\\/schema\\\/person\\\/c8efa6049510554b7d5fea078d728f72\"},\"headline\":\"El Hogar del Ni\u00f1o anuncia \u00abCasa de Campo Corre\u00bb\",\"datePublished\":\"2014-04-25T04:00:00+00:00\",\"dateModified\":\"2022-10-21T22:55:05+00:00\",\"mainEntityOfPage\":{\"@id\":\"https:\\\/\\\/casadecampoliving.com\\\/es\\\/el-hogar-del-nino-anuncia-casa-de-campo-corre\\\/\"},\"wordCount\":361,\"publisher\":{\"@id\":\"https:\\\/\\\/casadecampoliving.com\\\/es\\\/#organization\"},\"image\":{\"@id\":\"https:\\\/\\\/casadecampoliving.com\\\/es\\\/el-hogar-del-nino-anuncia-casa-de-campo-corre\\\/#primaryimage\"},\"thumbnailUrl\":\"https:\\\/\\\/i0.wp.com\\\/casadecampoliving.com\\\/wp-content\\\/uploads\\\/2022\\\/10\\\/Casa-de-Campo-corre_hogar_del_nino-1.jpg?fit=650%2C464&ssl=1\",\"keywords\":[\"Casa de Campo Community @es\",\"Casa de Campo Corre @es\",\"Casa de Campo Living\",\"casa de campo resort @es\",\"hogar del nino\",\"La Romana\"],\"articleSection\":[\"Casa de Campo Living @es\",\"CCL presenta\",\"Deportes\",\"Destacados\",\"Estilo de Vida\",\"Eventos\",\"Fundaciones\",\"Hogar del Ni\u00f1o @es\",\"Noticias Locales\",\"Proximamente\",\"Rep\u00fablica Dominicana @es\",\"Resort Casa de Campo\"],\"inLanguage\":\"es\"},{\"@type\":\"WebPage\",\"@id\":\"https:\\\/\\\/casadecampoliving.com\\\/es\\\/el-hogar-del-nino-anuncia-casa-de-campo-corre\\\/\",\"url\":\"https:\\\/\\\/casadecampoliving.com\\\/es\\\/el-hogar-del-nino-anuncia-casa-de-campo-corre\\\/\",\"name\":\"El Hogar del Ni\u00f1o anuncia \\\"Casa de Campo Corre\\\" | Casa de Campo Living\",\"isPartOf\":{\"@id\":\"https:\\\/\\\/casadecampoliving.com\\\/es\\\/#website\"},\"primaryImageOfPage\":{\"@id\":\"https:\\\/\\\/casadecampoliving.com\\\/es\\\/el-hogar-del-nino-anuncia-casa-de-campo-corre\\\/#primaryimage\"},\"image\":{\"@id\":\"https:\\\/\\\/casadecampoliving.com\\\/es\\\/el-hogar-del-nino-anuncia-casa-de-campo-corre\\\/#primaryimage\"},\"thumbnailUrl\":\"https:\\\/\\\/i0.wp.com\\\/casadecampoliving.com\\\/wp-content\\\/uploads\\\/2022\\\/10\\\/Casa-de-Campo-corre_hogar_del_nino-1.jpg?fit=650%2C464&ssl=1\",\"datePublished\":\"2014-04-25T04:00:00+00:00\",\"dateModified\":\"2022-10-21T22:55:05+00:00\",\"description\":\"Buenas noticias para los que les gusta correr y que adem\u00e1s forman parte del grupo de personas generosas de Casa de Campo. El Hogar del Ni\u00f1o acaba de\",\"breadcrumb\":{\"@id\":\"https:\\\/\\\/casadecampoliving.com\\\/es\\\/el-hogar-del-nino-anuncia-casa-de-campo-corre\\\/#breadcrumb\"},\"inLanguage\":\"es\",\"potentialAction\":[{\"@type\":\"ReadAction\",\"target\":[\"https:\\\/\\\/casadecampoliving.com\\\/es\\\/el-hogar-del-nino-anuncia-casa-de-campo-corre\\\/\"]}]},{\"@type\":\"ImageObject\",\"inLanguage\":\"es\",\"@id\":\"https:\\\/\\\/casadecampoliving.com\\\/es\\\/el-hogar-del-nino-anuncia-casa-de-campo-corre\\\/#primaryimage\",\"url\":\"https:\\\/\\\/i0.wp.com\\\/casadecampoliving.com\\\/wp-content\\\/uploads\\\/2022\\\/10\\\/Casa-de-Campo-corre_hogar_del_nino-1.jpg?fit=650%2C464&ssl=1\",\"contentUrl\":\"https:\\\/\\\/i0.wp.com\\\/casadecampoliving.com\\\/wp-content\\\/uploads\\\/2022\\\/10\\\/Casa-de-Campo-corre_hogar_del_nino-1.jpg?fit=650%2C464&ssl=1\",\"width\":650,\"height\":464,\"caption\":\"Casa de Campo corre Hogar del Nino\"},{\"@type\":\"BreadcrumbList\",\"@id\":\"https:\\\/\\\/casadecampoliving.com\\\/es\\\/el-hogar-del-nino-anuncia-casa-de-campo-corre\\\/#breadcrumb\",\"itemListElement\":[{\"@type\":\"ListItem\",\"position\":1,\"name\":\"Home\",\"item\":\"https:\\\/\\\/casadecampoliving.com\\\/es\\\/\"},{\"@type\":\"ListItem\",\"position\":2,\"name\":\"El Hogar del Ni\u00f1o anuncia &#8220;Casa de Campo Corre&#8221;\"}]},{\"@type\":\"WebSite\",\"@id\":\"https:\\\/\\\/casadecampoliving.com\\\/es\\\/#website\",\"url\":\"https:\\\/\\\/casadecampoliving.com\\\/es\\\/\",\"name\":\"Casa de Campo Living\",\"description\":\"Resort community news and resources.\",\"publisher\":{\"@id\":\"https:\\\/\\\/casadecampoliving.com\\\/es\\\/#organization\"},\"potentialAction\":[{\"@type\":\"SearchAction\",\"target\":{\"@type\":\"EntryPoint\",\"urlTemplate\":\"https:\\\/\\\/casadecampoliving.com\\\/es\\\/?s={search_term_string}\"},\"query-input\":{\"@type\":\"PropertyValueSpecification\",\"valueRequired\":true,\"valueName\":\"search_term_string\"}}],\"inLanguage\":\"es\"},{\"@type\":\"Organization\",\"@id\":\"https:\\\/\\\/casadecampoliving.com\\\/es\\\/#organization\",\"name\":\"Casa de Campo Living\",\"url\":\"https:\\\/\\\/casadecampoliving.com\\\/es\\\/\",\"logo\":{\"@type\":\"ImageObject\",\"inLanguage\":\"es\",\"@id\":\"https:\\\/\\\/casadecampoliving.com\\\/es\\\/#\\\/schema\\\/logo\\\/image\\\/\",\"url\":\"https:\\\/\\\/i0.wp.com\\\/casadecampoliving.com\\\/wp-content\\\/uploads\\\/2022\\\/07\\\/CDCLivingLogo_V1-white-sized.png?fit=800%2C214&ssl=1\",\"contentUrl\":\"https:\\\/\\\/i0.wp.com\\\/casadecampoliving.com\\\/wp-content\\\/uploads\\\/2022\\\/07\\\/CDCLivingLogo_V1-white-sized.png?fit=800%2C214&ssl=1\",\"width\":800,\"height\":214,\"caption\":\"Casa de Campo Living\"},\"image\":{\"@id\":\"https:\\\/\\\/casadecampoliving.com\\\/es\\\/#\\\/schema\\\/logo\\\/image\\\/\"},\"sameAs\":[\"https:\\\/\\\/www.facebook.com\\\/casadecampoliving\",\"https:\\\/\\\/x.com\\\/cdcliving\"]},{\"@type\":\"Person\",\"@id\":\"https:\\\/\\\/casadecampoliving.com\\\/es\\\/#\\\/schema\\\/person\\\/c8efa6049510554b7d5fea078d728f72\",\"name\":\"Perkin Agramonte\",\"image\":{\"@type\":\"ImageObject\",\"inLanguage\":\"es\",\"@id\":\"https:\\\/\\\/secure.gravatar.com\\\/avatar\\\/57bfdafcae55fb83dbb79a1585a9eab7f269b7720fb0b64cb9a4e0cd2962fa10?s=96&d=mm&r=g\",\"url\":\"https:\\\/\\\/secure.gravatar.com\\\/avatar\\\/57bfdafcae55fb83dbb79a1585a9eab7f269b7720fb0b64cb9a4e0cd2962fa10?s=96&d=mm&r=g\",\"contentUrl\":\"https:\\\/\\\/secure.gravatar.com\\\/avatar\\\/57bfdafcae55fb83dbb79a1585a9eab7f269b7720fb0b64cb9a4e0cd2962fa10?s=96&d=mm&r=g\",\"caption\":\"Perkin Agramonte\"},\"url\":\"https:\\\/\\\/casadecampoliving.com\\\/es\\\/author\\\/cagramonte\\\/\"}]}<\/script>\n<!-- \/ Yoast SEO plugin. -->","yoast_head_json":{"title":"El Hogar del Ni\u00f1o anuncia \"Casa de Campo Corre\" | Casa de Campo Living","description":"Buenas noticias para los que les gusta correr y que adem\u00e1s forman parte del grupo de personas generosas de Casa de Campo. El Hogar del Ni\u00f1o acaba de","robots":{"index":"index","follow":"follow","max-snippet":"max-snippet:-1","max-image-preview":"max-image-preview:large","max-video-preview":"max-video-preview:-1"},"canonical":"https:\/\/casadecampoliving.com\/es\/el-hogar-del-nino-anuncia-casa-de-campo-corre\/","og_locale":"es_ES","og_type":"article","og_title":"El Hogar del Ni\u00f1o anuncia \"Casa de Campo Corre\" | Casa de Campo Living","og_description":"Buenas noticias para los que les gusta correr y que adem\u00e1s forman parte del grupo de personas generosas de Casa de Campo. El Hogar del Ni\u00f1o acaba de","og_url":"https:\/\/casadecampoliving.com\/es\/el-hogar-del-nino-anuncia-casa-de-campo-corre\/","og_site_name":"Casa de Campo Living","article_publisher":"https:\/\/www.facebook.com\/casadecampoliving","article_published_time":"2014-04-25T04:00:00+00:00","article_modified_time":"2022-10-21T22:55:05+00:00","og_image":[{"width":650,"height":464,"url":"https:\/\/i0.wp.com\/casadecampoliving.com\/wp-content\/uploads\/2022\/10\/Casa-de-Campo-corre_hogar_del_nino-1.jpg?fit=650%2C464&ssl=1","type":"image\/jpeg"}],"author":"Perkin Agramonte","twitter_card":"summary_large_image","twitter_creator":"@cdcliving","twitter_site":"@cdcliving","twitter_misc":{"Escrito por":"Perkin Agramonte","Tiempo de lectura":"2 minutos"},"schema":{"@context":"https:\/\/schema.org","@graph":[{"@type":"Article","@id":"https:\/\/casadecampoliving.com\/es\/el-hogar-del-nino-anuncia-casa-de-campo-corre\/#article","isPartOf":{"@id":"https:\/\/casadecampoliving.com\/es\/el-hogar-del-nino-anuncia-casa-de-campo-corre\/"},"author":{"name":"Perkin Agramonte","@id":"https:\/\/casadecampoliving.com\/es\/#\/schema\/person\/c8efa6049510554b7d5fea078d728f72"},"headline":"El Hogar del Ni\u00f1o anuncia \u00abCasa de Campo Corre\u00bb","datePublished":"2014-04-25T04:00:00+00:00","dateModified":"2022-10-21T22:55:05+00:00","mainEntityOfPage":{"@id":"https:\/\/casadecampoliving.com\/es\/el-hogar-del-nino-anuncia-casa-de-campo-corre\/"},"wordCount":361,"publisher":{"@id":"https:\/\/casadecampoliving.com\/es\/#organization"},"image":{"@id":"https:\/\/casadecampoliving.com\/es\/el-hogar-del-nino-anuncia-casa-de-campo-corre\/#primaryimage"},"thumbnailUrl":"https:\/\/i0.wp.com\/casadecampoliving.com\/wp-content\/uploads\/2022\/10\/Casa-de-Campo-corre_hogar_del_nino-1.jpg?fit=650%2C464&ssl=1","keywords":["Casa de Campo Community @es","Casa de Campo Corre @es","Casa de Campo Living","casa de campo resort @es","hogar del nino","La Romana"],"articleSection":["Casa de Campo Living @es","CCL presenta","Deportes","Destacados","Estilo de Vida","Eventos","Fundaciones","Hogar del Ni\u00f1o @es","Noticias Locales","Proximamente","Rep\u00fablica Dominicana @es","Resort Casa de Campo"],"inLanguage":"es"},{"@type":"WebPage","@id":"https:\/\/casadecampoliving.com\/es\/el-hogar-del-nino-anuncia-casa-de-campo-corre\/","url":"https:\/\/casadecampoliving.com\/es\/el-hogar-del-nino-anuncia-casa-de-campo-corre\/","name":"El Hogar del Ni\u00f1o anuncia \"Casa de Campo Corre\" | Casa de Campo Living","isPartOf":{"@id":"https:\/\/casadecampoliving.com\/es\/#website"},"primaryImageOfPage":{"@id":"https:\/\/casadecampoliving.com\/es\/el-hogar-del-nino-anuncia-casa-de-campo-corre\/#primaryimage"},"image":{"@id":"https:\/\/casadecampoliving.com\/es\/el-hogar-del-nino-anuncia-casa-de-campo-corre\/#primaryimage"},"thumbnailUrl":"https:\/\/i0.wp.com\/casadecampoliving.com\/wp-content\/uploads\/2022\/10\/Casa-de-Campo-corre_hogar_del_nino-1.jpg?fit=650%2C464&ssl=1","datePublished":"2014-04-25T04:00:00+00:00","dateModified":"2022-10-21T22:55:05+00:00","description":"Buenas noticias para los que les gusta correr y que adem\u00e1s forman parte del grupo de personas generosas de Casa de Campo. El Hogar del Ni\u00f1o acaba de","breadcrumb":{"@id":"https:\/\/casadecampoliving.com\/es\/el-hogar-del-nino-anuncia-casa-de-campo-corre\/#breadcrumb"},"inLanguage":"es","potentialAction":[{"@type":"ReadAction","target":["https:\/\/casadecampoliving.com\/es\/el-hogar-del-nino-anuncia-casa-de-campo-corre\/"]}]},{"@type":"ImageObject","inLanguage":"es","@id":"https:\/\/casadecampoliving.com\/es\/el-hogar-del-nino-anuncia-casa-de-campo-corre\/#primaryimage","url":"https:\/\/i0.wp.com\/casadecampoliving.com\/wp-content\/uploads\/2022\/10\/Casa-de-Campo-corre_hogar_del_nino-1.jpg?fit=650%2C464&ssl=1","contentUrl":"https:\/\/i0.wp.com\/casadecampoliving.com\/wp-content\/uploads\/2022\/10\/Casa-de-Campo-corre_hogar_del_nino-1.jpg?fit=650%2C464&ssl=1","width":650,"height":464,"caption":"Casa de Campo corre Hogar del Nino"},{"@type":"BreadcrumbList","@id":"https:\/\/casadecampoliving.com\/es\/el-hogar-del-nino-anuncia-casa-de-campo-corre\/#breadcrumb","itemListElement":[{"@type":"ListItem","position":1,"name":"Home","item":"https:\/\/casadecampoliving.com\/es\/"},{"@type":"ListItem","position":2,"name":"El Hogar del Ni\u00f1o anuncia &#8220;Casa de Campo Corre&#8221;"}]},{"@type":"WebSite","@id":"https:\/\/casadecampoliving.com\/es\/#website","url":"https:\/\/casadecampoliving.com\/es\/","name":"Casa de Campo Living","description":"Resort community news and resources.","publisher":{"@id":"https:\/\/casadecampoliving.com\/es\/#organization"},"potentialAction":[{"@type":"SearchAction","target":{"@type":"EntryPoint","urlTemplate":"https:\/\/casadecampoliving.com\/es\/?s={search_term_string}"},"query-input":{"@type":"PropertyValueSpecification","valueRequired":true,"valueName":"search_term_string"}}],"inLanguage":"es"},{"@type":"Organization","@id":"https:\/\/casadecampoliving.com\/es\/#organization","name":"Casa de Campo Living","url":"https:\/\/casadecampoliving.com\/es\/","logo":{"@type":"ImageObject","inLanguage":"es","@id":"https:\/\/casadecampoliving.com\/es\/#\/schema\/logo\/image\/","url":"https:\/\/i0.wp.com\/casadecampoliving.com\/wp-content\/uploads\/2022\/07\/CDCLivingLogo_V1-white-sized.png?fit=800%2C214&ssl=1","contentUrl":"https:\/\/i0.wp.com\/casadecampoliving.com\/wp-content\/uploads\/2022\/07\/CDCLivingLogo_V1-white-sized.png?fit=800%2C214&ssl=1","width":800,"height":214,"caption":"Casa de Campo Living"},"image":{"@id":"https:\/\/casadecampoliving.com\/es\/#\/schema\/logo\/image\/"},"sameAs":["https:\/\/www.facebook.com\/casadecampoliving","https:\/\/x.com\/cdcliving"]},{"@type":"Person","@id":"https:\/\/casadecampoliving.com\/es\/#\/schema\/person\/c8efa6049510554b7d5fea078d728f72","name":"Perkin Agramonte","image":{"@type":"ImageObject","inLanguage":"es","@id":"https:\/\/secure.gravatar.com\/avatar\/57bfdafcae55fb83dbb79a1585a9eab7f269b7720fb0b64cb9a4e0cd2962fa10?s=96&d=mm&r=g","url":"https:\/\/secure.gravatar.com\/avatar\/57bfdafcae55fb83dbb79a1585a9eab7f269b7720fb0b64cb9a4e0cd2962fa10?s=96&d=mm&r=g","contentUrl":"https:\/\/secure.gravatar.com\/avatar\/57bfdafcae55fb83dbb79a1585a9eab7f269b7720fb0b64cb9a4e0cd2962fa10?s=96&d=mm&r=g","caption":"Perkin Agramonte"},"url":"https:\/\/casadecampoliving.com\/es\/author\/cagramonte\/"}]}},"parsely":{"version":"1.1.0","canonical_url":"https:\/\/casadecampoliving.com\/es\/el-hogar-del-nino-anuncia-casa-de-campo-corre\/","smart_links":{"inbound":0,"outbound":0},"traffic_boost_suggestions_count":0,"meta":{"@context":"https:\/\/schema.org","@type":"NewsArticle","headline":"El Hogar del Ni\u00f1o anuncia \u00abCasa de Campo Corre\u00bb","url":"http:\/\/casadecampoliving.com\/es\/el-hogar-del-nino-anuncia-casa-de-campo-corre\/","mainEntityOfPage":{"@type":"WebPage","@id":"http:\/\/casadecampoliving.com\/es\/el-hogar-del-nino-anuncia-casa-de-campo-corre\/"},"thumbnailUrl":"https:\/\/i0.wp.com\/casadecampoliving.com\/wp-content\/uploads\/2022\/10\/Casa-de-Campo-corre_hogar_del_nino-1.jpg?resize=150%2C150&ssl=1","image":{"@type":"ImageObject","url":"https:\/\/i0.wp.com\/casadecampoliving.com\/wp-content\/uploads\/2022\/10\/Casa-de-Campo-corre_hogar_del_nino-1.jpg?fit=650%2C464&ssl=1"},"articleSection":"CCL presenta","author":[{"@type":"Person","name":"Perkin Agramonte"}],"creator":["Perkin Agramonte"],"publisher":{"@type":"Organization","name":"Casa de Campo Living","logo":"https:\/\/casadecampoliving.com\/wp-content\/uploads\/2022\/07\/CDCLivingLogo_V1-white-sized.png"},"keywords":["casa de campo community @es","casa de campo corre @es","casa de campo living","casa de campo resort @es","hogar del nino","la romana"],"dateCreated":"2014-04-25T04:00:00Z","datePublished":"2014-04-25T04:00:00Z","dateModified":"2022-10-21T22:55:05Z"},"rendered":"<script type=\"application\/ld+json\" class=\"wp-parsely-metadata\">{\"@context\":\"https:\\\/\\\/schema.org\",\"@type\":\"NewsArticle\",\"headline\":\"El Hogar del Ni\\u00f1o anuncia \\u00abCasa de Campo Corre\\u00bb\",\"url\":\"http:\\\/\\\/casadecampoliving.com\\\/es\\\/el-hogar-del-nino-anuncia-casa-de-campo-corre\\\/\",\"mainEntityOfPage\":{\"@type\":\"WebPage\",\"@id\":\"http:\\\/\\\/casadecampoliving.com\\\/es\\\/el-hogar-del-nino-anuncia-casa-de-campo-corre\\\/\"},\"thumbnailUrl\":\"https:\\\/\\\/i0.wp.com\\\/casadecampoliving.com\\\/wp-content\\\/uploads\\\/2022\\\/10\\\/Casa-de-Campo-corre_hogar_del_nino-1.jpg?resize=150%2C150&ssl=1\",\"image\":{\"@type\":\"ImageObject\",\"url\":\"https:\\\/\\\/i0.wp.com\\\/casadecampoliving.com\\\/wp-content\\\/uploads\\\/2022\\\/10\\\/Casa-de-Campo-corre_hogar_del_nino-1.jpg?fit=650%2C464&ssl=1\"},\"articleSection\":\"CCL presenta\",\"author\":[{\"@type\":\"Person\",\"name\":\"Perkin Agramonte\"}],\"creator\":[\"Perkin Agramonte\"],\"publisher\":{\"@type\":\"Organization\",\"name\":\"Casa de Campo Living\",\"logo\":\"https:\\\/\\\/casadecampoliving.com\\\/wp-content\\\/uploads\\\/2022\\\/07\\\/CDCLivingLogo_V1-white-sized.png\"},\"keywords\":[\"casa de campo community @es\",\"casa de campo corre @es\",\"casa de campo living\",\"casa de campo resort @es\",\"hogar del nino\",\"la romana\"],\"dateCreated\":\"2014-04-25T04:00:00Z\",\"datePublished\":\"2014-04-25T04:00:00Z\",\"dateModified\":\"2022-10-21T22:55:05Z\"}<\/script>","tracker_url":"https:\/\/cdn.parsely.com\/keys\/casadecampoliving.com\/p.js"},"jetpack_publicize_connections":[],"jetpack_featured_media_url":"https:\/\/i0.wp.com\/casadecampoliving.com\/wp-content\/uploads\/2022\/10\/Casa-de-Campo-corre_hogar_del_nino-1.jpg?fit=650%2C464&ssl=1","jetpack-related-posts":[{"id":345882,"url":"https:\/\/casadecampoliving.com\/es\/participantes-del-casa-de-campo-corre-reciben-un-30-de-descuento-en-el-gym\/","url_meta":{"origin":344267,"position":0},"title":"\u00a1Participantes del Casa de Campo Corre reciben un 30% de descuento en el gym!","author":"Daniela Medina","date":"4 Nov, 2014","format":false,"excerpt":"\u00bfYa se inscribi\u00f3 para el marat\u00f3n \u201cCasa de Campo Corre por el Hogar del Ni\u00f1o\u201d el 6 de diciembre? Bueno, pues corra a inscribirse, porque el gimnasio Casa de Campo est\u00e1 dispuesto a \u00a1AYUDARLE A ENTRENAR! El gimnasio de Casa de Campo no s\u00f3lo est\u00e1 listo y esperando para ayudarle\u2026","rel":"","context":"En \u00abCasa de Campo Living @es\u00bb","block_context":{"text":"Casa de Campo Living @es","link":"https:\/\/casadecampoliving.com\/category\/casa-de-campo-living-es\/"},"img":{"alt_text":"","src":"https:\/\/i0.wp.com\/casadecampoliving.com\/wp-content\/uploads\/2022\/10\/gym-1.jpg?fit=800%2C536&ssl=1&resize=350%2C200","width":350,"height":200,"srcset":"https:\/\/i0.wp.com\/casadecampoliving.com\/wp-content\/uploads\/2022\/10\/gym-1.jpg?fit=800%2C536&ssl=1&resize=350%2C200 1x, https:\/\/i0.wp.com\/casadecampoliving.com\/wp-content\/uploads\/2022\/10\/gym-1.jpg?fit=800%2C536&ssl=1&resize=525%2C300 1.5x, https:\/\/i0.wp.com\/casadecampoliving.com\/wp-content\/uploads\/2022\/10\/gym-1.jpg?fit=800%2C536&ssl=1&resize=700%2C400 2x"},"classes":[]},{"id":347888,"url":"https:\/\/casadecampoliving.com\/es\/2do-casa-de-campo-corre-incluira-maraton-completo\/","url_meta":{"origin":344267,"position":1},"title":"2do Casa de Campo Corre &#8211; incluir\u00e1 marat\u00f3n COMPLETO","author":"Rebecca Silvestri","date":"26 Jul, 2015","format":false,"excerpt":"\u00a1Reserve la fecha! Debido al gran \u00e9xito\u00a0del 1er Marat\u00f3n Casa de Campo Corre anual, el Hogarl del Ni\u00f1o est\u00e1 organizando su\u00a0segunda edici\u00f3n \u2013 \u00a1y este a\u00f1o incluir\u00e1n una ruta de marat\u00f3n COMPLETA! El 2do Casa de Campo Corre anual por el Hogar del Ni\u00f1o se llevar\u00e1 a cabo el s\u00e1bado\u2026","rel":"","context":"En \u00abCasa de Campo Living @es\u00bb","block_context":{"text":"Casa de Campo Living @es","link":"https:\/\/casadecampoliving.com\/category\/casa-de-campo-living-es\/"},"img":{"alt_text":"Casa de Campo Corre","src":"https:\/\/i0.wp.com\/casadecampoliving.com\/wp-content\/uploads\/2022\/10\/Casa_de_Campo_Corre1-1.jpg?fit=650%2C488&ssl=1&resize=350%2C200","width":350,"height":200,"srcset":"https:\/\/i0.wp.com\/casadecampoliving.com\/wp-content\/uploads\/2022\/10\/Casa_de_Campo_Corre1-1.jpg?fit=650%2C488&ssl=1&resize=350%2C200 1x, https:\/\/i0.wp.com\/casadecampoliving.com\/wp-content\/uploads\/2022\/10\/Casa_de_Campo_Corre1-1.jpg?fit=650%2C488&ssl=1&resize=525%2C300 1.5x"},"classes":[]},{"id":348626,"url":"https:\/\/casadecampoliving.com\/es\/recordatorio-del-maraton-hogar-del-nino\/","url_meta":{"origin":344267,"position":2},"title":"Recordatorio del Marat\u00f3n Hogar del Ni\u00f1o","author":"Perkin Agramonte","date":"18 Nov, 2015","format":false,"excerpt":"\u00a1Solo faltan 11 d\u00edas! Amigos de la comunidad de Casa de Campo no queremos alarmalos pero si aun no tiene sus zapatillas deportivas listas y no se ha registrado para el Marat\u00f3n Casa de Campo Corre, su momento es ahora. El 2do Casa de Campo Corre por el Hogar del\u2026","rel":"","context":"En \u00abCasa de Campo Living @es\u00bb","block_context":{"text":"Casa de Campo Living @es","link":"https:\/\/casadecampoliving.com\/category\/casa-de-campo-living-es\/"},"img":{"alt_text":"","src":"https:\/\/i0.wp.com\/casadecampoliving.com\/wp-content\/uploads\/2022\/10\/Casa_de_Campo_Corre-1.png?fit=595%2C438&ssl=1&resize=350%2C200","width":350,"height":200,"srcset":"https:\/\/i0.wp.com\/casadecampoliving.com\/wp-content\/uploads\/2022\/10\/Casa_de_Campo_Corre-1.png?fit=595%2C438&ssl=1&resize=350%2C200 1x, https:\/\/i0.wp.com\/casadecampoliving.com\/wp-content\/uploads\/2022\/10\/Casa_de_Campo_Corre-1.png?fit=595%2C438&ssl=1&resize=525%2C300 1.5x"},"classes":[]},{"id":346172,"url":"https:\/\/casadecampoliving.com\/es\/fiesta-de-pasta-del-casa-de-campo-corre\/","url_meta":{"origin":344267,"position":3},"title":"Fiesta de Pasta del Casa de Campo Corre","author":"Maria Isabel B\u00e1ez","date":"4 Dic, 2014","format":false,"excerpt":"\u00a1Esta es su \u00faltima oportunidad para inscribirse en el Casa de Campo Corre! \u00a1Este S\u00e1bado 6 de diciembre se trata de correr por una buena causa! El Casa de Campo Corre, el primer marat\u00f3n oficial que tomar\u00e1 lugar dentro del resort Casa de Campo ir\u00e1 alrededor de Casa de Campo\u2026","rel":"","context":"En \u00abCasa de Campo Living @es\u00bb","block_context":{"text":"Casa de Campo Living @es","link":"https:\/\/casadecampoliving.com\/category\/casa-de-campo-living-es\/"},"img":{"alt_text":"","src":"https:\/\/i0.wp.com\/casadecampoliving.com\/wp-content\/uploads\/2022\/10\/Pasta-Party-Def-01-1.jpg?fit=1200%2C1200&ssl=1&resize=350%2C200","width":350,"height":200,"srcset":"https:\/\/i0.wp.com\/casadecampoliving.com\/wp-content\/uploads\/2022\/10\/Pasta-Party-Def-01-1.jpg?fit=1200%2C1200&ssl=1&resize=350%2C200 1x, https:\/\/i0.wp.com\/casadecampoliving.com\/wp-content\/uploads\/2022\/10\/Pasta-Party-Def-01-1.jpg?fit=1200%2C1200&ssl=1&resize=525%2C300 1.5x, https:\/\/i0.wp.com\/casadecampoliving.com\/wp-content\/uploads\/2022\/10\/Pasta-Party-Def-01-1.jpg?fit=1200%2C1200&ssl=1&resize=700%2C400 2x, https:\/\/i0.wp.com\/casadecampoliving.com\/wp-content\/uploads\/2022\/10\/Pasta-Party-Def-01-1.jpg?fit=1200%2C1200&ssl=1&resize=1050%2C600 3x"},"classes":[]},{"id":345754,"url":"https:\/\/casadecampoliving.com\/es\/nashla-bogaert-participara-en-la-maraton-casa-de-campo-corre\/","url_meta":{"origin":344267,"position":4},"title":"Nashla Bogaert participar\u00e1 en la marat\u00f3n Casa de Campo Corre","author":"Maria Isabel B\u00e1ez","date":"21 Oct, 2014","format":false,"excerpt":"El Hogar del Ni\u00f1o est\u00e1 preparando uno de los eventos deportivos m\u00e1s importantes e impresionantes del a\u00f1o para la comunidad de Casa de Campo. \u00a1Disculpen! No s\u00f3lo para nosotros, pero para todo el pa\u00eds en general\u2026 Unas muy buenas noticias para este marat\u00f3n Casa de Campo Corre es que la\u2026","rel":"","context":"En \u00abCasa de Campo Living @es\u00bb","block_context":{"text":"Casa de Campo Living @es","link":"https:\/\/casadecampoliving.com\/category\/casa-de-campo-living-es\/"},"img":{"alt_text":"","src":"https:\/\/i0.wp.com\/casadecampoliving.com\/wp-content\/uploads\/2022\/10\/Casa-de-Campo-Corre-1-1.png?fit=646%2C450&ssl=1&resize=350%2C200","width":350,"height":200,"srcset":"https:\/\/i0.wp.com\/casadecampoliving.com\/wp-content\/uploads\/2022\/10\/Casa-de-Campo-Corre-1-1.png?fit=646%2C450&ssl=1&resize=350%2C200 1x, https:\/\/i0.wp.com\/casadecampoliving.com\/wp-content\/uploads\/2022\/10\/Casa-de-Campo-Corre-1-1.png?fit=646%2C450&ssl=1&resize=525%2C300 1.5x"},"classes":[]},{"id":345894,"url":"https:\/\/casadecampoliving.com\/es\/casa-de-campo-corre-rutas-oficiales\/","url_meta":{"origin":344267,"position":5},"title":"Casa de Campo Corre &#8211; rutas oficiales","author":"Maria Isabel B\u00e1ez","date":"7 Nov, 2014","format":false,"excerpt":"\u00bfVa a correr en el marat\u00f3n Casa de Campo Corre? Bueno, si lo har\u00e1\u2026 o si est\u00e1 pensando hacerlo, aqu\u00ed le traemos el mapa con las rutas oficiales. El \u00a0marat\u00f3n Casa de Campo Corre por Hogar del Ni\u00f1o ser\u00e1 en los alrededores del complejo tur\u00edstico Casa de Campo el s\u00e1bado\u2026","rel":"","context":"En \u00abCasa de Campo Living @es\u00bb","block_context":{"text":"Casa de Campo Living @es","link":"https:\/\/casadecampoliving.com\/category\/casa-de-campo-living-es\/"},"img":{"alt_text":"","src":"https:\/\/i0.wp.com\/casadecampoliving.com\/wp-content\/uploads\/2022\/10\/Casa-de-Campo-corre_hogar_del_nino-3.jpg?fit=650%2C464&ssl=1&resize=350%2C200","width":350,"height":200,"srcset":"https:\/\/i0.wp.com\/casadecampoliving.com\/wp-content\/uploads\/2022\/10\/Casa-de-Campo-corre_hogar_del_nino-3.jpg?fit=650%2C464&ssl=1&resize=350%2C200 1x, https:\/\/i0.wp.com\/casadecampoliving.com\/wp-content\/uploads\/2022\/10\/Casa-de-Campo-corre_hogar_del_nino-3.jpg?fit=650%2C464&ssl=1&resize=525%2C300 1.5x"},"classes":[]}],"jetpack_sharing_enabled":true,"_links":{"self":[{"href":"https:\/\/casadecampoliving.com\/es\/wp-json\/wp\/v2\/posts\/344267","targetHints":{"allow":["GET"]}}],"collection":[{"href":"https:\/\/casadecampoliving.com\/es\/wp-json\/wp\/v2\/posts"}],"about":[{"href":"https:\/\/casadecampoliving.com\/es\/wp-json\/wp\/v2\/types\/post"}],"author":[{"embeddable":true,"href":"https:\/\/casadecampoliving.com\/es\/wp-json\/wp\/v2\/users\/1097"}],"replies":[{"embeddable":true,"href":"https:\/\/casadecampoliving.com\/es\/wp-json\/wp\/v2\/comments?post=344267"}],"version-history":[{"count":1,"href":"https:\/\/casadecampoliving.com\/es\/wp-json\/wp\/v2\/posts\/344267\/revisions"}],"predecessor-version":[{"id":344268,"href":"https:\/\/casadecampoliving.com\/es\/wp-json\/wp\/v2\/posts\/344267\/revisions\/344268"}],"wp:featuredmedia":[{"embeddable":true,"href":"https:\/\/casadecampoliving.com\/es\/wp-json\/wp\/v2\/media\/233852"}],"wp:attachment":[{"href":"https:\/\/casadecampoliving.com\/es\/wp-json\/wp\/v2\/media?parent=344267"}],"wp:term":[{"taxonomy":"category","embeddable":true,"href":"https:\/\/casadecampoliving.com\/es\/wp-json\/wp\/v2\/categories?post=344267"},{"taxonomy":"post_tag","embeddable":true,"href":"https:\/\/casadecampoliving.com\/es\/wp-json\/wp\/v2\/tags?post=344267"},{"taxonomy":"newspack_spnsrs_tax","embeddable":true,"href":"https:\/\/casadecampoliving.com\/es\/wp-json\/wp\/v2\/newspack_spnsrs_tax?post=344267"}],"curies":[{"name":"wp","href":"https:\/\/api.w.org\/{rel}","templated":true}]}}