{"id":344257,"date":"2014-04-25T00:00:00","date_gmt":"2014-04-25T04:00:00","guid":{"rendered":"https:\/\/casadecampoliving.com\/marc-anthony-video-detras-de-camara-en-casa-de-campo\/"},"modified":"2022-10-21T18:54:40","modified_gmt":"2022-10-21T22:54:40","slug":"marc-anthony-video-detras-de-camara-en-casa-de-campo","status":"publish","type":"post","link":"https:\/\/casadecampoliving.com\/es\/marc-anthony-video-detras-de-camara-en-casa-de-campo\/","title":{"rendered":"Marc Anthony &#8211; video detr\u00e1s de c\u00e1mara en Casa de Campo"},"content":{"rendered":"<div class=\"wp-block-image\">\n<figure class=\"aligncenter is-resized\"><img loading=\"lazy\" decoding=\"async\" src=\"https:\/\/i0.wp.com\/casadecampoliving.com\/wp-content\/uploads\/2022\/10\/marc_anthony_casa_de_campo.jpg?resize=650%2C361&amp;ssl=1\" alt=\"Marc Anthony Casa de Campo\" class=\"wp-image-88791\" height=\"361\" width=\"650\"\/><\/figure>\n<\/div>\n\n\n<p>Marc Anthony, quien anoche fue nombrado \u201cArtista del A\u00f1o\u201d por los Premios Billboard, escogi\u00f3 a Casa de Campo para su m\u00e1s reciente sesi\u00f3n de fotos.<\/p>\n\n\n\n<!--more-->\n\n\n<div class=\"wp-block-image\">\n<figure class=\"alignright is-resized\"><img loading=\"lazy\" decoding=\"async\" src=\"https:\/\/i0.wp.com\/casadecampoliving.com\/wp-content\/uploads\/2022\/10\/billboard_marc_anthony.jpg?resize=300%2C300&amp;ssl=1\" alt=\"Billboard Marc Anthony\" class=\"wp-image-88845\" height=\"300\" width=\"300\"\/><\/figure>\n<\/div>\n\n\n<p>Como nominado a los Premios Billboard de M\u00fasica Latina, la revista Billboard le realiz\u00f3 una sesi\u00f3n de fotos al apuesto Marc Anthony aqu\u00ed en Casa de Campo, y anoche el salsero se qued\u00f3 con un total de 6 premios; Latin Pop song del a\u00f1o \u201cVivir mi Vida\u201d, Canci\u00f3n Tropical del a\u00f1o \u201cVivir mi Vida\u201d, Album Tropical del a\u00f1o 3.0, Top Latin Album Artista del A\u00f1o Masculino, Tropical Album Artista Solista del a\u00f1o y Artista del A\u00f1o.<\/p>\n\n\n\n<p>\u00a1Felicidades a Marc Anthony! As\u00ed que para celebrar aqu\u00ed le traemos las fotos y el video detr\u00e1s de c\u00e1mara de la sesi\u00f3n de fotos que se realiz\u00f3 el cantante Marc Anthony en Casa de Campo.<\/p>\n\n\n<div class=\"wp-block-image\">\n<figure class=\"aligncenter is-resized\"><img loading=\"lazy\" decoding=\"async\" src=\"https:\/\/i0.wp.com\/casadecampoliving.com\/wp-content\/uploads\/2022\/10\/marc_anthony_casa_de_campo1.jpg?resize=650%2C365&amp;ssl=1\" alt=\"Marc Anthony Casa de Campo\" class=\"wp-image-88793\" height=\"365\" width=\"650\"\/><\/figure>\n<\/div>\n\n<div class=\"wp-block-image\">\n<figure class=\"alignright is-resized\"><img loading=\"lazy\" decoding=\"async\" src=\"https:\/\/i0.wp.com\/casadecampoliving.com\/wp-content\/uploads\/2022\/10\/marc_anthony_casa_de_campo3.jpg?resize=300%2C261&amp;ssl=1\" alt=\"Marc Anthony Casa de Campo\" class=\"wp-image-88795\" height=\"261\" width=\"300\"\/><\/figure>\n<\/div>\n\n\n<p>No cabe duda que al cantante de salsa puertorrique\u00f1o Marc Anthony le encanta Casa de Campo, as\u00ed que no pudo escoger otro lugar para su m\u00e1s reciente sesi\u00f3n de fotos para la revista Billboard, una revista de m\u00fasica americana fundada en 1894.<\/p>\n\n\n\n<p>En el video podr\u00e1 ver a Marc Anthony riendo y bromeando con el equipo, y posando para la c\u00e1mara fumando y tomando cerveza Presidente en una villa privada en Casa de Campo. Dicha villa es \u00fanica rodeada de \u00e1rboles y exoticos arbustos arbustos tipicos en Casa de Campo \u2013 lo que la convierte en un escondite y el escape perfecto para la popular estrella latinoamericana de la salsa.<\/p>\n\n\n\n<h3 class=\"wp-block-heading\"><a href=\"http:\/\/www.billboard.com\/video\/marc-anthony-behind-the-scenes-photo-shoot-6062756\" target=\"_blank\" rel=\"noopener\">\u00a1Haga clic aqu\u00ed para ver el video!<\/a><\/h3>\n\n\n<div class=\"wp-block-image\">\n<figure class=\"aligncenter is-resized\"><img loading=\"lazy\" decoding=\"async\" src=\"https:\/\/i0.wp.com\/casadecampoliving.com\/wp-content\/uploads\/2022\/10\/marc_anthony_casa_de_campo2.jpg?resize=650%2C365&amp;ssl=1\" alt=\"Marc Anthony Casa de Campo\" class=\"wp-image-88794\" height=\"365\" width=\"650\"\/><\/figure>\n<\/div>\n\n\n<p>Adem\u00e1s de ser un fant\u00e1stico cantante, Marc Anthony es tambi\u00e9n un apasionado fil\u00e1ntropo \u2013 quien celebr\u00f3 el mes pasado la apertura del nuevo hogar para los ni\u00f1os del Orfanato Ni\u00f1os de Cristo. Entre las personalidades que celebraron junto a Marc Anthony esta ocasi\u00f3n estuvieron la Vicepresidenta de la Rep\u00fablica Dominicana Margarita Cede\u00f1o de Fern\u00e1ndez, el Presidente de la C\u00e1mara del Senado de la Rep\u00fablica Dominicana Reinaldo Pared P\u00e9rez, Lian Fanjul de Azqueta, Eduardo Martinez Lima, la estrella de la bachata Romeo Santos, el actor Manolo Cardona y cientos de visitantes y personalidades importantes de Casa de Campo y La Romana. <a href=\"https:\/\/casadecampoliving.com\/es\/juntos-con-amor-marc-anthony-romeo-santos-margarita-cedeno-de-fernandez-lian-fanjul-manolo-cardona\/\">Haga clic aqu\u00ed para las fotos y la historia completa.<\/a><\/p>\n","protected":false},"excerpt":{"rendered":"<p>Marc Anthony, quien anoche fue nombrado \u201cArtista del A\u00f1o\u201d por los Premios Billboard, escogi\u00f3 a Casa de Campo para su m\u00e1s reciente sesi\u00f3n de fotos.<\/p>\n","protected":false},"author":1097,"featured_media":233500,"comment_status":"closed","ping_status":"closed","sticky":false,"template":"","format":"standard","meta":{"newspack_ads_suppress_ads":false,"newspack_popups_has_disabled_popups":false,"newspack_sponsor_sponsorship_scope":"","newspack_sponsor_native_byline_display":"inherit","newspack_sponsor_native_category_display":"inherit","newspack_sponsor_underwriter_style":"inherit","newspack_sponsor_underwriter_placement":"inherit","_newspack_byline_active":false,"_newspack_byline":"","newspack_hide_updated_date":false,"newspack_show_updated_date":false,"newspack_content_restriction_is_exempt":false,"newspack_featured_image_position":"","newspack_post_subtitle":"","newspack_article_summary_title":"Overview:","newspack_article_summary":"","_jetpack_memberships_contains_paid_content":false,"footnotes":"","jetpack_publicize_message":"","jetpack_publicize_feature_enabled":true,"jetpack_social_post_already_shared":false,"jetpack_social_options":{"image_generator_settings":{"template":"highway","default_image_id":0,"font":"","enabled":false},"version":2},"_wpas_customize_per_network":false},"categories":[26936,26951,2513,2524,14631,2522,14625,14627,2521,26822],"tags":[23815,6371,7316,8797,13821],"newspack_spnsrs_tax":[],"class_list":["post-344257","post","type-post","status-publish","format-standard","has-post-thumbnail","hentry","category-casa-de-campo-living-es","category-ccl-presenta","category-celebridades-es","category-destacados","category-estilo-de-vida","category-eventos-es","category-noticias-locales","category-proximamente","category-republica-dominicana-2","category-resort-casa-de-campo","tag-casa-de-campo-es-17","tag-casa-de-campo-resort-es","tag-marc-anthony-es","tag-sesion-de-fotos","tag-video","entry"],"yoast_head":"<!-- This site is optimized with the Yoast SEO plugin v27.4 - https:\/\/yoast.com\/product\/yoast-seo-wordpress\/ -->\n<title>Marc Anthony - video detr\u00e1s de c\u00e1mara en Casa de Campo | Casa de Campo Living<\/title>\n<meta name=\"description\" content=\"Marc Anthony, quien anoche fue nombrado \u201cArtista del A\u00f1o\u201d por los Premios Billboard, escogi\u00f3 a Casa de Campo para su m\u00e1s reciente sesi\u00f3n de fotos. Como\" \/>\n<meta name=\"robots\" content=\"index, follow, max-snippet:-1, max-image-preview:large, max-video-preview:-1\" \/>\n<link rel=\"canonical\" href=\"https:\/\/casadecampoliving.com\/es\/marc-anthony-video-detras-de-camara-en-casa-de-campo\/\" \/>\n<meta property=\"og:locale\" content=\"es_ES\" \/>\n<meta property=\"og:type\" content=\"article\" \/>\n<meta property=\"og:title\" content=\"Marc Anthony - video detr\u00e1s de c\u00e1mara en Casa de Campo | Casa de Campo Living\" \/>\n<meta property=\"og:description\" content=\"Marc Anthony, quien anoche fue nombrado \u201cArtista del A\u00f1o\u201d por los Premios Billboard, escogi\u00f3 a Casa de Campo para su m\u00e1s reciente sesi\u00f3n de fotos. Como\" \/>\n<meta property=\"og:url\" content=\"https:\/\/casadecampoliving.com\/es\/marc-anthony-video-detras-de-camara-en-casa-de-campo\/\" \/>\n<meta property=\"og:site_name\" content=\"Casa de Campo Living\" \/>\n<meta property=\"article:publisher\" content=\"https:\/\/www.facebook.com\/casadecampoliving\" \/>\n<meta property=\"article:published_time\" content=\"2014-04-25T04:00:00+00:00\" \/>\n<meta property=\"article:modified_time\" content=\"2022-10-21T22:54:40+00:00\" \/>\n<meta property=\"og:image\" content=\"https:\/\/i0.wp.com\/casadecampoliving.com\/wp-content\/uploads\/2022\/10\/marc_anthony_casa_de_campo-1.jpg?fit=650%2C361&ssl=1\" \/>\n\t<meta property=\"og:image:width\" content=\"650\" \/>\n\t<meta property=\"og:image:height\" content=\"361\" \/>\n\t<meta property=\"og:image:type\" content=\"image\/jpeg\" \/>\n<meta name=\"author\" content=\"Perkin Agramonte\" \/>\n<meta name=\"twitter:card\" content=\"summary_large_image\" \/>\n<meta name=\"twitter:creator\" content=\"@cdcliving\" \/>\n<meta name=\"twitter:site\" content=\"@cdcliving\" \/>\n<meta name=\"twitter:label1\" content=\"Escrito por\" \/>\n\t<meta name=\"twitter:data1\" content=\"Perkin Agramonte\" \/>\n\t<meta name=\"twitter:label2\" content=\"Tiempo de lectura\" \/>\n\t<meta name=\"twitter:data2\" content=\"2 minutos\" \/>\n<script type=\"application\/ld+json\" class=\"yoast-schema-graph\">{\"@context\":\"https:\\\/\\\/schema.org\",\"@graph\":[{\"@type\":\"Article\",\"@id\":\"https:\\\/\\\/casadecampoliving.com\\\/es\\\/marc-anthony-video-detras-de-camara-en-casa-de-campo\\\/#article\",\"isPartOf\":{\"@id\":\"https:\\\/\\\/casadecampoliving.com\\\/es\\\/marc-anthony-video-detras-de-camara-en-casa-de-campo\\\/\"},\"author\":{\"name\":\"Perkin Agramonte\",\"@id\":\"https:\\\/\\\/casadecampoliving.com\\\/es\\\/#\\\/schema\\\/person\\\/c8efa6049510554b7d5fea078d728f72\"},\"headline\":\"Marc Anthony &#8211; video detr\u00e1s de c\u00e1mara en Casa de Campo\",\"datePublished\":\"2014-04-25T04:00:00+00:00\",\"dateModified\":\"2022-10-21T22:54:40+00:00\",\"mainEntityOfPage\":{\"@id\":\"https:\\\/\\\/casadecampoliving.com\\\/es\\\/marc-anthony-video-detras-de-camara-en-casa-de-campo\\\/\"},\"wordCount\":404,\"publisher\":{\"@id\":\"https:\\\/\\\/casadecampoliving.com\\\/es\\\/#organization\"},\"image\":{\"@id\":\"https:\\\/\\\/casadecampoliving.com\\\/es\\\/marc-anthony-video-detras-de-camara-en-casa-de-campo\\\/#primaryimage\"},\"thumbnailUrl\":\"https:\\\/\\\/i0.wp.com\\\/casadecampoliving.com\\\/wp-content\\\/uploads\\\/2022\\\/10\\\/marc_anthony_casa_de_campo-1.jpg?fit=650%2C361&ssl=1\",\"keywords\":[\"Casa de Campo\",\"casa de campo resort @es\",\"marc anthony @es\",\"Sesi\u00f3n de fotos\",\"Video\"],\"articleSection\":[\"Casa de Campo Living @es\",\"CCL presenta\",\"Celebridades\",\"Destacados\",\"Estilo de Vida\",\"Eventos\",\"Noticias Locales\",\"Proximamente\",\"Rep\u00fablica Dominicana @es\",\"Resort Casa de Campo\"],\"inLanguage\":\"es\"},{\"@type\":\"WebPage\",\"@id\":\"https:\\\/\\\/casadecampoliving.com\\\/es\\\/marc-anthony-video-detras-de-camara-en-casa-de-campo\\\/\",\"url\":\"https:\\\/\\\/casadecampoliving.com\\\/es\\\/marc-anthony-video-detras-de-camara-en-casa-de-campo\\\/\",\"name\":\"Marc Anthony - video detr\u00e1s de c\u00e1mara en Casa de Campo | Casa de Campo Living\",\"isPartOf\":{\"@id\":\"https:\\\/\\\/casadecampoliving.com\\\/es\\\/#website\"},\"primaryImageOfPage\":{\"@id\":\"https:\\\/\\\/casadecampoliving.com\\\/es\\\/marc-anthony-video-detras-de-camara-en-casa-de-campo\\\/#primaryimage\"},\"image\":{\"@id\":\"https:\\\/\\\/casadecampoliving.com\\\/es\\\/marc-anthony-video-detras-de-camara-en-casa-de-campo\\\/#primaryimage\"},\"thumbnailUrl\":\"https:\\\/\\\/i0.wp.com\\\/casadecampoliving.com\\\/wp-content\\\/uploads\\\/2022\\\/10\\\/marc_anthony_casa_de_campo-1.jpg?fit=650%2C361&ssl=1\",\"datePublished\":\"2014-04-25T04:00:00+00:00\",\"dateModified\":\"2022-10-21T22:54:40+00:00\",\"description\":\"Marc Anthony, quien anoche fue nombrado \u201cArtista del A\u00f1o\u201d por los Premios Billboard, escogi\u00f3 a Casa de Campo para su m\u00e1s reciente sesi\u00f3n de fotos. Como\",\"breadcrumb\":{\"@id\":\"https:\\\/\\\/casadecampoliving.com\\\/es\\\/marc-anthony-video-detras-de-camara-en-casa-de-campo\\\/#breadcrumb\"},\"inLanguage\":\"es\",\"potentialAction\":[{\"@type\":\"ReadAction\",\"target\":[\"https:\\\/\\\/casadecampoliving.com\\\/es\\\/marc-anthony-video-detras-de-camara-en-casa-de-campo\\\/\"]}]},{\"@type\":\"ImageObject\",\"inLanguage\":\"es\",\"@id\":\"https:\\\/\\\/casadecampoliving.com\\\/es\\\/marc-anthony-video-detras-de-camara-en-casa-de-campo\\\/#primaryimage\",\"url\":\"https:\\\/\\\/i0.wp.com\\\/casadecampoliving.com\\\/wp-content\\\/uploads\\\/2022\\\/10\\\/marc_anthony_casa_de_campo-1.jpg?fit=650%2C361&ssl=1\",\"contentUrl\":\"https:\\\/\\\/i0.wp.com\\\/casadecampoliving.com\\\/wp-content\\\/uploads\\\/2022\\\/10\\\/marc_anthony_casa_de_campo-1.jpg?fit=650%2C361&ssl=1\",\"width\":650,\"height\":361,\"caption\":\"Marc Anthony Casa de Campo\"},{\"@type\":\"BreadcrumbList\",\"@id\":\"https:\\\/\\\/casadecampoliving.com\\\/es\\\/marc-anthony-video-detras-de-camara-en-casa-de-campo\\\/#breadcrumb\",\"itemListElement\":[{\"@type\":\"ListItem\",\"position\":1,\"name\":\"Home\",\"item\":\"https:\\\/\\\/casadecampoliving.com\\\/es\\\/\"},{\"@type\":\"ListItem\",\"position\":2,\"name\":\"Marc Anthony &#8211; video detr\u00e1s de c\u00e1mara en Casa de Campo\"}]},{\"@type\":\"WebSite\",\"@id\":\"https:\\\/\\\/casadecampoliving.com\\\/es\\\/#website\",\"url\":\"https:\\\/\\\/casadecampoliving.com\\\/es\\\/\",\"name\":\"Casa de Campo Living\",\"description\":\"Resort community news and resources.\",\"publisher\":{\"@id\":\"https:\\\/\\\/casadecampoliving.com\\\/es\\\/#organization\"},\"potentialAction\":[{\"@type\":\"SearchAction\",\"target\":{\"@type\":\"EntryPoint\",\"urlTemplate\":\"https:\\\/\\\/casadecampoliving.com\\\/es\\\/?s={search_term_string}\"},\"query-input\":{\"@type\":\"PropertyValueSpecification\",\"valueRequired\":true,\"valueName\":\"search_term_string\"}}],\"inLanguage\":\"es\"},{\"@type\":\"Organization\",\"@id\":\"https:\\\/\\\/casadecampoliving.com\\\/es\\\/#organization\",\"name\":\"Casa de Campo Living\",\"url\":\"https:\\\/\\\/casadecampoliving.com\\\/es\\\/\",\"logo\":{\"@type\":\"ImageObject\",\"inLanguage\":\"es\",\"@id\":\"https:\\\/\\\/casadecampoliving.com\\\/es\\\/#\\\/schema\\\/logo\\\/image\\\/\",\"url\":\"https:\\\/\\\/i0.wp.com\\\/casadecampoliving.com\\\/wp-content\\\/uploads\\\/2022\\\/07\\\/CDCLivingLogo_V1-white-sized.png?fit=800%2C214&ssl=1\",\"contentUrl\":\"https:\\\/\\\/i0.wp.com\\\/casadecampoliving.com\\\/wp-content\\\/uploads\\\/2022\\\/07\\\/CDCLivingLogo_V1-white-sized.png?fit=800%2C214&ssl=1\",\"width\":800,\"height\":214,\"caption\":\"Casa de Campo Living\"},\"image\":{\"@id\":\"https:\\\/\\\/casadecampoliving.com\\\/es\\\/#\\\/schema\\\/logo\\\/image\\\/\"},\"sameAs\":[\"https:\\\/\\\/www.facebook.com\\\/casadecampoliving\",\"https:\\\/\\\/x.com\\\/cdcliving\"]},{\"@type\":\"Person\",\"@id\":\"https:\\\/\\\/casadecampoliving.com\\\/es\\\/#\\\/schema\\\/person\\\/c8efa6049510554b7d5fea078d728f72\",\"name\":\"Perkin Agramonte\",\"image\":{\"@type\":\"ImageObject\",\"inLanguage\":\"es\",\"@id\":\"https:\\\/\\\/secure.gravatar.com\\\/avatar\\\/57bfdafcae55fb83dbb79a1585a9eab7f269b7720fb0b64cb9a4e0cd2962fa10?s=96&d=mm&r=g\",\"url\":\"https:\\\/\\\/secure.gravatar.com\\\/avatar\\\/57bfdafcae55fb83dbb79a1585a9eab7f269b7720fb0b64cb9a4e0cd2962fa10?s=96&d=mm&r=g\",\"contentUrl\":\"https:\\\/\\\/secure.gravatar.com\\\/avatar\\\/57bfdafcae55fb83dbb79a1585a9eab7f269b7720fb0b64cb9a4e0cd2962fa10?s=96&d=mm&r=g\",\"caption\":\"Perkin Agramonte\"},\"url\":\"https:\\\/\\\/casadecampoliving.com\\\/es\\\/author\\\/cagramonte\\\/\"}]}<\/script>\n<!-- \/ Yoast SEO plugin. -->","yoast_head_json":{"title":"Marc Anthony - video detr\u00e1s de c\u00e1mara en Casa de Campo | Casa de Campo Living","description":"Marc Anthony, quien anoche fue nombrado \u201cArtista del A\u00f1o\u201d por los Premios Billboard, escogi\u00f3 a Casa de Campo para su m\u00e1s reciente sesi\u00f3n de fotos. Como","robots":{"index":"index","follow":"follow","max-snippet":"max-snippet:-1","max-image-preview":"max-image-preview:large","max-video-preview":"max-video-preview:-1"},"canonical":"https:\/\/casadecampoliving.com\/es\/marc-anthony-video-detras-de-camara-en-casa-de-campo\/","og_locale":"es_ES","og_type":"article","og_title":"Marc Anthony - video detr\u00e1s de c\u00e1mara en Casa de Campo | Casa de Campo Living","og_description":"Marc Anthony, quien anoche fue nombrado \u201cArtista del A\u00f1o\u201d por los Premios Billboard, escogi\u00f3 a Casa de Campo para su m\u00e1s reciente sesi\u00f3n de fotos. Como","og_url":"https:\/\/casadecampoliving.com\/es\/marc-anthony-video-detras-de-camara-en-casa-de-campo\/","og_site_name":"Casa de Campo Living","article_publisher":"https:\/\/www.facebook.com\/casadecampoliving","article_published_time":"2014-04-25T04:00:00+00:00","article_modified_time":"2022-10-21T22:54:40+00:00","og_image":[{"width":650,"height":361,"url":"https:\/\/i0.wp.com\/casadecampoliving.com\/wp-content\/uploads\/2022\/10\/marc_anthony_casa_de_campo-1.jpg?fit=650%2C361&ssl=1","type":"image\/jpeg"}],"author":"Perkin Agramonte","twitter_card":"summary_large_image","twitter_creator":"@cdcliving","twitter_site":"@cdcliving","twitter_misc":{"Escrito por":"Perkin Agramonte","Tiempo de lectura":"2 minutos"},"schema":{"@context":"https:\/\/schema.org","@graph":[{"@type":"Article","@id":"https:\/\/casadecampoliving.com\/es\/marc-anthony-video-detras-de-camara-en-casa-de-campo\/#article","isPartOf":{"@id":"https:\/\/casadecampoliving.com\/es\/marc-anthony-video-detras-de-camara-en-casa-de-campo\/"},"author":{"name":"Perkin Agramonte","@id":"https:\/\/casadecampoliving.com\/es\/#\/schema\/person\/c8efa6049510554b7d5fea078d728f72"},"headline":"Marc Anthony &#8211; video detr\u00e1s de c\u00e1mara en Casa de Campo","datePublished":"2014-04-25T04:00:00+00:00","dateModified":"2022-10-21T22:54:40+00:00","mainEntityOfPage":{"@id":"https:\/\/casadecampoliving.com\/es\/marc-anthony-video-detras-de-camara-en-casa-de-campo\/"},"wordCount":404,"publisher":{"@id":"https:\/\/casadecampoliving.com\/es\/#organization"},"image":{"@id":"https:\/\/casadecampoliving.com\/es\/marc-anthony-video-detras-de-camara-en-casa-de-campo\/#primaryimage"},"thumbnailUrl":"https:\/\/i0.wp.com\/casadecampoliving.com\/wp-content\/uploads\/2022\/10\/marc_anthony_casa_de_campo-1.jpg?fit=650%2C361&ssl=1","keywords":["Casa de Campo","casa de campo resort @es","marc anthony @es","Sesi\u00f3n de fotos","Video"],"articleSection":["Casa de Campo Living @es","CCL presenta","Celebridades","Destacados","Estilo de Vida","Eventos","Noticias Locales","Proximamente","Rep\u00fablica Dominicana @es","Resort Casa de Campo"],"inLanguage":"es"},{"@type":"WebPage","@id":"https:\/\/casadecampoliving.com\/es\/marc-anthony-video-detras-de-camara-en-casa-de-campo\/","url":"https:\/\/casadecampoliving.com\/es\/marc-anthony-video-detras-de-camara-en-casa-de-campo\/","name":"Marc Anthony - video detr\u00e1s de c\u00e1mara en Casa de Campo | Casa de Campo Living","isPartOf":{"@id":"https:\/\/casadecampoliving.com\/es\/#website"},"primaryImageOfPage":{"@id":"https:\/\/casadecampoliving.com\/es\/marc-anthony-video-detras-de-camara-en-casa-de-campo\/#primaryimage"},"image":{"@id":"https:\/\/casadecampoliving.com\/es\/marc-anthony-video-detras-de-camara-en-casa-de-campo\/#primaryimage"},"thumbnailUrl":"https:\/\/i0.wp.com\/casadecampoliving.com\/wp-content\/uploads\/2022\/10\/marc_anthony_casa_de_campo-1.jpg?fit=650%2C361&ssl=1","datePublished":"2014-04-25T04:00:00+00:00","dateModified":"2022-10-21T22:54:40+00:00","description":"Marc Anthony, quien anoche fue nombrado \u201cArtista del A\u00f1o\u201d por los Premios Billboard, escogi\u00f3 a Casa de Campo para su m\u00e1s reciente sesi\u00f3n de fotos. Como","breadcrumb":{"@id":"https:\/\/casadecampoliving.com\/es\/marc-anthony-video-detras-de-camara-en-casa-de-campo\/#breadcrumb"},"inLanguage":"es","potentialAction":[{"@type":"ReadAction","target":["https:\/\/casadecampoliving.com\/es\/marc-anthony-video-detras-de-camara-en-casa-de-campo\/"]}]},{"@type":"ImageObject","inLanguage":"es","@id":"https:\/\/casadecampoliving.com\/es\/marc-anthony-video-detras-de-camara-en-casa-de-campo\/#primaryimage","url":"https:\/\/i0.wp.com\/casadecampoliving.com\/wp-content\/uploads\/2022\/10\/marc_anthony_casa_de_campo-1.jpg?fit=650%2C361&ssl=1","contentUrl":"https:\/\/i0.wp.com\/casadecampoliving.com\/wp-content\/uploads\/2022\/10\/marc_anthony_casa_de_campo-1.jpg?fit=650%2C361&ssl=1","width":650,"height":361,"caption":"Marc Anthony Casa de Campo"},{"@type":"BreadcrumbList","@id":"https:\/\/casadecampoliving.com\/es\/marc-anthony-video-detras-de-camara-en-casa-de-campo\/#breadcrumb","itemListElement":[{"@type":"ListItem","position":1,"name":"Home","item":"https:\/\/casadecampoliving.com\/es\/"},{"@type":"ListItem","position":2,"name":"Marc Anthony &#8211; video detr\u00e1s de c\u00e1mara en Casa de Campo"}]},{"@type":"WebSite","@id":"https:\/\/casadecampoliving.com\/es\/#website","url":"https:\/\/casadecampoliving.com\/es\/","name":"Casa de Campo Living","description":"Resort community news and resources.","publisher":{"@id":"https:\/\/casadecampoliving.com\/es\/#organization"},"potentialAction":[{"@type":"SearchAction","target":{"@type":"EntryPoint","urlTemplate":"https:\/\/casadecampoliving.com\/es\/?s={search_term_string}"},"query-input":{"@type":"PropertyValueSpecification","valueRequired":true,"valueName":"search_term_string"}}],"inLanguage":"es"},{"@type":"Organization","@id":"https:\/\/casadecampoliving.com\/es\/#organization","name":"Casa de Campo Living","url":"https:\/\/casadecampoliving.com\/es\/","logo":{"@type":"ImageObject","inLanguage":"es","@id":"https:\/\/casadecampoliving.com\/es\/#\/schema\/logo\/image\/","url":"https:\/\/i0.wp.com\/casadecampoliving.com\/wp-content\/uploads\/2022\/07\/CDCLivingLogo_V1-white-sized.png?fit=800%2C214&ssl=1","contentUrl":"https:\/\/i0.wp.com\/casadecampoliving.com\/wp-content\/uploads\/2022\/07\/CDCLivingLogo_V1-white-sized.png?fit=800%2C214&ssl=1","width":800,"height":214,"caption":"Casa de Campo Living"},"image":{"@id":"https:\/\/casadecampoliving.com\/es\/#\/schema\/logo\/image\/"},"sameAs":["https:\/\/www.facebook.com\/casadecampoliving","https:\/\/x.com\/cdcliving"]},{"@type":"Person","@id":"https:\/\/casadecampoliving.com\/es\/#\/schema\/person\/c8efa6049510554b7d5fea078d728f72","name":"Perkin Agramonte","image":{"@type":"ImageObject","inLanguage":"es","@id":"https:\/\/secure.gravatar.com\/avatar\/57bfdafcae55fb83dbb79a1585a9eab7f269b7720fb0b64cb9a4e0cd2962fa10?s=96&d=mm&r=g","url":"https:\/\/secure.gravatar.com\/avatar\/57bfdafcae55fb83dbb79a1585a9eab7f269b7720fb0b64cb9a4e0cd2962fa10?s=96&d=mm&r=g","contentUrl":"https:\/\/secure.gravatar.com\/avatar\/57bfdafcae55fb83dbb79a1585a9eab7f269b7720fb0b64cb9a4e0cd2962fa10?s=96&d=mm&r=g","caption":"Perkin Agramonte"},"url":"https:\/\/casadecampoliving.com\/es\/author\/cagramonte\/"}]}},"parsely":{"version":"1.1.0","canonical_url":"https:\/\/casadecampoliving.com\/es\/marc-anthony-video-detras-de-camara-en-casa-de-campo\/","smart_links":{"inbound":0,"outbound":0},"traffic_boost_suggestions_count":0,"meta":{"@context":"https:\/\/schema.org","@type":"NewsArticle","headline":"Marc Anthony &#8211; video detr\u00e1s de c\u00e1mara en Casa de Campo","url":"http:\/\/casadecampoliving.com\/es\/marc-anthony-video-detras-de-camara-en-casa-de-campo\/","mainEntityOfPage":{"@type":"WebPage","@id":"http:\/\/casadecampoliving.com\/es\/marc-anthony-video-detras-de-camara-en-casa-de-campo\/"},"thumbnailUrl":"https:\/\/i0.wp.com\/casadecampoliving.com\/wp-content\/uploads\/2022\/10\/marc_anthony_casa_de_campo-1.jpg?resize=150%2C150&ssl=1","image":{"@type":"ImageObject","url":"https:\/\/i0.wp.com\/casadecampoliving.com\/wp-content\/uploads\/2022\/10\/marc_anthony_casa_de_campo-1.jpg?fit=650%2C361&ssl=1"},"articleSection":"CCL presenta","author":[{"@type":"Person","name":"Perkin Agramonte"}],"creator":["Perkin Agramonte"],"publisher":{"@type":"Organization","name":"Casa de Campo Living","logo":"https:\/\/casadecampoliving.com\/wp-content\/uploads\/2022\/07\/CDCLivingLogo_V1-white-sized.png"},"keywords":["casa de campo","casa de campo resort @es","marc anthony @es","sesi\u00f3n de fotos","video"],"dateCreated":"2014-04-25T04:00:00Z","datePublished":"2014-04-25T04:00:00Z","dateModified":"2022-10-21T22:54:40Z"},"rendered":"<script type=\"application\/ld+json\" class=\"wp-parsely-metadata\">{\"@context\":\"https:\\\/\\\/schema.org\",\"@type\":\"NewsArticle\",\"headline\":\"Marc Anthony &#8211; video detr\\u00e1s de c\\u00e1mara en Casa de Campo\",\"url\":\"http:\\\/\\\/casadecampoliving.com\\\/es\\\/marc-anthony-video-detras-de-camara-en-casa-de-campo\\\/\",\"mainEntityOfPage\":{\"@type\":\"WebPage\",\"@id\":\"http:\\\/\\\/casadecampoliving.com\\\/es\\\/marc-anthony-video-detras-de-camara-en-casa-de-campo\\\/\"},\"thumbnailUrl\":\"https:\\\/\\\/i0.wp.com\\\/casadecampoliving.com\\\/wp-content\\\/uploads\\\/2022\\\/10\\\/marc_anthony_casa_de_campo-1.jpg?resize=150%2C150&ssl=1\",\"image\":{\"@type\":\"ImageObject\",\"url\":\"https:\\\/\\\/i0.wp.com\\\/casadecampoliving.com\\\/wp-content\\\/uploads\\\/2022\\\/10\\\/marc_anthony_casa_de_campo-1.jpg?fit=650%2C361&ssl=1\"},\"articleSection\":\"CCL presenta\",\"author\":[{\"@type\":\"Person\",\"name\":\"Perkin Agramonte\"}],\"creator\":[\"Perkin Agramonte\"],\"publisher\":{\"@type\":\"Organization\",\"name\":\"Casa de Campo Living\",\"logo\":\"https:\\\/\\\/casadecampoliving.com\\\/wp-content\\\/uploads\\\/2022\\\/07\\\/CDCLivingLogo_V1-white-sized.png\"},\"keywords\":[\"casa de campo\",\"casa de campo resort @es\",\"marc anthony @es\",\"sesi\\u00f3n de fotos\",\"video\"],\"dateCreated\":\"2014-04-25T04:00:00Z\",\"datePublished\":\"2014-04-25T04:00:00Z\",\"dateModified\":\"2022-10-21T22:54:40Z\"}<\/script>","tracker_url":"https:\/\/cdn.parsely.com\/keys\/casadecampoliving.com\/p.js"},"jetpack_publicize_connections":[],"jetpack_featured_media_url":"https:\/\/i0.wp.com\/casadecampoliving.com\/wp-content\/uploads\/2022\/10\/marc_anthony_casa_de_campo-1.jpg?fit=650%2C361&ssl=1","jetpack-related-posts":[{"id":348937,"url":"https:\/\/casadecampoliving.com\/es\/rumor-marc-anthony-junto-a-juan-luis-guerra-en-concierto-de-esta-noche\/","url_meta":{"origin":344257,"position":0},"title":"\u00a1Rumor! Marc Anthony junto a Juan Luis Guerra en concierto de esta noche!","author":"Perkin Agramonte","date":"30 Dic, 2015","format":false,"excerpt":"\u00bfHas o\u00eddo los rumores? Seg\u00fan elnuevodiario.com\u00a0el famoso salsero y due\u00f1o de villa en Casa de Campo, Marc Anthony est\u00e1 programado para hacer una aparici\u00f3n sorpresa en el concierto de Juan Luis Guerra esta noche en Altos de Chav\u00f3n! \u00a1Que interesante! As\u00ed que esta noche a las 8 pm, vamos a\u2026","rel":"","context":"En \u00abAltos de Chavon @es\u00bb","block_context":{"text":"Altos de Chavon @es","link":"https:\/\/casadecampoliving.com\/category\/altos-de-chavon-es\/"},"img":{"alt_text":"Marc Anthony Casa de Campo","src":"https:\/\/i0.wp.com\/casadecampoliving.com\/wp-content\/uploads\/2022\/10\/marc_anthony_casa_de_campo-1.jpg?fit=650%2C361&ssl=1&resize=350%2C200","width":350,"height":200,"srcset":"https:\/\/i0.wp.com\/casadecampoliving.com\/wp-content\/uploads\/2022\/10\/marc_anthony_casa_de_campo-1.jpg?fit=650%2C361&ssl=1&resize=350%2C200 1x, https:\/\/i0.wp.com\/casadecampoliving.com\/wp-content\/uploads\/2022\/10\/marc_anthony_casa_de_campo-1.jpg?fit=650%2C361&ssl=1&resize=525%2C300 1.5x"},"classes":[]},{"id":345828,"url":"https:\/\/casadecampoliving.com\/es\/los-10-momentos-mas-sexys-de-casa-de-campo\/","url_meta":{"origin":344257,"position":1},"title":"Los 10 momentos m\u00e1s sexys de Casa de Campo","author":"Daniela Medina","date":"28 Oct, 2014","format":false,"excerpt":"Cuando usted piensa en Casa de Campo piensa en golf, sol, mar, arena, para\u00edso, de lujo \u2026 \u00bf\u00a1pero sexy !? \u00c9chele un vistazo a los 10 momentos m\u00e1s sexys de Casa de Campo y entonces usted podr\u00e1 decidir qu\u00e9 tan sexy Casa de Campo es .. 1. La noche en\u2026","rel":"","context":"En \u00abCasa de Campo Living @es\u00bb","block_context":{"text":"Casa de Campo Living @es","link":"https:\/\/casadecampoliving.com\/category\/casa-de-campo-living-es\/"},"img":{"alt_text":"","src":"https:\/\/i0.wp.com\/casadecampoliving.com\/wp-content\/uploads\/2022\/10\/Top-10-sexiest-moments-1.png?fit=650%2C450&ssl=1&resize=350%2C200","width":350,"height":200,"srcset":"https:\/\/i0.wp.com\/casadecampoliving.com\/wp-content\/uploads\/2022\/10\/Top-10-sexiest-moments-1.png?fit=650%2C450&ssl=1&resize=350%2C200 1x, https:\/\/i0.wp.com\/casadecampoliving.com\/wp-content\/uploads\/2022\/10\/Top-10-sexiest-moments-1.png?fit=650%2C450&ssl=1&resize=525%2C300 1.5x"},"classes":[]},{"id":323479,"url":"https:\/\/casadecampoliving.com\/marc-anthony-video-casa-de-campo\/","url_meta":{"origin":344257,"position":2},"title":"Marc Anthony &#8211;  behind the scenes video in Casa de Campo","author":"Rebecca Silvestri","date":"25 Abr, 2014","format":false,"excerpt":"Marc Anthony, last night named \u201cArtist of the Year\u201d by Billboard magazine, choose Casa de Campo as the location for his recent photo shoot. As a nominee in the \u201cBillboard Musica Latina\u201d awards, Billboard magazine shot the gorgeous Marc Anthony here in Casa de Campo, and last night the sexy\u2026","rel":"","context":"En \u00abArt and Culture\u00bb","block_context":{"text":"Art and Culture","link":"https:\/\/casadecampoliving.com\/category\/art-and-culture\/"},"img":{"alt_text":"Marc Anthony Casa de Campo","src":"https:\/\/i0.wp.com\/casadecampoliving.com\/wp-content\/uploads\/2022\/10\/marc_anthony_casa_de_campo-1.jpg?fit=650%2C361&ssl=1&resize=350%2C200","width":350,"height":200,"srcset":"https:\/\/i0.wp.com\/casadecampoliving.com\/wp-content\/uploads\/2022\/10\/marc_anthony_casa_de_campo-1.jpg?fit=650%2C361&ssl=1&resize=350%2C200 1x, https:\/\/i0.wp.com\/casadecampoliving.com\/wp-content\/uploads\/2022\/10\/marc_anthony_casa_de_campo-1.jpg?fit=650%2C361&ssl=1&resize=525%2C300 1.5x"},"classes":[]},{"id":349198,"url":"https:\/\/casadecampoliving.com\/es\/marc-anthony-live-altos-de-chavon-sabado-santo\/","url_meta":{"origin":344257,"position":3},"title":"*PRECIOS* \u2014 Marc Anthony LIVE en Altos de Chav\u00f3n este S\u00e1bado Santo","author":"Felix Guerrero","date":"15 Feb, 2016","format":false,"excerpt":"Este 2016 est\u00e1 demostrando ser un a\u00f1o incre\u00edble para la comunidad de Casa de Campo. A tan s\u00f3lo una semana de haber vivido una experiencia \u00fanica durante\u00a0el concierto de Ricky Martin, \u00a1nuestro incre\u00edble complejo se prepara para recibir\u00a0a nada m\u00e1s y nada menos que al astro latino Marc Anthony en\u2026","rel":"","context":"En \u00abAltos de Chavon @es\u00bb","block_context":{"text":"Altos de Chavon @es","link":"https:\/\/casadecampoliving.com\/category\/altos-de-chavon-es\/"},"img":{"alt_text":"Marc Anthony - Sa\u0301bado Santo","src":"https:\/\/i0.wp.com\/casadecampoliving.com\/wp-content\/uploads\/2022\/10\/Marc-Anthony-Sa%CC%81bado-Santo-1.jpg?fit=650%2C400&ssl=1&resize=350%2C200","width":350,"height":200,"srcset":"https:\/\/i0.wp.com\/casadecampoliving.com\/wp-content\/uploads\/2022\/10\/Marc-Anthony-Sa%CC%81bado-Santo-1.jpg?fit=650%2C400&ssl=1&resize=350%2C200 1x, https:\/\/i0.wp.com\/casadecampoliving.com\/wp-content\/uploads\/2022\/10\/Marc-Anthony-Sa%CC%81bado-Santo-1.jpg?fit=650%2C400&ssl=1&resize=525%2C300 1.5x"},"classes":[]},{"id":345710,"url":"https:\/\/casadecampoliving.com\/es\/marc-anthony-escogio-la-romana-para-filmar-su-proximo-video-musical\/","url_meta":{"origin":344257,"position":4},"title":"Marc Anthony escogi\u00f3 La Romana para filmar su pr\u00f3ximo v\u00eddeo musical","author":"Perkin Agramonte","date":"16 Oct, 2014","format":false,"excerpt":"El salsero puertorrique\u00f1o, Marc Anthony, quien ha demostrado amar la Rep\u00fablica Dominicana, estrenar\u00e1 en el d\u00eda de hoy, el nuevo video musical de su popular canci\u00f3n \"Flor Palida\", el cual fue realizado en nuestra bella ciudad de La Romana. El video fue filmado en su totalidad en la Rep\u00fablica Dominicana\u2026","rel":"","context":"En \u00abM\u00e1s all\u00e1 de Casa\u00bb","block_context":{"text":"M\u00e1s all\u00e1 de Casa","link":"https:\/\/casadecampoliving.com\/es\/category\/mas-alla-de-casa-es\/"},"img":{"alt_text":"","src":"https:\/\/i0.wp.com\/casadecampoliving.com\/wp-content\/uploads\/2022\/10\/Marc-Anthony-1.png?fit=650%2C397&ssl=1&resize=350%2C200","width":350,"height":200,"srcset":"https:\/\/i0.wp.com\/casadecampoliving.com\/wp-content\/uploads\/2022\/10\/Marc-Anthony-1.png?fit=650%2C397&ssl=1&resize=350%2C200 1x, https:\/\/i0.wp.com\/casadecampoliving.com\/wp-content\/uploads\/2022\/10\/Marc-Anthony-1.png?fit=650%2C397&ssl=1&resize=525%2C300 1.5x"},"classes":[]},{"id":345898,"url":"https:\/\/casadecampoliving.com\/es\/marc-anthony-planea-una-boda-en-casa-de-campo\/","url_meta":{"origin":344257,"position":5},"title":"Marc Anthony planea una boda en Casa de Campo","author":"Perkin Agramonte","date":"5 Nov, 2014","format":false,"excerpt":"\u00bfEscuch\u00f3 la noticia de \u00faltimo minuto? De acuerdo a la agencia de noticias, EFE, Marc Anthony contraer\u00e1 nupcias aqu\u00ed en Casa de Campo la pr\u00f3xima semana. Es as\u00ed, el famoso salsero, y uno de los due\u00f1os de villa m\u00e1s famosos de Casa de Campo est\u00e1 planeando su boda en Casa\u2026","rel":"","context":"En \u00abAltos de Chavon @es\u00bb","block_context":{"text":"Altos de Chavon @es","link":"https:\/\/casadecampoliving.com\/category\/altos-de-chavon-es\/"},"img":{"alt_text":"marc anthony Altos de Chavon","src":"https:\/\/i0.wp.com\/casadecampoliving.com\/wp-content\/uploads\/2022\/10\/marc_anthony_altos_de_chavon-1.png?fit=582%2C322&ssl=1&resize=350%2C200","width":350,"height":200,"srcset":"https:\/\/i0.wp.com\/casadecampoliving.com\/wp-content\/uploads\/2022\/10\/marc_anthony_altos_de_chavon-1.png?fit=582%2C322&ssl=1&resize=350%2C200 1x, https:\/\/i0.wp.com\/casadecampoliving.com\/wp-content\/uploads\/2022\/10\/marc_anthony_altos_de_chavon-1.png?fit=582%2C322&ssl=1&resize=525%2C300 1.5x"},"classes":[]}],"jetpack_sharing_enabled":true,"_links":{"self":[{"href":"https:\/\/casadecampoliving.com\/es\/wp-json\/wp\/v2\/posts\/344257","targetHints":{"allow":["GET"]}}],"collection":[{"href":"https:\/\/casadecampoliving.com\/es\/wp-json\/wp\/v2\/posts"}],"about":[{"href":"https:\/\/casadecampoliving.com\/es\/wp-json\/wp\/v2\/types\/post"}],"author":[{"embeddable":true,"href":"https:\/\/casadecampoliving.com\/es\/wp-json\/wp\/v2\/users\/1097"}],"replies":[{"embeddable":true,"href":"https:\/\/casadecampoliving.com\/es\/wp-json\/wp\/v2\/comments?post=344257"}],"version-history":[{"count":1,"href":"https:\/\/casadecampoliving.com\/es\/wp-json\/wp\/v2\/posts\/344257\/revisions"}],"predecessor-version":[{"id":344258,"href":"https:\/\/casadecampoliving.com\/es\/wp-json\/wp\/v2\/posts\/344257\/revisions\/344258"}],"wp:featuredmedia":[{"embeddable":true,"href":"https:\/\/casadecampoliving.com\/es\/wp-json\/wp\/v2\/media\/233500"}],"wp:attachment":[{"href":"https:\/\/casadecampoliving.com\/es\/wp-json\/wp\/v2\/media?parent=344257"}],"wp:term":[{"taxonomy":"category","embeddable":true,"href":"https:\/\/casadecampoliving.com\/es\/wp-json\/wp\/v2\/categories?post=344257"},{"taxonomy":"post_tag","embeddable":true,"href":"https:\/\/casadecampoliving.com\/es\/wp-json\/wp\/v2\/tags?post=344257"},{"taxonomy":"newspack_spnsrs_tax","embeddable":true,"href":"https:\/\/casadecampoliving.com\/es\/wp-json\/wp\/v2\/newspack_spnsrs_tax?post=344257"}],"curies":[{"name":"wp","href":"https:\/\/api.w.org\/{rel}","templated":true}]}}