{"id":344237,"date":"2014-04-26T00:00:00","date_gmt":"2014-04-26T04:00:00","guid":{"rendered":"https:\/\/casadecampoliving.com\/mega-concierto-beneficio-de-clinica-de-familia-la-romana\/"},"modified":"2022-10-21T18:53:52","modified_gmt":"2022-10-21T22:53:52","slug":"mega-concierto-beneficio-de-clinica-de-familia-la-romana","status":"publish","type":"post","link":"https:\/\/casadecampoliving.com\/es\/mega-concierto-beneficio-de-clinica-de-familia-la-romana\/","title":{"rendered":"Mega concierto a beneficio de Cl\u00ednica de Familia La Romana"},"content":{"rendered":"<div class=\"wp-block-image\">\n<figure class=\"aligncenter is-resized\"><img loading=\"lazy\" decoding=\"async\" src=\"https:\/\/i0.wp.com\/casadecampoliving.com\/wp-content\/uploads\/2022\/10\/Clinica-de-Familia-Concert_header.jpg?resize=650%2C429&amp;ssl=1\" alt=\"Clinica de Familia Concert_header\" class=\"wp-image-88618\" height=\"429\" width=\"650\"\/><\/figure>\n<\/div>\n\n\n<p>El viernes 30 de mayo, la comunidad de La Romana tendr\u00e1 la oportunidad de apoyar una buena causa, con un concierto de m\u00fasica cristiana que presentar\u00e1 a dos agrupaciones muy reconocidas en el pa\u00eds; Alfareros y Maranatha en beneficio de la Cl\u00ednica de Familia La Romana. Este concierto caritativo ser\u00e1 efectuado en el Polideportivo Eleoncio Mercedes ubicado en la Avenida Padre Abreu.<\/p>\n\n\n\n<!--more-->\n\n\n\n<p><span style=\"color: #000000;\">La Cl\u00ednica de Familia es una organizaci\u00f3n comprensiva que brinda servicios de salud a la comunidad de La Romana, la cual dirige una de las cl\u00ednicas m\u00e1s grandes para el tratamiento del VIH en La Rep\u00fablica Dominicana, tambi\u00e9n con servicios de cuidados primarios, una cl\u00ednica de salud reproductiva en adolescentes, y una cl\u00ednica especializada para trabajadoras sexuales entre otros.<\/span><\/p>\n\n\n\n<p>Al asistir a este concierto ayudar\u00e1 a la Cl\u00ednica de Familia La Romana a seguir proveyendo servicios de salud a las personas de escasos &nbsp;recursos de la Rep\u00fablica Dominicana.<\/p>\n\n\n\n<blockquote><p><strong>Concierto en Beneficio de la Cl\u00ednica de Familia<\/strong><\/p><p><strong>Fecha:<\/strong>&nbsp;Viernes 30 de mayo, 7pm<\/p><p><strong>Lugar:<\/strong>&nbsp;Polideportivo Eleoncio Mercedes, Avenida Padre Abreu, La Romana<\/p><p><strong>Costo:<\/strong><\/p><ul>\n<li>VIP: RD$200<\/li>\n<li>General: RD$150<\/li>\n<\/ul><p><strong>Contactos:<\/strong> (809) 813-2934, ext. 101 \u2013 106 \u2013 151; www.clinicadefamilia.org.do<\/p><\/blockquote>\n\n\n\n<blockquote><h3>Sobre Alfareros<\/h3><p>Alfareros es una agrupaci\u00f3n musical cat\u00f3lica creada en 1995, con el objetivo de evangelizar a trav\u00e9s de la m\u00fasica cristiana, incorporando innovadores elementos musicales.<\/p><p>Su m\u00fasica es muy contagiosa, llena de fusiones tropicales, Alfareros ha viajado por cada rinc\u00f3n de la Rep\u00fablica Dominicana, as\u00ed como, Latinoam\u00e9rica, Estados Unidos de Am\u00e9rica, entre otros pa\u00edses. Llevando el evangelio.<\/p><h3>Sobre&nbsp;Maranatha<\/h3><p>Maranatha es una agrupaci\u00f3 musical cristiana, la cual al igual que Alfareros lleva la palabra del evangelio a trav\u00e9s del ritmo tradicional dominicano el merengue; su m\u00fasica es muy vibrante y entretenida. Esta agrupaci\u00f3n ha viajado alrededor del mundo compartiendo alegr\u00eda y buena m\u00fasica.<\/p><\/blockquote>\n\n\n\n<blockquote><h3><strong>Cl\u00ednica de Familia La Romana<\/strong><\/h3><figure><img decoding=\"async\" loading=\"lazy\" class=\"alignright\" src=\"https:\/\/i0.wp.com\/casadecampoliving.com\/wp-content\/uploads\/2022\/10\/clinica_de_familia.png?resize=218%2C168&amp;ssl=1\" alt=\"Clinica de Familia La Romana\" width=\"218\" height=\"168\"><\/figure><p><strong><\/strong>Encuentre m\u00e1s informaci\u00f3n de la Cl\u00ednica de Familia La Romana en:<\/p><p><a href=\"http:\/\/www.clinicadefamilia.org.do\/\" target=\"_blank\" rel=\"noopener\">www.clinicadefamilia.org.do<\/a><\/p><p><a href=\"http:\/\/www.clinicadefamilia.org.do\/programas\/campamento\/\" target=\"_blank\" rel=\"noopener\">info@clinicadefamilia.org.do.<\/a><\/p><p>Tambi\u00e9n puede ver un video informativo de 18 minutos en Ingl\u00e9s acerca de los programas y servicios de la Cl\u00ednica de Familia en:<br>\n<a href=\"http:\/\/www.clinicadefamilia.org.do\/video\" target=\"_blank\" rel=\"noopener\">www.clinicadefamilia.org.do\/video<\/a><\/p><\/blockquote>\n","protected":false},"excerpt":{"rendered":"<p>El viernes 30 de mayo, la comunidad de La Romana tendr\u00e1 la oportunidad de apoyar una buena causa, con un concierto de m\u00fasica cristiana que presentar\u00e1 a dos agrupaciones muy reconocidas en el pa\u00eds; Alfareros y Maranatha en beneficio de la Cl\u00ednica de Familia La Romana. Este concierto caritativo ser\u00e1 efectuado en el Polideportivo Eleoncio [&hellip;]<\/p>\n","protected":false},"author":1097,"featured_media":232362,"comment_status":"closed","ping_status":"closed","sticky":false,"template":"","format":"standard","meta":{"newspack_ads_suppress_ads":false,"newspack_popups_has_disabled_popups":false,"newspack_sponsor_sponsorship_scope":"","newspack_sponsor_native_byline_display":"inherit","newspack_sponsor_native_category_display":"inherit","newspack_sponsor_underwriter_style":"inherit","newspack_sponsor_underwriter_placement":"inherit","_newspack_byline_active":false,"_newspack_byline":"","newspack_hide_updated_date":false,"newspack_show_updated_date":false,"newspack_content_restriction_is_exempt":false,"newspack_featured_image_position":"","newspack_post_subtitle":"","newspack_article_summary_title":"Overview:","newspack_article_summary":"","_jetpack_memberships_contains_paid_content":false,"footnotes":"","jetpack_publicize_message":"","jetpack_publicize_feature_enabled":true,"jetpack_social_post_already_shared":false,"jetpack_social_options":{"image_generator_settings":{"template":"highway","default_image_id":0,"font":"","enabled":false},"version":2},"_wpas_customize_per_network":false},"categories":[26936,26951,2518,14631,2522,2514,2507,2506,14625,14627,2521],"tags":[4010,2963,18932],"newspack_spnsrs_tax":[],"class_list":["post-344237","post","type-post","status-publish","format-standard","has-post-thumbnail","hentry","category-casa-de-campo-living-es","category-ccl-presenta","category-conciertos-es","category-estilo-de-vida","category-eventos-es","category-fundaciones-es","category-la-romana-es","category-mas-alla-de-casa-es","category-noticias-locales","category-proximamente","category-republica-dominicana-2","tag-clinica-de-familia","tag-concierto","tag-la-romana-es-4","entry"],"yoast_head":"<!-- This site is optimized with the Yoast SEO plugin v27.5 - https:\/\/yoast.com\/product\/yoast-seo-wordpress\/ -->\n<title>Mega concierto a beneficio de Cl\u00ednica de Familia La Romana | Casa de Campo Living<\/title>\n<meta name=\"description\" content=\"El viernes 30 de mayo, la comunidad de La Romana tendr\u00e1 la oportunidad de apoyar una buena causa, con un concierto de m\u00fasica cristiana que presentar\u00e1 a\" \/>\n<meta name=\"robots\" content=\"index, follow, max-snippet:-1, max-image-preview:large, max-video-preview:-1\" \/>\n<link rel=\"canonical\" href=\"https:\/\/casadecampoliving.com\/es\/mega-concierto-beneficio-de-clinica-de-familia-la-romana\/\" \/>\n<meta property=\"og:locale\" content=\"es_ES\" \/>\n<meta property=\"og:type\" content=\"article\" \/>\n<meta property=\"og:title\" content=\"Mega concierto a beneficio de Cl\u00ednica de Familia La Romana | Casa de Campo Living\" \/>\n<meta property=\"og:description\" content=\"El viernes 30 de mayo, la comunidad de La Romana tendr\u00e1 la oportunidad de apoyar una buena causa, con un concierto de m\u00fasica cristiana que presentar\u00e1 a\" \/>\n<meta property=\"og:url\" content=\"https:\/\/casadecampoliving.com\/es\/mega-concierto-beneficio-de-clinica-de-familia-la-romana\/\" \/>\n<meta property=\"og:site_name\" content=\"Casa de Campo Living\" \/>\n<meta property=\"article:publisher\" content=\"https:\/\/www.facebook.com\/casadecampoliving\" \/>\n<meta property=\"article:published_time\" content=\"2014-04-26T04:00:00+00:00\" \/>\n<meta property=\"article:modified_time\" content=\"2022-10-21T22:53:52+00:00\" \/>\n<meta property=\"og:image\" content=\"https:\/\/i0.wp.com\/casadecampoliving.com\/wp-content\/uploads\/2022\/10\/Clinica-de-Familia-Concert_header-1.jpg?fit=650%2C429&ssl=1\" \/>\n\t<meta property=\"og:image:width\" content=\"650\" \/>\n\t<meta property=\"og:image:height\" content=\"429\" \/>\n\t<meta property=\"og:image:type\" content=\"image\/jpeg\" \/>\n<meta name=\"author\" content=\"Perkin Agramonte\" \/>\n<meta name=\"twitter:card\" content=\"summary_large_image\" \/>\n<meta name=\"twitter:creator\" content=\"@cdcliving\" \/>\n<meta name=\"twitter:site\" content=\"@cdcliving\" \/>\n<meta name=\"twitter:label1\" content=\"Escrito por\" \/>\n\t<meta name=\"twitter:data1\" content=\"Perkin Agramonte\" \/>\n\t<meta name=\"twitter:label2\" content=\"Tiempo de lectura\" \/>\n\t<meta name=\"twitter:data2\" content=\"2 minutos\" \/>\n<script type=\"application\/ld+json\" class=\"yoast-schema-graph\">{\"@context\":\"https:\\\/\\\/schema.org\",\"@graph\":[{\"@type\":\"Article\",\"@id\":\"https:\\\/\\\/casadecampoliving.com\\\/es\\\/mega-concierto-beneficio-de-clinica-de-familia-la-romana\\\/#article\",\"isPartOf\":{\"@id\":\"https:\\\/\\\/casadecampoliving.com\\\/es\\\/mega-concierto-beneficio-de-clinica-de-familia-la-romana\\\/\"},\"author\":{\"name\":\"Perkin Agramonte\",\"@id\":\"https:\\\/\\\/casadecampoliving.com\\\/es\\\/#\\\/schema\\\/person\\\/c8efa6049510554b7d5fea078d728f72\"},\"headline\":\"Mega concierto a beneficio de Cl\u00ednica de Familia La Romana\",\"datePublished\":\"2014-04-26T04:00:00+00:00\",\"dateModified\":\"2022-10-21T22:53:52+00:00\",\"mainEntityOfPage\":{\"@id\":\"https:\\\/\\\/casadecampoliving.com\\\/es\\\/mega-concierto-beneficio-de-clinica-de-familia-la-romana\\\/\"},\"wordCount\":388,\"publisher\":{\"@id\":\"https:\\\/\\\/casadecampoliving.com\\\/es\\\/#organization\"},\"image\":{\"@id\":\"https:\\\/\\\/casadecampoliving.com\\\/es\\\/mega-concierto-beneficio-de-clinica-de-familia-la-romana\\\/#primaryimage\"},\"thumbnailUrl\":\"https:\\\/\\\/i0.wp.com\\\/casadecampoliving.com\\\/wp-content\\\/uploads\\\/2022\\\/10\\\/Clinica-de-Familia-Concert_header-1.jpg?fit=650%2C429&ssl=1\",\"keywords\":[\"clinica de familia\",\"concierto\",\"La Romana\"],\"articleSection\":[\"Casa de Campo Living @es\",\"CCL presenta\",\"Conciertos\",\"Estilo de Vida\",\"Eventos\",\"Fundaciones\",\"La Romana @es\",\"M\u00e1s all\u00e1 de Casa\",\"Noticias Locales\",\"Proximamente\",\"Rep\u00fablica Dominicana @es\"],\"inLanguage\":\"es\"},{\"@type\":\"WebPage\",\"@id\":\"https:\\\/\\\/casadecampoliving.com\\\/es\\\/mega-concierto-beneficio-de-clinica-de-familia-la-romana\\\/\",\"url\":\"https:\\\/\\\/casadecampoliving.com\\\/es\\\/mega-concierto-beneficio-de-clinica-de-familia-la-romana\\\/\",\"name\":\"Mega concierto a beneficio de Cl\u00ednica de Familia La Romana | Casa de Campo Living\",\"isPartOf\":{\"@id\":\"https:\\\/\\\/casadecampoliving.com\\\/es\\\/#website\"},\"primaryImageOfPage\":{\"@id\":\"https:\\\/\\\/casadecampoliving.com\\\/es\\\/mega-concierto-beneficio-de-clinica-de-familia-la-romana\\\/#primaryimage\"},\"image\":{\"@id\":\"https:\\\/\\\/casadecampoliving.com\\\/es\\\/mega-concierto-beneficio-de-clinica-de-familia-la-romana\\\/#primaryimage\"},\"thumbnailUrl\":\"https:\\\/\\\/i0.wp.com\\\/casadecampoliving.com\\\/wp-content\\\/uploads\\\/2022\\\/10\\\/Clinica-de-Familia-Concert_header-1.jpg?fit=650%2C429&ssl=1\",\"datePublished\":\"2014-04-26T04:00:00+00:00\",\"dateModified\":\"2022-10-21T22:53:52+00:00\",\"description\":\"El viernes 30 de mayo, la comunidad de La Romana tendr\u00e1 la oportunidad de apoyar una buena causa, con un concierto de m\u00fasica cristiana que presentar\u00e1 a\",\"breadcrumb\":{\"@id\":\"https:\\\/\\\/casadecampoliving.com\\\/es\\\/mega-concierto-beneficio-de-clinica-de-familia-la-romana\\\/#breadcrumb\"},\"inLanguage\":\"es\",\"potentialAction\":[{\"@type\":\"ReadAction\",\"target\":[\"https:\\\/\\\/casadecampoliving.com\\\/es\\\/mega-concierto-beneficio-de-clinica-de-familia-la-romana\\\/\"]}]},{\"@type\":\"ImageObject\",\"inLanguage\":\"es\",\"@id\":\"https:\\\/\\\/casadecampoliving.com\\\/es\\\/mega-concierto-beneficio-de-clinica-de-familia-la-romana\\\/#primaryimage\",\"url\":\"https:\\\/\\\/i0.wp.com\\\/casadecampoliving.com\\\/wp-content\\\/uploads\\\/2022\\\/10\\\/Clinica-de-Familia-Concert_header-1.jpg?fit=650%2C429&ssl=1\",\"contentUrl\":\"https:\\\/\\\/i0.wp.com\\\/casadecampoliving.com\\\/wp-content\\\/uploads\\\/2022\\\/10\\\/Clinica-de-Familia-Concert_header-1.jpg?fit=650%2C429&ssl=1\",\"width\":650,\"height\":429},{\"@type\":\"BreadcrumbList\",\"@id\":\"https:\\\/\\\/casadecampoliving.com\\\/es\\\/mega-concierto-beneficio-de-clinica-de-familia-la-romana\\\/#breadcrumb\",\"itemListElement\":[{\"@type\":\"ListItem\",\"position\":1,\"name\":\"Home\",\"item\":\"https:\\\/\\\/casadecampoliving.com\\\/es\\\/\"},{\"@type\":\"ListItem\",\"position\":2,\"name\":\"Mega concierto a beneficio de Cl\u00ednica de Familia La Romana\"}]},{\"@type\":\"WebSite\",\"@id\":\"https:\\\/\\\/casadecampoliving.com\\\/es\\\/#website\",\"url\":\"https:\\\/\\\/casadecampoliving.com\\\/es\\\/\",\"name\":\"Casa de Campo Living\",\"description\":\"Resort community news and resources.\",\"publisher\":{\"@id\":\"https:\\\/\\\/casadecampoliving.com\\\/es\\\/#organization\"},\"potentialAction\":[{\"@type\":\"SearchAction\",\"target\":{\"@type\":\"EntryPoint\",\"urlTemplate\":\"https:\\\/\\\/casadecampoliving.com\\\/es\\\/?s={search_term_string}\"},\"query-input\":{\"@type\":\"PropertyValueSpecification\",\"valueRequired\":true,\"valueName\":\"search_term_string\"}}],\"inLanguage\":\"es\"},{\"@type\":\"Organization\",\"@id\":\"https:\\\/\\\/casadecampoliving.com\\\/es\\\/#organization\",\"name\":\"Casa de Campo Living\",\"url\":\"https:\\\/\\\/casadecampoliving.com\\\/es\\\/\",\"logo\":{\"@type\":\"ImageObject\",\"inLanguage\":\"es\",\"@id\":\"https:\\\/\\\/casadecampoliving.com\\\/es\\\/#\\\/schema\\\/logo\\\/image\\\/\",\"url\":\"https:\\\/\\\/i0.wp.com\\\/casadecampoliving.com\\\/wp-content\\\/uploads\\\/2022\\\/07\\\/CDCLivingLogo_V1-white-sized.png?fit=800%2C214&ssl=1\",\"contentUrl\":\"https:\\\/\\\/i0.wp.com\\\/casadecampoliving.com\\\/wp-content\\\/uploads\\\/2022\\\/07\\\/CDCLivingLogo_V1-white-sized.png?fit=800%2C214&ssl=1\",\"width\":800,\"height\":214,\"caption\":\"Casa de Campo Living\"},\"image\":{\"@id\":\"https:\\\/\\\/casadecampoliving.com\\\/es\\\/#\\\/schema\\\/logo\\\/image\\\/\"},\"sameAs\":[\"https:\\\/\\\/www.facebook.com\\\/casadecampoliving\",\"https:\\\/\\\/x.com\\\/cdcliving\"]},{\"@type\":\"Person\",\"@id\":\"https:\\\/\\\/casadecampoliving.com\\\/es\\\/#\\\/schema\\\/person\\\/c8efa6049510554b7d5fea078d728f72\",\"name\":\"Perkin Agramonte\",\"image\":{\"@type\":\"ImageObject\",\"inLanguage\":\"es\",\"@id\":\"https:\\\/\\\/secure.gravatar.com\\\/avatar\\\/57bfdafcae55fb83dbb79a1585a9eab7f269b7720fb0b64cb9a4e0cd2962fa10?s=96&d=mm&r=g\",\"url\":\"https:\\\/\\\/secure.gravatar.com\\\/avatar\\\/57bfdafcae55fb83dbb79a1585a9eab7f269b7720fb0b64cb9a4e0cd2962fa10?s=96&d=mm&r=g\",\"contentUrl\":\"https:\\\/\\\/secure.gravatar.com\\\/avatar\\\/57bfdafcae55fb83dbb79a1585a9eab7f269b7720fb0b64cb9a4e0cd2962fa10?s=96&d=mm&r=g\",\"caption\":\"Perkin Agramonte\"},\"url\":\"https:\\\/\\\/casadecampoliving.com\\\/es\\\/author\\\/cagramonte\\\/\"}]}<\/script>\n<!-- \/ Yoast SEO plugin. -->","yoast_head_json":{"title":"Mega concierto a beneficio de Cl\u00ednica de Familia La Romana | Casa de Campo Living","description":"El viernes 30 de mayo, la comunidad de La Romana tendr\u00e1 la oportunidad de apoyar una buena causa, con un concierto de m\u00fasica cristiana que presentar\u00e1 a","robots":{"index":"index","follow":"follow","max-snippet":"max-snippet:-1","max-image-preview":"max-image-preview:large","max-video-preview":"max-video-preview:-1"},"canonical":"https:\/\/casadecampoliving.com\/es\/mega-concierto-beneficio-de-clinica-de-familia-la-romana\/","og_locale":"es_ES","og_type":"article","og_title":"Mega concierto a beneficio de Cl\u00ednica de Familia La Romana | Casa de Campo Living","og_description":"El viernes 30 de mayo, la comunidad de La Romana tendr\u00e1 la oportunidad de apoyar una buena causa, con un concierto de m\u00fasica cristiana que presentar\u00e1 a","og_url":"https:\/\/casadecampoliving.com\/es\/mega-concierto-beneficio-de-clinica-de-familia-la-romana\/","og_site_name":"Casa de Campo Living","article_publisher":"https:\/\/www.facebook.com\/casadecampoliving","article_published_time":"2014-04-26T04:00:00+00:00","article_modified_time":"2022-10-21T22:53:52+00:00","og_image":[{"width":650,"height":429,"url":"https:\/\/i0.wp.com\/casadecampoliving.com\/wp-content\/uploads\/2022\/10\/Clinica-de-Familia-Concert_header-1.jpg?fit=650%2C429&ssl=1","type":"image\/jpeg"}],"author":"Perkin Agramonte","twitter_card":"summary_large_image","twitter_creator":"@cdcliving","twitter_site":"@cdcliving","twitter_misc":{"Escrito por":"Perkin Agramonte","Tiempo de lectura":"2 minutos"},"schema":{"@context":"https:\/\/schema.org","@graph":[{"@type":"Article","@id":"https:\/\/casadecampoliving.com\/es\/mega-concierto-beneficio-de-clinica-de-familia-la-romana\/#article","isPartOf":{"@id":"https:\/\/casadecampoliving.com\/es\/mega-concierto-beneficio-de-clinica-de-familia-la-romana\/"},"author":{"name":"Perkin Agramonte","@id":"https:\/\/casadecampoliving.com\/es\/#\/schema\/person\/c8efa6049510554b7d5fea078d728f72"},"headline":"Mega concierto a beneficio de Cl\u00ednica de Familia La Romana","datePublished":"2014-04-26T04:00:00+00:00","dateModified":"2022-10-21T22:53:52+00:00","mainEntityOfPage":{"@id":"https:\/\/casadecampoliving.com\/es\/mega-concierto-beneficio-de-clinica-de-familia-la-romana\/"},"wordCount":388,"publisher":{"@id":"https:\/\/casadecampoliving.com\/es\/#organization"},"image":{"@id":"https:\/\/casadecampoliving.com\/es\/mega-concierto-beneficio-de-clinica-de-familia-la-romana\/#primaryimage"},"thumbnailUrl":"https:\/\/i0.wp.com\/casadecampoliving.com\/wp-content\/uploads\/2022\/10\/Clinica-de-Familia-Concert_header-1.jpg?fit=650%2C429&ssl=1","keywords":["clinica de familia","concierto","La Romana"],"articleSection":["Casa de Campo Living @es","CCL presenta","Conciertos","Estilo de Vida","Eventos","Fundaciones","La Romana @es","M\u00e1s all\u00e1 de Casa","Noticias Locales","Proximamente","Rep\u00fablica Dominicana @es"],"inLanguage":"es"},{"@type":"WebPage","@id":"https:\/\/casadecampoliving.com\/es\/mega-concierto-beneficio-de-clinica-de-familia-la-romana\/","url":"https:\/\/casadecampoliving.com\/es\/mega-concierto-beneficio-de-clinica-de-familia-la-romana\/","name":"Mega concierto a beneficio de Cl\u00ednica de Familia La Romana | Casa de Campo Living","isPartOf":{"@id":"https:\/\/casadecampoliving.com\/es\/#website"},"primaryImageOfPage":{"@id":"https:\/\/casadecampoliving.com\/es\/mega-concierto-beneficio-de-clinica-de-familia-la-romana\/#primaryimage"},"image":{"@id":"https:\/\/casadecampoliving.com\/es\/mega-concierto-beneficio-de-clinica-de-familia-la-romana\/#primaryimage"},"thumbnailUrl":"https:\/\/i0.wp.com\/casadecampoliving.com\/wp-content\/uploads\/2022\/10\/Clinica-de-Familia-Concert_header-1.jpg?fit=650%2C429&ssl=1","datePublished":"2014-04-26T04:00:00+00:00","dateModified":"2022-10-21T22:53:52+00:00","description":"El viernes 30 de mayo, la comunidad de La Romana tendr\u00e1 la oportunidad de apoyar una buena causa, con un concierto de m\u00fasica cristiana que presentar\u00e1 a","breadcrumb":{"@id":"https:\/\/casadecampoliving.com\/es\/mega-concierto-beneficio-de-clinica-de-familia-la-romana\/#breadcrumb"},"inLanguage":"es","potentialAction":[{"@type":"ReadAction","target":["https:\/\/casadecampoliving.com\/es\/mega-concierto-beneficio-de-clinica-de-familia-la-romana\/"]}]},{"@type":"ImageObject","inLanguage":"es","@id":"https:\/\/casadecampoliving.com\/es\/mega-concierto-beneficio-de-clinica-de-familia-la-romana\/#primaryimage","url":"https:\/\/i0.wp.com\/casadecampoliving.com\/wp-content\/uploads\/2022\/10\/Clinica-de-Familia-Concert_header-1.jpg?fit=650%2C429&ssl=1","contentUrl":"https:\/\/i0.wp.com\/casadecampoliving.com\/wp-content\/uploads\/2022\/10\/Clinica-de-Familia-Concert_header-1.jpg?fit=650%2C429&ssl=1","width":650,"height":429},{"@type":"BreadcrumbList","@id":"https:\/\/casadecampoliving.com\/es\/mega-concierto-beneficio-de-clinica-de-familia-la-romana\/#breadcrumb","itemListElement":[{"@type":"ListItem","position":1,"name":"Home","item":"https:\/\/casadecampoliving.com\/es\/"},{"@type":"ListItem","position":2,"name":"Mega concierto a beneficio de Cl\u00ednica de Familia La Romana"}]},{"@type":"WebSite","@id":"https:\/\/casadecampoliving.com\/es\/#website","url":"https:\/\/casadecampoliving.com\/es\/","name":"Casa de Campo Living","description":"Resort community news and resources.","publisher":{"@id":"https:\/\/casadecampoliving.com\/es\/#organization"},"potentialAction":[{"@type":"SearchAction","target":{"@type":"EntryPoint","urlTemplate":"https:\/\/casadecampoliving.com\/es\/?s={search_term_string}"},"query-input":{"@type":"PropertyValueSpecification","valueRequired":true,"valueName":"search_term_string"}}],"inLanguage":"es"},{"@type":"Organization","@id":"https:\/\/casadecampoliving.com\/es\/#organization","name":"Casa de Campo Living","url":"https:\/\/casadecampoliving.com\/es\/","logo":{"@type":"ImageObject","inLanguage":"es","@id":"https:\/\/casadecampoliving.com\/es\/#\/schema\/logo\/image\/","url":"https:\/\/i0.wp.com\/casadecampoliving.com\/wp-content\/uploads\/2022\/07\/CDCLivingLogo_V1-white-sized.png?fit=800%2C214&ssl=1","contentUrl":"https:\/\/i0.wp.com\/casadecampoliving.com\/wp-content\/uploads\/2022\/07\/CDCLivingLogo_V1-white-sized.png?fit=800%2C214&ssl=1","width":800,"height":214,"caption":"Casa de Campo Living"},"image":{"@id":"https:\/\/casadecampoliving.com\/es\/#\/schema\/logo\/image\/"},"sameAs":["https:\/\/www.facebook.com\/casadecampoliving","https:\/\/x.com\/cdcliving"]},{"@type":"Person","@id":"https:\/\/casadecampoliving.com\/es\/#\/schema\/person\/c8efa6049510554b7d5fea078d728f72","name":"Perkin Agramonte","image":{"@type":"ImageObject","inLanguage":"es","@id":"https:\/\/secure.gravatar.com\/avatar\/57bfdafcae55fb83dbb79a1585a9eab7f269b7720fb0b64cb9a4e0cd2962fa10?s=96&d=mm&r=g","url":"https:\/\/secure.gravatar.com\/avatar\/57bfdafcae55fb83dbb79a1585a9eab7f269b7720fb0b64cb9a4e0cd2962fa10?s=96&d=mm&r=g","contentUrl":"https:\/\/secure.gravatar.com\/avatar\/57bfdafcae55fb83dbb79a1585a9eab7f269b7720fb0b64cb9a4e0cd2962fa10?s=96&d=mm&r=g","caption":"Perkin Agramonte"},"url":"https:\/\/casadecampoliving.com\/es\/author\/cagramonte\/"}]}},"parsely":{"version":"1.1.0","canonical_url":"https:\/\/casadecampoliving.com\/es\/mega-concierto-beneficio-de-clinica-de-familia-la-romana\/","smart_links":{"inbound":0,"outbound":0},"traffic_boost_suggestions_count":0,"meta":{"@context":"https:\/\/schema.org","@type":"NewsArticle","headline":"Mega concierto a beneficio de Cl\u00ednica de Familia La Romana","url":"http:\/\/casadecampoliving.com\/es\/mega-concierto-beneficio-de-clinica-de-familia-la-romana\/","mainEntityOfPage":{"@type":"WebPage","@id":"http:\/\/casadecampoliving.com\/es\/mega-concierto-beneficio-de-clinica-de-familia-la-romana\/"},"thumbnailUrl":"https:\/\/i0.wp.com\/casadecampoliving.com\/wp-content\/uploads\/2022\/10\/Clinica-de-Familia-Concert_header-1.jpg?resize=150%2C150&ssl=1","image":{"@type":"ImageObject","url":"https:\/\/i0.wp.com\/casadecampoliving.com\/wp-content\/uploads\/2022\/10\/Clinica-de-Familia-Concert_header-1.jpg?fit=650%2C429&ssl=1"},"articleSection":"CCL presenta","author":[{"@type":"Person","name":"Perkin Agramonte"}],"creator":["Perkin Agramonte"],"publisher":{"@type":"Organization","name":"Casa de Campo Living","logo":"https:\/\/casadecampoliving.com\/wp-content\/uploads\/2022\/07\/CDCLivingLogo_V1-white-sized.png"},"keywords":["clinica de familia","concierto","la romana"],"dateCreated":"2014-04-26T04:00:00Z","datePublished":"2014-04-26T04:00:00Z","dateModified":"2022-10-21T22:53:52Z"},"rendered":"<script type=\"application\/ld+json\" class=\"wp-parsely-metadata\">{\"@context\":\"https:\\\/\\\/schema.org\",\"@type\":\"NewsArticle\",\"headline\":\"Mega concierto a beneficio de Cl\\u00ednica de Familia La Romana\",\"url\":\"http:\\\/\\\/casadecampoliving.com\\\/es\\\/mega-concierto-beneficio-de-clinica-de-familia-la-romana\\\/\",\"mainEntityOfPage\":{\"@type\":\"WebPage\",\"@id\":\"http:\\\/\\\/casadecampoliving.com\\\/es\\\/mega-concierto-beneficio-de-clinica-de-familia-la-romana\\\/\"},\"thumbnailUrl\":\"https:\\\/\\\/i0.wp.com\\\/casadecampoliving.com\\\/wp-content\\\/uploads\\\/2022\\\/10\\\/Clinica-de-Familia-Concert_header-1.jpg?resize=150%2C150&ssl=1\",\"image\":{\"@type\":\"ImageObject\",\"url\":\"https:\\\/\\\/i0.wp.com\\\/casadecampoliving.com\\\/wp-content\\\/uploads\\\/2022\\\/10\\\/Clinica-de-Familia-Concert_header-1.jpg?fit=650%2C429&ssl=1\"},\"articleSection\":\"CCL presenta\",\"author\":[{\"@type\":\"Person\",\"name\":\"Perkin Agramonte\"}],\"creator\":[\"Perkin Agramonte\"],\"publisher\":{\"@type\":\"Organization\",\"name\":\"Casa de Campo Living\",\"logo\":\"https:\\\/\\\/casadecampoliving.com\\\/wp-content\\\/uploads\\\/2022\\\/07\\\/CDCLivingLogo_V1-white-sized.png\"},\"keywords\":[\"clinica de familia\",\"concierto\",\"la romana\"],\"dateCreated\":\"2014-04-26T04:00:00Z\",\"datePublished\":\"2014-04-26T04:00:00Z\",\"dateModified\":\"2022-10-21T22:53:52Z\"}<\/script>","tracker_url":"https:\/\/cdn.parsely.com\/keys\/casadecampoliving.com\/p.js"},"jetpack_publicize_connections":[],"jetpack_featured_media_url":"https:\/\/i0.wp.com\/casadecampoliving.com\/wp-content\/uploads\/2022\/10\/Clinica-de-Familia-Concert_header-1.jpg?fit=650%2C429&ssl=1","jetpack-related-posts":[{"id":344652,"url":"https:\/\/casadecampoliving.com\/es\/gran-concierto-avanzando-por-la-vida-en-beneficio-de-la-clinica-de-familia-la-romana\/","url_meta":{"origin":344237,"position":0},"title":"Gran Concierto Avanzando Por La Vida en beneficio de la Cl\u00ednica de Familia La Romana","author":"Perkin Agramonte","date":"20 Jun, 2014","format":false,"excerpt":"El \u00a0viernes 30 de mayo, 2014 la grandiosa comunidad de La Romana disfrut\u00f3 del primer Gran Concierto Avanzando Por La Vida, donde dos agrupaciones de M\u00fasica Cristiana se presentaron con el fin de recaudar fondos para los programas desarrollados por Cl\u00ednica de Familia La Romana.\u00a0Este concierto ben\u00e9fico se efectu\u00f3 en\u2026","rel":"","context":"En \u00abM\u00e1s all\u00e1 de Casa\u00bb","block_context":{"text":"M\u00e1s all\u00e1 de Casa","link":"https:\/\/casadecampoliving.com\/es\/category\/mas-alla-de-casa-es\/"},"img":{"alt_text":"Clinica de familia","src":"https:\/\/i0.wp.com\/casadecampoliving.com\/wp-content\/uploads\/2022\/10\/clinica_de_familia_1-1.jpg?fit=650%2C431&ssl=1&resize=350%2C200","width":350,"height":200,"srcset":"https:\/\/i0.wp.com\/casadecampoliving.com\/wp-content\/uploads\/2022\/10\/clinica_de_familia_1-1.jpg?fit=650%2C431&ssl=1&resize=350%2C200 1x, https:\/\/i0.wp.com\/casadecampoliving.com\/wp-content\/uploads\/2022\/10\/clinica_de_familia_1-1.jpg?fit=650%2C431&ssl=1&resize=525%2C300 1.5x"},"classes":[]},{"id":343855,"url":"https:\/\/casadecampoliving.com\/es\/clinica-de-familia-la-romana-somos-familia\/","url_meta":{"origin":344237,"position":1},"title":"Cl\u00ednica de Familia La Romana: Somos Familia","author":"Perkin Agramonte","date":"26 Feb, 2014","format":false,"excerpt":"La Cl\u00ednica de Familia es una organizaci\u00f3n comprensiva que brinda servicios de salud a la comunidad de La Romana, la cual dirige una de las cl\u00ednicas m\u00e1s grandes para el tratamiento del VIH en La Rep\u00fablica Dominicana, tambi\u00e9n con servicios de cuidados primarios, una cl\u00ednica de salud reproductiva en adolescentes,\u2026","rel":"","context":"En \u00abCasa de Campo Living @es\u00bb","block_context":{"text":"Casa de Campo Living @es","link":"https:\/\/casadecampoliving.com\/category\/casa-de-campo-living-es\/"},"img":{"alt_text":"","src":"https:\/\/i0.wp.com\/casadecampoliving.com\/wp-content\/uploads\/2022\/10\/Personal_Clinica-de-Familia_2013-c-1.jpg?fit=650%2C311&ssl=1&resize=350%2C200","width":350,"height":200,"srcset":"https:\/\/i0.wp.com\/casadecampoliving.com\/wp-content\/uploads\/2022\/10\/Personal_Clinica-de-Familia_2013-c-1.jpg?fit=650%2C311&ssl=1&resize=350%2C200 1x, https:\/\/i0.wp.com\/casadecampoliving.com\/wp-content\/uploads\/2022\/10\/Personal_Clinica-de-Familia_2013-c-1.jpg?fit=650%2C311&ssl=1&resize=525%2C300 1.5x"},"classes":[]},{"id":354151,"url":"https:\/\/casadecampoliving.com\/es\/clinica-de-familia-la-romana-reconoce-a-las-religiosas-adoratrices-en-una-despedida-emotiva\/","url_meta":{"origin":344237,"position":2},"title":"Cl\u00ednica de Familia La Romana Reconoce a las Religiosas  Adoratrices en una Despedida Emotiva","author":"Casa de Campo Living","date":"16 Sep, 2021","format":false,"excerpt":"El pasado 7 de septiembre Cl\u00ednica de Familia La Romana realiz\u00f3 una actividad con el objetivo de agradecer a las Religiosas Adoratrices su trabajo de 30 a\u00f1os en la comunidad de La Romana. La actividad dio inicio con las palabras de bienvenida a cargo de la Presidenta de la Junta\u2026","rel":"","context":"En \u00abCasa de Campo Living @es\u00bb","block_context":{"text":"Casa de Campo Living @es","link":"https:\/\/casadecampoliving.com\/category\/casa-de-campo-living-es\/"},"img":{"alt_text":"","src":"https:\/\/i0.wp.com\/casadecampoliving.com\/wp-content\/uploads\/2022\/10\/IMG_6550-1-1.jpg?fit=1000%2C667&ssl=1&resize=350%2C200","width":350,"height":200,"srcset":"https:\/\/i0.wp.com\/casadecampoliving.com\/wp-content\/uploads\/2022\/10\/IMG_6550-1-1.jpg?fit=1000%2C667&ssl=1&resize=350%2C200 1x, https:\/\/i0.wp.com\/casadecampoliving.com\/wp-content\/uploads\/2022\/10\/IMG_6550-1-1.jpg?fit=1000%2C667&ssl=1&resize=525%2C300 1.5x, https:\/\/i0.wp.com\/casadecampoliving.com\/wp-content\/uploads\/2022\/10\/IMG_6550-1-1.jpg?fit=1000%2C667&ssl=1&resize=700%2C400 2x"},"classes":[]},{"id":353562,"url":"https:\/\/casadecampoliving.com\/es\/celebracion-de-20-anos-de-clinica-de-familia-la-romana-brindando-servicios-en-la-comunidad\/","url_meta":{"origin":344237,"position":3},"title":"Celebraci\u00f3n de 20 A\u00f1os de Cl\u00ednica de Familia La Romana brindando servicios en la comunidad","author":"Casa de Campo Living","date":"30 Sep, 2019","format":false,"excerpt":"El pasado viernes, 20 de septiembre Cl\u00ednica de Familia La Romana celebr\u00f3 su trayectoria de trabajo de 20 a\u00f1os brindando servicios de salud a la comunidad de La Romana y gran parte de la regi\u00f3n este. Como parte de las festividades, se realiz\u00f3 durante el d\u00eda la celebraci\u00f3n con todos\u2026","rel":"","context":"En \u00abM\u00e1s all\u00e1 de Casa\u00bb","block_context":{"text":"M\u00e1s all\u00e1 de Casa","link":"https:\/\/casadecampoliving.com\/es\/category\/mas-alla-de-casa-es\/"},"img":{"alt_text":"","src":"https:\/\/i0.wp.com\/casadecampoliving.com\/wp-content\/uploads\/2022\/10\/IMG_2542-1.jpg?fit=1000%2C667&ssl=1&resize=350%2C200","width":350,"height":200,"srcset":"https:\/\/i0.wp.com\/casadecampoliving.com\/wp-content\/uploads\/2022\/10\/IMG_2542-1.jpg?fit=1000%2C667&ssl=1&resize=350%2C200 1x, https:\/\/i0.wp.com\/casadecampoliving.com\/wp-content\/uploads\/2022\/10\/IMG_2542-1.jpg?fit=1000%2C667&ssl=1&resize=525%2C300 1.5x, https:\/\/i0.wp.com\/casadecampoliving.com\/wp-content\/uploads\/2022\/10\/IMG_2542-1.jpg?fit=1000%2C667&ssl=1&resize=700%2C400 2x"},"classes":[]},{"id":524233,"url":"https:\/\/casadecampoliving.com\/es\/clinica-de-familia-la-romana-firma-acuerdos-con-organizaciones-locales-para-la-prestacion-de-servicios-de-salud\/","url_meta":{"origin":344237,"position":4},"title":"Cl\u00ednica de Familia La Romana Firma Acuerdos con Organizaciones Locales para la prestaci\u00f3n de Servicios de Salud","author":"Casa de Campo Living","date":"7 Nov, 2023","format":false,"excerpt":"La Cl\u00ednica de Familia La Romana firm\u00f3 recientemente acuerdos inter-institucionales con diferentes organizaciones no gubernamentales en la regi\u00f3n este pa\u00eds. Estas organizaciones incluyen Rotary La Romana Flor del Este, Grupo de Apoyo Este Amor, Trans Este Podemos Avanzar, Fundaci\u00f3n Sol y Luna y Movimiento GLBTI. Estos acuerdos buscan fomentar el\u2026","rel":"","context":"En \u00abUncategorized @es\u00bb","block_context":{"text":"Uncategorized @es","link":"https:\/\/casadecampoliving.com\/es\/category\/uncategorized-es\/"},"img":{"alt_text":"","src":"https:\/\/i0.wp.com\/casadecampoliving.com\/wp-content\/uploads\/2023\/11\/Clinica-de-Familia-La-Romana-Foto-Nota-Acuerdo.jpeg?fit=768%2C1024&ssl=1&resize=350%2C200","width":350,"height":200,"srcset":"https:\/\/i0.wp.com\/casadecampoliving.com\/wp-content\/uploads\/2023\/11\/Clinica-de-Familia-La-Romana-Foto-Nota-Acuerdo.jpeg?fit=768%2C1024&ssl=1&resize=350%2C200 1x, https:\/\/i0.wp.com\/casadecampoliving.com\/wp-content\/uploads\/2023\/11\/Clinica-de-Familia-La-Romana-Foto-Nota-Acuerdo.jpeg?fit=768%2C1024&ssl=1&resize=525%2C300 1.5x, https:\/\/i0.wp.com\/casadecampoliving.com\/wp-content\/uploads\/2023\/11\/Clinica-de-Familia-La-Romana-Foto-Nota-Acuerdo.jpeg?fit=768%2C1024&ssl=1&resize=700%2C400 2x"},"classes":[]},{"id":345398,"url":"https:\/\/casadecampoliving.com\/es\/visita-del-embajador-james-brewster-clinica-de-familia\/","url_meta":{"origin":344237,"position":5},"title":"Visita del Embajador James Brewster a Cl\u00ednica de Familia","author":"Perkin Agramonte","date":"19 Sep, 2014","format":false,"excerpt":"El viernes de la semana pasada, el Embajador de los Estados Unidos en la Rep\u00fablica Dominicana, James Brewster, visit\u00f3 la ciudad de La Romana, espec\u00edficamente la Cl\u00ednica de Familia, para conocer sus instalaciones y observar el buen trabajo que esta cl\u00ednica ha venido realizando en los \u00faltimos a\u00f1os. Tras su\u2026","rel":"","context":"En \u00abCasa de Campo Living @es\u00bb","block_context":{"text":"Casa de Campo Living @es","link":"https:\/\/casadecampoliving.com\/category\/casa-de-campo-living-es\/"},"img":{"alt_text":"","src":"https:\/\/i0.wp.com\/casadecampoliving.com\/wp-content\/uploads\/2022\/10\/Embajador_Clinica-de-Familia-La-Romana-scaled.jpg?fit=1200%2C900&ssl=1&resize=350%2C200","width":350,"height":200,"srcset":"https:\/\/i0.wp.com\/casadecampoliving.com\/wp-content\/uploads\/2022\/10\/Embajador_Clinica-de-Familia-La-Romana-scaled.jpg?fit=1200%2C900&ssl=1&resize=350%2C200 1x, https:\/\/i0.wp.com\/casadecampoliving.com\/wp-content\/uploads\/2022\/10\/Embajador_Clinica-de-Familia-La-Romana-scaled.jpg?fit=1200%2C900&ssl=1&resize=525%2C300 1.5x, https:\/\/i0.wp.com\/casadecampoliving.com\/wp-content\/uploads\/2022\/10\/Embajador_Clinica-de-Familia-La-Romana-scaled.jpg?fit=1200%2C900&ssl=1&resize=700%2C400 2x, https:\/\/i0.wp.com\/casadecampoliving.com\/wp-content\/uploads\/2022\/10\/Embajador_Clinica-de-Familia-La-Romana-scaled.jpg?fit=1200%2C900&ssl=1&resize=1050%2C600 3x"},"classes":[]}],"jetpack_sharing_enabled":true,"_links":{"self":[{"href":"https:\/\/casadecampoliving.com\/es\/wp-json\/wp\/v2\/posts\/344237","targetHints":{"allow":["GET"]}}],"collection":[{"href":"https:\/\/casadecampoliving.com\/es\/wp-json\/wp\/v2\/posts"}],"about":[{"href":"https:\/\/casadecampoliving.com\/es\/wp-json\/wp\/v2\/types\/post"}],"author":[{"embeddable":true,"href":"https:\/\/casadecampoliving.com\/es\/wp-json\/wp\/v2\/users\/1097"}],"replies":[{"embeddable":true,"href":"https:\/\/casadecampoliving.com\/es\/wp-json\/wp\/v2\/comments?post=344237"}],"version-history":[{"count":1,"href":"https:\/\/casadecampoliving.com\/es\/wp-json\/wp\/v2\/posts\/344237\/revisions"}],"predecessor-version":[{"id":344238,"href":"https:\/\/casadecampoliving.com\/es\/wp-json\/wp\/v2\/posts\/344237\/revisions\/344238"}],"wp:featuredmedia":[{"embeddable":true,"href":"https:\/\/casadecampoliving.com\/es\/wp-json\/wp\/v2\/media\/232362"}],"wp:attachment":[{"href":"https:\/\/casadecampoliving.com\/es\/wp-json\/wp\/v2\/media?parent=344237"}],"wp:term":[{"taxonomy":"category","embeddable":true,"href":"https:\/\/casadecampoliving.com\/es\/wp-json\/wp\/v2\/categories?post=344237"},{"taxonomy":"post_tag","embeddable":true,"href":"https:\/\/casadecampoliving.com\/es\/wp-json\/wp\/v2\/tags?post=344237"},{"taxonomy":"newspack_spnsrs_tax","embeddable":true,"href":"https:\/\/casadecampoliving.com\/es\/wp-json\/wp\/v2\/newspack_spnsrs_tax?post=344237"}],"curies":[{"name":"wp","href":"https:\/\/api.w.org\/{rel}","templated":true}]}}