{"id":344199,"date":"2014-04-16T00:00:00","date_gmt":"2014-04-16T04:00:00","guid":{"rendered":"https:\/\/casadecampoliving.com\/iii-polo-bajo-luces-este-jueves\/"},"modified":"2022-10-21T18:52:35","modified_gmt":"2022-10-21T22:52:35","slug":"iii-polo-bajo-luces-este-jueves","status":"publish","type":"post","link":"https:\/\/casadecampoliving.com\/es\/iii-polo-bajo-luces-este-jueves\/","title":{"rendered":"III Polo Bajo Luces &#8211; este jueves"},"content":{"rendered":"<div class=\"wp-block-image\">\n<figure class=\"aligncenter is-resized\"><img loading=\"lazy\" decoding=\"async\" src=\"https:\/\/i0.wp.com\/casadecampoliving.com\/wp-content\/uploads\/2022\/10\/polo_casa_de_campo-4.jpg?resize=650%2C405&amp;ssl=1\" alt=\"polo Casa de Campo\" class=\"wp-image-86406\" height=\"405\" width=\"650\"\/><\/figure>\n<\/div>\n\n\n<p>Les invitamos cordialmente unirse a nosotros este jueves 17 de abril para la 3\u00ba edici\u00f3n del evento mensual Polo Bajo Luces en el Centro Ecuestre Casa de Campo.<\/p>\n\n\n\n<p>Aunque ha sido programado a efectuarse cada tercer viernes del mes, como esta vez ser\u00e1 Viernes Santo, esta divertida, amistosa y familiar actividad ha sido reprogramada para celebrarse el jueves.<\/p>\n\n\n\n<!--more-->\n\n\n\n<p>Esta sofisticada celebraci\u00f3n casual, la cual fusiona polo, polo en burro y hamburguesas&nbsp;es la mejor manera de iniciar las celebraciones de Semana Santa. \u00bfQu\u00e9 podr\u00eda ser mejor?<\/p>\n\n\n\n<p>Polo Bajo Luces es presentado a ustedes por SILGON, Casa de Campo Living y el resort Casa de Campo.<\/p>\n\n\n<div class=\"wp-block-image\">\n<figure class=\"aligncenter is-resized\"><img loading=\"lazy\" decoding=\"async\" src=\"https:\/\/i0.wp.com\/casadecampoliving.com\/wp-content\/uploads\/2022\/10\/donkey_polo_casa_de_campo.jpg?resize=650%2C443&amp;ssl=1\" alt=\"donkey polo Casa de Campo\" class=\"wp-image-86408\" height=\"443\" width=\"650\"\/><\/figure>\n<\/div>\n\n\n<p>Habr\u00e1 tambi\u00e9n un bar y una estaci\u00f3n de hamburguesas por parte de Casa de Campo, haciendo de esto una excelente opci\u00f3n para una noche casual entre la familia y\/o amigos.<\/p>\n\n\n\n<p>Haga clic en los siguiente enlaces para ver las fotos de las celebraciones anteriores de Polo bajo Luces:<\/p>\n\n\n\n<p><a href=\"https:\/\/casadecampoliving.com\/es\/1er-polo-bajo-luces-una-estampida-exitosa\/\"><strong>1er \u201cPolo Under The Lights\u201d una estampida exitosa<\/strong><\/a><\/p>\n\n\n\n<p><strong><a href=\"https:\/\/casadecampoliving.com\/es\/equipo-casa-de-campo-se-lleva-la-victoria-en-polo-bajo-luces\/\">Equipo Casa de Campo se lleva la victoria en \u201cPolo under the Lights\u201d&nbsp;<\/a><\/strong><\/p>\n\n\n\n<p>Tambi\u00e9n llev\u00e1ndose a cabo esta semana est\u00e1 la 10\u00ba edici\u00f3n del torneo de polo Casa de Campo Copa Semana Santa presentado por la revista CasaLife. Los juegos semifinales se realizar\u00e1n hoy, martes y jueves a las 3pm &amp; 5pm, mientras que las finales y la celebraci\u00f3n ser\u00e1n el s\u00e1bado a partir de las 3pm. <a href=\"https:\/\/casadecampoliving.com\/es\/10-casa-de-campo-copa-semana-santa\/\">Haga clic aqu\u00ed para m\u00e1s informaci\u00f3n.<\/a><\/p>\n\n\n\n<blockquote><p><strong>\u00a1Polo Bajo Luces!<\/strong><\/p><p><strong>Fecha:<\/strong>&nbsp;Jueves 17 de abril, a partir de las 7pm*<\/p><p><strong>Lugar:<\/strong>&nbsp;La arena en el Centro Ecuestre, Casa de Campo<\/p><p><strong>Costo:<\/strong>&nbsp;Gratis! (incluso la participaci\u00f3n en el torneo polo en burro es GRATIS)<\/p><p style=\"padding-left: 30px;\">* Polo Bajo Luces normalmente se efect\u00faa cada tercer viernes del mes, pero en esta ocasi\u00f3n debido a que es Viernes Santo (18 de abril), ser\u00e1 realizada el jueves.<\/p><p><strong>Men\u00fa:<\/strong><\/p><figure><a href=\"https:\/\/i0.wp.com\/casadecampoliving.com\/wp-content\/uploads\/2022\/10\/casa_de_campo_polo-6.jpg?ssl=1\"><img decoding=\"async\" loading=\"lazy\" class=\"aligncenter size-full wp-image-86031\" alt=\"Casa de Campo polo\" src=\"https:\/\/i0.wp.com\/casadecampoliving.com\/wp-content\/uploads\/2022\/10\/casa_de_campo_polo-6.jpg?resize=600%2C1097&amp;ssl=1\" width=\"600\" height=\"1097\"><\/a><\/figure><\/blockquote>\n","protected":false},"excerpt":{"rendered":"<p>Les invitamos cordialmente unirse a nosotros este jueves 17 de abril para la 3\u00ba edici\u00f3n del evento mensual Polo Bajo Luces en el Centro Ecuestre Casa de Campo. Aunque ha sido programado a efectuarse cada tercer viernes del mes, como esta vez ser\u00e1 Viernes Santo, esta divertida, amistosa y familiar actividad ha sido reprogramada para [&hellip;]<\/p>\n","protected":false},"author":1097,"featured_media":230944,"comment_status":"closed","ping_status":"closed","sticky":false,"template":"","format":"standard","meta":{"newspack_ads_suppress_ads":false,"newspack_popups_has_disabled_popups":false,"newspack_sponsor_sponsorship_scope":"","newspack_sponsor_native_byline_display":"inherit","newspack_sponsor_native_category_display":"inherit","newspack_sponsor_underwriter_style":"inherit","newspack_sponsor_underwriter_placement":"inherit","_newspack_byline_active":false,"_newspack_byline":"","newspack_hide_updated_date":false,"newspack_show_updated_date":false,"newspack_content_restriction_is_exempt":false,"newspack_featured_image_position":"","newspack_post_subtitle":"","newspack_article_summary_title":"Overview:","newspack_article_summary":"","_jetpack_memberships_contains_paid_content":false,"footnotes":"","jetpack_publicize_message":"","jetpack_publicize_feature_enabled":true,"jetpack_social_post_already_shared":false,"jetpack_social_options":{"image_generator_settings":{"template":"highway","default_image_id":0,"font":"","enabled":false},"version":2},"_wpas_customize_per_network":false},"categories":[26936,26951,2525,2524,14631,2522,14625,14627,2521,26822],"tags":[24387,6371,8724,8594,7502],"newspack_spnsrs_tax":[],"class_list":["post-344199","post","type-post","status-publish","format-standard","has-post-thumbnail","hentry","category-casa-de-campo-living-es","category-ccl-presenta","category-golf-deportes-es","category-destacados","category-estilo-de-vida","category-eventos-es","category-noticias-locales","category-proximamente","category-republica-dominicana-2","category-resort-casa-de-campo","tag-casa-de-campo-living-es","tag-casa-de-campo-resort-es","tag-dude-ranch-es","tag-polo-bajo-luces","tag-silgon-es","entry"],"yoast_head":"<!-- This site is optimized with the Yoast SEO plugin v27.5 - https:\/\/yoast.com\/product\/yoast-seo-wordpress\/ -->\n<title>III Polo Bajo Luces - este jueves | Casa de Campo Living<\/title>\n<meta name=\"description\" content=\"Les invitamos cordialmente unirse a nosotros este jueves 17 de abril para la 3\u00ba edici\u00f3n del evento mensual Polo Bajo Luces en el Centro Ecuestre Casa de\" \/>\n<meta name=\"robots\" content=\"index, follow, max-snippet:-1, max-image-preview:large, max-video-preview:-1\" \/>\n<link rel=\"canonical\" href=\"https:\/\/casadecampoliving.com\/es\/iii-polo-bajo-luces-este-jueves\/\" \/>\n<meta property=\"og:locale\" content=\"es_ES\" \/>\n<meta property=\"og:type\" content=\"article\" \/>\n<meta property=\"og:title\" content=\"III Polo Bajo Luces - este jueves | Casa de Campo Living\" \/>\n<meta property=\"og:description\" content=\"Les invitamos cordialmente unirse a nosotros este jueves 17 de abril para la 3\u00ba edici\u00f3n del evento mensual Polo Bajo Luces en el Centro Ecuestre Casa de\" \/>\n<meta property=\"og:url\" content=\"https:\/\/casadecampoliving.com\/es\/iii-polo-bajo-luces-este-jueves\/\" \/>\n<meta property=\"og:site_name\" content=\"Casa de Campo Living\" \/>\n<meta property=\"article:publisher\" content=\"https:\/\/www.facebook.com\/casadecampoliving\" \/>\n<meta property=\"article:published_time\" content=\"2014-04-16T04:00:00+00:00\" \/>\n<meta property=\"article:modified_time\" content=\"2022-10-21T22:52:35+00:00\" \/>\n<meta property=\"og:image\" content=\"https:\/\/i0.wp.com\/casadecampoliving.com\/wp-content\/uploads\/2022\/10\/polo_casa_de_campo-5.jpg?fit=650%2C405&ssl=1\" \/>\n\t<meta property=\"og:image:width\" content=\"650\" \/>\n\t<meta property=\"og:image:height\" content=\"405\" \/>\n\t<meta property=\"og:image:type\" content=\"image\/jpeg\" \/>\n<meta name=\"author\" content=\"Perkin Agramonte\" \/>\n<meta name=\"twitter:card\" content=\"summary_large_image\" \/>\n<meta name=\"twitter:creator\" content=\"@cdcliving\" \/>\n<meta name=\"twitter:site\" content=\"@cdcliving\" \/>\n<meta name=\"twitter:label1\" content=\"Escrito por\" \/>\n\t<meta name=\"twitter:data1\" content=\"Perkin Agramonte\" \/>\n\t<meta name=\"twitter:label2\" content=\"Tiempo de lectura\" \/>\n\t<meta name=\"twitter:data2\" content=\"2 minutos\" \/>\n<script type=\"application\/ld+json\" class=\"yoast-schema-graph\">{\"@context\":\"https:\\\/\\\/schema.org\",\"@graph\":[{\"@type\":\"Article\",\"@id\":\"https:\\\/\\\/casadecampoliving.com\\\/es\\\/iii-polo-bajo-luces-este-jueves\\\/#article\",\"isPartOf\":{\"@id\":\"https:\\\/\\\/casadecampoliving.com\\\/es\\\/iii-polo-bajo-luces-este-jueves\\\/\"},\"author\":{\"name\":\"Perkin Agramonte\",\"@id\":\"https:\\\/\\\/casadecampoliving.com\\\/es\\\/#\\\/schema\\\/person\\\/c8efa6049510554b7d5fea078d728f72\"},\"headline\":\"III Polo Bajo Luces &#8211; este jueves\",\"datePublished\":\"2014-04-16T04:00:00+00:00\",\"dateModified\":\"2022-10-21T22:52:35+00:00\",\"mainEntityOfPage\":{\"@id\":\"https:\\\/\\\/casadecampoliving.com\\\/es\\\/iii-polo-bajo-luces-este-jueves\\\/\"},\"wordCount\":325,\"publisher\":{\"@id\":\"https:\\\/\\\/casadecampoliving.com\\\/es\\\/#organization\"},\"image\":{\"@id\":\"https:\\\/\\\/casadecampoliving.com\\\/es\\\/iii-polo-bajo-luces-este-jueves\\\/#primaryimage\"},\"thumbnailUrl\":\"https:\\\/\\\/i0.wp.com\\\/casadecampoliving.com\\\/wp-content\\\/uploads\\\/2022\\\/10\\\/polo_casa_de_campo-5.jpg?fit=650%2C405&ssl=1\",\"keywords\":[\"Casa de Campo Living\",\"casa de campo resort @es\",\"Dude Ranch @es\",\"Polo Bajo Luces\",\"SILGON @es\"],\"articleSection\":[\"Casa de Campo Living @es\",\"CCL presenta\",\"Deportes\",\"Destacados\",\"Estilo de Vida\",\"Eventos\",\"Noticias Locales\",\"Proximamente\",\"Rep\u00fablica Dominicana @es\",\"Resort Casa de Campo\"],\"inLanguage\":\"es\"},{\"@type\":\"WebPage\",\"@id\":\"https:\\\/\\\/casadecampoliving.com\\\/es\\\/iii-polo-bajo-luces-este-jueves\\\/\",\"url\":\"https:\\\/\\\/casadecampoliving.com\\\/es\\\/iii-polo-bajo-luces-este-jueves\\\/\",\"name\":\"III Polo Bajo Luces - este jueves | Casa de Campo Living\",\"isPartOf\":{\"@id\":\"https:\\\/\\\/casadecampoliving.com\\\/es\\\/#website\"},\"primaryImageOfPage\":{\"@id\":\"https:\\\/\\\/casadecampoliving.com\\\/es\\\/iii-polo-bajo-luces-este-jueves\\\/#primaryimage\"},\"image\":{\"@id\":\"https:\\\/\\\/casadecampoliving.com\\\/es\\\/iii-polo-bajo-luces-este-jueves\\\/#primaryimage\"},\"thumbnailUrl\":\"https:\\\/\\\/i0.wp.com\\\/casadecampoliving.com\\\/wp-content\\\/uploads\\\/2022\\\/10\\\/polo_casa_de_campo-5.jpg?fit=650%2C405&ssl=1\",\"datePublished\":\"2014-04-16T04:00:00+00:00\",\"dateModified\":\"2022-10-21T22:52:35+00:00\",\"description\":\"Les invitamos cordialmente unirse a nosotros este jueves 17 de abril para la 3\u00ba edici\u00f3n del evento mensual Polo Bajo Luces en el Centro Ecuestre Casa de\",\"breadcrumb\":{\"@id\":\"https:\\\/\\\/casadecampoliving.com\\\/es\\\/iii-polo-bajo-luces-este-jueves\\\/#breadcrumb\"},\"inLanguage\":\"es\",\"potentialAction\":[{\"@type\":\"ReadAction\",\"target\":[\"https:\\\/\\\/casadecampoliving.com\\\/es\\\/iii-polo-bajo-luces-este-jueves\\\/\"]}]},{\"@type\":\"ImageObject\",\"inLanguage\":\"es\",\"@id\":\"https:\\\/\\\/casadecampoliving.com\\\/es\\\/iii-polo-bajo-luces-este-jueves\\\/#primaryimage\",\"url\":\"https:\\\/\\\/i0.wp.com\\\/casadecampoliving.com\\\/wp-content\\\/uploads\\\/2022\\\/10\\\/polo_casa_de_campo-5.jpg?fit=650%2C405&ssl=1\",\"contentUrl\":\"https:\\\/\\\/i0.wp.com\\\/casadecampoliving.com\\\/wp-content\\\/uploads\\\/2022\\\/10\\\/polo_casa_de_campo-5.jpg?fit=650%2C405&ssl=1\",\"width\":650,\"height\":405,\"caption\":\"polo Casa de Campo\"},{\"@type\":\"BreadcrumbList\",\"@id\":\"https:\\\/\\\/casadecampoliving.com\\\/es\\\/iii-polo-bajo-luces-este-jueves\\\/#breadcrumb\",\"itemListElement\":[{\"@type\":\"ListItem\",\"position\":1,\"name\":\"Home\",\"item\":\"https:\\\/\\\/casadecampoliving.com\\\/es\\\/\"},{\"@type\":\"ListItem\",\"position\":2,\"name\":\"III Polo Bajo Luces &#8211; este jueves\"}]},{\"@type\":\"WebSite\",\"@id\":\"https:\\\/\\\/casadecampoliving.com\\\/es\\\/#website\",\"url\":\"https:\\\/\\\/casadecampoliving.com\\\/es\\\/\",\"name\":\"Casa de Campo Living\",\"description\":\"Resort community news and resources.\",\"publisher\":{\"@id\":\"https:\\\/\\\/casadecampoliving.com\\\/es\\\/#organization\"},\"potentialAction\":[{\"@type\":\"SearchAction\",\"target\":{\"@type\":\"EntryPoint\",\"urlTemplate\":\"https:\\\/\\\/casadecampoliving.com\\\/es\\\/?s={search_term_string}\"},\"query-input\":{\"@type\":\"PropertyValueSpecification\",\"valueRequired\":true,\"valueName\":\"search_term_string\"}}],\"inLanguage\":\"es\"},{\"@type\":\"Organization\",\"@id\":\"https:\\\/\\\/casadecampoliving.com\\\/es\\\/#organization\",\"name\":\"Casa de Campo Living\",\"url\":\"https:\\\/\\\/casadecampoliving.com\\\/es\\\/\",\"logo\":{\"@type\":\"ImageObject\",\"inLanguage\":\"es\",\"@id\":\"https:\\\/\\\/casadecampoliving.com\\\/es\\\/#\\\/schema\\\/logo\\\/image\\\/\",\"url\":\"https:\\\/\\\/i0.wp.com\\\/casadecampoliving.com\\\/wp-content\\\/uploads\\\/2022\\\/07\\\/CDCLivingLogo_V1-white-sized.png?fit=800%2C214&ssl=1\",\"contentUrl\":\"https:\\\/\\\/i0.wp.com\\\/casadecampoliving.com\\\/wp-content\\\/uploads\\\/2022\\\/07\\\/CDCLivingLogo_V1-white-sized.png?fit=800%2C214&ssl=1\",\"width\":800,\"height\":214,\"caption\":\"Casa de Campo Living\"},\"image\":{\"@id\":\"https:\\\/\\\/casadecampoliving.com\\\/es\\\/#\\\/schema\\\/logo\\\/image\\\/\"},\"sameAs\":[\"https:\\\/\\\/www.facebook.com\\\/casadecampoliving\",\"https:\\\/\\\/x.com\\\/cdcliving\"]},{\"@type\":\"Person\",\"@id\":\"https:\\\/\\\/casadecampoliving.com\\\/es\\\/#\\\/schema\\\/person\\\/c8efa6049510554b7d5fea078d728f72\",\"name\":\"Perkin Agramonte\",\"image\":{\"@type\":\"ImageObject\",\"inLanguage\":\"es\",\"@id\":\"https:\\\/\\\/secure.gravatar.com\\\/avatar\\\/57bfdafcae55fb83dbb79a1585a9eab7f269b7720fb0b64cb9a4e0cd2962fa10?s=96&d=mm&r=g\",\"url\":\"https:\\\/\\\/secure.gravatar.com\\\/avatar\\\/57bfdafcae55fb83dbb79a1585a9eab7f269b7720fb0b64cb9a4e0cd2962fa10?s=96&d=mm&r=g\",\"contentUrl\":\"https:\\\/\\\/secure.gravatar.com\\\/avatar\\\/57bfdafcae55fb83dbb79a1585a9eab7f269b7720fb0b64cb9a4e0cd2962fa10?s=96&d=mm&r=g\",\"caption\":\"Perkin Agramonte\"},\"url\":\"https:\\\/\\\/casadecampoliving.com\\\/es\\\/author\\\/cagramonte\\\/\"}]}<\/script>\n<!-- \/ Yoast SEO plugin. -->","yoast_head_json":{"title":"III Polo Bajo Luces - este jueves | Casa de Campo Living","description":"Les invitamos cordialmente unirse a nosotros este jueves 17 de abril para la 3\u00ba edici\u00f3n del evento mensual Polo Bajo Luces en el Centro Ecuestre Casa de","robots":{"index":"index","follow":"follow","max-snippet":"max-snippet:-1","max-image-preview":"max-image-preview:large","max-video-preview":"max-video-preview:-1"},"canonical":"https:\/\/casadecampoliving.com\/es\/iii-polo-bajo-luces-este-jueves\/","og_locale":"es_ES","og_type":"article","og_title":"III Polo Bajo Luces - este jueves | Casa de Campo Living","og_description":"Les invitamos cordialmente unirse a nosotros este jueves 17 de abril para la 3\u00ba edici\u00f3n del evento mensual Polo Bajo Luces en el Centro Ecuestre Casa de","og_url":"https:\/\/casadecampoliving.com\/es\/iii-polo-bajo-luces-este-jueves\/","og_site_name":"Casa de Campo Living","article_publisher":"https:\/\/www.facebook.com\/casadecampoliving","article_published_time":"2014-04-16T04:00:00+00:00","article_modified_time":"2022-10-21T22:52:35+00:00","og_image":[{"width":650,"height":405,"url":"https:\/\/i0.wp.com\/casadecampoliving.com\/wp-content\/uploads\/2022\/10\/polo_casa_de_campo-5.jpg?fit=650%2C405&ssl=1","type":"image\/jpeg"}],"author":"Perkin Agramonte","twitter_card":"summary_large_image","twitter_creator":"@cdcliving","twitter_site":"@cdcliving","twitter_misc":{"Escrito por":"Perkin Agramonte","Tiempo de lectura":"2 minutos"},"schema":{"@context":"https:\/\/schema.org","@graph":[{"@type":"Article","@id":"https:\/\/casadecampoliving.com\/es\/iii-polo-bajo-luces-este-jueves\/#article","isPartOf":{"@id":"https:\/\/casadecampoliving.com\/es\/iii-polo-bajo-luces-este-jueves\/"},"author":{"name":"Perkin Agramonte","@id":"https:\/\/casadecampoliving.com\/es\/#\/schema\/person\/c8efa6049510554b7d5fea078d728f72"},"headline":"III Polo Bajo Luces &#8211; este jueves","datePublished":"2014-04-16T04:00:00+00:00","dateModified":"2022-10-21T22:52:35+00:00","mainEntityOfPage":{"@id":"https:\/\/casadecampoliving.com\/es\/iii-polo-bajo-luces-este-jueves\/"},"wordCount":325,"publisher":{"@id":"https:\/\/casadecampoliving.com\/es\/#organization"},"image":{"@id":"https:\/\/casadecampoliving.com\/es\/iii-polo-bajo-luces-este-jueves\/#primaryimage"},"thumbnailUrl":"https:\/\/i0.wp.com\/casadecampoliving.com\/wp-content\/uploads\/2022\/10\/polo_casa_de_campo-5.jpg?fit=650%2C405&ssl=1","keywords":["Casa de Campo Living","casa de campo resort @es","Dude Ranch @es","Polo Bajo Luces","SILGON @es"],"articleSection":["Casa de Campo Living @es","CCL presenta","Deportes","Destacados","Estilo de Vida","Eventos","Noticias Locales","Proximamente","Rep\u00fablica Dominicana @es","Resort Casa de Campo"],"inLanguage":"es"},{"@type":"WebPage","@id":"https:\/\/casadecampoliving.com\/es\/iii-polo-bajo-luces-este-jueves\/","url":"https:\/\/casadecampoliving.com\/es\/iii-polo-bajo-luces-este-jueves\/","name":"III Polo Bajo Luces - este jueves | Casa de Campo Living","isPartOf":{"@id":"https:\/\/casadecampoliving.com\/es\/#website"},"primaryImageOfPage":{"@id":"https:\/\/casadecampoliving.com\/es\/iii-polo-bajo-luces-este-jueves\/#primaryimage"},"image":{"@id":"https:\/\/casadecampoliving.com\/es\/iii-polo-bajo-luces-este-jueves\/#primaryimage"},"thumbnailUrl":"https:\/\/i0.wp.com\/casadecampoliving.com\/wp-content\/uploads\/2022\/10\/polo_casa_de_campo-5.jpg?fit=650%2C405&ssl=1","datePublished":"2014-04-16T04:00:00+00:00","dateModified":"2022-10-21T22:52:35+00:00","description":"Les invitamos cordialmente unirse a nosotros este jueves 17 de abril para la 3\u00ba edici\u00f3n del evento mensual Polo Bajo Luces en el Centro Ecuestre Casa de","breadcrumb":{"@id":"https:\/\/casadecampoliving.com\/es\/iii-polo-bajo-luces-este-jueves\/#breadcrumb"},"inLanguage":"es","potentialAction":[{"@type":"ReadAction","target":["https:\/\/casadecampoliving.com\/es\/iii-polo-bajo-luces-este-jueves\/"]}]},{"@type":"ImageObject","inLanguage":"es","@id":"https:\/\/casadecampoliving.com\/es\/iii-polo-bajo-luces-este-jueves\/#primaryimage","url":"https:\/\/i0.wp.com\/casadecampoliving.com\/wp-content\/uploads\/2022\/10\/polo_casa_de_campo-5.jpg?fit=650%2C405&ssl=1","contentUrl":"https:\/\/i0.wp.com\/casadecampoliving.com\/wp-content\/uploads\/2022\/10\/polo_casa_de_campo-5.jpg?fit=650%2C405&ssl=1","width":650,"height":405,"caption":"polo Casa de Campo"},{"@type":"BreadcrumbList","@id":"https:\/\/casadecampoliving.com\/es\/iii-polo-bajo-luces-este-jueves\/#breadcrumb","itemListElement":[{"@type":"ListItem","position":1,"name":"Home","item":"https:\/\/casadecampoliving.com\/es\/"},{"@type":"ListItem","position":2,"name":"III Polo Bajo Luces &#8211; este jueves"}]},{"@type":"WebSite","@id":"https:\/\/casadecampoliving.com\/es\/#website","url":"https:\/\/casadecampoliving.com\/es\/","name":"Casa de Campo Living","description":"Resort community news and resources.","publisher":{"@id":"https:\/\/casadecampoliving.com\/es\/#organization"},"potentialAction":[{"@type":"SearchAction","target":{"@type":"EntryPoint","urlTemplate":"https:\/\/casadecampoliving.com\/es\/?s={search_term_string}"},"query-input":{"@type":"PropertyValueSpecification","valueRequired":true,"valueName":"search_term_string"}}],"inLanguage":"es"},{"@type":"Organization","@id":"https:\/\/casadecampoliving.com\/es\/#organization","name":"Casa de Campo Living","url":"https:\/\/casadecampoliving.com\/es\/","logo":{"@type":"ImageObject","inLanguage":"es","@id":"https:\/\/casadecampoliving.com\/es\/#\/schema\/logo\/image\/","url":"https:\/\/i0.wp.com\/casadecampoliving.com\/wp-content\/uploads\/2022\/07\/CDCLivingLogo_V1-white-sized.png?fit=800%2C214&ssl=1","contentUrl":"https:\/\/i0.wp.com\/casadecampoliving.com\/wp-content\/uploads\/2022\/07\/CDCLivingLogo_V1-white-sized.png?fit=800%2C214&ssl=1","width":800,"height":214,"caption":"Casa de Campo Living"},"image":{"@id":"https:\/\/casadecampoliving.com\/es\/#\/schema\/logo\/image\/"},"sameAs":["https:\/\/www.facebook.com\/casadecampoliving","https:\/\/x.com\/cdcliving"]},{"@type":"Person","@id":"https:\/\/casadecampoliving.com\/es\/#\/schema\/person\/c8efa6049510554b7d5fea078d728f72","name":"Perkin Agramonte","image":{"@type":"ImageObject","inLanguage":"es","@id":"https:\/\/secure.gravatar.com\/avatar\/57bfdafcae55fb83dbb79a1585a9eab7f269b7720fb0b64cb9a4e0cd2962fa10?s=96&d=mm&r=g","url":"https:\/\/secure.gravatar.com\/avatar\/57bfdafcae55fb83dbb79a1585a9eab7f269b7720fb0b64cb9a4e0cd2962fa10?s=96&d=mm&r=g","contentUrl":"https:\/\/secure.gravatar.com\/avatar\/57bfdafcae55fb83dbb79a1585a9eab7f269b7720fb0b64cb9a4e0cd2962fa10?s=96&d=mm&r=g","caption":"Perkin Agramonte"},"url":"https:\/\/casadecampoliving.com\/es\/author\/cagramonte\/"}]}},"parsely":{"version":"1.1.0","canonical_url":"https:\/\/casadecampoliving.com\/es\/iii-polo-bajo-luces-este-jueves\/","smart_links":{"inbound":0,"outbound":0},"traffic_boost_suggestions_count":0,"meta":{"@context":"https:\/\/schema.org","@type":"NewsArticle","headline":"III Polo Bajo Luces &#8211; este jueves","url":"http:\/\/casadecampoliving.com\/es\/iii-polo-bajo-luces-este-jueves\/","mainEntityOfPage":{"@type":"WebPage","@id":"http:\/\/casadecampoliving.com\/es\/iii-polo-bajo-luces-este-jueves\/"},"thumbnailUrl":"https:\/\/i0.wp.com\/casadecampoliving.com\/wp-content\/uploads\/2022\/10\/polo_casa_de_campo-5.jpg?resize=150%2C150&ssl=1","image":{"@type":"ImageObject","url":"https:\/\/i0.wp.com\/casadecampoliving.com\/wp-content\/uploads\/2022\/10\/polo_casa_de_campo-5.jpg?fit=650%2C405&ssl=1"},"articleSection":"CCL presenta","author":[{"@type":"Person","name":"Perkin Agramonte"}],"creator":["Perkin Agramonte"],"publisher":{"@type":"Organization","name":"Casa de Campo Living","logo":"https:\/\/casadecampoliving.com\/wp-content\/uploads\/2022\/07\/CDCLivingLogo_V1-white-sized.png"},"keywords":["casa de campo living","casa de campo resort @es","dude ranch @es","polo bajo luces","silgon @es"],"dateCreated":"2014-04-16T04:00:00Z","datePublished":"2014-04-16T04:00:00Z","dateModified":"2022-10-21T22:52:35Z"},"rendered":"<script type=\"application\/ld+json\" class=\"wp-parsely-metadata\">{\"@context\":\"https:\\\/\\\/schema.org\",\"@type\":\"NewsArticle\",\"headline\":\"III Polo Bajo Luces &#8211; este jueves\",\"url\":\"http:\\\/\\\/casadecampoliving.com\\\/es\\\/iii-polo-bajo-luces-este-jueves\\\/\",\"mainEntityOfPage\":{\"@type\":\"WebPage\",\"@id\":\"http:\\\/\\\/casadecampoliving.com\\\/es\\\/iii-polo-bajo-luces-este-jueves\\\/\"},\"thumbnailUrl\":\"https:\\\/\\\/i0.wp.com\\\/casadecampoliving.com\\\/wp-content\\\/uploads\\\/2022\\\/10\\\/polo_casa_de_campo-5.jpg?resize=150%2C150&ssl=1\",\"image\":{\"@type\":\"ImageObject\",\"url\":\"https:\\\/\\\/i0.wp.com\\\/casadecampoliving.com\\\/wp-content\\\/uploads\\\/2022\\\/10\\\/polo_casa_de_campo-5.jpg?fit=650%2C405&ssl=1\"},\"articleSection\":\"CCL presenta\",\"author\":[{\"@type\":\"Person\",\"name\":\"Perkin Agramonte\"}],\"creator\":[\"Perkin Agramonte\"],\"publisher\":{\"@type\":\"Organization\",\"name\":\"Casa de Campo Living\",\"logo\":\"https:\\\/\\\/casadecampoliving.com\\\/wp-content\\\/uploads\\\/2022\\\/07\\\/CDCLivingLogo_V1-white-sized.png\"},\"keywords\":[\"casa de campo living\",\"casa de campo resort @es\",\"dude ranch @es\",\"polo bajo luces\",\"silgon @es\"],\"dateCreated\":\"2014-04-16T04:00:00Z\",\"datePublished\":\"2014-04-16T04:00:00Z\",\"dateModified\":\"2022-10-21T22:52:35Z\"}<\/script>","tracker_url":"https:\/\/cdn.parsely.com\/keys\/casadecampoliving.com\/p.js"},"jetpack_publicize_connections":[],"jetpack_featured_media_url":"https:\/\/i0.wp.com\/casadecampoliving.com\/wp-content\/uploads\/2022\/10\/polo_casa_de_campo-5.jpg?fit=650%2C405&ssl=1","jetpack-related-posts":[{"id":344032,"url":"https:\/\/casadecampoliving.com\/es\/proximo-polo-lights-este-viernes-21-de-marzo\/","url_meta":{"origin":344199,"position":0},"title":"Pr\u00f3ximo \u00abPolo Under Lights\u00bb este viernes 21 de marzo","author":"Perkin Agramonte","date":"17 Mar, 2014","format":false,"excerpt":"Seguido del resonante \u00e9xito de la primera celebraci\u00f3n mensual de Polo Bajo Luces el viernes 21 de febrero, nos sentimos muy emocionados de anunciar que el pr\u00f3ximo est\u00e1 planeado para ser efectuado el viernes 21 de mayo. Es hora de buscar tu ropa de vaquero y prepararte para una divertida\u2026","rel":"","context":"En \u00abCasa de Campo Living @es\u00bb","block_context":{"text":"Casa de Campo Living @es","link":"https:\/\/casadecampoliving.com\/category\/casa-de-campo-living-es\/"},"img":{"alt_text":"","src":"https:\/\/i0.wp.com\/casadecampoliving.com\/wp-content\/uploads\/2022\/10\/PoloUnderLights-14.3.2014-2.jpg?fit=650%2C433&ssl=1&resize=350%2C200","width":350,"height":200,"srcset":"https:\/\/i0.wp.com\/casadecampoliving.com\/wp-content\/uploads\/2022\/10\/PoloUnderLights-14.3.2014-2.jpg?fit=650%2C433&ssl=1&resize=350%2C200 1x, https:\/\/i0.wp.com\/casadecampoliving.com\/wp-content\/uploads\/2022\/10\/PoloUnderLights-14.3.2014-2.jpg?fit=650%2C433&ssl=1&resize=525%2C300 1.5x"},"classes":[]},{"id":343888,"url":"https:\/\/casadecampoliving.com\/es\/polo-burros-hamburguesas-presentando-polo-debajo-de-las-luces\/","url_meta":{"origin":344199,"position":1},"title":"Polo, burros &#038; hamburguesas &#8211; presentando \u00abPolo under the lights\u00bb","author":"Genesis Perdomo","date":"17 Feb, 2014","format":false,"excerpt":"El pr\u00f3ximo viernes 21 de febrero, SILGON y Casa de Campo les invitan a su primer evento \u201cPolo under the lights\u201d-(Polo bajo las luces), una sofisticada celebraci\u00f3n casual, la cual combinar\u00e1 polo, polo en burro y hamburguesas! \u00bfQu\u00e9 podr\u00eda ser mejor? El concepto de \u201cPolo under the lights\u201d-(Polo bajo las\u2026","rel":"","context":"En \u00abCasa de Campo Living @es\u00bb","block_context":{"text":"Casa de Campo Living @es","link":"https:\/\/casadecampoliving.com\/category\/casa-de-campo-living-es\/"},"img":{"alt_text":"polo Casa de Campo","src":"https:\/\/i0.wp.com\/casadecampoliving.com\/wp-content\/uploads\/2022\/10\/PoloUnderLights-14.3.2014-1.jpg?fit=650%2C433&ssl=1&resize=350%2C200","width":350,"height":200,"srcset":"https:\/\/i0.wp.com\/casadecampoliving.com\/wp-content\/uploads\/2022\/10\/PoloUnderLights-14.3.2014-1.jpg?fit=650%2C433&ssl=1&resize=350%2C200 1x, https:\/\/i0.wp.com\/casadecampoliving.com\/wp-content\/uploads\/2022\/10\/PoloUnderLights-14.3.2014-1.jpg?fit=650%2C433&ssl=1&resize=525%2C300 1.5x"},"classes":[]},{"id":344083,"url":"https:\/\/casadecampoliving.com\/es\/equipo-casa-de-campo-se-lleva-la-victoria-en-polo-bajo-luces\/","url_meta":{"origin":344199,"position":2},"title":"Equipo Casa de Campo se lleva la victoria en \u00abPolo under the Lights\u00bb","author":"Perkin Agramonte","date":"27 Mar, 2014","format":false,"excerpt":"El pasado viernes 21 de marzo, el resort Casa de Campo y Casa de Campo Living, nos trajeron la segunda edici\u00f3n de \"Polo under the Lights\"... y afortunadamente esta vez no hubo lluvia. Una vez m\u00e1s en este rapido y furioso torneo, se midieron cuerpo a cuerpo los dos equipos\u2026","rel":"","context":"En \u00abCasa de Campo Living @es\u00bb","block_context":{"text":"Casa de Campo Living @es","link":"https:\/\/casadecampoliving.com\/category\/casa-de-campo-living-es\/"},"img":{"alt_text":"Polo under the Lights Casa de Campo","src":"https:\/\/i0.wp.com\/casadecampoliving.com\/wp-content\/uploads\/2022\/10\/polo_under_the_lights_casa_de_campo-1.jpg?fit=650%2C390&ssl=1&resize=350%2C200","width":350,"height":200,"srcset":"https:\/\/i0.wp.com\/casadecampoliving.com\/wp-content\/uploads\/2022\/10\/polo_under_the_lights_casa_de_campo-1.jpg?fit=650%2C390&ssl=1&resize=350%2C200 1x, https:\/\/i0.wp.com\/casadecampoliving.com\/wp-content\/uploads\/2022\/10\/polo_under_the_lights_casa_de_campo-1.jpg?fit=650%2C390&ssl=1&resize=525%2C300 1.5x"},"classes":[]},{"id":433460,"url":"https:\/\/casadecampoliving.com\/es\/no-se-pierdan-el-increible-tributo-a-frank-sinatra-para-celebrar-el-40-aniversario-del-anfiteatro-altos-de-chavon\/","url_meta":{"origin":344199,"position":3},"title":"No se pierdan el incre\u00edble tributo a Frank Sinatra para celebrar el 40 aniversario del\u00a0Anfiteatro Altos de Chav\u00f3n","author":"Casa de Campo Living","date":"20 Oct, 2022","format":false,"excerpt":"Siendo uno de los escenarios m\u00e1s emblem\u00e1ticos del pa\u00eds, Casa de Campo Resort\u00ae & Villas celebra las cuatro d\u00e9cadas de aniversario de Altos de Chav\u00f3n con un tributo al gran Frank Sinatra, protagonizado por artistas invitados y una big band tal cual la que acompa\u00f1\u00f3 al artista hace 40 a\u00f1os\u2026","rel":"","context":"En \u00abUncategorized @es\u00bb","block_context":{"text":"Uncategorized @es","link":"https:\/\/casadecampoliving.com\/es\/category\/uncategorized-es\/"},"img":{"alt_text":"","src":"https:\/\/i0.wp.com\/casadecampoliving.com\/wp-content\/uploads\/2022\/10\/Tributo-Frank-Sinatra-Foto-Principal-Amaury-Sanchez-Danilo-Ginebra-Andres-Pichardo-y-Jose-Gabriel-Perez-.jpg?fit=1200%2C873&ssl=1&resize=350%2C200","width":350,"height":200,"srcset":"https:\/\/i0.wp.com\/casadecampoliving.com\/wp-content\/uploads\/2022\/10\/Tributo-Frank-Sinatra-Foto-Principal-Amaury-Sanchez-Danilo-Ginebra-Andres-Pichardo-y-Jose-Gabriel-Perez-.jpg?fit=1200%2C873&ssl=1&resize=350%2C200 1x, https:\/\/i0.wp.com\/casadecampoliving.com\/wp-content\/uploads\/2022\/10\/Tributo-Frank-Sinatra-Foto-Principal-Amaury-Sanchez-Danilo-Ginebra-Andres-Pichardo-y-Jose-Gabriel-Perez-.jpg?fit=1200%2C873&ssl=1&resize=525%2C300 1.5x, https:\/\/i0.wp.com\/casadecampoliving.com\/wp-content\/uploads\/2022\/10\/Tributo-Frank-Sinatra-Foto-Principal-Amaury-Sanchez-Danilo-Ginebra-Andres-Pichardo-y-Jose-Gabriel-Perez-.jpg?fit=1200%2C873&ssl=1&resize=700%2C400 2x, https:\/\/i0.wp.com\/casadecampoliving.com\/wp-content\/uploads\/2022\/10\/Tributo-Frank-Sinatra-Foto-Principal-Amaury-Sanchez-Danilo-Ginebra-Andres-Pichardo-y-Jose-Gabriel-Perez-.jpg?fit=1200%2C873&ssl=1&resize=1050%2C600 3x"},"classes":[]},{"id":344275,"url":"https:\/\/casadecampoliving.com\/es\/equipo-azimut-consigue-victoria-en-la-3o-edicion-de-polo-bajo-luces\/","url_meta":{"origin":344199,"position":4},"title":"Equipo Azimut consigue victoria en la 3\u00ba edici\u00f3n de Polo Bajo Luces","author":"Perkin Agramonte","date":"29 Abr, 2014","format":false,"excerpt":"El pasado jueves 17 de abril, se celebr\u00f3 en el rodeo Casa de Campo, la 3\u00ba edici\u00f3n de Polo Bajo Luces, un evento patrocinado por Casa de Campo, SILGON y Casa de Campo Living, en una noche super emocionante. Polo Bajo Luces es una divertida, amistosa y familiar actividad para\u2026","rel":"","context":"En \u00abCasa de Campo Living @es\u00bb","block_context":{"text":"Casa de Campo Living @es","link":"https:\/\/casadecampoliving.com\/category\/casa-de-campo-living-es\/"},"img":{"alt_text":"","src":"https:\/\/i0.wp.com\/casadecampoliving.com\/wp-content\/uploads\/2022\/10\/PUL_header-1.jpg?fit=650%2C434&ssl=1&resize=350%2C200","width":350,"height":200,"srcset":"https:\/\/i0.wp.com\/casadecampoliving.com\/wp-content\/uploads\/2022\/10\/PUL_header-1.jpg?fit=650%2C434&ssl=1&resize=350%2C200 1x, https:\/\/i0.wp.com\/casadecampoliving.com\/wp-content\/uploads\/2022\/10\/PUL_header-1.jpg?fit=650%2C434&ssl=1&resize=525%2C300 1.5x"},"classes":[]},{"id":343952,"url":"https:\/\/casadecampoliving.com\/es\/1er-polo-bajo-luces-una-estampida-exitosa\/","url_meta":{"origin":344199,"position":5},"title":"1er \u00abPolo Under The Lights\u00bb una estampida exitosa","author":"Perkin Agramonte","date":"27 Feb, 2014","format":false,"excerpt":"El pasado viernes 21 de febrero, cuando \"Polo Under The Lights\" se convirti\u00f3 en \"Polo bajo lluvia\", parec\u00eda que la noche ser\u00eda un completo desastre... pero a fin de cuentas result\u00f3 un Polo bajo Luces - en la lluvia - en virtud a una robusta grada bajo techo, as\u00ed como\u2026","rel":"","context":"En \u00abCasa de Campo Living @es\u00bb","block_context":{"text":"Casa de Campo Living @es","link":"https:\/\/casadecampoliving.com\/category\/casa-de-campo-living-es\/"},"img":{"alt_text":"polo Casa de Campo","src":"https:\/\/i0.wp.com\/casadecampoliving.com\/wp-content\/uploads\/2022\/10\/polo_casa_de_campo-5.jpg?fit=650%2C405&ssl=1&resize=350%2C200","width":350,"height":200,"srcset":"https:\/\/i0.wp.com\/casadecampoliving.com\/wp-content\/uploads\/2022\/10\/polo_casa_de_campo-5.jpg?fit=650%2C405&ssl=1&resize=350%2C200 1x, https:\/\/i0.wp.com\/casadecampoliving.com\/wp-content\/uploads\/2022\/10\/polo_casa_de_campo-5.jpg?fit=650%2C405&ssl=1&resize=525%2C300 1.5x"},"classes":[]}],"jetpack_sharing_enabled":true,"_links":{"self":[{"href":"https:\/\/casadecampoliving.com\/es\/wp-json\/wp\/v2\/posts\/344199","targetHints":{"allow":["GET"]}}],"collection":[{"href":"https:\/\/casadecampoliving.com\/es\/wp-json\/wp\/v2\/posts"}],"about":[{"href":"https:\/\/casadecampoliving.com\/es\/wp-json\/wp\/v2\/types\/post"}],"author":[{"embeddable":true,"href":"https:\/\/casadecampoliving.com\/es\/wp-json\/wp\/v2\/users\/1097"}],"replies":[{"embeddable":true,"href":"https:\/\/casadecampoliving.com\/es\/wp-json\/wp\/v2\/comments?post=344199"}],"version-history":[{"count":1,"href":"https:\/\/casadecampoliving.com\/es\/wp-json\/wp\/v2\/posts\/344199\/revisions"}],"predecessor-version":[{"id":344200,"href":"https:\/\/casadecampoliving.com\/es\/wp-json\/wp\/v2\/posts\/344199\/revisions\/344200"}],"wp:featuredmedia":[{"embeddable":true,"href":"https:\/\/casadecampoliving.com\/es\/wp-json\/wp\/v2\/media\/230944"}],"wp:attachment":[{"href":"https:\/\/casadecampoliving.com\/es\/wp-json\/wp\/v2\/media?parent=344199"}],"wp:term":[{"taxonomy":"category","embeddable":true,"href":"https:\/\/casadecampoliving.com\/es\/wp-json\/wp\/v2\/categories?post=344199"},{"taxonomy":"post_tag","embeddable":true,"href":"https:\/\/casadecampoliving.com\/es\/wp-json\/wp\/v2\/tags?post=344199"},{"taxonomy":"newspack_spnsrs_tax","embeddable":true,"href":"https:\/\/casadecampoliving.com\/es\/wp-json\/wp\/v2\/newspack_spnsrs_tax?post=344199"}],"curies":[{"name":"wp","href":"https:\/\/api.w.org\/{rel}","templated":true}]}}