{"id":344161,"date":"2014-04-09T00:00:00","date_gmt":"2014-04-09T04:00:00","guid":{"rendered":"https:\/\/casadecampoliving.com\/la-extrana-llega-todos-los-cines-del-pais-el-15-de-mayo\/"},"modified":"2022-10-21T18:50:38","modified_gmt":"2022-10-21T22:50:38","slug":"la-extrana-llega-todos-los-cines-del-pais-el-15-de-mayo","status":"publish","type":"post","link":"https:\/\/casadecampoliving.com\/es\/la-extrana-llega-todos-los-cines-del-pais-el-15-de-mayo\/","title":{"rendered":"La Extra\u00f1a llega a todos los cines del pa\u00eds el 15 de mayo"},"content":{"rendered":"<div class=\"wp-block-image\">\n<figure class=\"aligncenter is-resized\"><img loading=\"lazy\" decoding=\"async\" src=\"https:\/\/i0.wp.com\/casadecampoliving.com\/wp-content\/uploads\/2022\/10\/frank_perozo.jpg?resize=650%2C433&amp;ssl=1\" alt=\"Frank Perozo\" class=\"wp-image-88047\" height=\"433\" width=\"650\"\/><\/figure>\n<\/div>\n\n\n<p>\u201cLa Extra\u00f1a\u201d, una pel\u00edcula rodada aqu\u00ed en Casa de Campo durante los meses de noviembre y diciembre del a\u00f1o pasado, ser\u00e1 puesta en cartelera en todos los cines del pa\u00eds a partir del 15 de mayo.<\/p>\n\n\n\n<!--more-->\n\n\n<div class=\"wp-block-image\">\n<figure class=\"alignright is-resized\"><img loading=\"lazy\" decoding=\"async\" src=\"https:\/\/i0.wp.com\/casadecampoliving.com\/wp-content\/uploads\/2022\/10\/la_extrana.jpg?resize=300%2C428&amp;ssl=1\" alt=\"la extrana\" class=\"wp-image-88046\" height=\"428\" width=\"300\"\/><\/figure>\n<\/div>\n\n\n<p>Los productores ejecutivos de La Extra\u00f1a son Joan Giacinti y el due\u00f1o de villa en Casa de Campo Sergio Gobbi, quien posee m\u00e1s de 45 a\u00f1os de experiencia, adem\u00e1s ha trabajado junto Leo Proa\u00f1o, productor cinematogr\u00e1fico, quien tambi\u00e9n reside en Casa de Campo.<\/p>\n\n\n\n<p>La Extra\u00f1a es protagonizada por Frank Perozo y Evelyna Rodriguez, cuenta la historia de un <em><strong>\u201capasionado aunque muy misterioso romance\u201d<\/strong><\/em> que se desarrolla aqu\u00ed mismo en Casa de Campo.<\/p>\n\n\n\n<p>Los lugares seleccionados para la filmaci\u00f3n de La Extra\u00f1a fueron Altos de Chav\u00f3n \u2013 iglesia St. Stanislaus y The Club riverside restaurant, el Hotel Casa de Campo \u2013 el lobby principal y la entrada frontal, la estaci\u00f3n de gasolina, el campo de golf Dye Fore y la Marina Casa de Campo \u2013&nbsp;el Club de Yates Casa de Campo y Azimut Caf\u00e9. Zarpando a las afueras de Casa de Campo, en un yate patrocinado por IBI Nautica con Azimut, tambi\u00e9n se realizaron filmaciones en las islas Catalina y Palmilla.<\/p>\n\n\n<div class=\"wp-block-image\">\n<figure class=\"aligncenter is-resized\"><img loading=\"lazy\" decoding=\"async\" src=\"https:\/\/i0.wp.com\/casadecampoliving.com\/wp-content\/uploads\/2022\/10\/Frank_Perozo_evelyn_rodriguez.jpg?resize=650%2C433&amp;ssl=1\" alt=\"Frank Perozo and Evelyna Rodriguez\" class=\"wp-image-88048\" height=\"433\" width=\"650\"\/><\/figure>\n<\/div>\n\n\n<p class=\"has-text-align-center\"><\/p>\n\n\n\n<p>Protagonizando junto a Frank Perozo y Evelyna Rodr\u00edguez estuvieron&nbsp;Yorlla Castillo, Laura Garc\u00eda Godoy and Crystal Jim\u00e9nez, as\u00ed como Irving Alberti.<\/p>\n\n\n\n<blockquote><p><strong>La Extra\u00f1a \u2013 synopsis&nbsp;<\/strong><\/p><p>Jean Louis de 36 a\u00f1os, posee una exitosa casa editorial en la ciudad de Santo Domingo. \u00c9l se encuentra traumatizado por el accidente que sufri\u00f3 su ex esposa luego de su divorcio. Cada semana, la visita al lugar donde a\u00fan permanece hospitalizada. Se siente abrumado al ver c\u00f3mo la tecnolog\u00eda va desfasando su empresa editorial.<\/p><figure><img decoding=\"async\" loading=\"lazy\" class=\"alignright size-full wp-image-88050\" style=\"margin-left: 15px; margin-right: 15px;\" alt=\"Frank Perozo and Evelyna Rodr\u00edguez\" src=\"https:\/\/i0.wp.com\/casadecampoliving.com\/wp-content\/uploads\/2022\/10\/Frank_Perozo-Evelyna_Rodriguez1.jpg?resize=300%2C372&amp;ssl=1\" width=\"300\" height=\"372\"><\/figure><p>Buscando despejar un poco su mente, decide pasar un largo fin de semana en una villa familiar en Casa de Campo: un exclusivo complejo tur\u00edstico localizado en la la regi\u00f3n este del pa\u00eds. En la entrada del resort, se topa con una hermosa e intrigante mujer llamada Rosa, a quien hab\u00eda visto anteriormente en restaurante de la capital. Esta es una chica muy encantadora con un largo cabello negro y un distintivo mech\u00f3n blanco.<\/p><p>Jean Louis reconoce a Rosa, pero el equipo de seguridad del complejo se rehusa a dejarla entrar porque no posee identificaci\u00f3n y su nombre no se encuentra registrado en la lista de visitantes. Aprovechando el momento, \u00e9l interviene para permitirle pasar como su invitada.<\/p><p>Este improbable encuentro entre estos dos personajes tan diferentes pondr\u00e1n en escena un apasionado pero muy misterioso romance. La percepci\u00f3n de Jean Louis acerca de Rosa es tan extra\u00f1a y piensa que su historia de vida es tan contradictoria, por lo cual este se no sabr\u00e1 si est\u00e1 viviendo una realidad, un sue\u00f1o o una pesadilla.<\/p><\/blockquote>\n\n\n\n<p>La filmaci\u00f3n de La Extra\u00f1a en Casa de Campo es particularmente interesante gracias a la especial relaci\u00f3n que existe entre Sergio Gobbi, Charles Bluhdorn (de Gulf + Western quien empez\u00f3 el resort Casa de Campo en 1970) y la versi\u00f3n original de La Extra\u00f1a\u2026 en su versi\u00f3n original La Extra\u00f1a fue llamada \u201cL\u00b4\u00e8trangere\u201d y fue de hecho el primer \u00e9xito mundial de Sergio Gobbi, el cual lo condujo a ser contratado como productor por Charles Bluhdorn, quien en ese entonces era presidente de Paramount Pictures.<\/p>\n\n\n\n<p>\u00a1Estamos ansiosos de verla! Felicidades a Sergio Gobbi y Leo Proa\u00f1o en otro trabajo bien realizado.<\/p>\n\n\n\n<p>Fotograf\u00edas por Bryan de la Cruz.<\/p>\n","protected":false},"excerpt":{"rendered":"<p>\u201cLa Extra\u00f1a\u201d, una pel\u00edcula rodada aqu\u00ed en Casa de Campo durante los meses de noviembre y diciembre del a\u00f1o pasado, ser\u00e1 puesta en cartelera en todos los cines del pa\u00eds a partir del 15 de mayo.<\/p>\n","protected":false},"author":1097,"featured_media":228941,"comment_status":"closed","ping_status":"closed","sticky":false,"template":"","format":"standard","meta":{"newspack_ads_suppress_ads":false,"newspack_popups_has_disabled_popups":false,"newspack_sponsor_sponsorship_scope":"","newspack_sponsor_native_byline_display":"inherit","newspack_sponsor_native_category_display":"inherit","newspack_sponsor_underwriter_style":"inherit","newspack_sponsor_underwriter_placement":"inherit","_newspack_byline_active":false,"_newspack_byline":"","newspack_hide_updated_date":false,"newspack_show_updated_date":false,"newspack_content_restriction_is_exempt":false,"newspack_featured_image_position":"","newspack_post_subtitle":"","newspack_article_summary_title":"Overview:","newspack_article_summary":"","_jetpack_memberships_contains_paid_content":false,"footnotes":"","jetpack_publicize_message":"","jetpack_publicize_feature_enabled":true,"jetpack_social_post_already_shared":false,"jetpack_social_options":{"image_generator_settings":{"template":"highway","default_image_id":0,"font":"","enabled":false},"version":2},"_wpas_customize_per_network":false},"categories":[26819,26823,6192,26936,2513,3126,2524,14631,2522,26581,14625,14627,2521,26822,2526],"tags":[6371,8383,8007,8006,7864,7863,7862],"newspack_spnsrs_tax":[],"class_list":["post-344161","post","type-post","status-publish","format-standard","has-post-thumbnail","hentry","category-altos-de-chavon-es","category-arte-y-cultura","category-businesses","category-casa-de-campo-living-es","category-celebridades-es","category-cine-3","category-destacados","category-estilo-de-vida","category-eventos-es","category-la-marina-casa-de-campo","category-noticias-locales","category-proximamente","category-republica-dominicana-2","category-resort-casa-de-campo","category-titulares-es","tag-casa-de-campo-resort-es","tag-cine-dominicano","tag-evelyna-rodriguez-es","tag-frank-perozo-es","tag-la-extrana-es","tag-leo-proano-es","tag-sergio-gobbi-es","entry"],"yoast_head":"<!-- This site is optimized with the Yoast SEO plugin v27.5 - https:\/\/yoast.com\/product\/yoast-seo-wordpress\/ -->\n<title>La Extra\u00f1a llega a todos los cines del pa\u00eds el 15 de mayo | Casa de Campo Living<\/title>\n<meta name=\"description\" content=\"\u201cLa Extra\u00f1a\u201d, una pel\u00edcula rodada aqu\u00ed en Casa de Campo durante los meses de noviembre y diciembre del a\u00f1o pasado, ser\u00e1 puesta en cartelera en todos los\" \/>\n<meta name=\"robots\" content=\"index, follow, max-snippet:-1, max-image-preview:large, max-video-preview:-1\" \/>\n<link rel=\"canonical\" href=\"https:\/\/casadecampoliving.com\/es\/la-extrana-llega-todos-los-cines-del-pais-el-15-de-mayo\/\" \/>\n<meta property=\"og:locale\" content=\"es_ES\" \/>\n<meta property=\"og:type\" content=\"article\" \/>\n<meta property=\"og:title\" content=\"La Extra\u00f1a llega a todos los cines del pa\u00eds el 15 de mayo | Casa de Campo Living\" \/>\n<meta property=\"og:description\" content=\"\u201cLa Extra\u00f1a\u201d, una pel\u00edcula rodada aqu\u00ed en Casa de Campo durante los meses de noviembre y diciembre del a\u00f1o pasado, ser\u00e1 puesta en cartelera en todos los\" \/>\n<meta property=\"og:url\" content=\"https:\/\/casadecampoliving.com\/es\/la-extrana-llega-todos-los-cines-del-pais-el-15-de-mayo\/\" \/>\n<meta property=\"og:site_name\" content=\"Casa de Campo Living\" \/>\n<meta property=\"article:publisher\" content=\"https:\/\/www.facebook.com\/casadecampoliving\" \/>\n<meta property=\"article:published_time\" content=\"2014-04-09T04:00:00+00:00\" \/>\n<meta property=\"article:modified_time\" content=\"2022-10-21T22:50:38+00:00\" \/>\n<meta property=\"og:image\" content=\"https:\/\/i0.wp.com\/casadecampoliving.com\/wp-content\/uploads\/2022\/10\/frank_perozo-1.jpg?fit=650%2C433&ssl=1\" \/>\n\t<meta property=\"og:image:width\" content=\"650\" \/>\n\t<meta property=\"og:image:height\" content=\"433\" \/>\n\t<meta property=\"og:image:type\" content=\"image\/jpeg\" \/>\n<meta name=\"author\" content=\"Perkin Agramonte\" \/>\n<meta name=\"twitter:card\" content=\"summary_large_image\" \/>\n<meta name=\"twitter:creator\" content=\"@cdcliving\" \/>\n<meta name=\"twitter:site\" content=\"@cdcliving\" \/>\n<meta name=\"twitter:label1\" content=\"Escrito por\" \/>\n\t<meta name=\"twitter:data1\" content=\"Perkin Agramonte\" \/>\n\t<meta name=\"twitter:label2\" content=\"Tiempo de lectura\" \/>\n\t<meta name=\"twitter:data2\" content=\"3 minutos\" \/>\n<script type=\"application\/ld+json\" class=\"yoast-schema-graph\">{\"@context\":\"https:\\\/\\\/schema.org\",\"@graph\":[{\"@type\":\"Article\",\"@id\":\"https:\\\/\\\/casadecampoliving.com\\\/es\\\/la-extrana-llega-todos-los-cines-del-pais-el-15-de-mayo\\\/#article\",\"isPartOf\":{\"@id\":\"https:\\\/\\\/casadecampoliving.com\\\/es\\\/la-extrana-llega-todos-los-cines-del-pais-el-15-de-mayo\\\/\"},\"author\":{\"name\":\"Perkin Agramonte\",\"@id\":\"https:\\\/\\\/casadecampoliving.com\\\/es\\\/#\\\/schema\\\/person\\\/c8efa6049510554b7d5fea078d728f72\"},\"headline\":\"La Extra\u00f1a llega a todos los cines del pa\u00eds el 15 de mayo\",\"datePublished\":\"2014-04-09T04:00:00+00:00\",\"dateModified\":\"2022-10-21T22:50:38+00:00\",\"mainEntityOfPage\":{\"@id\":\"https:\\\/\\\/casadecampoliving.com\\\/es\\\/la-extrana-llega-todos-los-cines-del-pais-el-15-de-mayo\\\/\"},\"wordCount\":612,\"publisher\":{\"@id\":\"https:\\\/\\\/casadecampoliving.com\\\/es\\\/#organization\"},\"image\":{\"@id\":\"https:\\\/\\\/casadecampoliving.com\\\/es\\\/la-extrana-llega-todos-los-cines-del-pais-el-15-de-mayo\\\/#primaryimage\"},\"thumbnailUrl\":\"https:\\\/\\\/i0.wp.com\\\/casadecampoliving.com\\\/wp-content\\\/uploads\\\/2022\\\/10\\\/frank_perozo-1.jpg?fit=650%2C433&ssl=1\",\"keywords\":[\"casa de campo resort @es\",\"cine dominicano\",\"evelyna rodriguez @es\",\"frank perozo @es\",\"la extrana @es\",\"leo proano @es\",\"sergio gobbi @es\"],\"articleSection\":[\"Altos de Chavon @es\",\"Arte y cultura\",\"businesses\",\"Casa de Campo Living @es\",\"Celebridades\",\"Cine @es\",\"Destacados\",\"Estilo de Vida\",\"Eventos\",\"La Marina Casa de Campo\",\"Noticias Locales\",\"Proximamente\",\"Rep\u00fablica Dominicana @es\",\"Resort Casa de Campo\",\"Titulares\"],\"inLanguage\":\"es\"},{\"@type\":\"WebPage\",\"@id\":\"https:\\\/\\\/casadecampoliving.com\\\/es\\\/la-extrana-llega-todos-los-cines-del-pais-el-15-de-mayo\\\/\",\"url\":\"https:\\\/\\\/casadecampoliving.com\\\/es\\\/la-extrana-llega-todos-los-cines-del-pais-el-15-de-mayo\\\/\",\"name\":\"La Extra\u00f1a llega a todos los cines del pa\u00eds el 15 de mayo | Casa de Campo Living\",\"isPartOf\":{\"@id\":\"https:\\\/\\\/casadecampoliving.com\\\/es\\\/#website\"},\"primaryImageOfPage\":{\"@id\":\"https:\\\/\\\/casadecampoliving.com\\\/es\\\/la-extrana-llega-todos-los-cines-del-pais-el-15-de-mayo\\\/#primaryimage\"},\"image\":{\"@id\":\"https:\\\/\\\/casadecampoliving.com\\\/es\\\/la-extrana-llega-todos-los-cines-del-pais-el-15-de-mayo\\\/#primaryimage\"},\"thumbnailUrl\":\"https:\\\/\\\/i0.wp.com\\\/casadecampoliving.com\\\/wp-content\\\/uploads\\\/2022\\\/10\\\/frank_perozo-1.jpg?fit=650%2C433&ssl=1\",\"datePublished\":\"2014-04-09T04:00:00+00:00\",\"dateModified\":\"2022-10-21T22:50:38+00:00\",\"description\":\"\u201cLa Extra\u00f1a\u201d, una pel\u00edcula rodada aqu\u00ed en Casa de Campo durante los meses de noviembre y diciembre del a\u00f1o pasado, ser\u00e1 puesta en cartelera en todos los\",\"breadcrumb\":{\"@id\":\"https:\\\/\\\/casadecampoliving.com\\\/es\\\/la-extrana-llega-todos-los-cines-del-pais-el-15-de-mayo\\\/#breadcrumb\"},\"inLanguage\":\"es\",\"potentialAction\":[{\"@type\":\"ReadAction\",\"target\":[\"https:\\\/\\\/casadecampoliving.com\\\/es\\\/la-extrana-llega-todos-los-cines-del-pais-el-15-de-mayo\\\/\"]}]},{\"@type\":\"ImageObject\",\"inLanguage\":\"es\",\"@id\":\"https:\\\/\\\/casadecampoliving.com\\\/es\\\/la-extrana-llega-todos-los-cines-del-pais-el-15-de-mayo\\\/#primaryimage\",\"url\":\"https:\\\/\\\/i0.wp.com\\\/casadecampoliving.com\\\/wp-content\\\/uploads\\\/2022\\\/10\\\/frank_perozo-1.jpg?fit=650%2C433&ssl=1\",\"contentUrl\":\"https:\\\/\\\/i0.wp.com\\\/casadecampoliving.com\\\/wp-content\\\/uploads\\\/2022\\\/10\\\/frank_perozo-1.jpg?fit=650%2C433&ssl=1\",\"width\":650,\"height\":433,\"caption\":\"Frank Perozo\"},{\"@type\":\"BreadcrumbList\",\"@id\":\"https:\\\/\\\/casadecampoliving.com\\\/es\\\/la-extrana-llega-todos-los-cines-del-pais-el-15-de-mayo\\\/#breadcrumb\",\"itemListElement\":[{\"@type\":\"ListItem\",\"position\":1,\"name\":\"Home\",\"item\":\"https:\\\/\\\/casadecampoliving.com\\\/es\\\/\"},{\"@type\":\"ListItem\",\"position\":2,\"name\":\"La Extra\u00f1a llega a todos los cines del pa\u00eds el 15 de mayo\"}]},{\"@type\":\"WebSite\",\"@id\":\"https:\\\/\\\/casadecampoliving.com\\\/es\\\/#website\",\"url\":\"https:\\\/\\\/casadecampoliving.com\\\/es\\\/\",\"name\":\"Casa de Campo Living\",\"description\":\"Resort community news and resources.\",\"publisher\":{\"@id\":\"https:\\\/\\\/casadecampoliving.com\\\/es\\\/#organization\"},\"potentialAction\":[{\"@type\":\"SearchAction\",\"target\":{\"@type\":\"EntryPoint\",\"urlTemplate\":\"https:\\\/\\\/casadecampoliving.com\\\/es\\\/?s={search_term_string}\"},\"query-input\":{\"@type\":\"PropertyValueSpecification\",\"valueRequired\":true,\"valueName\":\"search_term_string\"}}],\"inLanguage\":\"es\"},{\"@type\":\"Organization\",\"@id\":\"https:\\\/\\\/casadecampoliving.com\\\/es\\\/#organization\",\"name\":\"Casa de Campo Living\",\"url\":\"https:\\\/\\\/casadecampoliving.com\\\/es\\\/\",\"logo\":{\"@type\":\"ImageObject\",\"inLanguage\":\"es\",\"@id\":\"https:\\\/\\\/casadecampoliving.com\\\/es\\\/#\\\/schema\\\/logo\\\/image\\\/\",\"url\":\"https:\\\/\\\/i0.wp.com\\\/casadecampoliving.com\\\/wp-content\\\/uploads\\\/2022\\\/07\\\/CDCLivingLogo_V1-white-sized.png?fit=800%2C214&ssl=1\",\"contentUrl\":\"https:\\\/\\\/i0.wp.com\\\/casadecampoliving.com\\\/wp-content\\\/uploads\\\/2022\\\/07\\\/CDCLivingLogo_V1-white-sized.png?fit=800%2C214&ssl=1\",\"width\":800,\"height\":214,\"caption\":\"Casa de Campo Living\"},\"image\":{\"@id\":\"https:\\\/\\\/casadecampoliving.com\\\/es\\\/#\\\/schema\\\/logo\\\/image\\\/\"},\"sameAs\":[\"https:\\\/\\\/www.facebook.com\\\/casadecampoliving\",\"https:\\\/\\\/x.com\\\/cdcliving\"]},{\"@type\":\"Person\",\"@id\":\"https:\\\/\\\/casadecampoliving.com\\\/es\\\/#\\\/schema\\\/person\\\/c8efa6049510554b7d5fea078d728f72\",\"name\":\"Perkin Agramonte\",\"image\":{\"@type\":\"ImageObject\",\"inLanguage\":\"es\",\"@id\":\"https:\\\/\\\/secure.gravatar.com\\\/avatar\\\/57bfdafcae55fb83dbb79a1585a9eab7f269b7720fb0b64cb9a4e0cd2962fa10?s=96&d=mm&r=g\",\"url\":\"https:\\\/\\\/secure.gravatar.com\\\/avatar\\\/57bfdafcae55fb83dbb79a1585a9eab7f269b7720fb0b64cb9a4e0cd2962fa10?s=96&d=mm&r=g\",\"contentUrl\":\"https:\\\/\\\/secure.gravatar.com\\\/avatar\\\/57bfdafcae55fb83dbb79a1585a9eab7f269b7720fb0b64cb9a4e0cd2962fa10?s=96&d=mm&r=g\",\"caption\":\"Perkin Agramonte\"},\"url\":\"https:\\\/\\\/casadecampoliving.com\\\/es\\\/author\\\/cagramonte\\\/\"}]}<\/script>\n<!-- \/ Yoast SEO plugin. -->","yoast_head_json":{"title":"La Extra\u00f1a llega a todos los cines del pa\u00eds el 15 de mayo | Casa de Campo Living","description":"\u201cLa Extra\u00f1a\u201d, una pel\u00edcula rodada aqu\u00ed en Casa de Campo durante los meses de noviembre y diciembre del a\u00f1o pasado, ser\u00e1 puesta en cartelera en todos los","robots":{"index":"index","follow":"follow","max-snippet":"max-snippet:-1","max-image-preview":"max-image-preview:large","max-video-preview":"max-video-preview:-1"},"canonical":"https:\/\/casadecampoliving.com\/es\/la-extrana-llega-todos-los-cines-del-pais-el-15-de-mayo\/","og_locale":"es_ES","og_type":"article","og_title":"La Extra\u00f1a llega a todos los cines del pa\u00eds el 15 de mayo | Casa de Campo Living","og_description":"\u201cLa Extra\u00f1a\u201d, una pel\u00edcula rodada aqu\u00ed en Casa de Campo durante los meses de noviembre y diciembre del a\u00f1o pasado, ser\u00e1 puesta en cartelera en todos los","og_url":"https:\/\/casadecampoliving.com\/es\/la-extrana-llega-todos-los-cines-del-pais-el-15-de-mayo\/","og_site_name":"Casa de Campo Living","article_publisher":"https:\/\/www.facebook.com\/casadecampoliving","article_published_time":"2014-04-09T04:00:00+00:00","article_modified_time":"2022-10-21T22:50:38+00:00","og_image":[{"width":650,"height":433,"url":"https:\/\/i0.wp.com\/casadecampoliving.com\/wp-content\/uploads\/2022\/10\/frank_perozo-1.jpg?fit=650%2C433&ssl=1","type":"image\/jpeg"}],"author":"Perkin Agramonte","twitter_card":"summary_large_image","twitter_creator":"@cdcliving","twitter_site":"@cdcliving","twitter_misc":{"Escrito por":"Perkin Agramonte","Tiempo de lectura":"3 minutos"},"schema":{"@context":"https:\/\/schema.org","@graph":[{"@type":"Article","@id":"https:\/\/casadecampoliving.com\/es\/la-extrana-llega-todos-los-cines-del-pais-el-15-de-mayo\/#article","isPartOf":{"@id":"https:\/\/casadecampoliving.com\/es\/la-extrana-llega-todos-los-cines-del-pais-el-15-de-mayo\/"},"author":{"name":"Perkin Agramonte","@id":"https:\/\/casadecampoliving.com\/es\/#\/schema\/person\/c8efa6049510554b7d5fea078d728f72"},"headline":"La Extra\u00f1a llega a todos los cines del pa\u00eds el 15 de mayo","datePublished":"2014-04-09T04:00:00+00:00","dateModified":"2022-10-21T22:50:38+00:00","mainEntityOfPage":{"@id":"https:\/\/casadecampoliving.com\/es\/la-extrana-llega-todos-los-cines-del-pais-el-15-de-mayo\/"},"wordCount":612,"publisher":{"@id":"https:\/\/casadecampoliving.com\/es\/#organization"},"image":{"@id":"https:\/\/casadecampoliving.com\/es\/la-extrana-llega-todos-los-cines-del-pais-el-15-de-mayo\/#primaryimage"},"thumbnailUrl":"https:\/\/i0.wp.com\/casadecampoliving.com\/wp-content\/uploads\/2022\/10\/frank_perozo-1.jpg?fit=650%2C433&ssl=1","keywords":["casa de campo resort @es","cine dominicano","evelyna rodriguez @es","frank perozo @es","la extrana @es","leo proano @es","sergio gobbi @es"],"articleSection":["Altos de Chavon @es","Arte y cultura","businesses","Casa de Campo Living @es","Celebridades","Cine @es","Destacados","Estilo de Vida","Eventos","La Marina Casa de Campo","Noticias Locales","Proximamente","Rep\u00fablica Dominicana @es","Resort Casa de Campo","Titulares"],"inLanguage":"es"},{"@type":"WebPage","@id":"https:\/\/casadecampoliving.com\/es\/la-extrana-llega-todos-los-cines-del-pais-el-15-de-mayo\/","url":"https:\/\/casadecampoliving.com\/es\/la-extrana-llega-todos-los-cines-del-pais-el-15-de-mayo\/","name":"La Extra\u00f1a llega a todos los cines del pa\u00eds el 15 de mayo | Casa de Campo Living","isPartOf":{"@id":"https:\/\/casadecampoliving.com\/es\/#website"},"primaryImageOfPage":{"@id":"https:\/\/casadecampoliving.com\/es\/la-extrana-llega-todos-los-cines-del-pais-el-15-de-mayo\/#primaryimage"},"image":{"@id":"https:\/\/casadecampoliving.com\/es\/la-extrana-llega-todos-los-cines-del-pais-el-15-de-mayo\/#primaryimage"},"thumbnailUrl":"https:\/\/i0.wp.com\/casadecampoliving.com\/wp-content\/uploads\/2022\/10\/frank_perozo-1.jpg?fit=650%2C433&ssl=1","datePublished":"2014-04-09T04:00:00+00:00","dateModified":"2022-10-21T22:50:38+00:00","description":"\u201cLa Extra\u00f1a\u201d, una pel\u00edcula rodada aqu\u00ed en Casa de Campo durante los meses de noviembre y diciembre del a\u00f1o pasado, ser\u00e1 puesta en cartelera en todos los","breadcrumb":{"@id":"https:\/\/casadecampoliving.com\/es\/la-extrana-llega-todos-los-cines-del-pais-el-15-de-mayo\/#breadcrumb"},"inLanguage":"es","potentialAction":[{"@type":"ReadAction","target":["https:\/\/casadecampoliving.com\/es\/la-extrana-llega-todos-los-cines-del-pais-el-15-de-mayo\/"]}]},{"@type":"ImageObject","inLanguage":"es","@id":"https:\/\/casadecampoliving.com\/es\/la-extrana-llega-todos-los-cines-del-pais-el-15-de-mayo\/#primaryimage","url":"https:\/\/i0.wp.com\/casadecampoliving.com\/wp-content\/uploads\/2022\/10\/frank_perozo-1.jpg?fit=650%2C433&ssl=1","contentUrl":"https:\/\/i0.wp.com\/casadecampoliving.com\/wp-content\/uploads\/2022\/10\/frank_perozo-1.jpg?fit=650%2C433&ssl=1","width":650,"height":433,"caption":"Frank Perozo"},{"@type":"BreadcrumbList","@id":"https:\/\/casadecampoliving.com\/es\/la-extrana-llega-todos-los-cines-del-pais-el-15-de-mayo\/#breadcrumb","itemListElement":[{"@type":"ListItem","position":1,"name":"Home","item":"https:\/\/casadecampoliving.com\/es\/"},{"@type":"ListItem","position":2,"name":"La Extra\u00f1a llega a todos los cines del pa\u00eds el 15 de mayo"}]},{"@type":"WebSite","@id":"https:\/\/casadecampoliving.com\/es\/#website","url":"https:\/\/casadecampoliving.com\/es\/","name":"Casa de Campo Living","description":"Resort community news and resources.","publisher":{"@id":"https:\/\/casadecampoliving.com\/es\/#organization"},"potentialAction":[{"@type":"SearchAction","target":{"@type":"EntryPoint","urlTemplate":"https:\/\/casadecampoliving.com\/es\/?s={search_term_string}"},"query-input":{"@type":"PropertyValueSpecification","valueRequired":true,"valueName":"search_term_string"}}],"inLanguage":"es"},{"@type":"Organization","@id":"https:\/\/casadecampoliving.com\/es\/#organization","name":"Casa de Campo Living","url":"https:\/\/casadecampoliving.com\/es\/","logo":{"@type":"ImageObject","inLanguage":"es","@id":"https:\/\/casadecampoliving.com\/es\/#\/schema\/logo\/image\/","url":"https:\/\/i0.wp.com\/casadecampoliving.com\/wp-content\/uploads\/2022\/07\/CDCLivingLogo_V1-white-sized.png?fit=800%2C214&ssl=1","contentUrl":"https:\/\/i0.wp.com\/casadecampoliving.com\/wp-content\/uploads\/2022\/07\/CDCLivingLogo_V1-white-sized.png?fit=800%2C214&ssl=1","width":800,"height":214,"caption":"Casa de Campo Living"},"image":{"@id":"https:\/\/casadecampoliving.com\/es\/#\/schema\/logo\/image\/"},"sameAs":["https:\/\/www.facebook.com\/casadecampoliving","https:\/\/x.com\/cdcliving"]},{"@type":"Person","@id":"https:\/\/casadecampoliving.com\/es\/#\/schema\/person\/c8efa6049510554b7d5fea078d728f72","name":"Perkin Agramonte","image":{"@type":"ImageObject","inLanguage":"es","@id":"https:\/\/secure.gravatar.com\/avatar\/57bfdafcae55fb83dbb79a1585a9eab7f269b7720fb0b64cb9a4e0cd2962fa10?s=96&d=mm&r=g","url":"https:\/\/secure.gravatar.com\/avatar\/57bfdafcae55fb83dbb79a1585a9eab7f269b7720fb0b64cb9a4e0cd2962fa10?s=96&d=mm&r=g","contentUrl":"https:\/\/secure.gravatar.com\/avatar\/57bfdafcae55fb83dbb79a1585a9eab7f269b7720fb0b64cb9a4e0cd2962fa10?s=96&d=mm&r=g","caption":"Perkin Agramonte"},"url":"https:\/\/casadecampoliving.com\/es\/author\/cagramonte\/"}]}},"parsely":{"version":"1.1.0","canonical_url":"https:\/\/casadecampoliving.com\/es\/la-extrana-llega-todos-los-cines-del-pais-el-15-de-mayo\/","smart_links":{"inbound":0,"outbound":0},"traffic_boost_suggestions_count":0,"meta":{"@context":"https:\/\/schema.org","@type":"NewsArticle","headline":"La Extra\u00f1a llega a todos los cines del pa\u00eds el 15 de mayo","url":"http:\/\/casadecampoliving.com\/es\/la-extrana-llega-todos-los-cines-del-pais-el-15-de-mayo\/","mainEntityOfPage":{"@type":"WebPage","@id":"http:\/\/casadecampoliving.com\/es\/la-extrana-llega-todos-los-cines-del-pais-el-15-de-mayo\/"},"thumbnailUrl":"https:\/\/i0.wp.com\/casadecampoliving.com\/wp-content\/uploads\/2022\/10\/frank_perozo-1.jpg?resize=150%2C150&ssl=1","image":{"@type":"ImageObject","url":"https:\/\/i0.wp.com\/casadecampoliving.com\/wp-content\/uploads\/2022\/10\/frank_perozo-1.jpg?fit=650%2C433&ssl=1"},"articleSection":"Altos de Chavon @es","author":[{"@type":"Person","name":"Perkin Agramonte"}],"creator":["Perkin Agramonte"],"publisher":{"@type":"Organization","name":"Casa de Campo Living","logo":"https:\/\/casadecampoliving.com\/wp-content\/uploads\/2022\/07\/CDCLivingLogo_V1-white-sized.png"},"keywords":["casa de campo resort @es","cine dominicano","evelyna rodriguez @es","frank perozo @es","la extrana @es","leo proano @es","sergio gobbi @es"],"dateCreated":"2014-04-09T04:00:00Z","datePublished":"2014-04-09T04:00:00Z","dateModified":"2022-10-21T22:50:38Z"},"rendered":"<script type=\"application\/ld+json\" class=\"wp-parsely-metadata\">{\"@context\":\"https:\\\/\\\/schema.org\",\"@type\":\"NewsArticle\",\"headline\":\"La Extra\\u00f1a llega a todos los cines del pa\\u00eds el 15 de mayo\",\"url\":\"http:\\\/\\\/casadecampoliving.com\\\/es\\\/la-extrana-llega-todos-los-cines-del-pais-el-15-de-mayo\\\/\",\"mainEntityOfPage\":{\"@type\":\"WebPage\",\"@id\":\"http:\\\/\\\/casadecampoliving.com\\\/es\\\/la-extrana-llega-todos-los-cines-del-pais-el-15-de-mayo\\\/\"},\"thumbnailUrl\":\"https:\\\/\\\/i0.wp.com\\\/casadecampoliving.com\\\/wp-content\\\/uploads\\\/2022\\\/10\\\/frank_perozo-1.jpg?resize=150%2C150&ssl=1\",\"image\":{\"@type\":\"ImageObject\",\"url\":\"https:\\\/\\\/i0.wp.com\\\/casadecampoliving.com\\\/wp-content\\\/uploads\\\/2022\\\/10\\\/frank_perozo-1.jpg?fit=650%2C433&ssl=1\"},\"articleSection\":\"Altos de Chavon @es\",\"author\":[{\"@type\":\"Person\",\"name\":\"Perkin Agramonte\"}],\"creator\":[\"Perkin Agramonte\"],\"publisher\":{\"@type\":\"Organization\",\"name\":\"Casa de Campo Living\",\"logo\":\"https:\\\/\\\/casadecampoliving.com\\\/wp-content\\\/uploads\\\/2022\\\/07\\\/CDCLivingLogo_V1-white-sized.png\"},\"keywords\":[\"casa de campo resort @es\",\"cine dominicano\",\"evelyna rodriguez @es\",\"frank perozo @es\",\"la extrana @es\",\"leo proano @es\",\"sergio gobbi @es\"],\"dateCreated\":\"2014-04-09T04:00:00Z\",\"datePublished\":\"2014-04-09T04:00:00Z\",\"dateModified\":\"2022-10-21T22:50:38Z\"}<\/script>","tracker_url":"https:\/\/cdn.parsely.com\/keys\/casadecampoliving.com\/p.js"},"jetpack_publicize_connections":[],"jetpack_featured_media_url":"https:\/\/i0.wp.com\/casadecampoliving.com\/wp-content\/uploads\/2022\/10\/frank_perozo-1.jpg?fit=650%2C433&ssl=1","jetpack-related-posts":[{"id":344413,"url":"https:\/\/casadecampoliving.com\/es\/su-ultimo-chance-de-ver-la-extrana\/","url_meta":{"origin":344161,"position":0},"title":"Su \u00faltimo chance de ver La Extra\u00f1a","author":"Perkin Agramonte","date":"20 May, 2014","format":false,"excerpt":"La Extra\u00f1a, la primera pel\u00edcula filmada casi exclusivamente en el resort Casa de Campo se encuentra actualmente en cartelera en la Marina Casa de Campo, pero el d\u00eda de hoy (martes) y ma\u00f1ana (mi\u00e9rcoles) esta semana\u00a0ser\u00e1 su \u00faltima oportunidad de ver esta fascinante pel\u00edcula. Debido a que, el cine de\u2026","rel":"","context":"En \u00abCasa de Campo Living @es\u00bb","block_context":{"text":"Casa de Campo Living @es","link":"https:\/\/casadecampoliving.com\/category\/casa-de-campo-living-es\/"},"img":{"alt_text":"frank perozo","src":"https:\/\/i0.wp.com\/casadecampoliving.com\/wp-content\/uploads\/2022\/10\/frank.jpg?fit=960%2C537&ssl=1&resize=350%2C200","width":350,"height":200,"srcset":"https:\/\/i0.wp.com\/casadecampoliving.com\/wp-content\/uploads\/2022\/10\/frank.jpg?fit=960%2C537&ssl=1&resize=350%2C200 1x, https:\/\/i0.wp.com\/casadecampoliving.com\/wp-content\/uploads\/2022\/10\/frank.jpg?fit=960%2C537&ssl=1&resize=525%2C300 1.5x, https:\/\/i0.wp.com\/casadecampoliving.com\/wp-content\/uploads\/2022\/10\/frank.jpg?fit=960%2C537&ssl=1&resize=700%2C400 2x"},"classes":[]},{"id":345211,"url":"https:\/\/casadecampoliving.com\/es\/la-pelicula-la-extrana-de-casa-de-campo-estreno-en-puerto-rico\/","url_meta":{"origin":344161,"position":1},"title":"Pel\u00edcula La Extra\u00f1a &#8211; estrena en Puerto Rico","author":"Daniela Medina","date":"28 Ago, 2014","format":false,"excerpt":"\u00a1La Extra\u00f1a, la primera pel\u00edcula en la historia en ser grabada casi en su totalidad dentro del Resort Casa de Campo, ahora se estrena en Puerto Rico! La Extra\u00f1a no solo es una pel\u00edcula excelente, filmada aqu\u00ed en Casa de Campo, sino que tambi\u00e9n cuenta con el legendario Sergio Gobbi,\u2026","rel":"","context":"En \u00abAltos de Chavon @es\u00bb","block_context":{"text":"Altos de Chavon @es","link":"https:\/\/casadecampoliving.com\/category\/altos-de-chavon-es\/"},"img":{"alt_text":"Frank Perozo","src":"https:\/\/i0.wp.com\/casadecampoliving.com\/wp-content\/uploads\/2022\/10\/frank_perozo-1.jpg?fit=650%2C433&ssl=1&resize=350%2C200","width":350,"height":200,"srcset":"https:\/\/i0.wp.com\/casadecampoliving.com\/wp-content\/uploads\/2022\/10\/frank_perozo-1.jpg?fit=650%2C433&ssl=1&resize=350%2C200 1x, https:\/\/i0.wp.com\/casadecampoliving.com\/wp-content\/uploads\/2022\/10\/frank_perozo-1.jpg?fit=650%2C433&ssl=1&resize=525%2C300 1.5x"},"classes":[]},{"id":433460,"url":"https:\/\/casadecampoliving.com\/es\/no-se-pierdan-el-increible-tributo-a-frank-sinatra-para-celebrar-el-40-aniversario-del-anfiteatro-altos-de-chavon\/","url_meta":{"origin":344161,"position":2},"title":"No se pierdan el incre\u00edble tributo a Frank Sinatra para celebrar el 40 aniversario del\u00a0Anfiteatro Altos de Chav\u00f3n","author":"Casa de Campo Living","date":"20 Oct, 2022","format":false,"excerpt":"Siendo uno de los escenarios m\u00e1s emblem\u00e1ticos del pa\u00eds, Casa de Campo Resort\u00ae & Villas celebra las cuatro d\u00e9cadas de aniversario de Altos de Chav\u00f3n con un tributo al gran Frank Sinatra, protagonizado por artistas invitados y una big band tal cual la que acompa\u00f1\u00f3 al artista hace 40 a\u00f1os\u2026","rel":"","context":"En \u00abUncategorized @es\u00bb","block_context":{"text":"Uncategorized @es","link":"https:\/\/casadecampoliving.com\/es\/category\/uncategorized-es\/"},"img":{"alt_text":"","src":"https:\/\/i0.wp.com\/casadecampoliving.com\/wp-content\/uploads\/2022\/10\/Tributo-Frank-Sinatra-Foto-Principal-Amaury-Sanchez-Danilo-Ginebra-Andres-Pichardo-y-Jose-Gabriel-Perez-.jpg?fit=1200%2C873&ssl=1&resize=350%2C200","width":350,"height":200,"srcset":"https:\/\/i0.wp.com\/casadecampoliving.com\/wp-content\/uploads\/2022\/10\/Tributo-Frank-Sinatra-Foto-Principal-Amaury-Sanchez-Danilo-Ginebra-Andres-Pichardo-y-Jose-Gabriel-Perez-.jpg?fit=1200%2C873&ssl=1&resize=350%2C200 1x, https:\/\/i0.wp.com\/casadecampoliving.com\/wp-content\/uploads\/2022\/10\/Tributo-Frank-Sinatra-Foto-Principal-Amaury-Sanchez-Danilo-Ginebra-Andres-Pichardo-y-Jose-Gabriel-Perez-.jpg?fit=1200%2C873&ssl=1&resize=525%2C300 1.5x, https:\/\/i0.wp.com\/casadecampoliving.com\/wp-content\/uploads\/2022\/10\/Tributo-Frank-Sinatra-Foto-Principal-Amaury-Sanchez-Danilo-Ginebra-Andres-Pichardo-y-Jose-Gabriel-Perez-.jpg?fit=1200%2C873&ssl=1&resize=700%2C400 2x, https:\/\/i0.wp.com\/casadecampoliving.com\/wp-content\/uploads\/2022\/10\/Tributo-Frank-Sinatra-Foto-Principal-Amaury-Sanchez-Danilo-Ginebra-Andres-Pichardo-y-Jose-Gabriel-Perez-.jpg?fit=1200%2C873&ssl=1&resize=1050%2C600 3x"},"classes":[]},{"id":344362,"url":"https:\/\/casadecampoliving.com\/es\/premier-de-la-extrana-en-la-marina-casa-de-campo\/","url_meta":{"origin":344161,"position":3},"title":"Premier de La Extra\u00f1a en la Marina Casa de Campo","author":"Perkin Agramonte","date":"12 May, 2014","format":false,"excerpt":"Destacada. Olv\u00eddese de la maravillosa after-party y de todo el champ\u00e1n. La verdadera estrella de la premiere celebrada el viernes 9 de mayo en la Marina Casa de Campo, fue sin lugar a duda, la pel\u00edcula La Extra\u00f1a. Fue sensacional en todo el sentido de la palabra. Siendo la primera\u2026","rel":"","context":"En \u00abCasa de Campo Living @es\u00bb","block_context":{"text":"Casa de Campo Living @es","link":"https:\/\/casadecampoliving.com\/category\/casa-de-campo-living-es\/"},"img":{"alt_text":"La Extrana, Crystal Jimenez, Frank Perozo, Evelyna Rodriguez, Sergio Gobbi, Cesar Rodriguez","src":"https:\/\/i0.wp.com\/casadecampoliving.com\/wp-content\/uploads\/2022\/10\/La_Extrana_Crystal_Jimenez_Frank_Perozo_Evelyna_Rodriguez_Sergio_Gobbi_Cesar_Rodriguez-1.jpg?fit=650%2C395&ssl=1&resize=350%2C200","width":350,"height":200,"srcset":"https:\/\/i0.wp.com\/casadecampoliving.com\/wp-content\/uploads\/2022\/10\/La_Extrana_Crystal_Jimenez_Frank_Perozo_Evelyna_Rodriguez_Sergio_Gobbi_Cesar_Rodriguez-1.jpg?fit=650%2C395&ssl=1&resize=350%2C200 1x, https:\/\/i0.wp.com\/casadecampoliving.com\/wp-content\/uploads\/2022\/10\/La_Extrana_Crystal_Jimenez_Frank_Perozo_Evelyna_Rodriguez_Sergio_Gobbi_Cesar_Rodriguez-1.jpg?fit=650%2C395&ssl=1&resize=525%2C300 1.5x"},"classes":[]},{"id":344435,"url":"https:\/\/casadecampoliving.com\/es\/frank-perozo\/","url_meta":{"origin":344161,"position":4},"title":"Frank Perozo visto en Lago Grill","author":"Perkin Agramonte","date":"26 May, 2014","format":false,"excerpt":"Al observar a Frank Perozo y Evelyna Rodr\u00edguez, estrellas de la pel\u00edcula La Extra\u00f1a, desayunando en Casa de Campo, espec\u00edficamente en Lago Grill, sentimos como si estuvi\u00e9semos presenciando una escena de La Extra\u00f1a Por supuesto que no lo fue, simplemente vimos a Frank Perozo y Evelyna Rodr\u00edguez disfrutar de un\u2026","rel":"","context":"En \u00abCasa de Campo Living @es\u00bb","block_context":{"text":"Casa de Campo Living @es","link":"https:\/\/casadecampoliving.com\/category\/casa-de-campo-living-es\/"},"img":{"alt_text":"","src":"https:\/\/i0.wp.com\/casadecampoliving.com\/wp-content\/uploads\/2022\/10\/Frank_Perozo_header_2-1.jpg?fit=650%2C434&ssl=1&resize=350%2C200","width":350,"height":200,"srcset":"https:\/\/i0.wp.com\/casadecampoliving.com\/wp-content\/uploads\/2022\/10\/Frank_Perozo_header_2-1.jpg?fit=650%2C434&ssl=1&resize=350%2C200 1x, https:\/\/i0.wp.com\/casadecampoliving.com\/wp-content\/uploads\/2022\/10\/Frank_Perozo_header_2-1.jpg?fit=650%2C434&ssl=1&resize=525%2C300 1.5x"},"classes":[]},{"id":344382,"url":"https:\/\/casadecampoliving.com\/es\/cartelera-de-cine-del-15-al-21-de-mayo\/","url_meta":{"origin":344161,"position":5},"title":"Cartelera de Cine: del 15 al 21 de mayo","author":"Perkin Agramonte","date":"15 May, 2014","format":false,"excerpt":"Para esta semana el cine de la Marina Casa de Campo nos trae en cartelera 2 pel\u00edculas nuevas: \u201cLa Extra\u00f1a\u201d y \u201cGodzilla\u201d\u00a0mientras todav\u00eda en las salas tenemos\u00a0\u201cNo Hay Dos Sin Tres\u201d\u00a0y\u00a0\u201cRio 2\u201d\u00a0.\u00a0Salvedad:\u00a0A partir de ahora el cine de La Marina Casa de Campo estar\u00e1 abierto\u00a0todos los d\u00edas hasta nuevo aviso.\u2026","rel":"","context":"En \u00abArte y cultura\u00bb","block_context":{"text":"Arte y cultura","link":"https:\/\/casadecampoliving.com\/category\/arte-y-cultura\/"},"img":{"alt_text":"","src":"https:\/\/i0.wp.com\/casadecampoliving.com\/wp-content\/uploads\/2022\/10\/CDCAMP_15_de_mayo-1.jpg?fit=650%2C280&ssl=1&resize=350%2C200","width":350,"height":200,"srcset":"https:\/\/i0.wp.com\/casadecampoliving.com\/wp-content\/uploads\/2022\/10\/CDCAMP_15_de_mayo-1.jpg?fit=650%2C280&ssl=1&resize=350%2C200 1x, https:\/\/i0.wp.com\/casadecampoliving.com\/wp-content\/uploads\/2022\/10\/CDCAMP_15_de_mayo-1.jpg?fit=650%2C280&ssl=1&resize=525%2C300 1.5x"},"classes":[]}],"jetpack_sharing_enabled":true,"_links":{"self":[{"href":"https:\/\/casadecampoliving.com\/es\/wp-json\/wp\/v2\/posts\/344161","targetHints":{"allow":["GET"]}}],"collection":[{"href":"https:\/\/casadecampoliving.com\/es\/wp-json\/wp\/v2\/posts"}],"about":[{"href":"https:\/\/casadecampoliving.com\/es\/wp-json\/wp\/v2\/types\/post"}],"author":[{"embeddable":true,"href":"https:\/\/casadecampoliving.com\/es\/wp-json\/wp\/v2\/users\/1097"}],"replies":[{"embeddable":true,"href":"https:\/\/casadecampoliving.com\/es\/wp-json\/wp\/v2\/comments?post=344161"}],"version-history":[{"count":1,"href":"https:\/\/casadecampoliving.com\/es\/wp-json\/wp\/v2\/posts\/344161\/revisions"}],"predecessor-version":[{"id":344162,"href":"https:\/\/casadecampoliving.com\/es\/wp-json\/wp\/v2\/posts\/344161\/revisions\/344162"}],"wp:featuredmedia":[{"embeddable":true,"href":"https:\/\/casadecampoliving.com\/es\/wp-json\/wp\/v2\/media\/228941"}],"wp:attachment":[{"href":"https:\/\/casadecampoliving.com\/es\/wp-json\/wp\/v2\/media?parent=344161"}],"wp:term":[{"taxonomy":"category","embeddable":true,"href":"https:\/\/casadecampoliving.com\/es\/wp-json\/wp\/v2\/categories?post=344161"},{"taxonomy":"post_tag","embeddable":true,"href":"https:\/\/casadecampoliving.com\/es\/wp-json\/wp\/v2\/tags?post=344161"},{"taxonomy":"newspack_spnsrs_tax","embeddable":true,"href":"https:\/\/casadecampoliving.com\/es\/wp-json\/wp\/v2\/newspack_spnsrs_tax?post=344161"}],"curies":[{"name":"wp","href":"https:\/\/api.w.org\/{rel}","templated":true}]}}