{"id":344135,"date":"2014-04-03T00:00:00","date_gmt":"2014-04-03T04:00:00","guid":{"rendered":"https:\/\/casadecampoliving.com\/fermin-ceballos-suenos-persistentes-es-para-perderselo-dice-stephen-kaplan\/"},"modified":"2022-10-21T18:49:34","modified_gmt":"2022-10-21T22:49:34","slug":"fermin-ceballos-suenos-persistentes-es-para-perderselo-dice-stephen-kaplan","status":"publish","type":"post","link":"https:\/\/casadecampoliving.com\/es\/fermin-ceballos-suenos-persistentes-es-para-perderselo-dice-stephen-kaplan\/","title":{"rendered":"Ferm\u00edn Ceballos: Sue\u00f1os Persistentes, \u00abes para no perd\u00e9rselo\u00bb dice Stephen Kaplan"},"content":{"rendered":"<div class=\"wp-block-image\">\n<figure class=\"aligncenter is-resized\"><img loading=\"lazy\" decoding=\"async\" src=\"https:\/\/i0.wp.com\/casadecampoliving.com\/wp-content\/uploads\/2022\/10\/altos_de_chavon_arte4.jpg?resize=650%2C433&amp;ssl=1\" alt=\"Altos de Chavon arte\" class=\"wp-image-86342\" height=\"433\" width=\"650\"\/><\/figure>\n<\/div>\n\n\n<p>En su exposici\u00f3n actual, en la planta superior de la Galer\u00eda de Altos de Chav\u00f3n, Ferm\u00edn Ceballos desnuda su alma en una serie de pinturas, de gran formato y cat\u00e1rticos, sobre lienzos alquitranados. Tem\u00e1ticamente, las obras son una especie de auto-exorcismo \u2014 son autorretratos, en su mayor parte \u2014 cargadas con heridas que no sangran. En estos vastos espacios negros encontramos una culpabilidad sumamente castigadora. Las pinturas recuerdan exvotos mexicanos, obras de purificaci\u00f3n psicol\u00f3gica e introspecci\u00f3n atormentadora. Ceballos aguanta el sufrimiento con su propia expresi\u00f3n impasible, siempre vestido con el pijama arrugado por el cual nosotros le conocemos.<\/p>\n\n\n\n<!--more-->\n\n\n\n<p>El fondo pavimento manchado de petr\u00f3leo de estas obras figurativas es tan importante como las figuras mismas. Ceballos trata meticulosamente su lienzo con capas de alquitr\u00e1n o asfalto, un conglomerado que luego se cura en el sol. El resultado es la receta definitiva para absorber la luz, una superficie de color negro mate que se quebranta y desarrolla una textura jaspeada y con profundidad. Quiz\u00e1 soy yo, pero parece que el asfalto absorbe el sonido tambi\u00e9n. Est\u00e1 ante una de las figuras de Ceballos de tama\u00f1o natural y siente el silencio de la superficie de alquitr\u00e1n ac\u00fastico chupando el sonido a su alrededor. Un vac\u00edo auditivo le envuelve y le hace vulnerable a la imagen.<\/p>\n\n\n\n<p>Pocos artistas contempor\u00e1neos poseen la habilidad y la determinaci\u00f3n que Ceballos presenta en esta exposici\u00f3n. Sus pinturas son obsesivas y profundamente personales, pero su concepto alcanza la universalidad. Estamos sorprendidos por su pincelada y la calidad de su l\u00ednea; no podemos dejar de estar impresionados por sus dibujos esgrafiados, su representaci\u00f3n lineal asombrosa. El espect\u00e1culo es un tour de force, &nbsp;un viaje extraordinario hacia la oscuridad y los sue\u00f1os inquietantes de desmembramiento e introspecci\u00f3n. Es para no perd\u00e9rselo.<\/p>\n\n\n\n<p>Sue\u00f1os Persistentes por Ferm\u00edn Ceballos se inaugura esta noche, jueves 3 de abril en La Galer\u00eda (2do piso) en Altos de Chav\u00f3n, y estar\u00e1 en exposici\u00f3n hasta el 29 de abril.<\/p>\n\n\n\n<blockquote class=\"wp-block-quote is-layout-flow wp-block-quote-is-layout-flow\"><p><strong>C\u00f3ctel de apertura para la exhibici\u00f3n \u201cArtistas en Residencia\u201d<\/strong><\/p><p><strong>Fecha:&nbsp;<\/strong>Jueves 3 de abril, 7:30pm<\/p><p><strong>Lugar:&nbsp;<\/strong>La Galer\u00eda, Altos de Chav\u00f3n<\/p><p><strong>Contactos:&nbsp;<\/strong>(809) 523-8470<\/p><\/blockquote>\n\n\n\n<blockquote class=\"wp-block-quote is-layout-flow wp-block-quote-is-layout-flow\"><p><strong>Acerca de Ferm\u00edn Ceballos<\/strong><\/p><p>Ferm\u00edn Ceballos es un artista dominicano nacido el 27 de junio del 1978 en San Crist\u00f3bal Rep\u00fablica Dominicana (una provincia ubicada al sur del pa\u00eds), es egresado de la Escuela Nacional de Bellas Artes en Santo Domingo.<\/p><p>Present\u00f3 su primera exposici\u00f3n individual en el a\u00f1o 2002 en la galer\u00eda Arawak ubicada en Santo Domingo, adem\u00e1s ha representado al pa\u00eds en el extranjero en m\u00faltiples ocasiones, ganando numerosos premios nacionales e internacionales.<\/p><\/blockquote>\n","protected":false},"excerpt":{"rendered":"<p>En su exposici\u00f3n actual, en la planta superior de la Galer\u00eda de Altos de Chav\u00f3n, Ferm\u00edn Ceballos desnuda su alma en una serie de pinturas, de gran formato y cat\u00e1rticos, sobre lienzos alquitranados. Tem\u00e1ticamente, las obras son una especie de auto-exorcismo \u2014 son autorretratos, en su mayor parte \u2014 cargadas con heridas que no sangran. [&hellip;]<\/p>\n","protected":false},"author":1097,"featured_media":267207,"comment_status":"closed","ping_status":"closed","sticky":false,"template":"","format":"standard","meta":{"newspack_ads_suppress_ads":false,"newspack_popups_has_disabled_popups":false,"newspack_sponsor_sponsorship_scope":"","newspack_sponsor_native_byline_display":"inherit","newspack_sponsor_native_category_display":"inherit","newspack_sponsor_underwriter_style":"inherit","newspack_sponsor_underwriter_placement":"inherit","_newspack_byline_active":false,"_newspack_byline":"","newspack_hide_updated_date":false,"newspack_show_updated_date":false,"newspack_content_restriction_is_exempt":false,"newspack_featured_image_position":"","newspack_post_subtitle":"","newspack_article_summary_title":"Overview:","newspack_article_summary":"","_jetpack_memberships_contains_paid_content":false,"footnotes":"","jetpack_publicize_message":"","jetpack_publicize_feature_enabled":true,"jetpack_social_post_already_shared":false,"jetpack_social_options":{"image_generator_settings":{"template":"highway","default_image_id":0,"font":"","enabled":false},"version":2},"_wpas_customize_per_network":false},"categories":[26819,26823,2524,14631,2522,14625,14627,2521,26822],"tags":[15387,1929,3981,7217],"newspack_spnsrs_tax":[],"class_list":["post-344135","post","type-post","status-publish","format-standard","has-post-thumbnail","hentry","category-altos-de-chavon-es","category-arte-y-cultura","category-destacados","category-estilo-de-vida","category-eventos-es","category-noticias-locales","category-proximamente","category-republica-dominicana-2","category-resort-casa-de-campo","tag-altos-de-chavon-es","tag-artistas-en-residencia","tag-casa-de-campoes","tag-stephen-kaplan-es","entry"],"yoast_head":"<!-- This site is optimized with the Yoast SEO plugin v27.4 - https:\/\/yoast.com\/product\/yoast-seo-wordpress\/ -->\n<title>Ferm\u00edn Ceballos: Sue\u00f1os Persistentes, &quot;es para no perd\u00e9rselo&quot; dice Stephen Kaplan | Casa de Campo Living<\/title>\n<meta name=\"description\" content=\"En su exposici\u00f3n actual, en la planta superior de la Galer\u00eda de Altos de Chav\u00f3n, Ferm\u00edn Ceballos desnuda su alma en una serie de pinturas, de gran formato\" \/>\n<meta name=\"robots\" content=\"index, follow, max-snippet:-1, max-image-preview:large, max-video-preview:-1\" \/>\n<link rel=\"canonical\" href=\"https:\/\/casadecampoliving.com\/es\/fermin-ceballos-suenos-persistentes-es-para-perderselo-dice-stephen-kaplan\/\" \/>\n<meta property=\"og:locale\" content=\"es_ES\" \/>\n<meta property=\"og:type\" content=\"article\" \/>\n<meta property=\"og:title\" content=\"Ferm\u00edn Ceballos: Sue\u00f1os Persistentes, &quot;es para no perd\u00e9rselo&quot; dice Stephen Kaplan | Casa de Campo Living\" \/>\n<meta property=\"og:description\" content=\"En su exposici\u00f3n actual, en la planta superior de la Galer\u00eda de Altos de Chav\u00f3n, Ferm\u00edn Ceballos desnuda su alma en una serie de pinturas, de gran formato\" \/>\n<meta property=\"og:url\" content=\"https:\/\/casadecampoliving.com\/es\/fermin-ceballos-suenos-persistentes-es-para-perderselo-dice-stephen-kaplan\/\" \/>\n<meta property=\"og:site_name\" content=\"Casa de Campo Living\" \/>\n<meta property=\"article:publisher\" content=\"https:\/\/www.facebook.com\/casadecampoliving\" \/>\n<meta property=\"article:published_time\" content=\"2014-04-03T04:00:00+00:00\" \/>\n<meta property=\"article:modified_time\" content=\"2022-10-21T22:49:34+00:00\" \/>\n<meta property=\"og:image\" content=\"https:\/\/i0.wp.com\/casadecampoliving.com\/wp-content\/uploads\/2022\/10\/altos_de_chavon_arte4-1.jpg?fit=650%2C433&ssl=1\" \/>\n\t<meta property=\"og:image:width\" content=\"650\" \/>\n\t<meta property=\"og:image:height\" content=\"433\" \/>\n\t<meta property=\"og:image:type\" content=\"image\/jpeg\" \/>\n<meta name=\"author\" content=\"Perkin Agramonte\" \/>\n<meta name=\"twitter:card\" content=\"summary_large_image\" \/>\n<meta name=\"twitter:creator\" content=\"@cdcliving\" \/>\n<meta name=\"twitter:site\" content=\"@cdcliving\" \/>\n<meta name=\"twitter:label1\" content=\"Escrito por\" \/>\n\t<meta name=\"twitter:data1\" content=\"Perkin Agramonte\" \/>\n\t<meta name=\"twitter:label2\" content=\"Tiempo de lectura\" \/>\n\t<meta name=\"twitter:data2\" content=\"2 minutos\" \/>\n<script type=\"application\/ld+json\" class=\"yoast-schema-graph\">{\"@context\":\"https:\\\/\\\/schema.org\",\"@graph\":[{\"@type\":\"Article\",\"@id\":\"https:\\\/\\\/casadecampoliving.com\\\/es\\\/fermin-ceballos-suenos-persistentes-es-para-perderselo-dice-stephen-kaplan\\\/#article\",\"isPartOf\":{\"@id\":\"https:\\\/\\\/casadecampoliving.com\\\/es\\\/fermin-ceballos-suenos-persistentes-es-para-perderselo-dice-stephen-kaplan\\\/\"},\"author\":{\"name\":\"Perkin Agramonte\",\"@id\":\"https:\\\/\\\/casadecampoliving.com\\\/es\\\/#\\\/schema\\\/person\\\/c8efa6049510554b7d5fea078d728f72\"},\"headline\":\"Ferm\u00edn Ceballos: Sue\u00f1os Persistentes, \u00abes para no perd\u00e9rselo\u00bb dice Stephen Kaplan\",\"datePublished\":\"2014-04-03T04:00:00+00:00\",\"dateModified\":\"2022-10-21T22:49:34+00:00\",\"mainEntityOfPage\":{\"@id\":\"https:\\\/\\\/casadecampoliving.com\\\/es\\\/fermin-ceballos-suenos-persistentes-es-para-perderselo-dice-stephen-kaplan\\\/\"},\"wordCount\":476,\"publisher\":{\"@id\":\"https:\\\/\\\/casadecampoliving.com\\\/es\\\/#organization\"},\"image\":{\"@id\":\"https:\\\/\\\/casadecampoliving.com\\\/es\\\/fermin-ceballos-suenos-persistentes-es-para-perderselo-dice-stephen-kaplan\\\/#primaryimage\"},\"thumbnailUrl\":\"https:\\\/\\\/i0.wp.com\\\/casadecampoliving.com\\\/wp-content\\\/uploads\\\/2022\\\/10\\\/altos_de_chavon_arte4-1.jpg?fit=650%2C433&ssl=1\",\"keywords\":[\"Altos de Chavon\",\"artistas en residencia\",\"casa de campo@es\",\"stephen kaplan @es\"],\"articleSection\":[\"Altos de Chavon @es\",\"Arte y cultura\",\"Destacados\",\"Estilo de Vida\",\"Eventos\",\"Noticias Locales\",\"Proximamente\",\"Rep\u00fablica Dominicana @es\",\"Resort Casa de Campo\"],\"inLanguage\":\"es\"},{\"@type\":\"WebPage\",\"@id\":\"https:\\\/\\\/casadecampoliving.com\\\/es\\\/fermin-ceballos-suenos-persistentes-es-para-perderselo-dice-stephen-kaplan\\\/\",\"url\":\"https:\\\/\\\/casadecampoliving.com\\\/es\\\/fermin-ceballos-suenos-persistentes-es-para-perderselo-dice-stephen-kaplan\\\/\",\"name\":\"Ferm\u00edn Ceballos: Sue\u00f1os Persistentes, \\\"es para no perd\u00e9rselo\\\" dice Stephen Kaplan | Casa de Campo Living\",\"isPartOf\":{\"@id\":\"https:\\\/\\\/casadecampoliving.com\\\/es\\\/#website\"},\"primaryImageOfPage\":{\"@id\":\"https:\\\/\\\/casadecampoliving.com\\\/es\\\/fermin-ceballos-suenos-persistentes-es-para-perderselo-dice-stephen-kaplan\\\/#primaryimage\"},\"image\":{\"@id\":\"https:\\\/\\\/casadecampoliving.com\\\/es\\\/fermin-ceballos-suenos-persistentes-es-para-perderselo-dice-stephen-kaplan\\\/#primaryimage\"},\"thumbnailUrl\":\"https:\\\/\\\/i0.wp.com\\\/casadecampoliving.com\\\/wp-content\\\/uploads\\\/2022\\\/10\\\/altos_de_chavon_arte4-1.jpg?fit=650%2C433&ssl=1\",\"datePublished\":\"2014-04-03T04:00:00+00:00\",\"dateModified\":\"2022-10-21T22:49:34+00:00\",\"description\":\"En su exposici\u00f3n actual, en la planta superior de la Galer\u00eda de Altos de Chav\u00f3n, Ferm\u00edn Ceballos desnuda su alma en una serie de pinturas, de gran formato\",\"breadcrumb\":{\"@id\":\"https:\\\/\\\/casadecampoliving.com\\\/es\\\/fermin-ceballos-suenos-persistentes-es-para-perderselo-dice-stephen-kaplan\\\/#breadcrumb\"},\"inLanguage\":\"es\",\"potentialAction\":[{\"@type\":\"ReadAction\",\"target\":[\"https:\\\/\\\/casadecampoliving.com\\\/es\\\/fermin-ceballos-suenos-persistentes-es-para-perderselo-dice-stephen-kaplan\\\/\"]}]},{\"@type\":\"ImageObject\",\"inLanguage\":\"es\",\"@id\":\"https:\\\/\\\/casadecampoliving.com\\\/es\\\/fermin-ceballos-suenos-persistentes-es-para-perderselo-dice-stephen-kaplan\\\/#primaryimage\",\"url\":\"https:\\\/\\\/i0.wp.com\\\/casadecampoliving.com\\\/wp-content\\\/uploads\\\/2022\\\/10\\\/altos_de_chavon_arte4-1.jpg?fit=650%2C433&ssl=1\",\"contentUrl\":\"https:\\\/\\\/i0.wp.com\\\/casadecampoliving.com\\\/wp-content\\\/uploads\\\/2022\\\/10\\\/altos_de_chavon_arte4-1.jpg?fit=650%2C433&ssl=1\",\"width\":650,\"height\":433,\"caption\":\"Altos de Chavon arte\"},{\"@type\":\"BreadcrumbList\",\"@id\":\"https:\\\/\\\/casadecampoliving.com\\\/es\\\/fermin-ceballos-suenos-persistentes-es-para-perderselo-dice-stephen-kaplan\\\/#breadcrumb\",\"itemListElement\":[{\"@type\":\"ListItem\",\"position\":1,\"name\":\"Home\",\"item\":\"https:\\\/\\\/casadecampoliving.com\\\/es\\\/\"},{\"@type\":\"ListItem\",\"position\":2,\"name\":\"Ferm\u00edn Ceballos: Sue\u00f1os Persistentes, &#8220;es para no perd\u00e9rselo&#8221; dice Stephen Kaplan\"}]},{\"@type\":\"WebSite\",\"@id\":\"https:\\\/\\\/casadecampoliving.com\\\/es\\\/#website\",\"url\":\"https:\\\/\\\/casadecampoliving.com\\\/es\\\/\",\"name\":\"Casa de Campo Living\",\"description\":\"Resort community news and resources.\",\"publisher\":{\"@id\":\"https:\\\/\\\/casadecampoliving.com\\\/es\\\/#organization\"},\"potentialAction\":[{\"@type\":\"SearchAction\",\"target\":{\"@type\":\"EntryPoint\",\"urlTemplate\":\"https:\\\/\\\/casadecampoliving.com\\\/es\\\/?s={search_term_string}\"},\"query-input\":{\"@type\":\"PropertyValueSpecification\",\"valueRequired\":true,\"valueName\":\"search_term_string\"}}],\"inLanguage\":\"es\"},{\"@type\":\"Organization\",\"@id\":\"https:\\\/\\\/casadecampoliving.com\\\/es\\\/#organization\",\"name\":\"Casa de Campo Living\",\"url\":\"https:\\\/\\\/casadecampoliving.com\\\/es\\\/\",\"logo\":{\"@type\":\"ImageObject\",\"inLanguage\":\"es\",\"@id\":\"https:\\\/\\\/casadecampoliving.com\\\/es\\\/#\\\/schema\\\/logo\\\/image\\\/\",\"url\":\"https:\\\/\\\/i0.wp.com\\\/casadecampoliving.com\\\/wp-content\\\/uploads\\\/2022\\\/07\\\/CDCLivingLogo_V1-white-sized.png?fit=800%2C214&ssl=1\",\"contentUrl\":\"https:\\\/\\\/i0.wp.com\\\/casadecampoliving.com\\\/wp-content\\\/uploads\\\/2022\\\/07\\\/CDCLivingLogo_V1-white-sized.png?fit=800%2C214&ssl=1\",\"width\":800,\"height\":214,\"caption\":\"Casa de Campo Living\"},\"image\":{\"@id\":\"https:\\\/\\\/casadecampoliving.com\\\/es\\\/#\\\/schema\\\/logo\\\/image\\\/\"},\"sameAs\":[\"https:\\\/\\\/www.facebook.com\\\/casadecampoliving\",\"https:\\\/\\\/x.com\\\/cdcliving\"]},{\"@type\":\"Person\",\"@id\":\"https:\\\/\\\/casadecampoliving.com\\\/es\\\/#\\\/schema\\\/person\\\/c8efa6049510554b7d5fea078d728f72\",\"name\":\"Perkin Agramonte\",\"image\":{\"@type\":\"ImageObject\",\"inLanguage\":\"es\",\"@id\":\"https:\\\/\\\/secure.gravatar.com\\\/avatar\\\/57bfdafcae55fb83dbb79a1585a9eab7f269b7720fb0b64cb9a4e0cd2962fa10?s=96&d=mm&r=g\",\"url\":\"https:\\\/\\\/secure.gravatar.com\\\/avatar\\\/57bfdafcae55fb83dbb79a1585a9eab7f269b7720fb0b64cb9a4e0cd2962fa10?s=96&d=mm&r=g\",\"contentUrl\":\"https:\\\/\\\/secure.gravatar.com\\\/avatar\\\/57bfdafcae55fb83dbb79a1585a9eab7f269b7720fb0b64cb9a4e0cd2962fa10?s=96&d=mm&r=g\",\"caption\":\"Perkin Agramonte\"},\"url\":\"https:\\\/\\\/casadecampoliving.com\\\/es\\\/author\\\/cagramonte\\\/\"}]}<\/script>\n<!-- \/ Yoast SEO plugin. -->","yoast_head_json":{"title":"Ferm\u00edn Ceballos: Sue\u00f1os Persistentes, \"es para no perd\u00e9rselo\" dice Stephen Kaplan | Casa de Campo Living","description":"En su exposici\u00f3n actual, en la planta superior de la Galer\u00eda de Altos de Chav\u00f3n, Ferm\u00edn Ceballos desnuda su alma en una serie de pinturas, de gran formato","robots":{"index":"index","follow":"follow","max-snippet":"max-snippet:-1","max-image-preview":"max-image-preview:large","max-video-preview":"max-video-preview:-1"},"canonical":"https:\/\/casadecampoliving.com\/es\/fermin-ceballos-suenos-persistentes-es-para-perderselo-dice-stephen-kaplan\/","og_locale":"es_ES","og_type":"article","og_title":"Ferm\u00edn Ceballos: Sue\u00f1os Persistentes, \"es para no perd\u00e9rselo\" dice Stephen Kaplan | Casa de Campo Living","og_description":"En su exposici\u00f3n actual, en la planta superior de la Galer\u00eda de Altos de Chav\u00f3n, Ferm\u00edn Ceballos desnuda su alma en una serie de pinturas, de gran formato","og_url":"https:\/\/casadecampoliving.com\/es\/fermin-ceballos-suenos-persistentes-es-para-perderselo-dice-stephen-kaplan\/","og_site_name":"Casa de Campo Living","article_publisher":"https:\/\/www.facebook.com\/casadecampoliving","article_published_time":"2014-04-03T04:00:00+00:00","article_modified_time":"2022-10-21T22:49:34+00:00","og_image":[{"width":650,"height":433,"url":"https:\/\/i0.wp.com\/casadecampoliving.com\/wp-content\/uploads\/2022\/10\/altos_de_chavon_arte4-1.jpg?fit=650%2C433&ssl=1","type":"image\/jpeg"}],"author":"Perkin Agramonte","twitter_card":"summary_large_image","twitter_creator":"@cdcliving","twitter_site":"@cdcliving","twitter_misc":{"Escrito por":"Perkin Agramonte","Tiempo de lectura":"2 minutos"},"schema":{"@context":"https:\/\/schema.org","@graph":[{"@type":"Article","@id":"https:\/\/casadecampoliving.com\/es\/fermin-ceballos-suenos-persistentes-es-para-perderselo-dice-stephen-kaplan\/#article","isPartOf":{"@id":"https:\/\/casadecampoliving.com\/es\/fermin-ceballos-suenos-persistentes-es-para-perderselo-dice-stephen-kaplan\/"},"author":{"name":"Perkin Agramonte","@id":"https:\/\/casadecampoliving.com\/es\/#\/schema\/person\/c8efa6049510554b7d5fea078d728f72"},"headline":"Ferm\u00edn Ceballos: Sue\u00f1os Persistentes, \u00abes para no perd\u00e9rselo\u00bb dice Stephen Kaplan","datePublished":"2014-04-03T04:00:00+00:00","dateModified":"2022-10-21T22:49:34+00:00","mainEntityOfPage":{"@id":"https:\/\/casadecampoliving.com\/es\/fermin-ceballos-suenos-persistentes-es-para-perderselo-dice-stephen-kaplan\/"},"wordCount":476,"publisher":{"@id":"https:\/\/casadecampoliving.com\/es\/#organization"},"image":{"@id":"https:\/\/casadecampoliving.com\/es\/fermin-ceballos-suenos-persistentes-es-para-perderselo-dice-stephen-kaplan\/#primaryimage"},"thumbnailUrl":"https:\/\/i0.wp.com\/casadecampoliving.com\/wp-content\/uploads\/2022\/10\/altos_de_chavon_arte4-1.jpg?fit=650%2C433&ssl=1","keywords":["Altos de Chavon","artistas en residencia","casa de campo@es","stephen kaplan @es"],"articleSection":["Altos de Chavon @es","Arte y cultura","Destacados","Estilo de Vida","Eventos","Noticias Locales","Proximamente","Rep\u00fablica Dominicana @es","Resort Casa de Campo"],"inLanguage":"es"},{"@type":"WebPage","@id":"https:\/\/casadecampoliving.com\/es\/fermin-ceballos-suenos-persistentes-es-para-perderselo-dice-stephen-kaplan\/","url":"https:\/\/casadecampoliving.com\/es\/fermin-ceballos-suenos-persistentes-es-para-perderselo-dice-stephen-kaplan\/","name":"Ferm\u00edn Ceballos: Sue\u00f1os Persistentes, \"es para no perd\u00e9rselo\" dice Stephen Kaplan | Casa de Campo Living","isPartOf":{"@id":"https:\/\/casadecampoliving.com\/es\/#website"},"primaryImageOfPage":{"@id":"https:\/\/casadecampoliving.com\/es\/fermin-ceballos-suenos-persistentes-es-para-perderselo-dice-stephen-kaplan\/#primaryimage"},"image":{"@id":"https:\/\/casadecampoliving.com\/es\/fermin-ceballos-suenos-persistentes-es-para-perderselo-dice-stephen-kaplan\/#primaryimage"},"thumbnailUrl":"https:\/\/i0.wp.com\/casadecampoliving.com\/wp-content\/uploads\/2022\/10\/altos_de_chavon_arte4-1.jpg?fit=650%2C433&ssl=1","datePublished":"2014-04-03T04:00:00+00:00","dateModified":"2022-10-21T22:49:34+00:00","description":"En su exposici\u00f3n actual, en la planta superior de la Galer\u00eda de Altos de Chav\u00f3n, Ferm\u00edn Ceballos desnuda su alma en una serie de pinturas, de gran formato","breadcrumb":{"@id":"https:\/\/casadecampoliving.com\/es\/fermin-ceballos-suenos-persistentes-es-para-perderselo-dice-stephen-kaplan\/#breadcrumb"},"inLanguage":"es","potentialAction":[{"@type":"ReadAction","target":["https:\/\/casadecampoliving.com\/es\/fermin-ceballos-suenos-persistentes-es-para-perderselo-dice-stephen-kaplan\/"]}]},{"@type":"ImageObject","inLanguage":"es","@id":"https:\/\/casadecampoliving.com\/es\/fermin-ceballos-suenos-persistentes-es-para-perderselo-dice-stephen-kaplan\/#primaryimage","url":"https:\/\/i0.wp.com\/casadecampoliving.com\/wp-content\/uploads\/2022\/10\/altos_de_chavon_arte4-1.jpg?fit=650%2C433&ssl=1","contentUrl":"https:\/\/i0.wp.com\/casadecampoliving.com\/wp-content\/uploads\/2022\/10\/altos_de_chavon_arte4-1.jpg?fit=650%2C433&ssl=1","width":650,"height":433,"caption":"Altos de Chavon arte"},{"@type":"BreadcrumbList","@id":"https:\/\/casadecampoliving.com\/es\/fermin-ceballos-suenos-persistentes-es-para-perderselo-dice-stephen-kaplan\/#breadcrumb","itemListElement":[{"@type":"ListItem","position":1,"name":"Home","item":"https:\/\/casadecampoliving.com\/es\/"},{"@type":"ListItem","position":2,"name":"Ferm\u00edn Ceballos: Sue\u00f1os Persistentes, &#8220;es para no perd\u00e9rselo&#8221; dice Stephen Kaplan"}]},{"@type":"WebSite","@id":"https:\/\/casadecampoliving.com\/es\/#website","url":"https:\/\/casadecampoliving.com\/es\/","name":"Casa de Campo Living","description":"Resort community news and resources.","publisher":{"@id":"https:\/\/casadecampoliving.com\/es\/#organization"},"potentialAction":[{"@type":"SearchAction","target":{"@type":"EntryPoint","urlTemplate":"https:\/\/casadecampoliving.com\/es\/?s={search_term_string}"},"query-input":{"@type":"PropertyValueSpecification","valueRequired":true,"valueName":"search_term_string"}}],"inLanguage":"es"},{"@type":"Organization","@id":"https:\/\/casadecampoliving.com\/es\/#organization","name":"Casa de Campo Living","url":"https:\/\/casadecampoliving.com\/es\/","logo":{"@type":"ImageObject","inLanguage":"es","@id":"https:\/\/casadecampoliving.com\/es\/#\/schema\/logo\/image\/","url":"https:\/\/i0.wp.com\/casadecampoliving.com\/wp-content\/uploads\/2022\/07\/CDCLivingLogo_V1-white-sized.png?fit=800%2C214&ssl=1","contentUrl":"https:\/\/i0.wp.com\/casadecampoliving.com\/wp-content\/uploads\/2022\/07\/CDCLivingLogo_V1-white-sized.png?fit=800%2C214&ssl=1","width":800,"height":214,"caption":"Casa de Campo Living"},"image":{"@id":"https:\/\/casadecampoliving.com\/es\/#\/schema\/logo\/image\/"},"sameAs":["https:\/\/www.facebook.com\/casadecampoliving","https:\/\/x.com\/cdcliving"]},{"@type":"Person","@id":"https:\/\/casadecampoliving.com\/es\/#\/schema\/person\/c8efa6049510554b7d5fea078d728f72","name":"Perkin Agramonte","image":{"@type":"ImageObject","inLanguage":"es","@id":"https:\/\/secure.gravatar.com\/avatar\/57bfdafcae55fb83dbb79a1585a9eab7f269b7720fb0b64cb9a4e0cd2962fa10?s=96&d=mm&r=g","url":"https:\/\/secure.gravatar.com\/avatar\/57bfdafcae55fb83dbb79a1585a9eab7f269b7720fb0b64cb9a4e0cd2962fa10?s=96&d=mm&r=g","contentUrl":"https:\/\/secure.gravatar.com\/avatar\/57bfdafcae55fb83dbb79a1585a9eab7f269b7720fb0b64cb9a4e0cd2962fa10?s=96&d=mm&r=g","caption":"Perkin Agramonte"},"url":"https:\/\/casadecampoliving.com\/es\/author\/cagramonte\/"}]}},"parsely":{"version":"1.1.0","canonical_url":"https:\/\/casadecampoliving.com\/es\/fermin-ceballos-suenos-persistentes-es-para-perderselo-dice-stephen-kaplan\/","smart_links":{"inbound":0,"outbound":0},"traffic_boost_suggestions_count":0,"meta":{"@context":"https:\/\/schema.org","@type":"NewsArticle","headline":"Ferm\u00edn Ceballos: Sue\u00f1os Persistentes, \u00abes para no perd\u00e9rselo\u00bb dice Stephen Kaplan","url":"http:\/\/casadecampoliving.com\/es\/fermin-ceballos-suenos-persistentes-es-para-perderselo-dice-stephen-kaplan\/","mainEntityOfPage":{"@type":"WebPage","@id":"http:\/\/casadecampoliving.com\/es\/fermin-ceballos-suenos-persistentes-es-para-perderselo-dice-stephen-kaplan\/"},"thumbnailUrl":"https:\/\/i0.wp.com\/casadecampoliving.com\/wp-content\/uploads\/2022\/10\/altos_de_chavon_arte4-1.jpg?resize=150%2C150&ssl=1","image":{"@type":"ImageObject","url":"https:\/\/i0.wp.com\/casadecampoliving.com\/wp-content\/uploads\/2022\/10\/altos_de_chavon_arte4-1.jpg?fit=650%2C433&ssl=1"},"articleSection":"Altos de Chavon @es","author":[{"@type":"Person","name":"Perkin Agramonte"}],"creator":["Perkin Agramonte"],"publisher":{"@type":"Organization","name":"Casa de Campo Living","logo":"https:\/\/casadecampoliving.com\/wp-content\/uploads\/2022\/07\/CDCLivingLogo_V1-white-sized.png"},"keywords":["altos de chavon","artistas en residencia","casa de campo@es","stephen kaplan @es"],"dateCreated":"2014-04-03T04:00:00Z","datePublished":"2014-04-03T04:00:00Z","dateModified":"2022-10-21T22:49:34Z"},"rendered":"<script type=\"application\/ld+json\" class=\"wp-parsely-metadata\">{\"@context\":\"https:\\\/\\\/schema.org\",\"@type\":\"NewsArticle\",\"headline\":\"Ferm\\u00edn Ceballos: Sue\\u00f1os Persistentes, \\u00abes para no perd\\u00e9rselo\\u00bb dice Stephen Kaplan\",\"url\":\"http:\\\/\\\/casadecampoliving.com\\\/es\\\/fermin-ceballos-suenos-persistentes-es-para-perderselo-dice-stephen-kaplan\\\/\",\"mainEntityOfPage\":{\"@type\":\"WebPage\",\"@id\":\"http:\\\/\\\/casadecampoliving.com\\\/es\\\/fermin-ceballos-suenos-persistentes-es-para-perderselo-dice-stephen-kaplan\\\/\"},\"thumbnailUrl\":\"https:\\\/\\\/i0.wp.com\\\/casadecampoliving.com\\\/wp-content\\\/uploads\\\/2022\\\/10\\\/altos_de_chavon_arte4-1.jpg?resize=150%2C150&ssl=1\",\"image\":{\"@type\":\"ImageObject\",\"url\":\"https:\\\/\\\/i0.wp.com\\\/casadecampoliving.com\\\/wp-content\\\/uploads\\\/2022\\\/10\\\/altos_de_chavon_arte4-1.jpg?fit=650%2C433&ssl=1\"},\"articleSection\":\"Altos de Chavon @es\",\"author\":[{\"@type\":\"Person\",\"name\":\"Perkin Agramonte\"}],\"creator\":[\"Perkin Agramonte\"],\"publisher\":{\"@type\":\"Organization\",\"name\":\"Casa de Campo Living\",\"logo\":\"https:\\\/\\\/casadecampoliving.com\\\/wp-content\\\/uploads\\\/2022\\\/07\\\/CDCLivingLogo_V1-white-sized.png\"},\"keywords\":[\"altos de chavon\",\"artistas en residencia\",\"casa de campo@es\",\"stephen kaplan @es\"],\"dateCreated\":\"2014-04-03T04:00:00Z\",\"datePublished\":\"2014-04-03T04:00:00Z\",\"dateModified\":\"2022-10-21T22:49:34Z\"}<\/script>","tracker_url":"https:\/\/cdn.parsely.com\/keys\/casadecampoliving.com\/p.js"},"jetpack_publicize_connections":[],"jetpack_featured_media_url":"https:\/\/i0.wp.com\/casadecampoliving.com\/wp-content\/uploads\/2022\/10\/altos_de_chavon_arte4-1.jpg?fit=650%2C433&ssl=1","jetpack-related-posts":[{"id":344087,"url":"https:\/\/casadecampoliving.com\/es\/exhibicion-de-arte-suenos-persistentes-por-fermin-ceballos\/","url_meta":{"origin":344135,"position":0},"title":"Exhibici\u00f3n de arte \u00abSue\u00f1os Persistentes\u00bb por Ferm\u00edn Ceballos","author":"Perkin Agramonte","date":"31 Mar, 2014","format":false,"excerpt":"El pr\u00f3ximo Jueves 3 de abril, el Centro Cultural Fundaci\u00f3n de Altos de Chavon abrir\u00e1 una nueva exhibici\u00f3n, llamada \u201cSue\u00f1os Persistentes\u201d presentada por el artista en residencia Ferm\u00edn Ceballos. El programa \u201cArtistas en Residencia\u201d dirigido por la Escuela de Arte y Dise\u00f1o Altos de Chav\u00f3n enfatiza la importancia del intercambio\u2026","rel":"","context":"En \u00abAltos de Chavon @es\u00bb","block_context":{"text":"Altos de Chavon @es","link":"https:\/\/casadecampoliving.com\/category\/altos-de-chavon-es\/"},"img":{"alt_text":"","src":"https:\/\/i0.wp.com\/casadecampoliving.com\/wp-content\/uploads\/2022\/10\/FC_AIRp14_header-1.jpg?fit=650%2C464&ssl=1&resize=350%2C200","width":350,"height":200,"srcset":"https:\/\/i0.wp.com\/casadecampoliving.com\/wp-content\/uploads\/2022\/10\/FC_AIRp14_header-1.jpg?fit=650%2C464&ssl=1&resize=350%2C200 1x, https:\/\/i0.wp.com\/casadecampoliving.com\/wp-content\/uploads\/2022\/10\/FC_AIRp14_header-1.jpg?fit=650%2C464&ssl=1&resize=525%2C300 1.5x"},"classes":[]},{"id":323422,"url":"https:\/\/casadecampoliving.com\/fermin-ceballos-persistent-dreams-stephen-kaplan\/","url_meta":{"origin":344135,"position":1},"title":"Ferm\u00edn Ceballos: Persistent Dreams, \u00abnot to be missed\u00bb says Stephen Kaplan","author":"Stephen Kaplan","date":"3 Abr, 2014","format":false,"excerpt":"In his current exhibition, on the top floor of The Gallery in Altos de Chav\u00f3n, Ferm\u00edn Ceballos bares his soul in a series of large, cathartic paintings on tarred canvases. Thematically, the works are a kind of auto-exorcism\u2014these are self-portraits, for the most part\u2014fraught with wounds that draw no blood.\u2026","rel":"","context":"En \u00abAltos de Chavon\u00bb","block_context":{"text":"Altos de Chavon","link":"https:\/\/casadecampoliving.com\/category\/altos-de-chavon\/"},"img":{"alt_text":"Altos de Chavon arte","src":"https:\/\/i0.wp.com\/casadecampoliving.com\/wp-content\/uploads\/2022\/10\/altos_de_chavon_arte4-1.jpg?fit=650%2C433&ssl=1&resize=350%2C200","width":350,"height":200,"srcset":"https:\/\/i0.wp.com\/casadecampoliving.com\/wp-content\/uploads\/2022\/10\/altos_de_chavon_arte4-1.jpg?fit=650%2C433&ssl=1&resize=350%2C200 1x, https:\/\/i0.wp.com\/casadecampoliving.com\/wp-content\/uploads\/2022\/10\/altos_de_chavon_arte4-1.jpg?fit=650%2C433&ssl=1&resize=525%2C300 1.5x"},"classes":[]},{"id":433460,"url":"https:\/\/casadecampoliving.com\/es\/no-se-pierdan-el-increible-tributo-a-frank-sinatra-para-celebrar-el-40-aniversario-del-anfiteatro-altos-de-chavon\/","url_meta":{"origin":344135,"position":2},"title":"No se pierdan el incre\u00edble tributo a Frank Sinatra para celebrar el 40 aniversario del\u00a0Anfiteatro Altos de Chav\u00f3n","author":"Casa de Campo Living","date":"20 Oct, 2022","format":false,"excerpt":"Siendo uno de los escenarios m\u00e1s emblem\u00e1ticos del pa\u00eds, Casa de Campo Resort\u00ae & Villas celebra las cuatro d\u00e9cadas de aniversario de Altos de Chav\u00f3n con un tributo al gran Frank Sinatra, protagonizado por artistas invitados y una big band tal cual la que acompa\u00f1\u00f3 al artista hace 40 a\u00f1os\u2026","rel":"","context":"En \u00abUncategorized @es\u00bb","block_context":{"text":"Uncategorized @es","link":"https:\/\/casadecampoliving.com\/es\/category\/uncategorized-es\/"},"img":{"alt_text":"","src":"https:\/\/i0.wp.com\/casadecampoliving.com\/wp-content\/uploads\/2022\/10\/Tributo-Frank-Sinatra-Foto-Principal-Amaury-Sanchez-Danilo-Ginebra-Andres-Pichardo-y-Jose-Gabriel-Perez-.jpg?fit=1200%2C873&ssl=1&resize=350%2C200","width":350,"height":200,"srcset":"https:\/\/i0.wp.com\/casadecampoliving.com\/wp-content\/uploads\/2022\/10\/Tributo-Frank-Sinatra-Foto-Principal-Amaury-Sanchez-Danilo-Ginebra-Andres-Pichardo-y-Jose-Gabriel-Perez-.jpg?fit=1200%2C873&ssl=1&resize=350%2C200 1x, https:\/\/i0.wp.com\/casadecampoliving.com\/wp-content\/uploads\/2022\/10\/Tributo-Frank-Sinatra-Foto-Principal-Amaury-Sanchez-Danilo-Ginebra-Andres-Pichardo-y-Jose-Gabriel-Perez-.jpg?fit=1200%2C873&ssl=1&resize=525%2C300 1.5x, https:\/\/i0.wp.com\/casadecampoliving.com\/wp-content\/uploads\/2022\/10\/Tributo-Frank-Sinatra-Foto-Principal-Amaury-Sanchez-Danilo-Ginebra-Andres-Pichardo-y-Jose-Gabriel-Perez-.jpg?fit=1200%2C873&ssl=1&resize=700%2C400 2x, https:\/\/i0.wp.com\/casadecampoliving.com\/wp-content\/uploads\/2022\/10\/Tributo-Frank-Sinatra-Foto-Principal-Amaury-Sanchez-Danilo-Ginebra-Andres-Pichardo-y-Jose-Gabriel-Perez-.jpg?fit=1200%2C873&ssl=1&resize=1050%2C600 3x"},"classes":[]},{"id":346964,"url":"https:\/\/casadecampoliving.com\/es\/art-chavon-fue-todo-un-exito\/","url_meta":{"origin":344135,"position":3},"title":"\u00a1Art Chav\u00f3n fue todo un \u00e9xito!","author":"Stephen Kaplan","date":"17 Mar, 2015","format":false,"excerpt":"Todo aquel que piense que el evento m\u00e1s reciente de Art Chav\u00f3n fue s\u00f3lo otro show lleno de estudios figurativos y retratos est\u00e1 equivocado. La noche del viernes 13 de marzo brill\u00f3 con nuevas e inusuales adiciones a las obras en venta. Se compraron muchas obras, y el show parec\u00eda\u2026","rel":"","context":"En \u00abAltos de Chavon @es\u00bb","block_context":{"text":"Altos de Chavon @es","link":"https:\/\/casadecampoliving.com\/category\/altos-de-chavon-es\/"},"img":{"alt_text":"Patti Rambesek, Rik Laird, Dominique Bludhorn_Altos_de_Chavon","src":"https:\/\/i0.wp.com\/casadecampoliving.com\/wp-content\/uploads\/2022\/10\/Patti-Rambesek_Rik-Laird_Dominique_Bludhorn_Altos_de_Chavon-1.jpg?fit=650%2C445&ssl=1&resize=350%2C200","width":350,"height":200,"srcset":"https:\/\/i0.wp.com\/casadecampoliving.com\/wp-content\/uploads\/2022\/10\/Patti-Rambesek_Rik-Laird_Dominique_Bludhorn_Altos_de_Chavon-1.jpg?fit=650%2C445&ssl=1&resize=350%2C200 1x, https:\/\/i0.wp.com\/casadecampoliving.com\/wp-content\/uploads\/2022\/10\/Patti-Rambesek_Rik-Laird_Dominique_Bludhorn_Altos_de_Chavon-1.jpg?fit=650%2C445&ssl=1&resize=525%2C300 1.5x"},"classes":[]},{"id":323392,"url":"https:\/\/casadecampoliving.com\/art-exhibit-suenos-persistentes-fermin-ceballos\/","url_meta":{"origin":344135,"position":4},"title":"Art exhibit \u00abSue\u00f1os Persistentes\u00bb by Ferm\u00edn Ceballos","author":"Perkin Agramonte","date":"31 Mar, 2014","format":false,"excerpt":"Next Thursday the 3rd of April 2014, the Altos de Chav\u00f3n Cultural Center Foundation will celebrate the opening of new exhibition \u201cSue\u00f1os Persistentes\u201d, being presented by\u00a0artist-in-residence Ferm\u00edn Ceballos. The \u201cArtists-In-Residence\u201d program ran by the Altos de Chav\u00f3n School of Art and Design\u00a0emphasizes the importance of cultural exchange in the art\u2026","rel":"","context":"En \u00abAltos de Chavon\u00bb","block_context":{"text":"Altos de Chavon","link":"https:\/\/casadecampoliving.com\/category\/altos-de-chavon\/"},"img":{"alt_text":"","src":"https:\/\/i0.wp.com\/casadecampoliving.com\/wp-content\/uploads\/2022\/10\/FC_AIRp14_header-1.jpg?fit=650%2C464&ssl=1&resize=350%2C200","width":350,"height":200,"srcset":"https:\/\/i0.wp.com\/casadecampoliving.com\/wp-content\/uploads\/2022\/10\/FC_AIRp14_header-1.jpg?fit=650%2C464&ssl=1&resize=350%2C200 1x, https:\/\/i0.wp.com\/casadecampoliving.com\/wp-content\/uploads\/2022\/10\/FC_AIRp14_header-1.jpg?fit=650%2C464&ssl=1&resize=525%2C300 1.5x"},"classes":[]},{"id":346889,"url":"https:\/\/casadecampoliving.com\/es\/recordatorio-art-chavon-es-el-proximo-viernes\/","url_meta":{"origin":344135,"position":5},"title":"Recordatorio: Art Chav\u00f3n es el pr\u00f3ximo viernes","author":"Perkin Agramonte","date":"7 Mar, 2015","format":false,"excerpt":"\u00a1La 3\u00ba edici\u00f3n de\u00a0Art Chav\u00f3n est\u00e1 a la vuelta de la esquina! Solo queremos recordarles que Art Chav\u00f3n 2015 ser\u00e1 el pr\u00f3ximo viernes 13 de marzo y nadie se puede perder este maravilloso evento que resalta todo el potencial de los estudiantes de la Escuela de Arte y Dise\u00f1o Altos\u2026","rel":"","context":"En \u00abAltos de Chavon @es\u00bb","block_context":{"text":"Altos de Chavon @es","link":"https:\/\/casadecampoliving.com\/category\/altos-de-chavon-es\/"},"img":{"alt_text":"Art Chavon, Altos de Chavon_School","src":"https:\/\/i0.wp.com\/casadecampoliving.com\/wp-content\/uploads\/2022\/10\/Art_Chavon_Altos_de_Chavon_School-1.jpg?fit=650%2C434&ssl=1&resize=350%2C200","width":350,"height":200,"srcset":"https:\/\/i0.wp.com\/casadecampoliving.com\/wp-content\/uploads\/2022\/10\/Art_Chavon_Altos_de_Chavon_School-1.jpg?fit=650%2C434&ssl=1&resize=350%2C200 1x, https:\/\/i0.wp.com\/casadecampoliving.com\/wp-content\/uploads\/2022\/10\/Art_Chavon_Altos_de_Chavon_School-1.jpg?fit=650%2C434&ssl=1&resize=525%2C300 1.5x"},"classes":[]}],"jetpack_sharing_enabled":true,"_links":{"self":[{"href":"https:\/\/casadecampoliving.com\/es\/wp-json\/wp\/v2\/posts\/344135","targetHints":{"allow":["GET"]}}],"collection":[{"href":"https:\/\/casadecampoliving.com\/es\/wp-json\/wp\/v2\/posts"}],"about":[{"href":"https:\/\/casadecampoliving.com\/es\/wp-json\/wp\/v2\/types\/post"}],"author":[{"embeddable":true,"href":"https:\/\/casadecampoliving.com\/es\/wp-json\/wp\/v2\/users\/1097"}],"replies":[{"embeddable":true,"href":"https:\/\/casadecampoliving.com\/es\/wp-json\/wp\/v2\/comments?post=344135"}],"version-history":[{"count":1,"href":"https:\/\/casadecampoliving.com\/es\/wp-json\/wp\/v2\/posts\/344135\/revisions"}],"predecessor-version":[{"id":344136,"href":"https:\/\/casadecampoliving.com\/es\/wp-json\/wp\/v2\/posts\/344135\/revisions\/344136"}],"wp:featuredmedia":[{"embeddable":true,"href":"https:\/\/casadecampoliving.com\/es\/wp-json\/wp\/v2\/media\/267207"}],"wp:attachment":[{"href":"https:\/\/casadecampoliving.com\/es\/wp-json\/wp\/v2\/media?parent=344135"}],"wp:term":[{"taxonomy":"category","embeddable":true,"href":"https:\/\/casadecampoliving.com\/es\/wp-json\/wp\/v2\/categories?post=344135"},{"taxonomy":"post_tag","embeddable":true,"href":"https:\/\/casadecampoliving.com\/es\/wp-json\/wp\/v2\/tags?post=344135"},{"taxonomy":"newspack_spnsrs_tax","embeddable":true,"href":"https:\/\/casadecampoliving.com\/es\/wp-json\/wp\/v2\/newspack_spnsrs_tax?post=344135"}],"curies":[{"name":"wp","href":"https:\/\/api.w.org\/{rel}","templated":true}]}}