{"id":344123,"date":"2014-04-02T00:00:00","date_gmt":"2014-04-02T04:00:00","guid":{"rendered":"https:\/\/casadecampoliving.com\/victoria-para-el-equipo-casa-de-campo-en-la-copa-de-polo-juniors\/"},"modified":"2022-10-21T18:49:07","modified_gmt":"2022-10-21T22:49:07","slug":"victoria-para-el-equipo-casa-de-campo-en-la-copa-de-polo-juniors","status":"publish","type":"post","link":"https:\/\/casadecampoliving.com\/es\/victoria-para-el-equipo-casa-de-campo-en-la-copa-de-polo-juniors\/","title":{"rendered":"Victoria para el equipo Casa de Campo en la Copa de Polo Juniors"},"content":{"rendered":"<div class=\"wp-block-image\">\n<figure class=\"aligncenter is-resized\"><img loading=\"lazy\" decoding=\"async\" src=\"https:\/\/i0.wp.com\/casadecampoliving.com\/wp-content\/uploads\/2022\/10\/casa_de_campo_polo-12.jpg?resize=650%2C643&amp;ssl=1\" alt=\"Casa de Campo polo\" class=\"wp-image-87756\" height=\"643\" width=\"650\"\/><\/figure>\n<\/div>\n\n\n<p>La inauguraci\u00f3n de la Copa de Polo Juniors tuvo lugar en el Club de Polo Casa de Campo presentando las futuras estrellas del Polo Dominicano.<\/p>\n\n\n\n<!--more-->\n\n\n\n<p>La idea de este torneo fue para dar a conocer y promover a estos j\u00f3venes, as\u00ed tambi\u00e9n para darles la oportunidad de demostrar sus habilidades en el gran escenario.<\/p>\n\n\n\n<p>Mucho espectadores y familiares estuvieron presentes para apoyar a sus equipos de polo locales Casa de Campo y La Lopera. El equipo Casa de Campo estuvo liderado por Cachi Garc\u00eda-V\u00e9lez un veterano de competencias internacionales con solo 23 a\u00f1os, junto a los jugadores dominicanos Pedro Pablo Cabrera (18), Pedro Hache (18) y Jose Julio Schiffino (20).<\/p>\n\n\n<div class=\"wp-block-image\">\n<figure class=\"alignright is-resized\"><img loading=\"lazy\" decoding=\"async\" src=\"https:\/\/i0.wp.com\/casadecampoliving.com\/wp-content\/uploads\/2022\/10\/julio_Lopez_Cachi_garcia_velez.jpg?resize=300%2C372&amp;ssl=1\" alt=\"Julio Lopez, Cachi Garcia-Velez\" class=\"wp-image-87758\" height=\"372\" width=\"300\"\/><\/figure>\n<\/div>\n\n\n<p>El equipo La Lopera estuvo encabezado por el veterano Julio Lopez de 25 a\u00f1os, junto Rafa Garc\u00eda (18), Angel Pe\u00f1a (19) y Jose Cochon (20).<\/p>\n\n\n\n<p>Con algunos goles estupendos de Pedro Pablo Cabrera y Jose Julio Schiffino combinados con el incre\u00edble manejo de la pelota y pases de Cachi Garcia-V\u00e9lez, quien no hab\u00eda montado caballo desde abril del a\u00f1o pasado, el equipo Casa de Campo remont\u00f3 de inmediato una ventaja de 6-0.<\/p>\n\n\n\n<p>Sin embargo, un Julio L\u00f3pez a quien se le ve\u00eda muy determinado llev\u00f3 hacia el frente su equipo periodo tras periodo para cerrar la brecha y que su compa\u00f1eros empezaran a jugar mejor defensa.<\/p>\n\n\n\n<p>En el \u00faltimo periodo se jug\u00f3 a un ritmo muy agitado y La Lopera pudo anotar algunos goles, pero eventualmente Cachi Garc\u00eda-V\u00e9lez realiz\u00f3 la jugada del partido montando el Mejor Caballo de Polo CR #354 \u201cJetsetter\u201d abalanz\u00e1ndose entre dos jugadores de La Lopera rob\u00e1ndole la pelota a Julio L\u00f3pez justo en la entrada de la meta atravesando el campo y as\u00ed terminar con todas las esperanzas del equipo de La Lopera.<\/p>\n\n\n\n<p>Nos gustar\u00eda agradecer a los jugadores &nbsp;y patrocinadores, quienes graciablemente pusieron a la disposici\u00f3n sus caballos para este evento, para asegurar que todos los jugadores tuvieran una buena montura. Especialmente a Mauricio Bogaert de quien se esperaba la participaci\u00f3n en este evento, pero sufri\u00f3 una ca\u00edda una semana previo al evento y no pudo jugar, pero a\u00fan as\u00ed envi\u00f3 sus caballos a sus compa\u00f1eros de equipo.<\/p>\n\n\n\n<blockquote class=\"wp-block-quote is-layout-flow wp-block-quote-is-layout-flow\"><p><strong>Copa de Polo Juniors 2014<\/strong><\/p><p>Resultado Final: Casa de Campo 8, La Lopera 6<\/p><p>JMV (Jugador M\u00e1s Valioso): Pedro Pablo Cabrera<\/p><p>MCP (Mejor Caballo de Polo):&nbsp;CR #354 \u201cJetsetter\u201d<\/p><\/blockquote>\n\n\n\n<p>Este art\u00edculo fue aportado por <strong>Calixto Garc\u00eda-V\u00e9lez<\/strong>, director de Polo &amp; Ecuestre por Casa de Campo, as\u00ed como el Director General de Deportes.<\/p>\n","protected":false},"excerpt":{"rendered":"<p>La inauguraci\u00f3n de la Copa de Polo Juniors tuvo lugar en el Club de Polo Casa de Campo presentando las futuras estrellas del Polo Dominicano.<\/p>\n","protected":false},"author":11428,"featured_media":272591,"comment_status":"closed","ping_status":"closed","sticky":false,"template":"","format":"standard","meta":{"newspack_ads_suppress_ads":false,"newspack_popups_has_disabled_popups":false,"newspack_sponsor_sponsorship_scope":"","newspack_sponsor_native_byline_display":"inherit","newspack_sponsor_native_category_display":"inherit","newspack_sponsor_underwriter_style":"inherit","newspack_sponsor_underwriter_placement":"inherit","_newspack_byline_active":false,"_newspack_byline":"","newspack_hide_updated_date":false,"newspack_show_updated_date":false,"newspack_content_restriction_is_exempt":false,"newspack_featured_image_position":"","newspack_post_subtitle":"","newspack_article_summary_title":"Overview:","newspack_article_summary":"","_jetpack_memberships_contains_paid_content":false,"footnotes":"","jetpack_publicize_message":"","jetpack_publicize_feature_enabled":true,"jetpack_social_post_already_shared":false,"jetpack_social_options":{"image_generator_settings":{"template":"highway","default_image_id":0,"font":"","enabled":false},"version":2},"_wpas_customize_per_network":false},"categories":[26936,2525,2524,14631,2522,14625,14627,2521,26822,2526],"tags":[3626,195],"newspack_spnsrs_tax":[],"class_list":["post-344123","post","type-post","status-publish","format-standard","has-post-thumbnail","hentry","category-casa-de-campo-living-es","category-golf-deportes-es","category-destacados","category-estilo-de-vida","category-eventos-es","category-noticias-locales","category-proximamente","category-republica-dominicana-2","category-resort-casa-de-campo","category-titulares-es","tag-casa-de-campo-es","tag-polo","entry"],"yoast_head":"<!-- This site is optimized with the Yoast SEO plugin v27.5 - https:\/\/yoast.com\/product\/yoast-seo-wordpress\/ -->\n<title>Victoria para el equipo Casa de Campo en la Copa de Polo Juniors | Casa de Campo Living<\/title>\n<meta name=\"description\" content=\"La inauguraci\u00f3n de la Copa de Polo Juniors tuvo lugar en el Club de Polo Casa de Campo presentando las futuras estrellas del Polo Dominicano. La idea de\" \/>\n<meta name=\"robots\" content=\"index, follow, max-snippet:-1, max-image-preview:large, max-video-preview:-1\" \/>\n<link rel=\"canonical\" href=\"https:\/\/casadecampoliving.com\/es\/victoria-para-el-equipo-casa-de-campo-en-la-copa-de-polo-juniors\/\" \/>\n<meta property=\"og:locale\" content=\"es_ES\" \/>\n<meta property=\"og:type\" content=\"article\" \/>\n<meta property=\"og:title\" content=\"Victoria para el equipo Casa de Campo en la Copa de Polo Juniors | Casa de Campo Living\" \/>\n<meta property=\"og:description\" content=\"La inauguraci\u00f3n de la Copa de Polo Juniors tuvo lugar en el Club de Polo Casa de Campo presentando las futuras estrellas del Polo Dominicano. La idea de\" \/>\n<meta property=\"og:url\" content=\"https:\/\/casadecampoliving.com\/es\/victoria-para-el-equipo-casa-de-campo-en-la-copa-de-polo-juniors\/\" \/>\n<meta property=\"og:site_name\" content=\"Casa de Campo Living\" \/>\n<meta property=\"article:publisher\" content=\"https:\/\/www.facebook.com\/casadecampoliving\" \/>\n<meta property=\"article:published_time\" content=\"2014-04-02T04:00:00+00:00\" \/>\n<meta property=\"article:modified_time\" content=\"2022-10-21T22:49:07+00:00\" \/>\n<meta property=\"og:image\" content=\"https:\/\/i0.wp.com\/casadecampoliving.com\/wp-content\/uploads\/2022\/10\/casa_de_campo_polo1-5.jpg?fit=650%2C457&ssl=1\" \/>\n\t<meta property=\"og:image:width\" content=\"650\" \/>\n\t<meta property=\"og:image:height\" content=\"457\" \/>\n\t<meta property=\"og:image:type\" content=\"image\/jpeg\" \/>\n<meta name=\"author\" content=\"Calixto Garc\u00eda-V\u00e9lez\" \/>\n<meta name=\"twitter:card\" content=\"summary_large_image\" \/>\n<meta name=\"twitter:creator\" content=\"@cdcliving\" \/>\n<meta name=\"twitter:site\" content=\"@cdcliving\" \/>\n<meta name=\"twitter:label1\" content=\"Escrito por\" \/>\n\t<meta name=\"twitter:data1\" content=\"Calixto Garc\u00eda-V\u00e9lez\" \/>\n\t<meta name=\"twitter:label2\" content=\"Tiempo de lectura\" \/>\n\t<meta name=\"twitter:data2\" content=\"2 minutos\" \/>\n<script type=\"application\/ld+json\" class=\"yoast-schema-graph\">{\"@context\":\"https:\\\/\\\/schema.org\",\"@graph\":[{\"@type\":\"Article\",\"@id\":\"https:\\\/\\\/casadecampoliving.com\\\/es\\\/victoria-para-el-equipo-casa-de-campo-en-la-copa-de-polo-juniors\\\/#article\",\"isPartOf\":{\"@id\":\"https:\\\/\\\/casadecampoliving.com\\\/es\\\/victoria-para-el-equipo-casa-de-campo-en-la-copa-de-polo-juniors\\\/\"},\"author\":{\"name\":\"Calixto Garc\u00eda-V\u00e9lez\",\"@id\":\"https:\\\/\\\/casadecampoliving.com\\\/es\\\/#\\\/schema\\\/person\\\/8ae1c1180df2ebc264735a7914cbb8b9\"},\"headline\":\"Victoria para el equipo Casa de Campo en la Copa de Polo Juniors\",\"datePublished\":\"2014-04-02T04:00:00+00:00\",\"dateModified\":\"2022-10-21T22:49:07+00:00\",\"mainEntityOfPage\":{\"@id\":\"https:\\\/\\\/casadecampoliving.com\\\/es\\\/victoria-para-el-equipo-casa-de-campo-en-la-copa-de-polo-juniors\\\/\"},\"wordCount\":438,\"publisher\":{\"@id\":\"https:\\\/\\\/casadecampoliving.com\\\/es\\\/#organization\"},\"image\":{\"@id\":\"https:\\\/\\\/casadecampoliving.com\\\/es\\\/victoria-para-el-equipo-casa-de-campo-en-la-copa-de-polo-juniors\\\/#primaryimage\"},\"thumbnailUrl\":\"https:\\\/\\\/i0.wp.com\\\/casadecampoliving.com\\\/wp-content\\\/uploads\\\/2022\\\/10\\\/casa_de_campo_polo1-5.jpg?fit=650%2C457&ssl=1\",\"keywords\":[\"casa de campo @es\",\"Polo\"],\"articleSection\":[\"Casa de Campo Living @es\",\"Deportes\",\"Destacados\",\"Estilo de Vida\",\"Eventos\",\"Noticias Locales\",\"Proximamente\",\"Rep\u00fablica Dominicana @es\",\"Resort Casa de Campo\",\"Titulares\"],\"inLanguage\":\"es\"},{\"@type\":\"WebPage\",\"@id\":\"https:\\\/\\\/casadecampoliving.com\\\/es\\\/victoria-para-el-equipo-casa-de-campo-en-la-copa-de-polo-juniors\\\/\",\"url\":\"https:\\\/\\\/casadecampoliving.com\\\/es\\\/victoria-para-el-equipo-casa-de-campo-en-la-copa-de-polo-juniors\\\/\",\"name\":\"Victoria para el equipo Casa de Campo en la Copa de Polo Juniors | Casa de Campo Living\",\"isPartOf\":{\"@id\":\"https:\\\/\\\/casadecampoliving.com\\\/es\\\/#website\"},\"primaryImageOfPage\":{\"@id\":\"https:\\\/\\\/casadecampoliving.com\\\/es\\\/victoria-para-el-equipo-casa-de-campo-en-la-copa-de-polo-juniors\\\/#primaryimage\"},\"image\":{\"@id\":\"https:\\\/\\\/casadecampoliving.com\\\/es\\\/victoria-para-el-equipo-casa-de-campo-en-la-copa-de-polo-juniors\\\/#primaryimage\"},\"thumbnailUrl\":\"https:\\\/\\\/i0.wp.com\\\/casadecampoliving.com\\\/wp-content\\\/uploads\\\/2022\\\/10\\\/casa_de_campo_polo1-5.jpg?fit=650%2C457&ssl=1\",\"datePublished\":\"2014-04-02T04:00:00+00:00\",\"dateModified\":\"2022-10-21T22:49:07+00:00\",\"description\":\"La inauguraci\u00f3n de la Copa de Polo Juniors tuvo lugar en el Club de Polo Casa de Campo presentando las futuras estrellas del Polo Dominicano. La idea de\",\"breadcrumb\":{\"@id\":\"https:\\\/\\\/casadecampoliving.com\\\/es\\\/victoria-para-el-equipo-casa-de-campo-en-la-copa-de-polo-juniors\\\/#breadcrumb\"},\"inLanguage\":\"es\",\"potentialAction\":[{\"@type\":\"ReadAction\",\"target\":[\"https:\\\/\\\/casadecampoliving.com\\\/es\\\/victoria-para-el-equipo-casa-de-campo-en-la-copa-de-polo-juniors\\\/\"]}]},{\"@type\":\"ImageObject\",\"inLanguage\":\"es\",\"@id\":\"https:\\\/\\\/casadecampoliving.com\\\/es\\\/victoria-para-el-equipo-casa-de-campo-en-la-copa-de-polo-juniors\\\/#primaryimage\",\"url\":\"https:\\\/\\\/i0.wp.com\\\/casadecampoliving.com\\\/wp-content\\\/uploads\\\/2022\\\/10\\\/casa_de_campo_polo1-5.jpg?fit=650%2C457&ssl=1\",\"contentUrl\":\"https:\\\/\\\/i0.wp.com\\\/casadecampoliving.com\\\/wp-content\\\/uploads\\\/2022\\\/10\\\/casa_de_campo_polo1-5.jpg?fit=650%2C457&ssl=1\",\"width\":650,\"height\":457},{\"@type\":\"BreadcrumbList\",\"@id\":\"https:\\\/\\\/casadecampoliving.com\\\/es\\\/victoria-para-el-equipo-casa-de-campo-en-la-copa-de-polo-juniors\\\/#breadcrumb\",\"itemListElement\":[{\"@type\":\"ListItem\",\"position\":1,\"name\":\"Home\",\"item\":\"https:\\\/\\\/casadecampoliving.com\\\/es\\\/\"},{\"@type\":\"ListItem\",\"position\":2,\"name\":\"Victoria para el equipo Casa de Campo en la Copa de Polo Juniors\"}]},{\"@type\":\"WebSite\",\"@id\":\"https:\\\/\\\/casadecampoliving.com\\\/es\\\/#website\",\"url\":\"https:\\\/\\\/casadecampoliving.com\\\/es\\\/\",\"name\":\"Casa de Campo Living\",\"description\":\"Resort community news and resources.\",\"publisher\":{\"@id\":\"https:\\\/\\\/casadecampoliving.com\\\/es\\\/#organization\"},\"potentialAction\":[{\"@type\":\"SearchAction\",\"target\":{\"@type\":\"EntryPoint\",\"urlTemplate\":\"https:\\\/\\\/casadecampoliving.com\\\/es\\\/?s={search_term_string}\"},\"query-input\":{\"@type\":\"PropertyValueSpecification\",\"valueRequired\":true,\"valueName\":\"search_term_string\"}}],\"inLanguage\":\"es\"},{\"@type\":\"Organization\",\"@id\":\"https:\\\/\\\/casadecampoliving.com\\\/es\\\/#organization\",\"name\":\"Casa de Campo Living\",\"url\":\"https:\\\/\\\/casadecampoliving.com\\\/es\\\/\",\"logo\":{\"@type\":\"ImageObject\",\"inLanguage\":\"es\",\"@id\":\"https:\\\/\\\/casadecampoliving.com\\\/es\\\/#\\\/schema\\\/logo\\\/image\\\/\",\"url\":\"https:\\\/\\\/i0.wp.com\\\/casadecampoliving.com\\\/wp-content\\\/uploads\\\/2022\\\/07\\\/CDCLivingLogo_V1-white-sized.png?fit=800%2C214&ssl=1\",\"contentUrl\":\"https:\\\/\\\/i0.wp.com\\\/casadecampoliving.com\\\/wp-content\\\/uploads\\\/2022\\\/07\\\/CDCLivingLogo_V1-white-sized.png?fit=800%2C214&ssl=1\",\"width\":800,\"height\":214,\"caption\":\"Casa de Campo Living\"},\"image\":{\"@id\":\"https:\\\/\\\/casadecampoliving.com\\\/es\\\/#\\\/schema\\\/logo\\\/image\\\/\"},\"sameAs\":[\"https:\\\/\\\/www.facebook.com\\\/casadecampoliving\",\"https:\\\/\\\/x.com\\\/cdcliving\"]},{\"@type\":\"Person\",\"@id\":\"https:\\\/\\\/casadecampoliving.com\\\/es\\\/#\\\/schema\\\/person\\\/8ae1c1180df2ebc264735a7914cbb8b9\",\"name\":\"Calixto Garc\u00eda-V\u00e9lez\",\"image\":{\"@type\":\"ImageObject\",\"inLanguage\":\"es\",\"@id\":\"https:\\\/\\\/secure.gravatar.com\\\/avatar\\\/8a3272d56331a9c946a3d04f07563abd2bac1df0a1e912b1b180b7d431cb1d6c?s=96&d=mm&r=g\",\"url\":\"https:\\\/\\\/secure.gravatar.com\\\/avatar\\\/8a3272d56331a9c946a3d04f07563abd2bac1df0a1e912b1b180b7d431cb1d6c?s=96&d=mm&r=g\",\"contentUrl\":\"https:\\\/\\\/secure.gravatar.com\\\/avatar\\\/8a3272d56331a9c946a3d04f07563abd2bac1df0a1e912b1b180b7d431cb1d6c?s=96&d=mm&r=g\",\"caption\":\"Calixto Garc\u00eda-V\u00e9lez\"},\"url\":\"https:\\\/\\\/casadecampoliving.com\\\/es\\\/author\\\/calixto-garcia-velez\\\/\"}]}<\/script>\n<!-- \/ Yoast SEO plugin. -->","yoast_head_json":{"title":"Victoria para el equipo Casa de Campo en la Copa de Polo Juniors | Casa de Campo Living","description":"La inauguraci\u00f3n de la Copa de Polo Juniors tuvo lugar en el Club de Polo Casa de Campo presentando las futuras estrellas del Polo Dominicano. La idea de","robots":{"index":"index","follow":"follow","max-snippet":"max-snippet:-1","max-image-preview":"max-image-preview:large","max-video-preview":"max-video-preview:-1"},"canonical":"https:\/\/casadecampoliving.com\/es\/victoria-para-el-equipo-casa-de-campo-en-la-copa-de-polo-juniors\/","og_locale":"es_ES","og_type":"article","og_title":"Victoria para el equipo Casa de Campo en la Copa de Polo Juniors | Casa de Campo Living","og_description":"La inauguraci\u00f3n de la Copa de Polo Juniors tuvo lugar en el Club de Polo Casa de Campo presentando las futuras estrellas del Polo Dominicano. La idea de","og_url":"https:\/\/casadecampoliving.com\/es\/victoria-para-el-equipo-casa-de-campo-en-la-copa-de-polo-juniors\/","og_site_name":"Casa de Campo Living","article_publisher":"https:\/\/www.facebook.com\/casadecampoliving","article_published_time":"2014-04-02T04:00:00+00:00","article_modified_time":"2022-10-21T22:49:07+00:00","og_image":[{"width":650,"height":457,"url":"https:\/\/i0.wp.com\/casadecampoliving.com\/wp-content\/uploads\/2022\/10\/casa_de_campo_polo1-5.jpg?fit=650%2C457&ssl=1","type":"image\/jpeg"}],"author":"Calixto Garc\u00eda-V\u00e9lez","twitter_card":"summary_large_image","twitter_creator":"@cdcliving","twitter_site":"@cdcliving","twitter_misc":{"Escrito por":"Calixto Garc\u00eda-V\u00e9lez","Tiempo de lectura":"2 minutos"},"schema":{"@context":"https:\/\/schema.org","@graph":[{"@type":"Article","@id":"https:\/\/casadecampoliving.com\/es\/victoria-para-el-equipo-casa-de-campo-en-la-copa-de-polo-juniors\/#article","isPartOf":{"@id":"https:\/\/casadecampoliving.com\/es\/victoria-para-el-equipo-casa-de-campo-en-la-copa-de-polo-juniors\/"},"author":{"name":"Calixto Garc\u00eda-V\u00e9lez","@id":"https:\/\/casadecampoliving.com\/es\/#\/schema\/person\/8ae1c1180df2ebc264735a7914cbb8b9"},"headline":"Victoria para el equipo Casa de Campo en la Copa de Polo Juniors","datePublished":"2014-04-02T04:00:00+00:00","dateModified":"2022-10-21T22:49:07+00:00","mainEntityOfPage":{"@id":"https:\/\/casadecampoliving.com\/es\/victoria-para-el-equipo-casa-de-campo-en-la-copa-de-polo-juniors\/"},"wordCount":438,"publisher":{"@id":"https:\/\/casadecampoliving.com\/es\/#organization"},"image":{"@id":"https:\/\/casadecampoliving.com\/es\/victoria-para-el-equipo-casa-de-campo-en-la-copa-de-polo-juniors\/#primaryimage"},"thumbnailUrl":"https:\/\/i0.wp.com\/casadecampoliving.com\/wp-content\/uploads\/2022\/10\/casa_de_campo_polo1-5.jpg?fit=650%2C457&ssl=1","keywords":["casa de campo @es","Polo"],"articleSection":["Casa de Campo Living @es","Deportes","Destacados","Estilo de Vida","Eventos","Noticias Locales","Proximamente","Rep\u00fablica Dominicana @es","Resort Casa de Campo","Titulares"],"inLanguage":"es"},{"@type":"WebPage","@id":"https:\/\/casadecampoliving.com\/es\/victoria-para-el-equipo-casa-de-campo-en-la-copa-de-polo-juniors\/","url":"https:\/\/casadecampoliving.com\/es\/victoria-para-el-equipo-casa-de-campo-en-la-copa-de-polo-juniors\/","name":"Victoria para el equipo Casa de Campo en la Copa de Polo Juniors | Casa de Campo Living","isPartOf":{"@id":"https:\/\/casadecampoliving.com\/es\/#website"},"primaryImageOfPage":{"@id":"https:\/\/casadecampoliving.com\/es\/victoria-para-el-equipo-casa-de-campo-en-la-copa-de-polo-juniors\/#primaryimage"},"image":{"@id":"https:\/\/casadecampoliving.com\/es\/victoria-para-el-equipo-casa-de-campo-en-la-copa-de-polo-juniors\/#primaryimage"},"thumbnailUrl":"https:\/\/i0.wp.com\/casadecampoliving.com\/wp-content\/uploads\/2022\/10\/casa_de_campo_polo1-5.jpg?fit=650%2C457&ssl=1","datePublished":"2014-04-02T04:00:00+00:00","dateModified":"2022-10-21T22:49:07+00:00","description":"La inauguraci\u00f3n de la Copa de Polo Juniors tuvo lugar en el Club de Polo Casa de Campo presentando las futuras estrellas del Polo Dominicano. La idea de","breadcrumb":{"@id":"https:\/\/casadecampoliving.com\/es\/victoria-para-el-equipo-casa-de-campo-en-la-copa-de-polo-juniors\/#breadcrumb"},"inLanguage":"es","potentialAction":[{"@type":"ReadAction","target":["https:\/\/casadecampoliving.com\/es\/victoria-para-el-equipo-casa-de-campo-en-la-copa-de-polo-juniors\/"]}]},{"@type":"ImageObject","inLanguage":"es","@id":"https:\/\/casadecampoliving.com\/es\/victoria-para-el-equipo-casa-de-campo-en-la-copa-de-polo-juniors\/#primaryimage","url":"https:\/\/i0.wp.com\/casadecampoliving.com\/wp-content\/uploads\/2022\/10\/casa_de_campo_polo1-5.jpg?fit=650%2C457&ssl=1","contentUrl":"https:\/\/i0.wp.com\/casadecampoliving.com\/wp-content\/uploads\/2022\/10\/casa_de_campo_polo1-5.jpg?fit=650%2C457&ssl=1","width":650,"height":457},{"@type":"BreadcrumbList","@id":"https:\/\/casadecampoliving.com\/es\/victoria-para-el-equipo-casa-de-campo-en-la-copa-de-polo-juniors\/#breadcrumb","itemListElement":[{"@type":"ListItem","position":1,"name":"Home","item":"https:\/\/casadecampoliving.com\/es\/"},{"@type":"ListItem","position":2,"name":"Victoria para el equipo Casa de Campo en la Copa de Polo Juniors"}]},{"@type":"WebSite","@id":"https:\/\/casadecampoliving.com\/es\/#website","url":"https:\/\/casadecampoliving.com\/es\/","name":"Casa de Campo Living","description":"Resort community news and resources.","publisher":{"@id":"https:\/\/casadecampoliving.com\/es\/#organization"},"potentialAction":[{"@type":"SearchAction","target":{"@type":"EntryPoint","urlTemplate":"https:\/\/casadecampoliving.com\/es\/?s={search_term_string}"},"query-input":{"@type":"PropertyValueSpecification","valueRequired":true,"valueName":"search_term_string"}}],"inLanguage":"es"},{"@type":"Organization","@id":"https:\/\/casadecampoliving.com\/es\/#organization","name":"Casa de Campo Living","url":"https:\/\/casadecampoliving.com\/es\/","logo":{"@type":"ImageObject","inLanguage":"es","@id":"https:\/\/casadecampoliving.com\/es\/#\/schema\/logo\/image\/","url":"https:\/\/i0.wp.com\/casadecampoliving.com\/wp-content\/uploads\/2022\/07\/CDCLivingLogo_V1-white-sized.png?fit=800%2C214&ssl=1","contentUrl":"https:\/\/i0.wp.com\/casadecampoliving.com\/wp-content\/uploads\/2022\/07\/CDCLivingLogo_V1-white-sized.png?fit=800%2C214&ssl=1","width":800,"height":214,"caption":"Casa de Campo Living"},"image":{"@id":"https:\/\/casadecampoliving.com\/es\/#\/schema\/logo\/image\/"},"sameAs":["https:\/\/www.facebook.com\/casadecampoliving","https:\/\/x.com\/cdcliving"]},{"@type":"Person","@id":"https:\/\/casadecampoliving.com\/es\/#\/schema\/person\/8ae1c1180df2ebc264735a7914cbb8b9","name":"Calixto Garc\u00eda-V\u00e9lez","image":{"@type":"ImageObject","inLanguage":"es","@id":"https:\/\/secure.gravatar.com\/avatar\/8a3272d56331a9c946a3d04f07563abd2bac1df0a1e912b1b180b7d431cb1d6c?s=96&d=mm&r=g","url":"https:\/\/secure.gravatar.com\/avatar\/8a3272d56331a9c946a3d04f07563abd2bac1df0a1e912b1b180b7d431cb1d6c?s=96&d=mm&r=g","contentUrl":"https:\/\/secure.gravatar.com\/avatar\/8a3272d56331a9c946a3d04f07563abd2bac1df0a1e912b1b180b7d431cb1d6c?s=96&d=mm&r=g","caption":"Calixto Garc\u00eda-V\u00e9lez"},"url":"https:\/\/casadecampoliving.com\/es\/author\/calixto-garcia-velez\/"}]}},"parsely":{"version":"1.1.0","canonical_url":"https:\/\/casadecampoliving.com\/es\/victoria-para-el-equipo-casa-de-campo-en-la-copa-de-polo-juniors\/","smart_links":{"inbound":0,"outbound":0},"traffic_boost_suggestions_count":0,"meta":{"@context":"https:\/\/schema.org","@type":"NewsArticle","headline":"Victoria para el equipo Casa de Campo en la Copa de Polo Juniors","url":"http:\/\/casadecampoliving.com\/es\/victoria-para-el-equipo-casa-de-campo-en-la-copa-de-polo-juniors\/","mainEntityOfPage":{"@type":"WebPage","@id":"http:\/\/casadecampoliving.com\/es\/victoria-para-el-equipo-casa-de-campo-en-la-copa-de-polo-juniors\/"},"thumbnailUrl":"https:\/\/i0.wp.com\/casadecampoliving.com\/wp-content\/uploads\/2022\/10\/casa_de_campo_polo1-5.jpg?resize=150%2C150&ssl=1","image":{"@type":"ImageObject","url":"https:\/\/i0.wp.com\/casadecampoliving.com\/wp-content\/uploads\/2022\/10\/casa_de_campo_polo1-5.jpg?fit=650%2C457&ssl=1"},"articleSection":"Casa de Campo Living @es","author":[{"@type":"Person","name":"Calixto Garc\u00eda-V\u00e9lez"}],"creator":["Calixto Garc\u00eda-V\u00e9lez"],"publisher":{"@type":"Organization","name":"Casa de Campo Living","logo":"https:\/\/casadecampoliving.com\/wp-content\/uploads\/2022\/07\/CDCLivingLogo_V1-white-sized.png"},"keywords":["casa de campo @es","polo"],"dateCreated":"2014-04-02T04:00:00Z","datePublished":"2014-04-02T04:00:00Z","dateModified":"2022-10-21T22:49:07Z"},"rendered":"<script type=\"application\/ld+json\" class=\"wp-parsely-metadata\">{\"@context\":\"https:\\\/\\\/schema.org\",\"@type\":\"NewsArticle\",\"headline\":\"Victoria para el equipo Casa de Campo en la Copa de Polo Juniors\",\"url\":\"http:\\\/\\\/casadecampoliving.com\\\/es\\\/victoria-para-el-equipo-casa-de-campo-en-la-copa-de-polo-juniors\\\/\",\"mainEntityOfPage\":{\"@type\":\"WebPage\",\"@id\":\"http:\\\/\\\/casadecampoliving.com\\\/es\\\/victoria-para-el-equipo-casa-de-campo-en-la-copa-de-polo-juniors\\\/\"},\"thumbnailUrl\":\"https:\\\/\\\/i0.wp.com\\\/casadecampoliving.com\\\/wp-content\\\/uploads\\\/2022\\\/10\\\/casa_de_campo_polo1-5.jpg?resize=150%2C150&ssl=1\",\"image\":{\"@type\":\"ImageObject\",\"url\":\"https:\\\/\\\/i0.wp.com\\\/casadecampoliving.com\\\/wp-content\\\/uploads\\\/2022\\\/10\\\/casa_de_campo_polo1-5.jpg?fit=650%2C457&ssl=1\"},\"articleSection\":\"Casa de Campo Living @es\",\"author\":[{\"@type\":\"Person\",\"name\":\"Calixto Garc\\u00eda-V\\u00e9lez\"}],\"creator\":[\"Calixto Garc\\u00eda-V\\u00e9lez\"],\"publisher\":{\"@type\":\"Organization\",\"name\":\"Casa de Campo Living\",\"logo\":\"https:\\\/\\\/casadecampoliving.com\\\/wp-content\\\/uploads\\\/2022\\\/07\\\/CDCLivingLogo_V1-white-sized.png\"},\"keywords\":[\"casa de campo @es\",\"polo\"],\"dateCreated\":\"2014-04-02T04:00:00Z\",\"datePublished\":\"2014-04-02T04:00:00Z\",\"dateModified\":\"2022-10-21T22:49:07Z\"}<\/script>","tracker_url":"https:\/\/cdn.parsely.com\/keys\/casadecampoliving.com\/p.js"},"jetpack_publicize_connections":[],"jetpack_featured_media_url":"https:\/\/i0.wp.com\/casadecampoliving.com\/wp-content\/uploads\/2022\/10\/casa_de_campo_polo1-5.jpg?fit=650%2C457&ssl=1","jetpack-related-posts":[{"id":348867,"url":"https:\/\/casadecampoliving.com\/es\/casa-de-campo-campeon-en-la-vii-copa-diamantitos\/","url_meta":{"origin":344123,"position":0},"title":"Casa de Campo campe\u00f3n en la VII Copa Diamantitos","author":"Perkin Agramonte","date":"21 Dic, 2015","format":false,"excerpt":"Nuestro Resort Casa de Campo no solo ser\u00e1 sede del DR Polo Challenge el a\u00f1o pr\u00f3ximo, sino que tambi\u00e9n apoy\u00f3 a las futuras estrellas de este deporte siendo uno de los patrocinadores de la VII Copa Diamantitos, llevada a cabo el pasado 8 de diciembre en Argentina. La Copa Diamantitos\u2026","rel":"","context":"En \u00abCasa de Campo Living @es\u00bb","block_context":{"text":"Casa de Campo Living @es","link":"https:\/\/casadecampoliving.com\/category\/casa-de-campo-living-es\/"},"img":{"alt_text":"","src":"https:\/\/i0.wp.com\/casadecampoliving.com\/wp-content\/uploads\/2022\/10\/IMG_4759-1-scaled.jpg?fit=1200%2C900&ssl=1&resize=350%2C200","width":350,"height":200,"srcset":"https:\/\/i0.wp.com\/casadecampoliving.com\/wp-content\/uploads\/2022\/10\/IMG_4759-1-scaled.jpg?fit=1200%2C900&ssl=1&resize=350%2C200 1x, https:\/\/i0.wp.com\/casadecampoliving.com\/wp-content\/uploads\/2022\/10\/IMG_4759-1-scaled.jpg?fit=1200%2C900&ssl=1&resize=525%2C300 1.5x, https:\/\/i0.wp.com\/casadecampoliving.com\/wp-content\/uploads\/2022\/10\/IMG_4759-1-scaled.jpg?fit=1200%2C900&ssl=1&resize=700%2C400 2x, https:\/\/i0.wp.com\/casadecampoliving.com\/wp-content\/uploads\/2022\/10\/IMG_4759-1-scaled.jpg?fit=1200%2C900&ssl=1&resize=1050%2C600 3x"},"classes":[]},{"id":515606,"url":"https:\/\/casadecampoliving.com\/es\/es-hora-de-jugar-el-casa-de-campo-open-del-polo-challenge-2023-ha-comenzado\/","url_meta":{"origin":344123,"position":1},"title":"\u00a1Es hora de jugar! \u00a1El Casa de Campo Open del Polo Challenge 2023 ha comenzado!","author":"Casa de Campo Living","date":"20 Mar, 2023","format":false,"excerpt":"El Casa de Campo Polo Challenge 2023 est\u00e1 llegando a su fin, \u00a1pero la emoci\u00f3n est\u00e1 lejos de terminar! La copa final de la temporada, el Casa de Campo Open, comenz\u00f3 el s\u00e1bado pasado, 18 de marzo, y continuar\u00e1 hasta el 8 de abril. No te pierdas la oportunidad de\u2026","rel":"","context":"En \u00abEstilo de Vida\u00bb","block_context":{"text":"Estilo de Vida","link":"https:\/\/casadecampoliving.com\/es\/category\/estilo-de-vida\/"},"img":{"alt_text":"","src":"https:\/\/i0.wp.com\/casadecampoliving.com\/wp-content\/uploads\/2023\/02\/Sapphire-Cup-polo-Final-2023-34.png?fit=1200%2C800&ssl=1&resize=350%2C200","width":350,"height":200,"srcset":"https:\/\/i0.wp.com\/casadecampoliving.com\/wp-content\/uploads\/2023\/02\/Sapphire-Cup-polo-Final-2023-34.png?fit=1200%2C800&ssl=1&resize=350%2C200 1x, https:\/\/i0.wp.com\/casadecampoliving.com\/wp-content\/uploads\/2023\/02\/Sapphire-Cup-polo-Final-2023-34.png?fit=1200%2C800&ssl=1&resize=525%2C300 1.5x, https:\/\/i0.wp.com\/casadecampoliving.com\/wp-content\/uploads\/2023\/02\/Sapphire-Cup-polo-Final-2023-34.png?fit=1200%2C800&ssl=1&resize=700%2C400 2x, https:\/\/i0.wp.com\/casadecampoliving.com\/wp-content\/uploads\/2023\/02\/Sapphire-Cup-polo-Final-2023-34.png?fit=1200%2C800&ssl=1&resize=1050%2C600 3x"},"classes":[]},{"id":513817,"url":"https:\/\/casadecampoliving.com\/es\/el-equipo-casa-de-campo-gana-la-copa-zafiro-del-polo-challenge-al-vencer-7-6-a-la-potranca\/","url_meta":{"origin":344123,"position":2},"title":"El equipo Casa de Campo gana la Copa Zafiro del Polo Challenge al vencer 7-6 a La Potranca","author":"Casa de Campo Living","date":"6 Feb, 2023","format":false,"excerpt":"El Casa de Campo Polo Challenge ha iniciado su octava temporada por todo alto. El pasado fin de semana se llev\u00f3 a cabo la final de la Copa Zafiro, la cual es la primera de las tres copas de este evento que realizar\u00e1 en los campos de polo del popular\u2026","rel":"","context":"En \u00abComunidad\u00bb","block_context":{"text":"Comunidad","link":"https:\/\/casadecampoliving.com\/es\/category\/casa-de-campo-living-es\/comunidad-casa-de-campo-living-es\/"},"img":{"alt_text":"","src":"https:\/\/i0.wp.com\/casadecampoliving.com\/wp-content\/uploads\/2023\/02\/Sapphire-Cup-polo-Final-2023-30.png?fit=1200%2C800&ssl=1&resize=350%2C200","width":350,"height":200,"srcset":"https:\/\/i0.wp.com\/casadecampoliving.com\/wp-content\/uploads\/2023\/02\/Sapphire-Cup-polo-Final-2023-30.png?fit=1200%2C800&ssl=1&resize=350%2C200 1x, https:\/\/i0.wp.com\/casadecampoliving.com\/wp-content\/uploads\/2023\/02\/Sapphire-Cup-polo-Final-2023-30.png?fit=1200%2C800&ssl=1&resize=525%2C300 1.5x, https:\/\/i0.wp.com\/casadecampoliving.com\/wp-content\/uploads\/2023\/02\/Sapphire-Cup-polo-Final-2023-30.png?fit=1200%2C800&ssl=1&resize=700%2C400 2x, https:\/\/i0.wp.com\/casadecampoliving.com\/wp-content\/uploads\/2023\/02\/Sapphire-Cup-polo-Final-2023-30.png?fit=1200%2C800&ssl=1&resize=1050%2C600 3x"},"classes":[]},{"id":351717,"url":"https:\/\/casadecampoliving.com\/es\/casa-de-campo-presenta-su-torneo-de-polo-de-verano-copa-amistad\/","url_meta":{"origin":344123,"position":3},"title":"\u00a1Casa de Campo presenta su torneo de polo de verano Copa Amistad!","author":"Marlenys Guzm\u00e1n Casta\u00f1os","date":"14 Jul, 2017","format":false,"excerpt":"El polo en Casa de Campo es un deporte que re\u00fane a muchos admiradores y seguidores, y con las cl\u00ednicas de polo y equitaci\u00f3n para ni\u00f1os, \u00a1incluso los m\u00e1s peque\u00f1os se est\u00e1n convirtiendo en fans! Casa de Campo anuncia su torneo de polo de verano, la Copa Amistad comenzando desde\u2026","rel":"","context":"En \u00abDeportes\u00bb","block_context":{"text":"Deportes","link":"https:\/\/casadecampoliving.com\/es\/category\/golf-deportes-es\/"},"img":{"alt_text":"Casa de Campo polo","src":"https:\/\/i0.wp.com\/casadecampoliving.com\/wp-content\/uploads\/2022\/10\/IMG_3778-e1500043359529.jpg?fit=1000%2C600&ssl=1&resize=350%2C200","width":350,"height":200,"srcset":"https:\/\/i0.wp.com\/casadecampoliving.com\/wp-content\/uploads\/2022\/10\/IMG_3778-e1500043359529.jpg?fit=1000%2C600&ssl=1&resize=350%2C200 1x, https:\/\/i0.wp.com\/casadecampoliving.com\/wp-content\/uploads\/2022\/10\/IMG_3778-e1500043359529.jpg?fit=1000%2C600&ssl=1&resize=525%2C300 1.5x, https:\/\/i0.wp.com\/casadecampoliving.com\/wp-content\/uploads\/2022\/10\/IMG_3778-e1500043359529.jpg?fit=1000%2C600&ssl=1&resize=700%2C400 2x"},"classes":[]},{"id":526726,"url":"https:\/\/casadecampoliving.com\/es\/casa-de-campo-se-prepara-para-la-copa-britanica-de-polo-2024\/","url_meta":{"origin":344123,"position":4},"title":"Casa de Campo se prepara para la Copa Brit\u00e1nica de Polo 2024","author":"Casa de Campo Living","date":"6 Feb, 2024","format":false,"excerpt":"\u00a1Entusiastas del polo, preparen sus calendarios! La Copa Brit\u00e1nica de la temporada de Polo Casa de Campo 2024 est\u00e1 lista para comenzar del 8 al 24 de febrero, prometiendo una exhibici\u00f3n emocionante de atletismo y habilidad. La temporada de este a\u00f1o se abri\u00f3 con una emocionante Copa Padre-Hijo, culminando el\u2026","rel":"","context":"En \u00abCasa de Campo Resort &amp; Villas\u00bb","block_context":{"text":"Casa de Campo Resort &amp; Villas","link":"https:\/\/casadecampoliving.com\/es\/category\/casa-de-campo-resort-villas\/"},"img":{"alt_text":"","src":"https:\/\/i0.wp.com\/casadecampoliving.com\/wp-content\/uploads\/2023\/04\/2023-Casa-de-Campo-Open-Polo-Finals13.jpg?fit=1200%2C800&ssl=1&resize=350%2C200","width":350,"height":200,"srcset":"https:\/\/i0.wp.com\/casadecampoliving.com\/wp-content\/uploads\/2023\/04\/2023-Casa-de-Campo-Open-Polo-Finals13.jpg?fit=1200%2C800&ssl=1&resize=350%2C200 1x, https:\/\/i0.wp.com\/casadecampoliving.com\/wp-content\/uploads\/2023\/04\/2023-Casa-de-Campo-Open-Polo-Finals13.jpg?fit=1200%2C800&ssl=1&resize=525%2C300 1.5x, https:\/\/i0.wp.com\/casadecampoliving.com\/wp-content\/uploads\/2023\/04\/2023-Casa-de-Campo-Open-Polo-Finals13.jpg?fit=1200%2C800&ssl=1&resize=700%2C400 2x, https:\/\/i0.wp.com\/casadecampoliving.com\/wp-content\/uploads\/2023\/04\/2023-Casa-de-Campo-Open-Polo-Finals13.jpg?fit=1200%2C800&ssl=1&resize=1050%2C600 3x"},"classes":[]},{"id":352411,"url":"https:\/\/casadecampoliving.com\/es\/el-polo-challenge-rd-comienza-con-un-animado-coctel\/","url_meta":{"origin":344123,"position":5},"title":"El Polo Challenge RD comienza con un animado c\u00f3ctel","author":"Gallagher Foxworthy","date":"22 Ene, 2018","format":false,"excerpt":"El viernes 12 de enero, el departamento de Polo de Casa de Campo organiz\u00f3 una hermosa fiesta de c\u00f3ctel en Minitas Beach Club para comenzar su temporada de polo. Los invitados disfrutaron refrescantes c\u00f3cteles y deliciosos aperitivos bajo las estrellas junto al mar, celebrando el comienzo del tercer desaf\u00edo anual\u2026","rel":"","context":"En \u00abCelebridades\u00bb","block_context":{"text":"Celebridades","link":"https:\/\/casadecampoliving.com\/es\/category\/celebridades-es\/"},"img":{"alt_text":"IMG_0204","src":"https:\/\/i0.wp.com\/casadecampoliving.com\/wp-content\/uploads\/2022\/10\/IMG_0204-1.jpg?resize=350%2C200","width":350,"height":200,"srcset":"https:\/\/i0.wp.com\/casadecampoliving.com\/wp-content\/uploads\/2022\/10\/IMG_0204-1.jpg?resize=350%2C200 1x, https:\/\/i0.wp.com\/casadecampoliving.com\/wp-content\/uploads\/2022\/10\/IMG_0204-1.jpg?resize=525%2C300 1.5x, https:\/\/i0.wp.com\/casadecampoliving.com\/wp-content\/uploads\/2022\/10\/IMG_0204-1.jpg?resize=700%2C400 2x"},"classes":[]}],"jetpack_sharing_enabled":true,"_links":{"self":[{"href":"https:\/\/casadecampoliving.com\/es\/wp-json\/wp\/v2\/posts\/344123","targetHints":{"allow":["GET"]}}],"collection":[{"href":"https:\/\/casadecampoliving.com\/es\/wp-json\/wp\/v2\/posts"}],"about":[{"href":"https:\/\/casadecampoliving.com\/es\/wp-json\/wp\/v2\/types\/post"}],"author":[{"embeddable":true,"href":"https:\/\/casadecampoliving.com\/es\/wp-json\/wp\/v2\/users\/11428"}],"replies":[{"embeddable":true,"href":"https:\/\/casadecampoliving.com\/es\/wp-json\/wp\/v2\/comments?post=344123"}],"version-history":[{"count":1,"href":"https:\/\/casadecampoliving.com\/es\/wp-json\/wp\/v2\/posts\/344123\/revisions"}],"predecessor-version":[{"id":344124,"href":"https:\/\/casadecampoliving.com\/es\/wp-json\/wp\/v2\/posts\/344123\/revisions\/344124"}],"wp:featuredmedia":[{"embeddable":true,"href":"https:\/\/casadecampoliving.com\/es\/wp-json\/wp\/v2\/media\/272591"}],"wp:attachment":[{"href":"https:\/\/casadecampoliving.com\/es\/wp-json\/wp\/v2\/media?parent=344123"}],"wp:term":[{"taxonomy":"category","embeddable":true,"href":"https:\/\/casadecampoliving.com\/es\/wp-json\/wp\/v2\/categories?post=344123"},{"taxonomy":"post_tag","embeddable":true,"href":"https:\/\/casadecampoliving.com\/es\/wp-json\/wp\/v2\/tags?post=344123"},{"taxonomy":"newspack_spnsrs_tax","embeddable":true,"href":"https:\/\/casadecampoliving.com\/es\/wp-json\/wp\/v2\/newspack_spnsrs_tax?post=344123"}],"curies":[{"name":"wp","href":"https:\/\/api.w.org\/{rel}","templated":true}]}}