{"id":344107,"date":"2014-04-01T00:00:00","date_gmt":"2014-04-01T04:00:00","guid":{"rendered":"https:\/\/casadecampoliving.com\/anote-la-fecha-atardecer-con-sabor-musica-en-azimut-cafe-miercoles-16-de-abril\/"},"modified":"2022-10-21T18:48:29","modified_gmt":"2022-10-21T22:48:29","slug":"anote-la-fecha-atardecer-con-sabor-musica-en-azimut-cafe-miercoles-16-de-abril","status":"publish","type":"post","link":"https:\/\/casadecampoliving.com\/es\/anote-la-fecha-atardecer-con-sabor-musica-en-azimut-cafe-miercoles-16-de-abril\/","title":{"rendered":"\u00a1Anote la fecha! Atardecer con Sabor a M\u00fasica en Azimut Caf\u00e9 &#8211; mi\u00e9rcoles 16 de abril"},"content":{"rendered":"<div class=\"wp-block-image\">\n<figure class=\"aligncenter is-resized\"><img loading=\"lazy\" decoding=\"async\" src=\"https:\/\/i0.wp.com\/casadecampoliving.com\/wp-content\/uploads\/2022\/10\/Azimut-cafe.jpg?resize=650%2C397&amp;ssl=1\" alt=\"Azimut-cafe\" class=\"wp-image-87467\" height=\"397\" width=\"650\"\/><\/figure>\n<\/div>\n\n\n<p><strong>\u00a1Anote la fecha!<\/strong>&nbsp;Ya que se efectuar\u00e1 otro Atardecer con Sabor a M\u00fasica en Azimut Caf\u00e9 ubicado en la Marina Casa de Campo planeado para el mi\u00e9rcoles 16 de abril.<\/p>\n\n\n\n<!--more-->\n\n\n<div class=\"wp-block-image\">\n<figure class=\"alignright is-resized\"><img loading=\"lazy\" decoding=\"async\" src=\"https:\/\/i0.wp.com\/casadecampoliving.com\/wp-content\/uploads\/2022\/10\/jazz_saxophone.jpg?resize=172%2C322&amp;ssl=1\" alt=\"jazz saxophone\" class=\"wp-image-82357\" height=\"322\" width=\"172\"\/><\/figure>\n<\/div>\n\n\n<p>El Atardecer con Sabor a M\u00fasica es una magn\u00edfica oportunidad para reunirse con amigos (nuevos y antiguos), disfrutar de la puesta de sol, unas copas de su bebida preferida (champ\u00e1n, \u00bfTal vez?), y todo esto a la melod\u00eda de la hermosa m\u00fasica de jazz en vivo . Simple \u2013 pero perfecto.<\/p>\n\n\n\n<p>Patrocinado por SILGON con Casa de Campo Living y TODO Casa de Campo, los Sunset Jazz Nights organizado regularmente en el Azimut Caf\u00e9 en La Marina Casa de Campo por Mauro Caslini, presidente y CEO de IB Nautica con su hija Alicia Caslini de Mariconi,&nbsp;propietaria y Directora de Ventas y Marketing de IBI Yachts.<\/p>\n\n\n\n<p>Una noche festiva, en la hermosa Marina Casa de Campo, con Jazz, champa\u00f1a y amistades. \u00bfQu\u00e9 m\u00e1s puede pedir?<\/p>\n\n\n\n<p><strong>\u00a1Todos&nbsp;est\u00e1n&nbsp;cordialmente invitados a acompa\u00f1arnos en esta noche llena de jazz y sobre todo mucha diversi\u00f3n!<\/strong><\/p>\n\n\n\n<blockquote><figure><img decoding=\"async\" loading=\"lazy\" class=\"alignright  wp-image-74975\" alt=\"sunset jazz night\" src=\"https:\/\/i0.wp.com\/casadecampoliving.com\/wp-content\/uploads\/2022\/10\/sunset_jazz_night-300x199-2.jpg?resize=270%2C179&amp;ssl=1\" width=\"270\" height=\"179\"><\/figure><p><span style=\"text-decoration: underline;\"><strong>Atardecer con Sabor a M\u00fasica en Azimut Caf\u00e9<\/strong><\/span><\/p><p><strong>Fecha: <\/strong>Mi\u00e9rcoles 16 de abril, 6pm-9pm<\/p><p><strong>Lugar:<\/strong>&nbsp;Azimut Caf\u00e9, Paseo del Mar, Marina Casa de Campo<\/p><p><strong>Contacto:<\/strong>&nbsp;(809) 449-3323 \u00f3 (809) 449-3321<\/p><p>Para el calendario completo de eventos y actividades visite:<a href=\"http:\/\/todo.fm\/\"> www.TODO.fm&nbsp;<\/a><\/p><\/blockquote>\n\n\n\n<blockquote><p style=\"text-align: center;\"><a href=\"https:\/\/casadecampoliving.com\/es\/un-sunset-jazz-night-navideno-en-casa-de-campo\/\"><strong>Un Sunset Jazz Night navide\u00f1o en Casa de Campo<\/strong><\/a><\/p><figure><img decoding=\"async\" loading=\"lazy\" class=\"aligncenter size-full wp-image-83538\" alt=\"Franco Ciarlo Gianfranco Fini\" src=\"https:\/\/i0.wp.com\/casadecampoliving.com\/wp-content\/uploads\/2022\/10\/franco_ciarlo_gianfranco_fini.jpg?resize=650%2C433&amp;ssl=1\" width=\"650\" height=\"433\"><\/figure><p style=\"text-align: center;\"><\/p><p style=\"text-align: left;\">El s\u00e1bado 21 de diciembre, Azimut Caf\u00e9 celebr\u00f3 otro maravilloso Atardecer con Sabor a Musica (Sunset Jazz Night) para la comunidad Casa de Campo.<\/p><p style=\"text-align: left;\"><a href=\"https:\/\/casadecampoliving.com\/es\/un-sunset-jazz-night-navideno-en-casa-de-campo\/\"><strong>Haga clic aqu\u00ed para las fotos y la historia completa<\/strong><\/a><\/p><\/blockquote>\n","protected":false},"excerpt":{"rendered":"<p>\u00a1Anote la fecha!&nbsp;Ya que se efectuar\u00e1 otro Atardecer con Sabor a M\u00fasica en Azimut Caf\u00e9 ubicado en la Marina Casa de Campo planeado para el mi\u00e9rcoles 16 de abril.<\/p>\n","protected":false},"author":1097,"featured_media":271720,"comment_status":"closed","ping_status":"closed","sticky":false,"template":"","format":"standard","meta":{"newspack_ads_suppress_ads":false,"newspack_popups_has_disabled_popups":false,"newspack_sponsor_sponsorship_scope":"","newspack_sponsor_native_byline_display":"inherit","newspack_sponsor_native_category_display":"inherit","newspack_sponsor_underwriter_style":"inherit","newspack_sponsor_underwriter_placement":"inherit","_newspack_byline_active":false,"_newspack_byline":"","newspack_hide_updated_date":false,"newspack_show_updated_date":false,"newspack_content_restriction_is_exempt":false,"newspack_featured_image_position":"","newspack_post_subtitle":"","newspack_article_summary_title":"Overview:","newspack_article_summary":"","_jetpack_memberships_contains_paid_content":false,"footnotes":"","jetpack_publicize_message":"","jetpack_publicize_feature_enabled":true,"jetpack_social_post_already_shared":false,"jetpack_social_options":{"image_generator_settings":{"template":"highway","default_image_id":0,"font":"","enabled":false},"version":2},"_wpas_customize_per_network":false},"categories":[26936,26951,14629,2524,2522,26581,14625,14627,26822,2520],"tags":[4680,4886,1119,24387,3663,7502],"newspack_spnsrs_tax":[],"class_list":["post-344107","post","type-post","status-publish","format-standard","has-post-thumbnail","hentry","category-casa-de-campo-living-es","category-ccl-presenta","category-comidas-bebidas","category-destacados","category-eventos-es","category-la-marina-casa-de-campo","category-noticias-locales","category-proximamente","category-resort-casa-de-campo","category-restaurantes-es","tag-atardecer-con-sabor-a-musica","tag-azimut-cafe-es","tag-brugal","tag-casa-de-campo-living-es","tag-la-marina-casa-de-campo-es-2","tag-silgon-es","entry"],"yoast_head":"<!-- This site is optimized with the Yoast SEO plugin v27.5 - https:\/\/yoast.com\/product\/yoast-seo-wordpress\/ -->\n<title>\u00a1Anote la fecha! Atardecer con Sabor a M\u00fasica en Azimut Caf\u00e9 - mi\u00e9rcoles 16 de abril | Casa de Campo Living<\/title>\n<meta name=\"description\" content=\"\u00a1Anote la fecha!&nbsp;Ya que se efectuar\u00e1 otro Atardecer con Sabor a M\u00fasica en Azimut Caf\u00e9 ubicado en la Marina Casa de Campo planeado para el mi\u00e9rcoles\" \/>\n<meta name=\"robots\" content=\"index, follow, max-snippet:-1, max-image-preview:large, max-video-preview:-1\" \/>\n<link rel=\"canonical\" href=\"https:\/\/casadecampoliving.com\/es\/anote-la-fecha-atardecer-con-sabor-musica-en-azimut-cafe-miercoles-16-de-abril\/\" \/>\n<meta property=\"og:locale\" content=\"es_ES\" \/>\n<meta property=\"og:type\" content=\"article\" \/>\n<meta property=\"og:title\" content=\"\u00a1Anote la fecha! Atardecer con Sabor a M\u00fasica en Azimut Caf\u00e9 - mi\u00e9rcoles 16 de abril | Casa de Campo Living\" \/>\n<meta property=\"og:description\" content=\"\u00a1Anote la fecha!&nbsp;Ya que se efectuar\u00e1 otro Atardecer con Sabor a M\u00fasica en Azimut Caf\u00e9 ubicado en la Marina Casa de Campo planeado para el mi\u00e9rcoles\" \/>\n<meta property=\"og:url\" content=\"https:\/\/casadecampoliving.com\/es\/anote-la-fecha-atardecer-con-sabor-musica-en-azimut-cafe-miercoles-16-de-abril\/\" \/>\n<meta property=\"og:site_name\" content=\"Casa de Campo Living\" \/>\n<meta property=\"article:publisher\" content=\"https:\/\/www.facebook.com\/casadecampoliving\" \/>\n<meta property=\"article:published_time\" content=\"2014-04-01T04:00:00+00:00\" \/>\n<meta property=\"article:modified_time\" content=\"2022-10-21T22:48:29+00:00\" \/>\n<meta property=\"og:image\" content=\"https:\/\/i0.wp.com\/casadecampoliving.com\/wp-content\/uploads\/2022\/10\/Azimut-cafe-1.jpg?fit=650%2C397&ssl=1\" \/>\n\t<meta property=\"og:image:width\" content=\"650\" \/>\n\t<meta property=\"og:image:height\" content=\"397\" \/>\n\t<meta property=\"og:image:type\" content=\"image\/jpeg\" \/>\n<meta name=\"author\" content=\"Perkin Agramonte\" \/>\n<meta name=\"twitter:card\" content=\"summary_large_image\" \/>\n<meta name=\"twitter:creator\" content=\"@cdcliving\" \/>\n<meta name=\"twitter:site\" content=\"@cdcliving\" \/>\n<meta name=\"twitter:label1\" content=\"Escrito por\" \/>\n\t<meta name=\"twitter:data1\" content=\"Perkin Agramonte\" \/>\n\t<meta name=\"twitter:label2\" content=\"Tiempo de lectura\" \/>\n\t<meta name=\"twitter:data2\" content=\"1 minuto\" \/>\n<script type=\"application\/ld+json\" class=\"yoast-schema-graph\">{\"@context\":\"https:\\\/\\\/schema.org\",\"@graph\":[{\"@type\":\"Article\",\"@id\":\"https:\\\/\\\/casadecampoliving.com\\\/es\\\/anote-la-fecha-atardecer-con-sabor-musica-en-azimut-cafe-miercoles-16-de-abril\\\/#article\",\"isPartOf\":{\"@id\":\"https:\\\/\\\/casadecampoliving.com\\\/es\\\/anote-la-fecha-atardecer-con-sabor-musica-en-azimut-cafe-miercoles-16-de-abril\\\/\"},\"author\":{\"name\":\"Perkin Agramonte\",\"@id\":\"https:\\\/\\\/casadecampoliving.com\\\/es\\\/#\\\/schema\\\/person\\\/c8efa6049510554b7d5fea078d728f72\"},\"headline\":\"\u00a1Anote la fecha! Atardecer con Sabor a M\u00fasica en Azimut Caf\u00e9 &#8211; mi\u00e9rcoles 16 de abril\",\"datePublished\":\"2014-04-01T04:00:00+00:00\",\"dateModified\":\"2022-10-21T22:48:29+00:00\",\"mainEntityOfPage\":{\"@id\":\"https:\\\/\\\/casadecampoliving.com\\\/es\\\/anote-la-fecha-atardecer-con-sabor-musica-en-azimut-cafe-miercoles-16-de-abril\\\/\"},\"wordCount\":290,\"publisher\":{\"@id\":\"https:\\\/\\\/casadecampoliving.com\\\/es\\\/#organization\"},\"image\":{\"@id\":\"https:\\\/\\\/casadecampoliving.com\\\/es\\\/anote-la-fecha-atardecer-con-sabor-musica-en-azimut-cafe-miercoles-16-de-abril\\\/#primaryimage\"},\"thumbnailUrl\":\"https:\\\/\\\/i0.wp.com\\\/casadecampoliving.com\\\/wp-content\\\/uploads\\\/2022\\\/10\\\/Azimut-cafe-1.jpg?fit=650%2C397&ssl=1\",\"keywords\":[\"atardecer con sabor a musica\",\"azimut cafe @es\",\"brugal\",\"Casa de Campo Living\",\"la marina casa de campo @es\",\"SILGON @es\"],\"articleSection\":[\"Casa de Campo Living @es\",\"CCL presenta\",\"Comidas &amp; Bebidas\",\"Destacados\",\"Eventos\",\"La Marina Casa de Campo\",\"Noticias Locales\",\"Proximamente\",\"Resort Casa de Campo\",\"Restaurantes\"],\"inLanguage\":\"es\"},{\"@type\":\"WebPage\",\"@id\":\"https:\\\/\\\/casadecampoliving.com\\\/es\\\/anote-la-fecha-atardecer-con-sabor-musica-en-azimut-cafe-miercoles-16-de-abril\\\/\",\"url\":\"https:\\\/\\\/casadecampoliving.com\\\/es\\\/anote-la-fecha-atardecer-con-sabor-musica-en-azimut-cafe-miercoles-16-de-abril\\\/\",\"name\":\"\u00a1Anote la fecha! Atardecer con Sabor a M\u00fasica en Azimut Caf\u00e9 - mi\u00e9rcoles 16 de abril | Casa de Campo Living\",\"isPartOf\":{\"@id\":\"https:\\\/\\\/casadecampoliving.com\\\/es\\\/#website\"},\"primaryImageOfPage\":{\"@id\":\"https:\\\/\\\/casadecampoliving.com\\\/es\\\/anote-la-fecha-atardecer-con-sabor-musica-en-azimut-cafe-miercoles-16-de-abril\\\/#primaryimage\"},\"image\":{\"@id\":\"https:\\\/\\\/casadecampoliving.com\\\/es\\\/anote-la-fecha-atardecer-con-sabor-musica-en-azimut-cafe-miercoles-16-de-abril\\\/#primaryimage\"},\"thumbnailUrl\":\"https:\\\/\\\/i0.wp.com\\\/casadecampoliving.com\\\/wp-content\\\/uploads\\\/2022\\\/10\\\/Azimut-cafe-1.jpg?fit=650%2C397&ssl=1\",\"datePublished\":\"2014-04-01T04:00:00+00:00\",\"dateModified\":\"2022-10-21T22:48:29+00:00\",\"description\":\"\u00a1Anote la fecha!&nbsp;Ya que se efectuar\u00e1 otro Atardecer con Sabor a M\u00fasica en Azimut Caf\u00e9 ubicado en la Marina Casa de Campo planeado para el mi\u00e9rcoles\",\"breadcrumb\":{\"@id\":\"https:\\\/\\\/casadecampoliving.com\\\/es\\\/anote-la-fecha-atardecer-con-sabor-musica-en-azimut-cafe-miercoles-16-de-abril\\\/#breadcrumb\"},\"inLanguage\":\"es\",\"potentialAction\":[{\"@type\":\"ReadAction\",\"target\":[\"https:\\\/\\\/casadecampoliving.com\\\/es\\\/anote-la-fecha-atardecer-con-sabor-musica-en-azimut-cafe-miercoles-16-de-abril\\\/\"]}]},{\"@type\":\"ImageObject\",\"inLanguage\":\"es\",\"@id\":\"https:\\\/\\\/casadecampoliving.com\\\/es\\\/anote-la-fecha-atardecer-con-sabor-musica-en-azimut-cafe-miercoles-16-de-abril\\\/#primaryimage\",\"url\":\"https:\\\/\\\/i0.wp.com\\\/casadecampoliving.com\\\/wp-content\\\/uploads\\\/2022\\\/10\\\/Azimut-cafe-1.jpg?fit=650%2C397&ssl=1\",\"contentUrl\":\"https:\\\/\\\/i0.wp.com\\\/casadecampoliving.com\\\/wp-content\\\/uploads\\\/2022\\\/10\\\/Azimut-cafe-1.jpg?fit=650%2C397&ssl=1\",\"width\":650,\"height\":397},{\"@type\":\"BreadcrumbList\",\"@id\":\"https:\\\/\\\/casadecampoliving.com\\\/es\\\/anote-la-fecha-atardecer-con-sabor-musica-en-azimut-cafe-miercoles-16-de-abril\\\/#breadcrumb\",\"itemListElement\":[{\"@type\":\"ListItem\",\"position\":1,\"name\":\"Home\",\"item\":\"https:\\\/\\\/casadecampoliving.com\\\/es\\\/\"},{\"@type\":\"ListItem\",\"position\":2,\"name\":\"\u00a1Anote la fecha! Atardecer con Sabor a M\u00fasica en Azimut Caf\u00e9 &#8211; mi\u00e9rcoles 16 de abril\"}]},{\"@type\":\"WebSite\",\"@id\":\"https:\\\/\\\/casadecampoliving.com\\\/es\\\/#website\",\"url\":\"https:\\\/\\\/casadecampoliving.com\\\/es\\\/\",\"name\":\"Casa de Campo Living\",\"description\":\"Resort community news and resources.\",\"publisher\":{\"@id\":\"https:\\\/\\\/casadecampoliving.com\\\/es\\\/#organization\"},\"potentialAction\":[{\"@type\":\"SearchAction\",\"target\":{\"@type\":\"EntryPoint\",\"urlTemplate\":\"https:\\\/\\\/casadecampoliving.com\\\/es\\\/?s={search_term_string}\"},\"query-input\":{\"@type\":\"PropertyValueSpecification\",\"valueRequired\":true,\"valueName\":\"search_term_string\"}}],\"inLanguage\":\"es\"},{\"@type\":\"Organization\",\"@id\":\"https:\\\/\\\/casadecampoliving.com\\\/es\\\/#organization\",\"name\":\"Casa de Campo Living\",\"url\":\"https:\\\/\\\/casadecampoliving.com\\\/es\\\/\",\"logo\":{\"@type\":\"ImageObject\",\"inLanguage\":\"es\",\"@id\":\"https:\\\/\\\/casadecampoliving.com\\\/es\\\/#\\\/schema\\\/logo\\\/image\\\/\",\"url\":\"https:\\\/\\\/i0.wp.com\\\/casadecampoliving.com\\\/wp-content\\\/uploads\\\/2022\\\/07\\\/CDCLivingLogo_V1-white-sized.png?fit=800%2C214&ssl=1\",\"contentUrl\":\"https:\\\/\\\/i0.wp.com\\\/casadecampoliving.com\\\/wp-content\\\/uploads\\\/2022\\\/07\\\/CDCLivingLogo_V1-white-sized.png?fit=800%2C214&ssl=1\",\"width\":800,\"height\":214,\"caption\":\"Casa de Campo Living\"},\"image\":{\"@id\":\"https:\\\/\\\/casadecampoliving.com\\\/es\\\/#\\\/schema\\\/logo\\\/image\\\/\"},\"sameAs\":[\"https:\\\/\\\/www.facebook.com\\\/casadecampoliving\",\"https:\\\/\\\/x.com\\\/cdcliving\"]},{\"@type\":\"Person\",\"@id\":\"https:\\\/\\\/casadecampoliving.com\\\/es\\\/#\\\/schema\\\/person\\\/c8efa6049510554b7d5fea078d728f72\",\"name\":\"Perkin Agramonte\",\"image\":{\"@type\":\"ImageObject\",\"inLanguage\":\"es\",\"@id\":\"https:\\\/\\\/secure.gravatar.com\\\/avatar\\\/57bfdafcae55fb83dbb79a1585a9eab7f269b7720fb0b64cb9a4e0cd2962fa10?s=96&d=mm&r=g\",\"url\":\"https:\\\/\\\/secure.gravatar.com\\\/avatar\\\/57bfdafcae55fb83dbb79a1585a9eab7f269b7720fb0b64cb9a4e0cd2962fa10?s=96&d=mm&r=g\",\"contentUrl\":\"https:\\\/\\\/secure.gravatar.com\\\/avatar\\\/57bfdafcae55fb83dbb79a1585a9eab7f269b7720fb0b64cb9a4e0cd2962fa10?s=96&d=mm&r=g\",\"caption\":\"Perkin Agramonte\"},\"url\":\"https:\\\/\\\/casadecampoliving.com\\\/es\\\/author\\\/cagramonte\\\/\"}]}<\/script>\n<!-- \/ Yoast SEO plugin. -->","yoast_head_json":{"title":"\u00a1Anote la fecha! Atardecer con Sabor a M\u00fasica en Azimut Caf\u00e9 - mi\u00e9rcoles 16 de abril | Casa de Campo Living","description":"\u00a1Anote la fecha!&nbsp;Ya que se efectuar\u00e1 otro Atardecer con Sabor a M\u00fasica en Azimut Caf\u00e9 ubicado en la Marina Casa de Campo planeado para el mi\u00e9rcoles","robots":{"index":"index","follow":"follow","max-snippet":"max-snippet:-1","max-image-preview":"max-image-preview:large","max-video-preview":"max-video-preview:-1"},"canonical":"https:\/\/casadecampoliving.com\/es\/anote-la-fecha-atardecer-con-sabor-musica-en-azimut-cafe-miercoles-16-de-abril\/","og_locale":"es_ES","og_type":"article","og_title":"\u00a1Anote la fecha! Atardecer con Sabor a M\u00fasica en Azimut Caf\u00e9 - mi\u00e9rcoles 16 de abril | Casa de Campo Living","og_description":"\u00a1Anote la fecha!&nbsp;Ya que se efectuar\u00e1 otro Atardecer con Sabor a M\u00fasica en Azimut Caf\u00e9 ubicado en la Marina Casa de Campo planeado para el mi\u00e9rcoles","og_url":"https:\/\/casadecampoliving.com\/es\/anote-la-fecha-atardecer-con-sabor-musica-en-azimut-cafe-miercoles-16-de-abril\/","og_site_name":"Casa de Campo Living","article_publisher":"https:\/\/www.facebook.com\/casadecampoliving","article_published_time":"2014-04-01T04:00:00+00:00","article_modified_time":"2022-10-21T22:48:29+00:00","og_image":[{"width":650,"height":397,"url":"https:\/\/i0.wp.com\/casadecampoliving.com\/wp-content\/uploads\/2022\/10\/Azimut-cafe-1.jpg?fit=650%2C397&ssl=1","type":"image\/jpeg"}],"author":"Perkin Agramonte","twitter_card":"summary_large_image","twitter_creator":"@cdcliving","twitter_site":"@cdcliving","twitter_misc":{"Escrito por":"Perkin Agramonte","Tiempo de lectura":"1 minuto"},"schema":{"@context":"https:\/\/schema.org","@graph":[{"@type":"Article","@id":"https:\/\/casadecampoliving.com\/es\/anote-la-fecha-atardecer-con-sabor-musica-en-azimut-cafe-miercoles-16-de-abril\/#article","isPartOf":{"@id":"https:\/\/casadecampoliving.com\/es\/anote-la-fecha-atardecer-con-sabor-musica-en-azimut-cafe-miercoles-16-de-abril\/"},"author":{"name":"Perkin Agramonte","@id":"https:\/\/casadecampoliving.com\/es\/#\/schema\/person\/c8efa6049510554b7d5fea078d728f72"},"headline":"\u00a1Anote la fecha! Atardecer con Sabor a M\u00fasica en Azimut Caf\u00e9 &#8211; mi\u00e9rcoles 16 de abril","datePublished":"2014-04-01T04:00:00+00:00","dateModified":"2022-10-21T22:48:29+00:00","mainEntityOfPage":{"@id":"https:\/\/casadecampoliving.com\/es\/anote-la-fecha-atardecer-con-sabor-musica-en-azimut-cafe-miercoles-16-de-abril\/"},"wordCount":290,"publisher":{"@id":"https:\/\/casadecampoliving.com\/es\/#organization"},"image":{"@id":"https:\/\/casadecampoliving.com\/es\/anote-la-fecha-atardecer-con-sabor-musica-en-azimut-cafe-miercoles-16-de-abril\/#primaryimage"},"thumbnailUrl":"https:\/\/i0.wp.com\/casadecampoliving.com\/wp-content\/uploads\/2022\/10\/Azimut-cafe-1.jpg?fit=650%2C397&ssl=1","keywords":["atardecer con sabor a musica","azimut cafe @es","brugal","Casa de Campo Living","la marina casa de campo @es","SILGON @es"],"articleSection":["Casa de Campo Living @es","CCL presenta","Comidas &amp; Bebidas","Destacados","Eventos","La Marina Casa de Campo","Noticias Locales","Proximamente","Resort Casa de Campo","Restaurantes"],"inLanguage":"es"},{"@type":"WebPage","@id":"https:\/\/casadecampoliving.com\/es\/anote-la-fecha-atardecer-con-sabor-musica-en-azimut-cafe-miercoles-16-de-abril\/","url":"https:\/\/casadecampoliving.com\/es\/anote-la-fecha-atardecer-con-sabor-musica-en-azimut-cafe-miercoles-16-de-abril\/","name":"\u00a1Anote la fecha! Atardecer con Sabor a M\u00fasica en Azimut Caf\u00e9 - mi\u00e9rcoles 16 de abril | Casa de Campo Living","isPartOf":{"@id":"https:\/\/casadecampoliving.com\/es\/#website"},"primaryImageOfPage":{"@id":"https:\/\/casadecampoliving.com\/es\/anote-la-fecha-atardecer-con-sabor-musica-en-azimut-cafe-miercoles-16-de-abril\/#primaryimage"},"image":{"@id":"https:\/\/casadecampoliving.com\/es\/anote-la-fecha-atardecer-con-sabor-musica-en-azimut-cafe-miercoles-16-de-abril\/#primaryimage"},"thumbnailUrl":"https:\/\/i0.wp.com\/casadecampoliving.com\/wp-content\/uploads\/2022\/10\/Azimut-cafe-1.jpg?fit=650%2C397&ssl=1","datePublished":"2014-04-01T04:00:00+00:00","dateModified":"2022-10-21T22:48:29+00:00","description":"\u00a1Anote la fecha!&nbsp;Ya que se efectuar\u00e1 otro Atardecer con Sabor a M\u00fasica en Azimut Caf\u00e9 ubicado en la Marina Casa de Campo planeado para el mi\u00e9rcoles","breadcrumb":{"@id":"https:\/\/casadecampoliving.com\/es\/anote-la-fecha-atardecer-con-sabor-musica-en-azimut-cafe-miercoles-16-de-abril\/#breadcrumb"},"inLanguage":"es","potentialAction":[{"@type":"ReadAction","target":["https:\/\/casadecampoliving.com\/es\/anote-la-fecha-atardecer-con-sabor-musica-en-azimut-cafe-miercoles-16-de-abril\/"]}]},{"@type":"ImageObject","inLanguage":"es","@id":"https:\/\/casadecampoliving.com\/es\/anote-la-fecha-atardecer-con-sabor-musica-en-azimut-cafe-miercoles-16-de-abril\/#primaryimage","url":"https:\/\/i0.wp.com\/casadecampoliving.com\/wp-content\/uploads\/2022\/10\/Azimut-cafe-1.jpg?fit=650%2C397&ssl=1","contentUrl":"https:\/\/i0.wp.com\/casadecampoliving.com\/wp-content\/uploads\/2022\/10\/Azimut-cafe-1.jpg?fit=650%2C397&ssl=1","width":650,"height":397},{"@type":"BreadcrumbList","@id":"https:\/\/casadecampoliving.com\/es\/anote-la-fecha-atardecer-con-sabor-musica-en-azimut-cafe-miercoles-16-de-abril\/#breadcrumb","itemListElement":[{"@type":"ListItem","position":1,"name":"Home","item":"https:\/\/casadecampoliving.com\/es\/"},{"@type":"ListItem","position":2,"name":"\u00a1Anote la fecha! Atardecer con Sabor a M\u00fasica en Azimut Caf\u00e9 &#8211; mi\u00e9rcoles 16 de abril"}]},{"@type":"WebSite","@id":"https:\/\/casadecampoliving.com\/es\/#website","url":"https:\/\/casadecampoliving.com\/es\/","name":"Casa de Campo Living","description":"Resort community news and resources.","publisher":{"@id":"https:\/\/casadecampoliving.com\/es\/#organization"},"potentialAction":[{"@type":"SearchAction","target":{"@type":"EntryPoint","urlTemplate":"https:\/\/casadecampoliving.com\/es\/?s={search_term_string}"},"query-input":{"@type":"PropertyValueSpecification","valueRequired":true,"valueName":"search_term_string"}}],"inLanguage":"es"},{"@type":"Organization","@id":"https:\/\/casadecampoliving.com\/es\/#organization","name":"Casa de Campo Living","url":"https:\/\/casadecampoliving.com\/es\/","logo":{"@type":"ImageObject","inLanguage":"es","@id":"https:\/\/casadecampoliving.com\/es\/#\/schema\/logo\/image\/","url":"https:\/\/i0.wp.com\/casadecampoliving.com\/wp-content\/uploads\/2022\/07\/CDCLivingLogo_V1-white-sized.png?fit=800%2C214&ssl=1","contentUrl":"https:\/\/i0.wp.com\/casadecampoliving.com\/wp-content\/uploads\/2022\/07\/CDCLivingLogo_V1-white-sized.png?fit=800%2C214&ssl=1","width":800,"height":214,"caption":"Casa de Campo Living"},"image":{"@id":"https:\/\/casadecampoliving.com\/es\/#\/schema\/logo\/image\/"},"sameAs":["https:\/\/www.facebook.com\/casadecampoliving","https:\/\/x.com\/cdcliving"]},{"@type":"Person","@id":"https:\/\/casadecampoliving.com\/es\/#\/schema\/person\/c8efa6049510554b7d5fea078d728f72","name":"Perkin Agramonte","image":{"@type":"ImageObject","inLanguage":"es","@id":"https:\/\/secure.gravatar.com\/avatar\/57bfdafcae55fb83dbb79a1585a9eab7f269b7720fb0b64cb9a4e0cd2962fa10?s=96&d=mm&r=g","url":"https:\/\/secure.gravatar.com\/avatar\/57bfdafcae55fb83dbb79a1585a9eab7f269b7720fb0b64cb9a4e0cd2962fa10?s=96&d=mm&r=g","contentUrl":"https:\/\/secure.gravatar.com\/avatar\/57bfdafcae55fb83dbb79a1585a9eab7f269b7720fb0b64cb9a4e0cd2962fa10?s=96&d=mm&r=g","caption":"Perkin Agramonte"},"url":"https:\/\/casadecampoliving.com\/es\/author\/cagramonte\/"}]}},"parsely":{"version":"1.1.0","canonical_url":"https:\/\/casadecampoliving.com\/es\/anote-la-fecha-atardecer-con-sabor-musica-en-azimut-cafe-miercoles-16-de-abril\/","smart_links":{"inbound":0,"outbound":0},"traffic_boost_suggestions_count":0,"meta":{"@context":"https:\/\/schema.org","@type":"NewsArticle","headline":"\u00a1Anote la fecha! Atardecer con Sabor a M\u00fasica en Azimut Caf\u00e9 &#8211; mi\u00e9rcoles 16 de abril","url":"http:\/\/casadecampoliving.com\/es\/anote-la-fecha-atardecer-con-sabor-musica-en-azimut-cafe-miercoles-16-de-abril\/","mainEntityOfPage":{"@type":"WebPage","@id":"http:\/\/casadecampoliving.com\/es\/anote-la-fecha-atardecer-con-sabor-musica-en-azimut-cafe-miercoles-16-de-abril\/"},"thumbnailUrl":"https:\/\/i0.wp.com\/casadecampoliving.com\/wp-content\/uploads\/2022\/10\/Azimut-cafe-1.jpg?resize=150%2C150&ssl=1","image":{"@type":"ImageObject","url":"https:\/\/i0.wp.com\/casadecampoliving.com\/wp-content\/uploads\/2022\/10\/Azimut-cafe-1.jpg?fit=650%2C397&ssl=1"},"articleSection":"CCL presenta","author":[{"@type":"Person","name":"Perkin Agramonte"}],"creator":["Perkin Agramonte"],"publisher":{"@type":"Organization","name":"Casa de Campo Living","logo":"https:\/\/casadecampoliving.com\/wp-content\/uploads\/2022\/07\/CDCLivingLogo_V1-white-sized.png"},"keywords":["atardecer con sabor a musica","azimut cafe @es","brugal","casa de campo living","la marina casa de campo @es","silgon @es"],"dateCreated":"2014-04-01T04:00:00Z","datePublished":"2014-04-01T04:00:00Z","dateModified":"2022-10-21T22:48:29Z"},"rendered":"<script type=\"application\/ld+json\" class=\"wp-parsely-metadata\">{\"@context\":\"https:\\\/\\\/schema.org\",\"@type\":\"NewsArticle\",\"headline\":\"\\u00a1Anote la fecha! Atardecer con Sabor a M\\u00fasica en Azimut Caf\\u00e9 &#8211; mi\\u00e9rcoles 16 de abril\",\"url\":\"http:\\\/\\\/casadecampoliving.com\\\/es\\\/anote-la-fecha-atardecer-con-sabor-musica-en-azimut-cafe-miercoles-16-de-abril\\\/\",\"mainEntityOfPage\":{\"@type\":\"WebPage\",\"@id\":\"http:\\\/\\\/casadecampoliving.com\\\/es\\\/anote-la-fecha-atardecer-con-sabor-musica-en-azimut-cafe-miercoles-16-de-abril\\\/\"},\"thumbnailUrl\":\"https:\\\/\\\/i0.wp.com\\\/casadecampoliving.com\\\/wp-content\\\/uploads\\\/2022\\\/10\\\/Azimut-cafe-1.jpg?resize=150%2C150&ssl=1\",\"image\":{\"@type\":\"ImageObject\",\"url\":\"https:\\\/\\\/i0.wp.com\\\/casadecampoliving.com\\\/wp-content\\\/uploads\\\/2022\\\/10\\\/Azimut-cafe-1.jpg?fit=650%2C397&ssl=1\"},\"articleSection\":\"CCL presenta\",\"author\":[{\"@type\":\"Person\",\"name\":\"Perkin Agramonte\"}],\"creator\":[\"Perkin Agramonte\"],\"publisher\":{\"@type\":\"Organization\",\"name\":\"Casa de Campo Living\",\"logo\":\"https:\\\/\\\/casadecampoliving.com\\\/wp-content\\\/uploads\\\/2022\\\/07\\\/CDCLivingLogo_V1-white-sized.png\"},\"keywords\":[\"atardecer con sabor a musica\",\"azimut cafe @es\",\"brugal\",\"casa de campo living\",\"la marina casa de campo @es\",\"silgon @es\"],\"dateCreated\":\"2014-04-01T04:00:00Z\",\"datePublished\":\"2014-04-01T04:00:00Z\",\"dateModified\":\"2022-10-21T22:48:29Z\"}<\/script>","tracker_url":"https:\/\/cdn.parsely.com\/keys\/casadecampoliving.com\/p.js"},"jetpack_publicize_connections":[],"jetpack_featured_media_url":"https:\/\/i0.wp.com\/casadecampoliving.com\/wp-content\/uploads\/2022\/10\/Azimut-cafe-1.jpg?fit=650%2C397&ssl=1","jetpack-related-posts":[{"id":344328,"url":"https:\/\/casadecampoliving.com\/es\/celebra-la-llegada-del-verano-con-el-proximo-atardecer-con-sabor-musica\/","url_meta":{"origin":344107,"position":0},"title":"Celebra la llegada del verano con el pr\u00f3ximo Atardecer con Sabor a M\u00fasica","author":"Perkin Agramonte","date":"7 May, 2014","format":false,"excerpt":"\u00a1Anote la fecha! Porque se acerca otro Atardecer con Sabor a M\u00fasica en Azimut Caf\u00e9 planeado a efectuarse el s\u00e1bado 24 de mayo, y es la excusa perfecta para disfrutar un par de c\u00f3cteles al atardecer, a la misma vez que celebramos el inicio del verano. \u00bfEstas listo para el\u2026","rel":"","context":"En \u00abCasa de Campo Living @es\u00bb","block_context":{"text":"Casa de Campo Living @es","link":"https:\/\/casadecampoliving.com\/category\/casa-de-campo-living-es\/"},"img":{"alt_text":"","src":"https:\/\/i0.wp.com\/casadecampoliving.com\/wp-content\/uploads\/2022\/10\/SUNSET_JAZZ_Azimut-1.jpg?fit=648%2C432&ssl=1&resize=350%2C200","width":350,"height":200,"srcset":"https:\/\/i0.wp.com\/casadecampoliving.com\/wp-content\/uploads\/2022\/10\/SUNSET_JAZZ_Azimut-1.jpg?fit=648%2C432&ssl=1&resize=350%2C200 1x, https:\/\/i0.wp.com\/casadecampoliving.com\/wp-content\/uploads\/2022\/10\/SUNSET_JAZZ_Azimut-1.jpg?fit=648%2C432&ssl=1&resize=525%2C300 1.5x"},"classes":[]},{"id":349293,"url":"https:\/\/casadecampoliving.com\/es\/atardecer-con-sabor-a-musica-semana-santa-2016\/","url_meta":{"origin":344107,"position":1},"title":"*ACTUALIZADO* Se acerca el Atardecer con Sabor a M\u00fasica de Semana Santa","author":"Carla Campos","date":"26 Feb, 2016","format":false,"excerpt":"Cada cierto tiempo Azimut Caf\u00e9 organiza su fant\u00e1stico Atardecer con Sabor a M\u00fasica en la Marina Casa de Campo. Hab\u00edamos anunciado la pr\u00f3xima edici\u00f3n para el jueves, 24 de marzo, pero por la raz\u00f3n de que esa fecha ser\u00e1 el inicio de la ajetreada Semana Santa ha sido pospuesto para\u2026","rel":"","context":"En \u00abCasa de Campo Living @es\u00bb","block_context":{"text":"Casa de Campo Living @es","link":"https:\/\/casadecampoliving.com\/category\/casa-de-campo-living-es\/"},"img":{"alt_text":"SS Sunset Jazz Night 2016","src":"https:\/\/i0.wp.com\/casadecampoliving.com\/wp-content\/uploads\/2022\/10\/SS-Sunset-Jazz-Night-2016.jpg?fit=650%2C400&ssl=1&resize=350%2C200","width":350,"height":200,"srcset":"https:\/\/i0.wp.com\/casadecampoliving.com\/wp-content\/uploads\/2022\/10\/SS-Sunset-Jazz-Night-2016.jpg?fit=650%2C400&ssl=1&resize=350%2C200 1x, https:\/\/i0.wp.com\/casadecampoliving.com\/wp-content\/uploads\/2022\/10\/SS-Sunset-Jazz-Night-2016.jpg?fit=650%2C400&ssl=1&resize=525%2C300 1.5x"},"classes":[]},{"id":339537,"url":"https:\/\/casadecampoliving.com\/es\/reserve-la-fecha-el-proximo-atardecer-con-sabor-a-musica-en-el-azimut-cafe-es-el-domingo-19-de-agosto\/","url_meta":{"origin":344107,"position":2},"title":"Reserve la fecha! El pr\u00f3ximo \u00abAtardecer con Sabor a M\u00fasica\u00bb en el Azimut Caf\u00e9 es el domingo 19 de agosto!","author":"","date":"8 Ago, 2012","format":false,"excerpt":"Reserven la fecha! El pr\u00f3ximo evento mensual del \u201cAtardecer con Sabor a M\u00fasica\u201d, en el Azimut Caf\u00e9 est\u00e1 programado para celebrarse el domingo 19 de agosto! El evento, ahora en su tercera edici\u00f3n, es patrocinado por Silgon Inc., en conjunto con Casa de Campo Living y promete ser otra velada\u2026","rel":"","context":"En \u00abCasa de Campo Living @es\u00bb","block_context":{"text":"Casa de Campo Living @es","link":"https:\/\/casadecampoliving.com\/category\/casa-de-campo-living-es\/"},"img":{"alt_text":"marina casa de campo","src":"https:\/\/i0.wp.com\/casadecampoliving.com\/wp-content\/uploads\/2022\/10\/marina_casa_de_campo1-15.jpg?fit=650%2C256&ssl=1&resize=350%2C200","width":350,"height":200,"srcset":"https:\/\/i0.wp.com\/casadecampoliving.com\/wp-content\/uploads\/2022\/10\/marina_casa_de_campo1-15.jpg?fit=650%2C256&ssl=1&resize=350%2C200 1x, https:\/\/i0.wp.com\/casadecampoliving.com\/wp-content\/uploads\/2022\/10\/marina_casa_de_campo1-15.jpg?fit=650%2C256&ssl=1&resize=525%2C300 1.5x"},"classes":[]},{"id":341807,"url":"https:\/\/casadecampoliving.com\/es\/reserve-las-fechas-atardecer-con-sabor-a-musica-en-el-azimut-cafe-sabado-27-de-julio-y-el-viernes-16-de-agosto\/","url_meta":{"origin":344107,"position":3},"title":"\u00a1Reserve las fechas! Atardecer con Sabor a M\u00fasica en el Azimut Caf\u00e9 \u2013 \u00a1s\u00e1bado 27 de julio y el viernes 16 de agosto!","author":"Mairobi Herrera","date":"8 Jun, 2013","format":false,"excerpt":"Pr\u00f3ximamente se aproxima en la Marina Casa de Campo el Atardecer con Sabor a M\u00fasica en el Azimut Caf\u00e9, patrocinado por\u00a0Silgon Inc., Empresa de Marketing, Desarrollo Web y Servicios Publicitarios. Esta es una actividad tan regular y tan popular para la comunidad y hu\u00e9spedes de Casa de Campo que la\u2026","rel":"","context":"En \u00abComidas &amp; Bebidas\u00bb","block_context":{"text":"Comidas &amp; Bebidas","link":"https:\/\/casadecampoliving.com\/es\/category\/comidas-bebidas\/"},"img":{"alt_text":"azimut julio agosto 2013","src":"https:\/\/i0.wp.com\/casadecampoliving.com\/wp-content\/uploads\/2022\/10\/azimut_Julio_-Agosto_2013-1.jpg?fit=650%2C402&ssl=1&resize=350%2C200","width":350,"height":200,"srcset":"https:\/\/i0.wp.com\/casadecampoliving.com\/wp-content\/uploads\/2022\/10\/azimut_Julio_-Agosto_2013-1.jpg?fit=650%2C402&ssl=1&resize=350%2C200 1x, https:\/\/i0.wp.com\/casadecampoliving.com\/wp-content\/uploads\/2022\/10\/azimut_Julio_-Agosto_2013-1.jpg?fit=650%2C402&ssl=1&resize=525%2C300 1.5x"},"classes":[]},{"id":340749,"url":"https:\/\/casadecampoliving.com\/es\/reserve-la-fecha-atardecer-con-sabor-a-musica-de-semana-santa-en-el-azimut-cafe-jueves-28-de-marzo\/","url_meta":{"origin":344107,"position":4},"title":"\u00a1Reserve la fecha! Atardecer con Sabor a M\u00fasica de Semana Santa en el Azimut Caf\u00e9 &#8211; \u00a1jueves 28 de marzo!","author":"","date":"5 Mar, 2013","format":false,"excerpt":"Cu\u00e1les son sus planes para Semana Santa este a\u00f1o? Cuales quiera que sean sus planes, si llega a estar en Casa de Campo \u2013 empiece el fin de semana largo con nosotros en el Atardecer con Sabor a M\u00fasica en el Azimut Caf\u00e9, patrocinado por Silgon Inc., Empresa de Marketing,\u2026","rel":"","context":"En \u00abCasa de Campo Living @es\u00bb","block_context":{"text":"Casa de Campo Living @es","link":"https:\/\/casadecampoliving.com\/category\/casa-de-campo-living-es\/"},"img":{"alt_text":"azimut cafe","src":"https:\/\/i0.wp.com\/casadecampoliving.com\/wp-content\/uploads\/2022\/10\/azimut_cafe-7.jpg?fit=650%2C353&ssl=1&resize=350%2C200","width":350,"height":200,"srcset":"https:\/\/i0.wp.com\/casadecampoliving.com\/wp-content\/uploads\/2022\/10\/azimut_cafe-7.jpg?fit=650%2C353&ssl=1&resize=350%2C200 1x, https:\/\/i0.wp.com\/casadecampoliving.com\/wp-content\/uploads\/2022\/10\/azimut_cafe-7.jpg?fit=650%2C353&ssl=1&resize=525%2C300 1.5x"},"classes":[]},{"id":340386,"url":"https:\/\/casadecampoliving.com\/es\/reserve-la-fecha-atardecer-con-sabor-a-musica-en-el-azimut-cafe-viernes-4-de-enero\/","url_meta":{"origin":344107,"position":5},"title":"Reserve la fecha! Atardecer con Sabor a M\u00fasica en el Azimut Caf\u00e9 &#8211; viernes 4 de enero!","author":"","date":"26 Dic, 2012","format":false,"excerpt":"Reserve la fecha! Uno de los primeros eventos festivos del nuevo a\u00f1o ser\u00e1 el Atardecer con Sabor a M\u00fasica en el Azimut Caf\u00e9 de la Marina Casa de Campo \u2013 el pr\u00f3ximo viernes 4 de enero de 2013. El Atardecer con Sabor a M\u00fasica, del Azimut Caf\u00e9, auspiciado por Silgon\u2026","rel":"","context":"En \u00abDestacados\u00bb","block_context":{"text":"Destacados","link":"https:\/\/casadecampoliving.com\/es\/category\/destacados\/"},"img":{"alt_text":"jazz night azimut cafe","src":"https:\/\/i0.wp.com\/casadecampoliving.com\/wp-content\/uploads\/2022\/10\/jazz_night_azimut-1.jpg?fit=650%2C496&ssl=1&resize=350%2C200","width":350,"height":200,"srcset":"https:\/\/i0.wp.com\/casadecampoliving.com\/wp-content\/uploads\/2022\/10\/jazz_night_azimut-1.jpg?fit=650%2C496&ssl=1&resize=350%2C200 1x, https:\/\/i0.wp.com\/casadecampoliving.com\/wp-content\/uploads\/2022\/10\/jazz_night_azimut-1.jpg?fit=650%2C496&ssl=1&resize=525%2C300 1.5x"},"classes":[]}],"jetpack_sharing_enabled":true,"_links":{"self":[{"href":"https:\/\/casadecampoliving.com\/es\/wp-json\/wp\/v2\/posts\/344107","targetHints":{"allow":["GET"]}}],"collection":[{"href":"https:\/\/casadecampoliving.com\/es\/wp-json\/wp\/v2\/posts"}],"about":[{"href":"https:\/\/casadecampoliving.com\/es\/wp-json\/wp\/v2\/types\/post"}],"author":[{"embeddable":true,"href":"https:\/\/casadecampoliving.com\/es\/wp-json\/wp\/v2\/users\/1097"}],"replies":[{"embeddable":true,"href":"https:\/\/casadecampoliving.com\/es\/wp-json\/wp\/v2\/comments?post=344107"}],"version-history":[{"count":1,"href":"https:\/\/casadecampoliving.com\/es\/wp-json\/wp\/v2\/posts\/344107\/revisions"}],"predecessor-version":[{"id":344108,"href":"https:\/\/casadecampoliving.com\/es\/wp-json\/wp\/v2\/posts\/344107\/revisions\/344108"}],"wp:featuredmedia":[{"embeddable":true,"href":"https:\/\/casadecampoliving.com\/es\/wp-json\/wp\/v2\/media\/271720"}],"wp:attachment":[{"href":"https:\/\/casadecampoliving.com\/es\/wp-json\/wp\/v2\/media?parent=344107"}],"wp:term":[{"taxonomy":"category","embeddable":true,"href":"https:\/\/casadecampoliving.com\/es\/wp-json\/wp\/v2\/categories?post=344107"},{"taxonomy":"post_tag","embeddable":true,"href":"https:\/\/casadecampoliving.com\/es\/wp-json\/wp\/v2\/tags?post=344107"},{"taxonomy":"newspack_spnsrs_tax","embeddable":true,"href":"https:\/\/casadecampoliving.com\/es\/wp-json\/wp\/v2\/newspack_spnsrs_tax?post=344107"}],"curies":[{"name":"wp","href":"https:\/\/api.w.org\/{rel}","templated":true}]}}