{"id":344087,"date":"2014-03-31T00:00:00","date_gmt":"2014-03-31T04:00:00","guid":{"rendered":"https:\/\/casadecampoliving.com\/exhibicion-de-arte-suenos-persistentes-por-fermin-ceballos\/"},"modified":"2022-10-21T18:47:37","modified_gmt":"2022-10-21T22:47:37","slug":"exhibicion-de-arte-suenos-persistentes-por-fermin-ceballos","status":"publish","type":"post","link":"https:\/\/casadecampoliving.com\/es\/exhibicion-de-arte-suenos-persistentes-por-fermin-ceballos\/","title":{"rendered":"Exhibici\u00f3n de arte \u00abSue\u00f1os Persistentes\u00bb por Ferm\u00edn Ceballos"},"content":{"rendered":"<div class=\"wp-block-image\">\n<figure class=\"aligncenter is-resized\"><img loading=\"lazy\" decoding=\"async\" src=\"https:\/\/i0.wp.com\/casadecampoliving.com\/wp-content\/uploads\/2022\/10\/FC_AIRp14_header.jpg?resize=650%2C464&amp;ssl=1\" alt=\"FC_AIRp14_header\" class=\"wp-image-87474\" height=\"464\" width=\"650\"\/><\/figure>\n<\/div>\n\n\n<p>El pr\u00f3ximo Jueves 3 de abril, el Centro Cultural Fundaci\u00f3n de Altos de Chavon abrir\u00e1 una nueva exhibici\u00f3n, llamada \u201cSue\u00f1os Persistentes\u201d presentada por el artista en residencia Ferm\u00edn Ceballos.<\/p>\n\n\n\n<p>El programa \u201cArtistas en Residencia\u201d dirigido por la Escuela de Arte y Dise\u00f1o Altos de Chav\u00f3n enfatiza la importancia del intercambio de culturas en el mundo del arte, algo que es de extrema importancia para la educaci\u00f3n de los estudiantes. Al terminar su estad\u00eda, los artistas en residencia presentan su trabajo en una exhibici\u00f3n para los aficionados del arte en Casa de Campo.<\/p>\n\n\n\n<!--more-->\n\n\n\n<p>La fiesta de apertura ser\u00e1 el Jueves 3 de abril a las 7:30 pm en La Galer\u00eda. Est\u00e1n invitados a venir a este evento y ser testigo de estas magn\u00edficas obras de arte, conocer los artistas y disfrutar de un c\u00f3ctel con amigos, propietarios de villas y residentes de Casa de Campo.<\/p>\n\n\n\n<p>Despu\u00e9s del cocktail de apertura, la exhibici\u00f3n estar\u00e1 abierta hasta el 29 de abril, 2014. La Galer\u00eda est\u00e1 abierta todos los d\u00edas de 9am a 6pm, cierra los Mi\u00e9rcoles.<\/p>\n\n\n\n<blockquote class=\"wp-block-quote is-layout-flow wp-block-quote-is-layout-flow\"><p><strong>C\u00f3ctel de Apertura para la&nbsp;exhibici\u00f3n&nbsp;de \u201cArtistas en Residencia\u201d&nbsp;<\/strong><\/p><p><strong>Fecha: <\/strong>Jueves 3 de abril, 7:30pm<\/p><p><strong>Lugar:&nbsp;<\/strong>La Galer\u00eda, Altos de Chav\u00f3n<\/p><p><strong>Contacto:&nbsp;<\/strong>(809) 523-8470<\/p><\/blockquote>\n\n\n\n<blockquote class=\"wp-block-quote is-layout-flow wp-block-quote-is-layout-flow\"><p><strong>Acerca de Ferm\u00edn Ceballos<\/strong><\/p><p>Ferm\u00edn Ceballos es un artista dominicano nacido el 27 de junio del 1978 en San Crist\u00f3bal Rep\u00fablica Dominicana (una provincia ubicada al sur del pa\u00eds), es egresado de la Escuela Nacional de Bellas Artes en Santo Domingo.<\/p><p>Present\u00f3 su primera exposici\u00f3n individual en el a\u00f1o 2002 en la galer\u00eda Arawak ubicada en Santo Domingo, adem\u00e1s ha representado al pa\u00eds en el extranjero en m\u00faltiples ocasiones, ganando numerosos premios nacionales e internacionales.<\/p><\/blockquote>\n","protected":false},"excerpt":{"rendered":"<p>El pr\u00f3ximo Jueves 3 de abril, el Centro Cultural Fundaci\u00f3n de Altos de Chavon abrir\u00e1 una nueva exhibici\u00f3n, llamada \u201cSue\u00f1os Persistentes\u201d presentada por el artista en residencia Ferm\u00edn Ceballos. El programa \u201cArtistas en Residencia\u201d dirigido por la Escuela de Arte y Dise\u00f1o Altos de Chav\u00f3n enfatiza la importancia del intercambio de culturas en el mundo [&hellip;]<\/p>\n","protected":false},"author":1097,"featured_media":271759,"comment_status":"closed","ping_status":"closed","sticky":false,"template":"","format":"standard","meta":{"newspack_ads_suppress_ads":false,"newspack_popups_has_disabled_popups":false,"newspack_sponsor_sponsorship_scope":"","newspack_sponsor_native_byline_display":"inherit","newspack_sponsor_native_category_display":"inherit","newspack_sponsor_underwriter_style":"inherit","newspack_sponsor_underwriter_placement":"inherit","_newspack_byline_active":false,"_newspack_byline":"","newspack_hide_updated_date":false,"newspack_show_updated_date":false,"newspack_content_restriction_is_exempt":false,"newspack_featured_image_position":"","newspack_post_subtitle":"","newspack_article_summary_title":"Overview:","newspack_article_summary":"","_jetpack_memberships_contains_paid_content":false,"footnotes":"","jetpack_publicize_message":"","jetpack_publicize_feature_enabled":true,"jetpack_social_post_already_shared":false,"jetpack_social_options":{"image_generator_settings":{"template":"highway","default_image_id":0,"font":"","enabled":false},"version":2},"_wpas_customize_per_network":false},"categories":[26819,26823,2513,2524,14631,2522,14625,14627,2521,26822],"tags":[15387,6371,2557],"newspack_spnsrs_tax":[],"class_list":["post-344087","post","type-post","status-publish","format-standard","has-post-thumbnail","hentry","category-altos-de-chavon-es","category-arte-y-cultura","category-celebridades-es","category-destacados","category-estilo-de-vida","category-eventos-es","category-noticias-locales","category-proximamente","category-republica-dominicana-2","category-resort-casa-de-campo","tag-altos-de-chavon-es","tag-casa-de-campo-resort-es","tag-exhibicion-de-arte","entry"],"yoast_head":"<!-- This site is optimized with the Yoast SEO plugin v27.5 - https:\/\/yoast.com\/product\/yoast-seo-wordpress\/ -->\n<title>Exhibici\u00f3n de arte &quot;Sue\u00f1os Persistentes&quot; por Ferm\u00edn Ceballos | Casa de Campo Living<\/title>\n<meta name=\"description\" content=\"El pr\u00f3ximo Jueves 3 de abril, el Centro Cultural Fundaci\u00f3n de Altos de Chavon abrir\u00e1 una nueva exhibici\u00f3n, llamada \u201cSue\u00f1os Persistentes\u201d presentada por el\" \/>\n<meta name=\"robots\" content=\"index, follow, max-snippet:-1, max-image-preview:large, max-video-preview:-1\" \/>\n<link rel=\"canonical\" href=\"https:\/\/casadecampoliving.com\/es\/exhibicion-de-arte-suenos-persistentes-por-fermin-ceballos\/\" \/>\n<meta property=\"og:locale\" content=\"es_ES\" \/>\n<meta property=\"og:type\" content=\"article\" \/>\n<meta property=\"og:title\" content=\"Exhibici\u00f3n de arte &quot;Sue\u00f1os Persistentes&quot; por Ferm\u00edn Ceballos | Casa de Campo Living\" \/>\n<meta property=\"og:description\" content=\"El pr\u00f3ximo Jueves 3 de abril, el Centro Cultural Fundaci\u00f3n de Altos de Chavon abrir\u00e1 una nueva exhibici\u00f3n, llamada \u201cSue\u00f1os Persistentes\u201d presentada por el\" \/>\n<meta property=\"og:url\" content=\"https:\/\/casadecampoliving.com\/es\/exhibicion-de-arte-suenos-persistentes-por-fermin-ceballos\/\" \/>\n<meta property=\"og:site_name\" content=\"Casa de Campo Living\" \/>\n<meta property=\"article:publisher\" content=\"https:\/\/www.facebook.com\/casadecampoliving\" \/>\n<meta property=\"article:published_time\" content=\"2014-03-31T04:00:00+00:00\" \/>\n<meta property=\"article:modified_time\" content=\"2022-10-21T22:47:37+00:00\" \/>\n<meta property=\"og:image\" content=\"https:\/\/i0.wp.com\/casadecampoliving.com\/wp-content\/uploads\/2022\/10\/FC_AIRp14_header-1.jpg?fit=650%2C464&ssl=1\" \/>\n\t<meta property=\"og:image:width\" content=\"650\" \/>\n\t<meta property=\"og:image:height\" content=\"464\" \/>\n\t<meta property=\"og:image:type\" content=\"image\/jpeg\" \/>\n<meta name=\"author\" content=\"Perkin Agramonte\" \/>\n<meta name=\"twitter:card\" content=\"summary_large_image\" \/>\n<meta name=\"twitter:creator\" content=\"@cdcliving\" \/>\n<meta name=\"twitter:site\" content=\"@cdcliving\" \/>\n<meta name=\"twitter:label1\" content=\"Escrito por\" \/>\n\t<meta name=\"twitter:data1\" content=\"Perkin Agramonte\" \/>\n\t<meta name=\"twitter:label2\" content=\"Tiempo de lectura\" \/>\n\t<meta name=\"twitter:data2\" content=\"1 minuto\" \/>\n<script type=\"application\/ld+json\" class=\"yoast-schema-graph\">{\"@context\":\"https:\\\/\\\/schema.org\",\"@graph\":[{\"@type\":\"Article\",\"@id\":\"https:\\\/\\\/casadecampoliving.com\\\/es\\\/exhibicion-de-arte-suenos-persistentes-por-fermin-ceballos\\\/#article\",\"isPartOf\":{\"@id\":\"https:\\\/\\\/casadecampoliving.com\\\/es\\\/exhibicion-de-arte-suenos-persistentes-por-fermin-ceballos\\\/\"},\"author\":{\"name\":\"Perkin Agramonte\",\"@id\":\"https:\\\/\\\/casadecampoliving.com\\\/es\\\/#\\\/schema\\\/person\\\/c8efa6049510554b7d5fea078d728f72\"},\"headline\":\"Exhibici\u00f3n de arte \u00abSue\u00f1os Persistentes\u00bb por Ferm\u00edn Ceballos\",\"datePublished\":\"2014-03-31T04:00:00+00:00\",\"dateModified\":\"2022-10-21T22:47:37+00:00\",\"mainEntityOfPage\":{\"@id\":\"https:\\\/\\\/casadecampoliving.com\\\/es\\\/exhibicion-de-arte-suenos-persistentes-por-fermin-ceballos\\\/\"},\"wordCount\":313,\"publisher\":{\"@id\":\"https:\\\/\\\/casadecampoliving.com\\\/es\\\/#organization\"},\"image\":{\"@id\":\"https:\\\/\\\/casadecampoliving.com\\\/es\\\/exhibicion-de-arte-suenos-persistentes-por-fermin-ceballos\\\/#primaryimage\"},\"thumbnailUrl\":\"https:\\\/\\\/i0.wp.com\\\/casadecampoliving.com\\\/wp-content\\\/uploads\\\/2022\\\/10\\\/FC_AIRp14_header-1.jpg?fit=650%2C464&ssl=1\",\"keywords\":[\"Altos de Chavon\",\"casa de campo resort @es\",\"exhibicion de arte\"],\"articleSection\":[\"Altos de Chavon @es\",\"Arte y cultura\",\"Celebridades\",\"Destacados\",\"Estilo de Vida\",\"Eventos\",\"Noticias Locales\",\"Proximamente\",\"Rep\u00fablica Dominicana @es\",\"Resort Casa de Campo\"],\"inLanguage\":\"es\"},{\"@type\":\"WebPage\",\"@id\":\"https:\\\/\\\/casadecampoliving.com\\\/es\\\/exhibicion-de-arte-suenos-persistentes-por-fermin-ceballos\\\/\",\"url\":\"https:\\\/\\\/casadecampoliving.com\\\/es\\\/exhibicion-de-arte-suenos-persistentes-por-fermin-ceballos\\\/\",\"name\":\"Exhibici\u00f3n de arte \\\"Sue\u00f1os Persistentes\\\" por Ferm\u00edn Ceballos | Casa de Campo Living\",\"isPartOf\":{\"@id\":\"https:\\\/\\\/casadecampoliving.com\\\/es\\\/#website\"},\"primaryImageOfPage\":{\"@id\":\"https:\\\/\\\/casadecampoliving.com\\\/es\\\/exhibicion-de-arte-suenos-persistentes-por-fermin-ceballos\\\/#primaryimage\"},\"image\":{\"@id\":\"https:\\\/\\\/casadecampoliving.com\\\/es\\\/exhibicion-de-arte-suenos-persistentes-por-fermin-ceballos\\\/#primaryimage\"},\"thumbnailUrl\":\"https:\\\/\\\/i0.wp.com\\\/casadecampoliving.com\\\/wp-content\\\/uploads\\\/2022\\\/10\\\/FC_AIRp14_header-1.jpg?fit=650%2C464&ssl=1\",\"datePublished\":\"2014-03-31T04:00:00+00:00\",\"dateModified\":\"2022-10-21T22:47:37+00:00\",\"description\":\"El pr\u00f3ximo Jueves 3 de abril, el Centro Cultural Fundaci\u00f3n de Altos de Chavon abrir\u00e1 una nueva exhibici\u00f3n, llamada \u201cSue\u00f1os Persistentes\u201d presentada por el\",\"breadcrumb\":{\"@id\":\"https:\\\/\\\/casadecampoliving.com\\\/es\\\/exhibicion-de-arte-suenos-persistentes-por-fermin-ceballos\\\/#breadcrumb\"},\"inLanguage\":\"es\",\"potentialAction\":[{\"@type\":\"ReadAction\",\"target\":[\"https:\\\/\\\/casadecampoliving.com\\\/es\\\/exhibicion-de-arte-suenos-persistentes-por-fermin-ceballos\\\/\"]}]},{\"@type\":\"ImageObject\",\"inLanguage\":\"es\",\"@id\":\"https:\\\/\\\/casadecampoliving.com\\\/es\\\/exhibicion-de-arte-suenos-persistentes-por-fermin-ceballos\\\/#primaryimage\",\"url\":\"https:\\\/\\\/i0.wp.com\\\/casadecampoliving.com\\\/wp-content\\\/uploads\\\/2022\\\/10\\\/FC_AIRp14_header-1.jpg?fit=650%2C464&ssl=1\",\"contentUrl\":\"https:\\\/\\\/i0.wp.com\\\/casadecampoliving.com\\\/wp-content\\\/uploads\\\/2022\\\/10\\\/FC_AIRp14_header-1.jpg?fit=650%2C464&ssl=1\",\"width\":650,\"height\":464},{\"@type\":\"BreadcrumbList\",\"@id\":\"https:\\\/\\\/casadecampoliving.com\\\/es\\\/exhibicion-de-arte-suenos-persistentes-por-fermin-ceballos\\\/#breadcrumb\",\"itemListElement\":[{\"@type\":\"ListItem\",\"position\":1,\"name\":\"Home\",\"item\":\"https:\\\/\\\/casadecampoliving.com\\\/es\\\/\"},{\"@type\":\"ListItem\",\"position\":2,\"name\":\"Exhibici\u00f3n de arte &#8220;Sue\u00f1os Persistentes&#8221; por Ferm\u00edn Ceballos\"}]},{\"@type\":\"WebSite\",\"@id\":\"https:\\\/\\\/casadecampoliving.com\\\/es\\\/#website\",\"url\":\"https:\\\/\\\/casadecampoliving.com\\\/es\\\/\",\"name\":\"Casa de Campo Living\",\"description\":\"Resort community news and resources.\",\"publisher\":{\"@id\":\"https:\\\/\\\/casadecampoliving.com\\\/es\\\/#organization\"},\"potentialAction\":[{\"@type\":\"SearchAction\",\"target\":{\"@type\":\"EntryPoint\",\"urlTemplate\":\"https:\\\/\\\/casadecampoliving.com\\\/es\\\/?s={search_term_string}\"},\"query-input\":{\"@type\":\"PropertyValueSpecification\",\"valueRequired\":true,\"valueName\":\"search_term_string\"}}],\"inLanguage\":\"es\"},{\"@type\":\"Organization\",\"@id\":\"https:\\\/\\\/casadecampoliving.com\\\/es\\\/#organization\",\"name\":\"Casa de Campo Living\",\"url\":\"https:\\\/\\\/casadecampoliving.com\\\/es\\\/\",\"logo\":{\"@type\":\"ImageObject\",\"inLanguage\":\"es\",\"@id\":\"https:\\\/\\\/casadecampoliving.com\\\/es\\\/#\\\/schema\\\/logo\\\/image\\\/\",\"url\":\"https:\\\/\\\/i0.wp.com\\\/casadecampoliving.com\\\/wp-content\\\/uploads\\\/2022\\\/07\\\/CDCLivingLogo_V1-white-sized.png?fit=800%2C214&ssl=1\",\"contentUrl\":\"https:\\\/\\\/i0.wp.com\\\/casadecampoliving.com\\\/wp-content\\\/uploads\\\/2022\\\/07\\\/CDCLivingLogo_V1-white-sized.png?fit=800%2C214&ssl=1\",\"width\":800,\"height\":214,\"caption\":\"Casa de Campo Living\"},\"image\":{\"@id\":\"https:\\\/\\\/casadecampoliving.com\\\/es\\\/#\\\/schema\\\/logo\\\/image\\\/\"},\"sameAs\":[\"https:\\\/\\\/www.facebook.com\\\/casadecampoliving\",\"https:\\\/\\\/x.com\\\/cdcliving\"]},{\"@type\":\"Person\",\"@id\":\"https:\\\/\\\/casadecampoliving.com\\\/es\\\/#\\\/schema\\\/person\\\/c8efa6049510554b7d5fea078d728f72\",\"name\":\"Perkin Agramonte\",\"image\":{\"@type\":\"ImageObject\",\"inLanguage\":\"es\",\"@id\":\"https:\\\/\\\/secure.gravatar.com\\\/avatar\\\/57bfdafcae55fb83dbb79a1585a9eab7f269b7720fb0b64cb9a4e0cd2962fa10?s=96&d=mm&r=g\",\"url\":\"https:\\\/\\\/secure.gravatar.com\\\/avatar\\\/57bfdafcae55fb83dbb79a1585a9eab7f269b7720fb0b64cb9a4e0cd2962fa10?s=96&d=mm&r=g\",\"contentUrl\":\"https:\\\/\\\/secure.gravatar.com\\\/avatar\\\/57bfdafcae55fb83dbb79a1585a9eab7f269b7720fb0b64cb9a4e0cd2962fa10?s=96&d=mm&r=g\",\"caption\":\"Perkin Agramonte\"},\"url\":\"https:\\\/\\\/casadecampoliving.com\\\/es\\\/author\\\/cagramonte\\\/\"}]}<\/script>\n<!-- \/ Yoast SEO plugin. -->","yoast_head_json":{"title":"Exhibici\u00f3n de arte \"Sue\u00f1os Persistentes\" por Ferm\u00edn Ceballos | Casa de Campo Living","description":"El pr\u00f3ximo Jueves 3 de abril, el Centro Cultural Fundaci\u00f3n de Altos de Chavon abrir\u00e1 una nueva exhibici\u00f3n, llamada \u201cSue\u00f1os Persistentes\u201d presentada por el","robots":{"index":"index","follow":"follow","max-snippet":"max-snippet:-1","max-image-preview":"max-image-preview:large","max-video-preview":"max-video-preview:-1"},"canonical":"https:\/\/casadecampoliving.com\/es\/exhibicion-de-arte-suenos-persistentes-por-fermin-ceballos\/","og_locale":"es_ES","og_type":"article","og_title":"Exhibici\u00f3n de arte \"Sue\u00f1os Persistentes\" por Ferm\u00edn Ceballos | Casa de Campo Living","og_description":"El pr\u00f3ximo Jueves 3 de abril, el Centro Cultural Fundaci\u00f3n de Altos de Chavon abrir\u00e1 una nueva exhibici\u00f3n, llamada \u201cSue\u00f1os Persistentes\u201d presentada por el","og_url":"https:\/\/casadecampoliving.com\/es\/exhibicion-de-arte-suenos-persistentes-por-fermin-ceballos\/","og_site_name":"Casa de Campo Living","article_publisher":"https:\/\/www.facebook.com\/casadecampoliving","article_published_time":"2014-03-31T04:00:00+00:00","article_modified_time":"2022-10-21T22:47:37+00:00","og_image":[{"width":650,"height":464,"url":"https:\/\/i0.wp.com\/casadecampoliving.com\/wp-content\/uploads\/2022\/10\/FC_AIRp14_header-1.jpg?fit=650%2C464&ssl=1","type":"image\/jpeg"}],"author":"Perkin Agramonte","twitter_card":"summary_large_image","twitter_creator":"@cdcliving","twitter_site":"@cdcliving","twitter_misc":{"Escrito por":"Perkin Agramonte","Tiempo de lectura":"1 minuto"},"schema":{"@context":"https:\/\/schema.org","@graph":[{"@type":"Article","@id":"https:\/\/casadecampoliving.com\/es\/exhibicion-de-arte-suenos-persistentes-por-fermin-ceballos\/#article","isPartOf":{"@id":"https:\/\/casadecampoliving.com\/es\/exhibicion-de-arte-suenos-persistentes-por-fermin-ceballos\/"},"author":{"name":"Perkin Agramonte","@id":"https:\/\/casadecampoliving.com\/es\/#\/schema\/person\/c8efa6049510554b7d5fea078d728f72"},"headline":"Exhibici\u00f3n de arte \u00abSue\u00f1os Persistentes\u00bb por Ferm\u00edn Ceballos","datePublished":"2014-03-31T04:00:00+00:00","dateModified":"2022-10-21T22:47:37+00:00","mainEntityOfPage":{"@id":"https:\/\/casadecampoliving.com\/es\/exhibicion-de-arte-suenos-persistentes-por-fermin-ceballos\/"},"wordCount":313,"publisher":{"@id":"https:\/\/casadecampoliving.com\/es\/#organization"},"image":{"@id":"https:\/\/casadecampoliving.com\/es\/exhibicion-de-arte-suenos-persistentes-por-fermin-ceballos\/#primaryimage"},"thumbnailUrl":"https:\/\/i0.wp.com\/casadecampoliving.com\/wp-content\/uploads\/2022\/10\/FC_AIRp14_header-1.jpg?fit=650%2C464&ssl=1","keywords":["Altos de Chavon","casa de campo resort @es","exhibicion de arte"],"articleSection":["Altos de Chavon @es","Arte y cultura","Celebridades","Destacados","Estilo de Vida","Eventos","Noticias Locales","Proximamente","Rep\u00fablica Dominicana @es","Resort Casa de Campo"],"inLanguage":"es"},{"@type":"WebPage","@id":"https:\/\/casadecampoliving.com\/es\/exhibicion-de-arte-suenos-persistentes-por-fermin-ceballos\/","url":"https:\/\/casadecampoliving.com\/es\/exhibicion-de-arte-suenos-persistentes-por-fermin-ceballos\/","name":"Exhibici\u00f3n de arte \"Sue\u00f1os Persistentes\" por Ferm\u00edn Ceballos | Casa de Campo Living","isPartOf":{"@id":"https:\/\/casadecampoliving.com\/es\/#website"},"primaryImageOfPage":{"@id":"https:\/\/casadecampoliving.com\/es\/exhibicion-de-arte-suenos-persistentes-por-fermin-ceballos\/#primaryimage"},"image":{"@id":"https:\/\/casadecampoliving.com\/es\/exhibicion-de-arte-suenos-persistentes-por-fermin-ceballos\/#primaryimage"},"thumbnailUrl":"https:\/\/i0.wp.com\/casadecampoliving.com\/wp-content\/uploads\/2022\/10\/FC_AIRp14_header-1.jpg?fit=650%2C464&ssl=1","datePublished":"2014-03-31T04:00:00+00:00","dateModified":"2022-10-21T22:47:37+00:00","description":"El pr\u00f3ximo Jueves 3 de abril, el Centro Cultural Fundaci\u00f3n de Altos de Chavon abrir\u00e1 una nueva exhibici\u00f3n, llamada \u201cSue\u00f1os Persistentes\u201d presentada por el","breadcrumb":{"@id":"https:\/\/casadecampoliving.com\/es\/exhibicion-de-arte-suenos-persistentes-por-fermin-ceballos\/#breadcrumb"},"inLanguage":"es","potentialAction":[{"@type":"ReadAction","target":["https:\/\/casadecampoliving.com\/es\/exhibicion-de-arte-suenos-persistentes-por-fermin-ceballos\/"]}]},{"@type":"ImageObject","inLanguage":"es","@id":"https:\/\/casadecampoliving.com\/es\/exhibicion-de-arte-suenos-persistentes-por-fermin-ceballos\/#primaryimage","url":"https:\/\/i0.wp.com\/casadecampoliving.com\/wp-content\/uploads\/2022\/10\/FC_AIRp14_header-1.jpg?fit=650%2C464&ssl=1","contentUrl":"https:\/\/i0.wp.com\/casadecampoliving.com\/wp-content\/uploads\/2022\/10\/FC_AIRp14_header-1.jpg?fit=650%2C464&ssl=1","width":650,"height":464},{"@type":"BreadcrumbList","@id":"https:\/\/casadecampoliving.com\/es\/exhibicion-de-arte-suenos-persistentes-por-fermin-ceballos\/#breadcrumb","itemListElement":[{"@type":"ListItem","position":1,"name":"Home","item":"https:\/\/casadecampoliving.com\/es\/"},{"@type":"ListItem","position":2,"name":"Exhibici\u00f3n de arte &#8220;Sue\u00f1os Persistentes&#8221; por Ferm\u00edn Ceballos"}]},{"@type":"WebSite","@id":"https:\/\/casadecampoliving.com\/es\/#website","url":"https:\/\/casadecampoliving.com\/es\/","name":"Casa de Campo Living","description":"Resort community news and resources.","publisher":{"@id":"https:\/\/casadecampoliving.com\/es\/#organization"},"potentialAction":[{"@type":"SearchAction","target":{"@type":"EntryPoint","urlTemplate":"https:\/\/casadecampoliving.com\/es\/?s={search_term_string}"},"query-input":{"@type":"PropertyValueSpecification","valueRequired":true,"valueName":"search_term_string"}}],"inLanguage":"es"},{"@type":"Organization","@id":"https:\/\/casadecampoliving.com\/es\/#organization","name":"Casa de Campo Living","url":"https:\/\/casadecampoliving.com\/es\/","logo":{"@type":"ImageObject","inLanguage":"es","@id":"https:\/\/casadecampoliving.com\/es\/#\/schema\/logo\/image\/","url":"https:\/\/i0.wp.com\/casadecampoliving.com\/wp-content\/uploads\/2022\/07\/CDCLivingLogo_V1-white-sized.png?fit=800%2C214&ssl=1","contentUrl":"https:\/\/i0.wp.com\/casadecampoliving.com\/wp-content\/uploads\/2022\/07\/CDCLivingLogo_V1-white-sized.png?fit=800%2C214&ssl=1","width":800,"height":214,"caption":"Casa de Campo Living"},"image":{"@id":"https:\/\/casadecampoliving.com\/es\/#\/schema\/logo\/image\/"},"sameAs":["https:\/\/www.facebook.com\/casadecampoliving","https:\/\/x.com\/cdcliving"]},{"@type":"Person","@id":"https:\/\/casadecampoliving.com\/es\/#\/schema\/person\/c8efa6049510554b7d5fea078d728f72","name":"Perkin Agramonte","image":{"@type":"ImageObject","inLanguage":"es","@id":"https:\/\/secure.gravatar.com\/avatar\/57bfdafcae55fb83dbb79a1585a9eab7f269b7720fb0b64cb9a4e0cd2962fa10?s=96&d=mm&r=g","url":"https:\/\/secure.gravatar.com\/avatar\/57bfdafcae55fb83dbb79a1585a9eab7f269b7720fb0b64cb9a4e0cd2962fa10?s=96&d=mm&r=g","contentUrl":"https:\/\/secure.gravatar.com\/avatar\/57bfdafcae55fb83dbb79a1585a9eab7f269b7720fb0b64cb9a4e0cd2962fa10?s=96&d=mm&r=g","caption":"Perkin Agramonte"},"url":"https:\/\/casadecampoliving.com\/es\/author\/cagramonte\/"}]}},"parsely":{"version":"1.1.0","canonical_url":"https:\/\/casadecampoliving.com\/es\/exhibicion-de-arte-suenos-persistentes-por-fermin-ceballos\/","smart_links":{"inbound":0,"outbound":0},"traffic_boost_suggestions_count":0,"meta":{"@context":"https:\/\/schema.org","@type":"NewsArticle","headline":"Exhibici\u00f3n de arte \u00abSue\u00f1os Persistentes\u00bb por Ferm\u00edn Ceballos","url":"http:\/\/casadecampoliving.com\/es\/exhibicion-de-arte-suenos-persistentes-por-fermin-ceballos\/","mainEntityOfPage":{"@type":"WebPage","@id":"http:\/\/casadecampoliving.com\/es\/exhibicion-de-arte-suenos-persistentes-por-fermin-ceballos\/"},"thumbnailUrl":"https:\/\/i0.wp.com\/casadecampoliving.com\/wp-content\/uploads\/2022\/10\/FC_AIRp14_header-1.jpg?resize=150%2C150&ssl=1","image":{"@type":"ImageObject","url":"https:\/\/i0.wp.com\/casadecampoliving.com\/wp-content\/uploads\/2022\/10\/FC_AIRp14_header-1.jpg?fit=650%2C464&ssl=1"},"articleSection":"Altos de Chavon @es","author":[{"@type":"Person","name":"Perkin Agramonte"}],"creator":["Perkin Agramonte"],"publisher":{"@type":"Organization","name":"Casa de Campo Living","logo":"https:\/\/casadecampoliving.com\/wp-content\/uploads\/2022\/07\/CDCLivingLogo_V1-white-sized.png"},"keywords":["altos de chavon","casa de campo resort @es","exhibicion de arte"],"dateCreated":"2014-03-31T04:00:00Z","datePublished":"2014-03-31T04:00:00Z","dateModified":"2022-10-21T22:47:37Z"},"rendered":"<script type=\"application\/ld+json\" class=\"wp-parsely-metadata\">{\"@context\":\"https:\\\/\\\/schema.org\",\"@type\":\"NewsArticle\",\"headline\":\"Exhibici\\u00f3n de arte \\u00abSue\\u00f1os Persistentes\\u00bb por Ferm\\u00edn Ceballos\",\"url\":\"http:\\\/\\\/casadecampoliving.com\\\/es\\\/exhibicion-de-arte-suenos-persistentes-por-fermin-ceballos\\\/\",\"mainEntityOfPage\":{\"@type\":\"WebPage\",\"@id\":\"http:\\\/\\\/casadecampoliving.com\\\/es\\\/exhibicion-de-arte-suenos-persistentes-por-fermin-ceballos\\\/\"},\"thumbnailUrl\":\"https:\\\/\\\/i0.wp.com\\\/casadecampoliving.com\\\/wp-content\\\/uploads\\\/2022\\\/10\\\/FC_AIRp14_header-1.jpg?resize=150%2C150&ssl=1\",\"image\":{\"@type\":\"ImageObject\",\"url\":\"https:\\\/\\\/i0.wp.com\\\/casadecampoliving.com\\\/wp-content\\\/uploads\\\/2022\\\/10\\\/FC_AIRp14_header-1.jpg?fit=650%2C464&ssl=1\"},\"articleSection\":\"Altos de Chavon @es\",\"author\":[{\"@type\":\"Person\",\"name\":\"Perkin Agramonte\"}],\"creator\":[\"Perkin Agramonte\"],\"publisher\":{\"@type\":\"Organization\",\"name\":\"Casa de Campo Living\",\"logo\":\"https:\\\/\\\/casadecampoliving.com\\\/wp-content\\\/uploads\\\/2022\\\/07\\\/CDCLivingLogo_V1-white-sized.png\"},\"keywords\":[\"altos de chavon\",\"casa de campo resort @es\",\"exhibicion de arte\"],\"dateCreated\":\"2014-03-31T04:00:00Z\",\"datePublished\":\"2014-03-31T04:00:00Z\",\"dateModified\":\"2022-10-21T22:47:37Z\"}<\/script>","tracker_url":"https:\/\/cdn.parsely.com\/keys\/casadecampoliving.com\/p.js"},"jetpack_publicize_connections":[],"jetpack_featured_media_url":"https:\/\/i0.wp.com\/casadecampoliving.com\/wp-content\/uploads\/2022\/10\/FC_AIRp14_header-1.jpg?fit=650%2C464&ssl=1","jetpack-related-posts":[{"id":344135,"url":"https:\/\/casadecampoliving.com\/es\/fermin-ceballos-suenos-persistentes-es-para-perderselo-dice-stephen-kaplan\/","url_meta":{"origin":344087,"position":0},"title":"Ferm\u00edn Ceballos: Sue\u00f1os Persistentes, \u00abes para no perd\u00e9rselo\u00bb dice Stephen Kaplan","author":"Perkin Agramonte","date":"3 Abr, 2014","format":false,"excerpt":"En su exposici\u00f3n actual, en la planta superior de la Galer\u00eda de Altos de Chav\u00f3n, Ferm\u00edn Ceballos desnuda su alma en una serie de pinturas, de gran formato y cat\u00e1rticos, sobre lienzos alquitranados. Tem\u00e1ticamente, las obras son una especie de auto-exorcismo \u2014 son autorretratos, en su mayor parte \u2014 cargadas\u2026","rel":"","context":"En \u00abAltos de Chavon @es\u00bb","block_context":{"text":"Altos de Chavon @es","link":"https:\/\/casadecampoliving.com\/category\/altos-de-chavon-es\/"},"img":{"alt_text":"Altos de Chavon arte","src":"https:\/\/i0.wp.com\/casadecampoliving.com\/wp-content\/uploads\/2022\/10\/altos_de_chavon_arte4-1.jpg?fit=650%2C433&ssl=1&resize=350%2C200","width":350,"height":200,"srcset":"https:\/\/i0.wp.com\/casadecampoliving.com\/wp-content\/uploads\/2022\/10\/altos_de_chavon_arte4-1.jpg?fit=650%2C433&ssl=1&resize=350%2C200 1x, https:\/\/i0.wp.com\/casadecampoliving.com\/wp-content\/uploads\/2022\/10\/altos_de_chavon_arte4-1.jpg?fit=650%2C433&ssl=1&resize=525%2C300 1.5x"},"classes":[]},{"id":433460,"url":"https:\/\/casadecampoliving.com\/es\/no-se-pierdan-el-increible-tributo-a-frank-sinatra-para-celebrar-el-40-aniversario-del-anfiteatro-altos-de-chavon\/","url_meta":{"origin":344087,"position":1},"title":"No se pierdan el incre\u00edble tributo a Frank Sinatra para celebrar el 40 aniversario del\u00a0Anfiteatro Altos de Chav\u00f3n","author":"Casa de Campo Living","date":"20 Oct, 2022","format":false,"excerpt":"Siendo uno de los escenarios m\u00e1s emblem\u00e1ticos del pa\u00eds, Casa de Campo Resort\u00ae & Villas celebra las cuatro d\u00e9cadas de aniversario de Altos de Chav\u00f3n con un tributo al gran Frank Sinatra, protagonizado por artistas invitados y una big band tal cual la que acompa\u00f1\u00f3 al artista hace 40 a\u00f1os\u2026","rel":"","context":"En \u00abUncategorized @es\u00bb","block_context":{"text":"Uncategorized @es","link":"https:\/\/casadecampoliving.com\/es\/category\/uncategorized-es\/"},"img":{"alt_text":"","src":"https:\/\/i0.wp.com\/casadecampoliving.com\/wp-content\/uploads\/2022\/10\/Tributo-Frank-Sinatra-Foto-Principal-Amaury-Sanchez-Danilo-Ginebra-Andres-Pichardo-y-Jose-Gabriel-Perez-.jpg?fit=1200%2C873&ssl=1&resize=350%2C200","width":350,"height":200,"srcset":"https:\/\/i0.wp.com\/casadecampoliving.com\/wp-content\/uploads\/2022\/10\/Tributo-Frank-Sinatra-Foto-Principal-Amaury-Sanchez-Danilo-Ginebra-Andres-Pichardo-y-Jose-Gabriel-Perez-.jpg?fit=1200%2C873&ssl=1&resize=350%2C200 1x, https:\/\/i0.wp.com\/casadecampoliving.com\/wp-content\/uploads\/2022\/10\/Tributo-Frank-Sinatra-Foto-Principal-Amaury-Sanchez-Danilo-Ginebra-Andres-Pichardo-y-Jose-Gabriel-Perez-.jpg?fit=1200%2C873&ssl=1&resize=525%2C300 1.5x, https:\/\/i0.wp.com\/casadecampoliving.com\/wp-content\/uploads\/2022\/10\/Tributo-Frank-Sinatra-Foto-Principal-Amaury-Sanchez-Danilo-Ginebra-Andres-Pichardo-y-Jose-Gabriel-Perez-.jpg?fit=1200%2C873&ssl=1&resize=700%2C400 2x, https:\/\/i0.wp.com\/casadecampoliving.com\/wp-content\/uploads\/2022\/10\/Tributo-Frank-Sinatra-Foto-Principal-Amaury-Sanchez-Danilo-Ginebra-Andres-Pichardo-y-Jose-Gabriel-Perez-.jpg?fit=1200%2C873&ssl=1&resize=1050%2C600 3x"},"classes":[]},{"id":343234,"url":"https:\/\/casadecampoliving.com\/es\/otra-exhibicion-de-arte-artistas-en-residencia-desde-el-14-de-noviembre\/","url_meta":{"origin":344087,"position":2},"title":"Otra exhibici\u00f3n de arte, \u00abArtistas en Residencia\u00bb desde el 14 de noviembre","author":"Genesis Perdomo","date":"9 Nov, 2013","format":false,"excerpt":"El pr\u00f3ximo Jueves 14 de noviembre, El Centro Cultural de la Fundaci\u00f3n de Altos de Chavon abrir\u00e1 una nueva exhibici\u00f3n, \u201cArtistas en residencia\u201d presentando artistas como Tatiana Ortiz-Rubio y Frank Luna. El programa \u201cAristas en Residencia\u201d dirigida por La Escuela de Dise\u00f1o de Altos de Chav\u00f3n enfatiza la importancia del\u2026","rel":"","context":"En \u00abAltos de Chavon @es\u00bb","block_context":{"text":"Altos de Chavon @es","link":"https:\/\/casadecampoliving.com\/category\/altos-de-chavon-es\/"},"img":{"alt_text":"art exhibit","src":"https:\/\/i0.wp.com\/casadecampoliving.com\/wp-content\/uploads\/2022\/10\/art_exhibit-1.jpg?fit=650%2C466&ssl=1&resize=350%2C200","width":350,"height":200,"srcset":"https:\/\/i0.wp.com\/casadecampoliving.com\/wp-content\/uploads\/2022\/10\/art_exhibit-1.jpg?fit=650%2C466&ssl=1&resize=350%2C200 1x, https:\/\/i0.wp.com\/casadecampoliving.com\/wp-content\/uploads\/2022\/10\/art_exhibit-1.jpg?fit=650%2C466&ssl=1&resize=525%2C300 1.5x"},"classes":[]},{"id":350832,"url":"https:\/\/casadecampoliving.com\/es\/artistas-en-residencia-otono-2016-la-galeria-altos-de-chavon\/","url_meta":{"origin":344087,"position":3},"title":"La apertura de la exhibici\u00f3n \u201cArtistas en Residencia Oto\u00f1o 2016\u201d atrajo a los amantes del arte de la comunidad","author":"Marlenys Guzm\u00e1n Casta\u00f1os","date":"22 Nov, 2016","format":false,"excerpt":"El pasado jueves 17 de noviembre, el talentoso d\u00fao Luis Valverde y Gustavo Ferm\u00edn presentaron\u00a0su exposici\u00f3n de arte \"Artistas en Residencia Oto\u00f1o\u00a02016\" con un c\u00f3ctel en la Galer\u00eda de Altos de Chav\u00f3n. Las impresionantes creaciones de estos artistas, estuvieron dispersadas por todas las paredes \u00e9 incluso el piso de la\u2026","rel":"","context":"En \u00abAltos de Chavon @es\u00bb","block_context":{"text":"Altos de Chavon @es","link":"https:\/\/casadecampoliving.com\/category\/altos-de-chavon-es\/"},"img":{"alt_text":"","src":"https:\/\/i0.wp.com\/casadecampoliving.com\/wp-content\/uploads\/2022\/10\/Artists-in-Residence.jpeg?fit=1000%2C601&ssl=1&resize=350%2C200","width":350,"height":200,"srcset":"https:\/\/i0.wp.com\/casadecampoliving.com\/wp-content\/uploads\/2022\/10\/Artists-in-Residence.jpeg?fit=1000%2C601&ssl=1&resize=350%2C200 1x, https:\/\/i0.wp.com\/casadecampoliving.com\/wp-content\/uploads\/2022\/10\/Artists-in-Residence.jpeg?fit=1000%2C601&ssl=1&resize=525%2C300 1.5x, https:\/\/i0.wp.com\/casadecampoliving.com\/wp-content\/uploads\/2022\/10\/Artists-in-Residence.jpeg?fit=1000%2C601&ssl=1&resize=700%2C400 2x"},"classes":[]},{"id":350799,"url":"https:\/\/casadecampoliving.com\/es\/artista-en-residencia-otono-2016-la-galeria-altos-de-chavon\/","url_meta":{"origin":344087,"position":4},"title":"\u00a1Nueva exhibici\u00f3n \u00abArtista en Residencia, Oto\u00f1o 2016\u00bb en La Galer\u00eda Altos de Chav\u00f3n el pr\u00f3ximo jueves!","author":"Marlenys Guzm\u00e1n Casta\u00f1os","date":"11 Nov, 2016","format":false,"excerpt":"La\u00a0Galer\u00eda Principal de Altos de Chav\u00f3n anuncia la apertura, el jueves 17 de noviembre, de la exposici\u00f3n \u201cArtista en Residencia, Oto\u00f1o 2016\u201d, programa bajo la Fundaci\u00f3n Centro Cultural Altos de Chav\u00f3n, con los artistas Luis Valverde y Gustavo Ferm\u00edn.\u00a0El programa de\u00a0\u201cArtistas en Residencia\u201d tiene como objetivo propiciar un intercambio educativo\u2026","rel":"","context":"En \u00abAltos de Chavon @es\u00bb","block_context":{"text":"Altos de Chavon @es","link":"https:\/\/casadecampoliving.com\/category\/altos-de-chavon-es\/"},"img":{"alt_text":"The Gallery Artist in Residence","src":"https:\/\/i0.wp.com\/casadecampoliving.com\/wp-content\/uploads\/2022\/10\/AR_OTON17DO_20161-e1478882198736.jpg?fit=1000%2C600&ssl=1&resize=350%2C200","width":350,"height":200,"srcset":"https:\/\/i0.wp.com\/casadecampoliving.com\/wp-content\/uploads\/2022\/10\/AR_OTON17DO_20161-e1478882198736.jpg?fit=1000%2C600&ssl=1&resize=350%2C200 1x, https:\/\/i0.wp.com\/casadecampoliving.com\/wp-content\/uploads\/2022\/10\/AR_OTON17DO_20161-e1478882198736.jpg?fit=1000%2C600&ssl=1&resize=525%2C300 1.5x, https:\/\/i0.wp.com\/casadecampoliving.com\/wp-content\/uploads\/2022\/10\/AR_OTON17DO_20161-e1478882198736.jpg?fit=1000%2C600&ssl=1&resize=700%2C400 2x"},"classes":[]},{"id":341025,"url":"https:\/\/casadecampoliving.com\/es\/una-combinacion-de-culturas-en-la-apertura-de-la-nueva-exhibicion-artistas-en-residencia\/","url_meta":{"origin":344087,"position":5},"title":"Una combinaci\u00f3n de culturas en la apertura de la nueva exhibici\u00f3n \u00abArtistas-En-Residencia\u00bb","author":"Rebecca Silvestri","date":"12 Abr, 2013","format":false,"excerpt":"El jueves pasado, 4 de abril 2013, la exhibici\u00f3n de arte \"Artistas-en-Residencia Primavera 2013\" fu\u00e9 abierta al p\u00fablico en la Galer\u00eda de Altos de Chav\u00f3n. Una exhibici\u00f3n presentada por 4 artistas muy diferentes, con historias muy diferentes - el resultado fu\u00e9 incre\u00edble. El programa \"Artistas-En-Residencia\" creado por Altos de Chav\u00f3n\u2026","rel":"","context":"En \u00abAltos de Chavon @es\u00bb","block_context":{"text":"Altos de Chavon @es","link":"https:\/\/casadecampoliving.com\/category\/altos-de-chavon-es\/"},"img":{"alt_text":"","src":"https:\/\/i0.wp.com\/casadecampoliving.com\/wp-content\/uploads\/2022\/10\/maria_batlle-4.jpg?fit=650%2C430&ssl=1&resize=350%2C200","width":350,"height":200,"srcset":"https:\/\/i0.wp.com\/casadecampoliving.com\/wp-content\/uploads\/2022\/10\/maria_batlle-4.jpg?fit=650%2C430&ssl=1&resize=350%2C200 1x, https:\/\/i0.wp.com\/casadecampoliving.com\/wp-content\/uploads\/2022\/10\/maria_batlle-4.jpg?fit=650%2C430&ssl=1&resize=525%2C300 1.5x"},"classes":[]}],"jetpack_sharing_enabled":true,"_links":{"self":[{"href":"https:\/\/casadecampoliving.com\/es\/wp-json\/wp\/v2\/posts\/344087","targetHints":{"allow":["GET"]}}],"collection":[{"href":"https:\/\/casadecampoliving.com\/es\/wp-json\/wp\/v2\/posts"}],"about":[{"href":"https:\/\/casadecampoliving.com\/es\/wp-json\/wp\/v2\/types\/post"}],"author":[{"embeddable":true,"href":"https:\/\/casadecampoliving.com\/es\/wp-json\/wp\/v2\/users\/1097"}],"replies":[{"embeddable":true,"href":"https:\/\/casadecampoliving.com\/es\/wp-json\/wp\/v2\/comments?post=344087"}],"version-history":[{"count":1,"href":"https:\/\/casadecampoliving.com\/es\/wp-json\/wp\/v2\/posts\/344087\/revisions"}],"predecessor-version":[{"id":344088,"href":"https:\/\/casadecampoliving.com\/es\/wp-json\/wp\/v2\/posts\/344087\/revisions\/344088"}],"wp:featuredmedia":[{"embeddable":true,"href":"https:\/\/casadecampoliving.com\/es\/wp-json\/wp\/v2\/media\/271759"}],"wp:attachment":[{"href":"https:\/\/casadecampoliving.com\/es\/wp-json\/wp\/v2\/media?parent=344087"}],"wp:term":[{"taxonomy":"category","embeddable":true,"href":"https:\/\/casadecampoliving.com\/es\/wp-json\/wp\/v2\/categories?post=344087"},{"taxonomy":"post_tag","embeddable":true,"href":"https:\/\/casadecampoliving.com\/es\/wp-json\/wp\/v2\/tags?post=344087"},{"taxonomy":"newspack_spnsrs_tax","embeddable":true,"href":"https:\/\/casadecampoliving.com\/es\/wp-json\/wp\/v2\/newspack_spnsrs_tax?post=344087"}],"curies":[{"name":"wp","href":"https:\/\/api.w.org\/{rel}","templated":true}]}}