{"id":344072,"date":"2014-03-26T00:00:00","date_gmt":"2014-03-26T04:00:00","guid":{"rendered":"https:\/\/casadecampoliving.com\/cine-foro-arrugas\/"},"modified":"2022-10-21T18:56:17","modified_gmt":"2022-10-21T22:56:17","slug":"cine-foro-arrugas","status":"publish","type":"post","link":"https:\/\/casadecampoliving.com\/es\/cine-foro-arrugas\/","title":{"rendered":"Cine Foro: Arrugas"},"content":{"rendered":"<div class=\"wp-block-image\">\n<figure class=\"aligncenter is-resized\"><img loading=\"lazy\" decoding=\"async\" src=\"https:\/\/i0.wp.com\/casadecampoliving.com\/wp-content\/uploads\/2022\/10\/Arrugas.jpg?resize=484%2C526&amp;ssl=1\" alt=\"Arrugas\" class=\"wp-image-87351\" height=\"526\" width=\"484\"\/><\/figure>\n<\/div>\n\n\n<p>El Museo Arqueol\u00f3gico Regional Altos de Chav\u00f3n les invita a participar en el Cine Foro que se realizar\u00e1 el jueves 27 de marzo, en donde se proyectar\u00e1 la pel\u00edcula <em><strong>Arrugas <\/strong><\/em>dirigida por Ignacio Ferreras.<\/p>\n\n\n\n<p>La historia es una mezcla asombrosa de amistad, resistencia y vida situada en el paisaje inesperado de un asilo de ancianos.<\/p>\n\n\n\n<!--more-->\n\n\n\n<p><em><strong>Arrugas<\/strong><\/em> es un largometraje animado en 2D con una duraci\u00f3n de 90 minutos realizado en Espa\u00f1a y dirigida por Ignacio Ferreras. &nbsp;Est\u00e1 basado en la historieta Arrugas de Paco Roca. &nbsp;La historia est\u00e1 ambientada en un asilo de ancianos o casa de retiro y gira en torno a la amistad entre dos hombres de edad avanzada, uno de ellos en las primeras etapas de la enfermedad de Alzheimer.<\/p>\n\n\n\n<blockquote class=\"wp-block-quote is-layout-flow wp-block-quote-is-layout-flow\"><p><strong>Cine Foro: Arrugas<\/strong><\/p><p><strong>Fecha:<\/strong>&nbsp;Jueves 27 de marzo,&nbsp;6:00p.m.<\/p><p><strong>Lugar:<\/strong>&nbsp;Museo Regional Arqueologico Altos de Chav\u00f3n<\/p><p><strong>Contribuci\u00f3n:&nbsp;<\/strong>RD$100.00<\/p><p><strong>Contacto:<\/strong>(809) 523-8554<\/p><p><strong>Nota:<\/strong> Disponible solo en espa\u00f1ol<\/p><\/blockquote>\n\n\n\n<p><strong>Trailer:<\/strong><\/p>\n\n\n\n<p><iframe loading=\"lazy\" src=\"\/\/www.youtube.com\/embed\/jsoTN3Mjo5Y\" height=\"360\" width=\"640\" allowfullscreen=\"\" frameborder=\"0\"><\/iframe><\/p>\n","protected":false},"excerpt":{"rendered":"<p>El Museo Arqueol\u00f3gico Regional Altos de Chav\u00f3n les invita a participar en el Cine Foro que se realizar\u00e1 el jueves 27 de marzo, en donde se proyectar\u00e1 la pel\u00edcula Arrugas dirigida por Ignacio Ferreras. La historia es una mezcla asombrosa de amistad, resistencia y vida situada en el paisaje inesperado de un asilo de ancianos.<\/p>\n","protected":false},"author":1097,"featured_media":271280,"comment_status":"closed","ping_status":"closed","sticky":false,"template":"","format":"standard","meta":{"newspack_ads_suppress_ads":false,"newspack_popups_has_disabled_popups":false,"newspack_sponsor_sponsorship_scope":"","newspack_sponsor_native_byline_display":"inherit","newspack_sponsor_native_category_display":"inherit","newspack_sponsor_underwriter_style":"inherit","newspack_sponsor_underwriter_placement":"inherit","_newspack_byline_active":false,"_newspack_byline":"","newspack_hide_updated_date":false,"newspack_show_updated_date":false,"newspack_content_restriction_is_exempt":false,"newspack_featured_image_position":"","newspack_post_subtitle":"","newspack_article_summary_title":"Overview:","newspack_article_summary":"","_jetpack_memberships_contains_paid_content":false,"footnotes":"","jetpack_publicize_message":"","jetpack_publicize_feature_enabled":true,"jetpack_social_post_already_shared":false,"jetpack_social_options":{"image_generator_settings":{"template":"highway","default_image_id":0,"font":"","enabled":false},"version":2},"_wpas_customize_per_network":false},"categories":[26819,26823,3126,2524,14631,2522,14625,14627,2521,26822],"tags":[15387,8094,6371,7419,1274],"newspack_spnsrs_tax":[],"class_list":["post-344072","post","type-post","status-publish","format-standard","has-post-thumbnail","hentry","category-altos-de-chavon-es","category-arte-y-cultura","category-cine-3","category-destacados","category-estilo-de-vida","category-eventos-es","category-noticias-locales","category-proximamente","category-republica-dominicana-2","category-resort-casa-de-campo","tag-altos-de-chavon-es","tag-casa-de-campo-community-es","tag-casa-de-campo-resort-es","tag-cine-foro","tag-museo-arqueologico-regional-altos-de-chavon","entry"],"yoast_head":"<!-- This site is optimized with the Yoast SEO plugin v27.4 - https:\/\/yoast.com\/product\/yoast-seo-wordpress\/ -->\n<title>Cine Foro: Arrugas | Casa de Campo Living<\/title>\n<meta name=\"description\" content=\"El Museo Arqueol\u00f3gico Regional Altos de Chav\u00f3n les invita a participar en el Cine Foro que se realizar\u00e1 el jueves 27 de marzo, en donde se proyectar\u00e1 la\" \/>\n<meta name=\"robots\" content=\"index, follow, max-snippet:-1, max-image-preview:large, max-video-preview:-1\" \/>\n<link rel=\"canonical\" href=\"https:\/\/casadecampoliving.com\/es\/cine-foro-arrugas\/\" \/>\n<meta property=\"og:locale\" content=\"es_ES\" \/>\n<meta property=\"og:type\" content=\"article\" \/>\n<meta property=\"og:title\" content=\"Cine Foro: Arrugas | Casa de Campo Living\" \/>\n<meta property=\"og:description\" content=\"El Museo Arqueol\u00f3gico Regional Altos de Chav\u00f3n les invita a participar en el Cine Foro que se realizar\u00e1 el jueves 27 de marzo, en donde se proyectar\u00e1 la\" \/>\n<meta property=\"og:url\" content=\"https:\/\/casadecampoliving.com\/es\/cine-foro-arrugas\/\" \/>\n<meta property=\"og:site_name\" content=\"Casa de Campo Living\" \/>\n<meta property=\"article:publisher\" content=\"https:\/\/www.facebook.com\/casadecampoliving\" \/>\n<meta property=\"article:published_time\" content=\"2014-03-26T04:00:00+00:00\" \/>\n<meta property=\"article:modified_time\" content=\"2022-10-21T22:56:17+00:00\" \/>\n<meta property=\"og:image\" content=\"https:\/\/i0.wp.com\/casadecampoliving.com\/wp-content\/uploads\/2022\/10\/Wrinkles.jpg?fit=475%2C375&ssl=1\" \/>\n\t<meta property=\"og:image:width\" content=\"475\" \/>\n\t<meta property=\"og:image:height\" content=\"375\" \/>\n\t<meta property=\"og:image:type\" content=\"image\/jpeg\" \/>\n<meta name=\"author\" content=\"Perkin Agramonte\" \/>\n<meta name=\"twitter:card\" content=\"summary_large_image\" \/>\n<meta name=\"twitter:creator\" content=\"@cdcliving\" \/>\n<meta name=\"twitter:site\" content=\"@cdcliving\" \/>\n<meta name=\"twitter:label1\" content=\"Escrito por\" \/>\n\t<meta name=\"twitter:data1\" content=\"Perkin Agramonte\" \/>\n\t<meta name=\"twitter:label2\" content=\"Tiempo de lectura\" \/>\n\t<meta name=\"twitter:data2\" content=\"1 minuto\" \/>\n<script type=\"application\/ld+json\" class=\"yoast-schema-graph\">{\"@context\":\"https:\\\/\\\/schema.org\",\"@graph\":[{\"@type\":\"Article\",\"@id\":\"https:\\\/\\\/casadecampoliving.com\\\/es\\\/cine-foro-arrugas\\\/#article\",\"isPartOf\":{\"@id\":\"https:\\\/\\\/casadecampoliving.com\\\/es\\\/cine-foro-arrugas\\\/\"},\"author\":{\"name\":\"Perkin Agramonte\",\"@id\":\"https:\\\/\\\/casadecampoliving.com\\\/es\\\/#\\\/schema\\\/person\\\/c8efa6049510554b7d5fea078d728f72\"},\"headline\":\"Cine Foro: Arrugas\",\"datePublished\":\"2014-03-26T04:00:00+00:00\",\"dateModified\":\"2022-10-21T22:56:17+00:00\",\"mainEntityOfPage\":{\"@id\":\"https:\\\/\\\/casadecampoliving.com\\\/es\\\/cine-foro-arrugas\\\/\"},\"wordCount\":164,\"publisher\":{\"@id\":\"https:\\\/\\\/casadecampoliving.com\\\/es\\\/#organization\"},\"image\":{\"@id\":\"https:\\\/\\\/casadecampoliving.com\\\/es\\\/cine-foro-arrugas\\\/#primaryimage\"},\"thumbnailUrl\":\"https:\\\/\\\/i0.wp.com\\\/casadecampoliving.com\\\/wp-content\\\/uploads\\\/2022\\\/10\\\/Wrinkles.jpg?fit=475%2C375&ssl=1\",\"keywords\":[\"Altos de Chavon\",\"Casa de Campo Community @es\",\"casa de campo resort @es\",\"cine foro\",\"museo  Arqueol\u00f3gico Regional Altos de Chav\u00f3n\"],\"articleSection\":[\"Altos de Chavon @es\",\"Arte y cultura\",\"Cine @es\",\"Destacados\",\"Estilo de Vida\",\"Eventos\",\"Noticias Locales\",\"Proximamente\",\"Rep\u00fablica Dominicana @es\",\"Resort Casa de Campo\"],\"inLanguage\":\"es\"},{\"@type\":\"WebPage\",\"@id\":\"https:\\\/\\\/casadecampoliving.com\\\/es\\\/cine-foro-arrugas\\\/\",\"url\":\"https:\\\/\\\/casadecampoliving.com\\\/es\\\/cine-foro-arrugas\\\/\",\"name\":\"Cine Foro: Arrugas | Casa de Campo Living\",\"isPartOf\":{\"@id\":\"https:\\\/\\\/casadecampoliving.com\\\/es\\\/#website\"},\"primaryImageOfPage\":{\"@id\":\"https:\\\/\\\/casadecampoliving.com\\\/es\\\/cine-foro-arrugas\\\/#primaryimage\"},\"image\":{\"@id\":\"https:\\\/\\\/casadecampoliving.com\\\/es\\\/cine-foro-arrugas\\\/#primaryimage\"},\"thumbnailUrl\":\"https:\\\/\\\/i0.wp.com\\\/casadecampoliving.com\\\/wp-content\\\/uploads\\\/2022\\\/10\\\/Wrinkles.jpg?fit=475%2C375&ssl=1\",\"datePublished\":\"2014-03-26T04:00:00+00:00\",\"dateModified\":\"2022-10-21T22:56:17+00:00\",\"description\":\"El Museo Arqueol\u00f3gico Regional Altos de Chav\u00f3n les invita a participar en el Cine Foro que se realizar\u00e1 el jueves 27 de marzo, en donde se proyectar\u00e1 la\",\"breadcrumb\":{\"@id\":\"https:\\\/\\\/casadecampoliving.com\\\/es\\\/cine-foro-arrugas\\\/#breadcrumb\"},\"inLanguage\":\"es\",\"potentialAction\":[{\"@type\":\"ReadAction\",\"target\":[\"https:\\\/\\\/casadecampoliving.com\\\/es\\\/cine-foro-arrugas\\\/\"]}]},{\"@type\":\"ImageObject\",\"inLanguage\":\"es\",\"@id\":\"https:\\\/\\\/casadecampoliving.com\\\/es\\\/cine-foro-arrugas\\\/#primaryimage\",\"url\":\"https:\\\/\\\/i0.wp.com\\\/casadecampoliving.com\\\/wp-content\\\/uploads\\\/2022\\\/10\\\/Wrinkles.jpg?fit=475%2C375&ssl=1\",\"contentUrl\":\"https:\\\/\\\/i0.wp.com\\\/casadecampoliving.com\\\/wp-content\\\/uploads\\\/2022\\\/10\\\/Wrinkles.jpg?fit=475%2C375&ssl=1\",\"width\":475,\"height\":375},{\"@type\":\"BreadcrumbList\",\"@id\":\"https:\\\/\\\/casadecampoliving.com\\\/es\\\/cine-foro-arrugas\\\/#breadcrumb\",\"itemListElement\":[{\"@type\":\"ListItem\",\"position\":1,\"name\":\"Home\",\"item\":\"https:\\\/\\\/casadecampoliving.com\\\/es\\\/\"},{\"@type\":\"ListItem\",\"position\":2,\"name\":\"Cine Foro: Arrugas\"}]},{\"@type\":\"WebSite\",\"@id\":\"https:\\\/\\\/casadecampoliving.com\\\/es\\\/#website\",\"url\":\"https:\\\/\\\/casadecampoliving.com\\\/es\\\/\",\"name\":\"Casa de Campo Living\",\"description\":\"Resort community news and resources.\",\"publisher\":{\"@id\":\"https:\\\/\\\/casadecampoliving.com\\\/es\\\/#organization\"},\"potentialAction\":[{\"@type\":\"SearchAction\",\"target\":{\"@type\":\"EntryPoint\",\"urlTemplate\":\"https:\\\/\\\/casadecampoliving.com\\\/es\\\/?s={search_term_string}\"},\"query-input\":{\"@type\":\"PropertyValueSpecification\",\"valueRequired\":true,\"valueName\":\"search_term_string\"}}],\"inLanguage\":\"es\"},{\"@type\":\"Organization\",\"@id\":\"https:\\\/\\\/casadecampoliving.com\\\/es\\\/#organization\",\"name\":\"Casa de Campo Living\",\"url\":\"https:\\\/\\\/casadecampoliving.com\\\/es\\\/\",\"logo\":{\"@type\":\"ImageObject\",\"inLanguage\":\"es\",\"@id\":\"https:\\\/\\\/casadecampoliving.com\\\/es\\\/#\\\/schema\\\/logo\\\/image\\\/\",\"url\":\"https:\\\/\\\/i0.wp.com\\\/casadecampoliving.com\\\/wp-content\\\/uploads\\\/2022\\\/07\\\/CDCLivingLogo_V1-white-sized.png?fit=800%2C214&ssl=1\",\"contentUrl\":\"https:\\\/\\\/i0.wp.com\\\/casadecampoliving.com\\\/wp-content\\\/uploads\\\/2022\\\/07\\\/CDCLivingLogo_V1-white-sized.png?fit=800%2C214&ssl=1\",\"width\":800,\"height\":214,\"caption\":\"Casa de Campo Living\"},\"image\":{\"@id\":\"https:\\\/\\\/casadecampoliving.com\\\/es\\\/#\\\/schema\\\/logo\\\/image\\\/\"},\"sameAs\":[\"https:\\\/\\\/www.facebook.com\\\/casadecampoliving\",\"https:\\\/\\\/x.com\\\/cdcliving\"]},{\"@type\":\"Person\",\"@id\":\"https:\\\/\\\/casadecampoliving.com\\\/es\\\/#\\\/schema\\\/person\\\/c8efa6049510554b7d5fea078d728f72\",\"name\":\"Perkin Agramonte\",\"image\":{\"@type\":\"ImageObject\",\"inLanguage\":\"es\",\"@id\":\"https:\\\/\\\/secure.gravatar.com\\\/avatar\\\/57bfdafcae55fb83dbb79a1585a9eab7f269b7720fb0b64cb9a4e0cd2962fa10?s=96&d=mm&r=g\",\"url\":\"https:\\\/\\\/secure.gravatar.com\\\/avatar\\\/57bfdafcae55fb83dbb79a1585a9eab7f269b7720fb0b64cb9a4e0cd2962fa10?s=96&d=mm&r=g\",\"contentUrl\":\"https:\\\/\\\/secure.gravatar.com\\\/avatar\\\/57bfdafcae55fb83dbb79a1585a9eab7f269b7720fb0b64cb9a4e0cd2962fa10?s=96&d=mm&r=g\",\"caption\":\"Perkin Agramonte\"},\"url\":\"https:\\\/\\\/casadecampoliving.com\\\/es\\\/author\\\/cagramonte\\\/\"}]}<\/script>\n<!-- \/ Yoast SEO plugin. -->","yoast_head_json":{"title":"Cine Foro: Arrugas | Casa de Campo Living","description":"El Museo Arqueol\u00f3gico Regional Altos de Chav\u00f3n les invita a participar en el Cine Foro que se realizar\u00e1 el jueves 27 de marzo, en donde se proyectar\u00e1 la","robots":{"index":"index","follow":"follow","max-snippet":"max-snippet:-1","max-image-preview":"max-image-preview:large","max-video-preview":"max-video-preview:-1"},"canonical":"https:\/\/casadecampoliving.com\/es\/cine-foro-arrugas\/","og_locale":"es_ES","og_type":"article","og_title":"Cine Foro: Arrugas | Casa de Campo Living","og_description":"El Museo Arqueol\u00f3gico Regional Altos de Chav\u00f3n les invita a participar en el Cine Foro que se realizar\u00e1 el jueves 27 de marzo, en donde se proyectar\u00e1 la","og_url":"https:\/\/casadecampoliving.com\/es\/cine-foro-arrugas\/","og_site_name":"Casa de Campo Living","article_publisher":"https:\/\/www.facebook.com\/casadecampoliving","article_published_time":"2014-03-26T04:00:00+00:00","article_modified_time":"2022-10-21T22:56:17+00:00","og_image":[{"width":475,"height":375,"url":"https:\/\/i0.wp.com\/casadecampoliving.com\/wp-content\/uploads\/2022\/10\/Wrinkles.jpg?fit=475%2C375&ssl=1","type":"image\/jpeg"}],"author":"Perkin Agramonte","twitter_card":"summary_large_image","twitter_creator":"@cdcliving","twitter_site":"@cdcliving","twitter_misc":{"Escrito por":"Perkin Agramonte","Tiempo de lectura":"1 minuto"},"schema":{"@context":"https:\/\/schema.org","@graph":[{"@type":"Article","@id":"https:\/\/casadecampoliving.com\/es\/cine-foro-arrugas\/#article","isPartOf":{"@id":"https:\/\/casadecampoliving.com\/es\/cine-foro-arrugas\/"},"author":{"name":"Perkin Agramonte","@id":"https:\/\/casadecampoliving.com\/es\/#\/schema\/person\/c8efa6049510554b7d5fea078d728f72"},"headline":"Cine Foro: Arrugas","datePublished":"2014-03-26T04:00:00+00:00","dateModified":"2022-10-21T22:56:17+00:00","mainEntityOfPage":{"@id":"https:\/\/casadecampoliving.com\/es\/cine-foro-arrugas\/"},"wordCount":164,"publisher":{"@id":"https:\/\/casadecampoliving.com\/es\/#organization"},"image":{"@id":"https:\/\/casadecampoliving.com\/es\/cine-foro-arrugas\/#primaryimage"},"thumbnailUrl":"https:\/\/i0.wp.com\/casadecampoliving.com\/wp-content\/uploads\/2022\/10\/Wrinkles.jpg?fit=475%2C375&ssl=1","keywords":["Altos de Chavon","Casa de Campo Community @es","casa de campo resort @es","cine foro","museo  Arqueol\u00f3gico Regional Altos de Chav\u00f3n"],"articleSection":["Altos de Chavon @es","Arte y cultura","Cine @es","Destacados","Estilo de Vida","Eventos","Noticias Locales","Proximamente","Rep\u00fablica Dominicana @es","Resort Casa de Campo"],"inLanguage":"es"},{"@type":"WebPage","@id":"https:\/\/casadecampoliving.com\/es\/cine-foro-arrugas\/","url":"https:\/\/casadecampoliving.com\/es\/cine-foro-arrugas\/","name":"Cine Foro: Arrugas | Casa de Campo Living","isPartOf":{"@id":"https:\/\/casadecampoliving.com\/es\/#website"},"primaryImageOfPage":{"@id":"https:\/\/casadecampoliving.com\/es\/cine-foro-arrugas\/#primaryimage"},"image":{"@id":"https:\/\/casadecampoliving.com\/es\/cine-foro-arrugas\/#primaryimage"},"thumbnailUrl":"https:\/\/i0.wp.com\/casadecampoliving.com\/wp-content\/uploads\/2022\/10\/Wrinkles.jpg?fit=475%2C375&ssl=1","datePublished":"2014-03-26T04:00:00+00:00","dateModified":"2022-10-21T22:56:17+00:00","description":"El Museo Arqueol\u00f3gico Regional Altos de Chav\u00f3n les invita a participar en el Cine Foro que se realizar\u00e1 el jueves 27 de marzo, en donde se proyectar\u00e1 la","breadcrumb":{"@id":"https:\/\/casadecampoliving.com\/es\/cine-foro-arrugas\/#breadcrumb"},"inLanguage":"es","potentialAction":[{"@type":"ReadAction","target":["https:\/\/casadecampoliving.com\/es\/cine-foro-arrugas\/"]}]},{"@type":"ImageObject","inLanguage":"es","@id":"https:\/\/casadecampoliving.com\/es\/cine-foro-arrugas\/#primaryimage","url":"https:\/\/i0.wp.com\/casadecampoliving.com\/wp-content\/uploads\/2022\/10\/Wrinkles.jpg?fit=475%2C375&ssl=1","contentUrl":"https:\/\/i0.wp.com\/casadecampoliving.com\/wp-content\/uploads\/2022\/10\/Wrinkles.jpg?fit=475%2C375&ssl=1","width":475,"height":375},{"@type":"BreadcrumbList","@id":"https:\/\/casadecampoliving.com\/es\/cine-foro-arrugas\/#breadcrumb","itemListElement":[{"@type":"ListItem","position":1,"name":"Home","item":"https:\/\/casadecampoliving.com\/es\/"},{"@type":"ListItem","position":2,"name":"Cine Foro: Arrugas"}]},{"@type":"WebSite","@id":"https:\/\/casadecampoliving.com\/es\/#website","url":"https:\/\/casadecampoliving.com\/es\/","name":"Casa de Campo Living","description":"Resort community news and resources.","publisher":{"@id":"https:\/\/casadecampoliving.com\/es\/#organization"},"potentialAction":[{"@type":"SearchAction","target":{"@type":"EntryPoint","urlTemplate":"https:\/\/casadecampoliving.com\/es\/?s={search_term_string}"},"query-input":{"@type":"PropertyValueSpecification","valueRequired":true,"valueName":"search_term_string"}}],"inLanguage":"es"},{"@type":"Organization","@id":"https:\/\/casadecampoliving.com\/es\/#organization","name":"Casa de Campo Living","url":"https:\/\/casadecampoliving.com\/es\/","logo":{"@type":"ImageObject","inLanguage":"es","@id":"https:\/\/casadecampoliving.com\/es\/#\/schema\/logo\/image\/","url":"https:\/\/i0.wp.com\/casadecampoliving.com\/wp-content\/uploads\/2022\/07\/CDCLivingLogo_V1-white-sized.png?fit=800%2C214&ssl=1","contentUrl":"https:\/\/i0.wp.com\/casadecampoliving.com\/wp-content\/uploads\/2022\/07\/CDCLivingLogo_V1-white-sized.png?fit=800%2C214&ssl=1","width":800,"height":214,"caption":"Casa de Campo Living"},"image":{"@id":"https:\/\/casadecampoliving.com\/es\/#\/schema\/logo\/image\/"},"sameAs":["https:\/\/www.facebook.com\/casadecampoliving","https:\/\/x.com\/cdcliving"]},{"@type":"Person","@id":"https:\/\/casadecampoliving.com\/es\/#\/schema\/person\/c8efa6049510554b7d5fea078d728f72","name":"Perkin Agramonte","image":{"@type":"ImageObject","inLanguage":"es","@id":"https:\/\/secure.gravatar.com\/avatar\/57bfdafcae55fb83dbb79a1585a9eab7f269b7720fb0b64cb9a4e0cd2962fa10?s=96&d=mm&r=g","url":"https:\/\/secure.gravatar.com\/avatar\/57bfdafcae55fb83dbb79a1585a9eab7f269b7720fb0b64cb9a4e0cd2962fa10?s=96&d=mm&r=g","contentUrl":"https:\/\/secure.gravatar.com\/avatar\/57bfdafcae55fb83dbb79a1585a9eab7f269b7720fb0b64cb9a4e0cd2962fa10?s=96&d=mm&r=g","caption":"Perkin Agramonte"},"url":"https:\/\/casadecampoliving.com\/es\/author\/cagramonte\/"}]}},"parsely":{"version":"1.1.0","canonical_url":"https:\/\/casadecampoliving.com\/es\/cine-foro-arrugas\/","smart_links":{"inbound":0,"outbound":0},"traffic_boost_suggestions_count":0,"meta":{"@context":"https:\/\/schema.org","@type":"NewsArticle","headline":"Cine Foro: Arrugas","url":"http:\/\/casadecampoliving.com\/es\/cine-foro-arrugas\/","mainEntityOfPage":{"@type":"WebPage","@id":"http:\/\/casadecampoliving.com\/es\/cine-foro-arrugas\/"},"thumbnailUrl":"https:\/\/i0.wp.com\/casadecampoliving.com\/wp-content\/uploads\/2022\/10\/Wrinkles.jpg?resize=150%2C150&ssl=1","image":{"@type":"ImageObject","url":"https:\/\/i0.wp.com\/casadecampoliving.com\/wp-content\/uploads\/2022\/10\/Wrinkles.jpg?fit=475%2C375&ssl=1"},"articleSection":"Altos de Chavon @es","author":[{"@type":"Person","name":"Perkin Agramonte"}],"creator":["Perkin Agramonte"],"publisher":{"@type":"Organization","name":"Casa de Campo Living","logo":"https:\/\/casadecampoliving.com\/wp-content\/uploads\/2022\/07\/CDCLivingLogo_V1-white-sized.png"},"keywords":["altos de chavon","casa de campo community @es","casa de campo resort @es","cine foro","museo  arqueol\u00f3gico regional altos de chav\u00f3n"],"dateCreated":"2014-03-26T04:00:00Z","datePublished":"2014-03-26T04:00:00Z","dateModified":"2022-10-21T22:56:17Z"},"rendered":"<script type=\"application\/ld+json\" class=\"wp-parsely-metadata\">{\"@context\":\"https:\\\/\\\/schema.org\",\"@type\":\"NewsArticle\",\"headline\":\"Cine Foro: Arrugas\",\"url\":\"http:\\\/\\\/casadecampoliving.com\\\/es\\\/cine-foro-arrugas\\\/\",\"mainEntityOfPage\":{\"@type\":\"WebPage\",\"@id\":\"http:\\\/\\\/casadecampoliving.com\\\/es\\\/cine-foro-arrugas\\\/\"},\"thumbnailUrl\":\"https:\\\/\\\/i0.wp.com\\\/casadecampoliving.com\\\/wp-content\\\/uploads\\\/2022\\\/10\\\/Wrinkles.jpg?resize=150%2C150&ssl=1\",\"image\":{\"@type\":\"ImageObject\",\"url\":\"https:\\\/\\\/i0.wp.com\\\/casadecampoliving.com\\\/wp-content\\\/uploads\\\/2022\\\/10\\\/Wrinkles.jpg?fit=475%2C375&ssl=1\"},\"articleSection\":\"Altos de Chavon @es\",\"author\":[{\"@type\":\"Person\",\"name\":\"Perkin Agramonte\"}],\"creator\":[\"Perkin Agramonte\"],\"publisher\":{\"@type\":\"Organization\",\"name\":\"Casa de Campo Living\",\"logo\":\"https:\\\/\\\/casadecampoliving.com\\\/wp-content\\\/uploads\\\/2022\\\/07\\\/CDCLivingLogo_V1-white-sized.png\"},\"keywords\":[\"altos de chavon\",\"casa de campo community @es\",\"casa de campo resort @es\",\"cine foro\",\"museo  arqueol\\u00f3gico regional altos de chav\\u00f3n\"],\"dateCreated\":\"2014-03-26T04:00:00Z\",\"datePublished\":\"2014-03-26T04:00:00Z\",\"dateModified\":\"2022-10-21T22:56:17Z\"}<\/script>","tracker_url":"https:\/\/cdn.parsely.com\/keys\/casadecampoliving.com\/p.js"},"jetpack_publicize_connections":[],"jetpack_featured_media_url":"https:\/\/i0.wp.com\/casadecampoliving.com\/wp-content\/uploads\/2022\/10\/Wrinkles.jpg?fit=475%2C375&ssl=1","jetpack-related-posts":[{"id":433460,"url":"https:\/\/casadecampoliving.com\/es\/no-se-pierdan-el-increible-tributo-a-frank-sinatra-para-celebrar-el-40-aniversario-del-anfiteatro-altos-de-chavon\/","url_meta":{"origin":344072,"position":0},"title":"No se pierdan el incre\u00edble tributo a Frank Sinatra para celebrar el 40 aniversario del\u00a0Anfiteatro Altos de Chav\u00f3n","author":"Casa de Campo Living","date":"20 Oct, 2022","format":false,"excerpt":"Siendo uno de los escenarios m\u00e1s emblem\u00e1ticos del pa\u00eds, Casa de Campo Resort\u00ae & Villas celebra las cuatro d\u00e9cadas de aniversario de Altos de Chav\u00f3n con un tributo al gran Frank Sinatra, protagonizado por artistas invitados y una big band tal cual la que acompa\u00f1\u00f3 al artista hace 40 a\u00f1os\u2026","rel":"","context":"En \u00abUncategorized @es\u00bb","block_context":{"text":"Uncategorized @es","link":"https:\/\/casadecampoliving.com\/es\/category\/uncategorized-es\/"},"img":{"alt_text":"","src":"https:\/\/i0.wp.com\/casadecampoliving.com\/wp-content\/uploads\/2022\/10\/Tributo-Frank-Sinatra-Foto-Principal-Amaury-Sanchez-Danilo-Ginebra-Andres-Pichardo-y-Jose-Gabriel-Perez-.jpg?fit=1200%2C873&ssl=1&resize=350%2C200","width":350,"height":200,"srcset":"https:\/\/i0.wp.com\/casadecampoliving.com\/wp-content\/uploads\/2022\/10\/Tributo-Frank-Sinatra-Foto-Principal-Amaury-Sanchez-Danilo-Ginebra-Andres-Pichardo-y-Jose-Gabriel-Perez-.jpg?fit=1200%2C873&ssl=1&resize=350%2C200 1x, https:\/\/i0.wp.com\/casadecampoliving.com\/wp-content\/uploads\/2022\/10\/Tributo-Frank-Sinatra-Foto-Principal-Amaury-Sanchez-Danilo-Ginebra-Andres-Pichardo-y-Jose-Gabriel-Perez-.jpg?fit=1200%2C873&ssl=1&resize=525%2C300 1.5x, https:\/\/i0.wp.com\/casadecampoliving.com\/wp-content\/uploads\/2022\/10\/Tributo-Frank-Sinatra-Foto-Principal-Amaury-Sanchez-Danilo-Ginebra-Andres-Pichardo-y-Jose-Gabriel-Perez-.jpg?fit=1200%2C873&ssl=1&resize=700%2C400 2x, https:\/\/i0.wp.com\/casadecampoliving.com\/wp-content\/uploads\/2022\/10\/Tributo-Frank-Sinatra-Foto-Principal-Amaury-Sanchez-Danilo-Ginebra-Andres-Pichardo-y-Jose-Gabriel-Perez-.jpg?fit=1200%2C873&ssl=1&resize=1050%2C600 3x"},"classes":[]},{"id":342779,"url":"https:\/\/casadecampoliving.com\/es\/cine-foro-con-la-pelicula-klimt-agosto-29\/","url_meta":{"origin":344072,"position":1},"title":"Cine Foro con la pel\u00edcula \u00abKLIMT\u00bb agosto 29","author":"Maria Veronica Silvestri","date":"28 Ago, 2013","format":false,"excerpt":"Est\u00e1s invitado por el Museo Arqueol\u00f3gico Regional Altos de Chav\u00f3n a participar en el Cine Foro, ma\u00f1ana jueves agosto 29, con la proyecci\u00f3n de la pelicula \u201cKLIMT\u201d dirigida por el director reclamado Ra\u00fal Ru\u00edz. En la pel\u00edcula KLIMT, Klimt (John Malkovich) reflexiona sobre su vida restringida y luchas para la\u2026","rel":"","context":"En \u00abAltos de Chavon @es\u00bb","block_context":{"text":"Altos de Chavon @es","link":"https:\/\/casadecampoliving.com\/category\/altos-de-chavon-es\/"},"img":{"alt_text":"klimt movie","src":"https:\/\/i0.wp.com\/casadecampoliving.com\/wp-content\/uploads\/2022\/10\/klimt_movie-1.jpg?fit=650%2C307&ssl=1&resize=350%2C200","width":350,"height":200,"srcset":"https:\/\/i0.wp.com\/casadecampoliving.com\/wp-content\/uploads\/2022\/10\/klimt_movie-1.jpg?fit=650%2C307&ssl=1&resize=350%2C200 1x, https:\/\/i0.wp.com\/casadecampoliving.com\/wp-content\/uploads\/2022\/10\/klimt_movie-1.jpg?fit=650%2C307&ssl=1&resize=525%2C300 1.5x"},"classes":[]},{"id":343652,"url":"https:\/\/casadecampoliving.com\/es\/cine-foro-patch-adams\/","url_meta":{"origin":344072,"position":2},"title":"Cine Foro: Patch Adams","author":"Perkin Agramonte","date":"6 Ene, 2014","format":false,"excerpt":"El Museo Arqueol\u00f3gico Regional Altos de Chav\u00f3n los invita a participar en el Cine Foro que se realizar\u00e1 el jueves 30 de enero, en donde se proyectar\u00e1 la pel\u00edcula \u201cPatch Adams\u201d, basada en una historia real. La pel\u00edcula es la biograf\u00eda del m\u00e9dico Patch Adams (Robin Williams), que revolucion\u00f3 la\u2026","rel":"","context":"En \u00abAltos de Chavon @es\u00bb","block_context":{"text":"Altos de Chavon @es","link":"https:\/\/casadecampoliving.com\/category\/altos-de-chavon-es\/"},"img":{"alt_text":"Patch_Adamsf41e91.1.1.1","src":"https:\/\/i0.wp.com\/casadecampoliving.com\/wp-content\/uploads\/2022\/10\/Patch_Adamsf41e91.1.1.1.jpg?resize=350%2C200&ssl=1","width":350,"height":200},"classes":[]},{"id":323384,"url":"https:\/\/casadecampoliving.com\/cinema-forum-wrinkles-arrugas\/","url_meta":{"origin":344072,"position":3},"title":"Cinema Forum: Wrinkles (Arrugas)","author":"Perkin Agramonte","date":"26 Mar, 2014","format":false,"excerpt":"Altos de Chav\u00f3n Regional Museum of Archeology invites you to participate in a Movie Forum being held on Thursday, March 27th, with the showing of Arrugas (Wrinkles) directed by Ignacio Ferreras. The story is an astonishing mixture of friendship, resistance and life set among the unexpected landscape of an elderly\u2026","rel":"","context":"En \u00abAltos de Chavon\u00bb","block_context":{"text":"Altos de Chavon","link":"https:\/\/casadecampoliving.com\/category\/altos-de-chavon\/"},"img":{"alt_text":"","src":"https:\/\/i0.wp.com\/casadecampoliving.com\/wp-content\/uploads\/2022\/10\/Wrinkles.jpg?fit=475%2C375&ssl=1&resize=350%2C200","width":350,"height":200},"classes":[]},{"id":342362,"url":"https:\/\/casadecampoliving.com\/es\/cine-foro-con-la-pelicula-chico-y-rita-el-25-de-julio-en-el-museo-arqueologico-de-altos-de-chavon\/","url_meta":{"origin":344072,"position":4},"title":"Cine Foro con la pel\u00edcula \u00abChico y Rita\u00bb&#8211; el 25 de julio en el Museo Arqueol\u00f3gico de Altos de Chav\u00f3n","author":"Mairobi Herrera","date":"14 Jul, 2013","format":false,"excerpt":"El Museo Arqueol\u00f3gico Regional Altos de Chav\u00f3n los invita a participar en el Cine Foro que se realizar\u00e1 el jueves 25 de julio, en donde se proyectar\u00e1 la pel\u00edcula de amor y buena m\u00fasica: \u201cChico y Rita\u201d, dirigida por los espa\u00f1oles Fernando Trueba y Javier Mariscal. Chico y Rita es\u2026","rel":"","context":"En \u00abAltos de Chavon @es\u00bb","block_context":{"text":"Altos de Chavon @es","link":"https:\/\/casadecampoliving.com\/category\/altos-de-chavon-es\/"},"img":{"alt_text":"chico y rita","src":"https:\/\/i0.wp.com\/casadecampoliving.com\/wp-content\/uploads\/2022\/10\/chico_rita_movie-1.jpg?fit=650%2C292&ssl=1&resize=350%2C200","width":350,"height":200,"srcset":"https:\/\/i0.wp.com\/casadecampoliving.com\/wp-content\/uploads\/2022\/10\/chico_rita_movie-1.jpg?fit=650%2C292&ssl=1&resize=350%2C200 1x, https:\/\/i0.wp.com\/casadecampoliving.com\/wp-content\/uploads\/2022\/10\/chico_rita_movie-1.jpg?fit=650%2C292&ssl=1&resize=525%2C300 1.5x"},"classes":[]},{"id":341939,"url":"https:\/\/casadecampoliving.com\/es\/cine-foro-con-la-pelicula-la-ciudad-perdida-el-27-de-junio\/","url_meta":{"origin":344072,"position":5},"title":"Cine Foro con la pel\u00edcula \u00abLa Ciudad Perdida\u00bb, el 27 de junio","author":"Mairobi Herrera","date":"18 Jun, 2013","format":false,"excerpt":"El Museo Arqueol\u00f3gico Regional Altos de Chav\u00f3n los invita a participar en el Cine Foro que se realizar\u00e1 el jueves 27 de junio, en donde se proyectar\u00e1 la pel\u00edcula \u201cLa Ciudad Perdida\u201d, la primera dirigida por el actor cubano-estadounidense Andy Garc\u00eda. La Ciudad Perdida fue filmada en Rep\u00fablica Dominicana en\u2026","rel":"","context":"En \u00abAltos de Chavon @es\u00bb","block_context":{"text":"Altos de Chavon @es","link":"https:\/\/casadecampoliving.com\/category\/altos-de-chavon-es\/"},"img":{"alt_text":"cine forum","src":"https:\/\/i0.wp.com\/casadecampoliving.com\/wp-content\/uploads\/2022\/10\/The_Lost_City_pelicula-1.jpg?fit=511%2C506&ssl=1&resize=350%2C200","width":350,"height":200},"classes":[]}],"jetpack_sharing_enabled":true,"_links":{"self":[{"href":"https:\/\/casadecampoliving.com\/es\/wp-json\/wp\/v2\/posts\/344072","targetHints":{"allow":["GET"]}}],"collection":[{"href":"https:\/\/casadecampoliving.com\/es\/wp-json\/wp\/v2\/posts"}],"about":[{"href":"https:\/\/casadecampoliving.com\/es\/wp-json\/wp\/v2\/types\/post"}],"author":[{"embeddable":true,"href":"https:\/\/casadecampoliving.com\/es\/wp-json\/wp\/v2\/users\/1097"}],"replies":[{"embeddable":true,"href":"https:\/\/casadecampoliving.com\/es\/wp-json\/wp\/v2\/comments?post=344072"}],"version-history":[{"count":1,"href":"https:\/\/casadecampoliving.com\/es\/wp-json\/wp\/v2\/posts\/344072\/revisions"}],"predecessor-version":[{"id":344073,"href":"https:\/\/casadecampoliving.com\/es\/wp-json\/wp\/v2\/posts\/344072\/revisions\/344073"}],"wp:featuredmedia":[{"embeddable":true,"href":"https:\/\/casadecampoliving.com\/es\/wp-json\/wp\/v2\/media\/271280"}],"wp:attachment":[{"href":"https:\/\/casadecampoliving.com\/es\/wp-json\/wp\/v2\/media?parent=344072"}],"wp:term":[{"taxonomy":"category","embeddable":true,"href":"https:\/\/casadecampoliving.com\/es\/wp-json\/wp\/v2\/categories?post=344072"},{"taxonomy":"post_tag","embeddable":true,"href":"https:\/\/casadecampoliving.com\/es\/wp-json\/wp\/v2\/tags?post=344072"},{"taxonomy":"newspack_spnsrs_tax","embeddable":true,"href":"https:\/\/casadecampoliving.com\/es\/wp-json\/wp\/v2\/newspack_spnsrs_tax?post=344072"}],"curies":[{"name":"wp","href":"https:\/\/api.w.org\/{rel}","templated":true}]}}