{"id":344032,"date":"2014-03-17T00:00:00","date_gmt":"2014-03-17T04:00:00","guid":{"rendered":"https:\/\/casadecampoliving.com\/proximo-polo-lights-este-viernes-21-de-marzo\/"},"modified":"2022-10-21T18:54:17","modified_gmt":"2022-10-21T22:54:17","slug":"proximo-polo-lights-este-viernes-21-de-marzo","status":"publish","type":"post","link":"https:\/\/casadecampoliving.com\/es\/proximo-polo-lights-este-viernes-21-de-marzo\/","title":{"rendered":"Pr\u00f3ximo \u00abPolo Under Lights\u00bb este viernes 21 de marzo"},"content":{"rendered":"<div class=\"wp-block-image\">\n<figure class=\"aligncenter is-resized\"><img loading=\"lazy\" decoding=\"async\" src=\"https:\/\/i0.wp.com\/casadecampoliving.com\/wp-content\/uploads\/2022\/10\/Polo_Under_Lights-2.jpg?resize=650%2C433&amp;ssl=1\" alt=\"Polo_Under_Lights\" class=\"wp-image-87100\" height=\"433\" width=\"650\"\/><\/figure>\n<\/div>\n\n\n<p>Seguido del resonante \u00e9xito de la <a href=\"https:\/\/casadecampoliving.com\/es\/1er-polo-bajo-luces-una-estampida-exitosa\/\">primera celebraci\u00f3n mensual de Polo Bajo Luces<\/a> el viernes 21 de febrero, nos sentimos muy emocionados de anunciar que el pr\u00f3ximo est\u00e1 planeado para ser efectuado el viernes 21 de mayo. Es hora de buscar tu ropa de vaquero y prepararte para una divertida noche en el centro ecuestre Dude Ranch.<\/p>\n\n\n\n<!--more-->\n\n\n<div class=\"wp-block-image\">\n<figure class=\"alignright is-resized\"><img loading=\"lazy\" decoding=\"async\" src=\"https:\/\/i0.wp.com\/casadecampoliving.com\/wp-content\/uploads\/2022\/10\/polo_casa_de_campo1-8.jpg?resize=300%2C381&amp;ssl=1\" alt=\"polo Casa de Campo\" class=\"wp-image-86407\" height=\"381\" width=\"300\"\/><\/figure>\n<\/div>\n\n\n<p>Polo Bajo Luces es traido a ustedes por SILGON, Casa de Campo Living y Casa de Campo, es una sofisticada celebraci\u00f3n casual la cual fusiona el polo, polo en burro y hamburguesas; \u00bfQu\u00e9 podr\u00eda ser mejor?<\/p>\n\n\n\n<p>As\u00ed que venga con toda su familia a disfrutar de un emocionante y desconcertante partido de polo jugado entre los mejores jugadores de polo de Casa de Campo. Con toda la acci\u00f3n y las estampidas justo al frente de usted, quiz\u00e1s no pueda ayudar a los jugadores pero s\u00ed podr\u00e1 dejarse envolver por toda la emoci\u00f3n.<\/p>\n\n\n\n<p>Durante los descansos, los miembros de la audiencia ser\u00e1n cordialmente invitados a jugar polo en burro (sin cargos), as\u00ed que aseg\u00farese que usted y sus peque\u00f1itos vayan debidamente vestidos (jeans y zapatillas) y preparados para la acci\u00f3n.<\/p>\n\n\n\n<p>Habr\u00e1 tambi\u00e9n un bar y una estaci\u00f3n de hamburguesas por parte de Casa de Campo, haciendo de esto una excelente opci\u00f3n para una noche casual entre la familia y\/o amigos.<\/p>\n\n\n<div class=\"wp-block-image\">\n<figure class=\"aligncenter is-resized\"><img loading=\"lazy\" decoding=\"async\" src=\"https:\/\/i0.wp.com\/casadecampoliving.com\/wp-content\/uploads\/2022\/10\/polo_casa_de_campo-4.jpg?resize=650%2C405&amp;ssl=1\" alt=\"polo Casa de Campo\" class=\"wp-image-86406\" height=\"405\" width=\"650\"\/><\/figure>\n<\/div>\n\n\n<p class=\"has-text-align-center\"><strong><a href=\"https:\/\/casadecampoliving.com\/es\/1er-polo-bajo-luces-una-estampida-exitosa\/\">\u00a1Primer \u201cPolo Under The Lights\u201d una estampida exitosa!<\/a><\/strong><br>\n<\/p>\n\n\n\n<p>Y recuerde que Polo Bajo Luces es una actividad resistente a la lluvia, lo que significa que si acaso llueve (colo <a href=\"https:\/\/casadecampoliving.com\/es\/1er-polo-bajo-luces-una-estampida-exitosa\/\">la vez anterior<\/a>), podemos continuar sin obst\u00e1culos ya que las gradas estan techadas\u2026 adem\u00e1s los amables camareros de Casa de Campo le servir\u00e1n comida en su propio asiento.<\/p>\n\n\n\n<p>\u00a1Esperamos poder verlos a todos alla! <a href=\"https:\/\/casadecampoliving.com\/es\/1er-polo-bajo-luces-una-estampida-exitosa\/\">Haga clic aqu\u00ed para las fotos y cobertura del primer Polo Bajo Luces.<\/a><\/p>\n\n\n\n<blockquote class=\"wp-block-quote is-layout-flow wp-block-quote-is-layout-flow\"><p><strong>Polo Bajo Luces!<\/strong><\/p><p><strong>Fecha:<\/strong> Viernes 21 de marzo, desde 7pm<\/p><p><strong>Lugar:<\/strong> La Arena en el Centro Ecuestre, Casa de Campo<\/p><p><strong>Costo:<\/strong>&nbsp;\u00a1Totalmente Gratis!<\/p><\/blockquote>\n","protected":false},"excerpt":{"rendered":"<p>Seguido del resonante \u00e9xito de la primera celebraci\u00f3n mensual de Polo Bajo Luces el viernes 21 de febrero, nos sentimos muy emocionados de anunciar que el pr\u00f3ximo est\u00e1 planeado para ser efectuado el viernes 21 de mayo. Es hora de buscar tu ropa de vaquero y prepararte para una divertida noche en el centro ecuestre [&hellip;]<\/p>\n","protected":false},"author":1097,"featured_media":270331,"comment_status":"closed","ping_status":"closed","sticky":false,"template":"","format":"standard","meta":{"newspack_ads_suppress_ads":false,"newspack_popups_has_disabled_popups":false,"newspack_sponsor_sponsorship_scope":"","newspack_sponsor_native_byline_display":"inherit","newspack_sponsor_native_category_display":"inherit","newspack_sponsor_underwriter_style":"inherit","newspack_sponsor_underwriter_placement":"inherit","_newspack_byline_active":false,"_newspack_byline":"","newspack_hide_updated_date":false,"newspack_show_updated_date":false,"newspack_content_restriction_is_exempt":false,"newspack_featured_image_position":"","newspack_post_subtitle":"","newspack_article_summary_title":"Overview:","newspack_article_summary":"","_jetpack_memberships_contains_paid_content":false,"footnotes":"","jetpack_publicize_message":"","jetpack_publicize_feature_enabled":true,"jetpack_social_post_already_shared":false,"jetpack_social_options":{"image_generator_settings":{"template":"highway","default_image_id":0,"font":"","enabled":false},"version":2},"_wpas_customize_per_network":false},"categories":[26936,26951,2525,2524,14631,2522,14625,14627,2521,26822],"tags":[3626,24387,8724,8594,7502],"newspack_spnsrs_tax":[],"class_list":["post-344032","post","type-post","status-publish","format-standard","has-post-thumbnail","hentry","category-casa-de-campo-living-es","category-ccl-presenta","category-golf-deportes-es","category-destacados","category-estilo-de-vida","category-eventos-es","category-noticias-locales","category-proximamente","category-republica-dominicana-2","category-resort-casa-de-campo","tag-casa-de-campo-es","tag-casa-de-campo-living-es","tag-dude-ranch-es","tag-polo-bajo-luces","tag-silgon-es","entry"],"yoast_head":"<!-- This site is optimized with the Yoast SEO plugin v27.5 - https:\/\/yoast.com\/product\/yoast-seo-wordpress\/ -->\n<title>Pr\u00f3ximo &quot;Polo Under Lights&quot; este viernes 21 de marzo | Casa de Campo Living<\/title>\n<meta name=\"description\" content=\"Seguido del resonante \u00e9xito de la primera celebraci\u00f3n mensual de Polo Bajo Luces el viernes 21 de febrero, nos sentimos muy emocionados de anunciar que el\" \/>\n<meta name=\"robots\" content=\"index, follow, max-snippet:-1, max-image-preview:large, max-video-preview:-1\" \/>\n<link rel=\"canonical\" href=\"https:\/\/casadecampoliving.com\/es\/proximo-polo-lights-este-viernes-21-de-marzo\/\" \/>\n<meta property=\"og:locale\" content=\"es_ES\" \/>\n<meta property=\"og:type\" content=\"article\" \/>\n<meta property=\"og:title\" content=\"Pr\u00f3ximo &quot;Polo Under Lights&quot; este viernes 21 de marzo | Casa de Campo Living\" \/>\n<meta property=\"og:description\" content=\"Seguido del resonante \u00e9xito de la primera celebraci\u00f3n mensual de Polo Bajo Luces el viernes 21 de febrero, nos sentimos muy emocionados de anunciar que el\" \/>\n<meta property=\"og:url\" content=\"https:\/\/casadecampoliving.com\/es\/proximo-polo-lights-este-viernes-21-de-marzo\/\" \/>\n<meta property=\"og:site_name\" content=\"Casa de Campo Living\" \/>\n<meta property=\"article:publisher\" content=\"https:\/\/www.facebook.com\/casadecampoliving\" \/>\n<meta property=\"article:published_time\" content=\"2014-03-17T04:00:00+00:00\" \/>\n<meta property=\"article:modified_time\" content=\"2022-10-21T22:54:17+00:00\" \/>\n<meta property=\"og:image\" content=\"https:\/\/i0.wp.com\/casadecampoliving.com\/wp-content\/uploads\/2022\/10\/PoloUnderLights-14.3.2014-2.jpg?fit=650%2C433&ssl=1\" \/>\n\t<meta property=\"og:image:width\" content=\"650\" \/>\n\t<meta property=\"og:image:height\" content=\"433\" \/>\n\t<meta property=\"og:image:type\" content=\"image\/jpeg\" \/>\n<meta name=\"author\" content=\"Perkin Agramonte\" \/>\n<meta name=\"twitter:card\" content=\"summary_large_image\" \/>\n<meta name=\"twitter:creator\" content=\"@cdcliving\" \/>\n<meta name=\"twitter:site\" content=\"@cdcliving\" \/>\n<meta name=\"twitter:label1\" content=\"Escrito por\" \/>\n\t<meta name=\"twitter:data1\" content=\"Perkin Agramonte\" \/>\n\t<meta name=\"twitter:label2\" content=\"Tiempo de lectura\" \/>\n\t<meta name=\"twitter:data2\" content=\"2 minutos\" \/>\n<script type=\"application\/ld+json\" class=\"yoast-schema-graph\">{\"@context\":\"https:\\\/\\\/schema.org\",\"@graph\":[{\"@type\":\"Article\",\"@id\":\"https:\\\/\\\/casadecampoliving.com\\\/es\\\/proximo-polo-lights-este-viernes-21-de-marzo\\\/#article\",\"isPartOf\":{\"@id\":\"https:\\\/\\\/casadecampoliving.com\\\/es\\\/proximo-polo-lights-este-viernes-21-de-marzo\\\/\"},\"author\":{\"name\":\"Perkin Agramonte\",\"@id\":\"https:\\\/\\\/casadecampoliving.com\\\/es\\\/#\\\/schema\\\/person\\\/c8efa6049510554b7d5fea078d728f72\"},\"headline\":\"Pr\u00f3ximo \u00abPolo Under Lights\u00bb este viernes 21 de marzo\",\"datePublished\":\"2014-03-17T04:00:00+00:00\",\"dateModified\":\"2022-10-21T22:54:17+00:00\",\"mainEntityOfPage\":{\"@id\":\"https:\\\/\\\/casadecampoliving.com\\\/es\\\/proximo-polo-lights-este-viernes-21-de-marzo\\\/\"},\"wordCount\":340,\"publisher\":{\"@id\":\"https:\\\/\\\/casadecampoliving.com\\\/es\\\/#organization\"},\"image\":{\"@id\":\"https:\\\/\\\/casadecampoliving.com\\\/es\\\/proximo-polo-lights-este-viernes-21-de-marzo\\\/#primaryimage\"},\"thumbnailUrl\":\"https:\\\/\\\/i0.wp.com\\\/casadecampoliving.com\\\/wp-content\\\/uploads\\\/2022\\\/10\\\/PoloUnderLights-14.3.2014-2.jpg?fit=650%2C433&ssl=1\",\"keywords\":[\"casa de campo @es\",\"Casa de Campo Living\",\"Dude Ranch @es\",\"Polo Bajo Luces\",\"SILGON @es\"],\"articleSection\":[\"Casa de Campo Living @es\",\"CCL presenta\",\"Deportes\",\"Destacados\",\"Estilo de Vida\",\"Eventos\",\"Noticias Locales\",\"Proximamente\",\"Rep\u00fablica Dominicana @es\",\"Resort Casa de Campo\"],\"inLanguage\":\"es\"},{\"@type\":\"WebPage\",\"@id\":\"https:\\\/\\\/casadecampoliving.com\\\/es\\\/proximo-polo-lights-este-viernes-21-de-marzo\\\/\",\"url\":\"https:\\\/\\\/casadecampoliving.com\\\/es\\\/proximo-polo-lights-este-viernes-21-de-marzo\\\/\",\"name\":\"Pr\u00f3ximo \\\"Polo Under Lights\\\" este viernes 21 de marzo | Casa de Campo Living\",\"isPartOf\":{\"@id\":\"https:\\\/\\\/casadecampoliving.com\\\/es\\\/#website\"},\"primaryImageOfPage\":{\"@id\":\"https:\\\/\\\/casadecampoliving.com\\\/es\\\/proximo-polo-lights-este-viernes-21-de-marzo\\\/#primaryimage\"},\"image\":{\"@id\":\"https:\\\/\\\/casadecampoliving.com\\\/es\\\/proximo-polo-lights-este-viernes-21-de-marzo\\\/#primaryimage\"},\"thumbnailUrl\":\"https:\\\/\\\/i0.wp.com\\\/casadecampoliving.com\\\/wp-content\\\/uploads\\\/2022\\\/10\\\/PoloUnderLights-14.3.2014-2.jpg?fit=650%2C433&ssl=1\",\"datePublished\":\"2014-03-17T04:00:00+00:00\",\"dateModified\":\"2022-10-21T22:54:17+00:00\",\"description\":\"Seguido del resonante \u00e9xito de la primera celebraci\u00f3n mensual de Polo Bajo Luces el viernes 21 de febrero, nos sentimos muy emocionados de anunciar que el\",\"breadcrumb\":{\"@id\":\"https:\\\/\\\/casadecampoliving.com\\\/es\\\/proximo-polo-lights-este-viernes-21-de-marzo\\\/#breadcrumb\"},\"inLanguage\":\"es\",\"potentialAction\":[{\"@type\":\"ReadAction\",\"target\":[\"https:\\\/\\\/casadecampoliving.com\\\/es\\\/proximo-polo-lights-este-viernes-21-de-marzo\\\/\"]}]},{\"@type\":\"ImageObject\",\"inLanguage\":\"es\",\"@id\":\"https:\\\/\\\/casadecampoliving.com\\\/es\\\/proximo-polo-lights-este-viernes-21-de-marzo\\\/#primaryimage\",\"url\":\"https:\\\/\\\/i0.wp.com\\\/casadecampoliving.com\\\/wp-content\\\/uploads\\\/2022\\\/10\\\/PoloUnderLights-14.3.2014-2.jpg?fit=650%2C433&ssl=1\",\"contentUrl\":\"https:\\\/\\\/i0.wp.com\\\/casadecampoliving.com\\\/wp-content\\\/uploads\\\/2022\\\/10\\\/PoloUnderLights-14.3.2014-2.jpg?fit=650%2C433&ssl=1\",\"width\":650,\"height\":433},{\"@type\":\"BreadcrumbList\",\"@id\":\"https:\\\/\\\/casadecampoliving.com\\\/es\\\/proximo-polo-lights-este-viernes-21-de-marzo\\\/#breadcrumb\",\"itemListElement\":[{\"@type\":\"ListItem\",\"position\":1,\"name\":\"Home\",\"item\":\"https:\\\/\\\/casadecampoliving.com\\\/es\\\/\"},{\"@type\":\"ListItem\",\"position\":2,\"name\":\"Pr\u00f3ximo &#8220;Polo Under Lights&#8221; este viernes 21 de marzo\"}]},{\"@type\":\"WebSite\",\"@id\":\"https:\\\/\\\/casadecampoliving.com\\\/es\\\/#website\",\"url\":\"https:\\\/\\\/casadecampoliving.com\\\/es\\\/\",\"name\":\"Casa de Campo Living\",\"description\":\"Resort community news and resources.\",\"publisher\":{\"@id\":\"https:\\\/\\\/casadecampoliving.com\\\/es\\\/#organization\"},\"potentialAction\":[{\"@type\":\"SearchAction\",\"target\":{\"@type\":\"EntryPoint\",\"urlTemplate\":\"https:\\\/\\\/casadecampoliving.com\\\/es\\\/?s={search_term_string}\"},\"query-input\":{\"@type\":\"PropertyValueSpecification\",\"valueRequired\":true,\"valueName\":\"search_term_string\"}}],\"inLanguage\":\"es\"},{\"@type\":\"Organization\",\"@id\":\"https:\\\/\\\/casadecampoliving.com\\\/es\\\/#organization\",\"name\":\"Casa de Campo Living\",\"url\":\"https:\\\/\\\/casadecampoliving.com\\\/es\\\/\",\"logo\":{\"@type\":\"ImageObject\",\"inLanguage\":\"es\",\"@id\":\"https:\\\/\\\/casadecampoliving.com\\\/es\\\/#\\\/schema\\\/logo\\\/image\\\/\",\"url\":\"https:\\\/\\\/i0.wp.com\\\/casadecampoliving.com\\\/wp-content\\\/uploads\\\/2022\\\/07\\\/CDCLivingLogo_V1-white-sized.png?fit=800%2C214&ssl=1\",\"contentUrl\":\"https:\\\/\\\/i0.wp.com\\\/casadecampoliving.com\\\/wp-content\\\/uploads\\\/2022\\\/07\\\/CDCLivingLogo_V1-white-sized.png?fit=800%2C214&ssl=1\",\"width\":800,\"height\":214,\"caption\":\"Casa de Campo Living\"},\"image\":{\"@id\":\"https:\\\/\\\/casadecampoliving.com\\\/es\\\/#\\\/schema\\\/logo\\\/image\\\/\"},\"sameAs\":[\"https:\\\/\\\/www.facebook.com\\\/casadecampoliving\",\"https:\\\/\\\/x.com\\\/cdcliving\"]},{\"@type\":\"Person\",\"@id\":\"https:\\\/\\\/casadecampoliving.com\\\/es\\\/#\\\/schema\\\/person\\\/c8efa6049510554b7d5fea078d728f72\",\"name\":\"Perkin Agramonte\",\"image\":{\"@type\":\"ImageObject\",\"inLanguage\":\"es\",\"@id\":\"https:\\\/\\\/secure.gravatar.com\\\/avatar\\\/57bfdafcae55fb83dbb79a1585a9eab7f269b7720fb0b64cb9a4e0cd2962fa10?s=96&d=mm&r=g\",\"url\":\"https:\\\/\\\/secure.gravatar.com\\\/avatar\\\/57bfdafcae55fb83dbb79a1585a9eab7f269b7720fb0b64cb9a4e0cd2962fa10?s=96&d=mm&r=g\",\"contentUrl\":\"https:\\\/\\\/secure.gravatar.com\\\/avatar\\\/57bfdafcae55fb83dbb79a1585a9eab7f269b7720fb0b64cb9a4e0cd2962fa10?s=96&d=mm&r=g\",\"caption\":\"Perkin Agramonte\"},\"url\":\"https:\\\/\\\/casadecampoliving.com\\\/es\\\/author\\\/cagramonte\\\/\"}]}<\/script>\n<!-- \/ Yoast SEO plugin. -->","yoast_head_json":{"title":"Pr\u00f3ximo \"Polo Under Lights\" este viernes 21 de marzo | Casa de Campo Living","description":"Seguido del resonante \u00e9xito de la primera celebraci\u00f3n mensual de Polo Bajo Luces el viernes 21 de febrero, nos sentimos muy emocionados de anunciar que el","robots":{"index":"index","follow":"follow","max-snippet":"max-snippet:-1","max-image-preview":"max-image-preview:large","max-video-preview":"max-video-preview:-1"},"canonical":"https:\/\/casadecampoliving.com\/es\/proximo-polo-lights-este-viernes-21-de-marzo\/","og_locale":"es_ES","og_type":"article","og_title":"Pr\u00f3ximo \"Polo Under Lights\" este viernes 21 de marzo | Casa de Campo Living","og_description":"Seguido del resonante \u00e9xito de la primera celebraci\u00f3n mensual de Polo Bajo Luces el viernes 21 de febrero, nos sentimos muy emocionados de anunciar que el","og_url":"https:\/\/casadecampoliving.com\/es\/proximo-polo-lights-este-viernes-21-de-marzo\/","og_site_name":"Casa de Campo Living","article_publisher":"https:\/\/www.facebook.com\/casadecampoliving","article_published_time":"2014-03-17T04:00:00+00:00","article_modified_time":"2022-10-21T22:54:17+00:00","og_image":[{"width":650,"height":433,"url":"https:\/\/i0.wp.com\/casadecampoliving.com\/wp-content\/uploads\/2022\/10\/PoloUnderLights-14.3.2014-2.jpg?fit=650%2C433&ssl=1","type":"image\/jpeg"}],"author":"Perkin Agramonte","twitter_card":"summary_large_image","twitter_creator":"@cdcliving","twitter_site":"@cdcliving","twitter_misc":{"Escrito por":"Perkin Agramonte","Tiempo de lectura":"2 minutos"},"schema":{"@context":"https:\/\/schema.org","@graph":[{"@type":"Article","@id":"https:\/\/casadecampoliving.com\/es\/proximo-polo-lights-este-viernes-21-de-marzo\/#article","isPartOf":{"@id":"https:\/\/casadecampoliving.com\/es\/proximo-polo-lights-este-viernes-21-de-marzo\/"},"author":{"name":"Perkin Agramonte","@id":"https:\/\/casadecampoliving.com\/es\/#\/schema\/person\/c8efa6049510554b7d5fea078d728f72"},"headline":"Pr\u00f3ximo \u00abPolo Under Lights\u00bb este viernes 21 de marzo","datePublished":"2014-03-17T04:00:00+00:00","dateModified":"2022-10-21T22:54:17+00:00","mainEntityOfPage":{"@id":"https:\/\/casadecampoliving.com\/es\/proximo-polo-lights-este-viernes-21-de-marzo\/"},"wordCount":340,"publisher":{"@id":"https:\/\/casadecampoliving.com\/es\/#organization"},"image":{"@id":"https:\/\/casadecampoliving.com\/es\/proximo-polo-lights-este-viernes-21-de-marzo\/#primaryimage"},"thumbnailUrl":"https:\/\/i0.wp.com\/casadecampoliving.com\/wp-content\/uploads\/2022\/10\/PoloUnderLights-14.3.2014-2.jpg?fit=650%2C433&ssl=1","keywords":["casa de campo @es","Casa de Campo Living","Dude Ranch @es","Polo Bajo Luces","SILGON @es"],"articleSection":["Casa de Campo Living @es","CCL presenta","Deportes","Destacados","Estilo de Vida","Eventos","Noticias Locales","Proximamente","Rep\u00fablica Dominicana @es","Resort Casa de Campo"],"inLanguage":"es"},{"@type":"WebPage","@id":"https:\/\/casadecampoliving.com\/es\/proximo-polo-lights-este-viernes-21-de-marzo\/","url":"https:\/\/casadecampoliving.com\/es\/proximo-polo-lights-este-viernes-21-de-marzo\/","name":"Pr\u00f3ximo \"Polo Under Lights\" este viernes 21 de marzo | Casa de Campo Living","isPartOf":{"@id":"https:\/\/casadecampoliving.com\/es\/#website"},"primaryImageOfPage":{"@id":"https:\/\/casadecampoliving.com\/es\/proximo-polo-lights-este-viernes-21-de-marzo\/#primaryimage"},"image":{"@id":"https:\/\/casadecampoliving.com\/es\/proximo-polo-lights-este-viernes-21-de-marzo\/#primaryimage"},"thumbnailUrl":"https:\/\/i0.wp.com\/casadecampoliving.com\/wp-content\/uploads\/2022\/10\/PoloUnderLights-14.3.2014-2.jpg?fit=650%2C433&ssl=1","datePublished":"2014-03-17T04:00:00+00:00","dateModified":"2022-10-21T22:54:17+00:00","description":"Seguido del resonante \u00e9xito de la primera celebraci\u00f3n mensual de Polo Bajo Luces el viernes 21 de febrero, nos sentimos muy emocionados de anunciar que el","breadcrumb":{"@id":"https:\/\/casadecampoliving.com\/es\/proximo-polo-lights-este-viernes-21-de-marzo\/#breadcrumb"},"inLanguage":"es","potentialAction":[{"@type":"ReadAction","target":["https:\/\/casadecampoliving.com\/es\/proximo-polo-lights-este-viernes-21-de-marzo\/"]}]},{"@type":"ImageObject","inLanguage":"es","@id":"https:\/\/casadecampoliving.com\/es\/proximo-polo-lights-este-viernes-21-de-marzo\/#primaryimage","url":"https:\/\/i0.wp.com\/casadecampoliving.com\/wp-content\/uploads\/2022\/10\/PoloUnderLights-14.3.2014-2.jpg?fit=650%2C433&ssl=1","contentUrl":"https:\/\/i0.wp.com\/casadecampoliving.com\/wp-content\/uploads\/2022\/10\/PoloUnderLights-14.3.2014-2.jpg?fit=650%2C433&ssl=1","width":650,"height":433},{"@type":"BreadcrumbList","@id":"https:\/\/casadecampoliving.com\/es\/proximo-polo-lights-este-viernes-21-de-marzo\/#breadcrumb","itemListElement":[{"@type":"ListItem","position":1,"name":"Home","item":"https:\/\/casadecampoliving.com\/es\/"},{"@type":"ListItem","position":2,"name":"Pr\u00f3ximo &#8220;Polo Under Lights&#8221; este viernes 21 de marzo"}]},{"@type":"WebSite","@id":"https:\/\/casadecampoliving.com\/es\/#website","url":"https:\/\/casadecampoliving.com\/es\/","name":"Casa de Campo Living","description":"Resort community news and resources.","publisher":{"@id":"https:\/\/casadecampoliving.com\/es\/#organization"},"potentialAction":[{"@type":"SearchAction","target":{"@type":"EntryPoint","urlTemplate":"https:\/\/casadecampoliving.com\/es\/?s={search_term_string}"},"query-input":{"@type":"PropertyValueSpecification","valueRequired":true,"valueName":"search_term_string"}}],"inLanguage":"es"},{"@type":"Organization","@id":"https:\/\/casadecampoliving.com\/es\/#organization","name":"Casa de Campo Living","url":"https:\/\/casadecampoliving.com\/es\/","logo":{"@type":"ImageObject","inLanguage":"es","@id":"https:\/\/casadecampoliving.com\/es\/#\/schema\/logo\/image\/","url":"https:\/\/i0.wp.com\/casadecampoliving.com\/wp-content\/uploads\/2022\/07\/CDCLivingLogo_V1-white-sized.png?fit=800%2C214&ssl=1","contentUrl":"https:\/\/i0.wp.com\/casadecampoliving.com\/wp-content\/uploads\/2022\/07\/CDCLivingLogo_V1-white-sized.png?fit=800%2C214&ssl=1","width":800,"height":214,"caption":"Casa de Campo Living"},"image":{"@id":"https:\/\/casadecampoliving.com\/es\/#\/schema\/logo\/image\/"},"sameAs":["https:\/\/www.facebook.com\/casadecampoliving","https:\/\/x.com\/cdcliving"]},{"@type":"Person","@id":"https:\/\/casadecampoliving.com\/es\/#\/schema\/person\/c8efa6049510554b7d5fea078d728f72","name":"Perkin Agramonte","image":{"@type":"ImageObject","inLanguage":"es","@id":"https:\/\/secure.gravatar.com\/avatar\/57bfdafcae55fb83dbb79a1585a9eab7f269b7720fb0b64cb9a4e0cd2962fa10?s=96&d=mm&r=g","url":"https:\/\/secure.gravatar.com\/avatar\/57bfdafcae55fb83dbb79a1585a9eab7f269b7720fb0b64cb9a4e0cd2962fa10?s=96&d=mm&r=g","contentUrl":"https:\/\/secure.gravatar.com\/avatar\/57bfdafcae55fb83dbb79a1585a9eab7f269b7720fb0b64cb9a4e0cd2962fa10?s=96&d=mm&r=g","caption":"Perkin Agramonte"},"url":"https:\/\/casadecampoliving.com\/es\/author\/cagramonte\/"}]}},"parsely":{"version":"1.1.0","canonical_url":"https:\/\/casadecampoliving.com\/es\/proximo-polo-lights-este-viernes-21-de-marzo\/","smart_links":{"inbound":0,"outbound":0},"traffic_boost_suggestions_count":0,"meta":{"@context":"https:\/\/schema.org","@type":"NewsArticle","headline":"Pr\u00f3ximo \u00abPolo Under Lights\u00bb este viernes 21 de marzo","url":"http:\/\/casadecampoliving.com\/es\/proximo-polo-lights-este-viernes-21-de-marzo\/","mainEntityOfPage":{"@type":"WebPage","@id":"http:\/\/casadecampoliving.com\/es\/proximo-polo-lights-este-viernes-21-de-marzo\/"},"thumbnailUrl":"https:\/\/i0.wp.com\/casadecampoliving.com\/wp-content\/uploads\/2022\/10\/PoloUnderLights-14.3.2014-2.jpg?resize=150%2C150&ssl=1","image":{"@type":"ImageObject","url":"https:\/\/i0.wp.com\/casadecampoliving.com\/wp-content\/uploads\/2022\/10\/PoloUnderLights-14.3.2014-2.jpg?fit=650%2C433&ssl=1"},"articleSection":"CCL presenta","author":[{"@type":"Person","name":"Perkin Agramonte"}],"creator":["Perkin Agramonte"],"publisher":{"@type":"Organization","name":"Casa de Campo Living","logo":"https:\/\/casadecampoliving.com\/wp-content\/uploads\/2022\/07\/CDCLivingLogo_V1-white-sized.png"},"keywords":["casa de campo @es","casa de campo living","dude ranch @es","polo bajo luces","silgon @es"],"dateCreated":"2014-03-17T04:00:00Z","datePublished":"2014-03-17T04:00:00Z","dateModified":"2022-10-21T22:54:17Z"},"rendered":"<script type=\"application\/ld+json\" class=\"wp-parsely-metadata\">{\"@context\":\"https:\\\/\\\/schema.org\",\"@type\":\"NewsArticle\",\"headline\":\"Pr\\u00f3ximo \\u00abPolo Under Lights\\u00bb este viernes 21 de marzo\",\"url\":\"http:\\\/\\\/casadecampoliving.com\\\/es\\\/proximo-polo-lights-este-viernes-21-de-marzo\\\/\",\"mainEntityOfPage\":{\"@type\":\"WebPage\",\"@id\":\"http:\\\/\\\/casadecampoliving.com\\\/es\\\/proximo-polo-lights-este-viernes-21-de-marzo\\\/\"},\"thumbnailUrl\":\"https:\\\/\\\/i0.wp.com\\\/casadecampoliving.com\\\/wp-content\\\/uploads\\\/2022\\\/10\\\/PoloUnderLights-14.3.2014-2.jpg?resize=150%2C150&ssl=1\",\"image\":{\"@type\":\"ImageObject\",\"url\":\"https:\\\/\\\/i0.wp.com\\\/casadecampoliving.com\\\/wp-content\\\/uploads\\\/2022\\\/10\\\/PoloUnderLights-14.3.2014-2.jpg?fit=650%2C433&ssl=1\"},\"articleSection\":\"CCL presenta\",\"author\":[{\"@type\":\"Person\",\"name\":\"Perkin Agramonte\"}],\"creator\":[\"Perkin Agramonte\"],\"publisher\":{\"@type\":\"Organization\",\"name\":\"Casa de Campo Living\",\"logo\":\"https:\\\/\\\/casadecampoliving.com\\\/wp-content\\\/uploads\\\/2022\\\/07\\\/CDCLivingLogo_V1-white-sized.png\"},\"keywords\":[\"casa de campo @es\",\"casa de campo living\",\"dude ranch @es\",\"polo bajo luces\",\"silgon @es\"],\"dateCreated\":\"2014-03-17T04:00:00Z\",\"datePublished\":\"2014-03-17T04:00:00Z\",\"dateModified\":\"2022-10-21T22:54:17Z\"}<\/script>","tracker_url":"https:\/\/cdn.parsely.com\/keys\/casadecampoliving.com\/p.js"},"jetpack_publicize_connections":[],"jetpack_featured_media_url":"https:\/\/i0.wp.com\/casadecampoliving.com\/wp-content\/uploads\/2022\/10\/PoloUnderLights-14.3.2014-2.jpg?fit=650%2C433&ssl=1","jetpack-related-posts":[{"id":344199,"url":"https:\/\/casadecampoliving.com\/es\/iii-polo-bajo-luces-este-jueves\/","url_meta":{"origin":344032,"position":0},"title":"III Polo Bajo Luces &#8211; este jueves","author":"Perkin Agramonte","date":"16 Abr, 2014","format":false,"excerpt":"Les invitamos cordialmente unirse a nosotros este jueves 17 de abril para la 3\u00ba edici\u00f3n del evento mensual Polo Bajo Luces en el Centro Ecuestre Casa de Campo. Aunque ha sido programado a efectuarse cada tercer viernes del mes, como esta vez ser\u00e1 Viernes Santo, esta divertida, amistosa y familiar\u2026","rel":"","context":"En \u00abCasa de Campo Living @es\u00bb","block_context":{"text":"Casa de Campo Living @es","link":"https:\/\/casadecampoliving.com\/category\/casa-de-campo-living-es\/"},"img":{"alt_text":"polo Casa de Campo","src":"https:\/\/i0.wp.com\/casadecampoliving.com\/wp-content\/uploads\/2022\/10\/polo_casa_de_campo-5.jpg?fit=650%2C405&ssl=1&resize=350%2C200","width":350,"height":200,"srcset":"https:\/\/i0.wp.com\/casadecampoliving.com\/wp-content\/uploads\/2022\/10\/polo_casa_de_campo-5.jpg?fit=650%2C405&ssl=1&resize=350%2C200 1x, https:\/\/i0.wp.com\/casadecampoliving.com\/wp-content\/uploads\/2022\/10\/polo_casa_de_campo-5.jpg?fit=650%2C405&ssl=1&resize=525%2C300 1.5x"},"classes":[]},{"id":343888,"url":"https:\/\/casadecampoliving.com\/es\/polo-burros-hamburguesas-presentando-polo-debajo-de-las-luces\/","url_meta":{"origin":344032,"position":1},"title":"Polo, burros &#038; hamburguesas &#8211; presentando \u00abPolo under the lights\u00bb","author":"Genesis Perdomo","date":"17 Feb, 2014","format":false,"excerpt":"El pr\u00f3ximo viernes 21 de febrero, SILGON y Casa de Campo les invitan a su primer evento \u201cPolo under the lights\u201d-(Polo bajo las luces), una sofisticada celebraci\u00f3n casual, la cual combinar\u00e1 polo, polo en burro y hamburguesas! \u00bfQu\u00e9 podr\u00eda ser mejor? El concepto de \u201cPolo under the lights\u201d-(Polo bajo las\u2026","rel":"","context":"En \u00abCasa de Campo Living @es\u00bb","block_context":{"text":"Casa de Campo Living @es","link":"https:\/\/casadecampoliving.com\/category\/casa-de-campo-living-es\/"},"img":{"alt_text":"polo Casa de Campo","src":"https:\/\/i0.wp.com\/casadecampoliving.com\/wp-content\/uploads\/2022\/10\/PoloUnderLights-14.3.2014-1.jpg?fit=650%2C433&ssl=1&resize=350%2C200","width":350,"height":200,"srcset":"https:\/\/i0.wp.com\/casadecampoliving.com\/wp-content\/uploads\/2022\/10\/PoloUnderLights-14.3.2014-1.jpg?fit=650%2C433&ssl=1&resize=350%2C200 1x, https:\/\/i0.wp.com\/casadecampoliving.com\/wp-content\/uploads\/2022\/10\/PoloUnderLights-14.3.2014-1.jpg?fit=650%2C433&ssl=1&resize=525%2C300 1.5x"},"classes":[]},{"id":344083,"url":"https:\/\/casadecampoliving.com\/es\/equipo-casa-de-campo-se-lleva-la-victoria-en-polo-bajo-luces\/","url_meta":{"origin":344032,"position":2},"title":"Equipo Casa de Campo se lleva la victoria en \u00abPolo under the Lights\u00bb","author":"Perkin Agramonte","date":"27 Mar, 2014","format":false,"excerpt":"El pasado viernes 21 de marzo, el resort Casa de Campo y Casa de Campo Living, nos trajeron la segunda edici\u00f3n de \"Polo under the Lights\"... y afortunadamente esta vez no hubo lluvia. Una vez m\u00e1s en este rapido y furioso torneo, se midieron cuerpo a cuerpo los dos equipos\u2026","rel":"","context":"En \u00abCasa de Campo Living @es\u00bb","block_context":{"text":"Casa de Campo Living @es","link":"https:\/\/casadecampoliving.com\/category\/casa-de-campo-living-es\/"},"img":{"alt_text":"Polo under the Lights Casa de Campo","src":"https:\/\/i0.wp.com\/casadecampoliving.com\/wp-content\/uploads\/2022\/10\/polo_under_the_lights_casa_de_campo-1.jpg?fit=650%2C390&ssl=1&resize=350%2C200","width":350,"height":200,"srcset":"https:\/\/i0.wp.com\/casadecampoliving.com\/wp-content\/uploads\/2022\/10\/polo_under_the_lights_casa_de_campo-1.jpg?fit=650%2C390&ssl=1&resize=350%2C200 1x, https:\/\/i0.wp.com\/casadecampoliving.com\/wp-content\/uploads\/2022\/10\/polo_under_the_lights_casa_de_campo-1.jpg?fit=650%2C390&ssl=1&resize=525%2C300 1.5x"},"classes":[]},{"id":343952,"url":"https:\/\/casadecampoliving.com\/es\/1er-polo-bajo-luces-una-estampida-exitosa\/","url_meta":{"origin":344032,"position":3},"title":"1er \u00abPolo Under The Lights\u00bb una estampida exitosa","author":"Perkin Agramonte","date":"27 Feb, 2014","format":false,"excerpt":"El pasado viernes 21 de febrero, cuando \"Polo Under The Lights\" se convirti\u00f3 en \"Polo bajo lluvia\", parec\u00eda que la noche ser\u00eda un completo desastre... pero a fin de cuentas result\u00f3 un Polo bajo Luces - en la lluvia - en virtud a una robusta grada bajo techo, as\u00ed como\u2026","rel":"","context":"En \u00abCasa de Campo Living @es\u00bb","block_context":{"text":"Casa de Campo Living @es","link":"https:\/\/casadecampoliving.com\/category\/casa-de-campo-living-es\/"},"img":{"alt_text":"polo Casa de Campo","src":"https:\/\/i0.wp.com\/casadecampoliving.com\/wp-content\/uploads\/2022\/10\/polo_casa_de_campo-5.jpg?fit=650%2C405&ssl=1&resize=350%2C200","width":350,"height":200,"srcset":"https:\/\/i0.wp.com\/casadecampoliving.com\/wp-content\/uploads\/2022\/10\/polo_casa_de_campo-5.jpg?fit=650%2C405&ssl=1&resize=350%2C200 1x, https:\/\/i0.wp.com\/casadecampoliving.com\/wp-content\/uploads\/2022\/10\/polo_casa_de_campo-5.jpg?fit=650%2C405&ssl=1&resize=525%2C300 1.5x"},"classes":[]},{"id":344275,"url":"https:\/\/casadecampoliving.com\/es\/equipo-azimut-consigue-victoria-en-la-3o-edicion-de-polo-bajo-luces\/","url_meta":{"origin":344032,"position":4},"title":"Equipo Azimut consigue victoria en la 3\u00ba edici\u00f3n de Polo Bajo Luces","author":"Perkin Agramonte","date":"29 Abr, 2014","format":false,"excerpt":"El pasado jueves 17 de abril, se celebr\u00f3 en el rodeo Casa de Campo, la 3\u00ba edici\u00f3n de Polo Bajo Luces, un evento patrocinado por Casa de Campo, SILGON y Casa de Campo Living, en una noche super emocionante. Polo Bajo Luces es una divertida, amistosa y familiar actividad para\u2026","rel":"","context":"En \u00abCasa de Campo Living @es\u00bb","block_context":{"text":"Casa de Campo Living @es","link":"https:\/\/casadecampoliving.com\/category\/casa-de-campo-living-es\/"},"img":{"alt_text":"","src":"https:\/\/i0.wp.com\/casadecampoliving.com\/wp-content\/uploads\/2022\/10\/PUL_header-1.jpg?fit=650%2C434&ssl=1&resize=350%2C200","width":350,"height":200,"srcset":"https:\/\/i0.wp.com\/casadecampoliving.com\/wp-content\/uploads\/2022\/10\/PUL_header-1.jpg?fit=650%2C434&ssl=1&resize=350%2C200 1x, https:\/\/i0.wp.com\/casadecampoliving.com\/wp-content\/uploads\/2022\/10\/PUL_header-1.jpg?fit=650%2C434&ssl=1&resize=525%2C300 1.5x"},"classes":[]},{"id":344058,"url":"https:\/\/casadecampoliving.com\/es\/polo-casa-de-campo-calendario-de-torneos-2014\/","url_meta":{"origin":344032,"position":5},"title":"Polo Casa de Campo: Calendario de torneos 2014!","author":"Perkin Agramonte","date":"21 Mar, 2014","format":false,"excerpt":"Excelentes noticias para los fan\u00e1ticos del Polo en Casa de Campo! Este a\u00f1o, se realizar\u00e1n 6 emocionantes torneos y por esto, aqu\u00ed les ofrecemos el calendario de actividades tentativo a celebrarse en Casa de Campo! Seis\u00a0emocionantes torneos de polo ser\u00e1n jugados en los campos de polo de Casa de Campo,\u2026","rel":"","context":"En \u00abCasa de Campo Living @es\u00bb","block_context":{"text":"Casa de Campo Living @es","link":"https:\/\/casadecampoliving.com\/category\/casa-de-campo-living-es\/"},"img":{"alt_text":"semana de francia polo","src":"https:\/\/i0.wp.com\/casadecampoliving.com\/wp-content\/uploads\/2022\/10\/semana_de_francia_polo-1.jpg?fit=650%2C366&ssl=1&resize=350%2C200","width":350,"height":200,"srcset":"https:\/\/i0.wp.com\/casadecampoliving.com\/wp-content\/uploads\/2022\/10\/semana_de_francia_polo-1.jpg?fit=650%2C366&ssl=1&resize=350%2C200 1x, https:\/\/i0.wp.com\/casadecampoliving.com\/wp-content\/uploads\/2022\/10\/semana_de_francia_polo-1.jpg?fit=650%2C366&ssl=1&resize=525%2C300 1.5x"},"classes":[]}],"jetpack_sharing_enabled":true,"_links":{"self":[{"href":"https:\/\/casadecampoliving.com\/es\/wp-json\/wp\/v2\/posts\/344032","targetHints":{"allow":["GET"]}}],"collection":[{"href":"https:\/\/casadecampoliving.com\/es\/wp-json\/wp\/v2\/posts"}],"about":[{"href":"https:\/\/casadecampoliving.com\/es\/wp-json\/wp\/v2\/types\/post"}],"author":[{"embeddable":true,"href":"https:\/\/casadecampoliving.com\/es\/wp-json\/wp\/v2\/users\/1097"}],"replies":[{"embeddable":true,"href":"https:\/\/casadecampoliving.com\/es\/wp-json\/wp\/v2\/comments?post=344032"}],"version-history":[{"count":1,"href":"https:\/\/casadecampoliving.com\/es\/wp-json\/wp\/v2\/posts\/344032\/revisions"}],"predecessor-version":[{"id":344035,"href":"https:\/\/casadecampoliving.com\/es\/wp-json\/wp\/v2\/posts\/344032\/revisions\/344035"}],"wp:featuredmedia":[{"embeddable":true,"href":"https:\/\/casadecampoliving.com\/es\/wp-json\/wp\/v2\/media\/270331"}],"wp:attachment":[{"href":"https:\/\/casadecampoliving.com\/es\/wp-json\/wp\/v2\/media?parent=344032"}],"wp:term":[{"taxonomy":"category","embeddable":true,"href":"https:\/\/casadecampoliving.com\/es\/wp-json\/wp\/v2\/categories?post=344032"},{"taxonomy":"post_tag","embeddable":true,"href":"https:\/\/casadecampoliving.com\/es\/wp-json\/wp\/v2\/tags?post=344032"},{"taxonomy":"newspack_spnsrs_tax","embeddable":true,"href":"https:\/\/casadecampoliving.com\/es\/wp-json\/wp\/v2\/newspack_spnsrs_tax?post=344032"}],"curies":[{"name":"wp","href":"https:\/\/api.w.org\/{rel}","templated":true}]}}