{"id":344028,"date":"2014-03-17T00:00:00","date_gmt":"2014-03-17T04:00:00","guid":{"rendered":"https:\/\/casadecampoliving.com\/continua-art-chavon-charla-de-diseno-grafico-con-frank-baseman\/"},"modified":"2022-10-21T18:54:12","modified_gmt":"2022-10-21T22:54:12","slug":"continua-art-chavon-charla-de-diseno-grafico-con-frank-baseman","status":"publish","type":"post","link":"https:\/\/casadecampoliving.com\/es\/continua-art-chavon-charla-de-diseno-grafico-con-frank-baseman\/","title":{"rendered":"\u00a1Continua Art Chav\u00f3n! Charla sobre dise\u00f1o gr\u00e1fico con Frank Baseman"},"content":{"rendered":"<div class=\"wp-block-image\">\n<figure class=\"aligncenter is-resized\"><img loading=\"lazy\" decoding=\"async\" src=\"https:\/\/i0.wp.com\/casadecampoliving.com\/wp-content\/uploads\/2022\/10\/Arte_Chavon.jpg?resize=650%2C349&amp;ssl=1\" alt=\"Arte_Chav\u00f3n\" class=\"wp-image-87113\" height=\"349\" width=\"650\"\/><\/figure>\n<\/div>\n\n\n<p>Este mi\u00e9rcoles 19 de marzo Art Chav\u00f3n la celebraci\u00f3n de recaudaci\u00f3n de fondos para la Escuela de Arte y Dise\u00f1o contin\u00faa con un di\u00e1logo junto al dise\u00f1ador gr\u00e1fico Frank Baseman.<\/p>\n\n\n\n<!--more-->\n\n\n\n<p>Unase a nosotros, en una charla donde Frank Baseman compartir\u00e1 sus pensamientos acerca del dise\u00f1o gr\u00e1fico hoy en d\u00eda y en sus m\u00e1s de 30 a\u00f1os de experiencia, creando efectivas soluciones visuales.<\/p>\n\n\n\n<p>Frank Baseman proveniente de Philadelphia es el fundador de Baseman Design Associates:&nbsp;www.basemandesign.com<\/p>\n\n\n\n<p>Como parte de Art Chav\u00f3n, este evento recauda fondos para la Escuela de Arte y Dise\u00f1o Altos de Chav\u00f3n.<\/p>\n\n\n\n<p>Recuerde que la exhibici\u00f3n de Art Chav\u00f3n en la Galer\u00eda Altos de Chav\u00f3n sigue en pie para que pueda ir a disfrutar y comprar. <a href=\"https:\/\/casadecampoliving.com\/es\/art-chavon-2014-fuera-de-serie\/\">Haga clic aqu\u00ed para nuestras fotos y cobertura del evento Art Chav\u00f3n 2014.<\/a><\/p>\n\n\n\n<blockquote class=\"wp-block-quote is-layout-flow wp-block-quote-is-layout-flow\"><p><strong>Charla acerca de dise\u00f1o gr\u00e1fico&nbsp;<strong>Frank Baseman<\/strong><\/strong><\/p><p><strong>Fecha: <\/strong>Mi\u00e9rcoles 19 de marzo, 6:30pm<\/p><p><strong>Lugar:<\/strong> Museo regional Arqueol\u00f3gico Altos de Chav\u00f3n<\/p><p><strong>Costo:<\/strong>&nbsp;\u00a1Gratis!<\/p><p><strong>Contacto:<\/strong>&nbsp;Martha Victoria, (809) 523-8470\/8011 (entre 8:30am \u2013 4:30 pm),&nbsp;mvictoria2302@hotmail.com<\/p><\/blockquote>\n","protected":false},"excerpt":{"rendered":"<p>Este mi\u00e9rcoles 19 de marzo Art Chav\u00f3n la celebraci\u00f3n de recaudaci\u00f3n de fondos para la Escuela de Arte y Dise\u00f1o contin\u00faa con un di\u00e1logo junto al dise\u00f1ador gr\u00e1fico Frank Baseman.<\/p>\n","protected":false},"author":1097,"featured_media":270382,"comment_status":"closed","ping_status":"closed","sticky":false,"template":"","format":"standard","meta":{"newspack_ads_suppress_ads":false,"newspack_popups_has_disabled_popups":false,"newspack_sponsor_sponsorship_scope":"","newspack_sponsor_native_byline_display":"inherit","newspack_sponsor_native_category_display":"inherit","newspack_sponsor_underwriter_style":"inherit","newspack_sponsor_underwriter_placement":"inherit","_newspack_byline_active":false,"_newspack_byline":"","newspack_hide_updated_date":false,"newspack_show_updated_date":false,"newspack_content_restriction_is_exempt":false,"newspack_featured_image_position":"","newspack_post_subtitle":"","newspack_article_summary_title":"Overview:","newspack_article_summary":"","_jetpack_memberships_contains_paid_content":false,"footnotes":"","jetpack_publicize_message":"","jetpack_publicize_feature_enabled":true,"jetpack_social_post_already_shared":false,"jetpack_social_options":{"image_generator_settings":{"template":"highway","default_image_id":0,"font":"","enabled":false},"version":2},"_wpas_customize_per_network":false},"categories":[26819,26823,2513,2524,14631,2522,2514,14625,14627,2521,26822],"tags":[15387,6056],"newspack_spnsrs_tax":[],"class_list":["post-344028","post","type-post","status-publish","format-standard","has-post-thumbnail","hentry","category-altos-de-chavon-es","category-arte-y-cultura","category-celebridades-es","category-destacados","category-estilo-de-vida","category-eventos-es","category-fundaciones-es","category-noticias-locales","category-proximamente","category-republica-dominicana-2","category-resort-casa-de-campo","tag-altos-de-chavon-es","tag-art-chavon-es","entry"],"yoast_head":"<!-- This site is optimized with the Yoast SEO plugin v27.5 - https:\/\/yoast.com\/product\/yoast-seo-wordpress\/ -->\n<title>\u00a1Continua Art Chav\u00f3n! Charla sobre dise\u00f1o gr\u00e1fico con Frank Baseman | Casa de Campo Living<\/title>\n<meta name=\"description\" content=\"Este mi\u00e9rcoles 19 de marzo Art Chav\u00f3n la celebraci\u00f3n de recaudaci\u00f3n de fondos para la Escuela de Arte y Dise\u00f1o contin\u00faa con un di\u00e1logo junto al dise\u00f1ador\" \/>\n<meta name=\"robots\" content=\"index, follow, max-snippet:-1, max-image-preview:large, max-video-preview:-1\" \/>\n<link rel=\"canonical\" href=\"https:\/\/casadecampoliving.com\/es\/continua-art-chavon-charla-de-diseno-grafico-con-frank-baseman\/\" \/>\n<meta property=\"og:locale\" content=\"es_ES\" \/>\n<meta property=\"og:type\" content=\"article\" \/>\n<meta property=\"og:title\" content=\"\u00a1Continua Art Chav\u00f3n! Charla sobre dise\u00f1o gr\u00e1fico con Frank Baseman | Casa de Campo Living\" \/>\n<meta property=\"og:description\" content=\"Este mi\u00e9rcoles 19 de marzo Art Chav\u00f3n la celebraci\u00f3n de recaudaci\u00f3n de fondos para la Escuela de Arte y Dise\u00f1o contin\u00faa con un di\u00e1logo junto al dise\u00f1ador\" \/>\n<meta property=\"og:url\" content=\"https:\/\/casadecampoliving.com\/es\/continua-art-chavon-charla-de-diseno-grafico-con-frank-baseman\/\" \/>\n<meta property=\"og:site_name\" content=\"Casa de Campo Living\" \/>\n<meta property=\"article:publisher\" content=\"https:\/\/www.facebook.com\/casadecampoliving\" \/>\n<meta property=\"article:published_time\" content=\"2014-03-17T04:00:00+00:00\" \/>\n<meta property=\"article:modified_time\" content=\"2022-10-21T22:54:12+00:00\" \/>\n<meta property=\"og:image\" content=\"https:\/\/i0.wp.com\/casadecampoliving.com\/wp-content\/uploads\/2022\/10\/Art-Chavon.jpg?fit=650%2C397&ssl=1\" \/>\n\t<meta property=\"og:image:width\" content=\"650\" \/>\n\t<meta property=\"og:image:height\" content=\"397\" \/>\n\t<meta property=\"og:image:type\" content=\"image\/jpeg\" \/>\n<meta name=\"author\" content=\"Perkin Agramonte\" \/>\n<meta name=\"twitter:card\" content=\"summary_large_image\" \/>\n<meta name=\"twitter:creator\" content=\"@cdcliving\" \/>\n<meta name=\"twitter:site\" content=\"@cdcliving\" \/>\n<meta name=\"twitter:label1\" content=\"Escrito por\" \/>\n\t<meta name=\"twitter:data1\" content=\"Perkin Agramonte\" \/>\n\t<meta name=\"twitter:label2\" content=\"Tiempo de lectura\" \/>\n\t<meta name=\"twitter:data2\" content=\"1 minuto\" \/>\n<script type=\"application\/ld+json\" class=\"yoast-schema-graph\">{\"@context\":\"https:\\\/\\\/schema.org\",\"@graph\":[{\"@type\":\"Article\",\"@id\":\"https:\\\/\\\/casadecampoliving.com\\\/es\\\/continua-art-chavon-charla-de-diseno-grafico-con-frank-baseman\\\/#article\",\"isPartOf\":{\"@id\":\"https:\\\/\\\/casadecampoliving.com\\\/es\\\/continua-art-chavon-charla-de-diseno-grafico-con-frank-baseman\\\/\"},\"author\":{\"name\":\"Perkin Agramonte\",\"@id\":\"https:\\\/\\\/casadecampoliving.com\\\/es\\\/#\\\/schema\\\/person\\\/c8efa6049510554b7d5fea078d728f72\"},\"headline\":\"\u00a1Continua Art Chav\u00f3n! Charla sobre dise\u00f1o gr\u00e1fico con Frank Baseman\",\"datePublished\":\"2014-03-17T04:00:00+00:00\",\"dateModified\":\"2022-10-21T22:54:12+00:00\",\"mainEntityOfPage\":{\"@id\":\"https:\\\/\\\/casadecampoliving.com\\\/es\\\/continua-art-chavon-charla-de-diseno-grafico-con-frank-baseman\\\/\"},\"wordCount\":206,\"publisher\":{\"@id\":\"https:\\\/\\\/casadecampoliving.com\\\/es\\\/#organization\"},\"image\":{\"@id\":\"https:\\\/\\\/casadecampoliving.com\\\/es\\\/continua-art-chavon-charla-de-diseno-grafico-con-frank-baseman\\\/#primaryimage\"},\"thumbnailUrl\":\"https:\\\/\\\/i0.wp.com\\\/casadecampoliving.com\\\/wp-content\\\/uploads\\\/2022\\\/10\\\/Art-Chavon.jpg?fit=650%2C397&ssl=1\",\"keywords\":[\"Altos de Chavon\",\"art chavon @es\"],\"articleSection\":[\"Altos de Chavon @es\",\"Arte y cultura\",\"Celebridades\",\"Destacados\",\"Estilo de Vida\",\"Eventos\",\"Fundaciones\",\"Noticias Locales\",\"Proximamente\",\"Rep\u00fablica Dominicana @es\",\"Resort Casa de Campo\"],\"inLanguage\":\"es\"},{\"@type\":\"WebPage\",\"@id\":\"https:\\\/\\\/casadecampoliving.com\\\/es\\\/continua-art-chavon-charla-de-diseno-grafico-con-frank-baseman\\\/\",\"url\":\"https:\\\/\\\/casadecampoliving.com\\\/es\\\/continua-art-chavon-charla-de-diseno-grafico-con-frank-baseman\\\/\",\"name\":\"\u00a1Continua Art Chav\u00f3n! Charla sobre dise\u00f1o gr\u00e1fico con Frank Baseman | Casa de Campo Living\",\"isPartOf\":{\"@id\":\"https:\\\/\\\/casadecampoliving.com\\\/es\\\/#website\"},\"primaryImageOfPage\":{\"@id\":\"https:\\\/\\\/casadecampoliving.com\\\/es\\\/continua-art-chavon-charla-de-diseno-grafico-con-frank-baseman\\\/#primaryimage\"},\"image\":{\"@id\":\"https:\\\/\\\/casadecampoliving.com\\\/es\\\/continua-art-chavon-charla-de-diseno-grafico-con-frank-baseman\\\/#primaryimage\"},\"thumbnailUrl\":\"https:\\\/\\\/i0.wp.com\\\/casadecampoliving.com\\\/wp-content\\\/uploads\\\/2022\\\/10\\\/Art-Chavon.jpg?fit=650%2C397&ssl=1\",\"datePublished\":\"2014-03-17T04:00:00+00:00\",\"dateModified\":\"2022-10-21T22:54:12+00:00\",\"description\":\"Este mi\u00e9rcoles 19 de marzo Art Chav\u00f3n la celebraci\u00f3n de recaudaci\u00f3n de fondos para la Escuela de Arte y Dise\u00f1o contin\u00faa con un di\u00e1logo junto al dise\u00f1ador\",\"breadcrumb\":{\"@id\":\"https:\\\/\\\/casadecampoliving.com\\\/es\\\/continua-art-chavon-charla-de-diseno-grafico-con-frank-baseman\\\/#breadcrumb\"},\"inLanguage\":\"es\",\"potentialAction\":[{\"@type\":\"ReadAction\",\"target\":[\"https:\\\/\\\/casadecampoliving.com\\\/es\\\/continua-art-chavon-charla-de-diseno-grafico-con-frank-baseman\\\/\"]}]},{\"@type\":\"ImageObject\",\"inLanguage\":\"es\",\"@id\":\"https:\\\/\\\/casadecampoliving.com\\\/es\\\/continua-art-chavon-charla-de-diseno-grafico-con-frank-baseman\\\/#primaryimage\",\"url\":\"https:\\\/\\\/i0.wp.com\\\/casadecampoliving.com\\\/wp-content\\\/uploads\\\/2022\\\/10\\\/Art-Chavon.jpg?fit=650%2C397&ssl=1\",\"contentUrl\":\"https:\\\/\\\/i0.wp.com\\\/casadecampoliving.com\\\/wp-content\\\/uploads\\\/2022\\\/10\\\/Art-Chavon.jpg?fit=650%2C397&ssl=1\",\"width\":650,\"height\":397},{\"@type\":\"BreadcrumbList\",\"@id\":\"https:\\\/\\\/casadecampoliving.com\\\/es\\\/continua-art-chavon-charla-de-diseno-grafico-con-frank-baseman\\\/#breadcrumb\",\"itemListElement\":[{\"@type\":\"ListItem\",\"position\":1,\"name\":\"Home\",\"item\":\"https:\\\/\\\/casadecampoliving.com\\\/es\\\/\"},{\"@type\":\"ListItem\",\"position\":2,\"name\":\"\u00a1Continua Art Chav\u00f3n! Charla sobre dise\u00f1o gr\u00e1fico con Frank Baseman\"}]},{\"@type\":\"WebSite\",\"@id\":\"https:\\\/\\\/casadecampoliving.com\\\/es\\\/#website\",\"url\":\"https:\\\/\\\/casadecampoliving.com\\\/es\\\/\",\"name\":\"Casa de Campo Living\",\"description\":\"Resort community news and resources.\",\"publisher\":{\"@id\":\"https:\\\/\\\/casadecampoliving.com\\\/es\\\/#organization\"},\"potentialAction\":[{\"@type\":\"SearchAction\",\"target\":{\"@type\":\"EntryPoint\",\"urlTemplate\":\"https:\\\/\\\/casadecampoliving.com\\\/es\\\/?s={search_term_string}\"},\"query-input\":{\"@type\":\"PropertyValueSpecification\",\"valueRequired\":true,\"valueName\":\"search_term_string\"}}],\"inLanguage\":\"es\"},{\"@type\":\"Organization\",\"@id\":\"https:\\\/\\\/casadecampoliving.com\\\/es\\\/#organization\",\"name\":\"Casa de Campo Living\",\"url\":\"https:\\\/\\\/casadecampoliving.com\\\/es\\\/\",\"logo\":{\"@type\":\"ImageObject\",\"inLanguage\":\"es\",\"@id\":\"https:\\\/\\\/casadecampoliving.com\\\/es\\\/#\\\/schema\\\/logo\\\/image\\\/\",\"url\":\"https:\\\/\\\/i0.wp.com\\\/casadecampoliving.com\\\/wp-content\\\/uploads\\\/2022\\\/07\\\/CDCLivingLogo_V1-white-sized.png?fit=800%2C214&ssl=1\",\"contentUrl\":\"https:\\\/\\\/i0.wp.com\\\/casadecampoliving.com\\\/wp-content\\\/uploads\\\/2022\\\/07\\\/CDCLivingLogo_V1-white-sized.png?fit=800%2C214&ssl=1\",\"width\":800,\"height\":214,\"caption\":\"Casa de Campo Living\"},\"image\":{\"@id\":\"https:\\\/\\\/casadecampoliving.com\\\/es\\\/#\\\/schema\\\/logo\\\/image\\\/\"},\"sameAs\":[\"https:\\\/\\\/www.facebook.com\\\/casadecampoliving\",\"https:\\\/\\\/x.com\\\/cdcliving\"]},{\"@type\":\"Person\",\"@id\":\"https:\\\/\\\/casadecampoliving.com\\\/es\\\/#\\\/schema\\\/person\\\/c8efa6049510554b7d5fea078d728f72\",\"name\":\"Perkin Agramonte\",\"image\":{\"@type\":\"ImageObject\",\"inLanguage\":\"es\",\"@id\":\"https:\\\/\\\/secure.gravatar.com\\\/avatar\\\/57bfdafcae55fb83dbb79a1585a9eab7f269b7720fb0b64cb9a4e0cd2962fa10?s=96&d=mm&r=g\",\"url\":\"https:\\\/\\\/secure.gravatar.com\\\/avatar\\\/57bfdafcae55fb83dbb79a1585a9eab7f269b7720fb0b64cb9a4e0cd2962fa10?s=96&d=mm&r=g\",\"contentUrl\":\"https:\\\/\\\/secure.gravatar.com\\\/avatar\\\/57bfdafcae55fb83dbb79a1585a9eab7f269b7720fb0b64cb9a4e0cd2962fa10?s=96&d=mm&r=g\",\"caption\":\"Perkin Agramonte\"},\"url\":\"https:\\\/\\\/casadecampoliving.com\\\/es\\\/author\\\/cagramonte\\\/\"}]}<\/script>\n<!-- \/ Yoast SEO plugin. -->","yoast_head_json":{"title":"\u00a1Continua Art Chav\u00f3n! Charla sobre dise\u00f1o gr\u00e1fico con Frank Baseman | Casa de Campo Living","description":"Este mi\u00e9rcoles 19 de marzo Art Chav\u00f3n la celebraci\u00f3n de recaudaci\u00f3n de fondos para la Escuela de Arte y Dise\u00f1o contin\u00faa con un di\u00e1logo junto al dise\u00f1ador","robots":{"index":"index","follow":"follow","max-snippet":"max-snippet:-1","max-image-preview":"max-image-preview:large","max-video-preview":"max-video-preview:-1"},"canonical":"https:\/\/casadecampoliving.com\/es\/continua-art-chavon-charla-de-diseno-grafico-con-frank-baseman\/","og_locale":"es_ES","og_type":"article","og_title":"\u00a1Continua Art Chav\u00f3n! Charla sobre dise\u00f1o gr\u00e1fico con Frank Baseman | Casa de Campo Living","og_description":"Este mi\u00e9rcoles 19 de marzo Art Chav\u00f3n la celebraci\u00f3n de recaudaci\u00f3n de fondos para la Escuela de Arte y Dise\u00f1o contin\u00faa con un di\u00e1logo junto al dise\u00f1ador","og_url":"https:\/\/casadecampoliving.com\/es\/continua-art-chavon-charla-de-diseno-grafico-con-frank-baseman\/","og_site_name":"Casa de Campo Living","article_publisher":"https:\/\/www.facebook.com\/casadecampoliving","article_published_time":"2014-03-17T04:00:00+00:00","article_modified_time":"2022-10-21T22:54:12+00:00","og_image":[{"width":650,"height":397,"url":"https:\/\/i0.wp.com\/casadecampoliving.com\/wp-content\/uploads\/2022\/10\/Art-Chavon.jpg?fit=650%2C397&ssl=1","type":"image\/jpeg"}],"author":"Perkin Agramonte","twitter_card":"summary_large_image","twitter_creator":"@cdcliving","twitter_site":"@cdcliving","twitter_misc":{"Escrito por":"Perkin Agramonte","Tiempo de lectura":"1 minuto"},"schema":{"@context":"https:\/\/schema.org","@graph":[{"@type":"Article","@id":"https:\/\/casadecampoliving.com\/es\/continua-art-chavon-charla-de-diseno-grafico-con-frank-baseman\/#article","isPartOf":{"@id":"https:\/\/casadecampoliving.com\/es\/continua-art-chavon-charla-de-diseno-grafico-con-frank-baseman\/"},"author":{"name":"Perkin Agramonte","@id":"https:\/\/casadecampoliving.com\/es\/#\/schema\/person\/c8efa6049510554b7d5fea078d728f72"},"headline":"\u00a1Continua Art Chav\u00f3n! Charla sobre dise\u00f1o gr\u00e1fico con Frank Baseman","datePublished":"2014-03-17T04:00:00+00:00","dateModified":"2022-10-21T22:54:12+00:00","mainEntityOfPage":{"@id":"https:\/\/casadecampoliving.com\/es\/continua-art-chavon-charla-de-diseno-grafico-con-frank-baseman\/"},"wordCount":206,"publisher":{"@id":"https:\/\/casadecampoliving.com\/es\/#organization"},"image":{"@id":"https:\/\/casadecampoliving.com\/es\/continua-art-chavon-charla-de-diseno-grafico-con-frank-baseman\/#primaryimage"},"thumbnailUrl":"https:\/\/i0.wp.com\/casadecampoliving.com\/wp-content\/uploads\/2022\/10\/Art-Chavon.jpg?fit=650%2C397&ssl=1","keywords":["Altos de Chavon","art chavon @es"],"articleSection":["Altos de Chavon @es","Arte y cultura","Celebridades","Destacados","Estilo de Vida","Eventos","Fundaciones","Noticias Locales","Proximamente","Rep\u00fablica Dominicana @es","Resort Casa de Campo"],"inLanguage":"es"},{"@type":"WebPage","@id":"https:\/\/casadecampoliving.com\/es\/continua-art-chavon-charla-de-diseno-grafico-con-frank-baseman\/","url":"https:\/\/casadecampoliving.com\/es\/continua-art-chavon-charla-de-diseno-grafico-con-frank-baseman\/","name":"\u00a1Continua Art Chav\u00f3n! Charla sobre dise\u00f1o gr\u00e1fico con Frank Baseman | Casa de Campo Living","isPartOf":{"@id":"https:\/\/casadecampoliving.com\/es\/#website"},"primaryImageOfPage":{"@id":"https:\/\/casadecampoliving.com\/es\/continua-art-chavon-charla-de-diseno-grafico-con-frank-baseman\/#primaryimage"},"image":{"@id":"https:\/\/casadecampoliving.com\/es\/continua-art-chavon-charla-de-diseno-grafico-con-frank-baseman\/#primaryimage"},"thumbnailUrl":"https:\/\/i0.wp.com\/casadecampoliving.com\/wp-content\/uploads\/2022\/10\/Art-Chavon.jpg?fit=650%2C397&ssl=1","datePublished":"2014-03-17T04:00:00+00:00","dateModified":"2022-10-21T22:54:12+00:00","description":"Este mi\u00e9rcoles 19 de marzo Art Chav\u00f3n la celebraci\u00f3n de recaudaci\u00f3n de fondos para la Escuela de Arte y Dise\u00f1o contin\u00faa con un di\u00e1logo junto al dise\u00f1ador","breadcrumb":{"@id":"https:\/\/casadecampoliving.com\/es\/continua-art-chavon-charla-de-diseno-grafico-con-frank-baseman\/#breadcrumb"},"inLanguage":"es","potentialAction":[{"@type":"ReadAction","target":["https:\/\/casadecampoliving.com\/es\/continua-art-chavon-charla-de-diseno-grafico-con-frank-baseman\/"]}]},{"@type":"ImageObject","inLanguage":"es","@id":"https:\/\/casadecampoliving.com\/es\/continua-art-chavon-charla-de-diseno-grafico-con-frank-baseman\/#primaryimage","url":"https:\/\/i0.wp.com\/casadecampoliving.com\/wp-content\/uploads\/2022\/10\/Art-Chavon.jpg?fit=650%2C397&ssl=1","contentUrl":"https:\/\/i0.wp.com\/casadecampoliving.com\/wp-content\/uploads\/2022\/10\/Art-Chavon.jpg?fit=650%2C397&ssl=1","width":650,"height":397},{"@type":"BreadcrumbList","@id":"https:\/\/casadecampoliving.com\/es\/continua-art-chavon-charla-de-diseno-grafico-con-frank-baseman\/#breadcrumb","itemListElement":[{"@type":"ListItem","position":1,"name":"Home","item":"https:\/\/casadecampoliving.com\/es\/"},{"@type":"ListItem","position":2,"name":"\u00a1Continua Art Chav\u00f3n! Charla sobre dise\u00f1o gr\u00e1fico con Frank Baseman"}]},{"@type":"WebSite","@id":"https:\/\/casadecampoliving.com\/es\/#website","url":"https:\/\/casadecampoliving.com\/es\/","name":"Casa de Campo Living","description":"Resort community news and resources.","publisher":{"@id":"https:\/\/casadecampoliving.com\/es\/#organization"},"potentialAction":[{"@type":"SearchAction","target":{"@type":"EntryPoint","urlTemplate":"https:\/\/casadecampoliving.com\/es\/?s={search_term_string}"},"query-input":{"@type":"PropertyValueSpecification","valueRequired":true,"valueName":"search_term_string"}}],"inLanguage":"es"},{"@type":"Organization","@id":"https:\/\/casadecampoliving.com\/es\/#organization","name":"Casa de Campo Living","url":"https:\/\/casadecampoliving.com\/es\/","logo":{"@type":"ImageObject","inLanguage":"es","@id":"https:\/\/casadecampoliving.com\/es\/#\/schema\/logo\/image\/","url":"https:\/\/i0.wp.com\/casadecampoliving.com\/wp-content\/uploads\/2022\/07\/CDCLivingLogo_V1-white-sized.png?fit=800%2C214&ssl=1","contentUrl":"https:\/\/i0.wp.com\/casadecampoliving.com\/wp-content\/uploads\/2022\/07\/CDCLivingLogo_V1-white-sized.png?fit=800%2C214&ssl=1","width":800,"height":214,"caption":"Casa de Campo Living"},"image":{"@id":"https:\/\/casadecampoliving.com\/es\/#\/schema\/logo\/image\/"},"sameAs":["https:\/\/www.facebook.com\/casadecampoliving","https:\/\/x.com\/cdcliving"]},{"@type":"Person","@id":"https:\/\/casadecampoliving.com\/es\/#\/schema\/person\/c8efa6049510554b7d5fea078d728f72","name":"Perkin Agramonte","image":{"@type":"ImageObject","inLanguage":"es","@id":"https:\/\/secure.gravatar.com\/avatar\/57bfdafcae55fb83dbb79a1585a9eab7f269b7720fb0b64cb9a4e0cd2962fa10?s=96&d=mm&r=g","url":"https:\/\/secure.gravatar.com\/avatar\/57bfdafcae55fb83dbb79a1585a9eab7f269b7720fb0b64cb9a4e0cd2962fa10?s=96&d=mm&r=g","contentUrl":"https:\/\/secure.gravatar.com\/avatar\/57bfdafcae55fb83dbb79a1585a9eab7f269b7720fb0b64cb9a4e0cd2962fa10?s=96&d=mm&r=g","caption":"Perkin Agramonte"},"url":"https:\/\/casadecampoliving.com\/es\/author\/cagramonte\/"}]}},"parsely":{"version":"1.1.0","canonical_url":"https:\/\/casadecampoliving.com\/es\/continua-art-chavon-charla-de-diseno-grafico-con-frank-baseman\/","smart_links":{"inbound":0,"outbound":0},"traffic_boost_suggestions_count":0,"meta":{"@context":"https:\/\/schema.org","@type":"NewsArticle","headline":"\u00a1Continua Art Chav\u00f3n! Charla sobre dise\u00f1o gr\u00e1fico con Frank Baseman","url":"http:\/\/casadecampoliving.com\/es\/continua-art-chavon-charla-de-diseno-grafico-con-frank-baseman\/","mainEntityOfPage":{"@type":"WebPage","@id":"http:\/\/casadecampoliving.com\/es\/continua-art-chavon-charla-de-diseno-grafico-con-frank-baseman\/"},"thumbnailUrl":"https:\/\/i0.wp.com\/casadecampoliving.com\/wp-content\/uploads\/2022\/10\/Art-Chavon.jpg?resize=150%2C150&ssl=1","image":{"@type":"ImageObject","url":"https:\/\/i0.wp.com\/casadecampoliving.com\/wp-content\/uploads\/2022\/10\/Art-Chavon.jpg?fit=650%2C397&ssl=1"},"articleSection":"Altos de Chavon @es","author":[{"@type":"Person","name":"Perkin Agramonte"}],"creator":["Perkin Agramonte"],"publisher":{"@type":"Organization","name":"Casa de Campo Living","logo":"https:\/\/casadecampoliving.com\/wp-content\/uploads\/2022\/07\/CDCLivingLogo_V1-white-sized.png"},"keywords":["altos de chavon","art chavon @es"],"dateCreated":"2014-03-17T04:00:00Z","datePublished":"2014-03-17T04:00:00Z","dateModified":"2022-10-21T22:54:12Z"},"rendered":"<script type=\"application\/ld+json\" class=\"wp-parsely-metadata\">{\"@context\":\"https:\\\/\\\/schema.org\",\"@type\":\"NewsArticle\",\"headline\":\"\\u00a1Continua Art Chav\\u00f3n! Charla sobre dise\\u00f1o gr\\u00e1fico con Frank Baseman\",\"url\":\"http:\\\/\\\/casadecampoliving.com\\\/es\\\/continua-art-chavon-charla-de-diseno-grafico-con-frank-baseman\\\/\",\"mainEntityOfPage\":{\"@type\":\"WebPage\",\"@id\":\"http:\\\/\\\/casadecampoliving.com\\\/es\\\/continua-art-chavon-charla-de-diseno-grafico-con-frank-baseman\\\/\"},\"thumbnailUrl\":\"https:\\\/\\\/i0.wp.com\\\/casadecampoliving.com\\\/wp-content\\\/uploads\\\/2022\\\/10\\\/Art-Chavon.jpg?resize=150%2C150&ssl=1\",\"image\":{\"@type\":\"ImageObject\",\"url\":\"https:\\\/\\\/i0.wp.com\\\/casadecampoliving.com\\\/wp-content\\\/uploads\\\/2022\\\/10\\\/Art-Chavon.jpg?fit=650%2C397&ssl=1\"},\"articleSection\":\"Altos de Chavon @es\",\"author\":[{\"@type\":\"Person\",\"name\":\"Perkin Agramonte\"}],\"creator\":[\"Perkin Agramonte\"],\"publisher\":{\"@type\":\"Organization\",\"name\":\"Casa de Campo Living\",\"logo\":\"https:\\\/\\\/casadecampoliving.com\\\/wp-content\\\/uploads\\\/2022\\\/07\\\/CDCLivingLogo_V1-white-sized.png\"},\"keywords\":[\"altos de chavon\",\"art chavon @es\"],\"dateCreated\":\"2014-03-17T04:00:00Z\",\"datePublished\":\"2014-03-17T04:00:00Z\",\"dateModified\":\"2022-10-21T22:54:12Z\"}<\/script>","tracker_url":"https:\/\/cdn.parsely.com\/keys\/casadecampoliving.com\/p.js"},"jetpack_publicize_connections":[],"jetpack_featured_media_url":"https:\/\/i0.wp.com\/casadecampoliving.com\/wp-content\/uploads\/2022\/10\/Art-Chavon.jpg?fit=650%2C397&ssl=1","jetpack-related-posts":[{"id":323362,"url":"https:\/\/casadecampoliving.com\/art-chavon-continues-graphic-design-talk-frank-baseman\/","url_meta":{"origin":344028,"position":0},"title":"Art Chav\u00f3n continues! Graphic design talk with Frank Baseman","author":"Rebecca Silvestri","date":"17 Mar, 2014","format":false,"excerpt":"This Wednesday March 19th the Art Chavon 2014 fundraising celebration of the Altos de Chavon School of Design continues with a talk on graphic design by Frank Baseman. Join us as Frank Baseman shares his thoughts on graphic design today and his more than 30 year experience, creating effective visual\u2026","rel":"","context":"En \u00abAltos de Chavon\u00bb","block_context":{"text":"Altos de Chavon","link":"https:\/\/casadecampoliving.com\/category\/altos-de-chavon\/"},"img":{"alt_text":"","src":"https:\/\/i0.wp.com\/casadecampoliving.com\/wp-content\/uploads\/2022\/10\/Art-Chavon.jpg?fit=650%2C397&ssl=1&resize=350%2C200","width":350,"height":200,"srcset":"https:\/\/i0.wp.com\/casadecampoliving.com\/wp-content\/uploads\/2022\/10\/Art-Chavon.jpg?fit=650%2C397&ssl=1&resize=350%2C200 1x, https:\/\/i0.wp.com\/casadecampoliving.com\/wp-content\/uploads\/2022\/10\/Art-Chavon.jpg?fit=650%2C397&ssl=1&resize=525%2C300 1.5x"},"classes":[]},{"id":349224,"url":"https:\/\/casadecampoliving.com\/es\/nuevos-programas-en-la-escuela-de-diseno-de-altos-de-chavon\/","url_meta":{"origin":344028,"position":1},"title":"Nuevos programas disponibles en La Escuela de Dise\u00f1o de Altos de Chav\u00f3n","author":"Marlenys Guzm\u00e1n Casta\u00f1os","date":"17 Feb, 2016","format":false,"excerpt":"Altos de Chav\u00f3n ha sido el hogar de la Escuela de Dise\u00f1o de Chav\u00f3n desde 1983 , y es la primera opci\u00f3n para cualquiera que aspire a seguir una carrera en el arte. Tambi\u00e9n tienen un segundo campus ubicado en Santo Domingo, en la que no s\u00f3lo ofrecen las mismas\u2026","rel":"","context":"En \u00abAltos de Chavon @es\u00bb","block_context":{"text":"Altos de Chavon @es","link":"https:\/\/casadecampoliving.com\/category\/altos-de-chavon-es\/"},"img":{"alt_text":"Bellas Artes at Altos de Chavo\u0301n Featured","src":"https:\/\/i0.wp.com\/casadecampoliving.com\/wp-content\/uploads\/2022\/10\/Bellas-Artes-at-Altos-de-Chavo%CC%81n-Featured-1.jpg?fit=650%2C400&ssl=1&resize=350%2C200","width":350,"height":200,"srcset":"https:\/\/i0.wp.com\/casadecampoliving.com\/wp-content\/uploads\/2022\/10\/Bellas-Artes-at-Altos-de-Chavo%CC%81n-Featured-1.jpg?fit=650%2C400&ssl=1&resize=350%2C200 1x, https:\/\/i0.wp.com\/casadecampoliving.com\/wp-content\/uploads\/2022\/10\/Bellas-Artes-at-Altos-de-Chavo%CC%81n-Featured-1.jpg?fit=650%2C400&ssl=1&resize=525%2C300 1.5x"},"classes":[]},{"id":337058,"url":"https:\/\/casadecampoliving.com\/es\/cursos-de-arte-y-diseno-en-altos-de-chavon-arranca-el-ano-con-pilas-nuevas\/","url_meta":{"origin":344028,"position":2},"title":"Cursos de arte y dise\u00f1o en Altos de Chav\u00f3n: \u00a1Arranca el a\u00f1o con pilas nuevas!","author":"","date":"9 Nov, 2011","format":false,"excerpt":"\u201cArranca el a\u00f1o con pilas nuevas\u201d, reza el slogan de la Escuela de Dise\u00f1o de Altos de Chav\u00f3n, con la promoci\u00f3n de los nuevos cursos de arte y dise\u00f1o que ofrecer\u00e1 en enero de 2012. Estos cursos que ser\u00e1n intensivos con una duraci\u00f3n de una o dos semanas, est\u00e1n dise\u00f1ados\u2026","rel":"","context":"En \u00abAltos de Chavon @es\u00bb","block_context":{"text":"Altos de Chavon @es","link":"https:\/\/casadecampoliving.com\/category\/altos-de-chavon-es\/"},"img":{"alt_text":"art altos de chavon","src":"https:\/\/i0.wp.com\/casadecampoliving.com\/wp-content\/uploads\/2022\/10\/art_altos_de_chavon1-8.jpg?fit=650%2C397&ssl=1&resize=350%2C200","width":350,"height":200,"srcset":"https:\/\/i0.wp.com\/casadecampoliving.com\/wp-content\/uploads\/2022\/10\/art_altos_de_chavon1-8.jpg?fit=650%2C397&ssl=1&resize=350%2C200 1x, https:\/\/i0.wp.com\/casadecampoliving.com\/wp-content\/uploads\/2022\/10\/art_altos_de_chavon1-8.jpg?fit=650%2C397&ssl=1&resize=525%2C300 1.5x"},"classes":[]},{"id":345233,"url":"https:\/\/casadecampoliving.com\/es\/exposicion-traces-caribbean-europe\/","url_meta":{"origin":344028,"position":3},"title":"Exposici\u00f3n \u2018\u2019Traces From The Caribbean and Europe\u2019\u2019","author":"Daniela Medina","date":"3 Sep, 2014","format":false,"excerpt":"\u00bfFan\u00e1tico del arte? Pues tenemos buenas noticias, el pr\u00f3ximo jueves 11 de septiembre la Fundaci\u00f3n Altos de Chav\u00f3n inaugurar\u00e1 una nueva exhibici\u00f3n\u00a0\u201cTraces from the Caribbean and Europe\u201d (Rastros del Caribe y Europa) de los artistas Luis Mu\u00f1oz (dominicano) y Aleksandar Azdic (serbio). Una colecci\u00f3n que representa los aportes art\u00edstico-culturales de\u2026","rel":"","context":"En \u00abAltos de Chavon @es\u00bb","block_context":{"text":"Altos de Chavon @es","link":"https:\/\/casadecampoliving.com\/category\/altos-de-chavon-es\/"},"img":{"alt_text":"","src":"https:\/\/i0.wp.com\/casadecampoliving.com\/wp-content\/uploads\/2022\/10\/traces-from-the-caribbean-and-europe-e1409664422992-1.jpg?fit=598%2C451&ssl=1&resize=350%2C200","width":350,"height":200,"srcset":"https:\/\/i0.wp.com\/casadecampoliving.com\/wp-content\/uploads\/2022\/10\/traces-from-the-caribbean-and-europe-e1409664422992-1.jpg?fit=598%2C451&ssl=1&resize=350%2C200 1x, https:\/\/i0.wp.com\/casadecampoliving.com\/wp-content\/uploads\/2022\/10\/traces-from-the-caribbean-and-europe-e1409664422992-1.jpg?fit=598%2C451&ssl=1&resize=525%2C300 1.5x"},"classes":[]},{"id":343454,"url":"https:\/\/casadecampoliving.com\/es\/chavoneros-emilio-oscar\/","url_meta":{"origin":344028,"position":4},"title":"Historia de Chavoneros: \u201cEn la escuela, se respira y se vive arte\u201d &#8211; Emilio Oscar","author":"Perkin Agramonte","date":"19 Ene, 2014","format":false,"excerpt":"La prestigiosa Escuela de Arte y Dise\u00f1o Altos de Chav\u00f3n, la cual ha estado graduando estudiantes desde el a\u00f1o 1983, se ha convertido en la casa de muchos artistas y dise\u00f1adores dominicanos como tambi\u00e9n extranjeros ahora reconocidos por su importante trabajo dentro del mundo de la Moda, Dise\u00f1o Gr\u00e1fico y\u2026","rel":"","context":"En \u00abAltos de Chavon @es\u00bb","block_context":{"text":"Altos de Chavon @es","link":"https:\/\/casadecampoliving.com\/category\/altos-de-chavon-es\/"},"img":{"alt_text":"Emilio Oscar arte","src":"https:\/\/i0.wp.com\/casadecampoliving.com\/wp-content\/uploads\/2022\/10\/emilio-1-scaled.jpg?fit=1200%2C800&ssl=1&resize=350%2C200","width":350,"height":200,"srcset":"https:\/\/i0.wp.com\/casadecampoliving.com\/wp-content\/uploads\/2022\/10\/emilio-1-scaled.jpg?fit=1200%2C800&ssl=1&resize=350%2C200 1x, https:\/\/i0.wp.com\/casadecampoliving.com\/wp-content\/uploads\/2022\/10\/emilio-1-scaled.jpg?fit=1200%2C800&ssl=1&resize=525%2C300 1.5x, https:\/\/i0.wp.com\/casadecampoliving.com\/wp-content\/uploads\/2022\/10\/emilio-1-scaled.jpg?fit=1200%2C800&ssl=1&resize=700%2C400 2x, https:\/\/i0.wp.com\/casadecampoliving.com\/wp-content\/uploads\/2022\/10\/emilio-1-scaled.jpg?fit=1200%2C800&ssl=1&resize=1050%2C600 3x"},"classes":[]},{"id":345480,"url":"https:\/\/casadecampoliving.com\/es\/ultima-oportunidad-para-ver-traces-caribbean-europe\/","url_meta":{"origin":344028,"position":5},"title":"\u00daltima oportunidad para ver \u00abTraces From The Caribbean &#038; Europe\u00bb","author":"Daniela Medina","date":"30 Sep, 2014","format":false,"excerpt":"La pr\u00f3xima semana ser\u00e1 su \u00faltima oportunidad de visitar la exhibici\u00f3n \"Traces from the Caribbean and Europe\" en Altos de Chav\u00f3n - esta gran exhibici\u00f3n cierra el lunes 13 de Octubre. El arte incre\u00edble producido por los artistas Luis Mu\u00f1oz (de la Rep\u00fablica Dominicana) y Aleksander Azdic (de Serbia) ser\u00e1\u2026","rel":"","context":"En \u00abAltos de Chavon @es\u00bb","block_context":{"text":"Altos de Chavon @es","link":"https:\/\/casadecampoliving.com\/category\/altos-de-chavon-es\/"},"img":{"alt_text":"","src":"https:\/\/i0.wp.com\/casadecampoliving.com\/wp-content\/uploads\/2022\/10\/IMG_4743-1.jpg?fit=800%2C600&ssl=1&resize=350%2C200","width":350,"height":200,"srcset":"https:\/\/i0.wp.com\/casadecampoliving.com\/wp-content\/uploads\/2022\/10\/IMG_4743-1.jpg?fit=800%2C600&ssl=1&resize=350%2C200 1x, https:\/\/i0.wp.com\/casadecampoliving.com\/wp-content\/uploads\/2022\/10\/IMG_4743-1.jpg?fit=800%2C600&ssl=1&resize=525%2C300 1.5x, https:\/\/i0.wp.com\/casadecampoliving.com\/wp-content\/uploads\/2022\/10\/IMG_4743-1.jpg?fit=800%2C600&ssl=1&resize=700%2C400 2x"},"classes":[]}],"jetpack_sharing_enabled":true,"_links":{"self":[{"href":"https:\/\/casadecampoliving.com\/es\/wp-json\/wp\/v2\/posts\/344028","targetHints":{"allow":["GET"]}}],"collection":[{"href":"https:\/\/casadecampoliving.com\/es\/wp-json\/wp\/v2\/posts"}],"about":[{"href":"https:\/\/casadecampoliving.com\/es\/wp-json\/wp\/v2\/types\/post"}],"author":[{"embeddable":true,"href":"https:\/\/casadecampoliving.com\/es\/wp-json\/wp\/v2\/users\/1097"}],"replies":[{"embeddable":true,"href":"https:\/\/casadecampoliving.com\/es\/wp-json\/wp\/v2\/comments?post=344028"}],"version-history":[{"count":1,"href":"https:\/\/casadecampoliving.com\/es\/wp-json\/wp\/v2\/posts\/344028\/revisions"}],"predecessor-version":[{"id":344029,"href":"https:\/\/casadecampoliving.com\/es\/wp-json\/wp\/v2\/posts\/344028\/revisions\/344029"}],"wp:featuredmedia":[{"embeddable":true,"href":"https:\/\/casadecampoliving.com\/es\/wp-json\/wp\/v2\/media\/270382"}],"wp:attachment":[{"href":"https:\/\/casadecampoliving.com\/es\/wp-json\/wp\/v2\/media?parent=344028"}],"wp:term":[{"taxonomy":"category","embeddable":true,"href":"https:\/\/casadecampoliving.com\/es\/wp-json\/wp\/v2\/categories?post=344028"},{"taxonomy":"post_tag","embeddable":true,"href":"https:\/\/casadecampoliving.com\/es\/wp-json\/wp\/v2\/tags?post=344028"},{"taxonomy":"newspack_spnsrs_tax","embeddable":true,"href":"https:\/\/casadecampoliving.com\/es\/wp-json\/wp\/v2\/newspack_spnsrs_tax?post=344028"}],"curies":[{"name":"wp","href":"https:\/\/api.w.org\/{rel}","templated":true}]}}