{"id":344016,"date":"2014-03-14T00:00:00","date_gmt":"2014-03-14T04:00:00","guid":{"rendered":"https:\/\/casadecampoliving.com\/davidoff-art-initiative-sera-la-primera-nueva-construccion-en-altos-de-chavon-en-38-anos-de-historia\/"},"modified":"2022-11-10T10:42:26","modified_gmt":"2022-11-10T14:42:26","slug":"davidoff-art-initiative-sera-la-primera-nueva-construccion-en-altos-de-chavon-en-38-anos-de-historia","status":"publish","type":"post","link":"https:\/\/casadecampoliving.com\/es\/davidoff-art-initiative-sera-la-primera-nueva-construccion-en-altos-de-chavon-en-38-anos-de-historia\/","title":{"rendered":"Davidoff Art Initiative ser\u00e1 la primera nueva construcci\u00f3n en Altos de Chav\u00f3n en 38 a\u00f1os de historia"},"content":{"rendered":"<img data-recalc-dims=\"1\" loading=\"lazy\" decoding=\"async\" class=\"aligncenter size-full wp-image-86980\" alt=\"Dominique Bludhorn Hans-Kristian Hoejsgaard Stephen Kaplan Claudio Silvestri\" src=\"https:\/\/i0.wp.com\/casadecampoliving.com\/wp-content\/uploads\/2022\/10\/Dominique-Bludhorn_Hans-Kristian-Hoejsgaard_Stephen-Kaplan_Claudio-Silvestri.jpg?resize=650%2C541&#038;ssl=1\" width=\"650\" height=\"541\" \/><em><strong>\u00abAl igual que el d\u00eda de hoy, 38 a\u00f1os atr\u00e1s ten\u00edamos palas y picos aqu\u00ed, y esa podr\u00eda \u00a0haber sido la \u00faltima vez que las tuvi\u00e9semos en este lugar&#8230; y fue cuando un visionario y emprendedor presidente decidi\u00f3 empezar con la construcci\u00f3n de Altos de Chav\u00f3n,\u00bb<\/strong><\/em> fueron las palabras de apertura \u00a0de Dominique Bluhdorn, presidente de la Fundaci\u00f3n Cultural Altos de Chav\u00f3n en la reciente ceremonia de primer picazo para lo que ser\u00e1 Davidoff Art Initiative en Altos de Chav\u00f3n.\n\n<!--more-->Hace 38 a\u00f1os, Charles Bluhdorn, el padre de Dominique y lider del imperio Gulf + Western, quien en ese entonces era propietario de Casa de Campo y South Puerto Rico Sugar Company, hoy Central Romana, fund\u00f3 Altos de Chav\u00f3n. Era exactamente como su hija Dominique lo describia \u00ab<em><strong>una colina con mucha vegetaci\u00f3n y nada m\u00e1s\u00bb<\/strong><\/em>, Altos de Chav\u00f3n al cabo de 38 a\u00f1os se ha catapultado de tal manera que en la actualidad es un importante centro cultural y art\u00edstico no solo en la Rep\u00fablica Dominicana sino tambi\u00e9n en todo el Caribe.\n\n<img data-recalc-dims=\"1\" loading=\"lazy\" decoding=\"async\" class=\"alignright  wp-image-86982\" style=\"margin-left: 15px; margin-right: 15px;\" alt=\"Hans-Kristian Hoejsgaard Claudio Silvestri\" src=\"https:\/\/i0.wp.com\/casadecampoliving.com\/wp-content\/uploads\/2022\/10\/Hans-Kristian-Hoejsgaard_Claudio-Silvestri.jpg?resize=300%2C382&#038;ssl=1\" width=\"300\" height=\"382\" \/>\n\nEn el d\u00eda de hoy con el inicio de Davidoff Art Initiative, se convierte en la primera construcci\u00f3n nueva en Altos de Chav\u00f3n en casi 4 d\u00e9cadas, celebramos el comienzo de un nuevo cap\u00edtulo en la historia de Altos de Chav\u00f3n y el arte en Rep\u00fablica Dominicana y el Caribe.\n\n<em><strong>\u00abEstamos creando algo especial en Altos de Chav\u00f3n. Nuestra misi\u00f3n secreta es asegurarnos de que Chav\u00f3n se posicione como el mayor lugar art\u00edstico en todo el Caribe,\u00bb<\/strong><\/em>\u00a0explic\u00f3 Claudio Silvestri, presidente del resort Casa de Campo.\n\nEl primer picazo para las instalaciones de los nuevos estudios art\u00edsticos para la Residencia de Arte Davidoff en la Escuela de Arte y Dise\u00f1o Altos de Chav\u00f3n tuvo lugar el pasado s\u00e1bado 1ro de marzo, siendo la culminaci\u00f3n del primer Fin de Semana de Arte Davidoff. En la futura locaci\u00f3n de los estudios, dise\u00f1ados por \u00a0Adolfo Despradel,\u00a0Hans-Kristian Hoejsgaard, presidente ejecutivo de\u00a0Oettinger Davidoff AG junto a Dominique Bluhdorn, Claudio Silvestri y Stephen Kaplan decano de estudios \u00a0de la Escuela de Arte y Dise\u00f1o Altos de Chav\u00f3n, formaron parte de la ocasi\u00f3n.\n\n<em><strong>\u00abEl establecimiento de este nuevo programa de residencias internacionales en Altos de Chav\u00f3n es el pr\u00f3ximo gran paso para Davidoff Art Initiative, \u00ab<\/strong><\/em> coment\u00f3 Hans-Kristian Hoejsgaard, Presidente Ejecutivo de Oettinger Davidoff AG. <em><strong>\u00abEl enfoque de Oettinger Davidoff, es recompensar a la comunidad cultural, donde estan basadas muchas de nuestras producciones asi como nuestros empleados. La inauguraci\u00f3n del Fin de Semana de arte Davidoff fue con el fin de concientizar las comunidades de arte para buscar un enfoque com\u00fan en esta misi\u00f3n compartida. Estamos encantados de trabajar con la Escuela de Arte y Dise\u00f1o Altos de Chav\u00f3n al igual que con Casa de Campo para ayudar a convertir en realidad nuestra misi\u00f3n a largo plazo en la Rep\u00fablica Dominicana.\u00bb<\/strong><\/em>\n\nTambi\u00e9n asistieron al evento para presenciar este momento crucial, un gran n\u00famero de ex estudiantes de Altos de Chav\u00f3n, invitados internacionales, as\u00ed como personalidades importantes en Casa de Campo tales como Philip Silvestri, Presidente Ejecutivo y fundador de SILGON, creadores de CasaLife y quienes recientemente lanzaron el nuevo sitio web de la Escuela Altos de Chav\u00f3n:\u00a0<a href=\"http:\/\/www.altosdechavon.edu.do\" target=\"_blank\" rel=\"noopener\">www.altosdechavon.edu.do<\/a>\n<p style=\"text-align: center;\"><strong>Hans-Kristian Hoejsgaard, Stephen Kaplan, Raquel y Eduardo Lima<\/strong>\n<img data-recalc-dims=\"1\" loading=\"lazy\" decoding=\"async\" class=\"aligncenter size-full wp-image-86985\" alt=\"Hans-Kristian Hoejsgaard Stephen Kaplan Raquel Lima Eduardo-lima\" src=\"https:\/\/i0.wp.com\/casadecampoliving.com\/wp-content\/uploads\/2022\/10\/Hans-Kristian-Hoejsgaard_Stephen_kaplan_raquel_lima_eduardo-lima.jpg?resize=650%2C456&#038;ssl=1\" width=\"650\" height=\"456\" \/><\/p>\nSeguido de la ceremonia los invitados disfrutaron de un c\u00f3ctel en La Galer\u00eda Altos de Chav\u00f3n, donde las impresionantes obras de los estudiantes de la Escuela, as\u00ed como las de algunos artistas en residencia fueron presentadas como parte de la exhibici\u00f3n Art Chav\u00f3n. Uni\u00e9ndose al grupo para el c\u00f3ctel estuvo Eduardo Lima del Central Romana, quien ha sido instrumento imprescindible para convertir en realidad la Residencia de Arte Davidoff. La celebraci\u00f3n continu\u00f3 con una cena rom\u00e1ntica en la terraza del restaurante La Piazzetta en altos de Chav\u00f3n.\n\nLa construcci\u00f3n de las instalaciones para la residencia de artistas empezar\u00e1 este a\u00f1o, y la Residencia de Arte Davidoff en Altos de Chav\u00f3n recibir\u00e1 los primeros cinco artistas internacionales en junio del a\u00f1o 2015, \u00a0fortaleciendo a\u00fan m\u00e1s los lazos entre la comunidad de arte local y las del resto del mundo.\n\nLas siguientes fotos fueron tomadas en la ceremonia de primer picazo para lo que ser\u00e1n las instalaciones de los estudios art\u00edsticos de la Residencia de Arte Davidoff en Altos de Chav\u00f3n, el s\u00e1bado 1ro de marzo:\u00a0\n<figure class=\"wp-block-gallery has-nested-images columns-default is-cropped wp-block-gallery-1 is-layout-flex wp-block-gallery-is-layout-flex\">\n<figure class=\"wp-block-image size-large\"><img data-recalc-dims=\"1\" loading=\"lazy\" decoding=\"async\" width=\"750\" height=\"498\" data-id=\"397967\" src=\"https:\/\/i0.wp.com\/casadecampoliving.com\/wp-content\/uploads\/2022\/10\/13-iniciativa-de-arte-davidoff-santo-domingo-la-romana-2014-by-fotografika-124-low.jpg?resize=750%2C498&#038;ssl=1\" alt=\"\" class=\"wp-image-397967\" srcset=\"https:\/\/i0.wp.com\/casadecampoliving.com\/wp-content\/uploads\/2022\/10\/13-iniciativa-de-arte-davidoff-santo-domingo-la-romana-2014-by-fotografika-124-low.jpg?w=750&amp;ssl=1 750w, https:\/\/i0.wp.com\/casadecampoliving.com\/wp-content\/uploads\/2022\/10\/13-iniciativa-de-arte-davidoff-santo-domingo-la-romana-2014-by-fotografika-124-low.jpg?resize=300%2C199&amp;ssl=1 300w, https:\/\/i0.wp.com\/casadecampoliving.com\/wp-content\/uploads\/2022\/10\/13-iniciativa-de-arte-davidoff-santo-domingo-la-romana-2014-by-fotografika-124-low.jpg?resize=400%2C266&amp;ssl=1 400w, https:\/\/i0.wp.com\/casadecampoliving.com\/wp-content\/uploads\/2022\/10\/13-iniciativa-de-arte-davidoff-santo-domingo-la-romana-2014-by-fotografika-124-low.jpg?resize=706%2C469&amp;ssl=1 706w, https:\/\/i0.wp.com\/casadecampoliving.com\/wp-content\/uploads\/2022\/10\/13-iniciativa-de-arte-davidoff-santo-domingo-la-romana-2014-by-fotografika-124-low.jpg?resize=150%2C100&amp;ssl=1 150w, https:\/\/i0.wp.com\/casadecampoliving.com\/wp-content\/uploads\/2022\/10\/13-iniciativa-de-arte-davidoff-santo-domingo-la-romana-2014-by-fotografika-124-low.jpg?w=370&amp;ssl=1 370w\" sizes=\"auto, (max-width: 750px) 100vw, 750px\" \/><\/figure>\n\n\n\n<figure class=\"wp-block-image size-large\"><img data-recalc-dims=\"1\" loading=\"lazy\" decoding=\"async\" width=\"750\" height=\"498\" data-id=\"397986\" src=\"https:\/\/i0.wp.com\/casadecampoliving.com\/wp-content\/uploads\/2022\/10\/14-iniciativa-de-arte-davidoff-santo-domingo-la-romana-2014-by-fotografika-130-low.jpg?resize=750%2C498&#038;ssl=1\" alt=\"\" class=\"wp-image-397986\" srcset=\"https:\/\/i0.wp.com\/casadecampoliving.com\/wp-content\/uploads\/2022\/10\/14-iniciativa-de-arte-davidoff-santo-domingo-la-romana-2014-by-fotografika-130-low.jpg?w=750&amp;ssl=1 750w, https:\/\/i0.wp.com\/casadecampoliving.com\/wp-content\/uploads\/2022\/10\/14-iniciativa-de-arte-davidoff-santo-domingo-la-romana-2014-by-fotografika-130-low.jpg?resize=300%2C199&amp;ssl=1 300w, https:\/\/i0.wp.com\/casadecampoliving.com\/wp-content\/uploads\/2022\/10\/14-iniciativa-de-arte-davidoff-santo-domingo-la-romana-2014-by-fotografika-130-low.jpg?resize=400%2C266&amp;ssl=1 400w, https:\/\/i0.wp.com\/casadecampoliving.com\/wp-content\/uploads\/2022\/10\/14-iniciativa-de-arte-davidoff-santo-domingo-la-romana-2014-by-fotografika-130-low.jpg?resize=706%2C469&amp;ssl=1 706w, https:\/\/i0.wp.com\/casadecampoliving.com\/wp-content\/uploads\/2022\/10\/14-iniciativa-de-arte-davidoff-santo-domingo-la-romana-2014-by-fotografika-130-low.jpg?resize=150%2C100&amp;ssl=1 150w, https:\/\/i0.wp.com\/casadecampoliving.com\/wp-content\/uploads\/2022\/10\/14-iniciativa-de-arte-davidoff-santo-domingo-la-romana-2014-by-fotografika-130-low.jpg?w=370&amp;ssl=1 370w\" sizes=\"auto, (max-width: 750px) 100vw, 750px\" \/><\/figure>\n\n\n\n<figure class=\"wp-block-image size-large\"><img data-recalc-dims=\"1\" loading=\"lazy\" decoding=\"async\" width=\"750\" height=\"498\" data-id=\"398011\" src=\"https:\/\/i0.wp.com\/casadecampoliving.com\/wp-content\/uploads\/2022\/10\/15-iniciativa-de-arte-davidoff-santo-domingo-la-romana-2014-by-fotografika-134-low.jpg?resize=750%2C498&#038;ssl=1\" alt=\"\" class=\"wp-image-398011\" srcset=\"https:\/\/i0.wp.com\/casadecampoliving.com\/wp-content\/uploads\/2022\/10\/15-iniciativa-de-arte-davidoff-santo-domingo-la-romana-2014-by-fotografika-134-low.jpg?w=750&amp;ssl=1 750w, https:\/\/i0.wp.com\/casadecampoliving.com\/wp-content\/uploads\/2022\/10\/15-iniciativa-de-arte-davidoff-santo-domingo-la-romana-2014-by-fotografika-134-low.jpg?resize=300%2C199&amp;ssl=1 300w, https:\/\/i0.wp.com\/casadecampoliving.com\/wp-content\/uploads\/2022\/10\/15-iniciativa-de-arte-davidoff-santo-domingo-la-romana-2014-by-fotografika-134-low.jpg?resize=400%2C266&amp;ssl=1 400w, https:\/\/i0.wp.com\/casadecampoliving.com\/wp-content\/uploads\/2022\/10\/15-iniciativa-de-arte-davidoff-santo-domingo-la-romana-2014-by-fotografika-134-low.jpg?resize=706%2C469&amp;ssl=1 706w, https:\/\/i0.wp.com\/casadecampoliving.com\/wp-content\/uploads\/2022\/10\/15-iniciativa-de-arte-davidoff-santo-domingo-la-romana-2014-by-fotografika-134-low.jpg?resize=150%2C100&amp;ssl=1 150w, https:\/\/i0.wp.com\/casadecampoliving.com\/wp-content\/uploads\/2022\/10\/15-iniciativa-de-arte-davidoff-santo-domingo-la-romana-2014-by-fotografika-134-low.jpg?w=370&amp;ssl=1 370w\" sizes=\"auto, (max-width: 750px) 100vw, 750px\" \/><\/figure>\n\n\n\n<figure class=\"wp-block-image size-large\"><img data-recalc-dims=\"1\" loading=\"lazy\" decoding=\"async\" width=\"750\" height=\"516\" data-id=\"398028\" src=\"https:\/\/i0.wp.com\/casadecampoliving.com\/wp-content\/uploads\/2022\/10\/16-iniciativa-de-arte-davidoff-santo-domingo-la-romana-2014-by-fotografika-137-low.jpg?resize=750%2C516&#038;ssl=1\" alt=\"\" class=\"wp-image-398028\" srcset=\"https:\/\/i0.wp.com\/casadecampoliving.com\/wp-content\/uploads\/2022\/10\/16-iniciativa-de-arte-davidoff-santo-domingo-la-romana-2014-by-fotografika-137-low.jpg?w=750&amp;ssl=1 750w, https:\/\/i0.wp.com\/casadecampoliving.com\/wp-content\/uploads\/2022\/10\/16-iniciativa-de-arte-davidoff-santo-domingo-la-romana-2014-by-fotografika-137-low.jpg?resize=300%2C206&amp;ssl=1 300w, https:\/\/i0.wp.com\/casadecampoliving.com\/wp-content\/uploads\/2022\/10\/16-iniciativa-de-arte-davidoff-santo-domingo-la-romana-2014-by-fotografika-137-low.jpg?resize=400%2C275&amp;ssl=1 400w, https:\/\/i0.wp.com\/casadecampoliving.com\/wp-content\/uploads\/2022\/10\/16-iniciativa-de-arte-davidoff-santo-domingo-la-romana-2014-by-fotografika-137-low.jpg?resize=706%2C486&amp;ssl=1 706w, https:\/\/i0.wp.com\/casadecampoliving.com\/wp-content\/uploads\/2022\/10\/16-iniciativa-de-arte-davidoff-santo-domingo-la-romana-2014-by-fotografika-137-low.jpg?resize=150%2C103&amp;ssl=1 150w, https:\/\/i0.wp.com\/casadecampoliving.com\/wp-content\/uploads\/2022\/10\/16-iniciativa-de-arte-davidoff-santo-domingo-la-romana-2014-by-fotografika-137-low.jpg?w=370&amp;ssl=1 370w\" sizes=\"auto, (max-width: 750px) 100vw, 750px\" \/><\/figure>\n\n\n\n<figure class=\"wp-block-image size-large\"><img data-recalc-dims=\"1\" loading=\"lazy\" decoding=\"async\" width=\"750\" height=\"498\" data-id=\"398048\" src=\"https:\/\/i0.wp.com\/casadecampoliving.com\/wp-content\/uploads\/2022\/10\/17-iniciativa-de-arte-davidoff-santo-domingo-la-romana-2014-by-fotografika-143-low.jpg?resize=750%2C498&#038;ssl=1\" alt=\"\" class=\"wp-image-398048\" srcset=\"https:\/\/i0.wp.com\/casadecampoliving.com\/wp-content\/uploads\/2022\/10\/17-iniciativa-de-arte-davidoff-santo-domingo-la-romana-2014-by-fotografika-143-low.jpg?w=750&amp;ssl=1 750w, https:\/\/i0.wp.com\/casadecampoliving.com\/wp-content\/uploads\/2022\/10\/17-iniciativa-de-arte-davidoff-santo-domingo-la-romana-2014-by-fotografika-143-low.jpg?resize=300%2C199&amp;ssl=1 300w, https:\/\/i0.wp.com\/casadecampoliving.com\/wp-content\/uploads\/2022\/10\/17-iniciativa-de-arte-davidoff-santo-domingo-la-romana-2014-by-fotografika-143-low.jpg?resize=400%2C266&amp;ssl=1 400w, https:\/\/i0.wp.com\/casadecampoliving.com\/wp-content\/uploads\/2022\/10\/17-iniciativa-de-arte-davidoff-santo-domingo-la-romana-2014-by-fotografika-143-low.jpg?resize=706%2C469&amp;ssl=1 706w, https:\/\/i0.wp.com\/casadecampoliving.com\/wp-content\/uploads\/2022\/10\/17-iniciativa-de-arte-davidoff-santo-domingo-la-romana-2014-by-fotografika-143-low.jpg?resize=150%2C100&amp;ssl=1 150w, https:\/\/i0.wp.com\/casadecampoliving.com\/wp-content\/uploads\/2022\/10\/17-iniciativa-de-arte-davidoff-santo-domingo-la-romana-2014-by-fotografika-143-low.jpg?w=370&amp;ssl=1 370w\" sizes=\"auto, (max-width: 750px) 100vw, 750px\" \/><\/figure>\n\n\n\n<figure class=\"wp-block-image size-large\"><img data-recalc-dims=\"1\" loading=\"lazy\" decoding=\"async\" width=\"563\" height=\"600\" data-id=\"398074\" src=\"https:\/\/i0.wp.com\/casadecampoliving.com\/wp-content\/uploads\/2022\/10\/18-iniciativa-de-arte-davidoff-santo-domingo-la-romana-2014-by-fotografika-149-low.jpg?resize=563%2C600&#038;ssl=1\" alt=\"\" class=\"wp-image-398074\" srcset=\"https:\/\/i0.wp.com\/casadecampoliving.com\/wp-content\/uploads\/2022\/10\/18-iniciativa-de-arte-davidoff-santo-domingo-la-romana-2014-by-fotografika-149-low.jpg?w=563&amp;ssl=1 563w, https:\/\/i0.wp.com\/casadecampoliving.com\/wp-content\/uploads\/2022\/10\/18-iniciativa-de-arte-davidoff-santo-domingo-la-romana-2014-by-fotografika-149-low.jpg?resize=282%2C300&amp;ssl=1 282w, https:\/\/i0.wp.com\/casadecampoliving.com\/wp-content\/uploads\/2022\/10\/18-iniciativa-de-arte-davidoff-santo-domingo-la-romana-2014-by-fotografika-149-low.jpg?resize=400%2C426&amp;ssl=1 400w, https:\/\/i0.wp.com\/casadecampoliving.com\/wp-content\/uploads\/2022\/10\/18-iniciativa-de-arte-davidoff-santo-domingo-la-romana-2014-by-fotografika-149-low.jpg?resize=150%2C160&amp;ssl=1 150w, https:\/\/i0.wp.com\/casadecampoliving.com\/wp-content\/uploads\/2022\/10\/18-iniciativa-de-arte-davidoff-santo-domingo-la-romana-2014-by-fotografika-149-low.jpg?w=370&amp;ssl=1 370w\" sizes=\"auto, (max-width: 563px) 100vw, 563px\" \/><\/figure>\n\n\n\n<figure class=\"wp-block-image size-large\"><img data-recalc-dims=\"1\" loading=\"lazy\" decoding=\"async\" width=\"750\" height=\"532\" data-id=\"398093\" src=\"https:\/\/i0.wp.com\/casadecampoliving.com\/wp-content\/uploads\/2022\/10\/19-iniciativa-de-arte-davidoff-santo-domingo-la-romana-2014-by-fotografika-154-low.jpg?resize=750%2C532&#038;ssl=1\" alt=\"\" class=\"wp-image-398093\" srcset=\"https:\/\/i0.wp.com\/casadecampoliving.com\/wp-content\/uploads\/2022\/10\/19-iniciativa-de-arte-davidoff-santo-domingo-la-romana-2014-by-fotografika-154-low.jpg?w=750&amp;ssl=1 750w, https:\/\/i0.wp.com\/casadecampoliving.com\/wp-content\/uploads\/2022\/10\/19-iniciativa-de-arte-davidoff-santo-domingo-la-romana-2014-by-fotografika-154-low.jpg?resize=300%2C213&amp;ssl=1 300w, https:\/\/i0.wp.com\/casadecampoliving.com\/wp-content\/uploads\/2022\/10\/19-iniciativa-de-arte-davidoff-santo-domingo-la-romana-2014-by-fotografika-154-low.jpg?resize=400%2C284&amp;ssl=1 400w, https:\/\/i0.wp.com\/casadecampoliving.com\/wp-content\/uploads\/2022\/10\/19-iniciativa-de-arte-davidoff-santo-domingo-la-romana-2014-by-fotografika-154-low.jpg?resize=706%2C501&amp;ssl=1 706w, https:\/\/i0.wp.com\/casadecampoliving.com\/wp-content\/uploads\/2022\/10\/19-iniciativa-de-arte-davidoff-santo-domingo-la-romana-2014-by-fotografika-154-low.jpg?resize=150%2C106&amp;ssl=1 150w, https:\/\/i0.wp.com\/casadecampoliving.com\/wp-content\/uploads\/2022\/10\/19-iniciativa-de-arte-davidoff-santo-domingo-la-romana-2014-by-fotografika-154-low.jpg?w=370&amp;ssl=1 370w\" sizes=\"auto, (max-width: 750px) 100vw, 750px\" \/><\/figure>\n\n\n\n<figure class=\"wp-block-image size-large\"><img data-recalc-dims=\"1\" loading=\"lazy\" decoding=\"async\" width=\"750\" height=\"498\" data-id=\"398113\" src=\"https:\/\/i0.wp.com\/casadecampoliving.com\/wp-content\/uploads\/2022\/10\/20-iniciativa-de-arte-davidoff-santo-domingo-la-romana-2014-by-fotografika-161-low.jpg?resize=750%2C498&#038;ssl=1\" alt=\"\" class=\"wp-image-398113\" srcset=\"https:\/\/i0.wp.com\/casadecampoliving.com\/wp-content\/uploads\/2022\/10\/20-iniciativa-de-arte-davidoff-santo-domingo-la-romana-2014-by-fotografika-161-low.jpg?w=750&amp;ssl=1 750w, https:\/\/i0.wp.com\/casadecampoliving.com\/wp-content\/uploads\/2022\/10\/20-iniciativa-de-arte-davidoff-santo-domingo-la-romana-2014-by-fotografika-161-low.jpg?resize=300%2C199&amp;ssl=1 300w, https:\/\/i0.wp.com\/casadecampoliving.com\/wp-content\/uploads\/2022\/10\/20-iniciativa-de-arte-davidoff-santo-domingo-la-romana-2014-by-fotografika-161-low.jpg?resize=400%2C266&amp;ssl=1 400w, https:\/\/i0.wp.com\/casadecampoliving.com\/wp-content\/uploads\/2022\/10\/20-iniciativa-de-arte-davidoff-santo-domingo-la-romana-2014-by-fotografika-161-low.jpg?resize=706%2C469&amp;ssl=1 706w, https:\/\/i0.wp.com\/casadecampoliving.com\/wp-content\/uploads\/2022\/10\/20-iniciativa-de-arte-davidoff-santo-domingo-la-romana-2014-by-fotografika-161-low.jpg?resize=150%2C100&amp;ssl=1 150w, https:\/\/i0.wp.com\/casadecampoliving.com\/wp-content\/uploads\/2022\/10\/20-iniciativa-de-arte-davidoff-santo-domingo-la-romana-2014-by-fotografika-161-low.jpg?w=370&amp;ssl=1 370w\" sizes=\"auto, (max-width: 750px) 100vw, 750px\" \/><\/figure>\n\n\n\n<figure class=\"wp-block-image size-large\"><img data-recalc-dims=\"1\" loading=\"lazy\" decoding=\"async\" width=\"732\" height=\"600\" data-id=\"398134\" src=\"https:\/\/i0.wp.com\/casadecampoliving.com\/wp-content\/uploads\/2022\/10\/21-iniciativa-de-arte-davidoff-santo-domingo-la-romana-2014-by-fotografika-165-low.jpg?resize=732%2C600&#038;ssl=1\" alt=\"\" class=\"wp-image-398134\" srcset=\"https:\/\/i0.wp.com\/casadecampoliving.com\/wp-content\/uploads\/2022\/10\/21-iniciativa-de-arte-davidoff-santo-domingo-la-romana-2014-by-fotografika-165-low.jpg?w=732&amp;ssl=1 732w, https:\/\/i0.wp.com\/casadecampoliving.com\/wp-content\/uploads\/2022\/10\/21-iniciativa-de-arte-davidoff-santo-domingo-la-romana-2014-by-fotografika-165-low.jpg?resize=300%2C246&amp;ssl=1 300w, https:\/\/i0.wp.com\/casadecampoliving.com\/wp-content\/uploads\/2022\/10\/21-iniciativa-de-arte-davidoff-santo-domingo-la-romana-2014-by-fotografika-165-low.jpg?resize=400%2C328&amp;ssl=1 400w, https:\/\/i0.wp.com\/casadecampoliving.com\/wp-content\/uploads\/2022\/10\/21-iniciativa-de-arte-davidoff-santo-domingo-la-romana-2014-by-fotografika-165-low.jpg?resize=706%2C579&amp;ssl=1 706w, https:\/\/i0.wp.com\/casadecampoliving.com\/wp-content\/uploads\/2022\/10\/21-iniciativa-de-arte-davidoff-santo-domingo-la-romana-2014-by-fotografika-165-low.jpg?resize=150%2C123&amp;ssl=1 150w, https:\/\/i0.wp.com\/casadecampoliving.com\/wp-content\/uploads\/2022\/10\/21-iniciativa-de-arte-davidoff-santo-domingo-la-romana-2014-by-fotografika-165-low.jpg?w=370&amp;ssl=1 370w\" sizes=\"auto, (max-width: 732px) 100vw, 732px\" \/><\/figure>\n\n\n\n<figure class=\"wp-block-image size-large\"><img data-recalc-dims=\"1\" loading=\"lazy\" decoding=\"async\" width=\"800\" height=\"531\" data-id=\"398155\" src=\"https:\/\/i0.wp.com\/casadecampoliving.com\/wp-content\/uploads\/2022\/10\/22-iniciativa-de-arte-davidoff-santo-domingo-la-romana-2014-by-fotografika-170-low.jpg?resize=800%2C531&#038;ssl=1\" alt=\"\" class=\"wp-image-398155\" srcset=\"https:\/\/i0.wp.com\/casadecampoliving.com\/wp-content\/uploads\/2022\/10\/22-iniciativa-de-arte-davidoff-santo-domingo-la-romana-2014-by-fotografika-170-low.jpg?w=800&amp;ssl=1 800w, https:\/\/i0.wp.com\/casadecampoliving.com\/wp-content\/uploads\/2022\/10\/22-iniciativa-de-arte-davidoff-santo-domingo-la-romana-2014-by-fotografika-170-low.jpg?resize=300%2C199&amp;ssl=1 300w, https:\/\/i0.wp.com\/casadecampoliving.com\/wp-content\/uploads\/2022\/10\/22-iniciativa-de-arte-davidoff-santo-domingo-la-romana-2014-by-fotografika-170-low.jpg?resize=768%2C510&amp;ssl=1 768w, https:\/\/i0.wp.com\/casadecampoliving.com\/wp-content\/uploads\/2022\/10\/22-iniciativa-de-arte-davidoff-santo-domingo-la-romana-2014-by-fotografika-170-low.jpg?resize=400%2C266&amp;ssl=1 400w, https:\/\/i0.wp.com\/casadecampoliving.com\/wp-content\/uploads\/2022\/10\/22-iniciativa-de-arte-davidoff-santo-domingo-la-romana-2014-by-fotografika-170-low.jpg?resize=706%2C469&amp;ssl=1 706w, https:\/\/i0.wp.com\/casadecampoliving.com\/wp-content\/uploads\/2022\/10\/22-iniciativa-de-arte-davidoff-santo-domingo-la-romana-2014-by-fotografika-170-low.jpg?resize=150%2C100&amp;ssl=1 150w, https:\/\/i0.wp.com\/casadecampoliving.com\/wp-content\/uploads\/2022\/10\/22-iniciativa-de-arte-davidoff-santo-domingo-la-romana-2014-by-fotografika-170-low.jpg?w=370&amp;ssl=1 370w\" sizes=\"auto, (max-width: 800px) 100vw, 800px\" \/><\/figure>\n\n\n\n<figure class=\"wp-block-image size-large\"><img data-recalc-dims=\"1\" loading=\"lazy\" decoding=\"async\" width=\"750\" height=\"529\" data-id=\"398180\" src=\"https:\/\/i0.wp.com\/casadecampoliving.com\/wp-content\/uploads\/2022\/10\/23-iniciativa-de-arte-davidoff-santo-domingo-la-romana-2014-by-fotografika-171-low.jpg?resize=750%2C529&#038;ssl=1\" alt=\"\" class=\"wp-image-398180\" srcset=\"https:\/\/i0.wp.com\/casadecampoliving.com\/wp-content\/uploads\/2022\/10\/23-iniciativa-de-arte-davidoff-santo-domingo-la-romana-2014-by-fotografika-171-low.jpg?w=750&amp;ssl=1 750w, https:\/\/i0.wp.com\/casadecampoliving.com\/wp-content\/uploads\/2022\/10\/23-iniciativa-de-arte-davidoff-santo-domingo-la-romana-2014-by-fotografika-171-low.jpg?resize=300%2C212&amp;ssl=1 300w, https:\/\/i0.wp.com\/casadecampoliving.com\/wp-content\/uploads\/2022\/10\/23-iniciativa-de-arte-davidoff-santo-domingo-la-romana-2014-by-fotografika-171-low.jpg?resize=400%2C282&amp;ssl=1 400w, https:\/\/i0.wp.com\/casadecampoliving.com\/wp-content\/uploads\/2022\/10\/23-iniciativa-de-arte-davidoff-santo-domingo-la-romana-2014-by-fotografika-171-low.jpg?resize=706%2C498&amp;ssl=1 706w, https:\/\/i0.wp.com\/casadecampoliving.com\/wp-content\/uploads\/2022\/10\/23-iniciativa-de-arte-davidoff-santo-domingo-la-romana-2014-by-fotografika-171-low.jpg?resize=150%2C106&amp;ssl=1 150w, https:\/\/i0.wp.com\/casadecampoliving.com\/wp-content\/uploads\/2022\/10\/23-iniciativa-de-arte-davidoff-santo-domingo-la-romana-2014-by-fotografika-171-low.jpg?w=370&amp;ssl=1 370w\" sizes=\"auto, (max-width: 750px) 100vw, 750px\" \/><\/figure>\n\n\n\n<figure class=\"wp-block-image size-large\"><img data-recalc-dims=\"1\" loading=\"lazy\" decoding=\"async\" width=\"800\" height=\"533\" data-id=\"398201\" src=\"https:\/\/i0.wp.com\/casadecampoliving.com\/wp-content\/uploads\/2022\/10\/img_7246.jpg?resize=800%2C533&#038;ssl=1\" alt=\"\" class=\"wp-image-398201\" srcset=\"https:\/\/i0.wp.com\/casadecampoliving.com\/wp-content\/uploads\/2022\/10\/img_7246.jpg?w=800&amp;ssl=1 800w, https:\/\/i0.wp.com\/casadecampoliving.com\/wp-content\/uploads\/2022\/10\/img_7246.jpg?resize=300%2C200&amp;ssl=1 300w, https:\/\/i0.wp.com\/casadecampoliving.com\/wp-content\/uploads\/2022\/10\/img_7246.jpg?resize=768%2C512&amp;ssl=1 768w, https:\/\/i0.wp.com\/casadecampoliving.com\/wp-content\/uploads\/2022\/10\/img_7246.jpg?resize=400%2C267&amp;ssl=1 400w, https:\/\/i0.wp.com\/casadecampoliving.com\/wp-content\/uploads\/2022\/10\/img_7246.jpg?resize=706%2C470&amp;ssl=1 706w, https:\/\/i0.wp.com\/casadecampoliving.com\/wp-content\/uploads\/2022\/10\/img_7246.jpg?resize=150%2C100&amp;ssl=1 150w, https:\/\/i0.wp.com\/casadecampoliving.com\/wp-content\/uploads\/2022\/10\/img_7246.jpg?w=370&amp;ssl=1 370w\" sizes=\"auto, (max-width: 800px) 100vw, 800px\" \/><\/figure>\n\n\n\n<figure class=\"wp-block-image size-large\"><img data-recalc-dims=\"1\" loading=\"lazy\" decoding=\"async\" width=\"800\" height=\"533\" data-id=\"398222\" src=\"https:\/\/i0.wp.com\/casadecampoliving.com\/wp-content\/uploads\/2022\/10\/img_7324.jpg?resize=800%2C533&#038;ssl=1\" alt=\"\" class=\"wp-image-398222\" srcset=\"https:\/\/i0.wp.com\/casadecampoliving.com\/wp-content\/uploads\/2022\/10\/img_7324.jpg?w=800&amp;ssl=1 800w, https:\/\/i0.wp.com\/casadecampoliving.com\/wp-content\/uploads\/2022\/10\/img_7324.jpg?resize=300%2C200&amp;ssl=1 300w, https:\/\/i0.wp.com\/casadecampoliving.com\/wp-content\/uploads\/2022\/10\/img_7324.jpg?resize=768%2C512&amp;ssl=1 768w, https:\/\/i0.wp.com\/casadecampoliving.com\/wp-content\/uploads\/2022\/10\/img_7324.jpg?resize=400%2C267&amp;ssl=1 400w, https:\/\/i0.wp.com\/casadecampoliving.com\/wp-content\/uploads\/2022\/10\/img_7324.jpg?resize=706%2C470&amp;ssl=1 706w, https:\/\/i0.wp.com\/casadecampoliving.com\/wp-content\/uploads\/2022\/10\/img_7324.jpg?resize=150%2C100&amp;ssl=1 150w, https:\/\/i0.wp.com\/casadecampoliving.com\/wp-content\/uploads\/2022\/10\/img_7324.jpg?w=370&amp;ssl=1 370w\" sizes=\"auto, (max-width: 800px) 100vw, 800px\" \/><\/figure>\n\n\n\n<figure class=\"wp-block-image size-large\"><img data-recalc-dims=\"1\" loading=\"lazy\" decoding=\"async\" width=\"471\" height=\"600\" data-id=\"398246\" src=\"https:\/\/i0.wp.com\/casadecampoliving.com\/wp-content\/uploads\/2022\/10\/img_7341.jpg?resize=471%2C600&#038;ssl=1\" alt=\"\" class=\"wp-image-398246\" srcset=\"https:\/\/i0.wp.com\/casadecampoliving.com\/wp-content\/uploads\/2022\/10\/img_7341.jpg?w=471&amp;ssl=1 471w, https:\/\/i0.wp.com\/casadecampoliving.com\/wp-content\/uploads\/2022\/10\/img_7341.jpg?resize=236%2C300&amp;ssl=1 236w, https:\/\/i0.wp.com\/casadecampoliving.com\/wp-content\/uploads\/2022\/10\/img_7341.jpg?resize=400%2C510&amp;ssl=1 400w, https:\/\/i0.wp.com\/casadecampoliving.com\/wp-content\/uploads\/2022\/10\/img_7341.jpg?resize=150%2C191&amp;ssl=1 150w, https:\/\/i0.wp.com\/casadecampoliving.com\/wp-content\/uploads\/2022\/10\/img_7341.jpg?w=370&amp;ssl=1 370w\" sizes=\"auto, (max-width: 471px) 100vw, 471px\" \/><\/figure>\n\n\n\n<figure class=\"wp-block-image size-large\"><img data-recalc-dims=\"1\" loading=\"lazy\" decoding=\"async\" width=\"800\" height=\"561\" data-id=\"398268\" src=\"https:\/\/i0.wp.com\/casadecampoliving.com\/wp-content\/uploads\/2022\/10\/img_7377.jpg?resize=800%2C561&#038;ssl=1\" alt=\"\" class=\"wp-image-398268\" srcset=\"https:\/\/i0.wp.com\/casadecampoliving.com\/wp-content\/uploads\/2022\/10\/img_7377.jpg?w=800&amp;ssl=1 800w, https:\/\/i0.wp.com\/casadecampoliving.com\/wp-content\/uploads\/2022\/10\/img_7377.jpg?resize=300%2C210&amp;ssl=1 300w, https:\/\/i0.wp.com\/casadecampoliving.com\/wp-content\/uploads\/2022\/10\/img_7377.jpg?resize=768%2C539&amp;ssl=1 768w, https:\/\/i0.wp.com\/casadecampoliving.com\/wp-content\/uploads\/2022\/10\/img_7377.jpg?resize=400%2C281&amp;ssl=1 400w, https:\/\/i0.wp.com\/casadecampoliving.com\/wp-content\/uploads\/2022\/10\/img_7377.jpg?resize=706%2C495&amp;ssl=1 706w, https:\/\/i0.wp.com\/casadecampoliving.com\/wp-content\/uploads\/2022\/10\/img_7377.jpg?resize=150%2C105&amp;ssl=1 150w, https:\/\/i0.wp.com\/casadecampoliving.com\/wp-content\/uploads\/2022\/10\/img_7377.jpg?w=370&amp;ssl=1 370w\" sizes=\"auto, (max-width: 800px) 100vw, 800px\" \/><\/figure>\n\n\n\n<figure class=\"wp-block-image size-large\"><img data-recalc-dims=\"1\" loading=\"lazy\" decoding=\"async\" width=\"800\" height=\"533\" data-id=\"398287\" src=\"https:\/\/i0.wp.com\/casadecampoliving.com\/wp-content\/uploads\/2022\/10\/mg_7207.jpg?resize=800%2C533&#038;ssl=1\" alt=\"\" class=\"wp-image-398287\" srcset=\"https:\/\/i0.wp.com\/casadecampoliving.com\/wp-content\/uploads\/2022\/10\/mg_7207.jpg?w=800&amp;ssl=1 800w, https:\/\/i0.wp.com\/casadecampoliving.com\/wp-content\/uploads\/2022\/10\/mg_7207.jpg?resize=300%2C200&amp;ssl=1 300w, https:\/\/i0.wp.com\/casadecampoliving.com\/wp-content\/uploads\/2022\/10\/mg_7207.jpg?resize=768%2C512&amp;ssl=1 768w, https:\/\/i0.wp.com\/casadecampoliving.com\/wp-content\/uploads\/2022\/10\/mg_7207.jpg?resize=400%2C267&amp;ssl=1 400w, https:\/\/i0.wp.com\/casadecampoliving.com\/wp-content\/uploads\/2022\/10\/mg_7207.jpg?resize=706%2C470&amp;ssl=1 706w, https:\/\/i0.wp.com\/casadecampoliving.com\/wp-content\/uploads\/2022\/10\/mg_7207.jpg?resize=150%2C100&amp;ssl=1 150w, https:\/\/i0.wp.com\/casadecampoliving.com\/wp-content\/uploads\/2022\/10\/mg_7207.jpg?w=370&amp;ssl=1 370w\" sizes=\"auto, (max-width: 800px) 100vw, 800px\" \/><\/figure>\n\n\n\n<figure class=\"wp-block-image size-large\"><img data-recalc-dims=\"1\" loading=\"lazy\" decoding=\"async\" width=\"800\" height=\"533\" data-id=\"398303\" src=\"https:\/\/i0.wp.com\/casadecampoliving.com\/wp-content\/uploads\/2022\/10\/mg_7210.jpg?resize=800%2C533&#038;ssl=1\" alt=\"\" class=\"wp-image-398303\" srcset=\"https:\/\/i0.wp.com\/casadecampoliving.com\/wp-content\/uploads\/2022\/10\/mg_7210.jpg?w=800&amp;ssl=1 800w, https:\/\/i0.wp.com\/casadecampoliving.com\/wp-content\/uploads\/2022\/10\/mg_7210.jpg?resize=300%2C200&amp;ssl=1 300w, https:\/\/i0.wp.com\/casadecampoliving.com\/wp-content\/uploads\/2022\/10\/mg_7210.jpg?resize=768%2C512&amp;ssl=1 768w, https:\/\/i0.wp.com\/casadecampoliving.com\/wp-content\/uploads\/2022\/10\/mg_7210.jpg?resize=400%2C267&amp;ssl=1 400w, https:\/\/i0.wp.com\/casadecampoliving.com\/wp-content\/uploads\/2022\/10\/mg_7210.jpg?resize=706%2C470&amp;ssl=1 706w, https:\/\/i0.wp.com\/casadecampoliving.com\/wp-content\/uploads\/2022\/10\/mg_7210.jpg?resize=150%2C100&amp;ssl=1 150w, https:\/\/i0.wp.com\/casadecampoliving.com\/wp-content\/uploads\/2022\/10\/mg_7210.jpg?w=370&amp;ssl=1 370w\" sizes=\"auto, (max-width: 800px) 100vw, 800px\" \/><\/figure>\n\n\n\n<figure class=\"wp-block-image size-large\"><img data-recalc-dims=\"1\" loading=\"lazy\" decoding=\"async\" width=\"800\" height=\"533\" data-id=\"398326\" src=\"https:\/\/i0.wp.com\/casadecampoliving.com\/wp-content\/uploads\/2022\/10\/mg_7212.jpg?resize=800%2C533&#038;ssl=1\" alt=\"\" class=\"wp-image-398326\" srcset=\"https:\/\/i0.wp.com\/casadecampoliving.com\/wp-content\/uploads\/2022\/10\/mg_7212.jpg?w=800&amp;ssl=1 800w, https:\/\/i0.wp.com\/casadecampoliving.com\/wp-content\/uploads\/2022\/10\/mg_7212.jpg?resize=300%2C200&amp;ssl=1 300w, https:\/\/i0.wp.com\/casadecampoliving.com\/wp-content\/uploads\/2022\/10\/mg_7212.jpg?resize=768%2C512&amp;ssl=1 768w, https:\/\/i0.wp.com\/casadecampoliving.com\/wp-content\/uploads\/2022\/10\/mg_7212.jpg?resize=400%2C267&amp;ssl=1 400w, https:\/\/i0.wp.com\/casadecampoliving.com\/wp-content\/uploads\/2022\/10\/mg_7212.jpg?resize=706%2C470&amp;ssl=1 706w, https:\/\/i0.wp.com\/casadecampoliving.com\/wp-content\/uploads\/2022\/10\/mg_7212.jpg?resize=150%2C100&amp;ssl=1 150w, https:\/\/i0.wp.com\/casadecampoliving.com\/wp-content\/uploads\/2022\/10\/mg_7212.jpg?w=370&amp;ssl=1 370w\" sizes=\"auto, (max-width: 800px) 100vw, 800px\" \/><\/figure>\n\n\n\n<figure class=\"wp-block-image size-large\"><img data-recalc-dims=\"1\" loading=\"lazy\" decoding=\"async\" width=\"400\" height=\"600\" data-id=\"398350\" src=\"https:\/\/i0.wp.com\/casadecampoliving.com\/wp-content\/uploads\/2022\/10\/mg_7214.jpg?resize=400%2C600&#038;ssl=1\" alt=\"\" class=\"wp-image-398350\" srcset=\"https:\/\/i0.wp.com\/casadecampoliving.com\/wp-content\/uploads\/2022\/10\/mg_7214.jpg?w=400&amp;ssl=1 400w, https:\/\/i0.wp.com\/casadecampoliving.com\/wp-content\/uploads\/2022\/10\/mg_7214.jpg?resize=200%2C300&amp;ssl=1 200w, https:\/\/i0.wp.com\/casadecampoliving.com\/wp-content\/uploads\/2022\/10\/mg_7214.jpg?resize=150%2C225&amp;ssl=1 150w, https:\/\/i0.wp.com\/casadecampoliving.com\/wp-content\/uploads\/2022\/10\/mg_7214.jpg?w=370&amp;ssl=1 370w\" sizes=\"auto, (max-width: 400px) 100vw, 400px\" \/><\/figure>\n\n\n\n<figure class=\"wp-block-image size-large\"><img data-recalc-dims=\"1\" loading=\"lazy\" decoding=\"async\" width=\"800\" height=\"533\" data-id=\"398370\" src=\"https:\/\/i0.wp.com\/casadecampoliving.com\/wp-content\/uploads\/2022\/10\/mg_7217.jpg?resize=800%2C533&#038;ssl=1\" alt=\"\" class=\"wp-image-398370\" srcset=\"https:\/\/i0.wp.com\/casadecampoliving.com\/wp-content\/uploads\/2022\/10\/mg_7217.jpg?w=800&amp;ssl=1 800w, https:\/\/i0.wp.com\/casadecampoliving.com\/wp-content\/uploads\/2022\/10\/mg_7217.jpg?resize=300%2C200&amp;ssl=1 300w, https:\/\/i0.wp.com\/casadecampoliving.com\/wp-content\/uploads\/2022\/10\/mg_7217.jpg?resize=768%2C512&amp;ssl=1 768w, https:\/\/i0.wp.com\/casadecampoliving.com\/wp-content\/uploads\/2022\/10\/mg_7217.jpg?resize=400%2C267&amp;ssl=1 400w, https:\/\/i0.wp.com\/casadecampoliving.com\/wp-content\/uploads\/2022\/10\/mg_7217.jpg?resize=706%2C470&amp;ssl=1 706w, https:\/\/i0.wp.com\/casadecampoliving.com\/wp-content\/uploads\/2022\/10\/mg_7217.jpg?resize=150%2C100&amp;ssl=1 150w, https:\/\/i0.wp.com\/casadecampoliving.com\/wp-content\/uploads\/2022\/10\/mg_7217.jpg?w=370&amp;ssl=1 370w\" sizes=\"auto, (max-width: 800px) 100vw, 800px\" \/><\/figure>\n\n\n\n<figure class=\"wp-block-image size-large\"><img data-recalc-dims=\"1\" loading=\"lazy\" decoding=\"async\" width=\"800\" height=\"533\" data-id=\"398395\" src=\"https:\/\/i0.wp.com\/casadecampoliving.com\/wp-content\/uploads\/2022\/10\/mg_7219.jpg?resize=800%2C533&#038;ssl=1\" alt=\"\" class=\"wp-image-398395\" srcset=\"https:\/\/i0.wp.com\/casadecampoliving.com\/wp-content\/uploads\/2022\/10\/mg_7219.jpg?w=800&amp;ssl=1 800w, https:\/\/i0.wp.com\/casadecampoliving.com\/wp-content\/uploads\/2022\/10\/mg_7219.jpg?resize=300%2C200&amp;ssl=1 300w, https:\/\/i0.wp.com\/casadecampoliving.com\/wp-content\/uploads\/2022\/10\/mg_7219.jpg?resize=768%2C512&amp;ssl=1 768w, https:\/\/i0.wp.com\/casadecampoliving.com\/wp-content\/uploads\/2022\/10\/mg_7219.jpg?resize=400%2C267&amp;ssl=1 400w, https:\/\/i0.wp.com\/casadecampoliving.com\/wp-content\/uploads\/2022\/10\/mg_7219.jpg?resize=706%2C470&amp;ssl=1 706w, https:\/\/i0.wp.com\/casadecampoliving.com\/wp-content\/uploads\/2022\/10\/mg_7219.jpg?resize=150%2C100&amp;ssl=1 150w, https:\/\/i0.wp.com\/casadecampoliving.com\/wp-content\/uploads\/2022\/10\/mg_7219.jpg?w=370&amp;ssl=1 370w\" sizes=\"auto, (max-width: 800px) 100vw, 800px\" \/><\/figure>\n\n\n\n<figure class=\"wp-block-image size-large\"><img data-recalc-dims=\"1\" loading=\"lazy\" decoding=\"async\" width=\"800\" height=\"533\" data-id=\"398415\" src=\"https:\/\/i0.wp.com\/casadecampoliving.com\/wp-content\/uploads\/2022\/10\/mg_7229.jpg?resize=800%2C533&#038;ssl=1\" alt=\"\" class=\"wp-image-398415\" srcset=\"https:\/\/i0.wp.com\/casadecampoliving.com\/wp-content\/uploads\/2022\/10\/mg_7229.jpg?w=800&amp;ssl=1 800w, https:\/\/i0.wp.com\/casadecampoliving.com\/wp-content\/uploads\/2022\/10\/mg_7229.jpg?resize=300%2C200&amp;ssl=1 300w, https:\/\/i0.wp.com\/casadecampoliving.com\/wp-content\/uploads\/2022\/10\/mg_7229.jpg?resize=768%2C512&amp;ssl=1 768w, https:\/\/i0.wp.com\/casadecampoliving.com\/wp-content\/uploads\/2022\/10\/mg_7229.jpg?resize=400%2C267&amp;ssl=1 400w, https:\/\/i0.wp.com\/casadecampoliving.com\/wp-content\/uploads\/2022\/10\/mg_7229.jpg?resize=706%2C470&amp;ssl=1 706w, https:\/\/i0.wp.com\/casadecampoliving.com\/wp-content\/uploads\/2022\/10\/mg_7229.jpg?resize=150%2C100&amp;ssl=1 150w, https:\/\/i0.wp.com\/casadecampoliving.com\/wp-content\/uploads\/2022\/10\/mg_7229.jpg?w=370&amp;ssl=1 370w\" sizes=\"auto, (max-width: 800px) 100vw, 800px\" \/><\/figure>\n\n\n\n<figure class=\"wp-block-image size-large\"><img data-recalc-dims=\"1\" loading=\"lazy\" decoding=\"async\" width=\"800\" height=\"533\" data-id=\"398441\" src=\"https:\/\/i0.wp.com\/casadecampoliving.com\/wp-content\/uploads\/2022\/10\/mg_7234.jpg?resize=800%2C533&#038;ssl=1\" alt=\"\" class=\"wp-image-398441\" srcset=\"https:\/\/i0.wp.com\/casadecampoliving.com\/wp-content\/uploads\/2022\/10\/mg_7234.jpg?w=800&amp;ssl=1 800w, https:\/\/i0.wp.com\/casadecampoliving.com\/wp-content\/uploads\/2022\/10\/mg_7234.jpg?resize=300%2C200&amp;ssl=1 300w, https:\/\/i0.wp.com\/casadecampoliving.com\/wp-content\/uploads\/2022\/10\/mg_7234.jpg?resize=768%2C512&amp;ssl=1 768w, https:\/\/i0.wp.com\/casadecampoliving.com\/wp-content\/uploads\/2022\/10\/mg_7234.jpg?resize=400%2C267&amp;ssl=1 400w, https:\/\/i0.wp.com\/casadecampoliving.com\/wp-content\/uploads\/2022\/10\/mg_7234.jpg?resize=706%2C470&amp;ssl=1 706w, https:\/\/i0.wp.com\/casadecampoliving.com\/wp-content\/uploads\/2022\/10\/mg_7234.jpg?resize=150%2C100&amp;ssl=1 150w, https:\/\/i0.wp.com\/casadecampoliving.com\/wp-content\/uploads\/2022\/10\/mg_7234.jpg?w=370&amp;ssl=1 370w\" sizes=\"auto, (max-width: 800px) 100vw, 800px\" \/><\/figure>\n\n\n\n<figure class=\"wp-block-image size-large\"><img data-recalc-dims=\"1\" loading=\"lazy\" decoding=\"async\" width=\"800\" height=\"533\" data-id=\"398466\" src=\"https:\/\/i0.wp.com\/casadecampoliving.com\/wp-content\/uploads\/2022\/10\/mg_7235.jpg?resize=800%2C533&#038;ssl=1\" alt=\"\" class=\"wp-image-398466\" srcset=\"https:\/\/i0.wp.com\/casadecampoliving.com\/wp-content\/uploads\/2022\/10\/mg_7235.jpg?w=800&amp;ssl=1 800w, https:\/\/i0.wp.com\/casadecampoliving.com\/wp-content\/uploads\/2022\/10\/mg_7235.jpg?resize=300%2C200&amp;ssl=1 300w, https:\/\/i0.wp.com\/casadecampoliving.com\/wp-content\/uploads\/2022\/10\/mg_7235.jpg?resize=768%2C512&amp;ssl=1 768w, https:\/\/i0.wp.com\/casadecampoliving.com\/wp-content\/uploads\/2022\/10\/mg_7235.jpg?resize=400%2C267&amp;ssl=1 400w, https:\/\/i0.wp.com\/casadecampoliving.com\/wp-content\/uploads\/2022\/10\/mg_7235.jpg?resize=706%2C470&amp;ssl=1 706w, https:\/\/i0.wp.com\/casadecampoliving.com\/wp-content\/uploads\/2022\/10\/mg_7235.jpg?resize=150%2C100&amp;ssl=1 150w, https:\/\/i0.wp.com\/casadecampoliving.com\/wp-content\/uploads\/2022\/10\/mg_7235.jpg?w=370&amp;ssl=1 370w\" sizes=\"auto, (max-width: 800px) 100vw, 800px\" \/><\/figure>\n\n\n\n<figure class=\"wp-block-image size-large\"><img data-recalc-dims=\"1\" loading=\"lazy\" decoding=\"async\" width=\"800\" height=\"533\" data-id=\"398482\" src=\"https:\/\/i0.wp.com\/casadecampoliving.com\/wp-content\/uploads\/2022\/10\/mg_7237.jpg?resize=800%2C533&#038;ssl=1\" alt=\"\" class=\"wp-image-398482\" srcset=\"https:\/\/i0.wp.com\/casadecampoliving.com\/wp-content\/uploads\/2022\/10\/mg_7237.jpg?w=800&amp;ssl=1 800w, https:\/\/i0.wp.com\/casadecampoliving.com\/wp-content\/uploads\/2022\/10\/mg_7237.jpg?resize=300%2C200&amp;ssl=1 300w, https:\/\/i0.wp.com\/casadecampoliving.com\/wp-content\/uploads\/2022\/10\/mg_7237.jpg?resize=768%2C512&amp;ssl=1 768w, https:\/\/i0.wp.com\/casadecampoliving.com\/wp-content\/uploads\/2022\/10\/mg_7237.jpg?resize=400%2C267&amp;ssl=1 400w, https:\/\/i0.wp.com\/casadecampoliving.com\/wp-content\/uploads\/2022\/10\/mg_7237.jpg?resize=706%2C470&amp;ssl=1 706w, https:\/\/i0.wp.com\/casadecampoliving.com\/wp-content\/uploads\/2022\/10\/mg_7237.jpg?resize=150%2C100&amp;ssl=1 150w, https:\/\/i0.wp.com\/casadecampoliving.com\/wp-content\/uploads\/2022\/10\/mg_7237.jpg?w=370&amp;ssl=1 370w\" sizes=\"auto, (max-width: 800px) 100vw, 800px\" \/><\/figure>\n\n\n\n<figure class=\"wp-block-image size-large\"><img data-recalc-dims=\"1\" loading=\"lazy\" decoding=\"async\" width=\"800\" height=\"533\" data-id=\"398506\" src=\"https:\/\/i0.wp.com\/casadecampoliving.com\/wp-content\/uploads\/2022\/10\/mg_7244.jpg?resize=800%2C533&#038;ssl=1\" alt=\"\" class=\"wp-image-398506\" srcset=\"https:\/\/i0.wp.com\/casadecampoliving.com\/wp-content\/uploads\/2022\/10\/mg_7244.jpg?w=800&amp;ssl=1 800w, https:\/\/i0.wp.com\/casadecampoliving.com\/wp-content\/uploads\/2022\/10\/mg_7244.jpg?resize=300%2C200&amp;ssl=1 300w, https:\/\/i0.wp.com\/casadecampoliving.com\/wp-content\/uploads\/2022\/10\/mg_7244.jpg?resize=768%2C512&amp;ssl=1 768w, https:\/\/i0.wp.com\/casadecampoliving.com\/wp-content\/uploads\/2022\/10\/mg_7244.jpg?resize=400%2C267&amp;ssl=1 400w, https:\/\/i0.wp.com\/casadecampoliving.com\/wp-content\/uploads\/2022\/10\/mg_7244.jpg?resize=706%2C470&amp;ssl=1 706w, https:\/\/i0.wp.com\/casadecampoliving.com\/wp-content\/uploads\/2022\/10\/mg_7244.jpg?resize=150%2C100&amp;ssl=1 150w, https:\/\/i0.wp.com\/casadecampoliving.com\/wp-content\/uploads\/2022\/10\/mg_7244.jpg?w=370&amp;ssl=1 370w\" sizes=\"auto, (max-width: 800px) 100vw, 800px\" \/><\/figure>\n\n\n\n<figure class=\"wp-block-image size-large\"><img data-recalc-dims=\"1\" loading=\"lazy\" decoding=\"async\" width=\"800\" height=\"533\" data-id=\"398528\" src=\"https:\/\/i0.wp.com\/casadecampoliving.com\/wp-content\/uploads\/2022\/10\/mg_7248.jpg?resize=800%2C533&#038;ssl=1\" alt=\"\" class=\"wp-image-398528\" srcset=\"https:\/\/i0.wp.com\/casadecampoliving.com\/wp-content\/uploads\/2022\/10\/mg_7248.jpg?w=800&amp;ssl=1 800w, https:\/\/i0.wp.com\/casadecampoliving.com\/wp-content\/uploads\/2022\/10\/mg_7248.jpg?resize=300%2C200&amp;ssl=1 300w, https:\/\/i0.wp.com\/casadecampoliving.com\/wp-content\/uploads\/2022\/10\/mg_7248.jpg?resize=768%2C512&amp;ssl=1 768w, https:\/\/i0.wp.com\/casadecampoliving.com\/wp-content\/uploads\/2022\/10\/mg_7248.jpg?resize=400%2C267&amp;ssl=1 400w, https:\/\/i0.wp.com\/casadecampoliving.com\/wp-content\/uploads\/2022\/10\/mg_7248.jpg?resize=706%2C470&amp;ssl=1 706w, https:\/\/i0.wp.com\/casadecampoliving.com\/wp-content\/uploads\/2022\/10\/mg_7248.jpg?resize=150%2C100&amp;ssl=1 150w, https:\/\/i0.wp.com\/casadecampoliving.com\/wp-content\/uploads\/2022\/10\/mg_7248.jpg?w=370&amp;ssl=1 370w\" sizes=\"auto, (max-width: 800px) 100vw, 800px\" \/><\/figure>\n\n\n\n<figure class=\"wp-block-image size-large\"><img data-recalc-dims=\"1\" loading=\"lazy\" decoding=\"async\" width=\"800\" height=\"533\" data-id=\"398546\" src=\"https:\/\/i0.wp.com\/casadecampoliving.com\/wp-content\/uploads\/2022\/10\/mg_7250.jpg?resize=800%2C533&#038;ssl=1\" alt=\"\" class=\"wp-image-398546\" srcset=\"https:\/\/i0.wp.com\/casadecampoliving.com\/wp-content\/uploads\/2022\/10\/mg_7250.jpg?w=800&amp;ssl=1 800w, https:\/\/i0.wp.com\/casadecampoliving.com\/wp-content\/uploads\/2022\/10\/mg_7250.jpg?resize=300%2C200&amp;ssl=1 300w, https:\/\/i0.wp.com\/casadecampoliving.com\/wp-content\/uploads\/2022\/10\/mg_7250.jpg?resize=768%2C512&amp;ssl=1 768w, https:\/\/i0.wp.com\/casadecampoliving.com\/wp-content\/uploads\/2022\/10\/mg_7250.jpg?resize=400%2C267&amp;ssl=1 400w, https:\/\/i0.wp.com\/casadecampoliving.com\/wp-content\/uploads\/2022\/10\/mg_7250.jpg?resize=706%2C470&amp;ssl=1 706w, https:\/\/i0.wp.com\/casadecampoliving.com\/wp-content\/uploads\/2022\/10\/mg_7250.jpg?resize=150%2C100&amp;ssl=1 150w, https:\/\/i0.wp.com\/casadecampoliving.com\/wp-content\/uploads\/2022\/10\/mg_7250.jpg?w=370&amp;ssl=1 370w\" sizes=\"auto, (max-width: 800px) 100vw, 800px\" \/><\/figure>\n\n\n\n<figure class=\"wp-block-image size-large\"><img data-recalc-dims=\"1\" loading=\"lazy\" decoding=\"async\" width=\"800\" height=\"533\" data-id=\"398572\" src=\"https:\/\/i0.wp.com\/casadecampoliving.com\/wp-content\/uploads\/2022\/10\/mg_7253.jpg?resize=800%2C533&#038;ssl=1\" alt=\"\" class=\"wp-image-398572\" srcset=\"https:\/\/i0.wp.com\/casadecampoliving.com\/wp-content\/uploads\/2022\/10\/mg_7253.jpg?w=800&amp;ssl=1 800w, https:\/\/i0.wp.com\/casadecampoliving.com\/wp-content\/uploads\/2022\/10\/mg_7253.jpg?resize=300%2C200&amp;ssl=1 300w, https:\/\/i0.wp.com\/casadecampoliving.com\/wp-content\/uploads\/2022\/10\/mg_7253.jpg?resize=768%2C512&amp;ssl=1 768w, https:\/\/i0.wp.com\/casadecampoliving.com\/wp-content\/uploads\/2022\/10\/mg_7253.jpg?resize=400%2C267&amp;ssl=1 400w, https:\/\/i0.wp.com\/casadecampoliving.com\/wp-content\/uploads\/2022\/10\/mg_7253.jpg?resize=706%2C470&amp;ssl=1 706w, https:\/\/i0.wp.com\/casadecampoliving.com\/wp-content\/uploads\/2022\/10\/mg_7253.jpg?resize=150%2C100&amp;ssl=1 150w, https:\/\/i0.wp.com\/casadecampoliving.com\/wp-content\/uploads\/2022\/10\/mg_7253.jpg?w=370&amp;ssl=1 370w\" sizes=\"auto, (max-width: 800px) 100vw, 800px\" \/><\/figure>\n\n\n\n<figure class=\"wp-block-image size-large\"><img data-recalc-dims=\"1\" loading=\"lazy\" decoding=\"async\" width=\"800\" height=\"533\" data-id=\"398599\" src=\"https:\/\/i0.wp.com\/casadecampoliving.com\/wp-content\/uploads\/2022\/10\/mg_7255.jpg?resize=800%2C533&#038;ssl=1\" alt=\"\" class=\"wp-image-398599\" srcset=\"https:\/\/i0.wp.com\/casadecampoliving.com\/wp-content\/uploads\/2022\/10\/mg_7255.jpg?w=800&amp;ssl=1 800w, https:\/\/i0.wp.com\/casadecampoliving.com\/wp-content\/uploads\/2022\/10\/mg_7255.jpg?resize=300%2C200&amp;ssl=1 300w, https:\/\/i0.wp.com\/casadecampoliving.com\/wp-content\/uploads\/2022\/10\/mg_7255.jpg?resize=768%2C512&amp;ssl=1 768w, https:\/\/i0.wp.com\/casadecampoliving.com\/wp-content\/uploads\/2022\/10\/mg_7255.jpg?resize=400%2C267&amp;ssl=1 400w, https:\/\/i0.wp.com\/casadecampoliving.com\/wp-content\/uploads\/2022\/10\/mg_7255.jpg?resize=706%2C470&amp;ssl=1 706w, https:\/\/i0.wp.com\/casadecampoliving.com\/wp-content\/uploads\/2022\/10\/mg_7255.jpg?resize=150%2C100&amp;ssl=1 150w, https:\/\/i0.wp.com\/casadecampoliving.com\/wp-content\/uploads\/2022\/10\/mg_7255.jpg?w=370&amp;ssl=1 370w\" sizes=\"auto, (max-width: 800px) 100vw, 800px\" \/><\/figure>\n\n\n\n<figure class=\"wp-block-image size-large\"><img data-recalc-dims=\"1\" loading=\"lazy\" decoding=\"async\" width=\"800\" height=\"533\" data-id=\"398620\" src=\"https:\/\/i0.wp.com\/casadecampoliving.com\/wp-content\/uploads\/2022\/10\/mg_7258.jpg?resize=800%2C533&#038;ssl=1\" alt=\"\" class=\"wp-image-398620\" srcset=\"https:\/\/i0.wp.com\/casadecampoliving.com\/wp-content\/uploads\/2022\/10\/mg_7258.jpg?w=800&amp;ssl=1 800w, https:\/\/i0.wp.com\/casadecampoliving.com\/wp-content\/uploads\/2022\/10\/mg_7258.jpg?resize=300%2C200&amp;ssl=1 300w, https:\/\/i0.wp.com\/casadecampoliving.com\/wp-content\/uploads\/2022\/10\/mg_7258.jpg?resize=768%2C512&amp;ssl=1 768w, https:\/\/i0.wp.com\/casadecampoliving.com\/wp-content\/uploads\/2022\/10\/mg_7258.jpg?resize=400%2C267&amp;ssl=1 400w, https:\/\/i0.wp.com\/casadecampoliving.com\/wp-content\/uploads\/2022\/10\/mg_7258.jpg?resize=706%2C470&amp;ssl=1 706w, https:\/\/i0.wp.com\/casadecampoliving.com\/wp-content\/uploads\/2022\/10\/mg_7258.jpg?resize=150%2C100&amp;ssl=1 150w, https:\/\/i0.wp.com\/casadecampoliving.com\/wp-content\/uploads\/2022\/10\/mg_7258.jpg?w=370&amp;ssl=1 370w\" sizes=\"auto, (max-width: 800px) 100vw, 800px\" \/><\/figure>\n\n\n\n<figure class=\"wp-block-image size-large\"><img data-recalc-dims=\"1\" loading=\"lazy\" decoding=\"async\" width=\"800\" height=\"533\" data-id=\"398644\" src=\"https:\/\/i0.wp.com\/casadecampoliving.com\/wp-content\/uploads\/2022\/10\/mg_7259.jpg?resize=800%2C533&#038;ssl=1\" alt=\"\" class=\"wp-image-398644\" srcset=\"https:\/\/i0.wp.com\/casadecampoliving.com\/wp-content\/uploads\/2022\/10\/mg_7259.jpg?w=800&amp;ssl=1 800w, https:\/\/i0.wp.com\/casadecampoliving.com\/wp-content\/uploads\/2022\/10\/mg_7259.jpg?resize=300%2C200&amp;ssl=1 300w, https:\/\/i0.wp.com\/casadecampoliving.com\/wp-content\/uploads\/2022\/10\/mg_7259.jpg?resize=768%2C512&amp;ssl=1 768w, https:\/\/i0.wp.com\/casadecampoliving.com\/wp-content\/uploads\/2022\/10\/mg_7259.jpg?resize=400%2C267&amp;ssl=1 400w, https:\/\/i0.wp.com\/casadecampoliving.com\/wp-content\/uploads\/2022\/10\/mg_7259.jpg?resize=706%2C470&amp;ssl=1 706w, https:\/\/i0.wp.com\/casadecampoliving.com\/wp-content\/uploads\/2022\/10\/mg_7259.jpg?resize=150%2C100&amp;ssl=1 150w, https:\/\/i0.wp.com\/casadecampoliving.com\/wp-content\/uploads\/2022\/10\/mg_7259.jpg?w=370&amp;ssl=1 370w\" sizes=\"auto, (max-width: 800px) 100vw, 800px\" \/><\/figure>\n\n\n\n<figure class=\"wp-block-image size-large\"><img data-recalc-dims=\"1\" loading=\"lazy\" decoding=\"async\" width=\"800\" height=\"533\" data-id=\"398658\" src=\"https:\/\/i0.wp.com\/casadecampoliving.com\/wp-content\/uploads\/2022\/10\/mg_7288.jpg?resize=800%2C533&#038;ssl=1\" alt=\"\" class=\"wp-image-398658\" srcset=\"https:\/\/i0.wp.com\/casadecampoliving.com\/wp-content\/uploads\/2022\/10\/mg_7288.jpg?w=800&amp;ssl=1 800w, https:\/\/i0.wp.com\/casadecampoliving.com\/wp-content\/uploads\/2022\/10\/mg_7288.jpg?resize=300%2C200&amp;ssl=1 300w, https:\/\/i0.wp.com\/casadecampoliving.com\/wp-content\/uploads\/2022\/10\/mg_7288.jpg?resize=768%2C512&amp;ssl=1 768w, https:\/\/i0.wp.com\/casadecampoliving.com\/wp-content\/uploads\/2022\/10\/mg_7288.jpg?resize=400%2C267&amp;ssl=1 400w, https:\/\/i0.wp.com\/casadecampoliving.com\/wp-content\/uploads\/2022\/10\/mg_7288.jpg?resize=706%2C470&amp;ssl=1 706w, https:\/\/i0.wp.com\/casadecampoliving.com\/wp-content\/uploads\/2022\/10\/mg_7288.jpg?resize=150%2C100&amp;ssl=1 150w, https:\/\/i0.wp.com\/casadecampoliving.com\/wp-content\/uploads\/2022\/10\/mg_7288.jpg?w=370&amp;ssl=1 370w\" sizes=\"auto, (max-width: 800px) 100vw, 800px\" \/><\/figure>\n\n\n\n<figure class=\"wp-block-image size-large\"><img data-recalc-dims=\"1\" loading=\"lazy\" decoding=\"async\" width=\"721\" height=\"600\" data-id=\"398686\" src=\"https:\/\/i0.wp.com\/casadecampoliving.com\/wp-content\/uploads\/2022\/10\/mg_7356.jpg?resize=721%2C600&#038;ssl=1\" alt=\"\" class=\"wp-image-398686\" srcset=\"https:\/\/i0.wp.com\/casadecampoliving.com\/wp-content\/uploads\/2022\/10\/mg_7356.jpg?w=721&amp;ssl=1 721w, https:\/\/i0.wp.com\/casadecampoliving.com\/wp-content\/uploads\/2022\/10\/mg_7356.jpg?resize=300%2C250&amp;ssl=1 300w, https:\/\/i0.wp.com\/casadecampoliving.com\/wp-content\/uploads\/2022\/10\/mg_7356.jpg?resize=400%2C333&amp;ssl=1 400w, https:\/\/i0.wp.com\/casadecampoliving.com\/wp-content\/uploads\/2022\/10\/mg_7356.jpg?resize=706%2C588&amp;ssl=1 706w, https:\/\/i0.wp.com\/casadecampoliving.com\/wp-content\/uploads\/2022\/10\/mg_7356.jpg?resize=150%2C125&amp;ssl=1 150w, https:\/\/i0.wp.com\/casadecampoliving.com\/wp-content\/uploads\/2022\/10\/mg_7356.jpg?w=370&amp;ssl=1 370w\" sizes=\"auto, (max-width: 721px) 100vw, 721px\" \/><\/figure>\n<\/figure>\n","protected":false},"excerpt":{"rendered":"<p>\u00abAl igual que el d\u00eda de hoy, 38 a\u00f1os atr\u00e1s ten\u00edamos palas y picos aqu\u00ed, y esa podr\u00eda \u00a0haber sido la \u00faltima vez que las tuvi\u00e9semos en este lugar&#8230; y fue cuando un visionario y emprendedor presidente decidi\u00f3 empezar con la construcci\u00f3n de Altos de Chav\u00f3n,\u00bb fueron las palabras de apertura \u00a0de Dominique Bluhdorn, presidente [&hellip;]<\/p>\n","protected":false},"author":1097,"featured_media":270056,"comment_status":"closed","ping_status":"closed","sticky":false,"template":"","format":"standard","meta":{"newspack_ads_suppress_ads":false,"newspack_popups_has_disabled_popups":false,"newspack_sponsor_sponsorship_scope":"","newspack_sponsor_native_byline_display":"inherit","newspack_sponsor_native_category_display":"inherit","newspack_sponsor_underwriter_style":"inherit","newspack_sponsor_underwriter_placement":"inherit","_newspack_byline_active":false,"_newspack_byline":"","newspack_hide_updated_date":false,"newspack_show_updated_date":false,"newspack_content_restriction_is_exempt":false,"newspack_featured_image_position":"","newspack_post_subtitle":"","newspack_article_summary_title":"Overview:","newspack_article_summary":"","_jetpack_memberships_contains_paid_content":false,"footnotes":"","jetpack_publicize_message":"","jetpack_publicize_feature_enabled":true,"jetpack_social_post_already_shared":false,"jetpack_social_options":{"image_generator_settings":{"template":"highway","default_image_id":0,"font":"","enabled":false},"version":2},"_wpas_customize_per_network":false},"categories":[26819,26823,2521,2522,2524,2526,14631,14625,2514,26822,14627],"tags":[15387,23815,7767,8562,8563,6080],"newspack_spnsrs_tax":[],"class_list":["post-344016","post","type-post","status-publish","format-standard","has-post-thumbnail","hentry","category-altos-de-chavon-es","category-arte-y-cultura","category-republica-dominicana-2","category-eventos-es","category-destacados","category-titulares-es","category-estilo-de-vida","category-noticias-locales","category-fundaciones-es","category-resort-casa-de-campo","category-proximamente","tag-altos-de-chavon-es","tag-casa-de-campo-es-17","tag-claudio-silvestri-es","tag-davidoff-art-initiative-es","tag-davidoff-art-residency-es","tag-dominique-bluhdorn","entry"],"yoast_head":"<!-- This site is optimized with the Yoast SEO plugin v27.4 - https:\/\/yoast.com\/product\/yoast-seo-wordpress\/ -->\n<title>Davidoff Art Initiative ser\u00e1 la primera nueva construcci\u00f3n en Altos de Chav\u00f3n en 38 a\u00f1os de historia | Casa de Campo Living<\/title>\n<meta name=\"description\" content=\"&quot;Al igual que el d\u00eda de hoy, 38 a\u00f1os atr\u00e1s ten\u00edamos palas y picos aqu\u00ed, y esa podr\u00eda \u00a0haber sido la \u00faltima vez que las tuvi\u00e9semos en este lugar... y fue\" \/>\n<meta name=\"robots\" content=\"index, follow, max-snippet:-1, max-image-preview:large, max-video-preview:-1\" \/>\n<link rel=\"canonical\" href=\"https:\/\/casadecampoliving.com\/es\/davidoff-art-initiative-sera-la-primera-nueva-construccion-en-altos-de-chavon-en-38-anos-de-historia\/\" \/>\n<meta property=\"og:locale\" content=\"es_ES\" \/>\n<meta property=\"og:type\" content=\"article\" \/>\n<meta property=\"og:title\" content=\"Davidoff Art Initiative ser\u00e1 la primera nueva construcci\u00f3n en Altos de Chav\u00f3n en 38 a\u00f1os de historia | Casa de Campo Living\" \/>\n<meta property=\"og:description\" content=\"&quot;Al igual que el d\u00eda de hoy, 38 a\u00f1os atr\u00e1s ten\u00edamos palas y picos aqu\u00ed, y esa podr\u00eda \u00a0haber sido la \u00faltima vez que las tuvi\u00e9semos en este lugar... y fue\" \/>\n<meta property=\"og:url\" content=\"https:\/\/casadecampoliving.com\/es\/davidoff-art-initiative-sera-la-primera-nueva-construccion-en-altos-de-chavon-en-38-anos-de-historia\/\" \/>\n<meta property=\"og:site_name\" content=\"Casa de Campo Living\" \/>\n<meta property=\"article:publisher\" content=\"https:\/\/www.facebook.com\/casadecampoliving\" \/>\n<meta property=\"article:published_time\" content=\"2014-03-14T04:00:00+00:00\" \/>\n<meta property=\"article:modified_time\" content=\"2022-11-10T14:42:26+00:00\" \/>\n<meta property=\"og:image\" content=\"https:\/\/i0.wp.com\/casadecampoliving.com\/wp-content\/uploads\/2022\/10\/Dominique-Bludhorn_Hans-Kristian-Hoejsgaard_Stephen-Kaplan_Claudio-Silvestri1.jpg?fit=650%2C369&ssl=1\" \/>\n\t<meta property=\"og:image:width\" content=\"650\" \/>\n\t<meta property=\"og:image:height\" content=\"369\" \/>\n\t<meta property=\"og:image:type\" content=\"image\/jpeg\" \/>\n<meta name=\"author\" content=\"Perkin Agramonte\" \/>\n<meta name=\"twitter:card\" content=\"summary_large_image\" \/>\n<meta name=\"twitter:creator\" content=\"@cdcliving\" \/>\n<meta name=\"twitter:site\" content=\"@cdcliving\" \/>\n<meta name=\"twitter:label1\" content=\"Escrito por\" \/>\n\t<meta name=\"twitter:data1\" content=\"Perkin Agramonte\" \/>\n\t<meta name=\"twitter:label2\" content=\"Tiempo de lectura\" \/>\n\t<meta name=\"twitter:data2\" content=\"4 minutos\" \/>\n<script type=\"application\/ld+json\" class=\"yoast-schema-graph\">{\"@context\":\"https:\\\/\\\/schema.org\",\"@graph\":[{\"@type\":\"Article\",\"@id\":\"https:\\\/\\\/casadecampoliving.com\\\/es\\\/davidoff-art-initiative-sera-la-primera-nueva-construccion-en-altos-de-chavon-en-38-anos-de-historia\\\/#article\",\"isPartOf\":{\"@id\":\"https:\\\/\\\/casadecampoliving.com\\\/es\\\/davidoff-art-initiative-sera-la-primera-nueva-construccion-en-altos-de-chavon-en-38-anos-de-historia\\\/\"},\"author\":{\"name\":\"Perkin Agramonte\",\"@id\":\"https:\\\/\\\/casadecampoliving.com\\\/es\\\/#\\\/schema\\\/person\\\/c8efa6049510554b7d5fea078d728f72\"},\"headline\":\"Davidoff Art Initiative ser\u00e1 la primera nueva construcci\u00f3n en Altos de Chav\u00f3n en 38 a\u00f1os de historia\",\"datePublished\":\"2014-03-14T04:00:00+00:00\",\"dateModified\":\"2022-11-10T14:42:26+00:00\",\"mainEntityOfPage\":{\"@id\":\"https:\\\/\\\/casadecampoliving.com\\\/es\\\/davidoff-art-initiative-sera-la-primera-nueva-construccion-en-altos-de-chavon-en-38-anos-de-historia\\\/\"},\"wordCount\":796,\"publisher\":{\"@id\":\"https:\\\/\\\/casadecampoliving.com\\\/es\\\/#organization\"},\"image\":{\"@id\":\"https:\\\/\\\/casadecampoliving.com\\\/es\\\/davidoff-art-initiative-sera-la-primera-nueva-construccion-en-altos-de-chavon-en-38-anos-de-historia\\\/#primaryimage\"},\"thumbnailUrl\":\"https:\\\/\\\/i0.wp.com\\\/casadecampoliving.com\\\/wp-content\\\/uploads\\\/2022\\\/10\\\/Dominique-Bludhorn_Hans-Kristian-Hoejsgaard_Stephen-Kaplan_Claudio-Silvestri1.jpg?fit=650%2C369&ssl=1\",\"keywords\":[\"Altos de Chavon\",\"Casa de Campo\",\"claudio silvestri @es\",\"Davidoff Art Initiative @es\",\"Davidoff Art Residency @es\",\"dominique bluhdorn\"],\"articleSection\":[\"Altos de Chavon @es\",\"Arte y cultura\",\"Rep\u00fablica Dominicana @es\",\"Eventos\",\"Destacados\",\"Titulares\",\"Estilo de Vida\",\"Noticias Locales\",\"Fundaciones\",\"Resort Casa de Campo\",\"Proximamente\"],\"inLanguage\":\"es\"},{\"@type\":\"WebPage\",\"@id\":\"https:\\\/\\\/casadecampoliving.com\\\/es\\\/davidoff-art-initiative-sera-la-primera-nueva-construccion-en-altos-de-chavon-en-38-anos-de-historia\\\/\",\"url\":\"https:\\\/\\\/casadecampoliving.com\\\/es\\\/davidoff-art-initiative-sera-la-primera-nueva-construccion-en-altos-de-chavon-en-38-anos-de-historia\\\/\",\"name\":\"Davidoff Art Initiative ser\u00e1 la primera nueva construcci\u00f3n en Altos de Chav\u00f3n en 38 a\u00f1os de historia | Casa de Campo Living\",\"isPartOf\":{\"@id\":\"https:\\\/\\\/casadecampoliving.com\\\/es\\\/#website\"},\"primaryImageOfPage\":{\"@id\":\"https:\\\/\\\/casadecampoliving.com\\\/es\\\/davidoff-art-initiative-sera-la-primera-nueva-construccion-en-altos-de-chavon-en-38-anos-de-historia\\\/#primaryimage\"},\"image\":{\"@id\":\"https:\\\/\\\/casadecampoliving.com\\\/es\\\/davidoff-art-initiative-sera-la-primera-nueva-construccion-en-altos-de-chavon-en-38-anos-de-historia\\\/#primaryimage\"},\"thumbnailUrl\":\"https:\\\/\\\/i0.wp.com\\\/casadecampoliving.com\\\/wp-content\\\/uploads\\\/2022\\\/10\\\/Dominique-Bludhorn_Hans-Kristian-Hoejsgaard_Stephen-Kaplan_Claudio-Silvestri1.jpg?fit=650%2C369&ssl=1\",\"datePublished\":\"2014-03-14T04:00:00+00:00\",\"dateModified\":\"2022-11-10T14:42:26+00:00\",\"description\":\"\\\"Al igual que el d\u00eda de hoy, 38 a\u00f1os atr\u00e1s ten\u00edamos palas y picos aqu\u00ed, y esa podr\u00eda \u00a0haber sido la \u00faltima vez que las tuvi\u00e9semos en este lugar... y fue\",\"breadcrumb\":{\"@id\":\"https:\\\/\\\/casadecampoliving.com\\\/es\\\/davidoff-art-initiative-sera-la-primera-nueva-construccion-en-altos-de-chavon-en-38-anos-de-historia\\\/#breadcrumb\"},\"inLanguage\":\"es\",\"potentialAction\":[{\"@type\":\"ReadAction\",\"target\":[\"https:\\\/\\\/casadecampoliving.com\\\/es\\\/davidoff-art-initiative-sera-la-primera-nueva-construccion-en-altos-de-chavon-en-38-anos-de-historia\\\/\"]}]},{\"@type\":\"ImageObject\",\"inLanguage\":\"es\",\"@id\":\"https:\\\/\\\/casadecampoliving.com\\\/es\\\/davidoff-art-initiative-sera-la-primera-nueva-construccion-en-altos-de-chavon-en-38-anos-de-historia\\\/#primaryimage\",\"url\":\"https:\\\/\\\/i0.wp.com\\\/casadecampoliving.com\\\/wp-content\\\/uploads\\\/2022\\\/10\\\/Dominique-Bludhorn_Hans-Kristian-Hoejsgaard_Stephen-Kaplan_Claudio-Silvestri1.jpg?fit=650%2C369&ssl=1\",\"contentUrl\":\"https:\\\/\\\/i0.wp.com\\\/casadecampoliving.com\\\/wp-content\\\/uploads\\\/2022\\\/10\\\/Dominique-Bludhorn_Hans-Kristian-Hoejsgaard_Stephen-Kaplan_Claudio-Silvestri1.jpg?fit=650%2C369&ssl=1\",\"width\":650,\"height\":369},{\"@type\":\"BreadcrumbList\",\"@id\":\"https:\\\/\\\/casadecampoliving.com\\\/es\\\/davidoff-art-initiative-sera-la-primera-nueva-construccion-en-altos-de-chavon-en-38-anos-de-historia\\\/#breadcrumb\",\"itemListElement\":[{\"@type\":\"ListItem\",\"position\":1,\"name\":\"Home\",\"item\":\"https:\\\/\\\/casadecampoliving.com\\\/es\\\/\"},{\"@type\":\"ListItem\",\"position\":2,\"name\":\"Davidoff Art Initiative ser\u00e1 la primera nueva construcci\u00f3n en Altos de Chav\u00f3n en 38 a\u00f1os de historia\"}]},{\"@type\":\"WebSite\",\"@id\":\"https:\\\/\\\/casadecampoliving.com\\\/es\\\/#website\",\"url\":\"https:\\\/\\\/casadecampoliving.com\\\/es\\\/\",\"name\":\"Casa de Campo Living\",\"description\":\"Resort community news and resources.\",\"publisher\":{\"@id\":\"https:\\\/\\\/casadecampoliving.com\\\/es\\\/#organization\"},\"potentialAction\":[{\"@type\":\"SearchAction\",\"target\":{\"@type\":\"EntryPoint\",\"urlTemplate\":\"https:\\\/\\\/casadecampoliving.com\\\/es\\\/?s={search_term_string}\"},\"query-input\":{\"@type\":\"PropertyValueSpecification\",\"valueRequired\":true,\"valueName\":\"search_term_string\"}}],\"inLanguage\":\"es\"},{\"@type\":\"Organization\",\"@id\":\"https:\\\/\\\/casadecampoliving.com\\\/es\\\/#organization\",\"name\":\"Casa de Campo Living\",\"url\":\"https:\\\/\\\/casadecampoliving.com\\\/es\\\/\",\"logo\":{\"@type\":\"ImageObject\",\"inLanguage\":\"es\",\"@id\":\"https:\\\/\\\/casadecampoliving.com\\\/es\\\/#\\\/schema\\\/logo\\\/image\\\/\",\"url\":\"https:\\\/\\\/i0.wp.com\\\/casadecampoliving.com\\\/wp-content\\\/uploads\\\/2022\\\/07\\\/CDCLivingLogo_V1-white-sized.png?fit=800%2C214&ssl=1\",\"contentUrl\":\"https:\\\/\\\/i0.wp.com\\\/casadecampoliving.com\\\/wp-content\\\/uploads\\\/2022\\\/07\\\/CDCLivingLogo_V1-white-sized.png?fit=800%2C214&ssl=1\",\"width\":800,\"height\":214,\"caption\":\"Casa de Campo Living\"},\"image\":{\"@id\":\"https:\\\/\\\/casadecampoliving.com\\\/es\\\/#\\\/schema\\\/logo\\\/image\\\/\"},\"sameAs\":[\"https:\\\/\\\/www.facebook.com\\\/casadecampoliving\",\"https:\\\/\\\/x.com\\\/cdcliving\"]},{\"@type\":\"Person\",\"@id\":\"https:\\\/\\\/casadecampoliving.com\\\/es\\\/#\\\/schema\\\/person\\\/c8efa6049510554b7d5fea078d728f72\",\"name\":\"Perkin Agramonte\",\"image\":{\"@type\":\"ImageObject\",\"inLanguage\":\"es\",\"@id\":\"https:\\\/\\\/secure.gravatar.com\\\/avatar\\\/57bfdafcae55fb83dbb79a1585a9eab7f269b7720fb0b64cb9a4e0cd2962fa10?s=96&d=mm&r=g\",\"url\":\"https:\\\/\\\/secure.gravatar.com\\\/avatar\\\/57bfdafcae55fb83dbb79a1585a9eab7f269b7720fb0b64cb9a4e0cd2962fa10?s=96&d=mm&r=g\",\"contentUrl\":\"https:\\\/\\\/secure.gravatar.com\\\/avatar\\\/57bfdafcae55fb83dbb79a1585a9eab7f269b7720fb0b64cb9a4e0cd2962fa10?s=96&d=mm&r=g\",\"caption\":\"Perkin Agramonte\"},\"url\":\"https:\\\/\\\/casadecampoliving.com\\\/es\\\/author\\\/cagramonte\\\/\"}]}<\/script>\n<!-- \/ Yoast SEO plugin. -->","yoast_head_json":{"title":"Davidoff Art Initiative ser\u00e1 la primera nueva construcci\u00f3n en Altos de Chav\u00f3n en 38 a\u00f1os de historia | Casa de Campo Living","description":"\"Al igual que el d\u00eda de hoy, 38 a\u00f1os atr\u00e1s ten\u00edamos palas y picos aqu\u00ed, y esa podr\u00eda \u00a0haber sido la \u00faltima vez que las tuvi\u00e9semos en este lugar... y fue","robots":{"index":"index","follow":"follow","max-snippet":"max-snippet:-1","max-image-preview":"max-image-preview:large","max-video-preview":"max-video-preview:-1"},"canonical":"https:\/\/casadecampoliving.com\/es\/davidoff-art-initiative-sera-la-primera-nueva-construccion-en-altos-de-chavon-en-38-anos-de-historia\/","og_locale":"es_ES","og_type":"article","og_title":"Davidoff Art Initiative ser\u00e1 la primera nueva construcci\u00f3n en Altos de Chav\u00f3n en 38 a\u00f1os de historia | Casa de Campo Living","og_description":"\"Al igual que el d\u00eda de hoy, 38 a\u00f1os atr\u00e1s ten\u00edamos palas y picos aqu\u00ed, y esa podr\u00eda \u00a0haber sido la \u00faltima vez que las tuvi\u00e9semos en este lugar... y fue","og_url":"https:\/\/casadecampoliving.com\/es\/davidoff-art-initiative-sera-la-primera-nueva-construccion-en-altos-de-chavon-en-38-anos-de-historia\/","og_site_name":"Casa de Campo Living","article_publisher":"https:\/\/www.facebook.com\/casadecampoliving","article_published_time":"2014-03-14T04:00:00+00:00","article_modified_time":"2022-11-10T14:42:26+00:00","og_image":[{"width":650,"height":369,"url":"https:\/\/i0.wp.com\/casadecampoliving.com\/wp-content\/uploads\/2022\/10\/Dominique-Bludhorn_Hans-Kristian-Hoejsgaard_Stephen-Kaplan_Claudio-Silvestri1.jpg?fit=650%2C369&ssl=1","type":"image\/jpeg"}],"author":"Perkin Agramonte","twitter_card":"summary_large_image","twitter_creator":"@cdcliving","twitter_site":"@cdcliving","twitter_misc":{"Escrito por":"Perkin Agramonte","Tiempo de lectura":"4 minutos"},"schema":{"@context":"https:\/\/schema.org","@graph":[{"@type":"Article","@id":"https:\/\/casadecampoliving.com\/es\/davidoff-art-initiative-sera-la-primera-nueva-construccion-en-altos-de-chavon-en-38-anos-de-historia\/#article","isPartOf":{"@id":"https:\/\/casadecampoliving.com\/es\/davidoff-art-initiative-sera-la-primera-nueva-construccion-en-altos-de-chavon-en-38-anos-de-historia\/"},"author":{"name":"Perkin Agramonte","@id":"https:\/\/casadecampoliving.com\/es\/#\/schema\/person\/c8efa6049510554b7d5fea078d728f72"},"headline":"Davidoff Art Initiative ser\u00e1 la primera nueva construcci\u00f3n en Altos de Chav\u00f3n en 38 a\u00f1os de historia","datePublished":"2014-03-14T04:00:00+00:00","dateModified":"2022-11-10T14:42:26+00:00","mainEntityOfPage":{"@id":"https:\/\/casadecampoliving.com\/es\/davidoff-art-initiative-sera-la-primera-nueva-construccion-en-altos-de-chavon-en-38-anos-de-historia\/"},"wordCount":796,"publisher":{"@id":"https:\/\/casadecampoliving.com\/es\/#organization"},"image":{"@id":"https:\/\/casadecampoliving.com\/es\/davidoff-art-initiative-sera-la-primera-nueva-construccion-en-altos-de-chavon-en-38-anos-de-historia\/#primaryimage"},"thumbnailUrl":"https:\/\/i0.wp.com\/casadecampoliving.com\/wp-content\/uploads\/2022\/10\/Dominique-Bludhorn_Hans-Kristian-Hoejsgaard_Stephen-Kaplan_Claudio-Silvestri1.jpg?fit=650%2C369&ssl=1","keywords":["Altos de Chavon","Casa de Campo","claudio silvestri @es","Davidoff Art Initiative @es","Davidoff Art Residency @es","dominique bluhdorn"],"articleSection":["Altos de Chavon @es","Arte y cultura","Rep\u00fablica Dominicana @es","Eventos","Destacados","Titulares","Estilo de Vida","Noticias Locales","Fundaciones","Resort Casa de Campo","Proximamente"],"inLanguage":"es"},{"@type":"WebPage","@id":"https:\/\/casadecampoliving.com\/es\/davidoff-art-initiative-sera-la-primera-nueva-construccion-en-altos-de-chavon-en-38-anos-de-historia\/","url":"https:\/\/casadecampoliving.com\/es\/davidoff-art-initiative-sera-la-primera-nueva-construccion-en-altos-de-chavon-en-38-anos-de-historia\/","name":"Davidoff Art Initiative ser\u00e1 la primera nueva construcci\u00f3n en Altos de Chav\u00f3n en 38 a\u00f1os de historia | Casa de Campo Living","isPartOf":{"@id":"https:\/\/casadecampoliving.com\/es\/#website"},"primaryImageOfPage":{"@id":"https:\/\/casadecampoliving.com\/es\/davidoff-art-initiative-sera-la-primera-nueva-construccion-en-altos-de-chavon-en-38-anos-de-historia\/#primaryimage"},"image":{"@id":"https:\/\/casadecampoliving.com\/es\/davidoff-art-initiative-sera-la-primera-nueva-construccion-en-altos-de-chavon-en-38-anos-de-historia\/#primaryimage"},"thumbnailUrl":"https:\/\/i0.wp.com\/casadecampoliving.com\/wp-content\/uploads\/2022\/10\/Dominique-Bludhorn_Hans-Kristian-Hoejsgaard_Stephen-Kaplan_Claudio-Silvestri1.jpg?fit=650%2C369&ssl=1","datePublished":"2014-03-14T04:00:00+00:00","dateModified":"2022-11-10T14:42:26+00:00","description":"\"Al igual que el d\u00eda de hoy, 38 a\u00f1os atr\u00e1s ten\u00edamos palas y picos aqu\u00ed, y esa podr\u00eda \u00a0haber sido la \u00faltima vez que las tuvi\u00e9semos en este lugar... y fue","breadcrumb":{"@id":"https:\/\/casadecampoliving.com\/es\/davidoff-art-initiative-sera-la-primera-nueva-construccion-en-altos-de-chavon-en-38-anos-de-historia\/#breadcrumb"},"inLanguage":"es","potentialAction":[{"@type":"ReadAction","target":["https:\/\/casadecampoliving.com\/es\/davidoff-art-initiative-sera-la-primera-nueva-construccion-en-altos-de-chavon-en-38-anos-de-historia\/"]}]},{"@type":"ImageObject","inLanguage":"es","@id":"https:\/\/casadecampoliving.com\/es\/davidoff-art-initiative-sera-la-primera-nueva-construccion-en-altos-de-chavon-en-38-anos-de-historia\/#primaryimage","url":"https:\/\/i0.wp.com\/casadecampoliving.com\/wp-content\/uploads\/2022\/10\/Dominique-Bludhorn_Hans-Kristian-Hoejsgaard_Stephen-Kaplan_Claudio-Silvestri1.jpg?fit=650%2C369&ssl=1","contentUrl":"https:\/\/i0.wp.com\/casadecampoliving.com\/wp-content\/uploads\/2022\/10\/Dominique-Bludhorn_Hans-Kristian-Hoejsgaard_Stephen-Kaplan_Claudio-Silvestri1.jpg?fit=650%2C369&ssl=1","width":650,"height":369},{"@type":"BreadcrumbList","@id":"https:\/\/casadecampoliving.com\/es\/davidoff-art-initiative-sera-la-primera-nueva-construccion-en-altos-de-chavon-en-38-anos-de-historia\/#breadcrumb","itemListElement":[{"@type":"ListItem","position":1,"name":"Home","item":"https:\/\/casadecampoliving.com\/es\/"},{"@type":"ListItem","position":2,"name":"Davidoff Art Initiative ser\u00e1 la primera nueva construcci\u00f3n en Altos de Chav\u00f3n en 38 a\u00f1os de historia"}]},{"@type":"WebSite","@id":"https:\/\/casadecampoliving.com\/es\/#website","url":"https:\/\/casadecampoliving.com\/es\/","name":"Casa de Campo Living","description":"Resort community news and resources.","publisher":{"@id":"https:\/\/casadecampoliving.com\/es\/#organization"},"potentialAction":[{"@type":"SearchAction","target":{"@type":"EntryPoint","urlTemplate":"https:\/\/casadecampoliving.com\/es\/?s={search_term_string}"},"query-input":{"@type":"PropertyValueSpecification","valueRequired":true,"valueName":"search_term_string"}}],"inLanguage":"es"},{"@type":"Organization","@id":"https:\/\/casadecampoliving.com\/es\/#organization","name":"Casa de Campo Living","url":"https:\/\/casadecampoliving.com\/es\/","logo":{"@type":"ImageObject","inLanguage":"es","@id":"https:\/\/casadecampoliving.com\/es\/#\/schema\/logo\/image\/","url":"https:\/\/i0.wp.com\/casadecampoliving.com\/wp-content\/uploads\/2022\/07\/CDCLivingLogo_V1-white-sized.png?fit=800%2C214&ssl=1","contentUrl":"https:\/\/i0.wp.com\/casadecampoliving.com\/wp-content\/uploads\/2022\/07\/CDCLivingLogo_V1-white-sized.png?fit=800%2C214&ssl=1","width":800,"height":214,"caption":"Casa de Campo Living"},"image":{"@id":"https:\/\/casadecampoliving.com\/es\/#\/schema\/logo\/image\/"},"sameAs":["https:\/\/www.facebook.com\/casadecampoliving","https:\/\/x.com\/cdcliving"]},{"@type":"Person","@id":"https:\/\/casadecampoliving.com\/es\/#\/schema\/person\/c8efa6049510554b7d5fea078d728f72","name":"Perkin Agramonte","image":{"@type":"ImageObject","inLanguage":"es","@id":"https:\/\/secure.gravatar.com\/avatar\/57bfdafcae55fb83dbb79a1585a9eab7f269b7720fb0b64cb9a4e0cd2962fa10?s=96&d=mm&r=g","url":"https:\/\/secure.gravatar.com\/avatar\/57bfdafcae55fb83dbb79a1585a9eab7f269b7720fb0b64cb9a4e0cd2962fa10?s=96&d=mm&r=g","contentUrl":"https:\/\/secure.gravatar.com\/avatar\/57bfdafcae55fb83dbb79a1585a9eab7f269b7720fb0b64cb9a4e0cd2962fa10?s=96&d=mm&r=g","caption":"Perkin Agramonte"},"url":"https:\/\/casadecampoliving.com\/es\/author\/cagramonte\/"}]}},"parsely":{"version":"1.1.0","canonical_url":"https:\/\/casadecampoliving.com\/es\/davidoff-art-initiative-sera-la-primera-nueva-construccion-en-altos-de-chavon-en-38-anos-de-historia\/","smart_links":{"inbound":0,"outbound":0},"traffic_boost_suggestions_count":0,"meta":{"@context":"https:\/\/schema.org","@type":"NewsArticle","headline":"Davidoff Art Initiative ser\u00e1 la primera nueva construcci\u00f3n en Altos de Chav\u00f3n en 38 a\u00f1os de historia","url":"http:\/\/casadecampoliving.com\/es\/davidoff-art-initiative-sera-la-primera-nueva-construccion-en-altos-de-chavon-en-38-anos-de-historia\/","mainEntityOfPage":{"@type":"WebPage","@id":"http:\/\/casadecampoliving.com\/es\/davidoff-art-initiative-sera-la-primera-nueva-construccion-en-altos-de-chavon-en-38-anos-de-historia\/"},"thumbnailUrl":"https:\/\/i0.wp.com\/casadecampoliving.com\/wp-content\/uploads\/2022\/10\/Dominique-Bludhorn_Hans-Kristian-Hoejsgaard_Stephen-Kaplan_Claudio-Silvestri1.jpg?resize=150%2C150&ssl=1","image":{"@type":"ImageObject","url":"https:\/\/i0.wp.com\/casadecampoliving.com\/wp-content\/uploads\/2022\/10\/Dominique-Bludhorn_Hans-Kristian-Hoejsgaard_Stephen-Kaplan_Claudio-Silvestri1.jpg?fit=650%2C369&ssl=1"},"articleSection":"Altos de Chavon @es","author":[{"@type":"Person","name":"Perkin Agramonte"}],"creator":["Perkin Agramonte"],"publisher":{"@type":"Organization","name":"Casa de Campo Living","logo":"https:\/\/casadecampoliving.com\/wp-content\/uploads\/2022\/07\/CDCLivingLogo_V1-white-sized.png"},"keywords":["altos de chavon","casa de campo","claudio silvestri @es","davidoff art initiative @es","davidoff art residency @es","dominique bluhdorn"],"dateCreated":"2014-03-14T04:00:00Z","datePublished":"2014-03-14T04:00:00Z","dateModified":"2022-11-10T14:42:26Z"},"rendered":"<script type=\"application\/ld+json\" class=\"wp-parsely-metadata\">{\"@context\":\"https:\\\/\\\/schema.org\",\"@type\":\"NewsArticle\",\"headline\":\"Davidoff Art Initiative ser\\u00e1 la primera nueva construcci\\u00f3n en Altos de Chav\\u00f3n en 38 a\\u00f1os de historia\",\"url\":\"http:\\\/\\\/casadecampoliving.com\\\/es\\\/davidoff-art-initiative-sera-la-primera-nueva-construccion-en-altos-de-chavon-en-38-anos-de-historia\\\/\",\"mainEntityOfPage\":{\"@type\":\"WebPage\",\"@id\":\"http:\\\/\\\/casadecampoliving.com\\\/es\\\/davidoff-art-initiative-sera-la-primera-nueva-construccion-en-altos-de-chavon-en-38-anos-de-historia\\\/\"},\"thumbnailUrl\":\"https:\\\/\\\/i0.wp.com\\\/casadecampoliving.com\\\/wp-content\\\/uploads\\\/2022\\\/10\\\/Dominique-Bludhorn_Hans-Kristian-Hoejsgaard_Stephen-Kaplan_Claudio-Silvestri1.jpg?resize=150%2C150&ssl=1\",\"image\":{\"@type\":\"ImageObject\",\"url\":\"https:\\\/\\\/i0.wp.com\\\/casadecampoliving.com\\\/wp-content\\\/uploads\\\/2022\\\/10\\\/Dominique-Bludhorn_Hans-Kristian-Hoejsgaard_Stephen-Kaplan_Claudio-Silvestri1.jpg?fit=650%2C369&ssl=1\"},\"articleSection\":\"Altos de Chavon @es\",\"author\":[{\"@type\":\"Person\",\"name\":\"Perkin Agramonte\"}],\"creator\":[\"Perkin Agramonte\"],\"publisher\":{\"@type\":\"Organization\",\"name\":\"Casa de Campo Living\",\"logo\":\"https:\\\/\\\/casadecampoliving.com\\\/wp-content\\\/uploads\\\/2022\\\/07\\\/CDCLivingLogo_V1-white-sized.png\"},\"keywords\":[\"altos de chavon\",\"casa de campo\",\"claudio silvestri @es\",\"davidoff art initiative @es\",\"davidoff art residency @es\",\"dominique bluhdorn\"],\"dateCreated\":\"2014-03-14T04:00:00Z\",\"datePublished\":\"2014-03-14T04:00:00Z\",\"dateModified\":\"2022-11-10T14:42:26Z\"}<\/script>","tracker_url":"https:\/\/cdn.parsely.com\/keys\/casadecampoliving.com\/p.js"},"jetpack_publicize_connections":[],"jetpack_featured_media_url":"https:\/\/i0.wp.com\/casadecampoliving.com\/wp-content\/uploads\/2022\/10\/Dominique-Bludhorn_Hans-Kristian-Hoejsgaard_Stephen-Kaplan_Claudio-Silvestri1.jpg?fit=650%2C369&ssl=1","jetpack-related-posts":[{"id":323354,"url":"https:\/\/casadecampoliving.com\/davidoff-art-initiative-breaks-ground-chavon-first-new-construction-38-years\/","url_meta":{"origin":344016,"position":0},"title":"Davidoff Art Initiative breaks ground in Chav\u00f3n for first new construction in 38 years!","author":"Rebecca Silvestri","date":"14 Mar, 2014","format":false,"excerpt":"\"38 years ago we had shovels here as well, and that might have been the last time we had shovels here.. and it was when another very forward thinking and visionary chairman decided to start the construction of Altos de Chav\u00f3n,\" were the opening words of Dominique Bluhdorn, president of\u2026","rel":"","context":"En \u00abAltos de Chavon\u00bb","block_context":{"text":"Altos de Chavon","link":"https:\/\/casadecampoliving.com\/category\/altos-de-chavon\/"},"img":{"alt_text":"","src":"https:\/\/i0.wp.com\/casadecampoliving.com\/wp-content\/uploads\/2022\/10\/Dominique-Bludhorn_Hans-Kristian-Hoejsgaard_Stephen-Kaplan_Claudio-Silvestri1.jpg?fit=650%2C369&ssl=1&resize=350%2C200","width":350,"height":200,"srcset":"https:\/\/i0.wp.com\/casadecampoliving.com\/wp-content\/uploads\/2022\/10\/Dominique-Bludhorn_Hans-Kristian-Hoejsgaard_Stephen-Kaplan_Claudio-Silvestri1.jpg?fit=650%2C369&ssl=1&resize=350%2C200 1x, https:\/\/i0.wp.com\/casadecampoliving.com\/wp-content\/uploads\/2022\/10\/Dominique-Bludhorn_Hans-Kristian-Hoejsgaard_Stephen-Kaplan_Claudio-Silvestri1.jpg?fit=650%2C369&ssl=1&resize=525%2C300 1.5x"},"classes":[]},{"id":433460,"url":"https:\/\/casadecampoliving.com\/es\/no-se-pierdan-el-increible-tributo-a-frank-sinatra-para-celebrar-el-40-aniversario-del-anfiteatro-altos-de-chavon\/","url_meta":{"origin":344016,"position":1},"title":"No se pierdan el incre\u00edble tributo a Frank Sinatra para celebrar el 40 aniversario del\u00a0Anfiteatro Altos de Chav\u00f3n","author":"Casa de Campo Living","date":"20 Oct, 2022","format":false,"excerpt":"Siendo uno de los escenarios m\u00e1s emblem\u00e1ticos del pa\u00eds, Casa de Campo Resort\u00ae & Villas celebra las cuatro d\u00e9cadas de aniversario de Altos de Chav\u00f3n con un tributo al gran Frank Sinatra, protagonizado por artistas invitados y una big band tal cual la que acompa\u00f1\u00f3 al artista hace 40 a\u00f1os\u2026","rel":"","context":"En \u00abUncategorized @es\u00bb","block_context":{"text":"Uncategorized @es","link":"https:\/\/casadecampoliving.com\/es\/category\/uncategorized-es\/"},"img":{"alt_text":"","src":"https:\/\/i0.wp.com\/casadecampoliving.com\/wp-content\/uploads\/2022\/10\/Tributo-Frank-Sinatra-Foto-Principal-Amaury-Sanchez-Danilo-Ginebra-Andres-Pichardo-y-Jose-Gabriel-Perez-.jpg?fit=1200%2C873&ssl=1&resize=350%2C200","width":350,"height":200,"srcset":"https:\/\/i0.wp.com\/casadecampoliving.com\/wp-content\/uploads\/2022\/10\/Tributo-Frank-Sinatra-Foto-Principal-Amaury-Sanchez-Danilo-Ginebra-Andres-Pichardo-y-Jose-Gabriel-Perez-.jpg?fit=1200%2C873&ssl=1&resize=350%2C200 1x, https:\/\/i0.wp.com\/casadecampoliving.com\/wp-content\/uploads\/2022\/10\/Tributo-Frank-Sinatra-Foto-Principal-Amaury-Sanchez-Danilo-Ginebra-Andres-Pichardo-y-Jose-Gabriel-Perez-.jpg?fit=1200%2C873&ssl=1&resize=525%2C300 1.5x, https:\/\/i0.wp.com\/casadecampoliving.com\/wp-content\/uploads\/2022\/10\/Tributo-Frank-Sinatra-Foto-Principal-Amaury-Sanchez-Danilo-Ginebra-Andres-Pichardo-y-Jose-Gabriel-Perez-.jpg?fit=1200%2C873&ssl=1&resize=700%2C400 2x, https:\/\/i0.wp.com\/casadecampoliving.com\/wp-content\/uploads\/2022\/10\/Tributo-Frank-Sinatra-Foto-Principal-Amaury-Sanchez-Danilo-Ginebra-Andres-Pichardo-y-Jose-Gabriel-Perez-.jpg?fit=1200%2C873&ssl=1&resize=1050%2C600 3x"},"classes":[]},{"id":343240,"url":"https:\/\/casadecampoliving.com\/es\/la-residencia-de-arte-davidoff-altos-de-chavon-en-enero-de-2015\/","url_meta":{"origin":344016,"position":2},"title":"La Residencia de Arte Davidoff abrir\u00e1 en Altos de Chav\u00f3n en enero de 2015","author":"Genesis Perdomo","date":"8 Nov, 2013","format":false,"excerpt":"Davidoff Cigars, la importante marca de cigarrillos, recientemente anunci\u00f3 un patrocinio y colaboraci\u00f3n con la Escuela de Arte y Dise\u00f1o de Altos de Chav\u00f3n. La Residencia de Arte Davidoff es parte de la Iniciativa de Arte Davidoff, la cual apoya artistas y al arte contempor\u00e1neo en el Caribe, fuertes organizaciones\u2026","rel":"","context":"En \u00abAltos de Chavon @es\u00bb","block_context":{"text":"Altos de Chavon @es","link":"https:\/\/casadecampoliving.com\/category\/altos-de-chavon-es\/"},"img":{"alt_text":"Altos de Chavon","src":"https:\/\/i0.wp.com\/casadecampoliving.com\/wp-content\/uploads\/2022\/10\/altos-de-chavon-1.jpg?fit=650%2C403&ssl=1&resize=350%2C200","width":350,"height":200,"srcset":"https:\/\/i0.wp.com\/casadecampoliving.com\/wp-content\/uploads\/2022\/10\/altos-de-chavon-1.jpg?fit=650%2C403&ssl=1&resize=350%2C200 1x, https:\/\/i0.wp.com\/casadecampoliving.com\/wp-content\/uploads\/2022\/10\/altos-de-chavon-1.jpg?fit=650%2C403&ssl=1&resize=525%2C300 1.5x"},"classes":[]},{"id":325266,"url":"https:\/\/casadecampoliving.com\/davidoff-art-initiative-altos-de-chavon\/","url_meta":{"origin":344016,"position":3},"title":"Davidoff Art Initiative officially opened in Altos de Chav\u00f3n","author":"Perkin Agramonte","date":"18 Feb, 2015","format":false,"excerpt":"Last Saturday February 14th was a very busy day here in Casa de Campo... not only was it Valentine's day, but it was also the Hogar del Ni\u00f1o weekend (click here for photos) and the 2nd annual Davidoff Art Weekend! If all that wasn't a reason to celebrate and fall\u2026","rel":"","context":"En \u00abAltos de Chavon\u00bb","block_context":{"text":"Altos de Chavon","link":"https:\/\/casadecampoliving.com\/category\/altos-de-chavon\/"},"img":{"alt_text":"","src":"https:\/\/i0.wp.com\/casadecampoliving.com\/wp-content\/uploads\/2022\/10\/Eduardo-Lima_Leo_Matos-Hans-Kristian_Hoejsgaard-Dominique_Bludhorn-Claudio_Silvestri1.jpg?fit=650%2C392&ssl=1&resize=350%2C200","width":350,"height":200,"srcset":"https:\/\/i0.wp.com\/casadecampoliving.com\/wp-content\/uploads\/2022\/10\/Eduardo-Lima_Leo_Matos-Hans-Kristian_Hoejsgaard-Dominique_Bludhorn-Claudio_Silvestri1.jpg?fit=650%2C392&ssl=1&resize=350%2C200 1x, https:\/\/i0.wp.com\/casadecampoliving.com\/wp-content\/uploads\/2022\/10\/Eduardo-Lima_Leo_Matos-Hans-Kristian_Hoejsgaard-Dominique_Bludhorn-Claudio_Silvestri1.jpg?fit=650%2C392&ssl=1&resize=525%2C300 1.5x"},"classes":[]},{"id":322838,"url":"https:\/\/casadecampoliving.com\/davidoff-art-residency-altos-de-chavon-starts-jan-2015\/","url_meta":{"origin":344016,"position":4},"title":"Davidoff Art Residency in Altos de Chav\u00f3n starts Jan. 2015","author":"Rebecca Silvestri","date":"8 Nov, 2013","format":false,"excerpt":"Davidoff Cigars, the premium cigar brand, recently announced a cultural patronage and collaboration with the Altos de Chavon School of Art and Design. The Davidoff Art Residency is part of the Davidoff Art Initiative, which\u00a0supports contemporary art and\u00a0artists in the Caribbean, strengthens art organizations in the\u00a0Dominican Republic, shares knowledge and\u2026","rel":"","context":"En \u00abAltos de Chavon\u00bb","block_context":{"text":"Altos de Chavon","link":"https:\/\/casadecampoliving.com\/category\/altos-de-chavon\/"},"img":{"alt_text":"Altos de Chavon","src":"https:\/\/i0.wp.com\/casadecampoliving.com\/wp-content\/uploads\/2022\/10\/altos-de-chavon-1.jpg?fit=650%2C403&ssl=1&resize=350%2C200","width":350,"height":200,"srcset":"https:\/\/i0.wp.com\/casadecampoliving.com\/wp-content\/uploads\/2022\/10\/altos-de-chavon-1.jpg?fit=650%2C403&ssl=1&resize=350%2C200 1x, https:\/\/i0.wp.com\/casadecampoliving.com\/wp-content\/uploads\/2022\/10\/altos-de-chavon-1.jpg?fit=650%2C403&ssl=1&resize=525%2C300 1.5x"},"classes":[]},{"id":346841,"url":"https:\/\/casadecampoliving.com\/es\/iniciativa-de-arte-davidoff-oficialmente-abierta-en-altos-de-chavon-2\/","url_meta":{"origin":344016,"position":5},"title":"Iniciativa de Arte Davidoff oficialmente abierta en Altos de Chav\u00f3n","author":"Perkin Agramonte","date":"18 Feb, 2015","format":false,"excerpt":"El pasado s\u00e1bado 14 de febrero fue un d\u00eda bastante ocupado aqu\u00ed en Casa de Campo... \u00a1No solo fue el d\u00eda de San Valent\u00edn, sino que tambi\u00e9n fue parte del Fin de Semana del Hogar del Ni\u00f1o (haga click aqu\u00ed para las fotos) y el segundo Fin de Semana del\u2026","rel":"","context":"En \u00abAltos de Chavon @es\u00bb","block_context":{"text":"Altos de Chavon @es","link":"https:\/\/casadecampoliving.com\/category\/altos-de-chavon-es\/"},"img":{"alt_text":"","src":"https:\/\/i0.wp.com\/casadecampoliving.com\/wp-content\/uploads\/2022\/10\/Eduardo-Lima_Leo_Matos-Hans-Kristian_Hoejsgaard-Dominique_Bludhorn-Claudio_Silvestri1.jpg?fit=650%2C392&ssl=1&resize=350%2C200","width":350,"height":200,"srcset":"https:\/\/i0.wp.com\/casadecampoliving.com\/wp-content\/uploads\/2022\/10\/Eduardo-Lima_Leo_Matos-Hans-Kristian_Hoejsgaard-Dominique_Bludhorn-Claudio_Silvestri1.jpg?fit=650%2C392&ssl=1&resize=350%2C200 1x, https:\/\/i0.wp.com\/casadecampoliving.com\/wp-content\/uploads\/2022\/10\/Eduardo-Lima_Leo_Matos-Hans-Kristian_Hoejsgaard-Dominique_Bludhorn-Claudio_Silvestri1.jpg?fit=650%2C392&ssl=1&resize=525%2C300 1.5x"},"classes":[]}],"jetpack_sharing_enabled":true,"_links":{"self":[{"href":"https:\/\/casadecampoliving.com\/es\/wp-json\/wp\/v2\/posts\/344016","targetHints":{"allow":["GET"]}}],"collection":[{"href":"https:\/\/casadecampoliving.com\/es\/wp-json\/wp\/v2\/posts"}],"about":[{"href":"https:\/\/casadecampoliving.com\/es\/wp-json\/wp\/v2\/types\/post"}],"author":[{"embeddable":true,"href":"https:\/\/casadecampoliving.com\/es\/wp-json\/wp\/v2\/users\/1097"}],"replies":[{"embeddable":true,"href":"https:\/\/casadecampoliving.com\/es\/wp-json\/wp\/v2\/comments?post=344016"}],"version-history":[{"count":2,"href":"https:\/\/casadecampoliving.com\/es\/wp-json\/wp\/v2\/posts\/344016\/revisions"}],"predecessor-version":[{"id":509339,"href":"https:\/\/casadecampoliving.com\/es\/wp-json\/wp\/v2\/posts\/344016\/revisions\/509339"}],"wp:featuredmedia":[{"embeddable":true,"href":"https:\/\/casadecampoliving.com\/es\/wp-json\/wp\/v2\/media\/270056"}],"wp:attachment":[{"href":"https:\/\/casadecampoliving.com\/es\/wp-json\/wp\/v2\/media?parent=344016"}],"wp:term":[{"taxonomy":"category","embeddable":true,"href":"https:\/\/casadecampoliving.com\/es\/wp-json\/wp\/v2\/categories?post=344016"},{"taxonomy":"post_tag","embeddable":true,"href":"https:\/\/casadecampoliving.com\/es\/wp-json\/wp\/v2\/tags?post=344016"},{"taxonomy":"newspack_spnsrs_tax","embeddable":true,"href":"https:\/\/casadecampoliving.com\/es\/wp-json\/wp\/v2\/newspack_spnsrs_tax?post=344016"}],"curies":[{"name":"wp","href":"https:\/\/api.w.org\/{rel}","templated":true}]}}