{"id":343994,"date":"2014-03-08T00:00:00","date_gmt":"2014-03-08T04:00:00","guid":{"rendered":"https:\/\/casadecampoliving.com\/se-inaugurara-en-abril-un-nuevo-hogar-para-los-ninos-del-orfanato-ninos-de-cristo\/"},"modified":"2022-10-21T18:52:38","modified_gmt":"2022-10-21T22:52:38","slug":"se-inaugurara-en-abril-un-nuevo-hogar-para-los-ninos-del-orfanato-ninos-de-cristo","status":"publish","type":"post","link":"https:\/\/casadecampoliving.com\/es\/se-inaugurara-en-abril-un-nuevo-hogar-para-los-ninos-del-orfanato-ninos-de-cristo\/","title":{"rendered":"Se inaugurar\u00e1 en abril un nuevo hogar para los ni\u00f1os del Orfanato Ni\u00f1os de Cristo"},"content":{"rendered":"<div class=\"wp-block-image\">\n<figure class=\"aligncenter is-resized\"><img loading=\"lazy\" decoding=\"async\" src=\"https:\/\/i0.wp.com\/casadecampoliving.com\/wp-content\/uploads\/2022\/10\/orfanato-ninos-de-cristo-maestro-cares-foundation1.jpg?resize=650%2C471&amp;ssl=1\" alt=\"Orfanato Ninos de Cristo Maestro Cares Foundation\" class=\"wp-image-86801\" height=\"471\" width=\"650\"\/><\/figure>\n<\/div>\n\n\n<p>A principios del mes de abril ser\u00e1 inaugurada oficialmente un nuevo hogar para los ni\u00f1os del Orfanato Ni\u00f1os y Ni\u00f1as de Cristo.<\/p>\n\n\n\n<!--more-->\n\n\n<div class=\"wp-block-image\">\n<figure class=\"alignright is-resized\"><img loading=\"lazy\" decoding=\"async\" src=\"https:\/\/i0.wp.com\/casadecampoliving.com\/wp-content\/uploads\/2022\/10\/orfanato-ninos-de-cristo-maestro-cares-foundation2.jpg?resize=300%2C275&amp;ssl=1\" alt=\"Orfanato Ninos de Cristo Maestro Cares Foundation\" class=\"wp-image-86802\" height=\"275\" width=\"300\"\/><\/figure>\n<\/div>\n\n\n<p>El Orfanato Ni\u00f1os y Ni\u00f1as de Cristo fue fundado en La Romana por Sonia Hane&nbsp;en el a\u00f1o 1995, el cual ha alojado m\u00e1s de 150 ni\u00f1as y aproximadamente 50 ni\u00f1os a lo largo de 19 a\u00f1os. Gracias al inagotable apoyo de la comunidad Casa de Campo y los numerosos amigos de la causa, el orfanato ha crecido y se expande cada vez m\u00e1s a trav\u00e9s de los a\u00f1os, con las ni\u00f1as viviendo en el campus principal con su propia escuela e iglesia, mientras que los ni\u00f1os en una casa de 3 habitaciones.<\/p>\n\n\n\n<p>Sin embargo a partir de abril, gracias a Maestro Cares Foundation (MCF) fundada por el gran icono de la m\u00fasica; Marc Anthony y el gur\u00fa de los negocios Henry Cardenas, los ni\u00f1os estan a la espera de un nuevo hogar \u2013 un campus totalmente integrado dormitorios, comedores, campos de b\u00e9isbol y f\u00fatbol soccer, un \u00e1rea de esparcimiento y una cl\u00ednica. Este nuevo campus le permitir\u00e1 al Orfanato proveer un seguro, feliz y bien equipado hogar para m\u00e1s de 100 ni\u00f1os en edades que van de 6 meses a 17 a\u00f1os de edad.<\/p>\n\n\n<div class=\"wp-block-image\">\n<figure class=\"aligncenter is-resized\"><img loading=\"lazy\" decoding=\"async\" src=\"https:\/\/i0.wp.com\/casadecampoliving.com\/wp-content\/uploads\/2022\/10\/orfanato-ninos-de-cristo-maestro-cares-foundation.jpg?resize=650%2C433&amp;ssl=1\" alt=\"Orfanato Ninos de Cristo Maestro Cares Foundation\" class=\"wp-image-86797\" height=\"433\" width=\"650\"\/><\/figure>\n<\/div>\n\n\n<p>Maestro Cares Foundation (MCF) fue fundada por la superestrella internacional de la m\u00fasica pop Marc Anthony junto al empresario Henry C\u00e1rdenas en enero del a\u00f1o 2012 como una organizaci\u00f3n sin fines de lucro establecida para beneficiar a los ni\u00f1os hu\u00e9rfanos y desamparados en Am\u00e9rica Latina. Maestro Cares busca brindar asistencia a estos ni\u00f1os, apoyando servicios sociales y otros programas de desarrollo. Tan pronto fue fundada, el Orfanato Ni\u00f1os y Ni\u00f1as de Cristo en La Romana fue el primer beneficiario de la causa.<\/p>\n\n\n<div class=\"wp-block-image\">\n<figure class=\"aligncenter is-resized\"><img loading=\"lazy\" decoding=\"async\" src=\"https:\/\/i0.wp.com\/casadecampoliving.com\/wp-content\/uploads\/2022\/10\/orfanato-ninos-de-cristo-maestro-cares-foundation3.jpg?resize=650%2C358&amp;ssl=1\" alt=\"Orfanato Ninos de Cristo Maestro Cares Foundation\" class=\"wp-image-86803\" height=\"358\" width=\"650\"\/><\/figure>\n<\/div>\n\n\n<p>Seguido de un abrumador apoyo por parte de los colaboradores en los E.E.U.U., se recaudaron m\u00e1s de $100,000 dolares y se celebr\u00f3 el 23 de noviembre del 2012 una ceremonia de primer picazo para lo que ser\u00eda el nuevo campus para los ni\u00f1os de Orfanato Ni\u00f1os y Ni\u00f1as de Cristo. <a href=\"https:\/\/casadecampoliving.com\/es\/marc-anthony-y-henry-cardenas-inauguran-la-construccion-del-nuevo-orfanato-ninos-de-cristo-en-la-romana\/\">A la celebraci\u00f3n asisti\u00f3 Marc Anthony, formando parte de esta simb\u00f3lica ceremonia.<\/a><\/p>\n\n\n\n<p>Estamos ansioso de ver inaugurado y en funcionamiento el nuevo campus para ni\u00f1os<\/p>\n\n\n\n<blockquote class=\"wp-block-quote is-layout-flow wp-block-quote-is-layout-flow\"><p><em>\u201cMaestro Cares promueve calidad de vida para los ni\u00f1os hu\u00e9rfanos en toda Am\u00e9rica Latina. Trabajamos para cumplir nuestra misi\u00f3n, proveyendo hospedaje, educaci\u00f3n, salud, alimento y lugares de esparcimiento.\u201d &nbsp;<\/em><\/p><p style=\"padding-left: 60px; text-align: right;\"><em><strong>Marc Anthony<\/strong><\/em><br>\n<em> Maestro Cares Foundation<\/em><\/p><\/blockquote>\n","protected":false},"excerpt":{"rendered":"<p>A principios del mes de abril ser\u00e1 inaugurada oficialmente un nuevo hogar para los ni\u00f1os del Orfanato Ni\u00f1os y Ni\u00f1as de Cristo.<\/p>\n","protected":false},"author":1097,"featured_media":269283,"comment_status":"closed","ping_status":"closed","sticky":false,"template":"","format":"standard","meta":{"newspack_ads_suppress_ads":false,"newspack_popups_has_disabled_popups":false,"newspack_sponsor_sponsorship_scope":"","newspack_sponsor_native_byline_display":"inherit","newspack_sponsor_native_category_display":"inherit","newspack_sponsor_underwriter_style":"inherit","newspack_sponsor_underwriter_placement":"inherit","_newspack_byline_active":false,"_newspack_byline":"","newspack_hide_updated_date":false,"newspack_show_updated_date":false,"newspack_content_restriction_is_exempt":false,"newspack_featured_image_position":"","newspack_post_subtitle":"","newspack_article_summary_title":"Overview:","newspack_article_summary":"","_jetpack_memberships_contains_paid_content":false,"footnotes":"","jetpack_publicize_message":"","jetpack_publicize_feature_enabled":true,"jetpack_social_post_already_shared":false,"jetpack_social_options":{"image_generator_settings":{"template":"highway","default_image_id":0,"font":"","enabled":false},"version":2},"_wpas_customize_per_network":false},"categories":[2513,2525,2524,14631,2522,2514,2507,2506,14625,2517,14627,2521,26822,2526],"tags":[7316,8676,8674,8673],"newspack_spnsrs_tax":[],"class_list":["post-343994","post","type-post","status-publish","format-standard","has-post-thumbnail","hentry","category-celebridades-es","category-golf-deportes-es","category-destacados","category-estilo-de-vida","category-eventos-es","category-fundaciones-es","category-la-romana-es","category-mas-alla-de-casa-es","category-noticias-locales","category-orfanato-ninos-de-cristo-es","category-proximamente","category-republica-dominicana-2","category-resort-casa-de-campo","category-titulares-es","tag-marc-anthony-es","tag-ninos","tag-nuevo-campus","tag-orfanato-ninos-y-ninas-de-cristo-es","entry"],"yoast_head":"<!-- This site is optimized with the Yoast SEO plugin v27.4 - https:\/\/yoast.com\/product\/yoast-seo-wordpress\/ -->\n<title>Se inaugurar\u00e1 en abril un nuevo hogar para los ni\u00f1os del Orfanato Ni\u00f1os de Cristo | Casa de Campo Living<\/title>\n<meta name=\"description\" content=\"A principios del mes de abril ser\u00e1 inaugurada oficialmente un nuevo hogar para los ni\u00f1os del Orfanato Ni\u00f1os y Ni\u00f1as de Cristo. El Orfanato Ni\u00f1os y Ni\u00f1as\" \/>\n<meta name=\"robots\" content=\"index, follow, max-snippet:-1, max-image-preview:large, max-video-preview:-1\" \/>\n<link rel=\"canonical\" href=\"https:\/\/casadecampoliving.com\/es\/se-inaugurara-en-abril-un-nuevo-hogar-para-los-ninos-del-orfanato-ninos-de-cristo\/\" \/>\n<meta property=\"og:locale\" content=\"es_ES\" \/>\n<meta property=\"og:type\" content=\"article\" \/>\n<meta property=\"og:title\" content=\"Se inaugurar\u00e1 en abril un nuevo hogar para los ni\u00f1os del Orfanato Ni\u00f1os de Cristo | Casa de Campo Living\" \/>\n<meta property=\"og:description\" content=\"A principios del mes de abril ser\u00e1 inaugurada oficialmente un nuevo hogar para los ni\u00f1os del Orfanato Ni\u00f1os y Ni\u00f1as de Cristo. El Orfanato Ni\u00f1os y Ni\u00f1as\" \/>\n<meta property=\"og:url\" content=\"https:\/\/casadecampoliving.com\/es\/se-inaugurara-en-abril-un-nuevo-hogar-para-los-ninos-del-orfanato-ninos-de-cristo\/\" \/>\n<meta property=\"og:site_name\" content=\"Casa de Campo Living\" \/>\n<meta property=\"article:publisher\" content=\"https:\/\/www.facebook.com\/casadecampoliving\" \/>\n<meta property=\"article:published_time\" content=\"2014-03-08T04:00:00+00:00\" \/>\n<meta property=\"article:modified_time\" content=\"2022-10-21T22:52:38+00:00\" \/>\n<meta property=\"og:image\" content=\"https:\/\/i0.wp.com\/casadecampoliving.com\/wp-content\/uploads\/2022\/10\/orfanato-ninos-de-cristo-maestro-cares-foundation1-1.jpg?fit=650%2C471&ssl=1\" \/>\n\t<meta property=\"og:image:width\" content=\"650\" \/>\n\t<meta property=\"og:image:height\" content=\"471\" \/>\n\t<meta property=\"og:image:type\" content=\"image\/jpeg\" \/>\n<meta name=\"author\" content=\"Perkin Agramonte\" \/>\n<meta name=\"twitter:card\" content=\"summary_large_image\" \/>\n<meta name=\"twitter:creator\" content=\"@cdcliving\" \/>\n<meta name=\"twitter:site\" content=\"@cdcliving\" \/>\n<meta name=\"twitter:label1\" content=\"Escrito por\" \/>\n\t<meta name=\"twitter:data1\" content=\"Perkin Agramonte\" \/>\n\t<meta name=\"twitter:label2\" content=\"Tiempo de lectura\" \/>\n\t<meta name=\"twitter:data2\" content=\"2 minutos\" \/>\n<script type=\"application\/ld+json\" class=\"yoast-schema-graph\">{\"@context\":\"https:\\\/\\\/schema.org\",\"@graph\":[{\"@type\":\"Article\",\"@id\":\"https:\\\/\\\/casadecampoliving.com\\\/es\\\/se-inaugurara-en-abril-un-nuevo-hogar-para-los-ninos-del-orfanato-ninos-de-cristo\\\/#article\",\"isPartOf\":{\"@id\":\"https:\\\/\\\/casadecampoliving.com\\\/es\\\/se-inaugurara-en-abril-un-nuevo-hogar-para-los-ninos-del-orfanato-ninos-de-cristo\\\/\"},\"author\":{\"name\":\"Perkin Agramonte\",\"@id\":\"https:\\\/\\\/casadecampoliving.com\\\/es\\\/#\\\/schema\\\/person\\\/c8efa6049510554b7d5fea078d728f72\"},\"headline\":\"Se inaugurar\u00e1 en abril un nuevo hogar para los ni\u00f1os del Orfanato Ni\u00f1os de Cristo\",\"datePublished\":\"2014-03-08T04:00:00+00:00\",\"dateModified\":\"2022-10-21T22:52:38+00:00\",\"mainEntityOfPage\":{\"@id\":\"https:\\\/\\\/casadecampoliving.com\\\/es\\\/se-inaugurara-en-abril-un-nuevo-hogar-para-los-ninos-del-orfanato-ninos-de-cristo\\\/\"},\"wordCount\":452,\"publisher\":{\"@id\":\"https:\\\/\\\/casadecampoliving.com\\\/es\\\/#organization\"},\"image\":{\"@id\":\"https:\\\/\\\/casadecampoliving.com\\\/es\\\/se-inaugurara-en-abril-un-nuevo-hogar-para-los-ninos-del-orfanato-ninos-de-cristo\\\/#primaryimage\"},\"thumbnailUrl\":\"https:\\\/\\\/i0.wp.com\\\/casadecampoliving.com\\\/wp-content\\\/uploads\\\/2022\\\/10\\\/orfanato-ninos-de-cristo-maestro-cares-foundation1-1.jpg?fit=650%2C471&ssl=1\",\"keywords\":[\"marc anthony @es\",\"ni\u00f1os\",\"nuevo campus\",\"Orfanato Ni\u00f1os y Ni\u00f1as de Cristo @es\"],\"articleSection\":[\"Celebridades\",\"Deportes\",\"Destacados\",\"Estilo de Vida\",\"Eventos\",\"Fundaciones\",\"La Romana @es\",\"M\u00e1s all\u00e1 de Casa\",\"Noticias Locales\",\"Orfanato Ni\u00f1os de Cristo @es\",\"Proximamente\",\"Rep\u00fablica Dominicana @es\",\"Resort Casa de Campo\",\"Titulares\"],\"inLanguage\":\"es\"},{\"@type\":\"WebPage\",\"@id\":\"https:\\\/\\\/casadecampoliving.com\\\/es\\\/se-inaugurara-en-abril-un-nuevo-hogar-para-los-ninos-del-orfanato-ninos-de-cristo\\\/\",\"url\":\"https:\\\/\\\/casadecampoliving.com\\\/es\\\/se-inaugurara-en-abril-un-nuevo-hogar-para-los-ninos-del-orfanato-ninos-de-cristo\\\/\",\"name\":\"Se inaugurar\u00e1 en abril un nuevo hogar para los ni\u00f1os del Orfanato Ni\u00f1os de Cristo | Casa de Campo Living\",\"isPartOf\":{\"@id\":\"https:\\\/\\\/casadecampoliving.com\\\/es\\\/#website\"},\"primaryImageOfPage\":{\"@id\":\"https:\\\/\\\/casadecampoliving.com\\\/es\\\/se-inaugurara-en-abril-un-nuevo-hogar-para-los-ninos-del-orfanato-ninos-de-cristo\\\/#primaryimage\"},\"image\":{\"@id\":\"https:\\\/\\\/casadecampoliving.com\\\/es\\\/se-inaugurara-en-abril-un-nuevo-hogar-para-los-ninos-del-orfanato-ninos-de-cristo\\\/#primaryimage\"},\"thumbnailUrl\":\"https:\\\/\\\/i0.wp.com\\\/casadecampoliving.com\\\/wp-content\\\/uploads\\\/2022\\\/10\\\/orfanato-ninos-de-cristo-maestro-cares-foundation1-1.jpg?fit=650%2C471&ssl=1\",\"datePublished\":\"2014-03-08T04:00:00+00:00\",\"dateModified\":\"2022-10-21T22:52:38+00:00\",\"description\":\"A principios del mes de abril ser\u00e1 inaugurada oficialmente un nuevo hogar para los ni\u00f1os del Orfanato Ni\u00f1os y Ni\u00f1as de Cristo. El Orfanato Ni\u00f1os y Ni\u00f1as\",\"breadcrumb\":{\"@id\":\"https:\\\/\\\/casadecampoliving.com\\\/es\\\/se-inaugurara-en-abril-un-nuevo-hogar-para-los-ninos-del-orfanato-ninos-de-cristo\\\/#breadcrumb\"},\"inLanguage\":\"es\",\"potentialAction\":[{\"@type\":\"ReadAction\",\"target\":[\"https:\\\/\\\/casadecampoliving.com\\\/es\\\/se-inaugurara-en-abril-un-nuevo-hogar-para-los-ninos-del-orfanato-ninos-de-cristo\\\/\"]}]},{\"@type\":\"ImageObject\",\"inLanguage\":\"es\",\"@id\":\"https:\\\/\\\/casadecampoliving.com\\\/es\\\/se-inaugurara-en-abril-un-nuevo-hogar-para-los-ninos-del-orfanato-ninos-de-cristo\\\/#primaryimage\",\"url\":\"https:\\\/\\\/i0.wp.com\\\/casadecampoliving.com\\\/wp-content\\\/uploads\\\/2022\\\/10\\\/orfanato-ninos-de-cristo-maestro-cares-foundation1-1.jpg?fit=650%2C471&ssl=1\",\"contentUrl\":\"https:\\\/\\\/i0.wp.com\\\/casadecampoliving.com\\\/wp-content\\\/uploads\\\/2022\\\/10\\\/orfanato-ninos-de-cristo-maestro-cares-foundation1-1.jpg?fit=650%2C471&ssl=1\",\"width\":650,\"height\":471,\"caption\":\"Orfanato Ninos de Cristo Maestro Cares Foundation\"},{\"@type\":\"BreadcrumbList\",\"@id\":\"https:\\\/\\\/casadecampoliving.com\\\/es\\\/se-inaugurara-en-abril-un-nuevo-hogar-para-los-ninos-del-orfanato-ninos-de-cristo\\\/#breadcrumb\",\"itemListElement\":[{\"@type\":\"ListItem\",\"position\":1,\"name\":\"Home\",\"item\":\"https:\\\/\\\/casadecampoliving.com\\\/es\\\/\"},{\"@type\":\"ListItem\",\"position\":2,\"name\":\"Se inaugurar\u00e1 en abril un nuevo hogar para los ni\u00f1os del Orfanato Ni\u00f1os de Cristo\"}]},{\"@type\":\"WebSite\",\"@id\":\"https:\\\/\\\/casadecampoliving.com\\\/es\\\/#website\",\"url\":\"https:\\\/\\\/casadecampoliving.com\\\/es\\\/\",\"name\":\"Casa de Campo Living\",\"description\":\"Resort community news and resources.\",\"publisher\":{\"@id\":\"https:\\\/\\\/casadecampoliving.com\\\/es\\\/#organization\"},\"potentialAction\":[{\"@type\":\"SearchAction\",\"target\":{\"@type\":\"EntryPoint\",\"urlTemplate\":\"https:\\\/\\\/casadecampoliving.com\\\/es\\\/?s={search_term_string}\"},\"query-input\":{\"@type\":\"PropertyValueSpecification\",\"valueRequired\":true,\"valueName\":\"search_term_string\"}}],\"inLanguage\":\"es\"},{\"@type\":\"Organization\",\"@id\":\"https:\\\/\\\/casadecampoliving.com\\\/es\\\/#organization\",\"name\":\"Casa de Campo Living\",\"url\":\"https:\\\/\\\/casadecampoliving.com\\\/es\\\/\",\"logo\":{\"@type\":\"ImageObject\",\"inLanguage\":\"es\",\"@id\":\"https:\\\/\\\/casadecampoliving.com\\\/es\\\/#\\\/schema\\\/logo\\\/image\\\/\",\"url\":\"https:\\\/\\\/i0.wp.com\\\/casadecampoliving.com\\\/wp-content\\\/uploads\\\/2022\\\/07\\\/CDCLivingLogo_V1-white-sized.png?fit=800%2C214&ssl=1\",\"contentUrl\":\"https:\\\/\\\/i0.wp.com\\\/casadecampoliving.com\\\/wp-content\\\/uploads\\\/2022\\\/07\\\/CDCLivingLogo_V1-white-sized.png?fit=800%2C214&ssl=1\",\"width\":800,\"height\":214,\"caption\":\"Casa de Campo Living\"},\"image\":{\"@id\":\"https:\\\/\\\/casadecampoliving.com\\\/es\\\/#\\\/schema\\\/logo\\\/image\\\/\"},\"sameAs\":[\"https:\\\/\\\/www.facebook.com\\\/casadecampoliving\",\"https:\\\/\\\/x.com\\\/cdcliving\"]},{\"@type\":\"Person\",\"@id\":\"https:\\\/\\\/casadecampoliving.com\\\/es\\\/#\\\/schema\\\/person\\\/c8efa6049510554b7d5fea078d728f72\",\"name\":\"Perkin Agramonte\",\"image\":{\"@type\":\"ImageObject\",\"inLanguage\":\"es\",\"@id\":\"https:\\\/\\\/secure.gravatar.com\\\/avatar\\\/57bfdafcae55fb83dbb79a1585a9eab7f269b7720fb0b64cb9a4e0cd2962fa10?s=96&d=mm&r=g\",\"url\":\"https:\\\/\\\/secure.gravatar.com\\\/avatar\\\/57bfdafcae55fb83dbb79a1585a9eab7f269b7720fb0b64cb9a4e0cd2962fa10?s=96&d=mm&r=g\",\"contentUrl\":\"https:\\\/\\\/secure.gravatar.com\\\/avatar\\\/57bfdafcae55fb83dbb79a1585a9eab7f269b7720fb0b64cb9a4e0cd2962fa10?s=96&d=mm&r=g\",\"caption\":\"Perkin Agramonte\"},\"url\":\"https:\\\/\\\/casadecampoliving.com\\\/es\\\/author\\\/cagramonte\\\/\"}]}<\/script>\n<!-- \/ Yoast SEO plugin. -->","yoast_head_json":{"title":"Se inaugurar\u00e1 en abril un nuevo hogar para los ni\u00f1os del Orfanato Ni\u00f1os de Cristo | Casa de Campo Living","description":"A principios del mes de abril ser\u00e1 inaugurada oficialmente un nuevo hogar para los ni\u00f1os del Orfanato Ni\u00f1os y Ni\u00f1as de Cristo. El Orfanato Ni\u00f1os y Ni\u00f1as","robots":{"index":"index","follow":"follow","max-snippet":"max-snippet:-1","max-image-preview":"max-image-preview:large","max-video-preview":"max-video-preview:-1"},"canonical":"https:\/\/casadecampoliving.com\/es\/se-inaugurara-en-abril-un-nuevo-hogar-para-los-ninos-del-orfanato-ninos-de-cristo\/","og_locale":"es_ES","og_type":"article","og_title":"Se inaugurar\u00e1 en abril un nuevo hogar para los ni\u00f1os del Orfanato Ni\u00f1os de Cristo | Casa de Campo Living","og_description":"A principios del mes de abril ser\u00e1 inaugurada oficialmente un nuevo hogar para los ni\u00f1os del Orfanato Ni\u00f1os y Ni\u00f1as de Cristo. El Orfanato Ni\u00f1os y Ni\u00f1as","og_url":"https:\/\/casadecampoliving.com\/es\/se-inaugurara-en-abril-un-nuevo-hogar-para-los-ninos-del-orfanato-ninos-de-cristo\/","og_site_name":"Casa de Campo Living","article_publisher":"https:\/\/www.facebook.com\/casadecampoliving","article_published_time":"2014-03-08T04:00:00+00:00","article_modified_time":"2022-10-21T22:52:38+00:00","og_image":[{"width":650,"height":471,"url":"https:\/\/i0.wp.com\/casadecampoliving.com\/wp-content\/uploads\/2022\/10\/orfanato-ninos-de-cristo-maestro-cares-foundation1-1.jpg?fit=650%2C471&ssl=1","type":"image\/jpeg"}],"author":"Perkin Agramonte","twitter_card":"summary_large_image","twitter_creator":"@cdcliving","twitter_site":"@cdcliving","twitter_misc":{"Escrito por":"Perkin Agramonte","Tiempo de lectura":"2 minutos"},"schema":{"@context":"https:\/\/schema.org","@graph":[{"@type":"Article","@id":"https:\/\/casadecampoliving.com\/es\/se-inaugurara-en-abril-un-nuevo-hogar-para-los-ninos-del-orfanato-ninos-de-cristo\/#article","isPartOf":{"@id":"https:\/\/casadecampoliving.com\/es\/se-inaugurara-en-abril-un-nuevo-hogar-para-los-ninos-del-orfanato-ninos-de-cristo\/"},"author":{"name":"Perkin Agramonte","@id":"https:\/\/casadecampoliving.com\/es\/#\/schema\/person\/c8efa6049510554b7d5fea078d728f72"},"headline":"Se inaugurar\u00e1 en abril un nuevo hogar para los ni\u00f1os del Orfanato Ni\u00f1os de Cristo","datePublished":"2014-03-08T04:00:00+00:00","dateModified":"2022-10-21T22:52:38+00:00","mainEntityOfPage":{"@id":"https:\/\/casadecampoliving.com\/es\/se-inaugurara-en-abril-un-nuevo-hogar-para-los-ninos-del-orfanato-ninos-de-cristo\/"},"wordCount":452,"publisher":{"@id":"https:\/\/casadecampoliving.com\/es\/#organization"},"image":{"@id":"https:\/\/casadecampoliving.com\/es\/se-inaugurara-en-abril-un-nuevo-hogar-para-los-ninos-del-orfanato-ninos-de-cristo\/#primaryimage"},"thumbnailUrl":"https:\/\/i0.wp.com\/casadecampoliving.com\/wp-content\/uploads\/2022\/10\/orfanato-ninos-de-cristo-maestro-cares-foundation1-1.jpg?fit=650%2C471&ssl=1","keywords":["marc anthony @es","ni\u00f1os","nuevo campus","Orfanato Ni\u00f1os y Ni\u00f1as de Cristo @es"],"articleSection":["Celebridades","Deportes","Destacados","Estilo de Vida","Eventos","Fundaciones","La Romana @es","M\u00e1s all\u00e1 de Casa","Noticias Locales","Orfanato Ni\u00f1os de Cristo @es","Proximamente","Rep\u00fablica Dominicana @es","Resort Casa de Campo","Titulares"],"inLanguage":"es"},{"@type":"WebPage","@id":"https:\/\/casadecampoliving.com\/es\/se-inaugurara-en-abril-un-nuevo-hogar-para-los-ninos-del-orfanato-ninos-de-cristo\/","url":"https:\/\/casadecampoliving.com\/es\/se-inaugurara-en-abril-un-nuevo-hogar-para-los-ninos-del-orfanato-ninos-de-cristo\/","name":"Se inaugurar\u00e1 en abril un nuevo hogar para los ni\u00f1os del Orfanato Ni\u00f1os de Cristo | Casa de Campo Living","isPartOf":{"@id":"https:\/\/casadecampoliving.com\/es\/#website"},"primaryImageOfPage":{"@id":"https:\/\/casadecampoliving.com\/es\/se-inaugurara-en-abril-un-nuevo-hogar-para-los-ninos-del-orfanato-ninos-de-cristo\/#primaryimage"},"image":{"@id":"https:\/\/casadecampoliving.com\/es\/se-inaugurara-en-abril-un-nuevo-hogar-para-los-ninos-del-orfanato-ninos-de-cristo\/#primaryimage"},"thumbnailUrl":"https:\/\/i0.wp.com\/casadecampoliving.com\/wp-content\/uploads\/2022\/10\/orfanato-ninos-de-cristo-maestro-cares-foundation1-1.jpg?fit=650%2C471&ssl=1","datePublished":"2014-03-08T04:00:00+00:00","dateModified":"2022-10-21T22:52:38+00:00","description":"A principios del mes de abril ser\u00e1 inaugurada oficialmente un nuevo hogar para los ni\u00f1os del Orfanato Ni\u00f1os y Ni\u00f1as de Cristo. El Orfanato Ni\u00f1os y Ni\u00f1as","breadcrumb":{"@id":"https:\/\/casadecampoliving.com\/es\/se-inaugurara-en-abril-un-nuevo-hogar-para-los-ninos-del-orfanato-ninos-de-cristo\/#breadcrumb"},"inLanguage":"es","potentialAction":[{"@type":"ReadAction","target":["https:\/\/casadecampoliving.com\/es\/se-inaugurara-en-abril-un-nuevo-hogar-para-los-ninos-del-orfanato-ninos-de-cristo\/"]}]},{"@type":"ImageObject","inLanguage":"es","@id":"https:\/\/casadecampoliving.com\/es\/se-inaugurara-en-abril-un-nuevo-hogar-para-los-ninos-del-orfanato-ninos-de-cristo\/#primaryimage","url":"https:\/\/i0.wp.com\/casadecampoliving.com\/wp-content\/uploads\/2022\/10\/orfanato-ninos-de-cristo-maestro-cares-foundation1-1.jpg?fit=650%2C471&ssl=1","contentUrl":"https:\/\/i0.wp.com\/casadecampoliving.com\/wp-content\/uploads\/2022\/10\/orfanato-ninos-de-cristo-maestro-cares-foundation1-1.jpg?fit=650%2C471&ssl=1","width":650,"height":471,"caption":"Orfanato Ninos de Cristo Maestro Cares Foundation"},{"@type":"BreadcrumbList","@id":"https:\/\/casadecampoliving.com\/es\/se-inaugurara-en-abril-un-nuevo-hogar-para-los-ninos-del-orfanato-ninos-de-cristo\/#breadcrumb","itemListElement":[{"@type":"ListItem","position":1,"name":"Home","item":"https:\/\/casadecampoliving.com\/es\/"},{"@type":"ListItem","position":2,"name":"Se inaugurar\u00e1 en abril un nuevo hogar para los ni\u00f1os del Orfanato Ni\u00f1os de Cristo"}]},{"@type":"WebSite","@id":"https:\/\/casadecampoliving.com\/es\/#website","url":"https:\/\/casadecampoliving.com\/es\/","name":"Casa de Campo Living","description":"Resort community news and resources.","publisher":{"@id":"https:\/\/casadecampoliving.com\/es\/#organization"},"potentialAction":[{"@type":"SearchAction","target":{"@type":"EntryPoint","urlTemplate":"https:\/\/casadecampoliving.com\/es\/?s={search_term_string}"},"query-input":{"@type":"PropertyValueSpecification","valueRequired":true,"valueName":"search_term_string"}}],"inLanguage":"es"},{"@type":"Organization","@id":"https:\/\/casadecampoliving.com\/es\/#organization","name":"Casa de Campo Living","url":"https:\/\/casadecampoliving.com\/es\/","logo":{"@type":"ImageObject","inLanguage":"es","@id":"https:\/\/casadecampoliving.com\/es\/#\/schema\/logo\/image\/","url":"https:\/\/i0.wp.com\/casadecampoliving.com\/wp-content\/uploads\/2022\/07\/CDCLivingLogo_V1-white-sized.png?fit=800%2C214&ssl=1","contentUrl":"https:\/\/i0.wp.com\/casadecampoliving.com\/wp-content\/uploads\/2022\/07\/CDCLivingLogo_V1-white-sized.png?fit=800%2C214&ssl=1","width":800,"height":214,"caption":"Casa de Campo Living"},"image":{"@id":"https:\/\/casadecampoliving.com\/es\/#\/schema\/logo\/image\/"},"sameAs":["https:\/\/www.facebook.com\/casadecampoliving","https:\/\/x.com\/cdcliving"]},{"@type":"Person","@id":"https:\/\/casadecampoliving.com\/es\/#\/schema\/person\/c8efa6049510554b7d5fea078d728f72","name":"Perkin Agramonte","image":{"@type":"ImageObject","inLanguage":"es","@id":"https:\/\/secure.gravatar.com\/avatar\/57bfdafcae55fb83dbb79a1585a9eab7f269b7720fb0b64cb9a4e0cd2962fa10?s=96&d=mm&r=g","url":"https:\/\/secure.gravatar.com\/avatar\/57bfdafcae55fb83dbb79a1585a9eab7f269b7720fb0b64cb9a4e0cd2962fa10?s=96&d=mm&r=g","contentUrl":"https:\/\/secure.gravatar.com\/avatar\/57bfdafcae55fb83dbb79a1585a9eab7f269b7720fb0b64cb9a4e0cd2962fa10?s=96&d=mm&r=g","caption":"Perkin Agramonte"},"url":"https:\/\/casadecampoliving.com\/es\/author\/cagramonte\/"}]}},"parsely":{"version":"1.1.0","canonical_url":"https:\/\/casadecampoliving.com\/es\/se-inaugurara-en-abril-un-nuevo-hogar-para-los-ninos-del-orfanato-ninos-de-cristo\/","smart_links":{"inbound":0,"outbound":0},"traffic_boost_suggestions_count":0,"meta":{"@context":"https:\/\/schema.org","@type":"NewsArticle","headline":"Se inaugurar\u00e1 en abril un nuevo hogar para los ni\u00f1os del Orfanato Ni\u00f1os de Cristo","url":"http:\/\/casadecampoliving.com\/es\/se-inaugurara-en-abril-un-nuevo-hogar-para-los-ninos-del-orfanato-ninos-de-cristo\/","mainEntityOfPage":{"@type":"WebPage","@id":"http:\/\/casadecampoliving.com\/es\/se-inaugurara-en-abril-un-nuevo-hogar-para-los-ninos-del-orfanato-ninos-de-cristo\/"},"thumbnailUrl":"https:\/\/i0.wp.com\/casadecampoliving.com\/wp-content\/uploads\/2022\/10\/orfanato-ninos-de-cristo-maestro-cares-foundation1-1.jpg?resize=150%2C150&ssl=1","image":{"@type":"ImageObject","url":"https:\/\/i0.wp.com\/casadecampoliving.com\/wp-content\/uploads\/2022\/10\/orfanato-ninos-de-cristo-maestro-cares-foundation1-1.jpg?fit=650%2C471&ssl=1"},"articleSection":"Celebridades","author":[{"@type":"Person","name":"Perkin Agramonte"}],"creator":["Perkin Agramonte"],"publisher":{"@type":"Organization","name":"Casa de Campo Living","logo":"https:\/\/casadecampoliving.com\/wp-content\/uploads\/2022\/07\/CDCLivingLogo_V1-white-sized.png"},"keywords":["marc anthony @es","ni\u00f1os","nuevo campus","orfanato ni\u00f1os y ni\u00f1as de cristo @es"],"dateCreated":"2014-03-08T04:00:00Z","datePublished":"2014-03-08T04:00:00Z","dateModified":"2022-10-21T22:52:38Z"},"rendered":"<script type=\"application\/ld+json\" class=\"wp-parsely-metadata\">{\"@context\":\"https:\\\/\\\/schema.org\",\"@type\":\"NewsArticle\",\"headline\":\"Se inaugurar\\u00e1 en abril un nuevo hogar para los ni\\u00f1os del Orfanato Ni\\u00f1os de Cristo\",\"url\":\"http:\\\/\\\/casadecampoliving.com\\\/es\\\/se-inaugurara-en-abril-un-nuevo-hogar-para-los-ninos-del-orfanato-ninos-de-cristo\\\/\",\"mainEntityOfPage\":{\"@type\":\"WebPage\",\"@id\":\"http:\\\/\\\/casadecampoliving.com\\\/es\\\/se-inaugurara-en-abril-un-nuevo-hogar-para-los-ninos-del-orfanato-ninos-de-cristo\\\/\"},\"thumbnailUrl\":\"https:\\\/\\\/i0.wp.com\\\/casadecampoliving.com\\\/wp-content\\\/uploads\\\/2022\\\/10\\\/orfanato-ninos-de-cristo-maestro-cares-foundation1-1.jpg?resize=150%2C150&ssl=1\",\"image\":{\"@type\":\"ImageObject\",\"url\":\"https:\\\/\\\/i0.wp.com\\\/casadecampoliving.com\\\/wp-content\\\/uploads\\\/2022\\\/10\\\/orfanato-ninos-de-cristo-maestro-cares-foundation1-1.jpg?fit=650%2C471&ssl=1\"},\"articleSection\":\"Celebridades\",\"author\":[{\"@type\":\"Person\",\"name\":\"Perkin Agramonte\"}],\"creator\":[\"Perkin Agramonte\"],\"publisher\":{\"@type\":\"Organization\",\"name\":\"Casa de Campo Living\",\"logo\":\"https:\\\/\\\/casadecampoliving.com\\\/wp-content\\\/uploads\\\/2022\\\/07\\\/CDCLivingLogo_V1-white-sized.png\"},\"keywords\":[\"marc anthony @es\",\"ni\\u00f1os\",\"nuevo campus\",\"orfanato ni\\u00f1os y ni\\u00f1as de cristo @es\"],\"dateCreated\":\"2014-03-08T04:00:00Z\",\"datePublished\":\"2014-03-08T04:00:00Z\",\"dateModified\":\"2022-10-21T22:52:38Z\"}<\/script>","tracker_url":"https:\/\/cdn.parsely.com\/keys\/casadecampoliving.com\/p.js"},"jetpack_publicize_connections":[],"jetpack_featured_media_url":"https:\/\/i0.wp.com\/casadecampoliving.com\/wp-content\/uploads\/2022\/10\/orfanato-ninos-de-cristo-maestro-cares-foundation1-1.jpg?fit=650%2C471&ssl=1","jetpack-related-posts":[{"id":344543,"url":"https:\/\/casadecampoliving.com\/es\/orfanato-ninos-y-ninas-de-cristo\/","url_meta":{"origin":343994,"position":0},"title":"Un vistazo al nuevo hogar de los muchachos del Orfanato Ni\u00f1os y Ni\u00f1as de Cristo","author":"Perkin Agramonte","date":"8 Jun, 2014","format":false,"excerpt":"El mi\u00e9rcoles 2 de abril, el famoso cantante de salsa Marc Anthony inaugur\u00f3 oficialmente el nuevo hogar de los ni\u00f1os del Orfanato Ni\u00f1os y Ni\u00f1as de Cristo construido por la Fundaci\u00f3n Maestro Cares con el apoyo de docenas de patrocinadores locales. A continuaci\u00f3n les traemos un vistazo dentro de este\u2026","rel":"","context":"En \u00abM\u00e1s all\u00e1 de Casa\u00bb","block_context":{"text":"M\u00e1s all\u00e1 de Casa","link":"https:\/\/casadecampoliving.com\/es\/category\/mas-alla-de-casa-es\/"},"img":{"alt_text":"Orfanato Ni\u00f1os de Cristo","src":"https:\/\/i0.wp.com\/casadecampoliving.com\/wp-content\/uploads\/2022\/10\/Orfanato_ninos_de_cristo-1.jpg?fit=650%2C434&ssl=1&resize=350%2C200","width":350,"height":200,"srcset":"https:\/\/i0.wp.com\/casadecampoliving.com\/wp-content\/uploads\/2022\/10\/Orfanato_ninos_de_cristo-1.jpg?fit=650%2C434&ssl=1&resize=350%2C200 1x, https:\/\/i0.wp.com\/casadecampoliving.com\/wp-content\/uploads\/2022\/10\/Orfanato_ninos_de_cristo-1.jpg?fit=650%2C434&ssl=1&resize=525%2C300 1.5x"},"classes":[]},{"id":340652,"url":"https:\/\/casadecampoliving.com\/es\/una-cena-a-bordo-del-costa-luminosa-a-beneficio-del-orfanato-ninos-y-ninas-de-cristo\/","url_meta":{"origin":343994,"position":1},"title":"Una cena a bordo del Costa Luminosa a beneficio del Orfanato Ni\u00f1os y Ni\u00f1as de Cristo","author":"","date":"19 Feb, 2013","format":false,"excerpt":"El pasado lunes 11 de febrero de 2013, un grupo de generosos due\u00f1os de villas de Casa de Campo y miembros de la comunidad de La Romana, disfrutaron de una fabulosa noche a bordo del crucero Costa Luminosa, en elpuerto de La Romana - Casa de Campo, con el fin\u2026","rel":"","context":"En \u00abM\u00e1s all\u00e1 de Casa\u00bb","block_context":{"text":"M\u00e1s all\u00e1 de Casa","link":"https:\/\/casadecampoliving.com\/es\/category\/mas-alla-de-casa-es\/"},"img":{"alt_text":"costa luminosa","src":"https:\/\/i0.wp.com\/casadecampoliving.com\/wp-content\/uploads\/2022\/10\/costa_luminosa-9.jpg?fit=650%2C422&ssl=1&resize=350%2C200","width":350,"height":200,"srcset":"https:\/\/i0.wp.com\/casadecampoliving.com\/wp-content\/uploads\/2022\/10\/costa_luminosa-9.jpg?fit=650%2C422&ssl=1&resize=350%2C200 1x, https:\/\/i0.wp.com\/casadecampoliving.com\/wp-content\/uploads\/2022\/10\/costa_luminosa-9.jpg?fit=650%2C422&ssl=1&resize=525%2C300 1.5x"},"classes":[]},{"id":340648,"url":"https:\/\/casadecampoliving.com\/es\/el-orfanato-ninos-y-ninas-de-cristo-inaugura-el-2do-nivel-de-su-escuela-fonicris\/","url_meta":{"origin":343994,"position":2},"title":"El Orfanato Ni\u00f1os y Ni\u00f1as de Cristo inaugura el 2do nivel de su Escuela Fonicris!","author":"","date":"16 Feb, 2013","format":false,"excerpt":"El pasado s\u00e1bado 19 de enero, el Orfanato Ni\u00f1os y Ni\u00f1as de Cristo celebraron la inauguraci\u00f3n de su Escuela Fonicris luego de que generosos miembros de las comunidades de La Romana y Casa de Campo contribuyeran a hacer un sue\u00f1o realidad; completar el segundo nivel de esta instituci\u00f3n ofreciendo mejores\u2026","rel":"","context":"En \u00abDestacados\u00bb","block_context":{"text":"Destacados","link":"https:\/\/casadecampoliving.com\/es\/category\/destacados\/"},"img":{"alt_text":"","src":"https:\/\/i0.wp.com\/casadecampoliving.com\/wp-content\/uploads\/2022\/10\/orfanato_ninos_de_cristo_2-1.jpg?fit=628%2C400&ssl=1&resize=350%2C200","width":350,"height":200,"srcset":"https:\/\/i0.wp.com\/casadecampoliving.com\/wp-content\/uploads\/2022\/10\/orfanato_ninos_de_cristo_2-1.jpg?fit=628%2C400&ssl=1&resize=350%2C200 1x, https:\/\/i0.wp.com\/casadecampoliving.com\/wp-content\/uploads\/2022\/10\/orfanato_ninos_de_cristo_2-1.jpg?fit=628%2C400&ssl=1&resize=525%2C300 1.5x"},"classes":[]},{"id":340180,"url":"https:\/\/casadecampoliving.com\/es\/marc-anthony-y-henry-cardenas-inauguran-la-construccion-del-nuevo-orfanato-ninos-de-cristo-en-la-romana\/","url_meta":{"origin":343994,"position":3},"title":"Marc Anthony y Henry Cardenas inauguran la construcci\u00f3n del nuevo Orfanato Ni\u00f1os de Cristo en La Romana!","author":"Rebecca Silvestri","date":"28 Nov, 2012","format":false,"excerpt":"Excelentes noticias! El pasado viernes 23 de noviembre de 2012, La Fundaci\u00f3n Maestro Cares (MC), fundada por el \u00edcono de la m\u00fasica, Marc Anthony y el empresario Henry Cardenas, celebr\u00f3 el comienzo de la esperada construcci\u00f3n del nuevo hogar para los ni\u00f1os del Orfanato Ni\u00f1os y Ni\u00f1as de Cristo en\u2026","rel":"","context":"En \u00abEstilo de Vida\u00bb","block_context":{"text":"Estilo de Vida","link":"https:\/\/casadecampoliving.com\/es\/category\/estilo-de-vida\/"},"img":{"alt_text":"","src":"https:\/\/i0.wp.com\/casadecampoliving.com\/wp-content\/uploads\/2022\/10\/maestros_cares_orfanato-1.jpg?fit=650%2C413&ssl=1&resize=350%2C200","width":350,"height":200,"srcset":"https:\/\/i0.wp.com\/casadecampoliving.com\/wp-content\/uploads\/2022\/10\/maestros_cares_orfanato-1.jpg?fit=650%2C413&ssl=1&resize=350%2C200 1x, https:\/\/i0.wp.com\/casadecampoliving.com\/wp-content\/uploads\/2022\/10\/maestros_cares_orfanato-1.jpg?fit=650%2C413&ssl=1&resize=525%2C300 1.5x"},"classes":[]},{"id":340540,"url":"https:\/\/casadecampoliving.com\/es\/el-orfanato-ninos-y-ninas-de-cristo-les-invita-a-la-cena-benefica-anual-a-bordo-del-costa-luminosa\/","url_meta":{"origin":343994,"position":4},"title":"\u00a1El Orfanato Ni\u00f1os y Ni\u00f1as de Cristo les invita a la cena ben\u00e9fica anual a bordo del Costa Luminosa!","author":"","date":"30 Ene, 2013","format":false,"excerpt":"El Orfanato Ni\u00f1os de Cristo de La Romana les invita cordialmente a su cena ben\u00e9fica anual \u2013 a bordo del crucero Costa Luminosa el pr\u00f3ximo lunes 11 de febrero! Esta cena especial realizada con el fin de recaudar fondos para el Orfanato Ni\u00f1os de Cristo en La Romana y que\u2026","rel":"","context":"En \u00abDestacados\u00bb","block_context":{"text":"Destacados","link":"https:\/\/casadecampoliving.com\/es\/category\/destacados\/"},"img":{"alt_text":"costa luminosa","src":"https:\/\/i0.wp.com\/casadecampoliving.com\/wp-content\/uploads\/2022\/10\/costa_luminosa-5.jpg?fit=650%2C334&ssl=1&resize=350%2C200","width":350,"height":200,"srcset":"https:\/\/i0.wp.com\/casadecampoliving.com\/wp-content\/uploads\/2022\/10\/costa_luminosa-5.jpg?fit=650%2C334&ssl=1&resize=350%2C200 1x, https:\/\/i0.wp.com\/casadecampoliving.com\/wp-content\/uploads\/2022\/10\/costa_luminosa-5.jpg?fit=650%2C334&ssl=1&resize=525%2C300 1.5x"},"classes":[]},{"id":338388,"url":"https:\/\/casadecampoliving.com\/es\/celebracion-de-una-labor-repleta-de-amor-orietta-y-enrico-citati-ofrecen-coctel-de-agradecimiento-a-los-colaboradores-del-orfanato-ninos-de-cristo\/","url_meta":{"origin":343994,"position":5},"title":"Celebraci\u00f3n de una labor repleta de amor! Orietta y Enrico Citati ofrecen c\u00f3ctel de agradecimiento a los colaboradores del Orfanato Ni\u00f1os de Cristo","author":"Rebecca Silvestri","date":"16 Feb, 2012","format":false,"excerpt":"Para los due\u00f1os de villa, Orietta y Enrico Citati, la labor de amor realizada por y para el Orfanato Ni\u00f1os de Cristo en La Romana, comenz\u00f3 en 1995. Desde hace 17 a\u00f1os y durante este tiempo, con el incansable apoyo a la causa, esta feliz pareja se han convertido en\u2026","rel":"","context":"En \u00abRep\u00fablica Dominicana @es\u00bb","block_context":{"text":"Rep\u00fablica Dominicana @es","link":"https:\/\/casadecampoliving.com\/es\/category\/republica-dominicana-2\/"},"img":{"alt_text":"coctel casa de campo","src":"https:\/\/i0.wp.com\/casadecampoliving.com\/wp-content\/uploads\/2022\/10\/coctel_casa_de_campo-1.jpg?fit=650%2C412&ssl=1&resize=350%2C200","width":350,"height":200,"srcset":"https:\/\/i0.wp.com\/casadecampoliving.com\/wp-content\/uploads\/2022\/10\/coctel_casa_de_campo-1.jpg?fit=650%2C412&ssl=1&resize=350%2C200 1x, https:\/\/i0.wp.com\/casadecampoliving.com\/wp-content\/uploads\/2022\/10\/coctel_casa_de_campo-1.jpg?fit=650%2C412&ssl=1&resize=525%2C300 1.5x"},"classes":[]}],"jetpack_sharing_enabled":true,"_links":{"self":[{"href":"https:\/\/casadecampoliving.com\/es\/wp-json\/wp\/v2\/posts\/343994","targetHints":{"allow":["GET"]}}],"collection":[{"href":"https:\/\/casadecampoliving.com\/es\/wp-json\/wp\/v2\/posts"}],"about":[{"href":"https:\/\/casadecampoliving.com\/es\/wp-json\/wp\/v2\/types\/post"}],"author":[{"embeddable":true,"href":"https:\/\/casadecampoliving.com\/es\/wp-json\/wp\/v2\/users\/1097"}],"replies":[{"embeddable":true,"href":"https:\/\/casadecampoliving.com\/es\/wp-json\/wp\/v2\/comments?post=343994"}],"version-history":[{"count":1,"href":"https:\/\/casadecampoliving.com\/es\/wp-json\/wp\/v2\/posts\/343994\/revisions"}],"predecessor-version":[{"id":343995,"href":"https:\/\/casadecampoliving.com\/es\/wp-json\/wp\/v2\/posts\/343994\/revisions\/343995"}],"wp:featuredmedia":[{"embeddable":true,"href":"https:\/\/casadecampoliving.com\/es\/wp-json\/wp\/v2\/media\/269283"}],"wp:attachment":[{"href":"https:\/\/casadecampoliving.com\/es\/wp-json\/wp\/v2\/media?parent=343994"}],"wp:term":[{"taxonomy":"category","embeddable":true,"href":"https:\/\/casadecampoliving.com\/es\/wp-json\/wp\/v2\/categories?post=343994"},{"taxonomy":"post_tag","embeddable":true,"href":"https:\/\/casadecampoliving.com\/es\/wp-json\/wp\/v2\/tags?post=343994"},{"taxonomy":"newspack_spnsrs_tax","embeddable":true,"href":"https:\/\/casadecampoliving.com\/es\/wp-json\/wp\/v2\/newspack_spnsrs_tax?post=343994"}],"curies":[{"name":"wp","href":"https:\/\/api.w.org\/{rel}","templated":true}]}}