{"id":343988,"date":"2014-03-10T00:00:00","date_gmt":"2014-03-10T04:00:00","guid":{"rendered":"https:\/\/casadecampoliving.com\/emilio-vasquez-recibe-reconocimiento-en-la-reciente-gala-olimpica\/"},"modified":"2022-10-21T18:52:15","modified_gmt":"2022-10-21T22:52:15","slug":"emilio-vasquez-recibe-reconocimiento-en-la-reciente-gala-olimpica","status":"publish","type":"post","link":"https:\/\/casadecampoliving.com\/es\/emilio-vasquez-recibe-reconocimiento-en-la-reciente-gala-olimpica\/","title":{"rendered":"Emilio V\u00e1squez recibe reconocimiento en la reciente Gala Ol\u00edmpica"},"content":{"rendered":"<div class=\"wp-block-image\">\n<figure class=\"aligncenter is-resized\"><img loading=\"lazy\" decoding=\"async\" src=\"https:\/\/i0.wp.com\/casadecampoliving.com\/wp-content\/uploads\/2022\/10\/emilio_vasquez-1024x848-2.jpg?resize=614%2C509&amp;ssl=1\" alt=\"Emilio Vasquez\" class=\"wp-image-86865\" height=\"509\" width=\"614\"\/><\/figure>\n<\/div>\n\n\n<p class=\"has-text-align-left\"><br>\nEmilio V\u00e1squez, quien actualmente es Director del Centro de Tenis La Terraza ha sido tambi\u00e9n un destacado deportista reconocido recientemente por el Comite Ol\u00edmpico Dominicano.<\/p>\n\n\n\n<p>Fue exaltado en 2005 al Sal\u00f3n de la Fama del Deporte Dominicano por sus numerosas contribuciones al tenis en la Rep\u00fablica Dominicana, as\u00ed como sus innumerables \u00e9xitos, Emilio fue recientemente reconocido entre algunos de los m\u00e1s renombrados deportistas dominicanos en la Gala Ol\u00edmpica organizada por el Comite Ol\u00edmpico Dominicano.<\/p>\n\n\n\n<p>Emilio fue reconocido por su destacada participaci\u00f3n en los XVII Juegos Centroamericanos y del Caribe celebrados en Santo Domingo desde el 27 de febrero al 13 de marzo de 1974.<\/p>\n\n\n<div class=\"wp-block-image\">\n<figure class=\"aligncenter is-resized\"><img loading=\"lazy\" decoding=\"async\" src=\"https:\/\/i0.wp.com\/casadecampoliving.com\/wp-content\/uploads\/2022\/10\/emilio_vasquez-scaled.jpg?resize=650%2C266&amp;ssl=1\" alt=\"Emilio V\u00e1squez\" class=\"wp-image-86612\" height=\"266\" width=\"650\"\/><\/figure>\n<\/div>\n\n\n<p>Sus m\u00faltiples logros a trav\u00e9s de los a\u00f1os fue lo que nos motiv\u00f3 a conocer un poco m\u00e1s acerca de Emilio, por eso le traemos una entrevista con este estelar atleta.<\/p>\n\n\n\n<p><strong>@cdcliving:&nbsp;\u00bfQue significa este reconocimiento para usted?<\/strong><\/p>\n\n\n\n<p>Es algo grandioso para m\u00ed como atleta ser reconocido y ver que los a\u00f1os que&nbsp;representamos a nuestro pa\u00eds en playas extranjeras han sido tomado en cuenta&nbsp;y valorados. Es un reconocimiento que me llena de orgullo al igual que los&nbsp;dem\u00e1s que he recibido, entre estos que &nbsp;fu\u00ed escogido en el a\u00f1o 1986 como&nbsp;Inmortal del Deporte Vegano, Inmortal en el 2005 a nivel Nacional y por&nbsp;\u00faltimo en el 2008 aqu\u00ed en La Romana.<\/p>\n\n\n<div class=\"wp-block-image\">\n<figure class=\"alignright is-resized\"><img loading=\"lazy\" decoding=\"async\" src=\"https:\/\/i0.wp.com\/casadecampoliving.com\/wp-content\/uploads\/2022\/10\/Emilio-Vasquez2.jpg?resize=270%2C406&amp;ssl=1\" alt=\"Emilio V\u00e1squez\" class=\"wp-image-76747\" height=\"406\" width=\"270\"\/><\/figure>\n<\/div>\n\n\n<p><strong>@cdcliving:&nbsp;\u00bfPor qu\u00e9 cree que lo han tomado en cuenta?<\/strong><\/p>\n\n\n\n<p>Gracias a Dios, form\u00e9 parte de los 22 atletas seleccionados que&nbsp;participar\u00edan en los XXII &nbsp;juegos Centroamericanos y del Caribe en 1974, a&nbsp;partir de esos juegos, empez\u00f3 la fiebre por los deportes en el pa\u00eds y de esa&nbsp;manera empec\u00e9 a darme a conocer en el \u00e1mbito nacional y a cosechar los&nbsp;frutos de la disciplina y el trabajo. Adem\u00e1s llegu\u00e9 a ser la raqueta No. 1&nbsp;del pa\u00eds. En el a\u00f1o 1978, en los juegos centroamericanos y del Caribe, me&nbsp;convert\u00ed en el primer dominicano en traer medalla en la disciplina de Tenis.&nbsp;En 1982, esta vez trajimos la medalla desde cuba para nuestro pa\u00eds. Por los&nbsp;aportes y desempe\u00f1o que logramos a partir de esa fecha, hemos sido tomados&nbsp;en cuenta.<\/p>\n\n\n\n<p><strong style=\"font-size: 14px; line-height: 1.5em;\">@cdcliving.com:&nbsp;\u00bfC\u00f3mo ha sido su experiencia trabajando en Casa de Campo todo este tiempo?<\/strong><\/p>\n\n\n\n<p>He estado en Casa de Campo desde el 20 de mayo del 1980, es decir, que ya cumpliremos 34 a\u00f1os en Casa. Ha sido una experiencia extraordinaria.<\/p>\n\n\n\n<p>Puedo decir que ha sido una experiencia extraordinaria, ya que inici\u00e9 en&nbsp;Casa de Campo con un contrato por 2 a\u00f1os y por la gran armon\u00eda y acogida&nbsp;llevo ya 34 a\u00f1os al servicio de La Terraza del Tenis. He logrado excelente&nbsp;y satisfactorias relaciones de amistad a lo largo de este tiempo con&nbsp;personas incre\u00edbles que no terminar\u00eda de mencionar, entre estos est\u00e1n los&nbsp;due\u00f1os y ejecutivos del complejo, as\u00ed como los del Central Romana. Tambi\u00e9n&nbsp;he tenido el placer de conocer personalidades de diferentes partes del mundo&nbsp;e impartir lecciones a algunas de ellas tales como Robert Redford, la&nbsp;familia Bush, Bill Gates, Ivan Lendler, Manolo Orante, Michael Douglas,&nbsp;entre otros. Y por \u00faltimo, quiero resaltar que Casa de Campo ha sido para mi&nbsp;un segundo hogar, me siento inmensamente agradecido por el trato que nos han&nbsp;dispensado en todos estos a\u00f1os.<\/p>\n\n\n\n<blockquote class=\"wp-block-quote is-layout-flow wp-block-quote-is-layout-flow\"><p><em><strong>\u201cQuiero resaltar que Casa de Campo ha sido para mi&nbsp;un segundo hogar, me siento inmensamente agradecido por el trato que nos han&nbsp;dispensado en todos estos a\u00f1os..\u201d<\/strong><\/em><\/p><p style=\"text-align: right;\"><strong>Emilio V\u00e1squez<\/strong><br>\nDirector de Tenis<\/p><\/blockquote>\n","protected":false},"excerpt":{"rendered":"<p>Emilio V\u00e1squez, quien actualmente es Director del Centro de Tenis La Terraza ha sido tambi\u00e9n un destacado deportista reconocido recientemente por el Comite Ol\u00edmpico Dominicano. Fue exaltado en 2005 al Sal\u00f3n de la Fama del Deporte Dominicano por sus numerosas contribuciones al tenis en la Rep\u00fablica Dominicana, as\u00ed como sus innumerables \u00e9xitos, Emilio fue recientemente [&hellip;]<\/p>\n","protected":false},"author":1097,"featured_media":268629,"comment_status":"closed","ping_status":"closed","sticky":false,"template":"","format":"standard","meta":{"newspack_ads_suppress_ads":false,"newspack_popups_has_disabled_popups":false,"newspack_sponsor_sponsorship_scope":"","newspack_sponsor_native_byline_display":"inherit","newspack_sponsor_native_category_display":"inherit","newspack_sponsor_underwriter_style":"inherit","newspack_sponsor_underwriter_placement":"inherit","_newspack_byline_active":false,"_newspack_byline":"","newspack_hide_updated_date":false,"newspack_show_updated_date":false,"newspack_content_restriction_is_exempt":false,"newspack_featured_image_position":"","newspack_post_subtitle":"","newspack_article_summary_title":"Overview:","newspack_article_summary":"","_jetpack_memberships_contains_paid_content":false,"footnotes":"","jetpack_publicize_message":"","jetpack_publicize_feature_enabled":true,"jetpack_social_post_already_shared":false,"jetpack_social_options":{"image_generator_settings":{"template":"highway","default_image_id":0,"font":"","enabled":false},"version":2},"_wpas_customize_per_network":false},"categories":[26936,26951,2525,2524,14631,14625,2521,26822,2526],"tags":[8659,8661],"newspack_spnsrs_tax":[],"class_list":["post-343988","post","type-post","status-publish","format-standard","has-post-thumbnail","hentry","category-casa-de-campo-living-es","category-ccl-presenta","category-golf-deportes-es","category-destacados","category-estilo-de-vida","category-noticias-locales","category-republica-dominicana-2","category-resort-casa-de-campo","category-titulares-es","tag-emilio-vasquez-es","tag-reconocimiento","entry"],"yoast_head":"<!-- This site is optimized with the Yoast SEO plugin v27.5 - https:\/\/yoast.com\/product\/yoast-seo-wordpress\/ -->\n<title>Emilio V\u00e1squez recibe reconocimiento en la reciente Gala Ol\u00edmpica | Casa de Campo Living<\/title>\n<meta name=\"description\" content=\"Emilio V\u00e1squez, quien actualmente es Director del Centro de Tenis La Terraza ha sido tambi\u00e9n un destacado deportista reconocido recientemente por el\" \/>\n<meta name=\"robots\" content=\"index, follow, max-snippet:-1, max-image-preview:large, max-video-preview:-1\" \/>\n<link rel=\"canonical\" href=\"https:\/\/casadecampoliving.com\/es\/emilio-vasquez-recibe-reconocimiento-en-la-reciente-gala-olimpica\/\" \/>\n<meta property=\"og:locale\" content=\"es_ES\" \/>\n<meta property=\"og:type\" content=\"article\" \/>\n<meta property=\"og:title\" content=\"Emilio V\u00e1squez recibe reconocimiento en la reciente Gala Ol\u00edmpica | Casa de Campo Living\" \/>\n<meta property=\"og:description\" content=\"Emilio V\u00e1squez, quien actualmente es Director del Centro de Tenis La Terraza ha sido tambi\u00e9n un destacado deportista reconocido recientemente por el\" \/>\n<meta property=\"og:url\" content=\"https:\/\/casadecampoliving.com\/es\/emilio-vasquez-recibe-reconocimiento-en-la-reciente-gala-olimpica\/\" \/>\n<meta property=\"og:site_name\" content=\"Casa de Campo Living\" \/>\n<meta property=\"article:publisher\" content=\"https:\/\/www.facebook.com\/casadecampoliving\" \/>\n<meta property=\"article:published_time\" content=\"2014-03-10T04:00:00+00:00\" \/>\n<meta property=\"article:modified_time\" content=\"2022-10-21T22:52:15+00:00\" \/>\n<meta property=\"og:image\" content=\"https:\/\/i0.wp.com\/casadecampoliving.com\/wp-content\/uploads\/2022\/10\/emilio_vasquez-e1471893556788.jpg?fit=1000%2C829&ssl=1\" \/>\n\t<meta property=\"og:image:width\" content=\"1000\" \/>\n\t<meta property=\"og:image:height\" content=\"829\" \/>\n\t<meta property=\"og:image:type\" content=\"image\/jpeg\" \/>\n<meta name=\"author\" content=\"Perkin Agramonte\" \/>\n<meta name=\"twitter:card\" content=\"summary_large_image\" \/>\n<meta name=\"twitter:creator\" content=\"@cdcliving\" \/>\n<meta name=\"twitter:site\" content=\"@cdcliving\" \/>\n<meta name=\"twitter:label1\" content=\"Escrito por\" \/>\n\t<meta name=\"twitter:data1\" content=\"Perkin Agramonte\" \/>\n\t<meta name=\"twitter:label2\" content=\"Tiempo de lectura\" \/>\n\t<meta name=\"twitter:data2\" content=\"3 minutos\" \/>\n<script type=\"application\/ld+json\" class=\"yoast-schema-graph\">{\"@context\":\"https:\\\/\\\/schema.org\",\"@graph\":[{\"@type\":\"Article\",\"@id\":\"https:\\\/\\\/casadecampoliving.com\\\/es\\\/emilio-vasquez-recibe-reconocimiento-en-la-reciente-gala-olimpica\\\/#article\",\"isPartOf\":{\"@id\":\"https:\\\/\\\/casadecampoliving.com\\\/es\\\/emilio-vasquez-recibe-reconocimiento-en-la-reciente-gala-olimpica\\\/\"},\"author\":{\"name\":\"Perkin Agramonte\",\"@id\":\"https:\\\/\\\/casadecampoliving.com\\\/es\\\/#\\\/schema\\\/person\\\/c8efa6049510554b7d5fea078d728f72\"},\"headline\":\"Emilio V\u00e1squez recibe reconocimiento en la reciente Gala Ol\u00edmpica\",\"datePublished\":\"2014-03-10T04:00:00+00:00\",\"dateModified\":\"2022-10-21T22:52:15+00:00\",\"mainEntityOfPage\":{\"@id\":\"https:\\\/\\\/casadecampoliving.com\\\/es\\\/emilio-vasquez-recibe-reconocimiento-en-la-reciente-gala-olimpica\\\/\"},\"wordCount\":634,\"publisher\":{\"@id\":\"https:\\\/\\\/casadecampoliving.com\\\/es\\\/#organization\"},\"image\":{\"@id\":\"https:\\\/\\\/casadecampoliving.com\\\/es\\\/emilio-vasquez-recibe-reconocimiento-en-la-reciente-gala-olimpica\\\/#primaryimage\"},\"thumbnailUrl\":\"https:\\\/\\\/i0.wp.com\\\/casadecampoliving.com\\\/wp-content\\\/uploads\\\/2022\\\/10\\\/emilio_vasquez-e1471893556788.jpg?fit=1000%2C829&ssl=1\",\"keywords\":[\"Emilio V\u00e1squez @es\",\"Reconocimiento\"],\"articleSection\":[\"Casa de Campo Living @es\",\"CCL presenta\",\"Deportes\",\"Destacados\",\"Estilo de Vida\",\"Noticias Locales\",\"Rep\u00fablica Dominicana @es\",\"Resort Casa de Campo\",\"Titulares\"],\"inLanguage\":\"es\"},{\"@type\":\"WebPage\",\"@id\":\"https:\\\/\\\/casadecampoliving.com\\\/es\\\/emilio-vasquez-recibe-reconocimiento-en-la-reciente-gala-olimpica\\\/\",\"url\":\"https:\\\/\\\/casadecampoliving.com\\\/es\\\/emilio-vasquez-recibe-reconocimiento-en-la-reciente-gala-olimpica\\\/\",\"name\":\"Emilio V\u00e1squez recibe reconocimiento en la reciente Gala Ol\u00edmpica | Casa de Campo Living\",\"isPartOf\":{\"@id\":\"https:\\\/\\\/casadecampoliving.com\\\/es\\\/#website\"},\"primaryImageOfPage\":{\"@id\":\"https:\\\/\\\/casadecampoliving.com\\\/es\\\/emilio-vasquez-recibe-reconocimiento-en-la-reciente-gala-olimpica\\\/#primaryimage\"},\"image\":{\"@id\":\"https:\\\/\\\/casadecampoliving.com\\\/es\\\/emilio-vasquez-recibe-reconocimiento-en-la-reciente-gala-olimpica\\\/#primaryimage\"},\"thumbnailUrl\":\"https:\\\/\\\/i0.wp.com\\\/casadecampoliving.com\\\/wp-content\\\/uploads\\\/2022\\\/10\\\/emilio_vasquez-e1471893556788.jpg?fit=1000%2C829&ssl=1\",\"datePublished\":\"2014-03-10T04:00:00+00:00\",\"dateModified\":\"2022-10-21T22:52:15+00:00\",\"description\":\"Emilio V\u00e1squez, quien actualmente es Director del Centro de Tenis La Terraza ha sido tambi\u00e9n un destacado deportista reconocido recientemente por el\",\"breadcrumb\":{\"@id\":\"https:\\\/\\\/casadecampoliving.com\\\/es\\\/emilio-vasquez-recibe-reconocimiento-en-la-reciente-gala-olimpica\\\/#breadcrumb\"},\"inLanguage\":\"es\",\"potentialAction\":[{\"@type\":\"ReadAction\",\"target\":[\"https:\\\/\\\/casadecampoliving.com\\\/es\\\/emilio-vasquez-recibe-reconocimiento-en-la-reciente-gala-olimpica\\\/\"]}]},{\"@type\":\"ImageObject\",\"inLanguage\":\"es\",\"@id\":\"https:\\\/\\\/casadecampoliving.com\\\/es\\\/emilio-vasquez-recibe-reconocimiento-en-la-reciente-gala-olimpica\\\/#primaryimage\",\"url\":\"https:\\\/\\\/i0.wp.com\\\/casadecampoliving.com\\\/wp-content\\\/uploads\\\/2022\\\/10\\\/emilio_vasquez-e1471893556788.jpg?fit=1000%2C829&ssl=1\",\"contentUrl\":\"https:\\\/\\\/i0.wp.com\\\/casadecampoliving.com\\\/wp-content\\\/uploads\\\/2022\\\/10\\\/emilio_vasquez-e1471893556788.jpg?fit=1000%2C829&ssl=1\",\"width\":1000,\"height\":829,\"caption\":\"Emilio Vasquez\"},{\"@type\":\"BreadcrumbList\",\"@id\":\"https:\\\/\\\/casadecampoliving.com\\\/es\\\/emilio-vasquez-recibe-reconocimiento-en-la-reciente-gala-olimpica\\\/#breadcrumb\",\"itemListElement\":[{\"@type\":\"ListItem\",\"position\":1,\"name\":\"Home\",\"item\":\"https:\\\/\\\/casadecampoliving.com\\\/es\\\/\"},{\"@type\":\"ListItem\",\"position\":2,\"name\":\"Emilio V\u00e1squez recibe reconocimiento en la reciente Gala Ol\u00edmpica\"}]},{\"@type\":\"WebSite\",\"@id\":\"https:\\\/\\\/casadecampoliving.com\\\/es\\\/#website\",\"url\":\"https:\\\/\\\/casadecampoliving.com\\\/es\\\/\",\"name\":\"Casa de Campo Living\",\"description\":\"Resort community news and resources.\",\"publisher\":{\"@id\":\"https:\\\/\\\/casadecampoliving.com\\\/es\\\/#organization\"},\"potentialAction\":[{\"@type\":\"SearchAction\",\"target\":{\"@type\":\"EntryPoint\",\"urlTemplate\":\"https:\\\/\\\/casadecampoliving.com\\\/es\\\/?s={search_term_string}\"},\"query-input\":{\"@type\":\"PropertyValueSpecification\",\"valueRequired\":true,\"valueName\":\"search_term_string\"}}],\"inLanguage\":\"es\"},{\"@type\":\"Organization\",\"@id\":\"https:\\\/\\\/casadecampoliving.com\\\/es\\\/#organization\",\"name\":\"Casa de Campo Living\",\"url\":\"https:\\\/\\\/casadecampoliving.com\\\/es\\\/\",\"logo\":{\"@type\":\"ImageObject\",\"inLanguage\":\"es\",\"@id\":\"https:\\\/\\\/casadecampoliving.com\\\/es\\\/#\\\/schema\\\/logo\\\/image\\\/\",\"url\":\"https:\\\/\\\/i0.wp.com\\\/casadecampoliving.com\\\/wp-content\\\/uploads\\\/2022\\\/07\\\/CDCLivingLogo_V1-white-sized.png?fit=800%2C214&ssl=1\",\"contentUrl\":\"https:\\\/\\\/i0.wp.com\\\/casadecampoliving.com\\\/wp-content\\\/uploads\\\/2022\\\/07\\\/CDCLivingLogo_V1-white-sized.png?fit=800%2C214&ssl=1\",\"width\":800,\"height\":214,\"caption\":\"Casa de Campo Living\"},\"image\":{\"@id\":\"https:\\\/\\\/casadecampoliving.com\\\/es\\\/#\\\/schema\\\/logo\\\/image\\\/\"},\"sameAs\":[\"https:\\\/\\\/www.facebook.com\\\/casadecampoliving\",\"https:\\\/\\\/x.com\\\/cdcliving\"]},{\"@type\":\"Person\",\"@id\":\"https:\\\/\\\/casadecampoliving.com\\\/es\\\/#\\\/schema\\\/person\\\/c8efa6049510554b7d5fea078d728f72\",\"name\":\"Perkin Agramonte\",\"image\":{\"@type\":\"ImageObject\",\"inLanguage\":\"es\",\"@id\":\"https:\\\/\\\/secure.gravatar.com\\\/avatar\\\/57bfdafcae55fb83dbb79a1585a9eab7f269b7720fb0b64cb9a4e0cd2962fa10?s=96&d=mm&r=g\",\"url\":\"https:\\\/\\\/secure.gravatar.com\\\/avatar\\\/57bfdafcae55fb83dbb79a1585a9eab7f269b7720fb0b64cb9a4e0cd2962fa10?s=96&d=mm&r=g\",\"contentUrl\":\"https:\\\/\\\/secure.gravatar.com\\\/avatar\\\/57bfdafcae55fb83dbb79a1585a9eab7f269b7720fb0b64cb9a4e0cd2962fa10?s=96&d=mm&r=g\",\"caption\":\"Perkin Agramonte\"},\"url\":\"https:\\\/\\\/casadecampoliving.com\\\/es\\\/author\\\/cagramonte\\\/\"}]}<\/script>\n<!-- \/ Yoast SEO plugin. -->","yoast_head_json":{"title":"Emilio V\u00e1squez recibe reconocimiento en la reciente Gala Ol\u00edmpica | Casa de Campo Living","description":"Emilio V\u00e1squez, quien actualmente es Director del Centro de Tenis La Terraza ha sido tambi\u00e9n un destacado deportista reconocido recientemente por el","robots":{"index":"index","follow":"follow","max-snippet":"max-snippet:-1","max-image-preview":"max-image-preview:large","max-video-preview":"max-video-preview:-1"},"canonical":"https:\/\/casadecampoliving.com\/es\/emilio-vasquez-recibe-reconocimiento-en-la-reciente-gala-olimpica\/","og_locale":"es_ES","og_type":"article","og_title":"Emilio V\u00e1squez recibe reconocimiento en la reciente Gala Ol\u00edmpica | Casa de Campo Living","og_description":"Emilio V\u00e1squez, quien actualmente es Director del Centro de Tenis La Terraza ha sido tambi\u00e9n un destacado deportista reconocido recientemente por el","og_url":"https:\/\/casadecampoliving.com\/es\/emilio-vasquez-recibe-reconocimiento-en-la-reciente-gala-olimpica\/","og_site_name":"Casa de Campo Living","article_publisher":"https:\/\/www.facebook.com\/casadecampoliving","article_published_time":"2014-03-10T04:00:00+00:00","article_modified_time":"2022-10-21T22:52:15+00:00","og_image":[{"width":1000,"height":829,"url":"https:\/\/i0.wp.com\/casadecampoliving.com\/wp-content\/uploads\/2022\/10\/emilio_vasquez-e1471893556788.jpg?fit=1000%2C829&ssl=1","type":"image\/jpeg"}],"author":"Perkin Agramonte","twitter_card":"summary_large_image","twitter_creator":"@cdcliving","twitter_site":"@cdcliving","twitter_misc":{"Escrito por":"Perkin Agramonte","Tiempo de lectura":"3 minutos"},"schema":{"@context":"https:\/\/schema.org","@graph":[{"@type":"Article","@id":"https:\/\/casadecampoliving.com\/es\/emilio-vasquez-recibe-reconocimiento-en-la-reciente-gala-olimpica\/#article","isPartOf":{"@id":"https:\/\/casadecampoliving.com\/es\/emilio-vasquez-recibe-reconocimiento-en-la-reciente-gala-olimpica\/"},"author":{"name":"Perkin Agramonte","@id":"https:\/\/casadecampoliving.com\/es\/#\/schema\/person\/c8efa6049510554b7d5fea078d728f72"},"headline":"Emilio V\u00e1squez recibe reconocimiento en la reciente Gala Ol\u00edmpica","datePublished":"2014-03-10T04:00:00+00:00","dateModified":"2022-10-21T22:52:15+00:00","mainEntityOfPage":{"@id":"https:\/\/casadecampoliving.com\/es\/emilio-vasquez-recibe-reconocimiento-en-la-reciente-gala-olimpica\/"},"wordCount":634,"publisher":{"@id":"https:\/\/casadecampoliving.com\/es\/#organization"},"image":{"@id":"https:\/\/casadecampoliving.com\/es\/emilio-vasquez-recibe-reconocimiento-en-la-reciente-gala-olimpica\/#primaryimage"},"thumbnailUrl":"https:\/\/i0.wp.com\/casadecampoliving.com\/wp-content\/uploads\/2022\/10\/emilio_vasquez-e1471893556788.jpg?fit=1000%2C829&ssl=1","keywords":["Emilio V\u00e1squez @es","Reconocimiento"],"articleSection":["Casa de Campo Living @es","CCL presenta","Deportes","Destacados","Estilo de Vida","Noticias Locales","Rep\u00fablica Dominicana @es","Resort Casa de Campo","Titulares"],"inLanguage":"es"},{"@type":"WebPage","@id":"https:\/\/casadecampoliving.com\/es\/emilio-vasquez-recibe-reconocimiento-en-la-reciente-gala-olimpica\/","url":"https:\/\/casadecampoliving.com\/es\/emilio-vasquez-recibe-reconocimiento-en-la-reciente-gala-olimpica\/","name":"Emilio V\u00e1squez recibe reconocimiento en la reciente Gala Ol\u00edmpica | Casa de Campo Living","isPartOf":{"@id":"https:\/\/casadecampoliving.com\/es\/#website"},"primaryImageOfPage":{"@id":"https:\/\/casadecampoliving.com\/es\/emilio-vasquez-recibe-reconocimiento-en-la-reciente-gala-olimpica\/#primaryimage"},"image":{"@id":"https:\/\/casadecampoliving.com\/es\/emilio-vasquez-recibe-reconocimiento-en-la-reciente-gala-olimpica\/#primaryimage"},"thumbnailUrl":"https:\/\/i0.wp.com\/casadecampoliving.com\/wp-content\/uploads\/2022\/10\/emilio_vasquez-e1471893556788.jpg?fit=1000%2C829&ssl=1","datePublished":"2014-03-10T04:00:00+00:00","dateModified":"2022-10-21T22:52:15+00:00","description":"Emilio V\u00e1squez, quien actualmente es Director del Centro de Tenis La Terraza ha sido tambi\u00e9n un destacado deportista reconocido recientemente por el","breadcrumb":{"@id":"https:\/\/casadecampoliving.com\/es\/emilio-vasquez-recibe-reconocimiento-en-la-reciente-gala-olimpica\/#breadcrumb"},"inLanguage":"es","potentialAction":[{"@type":"ReadAction","target":["https:\/\/casadecampoliving.com\/es\/emilio-vasquez-recibe-reconocimiento-en-la-reciente-gala-olimpica\/"]}]},{"@type":"ImageObject","inLanguage":"es","@id":"https:\/\/casadecampoliving.com\/es\/emilio-vasquez-recibe-reconocimiento-en-la-reciente-gala-olimpica\/#primaryimage","url":"https:\/\/i0.wp.com\/casadecampoliving.com\/wp-content\/uploads\/2022\/10\/emilio_vasquez-e1471893556788.jpg?fit=1000%2C829&ssl=1","contentUrl":"https:\/\/i0.wp.com\/casadecampoliving.com\/wp-content\/uploads\/2022\/10\/emilio_vasquez-e1471893556788.jpg?fit=1000%2C829&ssl=1","width":1000,"height":829,"caption":"Emilio Vasquez"},{"@type":"BreadcrumbList","@id":"https:\/\/casadecampoliving.com\/es\/emilio-vasquez-recibe-reconocimiento-en-la-reciente-gala-olimpica\/#breadcrumb","itemListElement":[{"@type":"ListItem","position":1,"name":"Home","item":"https:\/\/casadecampoliving.com\/es\/"},{"@type":"ListItem","position":2,"name":"Emilio V\u00e1squez recibe reconocimiento en la reciente Gala Ol\u00edmpica"}]},{"@type":"WebSite","@id":"https:\/\/casadecampoliving.com\/es\/#website","url":"https:\/\/casadecampoliving.com\/es\/","name":"Casa de Campo Living","description":"Resort community news and resources.","publisher":{"@id":"https:\/\/casadecampoliving.com\/es\/#organization"},"potentialAction":[{"@type":"SearchAction","target":{"@type":"EntryPoint","urlTemplate":"https:\/\/casadecampoliving.com\/es\/?s={search_term_string}"},"query-input":{"@type":"PropertyValueSpecification","valueRequired":true,"valueName":"search_term_string"}}],"inLanguage":"es"},{"@type":"Organization","@id":"https:\/\/casadecampoliving.com\/es\/#organization","name":"Casa de Campo Living","url":"https:\/\/casadecampoliving.com\/es\/","logo":{"@type":"ImageObject","inLanguage":"es","@id":"https:\/\/casadecampoliving.com\/es\/#\/schema\/logo\/image\/","url":"https:\/\/i0.wp.com\/casadecampoliving.com\/wp-content\/uploads\/2022\/07\/CDCLivingLogo_V1-white-sized.png?fit=800%2C214&ssl=1","contentUrl":"https:\/\/i0.wp.com\/casadecampoliving.com\/wp-content\/uploads\/2022\/07\/CDCLivingLogo_V1-white-sized.png?fit=800%2C214&ssl=1","width":800,"height":214,"caption":"Casa de Campo Living"},"image":{"@id":"https:\/\/casadecampoliving.com\/es\/#\/schema\/logo\/image\/"},"sameAs":["https:\/\/www.facebook.com\/casadecampoliving","https:\/\/x.com\/cdcliving"]},{"@type":"Person","@id":"https:\/\/casadecampoliving.com\/es\/#\/schema\/person\/c8efa6049510554b7d5fea078d728f72","name":"Perkin Agramonte","image":{"@type":"ImageObject","inLanguage":"es","@id":"https:\/\/secure.gravatar.com\/avatar\/57bfdafcae55fb83dbb79a1585a9eab7f269b7720fb0b64cb9a4e0cd2962fa10?s=96&d=mm&r=g","url":"https:\/\/secure.gravatar.com\/avatar\/57bfdafcae55fb83dbb79a1585a9eab7f269b7720fb0b64cb9a4e0cd2962fa10?s=96&d=mm&r=g","contentUrl":"https:\/\/secure.gravatar.com\/avatar\/57bfdafcae55fb83dbb79a1585a9eab7f269b7720fb0b64cb9a4e0cd2962fa10?s=96&d=mm&r=g","caption":"Perkin Agramonte"},"url":"https:\/\/casadecampoliving.com\/es\/author\/cagramonte\/"}]}},"parsely":{"version":"1.1.0","canonical_url":"https:\/\/casadecampoliving.com\/es\/emilio-vasquez-recibe-reconocimiento-en-la-reciente-gala-olimpica\/","smart_links":{"inbound":0,"outbound":0},"traffic_boost_suggestions_count":0,"meta":{"@context":"https:\/\/schema.org","@type":"NewsArticle","headline":"Emilio V\u00e1squez recibe reconocimiento en la reciente Gala Ol\u00edmpica","url":"http:\/\/casadecampoliving.com\/es\/emilio-vasquez-recibe-reconocimiento-en-la-reciente-gala-olimpica\/","mainEntityOfPage":{"@type":"WebPage","@id":"http:\/\/casadecampoliving.com\/es\/emilio-vasquez-recibe-reconocimiento-en-la-reciente-gala-olimpica\/"},"thumbnailUrl":"https:\/\/i0.wp.com\/casadecampoliving.com\/wp-content\/uploads\/2022\/10\/emilio_vasquez-e1471893556788.jpg?resize=150%2C150&ssl=1","image":{"@type":"ImageObject","url":"https:\/\/i0.wp.com\/casadecampoliving.com\/wp-content\/uploads\/2022\/10\/emilio_vasquez-e1471893556788.jpg?fit=1000%2C829&ssl=1"},"articleSection":"CCL presenta","author":[{"@type":"Person","name":"Perkin Agramonte"}],"creator":["Perkin Agramonte"],"publisher":{"@type":"Organization","name":"Casa de Campo Living","logo":"https:\/\/casadecampoliving.com\/wp-content\/uploads\/2022\/07\/CDCLivingLogo_V1-white-sized.png"},"keywords":["emilio v\u00e1squez @es","reconocimiento"],"dateCreated":"2014-03-10T04:00:00Z","datePublished":"2014-03-10T04:00:00Z","dateModified":"2022-10-21T22:52:15Z"},"rendered":"<script type=\"application\/ld+json\" class=\"wp-parsely-metadata\">{\"@context\":\"https:\\\/\\\/schema.org\",\"@type\":\"NewsArticle\",\"headline\":\"Emilio V\\u00e1squez recibe reconocimiento en la reciente Gala Ol\\u00edmpica\",\"url\":\"http:\\\/\\\/casadecampoliving.com\\\/es\\\/emilio-vasquez-recibe-reconocimiento-en-la-reciente-gala-olimpica\\\/\",\"mainEntityOfPage\":{\"@type\":\"WebPage\",\"@id\":\"http:\\\/\\\/casadecampoliving.com\\\/es\\\/emilio-vasquez-recibe-reconocimiento-en-la-reciente-gala-olimpica\\\/\"},\"thumbnailUrl\":\"https:\\\/\\\/i0.wp.com\\\/casadecampoliving.com\\\/wp-content\\\/uploads\\\/2022\\\/10\\\/emilio_vasquez-e1471893556788.jpg?resize=150%2C150&ssl=1\",\"image\":{\"@type\":\"ImageObject\",\"url\":\"https:\\\/\\\/i0.wp.com\\\/casadecampoliving.com\\\/wp-content\\\/uploads\\\/2022\\\/10\\\/emilio_vasquez-e1471893556788.jpg?fit=1000%2C829&ssl=1\"},\"articleSection\":\"CCL presenta\",\"author\":[{\"@type\":\"Person\",\"name\":\"Perkin Agramonte\"}],\"creator\":[\"Perkin Agramonte\"],\"publisher\":{\"@type\":\"Organization\",\"name\":\"Casa de Campo Living\",\"logo\":\"https:\\\/\\\/casadecampoliving.com\\\/wp-content\\\/uploads\\\/2022\\\/07\\\/CDCLivingLogo_V1-white-sized.png\"},\"keywords\":[\"emilio v\\u00e1squez @es\",\"reconocimiento\"],\"dateCreated\":\"2014-03-10T04:00:00Z\",\"datePublished\":\"2014-03-10T04:00:00Z\",\"dateModified\":\"2022-10-21T22:52:15Z\"}<\/script>","tracker_url":"https:\/\/cdn.parsely.com\/keys\/casadecampoliving.com\/p.js"},"jetpack_publicize_connections":[],"jetpack_featured_media_url":"https:\/\/i0.wp.com\/casadecampoliving.com\/wp-content\/uploads\/2022\/10\/emilio_vasquez-e1471893556788.jpg?fit=1000%2C829&ssl=1","jetpack-related-posts":[{"id":350296,"url":"https:\/\/casadecampoliving.com\/es\/torneo-internacional-de-tenis-casa-de-campo-dedicado-emilio-vasquez\/","url_meta":{"origin":343988,"position":0},"title":"39no Torneo Internacional de Tenis Casa de Campo ser\u00e1 dedicado a Emilio V\u00e1squez","author":"Heather Lincoln","date":"1 Ago, 2016","format":false,"excerpt":"Casa de Campo estar\u00e1 realizando su 39no Torneo Internacional de Tenis el pr\u00f3ximo mes\u00a0de septiembre y estamos muy contentos al enterarnos\u00a0que estar\u00e1 dedicado a Emilio V\u00e1squez, la leyenda del tenis, que desempe\u00f1o la labor de\u00a0Director de Tenis por m\u00e1s de 35 a\u00f1os, gan\u00e1ndose\u00a0un lugar muy especial en el coraz\u00f3n de\u2026","rel":"","context":"En \u00abDeportes\u00bb","block_context":{"text":"Deportes","link":"https:\/\/casadecampoliving.com\/es\/category\/golf-deportes-es\/"},"img":{"alt_text":"","src":"https:\/\/i0.wp.com\/casadecampoliving.com\/wp-content\/uploads\/2022\/10\/DSC_0210-1.jpg?fit=1000%2C600&ssl=1&resize=350%2C200","width":350,"height":200,"srcset":"https:\/\/i0.wp.com\/casadecampoliving.com\/wp-content\/uploads\/2022\/10\/DSC_0210-1.jpg?fit=1000%2C600&ssl=1&resize=350%2C200 1x, https:\/\/i0.wp.com\/casadecampoliving.com\/wp-content\/uploads\/2022\/10\/DSC_0210-1.jpg?fit=1000%2C600&ssl=1&resize=525%2C300 1.5x, https:\/\/i0.wp.com\/casadecampoliving.com\/wp-content\/uploads\/2022\/10\/DSC_0210-1.jpg?fit=1000%2C600&ssl=1&resize=700%2C400 2x"},"classes":[]},{"id":354334,"url":"https:\/\/casadecampoliving.com\/es\/la-gala-del-tenis-dominicano-rinde-homenaje-a-casa-de-campo-y-gustavo-rodriguez\/","url_meta":{"origin":343988,"position":1},"title":"La Gala del Tenis Dominicano rinde homenaje a Casa de Campo y Gustavo Rodr\u00edguez","author":"Casa de Campo Living","date":"8 Abr, 2022","format":false,"excerpt":"El Centro de Tenis La Terraza de Casa de Campo, el periodista Gustavo Rodr\u00edguez y siete exjugadores y propulsores fueron homenajeados en el marco de la Sexta Gala de Reconocimientos del Tenis Dominicano, celebrada el pasado martes en el auditorio del Pabell\u00f3n de la Fama del Deporte Dominicano, en el\u2026","rel":"","context":"En \u00abCasa de Campo Living @es\u00bb","block_context":{"text":"Casa de Campo Living @es","link":"https:\/\/casadecampoliving.com\/category\/casa-de-campo-living-es\/"},"img":{"alt_text":"","src":"https:\/\/i0.wp.com\/casadecampoliving.com\/wp-content\/uploads\/2022\/10\/WhatsApp-Image-2022-04-06-at-6.01.22-PM-1-1.jpeg?fit=1000%2C642&ssl=1&resize=350%2C200","width":350,"height":200,"srcset":"https:\/\/i0.wp.com\/casadecampoliving.com\/wp-content\/uploads\/2022\/10\/WhatsApp-Image-2022-04-06-at-6.01.22-PM-1-1.jpeg?fit=1000%2C642&ssl=1&resize=350%2C200 1x, https:\/\/i0.wp.com\/casadecampoliving.com\/wp-content\/uploads\/2022\/10\/WhatsApp-Image-2022-04-06-at-6.01.22-PM-1-1.jpeg?fit=1000%2C642&ssl=1&resize=525%2C300 1.5x, https:\/\/i0.wp.com\/casadecampoliving.com\/wp-content\/uploads\/2022\/10\/WhatsApp-Image-2022-04-06-at-6.01.22-PM-1-1.jpeg?fit=1000%2C642&ssl=1&resize=700%2C400 2x"},"classes":[]},{"id":347526,"url":"https:\/\/casadecampoliving.com\/es\/tecnicas-para-mejorar-su-servicio-por-emilio-vasquez\/","url_meta":{"origin":343988,"position":2},"title":"T\u00e9cnicas para mejorar su servicio, por Emilio V\u00e1squez","author":"Perkin Agramonte","date":"13 Jun, 2015","format":false,"excerpt":"No hay nada peor que perder un punto, un juego, o incluso un partido por una doble falta. Siga (y practique) estas simples t\u00e9cnicas para mejorar su servicio. 1. El servicio es como tirar una bola. Siempre lleve el codo lo m\u00e1s atr\u00e1s posible, \u00e9sto le permite darle a la\u2026","rel":"","context":"En \u00abCasa de Campo Living @es\u00bb","block_context":{"text":"Casa de Campo Living @es","link":"https:\/\/casadecampoliving.com\/category\/casa-de-campo-living-es\/"},"img":{"alt_text":"tennis Casa de Campo","src":"https:\/\/i0.wp.com\/casadecampoliving.com\/wp-content\/uploads\/2022\/10\/tennis_Casa_de_Campo-1.jpg?fit=650%2C441&ssl=1&resize=350%2C200","width":350,"height":200,"srcset":"https:\/\/i0.wp.com\/casadecampoliving.com\/wp-content\/uploads\/2022\/10\/tennis_Casa_de_Campo-1.jpg?fit=650%2C441&ssl=1&resize=350%2C200 1x, https:\/\/i0.wp.com\/casadecampoliving.com\/wp-content\/uploads\/2022\/10\/tennis_Casa_de_Campo-1.jpg?fit=650%2C441&ssl=1&resize=525%2C300 1.5x"},"classes":[]},{"id":354438,"url":"https:\/\/casadecampoliving.com\/es\/a-la-memoria-de-mario-emilio-guerrero-destacado-periodista-deportivo-dominicano\/","url_meta":{"origin":343988,"position":3},"title":"En memoria de Mario Emilio Guerrero, destacado periodista deportivo dominicano","author":"Casa de Campo Living","date":"5 Jul, 2022","format":false,"excerpt":"Con gran tristeza, pero con gratos recuerdos, les traemos la noticia del fallecimiento del periodista deportivo dominicano Mario Emilio Guerrero, un querido amigo de la comunidad de Casa de Campo. Nelson Mallen, Diego Hurtado, and Mario Emilio Guerrero Mario Emilio Guerrero Krantz era un apasionado del tenis y fue presidente\u2026","rel":"","context":"En \u00abDeportes\u00bb","block_context":{"text":"Deportes","link":"https:\/\/casadecampoliving.com\/es\/category\/golf-deportes-es\/"},"img":{"alt_text":"","src":"https:\/\/i0.wp.com\/casadecampoliving.com\/wp-content\/uploads\/2022\/10\/IMG_0066-2.jpg?fit=1000%2C627&ssl=1&resize=350%2C200","width":350,"height":200,"srcset":"https:\/\/i0.wp.com\/casadecampoliving.com\/wp-content\/uploads\/2022\/10\/IMG_0066-2.jpg?fit=1000%2C627&ssl=1&resize=350%2C200 1x, https:\/\/i0.wp.com\/casadecampoliving.com\/wp-content\/uploads\/2022\/10\/IMG_0066-2.jpg?fit=1000%2C627&ssl=1&resize=525%2C300 1.5x, https:\/\/i0.wp.com\/casadecampoliving.com\/wp-content\/uploads\/2022\/10\/IMG_0066-2.jpg?fit=1000%2C627&ssl=1&resize=700%2C400 2x"},"classes":[]},{"id":342770,"url":"https:\/\/casadecampoliving.com\/es\/torneo-internacional-de-tenis-de-casa-de-campo\/","url_meta":{"origin":343988,"position":4},"title":"El 36to Torneo Internacional de Tenis de Casa de Campo ser\u00e1 dedicado a Juan Jos\u00e9 \u00c1lvarez","author":"Maria Veronica Silvestri","date":"27 Ago, 2013","format":false,"excerpt":"El 36to Torneo Internacional de Tenis de Casa de Campo dar\u00e1 inicio este jueves 29 de agosto en las instalaciones de La Terraza Tennis Club, en honor del tenista dominicano Juan Jos\u00e9 \u00c1lvarez. El evento, que ser\u00e1 clausurado el domingo 1 de septiembre, contar\u00e1 con la participaci\u00f3n de m\u00e1s de\u2026","rel":"","context":"En \u00abDeportes\u00bb","block_context":{"text":"Deportes","link":"https:\/\/casadecampoliving.com\/es\/category\/golf-deportes-es\/"},"img":{"alt_text":"","src":"https:\/\/i0.wp.com\/casadecampoliving.com\/wp-content\/uploads\/2022\/10\/casa_de_campo_tennis-2.jpg?fit=565%2C285&ssl=1&resize=350%2C200","width":350,"height":200,"srcset":"https:\/\/i0.wp.com\/casadecampoliving.com\/wp-content\/uploads\/2022\/10\/casa_de_campo_tennis-2.jpg?fit=565%2C285&ssl=1&resize=350%2C200 1x, https:\/\/i0.wp.com\/casadecampoliving.com\/wp-content\/uploads\/2022\/10\/casa_de_campo_tennis-2.jpg?fit=565%2C285&ssl=1&resize=525%2C300 1.5x"},"classes":[]},{"id":344672,"url":"https:\/\/casadecampoliving.com\/es\/entrevista-con-emilio-vasquez\/","url_meta":{"origin":343988,"position":5},"title":"Emilio V\u00e1squez, un legado de 34 a\u00f1os en Casa de Campo","author":"Emil Mella","date":"30 Jun, 2014","format":false,"excerpt":"`The Sporting Life\u00b4aqu\u00ed en Casa de Campo no se trata solo de las instalaciones de clase mundial para golf, ecuestre, tiro y m\u00e1s, lo que realmente destaca a Casa de Campo es la experiencia, conocimiento y entusiasmo de las personas que trabajan en este lugar; especialmente los directores del departamento\u2026","rel":"","context":"En \u00abCasa de Campo Living @es\u00bb","block_context":{"text":"Casa de Campo Living @es","link":"https:\/\/casadecampoliving.com\/category\/casa-de-campo-living-es\/"},"img":{"alt_text":"","src":"https:\/\/i0.wp.com\/casadecampoliving.com\/wp-content\/uploads\/2022\/10\/emilio-vasquez1.jpg?fit=650%2C466&ssl=1&resize=350%2C200","width":350,"height":200,"srcset":"https:\/\/i0.wp.com\/casadecampoliving.com\/wp-content\/uploads\/2022\/10\/emilio-vasquez1.jpg?fit=650%2C466&ssl=1&resize=350%2C200 1x, https:\/\/i0.wp.com\/casadecampoliving.com\/wp-content\/uploads\/2022\/10\/emilio-vasquez1.jpg?fit=650%2C466&ssl=1&resize=525%2C300 1.5x"},"classes":[]}],"jetpack_sharing_enabled":true,"_links":{"self":[{"href":"https:\/\/casadecampoliving.com\/es\/wp-json\/wp\/v2\/posts\/343988","targetHints":{"allow":["GET"]}}],"collection":[{"href":"https:\/\/casadecampoliving.com\/es\/wp-json\/wp\/v2\/posts"}],"about":[{"href":"https:\/\/casadecampoliving.com\/es\/wp-json\/wp\/v2\/types\/post"}],"author":[{"embeddable":true,"href":"https:\/\/casadecampoliving.com\/es\/wp-json\/wp\/v2\/users\/1097"}],"replies":[{"embeddable":true,"href":"https:\/\/casadecampoliving.com\/es\/wp-json\/wp\/v2\/comments?post=343988"}],"version-history":[{"count":1,"href":"https:\/\/casadecampoliving.com\/es\/wp-json\/wp\/v2\/posts\/343988\/revisions"}],"predecessor-version":[{"id":343989,"href":"https:\/\/casadecampoliving.com\/es\/wp-json\/wp\/v2\/posts\/343988\/revisions\/343989"}],"wp:featuredmedia":[{"embeddable":true,"href":"https:\/\/casadecampoliving.com\/es\/wp-json\/wp\/v2\/media\/268629"}],"wp:attachment":[{"href":"https:\/\/casadecampoliving.com\/es\/wp-json\/wp\/v2\/media?parent=343988"}],"wp:term":[{"taxonomy":"category","embeddable":true,"href":"https:\/\/casadecampoliving.com\/es\/wp-json\/wp\/v2\/categories?post=343988"},{"taxonomy":"post_tag","embeddable":true,"href":"https:\/\/casadecampoliving.com\/es\/wp-json\/wp\/v2\/tags?post=343988"},{"taxonomy":"newspack_spnsrs_tax","embeddable":true,"href":"https:\/\/casadecampoliving.com\/es\/wp-json\/wp\/v2\/newspack_spnsrs_tax?post=343988"}],"curies":[{"name":"wp","href":"https:\/\/api.w.org\/{rel}","templated":true}]}}