{"id":343978,"date":"2014-03-05T00:00:00","date_gmt":"2014-03-05T04:00:00","guid":{"rendered":"https:\/\/casadecampoliving.com\/boletas-para-el-concierto-de-franco-de-vita-disponibles-en-el-club-de-duenos\/"},"modified":"2022-10-21T18:51:45","modified_gmt":"2022-10-21T22:51:45","slug":"boletas-para-el-concierto-de-franco-de-vita-disponibles-en-el-club-de-duenos","status":"publish","type":"post","link":"https:\/\/casadecampoliving.com\/es\/boletas-para-el-concierto-de-franco-de-vita-disponibles-en-el-club-de-duenos\/","title":{"rendered":"Boletas para el concierto de Franco de Vita disponibles en el Club de Due\u00f1os"},"content":{"rendered":"<div class=\"wp-block-image\">\n<figure class=\"aligncenter is-resized\"><img loading=\"lazy\" decoding=\"async\" src=\"https:\/\/i0.wp.com\/casadecampoliving.com\/wp-content\/uploads\/2022\/10\/Franco_de_Vita.jpg?resize=650%2C427&amp;ssl=1\" alt=\"Franco_de_Vita\" class=\"wp-image-86708\" height=\"427\" width=\"650\"\/><\/figure>\n<\/div>\n\n\n<p class=\"has-text-align-left\">Las boletas para el concierto de Franco de Vita a efectuarse el 19 de abril, 2014 ya est\u00e1n disponibles en el Club de Due\u00f1os Casa de Campo.<\/p>\n\n\n\n<p class=\"has-text-align-left\"><\/p>\n\n\n\n<!--more-->\n\n\n<div class=\"wp-block-image\">\n<figure class=\"alignright is-resized\"><img loading=\"lazy\" decoding=\"async\" src=\"https:\/\/i0.wp.com\/casadecampoliving.com\/wp-content\/uploads\/2022\/10\/Franco_de_Vita_2-205x300-2.jpg?resize=205%2C300&amp;ssl=1\" alt=\"Franco_de_Vita_2\" class=\"wp-image-86707\" height=\"300\" width=\"205\"\/><\/figure>\n<\/div>\n\n\n<p class=\"has-text-align-left\"><\/p>\n\n\n\n<p class=\"has-text-align-left\">El punto de venta de UEPA tickets express en el Club de Due\u00f1os de villas, Casa de Campo tiene disponibles las boletas para este espectacular concierto, el cual marcar\u00e1 la <a href=\"https:\/\/casadecampoliving.com\/es\/vuelve-franco-de-vita\/\">segunda presentaci\u00f3n de Franco de Vita en el anfiteatro Altos de Chav\u00f3n.<\/a><\/p>\n\n\n\n<p class=\"has-text-align-left\">Usted puede pagar en efectivo o con su tarjeta de cr\u00e9dito,&nbsp;\u00bfQu\u00e9 est\u00e1 usted esperando? no espere hasta el \u00faltimo minuto para comprar sus boletas para ver a este sobresaliente artista, \u00a1no quiere sentirse desilusionado!<\/p>\n\n\n\n<p>Con casi 3 decadas de experiencia y m\u00e1s de 20 millones de copias vendidas, las personas han estado disfrutando de la musica de Franco De Vita desde el 1980\u2026 y gracias al amor y el apoyo de sus fans a\u00fan mantiene su carrera.\u201cVuelve en Primera Fila\u201d es tambi\u00e9n el nombre de su mas reciente \u00e1lbum, lanzado el pasado a\u00f1o. Incluyendo algunos de sus mejores sencillos; \u201cC\u00e1ntame\u201d, \u201cQue no muera la esperanza\u201d, \u201cNo hay cielo\u201d, \u201cSolo importas tu\u201d y \u201cAy Dios\u201d, entre otros, podemos esperar que un concierto con el mismo nombre, nos brinde el mismo repertorio de inolvidables canciones.<\/p>\n\n\n\n<p><a href=\"https:\/\/casadecampoliving.com\/es\/3-horas-inolvidables-con-franco-de-vita-en-altos-de-chavon-2\/\">Haga clic aqu\u00ed para ver las fotos y memorias del pasado concierto de Franco de Vita en Altos de Chav\u00f3n en Septiembre de 2011.<\/a><\/p>\n\n\n\n<blockquote><p style=\"text-align: left;\"><a href=\"https:\/\/casadecampoliving.com\/es\/vuelve-franco-de-vita\/\"><span style=\"text-decoration: underline;\"><strong>Franco de Vita en concierto<\/strong><\/span><\/a><\/p><p style=\"text-align: left;\"><strong>Fecha:<\/strong>&nbsp;S\u00e1bado 19 de abril, 2014<\/p><p style=\"text-align: left;\"><b>Lugar<\/b>: Anfiteatro Altos de Chav\u00f3n<\/p><p style=\"text-align: left;\"><strong>Contactos:&nbsp;<\/strong>villaowners@ccampo.com.do<\/p><p style=\"text-align: left;\"><strong>Boletas disponibles en: <\/strong>Club de<strong>&nbsp;<\/strong>Due\u00f1os Casa de Campo<\/p><p style=\"text-align: left;\"><span style=\"text-decoration: underline;\"><strong>Precios<\/strong><\/span><\/p><ul>\n<li><strong>General:<\/strong> &nbsp;US$60<\/li>\n<li><strong>VIP:<\/strong> US$ 110<\/li>\n<li><strong>Special Guest :<\/strong> US$ 160<\/li>\n<li><strong>Front stage:<\/strong> US$ 230<\/li>\n<\/ul><p style=\"text-align: left;\"><span style=\"text-decoration: underline;\"><strong>Anfiteatro Altos de Chav\u00f3n<\/strong><\/span><\/p><figure><img decoding=\"async\" loading=\"lazy\" class=\"aligncenter size-full wp-image-83914\" alt=\"elton and amphitheater \" src=\"https:\/\/i0.wp.com\/casadecampoliving.com\/wp-content\/uploads\/2022\/10\/eltons-seating-plan.jpg?resize=561%2C409&amp;ssl=1\" width=\"561\" height=\"409\"><\/figure><p style=\"text-align: left;\"><\/p><h3 style=\"text-align: left;\">\u00a1Compren sus boletas con anticipaci\u00f3n y \u00fanase a este legendario concierto!<\/h3><\/blockquote>\n","protected":false},"excerpt":{"rendered":"<p>Las boletas para el concierto de Franco de Vita a efectuarse el 19 de abril, 2014 ya est\u00e1n disponibles en el Club de Due\u00f1os Casa de Campo.<\/p>\n","protected":false},"author":1097,"featured_media":268998,"comment_status":"closed","ping_status":"closed","sticky":false,"template":"","format":"standard","meta":{"newspack_ads_suppress_ads":false,"newspack_popups_has_disabled_popups":false,"newspack_sponsor_sponsorship_scope":"","newspack_sponsor_native_byline_display":"inherit","newspack_sponsor_native_category_display":"inherit","newspack_sponsor_underwriter_style":"inherit","newspack_sponsor_underwriter_placement":"inherit","_newspack_byline_active":false,"_newspack_byline":"","newspack_hide_updated_date":false,"newspack_show_updated_date":false,"newspack_content_restriction_is_exempt":false,"newspack_featured_image_position":"","newspack_post_subtitle":"","newspack_article_summary_title":"Overview:","newspack_article_summary":"","_jetpack_memberships_contains_paid_content":false,"footnotes":"","jetpack_publicize_message":"","jetpack_publicize_feature_enabled":true,"jetpack_social_post_already_shared":false,"jetpack_social_options":{"image_generator_settings":{"template":"highway","default_image_id":0,"font":"","enabled":false},"version":2},"_wpas_customize_per_network":false},"categories":[26819,2513,2518,2524,14631,2522,14625,14627,2521,26822],"tags":[15387,2604,8094,6371,5115,2963],"newspack_spnsrs_tax":[],"class_list":["post-343978","post","type-post","status-publish","format-standard","has-post-thumbnail","hentry","category-altos-de-chavon-es","category-celebridades-es","category-conciertos-es","category-destacados","category-estilo-de-vida","category-eventos-es","category-noticias-locales","category-proximamente","category-republica-dominicana-2","category-resort-casa-de-campo","tag-altos-de-chavon-es","tag-anfiteatro-altos-de-chavon","tag-casa-de-campo-community-es","tag-casa-de-campo-resort-es","tag-club-de-duenos-casa-de-campo","tag-concierto","entry"],"yoast_head":"<!-- This site is optimized with the Yoast SEO plugin v27.5 - https:\/\/yoast.com\/product\/yoast-seo-wordpress\/ -->\n<title>Boletas para el concierto de Franco de Vita disponibles en el Club de Due\u00f1os | Casa de Campo Living<\/title>\n<meta name=\"description\" content=\"Las boletas para el concierto de Franco de Vita a efectuarse el 19 de abril, 2014 ya est\u00e1n disponibles en el Club de Due\u00f1os Casa de Campo. El punto de\" \/>\n<meta name=\"robots\" content=\"index, follow, max-snippet:-1, max-image-preview:large, max-video-preview:-1\" \/>\n<link rel=\"canonical\" href=\"https:\/\/casadecampoliving.com\/es\/boletas-para-el-concierto-de-franco-de-vita-disponibles-en-el-club-de-duenos\/\" \/>\n<meta property=\"og:locale\" content=\"es_ES\" \/>\n<meta property=\"og:type\" content=\"article\" \/>\n<meta property=\"og:title\" content=\"Boletas para el concierto de Franco de Vita disponibles en el Club de Due\u00f1os | Casa de Campo Living\" \/>\n<meta property=\"og:description\" content=\"Las boletas para el concierto de Franco de Vita a efectuarse el 19 de abril, 2014 ya est\u00e1n disponibles en el Club de Due\u00f1os Casa de Campo. El punto de\" \/>\n<meta property=\"og:url\" content=\"https:\/\/casadecampoliving.com\/es\/boletas-para-el-concierto-de-franco-de-vita-disponibles-en-el-club-de-duenos\/\" \/>\n<meta property=\"og:site_name\" content=\"Casa de Campo Living\" \/>\n<meta property=\"article:publisher\" content=\"https:\/\/www.facebook.com\/casadecampoliving\" \/>\n<meta property=\"article:published_time\" content=\"2014-03-05T04:00:00+00:00\" \/>\n<meta property=\"article:modified_time\" content=\"2022-10-21T22:51:45+00:00\" \/>\n<meta property=\"og:image\" content=\"https:\/\/i0.wp.com\/casadecampoliving.com\/wp-content\/uploads\/2022\/10\/Franco_de_Vita-1.jpg?fit=630%2C550&ssl=1\" \/>\n\t<meta property=\"og:image:width\" content=\"630\" \/>\n\t<meta property=\"og:image:height\" content=\"550\" \/>\n\t<meta property=\"og:image:type\" content=\"image\/jpeg\" \/>\n<meta name=\"author\" content=\"Perkin Agramonte\" \/>\n<meta name=\"twitter:card\" content=\"summary_large_image\" \/>\n<meta name=\"twitter:creator\" content=\"@cdcliving\" \/>\n<meta name=\"twitter:site\" content=\"@cdcliving\" \/>\n<meta name=\"twitter:label1\" content=\"Escrito por\" \/>\n\t<meta name=\"twitter:data1\" content=\"Perkin Agramonte\" \/>\n\t<meta name=\"twitter:label2\" content=\"Tiempo de lectura\" \/>\n\t<meta name=\"twitter:data2\" content=\"1 minuto\" \/>\n<script type=\"application\/ld+json\" class=\"yoast-schema-graph\">{\"@context\":\"https:\\\/\\\/schema.org\",\"@graph\":[{\"@type\":\"Article\",\"@id\":\"https:\\\/\\\/casadecampoliving.com\\\/es\\\/boletas-para-el-concierto-de-franco-de-vita-disponibles-en-el-club-de-duenos\\\/#article\",\"isPartOf\":{\"@id\":\"https:\\\/\\\/casadecampoliving.com\\\/es\\\/boletas-para-el-concierto-de-franco-de-vita-disponibles-en-el-club-de-duenos\\\/\"},\"author\":{\"name\":\"Perkin Agramonte\",\"@id\":\"https:\\\/\\\/casadecampoliving.com\\\/es\\\/#\\\/schema\\\/person\\\/c8efa6049510554b7d5fea078d728f72\"},\"headline\":\"Boletas para el concierto de Franco de Vita disponibles en el Club de Due\u00f1os\",\"datePublished\":\"2014-03-05T04:00:00+00:00\",\"dateModified\":\"2022-10-21T22:51:45+00:00\",\"mainEntityOfPage\":{\"@id\":\"https:\\\/\\\/casadecampoliving.com\\\/es\\\/boletas-para-el-concierto-de-franco-de-vita-disponibles-en-el-club-de-duenos\\\/\"},\"wordCount\":313,\"publisher\":{\"@id\":\"https:\\\/\\\/casadecampoliving.com\\\/es\\\/#organization\"},\"image\":{\"@id\":\"https:\\\/\\\/casadecampoliving.com\\\/es\\\/boletas-para-el-concierto-de-franco-de-vita-disponibles-en-el-club-de-duenos\\\/#primaryimage\"},\"thumbnailUrl\":\"https:\\\/\\\/i0.wp.com\\\/casadecampoliving.com\\\/wp-content\\\/uploads\\\/2022\\\/10\\\/Franco_de_Vita-1.jpg?fit=630%2C550&ssl=1\",\"keywords\":[\"Altos de Chavon\",\"anfiteatro altos de chavon\",\"Casa de Campo Community @es\",\"casa de campo resort @es\",\"club de due\u00f1os casa de campo\",\"concierto\"],\"articleSection\":[\"Altos de Chavon @es\",\"Celebridades\",\"Conciertos\",\"Destacados\",\"Estilo de Vida\",\"Eventos\",\"Noticias Locales\",\"Proximamente\",\"Rep\u00fablica Dominicana @es\",\"Resort Casa de Campo\"],\"inLanguage\":\"es\"},{\"@type\":\"WebPage\",\"@id\":\"https:\\\/\\\/casadecampoliving.com\\\/es\\\/boletas-para-el-concierto-de-franco-de-vita-disponibles-en-el-club-de-duenos\\\/\",\"url\":\"https:\\\/\\\/casadecampoliving.com\\\/es\\\/boletas-para-el-concierto-de-franco-de-vita-disponibles-en-el-club-de-duenos\\\/\",\"name\":\"Boletas para el concierto de Franco de Vita disponibles en el Club de Due\u00f1os | Casa de Campo Living\",\"isPartOf\":{\"@id\":\"https:\\\/\\\/casadecampoliving.com\\\/es\\\/#website\"},\"primaryImageOfPage\":{\"@id\":\"https:\\\/\\\/casadecampoliving.com\\\/es\\\/boletas-para-el-concierto-de-franco-de-vita-disponibles-en-el-club-de-duenos\\\/#primaryimage\"},\"image\":{\"@id\":\"https:\\\/\\\/casadecampoliving.com\\\/es\\\/boletas-para-el-concierto-de-franco-de-vita-disponibles-en-el-club-de-duenos\\\/#primaryimage\"},\"thumbnailUrl\":\"https:\\\/\\\/i0.wp.com\\\/casadecampoliving.com\\\/wp-content\\\/uploads\\\/2022\\\/10\\\/Franco_de_Vita-1.jpg?fit=630%2C550&ssl=1\",\"datePublished\":\"2014-03-05T04:00:00+00:00\",\"dateModified\":\"2022-10-21T22:51:45+00:00\",\"description\":\"Las boletas para el concierto de Franco de Vita a efectuarse el 19 de abril, 2014 ya est\u00e1n disponibles en el Club de Due\u00f1os Casa de Campo. El punto de\",\"breadcrumb\":{\"@id\":\"https:\\\/\\\/casadecampoliving.com\\\/es\\\/boletas-para-el-concierto-de-franco-de-vita-disponibles-en-el-club-de-duenos\\\/#breadcrumb\"},\"inLanguage\":\"es\",\"potentialAction\":[{\"@type\":\"ReadAction\",\"target\":[\"https:\\\/\\\/casadecampoliving.com\\\/es\\\/boletas-para-el-concierto-de-franco-de-vita-disponibles-en-el-club-de-duenos\\\/\"]}]},{\"@type\":\"ImageObject\",\"inLanguage\":\"es\",\"@id\":\"https:\\\/\\\/casadecampoliving.com\\\/es\\\/boletas-para-el-concierto-de-franco-de-vita-disponibles-en-el-club-de-duenos\\\/#primaryimage\",\"url\":\"https:\\\/\\\/i0.wp.com\\\/casadecampoliving.com\\\/wp-content\\\/uploads\\\/2022\\\/10\\\/Franco_de_Vita-1.jpg?fit=630%2C550&ssl=1\",\"contentUrl\":\"https:\\\/\\\/i0.wp.com\\\/casadecampoliving.com\\\/wp-content\\\/uploads\\\/2022\\\/10\\\/Franco_de_Vita-1.jpg?fit=630%2C550&ssl=1\",\"width\":630,\"height\":550},{\"@type\":\"BreadcrumbList\",\"@id\":\"https:\\\/\\\/casadecampoliving.com\\\/es\\\/boletas-para-el-concierto-de-franco-de-vita-disponibles-en-el-club-de-duenos\\\/#breadcrumb\",\"itemListElement\":[{\"@type\":\"ListItem\",\"position\":1,\"name\":\"Home\",\"item\":\"https:\\\/\\\/casadecampoliving.com\\\/es\\\/\"},{\"@type\":\"ListItem\",\"position\":2,\"name\":\"Boletas para el concierto de Franco de Vita disponibles en el Club de Due\u00f1os\"}]},{\"@type\":\"WebSite\",\"@id\":\"https:\\\/\\\/casadecampoliving.com\\\/es\\\/#website\",\"url\":\"https:\\\/\\\/casadecampoliving.com\\\/es\\\/\",\"name\":\"Casa de Campo Living\",\"description\":\"Resort community news and resources.\",\"publisher\":{\"@id\":\"https:\\\/\\\/casadecampoliving.com\\\/es\\\/#organization\"},\"potentialAction\":[{\"@type\":\"SearchAction\",\"target\":{\"@type\":\"EntryPoint\",\"urlTemplate\":\"https:\\\/\\\/casadecampoliving.com\\\/es\\\/?s={search_term_string}\"},\"query-input\":{\"@type\":\"PropertyValueSpecification\",\"valueRequired\":true,\"valueName\":\"search_term_string\"}}],\"inLanguage\":\"es\"},{\"@type\":\"Organization\",\"@id\":\"https:\\\/\\\/casadecampoliving.com\\\/es\\\/#organization\",\"name\":\"Casa de Campo Living\",\"url\":\"https:\\\/\\\/casadecampoliving.com\\\/es\\\/\",\"logo\":{\"@type\":\"ImageObject\",\"inLanguage\":\"es\",\"@id\":\"https:\\\/\\\/casadecampoliving.com\\\/es\\\/#\\\/schema\\\/logo\\\/image\\\/\",\"url\":\"https:\\\/\\\/i0.wp.com\\\/casadecampoliving.com\\\/wp-content\\\/uploads\\\/2022\\\/07\\\/CDCLivingLogo_V1-white-sized.png?fit=800%2C214&ssl=1\",\"contentUrl\":\"https:\\\/\\\/i0.wp.com\\\/casadecampoliving.com\\\/wp-content\\\/uploads\\\/2022\\\/07\\\/CDCLivingLogo_V1-white-sized.png?fit=800%2C214&ssl=1\",\"width\":800,\"height\":214,\"caption\":\"Casa de Campo Living\"},\"image\":{\"@id\":\"https:\\\/\\\/casadecampoliving.com\\\/es\\\/#\\\/schema\\\/logo\\\/image\\\/\"},\"sameAs\":[\"https:\\\/\\\/www.facebook.com\\\/casadecampoliving\",\"https:\\\/\\\/x.com\\\/cdcliving\"]},{\"@type\":\"Person\",\"@id\":\"https:\\\/\\\/casadecampoliving.com\\\/es\\\/#\\\/schema\\\/person\\\/c8efa6049510554b7d5fea078d728f72\",\"name\":\"Perkin Agramonte\",\"image\":{\"@type\":\"ImageObject\",\"inLanguage\":\"es\",\"@id\":\"https:\\\/\\\/secure.gravatar.com\\\/avatar\\\/57bfdafcae55fb83dbb79a1585a9eab7f269b7720fb0b64cb9a4e0cd2962fa10?s=96&d=mm&r=g\",\"url\":\"https:\\\/\\\/secure.gravatar.com\\\/avatar\\\/57bfdafcae55fb83dbb79a1585a9eab7f269b7720fb0b64cb9a4e0cd2962fa10?s=96&d=mm&r=g\",\"contentUrl\":\"https:\\\/\\\/secure.gravatar.com\\\/avatar\\\/57bfdafcae55fb83dbb79a1585a9eab7f269b7720fb0b64cb9a4e0cd2962fa10?s=96&d=mm&r=g\",\"caption\":\"Perkin Agramonte\"},\"url\":\"https:\\\/\\\/casadecampoliving.com\\\/es\\\/author\\\/cagramonte\\\/\"}]}<\/script>\n<!-- \/ Yoast SEO plugin. -->","yoast_head_json":{"title":"Boletas para el concierto de Franco de Vita disponibles en el Club de Due\u00f1os | Casa de Campo Living","description":"Las boletas para el concierto de Franco de Vita a efectuarse el 19 de abril, 2014 ya est\u00e1n disponibles en el Club de Due\u00f1os Casa de Campo. El punto de","robots":{"index":"index","follow":"follow","max-snippet":"max-snippet:-1","max-image-preview":"max-image-preview:large","max-video-preview":"max-video-preview:-1"},"canonical":"https:\/\/casadecampoliving.com\/es\/boletas-para-el-concierto-de-franco-de-vita-disponibles-en-el-club-de-duenos\/","og_locale":"es_ES","og_type":"article","og_title":"Boletas para el concierto de Franco de Vita disponibles en el Club de Due\u00f1os | Casa de Campo Living","og_description":"Las boletas para el concierto de Franco de Vita a efectuarse el 19 de abril, 2014 ya est\u00e1n disponibles en el Club de Due\u00f1os Casa de Campo. El punto de","og_url":"https:\/\/casadecampoliving.com\/es\/boletas-para-el-concierto-de-franco-de-vita-disponibles-en-el-club-de-duenos\/","og_site_name":"Casa de Campo Living","article_publisher":"https:\/\/www.facebook.com\/casadecampoliving","article_published_time":"2014-03-05T04:00:00+00:00","article_modified_time":"2022-10-21T22:51:45+00:00","og_image":[{"width":630,"height":550,"url":"https:\/\/i0.wp.com\/casadecampoliving.com\/wp-content\/uploads\/2022\/10\/Franco_de_Vita-1.jpg?fit=630%2C550&ssl=1","type":"image\/jpeg"}],"author":"Perkin Agramonte","twitter_card":"summary_large_image","twitter_creator":"@cdcliving","twitter_site":"@cdcliving","twitter_misc":{"Escrito por":"Perkin Agramonte","Tiempo de lectura":"1 minuto"},"schema":{"@context":"https:\/\/schema.org","@graph":[{"@type":"Article","@id":"https:\/\/casadecampoliving.com\/es\/boletas-para-el-concierto-de-franco-de-vita-disponibles-en-el-club-de-duenos\/#article","isPartOf":{"@id":"https:\/\/casadecampoliving.com\/es\/boletas-para-el-concierto-de-franco-de-vita-disponibles-en-el-club-de-duenos\/"},"author":{"name":"Perkin Agramonte","@id":"https:\/\/casadecampoliving.com\/es\/#\/schema\/person\/c8efa6049510554b7d5fea078d728f72"},"headline":"Boletas para el concierto de Franco de Vita disponibles en el Club de Due\u00f1os","datePublished":"2014-03-05T04:00:00+00:00","dateModified":"2022-10-21T22:51:45+00:00","mainEntityOfPage":{"@id":"https:\/\/casadecampoliving.com\/es\/boletas-para-el-concierto-de-franco-de-vita-disponibles-en-el-club-de-duenos\/"},"wordCount":313,"publisher":{"@id":"https:\/\/casadecampoliving.com\/es\/#organization"},"image":{"@id":"https:\/\/casadecampoliving.com\/es\/boletas-para-el-concierto-de-franco-de-vita-disponibles-en-el-club-de-duenos\/#primaryimage"},"thumbnailUrl":"https:\/\/i0.wp.com\/casadecampoliving.com\/wp-content\/uploads\/2022\/10\/Franco_de_Vita-1.jpg?fit=630%2C550&ssl=1","keywords":["Altos de Chavon","anfiteatro altos de chavon","Casa de Campo Community @es","casa de campo resort @es","club de due\u00f1os casa de campo","concierto"],"articleSection":["Altos de Chavon @es","Celebridades","Conciertos","Destacados","Estilo de Vida","Eventos","Noticias Locales","Proximamente","Rep\u00fablica Dominicana @es","Resort Casa de Campo"],"inLanguage":"es"},{"@type":"WebPage","@id":"https:\/\/casadecampoliving.com\/es\/boletas-para-el-concierto-de-franco-de-vita-disponibles-en-el-club-de-duenos\/","url":"https:\/\/casadecampoliving.com\/es\/boletas-para-el-concierto-de-franco-de-vita-disponibles-en-el-club-de-duenos\/","name":"Boletas para el concierto de Franco de Vita disponibles en el Club de Due\u00f1os | Casa de Campo Living","isPartOf":{"@id":"https:\/\/casadecampoliving.com\/es\/#website"},"primaryImageOfPage":{"@id":"https:\/\/casadecampoliving.com\/es\/boletas-para-el-concierto-de-franco-de-vita-disponibles-en-el-club-de-duenos\/#primaryimage"},"image":{"@id":"https:\/\/casadecampoliving.com\/es\/boletas-para-el-concierto-de-franco-de-vita-disponibles-en-el-club-de-duenos\/#primaryimage"},"thumbnailUrl":"https:\/\/i0.wp.com\/casadecampoliving.com\/wp-content\/uploads\/2022\/10\/Franco_de_Vita-1.jpg?fit=630%2C550&ssl=1","datePublished":"2014-03-05T04:00:00+00:00","dateModified":"2022-10-21T22:51:45+00:00","description":"Las boletas para el concierto de Franco de Vita a efectuarse el 19 de abril, 2014 ya est\u00e1n disponibles en el Club de Due\u00f1os Casa de Campo. El punto de","breadcrumb":{"@id":"https:\/\/casadecampoliving.com\/es\/boletas-para-el-concierto-de-franco-de-vita-disponibles-en-el-club-de-duenos\/#breadcrumb"},"inLanguage":"es","potentialAction":[{"@type":"ReadAction","target":["https:\/\/casadecampoliving.com\/es\/boletas-para-el-concierto-de-franco-de-vita-disponibles-en-el-club-de-duenos\/"]}]},{"@type":"ImageObject","inLanguage":"es","@id":"https:\/\/casadecampoliving.com\/es\/boletas-para-el-concierto-de-franco-de-vita-disponibles-en-el-club-de-duenos\/#primaryimage","url":"https:\/\/i0.wp.com\/casadecampoliving.com\/wp-content\/uploads\/2022\/10\/Franco_de_Vita-1.jpg?fit=630%2C550&ssl=1","contentUrl":"https:\/\/i0.wp.com\/casadecampoliving.com\/wp-content\/uploads\/2022\/10\/Franco_de_Vita-1.jpg?fit=630%2C550&ssl=1","width":630,"height":550},{"@type":"BreadcrumbList","@id":"https:\/\/casadecampoliving.com\/es\/boletas-para-el-concierto-de-franco-de-vita-disponibles-en-el-club-de-duenos\/#breadcrumb","itemListElement":[{"@type":"ListItem","position":1,"name":"Home","item":"https:\/\/casadecampoliving.com\/es\/"},{"@type":"ListItem","position":2,"name":"Boletas para el concierto de Franco de Vita disponibles en el Club de Due\u00f1os"}]},{"@type":"WebSite","@id":"https:\/\/casadecampoliving.com\/es\/#website","url":"https:\/\/casadecampoliving.com\/es\/","name":"Casa de Campo Living","description":"Resort community news and resources.","publisher":{"@id":"https:\/\/casadecampoliving.com\/es\/#organization"},"potentialAction":[{"@type":"SearchAction","target":{"@type":"EntryPoint","urlTemplate":"https:\/\/casadecampoliving.com\/es\/?s={search_term_string}"},"query-input":{"@type":"PropertyValueSpecification","valueRequired":true,"valueName":"search_term_string"}}],"inLanguage":"es"},{"@type":"Organization","@id":"https:\/\/casadecampoliving.com\/es\/#organization","name":"Casa de Campo Living","url":"https:\/\/casadecampoliving.com\/es\/","logo":{"@type":"ImageObject","inLanguage":"es","@id":"https:\/\/casadecampoliving.com\/es\/#\/schema\/logo\/image\/","url":"https:\/\/i0.wp.com\/casadecampoliving.com\/wp-content\/uploads\/2022\/07\/CDCLivingLogo_V1-white-sized.png?fit=800%2C214&ssl=1","contentUrl":"https:\/\/i0.wp.com\/casadecampoliving.com\/wp-content\/uploads\/2022\/07\/CDCLivingLogo_V1-white-sized.png?fit=800%2C214&ssl=1","width":800,"height":214,"caption":"Casa de Campo Living"},"image":{"@id":"https:\/\/casadecampoliving.com\/es\/#\/schema\/logo\/image\/"},"sameAs":["https:\/\/www.facebook.com\/casadecampoliving","https:\/\/x.com\/cdcliving"]},{"@type":"Person","@id":"https:\/\/casadecampoliving.com\/es\/#\/schema\/person\/c8efa6049510554b7d5fea078d728f72","name":"Perkin Agramonte","image":{"@type":"ImageObject","inLanguage":"es","@id":"https:\/\/secure.gravatar.com\/avatar\/57bfdafcae55fb83dbb79a1585a9eab7f269b7720fb0b64cb9a4e0cd2962fa10?s=96&d=mm&r=g","url":"https:\/\/secure.gravatar.com\/avatar\/57bfdafcae55fb83dbb79a1585a9eab7f269b7720fb0b64cb9a4e0cd2962fa10?s=96&d=mm&r=g","contentUrl":"https:\/\/secure.gravatar.com\/avatar\/57bfdafcae55fb83dbb79a1585a9eab7f269b7720fb0b64cb9a4e0cd2962fa10?s=96&d=mm&r=g","caption":"Perkin Agramonte"},"url":"https:\/\/casadecampoliving.com\/es\/author\/cagramonte\/"}]}},"parsely":{"version":"1.1.0","canonical_url":"https:\/\/casadecampoliving.com\/es\/boletas-para-el-concierto-de-franco-de-vita-disponibles-en-el-club-de-duenos\/","smart_links":{"inbound":0,"outbound":0},"traffic_boost_suggestions_count":0,"meta":{"@context":"https:\/\/schema.org","@type":"NewsArticle","headline":"Boletas para el concierto de Franco de Vita disponibles en el Club de Due\u00f1os","url":"http:\/\/casadecampoliving.com\/es\/boletas-para-el-concierto-de-franco-de-vita-disponibles-en-el-club-de-duenos\/","mainEntityOfPage":{"@type":"WebPage","@id":"http:\/\/casadecampoliving.com\/es\/boletas-para-el-concierto-de-franco-de-vita-disponibles-en-el-club-de-duenos\/"},"thumbnailUrl":"https:\/\/i0.wp.com\/casadecampoliving.com\/wp-content\/uploads\/2022\/10\/Franco_de_Vita-1.jpg?resize=150%2C150&ssl=1","image":{"@type":"ImageObject","url":"https:\/\/i0.wp.com\/casadecampoliving.com\/wp-content\/uploads\/2022\/10\/Franco_de_Vita-1.jpg?fit=630%2C550&ssl=1"},"articleSection":"Altos de Chavon @es","author":[{"@type":"Person","name":"Perkin Agramonte"}],"creator":["Perkin Agramonte"],"publisher":{"@type":"Organization","name":"Casa de Campo Living","logo":"https:\/\/casadecampoliving.com\/wp-content\/uploads\/2022\/07\/CDCLivingLogo_V1-white-sized.png"},"keywords":["altos de chavon","anfiteatro altos de chavon","casa de campo community @es","casa de campo resort @es","club de due\u00f1os casa de campo","concierto"],"dateCreated":"2014-03-05T04:00:00Z","datePublished":"2014-03-05T04:00:00Z","dateModified":"2022-10-21T22:51:45Z"},"rendered":"<script type=\"application\/ld+json\" class=\"wp-parsely-metadata\">{\"@context\":\"https:\\\/\\\/schema.org\",\"@type\":\"NewsArticle\",\"headline\":\"Boletas para el concierto de Franco de Vita disponibles en el Club de Due\\u00f1os\",\"url\":\"http:\\\/\\\/casadecampoliving.com\\\/es\\\/boletas-para-el-concierto-de-franco-de-vita-disponibles-en-el-club-de-duenos\\\/\",\"mainEntityOfPage\":{\"@type\":\"WebPage\",\"@id\":\"http:\\\/\\\/casadecampoliving.com\\\/es\\\/boletas-para-el-concierto-de-franco-de-vita-disponibles-en-el-club-de-duenos\\\/\"},\"thumbnailUrl\":\"https:\\\/\\\/i0.wp.com\\\/casadecampoliving.com\\\/wp-content\\\/uploads\\\/2022\\\/10\\\/Franco_de_Vita-1.jpg?resize=150%2C150&ssl=1\",\"image\":{\"@type\":\"ImageObject\",\"url\":\"https:\\\/\\\/i0.wp.com\\\/casadecampoliving.com\\\/wp-content\\\/uploads\\\/2022\\\/10\\\/Franco_de_Vita-1.jpg?fit=630%2C550&ssl=1\"},\"articleSection\":\"Altos de Chavon @es\",\"author\":[{\"@type\":\"Person\",\"name\":\"Perkin Agramonte\"}],\"creator\":[\"Perkin Agramonte\"],\"publisher\":{\"@type\":\"Organization\",\"name\":\"Casa de Campo Living\",\"logo\":\"https:\\\/\\\/casadecampoliving.com\\\/wp-content\\\/uploads\\\/2022\\\/07\\\/CDCLivingLogo_V1-white-sized.png\"},\"keywords\":[\"altos de chavon\",\"anfiteatro altos de chavon\",\"casa de campo community @es\",\"casa de campo resort @es\",\"club de due\\u00f1os casa de campo\",\"concierto\"],\"dateCreated\":\"2014-03-05T04:00:00Z\",\"datePublished\":\"2014-03-05T04:00:00Z\",\"dateModified\":\"2022-10-21T22:51:45Z\"}<\/script>","tracker_url":"https:\/\/cdn.parsely.com\/keys\/casadecampoliving.com\/p.js"},"jetpack_publicize_connections":[],"jetpack_featured_media_url":"https:\/\/i0.wp.com\/casadecampoliving.com\/wp-content\/uploads\/2022\/10\/Franco_de_Vita-1.jpg?fit=630%2C550&ssl=1","jetpack-related-posts":[{"id":433460,"url":"https:\/\/casadecampoliving.com\/es\/no-se-pierdan-el-increible-tributo-a-frank-sinatra-para-celebrar-el-40-aniversario-del-anfiteatro-altos-de-chavon\/","url_meta":{"origin":343978,"position":0},"title":"No se pierdan el incre\u00edble tributo a Frank Sinatra para celebrar el 40 aniversario del\u00a0Anfiteatro Altos de Chav\u00f3n","author":"Casa de Campo Living","date":"20 Oct, 2022","format":false,"excerpt":"Siendo uno de los escenarios m\u00e1s emblem\u00e1ticos del pa\u00eds, Casa de Campo Resort\u00ae & Villas celebra las cuatro d\u00e9cadas de aniversario de Altos de Chav\u00f3n con un tributo al gran Frank Sinatra, protagonizado por artistas invitados y una big band tal cual la que acompa\u00f1\u00f3 al artista hace 40 a\u00f1os\u2026","rel":"","context":"En \u00abUncategorized @es\u00bb","block_context":{"text":"Uncategorized @es","link":"https:\/\/casadecampoliving.com\/es\/category\/uncategorized-es\/"},"img":{"alt_text":"","src":"https:\/\/i0.wp.com\/casadecampoliving.com\/wp-content\/uploads\/2022\/10\/Tributo-Frank-Sinatra-Foto-Principal-Amaury-Sanchez-Danilo-Ginebra-Andres-Pichardo-y-Jose-Gabriel-Perez-.jpg?fit=1200%2C873&ssl=1&resize=350%2C200","width":350,"height":200,"srcset":"https:\/\/i0.wp.com\/casadecampoliving.com\/wp-content\/uploads\/2022\/10\/Tributo-Frank-Sinatra-Foto-Principal-Amaury-Sanchez-Danilo-Ginebra-Andres-Pichardo-y-Jose-Gabriel-Perez-.jpg?fit=1200%2C873&ssl=1&resize=350%2C200 1x, https:\/\/i0.wp.com\/casadecampoliving.com\/wp-content\/uploads\/2022\/10\/Tributo-Frank-Sinatra-Foto-Principal-Amaury-Sanchez-Danilo-Ginebra-Andres-Pichardo-y-Jose-Gabriel-Perez-.jpg?fit=1200%2C873&ssl=1&resize=525%2C300 1.5x, https:\/\/i0.wp.com\/casadecampoliving.com\/wp-content\/uploads\/2022\/10\/Tributo-Frank-Sinatra-Foto-Principal-Amaury-Sanchez-Danilo-Ginebra-Andres-Pichardo-y-Jose-Gabriel-Perez-.jpg?fit=1200%2C873&ssl=1&resize=700%2C400 2x, https:\/\/i0.wp.com\/casadecampoliving.com\/wp-content\/uploads\/2022\/10\/Tributo-Frank-Sinatra-Foto-Principal-Amaury-Sanchez-Danilo-Ginebra-Andres-Pichardo-y-Jose-Gabriel-Perez-.jpg?fit=1200%2C873&ssl=1&resize=1050%2C600 3x"},"classes":[]},{"id":343936,"url":"https:\/\/casadecampoliving.com\/es\/vuelve-franco-de-vita\/","url_meta":{"origin":343978,"position":1},"title":"\u00a1Vuelve Franco de Vita!","author":"Perkin Agramonte","date":"24 Feb, 2014","format":false,"excerpt":"El afamado artista nativo de Venezuela Franco de Vita regresa a Altos de Chav\u00f3n el s\u00e1bado 19 de abril, el cual ser\u00e1 \u201cS\u00e1bado Santo\u201d, en la tradicional \u201cSemana Santa\u201d. Despues de haberse presentado en Altos de Chav\u00f3n por primera vez en septiembre de 2011, Franco de Vita regresa a Rep\u00fablica\u2026","rel":"","context":"En \u00abAltos de Chavon @es\u00bb","block_context":{"text":"Altos de Chavon @es","link":"https:\/\/casadecampoliving.com\/category\/altos-de-chavon-es\/"},"img":{"alt_text":"Franco de Vita Altos de Chavon","src":"https:\/\/i0.wp.com\/casadecampoliving.com\/wp-content\/uploads\/2022\/10\/Franco_de_vita_altos_de_chavon-4.jpg?fit=650%2C403&ssl=1&resize=350%2C200","width":350,"height":200,"srcset":"https:\/\/i0.wp.com\/casadecampoliving.com\/wp-content\/uploads\/2022\/10\/Franco_de_vita_altos_de_chavon-4.jpg?fit=650%2C403&ssl=1&resize=350%2C200 1x, https:\/\/i0.wp.com\/casadecampoliving.com\/wp-content\/uploads\/2022\/10\/Franco_de_vita_altos_de_chavon-4.jpg?fit=650%2C403&ssl=1&resize=525%2C300 1.5x"},"classes":[]},{"id":348753,"url":"https:\/\/casadecampoliving.com\/es\/boletas-disponibles-para-el-concierto-de-juan-luis-guerra\/","url_meta":{"origin":343978,"position":2},"title":"\u00a1Boletas disponibles para el concierto de Juan Luis Guerra!","author":"Perkin Agramonte","date":"7 Dic, 2015","format":false,"excerpt":"El concierto de Juan Luis Guerra & 440 en Altos de Chav\u00f3n el 30 de diciembre es el evento de fin de a\u00f1o que usted no se puede perder. Escuchamos que\u00a0los boletos se est\u00e1n vendiendo r\u00e1pidamente, as\u00ed que aqu\u00ed les estamos motivando para comprar sus entradas antes de que se\u2026","rel":"","context":"En \u00abAltos de Chavon @es\u00bb","block_context":{"text":"Altos de Chavon @es","link":"https:\/\/casadecampoliving.com\/category\/altos-de-chavon-es\/"},"img":{"alt_text":"","src":"https:\/\/i0.wp.com\/casadecampoliving.com\/wp-content\/uploads\/2022\/10\/Juan_Luis_Guerra_Altos_de_Chavon-1.jpg?fit=650%2C412&ssl=1&resize=350%2C200","width":350,"height":200,"srcset":"https:\/\/i0.wp.com\/casadecampoliving.com\/wp-content\/uploads\/2022\/10\/Juan_Luis_Guerra_Altos_de_Chavon-1.jpg?fit=650%2C412&ssl=1&resize=350%2C200 1x, https:\/\/i0.wp.com\/casadecampoliving.com\/wp-content\/uploads\/2022\/10\/Juan_Luis_Guerra_Altos_de_Chavon-1.jpg?fit=650%2C412&ssl=1&resize=525%2C300 1.5x"},"classes":[]},{"id":343640,"url":"https:\/\/casadecampoliving.com\/es\/boletas-para-el-concierto-de-elton-jonh-disponibles-en-el-club-de-duenos\/","url_meta":{"origin":343978,"position":3},"title":"Boletas para el concierto de Elton Jonh disponibles en el Club de Due\u00f1os","author":"Genesis Perdomo","date":"4 Ene, 2014","format":false,"excerpt":"Las boletas para el concierto de Elton John\u00a0el 28 de febrero ya est\u00e1n disponibles en el Club de propietarios de villas de Casa de Campo. El punto de venta de UEPA tickets express en el Club de propietarios de villas de Casa de Campo esta listo para vender las boletas\u2026","rel":"","context":"En \u00abAltos de Chavon @es\u00bb","block_context":{"text":"Altos de Chavon @es","link":"https:\/\/casadecampoliving.com\/category\/altos-de-chavon-es\/"},"img":{"alt_text":"elton john","src":"https:\/\/i0.wp.com\/casadecampoliving.com\/wp-content\/uploads\/2022\/10\/eltons-header-1.jpg?fit=1127%2C684&ssl=1&resize=350%2C200","width":350,"height":200,"srcset":"https:\/\/i0.wp.com\/casadecampoliving.com\/wp-content\/uploads\/2022\/10\/eltons-header-1.jpg?fit=1127%2C684&ssl=1&resize=350%2C200 1x, https:\/\/i0.wp.com\/casadecampoliving.com\/wp-content\/uploads\/2022\/10\/eltons-header-1.jpg?fit=1127%2C684&ssl=1&resize=525%2C300 1.5x, https:\/\/i0.wp.com\/casadecampoliving.com\/wp-content\/uploads\/2022\/10\/eltons-header-1.jpg?fit=1127%2C684&ssl=1&resize=700%2C400 2x, https:\/\/i0.wp.com\/casadecampoliving.com\/wp-content\/uploads\/2022\/10\/eltons-header-1.jpg?fit=1127%2C684&ssl=1&resize=1050%2C600 3x"},"classes":[]},{"id":349333,"url":"https:\/\/casadecampoliving.com\/es\/boletas-marc-anthony-antes-que-se-agoten\/","url_meta":{"origin":343978,"position":4},"title":"\u00a1Compre sus boletas para Marc Anthony antes que se agoten!","author":"Marlenys Guzm\u00e1n Casta\u00f1os","date":"2 Mar, 2016","format":false,"excerpt":"Todo el mundo sabe lo mucho que a Marc Anthony le encanta venir a Casa\u2026 \u00a1tanto que \u00e9l y su esposa, Shannon de Lima Mu\u00f1iz, tiene una casa aqu\u00ed!\u00a0Actualmente, Marc Anthony es\u00a0uno de los artistas latinos m\u00e1s influyentes, cuya gira internacional \u201cLive!\u201d Ha sido una de las m\u00e1s populares, con\u2026","rel":"","context":"En \u00abAltos de Chavon @es\u00bb","block_context":{"text":"Altos de Chavon @es","link":"https:\/\/casadecampoliving.com\/category\/altos-de-chavon-es\/"},"img":{"alt_text":"Marc Anthony Chavon","src":"https:\/\/i0.wp.com\/casadecampoliving.com\/wp-content\/uploads\/2022\/10\/shutterstock_177464879.jpg?fit=1000%2C667&ssl=1&resize=350%2C200","width":350,"height":200,"srcset":"https:\/\/i0.wp.com\/casadecampoliving.com\/wp-content\/uploads\/2022\/10\/shutterstock_177464879.jpg?fit=1000%2C667&ssl=1&resize=350%2C200 1x, https:\/\/i0.wp.com\/casadecampoliving.com\/wp-content\/uploads\/2022\/10\/shutterstock_177464879.jpg?fit=1000%2C667&ssl=1&resize=525%2C300 1.5x, https:\/\/i0.wp.com\/casadecampoliving.com\/wp-content\/uploads\/2022\/10\/shutterstock_177464879.jpg?fit=1000%2C667&ssl=1&resize=700%2C400 2x"},"classes":[]},{"id":349810,"url":"https:\/\/casadecampoliving.com\/es\/chris-brown-en-altos-de-chavon-el-6-de-agosto\/","url_meta":{"origin":343978,"position":5},"title":"*ACTUALIZADO &#8211; CONCIERTO CANCELADO* \u00a1Chris Brown en Altos de Chav\u00f3n el 6 de agosto!","author":"Carla Campos","date":"16 May, 2016","format":false,"excerpt":"Desde que escuchamos el rumor de que Chris Brown se presentar\u00eda en Altos de Chav\u00f3n a finales del a\u00f1o pasado, hemos estado esperando pacientemente por el anuncio formal con la fecha. La espera ha terminado ya que\u00a0Chris Brown ha publicado la fecha en su sitio web oficial ( www.chrisbrownworld.com )\u2026","rel":"","context":"En \u00abAltos de Chavon @es\u00bb","block_context":{"text":"Altos de Chavon @es","link":"https:\/\/casadecampoliving.com\/category\/altos-de-chavon-es\/"},"img":{"alt_text":"Chris-Brown","src":"https:\/\/i0.wp.com\/casadecampoliving.com\/wp-content\/uploads\/2022\/10\/Chris-Brown-Royalty-1500x813-e1463420162848.jpg?fit=1000%2C542&ssl=1&resize=350%2C200","width":350,"height":200,"srcset":"https:\/\/i0.wp.com\/casadecampoliving.com\/wp-content\/uploads\/2022\/10\/Chris-Brown-Royalty-1500x813-e1463420162848.jpg?fit=1000%2C542&ssl=1&resize=350%2C200 1x, https:\/\/i0.wp.com\/casadecampoliving.com\/wp-content\/uploads\/2022\/10\/Chris-Brown-Royalty-1500x813-e1463420162848.jpg?fit=1000%2C542&ssl=1&resize=525%2C300 1.5x, https:\/\/i0.wp.com\/casadecampoliving.com\/wp-content\/uploads\/2022\/10\/Chris-Brown-Royalty-1500x813-e1463420162848.jpg?fit=1000%2C542&ssl=1&resize=700%2C400 2x"},"classes":[]}],"jetpack_sharing_enabled":true,"_links":{"self":[{"href":"https:\/\/casadecampoliving.com\/es\/wp-json\/wp\/v2\/posts\/343978","targetHints":{"allow":["GET"]}}],"collection":[{"href":"https:\/\/casadecampoliving.com\/es\/wp-json\/wp\/v2\/posts"}],"about":[{"href":"https:\/\/casadecampoliving.com\/es\/wp-json\/wp\/v2\/types\/post"}],"author":[{"embeddable":true,"href":"https:\/\/casadecampoliving.com\/es\/wp-json\/wp\/v2\/users\/1097"}],"replies":[{"embeddable":true,"href":"https:\/\/casadecampoliving.com\/es\/wp-json\/wp\/v2\/comments?post=343978"}],"version-history":[{"count":1,"href":"https:\/\/casadecampoliving.com\/es\/wp-json\/wp\/v2\/posts\/343978\/revisions"}],"predecessor-version":[{"id":343979,"href":"https:\/\/casadecampoliving.com\/es\/wp-json\/wp\/v2\/posts\/343978\/revisions\/343979"}],"wp:featuredmedia":[{"embeddable":true,"href":"https:\/\/casadecampoliving.com\/es\/wp-json\/wp\/v2\/media\/268998"}],"wp:attachment":[{"href":"https:\/\/casadecampoliving.com\/es\/wp-json\/wp\/v2\/media?parent=343978"}],"wp:term":[{"taxonomy":"category","embeddable":true,"href":"https:\/\/casadecampoliving.com\/es\/wp-json\/wp\/v2\/categories?post=343978"},{"taxonomy":"post_tag","embeddable":true,"href":"https:\/\/casadecampoliving.com\/es\/wp-json\/wp\/v2\/tags?post=343978"},{"taxonomy":"newspack_spnsrs_tax","embeddable":true,"href":"https:\/\/casadecampoliving.com\/es\/wp-json\/wp\/v2\/newspack_spnsrs_tax?post=343978"}],"curies":[{"name":"wp","href":"https:\/\/api.w.org\/{rel}","templated":true}]}}