{"id":343936,"date":"2014-02-24T00:00:00","date_gmt":"2014-02-24T04:00:00","guid":{"rendered":"https:\/\/casadecampoliving.com\/vuelve-franco-de-vita\/"},"modified":"2022-10-21T18:49:54","modified_gmt":"2022-10-21T22:49:54","slug":"vuelve-franco-de-vita","status":"publish","type":"post","link":"https:\/\/casadecampoliving.com\/es\/vuelve-franco-de-vita\/","title":{"rendered":"\u00a1Vuelve Franco de Vita!"},"content":{"rendered":"<div class=\"wp-block-image\">\n<figure class=\"aligncenter is-resized\"><img loading=\"lazy\" decoding=\"async\" src=\"https:\/\/i0.wp.com\/casadecampoliving.com\/wp-content\/uploads\/2022\/10\/Franco_de_vita_altos_de_chavon-3.jpg?resize=650%2C403&amp;ssl=1\" alt=\"Franco de Vita Altos de Chavon\" class=\"wp-image-86373\" height=\"403\" width=\"650\"\/><\/figure>\n<\/div>\n\n\n<p>El afamado artista nativo de Venezuela Franco de Vita regresa a Altos de Chav\u00f3n el s\u00e1bado 19 de abril, el cual ser\u00e1 \u201cS\u00e1bado Santo\u201d, en la tradicional \u201cSemana Santa\u201d.<\/p>\n\n\n\n<!--more-->\n\n\n<div class=\"wp-block-image\">\n<figure class=\"alignright is-resized\"><img loading=\"lazy\" decoding=\"async\" src=\"https:\/\/i0.wp.com\/casadecampoliving.com\/wp-content\/uploads\/2022\/10\/Franco_de_vita_altos_de_chavon1-2.jpg?resize=300%2C415&amp;ssl=1\" alt=\"Franco de Vita Altos de Chavon\" class=\"wp-image-86374\" height=\"415\" width=\"300\"\/><\/figure>\n<\/div>\n\n\n<p><a href=\"https:\/\/casadecampoliving.com\/es\/3-horas-inolvidables-con-franco-de-vita-en-altos-de-chavon-2\/\">Despues de haberse presentado en Altos de Chav\u00f3n por primera vez en septiembre de 2011<\/a>, Franco de Vita regresa a Rep\u00fablica Dominicana en su gira \u201cVuelve en Primera Fila\u201d o en otras palabras el retorno de \u201cEn Primera Fila, el concierto que ofreci\u00f3 en su \u00faltima legendaria visita a Altos de Chav\u00f3n\u2026 <a href=\"https:\/\/casadecampoliving.com\/es\/3-horas-inolvidables-con-franco-de-vita-en-altos-de-chavon-2\/\">Con casi 3 horas en el escenario, el anfiteatro a casa llena con m\u00e1s de 5,000 fan\u00e1ticos, no menos de 5 invitados especiales y una banda de bongo, De Vita exalt\u00f3 el entretenimiento en el anfiteatro Altos de Chav\u00f3n a niveles incre\u00edbles. Y ahora que escuchamos su regreso, nos sentimos ansiosos de verlo.<\/a><\/p>\n\n\n\n<p>Con casi 3 decadas de experiencia y m\u00e1s de 20 millones de copias vendidas, las personas han estado disfrutando de la musica de Franco De Vita desde el 1980\u2026 y gracias al amor y el apoyo de sus fans a\u00fan mantiene su carrera.<\/p>\n\n\n\n<p>\u201cVuelve en Primera Fila\u201d es tambi\u00e9n el nombre de su mas reciente \u00e1lbum, lanzado el pasado a\u00f1o. Incluyendo algunos de sus mejores sencillos; \u201cC\u00e1ntame\u201d, \u201cQue no muera la esperanza\u201d, \u201cNo hay cielo\u201d, \u201cSolo importas tu\u201d y \u201cAy Dios\u201d, entre otros, podemos esperar que un concierto con el mismo nombre, nos brinde el mismo repertorio de inolvidables canciones.<\/p>\n\n\n\n<p><a href=\"https:\/\/casadecampoliving.com\/es\/3-horas-inolvidables-con-franco-de-vita-en-altos-de-chavon-2\/\"><strong>Haga clic aqu\u00ed para fotos y nuestras memorias del concierto de Franco de Vita en Altos de Chav\u00f3n, septiembre de 2011.<\/strong><\/a><\/p>\n\n\n\n<h3 class=\"wp-block-heading\">Precios de las Boletas<\/h3>\n\n\n\n<p>Las boletas para este concierto aun no estan a la venta, pero los precios ser\u00e1n los siguientes:<br>\n<strong>General:<\/strong>&nbsp;US$60.00<br>\n<strong>VIP:<\/strong>&nbsp;US$110.00<br>\n<strong>Special Guest:<\/strong>&nbsp;US$160.00<br>\n<strong>Front Stage:<\/strong> US$230<\/p>\n\n\n\n<p>Las boletas estar\u00e1n a la venta en Movie Max, Uepa Tickets, as\u00ed como en los supermercados Nacional y Jumbo, esperamos que esten tambien disponibles en el Club de Due\u00f1os Casa de Campo \u2013 en cuanto obtengamos una confirmaci\u00f3n les haremos saber.<\/p>\n\n\n\n<blockquote><h3>Franco De Vita<\/h3><p><b>Franco de Vita (Franco Atilio de Vita de Vito)<\/b>&nbsp;(<a title=\"Caracas\" href=\"http:\/\/es.wikipedia.org\/wiki\/Caracas\">Caracas<\/a>,&nbsp;<a title=\"Venezuela\" href=\"http:\/\/es.wikipedia.org\/wiki\/Venezuela\">Venezuela<\/a>,&nbsp;<a title=\"23 de enero\" href=\"http:\/\/es.wikipedia.org\/wiki\/23_de_enero\">23 de enero<\/a>&nbsp;de&nbsp;<a title=\"1954\" href=\"http:\/\/es.wikipedia.org\/wiki\/1954\">1954<\/a>) es un&nbsp;<a title=\"Cantante\" href=\"http:\/\/es.wikipedia.org\/wiki\/Cantante\">cantante<\/a>, multi-instrumentista,<a title=\"Compositor\" href=\"http:\/\/es.wikipedia.org\/wiki\/Compositor\">compositor<\/a>&nbsp;y&nbsp;<a title=\"Productor musical\" href=\"http:\/\/es.wikipedia.org\/wiki\/Productor_musical\">productor musical<\/a>&nbsp;venezolano de origen italiano. Es considerado como un artista insignia de&nbsp;<a title=\"Venezuela\" href=\"http:\/\/es.wikipedia.org\/wiki\/Venezuela\">Venezuela<\/a>&nbsp;que forma parte de la generaci\u00f3n de m\u00fasicos&nbsp;<a title=\"M\u00fasica pop\" href=\"http:\/\/es.wikipedia.org\/wiki\/M%C3%BAsica_pop\">pop<\/a>&nbsp;desarrollados en&nbsp;<a title=\"Caracas\" href=\"http:\/\/es.wikipedia.org\/wiki\/Caracas\">Caracas<\/a>&nbsp;durante los a\u00f1os&nbsp;<a title=\"1970\" href=\"http:\/\/es.wikipedia.org\/wiki\/1970\">1980<\/a>, y que dominaron la escena local durante las siguientes d\u00e9cadas. Franco De Vita ha logr\u00e1do vender mas 25 millones de discos en el mundo.<\/p><p><strong>Recurso:<\/strong> <a href=\"http:\/\/en.wikipedia.org\/wiki\/Franco_De_Vita\">Wikipedia.com&nbsp;<\/a><\/p><\/blockquote>\n","protected":false},"excerpt":{"rendered":"<p>El afamado artista nativo de Venezuela Franco de Vita regresa a Altos de Chav\u00f3n el s\u00e1bado 19 de abril, el cual ser\u00e1 \u201cS\u00e1bado Santo\u201d, en la tradicional \u201cSemana Santa\u201d.<\/p>\n","protected":false},"author":1097,"featured_media":267449,"comment_status":"closed","ping_status":"closed","sticky":false,"template":"","format":"standard","meta":{"newspack_ads_suppress_ads":false,"newspack_popups_has_disabled_popups":false,"newspack_sponsor_sponsorship_scope":"","newspack_sponsor_native_byline_display":"inherit","newspack_sponsor_native_category_display":"inherit","newspack_sponsor_underwriter_style":"inherit","newspack_sponsor_underwriter_placement":"inherit","_newspack_byline_active":false,"_newspack_byline":"","newspack_hide_updated_date":false,"newspack_show_updated_date":false,"newspack_content_restriction_is_exempt":false,"newspack_featured_image_position":"","newspack_post_subtitle":"","newspack_article_summary_title":"Overview:","newspack_article_summary":"","_jetpack_memberships_contains_paid_content":false,"footnotes":"","jetpack_publicize_message":"","jetpack_publicize_feature_enabled":true,"jetpack_social_post_already_shared":false,"jetpack_social_options":{"image_generator_settings":{"template":"highway","default_image_id":0,"font":"","enabled":false},"version":2},"_wpas_customize_per_network":false},"categories":[26819,26936,2513,2518,2524,14631,2522,14625,14627,2521,26822,2526],"tags":[15387,2604],"newspack_spnsrs_tax":[],"class_list":["post-343936","post","type-post","status-publish","format-standard","has-post-thumbnail","hentry","category-altos-de-chavon-es","category-casa-de-campo-living-es","category-celebridades-es","category-conciertos-es","category-destacados","category-estilo-de-vida","category-eventos-es","category-noticias-locales","category-proximamente","category-republica-dominicana-2","category-resort-casa-de-campo","category-titulares-es","tag-altos-de-chavon-es","tag-anfiteatro-altos-de-chavon","entry"],"yoast_head":"<!-- This site is optimized with the Yoast SEO plugin v27.4 - https:\/\/yoast.com\/product\/yoast-seo-wordpress\/ -->\n<title>\u00a1Vuelve Franco de Vita! | Casa de Campo Living<\/title>\n<meta name=\"description\" content=\"El afamado artista nativo de Venezuela Franco de Vita regresa a Altos de Chav\u00f3n el s\u00e1bado 19 de abril, el cual ser\u00e1 \u201cS\u00e1bado Santo\u201d, en la tradicional\" \/>\n<meta name=\"robots\" content=\"index, follow, max-snippet:-1, max-image-preview:large, max-video-preview:-1\" \/>\n<link rel=\"canonical\" href=\"https:\/\/casadecampoliving.com\/es\/vuelve-franco-de-vita\/\" \/>\n<meta property=\"og:locale\" content=\"es_ES\" \/>\n<meta property=\"og:type\" content=\"article\" \/>\n<meta property=\"og:title\" content=\"\u00a1Vuelve Franco de Vita! | Casa de Campo Living\" \/>\n<meta property=\"og:description\" content=\"El afamado artista nativo de Venezuela Franco de Vita regresa a Altos de Chav\u00f3n el s\u00e1bado 19 de abril, el cual ser\u00e1 \u201cS\u00e1bado Santo\u201d, en la tradicional\" \/>\n<meta property=\"og:url\" content=\"https:\/\/casadecampoliving.com\/es\/vuelve-franco-de-vita\/\" \/>\n<meta property=\"og:site_name\" content=\"Casa de Campo Living\" \/>\n<meta property=\"article:publisher\" content=\"https:\/\/www.facebook.com\/casadecampoliving\" \/>\n<meta property=\"article:published_time\" content=\"2014-02-24T04:00:00+00:00\" \/>\n<meta property=\"article:modified_time\" content=\"2022-10-21T22:49:54+00:00\" \/>\n<meta property=\"og:image\" content=\"https:\/\/i0.wp.com\/casadecampoliving.com\/wp-content\/uploads\/2022\/10\/Franco_de_vita_altos_de_chavon-4.jpg?fit=650%2C403&ssl=1\" \/>\n\t<meta property=\"og:image:width\" content=\"650\" \/>\n\t<meta property=\"og:image:height\" content=\"403\" \/>\n\t<meta property=\"og:image:type\" content=\"image\/jpeg\" \/>\n<meta name=\"author\" content=\"Perkin Agramonte\" \/>\n<meta name=\"twitter:card\" content=\"summary_large_image\" \/>\n<meta name=\"twitter:creator\" content=\"@cdcliving\" \/>\n<meta name=\"twitter:site\" content=\"@cdcliving\" \/>\n<meta name=\"twitter:label1\" content=\"Escrito por\" \/>\n\t<meta name=\"twitter:data1\" content=\"Perkin Agramonte\" \/>\n\t<meta name=\"twitter:label2\" content=\"Tiempo de lectura\" \/>\n\t<meta name=\"twitter:data2\" content=\"2 minutos\" \/>\n<script type=\"application\/ld+json\" class=\"yoast-schema-graph\">{\"@context\":\"https:\\\/\\\/schema.org\",\"@graph\":[{\"@type\":\"Article\",\"@id\":\"https:\\\/\\\/casadecampoliving.com\\\/es\\\/vuelve-franco-de-vita\\\/#article\",\"isPartOf\":{\"@id\":\"https:\\\/\\\/casadecampoliving.com\\\/es\\\/vuelve-franco-de-vita\\\/\"},\"author\":{\"name\":\"Perkin Agramonte\",\"@id\":\"https:\\\/\\\/casadecampoliving.com\\\/es\\\/#\\\/schema\\\/person\\\/c8efa6049510554b7d5fea078d728f72\"},\"headline\":\"\u00a1Vuelve Franco de Vita!\",\"datePublished\":\"2014-02-24T04:00:00+00:00\",\"dateModified\":\"2022-10-21T22:49:54+00:00\",\"mainEntityOfPage\":{\"@id\":\"https:\\\/\\\/casadecampoliving.com\\\/es\\\/vuelve-franco-de-vita\\\/\"},\"wordCount\":444,\"publisher\":{\"@id\":\"https:\\\/\\\/casadecampoliving.com\\\/es\\\/#organization\"},\"image\":{\"@id\":\"https:\\\/\\\/casadecampoliving.com\\\/es\\\/vuelve-franco-de-vita\\\/#primaryimage\"},\"thumbnailUrl\":\"https:\\\/\\\/i0.wp.com\\\/casadecampoliving.com\\\/wp-content\\\/uploads\\\/2022\\\/10\\\/Franco_de_vita_altos_de_chavon-4.jpg?fit=650%2C403&ssl=1\",\"keywords\":[\"Altos de Chavon\",\"anfiteatro altos de chavon\"],\"articleSection\":[\"Altos de Chavon @es\",\"Casa de Campo Living @es\",\"Celebridades\",\"Conciertos\",\"Destacados\",\"Estilo de Vida\",\"Eventos\",\"Noticias Locales\",\"Proximamente\",\"Rep\u00fablica Dominicana @es\",\"Resort Casa de Campo\",\"Titulares\"],\"inLanguage\":\"es\"},{\"@type\":\"WebPage\",\"@id\":\"https:\\\/\\\/casadecampoliving.com\\\/es\\\/vuelve-franco-de-vita\\\/\",\"url\":\"https:\\\/\\\/casadecampoliving.com\\\/es\\\/vuelve-franco-de-vita\\\/\",\"name\":\"\u00a1Vuelve Franco de Vita! | Casa de Campo Living\",\"isPartOf\":{\"@id\":\"https:\\\/\\\/casadecampoliving.com\\\/es\\\/#website\"},\"primaryImageOfPage\":{\"@id\":\"https:\\\/\\\/casadecampoliving.com\\\/es\\\/vuelve-franco-de-vita\\\/#primaryimage\"},\"image\":{\"@id\":\"https:\\\/\\\/casadecampoliving.com\\\/es\\\/vuelve-franco-de-vita\\\/#primaryimage\"},\"thumbnailUrl\":\"https:\\\/\\\/i0.wp.com\\\/casadecampoliving.com\\\/wp-content\\\/uploads\\\/2022\\\/10\\\/Franco_de_vita_altos_de_chavon-4.jpg?fit=650%2C403&ssl=1\",\"datePublished\":\"2014-02-24T04:00:00+00:00\",\"dateModified\":\"2022-10-21T22:49:54+00:00\",\"description\":\"El afamado artista nativo de Venezuela Franco de Vita regresa a Altos de Chav\u00f3n el s\u00e1bado 19 de abril, el cual ser\u00e1 \u201cS\u00e1bado Santo\u201d, en la tradicional\",\"breadcrumb\":{\"@id\":\"https:\\\/\\\/casadecampoliving.com\\\/es\\\/vuelve-franco-de-vita\\\/#breadcrumb\"},\"inLanguage\":\"es\",\"potentialAction\":[{\"@type\":\"ReadAction\",\"target\":[\"https:\\\/\\\/casadecampoliving.com\\\/es\\\/vuelve-franco-de-vita\\\/\"]}]},{\"@type\":\"ImageObject\",\"inLanguage\":\"es\",\"@id\":\"https:\\\/\\\/casadecampoliving.com\\\/es\\\/vuelve-franco-de-vita\\\/#primaryimage\",\"url\":\"https:\\\/\\\/i0.wp.com\\\/casadecampoliving.com\\\/wp-content\\\/uploads\\\/2022\\\/10\\\/Franco_de_vita_altos_de_chavon-4.jpg?fit=650%2C403&ssl=1\",\"contentUrl\":\"https:\\\/\\\/i0.wp.com\\\/casadecampoliving.com\\\/wp-content\\\/uploads\\\/2022\\\/10\\\/Franco_de_vita_altos_de_chavon-4.jpg?fit=650%2C403&ssl=1\",\"width\":650,\"height\":403,\"caption\":\"Franco de Vita Altos de Chavon\"},{\"@type\":\"BreadcrumbList\",\"@id\":\"https:\\\/\\\/casadecampoliving.com\\\/es\\\/vuelve-franco-de-vita\\\/#breadcrumb\",\"itemListElement\":[{\"@type\":\"ListItem\",\"position\":1,\"name\":\"Home\",\"item\":\"https:\\\/\\\/casadecampoliving.com\\\/es\\\/\"},{\"@type\":\"ListItem\",\"position\":2,\"name\":\"\u00a1Vuelve Franco de Vita!\"}]},{\"@type\":\"WebSite\",\"@id\":\"https:\\\/\\\/casadecampoliving.com\\\/es\\\/#website\",\"url\":\"https:\\\/\\\/casadecampoliving.com\\\/es\\\/\",\"name\":\"Casa de Campo Living\",\"description\":\"Resort community news and resources.\",\"publisher\":{\"@id\":\"https:\\\/\\\/casadecampoliving.com\\\/es\\\/#organization\"},\"potentialAction\":[{\"@type\":\"SearchAction\",\"target\":{\"@type\":\"EntryPoint\",\"urlTemplate\":\"https:\\\/\\\/casadecampoliving.com\\\/es\\\/?s={search_term_string}\"},\"query-input\":{\"@type\":\"PropertyValueSpecification\",\"valueRequired\":true,\"valueName\":\"search_term_string\"}}],\"inLanguage\":\"es\"},{\"@type\":\"Organization\",\"@id\":\"https:\\\/\\\/casadecampoliving.com\\\/es\\\/#organization\",\"name\":\"Casa de Campo Living\",\"url\":\"https:\\\/\\\/casadecampoliving.com\\\/es\\\/\",\"logo\":{\"@type\":\"ImageObject\",\"inLanguage\":\"es\",\"@id\":\"https:\\\/\\\/casadecampoliving.com\\\/es\\\/#\\\/schema\\\/logo\\\/image\\\/\",\"url\":\"https:\\\/\\\/i0.wp.com\\\/casadecampoliving.com\\\/wp-content\\\/uploads\\\/2022\\\/07\\\/CDCLivingLogo_V1-white-sized.png?fit=800%2C214&ssl=1\",\"contentUrl\":\"https:\\\/\\\/i0.wp.com\\\/casadecampoliving.com\\\/wp-content\\\/uploads\\\/2022\\\/07\\\/CDCLivingLogo_V1-white-sized.png?fit=800%2C214&ssl=1\",\"width\":800,\"height\":214,\"caption\":\"Casa de Campo Living\"},\"image\":{\"@id\":\"https:\\\/\\\/casadecampoliving.com\\\/es\\\/#\\\/schema\\\/logo\\\/image\\\/\"},\"sameAs\":[\"https:\\\/\\\/www.facebook.com\\\/casadecampoliving\",\"https:\\\/\\\/x.com\\\/cdcliving\"]},{\"@type\":\"Person\",\"@id\":\"https:\\\/\\\/casadecampoliving.com\\\/es\\\/#\\\/schema\\\/person\\\/c8efa6049510554b7d5fea078d728f72\",\"name\":\"Perkin Agramonte\",\"image\":{\"@type\":\"ImageObject\",\"inLanguage\":\"es\",\"@id\":\"https:\\\/\\\/secure.gravatar.com\\\/avatar\\\/57bfdafcae55fb83dbb79a1585a9eab7f269b7720fb0b64cb9a4e0cd2962fa10?s=96&d=mm&r=g\",\"url\":\"https:\\\/\\\/secure.gravatar.com\\\/avatar\\\/57bfdafcae55fb83dbb79a1585a9eab7f269b7720fb0b64cb9a4e0cd2962fa10?s=96&d=mm&r=g\",\"contentUrl\":\"https:\\\/\\\/secure.gravatar.com\\\/avatar\\\/57bfdafcae55fb83dbb79a1585a9eab7f269b7720fb0b64cb9a4e0cd2962fa10?s=96&d=mm&r=g\",\"caption\":\"Perkin Agramonte\"},\"url\":\"https:\\\/\\\/casadecampoliving.com\\\/es\\\/author\\\/cagramonte\\\/\"}]}<\/script>\n<!-- \/ Yoast SEO plugin. -->","yoast_head_json":{"title":"\u00a1Vuelve Franco de Vita! | Casa de Campo Living","description":"El afamado artista nativo de Venezuela Franco de Vita regresa a Altos de Chav\u00f3n el s\u00e1bado 19 de abril, el cual ser\u00e1 \u201cS\u00e1bado Santo\u201d, en la tradicional","robots":{"index":"index","follow":"follow","max-snippet":"max-snippet:-1","max-image-preview":"max-image-preview:large","max-video-preview":"max-video-preview:-1"},"canonical":"https:\/\/casadecampoliving.com\/es\/vuelve-franco-de-vita\/","og_locale":"es_ES","og_type":"article","og_title":"\u00a1Vuelve Franco de Vita! | Casa de Campo Living","og_description":"El afamado artista nativo de Venezuela Franco de Vita regresa a Altos de Chav\u00f3n el s\u00e1bado 19 de abril, el cual ser\u00e1 \u201cS\u00e1bado Santo\u201d, en la tradicional","og_url":"https:\/\/casadecampoliving.com\/es\/vuelve-franco-de-vita\/","og_site_name":"Casa de Campo Living","article_publisher":"https:\/\/www.facebook.com\/casadecampoliving","article_published_time":"2014-02-24T04:00:00+00:00","article_modified_time":"2022-10-21T22:49:54+00:00","og_image":[{"width":650,"height":403,"url":"https:\/\/i0.wp.com\/casadecampoliving.com\/wp-content\/uploads\/2022\/10\/Franco_de_vita_altos_de_chavon-4.jpg?fit=650%2C403&ssl=1","type":"image\/jpeg"}],"author":"Perkin Agramonte","twitter_card":"summary_large_image","twitter_creator":"@cdcliving","twitter_site":"@cdcliving","twitter_misc":{"Escrito por":"Perkin Agramonte","Tiempo de lectura":"2 minutos"},"schema":{"@context":"https:\/\/schema.org","@graph":[{"@type":"Article","@id":"https:\/\/casadecampoliving.com\/es\/vuelve-franco-de-vita\/#article","isPartOf":{"@id":"https:\/\/casadecampoliving.com\/es\/vuelve-franco-de-vita\/"},"author":{"name":"Perkin Agramonte","@id":"https:\/\/casadecampoliving.com\/es\/#\/schema\/person\/c8efa6049510554b7d5fea078d728f72"},"headline":"\u00a1Vuelve Franco de Vita!","datePublished":"2014-02-24T04:00:00+00:00","dateModified":"2022-10-21T22:49:54+00:00","mainEntityOfPage":{"@id":"https:\/\/casadecampoliving.com\/es\/vuelve-franco-de-vita\/"},"wordCount":444,"publisher":{"@id":"https:\/\/casadecampoliving.com\/es\/#organization"},"image":{"@id":"https:\/\/casadecampoliving.com\/es\/vuelve-franco-de-vita\/#primaryimage"},"thumbnailUrl":"https:\/\/i0.wp.com\/casadecampoliving.com\/wp-content\/uploads\/2022\/10\/Franco_de_vita_altos_de_chavon-4.jpg?fit=650%2C403&ssl=1","keywords":["Altos de Chavon","anfiteatro altos de chavon"],"articleSection":["Altos de Chavon @es","Casa de Campo Living @es","Celebridades","Conciertos","Destacados","Estilo de Vida","Eventos","Noticias Locales","Proximamente","Rep\u00fablica Dominicana @es","Resort Casa de Campo","Titulares"],"inLanguage":"es"},{"@type":"WebPage","@id":"https:\/\/casadecampoliving.com\/es\/vuelve-franco-de-vita\/","url":"https:\/\/casadecampoliving.com\/es\/vuelve-franco-de-vita\/","name":"\u00a1Vuelve Franco de Vita! | Casa de Campo Living","isPartOf":{"@id":"https:\/\/casadecampoliving.com\/es\/#website"},"primaryImageOfPage":{"@id":"https:\/\/casadecampoliving.com\/es\/vuelve-franco-de-vita\/#primaryimage"},"image":{"@id":"https:\/\/casadecampoliving.com\/es\/vuelve-franco-de-vita\/#primaryimage"},"thumbnailUrl":"https:\/\/i0.wp.com\/casadecampoliving.com\/wp-content\/uploads\/2022\/10\/Franco_de_vita_altos_de_chavon-4.jpg?fit=650%2C403&ssl=1","datePublished":"2014-02-24T04:00:00+00:00","dateModified":"2022-10-21T22:49:54+00:00","description":"El afamado artista nativo de Venezuela Franco de Vita regresa a Altos de Chav\u00f3n el s\u00e1bado 19 de abril, el cual ser\u00e1 \u201cS\u00e1bado Santo\u201d, en la tradicional","breadcrumb":{"@id":"https:\/\/casadecampoliving.com\/es\/vuelve-franco-de-vita\/#breadcrumb"},"inLanguage":"es","potentialAction":[{"@type":"ReadAction","target":["https:\/\/casadecampoliving.com\/es\/vuelve-franco-de-vita\/"]}]},{"@type":"ImageObject","inLanguage":"es","@id":"https:\/\/casadecampoliving.com\/es\/vuelve-franco-de-vita\/#primaryimage","url":"https:\/\/i0.wp.com\/casadecampoliving.com\/wp-content\/uploads\/2022\/10\/Franco_de_vita_altos_de_chavon-4.jpg?fit=650%2C403&ssl=1","contentUrl":"https:\/\/i0.wp.com\/casadecampoliving.com\/wp-content\/uploads\/2022\/10\/Franco_de_vita_altos_de_chavon-4.jpg?fit=650%2C403&ssl=1","width":650,"height":403,"caption":"Franco de Vita Altos de Chavon"},{"@type":"BreadcrumbList","@id":"https:\/\/casadecampoliving.com\/es\/vuelve-franco-de-vita\/#breadcrumb","itemListElement":[{"@type":"ListItem","position":1,"name":"Home","item":"https:\/\/casadecampoliving.com\/es\/"},{"@type":"ListItem","position":2,"name":"\u00a1Vuelve Franco de Vita!"}]},{"@type":"WebSite","@id":"https:\/\/casadecampoliving.com\/es\/#website","url":"https:\/\/casadecampoliving.com\/es\/","name":"Casa de Campo Living","description":"Resort community news and resources.","publisher":{"@id":"https:\/\/casadecampoliving.com\/es\/#organization"},"potentialAction":[{"@type":"SearchAction","target":{"@type":"EntryPoint","urlTemplate":"https:\/\/casadecampoliving.com\/es\/?s={search_term_string}"},"query-input":{"@type":"PropertyValueSpecification","valueRequired":true,"valueName":"search_term_string"}}],"inLanguage":"es"},{"@type":"Organization","@id":"https:\/\/casadecampoliving.com\/es\/#organization","name":"Casa de Campo Living","url":"https:\/\/casadecampoliving.com\/es\/","logo":{"@type":"ImageObject","inLanguage":"es","@id":"https:\/\/casadecampoliving.com\/es\/#\/schema\/logo\/image\/","url":"https:\/\/i0.wp.com\/casadecampoliving.com\/wp-content\/uploads\/2022\/07\/CDCLivingLogo_V1-white-sized.png?fit=800%2C214&ssl=1","contentUrl":"https:\/\/i0.wp.com\/casadecampoliving.com\/wp-content\/uploads\/2022\/07\/CDCLivingLogo_V1-white-sized.png?fit=800%2C214&ssl=1","width":800,"height":214,"caption":"Casa de Campo Living"},"image":{"@id":"https:\/\/casadecampoliving.com\/es\/#\/schema\/logo\/image\/"},"sameAs":["https:\/\/www.facebook.com\/casadecampoliving","https:\/\/x.com\/cdcliving"]},{"@type":"Person","@id":"https:\/\/casadecampoliving.com\/es\/#\/schema\/person\/c8efa6049510554b7d5fea078d728f72","name":"Perkin Agramonte","image":{"@type":"ImageObject","inLanguage":"es","@id":"https:\/\/secure.gravatar.com\/avatar\/57bfdafcae55fb83dbb79a1585a9eab7f269b7720fb0b64cb9a4e0cd2962fa10?s=96&d=mm&r=g","url":"https:\/\/secure.gravatar.com\/avatar\/57bfdafcae55fb83dbb79a1585a9eab7f269b7720fb0b64cb9a4e0cd2962fa10?s=96&d=mm&r=g","contentUrl":"https:\/\/secure.gravatar.com\/avatar\/57bfdafcae55fb83dbb79a1585a9eab7f269b7720fb0b64cb9a4e0cd2962fa10?s=96&d=mm&r=g","caption":"Perkin Agramonte"},"url":"https:\/\/casadecampoliving.com\/es\/author\/cagramonte\/"}]}},"parsely":{"version":"1.1.0","canonical_url":"https:\/\/casadecampoliving.com\/es\/vuelve-franco-de-vita\/","smart_links":{"inbound":0,"outbound":0},"traffic_boost_suggestions_count":0,"meta":{"@context":"https:\/\/schema.org","@type":"NewsArticle","headline":"\u00a1Vuelve Franco de Vita!","url":"http:\/\/casadecampoliving.com\/es\/vuelve-franco-de-vita\/","mainEntityOfPage":{"@type":"WebPage","@id":"http:\/\/casadecampoliving.com\/es\/vuelve-franco-de-vita\/"},"thumbnailUrl":"https:\/\/i0.wp.com\/casadecampoliving.com\/wp-content\/uploads\/2022\/10\/Franco_de_vita_altos_de_chavon-4.jpg?resize=150%2C150&ssl=1","image":{"@type":"ImageObject","url":"https:\/\/i0.wp.com\/casadecampoliving.com\/wp-content\/uploads\/2022\/10\/Franco_de_vita_altos_de_chavon-4.jpg?fit=650%2C403&ssl=1"},"articleSection":"Altos de Chavon @es","author":[{"@type":"Person","name":"Perkin Agramonte"}],"creator":["Perkin Agramonte"],"publisher":{"@type":"Organization","name":"Casa de Campo Living","logo":"https:\/\/casadecampoliving.com\/wp-content\/uploads\/2022\/07\/CDCLivingLogo_V1-white-sized.png"},"keywords":["altos de chavon","anfiteatro altos de chavon"],"dateCreated":"2014-02-24T04:00:00Z","datePublished":"2014-02-24T04:00:00Z","dateModified":"2022-10-21T22:49:54Z"},"rendered":"<script type=\"application\/ld+json\" class=\"wp-parsely-metadata\">{\"@context\":\"https:\\\/\\\/schema.org\",\"@type\":\"NewsArticle\",\"headline\":\"\\u00a1Vuelve Franco de Vita!\",\"url\":\"http:\\\/\\\/casadecampoliving.com\\\/es\\\/vuelve-franco-de-vita\\\/\",\"mainEntityOfPage\":{\"@type\":\"WebPage\",\"@id\":\"http:\\\/\\\/casadecampoliving.com\\\/es\\\/vuelve-franco-de-vita\\\/\"},\"thumbnailUrl\":\"https:\\\/\\\/i0.wp.com\\\/casadecampoliving.com\\\/wp-content\\\/uploads\\\/2022\\\/10\\\/Franco_de_vita_altos_de_chavon-4.jpg?resize=150%2C150&ssl=1\",\"image\":{\"@type\":\"ImageObject\",\"url\":\"https:\\\/\\\/i0.wp.com\\\/casadecampoliving.com\\\/wp-content\\\/uploads\\\/2022\\\/10\\\/Franco_de_vita_altos_de_chavon-4.jpg?fit=650%2C403&ssl=1\"},\"articleSection\":\"Altos de Chavon @es\",\"author\":[{\"@type\":\"Person\",\"name\":\"Perkin Agramonte\"}],\"creator\":[\"Perkin Agramonte\"],\"publisher\":{\"@type\":\"Organization\",\"name\":\"Casa de Campo Living\",\"logo\":\"https:\\\/\\\/casadecampoliving.com\\\/wp-content\\\/uploads\\\/2022\\\/07\\\/CDCLivingLogo_V1-white-sized.png\"},\"keywords\":[\"altos de chavon\",\"anfiteatro altos de chavon\"],\"dateCreated\":\"2014-02-24T04:00:00Z\",\"datePublished\":\"2014-02-24T04:00:00Z\",\"dateModified\":\"2022-10-21T22:49:54Z\"}<\/script>","tracker_url":"https:\/\/cdn.parsely.com\/keys\/casadecampoliving.com\/p.js"},"jetpack_publicize_connections":[],"jetpack_featured_media_url":"https:\/\/i0.wp.com\/casadecampoliving.com\/wp-content\/uploads\/2022\/10\/Franco_de_vita_altos_de_chavon-4.jpg?fit=650%2C403&ssl=1","jetpack-related-posts":[{"id":433460,"url":"https:\/\/casadecampoliving.com\/es\/no-se-pierdan-el-increible-tributo-a-frank-sinatra-para-celebrar-el-40-aniversario-del-anfiteatro-altos-de-chavon\/","url_meta":{"origin":343936,"position":0},"title":"No se pierdan el incre\u00edble tributo a Frank Sinatra para celebrar el 40 aniversario del\u00a0Anfiteatro Altos de Chav\u00f3n","author":"Casa de Campo Living","date":"20 Oct, 2022","format":false,"excerpt":"Siendo uno de los escenarios m\u00e1s emblem\u00e1ticos del pa\u00eds, Casa de Campo Resort\u00ae & Villas celebra las cuatro d\u00e9cadas de aniversario de Altos de Chav\u00f3n con un tributo al gran Frank Sinatra, protagonizado por artistas invitados y una big band tal cual la que acompa\u00f1\u00f3 al artista hace 40 a\u00f1os\u2026","rel":"","context":"En \u00abUncategorized @es\u00bb","block_context":{"text":"Uncategorized @es","link":"https:\/\/casadecampoliving.com\/es\/category\/uncategorized-es\/"},"img":{"alt_text":"","src":"https:\/\/i0.wp.com\/casadecampoliving.com\/wp-content\/uploads\/2022\/10\/Tributo-Frank-Sinatra-Foto-Principal-Amaury-Sanchez-Danilo-Ginebra-Andres-Pichardo-y-Jose-Gabriel-Perez-.jpg?fit=1200%2C873&ssl=1&resize=350%2C200","width":350,"height":200,"srcset":"https:\/\/i0.wp.com\/casadecampoliving.com\/wp-content\/uploads\/2022\/10\/Tributo-Frank-Sinatra-Foto-Principal-Amaury-Sanchez-Danilo-Ginebra-Andres-Pichardo-y-Jose-Gabriel-Perez-.jpg?fit=1200%2C873&ssl=1&resize=350%2C200 1x, https:\/\/i0.wp.com\/casadecampoliving.com\/wp-content\/uploads\/2022\/10\/Tributo-Frank-Sinatra-Foto-Principal-Amaury-Sanchez-Danilo-Ginebra-Andres-Pichardo-y-Jose-Gabriel-Perez-.jpg?fit=1200%2C873&ssl=1&resize=525%2C300 1.5x, https:\/\/i0.wp.com\/casadecampoliving.com\/wp-content\/uploads\/2022\/10\/Tributo-Frank-Sinatra-Foto-Principal-Amaury-Sanchez-Danilo-Ginebra-Andres-Pichardo-y-Jose-Gabriel-Perez-.jpg?fit=1200%2C873&ssl=1&resize=700%2C400 2x, https:\/\/i0.wp.com\/casadecampoliving.com\/wp-content\/uploads\/2022\/10\/Tributo-Frank-Sinatra-Foto-Principal-Amaury-Sanchez-Danilo-Ginebra-Andres-Pichardo-y-Jose-Gabriel-Perez-.jpg?fit=1200%2C873&ssl=1&resize=1050%2C600 3x"},"classes":[]},{"id":337525,"url":"https:\/\/casadecampoliving.com\/es\/este-sabado-franco-de-vita-en-concierto-en-altos-de-chavon-2\/","url_meta":{"origin":343936,"position":1},"title":"Este S\u00e1bado: Franco de Vita en Concierto en Altos de Chav\u00f3n!","author":"Rebecca Silvestri","date":"13 Sep, 2011","format":false,"excerpt":"Septiembre ha sido muy divertido en Altos de Chav\u00f3n, Casa de Campo \u2013 empez\u00f3 con el concierto de STING,\u00a0sigui\u00f3 con la actuaci\u00f3n de Ballet de INCOLBALLET y ahora, este s\u00e1bado el 17 de septiembre el concierto de FRANCO DE VITA tendr\u00e1 lugar en al anfiteatro de Altos de Chav\u00f3n! De\u2026","rel":"","context":"En \u00abAltos de Chavon @es\u00bb","block_context":{"text":"Altos de Chavon @es","link":"https:\/\/casadecampoliving.com\/category\/altos-de-chavon-es\/"},"img":{"alt_text":"franco de vita altos de chavon","src":"https:\/\/i0.wp.com\/casadecampoliving.com\/wp-content\/uploads\/2022\/10\/franco_de_vita_casa_de_campo_altos_de_chavon_concert-1.jpg?resize=350%2C200&ssl=1","width":350,"height":200},"classes":[]},{"id":343978,"url":"https:\/\/casadecampoliving.com\/es\/boletas-para-el-concierto-de-franco-de-vita-disponibles-en-el-club-de-duenos\/","url_meta":{"origin":343936,"position":2},"title":"Boletas para el concierto de Franco de Vita disponibles en el Club de Due\u00f1os","author":"Perkin Agramonte","date":"5 Mar, 2014","format":false,"excerpt":"Las boletas para el concierto de Franco de Vita a efectuarse el 19 de abril, 2014 ya est\u00e1n disponibles en el Club de Due\u00f1os Casa de Campo. El punto de venta de UEPA tickets express en el Club de Due\u00f1os de villas, Casa de Campo tiene disponibles las boletas para\u2026","rel":"","context":"En \u00abAltos de Chavon @es\u00bb","block_context":{"text":"Altos de Chavon @es","link":"https:\/\/casadecampoliving.com\/category\/altos-de-chavon-es\/"},"img":{"alt_text":"","src":"https:\/\/i0.wp.com\/casadecampoliving.com\/wp-content\/uploads\/2022\/10\/Franco_de_Vita-1.jpg?fit=630%2C550&ssl=1&resize=350%2C200","width":350,"height":200,"srcset":"https:\/\/i0.wp.com\/casadecampoliving.com\/wp-content\/uploads\/2022\/10\/Franco_de_Vita-1.jpg?fit=630%2C550&ssl=1&resize=350%2C200 1x, https:\/\/i0.wp.com\/casadecampoliving.com\/wp-content\/uploads\/2022\/10\/Franco_de_Vita-1.jpg?fit=630%2C550&ssl=1&resize=525%2C300 1.5x"},"classes":[]},{"id":336998,"url":"https:\/\/casadecampoliving.com\/es\/cena-especial-en-la-piazetta-con-motivo-del-concierto-de-franco-de-vita\/","url_meta":{"origin":343936,"position":3},"title":"Cena Especial en La Piazetta con motivo del concierto de Franco de Vita!","author":"Rebecca Silvestri","date":"10 Sep, 2011","format":false,"excerpt":"Este s\u00e1bado 17 de Septiembre, el concierto de STING tendr\u00e1 lugar en el anfiteatro de Altos de Chav\u00f3n \u2013 y para alimentarnos bien para la fiesta, La Piazetta restaurante en Altos de Chav\u00f3n estar\u00e1n ofreciendo una cena especial! La Piazetta en Altos de Chav\u00f3n es uno de los mejores restaurantes\u2026","rel":"","context":"En \u00abAltos de Chavon @es\u00bb","block_context":{"text":"Altos de Chavon @es","link":"https:\/\/casadecampoliving.com\/category\/altos-de-chavon-es\/"},"img":{"alt_text":"","src":"https:\/\/i0.wp.com\/casadecampoliving.com\/wp-content\/uploads\/2022\/10\/la-piazetta-antipasto-casa-de-campo-living-1.jpg?fit=575%2C353&ssl=1&resize=350%2C200","width":350,"height":200,"srcset":"https:\/\/i0.wp.com\/casadecampoliving.com\/wp-content\/uploads\/2022\/10\/la-piazetta-antipasto-casa-de-campo-living-1.jpg?fit=575%2C353&ssl=1&resize=350%2C200 1x, https:\/\/i0.wp.com\/casadecampoliving.com\/wp-content\/uploads\/2022\/10\/la-piazetta-antipasto-casa-de-campo-living-1.jpg?fit=575%2C353&ssl=1&resize=525%2C300 1.5x"},"classes":[]},{"id":323299,"url":"https:\/\/casadecampoliving.com\/franco-de-vita-coming-back\/","url_meta":{"origin":343936,"position":4},"title":"Franco de Vita is coming back!","author":"Rebecca Silvestri","date":"24 Feb, 2014","format":false,"excerpt":"Venezuelan\u2019s own Franco de Vita is coming back to Altos de Chav\u00f3n on Saturday the 19th of April \u2013 which is \u201cS\u00e1bado Santo\u201d, the Saturday of \u201cSemana Santa\u201d, Easter week. Having performed in Altos de Chav\u00f3n for the first time back in September 2011, Franco de Vita is returning as\u2026","rel":"","context":"En \u00abAltos de Chavon\u00bb","block_context":{"text":"Altos de Chavon","link":"https:\/\/casadecampoliving.com\/category\/altos-de-chavon\/"},"img":{"alt_text":"Franco de Vita Altos de Chavon","src":"https:\/\/i0.wp.com\/casadecampoliving.com\/wp-content\/uploads\/2022\/10\/Franco_de_vita_altos_de_chavon-4.jpg?fit=650%2C403&ssl=1&resize=350%2C200","width":350,"height":200,"srcset":"https:\/\/i0.wp.com\/casadecampoliving.com\/wp-content\/uploads\/2022\/10\/Franco_de_vita_altos_de_chavon-4.jpg?fit=650%2C403&ssl=1&resize=350%2C200 1x, https:\/\/i0.wp.com\/casadecampoliving.com\/wp-content\/uploads\/2022\/10\/Franco_de_vita_altos_de_chavon-4.jpg?fit=650%2C403&ssl=1&resize=525%2C300 1.5x"},"classes":[]},{"id":320469,"url":"https:\/\/casadecampoliving.com\/this-saturday-franco-de-vita-concert-in-altos-de-chavon\/","url_meta":{"origin":343936,"position":5},"title":"This Saturday: Franco de Vita Concert in Altos de Chav\u00f3n!","author":"Rebecca Silvestri","date":"13 Sep, 2011","format":false,"excerpt":"September has been a very busy month for the Altos de Chav\u00f3n Amphitheater in Casa de Campo; first there was the STING concert, next there was the ballet performance and this Saturday the 17th of September is the Franco de Vita concert! Franco de Vita, from Venezuela is a popular\u2026","rel":"","context":"En \u00abAltos de Chavon\u00bb","block_context":{"text":"Altos de Chavon","link":"https:\/\/casadecampoliving.com\/category\/altos-de-chavon\/"},"img":{"alt_text":"franco de vita altos de chavon","src":"https:\/\/i0.wp.com\/casadecampoliving.com\/wp-content\/uploads\/2022\/10\/franco_de_vita_casa_de_campo_altos_de_chavon_concert-1.jpg?resize=350%2C200&ssl=1","width":350,"height":200},"classes":[]}],"jetpack_sharing_enabled":true,"_links":{"self":[{"href":"https:\/\/casadecampoliving.com\/es\/wp-json\/wp\/v2\/posts\/343936","targetHints":{"allow":["GET"]}}],"collection":[{"href":"https:\/\/casadecampoliving.com\/es\/wp-json\/wp\/v2\/posts"}],"about":[{"href":"https:\/\/casadecampoliving.com\/es\/wp-json\/wp\/v2\/types\/post"}],"author":[{"embeddable":true,"href":"https:\/\/casadecampoliving.com\/es\/wp-json\/wp\/v2\/users\/1097"}],"replies":[{"embeddable":true,"href":"https:\/\/casadecampoliving.com\/es\/wp-json\/wp\/v2\/comments?post=343936"}],"version-history":[{"count":1,"href":"https:\/\/casadecampoliving.com\/es\/wp-json\/wp\/v2\/posts\/343936\/revisions"}],"predecessor-version":[{"id":343937,"href":"https:\/\/casadecampoliving.com\/es\/wp-json\/wp\/v2\/posts\/343936\/revisions\/343937"}],"wp:featuredmedia":[{"embeddable":true,"href":"https:\/\/casadecampoliving.com\/es\/wp-json\/wp\/v2\/media\/267449"}],"wp:attachment":[{"href":"https:\/\/casadecampoliving.com\/es\/wp-json\/wp\/v2\/media?parent=343936"}],"wp:term":[{"taxonomy":"category","embeddable":true,"href":"https:\/\/casadecampoliving.com\/es\/wp-json\/wp\/v2\/categories?post=343936"},{"taxonomy":"post_tag","embeddable":true,"href":"https:\/\/casadecampoliving.com\/es\/wp-json\/wp\/v2\/tags?post=343936"},{"taxonomy":"newspack_spnsrs_tax","embeddable":true,"href":"https:\/\/casadecampoliving.com\/es\/wp-json\/wp\/v2\/newspack_spnsrs_tax?post=343936"}],"curies":[{"name":"wp","href":"https:\/\/api.w.org\/{rel}","templated":true}]}}