{"id":343926,"date":"2014-02-24T00:00:00","date_gmt":"2014-02-24T04:00:00","guid":{"rendered":"https:\/\/casadecampoliving.com\/alfy-fanjul-organiza-una-cena-para-las-estrellas-del-salon-de-la-fama-del-beisbol-latino-2\/"},"modified":"2022-11-10T10:42:59","modified_gmt":"2022-11-10T14:42:59","slug":"alfy-fanjul-organiza-una-cena-para-las-estrellas-del-salon-de-la-fama-del-beisbol-latino-2","status":"publish","type":"post","link":"https:\/\/casadecampoliving.com\/es\/alfy-fanjul-organiza-una-cena-para-las-estrellas-del-salon-de-la-fama-del-beisbol-latino-2\/","title":{"rendered":"Alfy Fanjul organiza una cena para las estrellas del Sal\u00f3n de la Fama del B\u00e9isbol Latino"},"content":{"rendered":"<img data-recalc-dims=\"1\" loading=\"lazy\" decoding=\"async\" class=\"aligncenter size-full wp-image-86280\" alt=\"Roberto Alomar Salon de la Fama Beisbol Latino\" src=\"https:\/\/i0.wp.com\/casadecampoliving.com\/wp-content\/uploads\/2022\/10\/roberto_alomar_salon_de_la_fama_beisbol_latino.jpg?resize=650%2C433&#038;ssl=1\" width=\"650\" height=\"433\" \/>Uno de los m\u00e1s glamurosos y memorables eventos de la m\u00e1s reciente semana de celebraciones del Sal\u00f3n de la Fama del B\u00e9isbol Latino previas a la Gran ceremonia de Exaltaci\u00f3n en el Anfiteatro Altos de Chav\u00f3n, fue la cena en Casa Grande organizada por Alfy Fanjul, honorario presidente del Sal\u00f3n de la Fama del B\u00e9isbol Latino.\n\n<!--more-->\n\n<img data-recalc-dims=\"1\" loading=\"lazy\" decoding=\"async\" class=\"alignright size-full wp-image-86282\" style=\"margin-left: 15px; margin-right: 15px;\" alt=\"Vinny Castilla Teodoro Higuera\" src=\"https:\/\/i0.wp.com\/casadecampoliving.com\/wp-content\/uploads\/2022\/10\/vinny_castilla_teodoro_higuera.jpg?resize=300%2C280&#038;ssl=1\" width=\"300\" height=\"280\" \/>\n\nYa como una tradici\u00f3n anual, la cena fue celebrada el viernes 7 de febrero con c\u00f3cteles en la terraza con mira hacia el bello Mar Caribe, seguidos por la cena en la cubierta baja &#8211; un lugar donde se ha disfrutado de varias ocasiones m\u00e1gicas desde el Cartier Benefit hasta el Esplendor M\u00e1gico por la Vida de la Fundaci\u00f3n MIR.\n\nHablando en nombre del Sr. Alfy Fanjul, Roberto weill ofreci\u00f3 las disculpas y arrepentimiento por no poder estar presente en la celebraci\u00f3n, pero sin embargo le envi\u00f3 sus m\u00e1s c\u00e1lidos saludos a los ex jugadores de las Grandes Ligas del B\u00e9isbol que se reunieron en Casa Grande.\n\nFormando parte de la celebraci\u00f3n estuvo Vinny Castilla, Mois\u00e9s Alou junto a su padre Felipe Alou, Omar Moreno, Osvaldo Virgil, Julian Javier, Teodoro Higuera, Luis Olmo Rodriguez y Benjam\u00edn Oglivie, entre otros. Junto a los jugadores asistieron sus familiares y amigos, as\u00ed como algunos miembros de la comunidad Casa de Campo tales como Daniel Hernandez manager del hotel Casa de Campo, Peter Bonell, Gerente de Mercadeo en Casa de Campo y Philip Silvestri presidente de SILGON e INMORTALES, revista oficial del Sal\u00f3n de la Fama del B\u00e9isbol Latino.\n\n<img data-recalc-dims=\"1\" loading=\"lazy\" decoding=\"async\" class=\"aligncenter size-full wp-image-86283\" alt=\"Omar Moreno\" src=\"https:\/\/i0.wp.com\/casadecampoliving.com\/wp-content\/uploads\/2022\/10\/omar_moreno.jpg?resize=650%2C414&#038;ssl=1\" width=\"650\" height=\"414\" \/>Tambi\u00e9n presente estuvo Roberto Alomar, uno de los pocos jugadores latinos que han sido inducidos al Sal\u00f3n de la fama de Cooperstown en los Estados Unidos. Alomar fue tambi\u00e9n inducido al Sal\u00f3n de la Fama del B\u00e9isbol Latina en la primera ceremonia de exaltaci\u00f3n en 2009.\n\nOtro invitado de honor fue el embajador de los Estados Unidos en la Rep\u00fablica Dominicana, Mr. James W. Brewster, accompanied by his partner Bob Satawake.\n\n<img data-recalc-dims=\"1\" loading=\"lazy\" decoding=\"async\" class=\"aligncenter size-full wp-image-86289\" alt=\"James Brewster Moises Alou\" src=\"https:\/\/i0.wp.com\/casadecampoliving.com\/wp-content\/uploads\/2022\/10\/james_brewster-moises_alou.jpg?resize=650%2C444&#038;ssl=1\" width=\"650\" height=\"444\" \/><span style=\"line-height: 1.5em;\">Otros eventos del Sal\u00f3n de la Fama del B\u00e9isbol Latino celebrados en ese fin de semana se encuentra <\/span><a style=\"line-height: 1.5em;\" href=\"https:\/\/casadecampoliving.com\/es\/estrellas-del-beisbol-llegan-casa-de-campo\/\">el c\u00f3ctel de bienvenida en el Paseo del Mar de la Marina Casa de Campo, una cena de bienvenida en honor a Mexico en La Casita<\/a><span style=\"line-height: 1.5em;\">, tambi\u00e9n en la Marina, as\u00ed como por supuesto <\/span><a style=\"line-height: 1.5em;\" href=\"https:\/\/casadecampoliving.com\/es\/los-inmortales-deslumbran-sobre-las-piedras-de-chavon\/\">la 5ta Gran Ceremonia de Exaltaci\u00f3n celebrada en el anfiteatro Altos de Chav\u00f3n.<\/a>\n\nLas siguiente fotos fueron tomadas en Casa Grande, Casa de Campo:\u00a0\n<figure class=\"wp-block-gallery has-nested-images columns-default is-cropped wp-block-gallery-1 is-layout-flex wp-block-gallery-is-layout-flex\">\n<figure class=\"wp-block-image size-large\"><img data-recalc-dims=\"1\" loading=\"lazy\" decoding=\"async\" width=\"800\" height=\"533\" data-id=\"483500\" src=\"https:\/\/i0.wp.com\/casadecampoliving.com\/wp-content\/uploads\/2022\/10\/mg_0059.jpg?resize=800%2C533&#038;ssl=1\" alt=\"\" class=\"wp-image-483500\" srcset=\"https:\/\/i0.wp.com\/casadecampoliving.com\/wp-content\/uploads\/2022\/10\/mg_0059.jpg?w=800&amp;ssl=1 800w, https:\/\/i0.wp.com\/casadecampoliving.com\/wp-content\/uploads\/2022\/10\/mg_0059.jpg?resize=300%2C200&amp;ssl=1 300w, https:\/\/i0.wp.com\/casadecampoliving.com\/wp-content\/uploads\/2022\/10\/mg_0059.jpg?resize=768%2C512&amp;ssl=1 768w, https:\/\/i0.wp.com\/casadecampoliving.com\/wp-content\/uploads\/2022\/10\/mg_0059.jpg?resize=400%2C267&amp;ssl=1 400w, https:\/\/i0.wp.com\/casadecampoliving.com\/wp-content\/uploads\/2022\/10\/mg_0059.jpg?resize=706%2C470&amp;ssl=1 706w, https:\/\/i0.wp.com\/casadecampoliving.com\/wp-content\/uploads\/2022\/10\/mg_0059.jpg?resize=150%2C100&amp;ssl=1 150w, https:\/\/i0.wp.com\/casadecampoliving.com\/wp-content\/uploads\/2022\/10\/mg_0059.jpg?w=370&amp;ssl=1 370w\" sizes=\"auto, (max-width: 800px) 100vw, 800px\" \/><\/figure>\n\n\n\n<figure class=\"wp-block-image size-large\"><img data-recalc-dims=\"1\" loading=\"lazy\" decoding=\"async\" width=\"800\" height=\"533\" data-id=\"483509\" src=\"https:\/\/i0.wp.com\/casadecampoliving.com\/wp-content\/uploads\/2022\/10\/mg_0061.jpg?resize=800%2C533&#038;ssl=1\" alt=\"\" class=\"wp-image-483509\" srcset=\"https:\/\/i0.wp.com\/casadecampoliving.com\/wp-content\/uploads\/2022\/10\/mg_0061.jpg?w=800&amp;ssl=1 800w, https:\/\/i0.wp.com\/casadecampoliving.com\/wp-content\/uploads\/2022\/10\/mg_0061.jpg?resize=300%2C200&amp;ssl=1 300w, https:\/\/i0.wp.com\/casadecampoliving.com\/wp-content\/uploads\/2022\/10\/mg_0061.jpg?resize=768%2C512&amp;ssl=1 768w, https:\/\/i0.wp.com\/casadecampoliving.com\/wp-content\/uploads\/2022\/10\/mg_0061.jpg?resize=400%2C267&amp;ssl=1 400w, https:\/\/i0.wp.com\/casadecampoliving.com\/wp-content\/uploads\/2022\/10\/mg_0061.jpg?resize=706%2C470&amp;ssl=1 706w, https:\/\/i0.wp.com\/casadecampoliving.com\/wp-content\/uploads\/2022\/10\/mg_0061.jpg?resize=150%2C100&amp;ssl=1 150w, https:\/\/i0.wp.com\/casadecampoliving.com\/wp-content\/uploads\/2022\/10\/mg_0061.jpg?w=370&amp;ssl=1 370w\" sizes=\"auto, (max-width: 800px) 100vw, 800px\" \/><\/figure>\n\n\n\n<figure class=\"wp-block-image size-large\"><img data-recalc-dims=\"1\" loading=\"lazy\" decoding=\"async\" width=\"562\" height=\"600\" data-id=\"483522\" src=\"https:\/\/i0.wp.com\/casadecampoliving.com\/wp-content\/uploads\/2022\/10\/mg_0063.jpg?resize=562%2C600&#038;ssl=1\" alt=\"\" class=\"wp-image-483522\" srcset=\"https:\/\/i0.wp.com\/casadecampoliving.com\/wp-content\/uploads\/2022\/10\/mg_0063.jpg?w=562&amp;ssl=1 562w, https:\/\/i0.wp.com\/casadecampoliving.com\/wp-content\/uploads\/2022\/10\/mg_0063.jpg?resize=281%2C300&amp;ssl=1 281w, https:\/\/i0.wp.com\/casadecampoliving.com\/wp-content\/uploads\/2022\/10\/mg_0063.jpg?resize=400%2C427&amp;ssl=1 400w, https:\/\/i0.wp.com\/casadecampoliving.com\/wp-content\/uploads\/2022\/10\/mg_0063.jpg?resize=150%2C160&amp;ssl=1 150w, https:\/\/i0.wp.com\/casadecampoliving.com\/wp-content\/uploads\/2022\/10\/mg_0063.jpg?w=370&amp;ssl=1 370w\" sizes=\"auto, (max-width: 562px) 100vw, 562px\" \/><\/figure>\n\n\n\n<figure class=\"wp-block-image size-large\"><img data-recalc-dims=\"1\" loading=\"lazy\" decoding=\"async\" width=\"800\" height=\"533\" data-id=\"483534\" src=\"https:\/\/i0.wp.com\/casadecampoliving.com\/wp-content\/uploads\/2022\/10\/mg_0068-1.jpg?resize=800%2C533&#038;ssl=1\" alt=\"\" class=\"wp-image-483534\" srcset=\"https:\/\/i0.wp.com\/casadecampoliving.com\/wp-content\/uploads\/2022\/10\/mg_0068-1.jpg?w=800&amp;ssl=1 800w, https:\/\/i0.wp.com\/casadecampoliving.com\/wp-content\/uploads\/2022\/10\/mg_0068-1.jpg?resize=300%2C200&amp;ssl=1 300w, https:\/\/i0.wp.com\/casadecampoliving.com\/wp-content\/uploads\/2022\/10\/mg_0068-1.jpg?resize=768%2C512&amp;ssl=1 768w, https:\/\/i0.wp.com\/casadecampoliving.com\/wp-content\/uploads\/2022\/10\/mg_0068-1.jpg?resize=400%2C267&amp;ssl=1 400w, https:\/\/i0.wp.com\/casadecampoliving.com\/wp-content\/uploads\/2022\/10\/mg_0068-1.jpg?resize=706%2C470&amp;ssl=1 706w, https:\/\/i0.wp.com\/casadecampoliving.com\/wp-content\/uploads\/2022\/10\/mg_0068-1.jpg?resize=150%2C100&amp;ssl=1 150w, https:\/\/i0.wp.com\/casadecampoliving.com\/wp-content\/uploads\/2022\/10\/mg_0068-1.jpg?w=370&amp;ssl=1 370w\" sizes=\"auto, (max-width: 800px) 100vw, 800px\" \/><\/figure>\n\n\n\n<figure class=\"wp-block-image size-large\"><img data-recalc-dims=\"1\" loading=\"lazy\" decoding=\"async\" width=\"800\" height=\"533\" data-id=\"483545\" src=\"https:\/\/i0.wp.com\/casadecampoliving.com\/wp-content\/uploads\/2022\/10\/mg_0072.jpg?resize=800%2C533&#038;ssl=1\" alt=\"\" class=\"wp-image-483545\" srcset=\"https:\/\/i0.wp.com\/casadecampoliving.com\/wp-content\/uploads\/2022\/10\/mg_0072.jpg?w=800&amp;ssl=1 800w, https:\/\/i0.wp.com\/casadecampoliving.com\/wp-content\/uploads\/2022\/10\/mg_0072.jpg?resize=300%2C200&amp;ssl=1 300w, https:\/\/i0.wp.com\/casadecampoliving.com\/wp-content\/uploads\/2022\/10\/mg_0072.jpg?resize=768%2C512&amp;ssl=1 768w, https:\/\/i0.wp.com\/casadecampoliving.com\/wp-content\/uploads\/2022\/10\/mg_0072.jpg?resize=400%2C267&amp;ssl=1 400w, https:\/\/i0.wp.com\/casadecampoliving.com\/wp-content\/uploads\/2022\/10\/mg_0072.jpg?resize=706%2C470&amp;ssl=1 706w, https:\/\/i0.wp.com\/casadecampoliving.com\/wp-content\/uploads\/2022\/10\/mg_0072.jpg?resize=150%2C100&amp;ssl=1 150w, https:\/\/i0.wp.com\/casadecampoliving.com\/wp-content\/uploads\/2022\/10\/mg_0072.jpg?w=370&amp;ssl=1 370w\" sizes=\"auto, (max-width: 800px) 100vw, 800px\" \/><\/figure>\n\n\n\n<figure class=\"wp-block-image size-large\"><img data-recalc-dims=\"1\" loading=\"lazy\" decoding=\"async\" width=\"800\" height=\"533\" data-id=\"483555\" src=\"https:\/\/i0.wp.com\/casadecampoliving.com\/wp-content\/uploads\/2022\/10\/mg_0074-1.jpg?resize=800%2C533&#038;ssl=1\" alt=\"\" class=\"wp-image-483555\" srcset=\"https:\/\/i0.wp.com\/casadecampoliving.com\/wp-content\/uploads\/2022\/10\/mg_0074-1.jpg?w=800&amp;ssl=1 800w, https:\/\/i0.wp.com\/casadecampoliving.com\/wp-content\/uploads\/2022\/10\/mg_0074-1.jpg?resize=300%2C200&amp;ssl=1 300w, https:\/\/i0.wp.com\/casadecampoliving.com\/wp-content\/uploads\/2022\/10\/mg_0074-1.jpg?resize=768%2C512&amp;ssl=1 768w, https:\/\/i0.wp.com\/casadecampoliving.com\/wp-content\/uploads\/2022\/10\/mg_0074-1.jpg?resize=400%2C267&amp;ssl=1 400w, https:\/\/i0.wp.com\/casadecampoliving.com\/wp-content\/uploads\/2022\/10\/mg_0074-1.jpg?resize=706%2C470&amp;ssl=1 706w, https:\/\/i0.wp.com\/casadecampoliving.com\/wp-content\/uploads\/2022\/10\/mg_0074-1.jpg?resize=150%2C100&amp;ssl=1 150w, https:\/\/i0.wp.com\/casadecampoliving.com\/wp-content\/uploads\/2022\/10\/mg_0074-1.jpg?w=370&amp;ssl=1 370w\" sizes=\"auto, (max-width: 800px) 100vw, 800px\" \/><\/figure>\n\n\n\n<figure class=\"wp-block-image size-large\"><img data-recalc-dims=\"1\" loading=\"lazy\" decoding=\"async\" width=\"800\" height=\"538\" data-id=\"483566\" src=\"https:\/\/i0.wp.com\/casadecampoliving.com\/wp-content\/uploads\/2022\/10\/mg_0081-1.jpg?resize=800%2C538&#038;ssl=1\" alt=\"\" class=\"wp-image-483566\" srcset=\"https:\/\/i0.wp.com\/casadecampoliving.com\/wp-content\/uploads\/2022\/10\/mg_0081-1.jpg?w=800&amp;ssl=1 800w, https:\/\/i0.wp.com\/casadecampoliving.com\/wp-content\/uploads\/2022\/10\/mg_0081-1.jpg?resize=300%2C202&amp;ssl=1 300w, https:\/\/i0.wp.com\/casadecampoliving.com\/wp-content\/uploads\/2022\/10\/mg_0081-1.jpg?resize=768%2C516&amp;ssl=1 768w, https:\/\/i0.wp.com\/casadecampoliving.com\/wp-content\/uploads\/2022\/10\/mg_0081-1.jpg?resize=400%2C269&amp;ssl=1 400w, https:\/\/i0.wp.com\/casadecampoliving.com\/wp-content\/uploads\/2022\/10\/mg_0081-1.jpg?resize=706%2C475&amp;ssl=1 706w, https:\/\/i0.wp.com\/casadecampoliving.com\/wp-content\/uploads\/2022\/10\/mg_0081-1.jpg?resize=150%2C101&amp;ssl=1 150w, https:\/\/i0.wp.com\/casadecampoliving.com\/wp-content\/uploads\/2022\/10\/mg_0081-1.jpg?w=370&amp;ssl=1 370w\" sizes=\"auto, (max-width: 800px) 100vw, 800px\" \/><\/figure>\n\n\n\n<figure class=\"wp-block-image size-large\"><img data-recalc-dims=\"1\" loading=\"lazy\" decoding=\"async\" width=\"800\" height=\"533\" data-id=\"483579\" src=\"https:\/\/i0.wp.com\/casadecampoliving.com\/wp-content\/uploads\/2022\/10\/mg_0084-1.jpg?resize=800%2C533&#038;ssl=1\" alt=\"\" class=\"wp-image-483579\" srcset=\"https:\/\/i0.wp.com\/casadecampoliving.com\/wp-content\/uploads\/2022\/10\/mg_0084-1.jpg?w=800&amp;ssl=1 800w, https:\/\/i0.wp.com\/casadecampoliving.com\/wp-content\/uploads\/2022\/10\/mg_0084-1.jpg?resize=300%2C200&amp;ssl=1 300w, https:\/\/i0.wp.com\/casadecampoliving.com\/wp-content\/uploads\/2022\/10\/mg_0084-1.jpg?resize=768%2C512&amp;ssl=1 768w, https:\/\/i0.wp.com\/casadecampoliving.com\/wp-content\/uploads\/2022\/10\/mg_0084-1.jpg?resize=400%2C267&amp;ssl=1 400w, https:\/\/i0.wp.com\/casadecampoliving.com\/wp-content\/uploads\/2022\/10\/mg_0084-1.jpg?resize=706%2C470&amp;ssl=1 706w, https:\/\/i0.wp.com\/casadecampoliving.com\/wp-content\/uploads\/2022\/10\/mg_0084-1.jpg?resize=150%2C100&amp;ssl=1 150w, https:\/\/i0.wp.com\/casadecampoliving.com\/wp-content\/uploads\/2022\/10\/mg_0084-1.jpg?w=370&amp;ssl=1 370w\" sizes=\"auto, (max-width: 800px) 100vw, 800px\" \/><\/figure>\n\n\n\n<figure class=\"wp-block-image size-large\"><img data-recalc-dims=\"1\" loading=\"lazy\" decoding=\"async\" width=\"800\" height=\"538\" data-id=\"483592\" src=\"https:\/\/i0.wp.com\/casadecampoliving.com\/wp-content\/uploads\/2022\/10\/mg_0085.jpg?resize=800%2C538&#038;ssl=1\" alt=\"\" class=\"wp-image-483592\" srcset=\"https:\/\/i0.wp.com\/casadecampoliving.com\/wp-content\/uploads\/2022\/10\/mg_0085.jpg?w=800&amp;ssl=1 800w, https:\/\/i0.wp.com\/casadecampoliving.com\/wp-content\/uploads\/2022\/10\/mg_0085.jpg?resize=300%2C202&amp;ssl=1 300w, https:\/\/i0.wp.com\/casadecampoliving.com\/wp-content\/uploads\/2022\/10\/mg_0085.jpg?resize=768%2C516&amp;ssl=1 768w, https:\/\/i0.wp.com\/casadecampoliving.com\/wp-content\/uploads\/2022\/10\/mg_0085.jpg?resize=400%2C269&amp;ssl=1 400w, https:\/\/i0.wp.com\/casadecampoliving.com\/wp-content\/uploads\/2022\/10\/mg_0085.jpg?resize=706%2C475&amp;ssl=1 706w, https:\/\/i0.wp.com\/casadecampoliving.com\/wp-content\/uploads\/2022\/10\/mg_0085.jpg?resize=150%2C101&amp;ssl=1 150w, https:\/\/i0.wp.com\/casadecampoliving.com\/wp-content\/uploads\/2022\/10\/mg_0085.jpg?w=370&amp;ssl=1 370w\" sizes=\"auto, (max-width: 800px) 100vw, 800px\" \/><\/figure>\n\n\n\n<figure class=\"wp-block-image size-large\"><img data-recalc-dims=\"1\" loading=\"lazy\" decoding=\"async\" width=\"769\" height=\"600\" data-id=\"483604\" src=\"https:\/\/i0.wp.com\/casadecampoliving.com\/wp-content\/uploads\/2022\/10\/mg_0087-1.jpg?resize=769%2C600&#038;ssl=1\" alt=\"\" class=\"wp-image-483604\" srcset=\"https:\/\/i0.wp.com\/casadecampoliving.com\/wp-content\/uploads\/2022\/10\/mg_0087-1.jpg?w=769&amp;ssl=1 769w, https:\/\/i0.wp.com\/casadecampoliving.com\/wp-content\/uploads\/2022\/10\/mg_0087-1.jpg?resize=300%2C234&amp;ssl=1 300w, https:\/\/i0.wp.com\/casadecampoliving.com\/wp-content\/uploads\/2022\/10\/mg_0087-1.jpg?resize=400%2C312&amp;ssl=1 400w, https:\/\/i0.wp.com\/casadecampoliving.com\/wp-content\/uploads\/2022\/10\/mg_0087-1.jpg?resize=706%2C551&amp;ssl=1 706w, https:\/\/i0.wp.com\/casadecampoliving.com\/wp-content\/uploads\/2022\/10\/mg_0087-1.jpg?resize=150%2C117&amp;ssl=1 150w, https:\/\/i0.wp.com\/casadecampoliving.com\/wp-content\/uploads\/2022\/10\/mg_0087-1.jpg?w=370&amp;ssl=1 370w\" sizes=\"auto, (max-width: 769px) 100vw, 769px\" \/><\/figure>\n\n\n\n<figure class=\"wp-block-image size-large\"><img data-recalc-dims=\"1\" loading=\"lazy\" decoding=\"async\" width=\"800\" height=\"510\" data-id=\"483614\" src=\"https:\/\/i0.wp.com\/casadecampoliving.com\/wp-content\/uploads\/2022\/10\/mg_0092.jpg?resize=800%2C510&#038;ssl=1\" alt=\"\" class=\"wp-image-483614\" srcset=\"https:\/\/i0.wp.com\/casadecampoliving.com\/wp-content\/uploads\/2022\/10\/mg_0092.jpg?w=800&amp;ssl=1 800w, https:\/\/i0.wp.com\/casadecampoliving.com\/wp-content\/uploads\/2022\/10\/mg_0092.jpg?resize=300%2C191&amp;ssl=1 300w, https:\/\/i0.wp.com\/casadecampoliving.com\/wp-content\/uploads\/2022\/10\/mg_0092.jpg?resize=768%2C490&amp;ssl=1 768w, https:\/\/i0.wp.com\/casadecampoliving.com\/wp-content\/uploads\/2022\/10\/mg_0092.jpg?resize=400%2C255&amp;ssl=1 400w, https:\/\/i0.wp.com\/casadecampoliving.com\/wp-content\/uploads\/2022\/10\/mg_0092.jpg?resize=706%2C450&amp;ssl=1 706w, https:\/\/i0.wp.com\/casadecampoliving.com\/wp-content\/uploads\/2022\/10\/mg_0092.jpg?resize=150%2C96&amp;ssl=1 150w, https:\/\/i0.wp.com\/casadecampoliving.com\/wp-content\/uploads\/2022\/10\/mg_0092.jpg?w=370&amp;ssl=1 370w\" sizes=\"auto, (max-width: 800px) 100vw, 800px\" \/><\/figure>\n\n\n\n<figure class=\"wp-block-image size-large\"><img data-recalc-dims=\"1\" loading=\"lazy\" decoding=\"async\" width=\"800\" height=\"533\" data-id=\"483627\" src=\"https:\/\/i0.wp.com\/casadecampoliving.com\/wp-content\/uploads\/2022\/10\/mg_0095.jpg?resize=800%2C533&#038;ssl=1\" alt=\"\" class=\"wp-image-483627\" srcset=\"https:\/\/i0.wp.com\/casadecampoliving.com\/wp-content\/uploads\/2022\/10\/mg_0095.jpg?w=800&amp;ssl=1 800w, https:\/\/i0.wp.com\/casadecampoliving.com\/wp-content\/uploads\/2022\/10\/mg_0095.jpg?resize=300%2C200&amp;ssl=1 300w, https:\/\/i0.wp.com\/casadecampoliving.com\/wp-content\/uploads\/2022\/10\/mg_0095.jpg?resize=768%2C512&amp;ssl=1 768w, https:\/\/i0.wp.com\/casadecampoliving.com\/wp-content\/uploads\/2022\/10\/mg_0095.jpg?resize=400%2C267&amp;ssl=1 400w, https:\/\/i0.wp.com\/casadecampoliving.com\/wp-content\/uploads\/2022\/10\/mg_0095.jpg?resize=706%2C470&amp;ssl=1 706w, https:\/\/i0.wp.com\/casadecampoliving.com\/wp-content\/uploads\/2022\/10\/mg_0095.jpg?resize=150%2C100&amp;ssl=1 150w, https:\/\/i0.wp.com\/casadecampoliving.com\/wp-content\/uploads\/2022\/10\/mg_0095.jpg?w=370&amp;ssl=1 370w\" sizes=\"auto, (max-width: 800px) 100vw, 800px\" \/><\/figure>\n\n\n\n<figure class=\"wp-block-image size-large\"><img data-recalc-dims=\"1\" loading=\"lazy\" decoding=\"async\" width=\"800\" height=\"533\" data-id=\"483638\" src=\"https:\/\/i0.wp.com\/casadecampoliving.com\/wp-content\/uploads\/2022\/10\/mg_0096-1.jpg?resize=800%2C533&#038;ssl=1\" alt=\"\" class=\"wp-image-483638\" srcset=\"https:\/\/i0.wp.com\/casadecampoliving.com\/wp-content\/uploads\/2022\/10\/mg_0096-1.jpg?w=800&amp;ssl=1 800w, https:\/\/i0.wp.com\/casadecampoliving.com\/wp-content\/uploads\/2022\/10\/mg_0096-1.jpg?resize=300%2C200&amp;ssl=1 300w, https:\/\/i0.wp.com\/casadecampoliving.com\/wp-content\/uploads\/2022\/10\/mg_0096-1.jpg?resize=768%2C512&amp;ssl=1 768w, https:\/\/i0.wp.com\/casadecampoliving.com\/wp-content\/uploads\/2022\/10\/mg_0096-1.jpg?resize=400%2C267&amp;ssl=1 400w, https:\/\/i0.wp.com\/casadecampoliving.com\/wp-content\/uploads\/2022\/10\/mg_0096-1.jpg?resize=706%2C470&amp;ssl=1 706w, https:\/\/i0.wp.com\/casadecampoliving.com\/wp-content\/uploads\/2022\/10\/mg_0096-1.jpg?resize=150%2C100&amp;ssl=1 150w, https:\/\/i0.wp.com\/casadecampoliving.com\/wp-content\/uploads\/2022\/10\/mg_0096-1.jpg?w=370&amp;ssl=1 370w\" sizes=\"auto, (max-width: 800px) 100vw, 800px\" \/><\/figure>\n\n\n\n<figure class=\"wp-block-image size-large\"><img data-recalc-dims=\"1\" loading=\"lazy\" decoding=\"async\" width=\"800\" height=\"477\" data-id=\"483649\" src=\"https:\/\/i0.wp.com\/casadecampoliving.com\/wp-content\/uploads\/2022\/10\/mg_0098-1.jpg?resize=800%2C477&#038;ssl=1\" alt=\"\" class=\"wp-image-483649\" srcset=\"https:\/\/i0.wp.com\/casadecampoliving.com\/wp-content\/uploads\/2022\/10\/mg_0098-1.jpg?w=800&amp;ssl=1 800w, https:\/\/i0.wp.com\/casadecampoliving.com\/wp-content\/uploads\/2022\/10\/mg_0098-1.jpg?resize=300%2C179&amp;ssl=1 300w, https:\/\/i0.wp.com\/casadecampoliving.com\/wp-content\/uploads\/2022\/10\/mg_0098-1.jpg?resize=768%2C458&amp;ssl=1 768w, https:\/\/i0.wp.com\/casadecampoliving.com\/wp-content\/uploads\/2022\/10\/mg_0098-1.jpg?resize=400%2C239&amp;ssl=1 400w, https:\/\/i0.wp.com\/casadecampoliving.com\/wp-content\/uploads\/2022\/10\/mg_0098-1.jpg?resize=706%2C421&amp;ssl=1 706w, https:\/\/i0.wp.com\/casadecampoliving.com\/wp-content\/uploads\/2022\/10\/mg_0098-1.jpg?resize=150%2C89&amp;ssl=1 150w, https:\/\/i0.wp.com\/casadecampoliving.com\/wp-content\/uploads\/2022\/10\/mg_0098-1.jpg?w=370&amp;ssl=1 370w\" sizes=\"auto, (max-width: 800px) 100vw, 800px\" \/><\/figure>\n\n\n\n<figure class=\"wp-block-image size-large\"><img data-recalc-dims=\"1\" loading=\"lazy\" decoding=\"async\" width=\"643\" height=\"600\" data-id=\"483662\" src=\"https:\/\/i0.wp.com\/casadecampoliving.com\/wp-content\/uploads\/2022\/10\/mg_0100.jpg?resize=643%2C600&#038;ssl=1\" alt=\"\" class=\"wp-image-483662\" srcset=\"https:\/\/i0.wp.com\/casadecampoliving.com\/wp-content\/uploads\/2022\/10\/mg_0100.jpg?w=643&amp;ssl=1 643w, https:\/\/i0.wp.com\/casadecampoliving.com\/wp-content\/uploads\/2022\/10\/mg_0100.jpg?resize=300%2C280&amp;ssl=1 300w, https:\/\/i0.wp.com\/casadecampoliving.com\/wp-content\/uploads\/2022\/10\/mg_0100.jpg?resize=400%2C373&amp;ssl=1 400w, https:\/\/i0.wp.com\/casadecampoliving.com\/wp-content\/uploads\/2022\/10\/mg_0100.jpg?resize=150%2C140&amp;ssl=1 150w, https:\/\/i0.wp.com\/casadecampoliving.com\/wp-content\/uploads\/2022\/10\/mg_0100.jpg?w=370&amp;ssl=1 370w\" sizes=\"auto, (max-width: 643px) 100vw, 643px\" \/><\/figure>\n\n\n\n<figure class=\"wp-block-image size-large\"><img data-recalc-dims=\"1\" loading=\"lazy\" decoding=\"async\" width=\"800\" height=\"343\" data-id=\"483674\" src=\"https:\/\/i0.wp.com\/casadecampoliving.com\/wp-content\/uploads\/2022\/10\/mg_0108.jpg?resize=800%2C343&#038;ssl=1\" alt=\"\" class=\"wp-image-483674\" srcset=\"https:\/\/i0.wp.com\/casadecampoliving.com\/wp-content\/uploads\/2022\/10\/mg_0108.jpg?w=800&amp;ssl=1 800w, https:\/\/i0.wp.com\/casadecampoliving.com\/wp-content\/uploads\/2022\/10\/mg_0108.jpg?resize=300%2C129&amp;ssl=1 300w, https:\/\/i0.wp.com\/casadecampoliving.com\/wp-content\/uploads\/2022\/10\/mg_0108.jpg?resize=768%2C329&amp;ssl=1 768w, https:\/\/i0.wp.com\/casadecampoliving.com\/wp-content\/uploads\/2022\/10\/mg_0108.jpg?resize=400%2C172&amp;ssl=1 400w, https:\/\/i0.wp.com\/casadecampoliving.com\/wp-content\/uploads\/2022\/10\/mg_0108.jpg?resize=706%2C303&amp;ssl=1 706w, https:\/\/i0.wp.com\/casadecampoliving.com\/wp-content\/uploads\/2022\/10\/mg_0108.jpg?resize=150%2C64&amp;ssl=1 150w, https:\/\/i0.wp.com\/casadecampoliving.com\/wp-content\/uploads\/2022\/10\/mg_0108.jpg?w=370&amp;ssl=1 370w\" sizes=\"auto, (max-width: 800px) 100vw, 800px\" \/><\/figure>\n<\/figure>\n","protected":false},"excerpt":{"rendered":"<p>Uno de los m\u00e1s glamurosos y memorables eventos de la m\u00e1s reciente semana de celebraciones del Sal\u00f3n de la Fama del B\u00e9isbol Latino previas a la Gran ceremonia de Exaltaci\u00f3n en el Anfiteatro Altos de Chav\u00f3n, fue la cena en Casa Grande organizada por Alfy Fanjul, honorario presidente del Sal\u00f3n de la Fama del B\u00e9isbol [&hellip;]<\/p>\n","protected":false},"author":1097,"featured_media":266892,"comment_status":"closed","ping_status":"closed","sticky":false,"template":"","format":"standard","meta":{"newspack_ads_suppress_ads":false,"newspack_popups_has_disabled_popups":false,"newspack_sponsor_sponsorship_scope":"","newspack_sponsor_native_byline_display":"inherit","newspack_sponsor_native_category_display":"inherit","newspack_sponsor_underwriter_style":"inherit","newspack_sponsor_underwriter_placement":"inherit","_newspack_byline_active":false,"_newspack_byline":"","newspack_hide_updated_date":false,"newspack_show_updated_date":false,"newspack_content_restriction_is_exempt":false,"newspack_featured_image_position":"","newspack_post_subtitle":"","newspack_article_summary_title":"Overview:","newspack_article_summary":"","_jetpack_memberships_contains_paid_content":false,"footnotes":"","jetpack_publicize_message":"","jetpack_publicize_feature_enabled":true,"jetpack_social_post_already_shared":false,"jetpack_social_options":{"image_generator_settings":{"template":"highway","default_image_id":0,"font":"","enabled":false},"version":2},"_wpas_customize_per_network":false},"categories":[2513,2521,2522,2524,14631,14625,26822,2525,14627],"tags":[23783,6217,6380,2731,6287],"newspack_spnsrs_tax":[],"class_list":["post-343926","post","type-post","status-publish","format-standard","has-post-thumbnail","hentry","category-celebridades-es","category-republica-dominicana-2","category-eventos-es","category-destacados","category-estilo-de-vida","category-noticias-locales","category-resort-casa-de-campo","category-golf-deportes-es","category-proximamente","tag-alfy-fanjul-es-2","tag-alfy-fanjul-es","tag-casa-grande-es","tag-cena","tag-roberto-weill-es","entry"],"yoast_head":"<!-- This site is optimized with the Yoast SEO plugin v27.4 - https:\/\/yoast.com\/product\/yoast-seo-wordpress\/ -->\n<title>Alfy Fanjul organiza una cena para las estrellas del Sal\u00f3n de la Fama del B\u00e9isbol Latino | Casa de Campo Living<\/title>\n<meta name=\"description\" content=\"Uno de los m\u00e1s glamurosos y memorables eventos de la m\u00e1s reciente semana de celebraciones del Sal\u00f3n de la Fama del B\u00e9isbol Latino previas a la Gran\" \/>\n<meta name=\"robots\" content=\"index, follow, max-snippet:-1, max-image-preview:large, max-video-preview:-1\" \/>\n<link rel=\"canonical\" href=\"https:\/\/casadecampoliving.com\/es\/alfy-fanjul-organiza-una-cena-para-las-estrellas-del-salon-de-la-fama-del-beisbol-latino-2\/\" \/>\n<meta property=\"og:locale\" content=\"es_ES\" \/>\n<meta property=\"og:type\" content=\"article\" \/>\n<meta property=\"og:title\" content=\"Alfy Fanjul organiza una cena para las estrellas del Sal\u00f3n de la Fama del B\u00e9isbol Latino | Casa de Campo Living\" \/>\n<meta property=\"og:description\" content=\"Uno de los m\u00e1s glamurosos y memorables eventos de la m\u00e1s reciente semana de celebraciones del Sal\u00f3n de la Fama del B\u00e9isbol Latino previas a la Gran\" \/>\n<meta property=\"og:url\" content=\"https:\/\/casadecampoliving.com\/es\/alfy-fanjul-organiza-una-cena-para-las-estrellas-del-salon-de-la-fama-del-beisbol-latino-2\/\" \/>\n<meta property=\"og:site_name\" content=\"Casa de Campo Living\" \/>\n<meta property=\"article:publisher\" content=\"https:\/\/www.facebook.com\/casadecampoliving\" \/>\n<meta property=\"article:published_time\" content=\"2014-02-24T04:00:00+00:00\" \/>\n<meta property=\"article:modified_time\" content=\"2022-11-10T14:42:59+00:00\" \/>\n<meta property=\"og:image\" content=\"https:\/\/i0.wp.com\/casadecampoliving.com\/wp-content\/uploads\/2022\/10\/roberto_alomar_salon_de_la_fama_beisbol_latino-1.jpg?fit=650%2C433&ssl=1\" \/>\n\t<meta property=\"og:image:width\" content=\"650\" \/>\n\t<meta property=\"og:image:height\" content=\"433\" \/>\n\t<meta property=\"og:image:type\" content=\"image\/jpeg\" \/>\n<meta name=\"author\" content=\"Perkin Agramonte\" \/>\n<meta name=\"twitter:card\" content=\"summary_large_image\" \/>\n<meta name=\"twitter:creator\" content=\"@cdcliving\" \/>\n<meta name=\"twitter:site\" content=\"@cdcliving\" \/>\n<meta name=\"twitter:label1\" content=\"Escrito por\" \/>\n\t<meta name=\"twitter:data1\" content=\"Perkin Agramonte\" \/>\n\t<meta name=\"twitter:label2\" content=\"Tiempo de lectura\" \/>\n\t<meta name=\"twitter:data2\" content=\"2 minutos\" \/>\n<script type=\"application\/ld+json\" class=\"yoast-schema-graph\">{\"@context\":\"https:\\\/\\\/schema.org\",\"@graph\":[{\"@type\":\"Article\",\"@id\":\"https:\\\/\\\/casadecampoliving.com\\\/es\\\/alfy-fanjul-organiza-una-cena-para-las-estrellas-del-salon-de-la-fama-del-beisbol-latino-2\\\/#article\",\"isPartOf\":{\"@id\":\"https:\\\/\\\/casadecampoliving.com\\\/es\\\/alfy-fanjul-organiza-una-cena-para-las-estrellas-del-salon-de-la-fama-del-beisbol-latino-2\\\/\"},\"author\":{\"name\":\"Perkin Agramonte\",\"@id\":\"https:\\\/\\\/casadecampoliving.com\\\/es\\\/#\\\/schema\\\/person\\\/c8efa6049510554b7d5fea078d728f72\"},\"headline\":\"Alfy Fanjul organiza una cena para las estrellas del Sal\u00f3n de la Fama del B\u00e9isbol Latino\",\"datePublished\":\"2014-02-24T04:00:00+00:00\",\"dateModified\":\"2022-11-10T14:42:59+00:00\",\"mainEntityOfPage\":{\"@id\":\"https:\\\/\\\/casadecampoliving.com\\\/es\\\/alfy-fanjul-organiza-una-cena-para-las-estrellas-del-salon-de-la-fama-del-beisbol-latino-2\\\/\"},\"wordCount\":449,\"publisher\":{\"@id\":\"https:\\\/\\\/casadecampoliving.com\\\/es\\\/#organization\"},\"image\":{\"@id\":\"https:\\\/\\\/casadecampoliving.com\\\/es\\\/alfy-fanjul-organiza-una-cena-para-las-estrellas-del-salon-de-la-fama-del-beisbol-latino-2\\\/#primaryimage\"},\"thumbnailUrl\":\"https:\\\/\\\/i0.wp.com\\\/casadecampoliving.com\\\/wp-content\\\/uploads\\\/2022\\\/10\\\/roberto_alomar_salon_de_la_fama_beisbol_latino-1.jpg?fit=650%2C433&ssl=1\",\"keywords\":[\"alfy fanjul\",\"alfy fanjul @es\",\"casa grande @es\",\"cena\",\"roberto weill @es\"],\"articleSection\":[\"Celebridades\",\"Rep\u00fablica Dominicana @es\",\"Eventos\",\"Destacados\",\"Estilo de Vida\",\"Noticias Locales\",\"Resort Casa de Campo\",\"Deportes\",\"Proximamente\"],\"inLanguage\":\"es\"},{\"@type\":\"WebPage\",\"@id\":\"https:\\\/\\\/casadecampoliving.com\\\/es\\\/alfy-fanjul-organiza-una-cena-para-las-estrellas-del-salon-de-la-fama-del-beisbol-latino-2\\\/\",\"url\":\"https:\\\/\\\/casadecampoliving.com\\\/es\\\/alfy-fanjul-organiza-una-cena-para-las-estrellas-del-salon-de-la-fama-del-beisbol-latino-2\\\/\",\"name\":\"Alfy Fanjul organiza una cena para las estrellas del Sal\u00f3n de la Fama del B\u00e9isbol Latino | Casa de Campo Living\",\"isPartOf\":{\"@id\":\"https:\\\/\\\/casadecampoliving.com\\\/es\\\/#website\"},\"primaryImageOfPage\":{\"@id\":\"https:\\\/\\\/casadecampoliving.com\\\/es\\\/alfy-fanjul-organiza-una-cena-para-las-estrellas-del-salon-de-la-fama-del-beisbol-latino-2\\\/#primaryimage\"},\"image\":{\"@id\":\"https:\\\/\\\/casadecampoliving.com\\\/es\\\/alfy-fanjul-organiza-una-cena-para-las-estrellas-del-salon-de-la-fama-del-beisbol-latino-2\\\/#primaryimage\"},\"thumbnailUrl\":\"https:\\\/\\\/i0.wp.com\\\/casadecampoliving.com\\\/wp-content\\\/uploads\\\/2022\\\/10\\\/roberto_alomar_salon_de_la_fama_beisbol_latino-1.jpg?fit=650%2C433&ssl=1\",\"datePublished\":\"2014-02-24T04:00:00+00:00\",\"dateModified\":\"2022-11-10T14:42:59+00:00\",\"description\":\"Uno de los m\u00e1s glamurosos y memorables eventos de la m\u00e1s reciente semana de celebraciones del Sal\u00f3n de la Fama del B\u00e9isbol Latino previas a la Gran\",\"breadcrumb\":{\"@id\":\"https:\\\/\\\/casadecampoliving.com\\\/es\\\/alfy-fanjul-organiza-una-cena-para-las-estrellas-del-salon-de-la-fama-del-beisbol-latino-2\\\/#breadcrumb\"},\"inLanguage\":\"es\",\"potentialAction\":[{\"@type\":\"ReadAction\",\"target\":[\"https:\\\/\\\/casadecampoliving.com\\\/es\\\/alfy-fanjul-organiza-una-cena-para-las-estrellas-del-salon-de-la-fama-del-beisbol-latino-2\\\/\"]}]},{\"@type\":\"ImageObject\",\"inLanguage\":\"es\",\"@id\":\"https:\\\/\\\/casadecampoliving.com\\\/es\\\/alfy-fanjul-organiza-una-cena-para-las-estrellas-del-salon-de-la-fama-del-beisbol-latino-2\\\/#primaryimage\",\"url\":\"https:\\\/\\\/i0.wp.com\\\/casadecampoliving.com\\\/wp-content\\\/uploads\\\/2022\\\/10\\\/roberto_alomar_salon_de_la_fama_beisbol_latino-1.jpg?fit=650%2C433&ssl=1\",\"contentUrl\":\"https:\\\/\\\/i0.wp.com\\\/casadecampoliving.com\\\/wp-content\\\/uploads\\\/2022\\\/10\\\/roberto_alomar_salon_de_la_fama_beisbol_latino-1.jpg?fit=650%2C433&ssl=1\",\"width\":650,\"height\":433,\"caption\":\"Roberto Alomar Salon de la Fama Beisbol Latino\"},{\"@type\":\"BreadcrumbList\",\"@id\":\"https:\\\/\\\/casadecampoliving.com\\\/es\\\/alfy-fanjul-organiza-una-cena-para-las-estrellas-del-salon-de-la-fama-del-beisbol-latino-2\\\/#breadcrumb\",\"itemListElement\":[{\"@type\":\"ListItem\",\"position\":1,\"name\":\"Home\",\"item\":\"https:\\\/\\\/casadecampoliving.com\\\/es\\\/\"},{\"@type\":\"ListItem\",\"position\":2,\"name\":\"Alfy Fanjul organiza una cena para las estrellas del Sal\u00f3n de la Fama del B\u00e9isbol Latino\"}]},{\"@type\":\"WebSite\",\"@id\":\"https:\\\/\\\/casadecampoliving.com\\\/es\\\/#website\",\"url\":\"https:\\\/\\\/casadecampoliving.com\\\/es\\\/\",\"name\":\"Casa de Campo Living\",\"description\":\"Resort community news and resources.\",\"publisher\":{\"@id\":\"https:\\\/\\\/casadecampoliving.com\\\/es\\\/#organization\"},\"potentialAction\":[{\"@type\":\"SearchAction\",\"target\":{\"@type\":\"EntryPoint\",\"urlTemplate\":\"https:\\\/\\\/casadecampoliving.com\\\/es\\\/?s={search_term_string}\"},\"query-input\":{\"@type\":\"PropertyValueSpecification\",\"valueRequired\":true,\"valueName\":\"search_term_string\"}}],\"inLanguage\":\"es\"},{\"@type\":\"Organization\",\"@id\":\"https:\\\/\\\/casadecampoliving.com\\\/es\\\/#organization\",\"name\":\"Casa de Campo Living\",\"url\":\"https:\\\/\\\/casadecampoliving.com\\\/es\\\/\",\"logo\":{\"@type\":\"ImageObject\",\"inLanguage\":\"es\",\"@id\":\"https:\\\/\\\/casadecampoliving.com\\\/es\\\/#\\\/schema\\\/logo\\\/image\\\/\",\"url\":\"https:\\\/\\\/i0.wp.com\\\/casadecampoliving.com\\\/wp-content\\\/uploads\\\/2022\\\/07\\\/CDCLivingLogo_V1-white-sized.png?fit=800%2C214&ssl=1\",\"contentUrl\":\"https:\\\/\\\/i0.wp.com\\\/casadecampoliving.com\\\/wp-content\\\/uploads\\\/2022\\\/07\\\/CDCLivingLogo_V1-white-sized.png?fit=800%2C214&ssl=1\",\"width\":800,\"height\":214,\"caption\":\"Casa de Campo Living\"},\"image\":{\"@id\":\"https:\\\/\\\/casadecampoliving.com\\\/es\\\/#\\\/schema\\\/logo\\\/image\\\/\"},\"sameAs\":[\"https:\\\/\\\/www.facebook.com\\\/casadecampoliving\",\"https:\\\/\\\/x.com\\\/cdcliving\"]},{\"@type\":\"Person\",\"@id\":\"https:\\\/\\\/casadecampoliving.com\\\/es\\\/#\\\/schema\\\/person\\\/c8efa6049510554b7d5fea078d728f72\",\"name\":\"Perkin Agramonte\",\"image\":{\"@type\":\"ImageObject\",\"inLanguage\":\"es\",\"@id\":\"https:\\\/\\\/secure.gravatar.com\\\/avatar\\\/57bfdafcae55fb83dbb79a1585a9eab7f269b7720fb0b64cb9a4e0cd2962fa10?s=96&d=mm&r=g\",\"url\":\"https:\\\/\\\/secure.gravatar.com\\\/avatar\\\/57bfdafcae55fb83dbb79a1585a9eab7f269b7720fb0b64cb9a4e0cd2962fa10?s=96&d=mm&r=g\",\"contentUrl\":\"https:\\\/\\\/secure.gravatar.com\\\/avatar\\\/57bfdafcae55fb83dbb79a1585a9eab7f269b7720fb0b64cb9a4e0cd2962fa10?s=96&d=mm&r=g\",\"caption\":\"Perkin Agramonte\"},\"url\":\"https:\\\/\\\/casadecampoliving.com\\\/es\\\/author\\\/cagramonte\\\/\"}]}<\/script>\n<!-- \/ Yoast SEO plugin. -->","yoast_head_json":{"title":"Alfy Fanjul organiza una cena para las estrellas del Sal\u00f3n de la Fama del B\u00e9isbol Latino | Casa de Campo Living","description":"Uno de los m\u00e1s glamurosos y memorables eventos de la m\u00e1s reciente semana de celebraciones del Sal\u00f3n de la Fama del B\u00e9isbol Latino previas a la Gran","robots":{"index":"index","follow":"follow","max-snippet":"max-snippet:-1","max-image-preview":"max-image-preview:large","max-video-preview":"max-video-preview:-1"},"canonical":"https:\/\/casadecampoliving.com\/es\/alfy-fanjul-organiza-una-cena-para-las-estrellas-del-salon-de-la-fama-del-beisbol-latino-2\/","og_locale":"es_ES","og_type":"article","og_title":"Alfy Fanjul organiza una cena para las estrellas del Sal\u00f3n de la Fama del B\u00e9isbol Latino | Casa de Campo Living","og_description":"Uno de los m\u00e1s glamurosos y memorables eventos de la m\u00e1s reciente semana de celebraciones del Sal\u00f3n de la Fama del B\u00e9isbol Latino previas a la Gran","og_url":"https:\/\/casadecampoliving.com\/es\/alfy-fanjul-organiza-una-cena-para-las-estrellas-del-salon-de-la-fama-del-beisbol-latino-2\/","og_site_name":"Casa de Campo Living","article_publisher":"https:\/\/www.facebook.com\/casadecampoliving","article_published_time":"2014-02-24T04:00:00+00:00","article_modified_time":"2022-11-10T14:42:59+00:00","og_image":[{"width":650,"height":433,"url":"https:\/\/i0.wp.com\/casadecampoliving.com\/wp-content\/uploads\/2022\/10\/roberto_alomar_salon_de_la_fama_beisbol_latino-1.jpg?fit=650%2C433&ssl=1","type":"image\/jpeg"}],"author":"Perkin Agramonte","twitter_card":"summary_large_image","twitter_creator":"@cdcliving","twitter_site":"@cdcliving","twitter_misc":{"Escrito por":"Perkin Agramonte","Tiempo de lectura":"2 minutos"},"schema":{"@context":"https:\/\/schema.org","@graph":[{"@type":"Article","@id":"https:\/\/casadecampoliving.com\/es\/alfy-fanjul-organiza-una-cena-para-las-estrellas-del-salon-de-la-fama-del-beisbol-latino-2\/#article","isPartOf":{"@id":"https:\/\/casadecampoliving.com\/es\/alfy-fanjul-organiza-una-cena-para-las-estrellas-del-salon-de-la-fama-del-beisbol-latino-2\/"},"author":{"name":"Perkin Agramonte","@id":"https:\/\/casadecampoliving.com\/es\/#\/schema\/person\/c8efa6049510554b7d5fea078d728f72"},"headline":"Alfy Fanjul organiza una cena para las estrellas del Sal\u00f3n de la Fama del B\u00e9isbol Latino","datePublished":"2014-02-24T04:00:00+00:00","dateModified":"2022-11-10T14:42:59+00:00","mainEntityOfPage":{"@id":"https:\/\/casadecampoliving.com\/es\/alfy-fanjul-organiza-una-cena-para-las-estrellas-del-salon-de-la-fama-del-beisbol-latino-2\/"},"wordCount":449,"publisher":{"@id":"https:\/\/casadecampoliving.com\/es\/#organization"},"image":{"@id":"https:\/\/casadecampoliving.com\/es\/alfy-fanjul-organiza-una-cena-para-las-estrellas-del-salon-de-la-fama-del-beisbol-latino-2\/#primaryimage"},"thumbnailUrl":"https:\/\/i0.wp.com\/casadecampoliving.com\/wp-content\/uploads\/2022\/10\/roberto_alomar_salon_de_la_fama_beisbol_latino-1.jpg?fit=650%2C433&ssl=1","keywords":["alfy fanjul","alfy fanjul @es","casa grande @es","cena","roberto weill @es"],"articleSection":["Celebridades","Rep\u00fablica Dominicana @es","Eventos","Destacados","Estilo de Vida","Noticias Locales","Resort Casa de Campo","Deportes","Proximamente"],"inLanguage":"es"},{"@type":"WebPage","@id":"https:\/\/casadecampoliving.com\/es\/alfy-fanjul-organiza-una-cena-para-las-estrellas-del-salon-de-la-fama-del-beisbol-latino-2\/","url":"https:\/\/casadecampoliving.com\/es\/alfy-fanjul-organiza-una-cena-para-las-estrellas-del-salon-de-la-fama-del-beisbol-latino-2\/","name":"Alfy Fanjul organiza una cena para las estrellas del Sal\u00f3n de la Fama del B\u00e9isbol Latino | Casa de Campo Living","isPartOf":{"@id":"https:\/\/casadecampoliving.com\/es\/#website"},"primaryImageOfPage":{"@id":"https:\/\/casadecampoliving.com\/es\/alfy-fanjul-organiza-una-cena-para-las-estrellas-del-salon-de-la-fama-del-beisbol-latino-2\/#primaryimage"},"image":{"@id":"https:\/\/casadecampoliving.com\/es\/alfy-fanjul-organiza-una-cena-para-las-estrellas-del-salon-de-la-fama-del-beisbol-latino-2\/#primaryimage"},"thumbnailUrl":"https:\/\/i0.wp.com\/casadecampoliving.com\/wp-content\/uploads\/2022\/10\/roberto_alomar_salon_de_la_fama_beisbol_latino-1.jpg?fit=650%2C433&ssl=1","datePublished":"2014-02-24T04:00:00+00:00","dateModified":"2022-11-10T14:42:59+00:00","description":"Uno de los m\u00e1s glamurosos y memorables eventos de la m\u00e1s reciente semana de celebraciones del Sal\u00f3n de la Fama del B\u00e9isbol Latino previas a la Gran","breadcrumb":{"@id":"https:\/\/casadecampoliving.com\/es\/alfy-fanjul-organiza-una-cena-para-las-estrellas-del-salon-de-la-fama-del-beisbol-latino-2\/#breadcrumb"},"inLanguage":"es","potentialAction":[{"@type":"ReadAction","target":["https:\/\/casadecampoliving.com\/es\/alfy-fanjul-organiza-una-cena-para-las-estrellas-del-salon-de-la-fama-del-beisbol-latino-2\/"]}]},{"@type":"ImageObject","inLanguage":"es","@id":"https:\/\/casadecampoliving.com\/es\/alfy-fanjul-organiza-una-cena-para-las-estrellas-del-salon-de-la-fama-del-beisbol-latino-2\/#primaryimage","url":"https:\/\/i0.wp.com\/casadecampoliving.com\/wp-content\/uploads\/2022\/10\/roberto_alomar_salon_de_la_fama_beisbol_latino-1.jpg?fit=650%2C433&ssl=1","contentUrl":"https:\/\/i0.wp.com\/casadecampoliving.com\/wp-content\/uploads\/2022\/10\/roberto_alomar_salon_de_la_fama_beisbol_latino-1.jpg?fit=650%2C433&ssl=1","width":650,"height":433,"caption":"Roberto Alomar Salon de la Fama Beisbol Latino"},{"@type":"BreadcrumbList","@id":"https:\/\/casadecampoliving.com\/es\/alfy-fanjul-organiza-una-cena-para-las-estrellas-del-salon-de-la-fama-del-beisbol-latino-2\/#breadcrumb","itemListElement":[{"@type":"ListItem","position":1,"name":"Home","item":"https:\/\/casadecampoliving.com\/es\/"},{"@type":"ListItem","position":2,"name":"Alfy Fanjul organiza una cena para las estrellas del Sal\u00f3n de la Fama del B\u00e9isbol Latino"}]},{"@type":"WebSite","@id":"https:\/\/casadecampoliving.com\/es\/#website","url":"https:\/\/casadecampoliving.com\/es\/","name":"Casa de Campo Living","description":"Resort community news and resources.","publisher":{"@id":"https:\/\/casadecampoliving.com\/es\/#organization"},"potentialAction":[{"@type":"SearchAction","target":{"@type":"EntryPoint","urlTemplate":"https:\/\/casadecampoliving.com\/es\/?s={search_term_string}"},"query-input":{"@type":"PropertyValueSpecification","valueRequired":true,"valueName":"search_term_string"}}],"inLanguage":"es"},{"@type":"Organization","@id":"https:\/\/casadecampoliving.com\/es\/#organization","name":"Casa de Campo Living","url":"https:\/\/casadecampoliving.com\/es\/","logo":{"@type":"ImageObject","inLanguage":"es","@id":"https:\/\/casadecampoliving.com\/es\/#\/schema\/logo\/image\/","url":"https:\/\/i0.wp.com\/casadecampoliving.com\/wp-content\/uploads\/2022\/07\/CDCLivingLogo_V1-white-sized.png?fit=800%2C214&ssl=1","contentUrl":"https:\/\/i0.wp.com\/casadecampoliving.com\/wp-content\/uploads\/2022\/07\/CDCLivingLogo_V1-white-sized.png?fit=800%2C214&ssl=1","width":800,"height":214,"caption":"Casa de Campo Living"},"image":{"@id":"https:\/\/casadecampoliving.com\/es\/#\/schema\/logo\/image\/"},"sameAs":["https:\/\/www.facebook.com\/casadecampoliving","https:\/\/x.com\/cdcliving"]},{"@type":"Person","@id":"https:\/\/casadecampoliving.com\/es\/#\/schema\/person\/c8efa6049510554b7d5fea078d728f72","name":"Perkin Agramonte","image":{"@type":"ImageObject","inLanguage":"es","@id":"https:\/\/secure.gravatar.com\/avatar\/57bfdafcae55fb83dbb79a1585a9eab7f269b7720fb0b64cb9a4e0cd2962fa10?s=96&d=mm&r=g","url":"https:\/\/secure.gravatar.com\/avatar\/57bfdafcae55fb83dbb79a1585a9eab7f269b7720fb0b64cb9a4e0cd2962fa10?s=96&d=mm&r=g","contentUrl":"https:\/\/secure.gravatar.com\/avatar\/57bfdafcae55fb83dbb79a1585a9eab7f269b7720fb0b64cb9a4e0cd2962fa10?s=96&d=mm&r=g","caption":"Perkin Agramonte"},"url":"https:\/\/casadecampoliving.com\/es\/author\/cagramonte\/"}]}},"parsely":{"version":"1.1.0","canonical_url":"https:\/\/casadecampoliving.com\/es\/alfy-fanjul-organiza-una-cena-para-las-estrellas-del-salon-de-la-fama-del-beisbol-latino-2\/","smart_links":{"inbound":0,"outbound":0},"traffic_boost_suggestions_count":0,"meta":{"@context":"https:\/\/schema.org","@type":"NewsArticle","headline":"Alfy Fanjul organiza una cena para las estrellas del Sal\u00f3n de la Fama del B\u00e9isbol Latino","url":"http:\/\/casadecampoliving.com\/es\/alfy-fanjul-organiza-una-cena-para-las-estrellas-del-salon-de-la-fama-del-beisbol-latino-2\/","mainEntityOfPage":{"@type":"WebPage","@id":"http:\/\/casadecampoliving.com\/es\/alfy-fanjul-organiza-una-cena-para-las-estrellas-del-salon-de-la-fama-del-beisbol-latino-2\/"},"thumbnailUrl":"https:\/\/i0.wp.com\/casadecampoliving.com\/wp-content\/uploads\/2022\/10\/roberto_alomar_salon_de_la_fama_beisbol_latino-1.jpg?resize=150%2C150&ssl=1","image":{"@type":"ImageObject","url":"https:\/\/i0.wp.com\/casadecampoliving.com\/wp-content\/uploads\/2022\/10\/roberto_alomar_salon_de_la_fama_beisbol_latino-1.jpg?fit=650%2C433&ssl=1"},"articleSection":"Celebridades","author":[{"@type":"Person","name":"Perkin Agramonte"}],"creator":["Perkin Agramonte"],"publisher":{"@type":"Organization","name":"Casa de Campo Living","logo":"https:\/\/casadecampoliving.com\/wp-content\/uploads\/2022\/07\/CDCLivingLogo_V1-white-sized.png"},"keywords":["alfy fanjul","alfy fanjul @es","casa grande @es","cena","roberto weill @es"],"dateCreated":"2014-02-24T04:00:00Z","datePublished":"2014-02-24T04:00:00Z","dateModified":"2022-11-10T14:42:59Z"},"rendered":"<script type=\"application\/ld+json\" class=\"wp-parsely-metadata\">{\"@context\":\"https:\\\/\\\/schema.org\",\"@type\":\"NewsArticle\",\"headline\":\"Alfy Fanjul organiza una cena para las estrellas del Sal\\u00f3n de la Fama del B\\u00e9isbol Latino\",\"url\":\"http:\\\/\\\/casadecampoliving.com\\\/es\\\/alfy-fanjul-organiza-una-cena-para-las-estrellas-del-salon-de-la-fama-del-beisbol-latino-2\\\/\",\"mainEntityOfPage\":{\"@type\":\"WebPage\",\"@id\":\"http:\\\/\\\/casadecampoliving.com\\\/es\\\/alfy-fanjul-organiza-una-cena-para-las-estrellas-del-salon-de-la-fama-del-beisbol-latino-2\\\/\"},\"thumbnailUrl\":\"https:\\\/\\\/i0.wp.com\\\/casadecampoliving.com\\\/wp-content\\\/uploads\\\/2022\\\/10\\\/roberto_alomar_salon_de_la_fama_beisbol_latino-1.jpg?resize=150%2C150&ssl=1\",\"image\":{\"@type\":\"ImageObject\",\"url\":\"https:\\\/\\\/i0.wp.com\\\/casadecampoliving.com\\\/wp-content\\\/uploads\\\/2022\\\/10\\\/roberto_alomar_salon_de_la_fama_beisbol_latino-1.jpg?fit=650%2C433&ssl=1\"},\"articleSection\":\"Celebridades\",\"author\":[{\"@type\":\"Person\",\"name\":\"Perkin Agramonte\"}],\"creator\":[\"Perkin Agramonte\"],\"publisher\":{\"@type\":\"Organization\",\"name\":\"Casa de Campo Living\",\"logo\":\"https:\\\/\\\/casadecampoliving.com\\\/wp-content\\\/uploads\\\/2022\\\/07\\\/CDCLivingLogo_V1-white-sized.png\"},\"keywords\":[\"alfy fanjul\",\"alfy fanjul @es\",\"casa grande @es\",\"cena\",\"roberto weill @es\"],\"dateCreated\":\"2014-02-24T04:00:00Z\",\"datePublished\":\"2014-02-24T04:00:00Z\",\"dateModified\":\"2022-11-10T14:42:59Z\"}<\/script>","tracker_url":"https:\/\/cdn.parsely.com\/keys\/casadecampoliving.com\/p.js"},"jetpack_publicize_connections":[],"jetpack_featured_media_url":"https:\/\/i0.wp.com\/casadecampoliving.com\/wp-content\/uploads\/2022\/10\/roberto_alomar_salon_de_la_fama_beisbol_latino-1.jpg?fit=650%2C433&ssl=1","jetpack-related-posts":[{"id":340725,"url":"https:\/\/casadecampoliving.com\/es\/una-cena-para-los-inmortales-del-salon-de-la-fama-en-casa-grande\/","url_meta":{"origin":343926,"position":0},"title":"Una cena para los INMORTALES del Sal\u00f3n de la Fama en Casa Grande","author":"","date":"2 Mar, 2013","format":false,"excerpt":"El pasado 8 de febrero de 2013, luego de una elegante celebraci\u00f3n del Caf\u00e9 de la Leche con Ana Mar\u00eda Paniagua y el C\u00f3ctel de la Gerencia al atardecer, nos unimos a los INMORTALES del Sal\u00f3n de la Fama del B\u00e9isbol Latino en la cena del chairman honorario en Casa\u2026","rel":"","context":"En \u00abEvents and Activities\u00bb","block_context":{"text":"Events and Activities","link":"https:\/\/casadecampoliving.com\/category\/events-and-activities\/"},"img":{"alt_text":"pepe fanjul jr.","src":"https:\/\/i0.wp.com\/casadecampoliving.com\/wp-content\/uploads\/2022\/10\/pepe_fanjul_jr-1.jpg?fit=650%2C445&ssl=1&resize=350%2C200","width":350,"height":200,"srcset":"https:\/\/i0.wp.com\/casadecampoliving.com\/wp-content\/uploads\/2022\/10\/pepe_fanjul_jr-1.jpg?fit=650%2C445&ssl=1&resize=350%2C200 1x, https:\/\/i0.wp.com\/casadecampoliving.com\/wp-content\/uploads\/2022\/10\/pepe_fanjul_jr-1.jpg?fit=650%2C445&ssl=1&resize=525%2C300 1.5x"},"classes":[]},{"id":338410,"url":"https:\/\/casadecampoliving.com\/es\/alfy-fanjul-organiza-una-inspiradora-cena-en-casa-grande-para-las-legendas-del-beisbol-latino\/","url_meta":{"origin":343926,"position":1},"title":"Alfy Fanjul organiza una inspiradora cena en Casa Grande para las legendas del b\u00e9isbol latino","author":"","date":"19 Feb, 2012","format":false,"excerpt":"A\u00fan cuando las celebraciones que se realizaron en torno a la tercera exaltaci\u00f3n del Sal\u00f3n de la Fama del B\u00e9isbol Latino comenzaron el jueves 9 de febrero con la inauguraci\u00f3n del \"Fan Cave\" en La Marina Casa de Campo y la cena de bienvenida en la villa de Casa de\u2026","rel":"","context":"En \u00abEventos\u00bb","block_context":{"text":"Eventos","link":"https:\/\/casadecampoliving.com\/es\/category\/eventos-es\/"},"img":{"alt_text":"","src":"https:\/\/i0.wp.com\/casadecampoliving.com\/wp-content\/uploads\/2022\/10\/don_felipe_rojas_alou_pedro_martinez-1.jpg?fit=650%2C457&ssl=1&resize=350%2C200","width":350,"height":200,"srcset":"https:\/\/i0.wp.com\/casadecampoliving.com\/wp-content\/uploads\/2022\/10\/don_felipe_rojas_alou_pedro_martinez-1.jpg?fit=650%2C457&ssl=1&resize=350%2C200 1x, https:\/\/i0.wp.com\/casadecampoliving.com\/wp-content\/uploads\/2022\/10\/don_felipe_rojas_alou_pedro_martinez-1.jpg?fit=650%2C457&ssl=1&resize=525%2C300 1.5x"},"classes":[]},{"id":338268,"url":"https:\/\/casadecampoliving.com\/es\/el-torneo-de-golf-los-inmortales-su-oportunidad-para-jugar-con-las-estrellas-del-beisbol-latino\/","url_meta":{"origin":343926,"position":2},"title":"El torneo de golf \u00abLos Inmortales\u00bb: Su oportunidad para jugar con las estrellas del b\u00e9isbol latino!","author":"","date":"2 Feb, 2012","format":false,"excerpt":"Desde el 9 al 12 de febrero la III Semana de Celebraci\u00f3n y Exaltaci\u00f3n del Sal\u00f3n de la Fama del B\u00e9isbol Latino 2012, se estar\u00e1 celebrando en Casa de Campo y La Romana, con numerosas ocasiones especiales \u2013 incluyendo el torneo de golf de \u201cLos Inmortales\u201d, que se jugar\u00e1 el\u2026","rel":"","context":"En \u00abAltos de Chavon @es\u00bb","block_context":{"text":"Altos de Chavon @es","link":"https:\/\/casadecampoliving.com\/category\/altos-de-chavon-es\/"},"img":{"alt_text":"salon de la fama golf tournament","src":"https:\/\/i0.wp.com\/casadecampoliving.com\/wp-content\/uploads\/2022\/10\/salon_de_la_fama_golf1-1.jpg?fit=650%2C400&ssl=1&resize=350%2C200","width":350,"height":200,"srcset":"https:\/\/i0.wp.com\/casadecampoliving.com\/wp-content\/uploads\/2022\/10\/salon_de_la_fama_golf1-1.jpg?fit=650%2C400&ssl=1&resize=350%2C200 1x, https:\/\/i0.wp.com\/casadecampoliving.com\/wp-content\/uploads\/2022\/10\/salon_de_la_fama_golf1-1.jpg?fit=650%2C400&ssl=1&resize=525%2C300 1.5x"},"classes":[]},{"id":338298,"url":"https:\/\/casadecampoliving.com\/es\/el-torneo-de-golf-los-inmortales-incluye-tarifa-especial-de-solo-us195-por-participar-solamente-en-el-juego\/","url_meta":{"origin":343926,"position":3},"title":"El torneo de golf \u00abLos Inmortales\u00bb incluye tarifa especial de s\u00f3lo US$195 por participar solamente en el juego!","author":"","date":"7 Feb, 2012","format":false,"excerpt":"Del jueves al s\u00e1bado de esta semana, la tercera edici\u00f3n de celebraci\u00f3n y exaltaci\u00f3n al Sal\u00f3n de la Fama del B\u00e9isbol Latino 2012, tendr\u00e1 lugar en Casa de Campo con una serie de eventos especiales, incluyendo el torneo de golf \u201cLos Inmortales\u201d, este s\u00e1bado 11 de febrero.\u00a0 Para aquellos amantes\u2026","rel":"","context":"En \u00abDeportes\u00bb","block_context":{"text":"Deportes","link":"https:\/\/casadecampoliving.com\/es\/category\/golf-deportes-es\/"},"img":{"alt_text":"salon de la fama golf tournament","src":"https:\/\/i0.wp.com\/casadecampoliving.com\/wp-content\/uploads\/2022\/10\/salon_de_la_fama_golf1-1.jpg?fit=650%2C400&ssl=1&resize=350%2C200","width":350,"height":200,"srcset":"https:\/\/i0.wp.com\/casadecampoliving.com\/wp-content\/uploads\/2022\/10\/salon_de_la_fama_golf1-1.jpg?fit=650%2C400&ssl=1&resize=350%2C200 1x, https:\/\/i0.wp.com\/casadecampoliving.com\/wp-content\/uploads\/2022\/10\/salon_de_la_fama_golf1-1.jpg?fit=650%2C400&ssl=1&resize=525%2C300 1.5x"},"classes":[]},{"id":346795,"url":"https:\/\/casadecampoliving.com\/es\/cena-pedro-martinez-casa-grande-2\/","url_meta":{"origin":343926,"position":4},"title":"Cena con Pedro Mart\u00ednez en Casa Grande","author":"Perkin Agramonte","date":"3 Mar, 2015","format":false,"excerpt":"El viernes 7 de febrero una gran cantidad de due\u00f1os de villas y residentes de\u00a0Casa de Campo, grandes peloteros\u00a0latinos retirados y activos\u00a0disfrutaron de uno de los eventos m\u00e1s glamurosos de la m\u00e1s reciente semana de celebraciones del Sal\u00f3n de la Fama del B\u00e9isbol Latino en torno a la Sexta Gran\u2026","rel":"","context":"En \u00abCasa de Campo Living @es\u00bb","block_context":{"text":"Casa de Campo Living @es","link":"https:\/\/casadecampoliving.com\/category\/casa-de-campo-living-es\/"},"img":{"alt_text":"SFBL Casa Grande","src":"https:\/\/i0.wp.com\/casadecampoliving.com\/wp-content\/uploads\/2022\/10\/SFBL_Casa_Grande1.jpg?fit=800%2C533&ssl=1&resize=350%2C200","width":350,"height":200,"srcset":"https:\/\/i0.wp.com\/casadecampoliving.com\/wp-content\/uploads\/2022\/10\/SFBL_Casa_Grande1.jpg?fit=800%2C533&ssl=1&resize=350%2C200 1x, https:\/\/i0.wp.com\/casadecampoliving.com\/wp-content\/uploads\/2022\/10\/SFBL_Casa_Grande1.jpg?fit=800%2C533&ssl=1&resize=525%2C300 1.5x, https:\/\/i0.wp.com\/casadecampoliving.com\/wp-content\/uploads\/2022\/10\/SFBL_Casa_Grande1.jpg?fit=800%2C533&ssl=1&resize=700%2C400 2x"},"classes":[]},{"id":338143,"url":"https:\/\/casadecampoliving.com\/es\/la-3era-exaltacion-al-salon-de-la-fama-del-beisbol-latino-del-9-al-12-de-febrero\/","url_meta":{"origin":343926,"position":5},"title":"La 3era Exaltaci\u00f3n al Sal\u00f3n de la Fama del B\u00e9isbol Latino: del 9 al 12 de febrero!","author":"","date":"23 Ene, 2012","format":false,"excerpt":"La tercera edici\u00f3n de la semana que celebrar\u00e1 la exaltaci\u00f3n al Sal\u00f3n de la Fama del B\u00e9isbol Latino, este 2012 ser\u00e1 celebrado en Casa de Campo y La Romana del 9 al 12 de enero, con un programa de eventos y actividades conmemorativos, que culminaran con la Ceremonia de Exaltaci\u00f3n\u2026","rel":"","context":"En \u00abAltos de Chavon @es\u00bb","block_context":{"text":"Altos de Chavon @es","link":"https:\/\/casadecampoliving.com\/category\/altos-de-chavon-es\/"},"img":{"alt_text":"latino baseball hall of fame","src":"https:\/\/i0.wp.com\/casadecampoliving.com\/wp-content\/uploads\/2022\/10\/lantino_baseball_hall_of_fame-1.jpg?fit=650%2C276&ssl=1&resize=350%2C200","width":350,"height":200,"srcset":"https:\/\/i0.wp.com\/casadecampoliving.com\/wp-content\/uploads\/2022\/10\/lantino_baseball_hall_of_fame-1.jpg?fit=650%2C276&ssl=1&resize=350%2C200 1x, https:\/\/i0.wp.com\/casadecampoliving.com\/wp-content\/uploads\/2022\/10\/lantino_baseball_hall_of_fame-1.jpg?fit=650%2C276&ssl=1&resize=525%2C300 1.5x"},"classes":[]}],"jetpack_sharing_enabled":true,"_links":{"self":[{"href":"https:\/\/casadecampoliving.com\/es\/wp-json\/wp\/v2\/posts\/343926","targetHints":{"allow":["GET"]}}],"collection":[{"href":"https:\/\/casadecampoliving.com\/es\/wp-json\/wp\/v2\/posts"}],"about":[{"href":"https:\/\/casadecampoliving.com\/es\/wp-json\/wp\/v2\/types\/post"}],"author":[{"embeddable":true,"href":"https:\/\/casadecampoliving.com\/es\/wp-json\/wp\/v2\/users\/1097"}],"replies":[{"embeddable":true,"href":"https:\/\/casadecampoliving.com\/es\/wp-json\/wp\/v2\/comments?post=343926"}],"version-history":[{"count":2,"href":"https:\/\/casadecampoliving.com\/es\/wp-json\/wp\/v2\/posts\/343926\/revisions"}],"predecessor-version":[{"id":509462,"href":"https:\/\/casadecampoliving.com\/es\/wp-json\/wp\/v2\/posts\/343926\/revisions\/509462"}],"wp:featuredmedia":[{"embeddable":true,"href":"https:\/\/casadecampoliving.com\/es\/wp-json\/wp\/v2\/media\/266892"}],"wp:attachment":[{"href":"https:\/\/casadecampoliving.com\/es\/wp-json\/wp\/v2\/media?parent=343926"}],"wp:term":[{"taxonomy":"category","embeddable":true,"href":"https:\/\/casadecampoliving.com\/es\/wp-json\/wp\/v2\/categories?post=343926"},{"taxonomy":"post_tag","embeddable":true,"href":"https:\/\/casadecampoliving.com\/es\/wp-json\/wp\/v2\/tags?post=343926"},{"taxonomy":"newspack_spnsrs_tax","embeddable":true,"href":"https:\/\/casadecampoliving.com\/es\/wp-json\/wp\/v2\/newspack_spnsrs_tax?post=343926"}],"curies":[{"name":"wp","href":"https:\/\/api.w.org\/{rel}","templated":true}]}}