{"id":343920,"date":"2014-02-21T00:00:00","date_gmt":"2014-02-21T04:00:00","guid":{"rendered":"https:\/\/casadecampoliving.com\/esta-semana-en-la-republica-dominicana-rolando-gonzalez\/"},"modified":"2022-10-21T18:49:20","modified_gmt":"2022-10-21T22:49:20","slug":"esta-semana-en-la-republica-dominicana-rolando-gonzalez","status":"publish","type":"post","link":"https:\/\/casadecampoliving.com\/es\/esta-semana-en-la-republica-dominicana-rolando-gonzalez\/","title":{"rendered":"Esta Semana en la Rep\u00fablica Dominicana: Rolando Gonzalez-Bunster empieza la construcci\u00f3n de una nueva estaci\u00f3n de gas natural"},"content":{"rendered":"<div class=\"wp-block-image\">\n<figure class=\"aligncenter is-resized\"><img loading=\"lazy\" decoding=\"async\" src=\"https:\/\/i0.wp.com\/casadecampoliving.com\/wp-content\/uploads\/2022\/10\/rolando_gonzalez_bunster-1.jpg?resize=650%2C366&amp;ssl=1\" alt=\"rolando gonzalez bunster\" class=\"wp-image-86265\" height=\"366\" width=\"650\"\/><\/figure>\n<\/div>\n\n\n<p>En la presente entrega de \u201cesta Semana en la Rep\u00fablica Dominicana\u201d aprenderemos acerca del nuevo proyecto de gas natural en San Pedro, la inauguraci\u00f3n de 13 nuevas escuelas esta semana y el proyecto de una granja en el area del Lago Enriquillo.<\/p>\n\n\n\n<!--more-->\n\n\n\n<h3 class=\"wp-block-heading\">Empiezan trabajos para terminal de gas natural en San Pedro<\/h3>\n\n\n\n<p>Una innovadora ceremonia se celebr\u00f3 a principios de semana para marcar el inicio de la construcci\u00f3n de una terminal de gas natural en San Pedro de Macoris, una ciudad ubicada aproximadamente a 30 minutos al este de Casa de Campo y La Romana.<\/p>\n\n\n\n<p>Asistiendo a este evento estuvieron el Presidente Danilo Medina y los ejecutivos del grupo Antillean Gas, Ltd, entre ellos Rolando Gonzalez vicepresidente de Antillean Gas y propietario de villa en casa de Campo.<\/p>\n\n\n\n<p>La construcci\u00f3n de esta estaci\u00f3n de gas natural que costar\u00e1 RD$13.0 billion (US$302.3 million), una inversi\u00f3n que significara mayores ahorros para la Rep\u00fablica Dominicana, dando resultado precios m\u00e1s competitivos y el suministro el\u00e9ctrico garantizado.<\/p>\n\n\n\n<p>Rolando Gonzalez afirm\u00f3 que esta nueva planta crear\u00e1 combustible m\u00e1s limpio y barato. \u201cNos sentimos agradecidos por el voto de confianza tanto del Gobierno Dominicano como de las comunidades de negocios, ya que esta gran inversi\u00f3n traer\u00e1 buenos resultados al sistema energ\u00e9tico, al sector industrial y al pa\u00eds en general,\u201d a\u00f1adi\u00f3.<\/p>\n\n\n\n<h3 class=\"wp-block-heading\">13 nuevas escuela inauguradas<\/h3>\n\n\n\n<p>Esta semana un &nbsp;total de 13 nuevas escuelas fueron inauguradas en la Rep\u00fablica Dominicana, 5 de las cuales recibieron la visita del Presidente de la Rep\u00fablica Dominicana Danilo Medina para las ceremonias del corte de la cinta, construidas con un total de RD$172.0 millones en la provincia Duarte.<\/p>\n\n\n\n<p>La apertura de estas escuelas en la provincia Duarte les dar\u00e1 acceso a los ni\u00f1os de las familias m\u00e1s pobres de tener una buena educaci\u00f3n, una parte muy esencial para el crecimiento del pa\u00eds.<\/p>\n\n\n\n<h3 class=\"wp-block-heading\">Nuevas granjas en el lago Enriquillo<\/h3>\n\n\n\n<p>Radhames Valenzuela, Director del Instituto Agrario Dominicano (IAD) anunci\u00f3 el lunes de esta semana que 8 proyectos gubernamentales en el \u00e1rea del Lago Enriquillo al sureste de la Rep\u00fablica Dominicana se encuentra ahora a 80% de desarrollo.<\/p>\n\n\n\n<p>Estos proyectos buscan ayudar miles de familias, quienes fueron desplazados de sus viviendas debido a las inundaciones, inundaciones que causaron numerosos da\u00f1os a las granjas y ganados. La familias de estas \u00e1reas desafortunadamente lo perdieron todo.<\/p>\n\n\n\n<p>Los proyectos son crear nuevas granjas \u2013 para huertos familiares, as\u00ed como para plantaciones de ma\u00edz. Todas estas \u00e1reas est\u00e1n siendo equipadas con modernos equipos de riego y embalses para almacenar agua.<\/p>\n\n\n\n<p><em><strong>\u201cEsta Semana en la Rep\u00fablica Dominicana\u201d<\/strong> <\/em>es una nueva columna informativa para Casa de Campo living as\u00ed que si tiene alg\u00fan comentario o sugerencia, nos encantar\u00eda saberlo \u2013 por favor utilize el formulario mas abajo.<\/p>\n","protected":false},"excerpt":{"rendered":"<p>En la presente entrega de \u201cesta Semana en la Rep\u00fablica Dominicana\u201d aprenderemos acerca del nuevo proyecto de gas natural en San Pedro, la inauguraci\u00f3n de 13 nuevas escuelas esta semana y el proyecto de una granja en el area del Lago Enriquillo.<\/p>\n","protected":false},"author":1097,"featured_media":266835,"comment_status":"closed","ping_status":"closed","sticky":false,"template":"","format":"standard","meta":{"newspack_ads_suppress_ads":false,"newspack_popups_has_disabled_popups":false,"newspack_sponsor_sponsorship_scope":"","newspack_sponsor_native_byline_display":"inherit","newspack_sponsor_native_category_display":"inherit","newspack_sponsor_underwriter_style":"inherit","newspack_sponsor_underwriter_placement":"inherit","_newspack_byline_active":false,"_newspack_byline":"","newspack_hide_updated_date":false,"newspack_show_updated_date":false,"newspack_content_restriction_is_exempt":false,"newspack_featured_image_position":"","newspack_post_subtitle":"","newspack_article_summary_title":"Overview:","newspack_article_summary":"","_jetpack_memberships_contains_paid_content":false,"footnotes":"","jetpack_publicize_message":"","jetpack_publicize_feature_enabled":true,"jetpack_social_post_already_shared":false,"jetpack_social_options":{"image_generator_settings":{"template":"highway","default_image_id":0,"font":"","enabled":false},"version":2},"_wpas_customize_per_network":false},"categories":[26936,26951,2524,14631,2506,14625,2521,26822],"tags":[3773,8365,14777,6248],"newspack_spnsrs_tax":[],"class_list":["post-343920","post","type-post","status-publish","format-standard","has-post-thumbnail","hentry","category-casa-de-campo-living-es","category-ccl-presenta","category-destacados","category-estilo-de-vida","category-mas-alla-de-casa-es","category-noticias-locales","category-republica-dominicana-2","category-resort-casa-de-campo","tag-danilo-medina","tag-esta-semana-en-la-republica-dominicana","tag-republica-dominicana-es-18","tag-rolando-gonzalez-bunster-es","entry"],"yoast_head":"<!-- This site is optimized with the Yoast SEO plugin v27.5 - https:\/\/yoast.com\/product\/yoast-seo-wordpress\/ -->\n<title>Esta Semana en la Rep\u00fablica Dominicana: Rolando Gonzalez-Bunster empieza la construcci\u00f3n de una nueva estaci\u00f3n de gas natural | Casa de Campo Living<\/title>\n<meta name=\"description\" content=\"En la presente entrega de \u201cesta Semana en la Rep\u00fablica Dominicana\u201d aprenderemos acerca del nuevo proyecto de gas natural en San Pedro, la inauguraci\u00f3n de\" \/>\n<meta name=\"robots\" content=\"index, follow, max-snippet:-1, max-image-preview:large, max-video-preview:-1\" \/>\n<link rel=\"canonical\" href=\"https:\/\/casadecampoliving.com\/es\/esta-semana-en-la-republica-dominicana-rolando-gonzalez\/\" \/>\n<meta property=\"og:locale\" content=\"es_ES\" \/>\n<meta property=\"og:type\" content=\"article\" \/>\n<meta property=\"og:title\" content=\"Esta Semana en la Rep\u00fablica Dominicana: Rolando Gonzalez-Bunster empieza la construcci\u00f3n de una nueva estaci\u00f3n de gas natural | Casa de Campo Living\" \/>\n<meta property=\"og:description\" content=\"En la presente entrega de \u201cesta Semana en la Rep\u00fablica Dominicana\u201d aprenderemos acerca del nuevo proyecto de gas natural en San Pedro, la inauguraci\u00f3n de\" \/>\n<meta property=\"og:url\" content=\"https:\/\/casadecampoliving.com\/es\/esta-semana-en-la-republica-dominicana-rolando-gonzalez\/\" \/>\n<meta property=\"og:site_name\" content=\"Casa de Campo Living\" \/>\n<meta property=\"article:publisher\" content=\"https:\/\/www.facebook.com\/casadecampoliving\" \/>\n<meta property=\"article:published_time\" content=\"2014-02-21T04:00:00+00:00\" \/>\n<meta property=\"article:modified_time\" content=\"2022-10-21T22:49:20+00:00\" \/>\n<meta property=\"og:image\" content=\"https:\/\/i0.wp.com\/casadecampoliving.com\/wp-content\/uploads\/2022\/10\/rolando_gonzalez_bunster-2.jpg?fit=650%2C366&ssl=1\" \/>\n\t<meta property=\"og:image:width\" content=\"650\" \/>\n\t<meta property=\"og:image:height\" content=\"366\" \/>\n\t<meta property=\"og:image:type\" content=\"image\/jpeg\" \/>\n<meta name=\"author\" content=\"Perkin Agramonte\" \/>\n<meta name=\"twitter:card\" content=\"summary_large_image\" \/>\n<meta name=\"twitter:creator\" content=\"@cdcliving\" \/>\n<meta name=\"twitter:site\" content=\"@cdcliving\" \/>\n<meta name=\"twitter:label1\" content=\"Escrito por\" \/>\n\t<meta name=\"twitter:data1\" content=\"Perkin Agramonte\" \/>\n\t<meta name=\"twitter:label2\" content=\"Tiempo de lectura\" \/>\n\t<meta name=\"twitter:data2\" content=\"2 minutos\" \/>\n<script type=\"application\/ld+json\" class=\"yoast-schema-graph\">{\"@context\":\"https:\\\/\\\/schema.org\",\"@graph\":[{\"@type\":\"Article\",\"@id\":\"https:\\\/\\\/casadecampoliving.com\\\/es\\\/esta-semana-en-la-republica-dominicana-rolando-gonzalez\\\/#article\",\"isPartOf\":{\"@id\":\"https:\\\/\\\/casadecampoliving.com\\\/es\\\/esta-semana-en-la-republica-dominicana-rolando-gonzalez\\\/\"},\"author\":{\"name\":\"Perkin Agramonte\",\"@id\":\"https:\\\/\\\/casadecampoliving.com\\\/es\\\/#\\\/schema\\\/person\\\/c8efa6049510554b7d5fea078d728f72\"},\"headline\":\"Esta Semana en la Rep\u00fablica Dominicana: Rolando Gonzalez-Bunster empieza la construcci\u00f3n de una nueva estaci\u00f3n de gas natural\",\"datePublished\":\"2014-02-21T04:00:00+00:00\",\"dateModified\":\"2022-10-21T22:49:20+00:00\",\"mainEntityOfPage\":{\"@id\":\"https:\\\/\\\/casadecampoliving.com\\\/es\\\/esta-semana-en-la-republica-dominicana-rolando-gonzalez\\\/\"},\"wordCount\":485,\"publisher\":{\"@id\":\"https:\\\/\\\/casadecampoliving.com\\\/es\\\/#organization\"},\"image\":{\"@id\":\"https:\\\/\\\/casadecampoliving.com\\\/es\\\/esta-semana-en-la-republica-dominicana-rolando-gonzalez\\\/#primaryimage\"},\"thumbnailUrl\":\"https:\\\/\\\/i0.wp.com\\\/casadecampoliving.com\\\/wp-content\\\/uploads\\\/2022\\\/10\\\/rolando_gonzalez_bunster-2.jpg?fit=650%2C366&ssl=1\",\"keywords\":[\"danilo medina\",\"esta semana en la republica dominicana\",\"Republica Dominicana\",\"rolando gonzalez-bunster @es\"],\"articleSection\":[\"Casa de Campo Living @es\",\"CCL presenta\",\"Destacados\",\"Estilo de Vida\",\"M\u00e1s all\u00e1 de Casa\",\"Noticias Locales\",\"Rep\u00fablica Dominicana @es\",\"Resort Casa de Campo\"],\"inLanguage\":\"es\"},{\"@type\":\"WebPage\",\"@id\":\"https:\\\/\\\/casadecampoliving.com\\\/es\\\/esta-semana-en-la-republica-dominicana-rolando-gonzalez\\\/\",\"url\":\"https:\\\/\\\/casadecampoliving.com\\\/es\\\/esta-semana-en-la-republica-dominicana-rolando-gonzalez\\\/\",\"name\":\"Esta Semana en la Rep\u00fablica Dominicana: Rolando Gonzalez-Bunster empieza la construcci\u00f3n de una nueva estaci\u00f3n de gas natural | Casa de Campo Living\",\"isPartOf\":{\"@id\":\"https:\\\/\\\/casadecampoliving.com\\\/es\\\/#website\"},\"primaryImageOfPage\":{\"@id\":\"https:\\\/\\\/casadecampoliving.com\\\/es\\\/esta-semana-en-la-republica-dominicana-rolando-gonzalez\\\/#primaryimage\"},\"image\":{\"@id\":\"https:\\\/\\\/casadecampoliving.com\\\/es\\\/esta-semana-en-la-republica-dominicana-rolando-gonzalez\\\/#primaryimage\"},\"thumbnailUrl\":\"https:\\\/\\\/i0.wp.com\\\/casadecampoliving.com\\\/wp-content\\\/uploads\\\/2022\\\/10\\\/rolando_gonzalez_bunster-2.jpg?fit=650%2C366&ssl=1\",\"datePublished\":\"2014-02-21T04:00:00+00:00\",\"dateModified\":\"2022-10-21T22:49:20+00:00\",\"description\":\"En la presente entrega de \u201cesta Semana en la Rep\u00fablica Dominicana\u201d aprenderemos acerca del nuevo proyecto de gas natural en San Pedro, la inauguraci\u00f3n de\",\"breadcrumb\":{\"@id\":\"https:\\\/\\\/casadecampoliving.com\\\/es\\\/esta-semana-en-la-republica-dominicana-rolando-gonzalez\\\/#breadcrumb\"},\"inLanguage\":\"es\",\"potentialAction\":[{\"@type\":\"ReadAction\",\"target\":[\"https:\\\/\\\/casadecampoliving.com\\\/es\\\/esta-semana-en-la-republica-dominicana-rolando-gonzalez\\\/\"]}]},{\"@type\":\"ImageObject\",\"inLanguage\":\"es\",\"@id\":\"https:\\\/\\\/casadecampoliving.com\\\/es\\\/esta-semana-en-la-republica-dominicana-rolando-gonzalez\\\/#primaryimage\",\"url\":\"https:\\\/\\\/i0.wp.com\\\/casadecampoliving.com\\\/wp-content\\\/uploads\\\/2022\\\/10\\\/rolando_gonzalez_bunster-2.jpg?fit=650%2C366&ssl=1\",\"contentUrl\":\"https:\\\/\\\/i0.wp.com\\\/casadecampoliving.com\\\/wp-content\\\/uploads\\\/2022\\\/10\\\/rolando_gonzalez_bunster-2.jpg?fit=650%2C366&ssl=1\",\"width\":650,\"height\":366,\"caption\":\"rolando gonzalez bunster\"},{\"@type\":\"BreadcrumbList\",\"@id\":\"https:\\\/\\\/casadecampoliving.com\\\/es\\\/esta-semana-en-la-republica-dominicana-rolando-gonzalez\\\/#breadcrumb\",\"itemListElement\":[{\"@type\":\"ListItem\",\"position\":1,\"name\":\"Home\",\"item\":\"https:\\\/\\\/casadecampoliving.com\\\/es\\\/\"},{\"@type\":\"ListItem\",\"position\":2,\"name\":\"Esta Semana en la Rep\u00fablica Dominicana: Rolando Gonzalez-Bunster empieza la construcci\u00f3n de una nueva estaci\u00f3n de gas natural\"}]},{\"@type\":\"WebSite\",\"@id\":\"https:\\\/\\\/casadecampoliving.com\\\/es\\\/#website\",\"url\":\"https:\\\/\\\/casadecampoliving.com\\\/es\\\/\",\"name\":\"Casa de Campo Living\",\"description\":\"Resort community news and resources.\",\"publisher\":{\"@id\":\"https:\\\/\\\/casadecampoliving.com\\\/es\\\/#organization\"},\"potentialAction\":[{\"@type\":\"SearchAction\",\"target\":{\"@type\":\"EntryPoint\",\"urlTemplate\":\"https:\\\/\\\/casadecampoliving.com\\\/es\\\/?s={search_term_string}\"},\"query-input\":{\"@type\":\"PropertyValueSpecification\",\"valueRequired\":true,\"valueName\":\"search_term_string\"}}],\"inLanguage\":\"es\"},{\"@type\":\"Organization\",\"@id\":\"https:\\\/\\\/casadecampoliving.com\\\/es\\\/#organization\",\"name\":\"Casa de Campo Living\",\"url\":\"https:\\\/\\\/casadecampoliving.com\\\/es\\\/\",\"logo\":{\"@type\":\"ImageObject\",\"inLanguage\":\"es\",\"@id\":\"https:\\\/\\\/casadecampoliving.com\\\/es\\\/#\\\/schema\\\/logo\\\/image\\\/\",\"url\":\"https:\\\/\\\/i0.wp.com\\\/casadecampoliving.com\\\/wp-content\\\/uploads\\\/2022\\\/07\\\/CDCLivingLogo_V1-white-sized.png?fit=800%2C214&ssl=1\",\"contentUrl\":\"https:\\\/\\\/i0.wp.com\\\/casadecampoliving.com\\\/wp-content\\\/uploads\\\/2022\\\/07\\\/CDCLivingLogo_V1-white-sized.png?fit=800%2C214&ssl=1\",\"width\":800,\"height\":214,\"caption\":\"Casa de Campo Living\"},\"image\":{\"@id\":\"https:\\\/\\\/casadecampoliving.com\\\/es\\\/#\\\/schema\\\/logo\\\/image\\\/\"},\"sameAs\":[\"https:\\\/\\\/www.facebook.com\\\/casadecampoliving\",\"https:\\\/\\\/x.com\\\/cdcliving\"]},{\"@type\":\"Person\",\"@id\":\"https:\\\/\\\/casadecampoliving.com\\\/es\\\/#\\\/schema\\\/person\\\/c8efa6049510554b7d5fea078d728f72\",\"name\":\"Perkin Agramonte\",\"image\":{\"@type\":\"ImageObject\",\"inLanguage\":\"es\",\"@id\":\"https:\\\/\\\/secure.gravatar.com\\\/avatar\\\/57bfdafcae55fb83dbb79a1585a9eab7f269b7720fb0b64cb9a4e0cd2962fa10?s=96&d=mm&r=g\",\"url\":\"https:\\\/\\\/secure.gravatar.com\\\/avatar\\\/57bfdafcae55fb83dbb79a1585a9eab7f269b7720fb0b64cb9a4e0cd2962fa10?s=96&d=mm&r=g\",\"contentUrl\":\"https:\\\/\\\/secure.gravatar.com\\\/avatar\\\/57bfdafcae55fb83dbb79a1585a9eab7f269b7720fb0b64cb9a4e0cd2962fa10?s=96&d=mm&r=g\",\"caption\":\"Perkin Agramonte\"},\"url\":\"https:\\\/\\\/casadecampoliving.com\\\/es\\\/author\\\/cagramonte\\\/\"}]}<\/script>\n<!-- \/ Yoast SEO plugin. -->","yoast_head_json":{"title":"Esta Semana en la Rep\u00fablica Dominicana: Rolando Gonzalez-Bunster empieza la construcci\u00f3n de una nueva estaci\u00f3n de gas natural | Casa de Campo Living","description":"En la presente entrega de \u201cesta Semana en la Rep\u00fablica Dominicana\u201d aprenderemos acerca del nuevo proyecto de gas natural en San Pedro, la inauguraci\u00f3n de","robots":{"index":"index","follow":"follow","max-snippet":"max-snippet:-1","max-image-preview":"max-image-preview:large","max-video-preview":"max-video-preview:-1"},"canonical":"https:\/\/casadecampoliving.com\/es\/esta-semana-en-la-republica-dominicana-rolando-gonzalez\/","og_locale":"es_ES","og_type":"article","og_title":"Esta Semana en la Rep\u00fablica Dominicana: Rolando Gonzalez-Bunster empieza la construcci\u00f3n de una nueva estaci\u00f3n de gas natural | Casa de Campo Living","og_description":"En la presente entrega de \u201cesta Semana en la Rep\u00fablica Dominicana\u201d aprenderemos acerca del nuevo proyecto de gas natural en San Pedro, la inauguraci\u00f3n de","og_url":"https:\/\/casadecampoliving.com\/es\/esta-semana-en-la-republica-dominicana-rolando-gonzalez\/","og_site_name":"Casa de Campo Living","article_publisher":"https:\/\/www.facebook.com\/casadecampoliving","article_published_time":"2014-02-21T04:00:00+00:00","article_modified_time":"2022-10-21T22:49:20+00:00","og_image":[{"width":650,"height":366,"url":"https:\/\/i0.wp.com\/casadecampoliving.com\/wp-content\/uploads\/2022\/10\/rolando_gonzalez_bunster-2.jpg?fit=650%2C366&ssl=1","type":"image\/jpeg"}],"author":"Perkin Agramonte","twitter_card":"summary_large_image","twitter_creator":"@cdcliving","twitter_site":"@cdcliving","twitter_misc":{"Escrito por":"Perkin Agramonte","Tiempo de lectura":"2 minutos"},"schema":{"@context":"https:\/\/schema.org","@graph":[{"@type":"Article","@id":"https:\/\/casadecampoliving.com\/es\/esta-semana-en-la-republica-dominicana-rolando-gonzalez\/#article","isPartOf":{"@id":"https:\/\/casadecampoliving.com\/es\/esta-semana-en-la-republica-dominicana-rolando-gonzalez\/"},"author":{"name":"Perkin Agramonte","@id":"https:\/\/casadecampoliving.com\/es\/#\/schema\/person\/c8efa6049510554b7d5fea078d728f72"},"headline":"Esta Semana en la Rep\u00fablica Dominicana: Rolando Gonzalez-Bunster empieza la construcci\u00f3n de una nueva estaci\u00f3n de gas natural","datePublished":"2014-02-21T04:00:00+00:00","dateModified":"2022-10-21T22:49:20+00:00","mainEntityOfPage":{"@id":"https:\/\/casadecampoliving.com\/es\/esta-semana-en-la-republica-dominicana-rolando-gonzalez\/"},"wordCount":485,"publisher":{"@id":"https:\/\/casadecampoliving.com\/es\/#organization"},"image":{"@id":"https:\/\/casadecampoliving.com\/es\/esta-semana-en-la-republica-dominicana-rolando-gonzalez\/#primaryimage"},"thumbnailUrl":"https:\/\/i0.wp.com\/casadecampoliving.com\/wp-content\/uploads\/2022\/10\/rolando_gonzalez_bunster-2.jpg?fit=650%2C366&ssl=1","keywords":["danilo medina","esta semana en la republica dominicana","Republica Dominicana","rolando gonzalez-bunster @es"],"articleSection":["Casa de Campo Living @es","CCL presenta","Destacados","Estilo de Vida","M\u00e1s all\u00e1 de Casa","Noticias Locales","Rep\u00fablica Dominicana @es","Resort Casa de Campo"],"inLanguage":"es"},{"@type":"WebPage","@id":"https:\/\/casadecampoliving.com\/es\/esta-semana-en-la-republica-dominicana-rolando-gonzalez\/","url":"https:\/\/casadecampoliving.com\/es\/esta-semana-en-la-republica-dominicana-rolando-gonzalez\/","name":"Esta Semana en la Rep\u00fablica Dominicana: Rolando Gonzalez-Bunster empieza la construcci\u00f3n de una nueva estaci\u00f3n de gas natural | Casa de Campo Living","isPartOf":{"@id":"https:\/\/casadecampoliving.com\/es\/#website"},"primaryImageOfPage":{"@id":"https:\/\/casadecampoliving.com\/es\/esta-semana-en-la-republica-dominicana-rolando-gonzalez\/#primaryimage"},"image":{"@id":"https:\/\/casadecampoliving.com\/es\/esta-semana-en-la-republica-dominicana-rolando-gonzalez\/#primaryimage"},"thumbnailUrl":"https:\/\/i0.wp.com\/casadecampoliving.com\/wp-content\/uploads\/2022\/10\/rolando_gonzalez_bunster-2.jpg?fit=650%2C366&ssl=1","datePublished":"2014-02-21T04:00:00+00:00","dateModified":"2022-10-21T22:49:20+00:00","description":"En la presente entrega de \u201cesta Semana en la Rep\u00fablica Dominicana\u201d aprenderemos acerca del nuevo proyecto de gas natural en San Pedro, la inauguraci\u00f3n de","breadcrumb":{"@id":"https:\/\/casadecampoliving.com\/es\/esta-semana-en-la-republica-dominicana-rolando-gonzalez\/#breadcrumb"},"inLanguage":"es","potentialAction":[{"@type":"ReadAction","target":["https:\/\/casadecampoliving.com\/es\/esta-semana-en-la-republica-dominicana-rolando-gonzalez\/"]}]},{"@type":"ImageObject","inLanguage":"es","@id":"https:\/\/casadecampoliving.com\/es\/esta-semana-en-la-republica-dominicana-rolando-gonzalez\/#primaryimage","url":"https:\/\/i0.wp.com\/casadecampoliving.com\/wp-content\/uploads\/2022\/10\/rolando_gonzalez_bunster-2.jpg?fit=650%2C366&ssl=1","contentUrl":"https:\/\/i0.wp.com\/casadecampoliving.com\/wp-content\/uploads\/2022\/10\/rolando_gonzalez_bunster-2.jpg?fit=650%2C366&ssl=1","width":650,"height":366,"caption":"rolando gonzalez bunster"},{"@type":"BreadcrumbList","@id":"https:\/\/casadecampoliving.com\/es\/esta-semana-en-la-republica-dominicana-rolando-gonzalez\/#breadcrumb","itemListElement":[{"@type":"ListItem","position":1,"name":"Home","item":"https:\/\/casadecampoliving.com\/es\/"},{"@type":"ListItem","position":2,"name":"Esta Semana en la Rep\u00fablica Dominicana: Rolando Gonzalez-Bunster empieza la construcci\u00f3n de una nueva estaci\u00f3n de gas natural"}]},{"@type":"WebSite","@id":"https:\/\/casadecampoliving.com\/es\/#website","url":"https:\/\/casadecampoliving.com\/es\/","name":"Casa de Campo Living","description":"Resort community news and resources.","publisher":{"@id":"https:\/\/casadecampoliving.com\/es\/#organization"},"potentialAction":[{"@type":"SearchAction","target":{"@type":"EntryPoint","urlTemplate":"https:\/\/casadecampoliving.com\/es\/?s={search_term_string}"},"query-input":{"@type":"PropertyValueSpecification","valueRequired":true,"valueName":"search_term_string"}}],"inLanguage":"es"},{"@type":"Organization","@id":"https:\/\/casadecampoliving.com\/es\/#organization","name":"Casa de Campo Living","url":"https:\/\/casadecampoliving.com\/es\/","logo":{"@type":"ImageObject","inLanguage":"es","@id":"https:\/\/casadecampoliving.com\/es\/#\/schema\/logo\/image\/","url":"https:\/\/i0.wp.com\/casadecampoliving.com\/wp-content\/uploads\/2022\/07\/CDCLivingLogo_V1-white-sized.png?fit=800%2C214&ssl=1","contentUrl":"https:\/\/i0.wp.com\/casadecampoliving.com\/wp-content\/uploads\/2022\/07\/CDCLivingLogo_V1-white-sized.png?fit=800%2C214&ssl=1","width":800,"height":214,"caption":"Casa de Campo Living"},"image":{"@id":"https:\/\/casadecampoliving.com\/es\/#\/schema\/logo\/image\/"},"sameAs":["https:\/\/www.facebook.com\/casadecampoliving","https:\/\/x.com\/cdcliving"]},{"@type":"Person","@id":"https:\/\/casadecampoliving.com\/es\/#\/schema\/person\/c8efa6049510554b7d5fea078d728f72","name":"Perkin Agramonte","image":{"@type":"ImageObject","inLanguage":"es","@id":"https:\/\/secure.gravatar.com\/avatar\/57bfdafcae55fb83dbb79a1585a9eab7f269b7720fb0b64cb9a4e0cd2962fa10?s=96&d=mm&r=g","url":"https:\/\/secure.gravatar.com\/avatar\/57bfdafcae55fb83dbb79a1585a9eab7f269b7720fb0b64cb9a4e0cd2962fa10?s=96&d=mm&r=g","contentUrl":"https:\/\/secure.gravatar.com\/avatar\/57bfdafcae55fb83dbb79a1585a9eab7f269b7720fb0b64cb9a4e0cd2962fa10?s=96&d=mm&r=g","caption":"Perkin Agramonte"},"url":"https:\/\/casadecampoliving.com\/es\/author\/cagramonte\/"}]}},"parsely":{"version":"1.1.0","canonical_url":"https:\/\/casadecampoliving.com\/es\/esta-semana-en-la-republica-dominicana-rolando-gonzalez\/","smart_links":{"inbound":0,"outbound":0},"traffic_boost_suggestions_count":0,"meta":{"@context":"https:\/\/schema.org","@type":"NewsArticle","headline":"Esta Semana en la Rep\u00fablica Dominicana: Rolando Gonzalez-Bunster empieza la construcci\u00f3n de una nueva estaci\u00f3n de gas natural","url":"http:\/\/casadecampoliving.com\/es\/esta-semana-en-la-republica-dominicana-rolando-gonzalez\/","mainEntityOfPage":{"@type":"WebPage","@id":"http:\/\/casadecampoliving.com\/es\/esta-semana-en-la-republica-dominicana-rolando-gonzalez\/"},"thumbnailUrl":"https:\/\/i0.wp.com\/casadecampoliving.com\/wp-content\/uploads\/2022\/10\/rolando_gonzalez_bunster-2.jpg?resize=150%2C150&ssl=1","image":{"@type":"ImageObject","url":"https:\/\/i0.wp.com\/casadecampoliving.com\/wp-content\/uploads\/2022\/10\/rolando_gonzalez_bunster-2.jpg?fit=650%2C366&ssl=1"},"articleSection":"CCL presenta","author":[{"@type":"Person","name":"Perkin Agramonte"}],"creator":["Perkin Agramonte"],"publisher":{"@type":"Organization","name":"Casa de Campo Living","logo":"https:\/\/casadecampoliving.com\/wp-content\/uploads\/2022\/07\/CDCLivingLogo_V1-white-sized.png"},"keywords":["danilo medina","esta semana en la republica dominicana","republica dominicana","rolando gonzalez-bunster @es"],"dateCreated":"2014-02-21T04:00:00Z","datePublished":"2014-02-21T04:00:00Z","dateModified":"2022-10-21T22:49:20Z"},"rendered":"<script type=\"application\/ld+json\" class=\"wp-parsely-metadata\">{\"@context\":\"https:\\\/\\\/schema.org\",\"@type\":\"NewsArticle\",\"headline\":\"Esta Semana en la Rep\\u00fablica Dominicana: Rolando Gonzalez-Bunster empieza la construcci\\u00f3n de una nueva estaci\\u00f3n de gas natural\",\"url\":\"http:\\\/\\\/casadecampoliving.com\\\/es\\\/esta-semana-en-la-republica-dominicana-rolando-gonzalez\\\/\",\"mainEntityOfPage\":{\"@type\":\"WebPage\",\"@id\":\"http:\\\/\\\/casadecampoliving.com\\\/es\\\/esta-semana-en-la-republica-dominicana-rolando-gonzalez\\\/\"},\"thumbnailUrl\":\"https:\\\/\\\/i0.wp.com\\\/casadecampoliving.com\\\/wp-content\\\/uploads\\\/2022\\\/10\\\/rolando_gonzalez_bunster-2.jpg?resize=150%2C150&ssl=1\",\"image\":{\"@type\":\"ImageObject\",\"url\":\"https:\\\/\\\/i0.wp.com\\\/casadecampoliving.com\\\/wp-content\\\/uploads\\\/2022\\\/10\\\/rolando_gonzalez_bunster-2.jpg?fit=650%2C366&ssl=1\"},\"articleSection\":\"CCL presenta\",\"author\":[{\"@type\":\"Person\",\"name\":\"Perkin Agramonte\"}],\"creator\":[\"Perkin Agramonte\"],\"publisher\":{\"@type\":\"Organization\",\"name\":\"Casa de Campo Living\",\"logo\":\"https:\\\/\\\/casadecampoliving.com\\\/wp-content\\\/uploads\\\/2022\\\/07\\\/CDCLivingLogo_V1-white-sized.png\"},\"keywords\":[\"danilo medina\",\"esta semana en la republica dominicana\",\"republica dominicana\",\"rolando gonzalez-bunster @es\"],\"dateCreated\":\"2014-02-21T04:00:00Z\",\"datePublished\":\"2014-02-21T04:00:00Z\",\"dateModified\":\"2022-10-21T22:49:20Z\"}<\/script>","tracker_url":"https:\/\/cdn.parsely.com\/keys\/casadecampoliving.com\/p.js"},"jetpack_publicize_connections":[],"jetpack_featured_media_url":"https:\/\/i0.wp.com\/casadecampoliving.com\/wp-content\/uploads\/2022\/10\/rolando_gonzalez_bunster-2.jpg?fit=650%2C366&ssl=1","jetpack-related-posts":[{"id":433460,"url":"https:\/\/casadecampoliving.com\/es\/no-se-pierdan-el-increible-tributo-a-frank-sinatra-para-celebrar-el-40-aniversario-del-anfiteatro-altos-de-chavon\/","url_meta":{"origin":343920,"position":0},"title":"No se pierdan el incre\u00edble tributo a Frank Sinatra para celebrar el 40 aniversario del\u00a0Anfiteatro Altos de Chav\u00f3n","author":"Casa de Campo Living","date":"20 Oct, 2022","format":false,"excerpt":"Siendo uno de los escenarios m\u00e1s emblem\u00e1ticos del pa\u00eds, Casa de Campo Resort\u00ae & Villas celebra las cuatro d\u00e9cadas de aniversario de Altos de Chav\u00f3n con un tributo al gran Frank Sinatra, protagonizado por artistas invitados y una big band tal cual la que acompa\u00f1\u00f3 al artista hace 40 a\u00f1os\u2026","rel":"","context":"En \u00abUncategorized @es\u00bb","block_context":{"text":"Uncategorized @es","link":"https:\/\/casadecampoliving.com\/es\/category\/uncategorized-es\/"},"img":{"alt_text":"","src":"https:\/\/i0.wp.com\/casadecampoliving.com\/wp-content\/uploads\/2022\/10\/Tributo-Frank-Sinatra-Foto-Principal-Amaury-Sanchez-Danilo-Ginebra-Andres-Pichardo-y-Jose-Gabriel-Perez-.jpg?fit=1200%2C873&ssl=1&resize=350%2C200","width":350,"height":200,"srcset":"https:\/\/i0.wp.com\/casadecampoliving.com\/wp-content\/uploads\/2022\/10\/Tributo-Frank-Sinatra-Foto-Principal-Amaury-Sanchez-Danilo-Ginebra-Andres-Pichardo-y-Jose-Gabriel-Perez-.jpg?fit=1200%2C873&ssl=1&resize=350%2C200 1x, https:\/\/i0.wp.com\/casadecampoliving.com\/wp-content\/uploads\/2022\/10\/Tributo-Frank-Sinatra-Foto-Principal-Amaury-Sanchez-Danilo-Ginebra-Andres-Pichardo-y-Jose-Gabriel-Perez-.jpg?fit=1200%2C873&ssl=1&resize=525%2C300 1.5x, https:\/\/i0.wp.com\/casadecampoliving.com\/wp-content\/uploads\/2022\/10\/Tributo-Frank-Sinatra-Foto-Principal-Amaury-Sanchez-Danilo-Ginebra-Andres-Pichardo-y-Jose-Gabriel-Perez-.jpg?fit=1200%2C873&ssl=1&resize=700%2C400 2x, https:\/\/i0.wp.com\/casadecampoliving.com\/wp-content\/uploads\/2022\/10\/Tributo-Frank-Sinatra-Foto-Principal-Amaury-Sanchez-Danilo-Ginebra-Andres-Pichardo-y-Jose-Gabriel-Perez-.jpg?fit=1200%2C873&ssl=1&resize=1050%2C600 3x"},"classes":[]},{"id":323289,"url":"https:\/\/casadecampoliving.com\/dominican-republic-rolando-gonzalez-bunster-natural-gas-terminal\/","url_meta":{"origin":343920,"position":1},"title":"This week in the Dominican Republic: Rolando Gonzalez-Bunster breaks ground at new natural gas terminal","author":"Rebecca Silvestri","date":"21 Feb, 2014","format":false,"excerpt":"In this week\u2019s edition of \u201cThis week in the Dominican Republic\u201d we learn about a new natural gas project in San Pedro, the inaugration of 13 new schools this week and a farm project in the Lake Enriquillo area. Work starts on a natural gas terminal in San Pedro A\u2026","rel":"","context":"En \u00abBeyond Casa\u00bb","block_context":{"text":"Beyond Casa","link":"https:\/\/casadecampoliving.com\/category\/beyond-casa\/"},"img":{"alt_text":"rolando gonzalez bunster","src":"https:\/\/i0.wp.com\/casadecampoliving.com\/wp-content\/uploads\/2022\/10\/rolando_gonzalez_bunster-2.jpg?fit=650%2C366&ssl=1&resize=350%2C200","width":350,"height":200,"srcset":"https:\/\/i0.wp.com\/casadecampoliving.com\/wp-content\/uploads\/2022\/10\/rolando_gonzalez_bunster-2.jpg?fit=650%2C366&ssl=1&resize=350%2C200 1x, https:\/\/i0.wp.com\/casadecampoliving.com\/wp-content\/uploads\/2022\/10\/rolando_gonzalez_bunster-2.jpg?fit=650%2C366&ssl=1&resize=525%2C300 1.5x"},"classes":[]},{"id":517981,"url":"https:\/\/casadecampoliving.com\/es\/ahrb-organizara-torneo-de-golf-dedicado-a-rolando-gonzalez-bunster\/","url_meta":{"origin":343920,"position":2},"title":"AHRB organizar\u00e1 torneo de golf dedicado a Rolando Gonz\u00e1lez-Bunster","author":"Casa de Campo Living","date":"18 May, 2023","format":false,"excerpt":"La Asociaci\u00f3n de Hoteles de Romana - Bayah\u00edbe (AHRB) se prepara para celebrar la d\u00e9cima edici\u00f3n del Torneo de Golf de La Romana, dedicado al reconocido empresario Rolando Gonz\u00e1lez Bunster, Presidente y CEO de InterEnergy Group, empresa matriz de CEPM. El torneo reconoce sus importantes contribuciones al turismo y al\u2026","rel":"","context":"En \u00abDeportes\u00bb","block_context":{"text":"Deportes","link":"https:\/\/casadecampoliving.com\/es\/category\/golf-deportes-es\/"},"img":{"alt_text":"","src":"https:\/\/i0.wp.com\/casadecampoliving.com\/wp-content\/uploads\/2023\/05\/ROLANDO-GONZALEZ-BUNSTER.jpg?fit=1200%2C800&ssl=1&resize=350%2C200","width":350,"height":200,"srcset":"https:\/\/i0.wp.com\/casadecampoliving.com\/wp-content\/uploads\/2023\/05\/ROLANDO-GONZALEZ-BUNSTER.jpg?fit=1200%2C800&ssl=1&resize=350%2C200 1x, https:\/\/i0.wp.com\/casadecampoliving.com\/wp-content\/uploads\/2023\/05\/ROLANDO-GONZALEZ-BUNSTER.jpg?fit=1200%2C800&ssl=1&resize=525%2C300 1.5x, https:\/\/i0.wp.com\/casadecampoliving.com\/wp-content\/uploads\/2023\/05\/ROLANDO-GONZALEZ-BUNSTER.jpg?fit=1200%2C800&ssl=1&resize=700%2C400 2x, https:\/\/i0.wp.com\/casadecampoliving.com\/wp-content\/uploads\/2023\/05\/ROLANDO-GONZALEZ-BUNSTER.jpg?fit=1200%2C800&ssl=1&resize=1050%2C600 3x"},"classes":[]},{"id":343732,"url":"https:\/\/casadecampoliving.com\/es\/esta-semana-en-la-republica-dominicana-pacto-de-presupuesto-de-us184-la-economia-crece-41-1-y-estabilidad-electrica\/","url_meta":{"origin":343920,"position":3},"title":"Esta semana en la Rep\u00fablica Dominicana: pacto de presupuesto de US$184 milliones, la econom\u00eda crece 41.1% y estabilidad el\u00e9ctrica","author":"Genesis Perdomo","date":"17 Ene, 2014","format":false,"excerpt":"Esta es nuestra edici\u00f3n de la semana de nuestra nueva columna semanal \u201cEsta semana en La Rep\u00fablica Dominicana\u201d, para esas personas de la comunidad de Casa de Campo quienes quieren saber m\u00e1s all\u00e1 sobre nuestro pedacito de cielo \u2013 aqu\u00ed le traemos un recuento de las noticias m\u00e1s interesantes y\u2026","rel":"","context":"En \u00abCasa de Campo Living @es\u00bb","block_context":{"text":"Casa de Campo Living @es","link":"https:\/\/casadecampoliving.com\/category\/casa-de-campo-living-es\/"},"img":{"alt_text":"","src":"https:\/\/i0.wp.com\/casadecampoliving.com\/wp-content\/uploads\/2022\/10\/macao_dominican_republic-1.jpg?fit=650%2C325&ssl=1&resize=350%2C200","width":350,"height":200,"srcset":"https:\/\/i0.wp.com\/casadecampoliving.com\/wp-content\/uploads\/2022\/10\/macao_dominican_republic-1.jpg?fit=650%2C325&ssl=1&resize=350%2C200 1x, https:\/\/i0.wp.com\/casadecampoliving.com\/wp-content\/uploads\/2022\/10\/macao_dominican_republic-1.jpg?fit=650%2C325&ssl=1&resize=525%2C300 1.5x"},"classes":[]},{"id":343047,"url":"https:\/\/casadecampoliving.com\/es\/todo-sonrisas-mientras-walkabout-realizaba-la-donacion-de-las-sillas-de-ruedas-la-fundacion-mir\/","url_meta":{"origin":343920,"position":4},"title":"Todo sonrisas, mientras Walkabout realizaba la donaci\u00f3n de las sillas de ruedas a la Fundaci\u00f3n MIR","author":"Genesis Perdomo","date":"13 Oct, 2013","format":false,"excerpt":"La Fundaci\u00f3n MIR fue honrada con la visita de la Fundaci\u00f3n Walkabout el jueves 10 de septiembre de esta semana, por recibir la donaci\u00f3n de sillas de ruedas a un n\u00famero de ni\u00f1os y adultos con par\u00e1lisis y otras discapacidades. La Fundaci\u00f3n Walkabout, dirigida por Carolina Gonz\u00e1lez Bunster, cuya familia\u2026","rel":"","context":"En \u00abEstilo de Vida\u00bb","block_context":{"text":"Estilo de Vida","link":"https:\/\/casadecampoliving.com\/es\/category\/estilo-de-vida\/"},"img":{"alt_text":"Carolina Gonzalez-Bunster Walkabout Foundation","src":"https:\/\/i0.wp.com\/casadecampoliving.com\/wp-content\/uploads\/2022\/10\/carolina_gonzalez-bunster_walkabout_foundation3.jpg?fit=650%2C414&ssl=1&resize=350%2C200","width":350,"height":200,"srcset":"https:\/\/i0.wp.com\/casadecampoliving.com\/wp-content\/uploads\/2022\/10\/carolina_gonzalez-bunster_walkabout_foundation3.jpg?fit=650%2C414&ssl=1&resize=350%2C200 1x, https:\/\/i0.wp.com\/casadecampoliving.com\/wp-content\/uploads\/2022\/10\/carolina_gonzalez-bunster_walkabout_foundation3.jpg?fit=650%2C414&ssl=1&resize=525%2C300 1.5x"},"classes":[]},{"id":343960,"url":"https:\/\/casadecampoliving.com\/es\/esta-semana-en-la-republica-dominicana-4\/","url_meta":{"origin":343920,"position":5},"title":"Esta Semana en la Rep\u00fablica Dominicana: Discurso Nacional del Presidente Medina &#038; Marat\u00f3n Caribe\u00f1o 100K","author":"Perkin Agramonte","date":"2 Mar, 2014","format":false,"excerpt":"En esta edici\u00f3n de su columna semanal \u201cEsta Semana en la Rep\u00fablica Dominicana\u201d aprenderemos acerca de las prioridades para el pa\u00eds seg\u00fan el discurso de Danilo Medina, la visita de algunos l\u00edderes empresariales desde Miami, as\u00ed como el Marat\u00f3n del Caribe 100k. Discurso Nacional del Presidente Medina El d\u00eda de\u2026","rel":"","context":"En \u00abCasa de Campo Living @es\u00bb","block_context":{"text":"Casa de Campo Living @es","link":"https:\/\/casadecampoliving.com\/category\/casa-de-campo-living-es\/"},"img":{"alt_text":"president Danilo Medina 27 de febrero 2014","src":"https:\/\/i0.wp.com\/casadecampoliving.com\/wp-content\/uploads\/2022\/10\/president-Danilo-Medina-27-de-febrero-2014-1.jpg?fit=650%2C366&ssl=1&resize=350%2C200","width":350,"height":200,"srcset":"https:\/\/i0.wp.com\/casadecampoliving.com\/wp-content\/uploads\/2022\/10\/president-Danilo-Medina-27-de-febrero-2014-1.jpg?fit=650%2C366&ssl=1&resize=350%2C200 1x, https:\/\/i0.wp.com\/casadecampoliving.com\/wp-content\/uploads\/2022\/10\/president-Danilo-Medina-27-de-febrero-2014-1.jpg?fit=650%2C366&ssl=1&resize=525%2C300 1.5x"},"classes":[]}],"jetpack_sharing_enabled":true,"_links":{"self":[{"href":"https:\/\/casadecampoliving.com\/es\/wp-json\/wp\/v2\/posts\/343920","targetHints":{"allow":["GET"]}}],"collection":[{"href":"https:\/\/casadecampoliving.com\/es\/wp-json\/wp\/v2\/posts"}],"about":[{"href":"https:\/\/casadecampoliving.com\/es\/wp-json\/wp\/v2\/types\/post"}],"author":[{"embeddable":true,"href":"https:\/\/casadecampoliving.com\/es\/wp-json\/wp\/v2\/users\/1097"}],"replies":[{"embeddable":true,"href":"https:\/\/casadecampoliving.com\/es\/wp-json\/wp\/v2\/comments?post=343920"}],"version-history":[{"count":1,"href":"https:\/\/casadecampoliving.com\/es\/wp-json\/wp\/v2\/posts\/343920\/revisions"}],"predecessor-version":[{"id":343921,"href":"https:\/\/casadecampoliving.com\/es\/wp-json\/wp\/v2\/posts\/343920\/revisions\/343921"}],"wp:featuredmedia":[{"embeddable":true,"href":"https:\/\/casadecampoliving.com\/es\/wp-json\/wp\/v2\/media\/266835"}],"wp:attachment":[{"href":"https:\/\/casadecampoliving.com\/es\/wp-json\/wp\/v2\/media?parent=343920"}],"wp:term":[{"taxonomy":"category","embeddable":true,"href":"https:\/\/casadecampoliving.com\/es\/wp-json\/wp\/v2\/categories?post=343920"},{"taxonomy":"post_tag","embeddable":true,"href":"https:\/\/casadecampoliving.com\/es\/wp-json\/wp\/v2\/tags?post=343920"},{"taxonomy":"newspack_spnsrs_tax","embeddable":true,"href":"https:\/\/casadecampoliving.com\/es\/wp-json\/wp\/v2\/newspack_spnsrs_tax?post=343920"}],"curies":[{"name":"wp","href":"https:\/\/api.w.org\/{rel}","templated":true}]}}