{"id":343908,"date":"2014-02-19T00:00:00","date_gmt":"2014-02-19T04:00:00","guid":{"rendered":"https:\/\/casadecampoliving.com\/adopta-una-cuna\/"},"modified":"2022-10-21T18:48:56","modified_gmt":"2022-10-21T22:48:56","slug":"adopta-una-cuna","status":"publish","type":"post","link":"https:\/\/casadecampoliving.com\/es\/adopta-una-cuna\/","title":{"rendered":"\u00bfAdopta Una Cuna?"},"content":{"rendered":"<div class=\"wp-block-image\">\n<figure class=\"aligncenter is-resized\"><img loading=\"lazy\" decoding=\"async\" src=\"https:\/\/i0.wp.com\/casadecampoliving.com\/wp-content\/uploads\/2022\/10\/sala-de-cuna-hogar-del-nino.jpg?resize=650%2C433&amp;ssl=1\" alt=\"sala de cuna hogar del nino\" class=\"wp-image-86175\" height=\"433\" width=\"650\"\/><\/figure>\n<\/div>\n\n\n<p>La \u201cSala de Beb\u00e9s\u201d en el Hogar del Ni\u00f1o, es una sala repleta de extremo a extremo de cunas blancas en madera y mas de 200 infantes en ellas, sin dudas es un lugar muy especial.<\/p>\n\n\n\n<!--more-->\n\n\n<div class=\"wp-block-image\">\n<figure class=\"alignright is-resized\"><img loading=\"lazy\" decoding=\"async\" src=\"https:\/\/i0.wp.com\/casadecampoliving.com\/wp-content\/uploads\/2022\/10\/Candida_Montilla_de_Medina.jpg?resize=300%2C291&amp;ssl=1\" alt=\"Candida Montilla de Medina\" class=\"wp-image-86180\" height=\"291\" width=\"300\"\/><\/figure>\n<\/div>\n\n\n<p>Es un lugar, donde un batall\u00f3n de ni\u00f1eras entrenadas cuidan de estos beb\u00e9s desde las 5:30 am hasta las 7pm, los asean dos veces al d\u00eda y los alimentan 3 \u00f3 4 veces; con la leche donada mensualmente en <a href=\"https:\/\/casadecampoliving.com\/cafe-de-la-leche\/\">los eventos del Caf\u00e9 de la Leche.<\/a><\/p>\n\n\n\n<p>Es el lugar donde la esperanza da sus primeros pasos\u2026 con los a\u00f1os de excelente educaci\u00f3n que tienen por delante en el Hogar del Ni\u00f1o, estos beb\u00e9s representan un brillante y mejor futuro no solo para ellos sino tambi\u00e9n para las generaciones por venir.<\/p>\n\n\n\n<p>Pero todo esto conlleva un costo. Un costo que ha sido cubierto en gran manera por el programa de donaci\u00f3n de Hogar del ni\u00f1o al cual han llamado\u201dAdopte Una Cuna\u201d. Fundada en 1988 por el propietario de villa en Casa de Campo Phyllis Berney, \u201cAdopte Una Cuna\u201d se ha convertido en uno de los principales ingresos del Hogar del Ni\u00f1o, <em><strong>\u201cnos ha ayudado enormemente en desarrollar lo que es hoy en d\u00eda Hogar del Ni\u00f1o, el centro educativo m\u00e1s completo en la Rep\u00fablica Dominicana\u201d<\/strong><\/em>, nos comparti\u00f3 Xiomara Matos, Presidenta de esta causa.<\/p>\n\n\n\n<p>Entonces, \u00bfLe gustar\u00eda Adoptar Una Cuna? Adoptar una cuna requiere una m\u00ednima donaci\u00f3n de US$1,000 por a\u00f1o, una suma que cuando es multiplicada por los cientos de generosos y solidarios propietarios de villas de esta grandiosa comunidad, es el dinero que permite cubrir no solo los gastos que conllevan el d\u00eda a d\u00eda de la escuela y la guarder\u00eda para m\u00e1s de 1,500 ni\u00f1os, sino que se mantiene invirtiendo en los programas de crecimiento para el Hogar del Ni\u00f1o.<\/p>\n\n\n\n<p>Si esta dispuesto a colaborar, por favor contacte hoy mismo con el Hogar del Ni\u00f1o al &nbsp;(809) 523-8901 \/ (809) 556-3181, info@pbo.org.do.<\/p>\n\n\n\n<h3 class=\"wp-block-heading\">La cena Adopte Una Cuna<\/h3>\n\n\n\n<p>Organizada cada a\u00f1o por Xiomara Men\u00e9ndez, fundadora del Patronato Ben\u00e9fico Oriental, junto a su esposo Ram\u00f3n Men\u00e9ndez, la cena de Adopte Una Cuna es una exclusiva ocasi\u00f3n para agradecer a aquellos generosos residentes y due\u00f1os de villas de Casa de Campo, quienes apoyan el programa de donaci\u00f3n \u201cAdopte Una Cuna\u201d.<\/p>\n\n\n\n<p><span style=\"line-height: 1.5em;\">Este a\u00f1o la cena ser\u00e1 celebrada el s\u00e1bado 22 de febrero; as\u00ed que adopte una cuna hoy y esperamos verlo por all\u00e1.<\/span><\/p>\n\n\n\n<blockquote><h3><a href=\"https:\/\/casadecampoliving.com\/es\/xiomara-y-ramon-menendez-organizan-cena-adopta-una-cuna-en-un-magnifico-jardin-japones\/\"><strong>Cena&nbsp;Adopte Una Cuna 2013<\/strong><\/a><\/h3><figure><img decoding=\"async\" loading=\"lazy\" class=\"aligncenter  wp-image-66950\" title=\"ramon menendez\" alt=\"ramon menendez\" src=\"https:\/\/i0.wp.com\/casadecampoliving.com\/wp-content\/uploads\/2022\/10\/ramon_menendez1.jpg?resize=585%2C439&amp;ssl=1\" width=\"585\" height=\"439\"><\/figure><p>No cabe duda de que Xiomara Men\u00e9ndez es una de las grandes damas de Casa de Campo \u2013 y una fabulosa anfitriona. Sin faltar, cada una de las ocasiones celebradas en su villa en el \u00e1rea de Bah\u00eda Minitas de Casa de Campo, es sencillamente espectacular y la reciente cena de \u201cAdopte Una Cuna\u201d no fue la excepci\u00f3n.<\/p><p><a href=\"https:\/\/casadecampoliving.com\/es\/xiomara-y-ramon-menendez-organizan-cena-adopta-una-cuna-en-un-magnifico-jardin-japones\/\"><em><strong>Haga clic aqui para m\u00e1s fotos y la historia completa<\/strong><\/em><\/a><\/p><\/blockquote>\n","protected":false},"excerpt":{"rendered":"<p>La \u201cSala de Beb\u00e9s\u201d en el Hogar del Ni\u00f1o, es una sala repleta de extremo a extremo de cunas blancas en madera y mas de 200 infantes en ellas, sin dudas es un lugar muy especial.<\/p>\n","protected":false},"author":1097,"featured_media":266495,"comment_status":"closed","ping_status":"closed","sticky":false,"template":"","format":"standard","meta":{"newspack_ads_suppress_ads":false,"newspack_popups_has_disabled_popups":false,"newspack_sponsor_sponsorship_scope":"","newspack_sponsor_native_byline_display":"inherit","newspack_sponsor_native_category_display":"inherit","newspack_sponsor_underwriter_style":"inherit","newspack_sponsor_underwriter_placement":"inherit","_newspack_byline_active":false,"_newspack_byline":"","newspack_hide_updated_date":false,"newspack_show_updated_date":false,"newspack_content_restriction_is_exempt":false,"newspack_featured_image_position":"","newspack_post_subtitle":"","newspack_article_summary_title":"Overview:","newspack_article_summary":"","_jetpack_memberships_contains_paid_content":false,"footnotes":"","jetpack_publicize_message":"","jetpack_publicize_feature_enabled":true,"jetpack_social_post_already_shared":false,"jetpack_social_options":{"image_generator_settings":{"template":"highway","default_image_id":0,"font":"","enabled":false},"version":2},"_wpas_customize_per_network":false},"categories":[2524,14631,2522,2514,2516,14625,14627,2521,26822,2526],"tags":[8534,2731,14876,8535,7454],"newspack_spnsrs_tax":[],"class_list":["post-343908","post","type-post","status-publish","format-standard","has-post-thumbnail","hentry","category-destacados","category-estilo-de-vida","category-eventos-es","category-fundaciones-es","category-hogar-del-nino-es","category-noticias-locales","category-proximamente","category-republica-dominicana-2","category-resort-casa-de-campo","category-titulares-es","tag-adopta-una-cuna","tag-cena","tag-hogar-del-nino-es","tag-ramon-menendez-es","tag-xiomara-menendez-es","entry"],"yoast_head":"<!-- This site is optimized with the Yoast SEO plugin v27.5 - https:\/\/yoast.com\/product\/yoast-seo-wordpress\/ -->\n<title>\u00bfAdopta Una Cuna? | Casa de Campo Living<\/title>\n<meta name=\"description\" content=\"La \u201cSala de Beb\u00e9s\u201d en el Hogar del Ni\u00f1o, es una sala repleta de extremo a extremo de cunas blancas en madera y mas de 200 infantes en ellas, sin dudas es\" \/>\n<meta name=\"robots\" content=\"index, follow, max-snippet:-1, max-image-preview:large, max-video-preview:-1\" \/>\n<link rel=\"canonical\" href=\"https:\/\/casadecampoliving.com\/es\/adopta-una-cuna\/\" \/>\n<meta property=\"og:locale\" content=\"es_ES\" \/>\n<meta property=\"og:type\" content=\"article\" \/>\n<meta property=\"og:title\" content=\"\u00bfAdopta Una Cuna? | Casa de Campo Living\" \/>\n<meta property=\"og:description\" content=\"La \u201cSala de Beb\u00e9s\u201d en el Hogar del Ni\u00f1o, es una sala repleta de extremo a extremo de cunas blancas en madera y mas de 200 infantes en ellas, sin dudas es\" \/>\n<meta property=\"og:url\" content=\"https:\/\/casadecampoliving.com\/es\/adopta-una-cuna\/\" \/>\n<meta property=\"og:site_name\" content=\"Casa de Campo Living\" \/>\n<meta property=\"article:publisher\" content=\"https:\/\/www.facebook.com\/casadecampoliving\" \/>\n<meta property=\"article:published_time\" content=\"2014-02-19T04:00:00+00:00\" \/>\n<meta property=\"article:modified_time\" content=\"2022-10-21T22:48:56+00:00\" \/>\n<meta property=\"og:image\" content=\"https:\/\/i0.wp.com\/casadecampoliving.com\/wp-content\/uploads\/2022\/10\/sala-de-cuna-hogar-del-nino-1.jpg?fit=650%2C433&ssl=1\" \/>\n\t<meta property=\"og:image:width\" content=\"650\" \/>\n\t<meta property=\"og:image:height\" content=\"433\" \/>\n\t<meta property=\"og:image:type\" content=\"image\/jpeg\" \/>\n<meta name=\"author\" content=\"Perkin Agramonte\" \/>\n<meta name=\"twitter:card\" content=\"summary_large_image\" \/>\n<meta name=\"twitter:creator\" content=\"@cdcliving\" \/>\n<meta name=\"twitter:site\" content=\"@cdcliving\" \/>\n<meta name=\"twitter:label1\" content=\"Escrito por\" \/>\n\t<meta name=\"twitter:data1\" content=\"Perkin Agramonte\" \/>\n\t<meta name=\"twitter:label2\" content=\"Tiempo de lectura\" \/>\n\t<meta name=\"twitter:data2\" content=\"3 minutos\" \/>\n<script type=\"application\/ld+json\" class=\"yoast-schema-graph\">{\"@context\":\"https:\\\/\\\/schema.org\",\"@graph\":[{\"@type\":\"Article\",\"@id\":\"https:\\\/\\\/casadecampoliving.com\\\/es\\\/adopta-una-cuna\\\/#article\",\"isPartOf\":{\"@id\":\"https:\\\/\\\/casadecampoliving.com\\\/es\\\/adopta-una-cuna\\\/\"},\"author\":{\"name\":\"Perkin Agramonte\",\"@id\":\"https:\\\/\\\/casadecampoliving.com\\\/es\\\/#\\\/schema\\\/person\\\/c8efa6049510554b7d5fea078d728f72\"},\"headline\":\"\u00bfAdopta Una Cuna?\",\"datePublished\":\"2014-02-19T04:00:00+00:00\",\"dateModified\":\"2022-10-21T22:48:56+00:00\",\"mainEntityOfPage\":{\"@id\":\"https:\\\/\\\/casadecampoliving.com\\\/es\\\/adopta-una-cuna\\\/\"},\"wordCount\":508,\"publisher\":{\"@id\":\"https:\\\/\\\/casadecampoliving.com\\\/es\\\/#organization\"},\"image\":{\"@id\":\"https:\\\/\\\/casadecampoliving.com\\\/es\\\/adopta-una-cuna\\\/#primaryimage\"},\"thumbnailUrl\":\"https:\\\/\\\/i0.wp.com\\\/casadecampoliving.com\\\/wp-content\\\/uploads\\\/2022\\\/10\\\/sala-de-cuna-hogar-del-nino-1.jpg?fit=650%2C433&ssl=1\",\"keywords\":[\"Adopta una Cuna\",\"cena\",\"hogar del nino\",\"Ram\u00f3n Menendez @es\",\"xiomara menendez @es\"],\"articleSection\":[\"Destacados\",\"Estilo de Vida\",\"Eventos\",\"Fundaciones\",\"Hogar del Ni\u00f1o @es\",\"Noticias Locales\",\"Proximamente\",\"Rep\u00fablica Dominicana @es\",\"Resort Casa de Campo\",\"Titulares\"],\"inLanguage\":\"es\"},{\"@type\":\"WebPage\",\"@id\":\"https:\\\/\\\/casadecampoliving.com\\\/es\\\/adopta-una-cuna\\\/\",\"url\":\"https:\\\/\\\/casadecampoliving.com\\\/es\\\/adopta-una-cuna\\\/\",\"name\":\"\u00bfAdopta Una Cuna? | Casa de Campo Living\",\"isPartOf\":{\"@id\":\"https:\\\/\\\/casadecampoliving.com\\\/es\\\/#website\"},\"primaryImageOfPage\":{\"@id\":\"https:\\\/\\\/casadecampoliving.com\\\/es\\\/adopta-una-cuna\\\/#primaryimage\"},\"image\":{\"@id\":\"https:\\\/\\\/casadecampoliving.com\\\/es\\\/adopta-una-cuna\\\/#primaryimage\"},\"thumbnailUrl\":\"https:\\\/\\\/i0.wp.com\\\/casadecampoliving.com\\\/wp-content\\\/uploads\\\/2022\\\/10\\\/sala-de-cuna-hogar-del-nino-1.jpg?fit=650%2C433&ssl=1\",\"datePublished\":\"2014-02-19T04:00:00+00:00\",\"dateModified\":\"2022-10-21T22:48:56+00:00\",\"description\":\"La \u201cSala de Beb\u00e9s\u201d en el Hogar del Ni\u00f1o, es una sala repleta de extremo a extremo de cunas blancas en madera y mas de 200 infantes en ellas, sin dudas es\",\"breadcrumb\":{\"@id\":\"https:\\\/\\\/casadecampoliving.com\\\/es\\\/adopta-una-cuna\\\/#breadcrumb\"},\"inLanguage\":\"es\",\"potentialAction\":[{\"@type\":\"ReadAction\",\"target\":[\"https:\\\/\\\/casadecampoliving.com\\\/es\\\/adopta-una-cuna\\\/\"]}]},{\"@type\":\"ImageObject\",\"inLanguage\":\"es\",\"@id\":\"https:\\\/\\\/casadecampoliving.com\\\/es\\\/adopta-una-cuna\\\/#primaryimage\",\"url\":\"https:\\\/\\\/i0.wp.com\\\/casadecampoliving.com\\\/wp-content\\\/uploads\\\/2022\\\/10\\\/sala-de-cuna-hogar-del-nino-1.jpg?fit=650%2C433&ssl=1\",\"contentUrl\":\"https:\\\/\\\/i0.wp.com\\\/casadecampoliving.com\\\/wp-content\\\/uploads\\\/2022\\\/10\\\/sala-de-cuna-hogar-del-nino-1.jpg?fit=650%2C433&ssl=1\",\"width\":650,\"height\":433,\"caption\":\"sala de cuna hogar del nino\"},{\"@type\":\"BreadcrumbList\",\"@id\":\"https:\\\/\\\/casadecampoliving.com\\\/es\\\/adopta-una-cuna\\\/#breadcrumb\",\"itemListElement\":[{\"@type\":\"ListItem\",\"position\":1,\"name\":\"Home\",\"item\":\"https:\\\/\\\/casadecampoliving.com\\\/es\\\/\"},{\"@type\":\"ListItem\",\"position\":2,\"name\":\"\u00bfAdopta Una Cuna?\"}]},{\"@type\":\"WebSite\",\"@id\":\"https:\\\/\\\/casadecampoliving.com\\\/es\\\/#website\",\"url\":\"https:\\\/\\\/casadecampoliving.com\\\/es\\\/\",\"name\":\"Casa de Campo Living\",\"description\":\"Resort community news and resources.\",\"publisher\":{\"@id\":\"https:\\\/\\\/casadecampoliving.com\\\/es\\\/#organization\"},\"potentialAction\":[{\"@type\":\"SearchAction\",\"target\":{\"@type\":\"EntryPoint\",\"urlTemplate\":\"https:\\\/\\\/casadecampoliving.com\\\/es\\\/?s={search_term_string}\"},\"query-input\":{\"@type\":\"PropertyValueSpecification\",\"valueRequired\":true,\"valueName\":\"search_term_string\"}}],\"inLanguage\":\"es\"},{\"@type\":\"Organization\",\"@id\":\"https:\\\/\\\/casadecampoliving.com\\\/es\\\/#organization\",\"name\":\"Casa de Campo Living\",\"url\":\"https:\\\/\\\/casadecampoliving.com\\\/es\\\/\",\"logo\":{\"@type\":\"ImageObject\",\"inLanguage\":\"es\",\"@id\":\"https:\\\/\\\/casadecampoliving.com\\\/es\\\/#\\\/schema\\\/logo\\\/image\\\/\",\"url\":\"https:\\\/\\\/i0.wp.com\\\/casadecampoliving.com\\\/wp-content\\\/uploads\\\/2022\\\/07\\\/CDCLivingLogo_V1-white-sized.png?fit=800%2C214&ssl=1\",\"contentUrl\":\"https:\\\/\\\/i0.wp.com\\\/casadecampoliving.com\\\/wp-content\\\/uploads\\\/2022\\\/07\\\/CDCLivingLogo_V1-white-sized.png?fit=800%2C214&ssl=1\",\"width\":800,\"height\":214,\"caption\":\"Casa de Campo Living\"},\"image\":{\"@id\":\"https:\\\/\\\/casadecampoliving.com\\\/es\\\/#\\\/schema\\\/logo\\\/image\\\/\"},\"sameAs\":[\"https:\\\/\\\/www.facebook.com\\\/casadecampoliving\",\"https:\\\/\\\/x.com\\\/cdcliving\"]},{\"@type\":\"Person\",\"@id\":\"https:\\\/\\\/casadecampoliving.com\\\/es\\\/#\\\/schema\\\/person\\\/c8efa6049510554b7d5fea078d728f72\",\"name\":\"Perkin Agramonte\",\"image\":{\"@type\":\"ImageObject\",\"inLanguage\":\"es\",\"@id\":\"https:\\\/\\\/secure.gravatar.com\\\/avatar\\\/57bfdafcae55fb83dbb79a1585a9eab7f269b7720fb0b64cb9a4e0cd2962fa10?s=96&d=mm&r=g\",\"url\":\"https:\\\/\\\/secure.gravatar.com\\\/avatar\\\/57bfdafcae55fb83dbb79a1585a9eab7f269b7720fb0b64cb9a4e0cd2962fa10?s=96&d=mm&r=g\",\"contentUrl\":\"https:\\\/\\\/secure.gravatar.com\\\/avatar\\\/57bfdafcae55fb83dbb79a1585a9eab7f269b7720fb0b64cb9a4e0cd2962fa10?s=96&d=mm&r=g\",\"caption\":\"Perkin Agramonte\"},\"url\":\"https:\\\/\\\/casadecampoliving.com\\\/es\\\/author\\\/cagramonte\\\/\"}]}<\/script>\n<!-- \/ Yoast SEO plugin. -->","yoast_head_json":{"title":"\u00bfAdopta Una Cuna? | Casa de Campo Living","description":"La \u201cSala de Beb\u00e9s\u201d en el Hogar del Ni\u00f1o, es una sala repleta de extremo a extremo de cunas blancas en madera y mas de 200 infantes en ellas, sin dudas es","robots":{"index":"index","follow":"follow","max-snippet":"max-snippet:-1","max-image-preview":"max-image-preview:large","max-video-preview":"max-video-preview:-1"},"canonical":"https:\/\/casadecampoliving.com\/es\/adopta-una-cuna\/","og_locale":"es_ES","og_type":"article","og_title":"\u00bfAdopta Una Cuna? | Casa de Campo Living","og_description":"La \u201cSala de Beb\u00e9s\u201d en el Hogar del Ni\u00f1o, es una sala repleta de extremo a extremo de cunas blancas en madera y mas de 200 infantes en ellas, sin dudas es","og_url":"https:\/\/casadecampoliving.com\/es\/adopta-una-cuna\/","og_site_name":"Casa de Campo Living","article_publisher":"https:\/\/www.facebook.com\/casadecampoliving","article_published_time":"2014-02-19T04:00:00+00:00","article_modified_time":"2022-10-21T22:48:56+00:00","og_image":[{"width":650,"height":433,"url":"https:\/\/i0.wp.com\/casadecampoliving.com\/wp-content\/uploads\/2022\/10\/sala-de-cuna-hogar-del-nino-1.jpg?fit=650%2C433&ssl=1","type":"image\/jpeg"}],"author":"Perkin Agramonte","twitter_card":"summary_large_image","twitter_creator":"@cdcliving","twitter_site":"@cdcliving","twitter_misc":{"Escrito por":"Perkin Agramonte","Tiempo de lectura":"3 minutos"},"schema":{"@context":"https:\/\/schema.org","@graph":[{"@type":"Article","@id":"https:\/\/casadecampoliving.com\/es\/adopta-una-cuna\/#article","isPartOf":{"@id":"https:\/\/casadecampoliving.com\/es\/adopta-una-cuna\/"},"author":{"name":"Perkin Agramonte","@id":"https:\/\/casadecampoliving.com\/es\/#\/schema\/person\/c8efa6049510554b7d5fea078d728f72"},"headline":"\u00bfAdopta Una Cuna?","datePublished":"2014-02-19T04:00:00+00:00","dateModified":"2022-10-21T22:48:56+00:00","mainEntityOfPage":{"@id":"https:\/\/casadecampoliving.com\/es\/adopta-una-cuna\/"},"wordCount":508,"publisher":{"@id":"https:\/\/casadecampoliving.com\/es\/#organization"},"image":{"@id":"https:\/\/casadecampoliving.com\/es\/adopta-una-cuna\/#primaryimage"},"thumbnailUrl":"https:\/\/i0.wp.com\/casadecampoliving.com\/wp-content\/uploads\/2022\/10\/sala-de-cuna-hogar-del-nino-1.jpg?fit=650%2C433&ssl=1","keywords":["Adopta una Cuna","cena","hogar del nino","Ram\u00f3n Menendez @es","xiomara menendez @es"],"articleSection":["Destacados","Estilo de Vida","Eventos","Fundaciones","Hogar del Ni\u00f1o @es","Noticias Locales","Proximamente","Rep\u00fablica Dominicana @es","Resort Casa de Campo","Titulares"],"inLanguage":"es"},{"@type":"WebPage","@id":"https:\/\/casadecampoliving.com\/es\/adopta-una-cuna\/","url":"https:\/\/casadecampoliving.com\/es\/adopta-una-cuna\/","name":"\u00bfAdopta Una Cuna? | Casa de Campo Living","isPartOf":{"@id":"https:\/\/casadecampoliving.com\/es\/#website"},"primaryImageOfPage":{"@id":"https:\/\/casadecampoliving.com\/es\/adopta-una-cuna\/#primaryimage"},"image":{"@id":"https:\/\/casadecampoliving.com\/es\/adopta-una-cuna\/#primaryimage"},"thumbnailUrl":"https:\/\/i0.wp.com\/casadecampoliving.com\/wp-content\/uploads\/2022\/10\/sala-de-cuna-hogar-del-nino-1.jpg?fit=650%2C433&ssl=1","datePublished":"2014-02-19T04:00:00+00:00","dateModified":"2022-10-21T22:48:56+00:00","description":"La \u201cSala de Beb\u00e9s\u201d en el Hogar del Ni\u00f1o, es una sala repleta de extremo a extremo de cunas blancas en madera y mas de 200 infantes en ellas, sin dudas es","breadcrumb":{"@id":"https:\/\/casadecampoliving.com\/es\/adopta-una-cuna\/#breadcrumb"},"inLanguage":"es","potentialAction":[{"@type":"ReadAction","target":["https:\/\/casadecampoliving.com\/es\/adopta-una-cuna\/"]}]},{"@type":"ImageObject","inLanguage":"es","@id":"https:\/\/casadecampoliving.com\/es\/adopta-una-cuna\/#primaryimage","url":"https:\/\/i0.wp.com\/casadecampoliving.com\/wp-content\/uploads\/2022\/10\/sala-de-cuna-hogar-del-nino-1.jpg?fit=650%2C433&ssl=1","contentUrl":"https:\/\/i0.wp.com\/casadecampoliving.com\/wp-content\/uploads\/2022\/10\/sala-de-cuna-hogar-del-nino-1.jpg?fit=650%2C433&ssl=1","width":650,"height":433,"caption":"sala de cuna hogar del nino"},{"@type":"BreadcrumbList","@id":"https:\/\/casadecampoliving.com\/es\/adopta-una-cuna\/#breadcrumb","itemListElement":[{"@type":"ListItem","position":1,"name":"Home","item":"https:\/\/casadecampoliving.com\/es\/"},{"@type":"ListItem","position":2,"name":"\u00bfAdopta Una Cuna?"}]},{"@type":"WebSite","@id":"https:\/\/casadecampoliving.com\/es\/#website","url":"https:\/\/casadecampoliving.com\/es\/","name":"Casa de Campo Living","description":"Resort community news and resources.","publisher":{"@id":"https:\/\/casadecampoliving.com\/es\/#organization"},"potentialAction":[{"@type":"SearchAction","target":{"@type":"EntryPoint","urlTemplate":"https:\/\/casadecampoliving.com\/es\/?s={search_term_string}"},"query-input":{"@type":"PropertyValueSpecification","valueRequired":true,"valueName":"search_term_string"}}],"inLanguage":"es"},{"@type":"Organization","@id":"https:\/\/casadecampoliving.com\/es\/#organization","name":"Casa de Campo Living","url":"https:\/\/casadecampoliving.com\/es\/","logo":{"@type":"ImageObject","inLanguage":"es","@id":"https:\/\/casadecampoliving.com\/es\/#\/schema\/logo\/image\/","url":"https:\/\/i0.wp.com\/casadecampoliving.com\/wp-content\/uploads\/2022\/07\/CDCLivingLogo_V1-white-sized.png?fit=800%2C214&ssl=1","contentUrl":"https:\/\/i0.wp.com\/casadecampoliving.com\/wp-content\/uploads\/2022\/07\/CDCLivingLogo_V1-white-sized.png?fit=800%2C214&ssl=1","width":800,"height":214,"caption":"Casa de Campo Living"},"image":{"@id":"https:\/\/casadecampoliving.com\/es\/#\/schema\/logo\/image\/"},"sameAs":["https:\/\/www.facebook.com\/casadecampoliving","https:\/\/x.com\/cdcliving"]},{"@type":"Person","@id":"https:\/\/casadecampoliving.com\/es\/#\/schema\/person\/c8efa6049510554b7d5fea078d728f72","name":"Perkin Agramonte","image":{"@type":"ImageObject","inLanguage":"es","@id":"https:\/\/secure.gravatar.com\/avatar\/57bfdafcae55fb83dbb79a1585a9eab7f269b7720fb0b64cb9a4e0cd2962fa10?s=96&d=mm&r=g","url":"https:\/\/secure.gravatar.com\/avatar\/57bfdafcae55fb83dbb79a1585a9eab7f269b7720fb0b64cb9a4e0cd2962fa10?s=96&d=mm&r=g","contentUrl":"https:\/\/secure.gravatar.com\/avatar\/57bfdafcae55fb83dbb79a1585a9eab7f269b7720fb0b64cb9a4e0cd2962fa10?s=96&d=mm&r=g","caption":"Perkin Agramonte"},"url":"https:\/\/casadecampoliving.com\/es\/author\/cagramonte\/"}]}},"parsely":{"version":"1.1.0","canonical_url":"https:\/\/casadecampoliving.com\/es\/adopta-una-cuna\/","smart_links":{"inbound":0,"outbound":0},"traffic_boost_suggestions_count":0,"meta":{"@context":"https:\/\/schema.org","@type":"NewsArticle","headline":"\u00bfAdopta Una Cuna?","url":"http:\/\/casadecampoliving.com\/es\/adopta-una-cuna\/","mainEntityOfPage":{"@type":"WebPage","@id":"http:\/\/casadecampoliving.com\/es\/adopta-una-cuna\/"},"thumbnailUrl":"https:\/\/i0.wp.com\/casadecampoliving.com\/wp-content\/uploads\/2022\/10\/sala-de-cuna-hogar-del-nino-1.jpg?resize=150%2C150&ssl=1","image":{"@type":"ImageObject","url":"https:\/\/i0.wp.com\/casadecampoliving.com\/wp-content\/uploads\/2022\/10\/sala-de-cuna-hogar-del-nino-1.jpg?fit=650%2C433&ssl=1"},"articleSection":"Destacados","author":[{"@type":"Person","name":"Perkin Agramonte"}],"creator":["Perkin Agramonte"],"publisher":{"@type":"Organization","name":"Casa de Campo Living","logo":"https:\/\/casadecampoliving.com\/wp-content\/uploads\/2022\/07\/CDCLivingLogo_V1-white-sized.png"},"keywords":["adopta una cuna","cena","hogar del nino","ram\u00f3n menendez @es","xiomara menendez @es"],"dateCreated":"2014-02-19T04:00:00Z","datePublished":"2014-02-19T04:00:00Z","dateModified":"2022-10-21T22:48:56Z"},"rendered":"<script type=\"application\/ld+json\" class=\"wp-parsely-metadata\">{\"@context\":\"https:\\\/\\\/schema.org\",\"@type\":\"NewsArticle\",\"headline\":\"\\u00bfAdopta Una Cuna?\",\"url\":\"http:\\\/\\\/casadecampoliving.com\\\/es\\\/adopta-una-cuna\\\/\",\"mainEntityOfPage\":{\"@type\":\"WebPage\",\"@id\":\"http:\\\/\\\/casadecampoliving.com\\\/es\\\/adopta-una-cuna\\\/\"},\"thumbnailUrl\":\"https:\\\/\\\/i0.wp.com\\\/casadecampoliving.com\\\/wp-content\\\/uploads\\\/2022\\\/10\\\/sala-de-cuna-hogar-del-nino-1.jpg?resize=150%2C150&ssl=1\",\"image\":{\"@type\":\"ImageObject\",\"url\":\"https:\\\/\\\/i0.wp.com\\\/casadecampoliving.com\\\/wp-content\\\/uploads\\\/2022\\\/10\\\/sala-de-cuna-hogar-del-nino-1.jpg?fit=650%2C433&ssl=1\"},\"articleSection\":\"Destacados\",\"author\":[{\"@type\":\"Person\",\"name\":\"Perkin Agramonte\"}],\"creator\":[\"Perkin Agramonte\"],\"publisher\":{\"@type\":\"Organization\",\"name\":\"Casa de Campo Living\",\"logo\":\"https:\\\/\\\/casadecampoliving.com\\\/wp-content\\\/uploads\\\/2022\\\/07\\\/CDCLivingLogo_V1-white-sized.png\"},\"keywords\":[\"adopta una cuna\",\"cena\",\"hogar del nino\",\"ram\\u00f3n menendez @es\",\"xiomara menendez @es\"],\"dateCreated\":\"2014-02-19T04:00:00Z\",\"datePublished\":\"2014-02-19T04:00:00Z\",\"dateModified\":\"2022-10-21T22:48:56Z\"}<\/script>","tracker_url":"https:\/\/cdn.parsely.com\/keys\/casadecampoliving.com\/p.js"},"jetpack_publicize_connections":[],"jetpack_featured_media_url":"https:\/\/i0.wp.com\/casadecampoliving.com\/wp-content\/uploads\/2022\/10\/sala-de-cuna-hogar-del-nino-1.jpg?fit=650%2C433&ssl=1","jetpack-related-posts":[{"id":340851,"url":"https:\/\/casadecampoliving.com\/es\/xiomara-y-ramon-menendez-organizan-cena-adopta-una-cuna-en-un-magnifico-jardin-japones\/","url_meta":{"origin":343908,"position":0},"title":"Xiomara y Ram\u00f3n Men\u00e9ndez organizan cena \u00abAdopta una Cuna\u00bb en un magn\u00edfico jard\u00edn japon\u00e9s!","author":"","date":"22 Mar, 2013","format":false,"excerpt":"No cabe duda de que Xiomara Men\u00e9ndez es una de las grandes damas de Casa de Campo - y una fabulosa anfitriona. Sin faltar, cada una de las ocasiones celebradas en su villa en el \u00e1rea de Bah\u00eda Minitas de Casa de Campo, es sencillamente espectacular y la reciente cena\u2026","rel":"","context":"En \u00abTitulares\u00bb","block_context":{"text":"Titulares","link":"https:\/\/casadecampoliving.com\/es\/category\/titulares-es\/"},"img":{"alt_text":"ramon menendez","src":"https:\/\/i0.wp.com\/casadecampoliving.com\/wp-content\/uploads\/2022\/10\/ramon_menendez1-1.jpg?fit=650%2C488&ssl=1&resize=350%2C200","width":350,"height":200,"srcset":"https:\/\/i0.wp.com\/casadecampoliving.com\/wp-content\/uploads\/2022\/10\/ramon_menendez1-1.jpg?fit=650%2C488&ssl=1&resize=350%2C200 1x, https:\/\/i0.wp.com\/casadecampoliving.com\/wp-content\/uploads\/2022\/10\/ramon_menendez1-1.jpg?fit=650%2C488&ssl=1&resize=525%2C300 1.5x"},"classes":[]},{"id":354295,"url":"https:\/\/casadecampoliving.com\/es\/el-hogar-del-nino-organiza-una-hermosa-velada-para-celebrar-su-programa-adopta-una-cuna\/","url_meta":{"origin":343908,"position":1},"title":"El Hogar del Ni\u00f1o organiza una hermosa velada para celebrar su programa \u201cAdopta una Cuna\u201d","author":"Casa de Campo Living","date":"23 Feb, 2022","format":false,"excerpt":"El viernes 18 de febrero se llev\u00f3 a cabo una maravillosa velada en el Minitas Beach Club para celebrar los fondos recaudados a lo largo del a\u00f1o para el Hogar del Ni\u00f1o que ayudar\u00e1n a la organizaci\u00f3n a continuar brindando educaci\u00f3n y atenci\u00f3n a cientos de ni\u00f1os en La Romana.\u2026","rel":"","context":"En \u00abCasa de Campo Living @es\u00bb","block_context":{"text":"Casa de Campo Living @es","link":"https:\/\/casadecampoliving.com\/category\/casa-de-campo-living-es\/"},"img":{"alt_text":"","src":"https:\/\/i0.wp.com\/casadecampoliving.com\/wp-content\/uploads\/2022\/10\/DSC_3500Bdc-1.jpg?fit=1000%2C665&ssl=1&resize=350%2C200","width":350,"height":200,"srcset":"https:\/\/i0.wp.com\/casadecampoliving.com\/wp-content\/uploads\/2022\/10\/DSC_3500Bdc-1.jpg?fit=1000%2C665&ssl=1&resize=350%2C200 1x, https:\/\/i0.wp.com\/casadecampoliving.com\/wp-content\/uploads\/2022\/10\/DSC_3500Bdc-1.jpg?fit=1000%2C665&ssl=1&resize=525%2C300 1.5x, https:\/\/i0.wp.com\/casadecampoliving.com\/wp-content\/uploads\/2022\/10\/DSC_3500Bdc-1.jpg?fit=1000%2C665&ssl=1&resize=700%2C400 2x"},"classes":[]},{"id":351218,"url":"https:\/\/casadecampoliving.com\/es\/hogar-del-nino-agradece-a-sus-patrocinadores-de-adopta-una-cuna\/","url_meta":{"origin":343908,"position":2},"title":"El Hogar del Ni\u00f1o agradece a sus patrocinadores de Adopta una Cuna y celebra el testimonio de un exitoso graduado","author":"Marlenys Guzm\u00e1n Casta\u00f1os","date":"6 Mar, 2017","format":false,"excerpt":"Bajo una carpa, los hu\u00e9spedes de Xiomara y Ram\u00f3n \"Papo\" Men\u00e9ndez se sentaron a cenar en la hermosa villa de Bahia Minitas en Casa de Campo, donde los anfitriones una vez m\u00e1s honraron a los patrocinadores del programa Adopta una Cuna del Hogar del Ni\u00f1o. Una de las tres entidades\u2026","rel":"","context":"En \u00abEventos\u00bb","block_context":{"text":"Eventos","link":"https:\/\/casadecampoliving.com\/es\/category\/eventos-es\/"},"img":{"alt_text":"Adopt a Crib 2017","src":"https:\/\/i0.wp.com\/casadecampoliving.com\/wp-content\/uploads\/2022\/10\/DSC_4754.jpg?fit=1000%2C662&ssl=1&resize=350%2C200","width":350,"height":200,"srcset":"https:\/\/i0.wp.com\/casadecampoliving.com\/wp-content\/uploads\/2022\/10\/DSC_4754.jpg?fit=1000%2C662&ssl=1&resize=350%2C200 1x, https:\/\/i0.wp.com\/casadecampoliving.com\/wp-content\/uploads\/2022\/10\/DSC_4754.jpg?fit=1000%2C662&ssl=1&resize=525%2C300 1.5x, https:\/\/i0.wp.com\/casadecampoliving.com\/wp-content\/uploads\/2022\/10\/DSC_4754.jpg?fit=1000%2C662&ssl=1&resize=700%2C400 2x"},"classes":[]},{"id":515474,"url":"https:\/\/casadecampoliving.com\/es\/celebrando-la-generosidad-y-la-unidad-en-la-cena-adopta-una-cuna-en-minitas-beach-club\/","url_meta":{"origin":343908,"position":3},"title":"Celebrando la generosidad y la unidad en la cena Adopta una Cuna en Minitas Beach Club","author":"Casa de Campo Living","date":"27 Feb, 2023","format":false,"excerpt":"Una noche incre\u00edble tuvo lugar en Minitas Beach Club el viernes 24 de febrero para celebrar los fondos anuales recaudados para la organizaci\u00f3n Hogar del Ni\u00f1o. El evento se llev\u00f3 a cabo para reconocer las generosas donaciones realizadas por los residentes y propietarios de villas de Casa de Campo hacia\u2026","rel":"","context":"En \u00abUncategorized @es\u00bb","block_context":{"text":"Uncategorized @es","link":"https:\/\/casadecampoliving.com\/es\/category\/uncategorized-es\/"},"img":{"alt_text":"","src":"https:\/\/i0.wp.com\/casadecampoliving.com\/wp-content\/uploads\/2023\/03\/DSC07193.jpeg?fit=1200%2C800&ssl=1&resize=350%2C200","width":350,"height":200,"srcset":"https:\/\/i0.wp.com\/casadecampoliving.com\/wp-content\/uploads\/2023\/03\/DSC07193.jpeg?fit=1200%2C800&ssl=1&resize=350%2C200 1x, https:\/\/i0.wp.com\/casadecampoliving.com\/wp-content\/uploads\/2023\/03\/DSC07193.jpeg?fit=1200%2C800&ssl=1&resize=525%2C300 1.5x, https:\/\/i0.wp.com\/casadecampoliving.com\/wp-content\/uploads\/2023\/03\/DSC07193.jpeg?fit=1200%2C800&ssl=1&resize=700%2C400 2x, https:\/\/i0.wp.com\/casadecampoliving.com\/wp-content\/uploads\/2023\/03\/DSC07193.jpeg?fit=1200%2C800&ssl=1&resize=1050%2C600 3x"},"classes":[]},{"id":352459,"url":"https:\/\/casadecampoliving.com\/es\/adopt-crib-celebro-el-exito-de-los-esfuerzos-de-recoleccion-de-fondos-del-ano-pasado-para-el-hogar-del-nino\/","url_meta":{"origin":343908,"position":4},"title":"La cena Adopt A Crib celebr\u00f3 el \u00e9xito de los esfuerzos de recolecci\u00f3n de fondos del a\u00f1o pasado para el Hogar del NI\u00f1o","author":"Marlenys Guzm\u00e1n Casta\u00f1os","date":"19 Feb, 2018","format":false,"excerpt":"El s\u00e1bado 10 de febrero se realiz\u00f3 una maravillosa celebraci\u00f3n en la villa Casa de Campo de Xiomara y Ram\u00f3n \"Papo\" Men\u00e9ndez, la cena Adopt a Crib se realiz\u00f3 en celebraci\u00f3n del \u00e9xito de los esfuerzos de recaudaci\u00f3n de fondos a lo largo del a\u00f1o para el Hogar del Ni\u00f1o\u2026","rel":"","context":"En \u00abRep\u00fablica Dominicana @es\u00bb","block_context":{"text":"Rep\u00fablica Dominicana @es","link":"https:\/\/casadecampoliving.com\/es\/category\/republica-dominicana-2\/"},"img":{"alt_text":"DSC_1151","src":"https:\/\/i0.wp.com\/casadecampoliving.com\/wp-content\/uploads\/2022\/10\/DSC_1151.jpg?resize=350%2C200","width":350,"height":200,"srcset":"https:\/\/i0.wp.com\/casadecampoliving.com\/wp-content\/uploads\/2022\/10\/DSC_1151.jpg?resize=350%2C200 1x, https:\/\/i0.wp.com\/casadecampoliving.com\/wp-content\/uploads\/2022\/10\/DSC_1151.jpg?resize=525%2C300 1.5x, https:\/\/i0.wp.com\/casadecampoliving.com\/wp-content\/uploads\/2022\/10\/DSC_1151.jpg?resize=700%2C400 2x"},"classes":[]},{"id":338530,"url":"https:\/\/casadecampoliving.com\/es\/el-hogar-del-nino-celebra-una-tematica-cena-arabe-para-el-programa-adopta-una-cuna\/","url_meta":{"origin":343908,"position":5},"title":"El Hogar del Ni\u00f1o celebra una tem\u00e1tica cena \u00e1rabe, para el programa \u00abAdopta Una Cuna\u00bb","author":"","date":"12 Mar, 2012","format":false,"excerpt":"El pasado \"fin de semana largo\" del 25 al 27 de febrero, una serie de eventos fueron realizados en Casa de Campo; unos culturales, como lo fue el \"Carnaval de la Marina\", el d\u00eda de la Independencia Dominicana o bien una espectacular \"Noche Sevillana\" realizada en el restaurante La Casita,\u2026","rel":"","context":"En \u00abEventos\u00bb","block_context":{"text":"Eventos","link":"https:\/\/casadecampoliving.com\/es\/category\/eventos-es\/"},"img":{"alt_text":"casa de campo cena","src":"https:\/\/i0.wp.com\/casadecampoliving.com\/wp-content\/uploads\/2022\/10\/casa_de_campo_cena-1.jpg?fit=650%2C488&ssl=1&resize=350%2C200","width":350,"height":200,"srcset":"https:\/\/i0.wp.com\/casadecampoliving.com\/wp-content\/uploads\/2022\/10\/casa_de_campo_cena-1.jpg?fit=650%2C488&ssl=1&resize=350%2C200 1x, https:\/\/i0.wp.com\/casadecampoliving.com\/wp-content\/uploads\/2022\/10\/casa_de_campo_cena-1.jpg?fit=650%2C488&ssl=1&resize=525%2C300 1.5x"},"classes":[]}],"jetpack_sharing_enabled":true,"_links":{"self":[{"href":"https:\/\/casadecampoliving.com\/es\/wp-json\/wp\/v2\/posts\/343908","targetHints":{"allow":["GET"]}}],"collection":[{"href":"https:\/\/casadecampoliving.com\/es\/wp-json\/wp\/v2\/posts"}],"about":[{"href":"https:\/\/casadecampoliving.com\/es\/wp-json\/wp\/v2\/types\/post"}],"author":[{"embeddable":true,"href":"https:\/\/casadecampoliving.com\/es\/wp-json\/wp\/v2\/users\/1097"}],"replies":[{"embeddable":true,"href":"https:\/\/casadecampoliving.com\/es\/wp-json\/wp\/v2\/comments?post=343908"}],"version-history":[{"count":1,"href":"https:\/\/casadecampoliving.com\/es\/wp-json\/wp\/v2\/posts\/343908\/revisions"}],"predecessor-version":[{"id":343909,"href":"https:\/\/casadecampoliving.com\/es\/wp-json\/wp\/v2\/posts\/343908\/revisions\/343909"}],"wp:featuredmedia":[{"embeddable":true,"href":"https:\/\/casadecampoliving.com\/es\/wp-json\/wp\/v2\/media\/266495"}],"wp:attachment":[{"href":"https:\/\/casadecampoliving.com\/es\/wp-json\/wp\/v2\/media?parent=343908"}],"wp:term":[{"taxonomy":"category","embeddable":true,"href":"https:\/\/casadecampoliving.com\/es\/wp-json\/wp\/v2\/categories?post=343908"},{"taxonomy":"post_tag","embeddable":true,"href":"https:\/\/casadecampoliving.com\/es\/wp-json\/wp\/v2\/tags?post=343908"},{"taxonomy":"newspack_spnsrs_tax","embeddable":true,"href":"https:\/\/casadecampoliving.com\/es\/wp-json\/wp\/v2\/newspack_spnsrs_tax?post=343908"}],"curies":[{"name":"wp","href":"https:\/\/api.w.org\/{rel}","templated":true}]}}